{"id":57858,"date":"2023-04-22T09:37:38","date_gmt":"2023-04-22T07:37:38","guid":{"rendered":"https:\/\/buletin.de\/bucuresti\/?p=57858"},"modified":"2023-04-22T09:37:39","modified_gmt":"2023-04-22T07:37:39","slug":"primaria-sectorului-2-lanseaza-strategia-de-dezvoltare-pe-urmatorii-patru-ani-ce-s-a-intamplat-cu-strategiile-trecute","status":"publish","type":"post","link":"https:\/\/buletin.de\/bucuresti\/primaria-sectorului-2-lanseaza-strategia-de-dezvoltare-pe-urmatorii-patru-ani-ce-s-a-intamplat-cu-strategiile-trecute\/","title":{"rendered":"Prim\u0103ria Sectorului 2 lanseaz\u0103 Strategia de Dezvoltare pe urm\u0103torii patru ani. Ce s-a \u00eent\u00e2mplat cu strategiile trecute"},"content":{"rendered":"\n<p>Prim\u0103ria Sectorului 2 a aprobat Programul de Dezvoltare Locat\u0103 Integrat\u0103 \u0219i Durabil\u0103 pentru perioada 2021-2027, o actualizare a vechiului program din perioada 2016-2025. De\u0219i vechia strategie era \u00een curs de desf\u0103\u0219urare, un procent mic din num\u0103rul total de proiecte propuse \u00een programul anterior au fost implementate sau sunt \u00een curs de realizare.<\/p>\n\n\n\n<p>Strategia de Dezvoltare Locala Integrata \u0219i Durabila a Sectorului 2 pentru perioada 2016-2025 a avut 5 obiective:<\/p>\n\n\n\n<ul class=\"wp-block-list\"><li>O1- locuire, servicii \u0219i culturi adaptate unei comunt\u0103\u021bi \u0219i active si implicate<\/li><li>O2- Sector cu atractivitate crescuti pentru for\u021ba de munc\u0103 \u0219i companii<\/li><li>O3- Infrastructura urban\u0103 adaptat\u0103 la nevoile actuale \u0219i viitoare<\/li><li>O4- Sector 2 &#8211; model de dezvoltare sistem albastru-verde<\/li><li>O5- Administra\u021bie public\u0103 performant\u0103<\/li><\/ul>\n\n\n\n<p><\/p>\n\n\n\n<p>Obiectivul 1 general propune m\u0103suri \u0219i investi\u021bii prin 132 de proiecte, ce au un buget total de 224 milioane de euro. 8,1% dintre aceste proiecte au fost implementate, 23,6% in curs de implementare si 68,2% proiecte neimplementate. Proiectele implementate au avut un buget de 33 milioane de lei, respective 3,4% din bugetul total alocat obiectivului 1.<\/p>\n\n\n\n<p>Proiectele finalizate \u00een cadrul obiectivului general 1 au fost:<\/p>\n\n\n\n<ul class=\"wp-block-list\"><li>Eficientizarea energetic\u0103, prin reabilitare\/ modernizare a Liceutui Teoretic Lucian Blaga;<\/li><li>Consolidare \u0219i reabilitare Gr\u0103dini\u021ba \u201eAlbinu\u021ba\u201d (fosta Gr\u0103dini\u021b\u0103 nr. 253)<\/li><li>Consolidare \u0219i reabilitare Gr\u0103dini\u021ba nr. 134;<\/li><li>Construc\u021bie cre\u0219\u0103 \u00een cartierul Tei;<\/li><li>Construc\u021bie cre\u0219\u0103 \u00een zona Colentina;<\/li><li>Implementarea standardelor de calitate \u00een serviciile de protec\u021bie special\u0103 \u00een regim de urgen\u021b\u0103 prin reabilitarea \u0219i modernizarea CPRU Cire\u0219arii;<\/li><li>Modernizarea \u0219i reabilttarea centrului de zi \u201ePinocchio\u201d;<\/li><li>Reabilitarea \u0219i modernizarea unit\u0103\u021bilor reziden\u021biale de tip familial \u0219i a unei case de tip familial;<\/li><li>Reabilitarea, modernizarea \u0219i dotarea centrului de servicii pentru copii cu dizabilit\u0103\u021bi din str. Traian nr. 144;<\/li><li>Proiect con\u0219tientizare popula\u021bie cu privire la riscul seismic;<\/li><li>Elaborarea \u0219i implementarea unei agende culturale multianuale a Sectorului 2;<\/li><li>Stabilirea de parteneriate cu institu\u021biile culturale pentru organizarea de evenimente \u00een aer liber (piese de teatru, expozi\u021bii, ateliere de crea\u021bie).<\/li><\/ul>\n\n\n\n<p><\/p>\n\n\n\n<p>\u00cen cadrul Obiectivului general 1-Locuire, servicii \u0219i cultur\u0103, 35 de proiecte sunt \u00een momentul actual \u00een curs de implementare. 80% dintre acestea prev\u0103d investi\u021bii \u00een \u00eembun\u0103t\u0103\u021birea, modernizarea, reabilitarea sau extinderea infrastructurii de \u00eenv\u0103\u021b\u0103m\u00e2nt, iar restul au la baz\u0103 investi\u021bii \u00een \u00eembun\u0103t\u0103\u021birea serviciilor \u0219i infrastructurii sociale.<\/p>\n\n\n\n<p><\/p>\n\n\n\n<p>\u00cen cadrul Obiectivului general 2, cel al dezvolt\u0103rii mediului de afaceri la nivelul Sectorului 2, au fost propuse 19 proiecte ce aveau \u00een vedere crearea de noi locuri de munc\u0103, cre\u0219terea nivelului de trai al locuitorilor \u0219i sporirea veniturilor la bugetul local. Din totalul proiectelor prev\u0103zute \u00een cadrul portofoliului, 10,5% dintre acestea (2 proiecte) au fost implementate, iar despre restul de 89,5% nu exista suficiente informa\u021bii care s\u0103 arate c\u0103 au fost finalizate sau sunt \u00een curs de implementare.<\/p>\n\n\n\n<p>Cele dou\u0103 proiecte finalizate din cadrul Obiectivului general 2 sunt:<\/p>\n\n\n\n<ul class=\"wp-block-list\"><li>Organizarea unor t\u00e2rguri de joburi, evenimente \u00een cadrul c\u0103rora s\u0103 fie promovate ofertele de munc\u0103, precum \u0219i instrumentele disponibile pentru g\u0103sirea unui Ioc de munc\u0103;<\/li><li>Dezvoltarea de programe \u00een parteneriat cu unit\u0103\u021bile de \u00eenv\u0103\u021b\u0103m\u00e2nt \u00een vederea sus\u021binerii particip\u0103rii la educa\u021bie.<\/li><\/ul>\n\n\n\n<p>Bugetul total estimat al acestor proiecte este de 886.000 de mii de lei, respectiv 0,8% din bugetul total alocat acestui obiectiv.<\/p>\n\n\n\n<p><\/p>\n\n\n\n<p>\u00cen cadrul Obiectivului general 3- Infrastructur\u0103 urban\u0103 adaptat\u0103 la nevoile actuale \u0219i viitoare, patru proiecte, respectiv 6,5% din num\u0103rul total, au fost implementate, iar 22,6% sunt \u00een proces de realizare. Av\u00e2nd un buget total de 597 milioane de lei, proiectele implementate sunt:<\/p>\n\n\n\n<ul class=\"wp-block-list\"><li>Extindere \u0219i modernizare str. \u0218tiucii;<\/li><li>L\u0103rgire str. Fabrica de Glucoz\u0103;<\/li><li>Reconfigurare str. Gherghi\u021bei;<\/li><li>Racordare str. Fabrica de Glucoz\u0103 cu ultimul tronson din A3.<\/li><\/ul>\n\n\n\n<p><\/p>\n\n\n\n<p>Obiectivul 4- Model de dezvoltare sistemul albastru-verde, a propus 37 de proiecte, cu un buget de 353 milioane de lei, respectiv 79 milioane de euro. Prin acest obiectiv se urm\u0103re\u0219te crearea unui sistem care s\u0103 consolideze re\u021beaua de spa\u021bii verzi \u0219i baze sportive \u0219i de agrement existente pe teritoriul sectorului.<\/p>\n\n\n\n<p>P\u00e2n\u0103 \u00een acest moment au fost implementate 2 proiecte (5,4% din totalul proiectelor propuse \u00een cadrul strategiei), iar 12 se afl\u0103 \u00een curs de implelemtare (32,4% din total). Proiectele implementate sunt:<\/p>\n\n\n\n<ul class=\"wp-block-list\"><li>Realizare axa verde Arena Nalionali &#8211; Parcul Florilor &#8211; Parcul Morarilor &#8211; Parcul Sticl\u0103riei.<\/li><\/ul>\n\n\n\n<ul class=\"wp-block-list\"><li>Reabilitare Parcul Sticl\u0103riei &#8211; parc ecologic;<\/li><\/ul>\n\n\n\n<p><\/p>\n\n\n\n<p>Obiectivul 5 \u2013 Administra\u021bie Public\u0103 Performant\u0103, propune m\u0103suri \u0219i investi\u021bii pentru 45 de proiecte, ce au un buget alocat de 41 milioane de lei, respectiv 9 milioane de euro.<\/p>\n\n\n\n<p>22,2% din num\u0103rul total de proiecte, mai exact 10, au fost implementate, iar 7 sunt \u00een curs de desf\u0103\u0219urare (15,6% din total).<br>Proiectele implementate sunt:<\/p>\n\n\n\n<ul class=\"wp-block-list\"><li>Realizarea \u0219i implementarea unui plan de perfec\u021bionare continu\u0103 a salaria\u021bilor, prin cursuri.<\/li><\/ul>\n\n\n\n<ul class=\"wp-block-list\"><li>Participarea angaja\u021bilor Ia un curs de formare pentru coordonarea \u0219i managementul proceselor \u0219i implicarea cet\u0103\u021benilor;<\/li><\/ul>\n\n\n\n<ul class=\"wp-block-list\"><li>Proiect complex de cre\u0219terea competen\u021belor autorit\u0103\u021bilor publice locale \u00een dezvoltarea serviciilor sociale \u0219i de economie social\u0103 \u00een comunitate, prin formarea de personal \u0219i schimb de experien\u021b\u0103 interna\u021bional;<\/li><\/ul>\n\n\n\n<ul class=\"wp-block-list\"><li>Implementarea \u0219i promovarea modalit\u0103\u021bilor disponibile de plat\u0103 de la distan\u021b\u0103 a impozitelor \u0219i taxelor locale \u00een r\u00e2ndul contribuabililor;<\/li><\/ul>\n\n\n\n<ul class=\"wp-block-list\"><li>Informatizarea serviciului DGASPC Sector 2, inclusiv baz\u0103 de date unic\u0103 pentru to\u021bi beneficiarii de servicii \u0219i presta\u021bii sociale;<\/li><\/ul>\n\n\n\n<ul class=\"wp-block-list\"><li>Informatizarea st\u0103rii civile;<\/li><\/ul>\n\n\n\n<ul class=\"wp-block-list\"><li>Reabilitarea termica a sediului Direc\u021biei Publice de Eviden\u021b\u0103 Persoane \u0219i Stare Civil\u0103 Sector 2 Bucure\u0219ti din strada Olari nr. 19;<\/li><\/ul>\n\n\n\n<ul class=\"wp-block-list\"><li>Stagii de practic\u0103 pentru studen\u021bi \u00een administra\u021bie public\u0103;<\/li><li>Servicii de scanare \u0219i arhivare fizic\u0103\/electronic\u0103 a documentelor din arhiva istoric\u0103 a CTV S2;<\/li><li>Introducerea semn\u0103turii digitale \u00een cadrul direc\u021biilor prim\u0103riei.<br><br>Surs\u0103 foto: Pagina de Facebook Prim\u0103ria Sectorului 2<\/li><\/ul>\n","protected":false},"excerpt":{"rendered":"<p>Prim\u0103ria Sectorului 2 a aprobat Programul de Dezvoltare Locat\u0103 Integrat\u0103 \u0219i Durabil\u0103 pentru perioada 2021-2027, o actualizare a vechiului program din perioada 2016-2025. De\u0219i vechia strategie era \u00een curs de desf\u0103\u0219urare, un procent mic din num\u0103rul total de proiecte propuse \u00een programul anterior au fost implementate sau sunt \u00een curs de realizare. Strategia de Dezvoltare [&hellip;]<\/p>\n","protected":false},"author":45,"featured_media":57859,"comment_status":"closed","ping_status":"open","sticky":false,"template":"","format":"standard","meta":{"_acf_changed":false,"inline_featured_image":false,"ngg_post_thumbnail":0,"footnotes":""},"categories":[62],"tags":[],"ppma_author":[22604],"class_list":["post-57858","post","type-post","status-publish","format-standard","has-post-thumbnail","hentry","category-stiri"],"acf":[],"yoast_head":"<!-- This site is optimized with the Yoast SEO Premium plugin v25.3 (Yoast SEO v27.4) - https:\/\/yoast.com\/product\/yoast-seo-premium-wordpress\/ -->\n<title>Prim\u0103ria Sectorului 2 lanseaz\u0103 Strategia de Dezvoltare pe urm\u0103torii patru ani. Ce s-a \u00eent\u00e2mplat cu strategiile trecute - Buletin de Bucure\u0219ti<\/title>\n<meta name=\"robots\" content=\"index, follow, max-snippet:-1, max-image-preview:large, max-video-preview:-1\" \/>\n<link rel=\"canonical\" href=\"https:\/\/buletin.de\/bucuresti\/primaria-sectorului-2-lanseaza-strategia-de-dezvoltare-pe-urmatorii-patru-ani-ce-s-a-intamplat-cu-strategiile-trecute\/\" \/>\n<meta property=\"og:locale\" content=\"en_GB\" \/>\n<meta property=\"og:type\" content=\"article\" \/>\n<meta property=\"og:title\" content=\"Prim\u0103ria Sectorului 2 lanseaz\u0103 Strategia de Dezvoltare pe urm\u0103torii patru ani. Ce s-a \u00eent\u00e2mplat cu strategiile trecute\" \/>\n<meta property=\"og:description\" content=\"Prim\u0103ria Sectorului 2 a aprobat Programul de Dezvoltare Locat\u0103 Integrat\u0103 \u0219i Durabil\u0103 pentru perioada 2021-2027, o actualizare a vechiului program din perioada 2016-2025. De\u0219i vechia strategie era \u00een curs de desf\u0103\u0219urare, un procent mic din num\u0103rul total de proiecte propuse \u00een programul anterior au fost implementate sau sunt \u00een curs de realizare. Strategia de Dezvoltare [&hellip;]\" \/>\n<meta property=\"og:url\" content=\"https:\/\/buletin.de\/bucuresti\/primaria-sectorului-2-lanseaza-strategia-de-dezvoltare-pe-urmatorii-patru-ani-ce-s-a-intamplat-cu-strategiile-trecute\/\" \/>\n<meta property=\"og:site_name\" content=\"Buletin de Bucure\u0219ti\" \/>\n<meta property=\"article:publisher\" content=\"https:\/\/www.facebook.com\/buletin.de.buc\" \/>\n<meta property=\"article:published_time\" content=\"2023-04-22T07:37:38+00:00\" \/>\n<meta property=\"article:modified_time\" content=\"2023-04-22T07:37:39+00:00\" \/>\n<meta property=\"og:image\" content=\"https:\/\/buletin.de\/bucuresti\/wp-content\/uploads\/469948_317080195014787_2108843576_o-1.jpg\" \/>\n\t<meta property=\"og:image:width\" content=\"2048\" \/>\n\t<meta property=\"og:image:height\" content=\"771\" \/>\n\t<meta property=\"og:image:type\" content=\"image\/jpeg\" \/>\n<meta name=\"author\" content=\"Teodora \u0218uta\" \/>\n<meta name=\"twitter:card\" content=\"summary_large_image\" \/>\n<meta name=\"twitter:label1\" content=\"Written by\" \/>\n\t<meta name=\"twitter:data1\" content=\"Teodora \u0218uta\" \/>\n\t<meta name=\"twitter:label2\" content=\"Estimated reading time\" \/>\n\t<meta name=\"twitter:data2\" content=\"4 minutes\" \/>\n<script type=\"application\/ld+json\" class=\"yoast-schema-graph\">{\"@context\":\"https:\\\/\\\/schema.org\",\"@graph\":[{\"@type\":\"Article\",\"@id\":\"https:\\\/\\\/buletin.de\\\/bucuresti\\\/primaria-sectorului-2-lanseaza-strategia-de-dezvoltare-pe-urmatorii-patru-ani-ce-s-a-intamplat-cu-strategiile-trecute\\\/#article\",\"isPartOf\":{\"@id\":\"https:\\\/\\\/buletin.de\\\/bucuresti\\\/primaria-sectorului-2-lanseaza-strategia-de-dezvoltare-pe-urmatorii-patru-ani-ce-s-a-intamplat-cu-strategiile-trecute\\\/\"},\"author\":{\"name\":\"Teodora \u0218uta\",\"@id\":\"https:\\\/\\\/buletin.de\\\/bucuresti\\\/#\\\/schema\\\/person\\\/5d54908fa90ab7ad3b2e88152efd6845\"},\"headline\":\"Prim\u0103ria Sectorului 2 lanseaz\u0103 Strategia de Dezvoltare pe urm\u0103torii patru ani. Ce s-a \u00eent\u00e2mplat cu strategiile trecute\",\"datePublished\":\"2023-04-22T07:37:38+00:00\",\"dateModified\":\"2023-04-22T07:37:39+00:00\",\"mainEntityOfPage\":{\"@id\":\"https:\\\/\\\/buletin.de\\\/bucuresti\\\/primaria-sectorului-2-lanseaza-strategia-de-dezvoltare-pe-urmatorii-patru-ani-ce-s-a-intamplat-cu-strategiile-trecute\\\/\"},\"wordCount\":933,\"publisher\":{\"@id\":\"https:\\\/\\\/buletin.de\\\/bucuresti\\\/#organization\"},\"image\":{\"@id\":\"https:\\\/\\\/buletin.de\\\/bucuresti\\\/primaria-sectorului-2-lanseaza-strategia-de-dezvoltare-pe-urmatorii-patru-ani-ce-s-a-intamplat-cu-strategiile-trecute\\\/#primaryimage\"},\"thumbnailUrl\":\"https:\\\/\\\/buletin.de\\\/bucuresti\\\/wp-content\\\/uploads\\\/469948_317080195014787_2108843576_o-1.jpg\",\"articleSection\":[\"\u0218tiri\"],\"inLanguage\":\"en-GB\",\"copyrightYear\":\"2023\",\"copyrightHolder\":{\"@id\":\"https:\\\/\\\/buletin.de\\\/bucuresti\\\/#organization\"}},{\"@type\":\"WebPage\",\"@id\":\"https:\\\/\\\/buletin.de\\\/bucuresti\\\/primaria-sectorului-2-lanseaza-strategia-de-dezvoltare-pe-urmatorii-patru-ani-ce-s-a-intamplat-cu-strategiile-trecute\\\/\",\"url\":\"https:\\\/\\\/buletin.de\\\/bucuresti\\\/primaria-sectorului-2-lanseaza-strategia-de-dezvoltare-pe-urmatorii-patru-ani-ce-s-a-intamplat-cu-strategiile-trecute\\\/\",\"name\":\"Prim\u0103ria Sectorului 2 lanseaz\u0103 Strategia de Dezvoltare pe urm\u0103torii patru ani. Ce s-a \u00eent\u00e2mplat cu strategiile trecute - Buletin de Bucure\u0219ti\",\"isPartOf\":{\"@id\":\"https:\\\/\\\/buletin.de\\\/bucuresti\\\/#website\"},\"primaryImageOfPage\":{\"@id\":\"https:\\\/\\\/buletin.de\\\/bucuresti\\\/primaria-sectorului-2-lanseaza-strategia-de-dezvoltare-pe-urmatorii-patru-ani-ce-s-a-intamplat-cu-strategiile-trecute\\\/#primaryimage\"},\"image\":{\"@id\":\"https:\\\/\\\/buletin.de\\\/bucuresti\\\/primaria-sectorului-2-lanseaza-strategia-de-dezvoltare-pe-urmatorii-patru-ani-ce-s-a-intamplat-cu-strategiile-trecute\\\/#primaryimage\"},\"thumbnailUrl\":\"https:\\\/\\\/buletin.de\\\/bucuresti\\\/wp-content\\\/uploads\\\/469948_317080195014787_2108843576_o-1.jpg\",\"datePublished\":\"2023-04-22T07:37:38+00:00\",\"dateModified\":\"2023-04-22T07:37:39+00:00\",\"breadcrumb\":{\"@id\":\"https:\\\/\\\/buletin.de\\\/bucuresti\\\/primaria-sectorului-2-lanseaza-strategia-de-dezvoltare-pe-urmatorii-patru-ani-ce-s-a-intamplat-cu-strategiile-trecute\\\/#breadcrumb\"},\"inLanguage\":\"en-GB\",\"potentialAction\":[{\"@type\":\"ReadAction\",\"target\":[\"https:\\\/\\\/buletin.de\\\/bucuresti\\\/primaria-sectorului-2-lanseaza-strategia-de-dezvoltare-pe-urmatorii-patru-ani-ce-s-a-intamplat-cu-strategiile-trecute\\\/\"]}]},{\"@type\":\"ImageObject\",\"inLanguage\":\"en-GB\",\"@id\":\"https:\\\/\\\/buletin.de\\\/bucuresti\\\/primaria-sectorului-2-lanseaza-strategia-de-dezvoltare-pe-urmatorii-patru-ani-ce-s-a-intamplat-cu-strategiile-trecute\\\/#primaryimage\",\"url\":\"https:\\\/\\\/buletin.de\\\/bucuresti\\\/wp-content\\\/uploads\\\/469948_317080195014787_2108843576_o-1.jpg\",\"contentUrl\":\"https:\\\/\\\/buletin.de\\\/bucuresti\\\/wp-content\\\/uploads\\\/469948_317080195014787_2108843576_o-1.jpg\",\"width\":2048,\"height\":771},{\"@type\":\"BreadcrumbList\",\"@id\":\"https:\\\/\\\/buletin.de\\\/bucuresti\\\/primaria-sectorului-2-lanseaza-strategia-de-dezvoltare-pe-urmatorii-patru-ani-ce-s-a-intamplat-cu-strategiile-trecute\\\/#breadcrumb\",\"itemListElement\":[{\"@type\":\"ListItem\",\"position\":1,\"name\":\"Acas\u0103\",\"item\":\"https:\\\/\\\/buletin.de\\\/bucuresti\\\/\"},{\"@type\":\"ListItem\",\"position\":2,\"name\":\"Prim\u0103ria Sectorului 2 lanseaz\u0103 Strategia de Dezvoltare pe urm\u0103torii patru ani. Ce s-a \u00eent\u00e2mplat cu strategiile trecute\"}]},{\"@type\":\"WebSite\",\"@id\":\"https:\\\/\\\/buletin.de\\\/bucuresti\\\/#website\",\"url\":\"https:\\\/\\\/buletin.de\\\/bucuresti\\\/\",\"name\":\"Buletin de Bucure\u0219ti\",\"description\":\"\u0218tiri \u0219i investiga\u021bii esen\u021biale din capital\u0103\",\"publisher\":{\"@id\":\"https:\\\/\\\/buletin.de\\\/bucuresti\\\/#organization\"},\"potentialAction\":[{\"@type\":\"SearchAction\",\"target\":{\"@type\":\"EntryPoint\",\"urlTemplate\":\"https:\\\/\\\/buletin.de\\\/bucuresti\\\/?s={search_term_string}\"},\"query-input\":{\"@type\":\"PropertyValueSpecification\",\"valueRequired\":true,\"valueName\":\"search_term_string\"}}],\"inLanguage\":\"en-GB\"},{\"@type\":\"Organization\",\"@id\":\"https:\\\/\\\/buletin.de\\\/bucuresti\\\/#organization\",\"name\":\"Buletin de Bucure\u0219ti\",\"url\":\"https:\\\/\\\/buletin.de\\\/bucuresti\\\/\",\"logo\":{\"@type\":\"ImageObject\",\"inLanguage\":\"en-GB\",\"@id\":\"https:\\\/\\\/buletin.de\\\/bucuresti\\\/#\\\/schema\\\/logo\\\/image\\\/\",\"url\":\"https:\\\/\\\/buletin.de\\\/bucuresti\\\/wp-content\\\/uploads\\\/logo-bdb-full-wide-vernil-transparent.png\",\"contentUrl\":\"https:\\\/\\\/buletin.de\\\/bucuresti\\\/wp-content\\\/uploads\\\/logo-bdb-full-wide-vernil-transparent.png\",\"width\":1782,\"height\":626,\"caption\":\"Buletin de Bucure\u0219ti\"},\"image\":{\"@id\":\"https:\\\/\\\/buletin.de\\\/bucuresti\\\/#\\\/schema\\\/logo\\\/image\\\/\"},\"sameAs\":[\"https:\\\/\\\/www.facebook.com\\\/buletin.de.buc\",\"https:\\\/\\\/www.instagram.com\\\/buletinde.bucuresti\\\/\"]},{\"@type\":\"Person\",\"@id\":\"https:\\\/\\\/buletin.de\\\/bucuresti\\\/#\\\/schema\\\/person\\\/5d54908fa90ab7ad3b2e88152efd6845\",\"name\":\"Teodora \u0218uta\",\"image\":{\"@type\":\"ImageObject\",\"inLanguage\":\"en-GB\",\"@id\":\"https:\\\/\\\/secure.gravatar.com\\\/avatar\\\/0c709226af9845d97b126aa0aa80ab42778847ec3d11d741016b74a61174088d?s=96&d=monsterid&r=gf2e0c6a01d766272c6fa8af9e494be28\",\"url\":\"https:\\\/\\\/secure.gravatar.com\\\/avatar\\\/0c709226af9845d97b126aa0aa80ab42778847ec3d11d741016b74a61174088d?s=96&d=monsterid&r=g\",\"contentUrl\":\"https:\\\/\\\/secure.gravatar.com\\\/avatar\\\/0c709226af9845d97b126aa0aa80ab42778847ec3d11d741016b74a61174088d?s=96&d=monsterid&r=g\",\"caption\":\"Teodora \u0218uta\"},\"url\":\"https:\\\/\\\/buletin.de\\\/bucuresti\\\/author\\\/mariasuta\\\/\"}]}<\/script>\n<!-- \/ Yoast SEO Premium plugin. -->","yoast_head_json":{"title":"Prim\u0103ria Sectorului 2 lanseaz\u0103 Strategia de Dezvoltare pe urm\u0103torii patru ani. Ce s-a \u00eent\u00e2mplat cu strategiile trecute - Buletin de Bucure\u0219ti","robots":{"index":"index","follow":"follow","max-snippet":"max-snippet:-1","max-image-preview":"max-image-preview:large","max-video-preview":"max-video-preview:-1"},"canonical":"https:\/\/buletin.de\/bucuresti\/primaria-sectorului-2-lanseaza-strategia-de-dezvoltare-pe-urmatorii-patru-ani-ce-s-a-intamplat-cu-strategiile-trecute\/","og_locale":"en_GB","og_type":"article","og_title":"Prim\u0103ria Sectorului 2 lanseaz\u0103 Strategia de Dezvoltare pe urm\u0103torii patru ani. Ce s-a \u00eent\u00e2mplat cu strategiile trecute","og_description":"Prim\u0103ria Sectorului 2 a aprobat Programul de Dezvoltare Locat\u0103 Integrat\u0103 \u0219i Durabil\u0103 pentru perioada 2021-2027, o actualizare a vechiului program din perioada 2016-2025. De\u0219i vechia strategie era \u00een curs de desf\u0103\u0219urare, un procent mic din num\u0103rul total de proiecte propuse \u00een programul anterior au fost implementate sau sunt \u00een curs de realizare. Strategia de Dezvoltare [&hellip;]","og_url":"https:\/\/buletin.de\/bucuresti\/primaria-sectorului-2-lanseaza-strategia-de-dezvoltare-pe-urmatorii-patru-ani-ce-s-a-intamplat-cu-strategiile-trecute\/","og_site_name":"Buletin de Bucure\u0219ti","article_publisher":"https:\/\/www.facebook.com\/buletin.de.buc","article_published_time":"2023-04-22T07:37:38+00:00","article_modified_time":"2023-04-22T07:37:39+00:00","og_image":[{"width":2048,"height":771,"url":"https:\/\/buletin.de\/bucuresti\/wp-content\/uploads\/469948_317080195014787_2108843576_o-1.jpg","type":"image\/jpeg"}],"author":"Teodora \u0218uta","twitter_card":"summary_large_image","twitter_misc":{"Written by":"Teodora \u0218uta","Estimated reading time":"4 minutes"},"schema":{"@context":"https:\/\/schema.org","@graph":[{"@type":"Article","@id":"https:\/\/buletin.de\/bucuresti\/primaria-sectorului-2-lanseaza-strategia-de-dezvoltare-pe-urmatorii-patru-ani-ce-s-a-intamplat-cu-strategiile-trecute\/#article","isPartOf":{"@id":"https:\/\/buletin.de\/bucuresti\/primaria-sectorului-2-lanseaza-strategia-de-dezvoltare-pe-urmatorii-patru-ani-ce-s-a-intamplat-cu-strategiile-trecute\/"},"author":{"name":"Teodora \u0218uta","@id":"https:\/\/buletin.de\/bucuresti\/#\/schema\/person\/5d54908fa90ab7ad3b2e88152efd6845"},"headline":"Prim\u0103ria Sectorului 2 lanseaz\u0103 Strategia de Dezvoltare pe urm\u0103torii patru ani. Ce s-a \u00eent\u00e2mplat cu strategiile trecute","datePublished":"2023-04-22T07:37:38+00:00","dateModified":"2023-04-22T07:37:39+00:00","mainEntityOfPage":{"@id":"https:\/\/buletin.de\/bucuresti\/primaria-sectorului-2-lanseaza-strategia-de-dezvoltare-pe-urmatorii-patru-ani-ce-s-a-intamplat-cu-strategiile-trecute\/"},"wordCount":933,"publisher":{"@id":"https:\/\/buletin.de\/bucuresti\/#organization"},"image":{"@id":"https:\/\/buletin.de\/bucuresti\/primaria-sectorului-2-lanseaza-strategia-de-dezvoltare-pe-urmatorii-patru-ani-ce-s-a-intamplat-cu-strategiile-trecute\/#primaryimage"},"thumbnailUrl":"https:\/\/buletin.de\/bucuresti\/wp-content\/uploads\/469948_317080195014787_2108843576_o-1.jpg","articleSection":["\u0218tiri"],"inLanguage":"en-GB","copyrightYear":"2023","copyrightHolder":{"@id":"https:\/\/buletin.de\/bucuresti\/#organization"}},{"@type":"WebPage","@id":"https:\/\/buletin.de\/bucuresti\/primaria-sectorului-2-lanseaza-strategia-de-dezvoltare-pe-urmatorii-patru-ani-ce-s-a-intamplat-cu-strategiile-trecute\/","url":"https:\/\/buletin.de\/bucuresti\/primaria-sectorului-2-lanseaza-strategia-de-dezvoltare-pe-urmatorii-patru-ani-ce-s-a-intamplat-cu-strategiile-trecute\/","name":"Prim\u0103ria Sectorului 2 lanseaz\u0103 Strategia de Dezvoltare pe urm\u0103torii patru ani. Ce s-a \u00eent\u00e2mplat cu strategiile trecute - Buletin de Bucure\u0219ti","isPartOf":{"@id":"https:\/\/buletin.de\/bucuresti\/#website"},"primaryImageOfPage":{"@id":"https:\/\/buletin.de\/bucuresti\/primaria-sectorului-2-lanseaza-strategia-de-dezvoltare-pe-urmatorii-patru-ani-ce-s-a-intamplat-cu-strategiile-trecute\/#primaryimage"},"image":{"@id":"https:\/\/buletin.de\/bucuresti\/primaria-sectorului-2-lanseaza-strategia-de-dezvoltare-pe-urmatorii-patru-ani-ce-s-a-intamplat-cu-strategiile-trecute\/#primaryimage"},"thumbnailUrl":"https:\/\/buletin.de\/bucuresti\/wp-content\/uploads\/469948_317080195014787_2108843576_o-1.jpg","datePublished":"2023-04-22T07:37:38+00:00","dateModified":"2023-04-22T07:37:39+00:00","breadcrumb":{"@id":"https:\/\/buletin.de\/bucuresti\/primaria-sectorului-2-lanseaza-strategia-de-dezvoltare-pe-urmatorii-patru-ani-ce-s-a-intamplat-cu-strategiile-trecute\/#breadcrumb"},"inLanguage":"en-GB","potentialAction":[{"@type":"ReadAction","target":["https:\/\/buletin.de\/bucuresti\/primaria-sectorului-2-lanseaza-strategia-de-dezvoltare-pe-urmatorii-patru-ani-ce-s-a-intamplat-cu-strategiile-trecute\/"]}]},{"@type":"ImageObject","inLanguage":"en-GB","@id":"https:\/\/buletin.de\/bucuresti\/primaria-sectorului-2-lanseaza-strategia-de-dezvoltare-pe-urmatorii-patru-ani-ce-s-a-intamplat-cu-strategiile-trecute\/#primaryimage","url":"https:\/\/buletin.de\/bucuresti\/wp-content\/uploads\/469948_317080195014787_2108843576_o-1.jpg","contentUrl":"https:\/\/buletin.de\/bucuresti\/wp-content\/uploads\/469948_317080195014787_2108843576_o-1.jpg","width":2048,"height":771},{"@type":"BreadcrumbList","@id":"https:\/\/buletin.de\/bucuresti\/primaria-sectorului-2-lanseaza-strategia-de-dezvoltare-pe-urmatorii-patru-ani-ce-s-a-intamplat-cu-strategiile-trecute\/#breadcrumb","itemListElement":[{"@type":"ListItem","position":1,"name":"Acas\u0103","item":"https:\/\/buletin.de\/bucuresti\/"},{"@type":"ListItem","position":2,"name":"Prim\u0103ria Sectorului 2 lanseaz\u0103 Strategia de Dezvoltare pe urm\u0103torii patru ani. Ce s-a \u00eent\u00e2mplat cu strategiile trecute"}]},{"@type":"WebSite","@id":"https:\/\/buletin.de\/bucuresti\/#website","url":"https:\/\/buletin.de\/bucuresti\/","name":"Buletin de Bucure\u0219ti","description":"\u0218tiri \u0219i investiga\u021bii esen\u021biale din capital\u0103","publisher":{"@id":"https:\/\/buletin.de\/bucuresti\/#organization"},"potentialAction":[{"@type":"SearchAction","target":{"@type":"EntryPoint","urlTemplate":"https:\/\/buletin.de\/bucuresti\/?s={search_term_string}"},"query-input":{"@type":"PropertyValueSpecification","valueRequired":true,"valueName":"search_term_string"}}],"inLanguage":"en-GB"},{"@type":"Organization","@id":"https:\/\/buletin.de\/bucuresti\/#organization","name":"Buletin de Bucure\u0219ti","url":"https:\/\/buletin.de\/bucuresti\/","logo":{"@type":"ImageObject","inLanguage":"en-GB","@id":"https:\/\/buletin.de\/bucuresti\/#\/schema\/logo\/image\/","url":"https:\/\/buletin.de\/bucuresti\/wp-content\/uploads\/logo-bdb-full-wide-vernil-transparent.png","contentUrl":"https:\/\/buletin.de\/bucuresti\/wp-content\/uploads\/logo-bdb-full-wide-vernil-transparent.png","width":1782,"height":626,"caption":"Buletin de Bucure\u0219ti"},"image":{"@id":"https:\/\/buletin.de\/bucuresti\/#\/schema\/logo\/image\/"},"sameAs":["https:\/\/www.facebook.com\/buletin.de.buc","https:\/\/www.instagram.com\/buletinde.bucuresti\/"]},{"@type":"Person","@id":"https:\/\/buletin.de\/bucuresti\/#\/schema\/person\/5d54908fa90ab7ad3b2e88152efd6845","name":"Teodora \u0218uta","image":{"@type":"ImageObject","inLanguage":"en-GB","@id":"https:\/\/secure.gravatar.com\/avatar\/0c709226af9845d97b126aa0aa80ab42778847ec3d11d741016b74a61174088d?s=96&d=monsterid&r=gf2e0c6a01d766272c6fa8af9e494be28","url":"https:\/\/secure.gravatar.com\/avatar\/0c709226af9845d97b126aa0aa80ab42778847ec3d11d741016b74a61174088d?s=96&d=monsterid&r=g","contentUrl":"https:\/\/secure.gravatar.com\/avatar\/0c709226af9845d97b126aa0aa80ab42778847ec3d11d741016b74a61174088d?s=96&d=monsterid&r=g","caption":"Teodora \u0218uta"},"url":"https:\/\/buletin.de\/bucuresti\/author\/mariasuta\/"}]}},"authors":[{"term_id":22604,"user_id":45,"is_guest":0,"slug":"mariasuta","display_name":"Teodora \u0218uta","avatar_url":"https:\/\/secure.gravatar.com\/avatar\/0c709226af9845d97b126aa0aa80ab42778847ec3d11d741016b74a61174088d?s=96&d=monsterid&r=g","0":null,"1":"","2":"","3":"","4":"","5":"","6":"","7":"","8":""}],"_links":{"self":[{"href":"https:\/\/buletin.de\/bucuresti\/wp-json\/wp\/v2\/posts\/57858","targetHints":{"allow":["GET"]}}],"collection":[{"href":"https:\/\/buletin.de\/bucuresti\/wp-json\/wp\/v2\/posts"}],"about":[{"href":"https:\/\/buletin.de\/bucuresti\/wp-json\/wp\/v2\/types\/post"}],"author":[{"embeddable":true,"href":"https:\/\/buletin.de\/bucuresti\/wp-json\/wp\/v2\/users\/45"}],"replies":[{"embeddable":true,"href":"https:\/\/buletin.de\/bucuresti\/wp-json\/wp\/v2\/comments?post=57858"}],"version-history":[{"count":3,"href":"https:\/\/buletin.de\/bucuresti\/wp-json\/wp\/v2\/posts\/57858\/revisions"}],"predecessor-version":[{"id":57863,"href":"https:\/\/buletin.de\/bucuresti\/wp-json\/wp\/v2\/posts\/57858\/revisions\/57863"}],"wp:featuredmedia":[{"embeddable":true,"href":"https:\/\/buletin.de\/bucuresti\/wp-json\/wp\/v2\/media\/57859"}],"wp:attachment":[{"href":"https:\/\/buletin.de\/bucuresti\/wp-json\/wp\/v2\/media?parent=57858"}],"wp:term":[{"taxonomy":"category","embeddable":true,"href":"https:\/\/buletin.de\/bucuresti\/wp-json\/wp\/v2\/categories?post=57858"},{"taxonomy":"post_tag","embeddable":true,"href":"https:\/\/buletin.de\/bucuresti\/wp-json\/wp\/v2\/tags?post=57858"},{"taxonomy":"author","embeddable":true,"href":"https:\/\/buletin.de\/bucuresti\/wp-json\/wp\/v2\/ppma_author?post=57858"}],"curies":[{"name":"wp","href":"https:\/\/api.w.org\/{rel}","templated":true}]}}