{"id":57844,"date":"2023-04-21T15:21:23","date_gmt":"2023-04-21T13:21:23","guid":{"rendered":"https:\/\/buletin.de\/bucuresti\/?p=57844"},"modified":"2023-04-21T15:23:33","modified_gmt":"2023-04-21T13:23:33","slug":"sector-2-stimulent-de-3000-de-lei-per-autovehicul-casat-prin-programul-rabla-local-acordat-cetatenilor-din-sectorul-2","status":"publish","type":"post","link":"https:\/\/buletin.de\/bucuresti\/sector-2-stimulent-de-3000-de-lei-per-autovehicul-casat-prin-programul-rabla-local-acordat-cetatenilor-din-sectorul-2\/","title":{"rendered":"Sector 2 | Stimulent de 3000 de lei per autovehicul casat prin Programul Rabla Local acordat cet\u0103\u021benilor din Sectorul 2"},"content":{"rendered":"\n<p><strong>Peste 3000 de ma\u0219ini pot fi casate cu un stimulent de 3000 de lei de la Prim\u0103ria Sectorului 2. Scopul Programului Rabla Local este de a elimina din trafic autoturismele mai vechi de 15 ani. <\/strong><\/p>\n\n\n\n<p>Bugetul total alocat este de 9 milioane de lei, dintre care 1,8 milioane provin din bugetul propriu al prim\u0103riei de sector, iar restul de la AFM, din Fondul pentru mediu. Concret, suma de 3.000 de lei este format\u0103 din contribu\u021bia AFM de 1.400 de lei, iar restul de 600 provin de la prim\u0103riile de sector.<\/p>\n\n\n\n<p>&nbsp;Sesiunea de \u00eenscrieri pentru cet\u0103\u021beni va fi anun\u021bat\u0103 la o dat\u0103 ulterioar\u0103. \u00cen sectorul 2, bugetul permite casarea a 3.000 de ma\u0219ini uzate, \u00een schimbul  renun\u021b\u0103 la ele vor primi un stimulent de 3.000 de lei.&nbsp;<\/p>\n\n\n\n<h2 class=\"wp-block-heading\">Condi\u021biile de participare \u00een program<\/h2>\n\n\n\n<p><strong>Pentru cet\u0103\u021beni<\/strong>, persoana eligibil\u0103:<\/p>\n\n\n\n<ul class=\"wp-block-list\"><li>este persoan\u0103 fizic\u0103 cu domiciliul \u00een Sectorul 2<\/li><li>de\u0163ine \u00een proprietate autovehiculul uzat de cel pu\u0163in 5 ani \u015fi se afl\u0103 \u00een eviden\u0163ele fiscale ale Prim\u0103riei Sector 2;<\/li><li>nu are datorii la stat;<\/li><li>nu a ob\u0163inut \u015fi nu este pe cale s\u0103 ob\u0163in\u0103 finan\u0163are prin proiecte ori programe finan\u0163ate din alte fonduri publice;<\/li><li>nu este condamnat pentru infrac\u0163iuni \u00eempotriva mediului;<\/li><li>se angajeaz\u0103 s\u0103 predea spre casare \u015fi s\u0103 radieze din circula\u0163ie \u015fi din eviden\u0163ele fiscale autovehiculul uzat;<\/li><li>se angajeaz\u0103 c\u0103 nu va achizi\u0163iona un autoturism cu norma de poluare Euro 5 sau inferioar\u0103 \u00een termen de 3 ani de la primirea stimulentului pentru casare.<\/li><\/ul>\n\n\n\n<p>Criterile de eligibilitate <strong>pentru vehicule<\/strong>:<\/p>\n\n\n\n<ul class=\"wp-block-list\"><li>&nbsp;este \u00eenregistrat \u00een eviden\u0163ele fiscale ale Prim\u0103riei Sector 2;<\/li><li>are o vechime mai mare sau egal\u0103 cu 15 ani;<\/li><li>&nbsp;are norma de poluare Euro 3 \u015fi\/sau inferioar\u0103;<\/li><li>&nbsp;con\u0163ine componentele esen\u0163iale (motor, transmisie, caroserie, \u015fasiu etc.)<\/li><\/ul>\n\n\n\n<h2 class=\"wp-block-heading\">Modalitatea de \u00eenscriere:<\/h2>\n\n\n\n<ol class=\"wp-block-list\"><li>Solicitantul se \u00eenscrie pe platforma AFM. \u00censcrierile se fac EXCLUSIV \u00een aplica\u0163ia informatic\u0103 a AFM, la adresa www.afm.ro, sec\u021biunea \u201ePrograme de finan\u021bare\u201d, prin completarea unor c\u00e2mpuri predefinite;<\/li><li>Dup\u0103 \u00eenscrierea pe site-ul AFM, solicitantul transmite Prim\u0103riei Sectorului 2 cererea de participare \u00een program, un acord de prelucrare a datelor cu caracter personal \u015fi documentele care atest\u0103 eligibilitatea;<\/li><li>Dup\u0103 ce reprezentan\u021bii Prim\u0103riei Sectorului 2 aprob\u0103 dosarul, solicitantul are termen 5 zile s\u0103 \u00eencheie contractul de finan\u021bare cu institu\u0163ia local\u0103 (f\u0103r\u0103 contractul de finan\u0163are solicitantul NU se poate \u00eendrepta c\u0103tre un centru autorizat de casare);<\/li><li>Dup\u0103 semnarea contractului de finan\u0163are cu Prim\u0103ria, solicitantul are la dispozi\u0163ie 30 de zile s\u0103 aduc\u0103 la Prim\u0103ria Sectorului 2 adeverin\u021ba de dezmembrare, certificatul de radiere \u015fi dovada scoaterii din eviden\u0163a fiscal\u0103;<\/li><li>&nbsp;Stimulentul de casare de 3.000 de lei va fi virat solicitantului \u00een termen de 5 zile de la depunerea la Prim\u0103rie a adeverin\u021bei de dezmembrare, a certificatului de radiere \u015fi a dovezii scoaterii din eviden\u0163a fiscal.<\/li><\/ol>\n\n\n\n<h2 class=\"wp-block-heading\">Documentele necesare:<\/h2>\n\n\n\n<p>Dup\u0103 \u00eenscrierea de pe platform\u0103, trebuie depuse <em>fizic <\/em>la Prim\u0103ria Sectorului 2, la biroul rela\u021bii cu publicul, sau <em>online, <\/em>la <a href=\"mailto:infopublice@ps2.ro\">infopublice@ps2.ro<\/a> , urm\u0103toarele documente:<\/p>\n\n\n\n<ul class=\"wp-block-list\"><li>Cerere de participare la Programul privind casarea autovehiculelor uzate;<\/li><li>Acord privind prelucrarea datelor cu caracter personal;<\/li><li>Actul de identitate al solicitantului, \u00een copie conform\u0103 cu originalul;<\/li><li>Cartea de identitate a mijlocului de transport, \u00een copie conform\u0103 cu originalul;<\/li><li>Certificatul de \u00eenmatriculare, \u00een copie conform\u0103 cu originalul;<\/li><li>Certificat de atestare fiscal\u0103 din care s\u0103 rezulte c\u0103 solicitantul nu este \u00eenregistrat cu obliga\u0163ii restante de plat\u0103 a taxelor, impozitelor, amenzilor \u015fi contribu\u0163iilor c\u0103tre bugetul de stat, emis de ANAF Sector 2 a Municipiului Bucure\u0219ti;<\/li><li>Certificatul de atestare fiscal\u0103 din care s\u0103 rezulte c\u0103 solicitantul nu are obliga\u0163ii restante de plat\u0103 c\u0103tre bugetul local;<\/li><li>\u00cemputernicire \u00een original sau copie legalizat\u0103, dac\u0103 este cazul;<\/li><li>Actul de identitate al \u00eemputernicitului, \u00een copie conform\u0103 cu originalul;<\/li><li>Extras de cont.<\/li><\/ul>\n\n\n\n<p>Surs\u0103 fotografie: unsplash.com, Taton Mo\u00efse<\/p>\n","protected":false},"excerpt":{"rendered":"<p>Peste 3000 de ma\u0219ini pot fi casate cu un stimulent de 3000 de lei de la Prim\u0103ria Sectorului 2. Scopul Programului Rabla Local este de a elimina din trafic autoturismele mai vechi de 15 ani. Bugetul total alocat este de 9 milioane de lei, dintre care 1,8 milioane provin din bugetul propriu al prim\u0103riei de [&hellip;]<\/p>\n","protected":false},"author":47,"featured_media":57845,"comment_status":"closed","ping_status":"open","sticky":false,"template":"","format":"standard","meta":{"_acf_changed":false,"inline_featured_image":false,"ngg_post_thumbnail":0,"footnotes":""},"categories":[62],"tags":[],"ppma_author":[22580],"class_list":["post-57844","post","type-post","status-publish","format-standard","has-post-thumbnail","hentry","category-stiri"],"acf":[],"yoast_head":"<!-- This site is optimized with the Yoast SEO Premium plugin v25.3 (Yoast SEO v27.4) - https:\/\/yoast.com\/product\/yoast-seo-premium-wordpress\/ -->\n<title>Sector 2 | Stimulent de 3000 de lei per autovehicul casat prin Programul Rabla Local acordat cet\u0103\u021benilor din Sectorul 2 - Buletin de Bucure\u0219ti<\/title>\n<meta name=\"robots\" content=\"index, follow, max-snippet:-1, max-image-preview:large, max-video-preview:-1\" \/>\n<link rel=\"canonical\" href=\"https:\/\/buletin.de\/bucuresti\/sector-2-stimulent-de-3000-de-lei-per-autovehicul-casat-prin-programul-rabla-local-acordat-cetatenilor-din-sectorul-2\/\" \/>\n<meta property=\"og:locale\" content=\"en_GB\" \/>\n<meta property=\"og:type\" content=\"article\" \/>\n<meta property=\"og:title\" content=\"Sector 2 | Stimulent de 3000 de lei per autovehicul casat prin Programul Rabla Local acordat cet\u0103\u021benilor din Sectorul 2\" \/>\n<meta property=\"og:description\" content=\"Peste 3000 de ma\u0219ini pot fi casate cu un stimulent de 3000 de lei de la Prim\u0103ria Sectorului 2. Scopul Programului Rabla Local este de a elimina din trafic autoturismele mai vechi de 15 ani. Bugetul total alocat este de 9 milioane de lei, dintre care 1,8 milioane provin din bugetul propriu al prim\u0103riei de [&hellip;]\" \/>\n<meta property=\"og:url\" content=\"https:\/\/buletin.de\/bucuresti\/sector-2-stimulent-de-3000-de-lei-per-autovehicul-casat-prin-programul-rabla-local-acordat-cetatenilor-din-sectorul-2\/\" \/>\n<meta property=\"og:site_name\" content=\"Buletin de Bucure\u0219ti\" \/>\n<meta property=\"article:publisher\" content=\"https:\/\/www.facebook.com\/buletin.de.buc\" \/>\n<meta property=\"article:published_time\" content=\"2023-04-21T13:21:23+00:00\" \/>\n<meta property=\"article:modified_time\" content=\"2023-04-21T13:23:33+00:00\" \/>\n<meta property=\"og:image\" content=\"https:\/\/buletin.de\/bucuresti\/wp-content\/uploads\/taton-moise-Sk2P0HIxUac-unsplash2.jpg\" \/>\n\t<meta property=\"og:image:width\" content=\"2000\" \/>\n\t<meta property=\"og:image:height\" content=\"1333\" \/>\n\t<meta property=\"og:image:type\" content=\"image\/jpeg\" \/>\n<meta name=\"author\" content=\"Adina C\u0103p\u00eelnean\" \/>\n<meta name=\"twitter:card\" content=\"summary_large_image\" \/>\n<meta name=\"twitter:label1\" content=\"Written by\" \/>\n\t<meta name=\"twitter:data1\" content=\"Adina C\u0103p\u00eelnean\" \/>\n\t<meta name=\"twitter:label2\" content=\"Estimated reading time\" \/>\n\t<meta name=\"twitter:data2\" content=\"3 minutes\" \/>\n<script type=\"application\/ld+json\" class=\"yoast-schema-graph\">{\"@context\":\"https:\\\/\\\/schema.org\",\"@graph\":[{\"@type\":\"Article\",\"@id\":\"https:\\\/\\\/buletin.de\\\/bucuresti\\\/sector-2-stimulent-de-3000-de-lei-per-autovehicul-casat-prin-programul-rabla-local-acordat-cetatenilor-din-sectorul-2\\\/#article\",\"isPartOf\":{\"@id\":\"https:\\\/\\\/buletin.de\\\/bucuresti\\\/sector-2-stimulent-de-3000-de-lei-per-autovehicul-casat-prin-programul-rabla-local-acordat-cetatenilor-din-sectorul-2\\\/\"},\"author\":{\"name\":\"Adina C\u0103p\u00eelnean\",\"@id\":\"https:\\\/\\\/buletin.de\\\/bucuresti\\\/#\\\/schema\\\/person\\\/ab174cf6711728e4ee83d672acf9a912\"},\"headline\":\"Sector 2 | Stimulent de 3000 de lei per autovehicul casat prin Programul Rabla Local acordat cet\u0103\u021benilor din Sectorul 2\",\"datePublished\":\"2023-04-21T13:21:23+00:00\",\"dateModified\":\"2023-04-21T13:23:33+00:00\",\"mainEntityOfPage\":{\"@id\":\"https:\\\/\\\/buletin.de\\\/bucuresti\\\/sector-2-stimulent-de-3000-de-lei-per-autovehicul-casat-prin-programul-rabla-local-acordat-cetatenilor-din-sectorul-2\\\/\"},\"wordCount\":652,\"publisher\":{\"@id\":\"https:\\\/\\\/buletin.de\\\/bucuresti\\\/#organization\"},\"image\":{\"@id\":\"https:\\\/\\\/buletin.de\\\/bucuresti\\\/sector-2-stimulent-de-3000-de-lei-per-autovehicul-casat-prin-programul-rabla-local-acordat-cetatenilor-din-sectorul-2\\\/#primaryimage\"},\"thumbnailUrl\":\"https:\\\/\\\/buletin.de\\\/bucuresti\\\/wp-content\\\/uploads\\\/taton-moise-Sk2P0HIxUac-unsplash2.jpg\",\"articleSection\":[\"\u0218tiri\"],\"inLanguage\":\"en-GB\",\"copyrightYear\":\"2023\",\"copyrightHolder\":{\"@id\":\"https:\\\/\\\/buletin.de\\\/bucuresti\\\/#organization\"}},{\"@type\":\"WebPage\",\"@id\":\"https:\\\/\\\/buletin.de\\\/bucuresti\\\/sector-2-stimulent-de-3000-de-lei-per-autovehicul-casat-prin-programul-rabla-local-acordat-cetatenilor-din-sectorul-2\\\/\",\"url\":\"https:\\\/\\\/buletin.de\\\/bucuresti\\\/sector-2-stimulent-de-3000-de-lei-per-autovehicul-casat-prin-programul-rabla-local-acordat-cetatenilor-din-sectorul-2\\\/\",\"name\":\"Sector 2 | Stimulent de 3000 de lei per autovehicul casat prin Programul Rabla Local acordat cet\u0103\u021benilor din Sectorul 2 - Buletin de Bucure\u0219ti\",\"isPartOf\":{\"@id\":\"https:\\\/\\\/buletin.de\\\/bucuresti\\\/#website\"},\"primaryImageOfPage\":{\"@id\":\"https:\\\/\\\/buletin.de\\\/bucuresti\\\/sector-2-stimulent-de-3000-de-lei-per-autovehicul-casat-prin-programul-rabla-local-acordat-cetatenilor-din-sectorul-2\\\/#primaryimage\"},\"image\":{\"@id\":\"https:\\\/\\\/buletin.de\\\/bucuresti\\\/sector-2-stimulent-de-3000-de-lei-per-autovehicul-casat-prin-programul-rabla-local-acordat-cetatenilor-din-sectorul-2\\\/#primaryimage\"},\"thumbnailUrl\":\"https:\\\/\\\/buletin.de\\\/bucuresti\\\/wp-content\\\/uploads\\\/taton-moise-Sk2P0HIxUac-unsplash2.jpg\",\"datePublished\":\"2023-04-21T13:21:23+00:00\",\"dateModified\":\"2023-04-21T13:23:33+00:00\",\"breadcrumb\":{\"@id\":\"https:\\\/\\\/buletin.de\\\/bucuresti\\\/sector-2-stimulent-de-3000-de-lei-per-autovehicul-casat-prin-programul-rabla-local-acordat-cetatenilor-din-sectorul-2\\\/#breadcrumb\"},\"inLanguage\":\"en-GB\",\"potentialAction\":[{\"@type\":\"ReadAction\",\"target\":[\"https:\\\/\\\/buletin.de\\\/bucuresti\\\/sector-2-stimulent-de-3000-de-lei-per-autovehicul-casat-prin-programul-rabla-local-acordat-cetatenilor-din-sectorul-2\\\/\"]}]},{\"@type\":\"ImageObject\",\"inLanguage\":\"en-GB\",\"@id\":\"https:\\\/\\\/buletin.de\\\/bucuresti\\\/sector-2-stimulent-de-3000-de-lei-per-autovehicul-casat-prin-programul-rabla-local-acordat-cetatenilor-din-sectorul-2\\\/#primaryimage\",\"url\":\"https:\\\/\\\/buletin.de\\\/bucuresti\\\/wp-content\\\/uploads\\\/taton-moise-Sk2P0HIxUac-unsplash2.jpg\",\"contentUrl\":\"https:\\\/\\\/buletin.de\\\/bucuresti\\\/wp-content\\\/uploads\\\/taton-moise-Sk2P0HIxUac-unsplash2.jpg\",\"width\":2000,\"height\":1333},{\"@type\":\"BreadcrumbList\",\"@id\":\"https:\\\/\\\/buletin.de\\\/bucuresti\\\/sector-2-stimulent-de-3000-de-lei-per-autovehicul-casat-prin-programul-rabla-local-acordat-cetatenilor-din-sectorul-2\\\/#breadcrumb\",\"itemListElement\":[{\"@type\":\"ListItem\",\"position\":1,\"name\":\"Acas\u0103\",\"item\":\"https:\\\/\\\/buletin.de\\\/bucuresti\\\/\"},{\"@type\":\"ListItem\",\"position\":2,\"name\":\"Sector 2 | Stimulent de 3000 de lei per autovehicul casat prin Programul Rabla Local acordat cet\u0103\u021benilor din Sectorul 2\"}]},{\"@type\":\"WebSite\",\"@id\":\"https:\\\/\\\/buletin.de\\\/bucuresti\\\/#website\",\"url\":\"https:\\\/\\\/buletin.de\\\/bucuresti\\\/\",\"name\":\"Buletin de Bucure\u0219ti\",\"description\":\"\u0218tiri \u0219i investiga\u021bii esen\u021biale din capital\u0103\",\"publisher\":{\"@id\":\"https:\\\/\\\/buletin.de\\\/bucuresti\\\/#organization\"},\"potentialAction\":[{\"@type\":\"SearchAction\",\"target\":{\"@type\":\"EntryPoint\",\"urlTemplate\":\"https:\\\/\\\/buletin.de\\\/bucuresti\\\/?s={search_term_string}\"},\"query-input\":{\"@type\":\"PropertyValueSpecification\",\"valueRequired\":true,\"valueName\":\"search_term_string\"}}],\"inLanguage\":\"en-GB\"},{\"@type\":\"Organization\",\"@id\":\"https:\\\/\\\/buletin.de\\\/bucuresti\\\/#organization\",\"name\":\"Buletin de Bucure\u0219ti\",\"url\":\"https:\\\/\\\/buletin.de\\\/bucuresti\\\/\",\"logo\":{\"@type\":\"ImageObject\",\"inLanguage\":\"en-GB\",\"@id\":\"https:\\\/\\\/buletin.de\\\/bucuresti\\\/#\\\/schema\\\/logo\\\/image\\\/\",\"url\":\"https:\\\/\\\/buletin.de\\\/bucuresti\\\/wp-content\\\/uploads\\\/logo-bdb-full-wide-vernil-transparent.png\",\"contentUrl\":\"https:\\\/\\\/buletin.de\\\/bucuresti\\\/wp-content\\\/uploads\\\/logo-bdb-full-wide-vernil-transparent.png\",\"width\":1782,\"height\":626,\"caption\":\"Buletin de Bucure\u0219ti\"},\"image\":{\"@id\":\"https:\\\/\\\/buletin.de\\\/bucuresti\\\/#\\\/schema\\\/logo\\\/image\\\/\"},\"sameAs\":[\"https:\\\/\\\/www.facebook.com\\\/buletin.de.buc\",\"https:\\\/\\\/www.instagram.com\\\/buletinde.bucuresti\\\/\"]},{\"@type\":\"Person\",\"@id\":\"https:\\\/\\\/buletin.de\\\/bucuresti\\\/#\\\/schema\\\/person\\\/ab174cf6711728e4ee83d672acf9a912\",\"name\":\"Adina C\u0103p\u00eelnean\",\"image\":{\"@type\":\"ImageObject\",\"inLanguage\":\"en-GB\",\"@id\":\"https:\\\/\\\/secure.gravatar.com\\\/avatar\\\/4fe9675d6282fd7c1aa4e486a037d532d5728fc16a30360f293eb6126b2e73ad?s=96&d=monsterid&r=ge2b23868508aec3460d3c6a11d3b599a\",\"url\":\"https:\\\/\\\/secure.gravatar.com\\\/avatar\\\/4fe9675d6282fd7c1aa4e486a037d532d5728fc16a30360f293eb6126b2e73ad?s=96&d=monsterid&r=g\",\"contentUrl\":\"https:\\\/\\\/secure.gravatar.com\\\/avatar\\\/4fe9675d6282fd7c1aa4e486a037d532d5728fc16a30360f293eb6126b2e73ad?s=96&d=monsterid&r=g\",\"caption\":\"Adina C\u0103p\u00eelnean\"},\"url\":\"https:\\\/\\\/buletin.de\\\/bucuresti\\\/author\\\/adinacapilnean\\\/\"}]}<\/script>\n<!-- \/ Yoast SEO Premium plugin. -->","yoast_head_json":{"title":"Sector 2 | Stimulent de 3000 de lei per autovehicul casat prin Programul Rabla Local acordat cet\u0103\u021benilor din Sectorul 2 - Buletin de Bucure\u0219ti","robots":{"index":"index","follow":"follow","max-snippet":"max-snippet:-1","max-image-preview":"max-image-preview:large","max-video-preview":"max-video-preview:-1"},"canonical":"https:\/\/buletin.de\/bucuresti\/sector-2-stimulent-de-3000-de-lei-per-autovehicul-casat-prin-programul-rabla-local-acordat-cetatenilor-din-sectorul-2\/","og_locale":"en_GB","og_type":"article","og_title":"Sector 2 | Stimulent de 3000 de lei per autovehicul casat prin Programul Rabla Local acordat cet\u0103\u021benilor din Sectorul 2","og_description":"Peste 3000 de ma\u0219ini pot fi casate cu un stimulent de 3000 de lei de la Prim\u0103ria Sectorului 2. Scopul Programului Rabla Local este de a elimina din trafic autoturismele mai vechi de 15 ani. Bugetul total alocat este de 9 milioane de lei, dintre care 1,8 milioane provin din bugetul propriu al prim\u0103riei de [&hellip;]","og_url":"https:\/\/buletin.de\/bucuresti\/sector-2-stimulent-de-3000-de-lei-per-autovehicul-casat-prin-programul-rabla-local-acordat-cetatenilor-din-sectorul-2\/","og_site_name":"Buletin de Bucure\u0219ti","article_publisher":"https:\/\/www.facebook.com\/buletin.de.buc","article_published_time":"2023-04-21T13:21:23+00:00","article_modified_time":"2023-04-21T13:23:33+00:00","og_image":[{"width":2000,"height":1333,"url":"https:\/\/buletin.de\/bucuresti\/wp-content\/uploads\/taton-moise-Sk2P0HIxUac-unsplash2.jpg","type":"image\/jpeg"}],"author":"Adina C\u0103p\u00eelnean","twitter_card":"summary_large_image","twitter_misc":{"Written by":"Adina C\u0103p\u00eelnean","Estimated reading time":"3 minutes"},"schema":{"@context":"https:\/\/schema.org","@graph":[{"@type":"Article","@id":"https:\/\/buletin.de\/bucuresti\/sector-2-stimulent-de-3000-de-lei-per-autovehicul-casat-prin-programul-rabla-local-acordat-cetatenilor-din-sectorul-2\/#article","isPartOf":{"@id":"https:\/\/buletin.de\/bucuresti\/sector-2-stimulent-de-3000-de-lei-per-autovehicul-casat-prin-programul-rabla-local-acordat-cetatenilor-din-sectorul-2\/"},"author":{"name":"Adina C\u0103p\u00eelnean","@id":"https:\/\/buletin.de\/bucuresti\/#\/schema\/person\/ab174cf6711728e4ee83d672acf9a912"},"headline":"Sector 2 | Stimulent de 3000 de lei per autovehicul casat prin Programul Rabla Local acordat cet\u0103\u021benilor din Sectorul 2","datePublished":"2023-04-21T13:21:23+00:00","dateModified":"2023-04-21T13:23:33+00:00","mainEntityOfPage":{"@id":"https:\/\/buletin.de\/bucuresti\/sector-2-stimulent-de-3000-de-lei-per-autovehicul-casat-prin-programul-rabla-local-acordat-cetatenilor-din-sectorul-2\/"},"wordCount":652,"publisher":{"@id":"https:\/\/buletin.de\/bucuresti\/#organization"},"image":{"@id":"https:\/\/buletin.de\/bucuresti\/sector-2-stimulent-de-3000-de-lei-per-autovehicul-casat-prin-programul-rabla-local-acordat-cetatenilor-din-sectorul-2\/#primaryimage"},"thumbnailUrl":"https:\/\/buletin.de\/bucuresti\/wp-content\/uploads\/taton-moise-Sk2P0HIxUac-unsplash2.jpg","articleSection":["\u0218tiri"],"inLanguage":"en-GB","copyrightYear":"2023","copyrightHolder":{"@id":"https:\/\/buletin.de\/bucuresti\/#organization"}},{"@type":"WebPage","@id":"https:\/\/buletin.de\/bucuresti\/sector-2-stimulent-de-3000-de-lei-per-autovehicul-casat-prin-programul-rabla-local-acordat-cetatenilor-din-sectorul-2\/","url":"https:\/\/buletin.de\/bucuresti\/sector-2-stimulent-de-3000-de-lei-per-autovehicul-casat-prin-programul-rabla-local-acordat-cetatenilor-din-sectorul-2\/","name":"Sector 2 | Stimulent de 3000 de lei per autovehicul casat prin Programul Rabla Local acordat cet\u0103\u021benilor din Sectorul 2 - Buletin de Bucure\u0219ti","isPartOf":{"@id":"https:\/\/buletin.de\/bucuresti\/#website"},"primaryImageOfPage":{"@id":"https:\/\/buletin.de\/bucuresti\/sector-2-stimulent-de-3000-de-lei-per-autovehicul-casat-prin-programul-rabla-local-acordat-cetatenilor-din-sectorul-2\/#primaryimage"},"image":{"@id":"https:\/\/buletin.de\/bucuresti\/sector-2-stimulent-de-3000-de-lei-per-autovehicul-casat-prin-programul-rabla-local-acordat-cetatenilor-din-sectorul-2\/#primaryimage"},"thumbnailUrl":"https:\/\/buletin.de\/bucuresti\/wp-content\/uploads\/taton-moise-Sk2P0HIxUac-unsplash2.jpg","datePublished":"2023-04-21T13:21:23+00:00","dateModified":"2023-04-21T13:23:33+00:00","breadcrumb":{"@id":"https:\/\/buletin.de\/bucuresti\/sector-2-stimulent-de-3000-de-lei-per-autovehicul-casat-prin-programul-rabla-local-acordat-cetatenilor-din-sectorul-2\/#breadcrumb"},"inLanguage":"en-GB","potentialAction":[{"@type":"ReadAction","target":["https:\/\/buletin.de\/bucuresti\/sector-2-stimulent-de-3000-de-lei-per-autovehicul-casat-prin-programul-rabla-local-acordat-cetatenilor-din-sectorul-2\/"]}]},{"@type":"ImageObject","inLanguage":"en-GB","@id":"https:\/\/buletin.de\/bucuresti\/sector-2-stimulent-de-3000-de-lei-per-autovehicul-casat-prin-programul-rabla-local-acordat-cetatenilor-din-sectorul-2\/#primaryimage","url":"https:\/\/buletin.de\/bucuresti\/wp-content\/uploads\/taton-moise-Sk2P0HIxUac-unsplash2.jpg","contentUrl":"https:\/\/buletin.de\/bucuresti\/wp-content\/uploads\/taton-moise-Sk2P0HIxUac-unsplash2.jpg","width":2000,"height":1333},{"@type":"BreadcrumbList","@id":"https:\/\/buletin.de\/bucuresti\/sector-2-stimulent-de-3000-de-lei-per-autovehicul-casat-prin-programul-rabla-local-acordat-cetatenilor-din-sectorul-2\/#breadcrumb","itemListElement":[{"@type":"ListItem","position":1,"name":"Acas\u0103","item":"https:\/\/buletin.de\/bucuresti\/"},{"@type":"ListItem","position":2,"name":"Sector 2 | Stimulent de 3000 de lei per autovehicul casat prin Programul Rabla Local acordat cet\u0103\u021benilor din Sectorul 2"}]},{"@type":"WebSite","@id":"https:\/\/buletin.de\/bucuresti\/#website","url":"https:\/\/buletin.de\/bucuresti\/","name":"Buletin de Bucure\u0219ti","description":"\u0218tiri \u0219i investiga\u021bii esen\u021biale din capital\u0103","publisher":{"@id":"https:\/\/buletin.de\/bucuresti\/#organization"},"potentialAction":[{"@type":"SearchAction","target":{"@type":"EntryPoint","urlTemplate":"https:\/\/buletin.de\/bucuresti\/?s={search_term_string}"},"query-input":{"@type":"PropertyValueSpecification","valueRequired":true,"valueName":"search_term_string"}}],"inLanguage":"en-GB"},{"@type":"Organization","@id":"https:\/\/buletin.de\/bucuresti\/#organization","name":"Buletin de Bucure\u0219ti","url":"https:\/\/buletin.de\/bucuresti\/","logo":{"@type":"ImageObject","inLanguage":"en-GB","@id":"https:\/\/buletin.de\/bucuresti\/#\/schema\/logo\/image\/","url":"https:\/\/buletin.de\/bucuresti\/wp-content\/uploads\/logo-bdb-full-wide-vernil-transparent.png","contentUrl":"https:\/\/buletin.de\/bucuresti\/wp-content\/uploads\/logo-bdb-full-wide-vernil-transparent.png","width":1782,"height":626,"caption":"Buletin de Bucure\u0219ti"},"image":{"@id":"https:\/\/buletin.de\/bucuresti\/#\/schema\/logo\/image\/"},"sameAs":["https:\/\/www.facebook.com\/buletin.de.buc","https:\/\/www.instagram.com\/buletinde.bucuresti\/"]},{"@type":"Person","@id":"https:\/\/buletin.de\/bucuresti\/#\/schema\/person\/ab174cf6711728e4ee83d672acf9a912","name":"Adina C\u0103p\u00eelnean","image":{"@type":"ImageObject","inLanguage":"en-GB","@id":"https:\/\/secure.gravatar.com\/avatar\/4fe9675d6282fd7c1aa4e486a037d532d5728fc16a30360f293eb6126b2e73ad?s=96&d=monsterid&r=ge2b23868508aec3460d3c6a11d3b599a","url":"https:\/\/secure.gravatar.com\/avatar\/4fe9675d6282fd7c1aa4e486a037d532d5728fc16a30360f293eb6126b2e73ad?s=96&d=monsterid&r=g","contentUrl":"https:\/\/secure.gravatar.com\/avatar\/4fe9675d6282fd7c1aa4e486a037d532d5728fc16a30360f293eb6126b2e73ad?s=96&d=monsterid&r=g","caption":"Adina C\u0103p\u00eelnean"},"url":"https:\/\/buletin.de\/bucuresti\/author\/adinacapilnean\/"}]}},"authors":[{"term_id":22580,"user_id":47,"is_guest":0,"slug":"adinacapilnean","display_name":"Adina C\u0103p\u00eelnean","avatar_url":"https:\/\/secure.gravatar.com\/avatar\/4fe9675d6282fd7c1aa4e486a037d532d5728fc16a30360f293eb6126b2e73ad?s=96&d=monsterid&r=g","0":null,"1":"","2":"","3":"","4":"","5":"","6":"","7":"","8":""}],"_links":{"self":[{"href":"https:\/\/buletin.de\/bucuresti\/wp-json\/wp\/v2\/posts\/57844","targetHints":{"allow":["GET"]}}],"collection":[{"href":"https:\/\/buletin.de\/bucuresti\/wp-json\/wp\/v2\/posts"}],"about":[{"href":"https:\/\/buletin.de\/bucuresti\/wp-json\/wp\/v2\/types\/post"}],"author":[{"embeddable":true,"href":"https:\/\/buletin.de\/bucuresti\/wp-json\/wp\/v2\/users\/47"}],"replies":[{"embeddable":true,"href":"https:\/\/buletin.de\/bucuresti\/wp-json\/wp\/v2\/comments?post=57844"}],"version-history":[{"count":5,"href":"https:\/\/buletin.de\/bucuresti\/wp-json\/wp\/v2\/posts\/57844\/revisions"}],"predecessor-version":[{"id":57857,"href":"https:\/\/buletin.de\/bucuresti\/wp-json\/wp\/v2\/posts\/57844\/revisions\/57857"}],"wp:featuredmedia":[{"embeddable":true,"href":"https:\/\/buletin.de\/bucuresti\/wp-json\/wp\/v2\/media\/57845"}],"wp:attachment":[{"href":"https:\/\/buletin.de\/bucuresti\/wp-json\/wp\/v2\/media?parent=57844"}],"wp:term":[{"taxonomy":"category","embeddable":true,"href":"https:\/\/buletin.de\/bucuresti\/wp-json\/wp\/v2\/categories?post=57844"},{"taxonomy":"post_tag","embeddable":true,"href":"https:\/\/buletin.de\/bucuresti\/wp-json\/wp\/v2\/tags?post=57844"},{"taxonomy":"author","embeddable":true,"href":"https:\/\/buletin.de\/bucuresti\/wp-json\/wp\/v2\/ppma_author?post=57844"}],"curies":[{"name":"wp","href":"https:\/\/api.w.org\/{rel}","templated":true}]}}