{"id":57836,"date":"2023-04-21T14:24:39","date_gmt":"2023-04-21T12:24:39","guid":{"rendered":"https:\/\/buletin.de\/bucuresti\/?p=57836"},"modified":"2023-04-21T14:24:40","modified_gmt":"2023-04-21T12:24:40","slug":"design-week-2023-intre-12-si-28-mai-in-piata-amzei-vor-fi-expuse-peste-160-de-proiecte-locale-de-arhitectura-si-design","status":"publish","type":"post","link":"https:\/\/buletin.de\/bucuresti\/design-week-2023-intre-12-si-28-mai-in-piata-amzei-vor-fi-expuse-peste-160-de-proiecte-locale-de-arhitectura-si-design\/","title":{"rendered":"Design Week 2023 | \u00centre 12 \u0219i 28 mai, \u00een Pia\u021ba Amzei vor fi expuse peste 160 de proiecte locale de arhitectur\u0103 \u0219i design"},"content":{"rendered":"\n<p>Expozi\u021bia RDW2023 este a unsprezecea edi\u021bie a festivalului ce expune cele mai recente proiecte locale de arhitectur\u0103 \u0219i design. Proiectele sunt alese \u00een urma unei aplica\u021bii deschise la care au fost invita\u021bi s\u0103 aplice \u201ec\u00e2t mai mul\u021bi designeri \u0219i arhitec\u021bi, <em>valida\u021bi de propriile bresle, cu publicul larg,<\/em> \u0219i s\u0103 creasc\u0103 astfel, al\u0103turi de comunitate, standardele proiectelor locale\u201d. Proiectul este realizat de Prim\u0103ria Sectorului 1, \u00eempreun\u0103 cu The Institute, iar designul expozi\u021bional este semnat de Attila Kim Architects.<\/p>\n\n\n\n<figure class=\"wp-block-image size-large\"><img fetchpriority=\"high\" decoding=\"async\" width=\"900\" height=\"599\" src=\"data:image\/gif;base64,R0lGODlhAQABAAAAACH5BAEKAAEALAAAAAABAAEAAAICTAEAOw==\" data-src=\"https:\/\/buletin.de\/bucuresti\/wp-content\/uploads\/RDW-2015-6_0-900x599.jpg\" alt=\"\" class=\"wp-image-57837 lazyload\" data-sizes=\"auto\" data-srcset=\"https:\/\/buletin.de\/bucuresti\/wp-content\/uploads\/RDW-2015-6_0-900x599.jpg 900w, https:\/\/buletin.de\/bucuresti\/wp-content\/uploads\/RDW-2015-6_0-300x200.jpg 300w, https:\/\/buletin.de\/bucuresti\/wp-content\/uploads\/RDW-2015-6_0-768x511.jpg 768w, https:\/\/buletin.de\/bucuresti\/wp-content\/uploads\/RDW-2015-6_0-1536x1022.jpg 1536w, https:\/\/buletin.de\/bucuresti\/wp-content\/uploads\/RDW-2015-6_0-1060x705.jpg 1060w, https:\/\/buletin.de\/bucuresti\/wp-content\/uploads\/RDW-2015-6_0-550x366.jpg 550w, https:\/\/buletin.de\/bucuresti\/wp-content\/uploads\/RDW-2015-6_0-751x500.jpg 751w, https:\/\/buletin.de\/bucuresti\/wp-content\/uploads\/RDW-2015-6_0-1920x1278.jpg 1920w, https:\/\/buletin.de\/bucuresti\/wp-content\/uploads\/RDW-2015-6_0-1623x1080.jpg 1623w, https:\/\/buletin.de\/bucuresti\/wp-content\/uploads\/RDW-2015-6_0-600x399.jpg 600w, https:\/\/buletin.de\/bucuresti\/wp-content\/uploads\/RDW-2015-6_0.jpg 2000w\" sizes=\"(max-width: 900px) 100vw, 900px\" \/><\/figure>\n\n\n\n<p>Dintr-un total de 430 de aplica\u021bii, au fost alese 162 de proiecte ce vor fi expuse fizic, \u0219i 128 de proiecte<strong> <\/strong>care vor fi prezentate online pe platforma romaniandesignweek.ro, ca parte din arhiva digital\u0103 Best Practices \u201epe care festivalul o \u00eencepe odat\u0103 cu edi\u021bia 2023 \u0219i o va continua anii viitori\u201d. Lista complet\u0103 a persoanelor selectat\u0103 poate fi g\u0103sit\u0103 <a href=\"https:\/\/romaniandesignweek.ro\/article\/expozitia-rdw2023-va-prezenta-160-de-proiecte-locale-de-arhitectura-si-design#\">aici.<\/a><\/p>\n\n\n\n<p>Procesul de selec\u021bie s-a desf\u0103\u0219urat \u00een dou\u0103 etape, prima fiind realizat\u0103 de \u201eComunitatea RDW, format\u0103 din participan\u021bi ai ultimei expozi\u021bii cu call din cadrul festivalului (edi\u021bia 2021)\u201d iar a doua etap\u0103 a fost realizat\u0103 de echipe de c\u00e2te doi curatori, unul local \u0219i unul interna\u021bional. \u00cen total lucr\u0103rile selectate au trecut prin fa\u021ba a cel pu\u021bin peste 60 de oameni specializa\u021bi \u00een domeniu, lista complet\u0103 put\u00e2nd fi consultat\u0103 <a href=\"https:\/\/www.romaniandesignweek.ro\/article\/expozitia-dedicata-arhitecturii-si-designului-locale-revine-la-romanian-design-week\">aici.<\/a><\/p>\n\n\n\n<p>Despre alegerea loca\u021biei festivalului, Clotilde Armand, primarul Sectorului 1 a declarat urm\u0103toarele:<\/p>\n\n\n\n<p>\u201eAni de zile, Pia\u021ba Amzei a fost abandonat\u0103 de autorit\u0103\u021bi \u0219i de fostele administra\u021bii locale. Am decis s\u0103 convertim acest spa\u021biu \u0219i s\u0103-l punem pe harta lumii artistice interna\u021bionale. Doar prin colaborare \u0219i prin dialog permanent cu sectorul independent creativ \u0219i cultural putem redeschide sau regenera spa\u021bii \u0219i cl\u0103diri subutilizate \u00eentr-un mod corect \u0219i sustenabil \u0219i putem realiza astfel spa\u021bii de utilitate public\u0103 de calitate, aduc\u00e2nd inova\u021bia mai aproape de ora\u0219 \u0219i de cet\u0103\u021beni.\u201d<\/p>\n\n\n\n<p>Pe l\u00e2ng\u0103 RDW Exhibition, alte formate vor completa experien\u021ba din Pia\u021ba Amzei:&nbsp;<\/p>\n\n\n\n<ul class=\"wp-block-list\"><li>\u201eYoung design powered by Diploma care vine cu perspectiva noii genera\u021bii de arhitec\u021bi \u0219i designeri rom\u00e2ni \u00eentr-o expozi\u021bie multidisciplinar\u0103<\/li><li>RDW Social, un context potrivit pentru \u00eent\u00e2lniri \u0219i discu\u021bii,<\/li><li>RDW Market, care va pune la dispozi\u021bia publicului un spa\u021biu de dialog, o galerie de design, dar \u0219i o serie de magazine-capsul\u0103, cu obiecte speciale ce vor putea fi admirate \u0219i \u00een expozi\u021bia RDW \u0219i Creative Corner, unde va avea loc expozi\u021bia Circular Catalysts, un program de rezilien\u021b\u0103 \u0219i dezvoltare durabil\u0103 local\u0103 prin design \u0219i me\u0219te\u0219ug, realizat de British Council Rom\u00e2nia, \u00een parteneriat cu Institutul Cultural Rom\u00e2n\u201d.<\/li><\/ul>\n\n\n\n<p>Surs\u0103 fotografii: romaniandesignweek.ro<\/p>\n","protected":false},"excerpt":{"rendered":"<p>Expozi\u021bia RDW2023 este a unsprezecea edi\u021bie a festivalului ce expune cele mai recente proiecte locale de arhitectur\u0103 \u0219i design. Proiectele sunt alese \u00een urma unei aplica\u021bii deschise la care au fost invita\u021bi s\u0103 aplice \u201ec\u00e2t mai mul\u021bi designeri \u0219i arhitec\u021bi, valida\u021bi de propriile bresle, cu publicul larg, \u0219i s\u0103 creasc\u0103 astfel, al\u0103turi de comunitate, standardele [&hellip;]<\/p>\n","protected":false},"author":47,"featured_media":57838,"comment_status":"closed","ping_status":"open","sticky":false,"template":"","format":"standard","meta":{"_acf_changed":false,"inline_featured_image":false,"ngg_post_thumbnail":0,"footnotes":""},"categories":[62],"tags":[],"ppma_author":[22580],"class_list":["post-57836","post","type-post","status-publish","format-standard","has-post-thumbnail","hentry","category-stiri"],"acf":[],"yoast_head":"<!-- This site is optimized with the Yoast SEO Premium plugin v25.3 (Yoast SEO v27.4) - https:\/\/yoast.com\/product\/yoast-seo-premium-wordpress\/ -->\n<title>Design Week 2023 | \u00centre 12 \u0219i 28 mai, \u00een Pia\u021ba Amzei vor fi expuse peste 160 de proiecte locale de arhitectur\u0103 \u0219i design - Buletin de Bucure\u0219ti<\/title>\n<meta name=\"robots\" content=\"index, follow, max-snippet:-1, max-image-preview:large, max-video-preview:-1\" \/>\n<link rel=\"canonical\" href=\"https:\/\/buletin.de\/bucuresti\/design-week-2023-intre-12-si-28-mai-in-piata-amzei-vor-fi-expuse-peste-160-de-proiecte-locale-de-arhitectura-si-design\/\" \/>\n<meta property=\"og:locale\" content=\"en_GB\" \/>\n<meta property=\"og:type\" content=\"article\" \/>\n<meta property=\"og:title\" content=\"Design Week 2023 | \u00centre 12 \u0219i 28 mai, \u00een Pia\u021ba Amzei vor fi expuse peste 160 de proiecte locale de arhitectur\u0103 \u0219i design\" \/>\n<meta property=\"og:description\" content=\"Expozi\u021bia RDW2023 este a unsprezecea edi\u021bie a festivalului ce expune cele mai recente proiecte locale de arhitectur\u0103 \u0219i design. Proiectele sunt alese \u00een urma unei aplica\u021bii deschise la care au fost invita\u021bi s\u0103 aplice \u201ec\u00e2t mai mul\u021bi designeri \u0219i arhitec\u021bi, valida\u021bi de propriile bresle, cu publicul larg, \u0219i s\u0103 creasc\u0103 astfel, al\u0103turi de comunitate, standardele [&hellip;]\" \/>\n<meta property=\"og:url\" content=\"https:\/\/buletin.de\/bucuresti\/design-week-2023-intre-12-si-28-mai-in-piata-amzei-vor-fi-expuse-peste-160-de-proiecte-locale-de-arhitectura-si-design\/\" \/>\n<meta property=\"og:site_name\" content=\"Buletin de Bucure\u0219ti\" \/>\n<meta property=\"article:publisher\" content=\"https:\/\/www.facebook.com\/buletin.de.buc\" \/>\n<meta property=\"article:published_time\" content=\"2023-04-21T12:24:39+00:00\" \/>\n<meta property=\"article:modified_time\" content=\"2023-04-21T12:24:40+00:00\" \/>\n<meta property=\"og:image\" content=\"https:\/\/buletin.de\/bucuresti\/wp-content\/uploads\/Page_Cover_Anunt-festival.png\" \/>\n\t<meta property=\"og:image:width\" content=\"1600\" \/>\n\t<meta property=\"og:image:height\" content=\"720\" \/>\n\t<meta property=\"og:image:type\" content=\"image\/png\" \/>\n<meta name=\"author\" content=\"Adina C\u0103p\u00eelnean\" \/>\n<meta name=\"twitter:card\" content=\"summary_large_image\" \/>\n<meta name=\"twitter:label1\" content=\"Written by\" \/>\n\t<meta name=\"twitter:data1\" content=\"Adina C\u0103p\u00eelnean\" \/>\n\t<meta name=\"twitter:label2\" content=\"Estimated reading time\" \/>\n\t<meta name=\"twitter:data2\" content=\"2 minutes\" \/>\n<script type=\"application\/ld+json\" class=\"yoast-schema-graph\">{\"@context\":\"https:\\\/\\\/schema.org\",\"@graph\":[{\"@type\":\"Article\",\"@id\":\"https:\\\/\\\/buletin.de\\\/bucuresti\\\/design-week-2023-intre-12-si-28-mai-in-piata-amzei-vor-fi-expuse-peste-160-de-proiecte-locale-de-arhitectura-si-design\\\/#article\",\"isPartOf\":{\"@id\":\"https:\\\/\\\/buletin.de\\\/bucuresti\\\/design-week-2023-intre-12-si-28-mai-in-piata-amzei-vor-fi-expuse-peste-160-de-proiecte-locale-de-arhitectura-si-design\\\/\"},\"author\":{\"name\":\"Adina C\u0103p\u00eelnean\",\"@id\":\"https:\\\/\\\/buletin.de\\\/bucuresti\\\/#\\\/schema\\\/person\\\/ab174cf6711728e4ee83d672acf9a912\"},\"headline\":\"Design Week 2023 | \u00centre 12 \u0219i 28 mai, \u00een Pia\u021ba Amzei vor fi expuse peste 160 de proiecte locale de arhitectur\u0103 \u0219i design\",\"datePublished\":\"2023-04-21T12:24:39+00:00\",\"dateModified\":\"2023-04-21T12:24:40+00:00\",\"mainEntityOfPage\":{\"@id\":\"https:\\\/\\\/buletin.de\\\/bucuresti\\\/design-week-2023-intre-12-si-28-mai-in-piata-amzei-vor-fi-expuse-peste-160-de-proiecte-locale-de-arhitectura-si-design\\\/\"},\"wordCount\":474,\"publisher\":{\"@id\":\"https:\\\/\\\/buletin.de\\\/bucuresti\\\/#organization\"},\"image\":{\"@id\":\"https:\\\/\\\/buletin.de\\\/bucuresti\\\/design-week-2023-intre-12-si-28-mai-in-piata-amzei-vor-fi-expuse-peste-160-de-proiecte-locale-de-arhitectura-si-design\\\/#primaryimage\"},\"thumbnailUrl\":\"https:\\\/\\\/buletin.de\\\/bucuresti\\\/wp-content\\\/uploads\\\/Page_Cover_Anunt-festival.png\",\"articleSection\":[\"\u0218tiri\"],\"inLanguage\":\"en-GB\",\"copyrightYear\":\"2023\",\"copyrightHolder\":{\"@id\":\"https:\\\/\\\/buletin.de\\\/bucuresti\\\/#organization\"}},{\"@type\":\"WebPage\",\"@id\":\"https:\\\/\\\/buletin.de\\\/bucuresti\\\/design-week-2023-intre-12-si-28-mai-in-piata-amzei-vor-fi-expuse-peste-160-de-proiecte-locale-de-arhitectura-si-design\\\/\",\"url\":\"https:\\\/\\\/buletin.de\\\/bucuresti\\\/design-week-2023-intre-12-si-28-mai-in-piata-amzei-vor-fi-expuse-peste-160-de-proiecte-locale-de-arhitectura-si-design\\\/\",\"name\":\"Design Week 2023 | \u00centre 12 \u0219i 28 mai, \u00een Pia\u021ba Amzei vor fi expuse peste 160 de proiecte locale de arhitectur\u0103 \u0219i design - Buletin de Bucure\u0219ti\",\"isPartOf\":{\"@id\":\"https:\\\/\\\/buletin.de\\\/bucuresti\\\/#website\"},\"primaryImageOfPage\":{\"@id\":\"https:\\\/\\\/buletin.de\\\/bucuresti\\\/design-week-2023-intre-12-si-28-mai-in-piata-amzei-vor-fi-expuse-peste-160-de-proiecte-locale-de-arhitectura-si-design\\\/#primaryimage\"},\"image\":{\"@id\":\"https:\\\/\\\/buletin.de\\\/bucuresti\\\/design-week-2023-intre-12-si-28-mai-in-piata-amzei-vor-fi-expuse-peste-160-de-proiecte-locale-de-arhitectura-si-design\\\/#primaryimage\"},\"thumbnailUrl\":\"https:\\\/\\\/buletin.de\\\/bucuresti\\\/wp-content\\\/uploads\\\/Page_Cover_Anunt-festival.png\",\"datePublished\":\"2023-04-21T12:24:39+00:00\",\"dateModified\":\"2023-04-21T12:24:40+00:00\",\"breadcrumb\":{\"@id\":\"https:\\\/\\\/buletin.de\\\/bucuresti\\\/design-week-2023-intre-12-si-28-mai-in-piata-amzei-vor-fi-expuse-peste-160-de-proiecte-locale-de-arhitectura-si-design\\\/#breadcrumb\"},\"inLanguage\":\"en-GB\",\"potentialAction\":[{\"@type\":\"ReadAction\",\"target\":[\"https:\\\/\\\/buletin.de\\\/bucuresti\\\/design-week-2023-intre-12-si-28-mai-in-piata-amzei-vor-fi-expuse-peste-160-de-proiecte-locale-de-arhitectura-si-design\\\/\"]}]},{\"@type\":\"ImageObject\",\"inLanguage\":\"en-GB\",\"@id\":\"https:\\\/\\\/buletin.de\\\/bucuresti\\\/design-week-2023-intre-12-si-28-mai-in-piata-amzei-vor-fi-expuse-peste-160-de-proiecte-locale-de-arhitectura-si-design\\\/#primaryimage\",\"url\":\"https:\\\/\\\/buletin.de\\\/bucuresti\\\/wp-content\\\/uploads\\\/Page_Cover_Anunt-festival.png\",\"contentUrl\":\"https:\\\/\\\/buletin.de\\\/bucuresti\\\/wp-content\\\/uploads\\\/Page_Cover_Anunt-festival.png\",\"width\":1600,\"height\":720},{\"@type\":\"BreadcrumbList\",\"@id\":\"https:\\\/\\\/buletin.de\\\/bucuresti\\\/design-week-2023-intre-12-si-28-mai-in-piata-amzei-vor-fi-expuse-peste-160-de-proiecte-locale-de-arhitectura-si-design\\\/#breadcrumb\",\"itemListElement\":[{\"@type\":\"ListItem\",\"position\":1,\"name\":\"Acas\u0103\",\"item\":\"https:\\\/\\\/buletin.de\\\/bucuresti\\\/\"},{\"@type\":\"ListItem\",\"position\":2,\"name\":\"Design Week 2023 | \u00centre 12 \u0219i 28 mai, \u00een Pia\u021ba Amzei vor fi expuse peste 160 de proiecte locale de arhitectur\u0103 \u0219i design\"}]},{\"@type\":\"WebSite\",\"@id\":\"https:\\\/\\\/buletin.de\\\/bucuresti\\\/#website\",\"url\":\"https:\\\/\\\/buletin.de\\\/bucuresti\\\/\",\"name\":\"Buletin de Bucure\u0219ti\",\"description\":\"\u0218tiri \u0219i investiga\u021bii esen\u021biale din capital\u0103\",\"publisher\":{\"@id\":\"https:\\\/\\\/buletin.de\\\/bucuresti\\\/#organization\"},\"potentialAction\":[{\"@type\":\"SearchAction\",\"target\":{\"@type\":\"EntryPoint\",\"urlTemplate\":\"https:\\\/\\\/buletin.de\\\/bucuresti\\\/?s={search_term_string}\"},\"query-input\":{\"@type\":\"PropertyValueSpecification\",\"valueRequired\":true,\"valueName\":\"search_term_string\"}}],\"inLanguage\":\"en-GB\"},{\"@type\":\"Organization\",\"@id\":\"https:\\\/\\\/buletin.de\\\/bucuresti\\\/#organization\",\"name\":\"Buletin de Bucure\u0219ti\",\"url\":\"https:\\\/\\\/buletin.de\\\/bucuresti\\\/\",\"logo\":{\"@type\":\"ImageObject\",\"inLanguage\":\"en-GB\",\"@id\":\"https:\\\/\\\/buletin.de\\\/bucuresti\\\/#\\\/schema\\\/logo\\\/image\\\/\",\"url\":\"https:\\\/\\\/buletin.de\\\/bucuresti\\\/wp-content\\\/uploads\\\/logo-bdb-full-wide-vernil-transparent.png\",\"contentUrl\":\"https:\\\/\\\/buletin.de\\\/bucuresti\\\/wp-content\\\/uploads\\\/logo-bdb-full-wide-vernil-transparent.png\",\"width\":1782,\"height\":626,\"caption\":\"Buletin de Bucure\u0219ti\"},\"image\":{\"@id\":\"https:\\\/\\\/buletin.de\\\/bucuresti\\\/#\\\/schema\\\/logo\\\/image\\\/\"},\"sameAs\":[\"https:\\\/\\\/www.facebook.com\\\/buletin.de.buc\",\"https:\\\/\\\/www.instagram.com\\\/buletinde.bucuresti\\\/\"]},{\"@type\":\"Person\",\"@id\":\"https:\\\/\\\/buletin.de\\\/bucuresti\\\/#\\\/schema\\\/person\\\/ab174cf6711728e4ee83d672acf9a912\",\"name\":\"Adina C\u0103p\u00eelnean\",\"image\":{\"@type\":\"ImageObject\",\"inLanguage\":\"en-GB\",\"@id\":\"https:\\\/\\\/secure.gravatar.com\\\/avatar\\\/4fe9675d6282fd7c1aa4e486a037d532d5728fc16a30360f293eb6126b2e73ad?s=96&d=monsterid&r=ge2b23868508aec3460d3c6a11d3b599a\",\"url\":\"https:\\\/\\\/secure.gravatar.com\\\/avatar\\\/4fe9675d6282fd7c1aa4e486a037d532d5728fc16a30360f293eb6126b2e73ad?s=96&d=monsterid&r=g\",\"contentUrl\":\"https:\\\/\\\/secure.gravatar.com\\\/avatar\\\/4fe9675d6282fd7c1aa4e486a037d532d5728fc16a30360f293eb6126b2e73ad?s=96&d=monsterid&r=g\",\"caption\":\"Adina C\u0103p\u00eelnean\"},\"url\":\"https:\\\/\\\/buletin.de\\\/bucuresti\\\/author\\\/adinacapilnean\\\/\"}]}<\/script>\n<!-- \/ Yoast SEO Premium plugin. -->","yoast_head_json":{"title":"Design Week 2023 | \u00centre 12 \u0219i 28 mai, \u00een Pia\u021ba Amzei vor fi expuse peste 160 de proiecte locale de arhitectur\u0103 \u0219i design - Buletin de Bucure\u0219ti","robots":{"index":"index","follow":"follow","max-snippet":"max-snippet:-1","max-image-preview":"max-image-preview:large","max-video-preview":"max-video-preview:-1"},"canonical":"https:\/\/buletin.de\/bucuresti\/design-week-2023-intre-12-si-28-mai-in-piata-amzei-vor-fi-expuse-peste-160-de-proiecte-locale-de-arhitectura-si-design\/","og_locale":"en_GB","og_type":"article","og_title":"Design Week 2023 | \u00centre 12 \u0219i 28 mai, \u00een Pia\u021ba Amzei vor fi expuse peste 160 de proiecte locale de arhitectur\u0103 \u0219i design","og_description":"Expozi\u021bia RDW2023 este a unsprezecea edi\u021bie a festivalului ce expune cele mai recente proiecte locale de arhitectur\u0103 \u0219i design. Proiectele sunt alese \u00een urma unei aplica\u021bii deschise la care au fost invita\u021bi s\u0103 aplice \u201ec\u00e2t mai mul\u021bi designeri \u0219i arhitec\u021bi, valida\u021bi de propriile bresle, cu publicul larg, \u0219i s\u0103 creasc\u0103 astfel, al\u0103turi de comunitate, standardele [&hellip;]","og_url":"https:\/\/buletin.de\/bucuresti\/design-week-2023-intre-12-si-28-mai-in-piata-amzei-vor-fi-expuse-peste-160-de-proiecte-locale-de-arhitectura-si-design\/","og_site_name":"Buletin de Bucure\u0219ti","article_publisher":"https:\/\/www.facebook.com\/buletin.de.buc","article_published_time":"2023-04-21T12:24:39+00:00","article_modified_time":"2023-04-21T12:24:40+00:00","og_image":[{"width":1600,"height":720,"url":"https:\/\/buletin.de\/bucuresti\/wp-content\/uploads\/Page_Cover_Anunt-festival.png","type":"image\/png"}],"author":"Adina C\u0103p\u00eelnean","twitter_card":"summary_large_image","twitter_misc":{"Written by":"Adina C\u0103p\u00eelnean","Estimated reading time":"2 minutes"},"schema":{"@context":"https:\/\/schema.org","@graph":[{"@type":"Article","@id":"https:\/\/buletin.de\/bucuresti\/design-week-2023-intre-12-si-28-mai-in-piata-amzei-vor-fi-expuse-peste-160-de-proiecte-locale-de-arhitectura-si-design\/#article","isPartOf":{"@id":"https:\/\/buletin.de\/bucuresti\/design-week-2023-intre-12-si-28-mai-in-piata-amzei-vor-fi-expuse-peste-160-de-proiecte-locale-de-arhitectura-si-design\/"},"author":{"name":"Adina C\u0103p\u00eelnean","@id":"https:\/\/buletin.de\/bucuresti\/#\/schema\/person\/ab174cf6711728e4ee83d672acf9a912"},"headline":"Design Week 2023 | \u00centre 12 \u0219i 28 mai, \u00een Pia\u021ba Amzei vor fi expuse peste 160 de proiecte locale de arhitectur\u0103 \u0219i design","datePublished":"2023-04-21T12:24:39+00:00","dateModified":"2023-04-21T12:24:40+00:00","mainEntityOfPage":{"@id":"https:\/\/buletin.de\/bucuresti\/design-week-2023-intre-12-si-28-mai-in-piata-amzei-vor-fi-expuse-peste-160-de-proiecte-locale-de-arhitectura-si-design\/"},"wordCount":474,"publisher":{"@id":"https:\/\/buletin.de\/bucuresti\/#organization"},"image":{"@id":"https:\/\/buletin.de\/bucuresti\/design-week-2023-intre-12-si-28-mai-in-piata-amzei-vor-fi-expuse-peste-160-de-proiecte-locale-de-arhitectura-si-design\/#primaryimage"},"thumbnailUrl":"https:\/\/buletin.de\/bucuresti\/wp-content\/uploads\/Page_Cover_Anunt-festival.png","articleSection":["\u0218tiri"],"inLanguage":"en-GB","copyrightYear":"2023","copyrightHolder":{"@id":"https:\/\/buletin.de\/bucuresti\/#organization"}},{"@type":"WebPage","@id":"https:\/\/buletin.de\/bucuresti\/design-week-2023-intre-12-si-28-mai-in-piata-amzei-vor-fi-expuse-peste-160-de-proiecte-locale-de-arhitectura-si-design\/","url":"https:\/\/buletin.de\/bucuresti\/design-week-2023-intre-12-si-28-mai-in-piata-amzei-vor-fi-expuse-peste-160-de-proiecte-locale-de-arhitectura-si-design\/","name":"Design Week 2023 | \u00centre 12 \u0219i 28 mai, \u00een Pia\u021ba Amzei vor fi expuse peste 160 de proiecte locale de arhitectur\u0103 \u0219i design - Buletin de Bucure\u0219ti","isPartOf":{"@id":"https:\/\/buletin.de\/bucuresti\/#website"},"primaryImageOfPage":{"@id":"https:\/\/buletin.de\/bucuresti\/design-week-2023-intre-12-si-28-mai-in-piata-amzei-vor-fi-expuse-peste-160-de-proiecte-locale-de-arhitectura-si-design\/#primaryimage"},"image":{"@id":"https:\/\/buletin.de\/bucuresti\/design-week-2023-intre-12-si-28-mai-in-piata-amzei-vor-fi-expuse-peste-160-de-proiecte-locale-de-arhitectura-si-design\/#primaryimage"},"thumbnailUrl":"https:\/\/buletin.de\/bucuresti\/wp-content\/uploads\/Page_Cover_Anunt-festival.png","datePublished":"2023-04-21T12:24:39+00:00","dateModified":"2023-04-21T12:24:40+00:00","breadcrumb":{"@id":"https:\/\/buletin.de\/bucuresti\/design-week-2023-intre-12-si-28-mai-in-piata-amzei-vor-fi-expuse-peste-160-de-proiecte-locale-de-arhitectura-si-design\/#breadcrumb"},"inLanguage":"en-GB","potentialAction":[{"@type":"ReadAction","target":["https:\/\/buletin.de\/bucuresti\/design-week-2023-intre-12-si-28-mai-in-piata-amzei-vor-fi-expuse-peste-160-de-proiecte-locale-de-arhitectura-si-design\/"]}]},{"@type":"ImageObject","inLanguage":"en-GB","@id":"https:\/\/buletin.de\/bucuresti\/design-week-2023-intre-12-si-28-mai-in-piata-amzei-vor-fi-expuse-peste-160-de-proiecte-locale-de-arhitectura-si-design\/#primaryimage","url":"https:\/\/buletin.de\/bucuresti\/wp-content\/uploads\/Page_Cover_Anunt-festival.png","contentUrl":"https:\/\/buletin.de\/bucuresti\/wp-content\/uploads\/Page_Cover_Anunt-festival.png","width":1600,"height":720},{"@type":"BreadcrumbList","@id":"https:\/\/buletin.de\/bucuresti\/design-week-2023-intre-12-si-28-mai-in-piata-amzei-vor-fi-expuse-peste-160-de-proiecte-locale-de-arhitectura-si-design\/#breadcrumb","itemListElement":[{"@type":"ListItem","position":1,"name":"Acas\u0103","item":"https:\/\/buletin.de\/bucuresti\/"},{"@type":"ListItem","position":2,"name":"Design Week 2023 | \u00centre 12 \u0219i 28 mai, \u00een Pia\u021ba Amzei vor fi expuse peste 160 de proiecte locale de arhitectur\u0103 \u0219i design"}]},{"@type":"WebSite","@id":"https:\/\/buletin.de\/bucuresti\/#website","url":"https:\/\/buletin.de\/bucuresti\/","name":"Buletin de Bucure\u0219ti","description":"\u0218tiri \u0219i investiga\u021bii esen\u021biale din capital\u0103","publisher":{"@id":"https:\/\/buletin.de\/bucuresti\/#organization"},"potentialAction":[{"@type":"SearchAction","target":{"@type":"EntryPoint","urlTemplate":"https:\/\/buletin.de\/bucuresti\/?s={search_term_string}"},"query-input":{"@type":"PropertyValueSpecification","valueRequired":true,"valueName":"search_term_string"}}],"inLanguage":"en-GB"},{"@type":"Organization","@id":"https:\/\/buletin.de\/bucuresti\/#organization","name":"Buletin de Bucure\u0219ti","url":"https:\/\/buletin.de\/bucuresti\/","logo":{"@type":"ImageObject","inLanguage":"en-GB","@id":"https:\/\/buletin.de\/bucuresti\/#\/schema\/logo\/image\/","url":"https:\/\/buletin.de\/bucuresti\/wp-content\/uploads\/logo-bdb-full-wide-vernil-transparent.png","contentUrl":"https:\/\/buletin.de\/bucuresti\/wp-content\/uploads\/logo-bdb-full-wide-vernil-transparent.png","width":1782,"height":626,"caption":"Buletin de Bucure\u0219ti"},"image":{"@id":"https:\/\/buletin.de\/bucuresti\/#\/schema\/logo\/image\/"},"sameAs":["https:\/\/www.facebook.com\/buletin.de.buc","https:\/\/www.instagram.com\/buletinde.bucuresti\/"]},{"@type":"Person","@id":"https:\/\/buletin.de\/bucuresti\/#\/schema\/person\/ab174cf6711728e4ee83d672acf9a912","name":"Adina C\u0103p\u00eelnean","image":{"@type":"ImageObject","inLanguage":"en-GB","@id":"https:\/\/secure.gravatar.com\/avatar\/4fe9675d6282fd7c1aa4e486a037d532d5728fc16a30360f293eb6126b2e73ad?s=96&d=monsterid&r=ge2b23868508aec3460d3c6a11d3b599a","url":"https:\/\/secure.gravatar.com\/avatar\/4fe9675d6282fd7c1aa4e486a037d532d5728fc16a30360f293eb6126b2e73ad?s=96&d=monsterid&r=g","contentUrl":"https:\/\/secure.gravatar.com\/avatar\/4fe9675d6282fd7c1aa4e486a037d532d5728fc16a30360f293eb6126b2e73ad?s=96&d=monsterid&r=g","caption":"Adina C\u0103p\u00eelnean"},"url":"https:\/\/buletin.de\/bucuresti\/author\/adinacapilnean\/"}]}},"authors":[{"term_id":22580,"user_id":47,"is_guest":0,"slug":"adinacapilnean","display_name":"Adina C\u0103p\u00eelnean","avatar_url":"https:\/\/secure.gravatar.com\/avatar\/4fe9675d6282fd7c1aa4e486a037d532d5728fc16a30360f293eb6126b2e73ad?s=96&d=monsterid&r=g","0":null,"1":"","2":"","3":"","4":"","5":"","6":"","7":"","8":""}],"_links":{"self":[{"href":"https:\/\/buletin.de\/bucuresti\/wp-json\/wp\/v2\/posts\/57836","targetHints":{"allow":["GET"]}}],"collection":[{"href":"https:\/\/buletin.de\/bucuresti\/wp-json\/wp\/v2\/posts"}],"about":[{"href":"https:\/\/buletin.de\/bucuresti\/wp-json\/wp\/v2\/types\/post"}],"author":[{"embeddable":true,"href":"https:\/\/buletin.de\/bucuresti\/wp-json\/wp\/v2\/users\/47"}],"replies":[{"embeddable":true,"href":"https:\/\/buletin.de\/bucuresti\/wp-json\/wp\/v2\/comments?post=57836"}],"version-history":[{"count":2,"href":"https:\/\/buletin.de\/bucuresti\/wp-json\/wp\/v2\/posts\/57836\/revisions"}],"predecessor-version":[{"id":57840,"href":"https:\/\/buletin.de\/bucuresti\/wp-json\/wp\/v2\/posts\/57836\/revisions\/57840"}],"wp:featuredmedia":[{"embeddable":true,"href":"https:\/\/buletin.de\/bucuresti\/wp-json\/wp\/v2\/media\/57838"}],"wp:attachment":[{"href":"https:\/\/buletin.de\/bucuresti\/wp-json\/wp\/v2\/media?parent=57836"}],"wp:term":[{"taxonomy":"category","embeddable":true,"href":"https:\/\/buletin.de\/bucuresti\/wp-json\/wp\/v2\/categories?post=57836"},{"taxonomy":"post_tag","embeddable":true,"href":"https:\/\/buletin.de\/bucuresti\/wp-json\/wp\/v2\/tags?post=57836"},{"taxonomy":"author","embeddable":true,"href":"https:\/\/buletin.de\/bucuresti\/wp-json\/wp\/v2\/ppma_author?post=57836"}],"curies":[{"name":"wp","href":"https:\/\/api.w.org\/{rel}","templated":true}]}}