{"id":57803,"date":"2023-04-21T08:58:03","date_gmt":"2023-04-21T06:58:03","guid":{"rendered":"https:\/\/buletin.de\/bucuresti\/?p=57803"},"modified":"2023-04-21T08:58:04","modified_gmt":"2023-04-21T06:58:04","slug":"restrictii-de-circulatie-in-capitala-in-acest-weekend-22-23-aprilie","status":"publish","type":"post","link":"https:\/\/buletin.de\/bucuresti\/restrictii-de-circulatie-in-capitala-in-acest-weekend-22-23-aprilie\/","title":{"rendered":"Restric\u021bii de circula\u021bie \u00een Capital\u0103 \u00een acest weekend, 22-23 aprilie"},"content":{"rendered":"\n<p><strong>Weekend plin de evenimente \u00een Capital\u0103. Traficul rutier va fi restric\u021bionat \u00een mai multe zone. <em>Spotlight,<\/em> <em>The Color Run<\/em> \u0219i <em>Bucharest Street Food Festival-Spring Edition<\/em> se num\u0103r\u0103 printre evenimentele care se vor desf\u0103\u0219ura \u00een acest weekend \u0219i care vor impune restric\u021bionarea circula\u021biei rutiere \u00een centrul Capitalei.<\/strong><\/p>\n\n\n\n<p><strong>Spotlight<\/strong><\/p>\n\n\n\n<p>ARCUB &#8211; Centrul Cultural al Municipiului Bucure\u015fti organizeaz\u0103, \u00een perioada 21 \u2013 23 aprilie, \u00eentre orele 19.00-23.00, evenimentul cultural artistic denumit \u201eSpotlight \u2013 Festivalul Interna\u021bional al Luminii Bucure\u0219ti\u201d, const\u00e2nd \u00een spectacole de lumin\u0103, instala\u021bii luminoase \u0219i video mapping. <\/p>\n\n\n\n<p>Pentru buna desf\u0103\u0219urare a evenimentului, \u00een perioada 21 \u2013 23 aprilie, \u00eentre orele 19:00 \u2013 23:00, se va restric\u021biona traficul rutier pe Calea Victoriei, segmentul cuprins \u00eentre Bd. Dacia \u0219i Bd. Regina Elisabeta, f\u0103r\u0103 afectarea intersec\u021biilor (se va permite traversul auto pe la intersec\u021bia cu Str. Ion C\u00e2mpineanu), informeaz\u0103 Brigada Rutier\u0103.<\/p>\n\n\n\n<p>Pe durata restric\u0163iilor se va asigura o band\u0103 de urgen\u0163\u0103 pentru accesul auto la institu\u021biile din zona afectat\u0103.<\/p>\n\n\n\n<p>Rute ocolitoare:<br>-Bd. Lasc\u0103r Catargiu \u2013 Bd. Gheorge Magheru \u2013 Bd. Nicolae B\u0103lcescu \u2013 Bd. I.C. Br\u0103tianu;<br>-Str. Buze\u0219ti \u2013 Str. Berzei \u2013 Str. Vasile P\u00e2rvan \u2013 Splaiul Independen\u021bei.<\/p>\n\n\n\n<p><strong>The Color Run<\/strong><\/p>\n\n\n\n<p>S\u00e2mb\u0103t\u0103, 22 aprilie, va avea loc evenimentul sportiv <strong>\u201eThe Color Run Spectacolor Bucure\u0219ti 2023\u201d<\/strong>, pe urm\u0103torul traseu: <em>parcarea Bibliotecii Na\u021bionale \u2013 Bd. Mircea Vod\u0103 \u2013 Bd. Unirii \u2013 Pia\u021ba Alba Iulia (f\u0103r\u0103 afectarea traficului rutier din rond) \u0219i retur pe Bd. Unirii p\u00e2n\u0103 \u00een dreptul podului \u0218erban Vod\u0103 (f\u0103r\u0103<br>afectarea traficului rutier din intersec\u021bie) \u2013 Bd. Unirii \u2013 Bd. Mircea Vod\u0103 \u2013 parcarea Bibliotecii Na\u021bionale.<\/em><\/p>\n\n\n\n<p>\u00centre orele 12.00 \u2013 18.30, se vor institui restric\u021bii de circula\u021bie pe urm\u0103torul traseu, precum \u0219i pe str\u0103zile care acced \u00een acest tronson.<\/p>\n\n\n\n<p>Totodat\u0103, traficul rutier va fi restric\u021bionat \u00eentre orele 10.00 \u2013 22.30, pe Bd. Mircea Vod\u0103, segmentul cuprins \u00eentre Pod M\u0103r\u0103\u0219e\u0219ti \u0219i Bd. Unirii.<\/p>\n\n\n\n<figure class=\"wp-block-image size-large\"><img fetchpriority=\"high\" decoding=\"async\" width=\"900\" height=\"532\" src=\"data:image\/gif;base64,R0lGODlhAQABAAAAACH5BAEKAAEALAAAAAABAAEAAAICTAEAOw==\" data-src=\"https:\/\/buletin.de\/bucuresti\/wp-content\/uploads\/WhatsApp-Image-2023-04-20-at-15.55.30-900x532.jpeg\" alt=\"\" class=\"wp-image-57805 lazyload\" data-sizes=\"auto\" data-srcset=\"https:\/\/buletin.de\/bucuresti\/wp-content\/uploads\/WhatsApp-Image-2023-04-20-at-15.55.30-900x532.jpeg 900w, https:\/\/buletin.de\/bucuresti\/wp-content\/uploads\/WhatsApp-Image-2023-04-20-at-15.55.30-300x177.jpeg 300w, https:\/\/buletin.de\/bucuresti\/wp-content\/uploads\/WhatsApp-Image-2023-04-20-at-15.55.30-768x454.jpeg 768w, https:\/\/buletin.de\/bucuresti\/wp-content\/uploads\/WhatsApp-Image-2023-04-20-at-15.55.30-1536x908.jpeg 1536w, https:\/\/buletin.de\/bucuresti\/wp-content\/uploads\/WhatsApp-Image-2023-04-20-at-15.55.30-1060x627.jpeg 1060w, https:\/\/buletin.de\/bucuresti\/wp-content\/uploads\/WhatsApp-Image-2023-04-20-at-15.55.30-550x325.jpeg 550w, https:\/\/buletin.de\/bucuresti\/wp-content\/uploads\/WhatsApp-Image-2023-04-20-at-15.55.30-846x500.jpeg 846w, https:\/\/buletin.de\/bucuresti\/wp-content\/uploads\/WhatsApp-Image-2023-04-20-at-15.55.30-600x355.jpeg 600w, https:\/\/buletin.de\/bucuresti\/wp-content\/uploads\/WhatsApp-Image-2023-04-20-at-15.55.30.jpeg 1600w\" sizes=\"(max-width: 900px) 100vw, 900px\" \/><\/figure>\n\n\n\n<p>Rute ocolitoare:<\/p>\n\n\n\n<ul class=\"wp-block-list\"><li>Calea 13 Septembrie \u2013 Bd. Tudor Vladimirescu \u2013 Pia\u021ba George Co\u0219buc \u2013 Bd. Regina Maria \u2013 Splaiul Unirii;<\/li><li>Bd. Basarabia \u2013 Calea C\u0103l\u0103ra\u0219ilor \u2013 Bd. Corneliu Coposu \u2013 Spl. Independen\u021bei.<\/li><\/ul>\n\n\n\n<p><strong>Bucharest Street Food Festival-Spring Edition<\/strong><\/p>\n\n\n\n<p>Evenimentul <strong>\u201eBucharest Street Food Festival-Spring Edition\u201d<\/strong> se va desf\u0103\u0219ura \u00een acest weekend, 22-23 aprilie, pe \u0218os. Kiseleff.<\/p>\n\n\n\n<p>Traficul rutier va fi restric\u021bionat \u00een perioada 21 aprilie, orele 22.00 \u2013 24 aprilie, orele 06.00, pe \u0218os. Kiseleff, segmentul de drum cuprins \u00eentre Str. Arh. Ion Mincu \u0219i Pia\u021ba Victoriei, f\u0103r\u0103 afectarea intersec\u021biilor precum \u0219i pe Str. Monet\u0103riei, cu devierea traficului pe arterele adiacente, transmite Brigada Rurier\u0103.<\/p>\n\n\n\n<figure class=\"wp-block-image size-large\"><img decoding=\"async\" width=\"900\" height=\"844\" src=\"data:image\/gif;base64,R0lGODlhAQABAAAAACH5BAEKAAEALAAAAAABAAEAAAICTAEAOw==\" data-src=\"https:\/\/buletin.de\/bucuresti\/wp-content\/uploads\/WhatsApp-Image-2023-04-20-at-15.55.52-900x844.jpeg\" alt=\"\" class=\"wp-image-57806 lazyload\" data-sizes=\"auto\" data-srcset=\"https:\/\/buletin.de\/bucuresti\/wp-content\/uploads\/WhatsApp-Image-2023-04-20-at-15.55.52-900x844.jpeg 900w, https:\/\/buletin.de\/bucuresti\/wp-content\/uploads\/WhatsApp-Image-2023-04-20-at-15.55.52-300x281.jpeg 300w, https:\/\/buletin.de\/bucuresti\/wp-content\/uploads\/WhatsApp-Image-2023-04-20-at-15.55.52-768x720.jpeg 768w, https:\/\/buletin.de\/bucuresti\/wp-content\/uploads\/WhatsApp-Image-2023-04-20-at-15.55.52-1536x1441.jpeg 1536w, https:\/\/buletin.de\/bucuresti\/wp-content\/uploads\/WhatsApp-Image-2023-04-20-at-15.55.52-1060x994.jpeg 1060w, https:\/\/buletin.de\/bucuresti\/wp-content\/uploads\/WhatsApp-Image-2023-04-20-at-15.55.52-550x516.jpeg 550w, https:\/\/buletin.de\/bucuresti\/wp-content\/uploads\/WhatsApp-Image-2023-04-20-at-15.55.52-533x500.jpeg 533w, https:\/\/buletin.de\/bucuresti\/wp-content\/uploads\/WhatsApp-Image-2023-04-20-at-15.55.52-1151x1080.jpeg 1151w, https:\/\/buletin.de\/bucuresti\/wp-content\/uploads\/WhatsApp-Image-2023-04-20-at-15.55.52-600x563.jpeg 600w, https:\/\/buletin.de\/bucuresti\/wp-content\/uploads\/WhatsApp-Image-2023-04-20-at-15.55.52.jpeg 1600w\" sizes=\"(max-width: 900px) 100vw, 900px\" \/><\/figure>\n\n\n\n<p>\u00cen data de 23 aprilie, evenimentul se va desf\u0103\u0219ura \u00een intervalul orar 13.15- 23.00. <\/p>\n\n\n\n<p>Totodat\u0103, \u00een perioada 20-24 aprilie a.c., va fi restric\u021bionat accesul \u00een alveolele de pe \u0218os. Kiseleff.<\/p>\n\n\n\n<p>Rute alternative:<\/p>\n\n\n\n<ul class=\"wp-block-list\"><li>Sos. Kiseleff \u2013 Arcul de Triumf \u2013 Bd. Constantin Prezan \u2013 Pia\u021ba Charles de Gaulle \u2013 Bd. Aviatorilor \u2013 Pia\u021ba Victoriei \u2013 Bd. Lasc\u0103r Catargiu \u2013 Pia\u021ba Roman\u0103 \u2013 Bd. Magheru \u2013 Bd. Nicolae B\u0103lcescu \u2013 Pia\u021ba Universit\u0103\u021bii \u2013 Bd. I.C. Br\u0103tianu \u2013 Pia\u021ba Unirii \u2013 Splaiul Independen\u021bei;<\/li><li>\u0218os. Kiseleff \u2013 Arcul de Triumf \u2013 Str. Alexandru Constantinescu \u2013 Bd. Ion Mihalache \u2013 Str. Buze\u0219ti \u2013 Str. Berzei.<\/li><\/ul>\n\n\n\n<p><strong>Ziua For\u021belor Terestre <\/strong><\/p>\n\n\n\n<figure class=\"wp-block-image size-large\"><img decoding=\"async\" width=\"900\" height=\"535\" src=\"data:image\/gif;base64,R0lGODlhAQABAAAAACH5BAEKAAEALAAAAAABAAEAAAICTAEAOw==\" data-src=\"https:\/\/buletin.de\/bucuresti\/wp-content\/uploads\/252967272_182995664022280_3419075270573062752_n-900x535.jpg\" alt=\"\" class=\"wp-image-57807 lazyload\" data-sizes=\"auto\" data-srcset=\"https:\/\/buletin.de\/bucuresti\/wp-content\/uploads\/252967272_182995664022280_3419075270573062752_n-900x535.jpg 900w, https:\/\/buletin.de\/bucuresti\/wp-content\/uploads\/252967272_182995664022280_3419075270573062752_n-300x178.jpg 300w, https:\/\/buletin.de\/bucuresti\/wp-content\/uploads\/252967272_182995664022280_3419075270573062752_n-768x456.jpg 768w, https:\/\/buletin.de\/bucuresti\/wp-content\/uploads\/252967272_182995664022280_3419075270573062752_n-1536x912.jpg 1536w, https:\/\/buletin.de\/bucuresti\/wp-content\/uploads\/252967272_182995664022280_3419075270573062752_n-1060x630.jpg 1060w, https:\/\/buletin.de\/bucuresti\/wp-content\/uploads\/252967272_182995664022280_3419075270573062752_n-550x327.jpg 550w, https:\/\/buletin.de\/bucuresti\/wp-content\/uploads\/252967272_182995664022280_3419075270573062752_n-842x500.jpg 842w, https:\/\/buletin.de\/bucuresti\/wp-content\/uploads\/252967272_182995664022280_3419075270573062752_n-600x356.jpg 600w, https:\/\/buletin.de\/bucuresti\/wp-content\/uploads\/252967272_182995664022280_3419075270573062752_n.jpg 1616w\" sizes=\"(max-width: 900px) 100vw, 900px\" \/><figcaption>Brigada 30 Gard\u0103 \u201eMihai Viteazul\u201d<\/figcaption><\/figure>\n\n\n\n<p>Ministerul Ap\u0103r\u0103rii Na\u021bionale \u2013 Statul Major al For\u021belor Terestre va organiza \u00een zilele 22 \u0219i 23 aprilie, \u00een Parcul Carol I, o serie de activit\u0103\u021bi dedicate \u201eZilei For\u021belor Terestre\u201d, const\u00e2nd \u00een expozi\u021bii de tehnic\u0103 militar\u0103, organizarea de standuri cu produse alimentare, precum \u0219i activit\u0103\u021bi de spectacol.<\/p>\n\n\n\n<p>Duminic\u0103, 23 aprilie, \u00eentre orele 11.00-13.00, se va desf\u0103\u0219ura ceremonia militar\u0103 la Monumentul Eroilor militari c\u0103zu\u021bi \u00een misiune \u00een teatrele de opera\u021bii \u0219i pe teritoriul Rom\u00e2niei, situat \u00een Parcul Tineretului (Palatul Copiilor).<\/p>\n\n\n\n<p>De asemenea, \u00een data de 23 aprilie, \u00eencep\u00e2nd cu ora 19.00, va avea loc activitatea de retragere cu tor\u021be pe banda I de circula\u021bie pe traseul: <em>Parcul Carol \u2013 Str. 11 Iunie \u2013 Bd. Regina Maria \u2013 Bd. Libert\u0103\u021bii (Pia\u021ba Regina Maria+Palatul Parlamentului) \u2013 Bd. Na\u021biunile Unite \u2013 Str. Izvor (sediul M.A.P.N.) \u2013 \u0218os. Panduri \u2013<br>Str. Prof. Dr. Rainer \u2013 Str. Prof. Dr. Marinescu (Palatul Cotroceni) \u2013 \u0218os. Cotroceni \u2013 Bd. Iuliu Maniu \u2013 Bd. Vasile Milea \u2013 Drumul Taberei \u2013 sediul Statului Major al For\u021belor Terestre.<\/em><\/p>\n\n\n\n<p>Pentru buna desf\u0103\u0219urare a evenimentului, se vor elibera parc\u0103rile din zona evenimentelor, astfel:<\/p>\n\n\n\n<ul class=\"wp-block-list\"><li>parcarea din zona F\u00e2nt\u00e2nii Zodiac, \u00eencep\u00e2nd cu data de 21 aprilie, orele 07.00, p\u00e2n\u0103 la terminarea activit\u0103\u021bii;<\/li><\/ul>\n\n\n\n<ul class=\"wp-block-list\"><li>parcarea de la Monumentul Eroilor militari c\u0103zu\u021bi \u00een misiune \u00een teatrele de opera\u021bii \u0219i pe teritoriul Rom\u00e2niei, \u00eencep\u00e2nd cu data de 22 aprilie, orele 22.00, p\u00e2n\u0103 la terminarea activit\u0103\u021bii.<\/li><\/ul>\n\n\n\n<p><strong>Mar\u0219 pe motociclete Vespa<\/strong><\/p>\n\n\n\n<p>S\u00e2mb\u0103t\u0103, 22 aprilie, \u00een intervalul orar 14.00-16.00, se va organiza un<strong> mar\u0219 pe motociclete<\/strong> pe urm\u0103torul traseu: <em>Biserica Anglican\u0103 \u2013 Str. Victor Artur Verona \u2013 Bd. Gheorghe Magheru \u2013 Pia\u021ba Roman\u0103 \u2013 Bd. Lasc\u0103r Catargiu \u2013 Pia\u021ba Victoriei \u2013 Bd. Aviatorilor \u2013 Pia\u021ba Charles de Gaulle \u2013 \u00eentoarcere Bd. Aviatorilor \u2013 Pia\u021ba Victoriei \u2013 Calea Victoriei \u2013 Pod Na\u021biunile Unite \u2013 Bd. Na\u021biunile Unite \u2013 st\u00e2nga Bd.Libert\u0103\u021bii \u2013 st\u00e2nga Pia\u021ba Constitu\u021biei \u2013 punct final.<\/em><\/p>\n\n\n\n<p>Deplasarea participan\u021bilor pe traseul men\u021bionat se va face pe banda I de circula\u021bie, cu respectarea normelor rutiere \u00een vigoare.<\/p>\n\n\n\n<p><strong>Hemofilia Bike<\/strong><\/p>\n\n\n\n<p>Duminic\u0103, pe 23 aprilie, se va organiza evenimentul ciclist denumit <strong>\u201eHemofilia Bike \u2013 Ast\u0103zi pedalezi \u00een locul meu, m\u00e2ine pedal\u0103m \u00eempreun\u0103\u201d.<\/strong><\/p>\n\n\n\n<p>\u00cen acest context, \u00eentre orele 15.00-17.00, \u00een cadrul evenimentului va realiza un tur cu biciclete \u00een jurul Palatului Parlamentului, pe banda I de circula\u021bie, cu respectarea normelor rutiere, pe urm\u0103torul traseu: alveola Parcului Izvor \u2013 Bd. Na\u021biunile Unite \u2013 dreapta Bd. Libert\u0103\u021bii \u2013 dreapta Calea 13 Septembrie (Pia\u021ba Francofoniei) \u2013 urcare Calea 13 Septembrie \u2013 Pia\u021ba Arsenalului \u2013 dreapta Str. Izvor \u2013 Bd. Na\u021biunile Unite.<br>Pentru buna desf\u0103\u0219urare a evenimentului, nu se va sta\u021biona pe traseul de deplasare.<\/p>\n\n\n\n<p><strong>Maraton Constantina Di\u021b\u0103<\/strong><\/p>\n\n\n\n<p>Duminic\u0103, 23 aprilie, \u00eentre orele 08.30-15.30, se va desf\u0103\u0219ura evenimentul sportiv <strong>\u201eBucharest International Half Marathon &amp; 10K by Constantina Di\u021b\u0103<\/strong>\u201d, \u00een Municipiul Bucure\u0219ti, dup\u0103 urm\u0103torul program:<\/p>\n\n\n\n<ul class=\"wp-block-list\"><li>\u00eentre orele 07.00 \u2013 08.30, adunarea participan\u021bilor pe Bd. Constantin Prezan;<\/li><li>\u00eentre orele 08.45 \u2013 13.00, se va alerga pe traseul 21K: <em>Bd. Constantin Prezan (din dreptul str\u0103zii Alexandrina) \u2013 Arcul de Triumf \u2013 \u015eos. Kiseleff, sensul c\u0103tre Pia\u0163a<\/em> <em>Presei Libere (local\u0103) \u2013 \u00eentoarcere pe \u015eos. Kiseleff (axul central &#8211; ambele sensuri, f\u0103r\u0103 a se afecta traficul rutier \u00een Pia\u021ba Presei Libere, cu excep\u021bia benzii I de circula\u021bie, por\u021biunea situat\u0103 \u00eentre \u0218os. Kiseleff, median\u0103 \u0219i local\u0103) \u2013 Arcul de Triumf<br>(ocolire prin dreapta pe sensul de alergare) \u2013 \u015eos. Kiseleff \u2013 Pia\u021ba Victoriei \u2013 pe contrasens \u2013Str. Buze\u0219ti \u2013 Str. Berzei \u2013 Str. Vasile P\u00e2rvan \u2013 Pod Ha\u0219deu \u2013 sens normal de circula\u021bie \u2013 st\u00e2nga pe Splaiul Independen\u021bei \u2013 contrasens dreapta pe Bd. Libert\u0103\u021bii c\u0103tre Rond Co\u0219buc (\u00een dreptul Ministerului Mediului) \u2013 \u00eentoarcere pe Bd. Libert\u0103\u021bii \u2013 dreapta Bd. Unirii, zona F\u00e2nt\u00e2ni \u2013 Pia\u021ba Alba Iulia \u2013 Bd. Decebal \u2013 \u00eentoarcere \u00een Pia\u021ba Hurmuzachi (f\u0103r\u0103 afectarea traficului rutier \u00een intersec\u021bie) \u0219i retur pe Bd. Decebal \u2013 Pia\u021ba Alba Iulia &#8211; Bd. Unirii \u2013 dreapta prin fa\u021ba magazinului H&amp;M (banda V, adiacent\u0103 parcul Unirii) \u2013 Str. Halelor \u2013 Splaiul Independen\u021bei \u2013 dreapta Calea Victoriei \u2013 \u015eos. Kiseleff \u2013 Arcul de Triumf \u2013 Bd. Constantin Prezan (FINISH).<\/em><\/li><li>\u00eentre orele 09.10 \u2013 12.00, se va alerga pe traseul <strong>10K<\/strong>: <em>Bd. Constantin Prezan (din dreptul str\u0103zii Alexandrina) \u2013 Arcul de Triumf \u2013 \u015eos. Kiseleff, sensul c\u0103tre Pia\u0163a Presei Libere (local\u0103) \u2013 \u00eentoarcere pe \u015eos. Kiseleff (axul central \u2013 ambele sensuri, f\u0103r\u0103 a se afecta traficul rutier \u00een Pia\u021ba Presei Libere, cu excep\u021bia benzii I de circula\u021bie, por\u021biunea situat\u0103 \u00eentre \u0218os. Kiseleff, median\u0103 \u0219i local\u0103) \u2013 Arcul de Triumf (ocolire prin dreapta pe sensul de alergare) \u2013 \u015eos. Kiseleff \u2013 Pia\u021ba Victoriei \u2013 Calea Victoriei \u2013 \u00eentoarcere Str. C.A. Rosetti \u2013 Calea Victoriei \u2013 Pia\u021ba Victoriei \u2013 \u0218os. Kiseleff \u2013 Arcul de Triumf \u2013 Bd. Constantin Prezan (FINISH).<\/em><\/li><\/ul>\n\n\n\n<figure class=\"wp-block-image size-large\"><img loading=\"lazy\" decoding=\"async\" width=\"680\" height=\"900\" src=\"data:image\/gif;base64,R0lGODlhAQABAAAAACH5BAEKAAEALAAAAAABAAEAAAICTAEAOw==\" data-src=\"https:\/\/buletin.de\/bucuresti\/wp-content\/uploads\/WhatsApp-Image-2023-04-20-at-15.56.15-680x900.jpeg\" alt=\"\" class=\"wp-image-57808 lazyload\" data-sizes=\"auto\" data-srcset=\"https:\/\/buletin.de\/bucuresti\/wp-content\/uploads\/WhatsApp-Image-2023-04-20-at-15.56.15-680x900.jpeg 680w, https:\/\/buletin.de\/bucuresti\/wp-content\/uploads\/WhatsApp-Image-2023-04-20-at-15.56.15-227x300.jpeg 227w, https:\/\/buletin.de\/bucuresti\/wp-content\/uploads\/WhatsApp-Image-2023-04-20-at-15.56.15-768x1017.jpeg 768w, https:\/\/buletin.de\/bucuresti\/wp-content\/uploads\/WhatsApp-Image-2023-04-20-at-15.56.15-1060x1403.jpeg 1060w, https:\/\/buletin.de\/bucuresti\/wp-content\/uploads\/WhatsApp-Image-2023-04-20-at-15.56.15-550x728.jpeg 550w, https:\/\/buletin.de\/bucuresti\/wp-content\/uploads\/WhatsApp-Image-2023-04-20-at-15.56.15-378x500.jpeg 378w, https:\/\/buletin.de\/bucuresti\/wp-content\/uploads\/WhatsApp-Image-2023-04-20-at-15.56.15-816x1080.jpeg 816w, https:\/\/buletin.de\/bucuresti\/wp-content\/uploads\/WhatsApp-Image-2023-04-20-at-15.56.15-600x794.jpeg 600w, https:\/\/buletin.de\/bucuresti\/wp-content\/uploads\/WhatsApp-Image-2023-04-20-at-15.56.15.jpeg 1133w\" sizes=\"(max-width: 680px) 100vw, 680px\" \/><\/figure>\n\n\n\n<p>Pentru buna desf\u0103\u0219urare a evenimentului, \u00een data de 23 aprilie, traficul rutier se va restric\u021biona gradual, pe traseul de alergare \u0219i str\u0103zile care acced \u00een acesta, cu excep\u021bia Bd. Constantin Prezan, care se va \u00eenchide \u00eentre orele 03.00-16.00, potrivit Brig\u0103rii Rutiere.<\/p>\n\n\n\n<p>\u00cen Pia\u021ba Victoriei va fi resistematizat\u0103 circula\u021bia, prin crearea de dublu sens de circula\u021bie \u00een fa\u021ba Guvernului Rom\u00e2niei, \u00een intervalul 06.00-13.00, astfel nu va fi permis accesul dinspre \u0218os. Nicolae Titulescu c\u0103tre Pia\u021ba Victoriei, iar traficul rutier de pe Str. Paris, Bd. Iancu de Hunedoara \u0219i Bd. Lasc\u0103r Catargiu se va desf\u0103\u0219ura doar c\u0103tre Bd. Aviatorilor.<\/p>\n\n\n\n<p>Nu va fi afectat traficul rutier \u00een Pia\u021ba Charles de Gaulle \u0219i pe \u0218os. Kiseleff (local\u0103), sensul dinspre Pia\u021ba Presei Libere c\u0103tre Arcul de Triumf.<\/p>\n\n\n\n<p>Rute alternative:<\/p>\n\n\n\n<ul class=\"wp-block-list\"><li>Pia\u0163a Presei Libere \u2013 Pia\u021ba Montreal \u2013 Bd. M\u0103r\u0103\u0219ti \u2013 Str. Alexandru Constantinescu \u2013 Bd. Ion Mihalache;<\/li><li>Bd. Ion Mihalache \u2013 Bd. Banul Manta \u2013 \u0218os. Nicolae Titulescu \u2013 Pasajul Victoriei \u2013 Bd. Iancu de Hunedoara \u2013 \u0218os. \u0218tefan cel Mare;<\/li><li>Pia\u0163a Victoriei \u2013 Bd. Aviatorilor \u2013 Bd. Beijing \u2013 Str. Nicolae Caramfil \u2013 Bd. Aerog\u0103rii \u2013 \u015eos. Bucure\u015fti-Ploie\u015fti<\/li><li>\u0218os. Bucure\u0219ti-Ploie\u0219ti \u2013 Bd. Aerog\u0103rii \u2013 Bd. Beijing \u2013 Bd. Mircea Eliade \u2013 Str. Radu Beller \u2013 Calea Doroban\u021bilor \u2013 Bd. Magheru \u2013 \u0218os. \u0218tefan cel Mare \u2013 \u0218os. Mihai Bravu.<\/li><\/ul>\n\n\n\n<p>Brigada Rutier\u0103 solicit\u0103 conduc\u0103torilor de autovehicule s\u0103 circule cu pruden\u021b\u0103, s\u0103 respecte semnalele poli\u021bi\u0219tilor rutieri \u0219i s\u0103 evite pe timpul deplas\u0103rii manifest\u0103rile de natur\u0103 a pune \u00een pericol siguran\u021ba lor, dar \u0219i a celorlal\u021bi participan\u021bilor la trafic.<\/p>\n\n\n\n<p>Pietonilor le recomand\u0103 s\u0103 circule doar pe trotuare, traversarea str\u0103zii s\u0103 o realizeze doar prin locurile special amenajate \u0219i la culoarea verde a semaforului electric, dup\u0103 ce s-au asigurat temeinic, iar conduc\u0103torii de vehicule le-au \u00een\u021beles inten\u021bia de a traversa<\/p>\n","protected":false},"excerpt":{"rendered":"<p>Weekend plin de evenimente \u00een Capital\u0103. Traficul rutier va fi restric\u021bionat \u00een mai multe zone. Spotlight, The Color Run \u0219i Bucharest Street Food Festival-Spring Edition se num\u0103r\u0103 printre evenimentele care se vor desf\u0103\u0219ura \u00een acest weekend \u0219i care vor impune restric\u021bionarea circula\u021biei rutiere \u00een centrul Capitalei. Spotlight ARCUB &#8211; Centrul Cultural al Municipiului Bucure\u015fti organizeaz\u0103, [&hellip;]<\/p>\n","protected":false},"author":46,"featured_media":57804,"comment_status":"closed","ping_status":"open","sticky":false,"template":"","format":"standard","meta":{"_acf_changed":false,"inline_featured_image":false,"ngg_post_thumbnail":0,"footnotes":""},"categories":[62],"tags":[],"ppma_author":[22605],"class_list":["post-57803","post","type-post","status-publish","format-standard","has-post-thumbnail","hentry","category-stiri"],"acf":[],"yoast_head":"<!-- This site is optimized with the Yoast SEO Premium plugin v25.3 (Yoast SEO v27.5) - https:\/\/yoast.com\/product\/yoast-seo-premium-wordpress\/ -->\n<title>Restric\u021bii de circula\u021bie \u00een Capital\u0103 \u00een acest weekend, 22-23 aprilie - Buletin de Bucure\u0219ti<\/title>\n<meta name=\"robots\" content=\"index, follow, max-snippet:-1, max-image-preview:large, max-video-preview:-1\" \/>\n<link rel=\"canonical\" href=\"https:\/\/buletin.de\/bucuresti\/restrictii-de-circulatie-in-capitala-in-acest-weekend-22-23-aprilie\/\" \/>\n<meta property=\"og:locale\" content=\"en_GB\" \/>\n<meta property=\"og:type\" content=\"article\" \/>\n<meta property=\"og:title\" content=\"Restric\u021bii de circula\u021bie \u00een Capital\u0103 \u00een acest weekend, 22-23 aprilie\" \/>\n<meta property=\"og:description\" content=\"Weekend plin de evenimente \u00een Capital\u0103. Traficul rutier va fi restric\u021bionat \u00een mai multe zone. Spotlight, The Color Run \u0219i Bucharest Street Food Festival-Spring Edition se num\u0103r\u0103 printre evenimentele care se vor desf\u0103\u0219ura \u00een acest weekend \u0219i care vor impune restric\u021bionarea circula\u021biei rutiere \u00een centrul Capitalei. Spotlight ARCUB &#8211; Centrul Cultural al Municipiului Bucure\u015fti organizeaz\u0103, [&hellip;]\" \/>\n<meta property=\"og:url\" content=\"https:\/\/buletin.de\/bucuresti\/restrictii-de-circulatie-in-capitala-in-acest-weekend-22-23-aprilie\/\" \/>\n<meta property=\"og:site_name\" content=\"Buletin de Bucure\u0219ti\" \/>\n<meta property=\"article:publisher\" content=\"https:\/\/www.facebook.com\/buletin.de.buc\" \/>\n<meta property=\"article:published_time\" content=\"2023-04-21T06:58:03+00:00\" \/>\n<meta property=\"article:modified_time\" content=\"2023-04-21T06:58:04+00:00\" \/>\n<meta property=\"og:image\" content=\"https:\/\/buletin.de\/bucuresti\/wp-content\/uploads\/23-02-03-09-51-00big_restrictii_circulatie-1.jpg\" \/>\n\t<meta property=\"og:image:width\" content=\"540\" \/>\n\t<meta property=\"og:image:height\" content=\"315\" \/>\n\t<meta property=\"og:image:type\" content=\"image\/jpeg\" \/>\n<meta name=\"author\" content=\"Andreea Gelatu\" \/>\n<meta name=\"twitter:card\" content=\"summary_large_image\" \/>\n<meta name=\"twitter:label1\" content=\"Written by\" \/>\n\t<meta name=\"twitter:data1\" content=\"Andreea Gelatu\" \/>\n\t<meta name=\"twitter:label2\" content=\"Estimated reading time\" \/>\n\t<meta name=\"twitter:data2\" content=\"8 minutes\" \/>\n<script type=\"application\/ld+json\" class=\"yoast-schema-graph\">{\"@context\":\"https:\\\/\\\/schema.org\",\"@graph\":[{\"@type\":\"Article\",\"@id\":\"https:\\\/\\\/buletin.de\\\/bucuresti\\\/restrictii-de-circulatie-in-capitala-in-acest-weekend-22-23-aprilie\\\/#article\",\"isPartOf\":{\"@id\":\"https:\\\/\\\/buletin.de\\\/bucuresti\\\/restrictii-de-circulatie-in-capitala-in-acest-weekend-22-23-aprilie\\\/\"},\"author\":{\"name\":\"Andreea Gelatu\",\"@id\":\"https:\\\/\\\/buletin.de\\\/bucuresti\\\/#\\\/schema\\\/person\\\/87734700b2c7f8608881f7e93b8834de\"},\"headline\":\"Restric\u021bii de circula\u021bie \u00een Capital\u0103 \u00een acest weekend, 22-23 aprilie\",\"datePublished\":\"2023-04-21T06:58:03+00:00\",\"dateModified\":\"2023-04-21T06:58:04+00:00\",\"mainEntityOfPage\":{\"@id\":\"https:\\\/\\\/buletin.de\\\/bucuresti\\\/restrictii-de-circulatie-in-capitala-in-acest-weekend-22-23-aprilie\\\/\"},\"wordCount\":1616,\"publisher\":{\"@id\":\"https:\\\/\\\/buletin.de\\\/bucuresti\\\/#organization\"},\"image\":{\"@id\":\"https:\\\/\\\/buletin.de\\\/bucuresti\\\/restrictii-de-circulatie-in-capitala-in-acest-weekend-22-23-aprilie\\\/#primaryimage\"},\"thumbnailUrl\":\"https:\\\/\\\/buletin.de\\\/bucuresti\\\/wp-content\\\/uploads\\\/23-02-03-09-51-00big_restrictii_circulatie-1.jpg\",\"articleSection\":[\"\u0218tiri\"],\"inLanguage\":\"en-GB\",\"copyrightYear\":\"2023\",\"copyrightHolder\":{\"@id\":\"https:\\\/\\\/buletin.de\\\/bucuresti\\\/#organization\"}},{\"@type\":\"WebPage\",\"@id\":\"https:\\\/\\\/buletin.de\\\/bucuresti\\\/restrictii-de-circulatie-in-capitala-in-acest-weekend-22-23-aprilie\\\/\",\"url\":\"https:\\\/\\\/buletin.de\\\/bucuresti\\\/restrictii-de-circulatie-in-capitala-in-acest-weekend-22-23-aprilie\\\/\",\"name\":\"Restric\u021bii de circula\u021bie \u00een Capital\u0103 \u00een acest weekend, 22-23 aprilie - Buletin de Bucure\u0219ti\",\"isPartOf\":{\"@id\":\"https:\\\/\\\/buletin.de\\\/bucuresti\\\/#website\"},\"primaryImageOfPage\":{\"@id\":\"https:\\\/\\\/buletin.de\\\/bucuresti\\\/restrictii-de-circulatie-in-capitala-in-acest-weekend-22-23-aprilie\\\/#primaryimage\"},\"image\":{\"@id\":\"https:\\\/\\\/buletin.de\\\/bucuresti\\\/restrictii-de-circulatie-in-capitala-in-acest-weekend-22-23-aprilie\\\/#primaryimage\"},\"thumbnailUrl\":\"https:\\\/\\\/buletin.de\\\/bucuresti\\\/wp-content\\\/uploads\\\/23-02-03-09-51-00big_restrictii_circulatie-1.jpg\",\"datePublished\":\"2023-04-21T06:58:03+00:00\",\"dateModified\":\"2023-04-21T06:58:04+00:00\",\"breadcrumb\":{\"@id\":\"https:\\\/\\\/buletin.de\\\/bucuresti\\\/restrictii-de-circulatie-in-capitala-in-acest-weekend-22-23-aprilie\\\/#breadcrumb\"},\"inLanguage\":\"en-GB\",\"potentialAction\":[{\"@type\":\"ReadAction\",\"target\":[\"https:\\\/\\\/buletin.de\\\/bucuresti\\\/restrictii-de-circulatie-in-capitala-in-acest-weekend-22-23-aprilie\\\/\"]}]},{\"@type\":\"ImageObject\",\"inLanguage\":\"en-GB\",\"@id\":\"https:\\\/\\\/buletin.de\\\/bucuresti\\\/restrictii-de-circulatie-in-capitala-in-acest-weekend-22-23-aprilie\\\/#primaryimage\",\"url\":\"https:\\\/\\\/buletin.de\\\/bucuresti\\\/wp-content\\\/uploads\\\/23-02-03-09-51-00big_restrictii_circulatie-1.jpg\",\"contentUrl\":\"https:\\\/\\\/buletin.de\\\/bucuresti\\\/wp-content\\\/uploads\\\/23-02-03-09-51-00big_restrictii_circulatie-1.jpg\",\"width\":540,\"height\":315},{\"@type\":\"BreadcrumbList\",\"@id\":\"https:\\\/\\\/buletin.de\\\/bucuresti\\\/restrictii-de-circulatie-in-capitala-in-acest-weekend-22-23-aprilie\\\/#breadcrumb\",\"itemListElement\":[{\"@type\":\"ListItem\",\"position\":1,\"name\":\"Acas\u0103\",\"item\":\"https:\\\/\\\/buletin.de\\\/bucuresti\\\/\"},{\"@type\":\"ListItem\",\"position\":2,\"name\":\"Restric\u021bii de circula\u021bie \u00een Capital\u0103 \u00een acest weekend, 22-23 aprilie\"}]},{\"@type\":\"WebSite\",\"@id\":\"https:\\\/\\\/buletin.de\\\/bucuresti\\\/#website\",\"url\":\"https:\\\/\\\/buletin.de\\\/bucuresti\\\/\",\"name\":\"Buletin de Bucure\u0219ti\",\"description\":\"\u0218tiri \u0219i investiga\u021bii esen\u021biale din capital\u0103\",\"publisher\":{\"@id\":\"https:\\\/\\\/buletin.de\\\/bucuresti\\\/#organization\"},\"potentialAction\":[{\"@type\":\"SearchAction\",\"target\":{\"@type\":\"EntryPoint\",\"urlTemplate\":\"https:\\\/\\\/buletin.de\\\/bucuresti\\\/?s={search_term_string}\"},\"query-input\":{\"@type\":\"PropertyValueSpecification\",\"valueRequired\":true,\"valueName\":\"search_term_string\"}}],\"inLanguage\":\"en-GB\"},{\"@type\":\"Organization\",\"@id\":\"https:\\\/\\\/buletin.de\\\/bucuresti\\\/#organization\",\"name\":\"Buletin de Bucure\u0219ti\",\"url\":\"https:\\\/\\\/buletin.de\\\/bucuresti\\\/\",\"logo\":{\"@type\":\"ImageObject\",\"inLanguage\":\"en-GB\",\"@id\":\"https:\\\/\\\/buletin.de\\\/bucuresti\\\/#\\\/schema\\\/logo\\\/image\\\/\",\"url\":\"https:\\\/\\\/buletin.de\\\/bucuresti\\\/wp-content\\\/uploads\\\/logo-bdb-full-wide-vernil-transparent.png\",\"contentUrl\":\"https:\\\/\\\/buletin.de\\\/bucuresti\\\/wp-content\\\/uploads\\\/logo-bdb-full-wide-vernil-transparent.png\",\"width\":1782,\"height\":626,\"caption\":\"Buletin de Bucure\u0219ti\"},\"image\":{\"@id\":\"https:\\\/\\\/buletin.de\\\/bucuresti\\\/#\\\/schema\\\/logo\\\/image\\\/\"},\"sameAs\":[\"https:\\\/\\\/www.facebook.com\\\/buletin.de.buc\",\"https:\\\/\\\/www.instagram.com\\\/buletinde.bucuresti\\\/\"]},{\"@type\":\"Person\",\"@id\":\"https:\\\/\\\/buletin.de\\\/bucuresti\\\/#\\\/schema\\\/person\\\/87734700b2c7f8608881f7e93b8834de\",\"name\":\"Andreea Gelatu\",\"image\":{\"@type\":\"ImageObject\",\"inLanguage\":\"en-GB\",\"@id\":\"https:\\\/\\\/secure.gravatar.com\\\/avatar\\\/b716eca2f984b9b65bdd87118b4b909d940b619cbe6e8cb725fe11c1b1f4194f?s=96&d=monsterid&r=g9b5eff4996c6b842a29b3057a7b4746f\",\"url\":\"https:\\\/\\\/secure.gravatar.com\\\/avatar\\\/b716eca2f984b9b65bdd87118b4b909d940b619cbe6e8cb725fe11c1b1f4194f?s=96&d=monsterid&r=g\",\"contentUrl\":\"https:\\\/\\\/secure.gravatar.com\\\/avatar\\\/b716eca2f984b9b65bdd87118b4b909d940b619cbe6e8cb725fe11c1b1f4194f?s=96&d=monsterid&r=g\",\"caption\":\"Andreea Gelatu\"},\"url\":\"https:\\\/\\\/buletin.de\\\/bucuresti\\\/author\\\/andreeagelatu\\\/\"}]}<\/script>\n<!-- \/ Yoast SEO Premium plugin. -->","yoast_head_json":{"title":"Restric\u021bii de circula\u021bie \u00een Capital\u0103 \u00een acest weekend, 22-23 aprilie - Buletin de Bucure\u0219ti","robots":{"index":"index","follow":"follow","max-snippet":"max-snippet:-1","max-image-preview":"max-image-preview:large","max-video-preview":"max-video-preview:-1"},"canonical":"https:\/\/buletin.de\/bucuresti\/restrictii-de-circulatie-in-capitala-in-acest-weekend-22-23-aprilie\/","og_locale":"en_GB","og_type":"article","og_title":"Restric\u021bii de circula\u021bie \u00een Capital\u0103 \u00een acest weekend, 22-23 aprilie","og_description":"Weekend plin de evenimente \u00een Capital\u0103. Traficul rutier va fi restric\u021bionat \u00een mai multe zone. Spotlight, The Color Run \u0219i Bucharest Street Food Festival-Spring Edition se num\u0103r\u0103 printre evenimentele care se vor desf\u0103\u0219ura \u00een acest weekend \u0219i care vor impune restric\u021bionarea circula\u021biei rutiere \u00een centrul Capitalei. Spotlight ARCUB &#8211; Centrul Cultural al Municipiului Bucure\u015fti organizeaz\u0103, [&hellip;]","og_url":"https:\/\/buletin.de\/bucuresti\/restrictii-de-circulatie-in-capitala-in-acest-weekend-22-23-aprilie\/","og_site_name":"Buletin de Bucure\u0219ti","article_publisher":"https:\/\/www.facebook.com\/buletin.de.buc","article_published_time":"2023-04-21T06:58:03+00:00","article_modified_time":"2023-04-21T06:58:04+00:00","og_image":[{"width":540,"height":315,"url":"https:\/\/buletin.de\/bucuresti\/wp-content\/uploads\/23-02-03-09-51-00big_restrictii_circulatie-1.jpg","type":"image\/jpeg"}],"author":"Andreea Gelatu","twitter_card":"summary_large_image","twitter_misc":{"Written by":"Andreea Gelatu","Estimated reading time":"8 minutes"},"schema":{"@context":"https:\/\/schema.org","@graph":[{"@type":"Article","@id":"https:\/\/buletin.de\/bucuresti\/restrictii-de-circulatie-in-capitala-in-acest-weekend-22-23-aprilie\/#article","isPartOf":{"@id":"https:\/\/buletin.de\/bucuresti\/restrictii-de-circulatie-in-capitala-in-acest-weekend-22-23-aprilie\/"},"author":{"name":"Andreea Gelatu","@id":"https:\/\/buletin.de\/bucuresti\/#\/schema\/person\/87734700b2c7f8608881f7e93b8834de"},"headline":"Restric\u021bii de circula\u021bie \u00een Capital\u0103 \u00een acest weekend, 22-23 aprilie","datePublished":"2023-04-21T06:58:03+00:00","dateModified":"2023-04-21T06:58:04+00:00","mainEntityOfPage":{"@id":"https:\/\/buletin.de\/bucuresti\/restrictii-de-circulatie-in-capitala-in-acest-weekend-22-23-aprilie\/"},"wordCount":1616,"publisher":{"@id":"https:\/\/buletin.de\/bucuresti\/#organization"},"image":{"@id":"https:\/\/buletin.de\/bucuresti\/restrictii-de-circulatie-in-capitala-in-acest-weekend-22-23-aprilie\/#primaryimage"},"thumbnailUrl":"https:\/\/buletin.de\/bucuresti\/wp-content\/uploads\/23-02-03-09-51-00big_restrictii_circulatie-1.jpg","articleSection":["\u0218tiri"],"inLanguage":"en-GB","copyrightYear":"2023","copyrightHolder":{"@id":"https:\/\/buletin.de\/bucuresti\/#organization"}},{"@type":"WebPage","@id":"https:\/\/buletin.de\/bucuresti\/restrictii-de-circulatie-in-capitala-in-acest-weekend-22-23-aprilie\/","url":"https:\/\/buletin.de\/bucuresti\/restrictii-de-circulatie-in-capitala-in-acest-weekend-22-23-aprilie\/","name":"Restric\u021bii de circula\u021bie \u00een Capital\u0103 \u00een acest weekend, 22-23 aprilie - Buletin de Bucure\u0219ti","isPartOf":{"@id":"https:\/\/buletin.de\/bucuresti\/#website"},"primaryImageOfPage":{"@id":"https:\/\/buletin.de\/bucuresti\/restrictii-de-circulatie-in-capitala-in-acest-weekend-22-23-aprilie\/#primaryimage"},"image":{"@id":"https:\/\/buletin.de\/bucuresti\/restrictii-de-circulatie-in-capitala-in-acest-weekend-22-23-aprilie\/#primaryimage"},"thumbnailUrl":"https:\/\/buletin.de\/bucuresti\/wp-content\/uploads\/23-02-03-09-51-00big_restrictii_circulatie-1.jpg","datePublished":"2023-04-21T06:58:03+00:00","dateModified":"2023-04-21T06:58:04+00:00","breadcrumb":{"@id":"https:\/\/buletin.de\/bucuresti\/restrictii-de-circulatie-in-capitala-in-acest-weekend-22-23-aprilie\/#breadcrumb"},"inLanguage":"en-GB","potentialAction":[{"@type":"ReadAction","target":["https:\/\/buletin.de\/bucuresti\/restrictii-de-circulatie-in-capitala-in-acest-weekend-22-23-aprilie\/"]}]},{"@type":"ImageObject","inLanguage":"en-GB","@id":"https:\/\/buletin.de\/bucuresti\/restrictii-de-circulatie-in-capitala-in-acest-weekend-22-23-aprilie\/#primaryimage","url":"https:\/\/buletin.de\/bucuresti\/wp-content\/uploads\/23-02-03-09-51-00big_restrictii_circulatie-1.jpg","contentUrl":"https:\/\/buletin.de\/bucuresti\/wp-content\/uploads\/23-02-03-09-51-00big_restrictii_circulatie-1.jpg","width":540,"height":315},{"@type":"BreadcrumbList","@id":"https:\/\/buletin.de\/bucuresti\/restrictii-de-circulatie-in-capitala-in-acest-weekend-22-23-aprilie\/#breadcrumb","itemListElement":[{"@type":"ListItem","position":1,"name":"Acas\u0103","item":"https:\/\/buletin.de\/bucuresti\/"},{"@type":"ListItem","position":2,"name":"Restric\u021bii de circula\u021bie \u00een Capital\u0103 \u00een acest weekend, 22-23 aprilie"}]},{"@type":"WebSite","@id":"https:\/\/buletin.de\/bucuresti\/#website","url":"https:\/\/buletin.de\/bucuresti\/","name":"Buletin de Bucure\u0219ti","description":"\u0218tiri \u0219i investiga\u021bii esen\u021biale din capital\u0103","publisher":{"@id":"https:\/\/buletin.de\/bucuresti\/#organization"},"potentialAction":[{"@type":"SearchAction","target":{"@type":"EntryPoint","urlTemplate":"https:\/\/buletin.de\/bucuresti\/?s={search_term_string}"},"query-input":{"@type":"PropertyValueSpecification","valueRequired":true,"valueName":"search_term_string"}}],"inLanguage":"en-GB"},{"@type":"Organization","@id":"https:\/\/buletin.de\/bucuresti\/#organization","name":"Buletin de Bucure\u0219ti","url":"https:\/\/buletin.de\/bucuresti\/","logo":{"@type":"ImageObject","inLanguage":"en-GB","@id":"https:\/\/buletin.de\/bucuresti\/#\/schema\/logo\/image\/","url":"https:\/\/buletin.de\/bucuresti\/wp-content\/uploads\/logo-bdb-full-wide-vernil-transparent.png","contentUrl":"https:\/\/buletin.de\/bucuresti\/wp-content\/uploads\/logo-bdb-full-wide-vernil-transparent.png","width":1782,"height":626,"caption":"Buletin de Bucure\u0219ti"},"image":{"@id":"https:\/\/buletin.de\/bucuresti\/#\/schema\/logo\/image\/"},"sameAs":["https:\/\/www.facebook.com\/buletin.de.buc","https:\/\/www.instagram.com\/buletinde.bucuresti\/"]},{"@type":"Person","@id":"https:\/\/buletin.de\/bucuresti\/#\/schema\/person\/87734700b2c7f8608881f7e93b8834de","name":"Andreea Gelatu","image":{"@type":"ImageObject","inLanguage":"en-GB","@id":"https:\/\/secure.gravatar.com\/avatar\/b716eca2f984b9b65bdd87118b4b909d940b619cbe6e8cb725fe11c1b1f4194f?s=96&d=monsterid&r=g9b5eff4996c6b842a29b3057a7b4746f","url":"https:\/\/secure.gravatar.com\/avatar\/b716eca2f984b9b65bdd87118b4b909d940b619cbe6e8cb725fe11c1b1f4194f?s=96&d=monsterid&r=g","contentUrl":"https:\/\/secure.gravatar.com\/avatar\/b716eca2f984b9b65bdd87118b4b909d940b619cbe6e8cb725fe11c1b1f4194f?s=96&d=monsterid&r=g","caption":"Andreea Gelatu"},"url":"https:\/\/buletin.de\/bucuresti\/author\/andreeagelatu\/"}]}},"authors":[{"term_id":22605,"user_id":46,"is_guest":0,"slug":"andreeagelatu","display_name":"Andreea Gelatu","avatar_url":"https:\/\/secure.gravatar.com\/avatar\/b716eca2f984b9b65bdd87118b4b909d940b619cbe6e8cb725fe11c1b1f4194f?s=96&d=monsterid&r=g","0":null,"1":"","2":"","3":"","4":"","5":"","6":"","7":"","8":""}],"_links":{"self":[{"href":"https:\/\/buletin.de\/bucuresti\/wp-json\/wp\/v2\/posts\/57803","targetHints":{"allow":["GET"]}}],"collection":[{"href":"https:\/\/buletin.de\/bucuresti\/wp-json\/wp\/v2\/posts"}],"about":[{"href":"https:\/\/buletin.de\/bucuresti\/wp-json\/wp\/v2\/types\/post"}],"author":[{"embeddable":true,"href":"https:\/\/buletin.de\/bucuresti\/wp-json\/wp\/v2\/users\/46"}],"replies":[{"embeddable":true,"href":"https:\/\/buletin.de\/bucuresti\/wp-json\/wp\/v2\/comments?post=57803"}],"version-history":[{"count":2,"href":"https:\/\/buletin.de\/bucuresti\/wp-json\/wp\/v2\/posts\/57803\/revisions"}],"predecessor-version":[{"id":57810,"href":"https:\/\/buletin.de\/bucuresti\/wp-json\/wp\/v2\/posts\/57803\/revisions\/57810"}],"wp:featuredmedia":[{"embeddable":true,"href":"https:\/\/buletin.de\/bucuresti\/wp-json\/wp\/v2\/media\/57804"}],"wp:attachment":[{"href":"https:\/\/buletin.de\/bucuresti\/wp-json\/wp\/v2\/media?parent=57803"}],"wp:term":[{"taxonomy":"category","embeddable":true,"href":"https:\/\/buletin.de\/bucuresti\/wp-json\/wp\/v2\/categories?post=57803"},{"taxonomy":"post_tag","embeddable":true,"href":"https:\/\/buletin.de\/bucuresti\/wp-json\/wp\/v2\/tags?post=57803"},{"taxonomy":"author","embeddable":true,"href":"https:\/\/buletin.de\/bucuresti\/wp-json\/wp\/v2\/ppma_author?post=57803"}],"curies":[{"name":"wp","href":"https:\/\/api.w.org\/{rel}","templated":true}]}}