{"id":57794,"date":"2023-04-20T18:26:07","date_gmt":"2023-04-20T16:26:07","guid":{"rendered":"https:\/\/buletin.de\/bucuresti\/?p=57794"},"modified":"2023-04-20T18:26:08","modified_gmt":"2023-04-20T16:26:08","slug":"bucuresti-jean-sassu-un-patron-al-clubului-nuba-injunghiat-in-fata-cafenelei-sale-din-sectorul-1","status":"publish","type":"post","link":"https:\/\/buletin.de\/bucuresti\/bucuresti-jean-sassu-un-patron-al-clubului-nuba-injunghiat-in-fata-cafenelei-sale-din-sectorul-1\/","title":{"rendered":"Bucure\u0219ti | Jean Sassu, un patron al clubului Nuba, \u00eenjunghiat \u00een fa\u021ba cafenelei sale din Sectorul 1"},"content":{"rendered":"\n<p>Unul dintre co-fondatorii lan\u021bului Nuba, Jean Sassu, a fost \u00eenjunghiat joi, 20 aprilie, \u00een fa\u021ba cafenelei sale din zona Doroban\u021bi, sectorul 1. Agresorul l-ar fi \u201ep\u00e2ndit\u201d de mai multe zile, conform reprezentan\u021bilor Nuba, pentru observatornews.ro.&nbsp;<\/p>\n\n\n\n<p>Incidentul a avut loc \u00een jurul orei 15:00, c\u00e2nd Poli\u021bia Municipiului Bucure\u0219ti a fost sesizat\u0103 de \u201econflictul\u201d dintre dou\u0103 persoane. Patronul cafenelei a fost transportat la spital, de echipajul de specialitate ce s-a prezentat la fa\u021ba locului, pentru a-i fi acordate \u00eengrijiri medicale.&nbsp;<\/p>\n\n\n\n<p>Conform reprezentan\u021bilor clubului Nuba, agresorul a a\u0219teptat ca Sassu s\u0103 ias\u0103 din incinta localului \u201eo or\u0103, o or\u0103 \u0219i jum\u0103tate\u201d, timp \u00een care a consumat b\u0103uturi alcoolice. Patronul a fost \u00eenjunghiat \u00een zona piciorului, cu un briceag, iar apoi agresorul a fugit de la locul faptei, potrivit observatornews.ro.<\/p>\n\n\n\n<p>B\u0103rbatul suspectat de atac \u0219i-ar fi \u201ep\u00e2ndit\u201d victima timp de mai multe zile, potrivit sursei citate.<\/p>\n\n\n\n<figure class=\"wp-block-image size-large\"><img fetchpriority=\"high\" decoding=\"async\" width=\"900\" height=\"606\" src=\"data:image\/gif;base64,R0lGODlhAQABAAAAACH5BAEKAAEALAAAAAABAAEAAAICTAEAOw==\" data-src=\"https:\/\/buletin.de\/bucuresti\/wp-content\/uploads\/WhatsApp-Image-2023-03-07-at-20.22.24-5-900x606.jpeg\" alt=\"\" class=\"wp-image-57796 lazyload\" data-sizes=\"auto\" data-srcset=\"https:\/\/buletin.de\/bucuresti\/wp-content\/uploads\/WhatsApp-Image-2023-03-07-at-20.22.24-5-900x606.jpeg 900w, https:\/\/buletin.de\/bucuresti\/wp-content\/uploads\/WhatsApp-Image-2023-03-07-at-20.22.24-5-300x202.jpeg 300w, https:\/\/buletin.de\/bucuresti\/wp-content\/uploads\/WhatsApp-Image-2023-03-07-at-20.22.24-5-768x517.jpeg 768w, https:\/\/buletin.de\/bucuresti\/wp-content\/uploads\/WhatsApp-Image-2023-03-07-at-20.22.24-5-550x370.jpeg 550w, https:\/\/buletin.de\/bucuresti\/wp-content\/uploads\/WhatsApp-Image-2023-03-07-at-20.22.24-5-743x500.jpeg 743w, https:\/\/buletin.de\/bucuresti\/wp-content\/uploads\/WhatsApp-Image-2023-03-07-at-20.22.24-5-600x404.jpeg 600w, https:\/\/buletin.de\/bucuresti\/wp-content\/uploads\/WhatsApp-Image-2023-03-07-at-20.22.24-5.jpeg 1059w\" sizes=\"(max-width: 900px) 100vw, 900px\" \/><figcaption>Imagini camere de supraveghere, procurate de observatornews.ro <\/figcaption><\/figure>\n\n\n\n<p>Poli\u021bia Municipiului Bucure\u0219ti efectueaz\u0103 \u00een momentul de fa\u021b\u0103 cercet\u0103ri pentru <em>identificarea \u0219i depistarea b\u0103rbatului b\u0103nuit de s\u0103v\u00e2r\u0219irea faptei<\/em>.<\/p>\n\n\n\n<h2 class=\"wp-block-heading\">Context<\/h2>\n\n\n\n<p>Jean Sassu este unul dintre cei trei fondatori ai lan\u021bului \u201ede lux\u201d Nuba, proiect \u00eenceput \u00een 2015, \u00een cadrul c\u0103ruia se reg\u0103sesc mai multe cafenele, restaurante \u0219i cluburi, \u00een mai multe loca\u021bii ale \u021b\u0103rii.&nbsp;<\/p>\n\n\n\n<p>\u00cenainte s\u0103 se aventureze \u00een antreprenoriat, Jean Sassu a absolvit facultatea de drept iar apoi a ajuns de la casier bancar la director&nbsp; Volksbank \u00een 10 ani, conform capital.ro.&nbsp;<\/p>\n\n\n\n<p>\u00cempreun\u0103 cu ceilal\u021bi doi parteneri, Jean Sassu \u0219i-a urmat pasiunea, via\u021ba de noapte a Bucure\u0219tiului, \u0219i a contribuit la aceasta prin crearea unui club: \u201ecea mai frumoas\u0103 vacan\u021b\u0103 este la munc\u0103\u201d a spus acesta, \u00eentr-un interviu pentru capital.ro. De asemenea, acesta are doi copii.&nbsp;<\/p>\n\n\n\n<p><\/p>\n","protected":false},"excerpt":{"rendered":"<p>Unul dintre co-fondatorii lan\u021bului Nuba, Jean Sassu, a fost \u00eenjunghiat joi, 20 aprilie, \u00een fa\u021ba cafenelei sale din zona Doroban\u021bi, sectorul 1. Agresorul l-ar fi \u201ep\u00e2ndit\u201d de mai multe zile, conform reprezentan\u021bilor Nuba, pentru observatornews.ro.&nbsp; Incidentul a avut loc \u00een jurul orei 15:00, c\u00e2nd Poli\u021bia Municipiului Bucure\u0219ti a fost sesizat\u0103 de \u201econflictul\u201d dintre dou\u0103 persoane. [&hellip;]<\/p>\n","protected":false},"author":47,"featured_media":57797,"comment_status":"closed","ping_status":"open","sticky":false,"template":"","format":"standard","meta":{"_acf_changed":false,"inline_featured_image":false,"ngg_post_thumbnail":0,"footnotes":""},"categories":[62],"tags":[],"ppma_author":[22580],"class_list":["post-57794","post","type-post","status-publish","format-standard","has-post-thumbnail","hentry","category-stiri"],"acf":[],"yoast_head":"<!-- This site is optimized with the Yoast SEO Premium plugin v25.3 (Yoast SEO v27.5) - https:\/\/yoast.com\/product\/yoast-seo-premium-wordpress\/ -->\n<title>Bucure\u0219ti | Jean Sassu, un patron al clubului Nuba, \u00eenjunghiat \u00een fa\u021ba cafenelei sale din Sectorul 1 - Buletin de Bucure\u0219ti<\/title>\n<meta name=\"robots\" content=\"index, follow, max-snippet:-1, max-image-preview:large, max-video-preview:-1\" \/>\n<link rel=\"canonical\" href=\"https:\/\/buletin.de\/bucuresti\/bucuresti-jean-sassu-un-patron-al-clubului-nuba-injunghiat-in-fata-cafenelei-sale-din-sectorul-1\/\" \/>\n<meta property=\"og:locale\" content=\"en_GB\" \/>\n<meta property=\"og:type\" content=\"article\" \/>\n<meta property=\"og:title\" content=\"Bucure\u0219ti | Jean Sassu, un patron al clubului Nuba, \u00eenjunghiat \u00een fa\u021ba cafenelei sale din Sectorul 1\" \/>\n<meta property=\"og:description\" content=\"Unul dintre co-fondatorii lan\u021bului Nuba, Jean Sassu, a fost \u00eenjunghiat joi, 20 aprilie, \u00een fa\u021ba cafenelei sale din zona Doroban\u021bi, sectorul 1. Agresorul l-ar fi \u201ep\u00e2ndit\u201d de mai multe zile, conform reprezentan\u021bilor Nuba, pentru observatornews.ro.&nbsp; Incidentul a avut loc \u00een jurul orei 15:00, c\u00e2nd Poli\u021bia Municipiului Bucure\u0219ti a fost sesizat\u0103 de \u201econflictul\u201d dintre dou\u0103 persoane. [&hellip;]\" \/>\n<meta property=\"og:url\" content=\"https:\/\/buletin.de\/bucuresti\/bucuresti-jean-sassu-un-patron-al-clubului-nuba-injunghiat-in-fata-cafenelei-sale-din-sectorul-1\/\" \/>\n<meta property=\"og:site_name\" content=\"Buletin de Bucure\u0219ti\" \/>\n<meta property=\"article:publisher\" content=\"https:\/\/www.facebook.com\/buletin.de.buc\" \/>\n<meta property=\"article:published_time\" content=\"2023-04-20T16:26:07+00:00\" \/>\n<meta property=\"article:modified_time\" content=\"2023-04-20T16:26:08+00:00\" \/>\n<meta property=\"og:image\" content=\"https:\/\/buletin.de\/bucuresti\/wp-content\/uploads\/pexels-tara-winstead-7723522-9.jpg\" \/>\n\t<meta property=\"og:image:width\" content=\"1276\" \/>\n\t<meta property=\"og:image:height\" content=\"666\" \/>\n\t<meta property=\"og:image:type\" content=\"image\/jpeg\" \/>\n<meta name=\"author\" content=\"Adina C\u0103p\u00eelnean\" \/>\n<meta name=\"twitter:card\" content=\"summary_large_image\" \/>\n<meta name=\"twitter:label1\" content=\"Written by\" \/>\n\t<meta name=\"twitter:data1\" content=\"Adina C\u0103p\u00eelnean\" \/>\n\t<meta name=\"twitter:label2\" content=\"Estimated reading time\" \/>\n\t<meta name=\"twitter:data2\" content=\"2 minutes\" \/>\n<script type=\"application\/ld+json\" class=\"yoast-schema-graph\">{\"@context\":\"https:\\\/\\\/schema.org\",\"@graph\":[{\"@type\":\"Article\",\"@id\":\"https:\\\/\\\/buletin.de\\\/bucuresti\\\/bucuresti-jean-sassu-un-patron-al-clubului-nuba-injunghiat-in-fata-cafenelei-sale-din-sectorul-1\\\/#article\",\"isPartOf\":{\"@id\":\"https:\\\/\\\/buletin.de\\\/bucuresti\\\/bucuresti-jean-sassu-un-patron-al-clubului-nuba-injunghiat-in-fata-cafenelei-sale-din-sectorul-1\\\/\"},\"author\":{\"name\":\"Adina C\u0103p\u00eelnean\",\"@id\":\"https:\\\/\\\/buletin.de\\\/bucuresti\\\/#\\\/schema\\\/person\\\/ab174cf6711728e4ee83d672acf9a912\"},\"headline\":\"Bucure\u0219ti | Jean Sassu, un patron al clubului Nuba, \u00eenjunghiat \u00een fa\u021ba cafenelei sale din Sectorul 1\",\"datePublished\":\"2023-04-20T16:26:07+00:00\",\"dateModified\":\"2023-04-20T16:26:08+00:00\",\"mainEntityOfPage\":{\"@id\":\"https:\\\/\\\/buletin.de\\\/bucuresti\\\/bucuresti-jean-sassu-un-patron-al-clubului-nuba-injunghiat-in-fata-cafenelei-sale-din-sectorul-1\\\/\"},\"wordCount\":328,\"publisher\":{\"@id\":\"https:\\\/\\\/buletin.de\\\/bucuresti\\\/#organization\"},\"image\":{\"@id\":\"https:\\\/\\\/buletin.de\\\/bucuresti\\\/bucuresti-jean-sassu-un-patron-al-clubului-nuba-injunghiat-in-fata-cafenelei-sale-din-sectorul-1\\\/#primaryimage\"},\"thumbnailUrl\":\"https:\\\/\\\/buletin.de\\\/bucuresti\\\/wp-content\\\/uploads\\\/pexels-tara-winstead-7723522-9.jpg\",\"articleSection\":[\"\u0218tiri\"],\"inLanguage\":\"en-GB\",\"copyrightYear\":\"2023\",\"copyrightHolder\":{\"@id\":\"https:\\\/\\\/buletin.de\\\/bucuresti\\\/#organization\"}},{\"@type\":\"WebPage\",\"@id\":\"https:\\\/\\\/buletin.de\\\/bucuresti\\\/bucuresti-jean-sassu-un-patron-al-clubului-nuba-injunghiat-in-fata-cafenelei-sale-din-sectorul-1\\\/\",\"url\":\"https:\\\/\\\/buletin.de\\\/bucuresti\\\/bucuresti-jean-sassu-un-patron-al-clubului-nuba-injunghiat-in-fata-cafenelei-sale-din-sectorul-1\\\/\",\"name\":\"Bucure\u0219ti | Jean Sassu, un patron al clubului Nuba, \u00eenjunghiat \u00een fa\u021ba cafenelei sale din Sectorul 1 - Buletin de Bucure\u0219ti\",\"isPartOf\":{\"@id\":\"https:\\\/\\\/buletin.de\\\/bucuresti\\\/#website\"},\"primaryImageOfPage\":{\"@id\":\"https:\\\/\\\/buletin.de\\\/bucuresti\\\/bucuresti-jean-sassu-un-patron-al-clubului-nuba-injunghiat-in-fata-cafenelei-sale-din-sectorul-1\\\/#primaryimage\"},\"image\":{\"@id\":\"https:\\\/\\\/buletin.de\\\/bucuresti\\\/bucuresti-jean-sassu-un-patron-al-clubului-nuba-injunghiat-in-fata-cafenelei-sale-din-sectorul-1\\\/#primaryimage\"},\"thumbnailUrl\":\"https:\\\/\\\/buletin.de\\\/bucuresti\\\/wp-content\\\/uploads\\\/pexels-tara-winstead-7723522-9.jpg\",\"datePublished\":\"2023-04-20T16:26:07+00:00\",\"dateModified\":\"2023-04-20T16:26:08+00:00\",\"breadcrumb\":{\"@id\":\"https:\\\/\\\/buletin.de\\\/bucuresti\\\/bucuresti-jean-sassu-un-patron-al-clubului-nuba-injunghiat-in-fata-cafenelei-sale-din-sectorul-1\\\/#breadcrumb\"},\"inLanguage\":\"en-GB\",\"potentialAction\":[{\"@type\":\"ReadAction\",\"target\":[\"https:\\\/\\\/buletin.de\\\/bucuresti\\\/bucuresti-jean-sassu-un-patron-al-clubului-nuba-injunghiat-in-fata-cafenelei-sale-din-sectorul-1\\\/\"]}]},{\"@type\":\"ImageObject\",\"inLanguage\":\"en-GB\",\"@id\":\"https:\\\/\\\/buletin.de\\\/bucuresti\\\/bucuresti-jean-sassu-un-patron-al-clubului-nuba-injunghiat-in-fata-cafenelei-sale-din-sectorul-1\\\/#primaryimage\",\"url\":\"https:\\\/\\\/buletin.de\\\/bucuresti\\\/wp-content\\\/uploads\\\/pexels-tara-winstead-7723522-9.jpg\",\"contentUrl\":\"https:\\\/\\\/buletin.de\\\/bucuresti\\\/wp-content\\\/uploads\\\/pexels-tara-winstead-7723522-9.jpg\",\"width\":1276,\"height\":666},{\"@type\":\"BreadcrumbList\",\"@id\":\"https:\\\/\\\/buletin.de\\\/bucuresti\\\/bucuresti-jean-sassu-un-patron-al-clubului-nuba-injunghiat-in-fata-cafenelei-sale-din-sectorul-1\\\/#breadcrumb\",\"itemListElement\":[{\"@type\":\"ListItem\",\"position\":1,\"name\":\"Acas\u0103\",\"item\":\"https:\\\/\\\/buletin.de\\\/bucuresti\\\/\"},{\"@type\":\"ListItem\",\"position\":2,\"name\":\"Bucure\u0219ti | Jean Sassu, un patron al clubului Nuba, \u00eenjunghiat \u00een fa\u021ba cafenelei sale din Sectorul 1\"}]},{\"@type\":\"WebSite\",\"@id\":\"https:\\\/\\\/buletin.de\\\/bucuresti\\\/#website\",\"url\":\"https:\\\/\\\/buletin.de\\\/bucuresti\\\/\",\"name\":\"Buletin de Bucure\u0219ti\",\"description\":\"\u0218tiri \u0219i investiga\u021bii esen\u021biale din capital\u0103\",\"publisher\":{\"@id\":\"https:\\\/\\\/buletin.de\\\/bucuresti\\\/#organization\"},\"potentialAction\":[{\"@type\":\"SearchAction\",\"target\":{\"@type\":\"EntryPoint\",\"urlTemplate\":\"https:\\\/\\\/buletin.de\\\/bucuresti\\\/?s={search_term_string}\"},\"query-input\":{\"@type\":\"PropertyValueSpecification\",\"valueRequired\":true,\"valueName\":\"search_term_string\"}}],\"inLanguage\":\"en-GB\"},{\"@type\":\"Organization\",\"@id\":\"https:\\\/\\\/buletin.de\\\/bucuresti\\\/#organization\",\"name\":\"Buletin de Bucure\u0219ti\",\"url\":\"https:\\\/\\\/buletin.de\\\/bucuresti\\\/\",\"logo\":{\"@type\":\"ImageObject\",\"inLanguage\":\"en-GB\",\"@id\":\"https:\\\/\\\/buletin.de\\\/bucuresti\\\/#\\\/schema\\\/logo\\\/image\\\/\",\"url\":\"https:\\\/\\\/buletin.de\\\/bucuresti\\\/wp-content\\\/uploads\\\/logo-bdb-full-wide-vernil-transparent.png\",\"contentUrl\":\"https:\\\/\\\/buletin.de\\\/bucuresti\\\/wp-content\\\/uploads\\\/logo-bdb-full-wide-vernil-transparent.png\",\"width\":1782,\"height\":626,\"caption\":\"Buletin de Bucure\u0219ti\"},\"image\":{\"@id\":\"https:\\\/\\\/buletin.de\\\/bucuresti\\\/#\\\/schema\\\/logo\\\/image\\\/\"},\"sameAs\":[\"https:\\\/\\\/www.facebook.com\\\/buletin.de.buc\",\"https:\\\/\\\/www.instagram.com\\\/buletinde.bucuresti\\\/\"]},{\"@type\":\"Person\",\"@id\":\"https:\\\/\\\/buletin.de\\\/bucuresti\\\/#\\\/schema\\\/person\\\/ab174cf6711728e4ee83d672acf9a912\",\"name\":\"Adina C\u0103p\u00eelnean\",\"image\":{\"@type\":\"ImageObject\",\"inLanguage\":\"en-GB\",\"@id\":\"https:\\\/\\\/secure.gravatar.com\\\/avatar\\\/4fe9675d6282fd7c1aa4e486a037d532d5728fc16a30360f293eb6126b2e73ad?s=96&d=monsterid&r=ge2b23868508aec3460d3c6a11d3b599a\",\"url\":\"https:\\\/\\\/secure.gravatar.com\\\/avatar\\\/4fe9675d6282fd7c1aa4e486a037d532d5728fc16a30360f293eb6126b2e73ad?s=96&d=monsterid&r=g\",\"contentUrl\":\"https:\\\/\\\/secure.gravatar.com\\\/avatar\\\/4fe9675d6282fd7c1aa4e486a037d532d5728fc16a30360f293eb6126b2e73ad?s=96&d=monsterid&r=g\",\"caption\":\"Adina C\u0103p\u00eelnean\"},\"url\":\"https:\\\/\\\/buletin.de\\\/bucuresti\\\/author\\\/adinacapilnean\\\/\"}]}<\/script>\n<!-- \/ Yoast SEO Premium plugin. -->","yoast_head_json":{"title":"Bucure\u0219ti | Jean Sassu, un patron al clubului Nuba, \u00eenjunghiat \u00een fa\u021ba cafenelei sale din Sectorul 1 - Buletin de Bucure\u0219ti","robots":{"index":"index","follow":"follow","max-snippet":"max-snippet:-1","max-image-preview":"max-image-preview:large","max-video-preview":"max-video-preview:-1"},"canonical":"https:\/\/buletin.de\/bucuresti\/bucuresti-jean-sassu-un-patron-al-clubului-nuba-injunghiat-in-fata-cafenelei-sale-din-sectorul-1\/","og_locale":"en_GB","og_type":"article","og_title":"Bucure\u0219ti | Jean Sassu, un patron al clubului Nuba, \u00eenjunghiat \u00een fa\u021ba cafenelei sale din Sectorul 1","og_description":"Unul dintre co-fondatorii lan\u021bului Nuba, Jean Sassu, a fost \u00eenjunghiat joi, 20 aprilie, \u00een fa\u021ba cafenelei sale din zona Doroban\u021bi, sectorul 1. Agresorul l-ar fi \u201ep\u00e2ndit\u201d de mai multe zile, conform reprezentan\u021bilor Nuba, pentru observatornews.ro.&nbsp; Incidentul a avut loc \u00een jurul orei 15:00, c\u00e2nd Poli\u021bia Municipiului Bucure\u0219ti a fost sesizat\u0103 de \u201econflictul\u201d dintre dou\u0103 persoane. [&hellip;]","og_url":"https:\/\/buletin.de\/bucuresti\/bucuresti-jean-sassu-un-patron-al-clubului-nuba-injunghiat-in-fata-cafenelei-sale-din-sectorul-1\/","og_site_name":"Buletin de Bucure\u0219ti","article_publisher":"https:\/\/www.facebook.com\/buletin.de.buc","article_published_time":"2023-04-20T16:26:07+00:00","article_modified_time":"2023-04-20T16:26:08+00:00","og_image":[{"width":1276,"height":666,"url":"https:\/\/buletin.de\/bucuresti\/wp-content\/uploads\/pexels-tara-winstead-7723522-9.jpg","type":"image\/jpeg"}],"author":"Adina C\u0103p\u00eelnean","twitter_card":"summary_large_image","twitter_misc":{"Written by":"Adina C\u0103p\u00eelnean","Estimated reading time":"2 minutes"},"schema":{"@context":"https:\/\/schema.org","@graph":[{"@type":"Article","@id":"https:\/\/buletin.de\/bucuresti\/bucuresti-jean-sassu-un-patron-al-clubului-nuba-injunghiat-in-fata-cafenelei-sale-din-sectorul-1\/#article","isPartOf":{"@id":"https:\/\/buletin.de\/bucuresti\/bucuresti-jean-sassu-un-patron-al-clubului-nuba-injunghiat-in-fata-cafenelei-sale-din-sectorul-1\/"},"author":{"name":"Adina C\u0103p\u00eelnean","@id":"https:\/\/buletin.de\/bucuresti\/#\/schema\/person\/ab174cf6711728e4ee83d672acf9a912"},"headline":"Bucure\u0219ti | Jean Sassu, un patron al clubului Nuba, \u00eenjunghiat \u00een fa\u021ba cafenelei sale din Sectorul 1","datePublished":"2023-04-20T16:26:07+00:00","dateModified":"2023-04-20T16:26:08+00:00","mainEntityOfPage":{"@id":"https:\/\/buletin.de\/bucuresti\/bucuresti-jean-sassu-un-patron-al-clubului-nuba-injunghiat-in-fata-cafenelei-sale-din-sectorul-1\/"},"wordCount":328,"publisher":{"@id":"https:\/\/buletin.de\/bucuresti\/#organization"},"image":{"@id":"https:\/\/buletin.de\/bucuresti\/bucuresti-jean-sassu-un-patron-al-clubului-nuba-injunghiat-in-fata-cafenelei-sale-din-sectorul-1\/#primaryimage"},"thumbnailUrl":"https:\/\/buletin.de\/bucuresti\/wp-content\/uploads\/pexels-tara-winstead-7723522-9.jpg","articleSection":["\u0218tiri"],"inLanguage":"en-GB","copyrightYear":"2023","copyrightHolder":{"@id":"https:\/\/buletin.de\/bucuresti\/#organization"}},{"@type":"WebPage","@id":"https:\/\/buletin.de\/bucuresti\/bucuresti-jean-sassu-un-patron-al-clubului-nuba-injunghiat-in-fata-cafenelei-sale-din-sectorul-1\/","url":"https:\/\/buletin.de\/bucuresti\/bucuresti-jean-sassu-un-patron-al-clubului-nuba-injunghiat-in-fata-cafenelei-sale-din-sectorul-1\/","name":"Bucure\u0219ti | Jean Sassu, un patron al clubului Nuba, \u00eenjunghiat \u00een fa\u021ba cafenelei sale din Sectorul 1 - Buletin de Bucure\u0219ti","isPartOf":{"@id":"https:\/\/buletin.de\/bucuresti\/#website"},"primaryImageOfPage":{"@id":"https:\/\/buletin.de\/bucuresti\/bucuresti-jean-sassu-un-patron-al-clubului-nuba-injunghiat-in-fata-cafenelei-sale-din-sectorul-1\/#primaryimage"},"image":{"@id":"https:\/\/buletin.de\/bucuresti\/bucuresti-jean-sassu-un-patron-al-clubului-nuba-injunghiat-in-fata-cafenelei-sale-din-sectorul-1\/#primaryimage"},"thumbnailUrl":"https:\/\/buletin.de\/bucuresti\/wp-content\/uploads\/pexels-tara-winstead-7723522-9.jpg","datePublished":"2023-04-20T16:26:07+00:00","dateModified":"2023-04-20T16:26:08+00:00","breadcrumb":{"@id":"https:\/\/buletin.de\/bucuresti\/bucuresti-jean-sassu-un-patron-al-clubului-nuba-injunghiat-in-fata-cafenelei-sale-din-sectorul-1\/#breadcrumb"},"inLanguage":"en-GB","potentialAction":[{"@type":"ReadAction","target":["https:\/\/buletin.de\/bucuresti\/bucuresti-jean-sassu-un-patron-al-clubului-nuba-injunghiat-in-fata-cafenelei-sale-din-sectorul-1\/"]}]},{"@type":"ImageObject","inLanguage":"en-GB","@id":"https:\/\/buletin.de\/bucuresti\/bucuresti-jean-sassu-un-patron-al-clubului-nuba-injunghiat-in-fata-cafenelei-sale-din-sectorul-1\/#primaryimage","url":"https:\/\/buletin.de\/bucuresti\/wp-content\/uploads\/pexels-tara-winstead-7723522-9.jpg","contentUrl":"https:\/\/buletin.de\/bucuresti\/wp-content\/uploads\/pexels-tara-winstead-7723522-9.jpg","width":1276,"height":666},{"@type":"BreadcrumbList","@id":"https:\/\/buletin.de\/bucuresti\/bucuresti-jean-sassu-un-patron-al-clubului-nuba-injunghiat-in-fata-cafenelei-sale-din-sectorul-1\/#breadcrumb","itemListElement":[{"@type":"ListItem","position":1,"name":"Acas\u0103","item":"https:\/\/buletin.de\/bucuresti\/"},{"@type":"ListItem","position":2,"name":"Bucure\u0219ti | Jean Sassu, un patron al clubului Nuba, \u00eenjunghiat \u00een fa\u021ba cafenelei sale din Sectorul 1"}]},{"@type":"WebSite","@id":"https:\/\/buletin.de\/bucuresti\/#website","url":"https:\/\/buletin.de\/bucuresti\/","name":"Buletin de Bucure\u0219ti","description":"\u0218tiri \u0219i investiga\u021bii esen\u021biale din capital\u0103","publisher":{"@id":"https:\/\/buletin.de\/bucuresti\/#organization"},"potentialAction":[{"@type":"SearchAction","target":{"@type":"EntryPoint","urlTemplate":"https:\/\/buletin.de\/bucuresti\/?s={search_term_string}"},"query-input":{"@type":"PropertyValueSpecification","valueRequired":true,"valueName":"search_term_string"}}],"inLanguage":"en-GB"},{"@type":"Organization","@id":"https:\/\/buletin.de\/bucuresti\/#organization","name":"Buletin de Bucure\u0219ti","url":"https:\/\/buletin.de\/bucuresti\/","logo":{"@type":"ImageObject","inLanguage":"en-GB","@id":"https:\/\/buletin.de\/bucuresti\/#\/schema\/logo\/image\/","url":"https:\/\/buletin.de\/bucuresti\/wp-content\/uploads\/logo-bdb-full-wide-vernil-transparent.png","contentUrl":"https:\/\/buletin.de\/bucuresti\/wp-content\/uploads\/logo-bdb-full-wide-vernil-transparent.png","width":1782,"height":626,"caption":"Buletin de Bucure\u0219ti"},"image":{"@id":"https:\/\/buletin.de\/bucuresti\/#\/schema\/logo\/image\/"},"sameAs":["https:\/\/www.facebook.com\/buletin.de.buc","https:\/\/www.instagram.com\/buletinde.bucuresti\/"]},{"@type":"Person","@id":"https:\/\/buletin.de\/bucuresti\/#\/schema\/person\/ab174cf6711728e4ee83d672acf9a912","name":"Adina C\u0103p\u00eelnean","image":{"@type":"ImageObject","inLanguage":"en-GB","@id":"https:\/\/secure.gravatar.com\/avatar\/4fe9675d6282fd7c1aa4e486a037d532d5728fc16a30360f293eb6126b2e73ad?s=96&d=monsterid&r=ge2b23868508aec3460d3c6a11d3b599a","url":"https:\/\/secure.gravatar.com\/avatar\/4fe9675d6282fd7c1aa4e486a037d532d5728fc16a30360f293eb6126b2e73ad?s=96&d=monsterid&r=g","contentUrl":"https:\/\/secure.gravatar.com\/avatar\/4fe9675d6282fd7c1aa4e486a037d532d5728fc16a30360f293eb6126b2e73ad?s=96&d=monsterid&r=g","caption":"Adina C\u0103p\u00eelnean"},"url":"https:\/\/buletin.de\/bucuresti\/author\/adinacapilnean\/"}]}},"authors":[{"term_id":22580,"user_id":47,"is_guest":0,"slug":"adinacapilnean","display_name":"Adina C\u0103p\u00eelnean","avatar_url":"https:\/\/secure.gravatar.com\/avatar\/4fe9675d6282fd7c1aa4e486a037d532d5728fc16a30360f293eb6126b2e73ad?s=96&d=monsterid&r=g","0":null,"1":"","2":"","3":"","4":"","5":"","6":"","7":"","8":""}],"_links":{"self":[{"href":"https:\/\/buletin.de\/bucuresti\/wp-json\/wp\/v2\/posts\/57794","targetHints":{"allow":["GET"]}}],"collection":[{"href":"https:\/\/buletin.de\/bucuresti\/wp-json\/wp\/v2\/posts"}],"about":[{"href":"https:\/\/buletin.de\/bucuresti\/wp-json\/wp\/v2\/types\/post"}],"author":[{"embeddable":true,"href":"https:\/\/buletin.de\/bucuresti\/wp-json\/wp\/v2\/users\/47"}],"replies":[{"embeddable":true,"href":"https:\/\/buletin.de\/bucuresti\/wp-json\/wp\/v2\/comments?post=57794"}],"version-history":[{"count":4,"href":"https:\/\/buletin.de\/bucuresti\/wp-json\/wp\/v2\/posts\/57794\/revisions"}],"predecessor-version":[{"id":57800,"href":"https:\/\/buletin.de\/bucuresti\/wp-json\/wp\/v2\/posts\/57794\/revisions\/57800"}],"wp:featuredmedia":[{"embeddable":true,"href":"https:\/\/buletin.de\/bucuresti\/wp-json\/wp\/v2\/media\/57797"}],"wp:attachment":[{"href":"https:\/\/buletin.de\/bucuresti\/wp-json\/wp\/v2\/media?parent=57794"}],"wp:term":[{"taxonomy":"category","embeddable":true,"href":"https:\/\/buletin.de\/bucuresti\/wp-json\/wp\/v2\/categories?post=57794"},{"taxonomy":"post_tag","embeddable":true,"href":"https:\/\/buletin.de\/bucuresti\/wp-json\/wp\/v2\/tags?post=57794"},{"taxonomy":"author","embeddable":true,"href":"https:\/\/buletin.de\/bucuresti\/wp-json\/wp\/v2\/ppma_author?post=57794"}],"curies":[{"name":"wp","href":"https:\/\/api.w.org\/{rel}","templated":true}]}}