{"id":57784,"date":"2023-04-20T16:28:31","date_gmt":"2023-04-20T14:28:31","guid":{"rendered":"https:\/\/buletin.de\/bucuresti\/?p=57784"},"modified":"2023-04-20T18:28:44","modified_gmt":"2023-04-20T16:28:44","slug":"video-tractarea-prin-pietris-a-unei-masini-a-atras-comentarii-in-mediul-online-politia-a-spus-ca-nu-s-a-putut-intervenii-cu-alt-utilaj","status":"publish","type":"post","link":"https:\/\/buletin.de\/bucuresti\/video-tractarea-prin-pietris-a-unei-masini-a-atras-comentarii-in-mediul-online-politia-a-spus-ca-nu-s-a-putut-intervenii-cu-alt-utilaj\/","title":{"rendered":"Video | Tractarea prin pietri\u0219 a unei ma\u0219ini a atras comentarii \u00een mediul online. Poli\u021bia a spus c\u0103 nu s-a putut interveni cu alt utilaj"},"content":{"rendered":"\n<p>Un cet\u0103\u021bean al sectorului 6 a postat pe re\u021belele de socializare un videoclip care suprinde ridicarea unui autoturism parcat \u00eentr-o zon\u0103 \u00een care se desf\u0103\u0219urau lucr\u0103ri de asfaltare, atr\u0103g\u00e2nd aten\u021bia asupra faptului c\u0103 ma\u0219ina este mai degrab\u0103 \u201et\u00e2r\u00e2t\u0103\u201d dec\u00e2t \u201eridicat\u0103\u201d. Conform unei preciz\u0103ri a Poli\u021biei locale spa\u021biul nu permitea interven\u021bia altui tip de utilaj, iar ma\u0219ina nu a suferit avarii.<\/p>\n\n\n\n<p>\u00cen imaginile postate se poate observa cum ma\u0219ina este tras\u0103 \u00een lateral prin pietri\u0219 \u0219i nisip, provenite de la lucr\u0103rile de asfaltare din zon\u0103. Cet\u0103\u021beanul care a filmat le-a spus celor care ridicau ma\u0219ina c\u0103 \u201ebasculele se fac praf c\u00e2nd o t\u00e2r\u00e2i\u021bi a\u0219a\u201d \u0219i a spus c\u0103 filmeaz\u0103 pentru a-i ar\u0103ta proprietarului ma\u0219inii modul \u00een care i-a fost \u201et\u00e2r\u00e2t\u0103\u201d ma\u0219ina.<\/p>\n\n\n\n<figure class=\"wp-block-video\"><video height=\"1024\" style=\"aspect-ratio: 576 \/ 1024;\" width=\"576\" controls src=\"https:\/\/buletin.de\/bucuresti\/wp-content\/uploads\/Snaptik.app_7223732890746653978.mp4\"><\/video><figcaption>sursa: TikTok, abidan57<\/figcaption><\/figure>\n\n\n\n<p><\/p>\n\n\n\n<p>Potrivit unei preciz\u0103ri venite din partea poli\u021biei locale, ma\u0219ina nu a fost avariat\u0103, iar proprietarul nu a depus sesizare. Mai mult dec\u00e2t at\u00e2t, c\u00e2nd au \u00eenceput lucr\u0103rile de asfaltare \u0219oferii care aveau ma\u0219inile parcate pe strad\u0103 \u201eau fost notifica\u021bi de c\u0103tre poli\u021bi\u0219tii locali cu 48 de ore \u00eenainte, a\u0219a cum prevede HCL 197\/2017, pentru a le muta din perimetrul\u201d iar autoturismul din imagini \u201ea fost singurul care nu a fost mutat de c\u0103tre proprietar, astfel c\u0103 Poli\u021bia Local\u0103 Sector 6 a intervenit pentru eliberarea zonei \u0219i relocarea lui\u201d.<\/p>\n\n\n\n<p>Motivul invocat de c\u0103tre poli\u021bi\u0219ti pentru folosirea aparatului \u201etip furculi\u021b\u0103\u201d care a tractat ma\u0219ina \u201e\u00een bune condi\u021bii\u201d la 85 de metrii distan\u021b\u0103 de unde se afla a fost c\u0103 utilajul cu platform\u0103, care ridic\u0103 ma\u0219inile, nu poate fi folosit dec\u00e2t pe asfalt: \u201epicioru\u0219ele laterale \u00een care se propte\u0219te ar fi intrat, \u00een cazul de fa\u021b\u0103, \u00een p\u0103m\u00e2nt\u201d.<\/p>\n\n\n\n<figure class=\"wp-block-image size-large\"><img fetchpriority=\"high\" decoding=\"async\" width=\"506\" height=\"900\" src=\"data:image\/gif;base64,R0lGODlhAQABAAAAACH5BAEKAAEALAAAAAABAAEAAAICTAEAOw==\" data-src=\"https:\/\/buletin.de\/bucuresti\/wp-content\/uploads\/pexels-tara-winstead-7723522-8-506x900.jpg\" alt=\"\" class=\"wp-image-57792 lazyload\" data-sizes=\"auto\" data-srcset=\"https:\/\/buletin.de\/bucuresti\/wp-content\/uploads\/pexels-tara-winstead-7723522-8-506x900.jpg 506w, https:\/\/buletin.de\/bucuresti\/wp-content\/uploads\/pexels-tara-winstead-7723522-8-169x300.jpg 169w, https:\/\/buletin.de\/bucuresti\/wp-content\/uploads\/pexels-tara-winstead-7723522-8-550x978.jpg 550w, https:\/\/buletin.de\/bucuresti\/wp-content\/uploads\/pexels-tara-winstead-7723522-8-281x500.jpg 281w, https:\/\/buletin.de\/bucuresti\/wp-content\/uploads\/pexels-tara-winstead-7723522-8.jpg 576w\" sizes=\"(max-width: 506px) 100vw, 506px\" \/><\/figure>\n\n\n\n<p><\/p>\n","protected":false},"excerpt":{"rendered":"<p>Un cet\u0103\u021bean al sectorului 6 a postat pe re\u021belele de socializare un videoclip care suprinde ridicarea unui autoturism parcat \u00eentr-o zon\u0103 \u00een care se desf\u0103\u0219urau lucr\u0103ri de asfaltare, atr\u0103g\u00e2nd aten\u021bia asupra faptului c\u0103 ma\u0219ina este mai degrab\u0103 \u201et\u00e2r\u00e2t\u0103\u201d dec\u00e2t \u201eridicat\u0103\u201d. Conform unei preciz\u0103ri a Poli\u021biei locale spa\u021biul nu permitea interven\u021bia altui tip de utilaj, iar [&hellip;]<\/p>\n","protected":false},"author":47,"featured_media":57790,"comment_status":"closed","ping_status":"open","sticky":false,"template":"","format":"standard","meta":{"_acf_changed":false,"inline_featured_image":false,"ngg_post_thumbnail":0,"footnotes":""},"categories":[62],"tags":[],"ppma_author":[22580],"class_list":["post-57784","post","type-post","status-publish","format-standard","has-post-thumbnail","hentry","category-stiri"],"acf":[],"yoast_head":"<!-- This site is optimized with the Yoast SEO Premium plugin v25.3 (Yoast SEO v27.5) - https:\/\/yoast.com\/product\/yoast-seo-premium-wordpress\/ -->\n<title>Video | Tractarea prin pietri\u0219 a unei ma\u0219ini a atras comentarii \u00een mediul online. Poli\u021bia a spus c\u0103 nu s-a putut interveni cu alt utilaj - Buletin de Bucure\u0219ti<\/title>\n<meta name=\"robots\" content=\"index, follow, max-snippet:-1, max-image-preview:large, max-video-preview:-1\" \/>\n<link rel=\"canonical\" href=\"https:\/\/buletin.de\/bucuresti\/video-tractarea-prin-pietris-a-unei-masini-a-atras-comentarii-in-mediul-online-politia-a-spus-ca-nu-s-a-putut-intervenii-cu-alt-utilaj\/\" \/>\n<meta property=\"og:locale\" content=\"en_GB\" \/>\n<meta property=\"og:type\" content=\"article\" \/>\n<meta property=\"og:title\" content=\"Video | Tractarea prin pietri\u0219 a unei ma\u0219ini a atras comentarii \u00een mediul online. Poli\u021bia a spus c\u0103 nu s-a putut interveni cu alt utilaj\" \/>\n<meta property=\"og:description\" content=\"Un cet\u0103\u021bean al sectorului 6 a postat pe re\u021belele de socializare un videoclip care suprinde ridicarea unui autoturism parcat \u00eentr-o zon\u0103 \u00een care se desf\u0103\u0219urau lucr\u0103ri de asfaltare, atr\u0103g\u00e2nd aten\u021bia asupra faptului c\u0103 ma\u0219ina este mai degrab\u0103 \u201et\u00e2r\u00e2t\u0103\u201d dec\u00e2t \u201eridicat\u0103\u201d. Conform unei preciz\u0103ri a Poli\u021biei locale spa\u021biul nu permitea interven\u021bia altui tip de utilaj, iar [&hellip;]\" \/>\n<meta property=\"og:url\" content=\"https:\/\/buletin.de\/bucuresti\/video-tractarea-prin-pietris-a-unei-masini-a-atras-comentarii-in-mediul-online-politia-a-spus-ca-nu-s-a-putut-intervenii-cu-alt-utilaj\/\" \/>\n<meta property=\"og:site_name\" content=\"Buletin de Bucure\u0219ti\" \/>\n<meta property=\"article:publisher\" content=\"https:\/\/www.facebook.com\/buletin.de.buc\" \/>\n<meta property=\"article:published_time\" content=\"2023-04-20T14:28:31+00:00\" \/>\n<meta property=\"article:modified_time\" content=\"2023-04-20T16:28:44+00:00\" \/>\n<meta property=\"og:image\" content=\"https:\/\/buletin.de\/bucuresti\/wp-content\/uploads\/pexels-tara-winstead-7723522-7.jpg\" \/>\n\t<meta property=\"og:image:width\" content=\"576\" \/>\n\t<meta property=\"og:image:height\" content=\"1024\" \/>\n\t<meta property=\"og:image:type\" content=\"image\/jpeg\" \/>\n<meta name=\"author\" content=\"Adina C\u0103p\u00eelnean\" \/>\n<meta name=\"twitter:card\" content=\"summary_large_image\" \/>\n<meta name=\"twitter:label1\" content=\"Written by\" \/>\n\t<meta name=\"twitter:data1\" content=\"Adina C\u0103p\u00eelnean\" \/>\n\t<meta name=\"twitter:label2\" content=\"Estimated reading time\" \/>\n\t<meta name=\"twitter:data2\" content=\"2 minutes\" \/>\n<script type=\"application\/ld+json\" class=\"yoast-schema-graph\">{\"@context\":\"https:\\\/\\\/schema.org\",\"@graph\":[{\"@type\":\"Article\",\"@id\":\"https:\\\/\\\/buletin.de\\\/bucuresti\\\/video-tractarea-prin-pietris-a-unei-masini-a-atras-comentarii-in-mediul-online-politia-a-spus-ca-nu-s-a-putut-intervenii-cu-alt-utilaj\\\/#article\",\"isPartOf\":{\"@id\":\"https:\\\/\\\/buletin.de\\\/bucuresti\\\/video-tractarea-prin-pietris-a-unei-masini-a-atras-comentarii-in-mediul-online-politia-a-spus-ca-nu-s-a-putut-intervenii-cu-alt-utilaj\\\/\"},\"author\":{\"name\":\"Adina C\u0103p\u00eelnean\",\"@id\":\"https:\\\/\\\/buletin.de\\\/bucuresti\\\/#\\\/schema\\\/person\\\/ab174cf6711728e4ee83d672acf9a912\"},\"headline\":\"Video | Tractarea prin pietri\u0219 a unei ma\u0219ini a atras comentarii \u00een mediul online. Poli\u021bia a spus c\u0103 nu s-a putut interveni cu alt utilaj\",\"datePublished\":\"2023-04-20T14:28:31+00:00\",\"dateModified\":\"2023-04-20T16:28:44+00:00\",\"mainEntityOfPage\":{\"@id\":\"https:\\\/\\\/buletin.de\\\/bucuresti\\\/video-tractarea-prin-pietris-a-unei-masini-a-atras-comentarii-in-mediul-online-politia-a-spus-ca-nu-s-a-putut-intervenii-cu-alt-utilaj\\\/\"},\"wordCount\":345,\"publisher\":{\"@id\":\"https:\\\/\\\/buletin.de\\\/bucuresti\\\/#organization\"},\"image\":{\"@id\":\"https:\\\/\\\/buletin.de\\\/bucuresti\\\/video-tractarea-prin-pietris-a-unei-masini-a-atras-comentarii-in-mediul-online-politia-a-spus-ca-nu-s-a-putut-intervenii-cu-alt-utilaj\\\/#primaryimage\"},\"thumbnailUrl\":\"https:\\\/\\\/buletin.de\\\/bucuresti\\\/wp-content\\\/uploads\\\/pexels-tara-winstead-7723522-7.jpg\",\"articleSection\":[\"\u0218tiri\"],\"inLanguage\":\"en-GB\",\"copyrightYear\":\"2023\",\"copyrightHolder\":{\"@id\":\"https:\\\/\\\/buletin.de\\\/bucuresti\\\/#organization\"}},{\"@type\":\"WebPage\",\"@id\":\"https:\\\/\\\/buletin.de\\\/bucuresti\\\/video-tractarea-prin-pietris-a-unei-masini-a-atras-comentarii-in-mediul-online-politia-a-spus-ca-nu-s-a-putut-intervenii-cu-alt-utilaj\\\/\",\"url\":\"https:\\\/\\\/buletin.de\\\/bucuresti\\\/video-tractarea-prin-pietris-a-unei-masini-a-atras-comentarii-in-mediul-online-politia-a-spus-ca-nu-s-a-putut-intervenii-cu-alt-utilaj\\\/\",\"name\":\"Video | Tractarea prin pietri\u0219 a unei ma\u0219ini a atras comentarii \u00een mediul online. Poli\u021bia a spus c\u0103 nu s-a putut interveni cu alt utilaj - Buletin de Bucure\u0219ti\",\"isPartOf\":{\"@id\":\"https:\\\/\\\/buletin.de\\\/bucuresti\\\/#website\"},\"primaryImageOfPage\":{\"@id\":\"https:\\\/\\\/buletin.de\\\/bucuresti\\\/video-tractarea-prin-pietris-a-unei-masini-a-atras-comentarii-in-mediul-online-politia-a-spus-ca-nu-s-a-putut-intervenii-cu-alt-utilaj\\\/#primaryimage\"},\"image\":{\"@id\":\"https:\\\/\\\/buletin.de\\\/bucuresti\\\/video-tractarea-prin-pietris-a-unei-masini-a-atras-comentarii-in-mediul-online-politia-a-spus-ca-nu-s-a-putut-intervenii-cu-alt-utilaj\\\/#primaryimage\"},\"thumbnailUrl\":\"https:\\\/\\\/buletin.de\\\/bucuresti\\\/wp-content\\\/uploads\\\/pexels-tara-winstead-7723522-7.jpg\",\"datePublished\":\"2023-04-20T14:28:31+00:00\",\"dateModified\":\"2023-04-20T16:28:44+00:00\",\"breadcrumb\":{\"@id\":\"https:\\\/\\\/buletin.de\\\/bucuresti\\\/video-tractarea-prin-pietris-a-unei-masini-a-atras-comentarii-in-mediul-online-politia-a-spus-ca-nu-s-a-putut-intervenii-cu-alt-utilaj\\\/#breadcrumb\"},\"inLanguage\":\"en-GB\",\"potentialAction\":[{\"@type\":\"ReadAction\",\"target\":[\"https:\\\/\\\/buletin.de\\\/bucuresti\\\/video-tractarea-prin-pietris-a-unei-masini-a-atras-comentarii-in-mediul-online-politia-a-spus-ca-nu-s-a-putut-intervenii-cu-alt-utilaj\\\/\"]}]},{\"@type\":\"ImageObject\",\"inLanguage\":\"en-GB\",\"@id\":\"https:\\\/\\\/buletin.de\\\/bucuresti\\\/video-tractarea-prin-pietris-a-unei-masini-a-atras-comentarii-in-mediul-online-politia-a-spus-ca-nu-s-a-putut-intervenii-cu-alt-utilaj\\\/#primaryimage\",\"url\":\"https:\\\/\\\/buletin.de\\\/bucuresti\\\/wp-content\\\/uploads\\\/pexels-tara-winstead-7723522-7.jpg\",\"contentUrl\":\"https:\\\/\\\/buletin.de\\\/bucuresti\\\/wp-content\\\/uploads\\\/pexels-tara-winstead-7723522-7.jpg\",\"width\":576,\"height\":1024},{\"@type\":\"BreadcrumbList\",\"@id\":\"https:\\\/\\\/buletin.de\\\/bucuresti\\\/video-tractarea-prin-pietris-a-unei-masini-a-atras-comentarii-in-mediul-online-politia-a-spus-ca-nu-s-a-putut-intervenii-cu-alt-utilaj\\\/#breadcrumb\",\"itemListElement\":[{\"@type\":\"ListItem\",\"position\":1,\"name\":\"Acas\u0103\",\"item\":\"https:\\\/\\\/buletin.de\\\/bucuresti\\\/\"},{\"@type\":\"ListItem\",\"position\":2,\"name\":\"Video | Tractarea prin pietri\u0219 a unei ma\u0219ini a atras comentarii \u00een mediul online. Poli\u021bia a spus c\u0103 nu s-a putut interveni cu alt utilaj\"}]},{\"@type\":\"WebSite\",\"@id\":\"https:\\\/\\\/buletin.de\\\/bucuresti\\\/#website\",\"url\":\"https:\\\/\\\/buletin.de\\\/bucuresti\\\/\",\"name\":\"Buletin de Bucure\u0219ti\",\"description\":\"\u0218tiri \u0219i investiga\u021bii esen\u021biale din capital\u0103\",\"publisher\":{\"@id\":\"https:\\\/\\\/buletin.de\\\/bucuresti\\\/#organization\"},\"potentialAction\":[{\"@type\":\"SearchAction\",\"target\":{\"@type\":\"EntryPoint\",\"urlTemplate\":\"https:\\\/\\\/buletin.de\\\/bucuresti\\\/?s={search_term_string}\"},\"query-input\":{\"@type\":\"PropertyValueSpecification\",\"valueRequired\":true,\"valueName\":\"search_term_string\"}}],\"inLanguage\":\"en-GB\"},{\"@type\":\"Organization\",\"@id\":\"https:\\\/\\\/buletin.de\\\/bucuresti\\\/#organization\",\"name\":\"Buletin de Bucure\u0219ti\",\"url\":\"https:\\\/\\\/buletin.de\\\/bucuresti\\\/\",\"logo\":{\"@type\":\"ImageObject\",\"inLanguage\":\"en-GB\",\"@id\":\"https:\\\/\\\/buletin.de\\\/bucuresti\\\/#\\\/schema\\\/logo\\\/image\\\/\",\"url\":\"https:\\\/\\\/buletin.de\\\/bucuresti\\\/wp-content\\\/uploads\\\/logo-bdb-full-wide-vernil-transparent.png\",\"contentUrl\":\"https:\\\/\\\/buletin.de\\\/bucuresti\\\/wp-content\\\/uploads\\\/logo-bdb-full-wide-vernil-transparent.png\",\"width\":1782,\"height\":626,\"caption\":\"Buletin de Bucure\u0219ti\"},\"image\":{\"@id\":\"https:\\\/\\\/buletin.de\\\/bucuresti\\\/#\\\/schema\\\/logo\\\/image\\\/\"},\"sameAs\":[\"https:\\\/\\\/www.facebook.com\\\/buletin.de.buc\",\"https:\\\/\\\/www.instagram.com\\\/buletinde.bucuresti\\\/\"]},{\"@type\":\"Person\",\"@id\":\"https:\\\/\\\/buletin.de\\\/bucuresti\\\/#\\\/schema\\\/person\\\/ab174cf6711728e4ee83d672acf9a912\",\"name\":\"Adina C\u0103p\u00eelnean\",\"image\":{\"@type\":\"ImageObject\",\"inLanguage\":\"en-GB\",\"@id\":\"https:\\\/\\\/secure.gravatar.com\\\/avatar\\\/4fe9675d6282fd7c1aa4e486a037d532d5728fc16a30360f293eb6126b2e73ad?s=96&d=monsterid&r=ge2b23868508aec3460d3c6a11d3b599a\",\"url\":\"https:\\\/\\\/secure.gravatar.com\\\/avatar\\\/4fe9675d6282fd7c1aa4e486a037d532d5728fc16a30360f293eb6126b2e73ad?s=96&d=monsterid&r=g\",\"contentUrl\":\"https:\\\/\\\/secure.gravatar.com\\\/avatar\\\/4fe9675d6282fd7c1aa4e486a037d532d5728fc16a30360f293eb6126b2e73ad?s=96&d=monsterid&r=g\",\"caption\":\"Adina C\u0103p\u00eelnean\"},\"url\":\"https:\\\/\\\/buletin.de\\\/bucuresti\\\/author\\\/adinacapilnean\\\/\"}]}<\/script>\n<!-- \/ Yoast SEO Premium plugin. -->","yoast_head_json":{"title":"Video | Tractarea prin pietri\u0219 a unei ma\u0219ini a atras comentarii \u00een mediul online. Poli\u021bia a spus c\u0103 nu s-a putut interveni cu alt utilaj - Buletin de Bucure\u0219ti","robots":{"index":"index","follow":"follow","max-snippet":"max-snippet:-1","max-image-preview":"max-image-preview:large","max-video-preview":"max-video-preview:-1"},"canonical":"https:\/\/buletin.de\/bucuresti\/video-tractarea-prin-pietris-a-unei-masini-a-atras-comentarii-in-mediul-online-politia-a-spus-ca-nu-s-a-putut-intervenii-cu-alt-utilaj\/","og_locale":"en_GB","og_type":"article","og_title":"Video | Tractarea prin pietri\u0219 a unei ma\u0219ini a atras comentarii \u00een mediul online. Poli\u021bia a spus c\u0103 nu s-a putut interveni cu alt utilaj","og_description":"Un cet\u0103\u021bean al sectorului 6 a postat pe re\u021belele de socializare un videoclip care suprinde ridicarea unui autoturism parcat \u00eentr-o zon\u0103 \u00een care se desf\u0103\u0219urau lucr\u0103ri de asfaltare, atr\u0103g\u00e2nd aten\u021bia asupra faptului c\u0103 ma\u0219ina este mai degrab\u0103 \u201et\u00e2r\u00e2t\u0103\u201d dec\u00e2t \u201eridicat\u0103\u201d. Conform unei preciz\u0103ri a Poli\u021biei locale spa\u021biul nu permitea interven\u021bia altui tip de utilaj, iar [&hellip;]","og_url":"https:\/\/buletin.de\/bucuresti\/video-tractarea-prin-pietris-a-unei-masini-a-atras-comentarii-in-mediul-online-politia-a-spus-ca-nu-s-a-putut-intervenii-cu-alt-utilaj\/","og_site_name":"Buletin de Bucure\u0219ti","article_publisher":"https:\/\/www.facebook.com\/buletin.de.buc","article_published_time":"2023-04-20T14:28:31+00:00","article_modified_time":"2023-04-20T16:28:44+00:00","og_image":[{"width":576,"height":1024,"url":"https:\/\/buletin.de\/bucuresti\/wp-content\/uploads\/pexels-tara-winstead-7723522-7.jpg","type":"image\/jpeg"}],"author":"Adina C\u0103p\u00eelnean","twitter_card":"summary_large_image","twitter_misc":{"Written by":"Adina C\u0103p\u00eelnean","Estimated reading time":"2 minutes"},"schema":{"@context":"https:\/\/schema.org","@graph":[{"@type":"Article","@id":"https:\/\/buletin.de\/bucuresti\/video-tractarea-prin-pietris-a-unei-masini-a-atras-comentarii-in-mediul-online-politia-a-spus-ca-nu-s-a-putut-intervenii-cu-alt-utilaj\/#article","isPartOf":{"@id":"https:\/\/buletin.de\/bucuresti\/video-tractarea-prin-pietris-a-unei-masini-a-atras-comentarii-in-mediul-online-politia-a-spus-ca-nu-s-a-putut-intervenii-cu-alt-utilaj\/"},"author":{"name":"Adina C\u0103p\u00eelnean","@id":"https:\/\/buletin.de\/bucuresti\/#\/schema\/person\/ab174cf6711728e4ee83d672acf9a912"},"headline":"Video | Tractarea prin pietri\u0219 a unei ma\u0219ini a atras comentarii \u00een mediul online. Poli\u021bia a spus c\u0103 nu s-a putut interveni cu alt utilaj","datePublished":"2023-04-20T14:28:31+00:00","dateModified":"2023-04-20T16:28:44+00:00","mainEntityOfPage":{"@id":"https:\/\/buletin.de\/bucuresti\/video-tractarea-prin-pietris-a-unei-masini-a-atras-comentarii-in-mediul-online-politia-a-spus-ca-nu-s-a-putut-intervenii-cu-alt-utilaj\/"},"wordCount":345,"publisher":{"@id":"https:\/\/buletin.de\/bucuresti\/#organization"},"image":{"@id":"https:\/\/buletin.de\/bucuresti\/video-tractarea-prin-pietris-a-unei-masini-a-atras-comentarii-in-mediul-online-politia-a-spus-ca-nu-s-a-putut-intervenii-cu-alt-utilaj\/#primaryimage"},"thumbnailUrl":"https:\/\/buletin.de\/bucuresti\/wp-content\/uploads\/pexels-tara-winstead-7723522-7.jpg","articleSection":["\u0218tiri"],"inLanguage":"en-GB","copyrightYear":"2023","copyrightHolder":{"@id":"https:\/\/buletin.de\/bucuresti\/#organization"}},{"@type":"WebPage","@id":"https:\/\/buletin.de\/bucuresti\/video-tractarea-prin-pietris-a-unei-masini-a-atras-comentarii-in-mediul-online-politia-a-spus-ca-nu-s-a-putut-intervenii-cu-alt-utilaj\/","url":"https:\/\/buletin.de\/bucuresti\/video-tractarea-prin-pietris-a-unei-masini-a-atras-comentarii-in-mediul-online-politia-a-spus-ca-nu-s-a-putut-intervenii-cu-alt-utilaj\/","name":"Video | Tractarea prin pietri\u0219 a unei ma\u0219ini a atras comentarii \u00een mediul online. Poli\u021bia a spus c\u0103 nu s-a putut interveni cu alt utilaj - Buletin de Bucure\u0219ti","isPartOf":{"@id":"https:\/\/buletin.de\/bucuresti\/#website"},"primaryImageOfPage":{"@id":"https:\/\/buletin.de\/bucuresti\/video-tractarea-prin-pietris-a-unei-masini-a-atras-comentarii-in-mediul-online-politia-a-spus-ca-nu-s-a-putut-intervenii-cu-alt-utilaj\/#primaryimage"},"image":{"@id":"https:\/\/buletin.de\/bucuresti\/video-tractarea-prin-pietris-a-unei-masini-a-atras-comentarii-in-mediul-online-politia-a-spus-ca-nu-s-a-putut-intervenii-cu-alt-utilaj\/#primaryimage"},"thumbnailUrl":"https:\/\/buletin.de\/bucuresti\/wp-content\/uploads\/pexels-tara-winstead-7723522-7.jpg","datePublished":"2023-04-20T14:28:31+00:00","dateModified":"2023-04-20T16:28:44+00:00","breadcrumb":{"@id":"https:\/\/buletin.de\/bucuresti\/video-tractarea-prin-pietris-a-unei-masini-a-atras-comentarii-in-mediul-online-politia-a-spus-ca-nu-s-a-putut-intervenii-cu-alt-utilaj\/#breadcrumb"},"inLanguage":"en-GB","potentialAction":[{"@type":"ReadAction","target":["https:\/\/buletin.de\/bucuresti\/video-tractarea-prin-pietris-a-unei-masini-a-atras-comentarii-in-mediul-online-politia-a-spus-ca-nu-s-a-putut-intervenii-cu-alt-utilaj\/"]}]},{"@type":"ImageObject","inLanguage":"en-GB","@id":"https:\/\/buletin.de\/bucuresti\/video-tractarea-prin-pietris-a-unei-masini-a-atras-comentarii-in-mediul-online-politia-a-spus-ca-nu-s-a-putut-intervenii-cu-alt-utilaj\/#primaryimage","url":"https:\/\/buletin.de\/bucuresti\/wp-content\/uploads\/pexels-tara-winstead-7723522-7.jpg","contentUrl":"https:\/\/buletin.de\/bucuresti\/wp-content\/uploads\/pexels-tara-winstead-7723522-7.jpg","width":576,"height":1024},{"@type":"BreadcrumbList","@id":"https:\/\/buletin.de\/bucuresti\/video-tractarea-prin-pietris-a-unei-masini-a-atras-comentarii-in-mediul-online-politia-a-spus-ca-nu-s-a-putut-intervenii-cu-alt-utilaj\/#breadcrumb","itemListElement":[{"@type":"ListItem","position":1,"name":"Acas\u0103","item":"https:\/\/buletin.de\/bucuresti\/"},{"@type":"ListItem","position":2,"name":"Video | Tractarea prin pietri\u0219 a unei ma\u0219ini a atras comentarii \u00een mediul online. Poli\u021bia a spus c\u0103 nu s-a putut interveni cu alt utilaj"}]},{"@type":"WebSite","@id":"https:\/\/buletin.de\/bucuresti\/#website","url":"https:\/\/buletin.de\/bucuresti\/","name":"Buletin de Bucure\u0219ti","description":"\u0218tiri \u0219i investiga\u021bii esen\u021biale din capital\u0103","publisher":{"@id":"https:\/\/buletin.de\/bucuresti\/#organization"},"potentialAction":[{"@type":"SearchAction","target":{"@type":"EntryPoint","urlTemplate":"https:\/\/buletin.de\/bucuresti\/?s={search_term_string}"},"query-input":{"@type":"PropertyValueSpecification","valueRequired":true,"valueName":"search_term_string"}}],"inLanguage":"en-GB"},{"@type":"Organization","@id":"https:\/\/buletin.de\/bucuresti\/#organization","name":"Buletin de Bucure\u0219ti","url":"https:\/\/buletin.de\/bucuresti\/","logo":{"@type":"ImageObject","inLanguage":"en-GB","@id":"https:\/\/buletin.de\/bucuresti\/#\/schema\/logo\/image\/","url":"https:\/\/buletin.de\/bucuresti\/wp-content\/uploads\/logo-bdb-full-wide-vernil-transparent.png","contentUrl":"https:\/\/buletin.de\/bucuresti\/wp-content\/uploads\/logo-bdb-full-wide-vernil-transparent.png","width":1782,"height":626,"caption":"Buletin de Bucure\u0219ti"},"image":{"@id":"https:\/\/buletin.de\/bucuresti\/#\/schema\/logo\/image\/"},"sameAs":["https:\/\/www.facebook.com\/buletin.de.buc","https:\/\/www.instagram.com\/buletinde.bucuresti\/"]},{"@type":"Person","@id":"https:\/\/buletin.de\/bucuresti\/#\/schema\/person\/ab174cf6711728e4ee83d672acf9a912","name":"Adina C\u0103p\u00eelnean","image":{"@type":"ImageObject","inLanguage":"en-GB","@id":"https:\/\/secure.gravatar.com\/avatar\/4fe9675d6282fd7c1aa4e486a037d532d5728fc16a30360f293eb6126b2e73ad?s=96&d=monsterid&r=ge2b23868508aec3460d3c6a11d3b599a","url":"https:\/\/secure.gravatar.com\/avatar\/4fe9675d6282fd7c1aa4e486a037d532d5728fc16a30360f293eb6126b2e73ad?s=96&d=monsterid&r=g","contentUrl":"https:\/\/secure.gravatar.com\/avatar\/4fe9675d6282fd7c1aa4e486a037d532d5728fc16a30360f293eb6126b2e73ad?s=96&d=monsterid&r=g","caption":"Adina C\u0103p\u00eelnean"},"url":"https:\/\/buletin.de\/bucuresti\/author\/adinacapilnean\/"}]}},"authors":[{"term_id":22580,"user_id":47,"is_guest":0,"slug":"adinacapilnean","display_name":"Adina C\u0103p\u00eelnean","avatar_url":"https:\/\/secure.gravatar.com\/avatar\/4fe9675d6282fd7c1aa4e486a037d532d5728fc16a30360f293eb6126b2e73ad?s=96&d=monsterid&r=g","0":null,"1":"","2":"","3":"","4":"","5":"","6":"","7":"","8":""}],"_links":{"self":[{"href":"https:\/\/buletin.de\/bucuresti\/wp-json\/wp\/v2\/posts\/57784","targetHints":{"allow":["GET"]}}],"collection":[{"href":"https:\/\/buletin.de\/bucuresti\/wp-json\/wp\/v2\/posts"}],"about":[{"href":"https:\/\/buletin.de\/bucuresti\/wp-json\/wp\/v2\/types\/post"}],"author":[{"embeddable":true,"href":"https:\/\/buletin.de\/bucuresti\/wp-json\/wp\/v2\/users\/47"}],"replies":[{"embeddable":true,"href":"https:\/\/buletin.de\/bucuresti\/wp-json\/wp\/v2\/comments?post=57784"}],"version-history":[{"count":3,"href":"https:\/\/buletin.de\/bucuresti\/wp-json\/wp\/v2\/posts\/57784\/revisions"}],"predecessor-version":[{"id":57801,"href":"https:\/\/buletin.de\/bucuresti\/wp-json\/wp\/v2\/posts\/57784\/revisions\/57801"}],"wp:featuredmedia":[{"embeddable":true,"href":"https:\/\/buletin.de\/bucuresti\/wp-json\/wp\/v2\/media\/57790"}],"wp:attachment":[{"href":"https:\/\/buletin.de\/bucuresti\/wp-json\/wp\/v2\/media?parent=57784"}],"wp:term":[{"taxonomy":"category","embeddable":true,"href":"https:\/\/buletin.de\/bucuresti\/wp-json\/wp\/v2\/categories?post=57784"},{"taxonomy":"post_tag","embeddable":true,"href":"https:\/\/buletin.de\/bucuresti\/wp-json\/wp\/v2\/tags?post=57784"},{"taxonomy":"author","embeddable":true,"href":"https:\/\/buletin.de\/bucuresti\/wp-json\/wp\/v2\/ppma_author?post=57784"}],"curies":[{"name":"wp","href":"https:\/\/api.w.org\/{rel}","templated":true}]}}