{"id":57780,"date":"2023-04-20T13:38:44","date_gmt":"2023-04-20T11:38:44","guid":{"rendered":"https:\/\/buletin.de\/bucuresti\/?p=57780"},"modified":"2023-04-20T13:38:45","modified_gmt":"2023-04-20T11:38:45","slug":"5-000-de-masini-vechi-din-sectorul-6-pot-intra-in-programul-rabla-local","status":"publish","type":"post","link":"https:\/\/buletin.de\/bucuresti\/5-000-de-masini-vechi-din-sectorul-6-pot-intra-in-programul-rabla-local\/","title":{"rendered":"5.000 de ma\u0219ini vechi din Sectorul 6 pot intra \u00een Programul \u201eRabla Local\u201d"},"content":{"rendered":"\n<p><strong>Prim<\/strong><strong>\u0103ria Sectorului 6 anun\u0163\u0103 c\u0103 va solicita finan\u0163area maxim\u0103 pentru programul \u201eRabla Local\u201d, ceea ce \u00eenseamn\u0103 fonduri pentru 5.000 de rable de pe raza sectorului.<\/strong><\/p>\n\n\n\n<p>Pe l\u00e2ng\u0103 banii proveni\u021bi de la Ministerul Mediului, care reprezint\u0103 80%, autoritatea local\u0103 contribuie cu 20%. Asta \u00eenseamn\u0103 c\u0103 valoarea contribu\u0163iei Prim\u0103riei Sectorului 6 se ridic\u0103 la 3 milioane de lei.<\/p>\n\n\n\n<p>\u201eFiecare beneficiar va primi \u00een schimbul pred\u0103rii rablei 3.000 de lei, f\u0103r\u0103 a fi obligat s\u0103 foloseasc\u0103 stimulentul la cump\u0103rarea unei ma\u0219ini noi. Singura condi\u021bie este c\u0103 timp de 3 ani de la ob\u021binerea banilor nu va putea cump\u0103ra o ma\u0219in\u0103 cu o norm\u0103 de poluare mai mic\u0103 de Euro 5\u201d, precizeaz\u0103 oficialii PS 6.<\/p>\n\n\n\n<p><strong>Cine se poate \u00eenscrie<\/strong><\/p>\n\n\n\n<p>Programul se adreseaz\u0103 doar persoanelor fizice, care trebuie s\u0103 respecte urm\u0103toarele condi\u021bii:<\/p>\n\n\n\n<ul class=\"wp-block-list\"><li>S\u0103 aib\u0103 domiciliul sau re\u0219edin\u021ba \u00een Sectorul 6;<\/li><li>S\u0103 de\u021bin\u0103 un autovehicul uzat, cu o vechime mai mare sau egal\u0103 cu 15 ani \u0219i cu o norm\u0103 de poluare EURO 3 sau mai mic\u0103. Ma\u0219ina s\u0103 fie \u00eenmatriculat\u0103 pe numele solicitantului de cel pu\u021bin 5 ani \u0219i s\u0103 fie \u00een eviden\u021bele fiscale ale prim\u0103riei;<\/li><li>S\u0103 nu aib\u0103 restan\u021be la plata taxelor, impozitelor, amenzilor \u0219i contribu\u021bilor c\u0103tre bugetul local \u0219i cel de stat;<\/li><li>S\u0103 nu aib\u0103 condamn\u0103ri definitive pentru infrac\u021biuni \u00eempotriva mediului;<\/li><li>S\u0103 nu foloseasc\u0103 aceea\u0219i ma\u0219in\u0103 pentru a ob\u021bine alte finan\u021b\u0103ri din alte programe.<\/li><\/ul>\n\n\n\n<p><strong>Care <\/strong><strong>sunt etapele programului<\/strong><\/p>\n\n\n\n<ul class=\"wp-block-list\"><li>Perioada 21-28 aprilie este alocat\u0103 \u00eenscrierii prim\u0103riilor \u00een program;<\/li><li>Apoi, Administra\u021bia Fondului pentru Mediu (AFM) public\u0103 lista unit\u0103\u021bilor administrativ-teritoriale participante \u0219i deschide aplica\u021bia pentru cet\u0103\u021beni;<\/li><li>Proprietarii de ma\u0219ini vechi se \u00eenscriu online \u00een aplica\u021bia AFM. \u00cen momentul \u00een care s-a atins num\u0103rul de 5.000 de solicitan\u021bi, lista este trimis\u0103 de c\u0103tre AFM prim\u0103riei Sectorului 6;<\/li><li>Solicitan\u021bii \u00eencarc\u0103 online documentele \u00een aplica\u021bia portal.primarie6.ro, la sec\u021biunea \u201eCerere Rabla Local\u201d, \u0219i completeaz\u0103 c\u00e2mpurile cu datele personale, conform ghidului AFM;<\/li><li>Merg cu ma\u0219ina la casat, vor primi un cupon, \u00een baza c\u0103ruia vor semna cu Direc\u021bia General\u0103 de Impozite \u0219i Taxe Locale (DGITL) Sector 6 contractul de finan\u021bare. Banii \u00eei vor primi \u00een cont de la DGITL.<\/li><\/ul>\n","protected":false},"excerpt":{"rendered":"<p>Prim\u0103ria Sectorului 6 anun\u0163\u0103 c\u0103 va solicita finan\u0163area maxim\u0103 pentru programul \u201eRabla Local\u201d, ceea ce \u00eenseamn\u0103 fonduri pentru 5.000 de rable de pe raza sectorului. Pe l\u00e2ng\u0103 banii proveni\u021bi de la Ministerul Mediului, care reprezint\u0103 80%, autoritatea local\u0103 contribuie cu 20%. Asta \u00eenseamn\u0103 c\u0103 valoarea contribu\u0163iei Prim\u0103riei Sectorului 6 se ridic\u0103 la 3 milioane de [&hellip;]<\/p>\n","protected":false},"author":38,"featured_media":57781,"comment_status":"closed","ping_status":"open","sticky":false,"template":"","format":"standard","meta":{"_acf_changed":false,"inline_featured_image":false,"ngg_post_thumbnail":0,"footnotes":""},"categories":[62],"tags":[],"ppma_author":[22601],"class_list":["post-57780","post","type-post","status-publish","format-standard","has-post-thumbnail","hentry","category-stiri"],"acf":[],"yoast_head":"<!-- This site is optimized with the Yoast SEO Premium plugin v25.3 (Yoast SEO v27.5) - https:\/\/yoast.com\/product\/yoast-seo-premium-wordpress\/ -->\n<title>5.000 de ma\u0219ini vechi din Sectorul 6 pot intra \u00een Programul \u201eRabla Local\u201d - Buletin de Bucure\u0219ti<\/title>\n<meta name=\"robots\" content=\"index, follow, max-snippet:-1, max-image-preview:large, max-video-preview:-1\" \/>\n<link rel=\"canonical\" href=\"https:\/\/buletin.de\/bucuresti\/5-000-de-masini-vechi-din-sectorul-6-pot-intra-in-programul-rabla-local\/\" \/>\n<meta property=\"og:locale\" content=\"en_GB\" \/>\n<meta property=\"og:type\" content=\"article\" \/>\n<meta property=\"og:title\" content=\"5.000 de ma\u0219ini vechi din Sectorul 6 pot intra \u00een Programul \u201eRabla Local\u201d\" \/>\n<meta property=\"og:description\" content=\"Prim\u0103ria Sectorului 6 anun\u0163\u0103 c\u0103 va solicita finan\u0163area maxim\u0103 pentru programul \u201eRabla Local\u201d, ceea ce \u00eenseamn\u0103 fonduri pentru 5.000 de rable de pe raza sectorului. Pe l\u00e2ng\u0103 banii proveni\u021bi de la Ministerul Mediului, care reprezint\u0103 80%, autoritatea local\u0103 contribuie cu 20%. Asta \u00eenseamn\u0103 c\u0103 valoarea contribu\u0163iei Prim\u0103riei Sectorului 6 se ridic\u0103 la 3 milioane de [&hellip;]\" \/>\n<meta property=\"og:url\" content=\"https:\/\/buletin.de\/bucuresti\/5-000-de-masini-vechi-din-sectorul-6-pot-intra-in-programul-rabla-local\/\" \/>\n<meta property=\"og:site_name\" content=\"Buletin de Bucure\u0219ti\" \/>\n<meta property=\"article:publisher\" content=\"https:\/\/www.facebook.com\/buletin.de.buc\" \/>\n<meta property=\"article:published_time\" content=\"2023-04-20T11:38:44+00:00\" \/>\n<meta property=\"article:modified_time\" content=\"2023-04-20T11:38:45+00:00\" \/>\n<meta property=\"og:image\" content=\"https:\/\/buletin.de\/bucuresti\/wp-content\/uploads\/masini-abandonate-s6-900x382-1.jpg\" \/>\n\t<meta property=\"og:image:width\" content=\"900\" \/>\n\t<meta property=\"og:image:height\" content=\"382\" \/>\n\t<meta property=\"og:image:type\" content=\"image\/jpeg\" \/>\n<meta name=\"author\" content=\"Anamaria Nedelcoff\" \/>\n<meta name=\"twitter:card\" content=\"summary_large_image\" \/>\n<meta name=\"twitter:label1\" content=\"Written by\" \/>\n\t<meta name=\"twitter:data1\" content=\"Anamaria Nedelcoff\" \/>\n\t<meta name=\"twitter:label2\" content=\"Estimated reading time\" \/>\n\t<meta name=\"twitter:data2\" content=\"2 minutes\" \/>\n<script type=\"application\/ld+json\" class=\"yoast-schema-graph\">{\"@context\":\"https:\\\/\\\/schema.org\",\"@graph\":[{\"@type\":\"Article\",\"@id\":\"https:\\\/\\\/buletin.de\\\/bucuresti\\\/5-000-de-masini-vechi-din-sectorul-6-pot-intra-in-programul-rabla-local\\\/#article\",\"isPartOf\":{\"@id\":\"https:\\\/\\\/buletin.de\\\/bucuresti\\\/5-000-de-masini-vechi-din-sectorul-6-pot-intra-in-programul-rabla-local\\\/\"},\"author\":{\"name\":\"Anamaria Nedelcoff\",\"@id\":\"https:\\\/\\\/buletin.de\\\/bucuresti\\\/#\\\/schema\\\/person\\\/bfa22994f12f5d3353b170aca494f1f9\"},\"headline\":\"5.000 de ma\u0219ini vechi din Sectorul 6 pot intra \u00een Programul \u201eRabla Local\u201d\",\"datePublished\":\"2023-04-20T11:38:44+00:00\",\"dateModified\":\"2023-04-20T11:38:45+00:00\",\"mainEntityOfPage\":{\"@id\":\"https:\\\/\\\/buletin.de\\\/bucuresti\\\/5-000-de-masini-vechi-din-sectorul-6-pot-intra-in-programul-rabla-local\\\/\"},\"wordCount\":386,\"publisher\":{\"@id\":\"https:\\\/\\\/buletin.de\\\/bucuresti\\\/#organization\"},\"image\":{\"@id\":\"https:\\\/\\\/buletin.de\\\/bucuresti\\\/5-000-de-masini-vechi-din-sectorul-6-pot-intra-in-programul-rabla-local\\\/#primaryimage\"},\"thumbnailUrl\":\"https:\\\/\\\/buletin.de\\\/bucuresti\\\/wp-content\\\/uploads\\\/masini-abandonate-s6-900x382-1.jpg\",\"articleSection\":[\"\u0218tiri\"],\"inLanguage\":\"en-GB\",\"copyrightYear\":\"2023\",\"copyrightHolder\":{\"@id\":\"https:\\\/\\\/buletin.de\\\/bucuresti\\\/#organization\"}},{\"@type\":\"WebPage\",\"@id\":\"https:\\\/\\\/buletin.de\\\/bucuresti\\\/5-000-de-masini-vechi-din-sectorul-6-pot-intra-in-programul-rabla-local\\\/\",\"url\":\"https:\\\/\\\/buletin.de\\\/bucuresti\\\/5-000-de-masini-vechi-din-sectorul-6-pot-intra-in-programul-rabla-local\\\/\",\"name\":\"5.000 de ma\u0219ini vechi din Sectorul 6 pot intra \u00een Programul \u201eRabla Local\u201d - Buletin de Bucure\u0219ti\",\"isPartOf\":{\"@id\":\"https:\\\/\\\/buletin.de\\\/bucuresti\\\/#website\"},\"primaryImageOfPage\":{\"@id\":\"https:\\\/\\\/buletin.de\\\/bucuresti\\\/5-000-de-masini-vechi-din-sectorul-6-pot-intra-in-programul-rabla-local\\\/#primaryimage\"},\"image\":{\"@id\":\"https:\\\/\\\/buletin.de\\\/bucuresti\\\/5-000-de-masini-vechi-din-sectorul-6-pot-intra-in-programul-rabla-local\\\/#primaryimage\"},\"thumbnailUrl\":\"https:\\\/\\\/buletin.de\\\/bucuresti\\\/wp-content\\\/uploads\\\/masini-abandonate-s6-900x382-1.jpg\",\"datePublished\":\"2023-04-20T11:38:44+00:00\",\"dateModified\":\"2023-04-20T11:38:45+00:00\",\"breadcrumb\":{\"@id\":\"https:\\\/\\\/buletin.de\\\/bucuresti\\\/5-000-de-masini-vechi-din-sectorul-6-pot-intra-in-programul-rabla-local\\\/#breadcrumb\"},\"inLanguage\":\"en-GB\",\"potentialAction\":[{\"@type\":\"ReadAction\",\"target\":[\"https:\\\/\\\/buletin.de\\\/bucuresti\\\/5-000-de-masini-vechi-din-sectorul-6-pot-intra-in-programul-rabla-local\\\/\"]}]},{\"@type\":\"ImageObject\",\"inLanguage\":\"en-GB\",\"@id\":\"https:\\\/\\\/buletin.de\\\/bucuresti\\\/5-000-de-masini-vechi-din-sectorul-6-pot-intra-in-programul-rabla-local\\\/#primaryimage\",\"url\":\"https:\\\/\\\/buletin.de\\\/bucuresti\\\/wp-content\\\/uploads\\\/masini-abandonate-s6-900x382-1.jpg\",\"contentUrl\":\"https:\\\/\\\/buletin.de\\\/bucuresti\\\/wp-content\\\/uploads\\\/masini-abandonate-s6-900x382-1.jpg\",\"width\":900,\"height\":382},{\"@type\":\"BreadcrumbList\",\"@id\":\"https:\\\/\\\/buletin.de\\\/bucuresti\\\/5-000-de-masini-vechi-din-sectorul-6-pot-intra-in-programul-rabla-local\\\/#breadcrumb\",\"itemListElement\":[{\"@type\":\"ListItem\",\"position\":1,\"name\":\"Acas\u0103\",\"item\":\"https:\\\/\\\/buletin.de\\\/bucuresti\\\/\"},{\"@type\":\"ListItem\",\"position\":2,\"name\":\"5.000 de ma\u0219ini vechi din Sectorul 6 pot intra \u00een Programul \u201eRabla Local\u201d\"}]},{\"@type\":\"WebSite\",\"@id\":\"https:\\\/\\\/buletin.de\\\/bucuresti\\\/#website\",\"url\":\"https:\\\/\\\/buletin.de\\\/bucuresti\\\/\",\"name\":\"Buletin de Bucure\u0219ti\",\"description\":\"\u0218tiri \u0219i investiga\u021bii esen\u021biale din capital\u0103\",\"publisher\":{\"@id\":\"https:\\\/\\\/buletin.de\\\/bucuresti\\\/#organization\"},\"potentialAction\":[{\"@type\":\"SearchAction\",\"target\":{\"@type\":\"EntryPoint\",\"urlTemplate\":\"https:\\\/\\\/buletin.de\\\/bucuresti\\\/?s={search_term_string}\"},\"query-input\":{\"@type\":\"PropertyValueSpecification\",\"valueRequired\":true,\"valueName\":\"search_term_string\"}}],\"inLanguage\":\"en-GB\"},{\"@type\":\"Organization\",\"@id\":\"https:\\\/\\\/buletin.de\\\/bucuresti\\\/#organization\",\"name\":\"Buletin de Bucure\u0219ti\",\"url\":\"https:\\\/\\\/buletin.de\\\/bucuresti\\\/\",\"logo\":{\"@type\":\"ImageObject\",\"inLanguage\":\"en-GB\",\"@id\":\"https:\\\/\\\/buletin.de\\\/bucuresti\\\/#\\\/schema\\\/logo\\\/image\\\/\",\"url\":\"https:\\\/\\\/buletin.de\\\/bucuresti\\\/wp-content\\\/uploads\\\/logo-bdb-full-wide-vernil-transparent.png\",\"contentUrl\":\"https:\\\/\\\/buletin.de\\\/bucuresti\\\/wp-content\\\/uploads\\\/logo-bdb-full-wide-vernil-transparent.png\",\"width\":1782,\"height\":626,\"caption\":\"Buletin de Bucure\u0219ti\"},\"image\":{\"@id\":\"https:\\\/\\\/buletin.de\\\/bucuresti\\\/#\\\/schema\\\/logo\\\/image\\\/\"},\"sameAs\":[\"https:\\\/\\\/www.facebook.com\\\/buletin.de.buc\",\"https:\\\/\\\/www.instagram.com\\\/buletinde.bucuresti\\\/\"]},{\"@type\":\"Person\",\"@id\":\"https:\\\/\\\/buletin.de\\\/bucuresti\\\/#\\\/schema\\\/person\\\/bfa22994f12f5d3353b170aca494f1f9\",\"name\":\"Anamaria Nedelcoff\",\"image\":{\"@type\":\"ImageObject\",\"inLanguage\":\"en-GB\",\"@id\":\"https:\\\/\\\/secure.gravatar.com\\\/avatar\\\/409df91a26b98006111557131cc35236962765b734317e1dcf94c6bc1d010629?s=96&d=monsterid&r=g9bc3ae6c8e1522e913d1a0debd6aec89\",\"url\":\"https:\\\/\\\/secure.gravatar.com\\\/avatar\\\/409df91a26b98006111557131cc35236962765b734317e1dcf94c6bc1d010629?s=96&d=monsterid&r=g\",\"contentUrl\":\"https:\\\/\\\/secure.gravatar.com\\\/avatar\\\/409df91a26b98006111557131cc35236962765b734317e1dcf94c6bc1d010629?s=96&d=monsterid&r=g\",\"caption\":\"Anamaria Nedelcoff\"},\"url\":\"https:\\\/\\\/buletin.de\\\/bucuresti\\\/author\\\/nedelcoff\\\/\"}]}<\/script>\n<!-- \/ Yoast SEO Premium plugin. -->","yoast_head_json":{"title":"5.000 de ma\u0219ini vechi din Sectorul 6 pot intra \u00een Programul \u201eRabla Local\u201d - Buletin de Bucure\u0219ti","robots":{"index":"index","follow":"follow","max-snippet":"max-snippet:-1","max-image-preview":"max-image-preview:large","max-video-preview":"max-video-preview:-1"},"canonical":"https:\/\/buletin.de\/bucuresti\/5-000-de-masini-vechi-din-sectorul-6-pot-intra-in-programul-rabla-local\/","og_locale":"en_GB","og_type":"article","og_title":"5.000 de ma\u0219ini vechi din Sectorul 6 pot intra \u00een Programul \u201eRabla Local\u201d","og_description":"Prim\u0103ria Sectorului 6 anun\u0163\u0103 c\u0103 va solicita finan\u0163area maxim\u0103 pentru programul \u201eRabla Local\u201d, ceea ce \u00eenseamn\u0103 fonduri pentru 5.000 de rable de pe raza sectorului. Pe l\u00e2ng\u0103 banii proveni\u021bi de la Ministerul Mediului, care reprezint\u0103 80%, autoritatea local\u0103 contribuie cu 20%. Asta \u00eenseamn\u0103 c\u0103 valoarea contribu\u0163iei Prim\u0103riei Sectorului 6 se ridic\u0103 la 3 milioane de [&hellip;]","og_url":"https:\/\/buletin.de\/bucuresti\/5-000-de-masini-vechi-din-sectorul-6-pot-intra-in-programul-rabla-local\/","og_site_name":"Buletin de Bucure\u0219ti","article_publisher":"https:\/\/www.facebook.com\/buletin.de.buc","article_published_time":"2023-04-20T11:38:44+00:00","article_modified_time":"2023-04-20T11:38:45+00:00","og_image":[{"width":900,"height":382,"url":"https:\/\/buletin.de\/bucuresti\/wp-content\/uploads\/masini-abandonate-s6-900x382-1.jpg","type":"image\/jpeg"}],"author":"Anamaria Nedelcoff","twitter_card":"summary_large_image","twitter_misc":{"Written by":"Anamaria Nedelcoff","Estimated reading time":"2 minutes"},"schema":{"@context":"https:\/\/schema.org","@graph":[{"@type":"Article","@id":"https:\/\/buletin.de\/bucuresti\/5-000-de-masini-vechi-din-sectorul-6-pot-intra-in-programul-rabla-local\/#article","isPartOf":{"@id":"https:\/\/buletin.de\/bucuresti\/5-000-de-masini-vechi-din-sectorul-6-pot-intra-in-programul-rabla-local\/"},"author":{"name":"Anamaria Nedelcoff","@id":"https:\/\/buletin.de\/bucuresti\/#\/schema\/person\/bfa22994f12f5d3353b170aca494f1f9"},"headline":"5.000 de ma\u0219ini vechi din Sectorul 6 pot intra \u00een Programul \u201eRabla Local\u201d","datePublished":"2023-04-20T11:38:44+00:00","dateModified":"2023-04-20T11:38:45+00:00","mainEntityOfPage":{"@id":"https:\/\/buletin.de\/bucuresti\/5-000-de-masini-vechi-din-sectorul-6-pot-intra-in-programul-rabla-local\/"},"wordCount":386,"publisher":{"@id":"https:\/\/buletin.de\/bucuresti\/#organization"},"image":{"@id":"https:\/\/buletin.de\/bucuresti\/5-000-de-masini-vechi-din-sectorul-6-pot-intra-in-programul-rabla-local\/#primaryimage"},"thumbnailUrl":"https:\/\/buletin.de\/bucuresti\/wp-content\/uploads\/masini-abandonate-s6-900x382-1.jpg","articleSection":["\u0218tiri"],"inLanguage":"en-GB","copyrightYear":"2023","copyrightHolder":{"@id":"https:\/\/buletin.de\/bucuresti\/#organization"}},{"@type":"WebPage","@id":"https:\/\/buletin.de\/bucuresti\/5-000-de-masini-vechi-din-sectorul-6-pot-intra-in-programul-rabla-local\/","url":"https:\/\/buletin.de\/bucuresti\/5-000-de-masini-vechi-din-sectorul-6-pot-intra-in-programul-rabla-local\/","name":"5.000 de ma\u0219ini vechi din Sectorul 6 pot intra \u00een Programul \u201eRabla Local\u201d - Buletin de Bucure\u0219ti","isPartOf":{"@id":"https:\/\/buletin.de\/bucuresti\/#website"},"primaryImageOfPage":{"@id":"https:\/\/buletin.de\/bucuresti\/5-000-de-masini-vechi-din-sectorul-6-pot-intra-in-programul-rabla-local\/#primaryimage"},"image":{"@id":"https:\/\/buletin.de\/bucuresti\/5-000-de-masini-vechi-din-sectorul-6-pot-intra-in-programul-rabla-local\/#primaryimage"},"thumbnailUrl":"https:\/\/buletin.de\/bucuresti\/wp-content\/uploads\/masini-abandonate-s6-900x382-1.jpg","datePublished":"2023-04-20T11:38:44+00:00","dateModified":"2023-04-20T11:38:45+00:00","breadcrumb":{"@id":"https:\/\/buletin.de\/bucuresti\/5-000-de-masini-vechi-din-sectorul-6-pot-intra-in-programul-rabla-local\/#breadcrumb"},"inLanguage":"en-GB","potentialAction":[{"@type":"ReadAction","target":["https:\/\/buletin.de\/bucuresti\/5-000-de-masini-vechi-din-sectorul-6-pot-intra-in-programul-rabla-local\/"]}]},{"@type":"ImageObject","inLanguage":"en-GB","@id":"https:\/\/buletin.de\/bucuresti\/5-000-de-masini-vechi-din-sectorul-6-pot-intra-in-programul-rabla-local\/#primaryimage","url":"https:\/\/buletin.de\/bucuresti\/wp-content\/uploads\/masini-abandonate-s6-900x382-1.jpg","contentUrl":"https:\/\/buletin.de\/bucuresti\/wp-content\/uploads\/masini-abandonate-s6-900x382-1.jpg","width":900,"height":382},{"@type":"BreadcrumbList","@id":"https:\/\/buletin.de\/bucuresti\/5-000-de-masini-vechi-din-sectorul-6-pot-intra-in-programul-rabla-local\/#breadcrumb","itemListElement":[{"@type":"ListItem","position":1,"name":"Acas\u0103","item":"https:\/\/buletin.de\/bucuresti\/"},{"@type":"ListItem","position":2,"name":"5.000 de ma\u0219ini vechi din Sectorul 6 pot intra \u00een Programul \u201eRabla Local\u201d"}]},{"@type":"WebSite","@id":"https:\/\/buletin.de\/bucuresti\/#website","url":"https:\/\/buletin.de\/bucuresti\/","name":"Buletin de Bucure\u0219ti","description":"\u0218tiri \u0219i investiga\u021bii esen\u021biale din capital\u0103","publisher":{"@id":"https:\/\/buletin.de\/bucuresti\/#organization"},"potentialAction":[{"@type":"SearchAction","target":{"@type":"EntryPoint","urlTemplate":"https:\/\/buletin.de\/bucuresti\/?s={search_term_string}"},"query-input":{"@type":"PropertyValueSpecification","valueRequired":true,"valueName":"search_term_string"}}],"inLanguage":"en-GB"},{"@type":"Organization","@id":"https:\/\/buletin.de\/bucuresti\/#organization","name":"Buletin de Bucure\u0219ti","url":"https:\/\/buletin.de\/bucuresti\/","logo":{"@type":"ImageObject","inLanguage":"en-GB","@id":"https:\/\/buletin.de\/bucuresti\/#\/schema\/logo\/image\/","url":"https:\/\/buletin.de\/bucuresti\/wp-content\/uploads\/logo-bdb-full-wide-vernil-transparent.png","contentUrl":"https:\/\/buletin.de\/bucuresti\/wp-content\/uploads\/logo-bdb-full-wide-vernil-transparent.png","width":1782,"height":626,"caption":"Buletin de Bucure\u0219ti"},"image":{"@id":"https:\/\/buletin.de\/bucuresti\/#\/schema\/logo\/image\/"},"sameAs":["https:\/\/www.facebook.com\/buletin.de.buc","https:\/\/www.instagram.com\/buletinde.bucuresti\/"]},{"@type":"Person","@id":"https:\/\/buletin.de\/bucuresti\/#\/schema\/person\/bfa22994f12f5d3353b170aca494f1f9","name":"Anamaria Nedelcoff","image":{"@type":"ImageObject","inLanguage":"en-GB","@id":"https:\/\/secure.gravatar.com\/avatar\/409df91a26b98006111557131cc35236962765b734317e1dcf94c6bc1d010629?s=96&d=monsterid&r=g9bc3ae6c8e1522e913d1a0debd6aec89","url":"https:\/\/secure.gravatar.com\/avatar\/409df91a26b98006111557131cc35236962765b734317e1dcf94c6bc1d010629?s=96&d=monsterid&r=g","contentUrl":"https:\/\/secure.gravatar.com\/avatar\/409df91a26b98006111557131cc35236962765b734317e1dcf94c6bc1d010629?s=96&d=monsterid&r=g","caption":"Anamaria Nedelcoff"},"url":"https:\/\/buletin.de\/bucuresti\/author\/nedelcoff\/"}]}},"authors":[{"term_id":22601,"user_id":38,"is_guest":0,"slug":"nedelcoff","display_name":"Anamaria Nedelcoff","avatar_url":"https:\/\/secure.gravatar.com\/avatar\/409df91a26b98006111557131cc35236962765b734317e1dcf94c6bc1d010629?s=96&d=monsterid&r=g","0":null,"1":"","2":"","3":"","4":"","5":"","6":"","7":"","8":""}],"_links":{"self":[{"href":"https:\/\/buletin.de\/bucuresti\/wp-json\/wp\/v2\/posts\/57780","targetHints":{"allow":["GET"]}}],"collection":[{"href":"https:\/\/buletin.de\/bucuresti\/wp-json\/wp\/v2\/posts"}],"about":[{"href":"https:\/\/buletin.de\/bucuresti\/wp-json\/wp\/v2\/types\/post"}],"author":[{"embeddable":true,"href":"https:\/\/buletin.de\/bucuresti\/wp-json\/wp\/v2\/users\/38"}],"replies":[{"embeddable":true,"href":"https:\/\/buletin.de\/bucuresti\/wp-json\/wp\/v2\/comments?post=57780"}],"version-history":[{"count":1,"href":"https:\/\/buletin.de\/bucuresti\/wp-json\/wp\/v2\/posts\/57780\/revisions"}],"predecessor-version":[{"id":57782,"href":"https:\/\/buletin.de\/bucuresti\/wp-json\/wp\/v2\/posts\/57780\/revisions\/57782"}],"wp:featuredmedia":[{"embeddable":true,"href":"https:\/\/buletin.de\/bucuresti\/wp-json\/wp\/v2\/media\/57781"}],"wp:attachment":[{"href":"https:\/\/buletin.de\/bucuresti\/wp-json\/wp\/v2\/media?parent=57780"}],"wp:term":[{"taxonomy":"category","embeddable":true,"href":"https:\/\/buletin.de\/bucuresti\/wp-json\/wp\/v2\/categories?post=57780"},{"taxonomy":"post_tag","embeddable":true,"href":"https:\/\/buletin.de\/bucuresti\/wp-json\/wp\/v2\/tags?post=57780"},{"taxonomy":"author","embeddable":true,"href":"https:\/\/buletin.de\/bucuresti\/wp-json\/wp\/v2\/ppma_author?post=57780"}],"curies":[{"name":"wp","href":"https:\/\/api.w.org\/{rel}","templated":true}]}}