{"id":57777,"date":"2023-04-20T07:21:47","date_gmt":"2023-04-20T05:21:47","guid":{"rendered":"https:\/\/buletin.de\/bucuresti\/?p=57777"},"modified":"2023-04-20T07:21:48","modified_gmt":"2023-04-20T05:21:48","slug":"restrictii-de-circulatie-prin-pasajul-unirii-pana-la-sfarsitul-saptamanii","status":"publish","type":"post","link":"https:\/\/buletin.de\/bucuresti\/restrictii-de-circulatie-prin-pasajul-unirii-pana-la-sfarsitul-saptamanii\/","title":{"rendered":"Restric\u021bii de circula\u021bie prin Pasajul Unirii p\u00e2n\u0103 la sf\u00e2r\u0219itul s\u0103pt\u0103m\u00e2nii"},"content":{"rendered":"\n<p><strong>Circula\u0163ia prin Pasajul Unirii va fi restric\u0163ionat\u0103, de joi diminea\u0163a p\u00e2n\u0103 la sf\u00e2r\u015fitul acestei s\u0103pt\u0103m\u00e2ni, pe sensul dinspre Universitate c\u0103tre Tineretului, pe banda din proximitatea scuarului ce separ\u0103 cele dou\u0103 sensuri de mers, pentru lucr\u0103ri de turnare a funda\u0163iilor noii por\u0163i de gabarit.<\/strong><\/p>\n\n\n\n<p>Potrivit unui comunicat al Prim\u0103riei Sectorului 4 transmis, de Poli\u021bia Local\u0103, poarta de gabarit va fi montat\u0103 la intrarea \u00een tunelul rutier.<\/p>\n\n\n\n<p>Conduc\u0103torii auto sunt ruga\u0163i s\u0103 respecte semnele de circula\u0163ie, precum \u015fi indica\u0163iile poli\u0163i\u015ftilor rutieri afla\u0163i la fa\u0163a locului.&nbsp;<\/p>\n","protected":false},"excerpt":{"rendered":"<p>Circula\u0163ia prin Pasajul Unirii va fi restric\u0163ionat\u0103, de joi diminea\u0163a p\u00e2n\u0103 la sf\u00e2r\u015fitul acestei s\u0103pt\u0103m\u00e2ni, pe sensul dinspre Universitate c\u0103tre Tineretului, pe banda din proximitatea scuarului ce separ\u0103 cele dou\u0103 sensuri de mers, pentru lucr\u0103ri de turnare a funda\u0163iilor noii por\u0163i de gabarit. Potrivit unui comunicat al Prim\u0103riei Sectorului 4 transmis, de Poli\u021bia Local\u0103, poarta [&hellip;]<\/p>\n","protected":false},"author":18,"featured_media":42827,"comment_status":"closed","ping_status":"open","sticky":false,"template":"","format":"standard","meta":{"_acf_changed":false,"inline_featured_image":false,"ngg_post_thumbnail":0,"footnotes":""},"categories":[62],"tags":[4536],"ppma_author":[22579],"class_list":["post-57777","post","type-post","status-publish","format-standard","has-post-thumbnail","hentry","category-stiri","tag-pasajul-unirii"],"acf":[],"yoast_head":"<!-- This site is optimized with the Yoast SEO Premium plugin v25.3 (Yoast SEO v27.5) - https:\/\/yoast.com\/product\/yoast-seo-premium-wordpress\/ -->\n<title>Restric\u021bii de circula\u021bie prin Pasajul Unirii p\u00e2n\u0103 la sf\u00e2r\u0219itul s\u0103pt\u0103m\u00e2nii - Buletin de Bucure\u0219ti<\/title>\n<meta name=\"robots\" content=\"index, follow, max-snippet:-1, max-image-preview:large, max-video-preview:-1\" \/>\n<link rel=\"canonical\" href=\"https:\/\/buletin.de\/bucuresti\/restrictii-de-circulatie-prin-pasajul-unirii-pana-la-sfarsitul-saptamanii\/\" \/>\n<meta property=\"og:locale\" content=\"en_GB\" \/>\n<meta property=\"og:type\" content=\"article\" \/>\n<meta property=\"og:title\" content=\"Restric\u021bii de circula\u021bie prin Pasajul Unirii p\u00e2n\u0103 la sf\u00e2r\u0219itul s\u0103pt\u0103m\u00e2nii\" \/>\n<meta property=\"og:description\" content=\"Circula\u0163ia prin Pasajul Unirii va fi restric\u0163ionat\u0103, de joi diminea\u0163a p\u00e2n\u0103 la sf\u00e2r\u015fitul acestei s\u0103pt\u0103m\u00e2ni, pe sensul dinspre Universitate c\u0103tre Tineretului, pe banda din proximitatea scuarului ce separ\u0103 cele dou\u0103 sensuri de mers, pentru lucr\u0103ri de turnare a funda\u0163iilor noii por\u0163i de gabarit. Potrivit unui comunicat al Prim\u0103riei Sectorului 4 transmis, de Poli\u021bia Local\u0103, poarta [&hellip;]\" \/>\n<meta property=\"og:url\" content=\"https:\/\/buletin.de\/bucuresti\/restrictii-de-circulatie-prin-pasajul-unirii-pana-la-sfarsitul-saptamanii\/\" \/>\n<meta property=\"og:site_name\" content=\"Buletin de Bucure\u0219ti\" \/>\n<meta property=\"article:publisher\" content=\"https:\/\/www.facebook.com\/buletin.de.buc\" \/>\n<meta property=\"article:published_time\" content=\"2023-04-20T05:21:47+00:00\" \/>\n<meta property=\"article:modified_time\" content=\"2023-04-20T05:21:48+00:00\" \/>\n<meta property=\"og:image\" content=\"https:\/\/buletin.de\/bucuresti\/wp-content\/uploads\/pasajul-unirii-1.jpeg\" \/>\n\t<meta property=\"og:image:width\" content=\"1536\" \/>\n\t<meta property=\"og:image:height\" content=\"1023\" \/>\n\t<meta property=\"og:image:type\" content=\"image\/jpeg\" \/>\n<meta name=\"author\" content=\"Teodora Stroe\" \/>\n<meta name=\"twitter:card\" content=\"summary_large_image\" \/>\n<meta name=\"twitter:label1\" content=\"Written by\" \/>\n\t<meta name=\"twitter:data1\" content=\"Teodora Stroe\" \/>\n\t<meta name=\"twitter:label2\" content=\"Estimated reading time\" \/>\n\t<meta name=\"twitter:data2\" content=\"1 minute\" \/>\n<script type=\"application\/ld+json\" class=\"yoast-schema-graph\">{\"@context\":\"https:\\\/\\\/schema.org\",\"@graph\":[{\"@type\":\"Article\",\"@id\":\"https:\\\/\\\/buletin.de\\\/bucuresti\\\/restrictii-de-circulatie-prin-pasajul-unirii-pana-la-sfarsitul-saptamanii\\\/#article\",\"isPartOf\":{\"@id\":\"https:\\\/\\\/buletin.de\\\/bucuresti\\\/restrictii-de-circulatie-prin-pasajul-unirii-pana-la-sfarsitul-saptamanii\\\/\"},\"author\":{\"name\":\"Teodora Stroe\",\"@id\":\"https:\\\/\\\/buletin.de\\\/bucuresti\\\/#\\\/schema\\\/person\\\/d369d7ddc775abece205795e0b804614\"},\"headline\":\"Restric\u021bii de circula\u021bie prin Pasajul Unirii p\u00e2n\u0103 la sf\u00e2r\u0219itul s\u0103pt\u0103m\u00e2nii\",\"datePublished\":\"2023-04-20T05:21:47+00:00\",\"dateModified\":\"2023-04-20T05:21:48+00:00\",\"mainEntityOfPage\":{\"@id\":\"https:\\\/\\\/buletin.de\\\/bucuresti\\\/restrictii-de-circulatie-prin-pasajul-unirii-pana-la-sfarsitul-saptamanii\\\/\"},\"wordCount\":124,\"publisher\":{\"@id\":\"https:\\\/\\\/buletin.de\\\/bucuresti\\\/#organization\"},\"image\":{\"@id\":\"https:\\\/\\\/buletin.de\\\/bucuresti\\\/restrictii-de-circulatie-prin-pasajul-unirii-pana-la-sfarsitul-saptamanii\\\/#primaryimage\"},\"thumbnailUrl\":\"https:\\\/\\\/buletin.de\\\/bucuresti\\\/wp-content\\\/uploads\\\/pasajul-unirii-1.jpeg\",\"keywords\":[\"pasajul unirii\"],\"articleSection\":[\"\u0218tiri\"],\"inLanguage\":\"en-GB\",\"copyrightYear\":\"2023\",\"copyrightHolder\":{\"@id\":\"https:\\\/\\\/buletin.de\\\/bucuresti\\\/#organization\"}},{\"@type\":\"WebPage\",\"@id\":\"https:\\\/\\\/buletin.de\\\/bucuresti\\\/restrictii-de-circulatie-prin-pasajul-unirii-pana-la-sfarsitul-saptamanii\\\/\",\"url\":\"https:\\\/\\\/buletin.de\\\/bucuresti\\\/restrictii-de-circulatie-prin-pasajul-unirii-pana-la-sfarsitul-saptamanii\\\/\",\"name\":\"Restric\u021bii de circula\u021bie prin Pasajul Unirii p\u00e2n\u0103 la sf\u00e2r\u0219itul s\u0103pt\u0103m\u00e2nii - Buletin de Bucure\u0219ti\",\"isPartOf\":{\"@id\":\"https:\\\/\\\/buletin.de\\\/bucuresti\\\/#website\"},\"primaryImageOfPage\":{\"@id\":\"https:\\\/\\\/buletin.de\\\/bucuresti\\\/restrictii-de-circulatie-prin-pasajul-unirii-pana-la-sfarsitul-saptamanii\\\/#primaryimage\"},\"image\":{\"@id\":\"https:\\\/\\\/buletin.de\\\/bucuresti\\\/restrictii-de-circulatie-prin-pasajul-unirii-pana-la-sfarsitul-saptamanii\\\/#primaryimage\"},\"thumbnailUrl\":\"https:\\\/\\\/buletin.de\\\/bucuresti\\\/wp-content\\\/uploads\\\/pasajul-unirii-1.jpeg\",\"datePublished\":\"2023-04-20T05:21:47+00:00\",\"dateModified\":\"2023-04-20T05:21:48+00:00\",\"breadcrumb\":{\"@id\":\"https:\\\/\\\/buletin.de\\\/bucuresti\\\/restrictii-de-circulatie-prin-pasajul-unirii-pana-la-sfarsitul-saptamanii\\\/#breadcrumb\"},\"inLanguage\":\"en-GB\",\"potentialAction\":[{\"@type\":\"ReadAction\",\"target\":[\"https:\\\/\\\/buletin.de\\\/bucuresti\\\/restrictii-de-circulatie-prin-pasajul-unirii-pana-la-sfarsitul-saptamanii\\\/\"]}]},{\"@type\":\"ImageObject\",\"inLanguage\":\"en-GB\",\"@id\":\"https:\\\/\\\/buletin.de\\\/bucuresti\\\/restrictii-de-circulatie-prin-pasajul-unirii-pana-la-sfarsitul-saptamanii\\\/#primaryimage\",\"url\":\"https:\\\/\\\/buletin.de\\\/bucuresti\\\/wp-content\\\/uploads\\\/pasajul-unirii-1.jpeg\",\"contentUrl\":\"https:\\\/\\\/buletin.de\\\/bucuresti\\\/wp-content\\\/uploads\\\/pasajul-unirii-1.jpeg\",\"width\":1536,\"height\":1023},{\"@type\":\"BreadcrumbList\",\"@id\":\"https:\\\/\\\/buletin.de\\\/bucuresti\\\/restrictii-de-circulatie-prin-pasajul-unirii-pana-la-sfarsitul-saptamanii\\\/#breadcrumb\",\"itemListElement\":[{\"@type\":\"ListItem\",\"position\":1,\"name\":\"Acas\u0103\",\"item\":\"https:\\\/\\\/buletin.de\\\/bucuresti\\\/\"},{\"@type\":\"ListItem\",\"position\":2,\"name\":\"Restric\u021bii de circula\u021bie prin Pasajul Unirii p\u00e2n\u0103 la sf\u00e2r\u0219itul s\u0103pt\u0103m\u00e2nii\"}]},{\"@type\":\"WebSite\",\"@id\":\"https:\\\/\\\/buletin.de\\\/bucuresti\\\/#website\",\"url\":\"https:\\\/\\\/buletin.de\\\/bucuresti\\\/\",\"name\":\"Buletin de Bucure\u0219ti\",\"description\":\"\u0218tiri \u0219i investiga\u021bii esen\u021biale din capital\u0103\",\"publisher\":{\"@id\":\"https:\\\/\\\/buletin.de\\\/bucuresti\\\/#organization\"},\"potentialAction\":[{\"@type\":\"SearchAction\",\"target\":{\"@type\":\"EntryPoint\",\"urlTemplate\":\"https:\\\/\\\/buletin.de\\\/bucuresti\\\/?s={search_term_string}\"},\"query-input\":{\"@type\":\"PropertyValueSpecification\",\"valueRequired\":true,\"valueName\":\"search_term_string\"}}],\"inLanguage\":\"en-GB\"},{\"@type\":\"Organization\",\"@id\":\"https:\\\/\\\/buletin.de\\\/bucuresti\\\/#organization\",\"name\":\"Buletin de Bucure\u0219ti\",\"url\":\"https:\\\/\\\/buletin.de\\\/bucuresti\\\/\",\"logo\":{\"@type\":\"ImageObject\",\"inLanguage\":\"en-GB\",\"@id\":\"https:\\\/\\\/buletin.de\\\/bucuresti\\\/#\\\/schema\\\/logo\\\/image\\\/\",\"url\":\"https:\\\/\\\/buletin.de\\\/bucuresti\\\/wp-content\\\/uploads\\\/logo-bdb-full-wide-vernil-transparent.png\",\"contentUrl\":\"https:\\\/\\\/buletin.de\\\/bucuresti\\\/wp-content\\\/uploads\\\/logo-bdb-full-wide-vernil-transparent.png\",\"width\":1782,\"height\":626,\"caption\":\"Buletin de Bucure\u0219ti\"},\"image\":{\"@id\":\"https:\\\/\\\/buletin.de\\\/bucuresti\\\/#\\\/schema\\\/logo\\\/image\\\/\"},\"sameAs\":[\"https:\\\/\\\/www.facebook.com\\\/buletin.de.buc\",\"https:\\\/\\\/www.instagram.com\\\/buletinde.bucuresti\\\/\"]},{\"@type\":\"Person\",\"@id\":\"https:\\\/\\\/buletin.de\\\/bucuresti\\\/#\\\/schema\\\/person\\\/d369d7ddc775abece205795e0b804614\",\"name\":\"Teodora Stroe\",\"image\":{\"@type\":\"ImageObject\",\"inLanguage\":\"en-GB\",\"@id\":\"https:\\\/\\\/secure.gravatar.com\\\/avatar\\\/2560b4cd9f5f1bc100b123158e657d75584bd1c3e1d9c69285720b9457c1b78d?s=96&d=monsterid&r=gc104800242ba5f2d78dd5d7dc4df08b6\",\"url\":\"https:\\\/\\\/secure.gravatar.com\\\/avatar\\\/2560b4cd9f5f1bc100b123158e657d75584bd1c3e1d9c69285720b9457c1b78d?s=96&d=monsterid&r=g\",\"contentUrl\":\"https:\\\/\\\/secure.gravatar.com\\\/avatar\\\/2560b4cd9f5f1bc100b123158e657d75584bd1c3e1d9c69285720b9457c1b78d?s=96&d=monsterid&r=g\",\"caption\":\"Teodora Stroe\"},\"url\":\"https:\\\/\\\/buletin.de\\\/bucuresti\\\/author\\\/simonacarlugea\\\/\"}]}<\/script>\n<!-- \/ Yoast SEO Premium plugin. -->","yoast_head_json":{"title":"Restric\u021bii de circula\u021bie prin Pasajul Unirii p\u00e2n\u0103 la sf\u00e2r\u0219itul s\u0103pt\u0103m\u00e2nii - Buletin de Bucure\u0219ti","robots":{"index":"index","follow":"follow","max-snippet":"max-snippet:-1","max-image-preview":"max-image-preview:large","max-video-preview":"max-video-preview:-1"},"canonical":"https:\/\/buletin.de\/bucuresti\/restrictii-de-circulatie-prin-pasajul-unirii-pana-la-sfarsitul-saptamanii\/","og_locale":"en_GB","og_type":"article","og_title":"Restric\u021bii de circula\u021bie prin Pasajul Unirii p\u00e2n\u0103 la sf\u00e2r\u0219itul s\u0103pt\u0103m\u00e2nii","og_description":"Circula\u0163ia prin Pasajul Unirii va fi restric\u0163ionat\u0103, de joi diminea\u0163a p\u00e2n\u0103 la sf\u00e2r\u015fitul acestei s\u0103pt\u0103m\u00e2ni, pe sensul dinspre Universitate c\u0103tre Tineretului, pe banda din proximitatea scuarului ce separ\u0103 cele dou\u0103 sensuri de mers, pentru lucr\u0103ri de turnare a funda\u0163iilor noii por\u0163i de gabarit. Potrivit unui comunicat al Prim\u0103riei Sectorului 4 transmis, de Poli\u021bia Local\u0103, poarta [&hellip;]","og_url":"https:\/\/buletin.de\/bucuresti\/restrictii-de-circulatie-prin-pasajul-unirii-pana-la-sfarsitul-saptamanii\/","og_site_name":"Buletin de Bucure\u0219ti","article_publisher":"https:\/\/www.facebook.com\/buletin.de.buc","article_published_time":"2023-04-20T05:21:47+00:00","article_modified_time":"2023-04-20T05:21:48+00:00","og_image":[{"width":1536,"height":1023,"url":"https:\/\/buletin.de\/bucuresti\/wp-content\/uploads\/pasajul-unirii-1.jpeg","type":"image\/jpeg"}],"author":"Teodora Stroe","twitter_card":"summary_large_image","twitter_misc":{"Written by":"Teodora Stroe","Estimated reading time":"1 minute"},"schema":{"@context":"https:\/\/schema.org","@graph":[{"@type":"Article","@id":"https:\/\/buletin.de\/bucuresti\/restrictii-de-circulatie-prin-pasajul-unirii-pana-la-sfarsitul-saptamanii\/#article","isPartOf":{"@id":"https:\/\/buletin.de\/bucuresti\/restrictii-de-circulatie-prin-pasajul-unirii-pana-la-sfarsitul-saptamanii\/"},"author":{"name":"Teodora Stroe","@id":"https:\/\/buletin.de\/bucuresti\/#\/schema\/person\/d369d7ddc775abece205795e0b804614"},"headline":"Restric\u021bii de circula\u021bie prin Pasajul Unirii p\u00e2n\u0103 la sf\u00e2r\u0219itul s\u0103pt\u0103m\u00e2nii","datePublished":"2023-04-20T05:21:47+00:00","dateModified":"2023-04-20T05:21:48+00:00","mainEntityOfPage":{"@id":"https:\/\/buletin.de\/bucuresti\/restrictii-de-circulatie-prin-pasajul-unirii-pana-la-sfarsitul-saptamanii\/"},"wordCount":124,"publisher":{"@id":"https:\/\/buletin.de\/bucuresti\/#organization"},"image":{"@id":"https:\/\/buletin.de\/bucuresti\/restrictii-de-circulatie-prin-pasajul-unirii-pana-la-sfarsitul-saptamanii\/#primaryimage"},"thumbnailUrl":"https:\/\/buletin.de\/bucuresti\/wp-content\/uploads\/pasajul-unirii-1.jpeg","keywords":["pasajul unirii"],"articleSection":["\u0218tiri"],"inLanguage":"en-GB","copyrightYear":"2023","copyrightHolder":{"@id":"https:\/\/buletin.de\/bucuresti\/#organization"}},{"@type":"WebPage","@id":"https:\/\/buletin.de\/bucuresti\/restrictii-de-circulatie-prin-pasajul-unirii-pana-la-sfarsitul-saptamanii\/","url":"https:\/\/buletin.de\/bucuresti\/restrictii-de-circulatie-prin-pasajul-unirii-pana-la-sfarsitul-saptamanii\/","name":"Restric\u021bii de circula\u021bie prin Pasajul Unirii p\u00e2n\u0103 la sf\u00e2r\u0219itul s\u0103pt\u0103m\u00e2nii - Buletin de Bucure\u0219ti","isPartOf":{"@id":"https:\/\/buletin.de\/bucuresti\/#website"},"primaryImageOfPage":{"@id":"https:\/\/buletin.de\/bucuresti\/restrictii-de-circulatie-prin-pasajul-unirii-pana-la-sfarsitul-saptamanii\/#primaryimage"},"image":{"@id":"https:\/\/buletin.de\/bucuresti\/restrictii-de-circulatie-prin-pasajul-unirii-pana-la-sfarsitul-saptamanii\/#primaryimage"},"thumbnailUrl":"https:\/\/buletin.de\/bucuresti\/wp-content\/uploads\/pasajul-unirii-1.jpeg","datePublished":"2023-04-20T05:21:47+00:00","dateModified":"2023-04-20T05:21:48+00:00","breadcrumb":{"@id":"https:\/\/buletin.de\/bucuresti\/restrictii-de-circulatie-prin-pasajul-unirii-pana-la-sfarsitul-saptamanii\/#breadcrumb"},"inLanguage":"en-GB","potentialAction":[{"@type":"ReadAction","target":["https:\/\/buletin.de\/bucuresti\/restrictii-de-circulatie-prin-pasajul-unirii-pana-la-sfarsitul-saptamanii\/"]}]},{"@type":"ImageObject","inLanguage":"en-GB","@id":"https:\/\/buletin.de\/bucuresti\/restrictii-de-circulatie-prin-pasajul-unirii-pana-la-sfarsitul-saptamanii\/#primaryimage","url":"https:\/\/buletin.de\/bucuresti\/wp-content\/uploads\/pasajul-unirii-1.jpeg","contentUrl":"https:\/\/buletin.de\/bucuresti\/wp-content\/uploads\/pasajul-unirii-1.jpeg","width":1536,"height":1023},{"@type":"BreadcrumbList","@id":"https:\/\/buletin.de\/bucuresti\/restrictii-de-circulatie-prin-pasajul-unirii-pana-la-sfarsitul-saptamanii\/#breadcrumb","itemListElement":[{"@type":"ListItem","position":1,"name":"Acas\u0103","item":"https:\/\/buletin.de\/bucuresti\/"},{"@type":"ListItem","position":2,"name":"Restric\u021bii de circula\u021bie prin Pasajul Unirii p\u00e2n\u0103 la sf\u00e2r\u0219itul s\u0103pt\u0103m\u00e2nii"}]},{"@type":"WebSite","@id":"https:\/\/buletin.de\/bucuresti\/#website","url":"https:\/\/buletin.de\/bucuresti\/","name":"Buletin de Bucure\u0219ti","description":"\u0218tiri \u0219i investiga\u021bii esen\u021biale din capital\u0103","publisher":{"@id":"https:\/\/buletin.de\/bucuresti\/#organization"},"potentialAction":[{"@type":"SearchAction","target":{"@type":"EntryPoint","urlTemplate":"https:\/\/buletin.de\/bucuresti\/?s={search_term_string}"},"query-input":{"@type":"PropertyValueSpecification","valueRequired":true,"valueName":"search_term_string"}}],"inLanguage":"en-GB"},{"@type":"Organization","@id":"https:\/\/buletin.de\/bucuresti\/#organization","name":"Buletin de Bucure\u0219ti","url":"https:\/\/buletin.de\/bucuresti\/","logo":{"@type":"ImageObject","inLanguage":"en-GB","@id":"https:\/\/buletin.de\/bucuresti\/#\/schema\/logo\/image\/","url":"https:\/\/buletin.de\/bucuresti\/wp-content\/uploads\/logo-bdb-full-wide-vernil-transparent.png","contentUrl":"https:\/\/buletin.de\/bucuresti\/wp-content\/uploads\/logo-bdb-full-wide-vernil-transparent.png","width":1782,"height":626,"caption":"Buletin de Bucure\u0219ti"},"image":{"@id":"https:\/\/buletin.de\/bucuresti\/#\/schema\/logo\/image\/"},"sameAs":["https:\/\/www.facebook.com\/buletin.de.buc","https:\/\/www.instagram.com\/buletinde.bucuresti\/"]},{"@type":"Person","@id":"https:\/\/buletin.de\/bucuresti\/#\/schema\/person\/d369d7ddc775abece205795e0b804614","name":"Teodora Stroe","image":{"@type":"ImageObject","inLanguage":"en-GB","@id":"https:\/\/secure.gravatar.com\/avatar\/2560b4cd9f5f1bc100b123158e657d75584bd1c3e1d9c69285720b9457c1b78d?s=96&d=monsterid&r=gc104800242ba5f2d78dd5d7dc4df08b6","url":"https:\/\/secure.gravatar.com\/avatar\/2560b4cd9f5f1bc100b123158e657d75584bd1c3e1d9c69285720b9457c1b78d?s=96&d=monsterid&r=g","contentUrl":"https:\/\/secure.gravatar.com\/avatar\/2560b4cd9f5f1bc100b123158e657d75584bd1c3e1d9c69285720b9457c1b78d?s=96&d=monsterid&r=g","caption":"Teodora Stroe"},"url":"https:\/\/buletin.de\/bucuresti\/author\/simonacarlugea\/"}]}},"authors":[{"term_id":22579,"user_id":18,"is_guest":0,"slug":"simonacarlugea","display_name":"Teodora Stroe","avatar_url":"https:\/\/secure.gravatar.com\/avatar\/2560b4cd9f5f1bc100b123158e657d75584bd1c3e1d9c69285720b9457c1b78d?s=96&d=monsterid&r=g","0":null,"1":"","2":"","3":"","4":"","5":"","6":"","7":"","8":""}],"_links":{"self":[{"href":"https:\/\/buletin.de\/bucuresti\/wp-json\/wp\/v2\/posts\/57777","targetHints":{"allow":["GET"]}}],"collection":[{"href":"https:\/\/buletin.de\/bucuresti\/wp-json\/wp\/v2\/posts"}],"about":[{"href":"https:\/\/buletin.de\/bucuresti\/wp-json\/wp\/v2\/types\/post"}],"author":[{"embeddable":true,"href":"https:\/\/buletin.de\/bucuresti\/wp-json\/wp\/v2\/users\/18"}],"replies":[{"embeddable":true,"href":"https:\/\/buletin.de\/bucuresti\/wp-json\/wp\/v2\/comments?post=57777"}],"version-history":[{"count":1,"href":"https:\/\/buletin.de\/bucuresti\/wp-json\/wp\/v2\/posts\/57777\/revisions"}],"predecessor-version":[{"id":57779,"href":"https:\/\/buletin.de\/bucuresti\/wp-json\/wp\/v2\/posts\/57777\/revisions\/57779"}],"wp:featuredmedia":[{"embeddable":true,"href":"https:\/\/buletin.de\/bucuresti\/wp-json\/wp\/v2\/media\/42827"}],"wp:attachment":[{"href":"https:\/\/buletin.de\/bucuresti\/wp-json\/wp\/v2\/media?parent=57777"}],"wp:term":[{"taxonomy":"category","embeddable":true,"href":"https:\/\/buletin.de\/bucuresti\/wp-json\/wp\/v2\/categories?post=57777"},{"taxonomy":"post_tag","embeddable":true,"href":"https:\/\/buletin.de\/bucuresti\/wp-json\/wp\/v2\/tags?post=57777"},{"taxonomy":"author","embeddable":true,"href":"https:\/\/buletin.de\/bucuresti\/wp-json\/wp\/v2\/ppma_author?post=57777"}],"curies":[{"name":"wp","href":"https:\/\/api.w.org\/{rel}","templated":true}]}}