{"id":57767,"date":"2023-04-19T19:43:57","date_gmt":"2023-04-19T17:43:57","guid":{"rendered":"https:\/\/buletin.de\/bucuresti\/?p=57767"},"modified":"2023-04-19T19:43:58","modified_gmt":"2023-04-19T17:43:58","slug":"fotovideo-anpc-a-inchis-temporar-mai-multe-zone-din-piata-gorjului-din-cauza-mizeriei","status":"publish","type":"post","link":"https:\/\/buletin.de\/bucuresti\/fotovideo-anpc-a-inchis-temporar-mai-multe-zone-din-piata-gorjului-din-cauza-mizeriei\/","title":{"rendered":"FOTO&#038;VIDEO | ANPC a \u00eenchis temporar mai multe zone din Pia\u021ba Gorjului din cauza mizeriei"},"content":{"rendered":"\n<p><strong><strong>Comisarii ANPC au verificat dou\u0103 dintre pie\u021bele din Sectorul 6: Pia\u021ba Gorjului \u0219i Veteranilor, unde au g\u0103sit mai multe nereguli. Au fost g\u0103site fructe \u0219i legume v\u00e2ndute din l\u0103zi cu acumul\u0103ri de mucegai, produse expirate, dar \u0219i existen\u021ba unui paviment neigienizat, cu buc\u0103\u021bi de gresie lips\u0103, gropi, sp\u0103rturi. \u00cen urma acestor nereguli, mai multe zone din Pia\u021ba Gorjului au fost \u00eenchise temporar pentru lipsa amenaj\u0103rilor \u0219i a igienei.&nbsp;<\/strong><\/strong><\/p>\n\n\n\n<blockquote class=\"wp-block-quote is-layout-flow wp-block-quote-is-layout-flow\"><p>Gropile de pe alei, aplec\u0103torile ruginite \u0219i pline de cr\u0103p\u0103turi, tarabele dezmembrate \u0219i mizeria, toate reprezint\u0103 un real pericol pentru cei ce doresc s\u0103 \u00ee\u0219i fac\u0103 cump\u0103r\u0103turile c\u00e2t mai aproape de ceea ce demult erau produc\u0103torii rom\u00e2ni. (&#8230;) Afl\u0103m de la escrocul de tarab\u0103 c\u0103 avem struguri de primavar\u0103 \u0219i mere de iarn\u0103. Certificatele acestora fiind ni\u0219te falsuri grosolane!<\/p><cite>a declarat pre\u0219edintele ANPC, Horia Constantinescu <\/cite><\/blockquote>\n\n\n\n<figure class=\"wp-block-video\"><video controls src=\"https:\/\/buletin.de\/bucuresti\/wp-content\/uploads\/WhatsApp-Video-2023-04-19-at-20.06.19.mp4\"><\/video><figcaption>Surs\u0103 Video: ANPC<\/figcaption><\/figure>\n\n\n\n<p><\/p>\n\n\n\n<p>Comisarii au verificat to\u021bi comercian\u021bii din cele dou\u0103 pie\u021be din Sectorul 6 \u0219i au acordat amenzi de 196.000 de lei, iar pentru 13 operatori economici a fost oprit\u0103 prestarea de servicii, dup\u0103 cum urmeaz\u0103: <\/p>\n\n\n\n<ul class=\"has-background wp-block-list\" style=\"background-color:#feefc7\"><li>Kasia Comer\u021b Intern Extern SRL<\/li><li>Prosper Management Team SRL<\/li><li>PFA Tudor N. Constantin<\/li><li>Ifim Construc\u021bii SRL<\/li><li>Perfect Market Place SRL<\/li><li>Cipmar Concept SRL<\/li><li>Alex Mira Invest SRL<\/li><li>Food Market SRL<\/li><li>La Stela Good Food SRL<\/li><li>Dordea V. SA<\/li><li>Simple Greek SRL<\/li><li>Emprod SRL<\/li><li>Floris Global Trade SRL.<\/li><\/ul>\n\n\n\n<p>ANPC a g\u0103sit 21 de nereguli la comercian\u021bii care zi de zi v\u00e2nd produse \u00een pie\u021bele Gorjului \u0219i Veteranilor, printre care, schimbarea st\u0103rii termice a produselor alimentare, lipsa documentelor de provenien\u021b\u0103 a m\u0103rfii \u0219i utilizarea unor vitrine frigorifice neigienizate, cu resturi alimentare, cu chedere rupte, rugin\u0103 \u0219i vopsea exfoliat\u0103. Lista complet\u0103 a neregulilor este urm\u0103toarea: <\/p>\n\n\n\n<ul class=\"has-background wp-block-list\" style=\"background-color:#feefc7\"><li>nerespectarea condi\u021biilor de temperatur\u00ee pentru depozitarea produselor alimentare&nbsp;<\/li><li>comercializarea unor produse alimentare f\u0103r\u0103 elemente de identificare \u0219i f\u0103r\u0103 men\u021bionarea \u021b\u0103rii de origine a m\u0103rfii \u0219i a datei limit\u0103 de consum, pe etichet\u0103<\/li><li>comercializarea unor produse alimentare cu data durabilit\u0103\u021bii minimale dep\u0103\u0219it\u0103<\/li><li>depozitarea, \u00een vederea comercializ\u0103rii a unor produse alimentare aflate \u00een l\u0103zi cu acumul\u0103ri de impurit\u0103\u021bi \u0219i mucegai<\/li><li>utilizarea unor vitrine frigorifice neigienizate, cu resturi alimentare, cu chedere rupte, rugin\u0103 \u0219i vopsea exfoliat\u0103<\/li><li>folosirea unor ustensile de buc\u0103t\u0103rie neprofesionale&nbsp; \u0219i a co\u0219urilor de gunoi f\u0103r\u0103 capac<\/li><li>depozitarea b\u0103uturilor \u00een contact direct cu pavimentul<\/li><li>existen\u021ba pavimentului, \u00een zona de desf\u0103\u0219urare a activit\u0103\u021bii, neigienizat, cu buc\u0103\u021bi de gresie lips\u0103, gropi, sp\u0103rturi&nbsp;<\/li><li>folosirea unor echipamente de g\u0103tire cu urme de rugin\u0103 \u0219i uzur\u0103 intens\u0103<\/li><li>lipsa omolog\u0103rii unor aparate de m\u0103sur\u0103 utilizate<\/li><li>condi\u021biile igienico-sanitare improprii derul\u0103rii activit\u0103\u021bii de comercializare a produselor alimentare &#8211; paviment deteriorate, cu por\u021biuni lips\u0103, neigienizat, tavan cu infiltratii, pere\u021bi murdari, tarabe ruginite, murdare<\/li><li>schimbarea st\u0103rii termice a produselor alimentare<\/li><li>nerespectarea vecin\u0103t\u0103\u021bilor \u00een spatiile frigorifice<\/li><li>lipsa graficului schimb\u0103rii uleiului de pr\u0103jire<\/li><li>comercializarea altor produse agricole&nbsp;dec\u00e2t&nbsp;cele men\u021bionate \u00een carnetul de comercializare a produselor din sectorul agricol pe care le produce, f\u0103r\u0103 a putea prezenta documente de provenien\u021b\u0103 ale acestora<\/li><li>lipsa men\u021bion\u0103rii informa\u021biilor traduse \u00een limba rom\u00e2n\u0103, pe etichete<\/li><li>lipsa documentelor de provenien\u021b\u0103 a m\u0103rfii<\/li><li>lipsa inform\u0103rii cu privire la \u021bara de provenien\u021b\u0103 a unor legume \u0219i fructe de import<\/li><li>comercializarea ou\u0103lor f\u0103r\u0103 marcaj<\/li><li>comercializarea unor produse alimentare cu modific\u0103ri organoleptice de aspect \u0219i consisten\u021b\u0103<\/li><li>lipsa men\u021bion\u0103rii informa\u021biilor referitoare la ingredientele care pot provoca alergii sau intoleran\u021be&nbsp;<\/li><\/ul>\n\n\n\n<figure class=\"wp-block-gallery has-nested-images columns-default is-cropped wp-block-gallery-1 is-layout-flex wp-block-gallery-is-layout-flex\">\n<figure class=\"wp-block-image size-large\"><img fetchpriority=\"high\" decoding=\"async\" width=\"675\" height=\"900\" data-id=\"57769\" src=\"data:image\/gif;base64,R0lGODlhAQABAAAAACH5BAEKAAEALAAAAAABAAEAAAICTAEAOw==\" data-src=\"https:\/\/buletin.de\/bucuresti\/wp-content\/uploads\/WhatsApp-Image-2023-04-19-at-19.57.06-675x900.jpeg\" alt=\"\" class=\"wp-image-57769 lazyload\" data-sizes=\"auto\" data-srcset=\"https:\/\/buletin.de\/bucuresti\/wp-content\/uploads\/WhatsApp-Image-2023-04-19-at-19.57.06-675x900.jpeg 675w, https:\/\/buletin.de\/bucuresti\/wp-content\/uploads\/WhatsApp-Image-2023-04-19-at-19.57.06-225x300.jpeg 225w, https:\/\/buletin.de\/bucuresti\/wp-content\/uploads\/WhatsApp-Image-2023-04-19-at-19.57.06-768x1024.jpeg 768w, https:\/\/buletin.de\/bucuresti\/wp-content\/uploads\/WhatsApp-Image-2023-04-19-at-19.57.06-1152x1536.jpeg 1152w, https:\/\/buletin.de\/bucuresti\/wp-content\/uploads\/WhatsApp-Image-2023-04-19-at-19.57.06-1060x1413.jpeg 1060w, https:\/\/buletin.de\/bucuresti\/wp-content\/uploads\/WhatsApp-Image-2023-04-19-at-19.57.06-550x733.jpeg 550w, https:\/\/buletin.de\/bucuresti\/wp-content\/uploads\/WhatsApp-Image-2023-04-19-at-19.57.06-375x500.jpeg 375w, https:\/\/buletin.de\/bucuresti\/wp-content\/uploads\/WhatsApp-Image-2023-04-19-at-19.57.06-810x1080.jpeg 810w, https:\/\/buletin.de\/bucuresti\/wp-content\/uploads\/WhatsApp-Image-2023-04-19-at-19.57.06-600x800.jpeg 600w, https:\/\/buletin.de\/bucuresti\/wp-content\/uploads\/WhatsApp-Image-2023-04-19-at-19.57.06.jpeg 1530w\" sizes=\"(max-width: 675px) 100vw, 675px\" \/><\/figure>\n\n\n\n<figure class=\"wp-block-image size-large\"><img decoding=\"async\" width=\"675\" height=\"900\" data-id=\"57771\" src=\"data:image\/gif;base64,R0lGODlhAQABAAAAACH5BAEKAAEALAAAAAABAAEAAAICTAEAOw==\" data-src=\"https:\/\/buletin.de\/bucuresti\/wp-content\/uploads\/WhatsApp-Image-2023-04-19-at-19.57.07-675x900.jpeg\" alt=\"\" class=\"wp-image-57771 lazyload\" data-sizes=\"auto\" data-srcset=\"https:\/\/buletin.de\/bucuresti\/wp-content\/uploads\/WhatsApp-Image-2023-04-19-at-19.57.07-675x900.jpeg 675w, https:\/\/buletin.de\/bucuresti\/wp-content\/uploads\/WhatsApp-Image-2023-04-19-at-19.57.07-225x300.jpeg 225w, https:\/\/buletin.de\/bucuresti\/wp-content\/uploads\/WhatsApp-Image-2023-04-19-at-19.57.07-768x1024.jpeg 768w, https:\/\/buletin.de\/bucuresti\/wp-content\/uploads\/WhatsApp-Image-2023-04-19-at-19.57.07-1152x1536.jpeg 1152w, https:\/\/buletin.de\/bucuresti\/wp-content\/uploads\/WhatsApp-Image-2023-04-19-at-19.57.07-1060x1413.jpeg 1060w, https:\/\/buletin.de\/bucuresti\/wp-content\/uploads\/WhatsApp-Image-2023-04-19-at-19.57.07-550x733.jpeg 550w, https:\/\/buletin.de\/bucuresti\/wp-content\/uploads\/WhatsApp-Image-2023-04-19-at-19.57.07-375x500.jpeg 375w, https:\/\/buletin.de\/bucuresti\/wp-content\/uploads\/WhatsApp-Image-2023-04-19-at-19.57.07-810x1080.jpeg 810w, https:\/\/buletin.de\/bucuresti\/wp-content\/uploads\/WhatsApp-Image-2023-04-19-at-19.57.07-600x800.jpeg 600w, https:\/\/buletin.de\/bucuresti\/wp-content\/uploads\/WhatsApp-Image-2023-04-19-at-19.57.07.jpeg 1200w\" sizes=\"(max-width: 675px) 100vw, 675px\" \/><\/figure>\n\n\n\n<figure class=\"wp-block-image size-large\"><img decoding=\"async\" width=\"675\" height=\"900\" data-id=\"57772\" src=\"data:image\/gif;base64,R0lGODlhAQABAAAAACH5BAEKAAEALAAAAAABAAEAAAICTAEAOw==\" data-src=\"https:\/\/buletin.de\/bucuresti\/wp-content\/uploads\/WhatsApp-Image-2023-04-19-at-19.57.07-1-675x900.jpeg\" alt=\"\" class=\"wp-image-57772 lazyload\" data-sizes=\"auto\" data-srcset=\"https:\/\/buletin.de\/bucuresti\/wp-content\/uploads\/WhatsApp-Image-2023-04-19-at-19.57.07-1-675x900.jpeg 675w, https:\/\/buletin.de\/bucuresti\/wp-content\/uploads\/WhatsApp-Image-2023-04-19-at-19.57.07-1-225x300.jpeg 225w, https:\/\/buletin.de\/bucuresti\/wp-content\/uploads\/WhatsApp-Image-2023-04-19-at-19.57.07-1-768x1024.jpeg 768w, https:\/\/buletin.de\/bucuresti\/wp-content\/uploads\/WhatsApp-Image-2023-04-19-at-19.57.07-1-1152x1536.jpeg 1152w, https:\/\/buletin.de\/bucuresti\/wp-content\/uploads\/WhatsApp-Image-2023-04-19-at-19.57.07-1-1060x1413.jpeg 1060w, https:\/\/buletin.de\/bucuresti\/wp-content\/uploads\/WhatsApp-Image-2023-04-19-at-19.57.07-1-550x733.jpeg 550w, https:\/\/buletin.de\/bucuresti\/wp-content\/uploads\/WhatsApp-Image-2023-04-19-at-19.57.07-1-375x500.jpeg 375w, https:\/\/buletin.de\/bucuresti\/wp-content\/uploads\/WhatsApp-Image-2023-04-19-at-19.57.07-1-810x1080.jpeg 810w, https:\/\/buletin.de\/bucuresti\/wp-content\/uploads\/WhatsApp-Image-2023-04-19-at-19.57.07-1-600x800.jpeg 600w, https:\/\/buletin.de\/bucuresti\/wp-content\/uploads\/WhatsApp-Image-2023-04-19-at-19.57.07-1.jpeg 1200w\" sizes=\"(max-width: 675px) 100vw, 675px\" \/><\/figure>\n\n\n\n<figure class=\"wp-block-image size-large\"><img loading=\"lazy\" decoding=\"async\" width=\"900\" height=\"675\" data-id=\"57773\" src=\"data:image\/gif;base64,R0lGODlhAQABAAAAACH5BAEKAAEALAAAAAABAAEAAAICTAEAOw==\" data-src=\"https:\/\/buletin.de\/bucuresti\/wp-content\/uploads\/WhatsApp-Image-2023-04-19-at-19.59.15-900x675.jpeg\" alt=\"\" class=\"wp-image-57773 lazyload\" data-sizes=\"auto\" data-srcset=\"https:\/\/buletin.de\/bucuresti\/wp-content\/uploads\/WhatsApp-Image-2023-04-19-at-19.59.15-900x675.jpeg 900w, https:\/\/buletin.de\/bucuresti\/wp-content\/uploads\/WhatsApp-Image-2023-04-19-at-19.59.15-300x225.jpeg 300w, https:\/\/buletin.de\/bucuresti\/wp-content\/uploads\/WhatsApp-Image-2023-04-19-at-19.59.15-768x576.jpeg 768w, https:\/\/buletin.de\/bucuresti\/wp-content\/uploads\/WhatsApp-Image-2023-04-19-at-19.59.15-1536x1152.jpeg 1536w, https:\/\/buletin.de\/bucuresti\/wp-content\/uploads\/WhatsApp-Image-2023-04-19-at-19.59.15-1060x795.jpeg 1060w, https:\/\/buletin.de\/bucuresti\/wp-content\/uploads\/WhatsApp-Image-2023-04-19-at-19.59.15-550x413.jpeg 550w, https:\/\/buletin.de\/bucuresti\/wp-content\/uploads\/WhatsApp-Image-2023-04-19-at-19.59.15-667x500.jpeg 667w, https:\/\/buletin.de\/bucuresti\/wp-content\/uploads\/WhatsApp-Image-2023-04-19-at-19.59.15-1920x1440.jpeg 1920w, https:\/\/buletin.de\/bucuresti\/wp-content\/uploads\/WhatsApp-Image-2023-04-19-at-19.59.15-1440x1080.jpeg 1440w, https:\/\/buletin.de\/bucuresti\/wp-content\/uploads\/WhatsApp-Image-2023-04-19-at-19.59.15-600x450.jpeg 600w, https:\/\/buletin.de\/bucuresti\/wp-content\/uploads\/WhatsApp-Image-2023-04-19-at-19.59.15.jpeg 2040w\" sizes=\"(max-width: 900px) 100vw, 900px\" \/><\/figure>\n\n\n\n<figure class=\"wp-block-image size-large\"><img loading=\"lazy\" decoding=\"async\" width=\"900\" height=\"675\" data-id=\"57774\" src=\"data:image\/gif;base64,R0lGODlhAQABAAAAACH5BAEKAAEALAAAAAABAAEAAAICTAEAOw==\" data-src=\"https:\/\/buletin.de\/bucuresti\/wp-content\/uploads\/WhatsApp-Image-2023-04-19-at-19.59.16-900x675.jpeg\" alt=\"\" class=\"wp-image-57774 lazyload\" data-sizes=\"auto\" data-srcset=\"https:\/\/buletin.de\/bucuresti\/wp-content\/uploads\/WhatsApp-Image-2023-04-19-at-19.59.16-900x675.jpeg 900w, https:\/\/buletin.de\/bucuresti\/wp-content\/uploads\/WhatsApp-Image-2023-04-19-at-19.59.16-300x225.jpeg 300w, https:\/\/buletin.de\/bucuresti\/wp-content\/uploads\/WhatsApp-Image-2023-04-19-at-19.59.16-768x576.jpeg 768w, https:\/\/buletin.de\/bucuresti\/wp-content\/uploads\/WhatsApp-Image-2023-04-19-at-19.59.16-1536x1152.jpeg 1536w, https:\/\/buletin.de\/bucuresti\/wp-content\/uploads\/WhatsApp-Image-2023-04-19-at-19.59.16-1060x795.jpeg 1060w, https:\/\/buletin.de\/bucuresti\/wp-content\/uploads\/WhatsApp-Image-2023-04-19-at-19.59.16-550x413.jpeg 550w, https:\/\/buletin.de\/bucuresti\/wp-content\/uploads\/WhatsApp-Image-2023-04-19-at-19.59.16-667x500.jpeg 667w, https:\/\/buletin.de\/bucuresti\/wp-content\/uploads\/WhatsApp-Image-2023-04-19-at-19.59.16-1920x1440.jpeg 1920w, https:\/\/buletin.de\/bucuresti\/wp-content\/uploads\/WhatsApp-Image-2023-04-19-at-19.59.16-1440x1080.jpeg 1440w, https:\/\/buletin.de\/bucuresti\/wp-content\/uploads\/WhatsApp-Image-2023-04-19-at-19.59.16-600x450.jpeg 600w, https:\/\/buletin.de\/bucuresti\/wp-content\/uploads\/WhatsApp-Image-2023-04-19-at-19.59.16.jpeg 2040w\" sizes=\"(max-width: 900px) 100vw, 900px\" \/><\/figure>\n<figcaption class=\"blocks-gallery-caption\">Surs\u0103 Foto: ANPC <\/figcaption><\/figure>\n","protected":false},"excerpt":{"rendered":"<p>Comisarii ANPC au verificat dou\u0103 dintre pie\u021bele din Sectorul 6: Pia\u021ba Gorjului \u0219i Veteranilor, unde au g\u0103sit mai multe nereguli. Au fost g\u0103site fructe \u0219i legume v\u00e2ndute din l\u0103zi cu acumul\u0103ri de mucegai, produse expirate, dar \u0219i existen\u021ba unui paviment neigienizat, cu buc\u0103\u021bi de gresie lips\u0103, gropi, sp\u0103rturi. \u00cen urma acestor nereguli, mai multe zone [&hellip;]<\/p>\n","protected":false},"author":17,"featured_media":57773,"comment_status":"closed","ping_status":"open","sticky":false,"template":"","format":"standard","meta":{"_acf_changed":false,"inline_featured_image":false,"ngg_post_thumbnail":0,"footnotes":""},"categories":[62],"tags":[],"ppma_author":[22576],"class_list":["post-57767","post","type-post","status-publish","format-standard","has-post-thumbnail","hentry","category-stiri"],"acf":[],"yoast_head":"<!-- This site is optimized with the Yoast SEO Premium plugin v25.3 (Yoast SEO v27.5) - https:\/\/yoast.com\/product\/yoast-seo-premium-wordpress\/ -->\n<title>FOTO&amp;VIDEO | ANPC a \u00eenchis temporar mai multe zone din Pia\u021ba Gorjului din cauza mizeriei - Buletin de Bucure\u0219ti<\/title>\n<meta name=\"robots\" content=\"index, follow, max-snippet:-1, max-image-preview:large, max-video-preview:-1\" \/>\n<link rel=\"canonical\" href=\"https:\/\/buletin.de\/bucuresti\/fotovideo-anpc-a-inchis-temporar-mai-multe-zone-din-piata-gorjului-din-cauza-mizeriei\/\" \/>\n<meta property=\"og:locale\" content=\"en_GB\" \/>\n<meta property=\"og:type\" content=\"article\" \/>\n<meta property=\"og:title\" content=\"FOTO&amp;VIDEO | ANPC a \u00eenchis temporar mai multe zone din Pia\u021ba Gorjului din cauza mizeriei\" \/>\n<meta property=\"og:description\" content=\"Comisarii ANPC au verificat dou\u0103 dintre pie\u021bele din Sectorul 6: Pia\u021ba Gorjului \u0219i Veteranilor, unde au g\u0103sit mai multe nereguli. Au fost g\u0103site fructe \u0219i legume v\u00e2ndute din l\u0103zi cu acumul\u0103ri de mucegai, produse expirate, dar \u0219i existen\u021ba unui paviment neigienizat, cu buc\u0103\u021bi de gresie lips\u0103, gropi, sp\u0103rturi. \u00cen urma acestor nereguli, mai multe zone [&hellip;]\" \/>\n<meta property=\"og:url\" content=\"https:\/\/buletin.de\/bucuresti\/fotovideo-anpc-a-inchis-temporar-mai-multe-zone-din-piata-gorjului-din-cauza-mizeriei\/\" \/>\n<meta property=\"og:site_name\" content=\"Buletin de Bucure\u0219ti\" \/>\n<meta property=\"article:publisher\" content=\"https:\/\/www.facebook.com\/buletin.de.buc\" \/>\n<meta property=\"article:published_time\" content=\"2023-04-19T17:43:57+00:00\" \/>\n<meta property=\"article:modified_time\" content=\"2023-04-19T17:43:58+00:00\" \/>\n<meta property=\"og:image\" content=\"https:\/\/buletin.de\/bucuresti\/wp-content\/uploads\/WhatsApp-Image-2023-04-19-at-19.59.15.jpeg\" \/>\n\t<meta property=\"og:image:width\" content=\"2040\" \/>\n\t<meta property=\"og:image:height\" content=\"1530\" \/>\n\t<meta property=\"og:image:type\" content=\"image\/jpeg\" \/>\n<meta name=\"author\" content=\"Florin R\u00e2\u0219teiu\" \/>\n<meta name=\"twitter:card\" content=\"summary_large_image\" \/>\n<meta name=\"twitter:label1\" content=\"Written by\" \/>\n\t<meta name=\"twitter:data1\" content=\"Florin R\u00e2\u0219teiu\" \/>\n\t<meta name=\"twitter:label2\" content=\"Estimated reading time\" \/>\n\t<meta name=\"twitter:data2\" content=\"4 minutes\" \/>\n<script type=\"application\/ld+json\" class=\"yoast-schema-graph\">{\"@context\":\"https:\\\/\\\/schema.org\",\"@graph\":[{\"@type\":\"Article\",\"@id\":\"https:\\\/\\\/buletin.de\\\/bucuresti\\\/fotovideo-anpc-a-inchis-temporar-mai-multe-zone-din-piata-gorjului-din-cauza-mizeriei\\\/#article\",\"isPartOf\":{\"@id\":\"https:\\\/\\\/buletin.de\\\/bucuresti\\\/fotovideo-anpc-a-inchis-temporar-mai-multe-zone-din-piata-gorjului-din-cauza-mizeriei\\\/\"},\"author\":{\"name\":\"Florin R\u00e2\u0219teiu\",\"@id\":\"https:\\\/\\\/buletin.de\\\/bucuresti\\\/#\\\/schema\\\/person\\\/b0686d7a8b666c6afc78239777fd8a89\"},\"headline\":\"FOTO&#038;VIDEO | ANPC a \u00eenchis temporar mai multe zone din Pia\u021ba Gorjului din cauza mizeriei\",\"datePublished\":\"2023-04-19T17:43:57+00:00\",\"dateModified\":\"2023-04-19T17:43:58+00:00\",\"mainEntityOfPage\":{\"@id\":\"https:\\\/\\\/buletin.de\\\/bucuresti\\\/fotovideo-anpc-a-inchis-temporar-mai-multe-zone-din-piata-gorjului-din-cauza-mizeriei\\\/\"},\"wordCount\":632,\"publisher\":{\"@id\":\"https:\\\/\\\/buletin.de\\\/bucuresti\\\/#organization\"},\"image\":{\"@id\":\"https:\\\/\\\/buletin.de\\\/bucuresti\\\/fotovideo-anpc-a-inchis-temporar-mai-multe-zone-din-piata-gorjului-din-cauza-mizeriei\\\/#primaryimage\"},\"thumbnailUrl\":\"https:\\\/\\\/buletin.de\\\/bucuresti\\\/wp-content\\\/uploads\\\/WhatsApp-Image-2023-04-19-at-19.59.15.jpeg\",\"articleSection\":[\"\u0218tiri\"],\"inLanguage\":\"en-GB\",\"copyrightYear\":\"2023\",\"copyrightHolder\":{\"@id\":\"https:\\\/\\\/buletin.de\\\/bucuresti\\\/#organization\"}},{\"@type\":\"WebPage\",\"@id\":\"https:\\\/\\\/buletin.de\\\/bucuresti\\\/fotovideo-anpc-a-inchis-temporar-mai-multe-zone-din-piata-gorjului-din-cauza-mizeriei\\\/\",\"url\":\"https:\\\/\\\/buletin.de\\\/bucuresti\\\/fotovideo-anpc-a-inchis-temporar-mai-multe-zone-din-piata-gorjului-din-cauza-mizeriei\\\/\",\"name\":\"FOTO&VIDEO | ANPC a \u00eenchis temporar mai multe zone din Pia\u021ba Gorjului din cauza mizeriei - Buletin de Bucure\u0219ti\",\"isPartOf\":{\"@id\":\"https:\\\/\\\/buletin.de\\\/bucuresti\\\/#website\"},\"primaryImageOfPage\":{\"@id\":\"https:\\\/\\\/buletin.de\\\/bucuresti\\\/fotovideo-anpc-a-inchis-temporar-mai-multe-zone-din-piata-gorjului-din-cauza-mizeriei\\\/#primaryimage\"},\"image\":{\"@id\":\"https:\\\/\\\/buletin.de\\\/bucuresti\\\/fotovideo-anpc-a-inchis-temporar-mai-multe-zone-din-piata-gorjului-din-cauza-mizeriei\\\/#primaryimage\"},\"thumbnailUrl\":\"https:\\\/\\\/buletin.de\\\/bucuresti\\\/wp-content\\\/uploads\\\/WhatsApp-Image-2023-04-19-at-19.59.15.jpeg\",\"datePublished\":\"2023-04-19T17:43:57+00:00\",\"dateModified\":\"2023-04-19T17:43:58+00:00\",\"breadcrumb\":{\"@id\":\"https:\\\/\\\/buletin.de\\\/bucuresti\\\/fotovideo-anpc-a-inchis-temporar-mai-multe-zone-din-piata-gorjului-din-cauza-mizeriei\\\/#breadcrumb\"},\"inLanguage\":\"en-GB\",\"potentialAction\":[{\"@type\":\"ReadAction\",\"target\":[\"https:\\\/\\\/buletin.de\\\/bucuresti\\\/fotovideo-anpc-a-inchis-temporar-mai-multe-zone-din-piata-gorjului-din-cauza-mizeriei\\\/\"]}]},{\"@type\":\"ImageObject\",\"inLanguage\":\"en-GB\",\"@id\":\"https:\\\/\\\/buletin.de\\\/bucuresti\\\/fotovideo-anpc-a-inchis-temporar-mai-multe-zone-din-piata-gorjului-din-cauza-mizeriei\\\/#primaryimage\",\"url\":\"https:\\\/\\\/buletin.de\\\/bucuresti\\\/wp-content\\\/uploads\\\/WhatsApp-Image-2023-04-19-at-19.59.15.jpeg\",\"contentUrl\":\"https:\\\/\\\/buletin.de\\\/bucuresti\\\/wp-content\\\/uploads\\\/WhatsApp-Image-2023-04-19-at-19.59.15.jpeg\",\"width\":2040,\"height\":1530},{\"@type\":\"BreadcrumbList\",\"@id\":\"https:\\\/\\\/buletin.de\\\/bucuresti\\\/fotovideo-anpc-a-inchis-temporar-mai-multe-zone-din-piata-gorjului-din-cauza-mizeriei\\\/#breadcrumb\",\"itemListElement\":[{\"@type\":\"ListItem\",\"position\":1,\"name\":\"Acas\u0103\",\"item\":\"https:\\\/\\\/buletin.de\\\/bucuresti\\\/\"},{\"@type\":\"ListItem\",\"position\":2,\"name\":\"FOTO&#038;VIDEO | ANPC a \u00eenchis temporar mai multe zone din Pia\u021ba Gorjului din cauza mizeriei\"}]},{\"@type\":\"WebSite\",\"@id\":\"https:\\\/\\\/buletin.de\\\/bucuresti\\\/#website\",\"url\":\"https:\\\/\\\/buletin.de\\\/bucuresti\\\/\",\"name\":\"Buletin de Bucure\u0219ti\",\"description\":\"\u0218tiri \u0219i investiga\u021bii esen\u021biale din capital\u0103\",\"publisher\":{\"@id\":\"https:\\\/\\\/buletin.de\\\/bucuresti\\\/#organization\"},\"potentialAction\":[{\"@type\":\"SearchAction\",\"target\":{\"@type\":\"EntryPoint\",\"urlTemplate\":\"https:\\\/\\\/buletin.de\\\/bucuresti\\\/?s={search_term_string}\"},\"query-input\":{\"@type\":\"PropertyValueSpecification\",\"valueRequired\":true,\"valueName\":\"search_term_string\"}}],\"inLanguage\":\"en-GB\"},{\"@type\":\"Organization\",\"@id\":\"https:\\\/\\\/buletin.de\\\/bucuresti\\\/#organization\",\"name\":\"Buletin de Bucure\u0219ti\",\"url\":\"https:\\\/\\\/buletin.de\\\/bucuresti\\\/\",\"logo\":{\"@type\":\"ImageObject\",\"inLanguage\":\"en-GB\",\"@id\":\"https:\\\/\\\/buletin.de\\\/bucuresti\\\/#\\\/schema\\\/logo\\\/image\\\/\",\"url\":\"https:\\\/\\\/buletin.de\\\/bucuresti\\\/wp-content\\\/uploads\\\/logo-bdb-full-wide-vernil-transparent.png\",\"contentUrl\":\"https:\\\/\\\/buletin.de\\\/bucuresti\\\/wp-content\\\/uploads\\\/logo-bdb-full-wide-vernil-transparent.png\",\"width\":1782,\"height\":626,\"caption\":\"Buletin de Bucure\u0219ti\"},\"image\":{\"@id\":\"https:\\\/\\\/buletin.de\\\/bucuresti\\\/#\\\/schema\\\/logo\\\/image\\\/\"},\"sameAs\":[\"https:\\\/\\\/www.facebook.com\\\/buletin.de.buc\",\"https:\\\/\\\/www.instagram.com\\\/buletinde.bucuresti\\\/\"]},{\"@type\":\"Person\",\"@id\":\"https:\\\/\\\/buletin.de\\\/bucuresti\\\/#\\\/schema\\\/person\\\/b0686d7a8b666c6afc78239777fd8a89\",\"name\":\"Florin R\u00e2\u0219teiu\",\"image\":{\"@type\":\"ImageObject\",\"inLanguage\":\"en-GB\",\"@id\":\"https:\\\/\\\/buletin.de\\\/bucuresti\\\/wp-content\\\/uploads\\\/Florin-Rasteiu-96x96.jpgf0a6fe28453aa12f0a60e4d0a2e3a78c\",\"url\":\"https:\\\/\\\/buletin.de\\\/bucuresti\\\/wp-content\\\/uploads\\\/Florin-Rasteiu-96x96.jpg\",\"contentUrl\":\"https:\\\/\\\/buletin.de\\\/bucuresti\\\/wp-content\\\/uploads\\\/Florin-Rasteiu-96x96.jpg\",\"caption\":\"Florin R\u00e2\u0219teiu\"},\"description\":\"Jurnalist de investiga\u021bie. Lucreaz\u0103 de aproape 6 ani la Buletin de Bucure\u0219ti, unde a publicat articole care scot la suprafa\u021b\u0103 corup\u021bia din Capital\u0103. Analizeaz\u0103 baze de date zilnic \u0219i scoate pove\u0219ti din exceluri pline de cifre. Pune reflectorul pe adev\u0103r cu fiecare ocazie. A c\u00e2\u0219tigat premiul I la categoria Pres\u0103 Local\u0103 \u00een 2025 \u0219i locul al II-lea la aceea\u0219i categorie \u00een 2024 \u00een cadrul Premiilor Superscrieri pentru jurnalism independent.\",\"url\":\"https:\\\/\\\/buletin.de\\\/bucuresti\\\/author\\\/florinrasteiu\\\/\"}]}<\/script>\n<!-- \/ Yoast SEO Premium plugin. -->","yoast_head_json":{"title":"FOTO&VIDEO | ANPC a \u00eenchis temporar mai multe zone din Pia\u021ba Gorjului din cauza mizeriei - Buletin de Bucure\u0219ti","robots":{"index":"index","follow":"follow","max-snippet":"max-snippet:-1","max-image-preview":"max-image-preview:large","max-video-preview":"max-video-preview:-1"},"canonical":"https:\/\/buletin.de\/bucuresti\/fotovideo-anpc-a-inchis-temporar-mai-multe-zone-din-piata-gorjului-din-cauza-mizeriei\/","og_locale":"en_GB","og_type":"article","og_title":"FOTO&VIDEO | ANPC a \u00eenchis temporar mai multe zone din Pia\u021ba Gorjului din cauza mizeriei","og_description":"Comisarii ANPC au verificat dou\u0103 dintre pie\u021bele din Sectorul 6: Pia\u021ba Gorjului \u0219i Veteranilor, unde au g\u0103sit mai multe nereguli. Au fost g\u0103site fructe \u0219i legume v\u00e2ndute din l\u0103zi cu acumul\u0103ri de mucegai, produse expirate, dar \u0219i existen\u021ba unui paviment neigienizat, cu buc\u0103\u021bi de gresie lips\u0103, gropi, sp\u0103rturi. \u00cen urma acestor nereguli, mai multe zone [&hellip;]","og_url":"https:\/\/buletin.de\/bucuresti\/fotovideo-anpc-a-inchis-temporar-mai-multe-zone-din-piata-gorjului-din-cauza-mizeriei\/","og_site_name":"Buletin de Bucure\u0219ti","article_publisher":"https:\/\/www.facebook.com\/buletin.de.buc","article_published_time":"2023-04-19T17:43:57+00:00","article_modified_time":"2023-04-19T17:43:58+00:00","og_image":[{"width":2040,"height":1530,"url":"https:\/\/buletin.de\/bucuresti\/wp-content\/uploads\/WhatsApp-Image-2023-04-19-at-19.59.15.jpeg","type":"image\/jpeg"}],"author":"Florin R\u00e2\u0219teiu","twitter_card":"summary_large_image","twitter_misc":{"Written by":"Florin R\u00e2\u0219teiu","Estimated reading time":"4 minutes"},"schema":{"@context":"https:\/\/schema.org","@graph":[{"@type":"Article","@id":"https:\/\/buletin.de\/bucuresti\/fotovideo-anpc-a-inchis-temporar-mai-multe-zone-din-piata-gorjului-din-cauza-mizeriei\/#article","isPartOf":{"@id":"https:\/\/buletin.de\/bucuresti\/fotovideo-anpc-a-inchis-temporar-mai-multe-zone-din-piata-gorjului-din-cauza-mizeriei\/"},"author":{"name":"Florin R\u00e2\u0219teiu","@id":"https:\/\/buletin.de\/bucuresti\/#\/schema\/person\/b0686d7a8b666c6afc78239777fd8a89"},"headline":"FOTO&#038;VIDEO | ANPC a \u00eenchis temporar mai multe zone din Pia\u021ba Gorjului din cauza mizeriei","datePublished":"2023-04-19T17:43:57+00:00","dateModified":"2023-04-19T17:43:58+00:00","mainEntityOfPage":{"@id":"https:\/\/buletin.de\/bucuresti\/fotovideo-anpc-a-inchis-temporar-mai-multe-zone-din-piata-gorjului-din-cauza-mizeriei\/"},"wordCount":632,"publisher":{"@id":"https:\/\/buletin.de\/bucuresti\/#organization"},"image":{"@id":"https:\/\/buletin.de\/bucuresti\/fotovideo-anpc-a-inchis-temporar-mai-multe-zone-din-piata-gorjului-din-cauza-mizeriei\/#primaryimage"},"thumbnailUrl":"https:\/\/buletin.de\/bucuresti\/wp-content\/uploads\/WhatsApp-Image-2023-04-19-at-19.59.15.jpeg","articleSection":["\u0218tiri"],"inLanguage":"en-GB","copyrightYear":"2023","copyrightHolder":{"@id":"https:\/\/buletin.de\/bucuresti\/#organization"}},{"@type":"WebPage","@id":"https:\/\/buletin.de\/bucuresti\/fotovideo-anpc-a-inchis-temporar-mai-multe-zone-din-piata-gorjului-din-cauza-mizeriei\/","url":"https:\/\/buletin.de\/bucuresti\/fotovideo-anpc-a-inchis-temporar-mai-multe-zone-din-piata-gorjului-din-cauza-mizeriei\/","name":"FOTO&VIDEO | ANPC a \u00eenchis temporar mai multe zone din Pia\u021ba Gorjului din cauza mizeriei - Buletin de Bucure\u0219ti","isPartOf":{"@id":"https:\/\/buletin.de\/bucuresti\/#website"},"primaryImageOfPage":{"@id":"https:\/\/buletin.de\/bucuresti\/fotovideo-anpc-a-inchis-temporar-mai-multe-zone-din-piata-gorjului-din-cauza-mizeriei\/#primaryimage"},"image":{"@id":"https:\/\/buletin.de\/bucuresti\/fotovideo-anpc-a-inchis-temporar-mai-multe-zone-din-piata-gorjului-din-cauza-mizeriei\/#primaryimage"},"thumbnailUrl":"https:\/\/buletin.de\/bucuresti\/wp-content\/uploads\/WhatsApp-Image-2023-04-19-at-19.59.15.jpeg","datePublished":"2023-04-19T17:43:57+00:00","dateModified":"2023-04-19T17:43:58+00:00","breadcrumb":{"@id":"https:\/\/buletin.de\/bucuresti\/fotovideo-anpc-a-inchis-temporar-mai-multe-zone-din-piata-gorjului-din-cauza-mizeriei\/#breadcrumb"},"inLanguage":"en-GB","potentialAction":[{"@type":"ReadAction","target":["https:\/\/buletin.de\/bucuresti\/fotovideo-anpc-a-inchis-temporar-mai-multe-zone-din-piata-gorjului-din-cauza-mizeriei\/"]}]},{"@type":"ImageObject","inLanguage":"en-GB","@id":"https:\/\/buletin.de\/bucuresti\/fotovideo-anpc-a-inchis-temporar-mai-multe-zone-din-piata-gorjului-din-cauza-mizeriei\/#primaryimage","url":"https:\/\/buletin.de\/bucuresti\/wp-content\/uploads\/WhatsApp-Image-2023-04-19-at-19.59.15.jpeg","contentUrl":"https:\/\/buletin.de\/bucuresti\/wp-content\/uploads\/WhatsApp-Image-2023-04-19-at-19.59.15.jpeg","width":2040,"height":1530},{"@type":"BreadcrumbList","@id":"https:\/\/buletin.de\/bucuresti\/fotovideo-anpc-a-inchis-temporar-mai-multe-zone-din-piata-gorjului-din-cauza-mizeriei\/#breadcrumb","itemListElement":[{"@type":"ListItem","position":1,"name":"Acas\u0103","item":"https:\/\/buletin.de\/bucuresti\/"},{"@type":"ListItem","position":2,"name":"FOTO&#038;VIDEO | ANPC a \u00eenchis temporar mai multe zone din Pia\u021ba Gorjului din cauza mizeriei"}]},{"@type":"WebSite","@id":"https:\/\/buletin.de\/bucuresti\/#website","url":"https:\/\/buletin.de\/bucuresti\/","name":"Buletin de Bucure\u0219ti","description":"\u0218tiri \u0219i investiga\u021bii esen\u021biale din capital\u0103","publisher":{"@id":"https:\/\/buletin.de\/bucuresti\/#organization"},"potentialAction":[{"@type":"SearchAction","target":{"@type":"EntryPoint","urlTemplate":"https:\/\/buletin.de\/bucuresti\/?s={search_term_string}"},"query-input":{"@type":"PropertyValueSpecification","valueRequired":true,"valueName":"search_term_string"}}],"inLanguage":"en-GB"},{"@type":"Organization","@id":"https:\/\/buletin.de\/bucuresti\/#organization","name":"Buletin de Bucure\u0219ti","url":"https:\/\/buletin.de\/bucuresti\/","logo":{"@type":"ImageObject","inLanguage":"en-GB","@id":"https:\/\/buletin.de\/bucuresti\/#\/schema\/logo\/image\/","url":"https:\/\/buletin.de\/bucuresti\/wp-content\/uploads\/logo-bdb-full-wide-vernil-transparent.png","contentUrl":"https:\/\/buletin.de\/bucuresti\/wp-content\/uploads\/logo-bdb-full-wide-vernil-transparent.png","width":1782,"height":626,"caption":"Buletin de Bucure\u0219ti"},"image":{"@id":"https:\/\/buletin.de\/bucuresti\/#\/schema\/logo\/image\/"},"sameAs":["https:\/\/www.facebook.com\/buletin.de.buc","https:\/\/www.instagram.com\/buletinde.bucuresti\/"]},{"@type":"Person","@id":"https:\/\/buletin.de\/bucuresti\/#\/schema\/person\/b0686d7a8b666c6afc78239777fd8a89","name":"Florin R\u00e2\u0219teiu","image":{"@type":"ImageObject","inLanguage":"en-GB","@id":"https:\/\/buletin.de\/bucuresti\/wp-content\/uploads\/Florin-Rasteiu-96x96.jpgf0a6fe28453aa12f0a60e4d0a2e3a78c","url":"https:\/\/buletin.de\/bucuresti\/wp-content\/uploads\/Florin-Rasteiu-96x96.jpg","contentUrl":"https:\/\/buletin.de\/bucuresti\/wp-content\/uploads\/Florin-Rasteiu-96x96.jpg","caption":"Florin R\u00e2\u0219teiu"},"description":"Jurnalist de investiga\u021bie. Lucreaz\u0103 de aproape 6 ani la Buletin de Bucure\u0219ti, unde a publicat articole care scot la suprafa\u021b\u0103 corup\u021bia din Capital\u0103. Analizeaz\u0103 baze de date zilnic \u0219i scoate pove\u0219ti din exceluri pline de cifre. Pune reflectorul pe adev\u0103r cu fiecare ocazie. A c\u00e2\u0219tigat premiul I la categoria Pres\u0103 Local\u0103 \u00een 2025 \u0219i locul al II-lea la aceea\u0219i categorie \u00een 2024 \u00een cadrul Premiilor Superscrieri pentru jurnalism independent.","url":"https:\/\/buletin.de\/bucuresti\/author\/florinrasteiu\/"}]}},"authors":[{"term_id":22576,"user_id":17,"is_guest":0,"slug":"florinrasteiu","display_name":"Florin R\u00e2\u0219teiu","avatar_url":"https:\/\/buletin.de\/bucuresti\/wp-content\/uploads\/Florin-Rasteiu-96x96.jpg","0":null,"1":"","2":"","3":"","4":"","5":"","6":"","7":"","8":""}],"_links":{"self":[{"href":"https:\/\/buletin.de\/bucuresti\/wp-json\/wp\/v2\/posts\/57767","targetHints":{"allow":["GET"]}}],"collection":[{"href":"https:\/\/buletin.de\/bucuresti\/wp-json\/wp\/v2\/posts"}],"about":[{"href":"https:\/\/buletin.de\/bucuresti\/wp-json\/wp\/v2\/types\/post"}],"author":[{"embeddable":true,"href":"https:\/\/buletin.de\/bucuresti\/wp-json\/wp\/v2\/users\/17"}],"replies":[{"embeddable":true,"href":"https:\/\/buletin.de\/bucuresti\/wp-json\/wp\/v2\/comments?post=57767"}],"version-history":[{"count":2,"href":"https:\/\/buletin.de\/bucuresti\/wp-json\/wp\/v2\/posts\/57767\/revisions"}],"predecessor-version":[{"id":57776,"href":"https:\/\/buletin.de\/bucuresti\/wp-json\/wp\/v2\/posts\/57767\/revisions\/57776"}],"wp:featuredmedia":[{"embeddable":true,"href":"https:\/\/buletin.de\/bucuresti\/wp-json\/wp\/v2\/media\/57773"}],"wp:attachment":[{"href":"https:\/\/buletin.de\/bucuresti\/wp-json\/wp\/v2\/media?parent=57767"}],"wp:term":[{"taxonomy":"category","embeddable":true,"href":"https:\/\/buletin.de\/bucuresti\/wp-json\/wp\/v2\/categories?post=57767"},{"taxonomy":"post_tag","embeddable":true,"href":"https:\/\/buletin.de\/bucuresti\/wp-json\/wp\/v2\/tags?post=57767"},{"taxonomy":"author","embeddable":true,"href":"https:\/\/buletin.de\/bucuresti\/wp-json\/wp\/v2\/ppma_author?post=57767"}],"curies":[{"name":"wp","href":"https:\/\/api.w.org\/{rel}","templated":true}]}}