{"id":57758,"date":"2023-04-19T16:10:51","date_gmt":"2023-04-19T14:10:51","guid":{"rendered":"https:\/\/buletin.de\/bucuresti\/?p=57758"},"modified":"2023-04-19T16:10:52","modified_gmt":"2023-04-19T14:10:52","slug":"traseele-autobuzelor-vor-fi-modificate-pe-parcursul-desfasurarii-evenimentului-spotlight-festival","status":"publish","type":"post","link":"https:\/\/buletin.de\/bucuresti\/traseele-autobuzelor-vor-fi-modificate-pe-parcursul-desfasurarii-evenimentului-spotlight-festival\/","title":{"rendered":"Traseele autobuzelor vor fi modificate pe parcursul desf\u0103\u0219ur\u0103rii evenimentului \u201eSpotlight Festival\u201d"},"content":{"rendered":"\n<p>Cu ocazia organiz\u0103rii evenimentului &nbsp;cultural-artistic \u201eSpotlight \u2013 Festivalul Interna\u021bional al Luminii Bucure\u0219ti\u201d, \u00een weekendul 21-23.04.2023, \u00eentre orele 19:00-23:00, circula\u021bia rutier\u0103 va fi restric\u021bionat\u0103, iar autobuzele vor avea un traseu modificat.<\/p>\n\n\n\n<p>Circula\u021bia rutier\u0103 va fi restric\u021bionat\u0103 pe tronsonul cuprins \u00eentre Bd. Dacia \u015fi Bd. Regina Elisabeta. De asemenea, Societatea de Transport Bucure\u0219ti&nbsp; va modifica circula\u021bia autobuzelor de pe liniile 122, 137, 168, 226, 361 \u0219i 368,astfel:<\/p>\n\n\n\n<p>Linia de autobuz 122 va func\u0163iona pe traseul de baz\u0103 \u00eentre terminalul \u201eComplex Cartier Latin\u201f \u015fi intersec\u021bia Str. \u015etirbei Vod\u0103 cu Str. Luteran\u0103 \u0219i Str. Ion C\u00e2mpineanu, ulterior va circula pe un traseu modificat, pe Str. Luteran\u0103, Str. General Budi\u015fteanu, Bd. Dacia, Pia\u0163a Roman\u0103, Bd. Gheorghe Magheru, Bd. Nicolae B\u0103lcescu, \u201ePia\u0163a 21 Decembrie 1989\u201f. Circula\u021bia autobuzelor liniei 122 nu va fi modificat\u0103 pe sensul opus.<\/p>\n\n\n\n<p>Linia de autobuz 137 va func\u0163iona pe traseul de baz\u0103 \u00eentre terminalul \u201eCarrefour Militari\u201d \u015fi intersec\u021bia Str. \u015etirbei Vod\u0103 cu Str. Luteran\u0103 \u0219i Str. Ion C\u00e2mpineanu, apoi pe un traseu modificat, pe Str. Luteran\u0103, Str. General Budi\u015fteanu, Bd. Dacia, Pia\u0163a Roman\u0103, Bd. Gheorghe Magheru, Bd. Nicolae B\u0103lcescu, \u201ePia\u0163a 21 Decembrie 1989\u201f. Circula\u021bia autobuzelor liniei 137 nu va fi modificat\u0103 pe sensul opus.<\/p>\n\n\n\n<p>Linia de autobuz 168 va func\u0163iona pe traseul de baz\u0103 \u00eentre terminalul \u201eCartier Constantin Br\u00e2ncu\u015fi\u201d \u015fi intersec\u021bia Str. \u015etirbei Vod\u0103 cu Str. Luteran\u0103 \u0219i Str. I. C\u00e2mpineanu, apoi pe un traseu modificat, pe Str. Luteran\u0103, Str. General Budi\u015fteanu, Bd. Dacia, Calea Doroban\u0163i, Pia\u0163a Lahovari, Str. George Enescu, Bd. Gheorghe Magheru, \u201ePia\u021ba Roman\u0103\u201d. Circula\u021bia autobuzelor liniei 168 nu va fi modificat\u0103 pe sensul opus.<\/p>\n\n\n\n<p>&nbsp;Linia de autobuz 226 va func\u0163iona pe traseul de baz\u0103 \u00eentre terminalul \u201eDepoul Alexandria\u201d \u015fi intersec\u021bia Str. \u015etirbei Vod\u0103 cu Str. Luteran\u0103 \u0219i Str. I. C\u00e2mpineanu, apoi pe un traseu modificat, pe Str. Luteran\u0103, Str. General Budi\u015fteanu, Bd. Dacia, Calea Doroban\u0163i, Pia\u0163a Lahovari, Str. George Enescu, Bd. Gheorghe Magheru, \u201ePia\u021ba Roman\u0103\u201d. Circula\u021bia autobuzelor liniei 226 nu va fi modificat\u0103 pe sensul opus.<\/p>\n\n\n\n<p>Linia de autobuz 361 va func\u0163iona pe traseul de baz\u01ce \u020bntre terminalul \u201eComplex Comercial B\u01ceneasa\u201d \u015fi intersec\u021bia Calea Victoriei \u0219i Bd. Dacia, apoi pe un traseu modificat pe sensul spre Pia\u021ba Unirii, pe Bd. Dacia, Pia\u0163a Roman\u0103, Bd. Gheorghe Magheru, Bd. Nicolae B\u01celcescu, Bd. I.C. Br\u0103tianu, \u201ePia\u021ba Unirii\u201d. Circula\u021bia autobuzelor liniei 361 nu va fi modificat\u0103 pe sensul opus.<\/p>\n\n\n\n<p>Linia de autobuz 368 va func\u0163iona pe traseul de baz\u0103 \u00eentre terminalul \u201eValea Oltului\u201d \u015fi intersec\u021bia Str. \u015etirbei Vod\u0103 cu Str. Luteran\u0103 \u0219i Str. I. C\u00e2mpineanu, apoi pe un traseu modificat, pe Str. Luteran\u0103, Str. General Budi\u015fteanu, Bd. Dacia, Calea Doroban\u0163i, Pia\u0163a Lahovari, Str. George Enescu, Bd. Gheorghe Magheru, \u201ePia\u021ba Roman\u0103\u201d, cu \u020bntoarcere pe Bd. Gheorghe Magheru, Bd. Dacia, Str. Mircea Vulc\u0103nescu, Str. Berzei, Bd. Dinicu Golescu, dup\u0103 care va urma traseul actual.<\/p>\n\n\n\n<p>Surs\u0103 foto: Pagina de Facebook Societatea de Transport Bucure\u0219ti \u2013 STB SA<\/p>\n","protected":false},"excerpt":{"rendered":"<p>Cu ocazia organiz\u0103rii evenimentului &nbsp;cultural-artistic \u201eSpotlight \u2013 Festivalul Interna\u021bional al Luminii Bucure\u0219ti\u201d, \u00een weekendul 21-23.04.2023, \u00eentre orele 19:00-23:00, circula\u021bia rutier\u0103 va fi restric\u021bionat\u0103, iar autobuzele vor avea un traseu modificat. Circula\u021bia rutier\u0103 va fi restric\u021bionat\u0103 pe tronsonul cuprins \u00eentre Bd. Dacia \u015fi Bd. Regina Elisabeta. De asemenea, Societatea de Transport Bucure\u0219ti&nbsp; va modifica circula\u021bia autobuzelor [&hellip;]<\/p>\n","protected":false},"author":45,"featured_media":57759,"comment_status":"closed","ping_status":"open","sticky":false,"template":"","format":"standard","meta":{"_acf_changed":false,"inline_featured_image":false,"ngg_post_thumbnail":0,"footnotes":""},"categories":[62],"tags":[],"ppma_author":[22604],"class_list":["post-57758","post","type-post","status-publish","format-standard","has-post-thumbnail","hentry","category-stiri"],"acf":[],"yoast_head":"<!-- This site is optimized with the Yoast SEO Premium plugin v25.3 (Yoast SEO v27.5) - https:\/\/yoast.com\/product\/yoast-seo-premium-wordpress\/ -->\n<title>Traseele autobuzelor vor fi modificate pe parcursul desf\u0103\u0219ur\u0103rii evenimentului \u201eSpotlight Festival\u201d - Buletin de Bucure\u0219ti<\/title>\n<meta name=\"robots\" content=\"index, follow, max-snippet:-1, max-image-preview:large, max-video-preview:-1\" \/>\n<link rel=\"canonical\" href=\"https:\/\/buletin.de\/bucuresti\/traseele-autobuzelor-vor-fi-modificate-pe-parcursul-desfasurarii-evenimentului-spotlight-festival\/\" \/>\n<meta property=\"og:locale\" content=\"en_GB\" \/>\n<meta property=\"og:type\" content=\"article\" \/>\n<meta property=\"og:title\" content=\"Traseele autobuzelor vor fi modificate pe parcursul desf\u0103\u0219ur\u0103rii evenimentului \u201eSpotlight Festival\u201d\" \/>\n<meta property=\"og:description\" content=\"Cu ocazia organiz\u0103rii evenimentului &nbsp;cultural-artistic \u201eSpotlight \u2013 Festivalul Interna\u021bional al Luminii Bucure\u0219ti\u201d, \u00een weekendul 21-23.04.2023, \u00eentre orele 19:00-23:00, circula\u021bia rutier\u0103 va fi restric\u021bionat\u0103, iar autobuzele vor avea un traseu modificat. Circula\u021bia rutier\u0103 va fi restric\u021bionat\u0103 pe tronsonul cuprins \u00eentre Bd. Dacia \u015fi Bd. Regina Elisabeta. De asemenea, Societatea de Transport Bucure\u0219ti&nbsp; va modifica circula\u021bia autobuzelor [&hellip;]\" \/>\n<meta property=\"og:url\" content=\"https:\/\/buletin.de\/bucuresti\/traseele-autobuzelor-vor-fi-modificate-pe-parcursul-desfasurarii-evenimentului-spotlight-festival\/\" \/>\n<meta property=\"og:site_name\" content=\"Buletin de Bucure\u0219ti\" \/>\n<meta property=\"article:publisher\" content=\"https:\/\/www.facebook.com\/buletin.de.buc\" \/>\n<meta property=\"article:published_time\" content=\"2023-04-19T14:10:51+00:00\" \/>\n<meta property=\"article:modified_time\" content=\"2023-04-19T14:10:52+00:00\" \/>\n<meta property=\"og:image\" content=\"https:\/\/buletin.de\/bucuresti\/wp-content\/uploads\/341341043_555910236525857_7485045527216310281_n.jpg\" \/>\n\t<meta property=\"og:image:width\" content=\"1600\" \/>\n\t<meta property=\"og:image:height\" content=\"884\" \/>\n\t<meta property=\"og:image:type\" content=\"image\/jpeg\" \/>\n<meta name=\"author\" content=\"Teodora \u0218uta\" \/>\n<meta name=\"twitter:card\" content=\"summary_large_image\" \/>\n<meta name=\"twitter:label1\" content=\"Written by\" \/>\n\t<meta name=\"twitter:data1\" content=\"Teodora \u0218uta\" \/>\n\t<meta name=\"twitter:label2\" content=\"Estimated reading time\" \/>\n\t<meta name=\"twitter:data2\" content=\"3 minutes\" \/>\n<script type=\"application\/ld+json\" class=\"yoast-schema-graph\">{\"@context\":\"https:\\\/\\\/schema.org\",\"@graph\":[{\"@type\":\"Article\",\"@id\":\"https:\\\/\\\/buletin.de\\\/bucuresti\\\/traseele-autobuzelor-vor-fi-modificate-pe-parcursul-desfasurarii-evenimentului-spotlight-festival\\\/#article\",\"isPartOf\":{\"@id\":\"https:\\\/\\\/buletin.de\\\/bucuresti\\\/traseele-autobuzelor-vor-fi-modificate-pe-parcursul-desfasurarii-evenimentului-spotlight-festival\\\/\"},\"author\":{\"name\":\"Teodora \u0218uta\",\"@id\":\"https:\\\/\\\/buletin.de\\\/bucuresti\\\/#\\\/schema\\\/person\\\/5d54908fa90ab7ad3b2e88152efd6845\"},\"headline\":\"Traseele autobuzelor vor fi modificate pe parcursul desf\u0103\u0219ur\u0103rii evenimentului \u201eSpotlight Festival\u201d\",\"datePublished\":\"2023-04-19T14:10:51+00:00\",\"dateModified\":\"2023-04-19T14:10:52+00:00\",\"mainEntityOfPage\":{\"@id\":\"https:\\\/\\\/buletin.de\\\/bucuresti\\\/traseele-autobuzelor-vor-fi-modificate-pe-parcursul-desfasurarii-evenimentului-spotlight-festival\\\/\"},\"wordCount\":517,\"publisher\":{\"@id\":\"https:\\\/\\\/buletin.de\\\/bucuresti\\\/#organization\"},\"image\":{\"@id\":\"https:\\\/\\\/buletin.de\\\/bucuresti\\\/traseele-autobuzelor-vor-fi-modificate-pe-parcursul-desfasurarii-evenimentului-spotlight-festival\\\/#primaryimage\"},\"thumbnailUrl\":\"https:\\\/\\\/buletin.de\\\/bucuresti\\\/wp-content\\\/uploads\\\/341341043_555910236525857_7485045527216310281_n.jpg\",\"articleSection\":[\"\u0218tiri\"],\"inLanguage\":\"en-GB\",\"copyrightYear\":\"2023\",\"copyrightHolder\":{\"@id\":\"https:\\\/\\\/buletin.de\\\/bucuresti\\\/#organization\"}},{\"@type\":\"WebPage\",\"@id\":\"https:\\\/\\\/buletin.de\\\/bucuresti\\\/traseele-autobuzelor-vor-fi-modificate-pe-parcursul-desfasurarii-evenimentului-spotlight-festival\\\/\",\"url\":\"https:\\\/\\\/buletin.de\\\/bucuresti\\\/traseele-autobuzelor-vor-fi-modificate-pe-parcursul-desfasurarii-evenimentului-spotlight-festival\\\/\",\"name\":\"Traseele autobuzelor vor fi modificate pe parcursul desf\u0103\u0219ur\u0103rii evenimentului \u201eSpotlight Festival\u201d - Buletin de Bucure\u0219ti\",\"isPartOf\":{\"@id\":\"https:\\\/\\\/buletin.de\\\/bucuresti\\\/#website\"},\"primaryImageOfPage\":{\"@id\":\"https:\\\/\\\/buletin.de\\\/bucuresti\\\/traseele-autobuzelor-vor-fi-modificate-pe-parcursul-desfasurarii-evenimentului-spotlight-festival\\\/#primaryimage\"},\"image\":{\"@id\":\"https:\\\/\\\/buletin.de\\\/bucuresti\\\/traseele-autobuzelor-vor-fi-modificate-pe-parcursul-desfasurarii-evenimentului-spotlight-festival\\\/#primaryimage\"},\"thumbnailUrl\":\"https:\\\/\\\/buletin.de\\\/bucuresti\\\/wp-content\\\/uploads\\\/341341043_555910236525857_7485045527216310281_n.jpg\",\"datePublished\":\"2023-04-19T14:10:51+00:00\",\"dateModified\":\"2023-04-19T14:10:52+00:00\",\"breadcrumb\":{\"@id\":\"https:\\\/\\\/buletin.de\\\/bucuresti\\\/traseele-autobuzelor-vor-fi-modificate-pe-parcursul-desfasurarii-evenimentului-spotlight-festival\\\/#breadcrumb\"},\"inLanguage\":\"en-GB\",\"potentialAction\":[{\"@type\":\"ReadAction\",\"target\":[\"https:\\\/\\\/buletin.de\\\/bucuresti\\\/traseele-autobuzelor-vor-fi-modificate-pe-parcursul-desfasurarii-evenimentului-spotlight-festival\\\/\"]}]},{\"@type\":\"ImageObject\",\"inLanguage\":\"en-GB\",\"@id\":\"https:\\\/\\\/buletin.de\\\/bucuresti\\\/traseele-autobuzelor-vor-fi-modificate-pe-parcursul-desfasurarii-evenimentului-spotlight-festival\\\/#primaryimage\",\"url\":\"https:\\\/\\\/buletin.de\\\/bucuresti\\\/wp-content\\\/uploads\\\/341341043_555910236525857_7485045527216310281_n.jpg\",\"contentUrl\":\"https:\\\/\\\/buletin.de\\\/bucuresti\\\/wp-content\\\/uploads\\\/341341043_555910236525857_7485045527216310281_n.jpg\",\"width\":1600,\"height\":884},{\"@type\":\"BreadcrumbList\",\"@id\":\"https:\\\/\\\/buletin.de\\\/bucuresti\\\/traseele-autobuzelor-vor-fi-modificate-pe-parcursul-desfasurarii-evenimentului-spotlight-festival\\\/#breadcrumb\",\"itemListElement\":[{\"@type\":\"ListItem\",\"position\":1,\"name\":\"Acas\u0103\",\"item\":\"https:\\\/\\\/buletin.de\\\/bucuresti\\\/\"},{\"@type\":\"ListItem\",\"position\":2,\"name\":\"Traseele autobuzelor vor fi modificate pe parcursul desf\u0103\u0219ur\u0103rii evenimentului \u201eSpotlight Festival\u201d\"}]},{\"@type\":\"WebSite\",\"@id\":\"https:\\\/\\\/buletin.de\\\/bucuresti\\\/#website\",\"url\":\"https:\\\/\\\/buletin.de\\\/bucuresti\\\/\",\"name\":\"Buletin de Bucure\u0219ti\",\"description\":\"\u0218tiri \u0219i investiga\u021bii esen\u021biale din capital\u0103\",\"publisher\":{\"@id\":\"https:\\\/\\\/buletin.de\\\/bucuresti\\\/#organization\"},\"potentialAction\":[{\"@type\":\"SearchAction\",\"target\":{\"@type\":\"EntryPoint\",\"urlTemplate\":\"https:\\\/\\\/buletin.de\\\/bucuresti\\\/?s={search_term_string}\"},\"query-input\":{\"@type\":\"PropertyValueSpecification\",\"valueRequired\":true,\"valueName\":\"search_term_string\"}}],\"inLanguage\":\"en-GB\"},{\"@type\":\"Organization\",\"@id\":\"https:\\\/\\\/buletin.de\\\/bucuresti\\\/#organization\",\"name\":\"Buletin de Bucure\u0219ti\",\"url\":\"https:\\\/\\\/buletin.de\\\/bucuresti\\\/\",\"logo\":{\"@type\":\"ImageObject\",\"inLanguage\":\"en-GB\",\"@id\":\"https:\\\/\\\/buletin.de\\\/bucuresti\\\/#\\\/schema\\\/logo\\\/image\\\/\",\"url\":\"https:\\\/\\\/buletin.de\\\/bucuresti\\\/wp-content\\\/uploads\\\/logo-bdb-full-wide-vernil-transparent.png\",\"contentUrl\":\"https:\\\/\\\/buletin.de\\\/bucuresti\\\/wp-content\\\/uploads\\\/logo-bdb-full-wide-vernil-transparent.png\",\"width\":1782,\"height\":626,\"caption\":\"Buletin de Bucure\u0219ti\"},\"image\":{\"@id\":\"https:\\\/\\\/buletin.de\\\/bucuresti\\\/#\\\/schema\\\/logo\\\/image\\\/\"},\"sameAs\":[\"https:\\\/\\\/www.facebook.com\\\/buletin.de.buc\",\"https:\\\/\\\/www.instagram.com\\\/buletinde.bucuresti\\\/\"]},{\"@type\":\"Person\",\"@id\":\"https:\\\/\\\/buletin.de\\\/bucuresti\\\/#\\\/schema\\\/person\\\/5d54908fa90ab7ad3b2e88152efd6845\",\"name\":\"Teodora \u0218uta\",\"image\":{\"@type\":\"ImageObject\",\"inLanguage\":\"en-GB\",\"@id\":\"https:\\\/\\\/secure.gravatar.com\\\/avatar\\\/0c709226af9845d97b126aa0aa80ab42778847ec3d11d741016b74a61174088d?s=96&d=monsterid&r=gf2e0c6a01d766272c6fa8af9e494be28\",\"url\":\"https:\\\/\\\/secure.gravatar.com\\\/avatar\\\/0c709226af9845d97b126aa0aa80ab42778847ec3d11d741016b74a61174088d?s=96&d=monsterid&r=g\",\"contentUrl\":\"https:\\\/\\\/secure.gravatar.com\\\/avatar\\\/0c709226af9845d97b126aa0aa80ab42778847ec3d11d741016b74a61174088d?s=96&d=monsterid&r=g\",\"caption\":\"Teodora \u0218uta\"},\"url\":\"https:\\\/\\\/buletin.de\\\/bucuresti\\\/author\\\/mariasuta\\\/\"}]}<\/script>\n<!-- \/ Yoast SEO Premium plugin. -->","yoast_head_json":{"title":"Traseele autobuzelor vor fi modificate pe parcursul desf\u0103\u0219ur\u0103rii evenimentului \u201eSpotlight Festival\u201d - Buletin de Bucure\u0219ti","robots":{"index":"index","follow":"follow","max-snippet":"max-snippet:-1","max-image-preview":"max-image-preview:large","max-video-preview":"max-video-preview:-1"},"canonical":"https:\/\/buletin.de\/bucuresti\/traseele-autobuzelor-vor-fi-modificate-pe-parcursul-desfasurarii-evenimentului-spotlight-festival\/","og_locale":"en_GB","og_type":"article","og_title":"Traseele autobuzelor vor fi modificate pe parcursul desf\u0103\u0219ur\u0103rii evenimentului \u201eSpotlight Festival\u201d","og_description":"Cu ocazia organiz\u0103rii evenimentului &nbsp;cultural-artistic \u201eSpotlight \u2013 Festivalul Interna\u021bional al Luminii Bucure\u0219ti\u201d, \u00een weekendul 21-23.04.2023, \u00eentre orele 19:00-23:00, circula\u021bia rutier\u0103 va fi restric\u021bionat\u0103, iar autobuzele vor avea un traseu modificat. Circula\u021bia rutier\u0103 va fi restric\u021bionat\u0103 pe tronsonul cuprins \u00eentre Bd. Dacia \u015fi Bd. Regina Elisabeta. De asemenea, Societatea de Transport Bucure\u0219ti&nbsp; va modifica circula\u021bia autobuzelor [&hellip;]","og_url":"https:\/\/buletin.de\/bucuresti\/traseele-autobuzelor-vor-fi-modificate-pe-parcursul-desfasurarii-evenimentului-spotlight-festival\/","og_site_name":"Buletin de Bucure\u0219ti","article_publisher":"https:\/\/www.facebook.com\/buletin.de.buc","article_published_time":"2023-04-19T14:10:51+00:00","article_modified_time":"2023-04-19T14:10:52+00:00","og_image":[{"width":1600,"height":884,"url":"https:\/\/buletin.de\/bucuresti\/wp-content\/uploads\/341341043_555910236525857_7485045527216310281_n.jpg","type":"image\/jpeg"}],"author":"Teodora \u0218uta","twitter_card":"summary_large_image","twitter_misc":{"Written by":"Teodora \u0218uta","Estimated reading time":"3 minutes"},"schema":{"@context":"https:\/\/schema.org","@graph":[{"@type":"Article","@id":"https:\/\/buletin.de\/bucuresti\/traseele-autobuzelor-vor-fi-modificate-pe-parcursul-desfasurarii-evenimentului-spotlight-festival\/#article","isPartOf":{"@id":"https:\/\/buletin.de\/bucuresti\/traseele-autobuzelor-vor-fi-modificate-pe-parcursul-desfasurarii-evenimentului-spotlight-festival\/"},"author":{"name":"Teodora \u0218uta","@id":"https:\/\/buletin.de\/bucuresti\/#\/schema\/person\/5d54908fa90ab7ad3b2e88152efd6845"},"headline":"Traseele autobuzelor vor fi modificate pe parcursul desf\u0103\u0219ur\u0103rii evenimentului \u201eSpotlight Festival\u201d","datePublished":"2023-04-19T14:10:51+00:00","dateModified":"2023-04-19T14:10:52+00:00","mainEntityOfPage":{"@id":"https:\/\/buletin.de\/bucuresti\/traseele-autobuzelor-vor-fi-modificate-pe-parcursul-desfasurarii-evenimentului-spotlight-festival\/"},"wordCount":517,"publisher":{"@id":"https:\/\/buletin.de\/bucuresti\/#organization"},"image":{"@id":"https:\/\/buletin.de\/bucuresti\/traseele-autobuzelor-vor-fi-modificate-pe-parcursul-desfasurarii-evenimentului-spotlight-festival\/#primaryimage"},"thumbnailUrl":"https:\/\/buletin.de\/bucuresti\/wp-content\/uploads\/341341043_555910236525857_7485045527216310281_n.jpg","articleSection":["\u0218tiri"],"inLanguage":"en-GB","copyrightYear":"2023","copyrightHolder":{"@id":"https:\/\/buletin.de\/bucuresti\/#organization"}},{"@type":"WebPage","@id":"https:\/\/buletin.de\/bucuresti\/traseele-autobuzelor-vor-fi-modificate-pe-parcursul-desfasurarii-evenimentului-spotlight-festival\/","url":"https:\/\/buletin.de\/bucuresti\/traseele-autobuzelor-vor-fi-modificate-pe-parcursul-desfasurarii-evenimentului-spotlight-festival\/","name":"Traseele autobuzelor vor fi modificate pe parcursul desf\u0103\u0219ur\u0103rii evenimentului \u201eSpotlight Festival\u201d - Buletin de Bucure\u0219ti","isPartOf":{"@id":"https:\/\/buletin.de\/bucuresti\/#website"},"primaryImageOfPage":{"@id":"https:\/\/buletin.de\/bucuresti\/traseele-autobuzelor-vor-fi-modificate-pe-parcursul-desfasurarii-evenimentului-spotlight-festival\/#primaryimage"},"image":{"@id":"https:\/\/buletin.de\/bucuresti\/traseele-autobuzelor-vor-fi-modificate-pe-parcursul-desfasurarii-evenimentului-spotlight-festival\/#primaryimage"},"thumbnailUrl":"https:\/\/buletin.de\/bucuresti\/wp-content\/uploads\/341341043_555910236525857_7485045527216310281_n.jpg","datePublished":"2023-04-19T14:10:51+00:00","dateModified":"2023-04-19T14:10:52+00:00","breadcrumb":{"@id":"https:\/\/buletin.de\/bucuresti\/traseele-autobuzelor-vor-fi-modificate-pe-parcursul-desfasurarii-evenimentului-spotlight-festival\/#breadcrumb"},"inLanguage":"en-GB","potentialAction":[{"@type":"ReadAction","target":["https:\/\/buletin.de\/bucuresti\/traseele-autobuzelor-vor-fi-modificate-pe-parcursul-desfasurarii-evenimentului-spotlight-festival\/"]}]},{"@type":"ImageObject","inLanguage":"en-GB","@id":"https:\/\/buletin.de\/bucuresti\/traseele-autobuzelor-vor-fi-modificate-pe-parcursul-desfasurarii-evenimentului-spotlight-festival\/#primaryimage","url":"https:\/\/buletin.de\/bucuresti\/wp-content\/uploads\/341341043_555910236525857_7485045527216310281_n.jpg","contentUrl":"https:\/\/buletin.de\/bucuresti\/wp-content\/uploads\/341341043_555910236525857_7485045527216310281_n.jpg","width":1600,"height":884},{"@type":"BreadcrumbList","@id":"https:\/\/buletin.de\/bucuresti\/traseele-autobuzelor-vor-fi-modificate-pe-parcursul-desfasurarii-evenimentului-spotlight-festival\/#breadcrumb","itemListElement":[{"@type":"ListItem","position":1,"name":"Acas\u0103","item":"https:\/\/buletin.de\/bucuresti\/"},{"@type":"ListItem","position":2,"name":"Traseele autobuzelor vor fi modificate pe parcursul desf\u0103\u0219ur\u0103rii evenimentului \u201eSpotlight Festival\u201d"}]},{"@type":"WebSite","@id":"https:\/\/buletin.de\/bucuresti\/#website","url":"https:\/\/buletin.de\/bucuresti\/","name":"Buletin de Bucure\u0219ti","description":"\u0218tiri \u0219i investiga\u021bii esen\u021biale din capital\u0103","publisher":{"@id":"https:\/\/buletin.de\/bucuresti\/#organization"},"potentialAction":[{"@type":"SearchAction","target":{"@type":"EntryPoint","urlTemplate":"https:\/\/buletin.de\/bucuresti\/?s={search_term_string}"},"query-input":{"@type":"PropertyValueSpecification","valueRequired":true,"valueName":"search_term_string"}}],"inLanguage":"en-GB"},{"@type":"Organization","@id":"https:\/\/buletin.de\/bucuresti\/#organization","name":"Buletin de Bucure\u0219ti","url":"https:\/\/buletin.de\/bucuresti\/","logo":{"@type":"ImageObject","inLanguage":"en-GB","@id":"https:\/\/buletin.de\/bucuresti\/#\/schema\/logo\/image\/","url":"https:\/\/buletin.de\/bucuresti\/wp-content\/uploads\/logo-bdb-full-wide-vernil-transparent.png","contentUrl":"https:\/\/buletin.de\/bucuresti\/wp-content\/uploads\/logo-bdb-full-wide-vernil-transparent.png","width":1782,"height":626,"caption":"Buletin de Bucure\u0219ti"},"image":{"@id":"https:\/\/buletin.de\/bucuresti\/#\/schema\/logo\/image\/"},"sameAs":["https:\/\/www.facebook.com\/buletin.de.buc","https:\/\/www.instagram.com\/buletinde.bucuresti\/"]},{"@type":"Person","@id":"https:\/\/buletin.de\/bucuresti\/#\/schema\/person\/5d54908fa90ab7ad3b2e88152efd6845","name":"Teodora \u0218uta","image":{"@type":"ImageObject","inLanguage":"en-GB","@id":"https:\/\/secure.gravatar.com\/avatar\/0c709226af9845d97b126aa0aa80ab42778847ec3d11d741016b74a61174088d?s=96&d=monsterid&r=gf2e0c6a01d766272c6fa8af9e494be28","url":"https:\/\/secure.gravatar.com\/avatar\/0c709226af9845d97b126aa0aa80ab42778847ec3d11d741016b74a61174088d?s=96&d=monsterid&r=g","contentUrl":"https:\/\/secure.gravatar.com\/avatar\/0c709226af9845d97b126aa0aa80ab42778847ec3d11d741016b74a61174088d?s=96&d=monsterid&r=g","caption":"Teodora \u0218uta"},"url":"https:\/\/buletin.de\/bucuresti\/author\/mariasuta\/"}]}},"authors":[{"term_id":22604,"user_id":45,"is_guest":0,"slug":"mariasuta","display_name":"Teodora \u0218uta","avatar_url":"https:\/\/secure.gravatar.com\/avatar\/0c709226af9845d97b126aa0aa80ab42778847ec3d11d741016b74a61174088d?s=96&d=monsterid&r=g","0":null,"1":"","2":"","3":"","4":"","5":"","6":"","7":"","8":""}],"_links":{"self":[{"href":"https:\/\/buletin.de\/bucuresti\/wp-json\/wp\/v2\/posts\/57758","targetHints":{"allow":["GET"]}}],"collection":[{"href":"https:\/\/buletin.de\/bucuresti\/wp-json\/wp\/v2\/posts"}],"about":[{"href":"https:\/\/buletin.de\/bucuresti\/wp-json\/wp\/v2\/types\/post"}],"author":[{"embeddable":true,"href":"https:\/\/buletin.de\/bucuresti\/wp-json\/wp\/v2\/users\/45"}],"replies":[{"embeddable":true,"href":"https:\/\/buletin.de\/bucuresti\/wp-json\/wp\/v2\/comments?post=57758"}],"version-history":[{"count":1,"href":"https:\/\/buletin.de\/bucuresti\/wp-json\/wp\/v2\/posts\/57758\/revisions"}],"predecessor-version":[{"id":57760,"href":"https:\/\/buletin.de\/bucuresti\/wp-json\/wp\/v2\/posts\/57758\/revisions\/57760"}],"wp:featuredmedia":[{"embeddable":true,"href":"https:\/\/buletin.de\/bucuresti\/wp-json\/wp\/v2\/media\/57759"}],"wp:attachment":[{"href":"https:\/\/buletin.de\/bucuresti\/wp-json\/wp\/v2\/media?parent=57758"}],"wp:term":[{"taxonomy":"category","embeddable":true,"href":"https:\/\/buletin.de\/bucuresti\/wp-json\/wp\/v2\/categories?post=57758"},{"taxonomy":"post_tag","embeddable":true,"href":"https:\/\/buletin.de\/bucuresti\/wp-json\/wp\/v2\/tags?post=57758"},{"taxonomy":"author","embeddable":true,"href":"https:\/\/buletin.de\/bucuresti\/wp-json\/wp\/v2\/ppma_author?post=57758"}],"curies":[{"name":"wp","href":"https:\/\/api.w.org\/{rel}","templated":true}]}}