{"id":57743,"date":"2023-04-19T14:04:34","date_gmt":"2023-04-19T12:04:34","guid":{"rendered":"https:\/\/buletin.de\/bucuresti\/?p=57743"},"modified":"2023-04-19T14:21:28","modified_gmt":"2023-04-19T12:21:28","slug":"degajare-de-fum-la-statia-de-metrou-costin-georgian-calatorii-au-fost-evacuati","status":"publish","type":"post","link":"https:\/\/buletin.de\/bucuresti\/degajare-de-fum-la-statia-de-metrou-costin-georgian-calatorii-au-fost-evacuati\/","title":{"rendered":"Degajare de fum la sta\u021bia de metrou Costin Georgian. C\u0103l\u0103torii au fost evacua\u021bi"},"content":{"rendered":"\n<p><strong>Update: La sta\u021bia Costin Georgian a ars izola\u021bia unui conductor electric pe o lungime de 2 metri liniari<\/strong>, <strong>potrivit ISU B-IF.<\/strong><\/p>\n\n\n\n<p><strong>Degajare de fum la sta\u021bia de metrou Costin Georgian. C\u0103l\u0103torii au fost evacua\u021bi de urgen\u021b\u0103. Circula\u021bia metroului este oprit\u0103 pe ambele sensuri.<\/strong><\/p>\n\n\n\n<figure class=\"wp-block-image size-large\"><img fetchpriority=\"high\" decoding=\"async\" width=\"900\" height=\"675\" src=\"data:image\/gif;base64,R0lGODlhAQABAAAAACH5BAEKAAEALAAAAAABAAEAAAICTAEAOw==\" data-src=\"https:\/\/buletin.de\/bucuresti\/wp-content\/uploads\/WhatsApp-Image-2023-04-19-at-14.41.37-1-900x675.jpeg\" alt=\"\" class=\"wp-image-57745 lazyload\" data-sizes=\"auto\" data-srcset=\"https:\/\/buletin.de\/bucuresti\/wp-content\/uploads\/WhatsApp-Image-2023-04-19-at-14.41.37-1-900x675.jpeg 900w, https:\/\/buletin.de\/bucuresti\/wp-content\/uploads\/WhatsApp-Image-2023-04-19-at-14.41.37-1-300x225.jpeg 300w, https:\/\/buletin.de\/bucuresti\/wp-content\/uploads\/WhatsApp-Image-2023-04-19-at-14.41.37-1-768x576.jpeg 768w, https:\/\/buletin.de\/bucuresti\/wp-content\/uploads\/WhatsApp-Image-2023-04-19-at-14.41.37-1-1536x1152.jpeg 1536w, https:\/\/buletin.de\/bucuresti\/wp-content\/uploads\/WhatsApp-Image-2023-04-19-at-14.41.37-1-1060x795.jpeg 1060w, https:\/\/buletin.de\/bucuresti\/wp-content\/uploads\/WhatsApp-Image-2023-04-19-at-14.41.37-1-550x413.jpeg 550w, https:\/\/buletin.de\/bucuresti\/wp-content\/uploads\/WhatsApp-Image-2023-04-19-at-14.41.37-1-667x500.jpeg 667w, https:\/\/buletin.de\/bucuresti\/wp-content\/uploads\/WhatsApp-Image-2023-04-19-at-14.41.37-1-1920x1440.jpeg 1920w, https:\/\/buletin.de\/bucuresti\/wp-content\/uploads\/WhatsApp-Image-2023-04-19-at-14.41.37-1-1440x1080.jpeg 1440w, https:\/\/buletin.de\/bucuresti\/wp-content\/uploads\/WhatsApp-Image-2023-04-19-at-14.41.37-1-600x450.jpeg 600w, https:\/\/buletin.de\/bucuresti\/wp-content\/uploads\/WhatsApp-Image-2023-04-19-at-14.41.37-1.jpeg 2048w\" sizes=\"(max-width: 900px) 100vw, 900px\" \/><figcaption>Surs\u0103: ISU B-IF<\/figcaption><\/figure>\n\n\n\n<p>Din primele informa\u021bii, s-a produs un scurtcircuit la consola \u0219inei de contact. Pentru stingere, pompierii au ac\u021bionat cu sting\u0103toare. Incendiul a fost lichidat. Nu sunt victime.<\/p>\n\n\n\n<figure class=\"wp-block-video\"><video height=\"480\" style=\"aspect-ratio: 848 \/ 480;\" width=\"848\" controls src=\"https:\/\/buletin.de\/bucuresti\/wp-content\/uploads\/WhatsApp-Video-2023-04-19-at-14.51.25.mp4\"><\/video><\/figure>\n\n\n\n<p>Au actionat pompierii Deta\u0219amentului Morarilor, Deta\u0219amentul Special de Salvatori, SMURD.<\/p>\n\n\n\n<figure class=\"wp-block-image size-large is-resized\"><img decoding=\"async\" src=\"data:image\/gif;base64,R0lGODlhAQABAAAAACH5BAEKAAEALAAAAAABAAEAAAICTAEAOw==\" data-src=\"https:\/\/buletin.de\/bucuresti\/wp-content\/uploads\/342003905_247247760994937_6396737808286448915_n-506x900.jpg\" alt=\"\" class=\"wp-image-57746 lazyload\" width=\"530\" height=\"943\" data-sizes=\"auto\" data-srcset=\"https:\/\/buletin.de\/bucuresti\/wp-content\/uploads\/342003905_247247760994937_6396737808286448915_n-506x900.jpg 506w, https:\/\/buletin.de\/bucuresti\/wp-content\/uploads\/342003905_247247760994937_6396737808286448915_n-169x300.jpg 169w, https:\/\/buletin.de\/bucuresti\/wp-content\/uploads\/342003905_247247760994937_6396737808286448915_n-768x1365.jpg 768w, https:\/\/buletin.de\/bucuresti\/wp-content\/uploads\/342003905_247247760994937_6396737808286448915_n-864x1536.jpg 864w, https:\/\/buletin.de\/bucuresti\/wp-content\/uploads\/342003905_247247760994937_6396737808286448915_n-1060x1884.jpg 1060w, https:\/\/buletin.de\/bucuresti\/wp-content\/uploads\/342003905_247247760994937_6396737808286448915_n-550x978.jpg 550w, https:\/\/buletin.de\/bucuresti\/wp-content\/uploads\/342003905_247247760994937_6396737808286448915_n-281x500.jpg 281w, https:\/\/buletin.de\/bucuresti\/wp-content\/uploads\/342003905_247247760994937_6396737808286448915_n-600x1067.jpg 600w, https:\/\/buletin.de\/bucuresti\/wp-content\/uploads\/342003905_247247760994937_6396737808286448915_n.jpg 1080w\" sizes=\"(max-width: 530px) 100vw, 530px\" \/><figcaption>Surs\u0103 foto: Info Trafic Bucure\u0219ti \u0219i Ilfov<\/figcaption><\/figure>\n\n\n\n<p>Traficul rutier \u00een zon\u0103 este \u00eengreunat.<\/p>\n\n\n\n<figure class=\"wp-block-image size-large\"><img decoding=\"async\" width=\"506\" height=\"900\" src=\"data:image\/gif;base64,R0lGODlhAQABAAAAACH5BAEKAAEALAAAAAABAAEAAAICTAEAOw==\" data-src=\"https:\/\/buletin.de\/bucuresti\/wp-content\/uploads\/WhatsApp-Image-2023-04-19-at-15.14.38-506x900.jpeg\" alt=\"\" class=\"wp-image-57754 lazyload\" data-sizes=\"auto\" data-srcset=\"https:\/\/buletin.de\/bucuresti\/wp-content\/uploads\/WhatsApp-Image-2023-04-19-at-15.14.38-506x900.jpeg 506w, https:\/\/buletin.de\/bucuresti\/wp-content\/uploads\/WhatsApp-Image-2023-04-19-at-15.14.38-169x300.jpeg 169w, https:\/\/buletin.de\/bucuresti\/wp-content\/uploads\/WhatsApp-Image-2023-04-19-at-15.14.38-768x1365.jpeg 768w, https:\/\/buletin.de\/bucuresti\/wp-content\/uploads\/WhatsApp-Image-2023-04-19-at-15.14.38-864x1536.jpeg 864w, https:\/\/buletin.de\/bucuresti\/wp-content\/uploads\/WhatsApp-Image-2023-04-19-at-15.14.38-1060x1884.jpeg 1060w, https:\/\/buletin.de\/bucuresti\/wp-content\/uploads\/WhatsApp-Image-2023-04-19-at-15.14.38-550x978.jpeg 550w, https:\/\/buletin.de\/bucuresti\/wp-content\/uploads\/WhatsApp-Image-2023-04-19-at-15.14.38-281x500.jpeg 281w, https:\/\/buletin.de\/bucuresti\/wp-content\/uploads\/WhatsApp-Image-2023-04-19-at-15.14.38-608x1080.jpeg 608w, https:\/\/buletin.de\/bucuresti\/wp-content\/uploads\/WhatsApp-Image-2023-04-19-at-15.14.38-600x1067.jpeg 600w, https:\/\/buletin.de\/bucuresti\/wp-content\/uploads\/WhatsApp-Image-2023-04-19-at-15.14.38.jpeg 1152w\" sizes=\"(max-width: 506px) 100vw, 506px\" \/><\/figure>\n\n\n\n<figure class=\"wp-block-image size-large\"><img loading=\"lazy\" decoding=\"async\" width=\"506\" height=\"900\" src=\"data:image\/gif;base64,R0lGODlhAQABAAAAACH5BAEKAAEALAAAAAABAAEAAAICTAEAOw==\" data-src=\"https:\/\/buletin.de\/bucuresti\/wp-content\/uploads\/WhatsApp-Image-2023-04-19-at-15.14.40-506x900.jpeg\" alt=\"\" class=\"wp-image-57755 lazyload\" data-sizes=\"auto\" data-srcset=\"https:\/\/buletin.de\/bucuresti\/wp-content\/uploads\/WhatsApp-Image-2023-04-19-at-15.14.40-506x900.jpeg 506w, https:\/\/buletin.de\/bucuresti\/wp-content\/uploads\/WhatsApp-Image-2023-04-19-at-15.14.40-169x300.jpeg 169w, https:\/\/buletin.de\/bucuresti\/wp-content\/uploads\/WhatsApp-Image-2023-04-19-at-15.14.40-768x1365.jpeg 768w, https:\/\/buletin.de\/bucuresti\/wp-content\/uploads\/WhatsApp-Image-2023-04-19-at-15.14.40-864x1536.jpeg 864w, https:\/\/buletin.de\/bucuresti\/wp-content\/uploads\/WhatsApp-Image-2023-04-19-at-15.14.40-1060x1884.jpeg 1060w, https:\/\/buletin.de\/bucuresti\/wp-content\/uploads\/WhatsApp-Image-2023-04-19-at-15.14.40-550x978.jpeg 550w, https:\/\/buletin.de\/bucuresti\/wp-content\/uploads\/WhatsApp-Image-2023-04-19-at-15.14.40-281x500.jpeg 281w, https:\/\/buletin.de\/bucuresti\/wp-content\/uploads\/WhatsApp-Image-2023-04-19-at-15.14.40-608x1080.jpeg 608w, https:\/\/buletin.de\/bucuresti\/wp-content\/uploads\/WhatsApp-Image-2023-04-19-at-15.14.40-600x1067.jpeg 600w, https:\/\/buletin.de\/bucuresti\/wp-content\/uploads\/WhatsApp-Image-2023-04-19-at-15.14.40.jpeg 1152w\" sizes=\"(max-width: 506px) 100vw, 506px\" \/><\/figure>\n","protected":false},"excerpt":{"rendered":"<p>Update: La sta\u021bia Costin Georgian a ars izola\u021bia unui conductor electric pe o lungime de 2 metri liniari, potrivit ISU B-IF. Degajare de fum la sta\u021bia de metrou Costin Georgian. C\u0103l\u0103torii au fost evacua\u021bi de urgen\u021b\u0103. Circula\u021bia metroului este oprit\u0103 pe ambele sensuri. Din primele informa\u021bii, s-a produs un scurtcircuit la consola \u0219inei de contact. [&hellip;]<\/p>\n","protected":false},"author":46,"featured_media":57744,"comment_status":"closed","ping_status":"open","sticky":false,"template":"","format":"standard","meta":{"_acf_changed":false,"inline_featured_image":false,"ngg_post_thumbnail":0,"footnotes":""},"categories":[62],"tags":[],"ppma_author":[22605],"class_list":["post-57743","post","type-post","status-publish","format-standard","has-post-thumbnail","hentry","category-stiri"],"acf":[],"yoast_head":"<!-- This site is optimized with the Yoast SEO Premium plugin v25.3 (Yoast SEO v27.5) - https:\/\/yoast.com\/product\/yoast-seo-premium-wordpress\/ -->\n<title>Degajare de fum la sta\u021bia de metrou Costin Georgian. C\u0103l\u0103torii au fost evacua\u021bi - Buletin de Bucure\u0219ti<\/title>\n<meta name=\"robots\" content=\"index, follow, max-snippet:-1, max-image-preview:large, max-video-preview:-1\" \/>\n<link rel=\"canonical\" href=\"https:\/\/buletin.de\/bucuresti\/degajare-de-fum-la-statia-de-metrou-costin-georgian-calatorii-au-fost-evacuati\/\" \/>\n<meta property=\"og:locale\" content=\"en_GB\" \/>\n<meta property=\"og:type\" content=\"article\" \/>\n<meta property=\"og:title\" content=\"Degajare de fum la sta\u021bia de metrou Costin Georgian. C\u0103l\u0103torii au fost evacua\u021bi\" \/>\n<meta property=\"og:description\" content=\"Update: La sta\u021bia Costin Georgian a ars izola\u021bia unui conductor electric pe o lungime de 2 metri liniari, potrivit ISU B-IF. Degajare de fum la sta\u021bia de metrou Costin Georgian. C\u0103l\u0103torii au fost evacua\u021bi de urgen\u021b\u0103. Circula\u021bia metroului este oprit\u0103 pe ambele sensuri. Din primele informa\u021bii, s-a produs un scurtcircuit la consola \u0219inei de contact. [&hellip;]\" \/>\n<meta property=\"og:url\" content=\"https:\/\/buletin.de\/bucuresti\/degajare-de-fum-la-statia-de-metrou-costin-georgian-calatorii-au-fost-evacuati\/\" \/>\n<meta property=\"og:site_name\" content=\"Buletin de Bucure\u0219ti\" \/>\n<meta property=\"article:publisher\" content=\"https:\/\/www.facebook.com\/buletin.de.buc\" \/>\n<meta property=\"article:published_time\" content=\"2023-04-19T12:04:34+00:00\" \/>\n<meta property=\"article:modified_time\" content=\"2023-04-19T12:21:28+00:00\" \/>\n<meta property=\"og:image\" content=\"https:\/\/buletin.de\/bucuresti\/wp-content\/uploads\/WhatsApp-Image-2023-04-19-at-14.41.37.jpeg\" \/>\n\t<meta property=\"og:image:width\" content=\"2048\" \/>\n\t<meta property=\"og:image:height\" content=\"1536\" \/>\n\t<meta property=\"og:image:type\" content=\"image\/jpeg\" \/>\n<meta name=\"author\" content=\"Andreea Gelatu\" \/>\n<meta name=\"twitter:card\" content=\"summary_large_image\" \/>\n<meta name=\"twitter:label1\" content=\"Written by\" \/>\n\t<meta name=\"twitter:data1\" content=\"Andreea Gelatu\" \/>\n\t<meta name=\"twitter:label2\" content=\"Estimated reading time\" \/>\n\t<meta name=\"twitter:data2\" content=\"2 minutes\" \/>\n<script type=\"application\/ld+json\" class=\"yoast-schema-graph\">{\"@context\":\"https:\\\/\\\/schema.org\",\"@graph\":[{\"@type\":\"Article\",\"@id\":\"https:\\\/\\\/buletin.de\\\/bucuresti\\\/degajare-de-fum-la-statia-de-metrou-costin-georgian-calatorii-au-fost-evacuati\\\/#article\",\"isPartOf\":{\"@id\":\"https:\\\/\\\/buletin.de\\\/bucuresti\\\/degajare-de-fum-la-statia-de-metrou-costin-georgian-calatorii-au-fost-evacuati\\\/\"},\"author\":{\"name\":\"Andreea Gelatu\",\"@id\":\"https:\\\/\\\/buletin.de\\\/bucuresti\\\/#\\\/schema\\\/person\\\/87734700b2c7f8608881f7e93b8834de\"},\"headline\":\"Degajare de fum la sta\u021bia de metrou Costin Georgian. C\u0103l\u0103torii au fost evacua\u021bi\",\"datePublished\":\"2023-04-19T12:04:34+00:00\",\"dateModified\":\"2023-04-19T12:21:28+00:00\",\"mainEntityOfPage\":{\"@id\":\"https:\\\/\\\/buletin.de\\\/bucuresti\\\/degajare-de-fum-la-statia-de-metrou-costin-georgian-calatorii-au-fost-evacuati\\\/\"},\"wordCount\":124,\"publisher\":{\"@id\":\"https:\\\/\\\/buletin.de\\\/bucuresti\\\/#organization\"},\"image\":{\"@id\":\"https:\\\/\\\/buletin.de\\\/bucuresti\\\/degajare-de-fum-la-statia-de-metrou-costin-georgian-calatorii-au-fost-evacuati\\\/#primaryimage\"},\"thumbnailUrl\":\"https:\\\/\\\/buletin.de\\\/bucuresti\\\/wp-content\\\/uploads\\\/WhatsApp-Image-2023-04-19-at-14.41.37.jpeg\",\"articleSection\":[\"\u0218tiri\"],\"inLanguage\":\"en-GB\",\"copyrightYear\":\"2023\",\"copyrightHolder\":{\"@id\":\"https:\\\/\\\/buletin.de\\\/bucuresti\\\/#organization\"}},{\"@type\":\"WebPage\",\"@id\":\"https:\\\/\\\/buletin.de\\\/bucuresti\\\/degajare-de-fum-la-statia-de-metrou-costin-georgian-calatorii-au-fost-evacuati\\\/\",\"url\":\"https:\\\/\\\/buletin.de\\\/bucuresti\\\/degajare-de-fum-la-statia-de-metrou-costin-georgian-calatorii-au-fost-evacuati\\\/\",\"name\":\"Degajare de fum la sta\u021bia de metrou Costin Georgian. C\u0103l\u0103torii au fost evacua\u021bi - Buletin de Bucure\u0219ti\",\"isPartOf\":{\"@id\":\"https:\\\/\\\/buletin.de\\\/bucuresti\\\/#website\"},\"primaryImageOfPage\":{\"@id\":\"https:\\\/\\\/buletin.de\\\/bucuresti\\\/degajare-de-fum-la-statia-de-metrou-costin-georgian-calatorii-au-fost-evacuati\\\/#primaryimage\"},\"image\":{\"@id\":\"https:\\\/\\\/buletin.de\\\/bucuresti\\\/degajare-de-fum-la-statia-de-metrou-costin-georgian-calatorii-au-fost-evacuati\\\/#primaryimage\"},\"thumbnailUrl\":\"https:\\\/\\\/buletin.de\\\/bucuresti\\\/wp-content\\\/uploads\\\/WhatsApp-Image-2023-04-19-at-14.41.37.jpeg\",\"datePublished\":\"2023-04-19T12:04:34+00:00\",\"dateModified\":\"2023-04-19T12:21:28+00:00\",\"breadcrumb\":{\"@id\":\"https:\\\/\\\/buletin.de\\\/bucuresti\\\/degajare-de-fum-la-statia-de-metrou-costin-georgian-calatorii-au-fost-evacuati\\\/#breadcrumb\"},\"inLanguage\":\"en-GB\",\"potentialAction\":[{\"@type\":\"ReadAction\",\"target\":[\"https:\\\/\\\/buletin.de\\\/bucuresti\\\/degajare-de-fum-la-statia-de-metrou-costin-georgian-calatorii-au-fost-evacuati\\\/\"]}]},{\"@type\":\"ImageObject\",\"inLanguage\":\"en-GB\",\"@id\":\"https:\\\/\\\/buletin.de\\\/bucuresti\\\/degajare-de-fum-la-statia-de-metrou-costin-georgian-calatorii-au-fost-evacuati\\\/#primaryimage\",\"url\":\"https:\\\/\\\/buletin.de\\\/bucuresti\\\/wp-content\\\/uploads\\\/WhatsApp-Image-2023-04-19-at-14.41.37.jpeg\",\"contentUrl\":\"https:\\\/\\\/buletin.de\\\/bucuresti\\\/wp-content\\\/uploads\\\/WhatsApp-Image-2023-04-19-at-14.41.37.jpeg\",\"width\":2048,\"height\":1536},{\"@type\":\"BreadcrumbList\",\"@id\":\"https:\\\/\\\/buletin.de\\\/bucuresti\\\/degajare-de-fum-la-statia-de-metrou-costin-georgian-calatorii-au-fost-evacuati\\\/#breadcrumb\",\"itemListElement\":[{\"@type\":\"ListItem\",\"position\":1,\"name\":\"Acas\u0103\",\"item\":\"https:\\\/\\\/buletin.de\\\/bucuresti\\\/\"},{\"@type\":\"ListItem\",\"position\":2,\"name\":\"Degajare de fum la sta\u021bia de metrou Costin Georgian. C\u0103l\u0103torii au fost evacua\u021bi\"}]},{\"@type\":\"WebSite\",\"@id\":\"https:\\\/\\\/buletin.de\\\/bucuresti\\\/#website\",\"url\":\"https:\\\/\\\/buletin.de\\\/bucuresti\\\/\",\"name\":\"Buletin de Bucure\u0219ti\",\"description\":\"\u0218tiri \u0219i investiga\u021bii esen\u021biale din capital\u0103\",\"publisher\":{\"@id\":\"https:\\\/\\\/buletin.de\\\/bucuresti\\\/#organization\"},\"potentialAction\":[{\"@type\":\"SearchAction\",\"target\":{\"@type\":\"EntryPoint\",\"urlTemplate\":\"https:\\\/\\\/buletin.de\\\/bucuresti\\\/?s={search_term_string}\"},\"query-input\":{\"@type\":\"PropertyValueSpecification\",\"valueRequired\":true,\"valueName\":\"search_term_string\"}}],\"inLanguage\":\"en-GB\"},{\"@type\":\"Organization\",\"@id\":\"https:\\\/\\\/buletin.de\\\/bucuresti\\\/#organization\",\"name\":\"Buletin de Bucure\u0219ti\",\"url\":\"https:\\\/\\\/buletin.de\\\/bucuresti\\\/\",\"logo\":{\"@type\":\"ImageObject\",\"inLanguage\":\"en-GB\",\"@id\":\"https:\\\/\\\/buletin.de\\\/bucuresti\\\/#\\\/schema\\\/logo\\\/image\\\/\",\"url\":\"https:\\\/\\\/buletin.de\\\/bucuresti\\\/wp-content\\\/uploads\\\/logo-bdb-full-wide-vernil-transparent.png\",\"contentUrl\":\"https:\\\/\\\/buletin.de\\\/bucuresti\\\/wp-content\\\/uploads\\\/logo-bdb-full-wide-vernil-transparent.png\",\"width\":1782,\"height\":626,\"caption\":\"Buletin de Bucure\u0219ti\"},\"image\":{\"@id\":\"https:\\\/\\\/buletin.de\\\/bucuresti\\\/#\\\/schema\\\/logo\\\/image\\\/\"},\"sameAs\":[\"https:\\\/\\\/www.facebook.com\\\/buletin.de.buc\",\"https:\\\/\\\/www.instagram.com\\\/buletinde.bucuresti\\\/\"]},{\"@type\":\"Person\",\"@id\":\"https:\\\/\\\/buletin.de\\\/bucuresti\\\/#\\\/schema\\\/person\\\/87734700b2c7f8608881f7e93b8834de\",\"name\":\"Andreea Gelatu\",\"image\":{\"@type\":\"ImageObject\",\"inLanguage\":\"en-GB\",\"@id\":\"https:\\\/\\\/secure.gravatar.com\\\/avatar\\\/b716eca2f984b9b65bdd87118b4b909d940b619cbe6e8cb725fe11c1b1f4194f?s=96&d=monsterid&r=g9b5eff4996c6b842a29b3057a7b4746f\",\"url\":\"https:\\\/\\\/secure.gravatar.com\\\/avatar\\\/b716eca2f984b9b65bdd87118b4b909d940b619cbe6e8cb725fe11c1b1f4194f?s=96&d=monsterid&r=g\",\"contentUrl\":\"https:\\\/\\\/secure.gravatar.com\\\/avatar\\\/b716eca2f984b9b65bdd87118b4b909d940b619cbe6e8cb725fe11c1b1f4194f?s=96&d=monsterid&r=g\",\"caption\":\"Andreea Gelatu\"},\"url\":\"https:\\\/\\\/buletin.de\\\/bucuresti\\\/author\\\/andreeagelatu\\\/\"}]}<\/script>\n<!-- \/ Yoast SEO Premium plugin. -->","yoast_head_json":{"title":"Degajare de fum la sta\u021bia de metrou Costin Georgian. C\u0103l\u0103torii au fost evacua\u021bi - Buletin de Bucure\u0219ti","robots":{"index":"index","follow":"follow","max-snippet":"max-snippet:-1","max-image-preview":"max-image-preview:large","max-video-preview":"max-video-preview:-1"},"canonical":"https:\/\/buletin.de\/bucuresti\/degajare-de-fum-la-statia-de-metrou-costin-georgian-calatorii-au-fost-evacuati\/","og_locale":"en_GB","og_type":"article","og_title":"Degajare de fum la sta\u021bia de metrou Costin Georgian. C\u0103l\u0103torii au fost evacua\u021bi","og_description":"Update: La sta\u021bia Costin Georgian a ars izola\u021bia unui conductor electric pe o lungime de 2 metri liniari, potrivit ISU B-IF. Degajare de fum la sta\u021bia de metrou Costin Georgian. C\u0103l\u0103torii au fost evacua\u021bi de urgen\u021b\u0103. Circula\u021bia metroului este oprit\u0103 pe ambele sensuri. Din primele informa\u021bii, s-a produs un scurtcircuit la consola \u0219inei de contact. [&hellip;]","og_url":"https:\/\/buletin.de\/bucuresti\/degajare-de-fum-la-statia-de-metrou-costin-georgian-calatorii-au-fost-evacuati\/","og_site_name":"Buletin de Bucure\u0219ti","article_publisher":"https:\/\/www.facebook.com\/buletin.de.buc","article_published_time":"2023-04-19T12:04:34+00:00","article_modified_time":"2023-04-19T12:21:28+00:00","og_image":[{"width":2048,"height":1536,"url":"https:\/\/buletin.de\/bucuresti\/wp-content\/uploads\/WhatsApp-Image-2023-04-19-at-14.41.37.jpeg","type":"image\/jpeg"}],"author":"Andreea Gelatu","twitter_card":"summary_large_image","twitter_misc":{"Written by":"Andreea Gelatu","Estimated reading time":"2 minutes"},"schema":{"@context":"https:\/\/schema.org","@graph":[{"@type":"Article","@id":"https:\/\/buletin.de\/bucuresti\/degajare-de-fum-la-statia-de-metrou-costin-georgian-calatorii-au-fost-evacuati\/#article","isPartOf":{"@id":"https:\/\/buletin.de\/bucuresti\/degajare-de-fum-la-statia-de-metrou-costin-georgian-calatorii-au-fost-evacuati\/"},"author":{"name":"Andreea Gelatu","@id":"https:\/\/buletin.de\/bucuresti\/#\/schema\/person\/87734700b2c7f8608881f7e93b8834de"},"headline":"Degajare de fum la sta\u021bia de metrou Costin Georgian. C\u0103l\u0103torii au fost evacua\u021bi","datePublished":"2023-04-19T12:04:34+00:00","dateModified":"2023-04-19T12:21:28+00:00","mainEntityOfPage":{"@id":"https:\/\/buletin.de\/bucuresti\/degajare-de-fum-la-statia-de-metrou-costin-georgian-calatorii-au-fost-evacuati\/"},"wordCount":124,"publisher":{"@id":"https:\/\/buletin.de\/bucuresti\/#organization"},"image":{"@id":"https:\/\/buletin.de\/bucuresti\/degajare-de-fum-la-statia-de-metrou-costin-georgian-calatorii-au-fost-evacuati\/#primaryimage"},"thumbnailUrl":"https:\/\/buletin.de\/bucuresti\/wp-content\/uploads\/WhatsApp-Image-2023-04-19-at-14.41.37.jpeg","articleSection":["\u0218tiri"],"inLanguage":"en-GB","copyrightYear":"2023","copyrightHolder":{"@id":"https:\/\/buletin.de\/bucuresti\/#organization"}},{"@type":"WebPage","@id":"https:\/\/buletin.de\/bucuresti\/degajare-de-fum-la-statia-de-metrou-costin-georgian-calatorii-au-fost-evacuati\/","url":"https:\/\/buletin.de\/bucuresti\/degajare-de-fum-la-statia-de-metrou-costin-georgian-calatorii-au-fost-evacuati\/","name":"Degajare de fum la sta\u021bia de metrou Costin Georgian. C\u0103l\u0103torii au fost evacua\u021bi - Buletin de Bucure\u0219ti","isPartOf":{"@id":"https:\/\/buletin.de\/bucuresti\/#website"},"primaryImageOfPage":{"@id":"https:\/\/buletin.de\/bucuresti\/degajare-de-fum-la-statia-de-metrou-costin-georgian-calatorii-au-fost-evacuati\/#primaryimage"},"image":{"@id":"https:\/\/buletin.de\/bucuresti\/degajare-de-fum-la-statia-de-metrou-costin-georgian-calatorii-au-fost-evacuati\/#primaryimage"},"thumbnailUrl":"https:\/\/buletin.de\/bucuresti\/wp-content\/uploads\/WhatsApp-Image-2023-04-19-at-14.41.37.jpeg","datePublished":"2023-04-19T12:04:34+00:00","dateModified":"2023-04-19T12:21:28+00:00","breadcrumb":{"@id":"https:\/\/buletin.de\/bucuresti\/degajare-de-fum-la-statia-de-metrou-costin-georgian-calatorii-au-fost-evacuati\/#breadcrumb"},"inLanguage":"en-GB","potentialAction":[{"@type":"ReadAction","target":["https:\/\/buletin.de\/bucuresti\/degajare-de-fum-la-statia-de-metrou-costin-georgian-calatorii-au-fost-evacuati\/"]}]},{"@type":"ImageObject","inLanguage":"en-GB","@id":"https:\/\/buletin.de\/bucuresti\/degajare-de-fum-la-statia-de-metrou-costin-georgian-calatorii-au-fost-evacuati\/#primaryimage","url":"https:\/\/buletin.de\/bucuresti\/wp-content\/uploads\/WhatsApp-Image-2023-04-19-at-14.41.37.jpeg","contentUrl":"https:\/\/buletin.de\/bucuresti\/wp-content\/uploads\/WhatsApp-Image-2023-04-19-at-14.41.37.jpeg","width":2048,"height":1536},{"@type":"BreadcrumbList","@id":"https:\/\/buletin.de\/bucuresti\/degajare-de-fum-la-statia-de-metrou-costin-georgian-calatorii-au-fost-evacuati\/#breadcrumb","itemListElement":[{"@type":"ListItem","position":1,"name":"Acas\u0103","item":"https:\/\/buletin.de\/bucuresti\/"},{"@type":"ListItem","position":2,"name":"Degajare de fum la sta\u021bia de metrou Costin Georgian. C\u0103l\u0103torii au fost evacua\u021bi"}]},{"@type":"WebSite","@id":"https:\/\/buletin.de\/bucuresti\/#website","url":"https:\/\/buletin.de\/bucuresti\/","name":"Buletin de Bucure\u0219ti","description":"\u0218tiri \u0219i investiga\u021bii esen\u021biale din capital\u0103","publisher":{"@id":"https:\/\/buletin.de\/bucuresti\/#organization"},"potentialAction":[{"@type":"SearchAction","target":{"@type":"EntryPoint","urlTemplate":"https:\/\/buletin.de\/bucuresti\/?s={search_term_string}"},"query-input":{"@type":"PropertyValueSpecification","valueRequired":true,"valueName":"search_term_string"}}],"inLanguage":"en-GB"},{"@type":"Organization","@id":"https:\/\/buletin.de\/bucuresti\/#organization","name":"Buletin de Bucure\u0219ti","url":"https:\/\/buletin.de\/bucuresti\/","logo":{"@type":"ImageObject","inLanguage":"en-GB","@id":"https:\/\/buletin.de\/bucuresti\/#\/schema\/logo\/image\/","url":"https:\/\/buletin.de\/bucuresti\/wp-content\/uploads\/logo-bdb-full-wide-vernil-transparent.png","contentUrl":"https:\/\/buletin.de\/bucuresti\/wp-content\/uploads\/logo-bdb-full-wide-vernil-transparent.png","width":1782,"height":626,"caption":"Buletin de Bucure\u0219ti"},"image":{"@id":"https:\/\/buletin.de\/bucuresti\/#\/schema\/logo\/image\/"},"sameAs":["https:\/\/www.facebook.com\/buletin.de.buc","https:\/\/www.instagram.com\/buletinde.bucuresti\/"]},{"@type":"Person","@id":"https:\/\/buletin.de\/bucuresti\/#\/schema\/person\/87734700b2c7f8608881f7e93b8834de","name":"Andreea Gelatu","image":{"@type":"ImageObject","inLanguage":"en-GB","@id":"https:\/\/secure.gravatar.com\/avatar\/b716eca2f984b9b65bdd87118b4b909d940b619cbe6e8cb725fe11c1b1f4194f?s=96&d=monsterid&r=g9b5eff4996c6b842a29b3057a7b4746f","url":"https:\/\/secure.gravatar.com\/avatar\/b716eca2f984b9b65bdd87118b4b909d940b619cbe6e8cb725fe11c1b1f4194f?s=96&d=monsterid&r=g","contentUrl":"https:\/\/secure.gravatar.com\/avatar\/b716eca2f984b9b65bdd87118b4b909d940b619cbe6e8cb725fe11c1b1f4194f?s=96&d=monsterid&r=g","caption":"Andreea Gelatu"},"url":"https:\/\/buletin.de\/bucuresti\/author\/andreeagelatu\/"}]}},"authors":[{"term_id":22605,"user_id":46,"is_guest":0,"slug":"andreeagelatu","display_name":"Andreea Gelatu","avatar_url":"https:\/\/secure.gravatar.com\/avatar\/b716eca2f984b9b65bdd87118b4b909d940b619cbe6e8cb725fe11c1b1f4194f?s=96&d=monsterid&r=g","0":null,"1":"","2":"","3":"","4":"","5":"","6":"","7":"","8":""}],"_links":{"self":[{"href":"https:\/\/buletin.de\/bucuresti\/wp-json\/wp\/v2\/posts\/57743","targetHints":{"allow":["GET"]}}],"collection":[{"href":"https:\/\/buletin.de\/bucuresti\/wp-json\/wp\/v2\/posts"}],"about":[{"href":"https:\/\/buletin.de\/bucuresti\/wp-json\/wp\/v2\/types\/post"}],"author":[{"embeddable":true,"href":"https:\/\/buletin.de\/bucuresti\/wp-json\/wp\/v2\/users\/46"}],"replies":[{"embeddable":true,"href":"https:\/\/buletin.de\/bucuresti\/wp-json\/wp\/v2\/comments?post=57743"}],"version-history":[{"count":7,"href":"https:\/\/buletin.de\/bucuresti\/wp-json\/wp\/v2\/posts\/57743\/revisions"}],"predecessor-version":[{"id":57757,"href":"https:\/\/buletin.de\/bucuresti\/wp-json\/wp\/v2\/posts\/57743\/revisions\/57757"}],"wp:featuredmedia":[{"embeddable":true,"href":"https:\/\/buletin.de\/bucuresti\/wp-json\/wp\/v2\/media\/57744"}],"wp:attachment":[{"href":"https:\/\/buletin.de\/bucuresti\/wp-json\/wp\/v2\/media?parent=57743"}],"wp:term":[{"taxonomy":"category","embeddable":true,"href":"https:\/\/buletin.de\/bucuresti\/wp-json\/wp\/v2\/categories?post=57743"},{"taxonomy":"post_tag","embeddable":true,"href":"https:\/\/buletin.de\/bucuresti\/wp-json\/wp\/v2\/tags?post=57743"},{"taxonomy":"author","embeddable":true,"href":"https:\/\/buletin.de\/bucuresti\/wp-json\/wp\/v2\/ppma_author?post=57743"}],"curies":[{"name":"wp","href":"https:\/\/api.w.org\/{rel}","templated":true}]}}