{"id":57738,"date":"2023-04-19T11:29:41","date_gmt":"2023-04-19T09:29:41","guid":{"rendered":"https:\/\/buletin.de\/bucuresti\/?p=57738"},"modified":"2023-04-19T11:29:41","modified_gmt":"2023-04-19T09:29:41","slug":"jurnalista-iulia-marin-a-murit-pe-30-aprilie-ar-fi-implinit-33-de-ani","status":"publish","type":"post","link":"https:\/\/buletin.de\/bucuresti\/jurnalista-iulia-marin-a-murit-pe-30-aprilie-ar-fi-implinit-33-de-ani\/","title":{"rendered":"Jurnalista Iulia Marin a murit. Pe 30 aprilie ar fi \u00eemplinit 33 de ani"},"content":{"rendered":"\n<p><strong>Jurnalista Iulia Marin, \u00een v\u00e2rst\u0103 de 32 de ani, a fost g\u0103sit\u0103 f\u0103r\u0103 suflare \u00een locuin\u021ba sa din Cartierul Militari. Pe 30 aprilie, t\u00e2n\u0103ra ar fi \u00eemplinit 33 de ani.<\/strong><\/p>\n\n\n\n<figure class=\"wp-block-image size-large\"><img fetchpriority=\"high\" decoding=\"async\" width=\"900\" height=\"900\" src=\"data:image\/gif;base64,R0lGODlhAQABAAAAACH5BAEKAAEALAAAAAABAAEAAAICTAEAOw==\" data-src=\"https:\/\/buletin.de\/bucuresti\/wp-content\/uploads\/332151419_153402650935198_1191373758068055766_n-900x900.jpg\" alt=\"\" class=\"wp-image-57739 lazyload\" data-sizes=\"auto\" data-srcset=\"https:\/\/buletin.de\/bucuresti\/wp-content\/uploads\/332151419_153402650935198_1191373758068055766_n-900x900.jpg 900w, https:\/\/buletin.de\/bucuresti\/wp-content\/uploads\/332151419_153402650935198_1191373758068055766_n-300x300.jpg 300w, https:\/\/buletin.de\/bucuresti\/wp-content\/uploads\/332151419_153402650935198_1191373758068055766_n-150x150.jpg 150w, https:\/\/buletin.de\/bucuresti\/wp-content\/uploads\/332151419_153402650935198_1191373758068055766_n-768x768.jpg 768w, https:\/\/buletin.de\/bucuresti\/wp-content\/uploads\/332151419_153402650935198_1191373758068055766_n-1536x1536.jpg 1536w, https:\/\/buletin.de\/bucuresti\/wp-content\/uploads\/332151419_153402650935198_1191373758068055766_n-1060x1060.jpg 1060w, https:\/\/buletin.de\/bucuresti\/wp-content\/uploads\/332151419_153402650935198_1191373758068055766_n-550x550.jpg 550w, https:\/\/buletin.de\/bucuresti\/wp-content\/uploads\/332151419_153402650935198_1191373758068055766_n-500x500.jpg 500w, https:\/\/buletin.de\/bucuresti\/wp-content\/uploads\/332151419_153402650935198_1191373758068055766_n-1080x1080.jpg 1080w, https:\/\/buletin.de\/bucuresti\/wp-content\/uploads\/332151419_153402650935198_1191373758068055766_n-45x45.jpg 45w, https:\/\/buletin.de\/bucuresti\/wp-content\/uploads\/332151419_153402650935198_1191373758068055766_n-250x250.jpg 250w, https:\/\/buletin.de\/bucuresti\/wp-content\/uploads\/332151419_153402650935198_1191373758068055766_n-600x600.jpg 600w, https:\/\/buletin.de\/bucuresti\/wp-content\/uploads\/332151419_153402650935198_1191373758068055766_n-100x100.jpg 100w, https:\/\/buletin.de\/bucuresti\/wp-content\/uploads\/332151419_153402650935198_1191373758068055766_n.jpg 1900w\" sizes=\"(max-width: 900px) 100vw, 900px\" \/><\/figure>\n\n\n\n<p>Vestea tragic\u0103 a dispari\u021biei tinerei jurnaliste a fost anun\u021bat\u0103 de colegii ei de la <a href=\"https:\/\/www.libertatea.ro\/stiri\/colega-noastra-iulia-marin-a-murit-la-32-de-ani-4518029\">Libertatea<\/a>.<\/p>\n\n\n\n<p>\u201eMar\u021bi, 18 aprilie, poli\u021bi\u0219tii Sec\u021biei 21 din Capital\u0103 \u0219i proprietara apartamentului \u00een care locuia au g\u0103sit-o pe colega noastr\u0103 f\u0103r\u0103 suflare. Ea locuia singur\u0103 \u00een zona Uverturii din cartierul Militari. Cauzele decesului vor fi stabilite de medicii de la Institutul Na\u021bional de Medicin\u0103 Legal\u0103 (INML) \u00een urm\u0103toarele zile.\u201d<\/p>\n\n\n\n<p>Jurnalist\u0103 de politic\u0103 \u0219i investiga\u021bie, cu o experien\u021b\u0103 de 11 ani, Iulia Marin a lucrat la Adev\u0103rul, PressOne, Recorder, G\u00e2ndul \u0219i, \u00een ultimii 3 ani, la Libertatea.<\/p>\n\n\n\n<p>Iulia scria deschis despre depresie pe pagina sa de Facebook. <\/p>\n\n\n<p><iframe src=\"https:\/\/www.facebook.com\/plugins\/post.php?href=https%3A%2F%2Fwww.facebook.com%2Fiulia.marin2%2Fposts%2Fpfbid02sLRxCbCv1SJGT5V1uNFLrpQqFpYPSe3s1myDg7LtjvfY5NbskAxiMJetjG5PEw3Dl&amp;show_text=true&amp;width=500\" width=\"500\" height=\"296\" style=\"border:none;overflow:hidden\" scrolling=\"no\" frameborder=\"0\" allowfullscreen=\"true\" allow=\"autoplay; clipboard-write; encrypted-media; picture-in-picture; web-share\"><\/iframe><\/p>\n\n\n\n<p>\u00cen urm\u0103 cu 9 zile, Iulia scria pe Facebook despre lupta cu depresia: <\/p>\n\n\n\n<p><strong>\u201eNum\u0103r, uneori, pe degete zilele \u201dbune\u201d. Zilele in care ma simt bine, lucrez bine, sunt bine. Pe site-urile pe care le citesc, forumuri cu privire la tot felul de pastile, oamenii scriu: \u201cNu renuntati, ve\u021bi g\u0103si antidepresivul potrivit\u201d. E greu \u0219i sa nu renun\u021bi. Al cincilea &#8211; sau al \u0219aselea? &#8211; antidepresiv in mai pu\u021bin de patru ani vine la pachet cu speran\u021be noi \u0219i, pana acum, zero efecte adverse. Dar stau \u0219i ma \u00eentreb daca nu cumva ma preg\u0103tesc pentru o noua dezamagire, vreun efect placebo, cine mai \u0219tie?<\/strong><\/p>\n\n\n\n<p><strong>Stau \u0219i ma g\u00e2ndesc ce bizar e ca via\u021ba mea toat\u0103 depinde de c\u00e2teva zeci de miligrame dintr-o substan\u021ba de care abia am auzit. \u0218i, c\u00e2nd zic ca via\u021ba mea toat\u0103, nu e nicio exagerare. Am ajuns in punctul in care \u00eemi e rusine sa mai vorbesc despre depresie sau sa o invoc, in punctul in care nu mai \u00een\u021beleg ce e in neregula de nu mai pot func\u021biona. \u201cCa \u00eenainte\u201d, \u00eemi \u0219opte\u0219te creierul meu. Sau m\u0103car ca intr-o zi oarecare, dintr-un trecut care se tot \u00eendep\u0103rteaz\u0103.<\/strong><\/p>\n\n\n\n<p><strong>Am ajuns sa ur\u0103sc \u00eensu\u0219i termenul de \u201cdepresie\u201d. \u00cel reneg adesea, ma mint singura, ascult muzica, fac orice ca sa schimb aceasta stare. \u0218i ea nu se schimba dec\u00e2t foarte rar. \u201cNu renuntati, antidepresivul asta mi-a schimbat via\u021ba\u201d, a scris cineva despre substan\u021ba pe care o iau acum, de cateva zile.<\/strong><\/p>\n\n\n\n<p><strong>A\u0219tept, a\u0219tept de patru ani sa am din nou pasiune pentru ceva. Sa nu simt greutate, orice as face. O greutate atat de dificil de descris in cuvinte. \u201c\u00ce\u021bi va pl\u0103cea pastila asta, ajuta \u0219i la concentrare, e \u0219i pe anxietate\u201d, mi-a spus medicul meu.<\/strong><\/p>\n\n\n\n<p><strong>\u00cemi doresc sa imi placa. Sa ma \u201dajute\u201d. Sa ma trezesc zambind, ca \u201c\u00eenainte\u201d. Sa pun putina pasiune in ce fac, m\u0103car putina. M\u0103car din c\u00e2nd in c\u00e2nd, sa nu ma mai ascund in spatele unei st\u0103ri care nu vrea sa plece.<\/strong><\/p>\n\n\n\n<p><strong>Nu vrea, \u0219i pace. \u201cNu renuntati, pastila asta mi-a redat pl\u0103cerea de a trai\u201d.<\/strong><\/p>\n\n\n\n<p><strong>Citesc toate forumurile, in timpul meu liber, \u0219i vreau sa le cred. Sa cred ca exista din nou pl\u0103cere, fie si dintr-o pastila. Dar, la naiba cu toate astea, azi a fost o zi buna, placebo sau nu.\u201d<\/strong><\/p>\n\n\n\n<p>Cauzele decesului vor fi stabilite de medicii de la Institutul Na\u021bional de Medicin\u0103 Legal\u0103 (INML) \u00een urm\u0103toarele zile. Iulia Marin ar fi \u00eemplinit 33 de ani pe 30 aprilie.<\/p>\n","protected":false},"excerpt":{"rendered":"<p>Jurnalista Iulia Marin, \u00een v\u00e2rst\u0103 de 32 de ani, a fost g\u0103sit\u0103 f\u0103r\u0103 suflare \u00een locuin\u021ba sa din Cartierul Militari. Pe 30 aprilie, t\u00e2n\u0103ra ar fi \u00eemplinit 33 de ani. Vestea tragic\u0103 a dispari\u021biei tinerei jurnaliste a fost anun\u021bat\u0103 de colegii ei de la Libertatea. \u201eMar\u021bi, 18 aprilie, poli\u021bi\u0219tii Sec\u021biei 21 din Capital\u0103 \u0219i proprietara [&hellip;]<\/p>\n","protected":false},"author":46,"featured_media":57739,"comment_status":"closed","ping_status":"open","sticky":false,"template":"","format":"standard","meta":{"_acf_changed":false,"inline_featured_image":false,"ngg_post_thumbnail":0,"footnotes":""},"categories":[62],"tags":[],"ppma_author":[22605],"class_list":["post-57738","post","type-post","status-publish","format-standard","has-post-thumbnail","hentry","category-stiri"],"acf":[],"yoast_head":"<!-- This site is optimized with the Yoast SEO Premium plugin v25.3 (Yoast SEO v27.5) - https:\/\/yoast.com\/product\/yoast-seo-premium-wordpress\/ -->\n<title>Jurnalista Iulia Marin a murit. Pe 30 aprilie ar fi \u00eemplinit 33 de ani - Buletin de Bucure\u0219ti<\/title>\n<meta name=\"robots\" content=\"index, follow, max-snippet:-1, max-image-preview:large, max-video-preview:-1\" \/>\n<link rel=\"canonical\" href=\"https:\/\/buletin.de\/bucuresti\/jurnalista-iulia-marin-a-murit-pe-30-aprilie-ar-fi-implinit-33-de-ani\/\" \/>\n<meta property=\"og:locale\" content=\"en_GB\" \/>\n<meta property=\"og:type\" content=\"article\" \/>\n<meta property=\"og:title\" content=\"Jurnalista Iulia Marin a murit. Pe 30 aprilie ar fi \u00eemplinit 33 de ani\" \/>\n<meta property=\"og:description\" content=\"Jurnalista Iulia Marin, \u00een v\u00e2rst\u0103 de 32 de ani, a fost g\u0103sit\u0103 f\u0103r\u0103 suflare \u00een locuin\u021ba sa din Cartierul Militari. Pe 30 aprilie, t\u00e2n\u0103ra ar fi \u00eemplinit 33 de ani. Vestea tragic\u0103 a dispari\u021biei tinerei jurnaliste a fost anun\u021bat\u0103 de colegii ei de la Libertatea. \u201eMar\u021bi, 18 aprilie, poli\u021bi\u0219tii Sec\u021biei 21 din Capital\u0103 \u0219i proprietara [&hellip;]\" \/>\n<meta property=\"og:url\" content=\"https:\/\/buletin.de\/bucuresti\/jurnalista-iulia-marin-a-murit-pe-30-aprilie-ar-fi-implinit-33-de-ani\/\" \/>\n<meta property=\"og:site_name\" content=\"Buletin de Bucure\u0219ti\" \/>\n<meta property=\"article:publisher\" content=\"https:\/\/www.facebook.com\/buletin.de.buc\" \/>\n<meta property=\"article:published_time\" content=\"2023-04-19T09:29:41+00:00\" \/>\n<meta property=\"og:image\" content=\"https:\/\/buletin.de\/bucuresti\/wp-content\/uploads\/332151419_153402650935198_1191373758068055766_n.jpg\" \/>\n\t<meta property=\"og:image:width\" content=\"1900\" \/>\n\t<meta property=\"og:image:height\" content=\"1900\" \/>\n\t<meta property=\"og:image:type\" content=\"image\/jpeg\" \/>\n<meta name=\"author\" content=\"Andreea Gelatu\" \/>\n<meta name=\"twitter:card\" content=\"summary_large_image\" \/>\n<meta name=\"twitter:label1\" content=\"Written by\" \/>\n\t<meta name=\"twitter:data1\" content=\"Andreea Gelatu\" \/>\n\t<meta name=\"twitter:label2\" content=\"Estimated reading time\" \/>\n\t<meta name=\"twitter:data2\" content=\"3 minutes\" \/>\n<script type=\"application\/ld+json\" class=\"yoast-schema-graph\">{\"@context\":\"https:\\\/\\\/schema.org\",\"@graph\":[{\"@type\":\"Article\",\"@id\":\"https:\\\/\\\/buletin.de\\\/bucuresti\\\/jurnalista-iulia-marin-a-murit-pe-30-aprilie-ar-fi-implinit-33-de-ani\\\/#article\",\"isPartOf\":{\"@id\":\"https:\\\/\\\/buletin.de\\\/bucuresti\\\/jurnalista-iulia-marin-a-murit-pe-30-aprilie-ar-fi-implinit-33-de-ani\\\/\"},\"author\":{\"name\":\"Andreea Gelatu\",\"@id\":\"https:\\\/\\\/buletin.de\\\/bucuresti\\\/#\\\/schema\\\/person\\\/87734700b2c7f8608881f7e93b8834de\"},\"headline\":\"Jurnalista Iulia Marin a murit. Pe 30 aprilie ar fi \u00eemplinit 33 de ani\",\"datePublished\":\"2023-04-19T09:29:41+00:00\",\"mainEntityOfPage\":{\"@id\":\"https:\\\/\\\/buletin.de\\\/bucuresti\\\/jurnalista-iulia-marin-a-murit-pe-30-aprilie-ar-fi-implinit-33-de-ani\\\/\"},\"wordCount\":595,\"publisher\":{\"@id\":\"https:\\\/\\\/buletin.de\\\/bucuresti\\\/#organization\"},\"image\":{\"@id\":\"https:\\\/\\\/buletin.de\\\/bucuresti\\\/jurnalista-iulia-marin-a-murit-pe-30-aprilie-ar-fi-implinit-33-de-ani\\\/#primaryimage\"},\"thumbnailUrl\":\"https:\\\/\\\/buletin.de\\\/bucuresti\\\/wp-content\\\/uploads\\\/332151419_153402650935198_1191373758068055766_n.jpg\",\"articleSection\":[\"\u0218tiri\"],\"inLanguage\":\"en-GB\",\"copyrightYear\":\"2023\",\"copyrightHolder\":{\"@id\":\"https:\\\/\\\/buletin.de\\\/bucuresti\\\/#organization\"}},{\"@type\":\"WebPage\",\"@id\":\"https:\\\/\\\/buletin.de\\\/bucuresti\\\/jurnalista-iulia-marin-a-murit-pe-30-aprilie-ar-fi-implinit-33-de-ani\\\/\",\"url\":\"https:\\\/\\\/buletin.de\\\/bucuresti\\\/jurnalista-iulia-marin-a-murit-pe-30-aprilie-ar-fi-implinit-33-de-ani\\\/\",\"name\":\"Jurnalista Iulia Marin a murit. Pe 30 aprilie ar fi \u00eemplinit 33 de ani - Buletin de Bucure\u0219ti\",\"isPartOf\":{\"@id\":\"https:\\\/\\\/buletin.de\\\/bucuresti\\\/#website\"},\"primaryImageOfPage\":{\"@id\":\"https:\\\/\\\/buletin.de\\\/bucuresti\\\/jurnalista-iulia-marin-a-murit-pe-30-aprilie-ar-fi-implinit-33-de-ani\\\/#primaryimage\"},\"image\":{\"@id\":\"https:\\\/\\\/buletin.de\\\/bucuresti\\\/jurnalista-iulia-marin-a-murit-pe-30-aprilie-ar-fi-implinit-33-de-ani\\\/#primaryimage\"},\"thumbnailUrl\":\"https:\\\/\\\/buletin.de\\\/bucuresti\\\/wp-content\\\/uploads\\\/332151419_153402650935198_1191373758068055766_n.jpg\",\"datePublished\":\"2023-04-19T09:29:41+00:00\",\"breadcrumb\":{\"@id\":\"https:\\\/\\\/buletin.de\\\/bucuresti\\\/jurnalista-iulia-marin-a-murit-pe-30-aprilie-ar-fi-implinit-33-de-ani\\\/#breadcrumb\"},\"inLanguage\":\"en-GB\",\"potentialAction\":[{\"@type\":\"ReadAction\",\"target\":[\"https:\\\/\\\/buletin.de\\\/bucuresti\\\/jurnalista-iulia-marin-a-murit-pe-30-aprilie-ar-fi-implinit-33-de-ani\\\/\"]}]},{\"@type\":\"ImageObject\",\"inLanguage\":\"en-GB\",\"@id\":\"https:\\\/\\\/buletin.de\\\/bucuresti\\\/jurnalista-iulia-marin-a-murit-pe-30-aprilie-ar-fi-implinit-33-de-ani\\\/#primaryimage\",\"url\":\"https:\\\/\\\/buletin.de\\\/bucuresti\\\/wp-content\\\/uploads\\\/332151419_153402650935198_1191373758068055766_n.jpg\",\"contentUrl\":\"https:\\\/\\\/buletin.de\\\/bucuresti\\\/wp-content\\\/uploads\\\/332151419_153402650935198_1191373758068055766_n.jpg\",\"width\":1900,\"height\":1900},{\"@type\":\"BreadcrumbList\",\"@id\":\"https:\\\/\\\/buletin.de\\\/bucuresti\\\/jurnalista-iulia-marin-a-murit-pe-30-aprilie-ar-fi-implinit-33-de-ani\\\/#breadcrumb\",\"itemListElement\":[{\"@type\":\"ListItem\",\"position\":1,\"name\":\"Acas\u0103\",\"item\":\"https:\\\/\\\/buletin.de\\\/bucuresti\\\/\"},{\"@type\":\"ListItem\",\"position\":2,\"name\":\"Jurnalista Iulia Marin a murit. Pe 30 aprilie ar fi \u00eemplinit 33 de ani\"}]},{\"@type\":\"WebSite\",\"@id\":\"https:\\\/\\\/buletin.de\\\/bucuresti\\\/#website\",\"url\":\"https:\\\/\\\/buletin.de\\\/bucuresti\\\/\",\"name\":\"Buletin de Bucure\u0219ti\",\"description\":\"\u0218tiri \u0219i investiga\u021bii esen\u021biale din capital\u0103\",\"publisher\":{\"@id\":\"https:\\\/\\\/buletin.de\\\/bucuresti\\\/#organization\"},\"potentialAction\":[{\"@type\":\"SearchAction\",\"target\":{\"@type\":\"EntryPoint\",\"urlTemplate\":\"https:\\\/\\\/buletin.de\\\/bucuresti\\\/?s={search_term_string}\"},\"query-input\":{\"@type\":\"PropertyValueSpecification\",\"valueRequired\":true,\"valueName\":\"search_term_string\"}}],\"inLanguage\":\"en-GB\"},{\"@type\":\"Organization\",\"@id\":\"https:\\\/\\\/buletin.de\\\/bucuresti\\\/#organization\",\"name\":\"Buletin de Bucure\u0219ti\",\"url\":\"https:\\\/\\\/buletin.de\\\/bucuresti\\\/\",\"logo\":{\"@type\":\"ImageObject\",\"inLanguage\":\"en-GB\",\"@id\":\"https:\\\/\\\/buletin.de\\\/bucuresti\\\/#\\\/schema\\\/logo\\\/image\\\/\",\"url\":\"https:\\\/\\\/buletin.de\\\/bucuresti\\\/wp-content\\\/uploads\\\/logo-bdb-full-wide-vernil-transparent.png\",\"contentUrl\":\"https:\\\/\\\/buletin.de\\\/bucuresti\\\/wp-content\\\/uploads\\\/logo-bdb-full-wide-vernil-transparent.png\",\"width\":1782,\"height\":626,\"caption\":\"Buletin de Bucure\u0219ti\"},\"image\":{\"@id\":\"https:\\\/\\\/buletin.de\\\/bucuresti\\\/#\\\/schema\\\/logo\\\/image\\\/\"},\"sameAs\":[\"https:\\\/\\\/www.facebook.com\\\/buletin.de.buc\",\"https:\\\/\\\/www.instagram.com\\\/buletinde.bucuresti\\\/\"]},{\"@type\":\"Person\",\"@id\":\"https:\\\/\\\/buletin.de\\\/bucuresti\\\/#\\\/schema\\\/person\\\/87734700b2c7f8608881f7e93b8834de\",\"name\":\"Andreea Gelatu\",\"image\":{\"@type\":\"ImageObject\",\"inLanguage\":\"en-GB\",\"@id\":\"https:\\\/\\\/secure.gravatar.com\\\/avatar\\\/b716eca2f984b9b65bdd87118b4b909d940b619cbe6e8cb725fe11c1b1f4194f?s=96&d=monsterid&r=g9b5eff4996c6b842a29b3057a7b4746f\",\"url\":\"https:\\\/\\\/secure.gravatar.com\\\/avatar\\\/b716eca2f984b9b65bdd87118b4b909d940b619cbe6e8cb725fe11c1b1f4194f?s=96&d=monsterid&r=g\",\"contentUrl\":\"https:\\\/\\\/secure.gravatar.com\\\/avatar\\\/b716eca2f984b9b65bdd87118b4b909d940b619cbe6e8cb725fe11c1b1f4194f?s=96&d=monsterid&r=g\",\"caption\":\"Andreea Gelatu\"},\"url\":\"https:\\\/\\\/buletin.de\\\/bucuresti\\\/author\\\/andreeagelatu\\\/\"}]}<\/script>\n<!-- \/ Yoast SEO Premium plugin. -->","yoast_head_json":{"title":"Jurnalista Iulia Marin a murit. Pe 30 aprilie ar fi \u00eemplinit 33 de ani - Buletin de Bucure\u0219ti","robots":{"index":"index","follow":"follow","max-snippet":"max-snippet:-1","max-image-preview":"max-image-preview:large","max-video-preview":"max-video-preview:-1"},"canonical":"https:\/\/buletin.de\/bucuresti\/jurnalista-iulia-marin-a-murit-pe-30-aprilie-ar-fi-implinit-33-de-ani\/","og_locale":"en_GB","og_type":"article","og_title":"Jurnalista Iulia Marin a murit. Pe 30 aprilie ar fi \u00eemplinit 33 de ani","og_description":"Jurnalista Iulia Marin, \u00een v\u00e2rst\u0103 de 32 de ani, a fost g\u0103sit\u0103 f\u0103r\u0103 suflare \u00een locuin\u021ba sa din Cartierul Militari. Pe 30 aprilie, t\u00e2n\u0103ra ar fi \u00eemplinit 33 de ani. Vestea tragic\u0103 a dispari\u021biei tinerei jurnaliste a fost anun\u021bat\u0103 de colegii ei de la Libertatea. \u201eMar\u021bi, 18 aprilie, poli\u021bi\u0219tii Sec\u021biei 21 din Capital\u0103 \u0219i proprietara [&hellip;]","og_url":"https:\/\/buletin.de\/bucuresti\/jurnalista-iulia-marin-a-murit-pe-30-aprilie-ar-fi-implinit-33-de-ani\/","og_site_name":"Buletin de Bucure\u0219ti","article_publisher":"https:\/\/www.facebook.com\/buletin.de.buc","article_published_time":"2023-04-19T09:29:41+00:00","og_image":[{"width":1900,"height":1900,"url":"https:\/\/buletin.de\/bucuresti\/wp-content\/uploads\/332151419_153402650935198_1191373758068055766_n.jpg","type":"image\/jpeg"}],"author":"Andreea Gelatu","twitter_card":"summary_large_image","twitter_misc":{"Written by":"Andreea Gelatu","Estimated reading time":"3 minutes"},"schema":{"@context":"https:\/\/schema.org","@graph":[{"@type":"Article","@id":"https:\/\/buletin.de\/bucuresti\/jurnalista-iulia-marin-a-murit-pe-30-aprilie-ar-fi-implinit-33-de-ani\/#article","isPartOf":{"@id":"https:\/\/buletin.de\/bucuresti\/jurnalista-iulia-marin-a-murit-pe-30-aprilie-ar-fi-implinit-33-de-ani\/"},"author":{"name":"Andreea Gelatu","@id":"https:\/\/buletin.de\/bucuresti\/#\/schema\/person\/87734700b2c7f8608881f7e93b8834de"},"headline":"Jurnalista Iulia Marin a murit. Pe 30 aprilie ar fi \u00eemplinit 33 de ani","datePublished":"2023-04-19T09:29:41+00:00","mainEntityOfPage":{"@id":"https:\/\/buletin.de\/bucuresti\/jurnalista-iulia-marin-a-murit-pe-30-aprilie-ar-fi-implinit-33-de-ani\/"},"wordCount":595,"publisher":{"@id":"https:\/\/buletin.de\/bucuresti\/#organization"},"image":{"@id":"https:\/\/buletin.de\/bucuresti\/jurnalista-iulia-marin-a-murit-pe-30-aprilie-ar-fi-implinit-33-de-ani\/#primaryimage"},"thumbnailUrl":"https:\/\/buletin.de\/bucuresti\/wp-content\/uploads\/332151419_153402650935198_1191373758068055766_n.jpg","articleSection":["\u0218tiri"],"inLanguage":"en-GB","copyrightYear":"2023","copyrightHolder":{"@id":"https:\/\/buletin.de\/bucuresti\/#organization"}},{"@type":"WebPage","@id":"https:\/\/buletin.de\/bucuresti\/jurnalista-iulia-marin-a-murit-pe-30-aprilie-ar-fi-implinit-33-de-ani\/","url":"https:\/\/buletin.de\/bucuresti\/jurnalista-iulia-marin-a-murit-pe-30-aprilie-ar-fi-implinit-33-de-ani\/","name":"Jurnalista Iulia Marin a murit. Pe 30 aprilie ar fi \u00eemplinit 33 de ani - Buletin de Bucure\u0219ti","isPartOf":{"@id":"https:\/\/buletin.de\/bucuresti\/#website"},"primaryImageOfPage":{"@id":"https:\/\/buletin.de\/bucuresti\/jurnalista-iulia-marin-a-murit-pe-30-aprilie-ar-fi-implinit-33-de-ani\/#primaryimage"},"image":{"@id":"https:\/\/buletin.de\/bucuresti\/jurnalista-iulia-marin-a-murit-pe-30-aprilie-ar-fi-implinit-33-de-ani\/#primaryimage"},"thumbnailUrl":"https:\/\/buletin.de\/bucuresti\/wp-content\/uploads\/332151419_153402650935198_1191373758068055766_n.jpg","datePublished":"2023-04-19T09:29:41+00:00","breadcrumb":{"@id":"https:\/\/buletin.de\/bucuresti\/jurnalista-iulia-marin-a-murit-pe-30-aprilie-ar-fi-implinit-33-de-ani\/#breadcrumb"},"inLanguage":"en-GB","potentialAction":[{"@type":"ReadAction","target":["https:\/\/buletin.de\/bucuresti\/jurnalista-iulia-marin-a-murit-pe-30-aprilie-ar-fi-implinit-33-de-ani\/"]}]},{"@type":"ImageObject","inLanguage":"en-GB","@id":"https:\/\/buletin.de\/bucuresti\/jurnalista-iulia-marin-a-murit-pe-30-aprilie-ar-fi-implinit-33-de-ani\/#primaryimage","url":"https:\/\/buletin.de\/bucuresti\/wp-content\/uploads\/332151419_153402650935198_1191373758068055766_n.jpg","contentUrl":"https:\/\/buletin.de\/bucuresti\/wp-content\/uploads\/332151419_153402650935198_1191373758068055766_n.jpg","width":1900,"height":1900},{"@type":"BreadcrumbList","@id":"https:\/\/buletin.de\/bucuresti\/jurnalista-iulia-marin-a-murit-pe-30-aprilie-ar-fi-implinit-33-de-ani\/#breadcrumb","itemListElement":[{"@type":"ListItem","position":1,"name":"Acas\u0103","item":"https:\/\/buletin.de\/bucuresti\/"},{"@type":"ListItem","position":2,"name":"Jurnalista Iulia Marin a murit. Pe 30 aprilie ar fi \u00eemplinit 33 de ani"}]},{"@type":"WebSite","@id":"https:\/\/buletin.de\/bucuresti\/#website","url":"https:\/\/buletin.de\/bucuresti\/","name":"Buletin de Bucure\u0219ti","description":"\u0218tiri \u0219i investiga\u021bii esen\u021biale din capital\u0103","publisher":{"@id":"https:\/\/buletin.de\/bucuresti\/#organization"},"potentialAction":[{"@type":"SearchAction","target":{"@type":"EntryPoint","urlTemplate":"https:\/\/buletin.de\/bucuresti\/?s={search_term_string}"},"query-input":{"@type":"PropertyValueSpecification","valueRequired":true,"valueName":"search_term_string"}}],"inLanguage":"en-GB"},{"@type":"Organization","@id":"https:\/\/buletin.de\/bucuresti\/#organization","name":"Buletin de Bucure\u0219ti","url":"https:\/\/buletin.de\/bucuresti\/","logo":{"@type":"ImageObject","inLanguage":"en-GB","@id":"https:\/\/buletin.de\/bucuresti\/#\/schema\/logo\/image\/","url":"https:\/\/buletin.de\/bucuresti\/wp-content\/uploads\/logo-bdb-full-wide-vernil-transparent.png","contentUrl":"https:\/\/buletin.de\/bucuresti\/wp-content\/uploads\/logo-bdb-full-wide-vernil-transparent.png","width":1782,"height":626,"caption":"Buletin de Bucure\u0219ti"},"image":{"@id":"https:\/\/buletin.de\/bucuresti\/#\/schema\/logo\/image\/"},"sameAs":["https:\/\/www.facebook.com\/buletin.de.buc","https:\/\/www.instagram.com\/buletinde.bucuresti\/"]},{"@type":"Person","@id":"https:\/\/buletin.de\/bucuresti\/#\/schema\/person\/87734700b2c7f8608881f7e93b8834de","name":"Andreea Gelatu","image":{"@type":"ImageObject","inLanguage":"en-GB","@id":"https:\/\/secure.gravatar.com\/avatar\/b716eca2f984b9b65bdd87118b4b909d940b619cbe6e8cb725fe11c1b1f4194f?s=96&d=monsterid&r=g9b5eff4996c6b842a29b3057a7b4746f","url":"https:\/\/secure.gravatar.com\/avatar\/b716eca2f984b9b65bdd87118b4b909d940b619cbe6e8cb725fe11c1b1f4194f?s=96&d=monsterid&r=g","contentUrl":"https:\/\/secure.gravatar.com\/avatar\/b716eca2f984b9b65bdd87118b4b909d940b619cbe6e8cb725fe11c1b1f4194f?s=96&d=monsterid&r=g","caption":"Andreea Gelatu"},"url":"https:\/\/buletin.de\/bucuresti\/author\/andreeagelatu\/"}]}},"authors":[{"term_id":22605,"user_id":46,"is_guest":0,"slug":"andreeagelatu","display_name":"Andreea Gelatu","avatar_url":"https:\/\/secure.gravatar.com\/avatar\/b716eca2f984b9b65bdd87118b4b909d940b619cbe6e8cb725fe11c1b1f4194f?s=96&d=monsterid&r=g","0":null,"1":"","2":"","3":"","4":"","5":"","6":"","7":"","8":""}],"_links":{"self":[{"href":"https:\/\/buletin.de\/bucuresti\/wp-json\/wp\/v2\/posts\/57738","targetHints":{"allow":["GET"]}}],"collection":[{"href":"https:\/\/buletin.de\/bucuresti\/wp-json\/wp\/v2\/posts"}],"about":[{"href":"https:\/\/buletin.de\/bucuresti\/wp-json\/wp\/v2\/types\/post"}],"author":[{"embeddable":true,"href":"https:\/\/buletin.de\/bucuresti\/wp-json\/wp\/v2\/users\/46"}],"replies":[{"embeddable":true,"href":"https:\/\/buletin.de\/bucuresti\/wp-json\/wp\/v2\/comments?post=57738"}],"version-history":[{"count":3,"href":"https:\/\/buletin.de\/bucuresti\/wp-json\/wp\/v2\/posts\/57738\/revisions"}],"predecessor-version":[{"id":57742,"href":"https:\/\/buletin.de\/bucuresti\/wp-json\/wp\/v2\/posts\/57738\/revisions\/57742"}],"wp:featuredmedia":[{"embeddable":true,"href":"https:\/\/buletin.de\/bucuresti\/wp-json\/wp\/v2\/media\/57739"}],"wp:attachment":[{"href":"https:\/\/buletin.de\/bucuresti\/wp-json\/wp\/v2\/media?parent=57738"}],"wp:term":[{"taxonomy":"category","embeddable":true,"href":"https:\/\/buletin.de\/bucuresti\/wp-json\/wp\/v2\/categories?post=57738"},{"taxonomy":"post_tag","embeddable":true,"href":"https:\/\/buletin.de\/bucuresti\/wp-json\/wp\/v2\/tags?post=57738"},{"taxonomy":"author","embeddable":true,"href":"https:\/\/buletin.de\/bucuresti\/wp-json\/wp\/v2\/ppma_author?post=57738"}],"curies":[{"name":"wp","href":"https:\/\/api.w.org\/{rel}","templated":true}]}}