{"id":57700,"date":"2023-04-18T13:35:51","date_gmt":"2023-04-18T11:35:51","guid":{"rendered":"https:\/\/buletin.de\/bucuresti\/?p=57700"},"modified":"2023-04-18T13:35:51","modified_gmt":"2023-04-18T11:35:51","slug":"planseul-peste-dambovita-are-nevoie-de-peste-750-de-milioane-de-lei-pentru-reparatii-banii-vor-veni-prin-programul-anghel-saligny","status":"publish","type":"post","link":"https:\/\/buletin.de\/bucuresti\/planseul-peste-dambovita-are-nevoie-de-peste-750-de-milioane-de-lei-pentru-reparatii-banii-vor-veni-prin-programul-anghel-saligny\/","title":{"rendered":"Plan\u015feul peste D\u00e2mbovi\u0163a are nevoie de peste 750 de milioane de lei pentru repara\u0163ii. Banii vor veni prin programul &#8220;Anghel Saligny&#8221;"},"content":{"rendered":"\n<p class=\"has-pale-cyan-blue-background-color has-background\">Guvernul a elaborat o ordonan\u0163\u0103 de urgen\u0163\u0103 prin care se vor acorda peste 750 de milioane de lei pentru repararea plan\u015feului peste r\u00e2ul D\u00e2mbovi\u0163a \u00een Pia\u0163a Unirii, <a href=\"https:\/\/buletin.de\/bucuresti\/expertiza-pasajul-unirii-in-pericol-major-de-prabusire-intreaga-piata-sta-pe-un-postament-beton-neintretinut-de-80-de-ani\/\" target=\"_blank\" rel=\"noreferrer noopener\">care risc\u0103 s\u0103 se pr\u0103bu\u015feasc\u0103.<\/a> Banii vor veni prin programul na\u0163ional de investi\u0163ii \u201cAnghel Saligny\u201d. \u00cen momentul de fa\u0163\u0103, proiectul se afl\u0103 \u00een dezbatere public\u0103.<\/p>\n\n\n\n<p>Luna trecut\u0103, Prim\u0103ria Sectorului 4 a trimis o adres\u0103 Ministerului Dezvolt\u0103rii, \u00een care avertiza c\u0103 plan\u015feul trebuie reparat de urgen\u0163\u0103, \u00eentruc\u00e2t se afl\u0103 \u00eentr-o stare avansat\u0103 de degradare, av\u00e2nd \u00een vedere c\u0103 nu a mai fost reparat de 90 de ani.<\/p>\n\n\n\n<p>\u201cLu\u00e2nd \u00een considerare faptul c\u0103 plan\u0219eul Unirii se afl\u0103 \u00eentr-o zon\u0103 central\u0103, intens circulat\u0103 \u0219i av\u00e2nd \u00een vedere c\u0103 autorit\u0103\u021bile publice locale nu pot suporta, de la bugetul local, valoarea investi\u021biei aferent\u0103 obiectului \u201ePlan\u0219eu peste r\u00e2ul D\u00e2mbovi\u021ba \u00een Pia\u021ba Unirii\u201d de 763.353.087,680 lei, ca urmare a constat\u0103rii faptului c\u0103 statul rom\u00e2n, prin MDLPA, dispune, prin intermediul Programului, de un mecanism eficient de finan\u021bare a unor investi\u021bii (\u2026) se impune interven\u021bia legislativ\u0103 de urgen\u021b\u0103, prin adoptarea prezentului proiect de ordonan\u021b\u0103 de urgen\u021b\u0103, \u00een vederea evit\u0103rii producerii unor consecin\u021be deosebit de grave cu privire la via\u021ba \u0219i integritatea fizic\u0103 a popula\u021biei, ce ar rezulta din colapsul plan\u0219eului sau al unor p\u0103r\u021bi din acesta\u201d, se precizeaz\u0103 \u00een textul ordonan\u0163ei ce se afl\u0103 \u00een dezbatere public\u0103 \u00een momentul de fa\u0163\u0103.<\/p>\n\n\n\n<p>\u00cen acela\u015fi document se mai men\u0163ioneaz\u0103 c\u0103 men\u0163inerea situa\u0163iei actuale a plan\u015feului Unirii \u201cexpune popula\u021bia la riscuri semnificative care afecteaz\u0103 drepturile fundamentale la via\u021b\u0103 \u0219i la integritate fizic\u0103, garantate de Constitu\u021bia Rom\u00e2niei, fapt dovedit prin expertiza mai sus men\u021bionat\u0103, conform c\u0103reia degrad\u0103rile pot avansa rapid \u0219i pot genera colapsul total sau par\u021bial al plan\u0219eului. De asemenea, r\u0103m\u00e2nerea statului \u00een pasivitate cu privire la finan\u021barea lucr\u0103rilor necesare propuse prin expertiz\u0103 conduce la \u00eenc\u0103lcarea indirect\u0103 a drepturilor fundamentale la via\u021b\u0103 \u0219i la integritate fizic\u0103 a persoanelor\u201d.<\/p>\n\n\n\n<p>Astfel, cheltuielile cu lucr\u0103rile de repara\u0163ii vor fi suportate de Ministerul Dezvolt\u0103rii, prin suplimentarea valorii Programului \u201cAnghel Saligny\u201d cu suma de 750.751.800,690 lei.<\/p>\n","protected":false},"excerpt":{"rendered":"<p>Guvernul a elaborat o ordonan\u0163\u0103 de urgen\u0163\u0103 prin care se vor acorda peste 750 de milioane de lei pentru repararea plan\u015feului peste r\u00e2ul D\u00e2mbovi\u0163a \u00een Pia\u0163a Unirii, care risc\u0103 s\u0103 se pr\u0103bu\u015feasc\u0103. Banii vor veni prin programul na\u0163ional de investi\u0163ii \u201cAnghel Saligny\u201d. \u00cen momentul de fa\u0163\u0103, proiectul se afl\u0103 \u00een dezbatere public\u0103. Luna trecut\u0103, Prim\u0103ria [&hellip;]<\/p>\n","protected":false},"author":38,"featured_media":52139,"comment_status":"closed","ping_status":"open","sticky":false,"template":"","format":"standard","meta":{"_acf_changed":false,"inline_featured_image":false,"ngg_post_thumbnail":0,"footnotes":""},"categories":[62],"tags":[],"ppma_author":[22601],"class_list":["post-57700","post","type-post","status-publish","format-standard","has-post-thumbnail","hentry","category-stiri"],"acf":[],"yoast_head":"<!-- This site is optimized with the Yoast SEO Premium plugin v25.3 (Yoast SEO v27.5) - https:\/\/yoast.com\/product\/yoast-seo-premium-wordpress\/ -->\n<title>Plan\u015feul peste D\u00e2mbovi\u0163a are nevoie de peste 750 de milioane de lei pentru repara\u0163ii. Banii vor veni prin programul &quot;Anghel Saligny&quot; - Buletin de Bucure\u0219ti<\/title>\n<meta name=\"robots\" content=\"index, follow, max-snippet:-1, max-image-preview:large, max-video-preview:-1\" \/>\n<link rel=\"canonical\" href=\"https:\/\/buletin.de\/bucuresti\/planseul-peste-dambovita-are-nevoie-de-peste-750-de-milioane-de-lei-pentru-reparatii-banii-vor-veni-prin-programul-anghel-saligny\/\" \/>\n<meta property=\"og:locale\" content=\"en_GB\" \/>\n<meta property=\"og:type\" content=\"article\" \/>\n<meta property=\"og:title\" content=\"Plan\u015feul peste D\u00e2mbovi\u0163a are nevoie de peste 750 de milioane de lei pentru repara\u0163ii. Banii vor veni prin programul &quot;Anghel Saligny&quot;\" \/>\n<meta property=\"og:description\" content=\"Guvernul a elaborat o ordonan\u0163\u0103 de urgen\u0163\u0103 prin care se vor acorda peste 750 de milioane de lei pentru repararea plan\u015feului peste r\u00e2ul D\u00e2mbovi\u0163a \u00een Pia\u0163a Unirii, care risc\u0103 s\u0103 se pr\u0103bu\u015feasc\u0103. Banii vor veni prin programul na\u0163ional de investi\u0163ii \u201cAnghel Saligny\u201d. \u00cen momentul de fa\u0163\u0103, proiectul se afl\u0103 \u00een dezbatere public\u0103. Luna trecut\u0103, Prim\u0103ria [&hellip;]\" \/>\n<meta property=\"og:url\" content=\"https:\/\/buletin.de\/bucuresti\/planseul-peste-dambovita-are-nevoie-de-peste-750-de-milioane-de-lei-pentru-reparatii-banii-vor-veni-prin-programul-anghel-saligny\/\" \/>\n<meta property=\"og:site_name\" content=\"Buletin de Bucure\u0219ti\" \/>\n<meta property=\"article:publisher\" content=\"https:\/\/www.facebook.com\/buletin.de.buc\" \/>\n<meta property=\"article:published_time\" content=\"2023-04-18T11:35:51+00:00\" \/>\n<meta property=\"og:image\" content=\"https:\/\/buletin.de\/bucuresti\/wp-content\/uploads\/expertiza_2022_planseu_unirii-28_1.jpg\" \/>\n\t<meta property=\"og:image:width\" content=\"1037\" \/>\n\t<meta property=\"og:image:height\" content=\"783\" \/>\n\t<meta property=\"og:image:type\" content=\"image\/jpeg\" \/>\n<meta name=\"author\" content=\"Anamaria Nedelcoff\" \/>\n<meta name=\"twitter:card\" content=\"summary_large_image\" \/>\n<meta name=\"twitter:label1\" content=\"Written by\" \/>\n\t<meta name=\"twitter:data1\" content=\"Anamaria Nedelcoff\" \/>\n\t<meta name=\"twitter:label2\" content=\"Estimated reading time\" \/>\n\t<meta name=\"twitter:data2\" content=\"2 minutes\" \/>\n<script type=\"application\/ld+json\" class=\"yoast-schema-graph\">{\"@context\":\"https:\\\/\\\/schema.org\",\"@graph\":[{\"@type\":\"Article\",\"@id\":\"https:\\\/\\\/buletin.de\\\/bucuresti\\\/planseul-peste-dambovita-are-nevoie-de-peste-750-de-milioane-de-lei-pentru-reparatii-banii-vor-veni-prin-programul-anghel-saligny\\\/#article\",\"isPartOf\":{\"@id\":\"https:\\\/\\\/buletin.de\\\/bucuresti\\\/planseul-peste-dambovita-are-nevoie-de-peste-750-de-milioane-de-lei-pentru-reparatii-banii-vor-veni-prin-programul-anghel-saligny\\\/\"},\"author\":{\"name\":\"Anamaria Nedelcoff\",\"@id\":\"https:\\\/\\\/buletin.de\\\/bucuresti\\\/#\\\/schema\\\/person\\\/bfa22994f12f5d3353b170aca494f1f9\"},\"headline\":\"Plan\u015feul peste D\u00e2mbovi\u0163a are nevoie de peste 750 de milioane de lei pentru repara\u0163ii. Banii vor veni prin programul &#8220;Anghel Saligny&#8221;\",\"datePublished\":\"2023-04-18T11:35:51+00:00\",\"mainEntityOfPage\":{\"@id\":\"https:\\\/\\\/buletin.de\\\/bucuresti\\\/planseul-peste-dambovita-are-nevoie-de-peste-750-de-milioane-de-lei-pentru-reparatii-banii-vor-veni-prin-programul-anghel-saligny\\\/\"},\"wordCount\":402,\"publisher\":{\"@id\":\"https:\\\/\\\/buletin.de\\\/bucuresti\\\/#organization\"},\"image\":{\"@id\":\"https:\\\/\\\/buletin.de\\\/bucuresti\\\/planseul-peste-dambovita-are-nevoie-de-peste-750-de-milioane-de-lei-pentru-reparatii-banii-vor-veni-prin-programul-anghel-saligny\\\/#primaryimage\"},\"thumbnailUrl\":\"https:\\\/\\\/buletin.de\\\/bucuresti\\\/wp-content\\\/uploads\\\/expertiza_2022_planseu_unirii-28_1.jpg\",\"articleSection\":[\"\u0218tiri\"],\"inLanguage\":\"en-GB\",\"copyrightYear\":\"2023\",\"copyrightHolder\":{\"@id\":\"https:\\\/\\\/buletin.de\\\/bucuresti\\\/#organization\"}},{\"@type\":\"WebPage\",\"@id\":\"https:\\\/\\\/buletin.de\\\/bucuresti\\\/planseul-peste-dambovita-are-nevoie-de-peste-750-de-milioane-de-lei-pentru-reparatii-banii-vor-veni-prin-programul-anghel-saligny\\\/\",\"url\":\"https:\\\/\\\/buletin.de\\\/bucuresti\\\/planseul-peste-dambovita-are-nevoie-de-peste-750-de-milioane-de-lei-pentru-reparatii-banii-vor-veni-prin-programul-anghel-saligny\\\/\",\"name\":\"Plan\u015feul peste D\u00e2mbovi\u0163a are nevoie de peste 750 de milioane de lei pentru repara\u0163ii. Banii vor veni prin programul \\\"Anghel Saligny\\\" - Buletin de Bucure\u0219ti\",\"isPartOf\":{\"@id\":\"https:\\\/\\\/buletin.de\\\/bucuresti\\\/#website\"},\"primaryImageOfPage\":{\"@id\":\"https:\\\/\\\/buletin.de\\\/bucuresti\\\/planseul-peste-dambovita-are-nevoie-de-peste-750-de-milioane-de-lei-pentru-reparatii-banii-vor-veni-prin-programul-anghel-saligny\\\/#primaryimage\"},\"image\":{\"@id\":\"https:\\\/\\\/buletin.de\\\/bucuresti\\\/planseul-peste-dambovita-are-nevoie-de-peste-750-de-milioane-de-lei-pentru-reparatii-banii-vor-veni-prin-programul-anghel-saligny\\\/#primaryimage\"},\"thumbnailUrl\":\"https:\\\/\\\/buletin.de\\\/bucuresti\\\/wp-content\\\/uploads\\\/expertiza_2022_planseu_unirii-28_1.jpg\",\"datePublished\":\"2023-04-18T11:35:51+00:00\",\"breadcrumb\":{\"@id\":\"https:\\\/\\\/buletin.de\\\/bucuresti\\\/planseul-peste-dambovita-are-nevoie-de-peste-750-de-milioane-de-lei-pentru-reparatii-banii-vor-veni-prin-programul-anghel-saligny\\\/#breadcrumb\"},\"inLanguage\":\"en-GB\",\"potentialAction\":[{\"@type\":\"ReadAction\",\"target\":[\"https:\\\/\\\/buletin.de\\\/bucuresti\\\/planseul-peste-dambovita-are-nevoie-de-peste-750-de-milioane-de-lei-pentru-reparatii-banii-vor-veni-prin-programul-anghel-saligny\\\/\"]}]},{\"@type\":\"ImageObject\",\"inLanguage\":\"en-GB\",\"@id\":\"https:\\\/\\\/buletin.de\\\/bucuresti\\\/planseul-peste-dambovita-are-nevoie-de-peste-750-de-milioane-de-lei-pentru-reparatii-banii-vor-veni-prin-programul-anghel-saligny\\\/#primaryimage\",\"url\":\"https:\\\/\\\/buletin.de\\\/bucuresti\\\/wp-content\\\/uploads\\\/expertiza_2022_planseu_unirii-28_1.jpg\",\"contentUrl\":\"https:\\\/\\\/buletin.de\\\/bucuresti\\\/wp-content\\\/uploads\\\/expertiza_2022_planseu_unirii-28_1.jpg\",\"width\":1037,\"height\":783,\"caption\":\"Lucr\u0103rile la plan\u0219eul de la Pia\u021ba Unirii sunt urgente. Placa de beton este degradat\u0103\"},{\"@type\":\"BreadcrumbList\",\"@id\":\"https:\\\/\\\/buletin.de\\\/bucuresti\\\/planseul-peste-dambovita-are-nevoie-de-peste-750-de-milioane-de-lei-pentru-reparatii-banii-vor-veni-prin-programul-anghel-saligny\\\/#breadcrumb\",\"itemListElement\":[{\"@type\":\"ListItem\",\"position\":1,\"name\":\"Acas\u0103\",\"item\":\"https:\\\/\\\/buletin.de\\\/bucuresti\\\/\"},{\"@type\":\"ListItem\",\"position\":2,\"name\":\"Plan\u015feul peste D\u00e2mbovi\u0163a are nevoie de peste 750 de milioane de lei pentru repara\u0163ii. Banii vor veni prin programul &#8220;Anghel Saligny&#8221;\"}]},{\"@type\":\"WebSite\",\"@id\":\"https:\\\/\\\/buletin.de\\\/bucuresti\\\/#website\",\"url\":\"https:\\\/\\\/buletin.de\\\/bucuresti\\\/\",\"name\":\"Buletin de Bucure\u0219ti\",\"description\":\"\u0218tiri \u0219i investiga\u021bii esen\u021biale din capital\u0103\",\"publisher\":{\"@id\":\"https:\\\/\\\/buletin.de\\\/bucuresti\\\/#organization\"},\"potentialAction\":[{\"@type\":\"SearchAction\",\"target\":{\"@type\":\"EntryPoint\",\"urlTemplate\":\"https:\\\/\\\/buletin.de\\\/bucuresti\\\/?s={search_term_string}\"},\"query-input\":{\"@type\":\"PropertyValueSpecification\",\"valueRequired\":true,\"valueName\":\"search_term_string\"}}],\"inLanguage\":\"en-GB\"},{\"@type\":\"Organization\",\"@id\":\"https:\\\/\\\/buletin.de\\\/bucuresti\\\/#organization\",\"name\":\"Buletin de Bucure\u0219ti\",\"url\":\"https:\\\/\\\/buletin.de\\\/bucuresti\\\/\",\"logo\":{\"@type\":\"ImageObject\",\"inLanguage\":\"en-GB\",\"@id\":\"https:\\\/\\\/buletin.de\\\/bucuresti\\\/#\\\/schema\\\/logo\\\/image\\\/\",\"url\":\"https:\\\/\\\/buletin.de\\\/bucuresti\\\/wp-content\\\/uploads\\\/logo-bdb-full-wide-vernil-transparent.png\",\"contentUrl\":\"https:\\\/\\\/buletin.de\\\/bucuresti\\\/wp-content\\\/uploads\\\/logo-bdb-full-wide-vernil-transparent.png\",\"width\":1782,\"height\":626,\"caption\":\"Buletin de Bucure\u0219ti\"},\"image\":{\"@id\":\"https:\\\/\\\/buletin.de\\\/bucuresti\\\/#\\\/schema\\\/logo\\\/image\\\/\"},\"sameAs\":[\"https:\\\/\\\/www.facebook.com\\\/buletin.de.buc\",\"https:\\\/\\\/www.instagram.com\\\/buletinde.bucuresti\\\/\"]},{\"@type\":\"Person\",\"@id\":\"https:\\\/\\\/buletin.de\\\/bucuresti\\\/#\\\/schema\\\/person\\\/bfa22994f12f5d3353b170aca494f1f9\",\"name\":\"Anamaria Nedelcoff\",\"image\":{\"@type\":\"ImageObject\",\"inLanguage\":\"en-GB\",\"@id\":\"https:\\\/\\\/secure.gravatar.com\\\/avatar\\\/409df91a26b98006111557131cc35236962765b734317e1dcf94c6bc1d010629?s=96&d=monsterid&r=g9bc3ae6c8e1522e913d1a0debd6aec89\",\"url\":\"https:\\\/\\\/secure.gravatar.com\\\/avatar\\\/409df91a26b98006111557131cc35236962765b734317e1dcf94c6bc1d010629?s=96&d=monsterid&r=g\",\"contentUrl\":\"https:\\\/\\\/secure.gravatar.com\\\/avatar\\\/409df91a26b98006111557131cc35236962765b734317e1dcf94c6bc1d010629?s=96&d=monsterid&r=g\",\"caption\":\"Anamaria Nedelcoff\"},\"url\":\"https:\\\/\\\/buletin.de\\\/bucuresti\\\/author\\\/nedelcoff\\\/\"}]}<\/script>\n<!-- \/ Yoast SEO Premium plugin. -->","yoast_head_json":{"title":"Plan\u015feul peste D\u00e2mbovi\u0163a are nevoie de peste 750 de milioane de lei pentru repara\u0163ii. Banii vor veni prin programul \"Anghel Saligny\" - Buletin de Bucure\u0219ti","robots":{"index":"index","follow":"follow","max-snippet":"max-snippet:-1","max-image-preview":"max-image-preview:large","max-video-preview":"max-video-preview:-1"},"canonical":"https:\/\/buletin.de\/bucuresti\/planseul-peste-dambovita-are-nevoie-de-peste-750-de-milioane-de-lei-pentru-reparatii-banii-vor-veni-prin-programul-anghel-saligny\/","og_locale":"en_GB","og_type":"article","og_title":"Plan\u015feul peste D\u00e2mbovi\u0163a are nevoie de peste 750 de milioane de lei pentru repara\u0163ii. Banii vor veni prin programul \"Anghel Saligny\"","og_description":"Guvernul a elaborat o ordonan\u0163\u0103 de urgen\u0163\u0103 prin care se vor acorda peste 750 de milioane de lei pentru repararea plan\u015feului peste r\u00e2ul D\u00e2mbovi\u0163a \u00een Pia\u0163a Unirii, care risc\u0103 s\u0103 se pr\u0103bu\u015feasc\u0103. Banii vor veni prin programul na\u0163ional de investi\u0163ii \u201cAnghel Saligny\u201d. \u00cen momentul de fa\u0163\u0103, proiectul se afl\u0103 \u00een dezbatere public\u0103. Luna trecut\u0103, Prim\u0103ria [&hellip;]","og_url":"https:\/\/buletin.de\/bucuresti\/planseul-peste-dambovita-are-nevoie-de-peste-750-de-milioane-de-lei-pentru-reparatii-banii-vor-veni-prin-programul-anghel-saligny\/","og_site_name":"Buletin de Bucure\u0219ti","article_publisher":"https:\/\/www.facebook.com\/buletin.de.buc","article_published_time":"2023-04-18T11:35:51+00:00","og_image":[{"width":1037,"height":783,"url":"https:\/\/buletin.de\/bucuresti\/wp-content\/uploads\/expertiza_2022_planseu_unirii-28_1.jpg","type":"image\/jpeg"}],"author":"Anamaria Nedelcoff","twitter_card":"summary_large_image","twitter_misc":{"Written by":"Anamaria Nedelcoff","Estimated reading time":"2 minutes"},"schema":{"@context":"https:\/\/schema.org","@graph":[{"@type":"Article","@id":"https:\/\/buletin.de\/bucuresti\/planseul-peste-dambovita-are-nevoie-de-peste-750-de-milioane-de-lei-pentru-reparatii-banii-vor-veni-prin-programul-anghel-saligny\/#article","isPartOf":{"@id":"https:\/\/buletin.de\/bucuresti\/planseul-peste-dambovita-are-nevoie-de-peste-750-de-milioane-de-lei-pentru-reparatii-banii-vor-veni-prin-programul-anghel-saligny\/"},"author":{"name":"Anamaria Nedelcoff","@id":"https:\/\/buletin.de\/bucuresti\/#\/schema\/person\/bfa22994f12f5d3353b170aca494f1f9"},"headline":"Plan\u015feul peste D\u00e2mbovi\u0163a are nevoie de peste 750 de milioane de lei pentru repara\u0163ii. Banii vor veni prin programul &#8220;Anghel Saligny&#8221;","datePublished":"2023-04-18T11:35:51+00:00","mainEntityOfPage":{"@id":"https:\/\/buletin.de\/bucuresti\/planseul-peste-dambovita-are-nevoie-de-peste-750-de-milioane-de-lei-pentru-reparatii-banii-vor-veni-prin-programul-anghel-saligny\/"},"wordCount":402,"publisher":{"@id":"https:\/\/buletin.de\/bucuresti\/#organization"},"image":{"@id":"https:\/\/buletin.de\/bucuresti\/planseul-peste-dambovita-are-nevoie-de-peste-750-de-milioane-de-lei-pentru-reparatii-banii-vor-veni-prin-programul-anghel-saligny\/#primaryimage"},"thumbnailUrl":"https:\/\/buletin.de\/bucuresti\/wp-content\/uploads\/expertiza_2022_planseu_unirii-28_1.jpg","articleSection":["\u0218tiri"],"inLanguage":"en-GB","copyrightYear":"2023","copyrightHolder":{"@id":"https:\/\/buletin.de\/bucuresti\/#organization"}},{"@type":"WebPage","@id":"https:\/\/buletin.de\/bucuresti\/planseul-peste-dambovita-are-nevoie-de-peste-750-de-milioane-de-lei-pentru-reparatii-banii-vor-veni-prin-programul-anghel-saligny\/","url":"https:\/\/buletin.de\/bucuresti\/planseul-peste-dambovita-are-nevoie-de-peste-750-de-milioane-de-lei-pentru-reparatii-banii-vor-veni-prin-programul-anghel-saligny\/","name":"Plan\u015feul peste D\u00e2mbovi\u0163a are nevoie de peste 750 de milioane de lei pentru repara\u0163ii. Banii vor veni prin programul \"Anghel Saligny\" - Buletin de Bucure\u0219ti","isPartOf":{"@id":"https:\/\/buletin.de\/bucuresti\/#website"},"primaryImageOfPage":{"@id":"https:\/\/buletin.de\/bucuresti\/planseul-peste-dambovita-are-nevoie-de-peste-750-de-milioane-de-lei-pentru-reparatii-banii-vor-veni-prin-programul-anghel-saligny\/#primaryimage"},"image":{"@id":"https:\/\/buletin.de\/bucuresti\/planseul-peste-dambovita-are-nevoie-de-peste-750-de-milioane-de-lei-pentru-reparatii-banii-vor-veni-prin-programul-anghel-saligny\/#primaryimage"},"thumbnailUrl":"https:\/\/buletin.de\/bucuresti\/wp-content\/uploads\/expertiza_2022_planseu_unirii-28_1.jpg","datePublished":"2023-04-18T11:35:51+00:00","breadcrumb":{"@id":"https:\/\/buletin.de\/bucuresti\/planseul-peste-dambovita-are-nevoie-de-peste-750-de-milioane-de-lei-pentru-reparatii-banii-vor-veni-prin-programul-anghel-saligny\/#breadcrumb"},"inLanguage":"en-GB","potentialAction":[{"@type":"ReadAction","target":["https:\/\/buletin.de\/bucuresti\/planseul-peste-dambovita-are-nevoie-de-peste-750-de-milioane-de-lei-pentru-reparatii-banii-vor-veni-prin-programul-anghel-saligny\/"]}]},{"@type":"ImageObject","inLanguage":"en-GB","@id":"https:\/\/buletin.de\/bucuresti\/planseul-peste-dambovita-are-nevoie-de-peste-750-de-milioane-de-lei-pentru-reparatii-banii-vor-veni-prin-programul-anghel-saligny\/#primaryimage","url":"https:\/\/buletin.de\/bucuresti\/wp-content\/uploads\/expertiza_2022_planseu_unirii-28_1.jpg","contentUrl":"https:\/\/buletin.de\/bucuresti\/wp-content\/uploads\/expertiza_2022_planseu_unirii-28_1.jpg","width":1037,"height":783,"caption":"Lucr\u0103rile la plan\u0219eul de la Pia\u021ba Unirii sunt urgente. Placa de beton este degradat\u0103"},{"@type":"BreadcrumbList","@id":"https:\/\/buletin.de\/bucuresti\/planseul-peste-dambovita-are-nevoie-de-peste-750-de-milioane-de-lei-pentru-reparatii-banii-vor-veni-prin-programul-anghel-saligny\/#breadcrumb","itemListElement":[{"@type":"ListItem","position":1,"name":"Acas\u0103","item":"https:\/\/buletin.de\/bucuresti\/"},{"@type":"ListItem","position":2,"name":"Plan\u015feul peste D\u00e2mbovi\u0163a are nevoie de peste 750 de milioane de lei pentru repara\u0163ii. Banii vor veni prin programul &#8220;Anghel Saligny&#8221;"}]},{"@type":"WebSite","@id":"https:\/\/buletin.de\/bucuresti\/#website","url":"https:\/\/buletin.de\/bucuresti\/","name":"Buletin de Bucure\u0219ti","description":"\u0218tiri \u0219i investiga\u021bii esen\u021biale din capital\u0103","publisher":{"@id":"https:\/\/buletin.de\/bucuresti\/#organization"},"potentialAction":[{"@type":"SearchAction","target":{"@type":"EntryPoint","urlTemplate":"https:\/\/buletin.de\/bucuresti\/?s={search_term_string}"},"query-input":{"@type":"PropertyValueSpecification","valueRequired":true,"valueName":"search_term_string"}}],"inLanguage":"en-GB"},{"@type":"Organization","@id":"https:\/\/buletin.de\/bucuresti\/#organization","name":"Buletin de Bucure\u0219ti","url":"https:\/\/buletin.de\/bucuresti\/","logo":{"@type":"ImageObject","inLanguage":"en-GB","@id":"https:\/\/buletin.de\/bucuresti\/#\/schema\/logo\/image\/","url":"https:\/\/buletin.de\/bucuresti\/wp-content\/uploads\/logo-bdb-full-wide-vernil-transparent.png","contentUrl":"https:\/\/buletin.de\/bucuresti\/wp-content\/uploads\/logo-bdb-full-wide-vernil-transparent.png","width":1782,"height":626,"caption":"Buletin de Bucure\u0219ti"},"image":{"@id":"https:\/\/buletin.de\/bucuresti\/#\/schema\/logo\/image\/"},"sameAs":["https:\/\/www.facebook.com\/buletin.de.buc","https:\/\/www.instagram.com\/buletinde.bucuresti\/"]},{"@type":"Person","@id":"https:\/\/buletin.de\/bucuresti\/#\/schema\/person\/bfa22994f12f5d3353b170aca494f1f9","name":"Anamaria Nedelcoff","image":{"@type":"ImageObject","inLanguage":"en-GB","@id":"https:\/\/secure.gravatar.com\/avatar\/409df91a26b98006111557131cc35236962765b734317e1dcf94c6bc1d010629?s=96&d=monsterid&r=g9bc3ae6c8e1522e913d1a0debd6aec89","url":"https:\/\/secure.gravatar.com\/avatar\/409df91a26b98006111557131cc35236962765b734317e1dcf94c6bc1d010629?s=96&d=monsterid&r=g","contentUrl":"https:\/\/secure.gravatar.com\/avatar\/409df91a26b98006111557131cc35236962765b734317e1dcf94c6bc1d010629?s=96&d=monsterid&r=g","caption":"Anamaria Nedelcoff"},"url":"https:\/\/buletin.de\/bucuresti\/author\/nedelcoff\/"}]}},"authors":[{"term_id":22601,"user_id":38,"is_guest":0,"slug":"nedelcoff","display_name":"Anamaria Nedelcoff","avatar_url":"https:\/\/secure.gravatar.com\/avatar\/409df91a26b98006111557131cc35236962765b734317e1dcf94c6bc1d010629?s=96&d=monsterid&r=g","0":null,"1":"","2":"","3":"","4":"","5":"","6":"","7":"","8":""}],"_links":{"self":[{"href":"https:\/\/buletin.de\/bucuresti\/wp-json\/wp\/v2\/posts\/57700","targetHints":{"allow":["GET"]}}],"collection":[{"href":"https:\/\/buletin.de\/bucuresti\/wp-json\/wp\/v2\/posts"}],"about":[{"href":"https:\/\/buletin.de\/bucuresti\/wp-json\/wp\/v2\/types\/post"}],"author":[{"embeddable":true,"href":"https:\/\/buletin.de\/bucuresti\/wp-json\/wp\/v2\/users\/38"}],"replies":[{"embeddable":true,"href":"https:\/\/buletin.de\/bucuresti\/wp-json\/wp\/v2\/comments?post=57700"}],"version-history":[{"count":1,"href":"https:\/\/buletin.de\/bucuresti\/wp-json\/wp\/v2\/posts\/57700\/revisions"}],"predecessor-version":[{"id":57704,"href":"https:\/\/buletin.de\/bucuresti\/wp-json\/wp\/v2\/posts\/57700\/revisions\/57704"}],"wp:featuredmedia":[{"embeddable":true,"href":"https:\/\/buletin.de\/bucuresti\/wp-json\/wp\/v2\/media\/52139"}],"wp:attachment":[{"href":"https:\/\/buletin.de\/bucuresti\/wp-json\/wp\/v2\/media?parent=57700"}],"wp:term":[{"taxonomy":"category","embeddable":true,"href":"https:\/\/buletin.de\/bucuresti\/wp-json\/wp\/v2\/categories?post=57700"},{"taxonomy":"post_tag","embeddable":true,"href":"https:\/\/buletin.de\/bucuresti\/wp-json\/wp\/v2\/tags?post=57700"},{"taxonomy":"author","embeddable":true,"href":"https:\/\/buletin.de\/bucuresti\/wp-json\/wp\/v2\/ppma_author?post=57700"}],"curies":[{"name":"wp","href":"https:\/\/api.w.org\/{rel}","templated":true}]}}