{"id":57618,"date":"2023-04-13T11:00:06","date_gmt":"2023-04-13T09:00:06","guid":{"rendered":"https:\/\/buletin.de\/bucuresti\/?p=57618"},"modified":"2023-04-13T11:00:07","modified_gmt":"2023-04-13T09:00:07","slug":"programul-stb-si-metrorex-de-paste-2023-cum-vor-circula-mijloacele-de-transport-in-comun","status":"publish","type":"post","link":"https:\/\/buletin.de\/bucuresti\/programul-stb-si-metrorex-de-paste-2023-cum-vor-circula-mijloacele-de-transport-in-comun\/","title":{"rendered":"Programul STB \u0219i Metrorex de Pa\u0219te 2023. Cum vor circula mijloacele de transport \u00een comun"},"content":{"rendered":"\n<p>Autobuzele, troleibuzele \u0219i tramvaiele din Bucure\u0219ti vor circula dup\u0103 un program special de Pa\u0219te 2023. Astfel, \u00een Vinerea Mare \u0219i \u00een a doua zi de Pa\u0219te, liniile de transport public vor func\u0163iona conform programului unei zile de duminic\u01ce.  <\/p>\n\n\n\n<p>\u00cen&nbsp;noaptea de \u00cenviere, 15\/16.04.2023, serviciul de transport public va fi asigurat de autobuzele liniilor de noapte \u0219i de cele ale liniei 783, conform programului obi\u0219nuit. <\/p>\n\n\n\n<p>Suplimentar, STB SA va men\u021bine \u00een circula\u021bie p\u00e2n\u0103 la ora 03:00&nbsp;tramvaiele&nbsp;liniei 41, care vor circula la intervale de 20 de minute.<\/p>\n\n\n\n<p>Programele de circula\u021bie pentru fiecare linie de transport vor putea fi accesate la acest link:&nbsp;<a href=\"https:\/\/stbsa.ro\/ora_statii\">https:\/\/stbsa.ro\/ora_statii<\/a>.<\/p>\n\n\n\n<p><strong>Cum va circula metroul de Pa\u0219te<\/strong><\/p>\n\n\n\n<p>Metrorex a anun\u021bat care este programul circula\u0163iei trenurilor de metrou \u00een perioada S\u0103rb\u0103torilor Pascale. \u00cen zilele de 14, 15, 16 \u015fi 17 aprilie 2023, trenurile de metrou vor circula pe toate magistralele, conform graficelor pentru zilele de weekend \u015fi s\u0103rb\u0103tori legale.<\/p>\n\n\n\n<p id=\"2\">\u00cen noaptea de \u00cenviere, trenurile de metrou vor circula \u00eentre orele 23:00 \u2013 1:00 la un interval de aproximativ 10 minute, iar de la ora 1:00 p\u00e2n\u0103 la ora 5:00, la un interval de circa 20 minute.<\/p>\n\n\n\n<p id=\"3\">Accesul \u00een metrou cu lum\u00e2n\u0103ri aprinse, candele aprinse este strict interzis pentru evitarea oric\u0103ror evenimente nedorite.<\/p>\n","protected":false},"excerpt":{"rendered":"<p>Autobuzele, troleibuzele \u0219i tramvaiele din Bucure\u0219ti vor circula dup\u0103 un program special de Pa\u0219te 2023. Astfel, \u00een Vinerea Mare \u0219i \u00een a doua zi de Pa\u0219te, liniile de transport public vor func\u0163iona conform programului unei zile de duminic\u01ce. \u00cen&nbsp;noaptea de \u00cenviere, 15\/16.04.2023, serviciul de transport public va fi asigurat de autobuzele liniilor de noapte \u0219i [&hellip;]<\/p>\n","protected":false},"author":46,"featured_media":57621,"comment_status":"closed","ping_status":"open","sticky":false,"template":"","format":"standard","meta":{"_acf_changed":false,"inline_featured_image":false,"ngg_post_thumbnail":0,"footnotes":""},"categories":[62,650],"tags":[],"ppma_author":[22605],"class_list":["post-57618","post","type-post","status-publish","format-standard","has-post-thumbnail","hentry","category-stiri","category-transport"],"acf":[],"yoast_head":"<!-- This site is optimized with the Yoast SEO Premium plugin v25.3 (Yoast SEO v27.5) - https:\/\/yoast.com\/product\/yoast-seo-premium-wordpress\/ -->\n<title>Programul STB \u0219i Metrorex de Pa\u0219te 2023. Cum vor circula mijloacele de transport \u00een comun - Buletin de Bucure\u0219ti<\/title>\n<meta name=\"robots\" content=\"index, follow, max-snippet:-1, max-image-preview:large, max-video-preview:-1\" \/>\n<link rel=\"canonical\" href=\"https:\/\/buletin.de\/bucuresti\/programul-stb-si-metrorex-de-paste-2023-cum-vor-circula-mijloacele-de-transport-in-comun\/\" \/>\n<meta property=\"og:locale\" content=\"en_GB\" \/>\n<meta property=\"og:type\" content=\"article\" \/>\n<meta property=\"og:title\" content=\"Programul STB \u0219i Metrorex de Pa\u0219te 2023. Cum vor circula mijloacele de transport \u00een comun\" \/>\n<meta property=\"og:description\" content=\"Autobuzele, troleibuzele \u0219i tramvaiele din Bucure\u0219ti vor circula dup\u0103 un program special de Pa\u0219te 2023. Astfel, \u00een Vinerea Mare \u0219i \u00een a doua zi de Pa\u0219te, liniile de transport public vor func\u0163iona conform programului unei zile de duminic\u01ce. \u00cen&nbsp;noaptea de \u00cenviere, 15\/16.04.2023, serviciul de transport public va fi asigurat de autobuzele liniilor de noapte \u0219i [&hellip;]\" \/>\n<meta property=\"og:url\" content=\"https:\/\/buletin.de\/bucuresti\/programul-stb-si-metrorex-de-paste-2023-cum-vor-circula-mijloacele-de-transport-in-comun\/\" \/>\n<meta property=\"og:site_name\" content=\"Buletin de Bucure\u0219ti\" \/>\n<meta property=\"article:publisher\" content=\"https:\/\/www.facebook.com\/buletin.de.buc\" \/>\n<meta property=\"article:published_time\" content=\"2023-04-13T09:00:06+00:00\" \/>\n<meta property=\"article:modified_time\" content=\"2023-04-13T09:00:07+00:00\" \/>\n<meta property=\"og:image\" content=\"https:\/\/buletin.de\/bucuresti\/wp-content\/uploads\/336860800_1137564833577988_7898433059775649538_n.jpg\" \/>\n\t<meta property=\"og:image:width\" content=\"1600\" \/>\n\t<meta property=\"og:image:height\" content=\"1066\" \/>\n\t<meta property=\"og:image:type\" content=\"image\/jpeg\" \/>\n<meta name=\"author\" content=\"Andreea Gelatu\" \/>\n<meta name=\"twitter:card\" content=\"summary_large_image\" \/>\n<meta name=\"twitter:label1\" content=\"Written by\" \/>\n\t<meta name=\"twitter:data1\" content=\"Andreea Gelatu\" \/>\n\t<meta name=\"twitter:label2\" content=\"Estimated reading time\" \/>\n\t<meta name=\"twitter:data2\" content=\"1 minute\" \/>\n<script type=\"application\/ld+json\" class=\"yoast-schema-graph\">{\"@context\":\"https:\\\/\\\/schema.org\",\"@graph\":[{\"@type\":\"Article\",\"@id\":\"https:\\\/\\\/buletin.de\\\/bucuresti\\\/programul-stb-si-metrorex-de-paste-2023-cum-vor-circula-mijloacele-de-transport-in-comun\\\/#article\",\"isPartOf\":{\"@id\":\"https:\\\/\\\/buletin.de\\\/bucuresti\\\/programul-stb-si-metrorex-de-paste-2023-cum-vor-circula-mijloacele-de-transport-in-comun\\\/\"},\"author\":{\"name\":\"Andreea Gelatu\",\"@id\":\"https:\\\/\\\/buletin.de\\\/bucuresti\\\/#\\\/schema\\\/person\\\/87734700b2c7f8608881f7e93b8834de\"},\"headline\":\"Programul STB \u0219i Metrorex de Pa\u0219te 2023. Cum vor circula mijloacele de transport \u00een comun\",\"datePublished\":\"2023-04-13T09:00:06+00:00\",\"dateModified\":\"2023-04-13T09:00:07+00:00\",\"mainEntityOfPage\":{\"@id\":\"https:\\\/\\\/buletin.de\\\/bucuresti\\\/programul-stb-si-metrorex-de-paste-2023-cum-vor-circula-mijloacele-de-transport-in-comun\\\/\"},\"wordCount\":228,\"publisher\":{\"@id\":\"https:\\\/\\\/buletin.de\\\/bucuresti\\\/#organization\"},\"image\":{\"@id\":\"https:\\\/\\\/buletin.de\\\/bucuresti\\\/programul-stb-si-metrorex-de-paste-2023-cum-vor-circula-mijloacele-de-transport-in-comun\\\/#primaryimage\"},\"thumbnailUrl\":\"https:\\\/\\\/buletin.de\\\/bucuresti\\\/wp-content\\\/uploads\\\/336860800_1137564833577988_7898433059775649538_n.jpg\",\"articleSection\":[\"\u0218tiri\",\"Transport\"],\"inLanguage\":\"en-GB\",\"copyrightYear\":\"2023\",\"copyrightHolder\":{\"@id\":\"https:\\\/\\\/buletin.de\\\/bucuresti\\\/#organization\"}},{\"@type\":\"WebPage\",\"@id\":\"https:\\\/\\\/buletin.de\\\/bucuresti\\\/programul-stb-si-metrorex-de-paste-2023-cum-vor-circula-mijloacele-de-transport-in-comun\\\/\",\"url\":\"https:\\\/\\\/buletin.de\\\/bucuresti\\\/programul-stb-si-metrorex-de-paste-2023-cum-vor-circula-mijloacele-de-transport-in-comun\\\/\",\"name\":\"Programul STB \u0219i Metrorex de Pa\u0219te 2023. Cum vor circula mijloacele de transport \u00een comun - Buletin de Bucure\u0219ti\",\"isPartOf\":{\"@id\":\"https:\\\/\\\/buletin.de\\\/bucuresti\\\/#website\"},\"primaryImageOfPage\":{\"@id\":\"https:\\\/\\\/buletin.de\\\/bucuresti\\\/programul-stb-si-metrorex-de-paste-2023-cum-vor-circula-mijloacele-de-transport-in-comun\\\/#primaryimage\"},\"image\":{\"@id\":\"https:\\\/\\\/buletin.de\\\/bucuresti\\\/programul-stb-si-metrorex-de-paste-2023-cum-vor-circula-mijloacele-de-transport-in-comun\\\/#primaryimage\"},\"thumbnailUrl\":\"https:\\\/\\\/buletin.de\\\/bucuresti\\\/wp-content\\\/uploads\\\/336860800_1137564833577988_7898433059775649538_n.jpg\",\"datePublished\":\"2023-04-13T09:00:06+00:00\",\"dateModified\":\"2023-04-13T09:00:07+00:00\",\"breadcrumb\":{\"@id\":\"https:\\\/\\\/buletin.de\\\/bucuresti\\\/programul-stb-si-metrorex-de-paste-2023-cum-vor-circula-mijloacele-de-transport-in-comun\\\/#breadcrumb\"},\"inLanguage\":\"en-GB\",\"potentialAction\":[{\"@type\":\"ReadAction\",\"target\":[\"https:\\\/\\\/buletin.de\\\/bucuresti\\\/programul-stb-si-metrorex-de-paste-2023-cum-vor-circula-mijloacele-de-transport-in-comun\\\/\"]}]},{\"@type\":\"ImageObject\",\"inLanguage\":\"en-GB\",\"@id\":\"https:\\\/\\\/buletin.de\\\/bucuresti\\\/programul-stb-si-metrorex-de-paste-2023-cum-vor-circula-mijloacele-de-transport-in-comun\\\/#primaryimage\",\"url\":\"https:\\\/\\\/buletin.de\\\/bucuresti\\\/wp-content\\\/uploads\\\/336860800_1137564833577988_7898433059775649538_n.jpg\",\"contentUrl\":\"https:\\\/\\\/buletin.de\\\/bucuresti\\\/wp-content\\\/uploads\\\/336860800_1137564833577988_7898433059775649538_n.jpg\",\"width\":1600,\"height\":1066},{\"@type\":\"BreadcrumbList\",\"@id\":\"https:\\\/\\\/buletin.de\\\/bucuresti\\\/programul-stb-si-metrorex-de-paste-2023-cum-vor-circula-mijloacele-de-transport-in-comun\\\/#breadcrumb\",\"itemListElement\":[{\"@type\":\"ListItem\",\"position\":1,\"name\":\"Acas\u0103\",\"item\":\"https:\\\/\\\/buletin.de\\\/bucuresti\\\/\"},{\"@type\":\"ListItem\",\"position\":2,\"name\":\"Programul STB \u0219i Metrorex de Pa\u0219te 2023. Cum vor circula mijloacele de transport \u00een comun\"}]},{\"@type\":\"WebSite\",\"@id\":\"https:\\\/\\\/buletin.de\\\/bucuresti\\\/#website\",\"url\":\"https:\\\/\\\/buletin.de\\\/bucuresti\\\/\",\"name\":\"Buletin de Bucure\u0219ti\",\"description\":\"\u0218tiri \u0219i investiga\u021bii esen\u021biale din capital\u0103\",\"publisher\":{\"@id\":\"https:\\\/\\\/buletin.de\\\/bucuresti\\\/#organization\"},\"potentialAction\":[{\"@type\":\"SearchAction\",\"target\":{\"@type\":\"EntryPoint\",\"urlTemplate\":\"https:\\\/\\\/buletin.de\\\/bucuresti\\\/?s={search_term_string}\"},\"query-input\":{\"@type\":\"PropertyValueSpecification\",\"valueRequired\":true,\"valueName\":\"search_term_string\"}}],\"inLanguage\":\"en-GB\"},{\"@type\":\"Organization\",\"@id\":\"https:\\\/\\\/buletin.de\\\/bucuresti\\\/#organization\",\"name\":\"Buletin de Bucure\u0219ti\",\"url\":\"https:\\\/\\\/buletin.de\\\/bucuresti\\\/\",\"logo\":{\"@type\":\"ImageObject\",\"inLanguage\":\"en-GB\",\"@id\":\"https:\\\/\\\/buletin.de\\\/bucuresti\\\/#\\\/schema\\\/logo\\\/image\\\/\",\"url\":\"https:\\\/\\\/buletin.de\\\/bucuresti\\\/wp-content\\\/uploads\\\/logo-bdb-full-wide-vernil-transparent.png\",\"contentUrl\":\"https:\\\/\\\/buletin.de\\\/bucuresti\\\/wp-content\\\/uploads\\\/logo-bdb-full-wide-vernil-transparent.png\",\"width\":1782,\"height\":626,\"caption\":\"Buletin de Bucure\u0219ti\"},\"image\":{\"@id\":\"https:\\\/\\\/buletin.de\\\/bucuresti\\\/#\\\/schema\\\/logo\\\/image\\\/\"},\"sameAs\":[\"https:\\\/\\\/www.facebook.com\\\/buletin.de.buc\",\"https:\\\/\\\/www.instagram.com\\\/buletinde.bucuresti\\\/\"]},{\"@type\":\"Person\",\"@id\":\"https:\\\/\\\/buletin.de\\\/bucuresti\\\/#\\\/schema\\\/person\\\/87734700b2c7f8608881f7e93b8834de\",\"name\":\"Andreea Gelatu\",\"image\":{\"@type\":\"ImageObject\",\"inLanguage\":\"en-GB\",\"@id\":\"https:\\\/\\\/secure.gravatar.com\\\/avatar\\\/b716eca2f984b9b65bdd87118b4b909d940b619cbe6e8cb725fe11c1b1f4194f?s=96&d=monsterid&r=g9b5eff4996c6b842a29b3057a7b4746f\",\"url\":\"https:\\\/\\\/secure.gravatar.com\\\/avatar\\\/b716eca2f984b9b65bdd87118b4b909d940b619cbe6e8cb725fe11c1b1f4194f?s=96&d=monsterid&r=g\",\"contentUrl\":\"https:\\\/\\\/secure.gravatar.com\\\/avatar\\\/b716eca2f984b9b65bdd87118b4b909d940b619cbe6e8cb725fe11c1b1f4194f?s=96&d=monsterid&r=g\",\"caption\":\"Andreea Gelatu\"},\"url\":\"https:\\\/\\\/buletin.de\\\/bucuresti\\\/author\\\/andreeagelatu\\\/\"}]}<\/script>\n<!-- \/ Yoast SEO Premium plugin. -->","yoast_head_json":{"title":"Programul STB \u0219i Metrorex de Pa\u0219te 2023. Cum vor circula mijloacele de transport \u00een comun - Buletin de Bucure\u0219ti","robots":{"index":"index","follow":"follow","max-snippet":"max-snippet:-1","max-image-preview":"max-image-preview:large","max-video-preview":"max-video-preview:-1"},"canonical":"https:\/\/buletin.de\/bucuresti\/programul-stb-si-metrorex-de-paste-2023-cum-vor-circula-mijloacele-de-transport-in-comun\/","og_locale":"en_GB","og_type":"article","og_title":"Programul STB \u0219i Metrorex de Pa\u0219te 2023. Cum vor circula mijloacele de transport \u00een comun","og_description":"Autobuzele, troleibuzele \u0219i tramvaiele din Bucure\u0219ti vor circula dup\u0103 un program special de Pa\u0219te 2023. Astfel, \u00een Vinerea Mare \u0219i \u00een a doua zi de Pa\u0219te, liniile de transport public vor func\u0163iona conform programului unei zile de duminic\u01ce. \u00cen&nbsp;noaptea de \u00cenviere, 15\/16.04.2023, serviciul de transport public va fi asigurat de autobuzele liniilor de noapte \u0219i [&hellip;]","og_url":"https:\/\/buletin.de\/bucuresti\/programul-stb-si-metrorex-de-paste-2023-cum-vor-circula-mijloacele-de-transport-in-comun\/","og_site_name":"Buletin de Bucure\u0219ti","article_publisher":"https:\/\/www.facebook.com\/buletin.de.buc","article_published_time":"2023-04-13T09:00:06+00:00","article_modified_time":"2023-04-13T09:00:07+00:00","og_image":[{"width":1600,"height":1066,"url":"https:\/\/buletin.de\/bucuresti\/wp-content\/uploads\/336860800_1137564833577988_7898433059775649538_n.jpg","type":"image\/jpeg"}],"author":"Andreea Gelatu","twitter_card":"summary_large_image","twitter_misc":{"Written by":"Andreea Gelatu","Estimated reading time":"1 minute"},"schema":{"@context":"https:\/\/schema.org","@graph":[{"@type":"Article","@id":"https:\/\/buletin.de\/bucuresti\/programul-stb-si-metrorex-de-paste-2023-cum-vor-circula-mijloacele-de-transport-in-comun\/#article","isPartOf":{"@id":"https:\/\/buletin.de\/bucuresti\/programul-stb-si-metrorex-de-paste-2023-cum-vor-circula-mijloacele-de-transport-in-comun\/"},"author":{"name":"Andreea Gelatu","@id":"https:\/\/buletin.de\/bucuresti\/#\/schema\/person\/87734700b2c7f8608881f7e93b8834de"},"headline":"Programul STB \u0219i Metrorex de Pa\u0219te 2023. Cum vor circula mijloacele de transport \u00een comun","datePublished":"2023-04-13T09:00:06+00:00","dateModified":"2023-04-13T09:00:07+00:00","mainEntityOfPage":{"@id":"https:\/\/buletin.de\/bucuresti\/programul-stb-si-metrorex-de-paste-2023-cum-vor-circula-mijloacele-de-transport-in-comun\/"},"wordCount":228,"publisher":{"@id":"https:\/\/buletin.de\/bucuresti\/#organization"},"image":{"@id":"https:\/\/buletin.de\/bucuresti\/programul-stb-si-metrorex-de-paste-2023-cum-vor-circula-mijloacele-de-transport-in-comun\/#primaryimage"},"thumbnailUrl":"https:\/\/buletin.de\/bucuresti\/wp-content\/uploads\/336860800_1137564833577988_7898433059775649538_n.jpg","articleSection":["\u0218tiri","Transport"],"inLanguage":"en-GB","copyrightYear":"2023","copyrightHolder":{"@id":"https:\/\/buletin.de\/bucuresti\/#organization"}},{"@type":"WebPage","@id":"https:\/\/buletin.de\/bucuresti\/programul-stb-si-metrorex-de-paste-2023-cum-vor-circula-mijloacele-de-transport-in-comun\/","url":"https:\/\/buletin.de\/bucuresti\/programul-stb-si-metrorex-de-paste-2023-cum-vor-circula-mijloacele-de-transport-in-comun\/","name":"Programul STB \u0219i Metrorex de Pa\u0219te 2023. Cum vor circula mijloacele de transport \u00een comun - Buletin de Bucure\u0219ti","isPartOf":{"@id":"https:\/\/buletin.de\/bucuresti\/#website"},"primaryImageOfPage":{"@id":"https:\/\/buletin.de\/bucuresti\/programul-stb-si-metrorex-de-paste-2023-cum-vor-circula-mijloacele-de-transport-in-comun\/#primaryimage"},"image":{"@id":"https:\/\/buletin.de\/bucuresti\/programul-stb-si-metrorex-de-paste-2023-cum-vor-circula-mijloacele-de-transport-in-comun\/#primaryimage"},"thumbnailUrl":"https:\/\/buletin.de\/bucuresti\/wp-content\/uploads\/336860800_1137564833577988_7898433059775649538_n.jpg","datePublished":"2023-04-13T09:00:06+00:00","dateModified":"2023-04-13T09:00:07+00:00","breadcrumb":{"@id":"https:\/\/buletin.de\/bucuresti\/programul-stb-si-metrorex-de-paste-2023-cum-vor-circula-mijloacele-de-transport-in-comun\/#breadcrumb"},"inLanguage":"en-GB","potentialAction":[{"@type":"ReadAction","target":["https:\/\/buletin.de\/bucuresti\/programul-stb-si-metrorex-de-paste-2023-cum-vor-circula-mijloacele-de-transport-in-comun\/"]}]},{"@type":"ImageObject","inLanguage":"en-GB","@id":"https:\/\/buletin.de\/bucuresti\/programul-stb-si-metrorex-de-paste-2023-cum-vor-circula-mijloacele-de-transport-in-comun\/#primaryimage","url":"https:\/\/buletin.de\/bucuresti\/wp-content\/uploads\/336860800_1137564833577988_7898433059775649538_n.jpg","contentUrl":"https:\/\/buletin.de\/bucuresti\/wp-content\/uploads\/336860800_1137564833577988_7898433059775649538_n.jpg","width":1600,"height":1066},{"@type":"BreadcrumbList","@id":"https:\/\/buletin.de\/bucuresti\/programul-stb-si-metrorex-de-paste-2023-cum-vor-circula-mijloacele-de-transport-in-comun\/#breadcrumb","itemListElement":[{"@type":"ListItem","position":1,"name":"Acas\u0103","item":"https:\/\/buletin.de\/bucuresti\/"},{"@type":"ListItem","position":2,"name":"Programul STB \u0219i Metrorex de Pa\u0219te 2023. Cum vor circula mijloacele de transport \u00een comun"}]},{"@type":"WebSite","@id":"https:\/\/buletin.de\/bucuresti\/#website","url":"https:\/\/buletin.de\/bucuresti\/","name":"Buletin de Bucure\u0219ti","description":"\u0218tiri \u0219i investiga\u021bii esen\u021biale din capital\u0103","publisher":{"@id":"https:\/\/buletin.de\/bucuresti\/#organization"},"potentialAction":[{"@type":"SearchAction","target":{"@type":"EntryPoint","urlTemplate":"https:\/\/buletin.de\/bucuresti\/?s={search_term_string}"},"query-input":{"@type":"PropertyValueSpecification","valueRequired":true,"valueName":"search_term_string"}}],"inLanguage":"en-GB"},{"@type":"Organization","@id":"https:\/\/buletin.de\/bucuresti\/#organization","name":"Buletin de Bucure\u0219ti","url":"https:\/\/buletin.de\/bucuresti\/","logo":{"@type":"ImageObject","inLanguage":"en-GB","@id":"https:\/\/buletin.de\/bucuresti\/#\/schema\/logo\/image\/","url":"https:\/\/buletin.de\/bucuresti\/wp-content\/uploads\/logo-bdb-full-wide-vernil-transparent.png","contentUrl":"https:\/\/buletin.de\/bucuresti\/wp-content\/uploads\/logo-bdb-full-wide-vernil-transparent.png","width":1782,"height":626,"caption":"Buletin de Bucure\u0219ti"},"image":{"@id":"https:\/\/buletin.de\/bucuresti\/#\/schema\/logo\/image\/"},"sameAs":["https:\/\/www.facebook.com\/buletin.de.buc","https:\/\/www.instagram.com\/buletinde.bucuresti\/"]},{"@type":"Person","@id":"https:\/\/buletin.de\/bucuresti\/#\/schema\/person\/87734700b2c7f8608881f7e93b8834de","name":"Andreea Gelatu","image":{"@type":"ImageObject","inLanguage":"en-GB","@id":"https:\/\/secure.gravatar.com\/avatar\/b716eca2f984b9b65bdd87118b4b909d940b619cbe6e8cb725fe11c1b1f4194f?s=96&d=monsterid&r=g9b5eff4996c6b842a29b3057a7b4746f","url":"https:\/\/secure.gravatar.com\/avatar\/b716eca2f984b9b65bdd87118b4b909d940b619cbe6e8cb725fe11c1b1f4194f?s=96&d=monsterid&r=g","contentUrl":"https:\/\/secure.gravatar.com\/avatar\/b716eca2f984b9b65bdd87118b4b909d940b619cbe6e8cb725fe11c1b1f4194f?s=96&d=monsterid&r=g","caption":"Andreea Gelatu"},"url":"https:\/\/buletin.de\/bucuresti\/author\/andreeagelatu\/"}]}},"authors":[{"term_id":22605,"user_id":46,"is_guest":0,"slug":"andreeagelatu","display_name":"Andreea Gelatu","avatar_url":"https:\/\/secure.gravatar.com\/avatar\/b716eca2f984b9b65bdd87118b4b909d940b619cbe6e8cb725fe11c1b1f4194f?s=96&d=monsterid&r=g","0":null,"1":"","2":"","3":"","4":"","5":"","6":"","7":"","8":""}],"_links":{"self":[{"href":"https:\/\/buletin.de\/bucuresti\/wp-json\/wp\/v2\/posts\/57618","targetHints":{"allow":["GET"]}}],"collection":[{"href":"https:\/\/buletin.de\/bucuresti\/wp-json\/wp\/v2\/posts"}],"about":[{"href":"https:\/\/buletin.de\/bucuresti\/wp-json\/wp\/v2\/types\/post"}],"author":[{"embeddable":true,"href":"https:\/\/buletin.de\/bucuresti\/wp-json\/wp\/v2\/users\/46"}],"replies":[{"embeddable":true,"href":"https:\/\/buletin.de\/bucuresti\/wp-json\/wp\/v2\/comments?post=57618"}],"version-history":[{"count":2,"href":"https:\/\/buletin.de\/bucuresti\/wp-json\/wp\/v2\/posts\/57618\/revisions"}],"predecessor-version":[{"id":57622,"href":"https:\/\/buletin.de\/bucuresti\/wp-json\/wp\/v2\/posts\/57618\/revisions\/57622"}],"wp:featuredmedia":[{"embeddable":true,"href":"https:\/\/buletin.de\/bucuresti\/wp-json\/wp\/v2\/media\/57621"}],"wp:attachment":[{"href":"https:\/\/buletin.de\/bucuresti\/wp-json\/wp\/v2\/media?parent=57618"}],"wp:term":[{"taxonomy":"category","embeddable":true,"href":"https:\/\/buletin.de\/bucuresti\/wp-json\/wp\/v2\/categories?post=57618"},{"taxonomy":"post_tag","embeddable":true,"href":"https:\/\/buletin.de\/bucuresti\/wp-json\/wp\/v2\/tags?post=57618"},{"taxonomy":"author","embeddable":true,"href":"https:\/\/buletin.de\/bucuresti\/wp-json\/wp\/v2\/ppma_author?post=57618"}],"curies":[{"name":"wp","href":"https:\/\/api.w.org\/{rel}","templated":true}]}}