{"id":57614,"date":"2023-04-12T20:36:23","date_gmt":"2023-04-12T18:36:23","guid":{"rendered":"https:\/\/buletin.de\/bucuresti\/?p=57614"},"modified":"2023-04-12T20:36:24","modified_gmt":"2023-04-12T18:36:24","slug":"nicusor-dan-ia-in-considerare-un-nou-mandat-la-primaria-capitalei","status":"publish","type":"post","link":"https:\/\/buletin.de\/bucuresti\/nicusor-dan-ia-in-considerare-un-nou-mandat-la-primaria-capitalei\/","title":{"rendered":"Nicu\u0219or Dan ia \u00een considerare un nou mandat la Prim\u0103ria Capitalei"},"content":{"rendered":"\n<p>Primarul general Nicu\u0219or Dan dore\u0219te s\u0103 candideze pentru un al doilea mandat la Prim\u0103ria Capitalei. Potrivit hotnews.ro, edilul argumenteaz\u0103 c\u0103 este singurul care ar reu\u0219i s\u0103 se opun\u0103 \u201emafiei imobiliare\u201d.<\/p>\n\n\n\n<p>\u00cen timp ce liderul PSD, Marcel Ciolacu, a anun\u021bat c\u0103 Gabriela Firea va fi candidatul PSD pentru Prim\u0103ria Capitalei, PNL i-a oferit lui Nicu\u0219or Dan, \u00een februarie, zece obiective de \u00eendeplinit \u00een \u0219ase luni, pentru a men\u021bine sprijinul politic. Acestea f\u0103ceau referire la:<br>-investi\u021bii \u00een termoficare,<br>-cre\u0219terea ritmului de execu\u021bie a marilor proiecte de investi\u021bii,<br>-cre\u0219terea calit\u0103\u021bii serviciilor publice de transport,<br>-digitalizarea \u0219i eficientizarea serviciilor publice,<br>-demararea reformelor institu\u021bionale,<br>-cre\u0219terea transparen\u021bei institu\u021bionale,<br>-revitalizarea parcurilor \u0219i \u00eenl\u0103turarea pericolelor reprezentate de arborii bolnavi,<br>-consolidarea cl\u0103dirilor cu risc seismic,<br>-asumarea prin ac\u021biuni concrete a politicii de urbanism a Bucure\u0219tiului, cu accent pe zonele centrale,<br>-crearea unui sistem de planificare de investi\u021bii care s\u0103 integreze to\u021bi de\u021bin\u0103torii de re\u021bele.<br>La alegerile trecute edilul Capitalei a fost sus\u021binut de PNL la prim\u0103rie, \u00eens\u0103 a pierdut \u00eentre timp sprijinul liberalilor. Ciprian Ciucu, fostul lider PNL Bucure\u0219ti, a evitat s\u0103 se pozi\u021bioneze \u00eempotriva lui Nicu\u0219or Dan. Pre\u015fedintele PNL Sector 1, Sebastian Burduja, a afirmat c\u0103 este \u201esceptic\u201d \u00een ceea ce prive\u0219te sus\u021binerea de c\u0103tre PNL a actualului primar al Capitalei.<br>\u201eEu sunt sceptic, cu tot respectul pentru domnul Nicu\u015for Dan. \u00cel \u015ftiu de mul\u0163i ani de zile, cred c\u0103 are bune inten\u0163ii, dar, p\u00e2n\u0103 acum, nu cred c\u0103 a livrat pentru Bucure\u015fti, cel pu\u0163in la nivelul a\u015ftept\u0103rilor bucure\u015ftenilor\u201d, a afirmat Burduja pentru Digi24.<\/p>\n\n\n\n<p>\u00cen acela\u0219i timp, Marcel Ciolacu a anun\u021bat c\u0103 Gabriela Firea este candidatul PSD la Prim\u0103ria Capitalei. \u201eGabriela Firea este candidatul PSD la Prim\u0103ria General\u0103 a Capitalei\u201d, a declarat acesta pentru Rom\u00e2nia TV.<br><br>Surs\u0103 foto: Pagina de Facebook Nicu\u0219or Dan<\/p>\n","protected":false},"excerpt":{"rendered":"<p>Primarul general Nicu\u0219or Dan dore\u0219te s\u0103 candideze pentru un al doilea mandat la Prim\u0103ria Capitalei. Potrivit hotnews.ro, edilul argumenteaz\u0103 c\u0103 este singurul care ar reu\u0219i s\u0103 se opun\u0103 \u201emafiei imobiliare\u201d. \u00cen timp ce liderul PSD, Marcel Ciolacu, a anun\u021bat c\u0103 Gabriela Firea va fi candidatul PSD pentru Prim\u0103ria Capitalei, PNL i-a oferit lui Nicu\u0219or Dan, [&hellip;]<\/p>\n","protected":false},"author":45,"featured_media":57615,"comment_status":"closed","ping_status":"open","sticky":false,"template":"","format":"standard","meta":{"_acf_changed":false,"inline_featured_image":false,"ngg_post_thumbnail":0,"footnotes":""},"categories":[62],"tags":[],"ppma_author":[22604],"class_list":["post-57614","post","type-post","status-publish","format-standard","has-post-thumbnail","hentry","category-stiri"],"acf":[],"yoast_head":"<!-- This site is optimized with the Yoast SEO Premium plugin v25.3 (Yoast SEO v27.5) - https:\/\/yoast.com\/product\/yoast-seo-premium-wordpress\/ -->\n<title>Nicu\u0219or Dan ia \u00een considerare un nou mandat la Prim\u0103ria Capitalei - Buletin de Bucure\u0219ti<\/title>\n<meta name=\"robots\" content=\"index, follow, max-snippet:-1, max-image-preview:large, max-video-preview:-1\" \/>\n<link rel=\"canonical\" href=\"https:\/\/buletin.de\/bucuresti\/nicusor-dan-ia-in-considerare-un-nou-mandat-la-primaria-capitalei\/\" \/>\n<meta property=\"og:locale\" content=\"en_GB\" \/>\n<meta property=\"og:type\" content=\"article\" \/>\n<meta property=\"og:title\" content=\"Nicu\u0219or Dan ia \u00een considerare un nou mandat la Prim\u0103ria Capitalei\" \/>\n<meta property=\"og:description\" content=\"Primarul general Nicu\u0219or Dan dore\u0219te s\u0103 candideze pentru un al doilea mandat la Prim\u0103ria Capitalei. Potrivit hotnews.ro, edilul argumenteaz\u0103 c\u0103 este singurul care ar reu\u0219i s\u0103 se opun\u0103 \u201emafiei imobiliare\u201d. \u00cen timp ce liderul PSD, Marcel Ciolacu, a anun\u021bat c\u0103 Gabriela Firea va fi candidatul PSD pentru Prim\u0103ria Capitalei, PNL i-a oferit lui Nicu\u0219or Dan, [&hellip;]\" \/>\n<meta property=\"og:url\" content=\"https:\/\/buletin.de\/bucuresti\/nicusor-dan-ia-in-considerare-un-nou-mandat-la-primaria-capitalei\/\" \/>\n<meta property=\"og:site_name\" content=\"Buletin de Bucure\u0219ti\" \/>\n<meta property=\"article:publisher\" content=\"https:\/\/www.facebook.com\/buletin.de.buc\" \/>\n<meta property=\"article:published_time\" content=\"2023-04-12T18:36:23+00:00\" \/>\n<meta property=\"article:modified_time\" content=\"2023-04-12T18:36:24+00:00\" \/>\n<meta property=\"og:image\" content=\"https:\/\/buletin.de\/bucuresti\/wp-content\/uploads\/339917933_1571477366673782_5496000628836954550_n.jpg\" \/>\n\t<meta property=\"og:image:width\" content=\"1024\" \/>\n\t<meta property=\"og:image:height\" content=\"682\" \/>\n\t<meta property=\"og:image:type\" content=\"image\/jpeg\" \/>\n<meta name=\"author\" content=\"Teodora \u0218uta\" \/>\n<meta name=\"twitter:card\" content=\"summary_large_image\" \/>\n<meta name=\"twitter:label1\" content=\"Written by\" \/>\n\t<meta name=\"twitter:data1\" content=\"Teodora \u0218uta\" \/>\n\t<meta name=\"twitter:label2\" content=\"Estimated reading time\" \/>\n\t<meta name=\"twitter:data2\" content=\"2 minutes\" \/>\n<script type=\"application\/ld+json\" class=\"yoast-schema-graph\">{\"@context\":\"https:\\\/\\\/schema.org\",\"@graph\":[{\"@type\":\"Article\",\"@id\":\"https:\\\/\\\/buletin.de\\\/bucuresti\\\/nicusor-dan-ia-in-considerare-un-nou-mandat-la-primaria-capitalei\\\/#article\",\"isPartOf\":{\"@id\":\"https:\\\/\\\/buletin.de\\\/bucuresti\\\/nicusor-dan-ia-in-considerare-un-nou-mandat-la-primaria-capitalei\\\/\"},\"author\":{\"name\":\"Teodora \u0218uta\",\"@id\":\"https:\\\/\\\/buletin.de\\\/bucuresti\\\/#\\\/schema\\\/person\\\/5d54908fa90ab7ad3b2e88152efd6845\"},\"headline\":\"Nicu\u0219or Dan ia \u00een considerare un nou mandat la Prim\u0103ria Capitalei\",\"datePublished\":\"2023-04-12T18:36:23+00:00\",\"dateModified\":\"2023-04-12T18:36:24+00:00\",\"mainEntityOfPage\":{\"@id\":\"https:\\\/\\\/buletin.de\\\/bucuresti\\\/nicusor-dan-ia-in-considerare-un-nou-mandat-la-primaria-capitalei\\\/\"},\"wordCount\":350,\"publisher\":{\"@id\":\"https:\\\/\\\/buletin.de\\\/bucuresti\\\/#organization\"},\"image\":{\"@id\":\"https:\\\/\\\/buletin.de\\\/bucuresti\\\/nicusor-dan-ia-in-considerare-un-nou-mandat-la-primaria-capitalei\\\/#primaryimage\"},\"thumbnailUrl\":\"https:\\\/\\\/buletin.de\\\/bucuresti\\\/wp-content\\\/uploads\\\/339917933_1571477366673782_5496000628836954550_n.jpg\",\"articleSection\":[\"\u0218tiri\"],\"inLanguage\":\"en-GB\",\"copyrightYear\":\"2023\",\"copyrightHolder\":{\"@id\":\"https:\\\/\\\/buletin.de\\\/bucuresti\\\/#organization\"}},{\"@type\":\"WebPage\",\"@id\":\"https:\\\/\\\/buletin.de\\\/bucuresti\\\/nicusor-dan-ia-in-considerare-un-nou-mandat-la-primaria-capitalei\\\/\",\"url\":\"https:\\\/\\\/buletin.de\\\/bucuresti\\\/nicusor-dan-ia-in-considerare-un-nou-mandat-la-primaria-capitalei\\\/\",\"name\":\"Nicu\u0219or Dan ia \u00een considerare un nou mandat la Prim\u0103ria Capitalei - Buletin de Bucure\u0219ti\",\"isPartOf\":{\"@id\":\"https:\\\/\\\/buletin.de\\\/bucuresti\\\/#website\"},\"primaryImageOfPage\":{\"@id\":\"https:\\\/\\\/buletin.de\\\/bucuresti\\\/nicusor-dan-ia-in-considerare-un-nou-mandat-la-primaria-capitalei\\\/#primaryimage\"},\"image\":{\"@id\":\"https:\\\/\\\/buletin.de\\\/bucuresti\\\/nicusor-dan-ia-in-considerare-un-nou-mandat-la-primaria-capitalei\\\/#primaryimage\"},\"thumbnailUrl\":\"https:\\\/\\\/buletin.de\\\/bucuresti\\\/wp-content\\\/uploads\\\/339917933_1571477366673782_5496000628836954550_n.jpg\",\"datePublished\":\"2023-04-12T18:36:23+00:00\",\"dateModified\":\"2023-04-12T18:36:24+00:00\",\"breadcrumb\":{\"@id\":\"https:\\\/\\\/buletin.de\\\/bucuresti\\\/nicusor-dan-ia-in-considerare-un-nou-mandat-la-primaria-capitalei\\\/#breadcrumb\"},\"inLanguage\":\"en-GB\",\"potentialAction\":[{\"@type\":\"ReadAction\",\"target\":[\"https:\\\/\\\/buletin.de\\\/bucuresti\\\/nicusor-dan-ia-in-considerare-un-nou-mandat-la-primaria-capitalei\\\/\"]}]},{\"@type\":\"ImageObject\",\"inLanguage\":\"en-GB\",\"@id\":\"https:\\\/\\\/buletin.de\\\/bucuresti\\\/nicusor-dan-ia-in-considerare-un-nou-mandat-la-primaria-capitalei\\\/#primaryimage\",\"url\":\"https:\\\/\\\/buletin.de\\\/bucuresti\\\/wp-content\\\/uploads\\\/339917933_1571477366673782_5496000628836954550_n.jpg\",\"contentUrl\":\"https:\\\/\\\/buletin.de\\\/bucuresti\\\/wp-content\\\/uploads\\\/339917933_1571477366673782_5496000628836954550_n.jpg\",\"width\":1024,\"height\":682},{\"@type\":\"BreadcrumbList\",\"@id\":\"https:\\\/\\\/buletin.de\\\/bucuresti\\\/nicusor-dan-ia-in-considerare-un-nou-mandat-la-primaria-capitalei\\\/#breadcrumb\",\"itemListElement\":[{\"@type\":\"ListItem\",\"position\":1,\"name\":\"Acas\u0103\",\"item\":\"https:\\\/\\\/buletin.de\\\/bucuresti\\\/\"},{\"@type\":\"ListItem\",\"position\":2,\"name\":\"Nicu\u0219or Dan ia \u00een considerare un nou mandat la Prim\u0103ria Capitalei\"}]},{\"@type\":\"WebSite\",\"@id\":\"https:\\\/\\\/buletin.de\\\/bucuresti\\\/#website\",\"url\":\"https:\\\/\\\/buletin.de\\\/bucuresti\\\/\",\"name\":\"Buletin de Bucure\u0219ti\",\"description\":\"\u0218tiri \u0219i investiga\u021bii esen\u021biale din capital\u0103\",\"publisher\":{\"@id\":\"https:\\\/\\\/buletin.de\\\/bucuresti\\\/#organization\"},\"potentialAction\":[{\"@type\":\"SearchAction\",\"target\":{\"@type\":\"EntryPoint\",\"urlTemplate\":\"https:\\\/\\\/buletin.de\\\/bucuresti\\\/?s={search_term_string}\"},\"query-input\":{\"@type\":\"PropertyValueSpecification\",\"valueRequired\":true,\"valueName\":\"search_term_string\"}}],\"inLanguage\":\"en-GB\"},{\"@type\":\"Organization\",\"@id\":\"https:\\\/\\\/buletin.de\\\/bucuresti\\\/#organization\",\"name\":\"Buletin de Bucure\u0219ti\",\"url\":\"https:\\\/\\\/buletin.de\\\/bucuresti\\\/\",\"logo\":{\"@type\":\"ImageObject\",\"inLanguage\":\"en-GB\",\"@id\":\"https:\\\/\\\/buletin.de\\\/bucuresti\\\/#\\\/schema\\\/logo\\\/image\\\/\",\"url\":\"https:\\\/\\\/buletin.de\\\/bucuresti\\\/wp-content\\\/uploads\\\/logo-bdb-full-wide-vernil-transparent.png\",\"contentUrl\":\"https:\\\/\\\/buletin.de\\\/bucuresti\\\/wp-content\\\/uploads\\\/logo-bdb-full-wide-vernil-transparent.png\",\"width\":1782,\"height\":626,\"caption\":\"Buletin de Bucure\u0219ti\"},\"image\":{\"@id\":\"https:\\\/\\\/buletin.de\\\/bucuresti\\\/#\\\/schema\\\/logo\\\/image\\\/\"},\"sameAs\":[\"https:\\\/\\\/www.facebook.com\\\/buletin.de.buc\",\"https:\\\/\\\/www.instagram.com\\\/buletinde.bucuresti\\\/\"]},{\"@type\":\"Person\",\"@id\":\"https:\\\/\\\/buletin.de\\\/bucuresti\\\/#\\\/schema\\\/person\\\/5d54908fa90ab7ad3b2e88152efd6845\",\"name\":\"Teodora \u0218uta\",\"image\":{\"@type\":\"ImageObject\",\"inLanguage\":\"en-GB\",\"@id\":\"https:\\\/\\\/secure.gravatar.com\\\/avatar\\\/0c709226af9845d97b126aa0aa80ab42778847ec3d11d741016b74a61174088d?s=96&d=monsterid&r=gf2e0c6a01d766272c6fa8af9e494be28\",\"url\":\"https:\\\/\\\/secure.gravatar.com\\\/avatar\\\/0c709226af9845d97b126aa0aa80ab42778847ec3d11d741016b74a61174088d?s=96&d=monsterid&r=g\",\"contentUrl\":\"https:\\\/\\\/secure.gravatar.com\\\/avatar\\\/0c709226af9845d97b126aa0aa80ab42778847ec3d11d741016b74a61174088d?s=96&d=monsterid&r=g\",\"caption\":\"Teodora \u0218uta\"},\"url\":\"https:\\\/\\\/buletin.de\\\/bucuresti\\\/author\\\/mariasuta\\\/\"}]}<\/script>\n<!-- \/ Yoast SEO Premium plugin. -->","yoast_head_json":{"title":"Nicu\u0219or Dan ia \u00een considerare un nou mandat la Prim\u0103ria Capitalei - Buletin de Bucure\u0219ti","robots":{"index":"index","follow":"follow","max-snippet":"max-snippet:-1","max-image-preview":"max-image-preview:large","max-video-preview":"max-video-preview:-1"},"canonical":"https:\/\/buletin.de\/bucuresti\/nicusor-dan-ia-in-considerare-un-nou-mandat-la-primaria-capitalei\/","og_locale":"en_GB","og_type":"article","og_title":"Nicu\u0219or Dan ia \u00een considerare un nou mandat la Prim\u0103ria Capitalei","og_description":"Primarul general Nicu\u0219or Dan dore\u0219te s\u0103 candideze pentru un al doilea mandat la Prim\u0103ria Capitalei. Potrivit hotnews.ro, edilul argumenteaz\u0103 c\u0103 este singurul care ar reu\u0219i s\u0103 se opun\u0103 \u201emafiei imobiliare\u201d. \u00cen timp ce liderul PSD, Marcel Ciolacu, a anun\u021bat c\u0103 Gabriela Firea va fi candidatul PSD pentru Prim\u0103ria Capitalei, PNL i-a oferit lui Nicu\u0219or Dan, [&hellip;]","og_url":"https:\/\/buletin.de\/bucuresti\/nicusor-dan-ia-in-considerare-un-nou-mandat-la-primaria-capitalei\/","og_site_name":"Buletin de Bucure\u0219ti","article_publisher":"https:\/\/www.facebook.com\/buletin.de.buc","article_published_time":"2023-04-12T18:36:23+00:00","article_modified_time":"2023-04-12T18:36:24+00:00","og_image":[{"width":1024,"height":682,"url":"https:\/\/buletin.de\/bucuresti\/wp-content\/uploads\/339917933_1571477366673782_5496000628836954550_n.jpg","type":"image\/jpeg"}],"author":"Teodora \u0218uta","twitter_card":"summary_large_image","twitter_misc":{"Written by":"Teodora \u0218uta","Estimated reading time":"2 minutes"},"schema":{"@context":"https:\/\/schema.org","@graph":[{"@type":"Article","@id":"https:\/\/buletin.de\/bucuresti\/nicusor-dan-ia-in-considerare-un-nou-mandat-la-primaria-capitalei\/#article","isPartOf":{"@id":"https:\/\/buletin.de\/bucuresti\/nicusor-dan-ia-in-considerare-un-nou-mandat-la-primaria-capitalei\/"},"author":{"name":"Teodora \u0218uta","@id":"https:\/\/buletin.de\/bucuresti\/#\/schema\/person\/5d54908fa90ab7ad3b2e88152efd6845"},"headline":"Nicu\u0219or Dan ia \u00een considerare un nou mandat la Prim\u0103ria Capitalei","datePublished":"2023-04-12T18:36:23+00:00","dateModified":"2023-04-12T18:36:24+00:00","mainEntityOfPage":{"@id":"https:\/\/buletin.de\/bucuresti\/nicusor-dan-ia-in-considerare-un-nou-mandat-la-primaria-capitalei\/"},"wordCount":350,"publisher":{"@id":"https:\/\/buletin.de\/bucuresti\/#organization"},"image":{"@id":"https:\/\/buletin.de\/bucuresti\/nicusor-dan-ia-in-considerare-un-nou-mandat-la-primaria-capitalei\/#primaryimage"},"thumbnailUrl":"https:\/\/buletin.de\/bucuresti\/wp-content\/uploads\/339917933_1571477366673782_5496000628836954550_n.jpg","articleSection":["\u0218tiri"],"inLanguage":"en-GB","copyrightYear":"2023","copyrightHolder":{"@id":"https:\/\/buletin.de\/bucuresti\/#organization"}},{"@type":"WebPage","@id":"https:\/\/buletin.de\/bucuresti\/nicusor-dan-ia-in-considerare-un-nou-mandat-la-primaria-capitalei\/","url":"https:\/\/buletin.de\/bucuresti\/nicusor-dan-ia-in-considerare-un-nou-mandat-la-primaria-capitalei\/","name":"Nicu\u0219or Dan ia \u00een considerare un nou mandat la Prim\u0103ria Capitalei - Buletin de Bucure\u0219ti","isPartOf":{"@id":"https:\/\/buletin.de\/bucuresti\/#website"},"primaryImageOfPage":{"@id":"https:\/\/buletin.de\/bucuresti\/nicusor-dan-ia-in-considerare-un-nou-mandat-la-primaria-capitalei\/#primaryimage"},"image":{"@id":"https:\/\/buletin.de\/bucuresti\/nicusor-dan-ia-in-considerare-un-nou-mandat-la-primaria-capitalei\/#primaryimage"},"thumbnailUrl":"https:\/\/buletin.de\/bucuresti\/wp-content\/uploads\/339917933_1571477366673782_5496000628836954550_n.jpg","datePublished":"2023-04-12T18:36:23+00:00","dateModified":"2023-04-12T18:36:24+00:00","breadcrumb":{"@id":"https:\/\/buletin.de\/bucuresti\/nicusor-dan-ia-in-considerare-un-nou-mandat-la-primaria-capitalei\/#breadcrumb"},"inLanguage":"en-GB","potentialAction":[{"@type":"ReadAction","target":["https:\/\/buletin.de\/bucuresti\/nicusor-dan-ia-in-considerare-un-nou-mandat-la-primaria-capitalei\/"]}]},{"@type":"ImageObject","inLanguage":"en-GB","@id":"https:\/\/buletin.de\/bucuresti\/nicusor-dan-ia-in-considerare-un-nou-mandat-la-primaria-capitalei\/#primaryimage","url":"https:\/\/buletin.de\/bucuresti\/wp-content\/uploads\/339917933_1571477366673782_5496000628836954550_n.jpg","contentUrl":"https:\/\/buletin.de\/bucuresti\/wp-content\/uploads\/339917933_1571477366673782_5496000628836954550_n.jpg","width":1024,"height":682},{"@type":"BreadcrumbList","@id":"https:\/\/buletin.de\/bucuresti\/nicusor-dan-ia-in-considerare-un-nou-mandat-la-primaria-capitalei\/#breadcrumb","itemListElement":[{"@type":"ListItem","position":1,"name":"Acas\u0103","item":"https:\/\/buletin.de\/bucuresti\/"},{"@type":"ListItem","position":2,"name":"Nicu\u0219or Dan ia \u00een considerare un nou mandat la Prim\u0103ria Capitalei"}]},{"@type":"WebSite","@id":"https:\/\/buletin.de\/bucuresti\/#website","url":"https:\/\/buletin.de\/bucuresti\/","name":"Buletin de Bucure\u0219ti","description":"\u0218tiri \u0219i investiga\u021bii esen\u021biale din capital\u0103","publisher":{"@id":"https:\/\/buletin.de\/bucuresti\/#organization"},"potentialAction":[{"@type":"SearchAction","target":{"@type":"EntryPoint","urlTemplate":"https:\/\/buletin.de\/bucuresti\/?s={search_term_string}"},"query-input":{"@type":"PropertyValueSpecification","valueRequired":true,"valueName":"search_term_string"}}],"inLanguage":"en-GB"},{"@type":"Organization","@id":"https:\/\/buletin.de\/bucuresti\/#organization","name":"Buletin de Bucure\u0219ti","url":"https:\/\/buletin.de\/bucuresti\/","logo":{"@type":"ImageObject","inLanguage":"en-GB","@id":"https:\/\/buletin.de\/bucuresti\/#\/schema\/logo\/image\/","url":"https:\/\/buletin.de\/bucuresti\/wp-content\/uploads\/logo-bdb-full-wide-vernil-transparent.png","contentUrl":"https:\/\/buletin.de\/bucuresti\/wp-content\/uploads\/logo-bdb-full-wide-vernil-transparent.png","width":1782,"height":626,"caption":"Buletin de Bucure\u0219ti"},"image":{"@id":"https:\/\/buletin.de\/bucuresti\/#\/schema\/logo\/image\/"},"sameAs":["https:\/\/www.facebook.com\/buletin.de.buc","https:\/\/www.instagram.com\/buletinde.bucuresti\/"]},{"@type":"Person","@id":"https:\/\/buletin.de\/bucuresti\/#\/schema\/person\/5d54908fa90ab7ad3b2e88152efd6845","name":"Teodora \u0218uta","image":{"@type":"ImageObject","inLanguage":"en-GB","@id":"https:\/\/secure.gravatar.com\/avatar\/0c709226af9845d97b126aa0aa80ab42778847ec3d11d741016b74a61174088d?s=96&d=monsterid&r=gf2e0c6a01d766272c6fa8af9e494be28","url":"https:\/\/secure.gravatar.com\/avatar\/0c709226af9845d97b126aa0aa80ab42778847ec3d11d741016b74a61174088d?s=96&d=monsterid&r=g","contentUrl":"https:\/\/secure.gravatar.com\/avatar\/0c709226af9845d97b126aa0aa80ab42778847ec3d11d741016b74a61174088d?s=96&d=monsterid&r=g","caption":"Teodora \u0218uta"},"url":"https:\/\/buletin.de\/bucuresti\/author\/mariasuta\/"}]}},"authors":[{"term_id":22604,"user_id":45,"is_guest":0,"slug":"mariasuta","display_name":"Teodora \u0218uta","avatar_url":"https:\/\/secure.gravatar.com\/avatar\/0c709226af9845d97b126aa0aa80ab42778847ec3d11d741016b74a61174088d?s=96&d=monsterid&r=g","0":null,"1":"","2":"","3":"","4":"","5":"","6":"","7":"","8":""}],"_links":{"self":[{"href":"https:\/\/buletin.de\/bucuresti\/wp-json\/wp\/v2\/posts\/57614","targetHints":{"allow":["GET"]}}],"collection":[{"href":"https:\/\/buletin.de\/bucuresti\/wp-json\/wp\/v2\/posts"}],"about":[{"href":"https:\/\/buletin.de\/bucuresti\/wp-json\/wp\/v2\/types\/post"}],"author":[{"embeddable":true,"href":"https:\/\/buletin.de\/bucuresti\/wp-json\/wp\/v2\/users\/45"}],"replies":[{"embeddable":true,"href":"https:\/\/buletin.de\/bucuresti\/wp-json\/wp\/v2\/comments?post=57614"}],"version-history":[{"count":1,"href":"https:\/\/buletin.de\/bucuresti\/wp-json\/wp\/v2\/posts\/57614\/revisions"}],"predecessor-version":[{"id":57616,"href":"https:\/\/buletin.de\/bucuresti\/wp-json\/wp\/v2\/posts\/57614\/revisions\/57616"}],"wp:featuredmedia":[{"embeddable":true,"href":"https:\/\/buletin.de\/bucuresti\/wp-json\/wp\/v2\/media\/57615"}],"wp:attachment":[{"href":"https:\/\/buletin.de\/bucuresti\/wp-json\/wp\/v2\/media?parent=57614"}],"wp:term":[{"taxonomy":"category","embeddable":true,"href":"https:\/\/buletin.de\/bucuresti\/wp-json\/wp\/v2\/categories?post=57614"},{"taxonomy":"post_tag","embeddable":true,"href":"https:\/\/buletin.de\/bucuresti\/wp-json\/wp\/v2\/tags?post=57614"},{"taxonomy":"author","embeddable":true,"href":"https:\/\/buletin.de\/bucuresti\/wp-json\/wp\/v2\/ppma_author?post=57614"}],"curies":[{"name":"wp","href":"https:\/\/api.w.org\/{rel}","templated":true}]}}