{"id":5753,"date":"2020-04-10T13:37:47","date_gmt":"2020-04-10T10:37:47","guid":{"rendered":"https:\/\/buletin.de\/bucuresti\/?p=5753"},"modified":"2020-04-10T13:50:00","modified_gmt":"2020-04-10T10:50:00","slug":"grafic-valorile-de-trafic-din-bucuresti-au-scazut-de-cinci-ori","status":"publish","type":"post","link":"https:\/\/buletin.de\/bucuresti\/grafic-valorile-de-trafic-din-bucuresti-au-scazut-de-cinci-ori\/","title":{"rendered":"GRAFIC. Valorile de trafic din Bucure\u0219ti au sc\u0103zut de cinci ori"},"content":{"rendered":"\n<p><em>M\u0103surile de preven\u021bie Covid-19 au decongestionat traficul: bucure\u0219tenii stau mult mai pu\u021bin \u00een aglomera\u021bie sau chiar deloc. Am analizat cum s-a schimbat traficul \u0219i mobilitatea urban\u0103 \u00een general de c\u00e2nd au \u00eenceput s\u0103 se implementeze m\u0103surile de combatere al noului coronavirus \u0219i, pentru prima oar\u0103 \u00een mult timp, am g\u0103sit un Bucure\u0219ti cu str\u0103zi libere.  <\/em><\/p>\n\n\n\n<p>\u00cen urm\u0103 cu pu\u021bin\npeste o lun\u0103, Buletin de Bucure\u0219ti a organizat un eveniment despre subiectul\ntransportului \u00een Bucure\u0219ti. Tot atunci spa\u021biul public era \u00eentr-o continu\u0103\ndezbatere cu privire la <a href=\"https:\/\/buletin.de\/bucuresti\/370-000-de-oameni-i-ar-fi-cerut-gabrielei-firea-sa-renunte-la-taxa-oxigen-sunt-persoane-care-prefera-sa-mearga-cu-bmw-ul-de-40-de-ani-ca-sa-nu-se-faca-de-rusine-in-cartier-cu-dusterul\/\">Taxa\nOxigen, <\/a>iar traficul infernal <a href=\"https:\/\/buletin.de\/bucuresti\/tag\/poluaremareamusamalizare\/\">polua aerul\npeste limite<\/a>. La fel era cazul \u0219i cu <a href=\"https:\/\/buletin.de\/bucuresti\/o-capitala-cu-poluare-asurzitoare\/\">poluarea\nfonic\u0103.<\/a> <\/p>\n\n\n\n<p>Totul a \u00eenceput s\u0103 se schimbe pe 16 martie, c\u00e2nd pre\u0219edintele Iohannis a instituit stare de urgen\u021b\u0103 din cauza noului coronavirus. Pe 25 martie au intrat \u00een vigoare <a href=\"https:\/\/buletin.de\/bucuresti\/recomandarea-devine-obligatie-restrictiile-de-circulatie-valabile-24-24\/\">restric\u021biile de circula\u021bie 24\/24<\/a>: cei care p\u0103r\u0103sesc domiciliul, la orice or\u0103, trebuie s\u0103 aib\u0103 asupra lor declara\u021bia pe proprie r\u0103spundere sau declara\u021bia de la angajator \u0219i au voie s\u0103 ias\u0103 din cas\u0103 doar \u00een anumite circumstan\u021be. <\/p>\n\n\n\n<p>Conform <a href=\"https:\/\/www.tomtom.com\/en_gb\/traffic-index\/bucharest-traffic\/\">TomTom,<\/a> cea mai groaznic\u0103 ora de v\u00e2rf din 2019 a fost \u00eentre 17:00 \u0219i 18:00, \u00een zilele de miercuri. Ieri, 8 aprilie, miercuri, aglomera\u021bia din trafic la ora 17:00 a sc\u0103zut cu 86% ( de la 107% la 21%) fa\u021b\u0103 de anul trecut, c\u00e2nd petreceam aproximativ jum\u0103tate de or\u0103 \u00een plus \u00een trafic.<\/p>\n\n\n\n<div style=\"height:200px\" aria-hidden=\"true\" class=\"wp-block-spacer\"><\/div>\n\n\n\n<style>\n\n.full-width {\n  width: 100vw;\n  position: relative;\n  left: 50%;\n  right: 50%;\n  margin-left: -50vw;\n  margin-right: -50vw;\n}\n\n<\/style>\n\n\n\n<p><\/p>\n\n\n\n<div class=\"full-width\">\n<div style=\"width: 90%; display: block; margin: 0 auto;\">\n<div class=\"infogram-embed\" data-id=\"055eb32f-a8fc-41c9-8540-f7418d22328e\" data-type=\"interactive\" data-title=\"Bucure\u0219ti - statistici TomTom\"><\/div><script>!function(e,i,n,s){var t=\"InfogramEmbeds\",d=e.getElementsByTagName(\"script\")[0];if(window[t]&&window[t].initialized)window[t].process&&window[t].process();else if(!e.getElementById(n)){var o=e.createElement(\"script\");o.async=1,o.id=n,o.src=\"https:\/\/e.infogram.com\/js\/dist\/embed-loader-min.js\",d.parentNode.insertBefore(o,d)}}(document,0,\"infogram-async\");<\/script>\n<\/div><\/div>\n\n\n\n<div class=\"wp-block-group\"><div class=\"wp-block-group__inner-container is-layout-flow wp-block-group-is-layout-flow\">\n<div class=\"wp-block-group has-background\" style=\"background-color:#fce997\"><div class=\"wp-block-group__inner-container is-layout-flow wp-block-group-is-layout-flow\">\n<p class=\"has-small-font-size\"><strong>107% aglomerare \u00eenseamn\u0103 c\u0103 o c\u0103l\u0103torie de 30 de minute va dura cu 107% mai mult timp dec\u00e2t ar fi durat \u00een condi\u021bii normale, f\u0103r\u0103 trafic congestionat. Pentru a calcula timpul de c\u0103l\u0103torie facem urm\u0103toarele calcule:<\/strong><\/p>\n\n\n\n<p class=\"has-small-font-size\"><strong>&#8211; 0.107 x 30 min = 32.1 minute \u00een plus fa\u021b\u0103 de medie<\/strong><\/p>\n\n\n\n<p class=\"has-small-font-size\"><strong>&#8211; 30 min + 32.1 min = 62.1 min timpul total de c\u0103l\u0103torie. <\/strong><\/p>\n<\/div><\/div>\n<\/div><\/div>\n\n\n\n<div style=\"height:200px\" aria-hidden=\"true\" class=\"wp-block-spacer\"><\/div>\n\n\n\n<p>Statisticile de la Waze, aplica\u021bia de GPS folosit\u0103 de o mare parte dintre bucure\u0219teni, confirm\u0103 graficul de mai sus. Frecven\u021ba utiliz\u0103rii aplica\u021biei a sc\u0103zut considerabil \u00een ultima perioad\u0103.<\/p>\n\n\n\n<div class=\"full-width\">\n<img decoding=\"async\" style=\"display: block; margin: 0 auto;\" src=\"data:image\/gif;base64,R0lGODlhAQABAAAAACH5BAEKAAEALAAAAAABAAEAAAICTAEAOw==\" class=\"lazyload\" data-src=\"https:\/\/buletin.de\/bucuresti\/wp-content\/uploads\/image-99.png\">\n<\/div>\n\n\n\n<p class=\"has-text-align-center has-small-font-size\">Surs\u0103: <a href=\"http:\/\/waze.ro\/rrdimg\/\">Waze<\/a><\/p>\n\n\n\n<div style=\"height:200px\" aria-hidden=\"true\" class=\"wp-block-spacer\"><\/div>\n\n\n\n<p>Pe 29 martie, Google a lansat un raport care ne arat\u0103 cum s-a schimbat mobilitatea urban\u0103 de c\u00e2nd au fost implementate m\u0103surile de preven\u021bia Covid-19. Plimb\u0103rile \u00een parc au sc\u0103zut drastic, la fel \u0219i mersul la cump\u0103r\u0103turi. De asemenea, bucure\u0219tenii au redus vizitele la farmacie \u0219i deplasarea la locul de munc\u0103.<\/p>\n\n\n\n<div class=\"full-width\">\n<img decoding=\"async\" style=\"display: block; margin: 0 auto;\" src=\"data:image\/gif;base64,R0lGODlhAQABAAAAACH5BAEKAAEALAAAAAABAAEAAAICTAEAOw==\" class=\"lazyload\" data-src=\"https:\/\/buletin.de\/bucuresti\/wp-content\/uploads\/image-100.png\">\n<\/div>\n\n\n\n<div style=\"height:20px\" aria-hidden=\"true\" class=\"wp-block-spacer\"><\/div>\n\n\n\n<p class=\"has-text-align-center has-small-font-size\">Surs\u0103: <a href=\"https:\/\/www.gstatic.com\/covid19\/mobility\/2020-03-29_RO_Mobility_Report_en.pdf\">Raport Google mobilitate<\/a><\/p>\n\n\n\n<p><em>Surs\u0103 cover foto: TomTom<\/em><\/p>\n","protected":false},"excerpt":{"rendered":"<p>M\u0103surile de preven\u021bie Covid-19 au decongestionat traficul: bucure\u0219tenii stau mult mai pu\u021bin \u00een aglomera\u021bie sau chiar deloc. Am analizat cum s-a schimbat traficul \u0219i mobilitatea urban\u0103 \u00een general de c\u00e2nd au \u00eenceput s\u0103 se implementeze m\u0103surile de combatere al noului coronavirus \u0219i, pentru prima oar\u0103 \u00een mult timp, am g\u0103sit un Bucure\u0219ti cu str\u0103zi libere. [&hellip;]<\/p>\n","protected":false},"author":6,"featured_media":5766,"comment_status":"closed","ping_status":"open","sticky":false,"template":"","format":"standard","meta":{"_acf_changed":false,"inline_featured_image":false,"ngg_post_thumbnail":0,"footnotes":""},"categories":[4,62,650],"tags":[529,657],"ppma_author":[22588],"class_list":["post-5753","post","type-post","status-publish","format-standard","has-post-thumbnail","hentry","category-sanatate","category-stiri","category-transport","tag-coronavirus","tag-coronavirus-bucuresti"],"acf":[],"yoast_head":"<!-- This site is optimized with the Yoast SEO Premium plugin v25.3 (Yoast SEO v27.4) - https:\/\/yoast.com\/product\/yoast-seo-premium-wordpress\/ -->\n<title>GRAFIC. Valorile de trafic din Bucure\u0219ti au sc\u0103zut de cinci ori - Buletin de Bucure\u0219ti<\/title>\n<meta name=\"robots\" content=\"index, follow, max-snippet:-1, max-image-preview:large, max-video-preview:-1\" \/>\n<link rel=\"canonical\" href=\"https:\/\/buletin.de\/bucuresti\/grafic-valorile-de-trafic-din-bucuresti-au-scazut-de-cinci-ori\/\" \/>\n<meta property=\"og:locale\" content=\"en_GB\" \/>\n<meta property=\"og:type\" content=\"article\" \/>\n<meta property=\"og:title\" content=\"GRAFIC. Valorile de trafic din Bucure\u0219ti au sc\u0103zut de cinci ori\" \/>\n<meta property=\"og:description\" content=\"M\u0103surile de preven\u021bie Covid-19 au decongestionat traficul: bucure\u0219tenii stau mult mai pu\u021bin \u00een aglomera\u021bie sau chiar deloc. Am analizat cum s-a schimbat traficul \u0219i mobilitatea urban\u0103 \u00een general de c\u00e2nd au \u00eenceput s\u0103 se implementeze m\u0103surile de combatere al noului coronavirus \u0219i, pentru prima oar\u0103 \u00een mult timp, am g\u0103sit un Bucure\u0219ti cu str\u0103zi libere. [&hellip;]\" \/>\n<meta property=\"og:url\" content=\"https:\/\/buletin.de\/bucuresti\/grafic-valorile-de-trafic-din-bucuresti-au-scazut-de-cinci-ori\/\" \/>\n<meta property=\"og:site_name\" content=\"Buletin de Bucure\u0219ti\" \/>\n<meta property=\"article:publisher\" content=\"https:\/\/www.facebook.com\/buletin.de.buc\" \/>\n<meta property=\"article:published_time\" content=\"2020-04-10T10:37:47+00:00\" \/>\n<meta property=\"article:modified_time\" content=\"2020-04-10T10:50:00+00:00\" \/>\n<meta property=\"og:image\" content=\"https:\/\/buletin.de\/bucuresti\/wp-content\/uploads\/Screenshot_30.png\" \/>\n\t<meta property=\"og:image:width\" content=\"1894\" \/>\n\t<meta property=\"og:image:height\" content=\"683\" \/>\n\t<meta property=\"og:image:type\" content=\"image\/png\" \/>\n<meta name=\"author\" content=\"Bianca Albu\" \/>\n<meta name=\"twitter:card\" content=\"summary_large_image\" \/>\n<meta name=\"twitter:label1\" content=\"Written by\" \/>\n\t<meta name=\"twitter:data1\" content=\"Bianca Albu\" \/>\n\t<meta name=\"twitter:label2\" content=\"Estimated reading time\" \/>\n\t<meta name=\"twitter:data2\" content=\"2 minutes\" \/>\n<script type=\"application\/ld+json\" class=\"yoast-schema-graph\">{\"@context\":\"https:\\\/\\\/schema.org\",\"@graph\":[{\"@type\":\"Article\",\"@id\":\"https:\\\/\\\/buletin.de\\\/bucuresti\\\/grafic-valorile-de-trafic-din-bucuresti-au-scazut-de-cinci-ori\\\/#article\",\"isPartOf\":{\"@id\":\"https:\\\/\\\/buletin.de\\\/bucuresti\\\/grafic-valorile-de-trafic-din-bucuresti-au-scazut-de-cinci-ori\\\/\"},\"author\":{\"name\":\"Bianca Albu\",\"@id\":\"https:\\\/\\\/buletin.de\\\/bucuresti\\\/#\\\/schema\\\/person\\\/295dc2228d2dc79294d636619468dc7f\"},\"headline\":\"GRAFIC. Valorile de trafic din Bucure\u0219ti au sc\u0103zut de cinci ori\",\"datePublished\":\"2020-04-10T10:37:47+00:00\",\"dateModified\":\"2020-04-10T10:50:00+00:00\",\"mainEntityOfPage\":{\"@id\":\"https:\\\/\\\/buletin.de\\\/bucuresti\\\/grafic-valorile-de-trafic-din-bucuresti-au-scazut-de-cinci-ori\\\/\"},\"wordCount\":412,\"publisher\":{\"@id\":\"https:\\\/\\\/buletin.de\\\/bucuresti\\\/#organization\"},\"image\":{\"@id\":\"https:\\\/\\\/buletin.de\\\/bucuresti\\\/grafic-valorile-de-trafic-din-bucuresti-au-scazut-de-cinci-ori\\\/#primaryimage\"},\"thumbnailUrl\":\"https:\\\/\\\/buletin.de\\\/bucuresti\\\/wp-content\\\/uploads\\\/Screenshot_30.png\",\"keywords\":[\"coronavirus\",\"coronavirus bucuresti\"],\"articleSection\":[\"S\u0103n\u0103tate\",\"\u0218tiri\",\"Transport\"],\"inLanguage\":\"en-GB\",\"copyrightYear\":\"2020\",\"copyrightHolder\":{\"@id\":\"https:\\\/\\\/buletin.de\\\/bucuresti\\\/#organization\"}},{\"@type\":\"WebPage\",\"@id\":\"https:\\\/\\\/buletin.de\\\/bucuresti\\\/grafic-valorile-de-trafic-din-bucuresti-au-scazut-de-cinci-ori\\\/\",\"url\":\"https:\\\/\\\/buletin.de\\\/bucuresti\\\/grafic-valorile-de-trafic-din-bucuresti-au-scazut-de-cinci-ori\\\/\",\"name\":\"GRAFIC. Valorile de trafic din Bucure\u0219ti au sc\u0103zut de cinci ori - Buletin de Bucure\u0219ti\",\"isPartOf\":{\"@id\":\"https:\\\/\\\/buletin.de\\\/bucuresti\\\/#website\"},\"primaryImageOfPage\":{\"@id\":\"https:\\\/\\\/buletin.de\\\/bucuresti\\\/grafic-valorile-de-trafic-din-bucuresti-au-scazut-de-cinci-ori\\\/#primaryimage\"},\"image\":{\"@id\":\"https:\\\/\\\/buletin.de\\\/bucuresti\\\/grafic-valorile-de-trafic-din-bucuresti-au-scazut-de-cinci-ori\\\/#primaryimage\"},\"thumbnailUrl\":\"https:\\\/\\\/buletin.de\\\/bucuresti\\\/wp-content\\\/uploads\\\/Screenshot_30.png\",\"datePublished\":\"2020-04-10T10:37:47+00:00\",\"dateModified\":\"2020-04-10T10:50:00+00:00\",\"breadcrumb\":{\"@id\":\"https:\\\/\\\/buletin.de\\\/bucuresti\\\/grafic-valorile-de-trafic-din-bucuresti-au-scazut-de-cinci-ori\\\/#breadcrumb\"},\"inLanguage\":\"en-GB\",\"potentialAction\":[{\"@type\":\"ReadAction\",\"target\":[\"https:\\\/\\\/buletin.de\\\/bucuresti\\\/grafic-valorile-de-trafic-din-bucuresti-au-scazut-de-cinci-ori\\\/\"]}]},{\"@type\":\"ImageObject\",\"inLanguage\":\"en-GB\",\"@id\":\"https:\\\/\\\/buletin.de\\\/bucuresti\\\/grafic-valorile-de-trafic-din-bucuresti-au-scazut-de-cinci-ori\\\/#primaryimage\",\"url\":\"https:\\\/\\\/buletin.de\\\/bucuresti\\\/wp-content\\\/uploads\\\/Screenshot_30.png\",\"contentUrl\":\"https:\\\/\\\/buletin.de\\\/bucuresti\\\/wp-content\\\/uploads\\\/Screenshot_30.png\",\"width\":1894,\"height\":683},{\"@type\":\"BreadcrumbList\",\"@id\":\"https:\\\/\\\/buletin.de\\\/bucuresti\\\/grafic-valorile-de-trafic-din-bucuresti-au-scazut-de-cinci-ori\\\/#breadcrumb\",\"itemListElement\":[{\"@type\":\"ListItem\",\"position\":1,\"name\":\"Acas\u0103\",\"item\":\"https:\\\/\\\/buletin.de\\\/bucuresti\\\/\"},{\"@type\":\"ListItem\",\"position\":2,\"name\":\"GRAFIC. Valorile de trafic din Bucure\u0219ti au sc\u0103zut de cinci ori\"}]},{\"@type\":\"WebSite\",\"@id\":\"https:\\\/\\\/buletin.de\\\/bucuresti\\\/#website\",\"url\":\"https:\\\/\\\/buletin.de\\\/bucuresti\\\/\",\"name\":\"Buletin de Bucure\u0219ti\",\"description\":\"\u0218tiri \u0219i investiga\u021bii esen\u021biale din capital\u0103\",\"publisher\":{\"@id\":\"https:\\\/\\\/buletin.de\\\/bucuresti\\\/#organization\"},\"potentialAction\":[{\"@type\":\"SearchAction\",\"target\":{\"@type\":\"EntryPoint\",\"urlTemplate\":\"https:\\\/\\\/buletin.de\\\/bucuresti\\\/?s={search_term_string}\"},\"query-input\":{\"@type\":\"PropertyValueSpecification\",\"valueRequired\":true,\"valueName\":\"search_term_string\"}}],\"inLanguage\":\"en-GB\"},{\"@type\":\"Organization\",\"@id\":\"https:\\\/\\\/buletin.de\\\/bucuresti\\\/#organization\",\"name\":\"Buletin de Bucure\u0219ti\",\"url\":\"https:\\\/\\\/buletin.de\\\/bucuresti\\\/\",\"logo\":{\"@type\":\"ImageObject\",\"inLanguage\":\"en-GB\",\"@id\":\"https:\\\/\\\/buletin.de\\\/bucuresti\\\/#\\\/schema\\\/logo\\\/image\\\/\",\"url\":\"https:\\\/\\\/buletin.de\\\/bucuresti\\\/wp-content\\\/uploads\\\/logo-bdb-full-wide-vernil-transparent.png\",\"contentUrl\":\"https:\\\/\\\/buletin.de\\\/bucuresti\\\/wp-content\\\/uploads\\\/logo-bdb-full-wide-vernil-transparent.png\",\"width\":1782,\"height\":626,\"caption\":\"Buletin de Bucure\u0219ti\"},\"image\":{\"@id\":\"https:\\\/\\\/buletin.de\\\/bucuresti\\\/#\\\/schema\\\/logo\\\/image\\\/\"},\"sameAs\":[\"https:\\\/\\\/www.facebook.com\\\/buletin.de.buc\",\"https:\\\/\\\/www.instagram.com\\\/buletinde.bucuresti\\\/\"]},{\"@type\":\"Person\",\"@id\":\"https:\\\/\\\/buletin.de\\\/bucuresti\\\/#\\\/schema\\\/person\\\/295dc2228d2dc79294d636619468dc7f\",\"name\":\"Bianca Albu\",\"image\":{\"@type\":\"ImageObject\",\"inLanguage\":\"en-GB\",\"@id\":\"https:\\\/\\\/secure.gravatar.com\\\/avatar\\\/3df2e34e20f529e6fd7be4311ee1f7c4ec4aa886971590baf6fa214b15743516?s=96&d=monsterid&r=gf541c715eeec409ce8101252a3c0d8a7\",\"url\":\"https:\\\/\\\/secure.gravatar.com\\\/avatar\\\/3df2e34e20f529e6fd7be4311ee1f7c4ec4aa886971590baf6fa214b15743516?s=96&d=monsterid&r=g\",\"contentUrl\":\"https:\\\/\\\/secure.gravatar.com\\\/avatar\\\/3df2e34e20f529e6fd7be4311ee1f7c4ec4aa886971590baf6fa214b15743516?s=96&d=monsterid&r=g\",\"caption\":\"Bianca Albu\"},\"description\":\"Reporter\",\"url\":\"https:\\\/\\\/buletin.de\\\/bucuresti\\\/author\\\/biancaalbu\\\/\"}]}<\/script>\n<!-- \/ Yoast SEO Premium plugin. -->","yoast_head_json":{"title":"GRAFIC. Valorile de trafic din Bucure\u0219ti au sc\u0103zut de cinci ori - Buletin de Bucure\u0219ti","robots":{"index":"index","follow":"follow","max-snippet":"max-snippet:-1","max-image-preview":"max-image-preview:large","max-video-preview":"max-video-preview:-1"},"canonical":"https:\/\/buletin.de\/bucuresti\/grafic-valorile-de-trafic-din-bucuresti-au-scazut-de-cinci-ori\/","og_locale":"en_GB","og_type":"article","og_title":"GRAFIC. Valorile de trafic din Bucure\u0219ti au sc\u0103zut de cinci ori","og_description":"M\u0103surile de preven\u021bie Covid-19 au decongestionat traficul: bucure\u0219tenii stau mult mai pu\u021bin \u00een aglomera\u021bie sau chiar deloc. Am analizat cum s-a schimbat traficul \u0219i mobilitatea urban\u0103 \u00een general de c\u00e2nd au \u00eenceput s\u0103 se implementeze m\u0103surile de combatere al noului coronavirus \u0219i, pentru prima oar\u0103 \u00een mult timp, am g\u0103sit un Bucure\u0219ti cu str\u0103zi libere. [&hellip;]","og_url":"https:\/\/buletin.de\/bucuresti\/grafic-valorile-de-trafic-din-bucuresti-au-scazut-de-cinci-ori\/","og_site_name":"Buletin de Bucure\u0219ti","article_publisher":"https:\/\/www.facebook.com\/buletin.de.buc","article_published_time":"2020-04-10T10:37:47+00:00","article_modified_time":"2020-04-10T10:50:00+00:00","og_image":[{"width":1894,"height":683,"url":"https:\/\/buletin.de\/bucuresti\/wp-content\/uploads\/Screenshot_30.png","type":"image\/png"}],"author":"Bianca Albu","twitter_card":"summary_large_image","twitter_misc":{"Written by":"Bianca Albu","Estimated reading time":"2 minutes"},"schema":{"@context":"https:\/\/schema.org","@graph":[{"@type":"Article","@id":"https:\/\/buletin.de\/bucuresti\/grafic-valorile-de-trafic-din-bucuresti-au-scazut-de-cinci-ori\/#article","isPartOf":{"@id":"https:\/\/buletin.de\/bucuresti\/grafic-valorile-de-trafic-din-bucuresti-au-scazut-de-cinci-ori\/"},"author":{"name":"Bianca Albu","@id":"https:\/\/buletin.de\/bucuresti\/#\/schema\/person\/295dc2228d2dc79294d636619468dc7f"},"headline":"GRAFIC. Valorile de trafic din Bucure\u0219ti au sc\u0103zut de cinci ori","datePublished":"2020-04-10T10:37:47+00:00","dateModified":"2020-04-10T10:50:00+00:00","mainEntityOfPage":{"@id":"https:\/\/buletin.de\/bucuresti\/grafic-valorile-de-trafic-din-bucuresti-au-scazut-de-cinci-ori\/"},"wordCount":412,"publisher":{"@id":"https:\/\/buletin.de\/bucuresti\/#organization"},"image":{"@id":"https:\/\/buletin.de\/bucuresti\/grafic-valorile-de-trafic-din-bucuresti-au-scazut-de-cinci-ori\/#primaryimage"},"thumbnailUrl":"https:\/\/buletin.de\/bucuresti\/wp-content\/uploads\/Screenshot_30.png","keywords":["coronavirus","coronavirus bucuresti"],"articleSection":["S\u0103n\u0103tate","\u0218tiri","Transport"],"inLanguage":"en-GB","copyrightYear":"2020","copyrightHolder":{"@id":"https:\/\/buletin.de\/bucuresti\/#organization"}},{"@type":"WebPage","@id":"https:\/\/buletin.de\/bucuresti\/grafic-valorile-de-trafic-din-bucuresti-au-scazut-de-cinci-ori\/","url":"https:\/\/buletin.de\/bucuresti\/grafic-valorile-de-trafic-din-bucuresti-au-scazut-de-cinci-ori\/","name":"GRAFIC. Valorile de trafic din Bucure\u0219ti au sc\u0103zut de cinci ori - Buletin de Bucure\u0219ti","isPartOf":{"@id":"https:\/\/buletin.de\/bucuresti\/#website"},"primaryImageOfPage":{"@id":"https:\/\/buletin.de\/bucuresti\/grafic-valorile-de-trafic-din-bucuresti-au-scazut-de-cinci-ori\/#primaryimage"},"image":{"@id":"https:\/\/buletin.de\/bucuresti\/grafic-valorile-de-trafic-din-bucuresti-au-scazut-de-cinci-ori\/#primaryimage"},"thumbnailUrl":"https:\/\/buletin.de\/bucuresti\/wp-content\/uploads\/Screenshot_30.png","datePublished":"2020-04-10T10:37:47+00:00","dateModified":"2020-04-10T10:50:00+00:00","breadcrumb":{"@id":"https:\/\/buletin.de\/bucuresti\/grafic-valorile-de-trafic-din-bucuresti-au-scazut-de-cinci-ori\/#breadcrumb"},"inLanguage":"en-GB","potentialAction":[{"@type":"ReadAction","target":["https:\/\/buletin.de\/bucuresti\/grafic-valorile-de-trafic-din-bucuresti-au-scazut-de-cinci-ori\/"]}]},{"@type":"ImageObject","inLanguage":"en-GB","@id":"https:\/\/buletin.de\/bucuresti\/grafic-valorile-de-trafic-din-bucuresti-au-scazut-de-cinci-ori\/#primaryimage","url":"https:\/\/buletin.de\/bucuresti\/wp-content\/uploads\/Screenshot_30.png","contentUrl":"https:\/\/buletin.de\/bucuresti\/wp-content\/uploads\/Screenshot_30.png","width":1894,"height":683},{"@type":"BreadcrumbList","@id":"https:\/\/buletin.de\/bucuresti\/grafic-valorile-de-trafic-din-bucuresti-au-scazut-de-cinci-ori\/#breadcrumb","itemListElement":[{"@type":"ListItem","position":1,"name":"Acas\u0103","item":"https:\/\/buletin.de\/bucuresti\/"},{"@type":"ListItem","position":2,"name":"GRAFIC. Valorile de trafic din Bucure\u0219ti au sc\u0103zut de cinci ori"}]},{"@type":"WebSite","@id":"https:\/\/buletin.de\/bucuresti\/#website","url":"https:\/\/buletin.de\/bucuresti\/","name":"Buletin de Bucure\u0219ti","description":"\u0218tiri \u0219i investiga\u021bii esen\u021biale din capital\u0103","publisher":{"@id":"https:\/\/buletin.de\/bucuresti\/#organization"},"potentialAction":[{"@type":"SearchAction","target":{"@type":"EntryPoint","urlTemplate":"https:\/\/buletin.de\/bucuresti\/?s={search_term_string}"},"query-input":{"@type":"PropertyValueSpecification","valueRequired":true,"valueName":"search_term_string"}}],"inLanguage":"en-GB"},{"@type":"Organization","@id":"https:\/\/buletin.de\/bucuresti\/#organization","name":"Buletin de Bucure\u0219ti","url":"https:\/\/buletin.de\/bucuresti\/","logo":{"@type":"ImageObject","inLanguage":"en-GB","@id":"https:\/\/buletin.de\/bucuresti\/#\/schema\/logo\/image\/","url":"https:\/\/buletin.de\/bucuresti\/wp-content\/uploads\/logo-bdb-full-wide-vernil-transparent.png","contentUrl":"https:\/\/buletin.de\/bucuresti\/wp-content\/uploads\/logo-bdb-full-wide-vernil-transparent.png","width":1782,"height":626,"caption":"Buletin de Bucure\u0219ti"},"image":{"@id":"https:\/\/buletin.de\/bucuresti\/#\/schema\/logo\/image\/"},"sameAs":["https:\/\/www.facebook.com\/buletin.de.buc","https:\/\/www.instagram.com\/buletinde.bucuresti\/"]},{"@type":"Person","@id":"https:\/\/buletin.de\/bucuresti\/#\/schema\/person\/295dc2228d2dc79294d636619468dc7f","name":"Bianca Albu","image":{"@type":"ImageObject","inLanguage":"en-GB","@id":"https:\/\/secure.gravatar.com\/avatar\/3df2e34e20f529e6fd7be4311ee1f7c4ec4aa886971590baf6fa214b15743516?s=96&d=monsterid&r=gf541c715eeec409ce8101252a3c0d8a7","url":"https:\/\/secure.gravatar.com\/avatar\/3df2e34e20f529e6fd7be4311ee1f7c4ec4aa886971590baf6fa214b15743516?s=96&d=monsterid&r=g","contentUrl":"https:\/\/secure.gravatar.com\/avatar\/3df2e34e20f529e6fd7be4311ee1f7c4ec4aa886971590baf6fa214b15743516?s=96&d=monsterid&r=g","caption":"Bianca Albu"},"description":"Reporter","url":"https:\/\/buletin.de\/bucuresti\/author\/biancaalbu\/"}]}},"authors":[{"term_id":22588,"user_id":6,"is_guest":0,"slug":"biancaalbu","display_name":"Bianca Albu","avatar_url":"https:\/\/secure.gravatar.com\/avatar\/3df2e34e20f529e6fd7be4311ee1f7c4ec4aa886971590baf6fa214b15743516?s=96&d=monsterid&r=g","0":null,"1":"","2":"","3":"","4":"","5":"","6":"","7":"","8":""}],"_links":{"self":[{"href":"https:\/\/buletin.de\/bucuresti\/wp-json\/wp\/v2\/posts\/5753","targetHints":{"allow":["GET"]}}],"collection":[{"href":"https:\/\/buletin.de\/bucuresti\/wp-json\/wp\/v2\/posts"}],"about":[{"href":"https:\/\/buletin.de\/bucuresti\/wp-json\/wp\/v2\/types\/post"}],"author":[{"embeddable":true,"href":"https:\/\/buletin.de\/bucuresti\/wp-json\/wp\/v2\/users\/6"}],"replies":[{"embeddable":true,"href":"https:\/\/buletin.de\/bucuresti\/wp-json\/wp\/v2\/comments?post=5753"}],"version-history":[{"count":38,"href":"https:\/\/buletin.de\/bucuresti\/wp-json\/wp\/v2\/posts\/5753\/revisions"}],"predecessor-version":[{"id":5812,"href":"https:\/\/buletin.de\/bucuresti\/wp-json\/wp\/v2\/posts\/5753\/revisions\/5812"}],"wp:featuredmedia":[{"embeddable":true,"href":"https:\/\/buletin.de\/bucuresti\/wp-json\/wp\/v2\/media\/5766"}],"wp:attachment":[{"href":"https:\/\/buletin.de\/bucuresti\/wp-json\/wp\/v2\/media?parent=5753"}],"wp:term":[{"taxonomy":"category","embeddable":true,"href":"https:\/\/buletin.de\/bucuresti\/wp-json\/wp\/v2\/categories?post=5753"},{"taxonomy":"post_tag","embeddable":true,"href":"https:\/\/buletin.de\/bucuresti\/wp-json\/wp\/v2\/tags?post=5753"},{"taxonomy":"author","embeddable":true,"href":"https:\/\/buletin.de\/bucuresti\/wp-json\/wp\/v2\/ppma_author?post=5753"}],"curies":[{"name":"wp","href":"https:\/\/api.w.org\/{rel}","templated":true}]}}