{"id":57476,"date":"2023-04-07T14:19:23","date_gmt":"2023-04-07T12:19:23","guid":{"rendered":"https:\/\/buletin.de\/bucuresti\/?p=57476"},"modified":"2023-04-07T14:19:24","modified_gmt":"2023-04-07T12:19:24","slug":"s-a-deschis-targul-de-paste-din-parcul-regele-mihai-i","status":"publish","type":"post","link":"https:\/\/buletin.de\/bucuresti\/s-a-deschis-targul-de-paste-din-parcul-regele-mihai-i\/","title":{"rendered":"S-a deschis T\u00e2rgul de Pa\u0219te din Parcul Regele Mihai I"},"content":{"rendered":"\n<p>S-a deschis oficial T\u00e2rgul de Pa\u0219te al Capitalei, \u201eTradi\u021bii \u0219i Flori de S\u0103rb\u0103tori\u201d.  Evenimentul este organizat de Prim\u0103ria Municipiului Bucure\u0219ti, prin Creart.   La t\u00e2rg v\u0103 a\u0219teapt\u0103 me\u0219te\u0219ugari \u0219i produc\u0103tori din toate col\u021burile \u021b\u0103rii cu produse tradi\u021bionale: ou\u0103 \u00eencondeiate, ii, icoane pictate, obiecte din piele, ceramic\u0103, sticl\u0103 \u0219i lemn, decora\u021biuni pentru masa de Pa\u0219te, cozonaci, pr\u0103jituri de cas\u0103, pasc\u0103, produse apicole.<\/p>\n\n\n\n<p>Evenimentul cultural se adreseaz\u0103 bucure\u0219tenilor, dar \u0219i turi\u0219tilor, \u0219i \u00ee\u0219i propune s\u0103 valorifice arta popular\u0103 \u0219i tradi\u021biile autentice, adun\u00e2nd produc\u0103tori \u0219i me\u0219te\u0219ugari din toate col\u021burile \u021b\u0103rii, anun\u021b\u0103 CREART.<\/p>\n\n\n\n<p>\u00cen fiecare zi, \u00eentre orele 10:00 \u0219i 21:00, vizitatorii vor putea descoperi, la cele peste 75 de c\u0103su\u021be din cadrul evenimentului, obiecte me\u0219te\u0219ug\u0103re\u0219ti \u0219i produse culinare &#8211; ou\u0103 \u00eencondeiate \u0219i decorate tradi\u021bional, ii, icoane pictate, obiecte din piele, ceramic\u0103, sticl\u0103 \u0219i lemn, accesorii \u0219i bijuterii \u0219i decora\u021biuni pentru masa de Pa\u0219te, cozonaci, pr\u0103jituri de cas\u0103, pasc\u0103, produse apicole, dulce\u021buri \u0219i zacu\u0219ti.<\/p>\n\n\n\n<p>De asemenea, timp de 11 zile, me\u0219terii populari vor dezv\u0103lui, \u00een spa\u021biul expozi\u021bional, secretele tehnicilor folosite, publicul av\u00e2nd ocazia s\u0103 participe la demonstra\u021bii de \u00eencondeiere a ou\u0103lor de Pa\u0219te, de realizare a unor obiecte \u0219i decora\u021biuni din p\u0103nu\u0219\u0103 sau de prelucrare a lemnului, pentru ob\u021binerea diverselor obiecte din gospod\u0103rie.<\/p>\n\n\n\n<p>Zilnic, \u00een intervalele orare 11:00 \u2013 13:00 \u0219i 17:00 \u2013 19:00, cei mici sunt a\u0219tepta\u021bi \u00een Parcul Regele Mihai I (Her\u0103str\u0103u), la Foi\u0219orul special amenajat, pentru a se bucura pe deplin de crea\u021bie, art\u0103 \u0219i divertisment, \u00een limita locurilor disponibile.<\/p>\n\n\n\n<p>Vineri, 7 aprilie<br>11:00 \u2013 12:00 \u2013 Atelier \u201eRobo\u0163ei din tuburi de h\u00e2rtie reciclabil\u0103\u201d<br>12:00 \u2013 13:00 \u2013 Atelier\u00a0 \u201eP\u0103pu\u015fi din pungi de plastic \u015fi carton\u201d<br>17:00 \u2013 18:00 \u2013 Atelier de \u00eencondeiat ou\u0103 din lemn<br>18:00 \u2013 19:00 \u2013 Atelier modelare figurine<\/p>\n\n\n\n<p>S\u00e2mb\u0103t\u0103, 8 aprilie<br>11:00 \u2013 12:00 \u2013 Atelier \u201eM\u0103\u015fti din carton\u201d<br>12:00 \u2013 13:00 \u2013 Atelier\u00a0 \u201eBr\u0103\u0163\u0103ri din materiale reciclabile\u201d<br>17:00 \u2013 18:00 \u2013 Atelier decura\u021biuni figurine din polistiren<br>18:00 \u2013 19:00 \u2013 Atelier de pictat iepura\u015fi din lemn<\/p>\n\n\n\n<p>Duminic\u0103, 9 aprilie<br>11:00 \u2013 12:00 \u2013 Spectacol de teatru \u201eMagia Ghicitorilor\u201d cu actorii Cezar Vlad Popescu, Oliviu Cristian Bughiu \u015fi Iuliana Costiniu<br>12:00 \u2013 13:00 \u2013 Jocuri \u0219i Pove\u015fti interactive cu actorii Cezar Vlad Popescu, Oliviu Cristian Bughiu \u015fi Iuliana Costiniu<br>17:00 \u2013 18:00 \u2013 Atelier cu ornamente din fetru<br>18:00 \u2013 19:00 \u2013 Atelier de realizat iepura\u015fi din \u015fosetu\u0163e<\/p>\n\n\n\n<p>Luni, 10 aprilie<\/p>\n\n\n\n<p>11:00 \u2013 12:00 \u2013 Atelier \u201eTablouri din materiale reciclabile\u201d<br>12:00 \u2013 13:00 \u2013 Atelier\u00a0 \u201eP\u0103pu\u015fi din pungi de plastic \u015fi carton\u201d<br>17:00 \u2013 18:00 \u2013 Atelier pictur\u0103 pe p\u00e2nz\u0103<br>18:00 \u2013 19:00 \u2013 Atelier de realizat \u201em\u0103\u015fti iepura\u015f\u201d<\/p>\n\n\n\n<p>Mar\u0163i, 11 aprilie<br>11:00 \u2013 12:00 \u2013 Atelier \u201eM\u0103\u015fti din carton\u201d<br>12:00 \u2013 13:00 \u2013 Atelier \u201eRobo\u0163ei din tuburi de h\u00e2rtie reciclabil\u0103\u201d<br>17:00 \u2013 18:00 \u2013 Atelier de pictat figurine din lemn<br>18:00 \u2013 19:00 \u2013 Atelier de \u00eencondeiat ou\u0103 din lemn<\/p>\n\n\n\n<p>Miercuri, 12 aprilie<br>11:00 \u2013 12:00 \u2013 Atelier\u00a0 \u201eBr\u0103\u0163\u0103ri din materiale reciclabile\u201d<br>12:00 \u2013 13:00 \u2013 Atelier \u201eTablouri din materiale reciclabile\u201d<br>17:00 \u2013 18:00 \u2013 Atelier de decorat figurine din polistiren<br>18:00 \u2013 19:00 \u2013 Atelier de pictat iepura\u015fi din lemn<\/p>\n\n\n\n<p>Joi, 13 aprilie<br>11:00 \u2013 12:00 \u2013 Atelier \u201eM\u0103\u015fti din carton\u201d<br>12:00 \u2013 13:00 \u2013 Atelier \u201eP\u0103pu\u015fi din pungi de plastic \u015fi carton\u201d<br>17:00 \u2013 18:00 \u2013 Atelier pictur\u0103 pe p\u00e2nz\u0103<br>18:00 \u2013 19:00 \u2013 Atelier realizare \u201em\u0103\u015fti iepura\u015f\u201d<\/p>\n\n\n\n<p>Vineri, 14 aprilie<br>11:00 \u2013 12:00 \u2013 Spectacol de teatru \u201eMagia Ghicitorilor\u201d cu actorii Cezar Vlad Popescu, Oliviu Cristian Bughiu \u015fi Iuliana Costiniu<br>12:00 \u2013 13:00 \u2013 Jocuri \u0219i Pove\u015fti interactive cu actorii Cezar Vlad Popescu, Oliviu Cristian Bughiu \u015fi Iuliana Costiniu<br>17:00 \u2013 18:00 \u2013 Atelier de \u00eencondeiat ou\u0103 din lemn<br>18:00 \u2013 19:00 \u2013 Atelier modelare figurine<\/p>\n\n\n\n<p>S\u00e2mb\u0103t\u0103, 15 aprilie<br>11:00 \u2013 12:00 \u2013 Spectacol de teatru \u201eMagia Ghicitorilor\u201d cu actorii Cezar Vlad Popescu, Oliviu Cristian Bughiu \u015fi Iuliana Costiniu<br>12:00 \u2013 13:00 \u2013 Jocuri \u0219i Pove\u015fti interactive cu actorii Cezar Vlad Popescu, Oliviu Cristian Bughiu \u015fi Iuliana Costiniu<br>17:00 \u2013 18:00 \u2013 Atelier cu ornamente din fetru<br>18:00 \u2013 19:00 \u2013 Atelier de realizat iepura\u015fi din \u015fosetu\u0163e<\/p>\n\n\n\n<p>Duminic\u0103, 16 aprilie<br>11:00 \u2013 12:00 \u2013 Spectacol de teatru \u201eMagia Ghicitorilor\u201d cu actorii Cezar Vlad Popescu, Oliviu Cristian Bughiu \u015fi Iuliana Costiniu<br>12:00 \u2013 13:00 \u2013 Jocuri \u0219i Pove\u015fti interactive cu actorii Cezar Vlad Popescu, Oliviu Cristian Bughiu \u015fi Iuliana Costiniu<br>17:00 \u2013 18:00 \u2013 Atelier de pictat figurine din lemn<br>18:00 \u2013 19:00 \u2013 Atelier de \u00eencondeiat ou\u0103 din lemn<\/p>\n\n\n\n<p>Luni, 17 aprilie<br>11:00 \u2013 12:00 \u2013 Atelier\u00a0 \u201eRobo\u0163ei din tuburi de h\u00e2rtie reciclabil\u0103\u201d<br>12:00 \u2013 13:00 \u2013 Atelier\u00a0 \u201eBr\u0103\u0163\u0103ri din materiale reciclabile\u201d<br>17:00 \u2013 18:00 \u2013 Atelier pictur\u0103 pe p\u00e2nz\u0103<br>18:00 \u2013 19:00 \u2013 Atelier de realizat \u201em\u0103\u015fti iepura\u015f\u201d<\/p>\n\n\n\n<p>T\u00e2rgul de Pa\u0219te este un eveniment cu intrare liber\u0103.<\/p>\n\n\n\n<p>T\u00e2rgul este deschis p\u00e2n\u0103 pe 17 aprilie 2023 \u0219i poate fi vizitat \u00eentre 10:00 \u2013 21:00, \u00een Parcul Regele Mihai I, iar intrarea este liber\u0103.<\/p>\n\n\n\n<p><\/p>\n","protected":false},"excerpt":{"rendered":"<p>S-a deschis oficial T\u00e2rgul de Pa\u0219te al Capitalei, \u201eTradi\u021bii \u0219i Flori de S\u0103rb\u0103tori\u201d. Evenimentul este organizat de Prim\u0103ria Municipiului Bucure\u0219ti, prin Creart. La t\u00e2rg v\u0103 a\u0219teapt\u0103 me\u0219te\u0219ugari \u0219i produc\u0103tori din toate col\u021burile \u021b\u0103rii cu produse tradi\u021bionale: ou\u0103 \u00eencondeiate, ii, icoane pictate, obiecte din piele, ceramic\u0103, sticl\u0103 \u0219i lemn, decora\u021biuni pentru masa de Pa\u0219te, cozonaci, pr\u0103jituri [&hellip;]<\/p>\n","protected":false},"author":18,"featured_media":57478,"comment_status":"closed","ping_status":"open","sticky":false,"template":"","format":"standard","meta":{"_acf_changed":false,"inline_featured_image":false,"ngg_post_thumbnail":0,"footnotes":""},"categories":[3419,62],"tags":[],"ppma_author":[22579],"class_list":["post-57476","post","type-post","status-publish","format-standard","has-post-thumbnail","hentry","category-featured","category-stiri"],"acf":[],"yoast_head":"<!-- This site is optimized with the Yoast SEO Premium plugin v25.3 (Yoast SEO v27.4) - https:\/\/yoast.com\/product\/yoast-seo-premium-wordpress\/ -->\n<title>S-a deschis T\u00e2rgul de Pa\u0219te din Parcul Regele Mihai I - Buletin de Bucure\u0219ti<\/title>\n<meta name=\"robots\" content=\"index, follow, max-snippet:-1, max-image-preview:large, max-video-preview:-1\" \/>\n<link rel=\"canonical\" href=\"https:\/\/buletin.de\/bucuresti\/s-a-deschis-targul-de-paste-din-parcul-regele-mihai-i\/\" \/>\n<meta property=\"og:locale\" content=\"en_GB\" \/>\n<meta property=\"og:type\" content=\"article\" \/>\n<meta property=\"og:title\" content=\"S-a deschis T\u00e2rgul de Pa\u0219te din Parcul Regele Mihai I\" \/>\n<meta property=\"og:description\" content=\"S-a deschis oficial T\u00e2rgul de Pa\u0219te al Capitalei, \u201eTradi\u021bii \u0219i Flori de S\u0103rb\u0103tori\u201d. Evenimentul este organizat de Prim\u0103ria Municipiului Bucure\u0219ti, prin Creart. La t\u00e2rg v\u0103 a\u0219teapt\u0103 me\u0219te\u0219ugari \u0219i produc\u0103tori din toate col\u021burile \u021b\u0103rii cu produse tradi\u021bionale: ou\u0103 \u00eencondeiate, ii, icoane pictate, obiecte din piele, ceramic\u0103, sticl\u0103 \u0219i lemn, decora\u021biuni pentru masa de Pa\u0219te, cozonaci, pr\u0103jituri [&hellip;]\" \/>\n<meta property=\"og:url\" content=\"https:\/\/buletin.de\/bucuresti\/s-a-deschis-targul-de-paste-din-parcul-regele-mihai-i\/\" \/>\n<meta property=\"og:site_name\" content=\"Buletin de Bucure\u0219ti\" \/>\n<meta property=\"article:publisher\" content=\"https:\/\/www.facebook.com\/buletin.de.buc\" \/>\n<meta property=\"article:published_time\" content=\"2023-04-07T12:19:23+00:00\" \/>\n<meta property=\"article:modified_time\" content=\"2023-04-07T12:19:24+00:00\" \/>\n<meta property=\"og:image\" content=\"https:\/\/buletin.de\/bucuresti\/wp-content\/uploads\/WhatsApp-Image-2023-04-07-at-15.11.40.jpeg\" \/>\n\t<meta property=\"og:image:width\" content=\"960\" \/>\n\t<meta property=\"og:image:height\" content=\"641\" \/>\n\t<meta property=\"og:image:type\" content=\"image\/jpeg\" \/>\n<meta name=\"author\" content=\"Teodora Stroe\" \/>\n<meta name=\"twitter:card\" content=\"summary_large_image\" \/>\n<meta name=\"twitter:label1\" content=\"Written by\" \/>\n\t<meta name=\"twitter:data1\" content=\"Teodora Stroe\" \/>\n\t<meta name=\"twitter:label2\" content=\"Estimated reading time\" \/>\n\t<meta name=\"twitter:data2\" content=\"4 minutes\" \/>\n<script type=\"application\/ld+json\" class=\"yoast-schema-graph\">{\"@context\":\"https:\\\/\\\/schema.org\",\"@graph\":[{\"@type\":\"Article\",\"@id\":\"https:\\\/\\\/buletin.de\\\/bucuresti\\\/s-a-deschis-targul-de-paste-din-parcul-regele-mihai-i\\\/#article\",\"isPartOf\":{\"@id\":\"https:\\\/\\\/buletin.de\\\/bucuresti\\\/s-a-deschis-targul-de-paste-din-parcul-regele-mihai-i\\\/\"},\"author\":{\"name\":\"Teodora Stroe\",\"@id\":\"https:\\\/\\\/buletin.de\\\/bucuresti\\\/#\\\/schema\\\/person\\\/d369d7ddc775abece205795e0b804614\"},\"headline\":\"S-a deschis T\u00e2rgul de Pa\u0219te din Parcul Regele Mihai I\",\"datePublished\":\"2023-04-07T12:19:23+00:00\",\"dateModified\":\"2023-04-07T12:19:24+00:00\",\"mainEntityOfPage\":{\"@id\":\"https:\\\/\\\/buletin.de\\\/bucuresti\\\/s-a-deschis-targul-de-paste-din-parcul-regele-mihai-i\\\/\"},\"wordCount\":709,\"publisher\":{\"@id\":\"https:\\\/\\\/buletin.de\\\/bucuresti\\\/#organization\"},\"image\":{\"@id\":\"https:\\\/\\\/buletin.de\\\/bucuresti\\\/s-a-deschis-targul-de-paste-din-parcul-regele-mihai-i\\\/#primaryimage\"},\"thumbnailUrl\":\"https:\\\/\\\/buletin.de\\\/bucuresti\\\/wp-content\\\/uploads\\\/WhatsApp-Image-2023-04-07-at-15.11.40.jpeg\",\"articleSection\":[\"Featured\",\"\u0218tiri\"],\"inLanguage\":\"en-GB\",\"copyrightYear\":\"2023\",\"copyrightHolder\":{\"@id\":\"https:\\\/\\\/buletin.de\\\/bucuresti\\\/#organization\"}},{\"@type\":\"WebPage\",\"@id\":\"https:\\\/\\\/buletin.de\\\/bucuresti\\\/s-a-deschis-targul-de-paste-din-parcul-regele-mihai-i\\\/\",\"url\":\"https:\\\/\\\/buletin.de\\\/bucuresti\\\/s-a-deschis-targul-de-paste-din-parcul-regele-mihai-i\\\/\",\"name\":\"S-a deschis T\u00e2rgul de Pa\u0219te din Parcul Regele Mihai I - Buletin de Bucure\u0219ti\",\"isPartOf\":{\"@id\":\"https:\\\/\\\/buletin.de\\\/bucuresti\\\/#website\"},\"primaryImageOfPage\":{\"@id\":\"https:\\\/\\\/buletin.de\\\/bucuresti\\\/s-a-deschis-targul-de-paste-din-parcul-regele-mihai-i\\\/#primaryimage\"},\"image\":{\"@id\":\"https:\\\/\\\/buletin.de\\\/bucuresti\\\/s-a-deschis-targul-de-paste-din-parcul-regele-mihai-i\\\/#primaryimage\"},\"thumbnailUrl\":\"https:\\\/\\\/buletin.de\\\/bucuresti\\\/wp-content\\\/uploads\\\/WhatsApp-Image-2023-04-07-at-15.11.40.jpeg\",\"datePublished\":\"2023-04-07T12:19:23+00:00\",\"dateModified\":\"2023-04-07T12:19:24+00:00\",\"breadcrumb\":{\"@id\":\"https:\\\/\\\/buletin.de\\\/bucuresti\\\/s-a-deschis-targul-de-paste-din-parcul-regele-mihai-i\\\/#breadcrumb\"},\"inLanguage\":\"en-GB\",\"potentialAction\":[{\"@type\":\"ReadAction\",\"target\":[\"https:\\\/\\\/buletin.de\\\/bucuresti\\\/s-a-deschis-targul-de-paste-din-parcul-regele-mihai-i\\\/\"]}]},{\"@type\":\"ImageObject\",\"inLanguage\":\"en-GB\",\"@id\":\"https:\\\/\\\/buletin.de\\\/bucuresti\\\/s-a-deschis-targul-de-paste-din-parcul-regele-mihai-i\\\/#primaryimage\",\"url\":\"https:\\\/\\\/buletin.de\\\/bucuresti\\\/wp-content\\\/uploads\\\/WhatsApp-Image-2023-04-07-at-15.11.40.jpeg\",\"contentUrl\":\"https:\\\/\\\/buletin.de\\\/bucuresti\\\/wp-content\\\/uploads\\\/WhatsApp-Image-2023-04-07-at-15.11.40.jpeg\",\"width\":960,\"height\":641},{\"@type\":\"BreadcrumbList\",\"@id\":\"https:\\\/\\\/buletin.de\\\/bucuresti\\\/s-a-deschis-targul-de-paste-din-parcul-regele-mihai-i\\\/#breadcrumb\",\"itemListElement\":[{\"@type\":\"ListItem\",\"position\":1,\"name\":\"Acas\u0103\",\"item\":\"https:\\\/\\\/buletin.de\\\/bucuresti\\\/\"},{\"@type\":\"ListItem\",\"position\":2,\"name\":\"S-a deschis T\u00e2rgul de Pa\u0219te din Parcul Regele Mihai I\"}]},{\"@type\":\"WebSite\",\"@id\":\"https:\\\/\\\/buletin.de\\\/bucuresti\\\/#website\",\"url\":\"https:\\\/\\\/buletin.de\\\/bucuresti\\\/\",\"name\":\"Buletin de Bucure\u0219ti\",\"description\":\"\u0218tiri \u0219i investiga\u021bii esen\u021biale din capital\u0103\",\"publisher\":{\"@id\":\"https:\\\/\\\/buletin.de\\\/bucuresti\\\/#organization\"},\"potentialAction\":[{\"@type\":\"SearchAction\",\"target\":{\"@type\":\"EntryPoint\",\"urlTemplate\":\"https:\\\/\\\/buletin.de\\\/bucuresti\\\/?s={search_term_string}\"},\"query-input\":{\"@type\":\"PropertyValueSpecification\",\"valueRequired\":true,\"valueName\":\"search_term_string\"}}],\"inLanguage\":\"en-GB\"},{\"@type\":\"Organization\",\"@id\":\"https:\\\/\\\/buletin.de\\\/bucuresti\\\/#organization\",\"name\":\"Buletin de Bucure\u0219ti\",\"url\":\"https:\\\/\\\/buletin.de\\\/bucuresti\\\/\",\"logo\":{\"@type\":\"ImageObject\",\"inLanguage\":\"en-GB\",\"@id\":\"https:\\\/\\\/buletin.de\\\/bucuresti\\\/#\\\/schema\\\/logo\\\/image\\\/\",\"url\":\"https:\\\/\\\/buletin.de\\\/bucuresti\\\/wp-content\\\/uploads\\\/logo-bdb-full-wide-vernil-transparent.png\",\"contentUrl\":\"https:\\\/\\\/buletin.de\\\/bucuresti\\\/wp-content\\\/uploads\\\/logo-bdb-full-wide-vernil-transparent.png\",\"width\":1782,\"height\":626,\"caption\":\"Buletin de Bucure\u0219ti\"},\"image\":{\"@id\":\"https:\\\/\\\/buletin.de\\\/bucuresti\\\/#\\\/schema\\\/logo\\\/image\\\/\"},\"sameAs\":[\"https:\\\/\\\/www.facebook.com\\\/buletin.de.buc\",\"https:\\\/\\\/www.instagram.com\\\/buletinde.bucuresti\\\/\"]},{\"@type\":\"Person\",\"@id\":\"https:\\\/\\\/buletin.de\\\/bucuresti\\\/#\\\/schema\\\/person\\\/d369d7ddc775abece205795e0b804614\",\"name\":\"Teodora Stroe\",\"image\":{\"@type\":\"ImageObject\",\"inLanguage\":\"en-GB\",\"@id\":\"https:\\\/\\\/secure.gravatar.com\\\/avatar\\\/2560b4cd9f5f1bc100b123158e657d75584bd1c3e1d9c69285720b9457c1b78d?s=96&d=monsterid&r=gc104800242ba5f2d78dd5d7dc4df08b6\",\"url\":\"https:\\\/\\\/secure.gravatar.com\\\/avatar\\\/2560b4cd9f5f1bc100b123158e657d75584bd1c3e1d9c69285720b9457c1b78d?s=96&d=monsterid&r=g\",\"contentUrl\":\"https:\\\/\\\/secure.gravatar.com\\\/avatar\\\/2560b4cd9f5f1bc100b123158e657d75584bd1c3e1d9c69285720b9457c1b78d?s=96&d=monsterid&r=g\",\"caption\":\"Teodora Stroe\"},\"url\":\"https:\\\/\\\/buletin.de\\\/bucuresti\\\/author\\\/simonacarlugea\\\/\"}]}<\/script>\n<!-- \/ Yoast SEO Premium plugin. -->","yoast_head_json":{"title":"S-a deschis T\u00e2rgul de Pa\u0219te din Parcul Regele Mihai I - Buletin de Bucure\u0219ti","robots":{"index":"index","follow":"follow","max-snippet":"max-snippet:-1","max-image-preview":"max-image-preview:large","max-video-preview":"max-video-preview:-1"},"canonical":"https:\/\/buletin.de\/bucuresti\/s-a-deschis-targul-de-paste-din-parcul-regele-mihai-i\/","og_locale":"en_GB","og_type":"article","og_title":"S-a deschis T\u00e2rgul de Pa\u0219te din Parcul Regele Mihai I","og_description":"S-a deschis oficial T\u00e2rgul de Pa\u0219te al Capitalei, \u201eTradi\u021bii \u0219i Flori de S\u0103rb\u0103tori\u201d. Evenimentul este organizat de Prim\u0103ria Municipiului Bucure\u0219ti, prin Creart. La t\u00e2rg v\u0103 a\u0219teapt\u0103 me\u0219te\u0219ugari \u0219i produc\u0103tori din toate col\u021burile \u021b\u0103rii cu produse tradi\u021bionale: ou\u0103 \u00eencondeiate, ii, icoane pictate, obiecte din piele, ceramic\u0103, sticl\u0103 \u0219i lemn, decora\u021biuni pentru masa de Pa\u0219te, cozonaci, pr\u0103jituri [&hellip;]","og_url":"https:\/\/buletin.de\/bucuresti\/s-a-deschis-targul-de-paste-din-parcul-regele-mihai-i\/","og_site_name":"Buletin de Bucure\u0219ti","article_publisher":"https:\/\/www.facebook.com\/buletin.de.buc","article_published_time":"2023-04-07T12:19:23+00:00","article_modified_time":"2023-04-07T12:19:24+00:00","og_image":[{"width":960,"height":641,"url":"https:\/\/buletin.de\/bucuresti\/wp-content\/uploads\/WhatsApp-Image-2023-04-07-at-15.11.40.jpeg","type":"image\/jpeg"}],"author":"Teodora Stroe","twitter_card":"summary_large_image","twitter_misc":{"Written by":"Teodora Stroe","Estimated reading time":"4 minutes"},"schema":{"@context":"https:\/\/schema.org","@graph":[{"@type":"Article","@id":"https:\/\/buletin.de\/bucuresti\/s-a-deschis-targul-de-paste-din-parcul-regele-mihai-i\/#article","isPartOf":{"@id":"https:\/\/buletin.de\/bucuresti\/s-a-deschis-targul-de-paste-din-parcul-regele-mihai-i\/"},"author":{"name":"Teodora Stroe","@id":"https:\/\/buletin.de\/bucuresti\/#\/schema\/person\/d369d7ddc775abece205795e0b804614"},"headline":"S-a deschis T\u00e2rgul de Pa\u0219te din Parcul Regele Mihai I","datePublished":"2023-04-07T12:19:23+00:00","dateModified":"2023-04-07T12:19:24+00:00","mainEntityOfPage":{"@id":"https:\/\/buletin.de\/bucuresti\/s-a-deschis-targul-de-paste-din-parcul-regele-mihai-i\/"},"wordCount":709,"publisher":{"@id":"https:\/\/buletin.de\/bucuresti\/#organization"},"image":{"@id":"https:\/\/buletin.de\/bucuresti\/s-a-deschis-targul-de-paste-din-parcul-regele-mihai-i\/#primaryimage"},"thumbnailUrl":"https:\/\/buletin.de\/bucuresti\/wp-content\/uploads\/WhatsApp-Image-2023-04-07-at-15.11.40.jpeg","articleSection":["Featured","\u0218tiri"],"inLanguage":"en-GB","copyrightYear":"2023","copyrightHolder":{"@id":"https:\/\/buletin.de\/bucuresti\/#organization"}},{"@type":"WebPage","@id":"https:\/\/buletin.de\/bucuresti\/s-a-deschis-targul-de-paste-din-parcul-regele-mihai-i\/","url":"https:\/\/buletin.de\/bucuresti\/s-a-deschis-targul-de-paste-din-parcul-regele-mihai-i\/","name":"S-a deschis T\u00e2rgul de Pa\u0219te din Parcul Regele Mihai I - Buletin de Bucure\u0219ti","isPartOf":{"@id":"https:\/\/buletin.de\/bucuresti\/#website"},"primaryImageOfPage":{"@id":"https:\/\/buletin.de\/bucuresti\/s-a-deschis-targul-de-paste-din-parcul-regele-mihai-i\/#primaryimage"},"image":{"@id":"https:\/\/buletin.de\/bucuresti\/s-a-deschis-targul-de-paste-din-parcul-regele-mihai-i\/#primaryimage"},"thumbnailUrl":"https:\/\/buletin.de\/bucuresti\/wp-content\/uploads\/WhatsApp-Image-2023-04-07-at-15.11.40.jpeg","datePublished":"2023-04-07T12:19:23+00:00","dateModified":"2023-04-07T12:19:24+00:00","breadcrumb":{"@id":"https:\/\/buletin.de\/bucuresti\/s-a-deschis-targul-de-paste-din-parcul-regele-mihai-i\/#breadcrumb"},"inLanguage":"en-GB","potentialAction":[{"@type":"ReadAction","target":["https:\/\/buletin.de\/bucuresti\/s-a-deschis-targul-de-paste-din-parcul-regele-mihai-i\/"]}]},{"@type":"ImageObject","inLanguage":"en-GB","@id":"https:\/\/buletin.de\/bucuresti\/s-a-deschis-targul-de-paste-din-parcul-regele-mihai-i\/#primaryimage","url":"https:\/\/buletin.de\/bucuresti\/wp-content\/uploads\/WhatsApp-Image-2023-04-07-at-15.11.40.jpeg","contentUrl":"https:\/\/buletin.de\/bucuresti\/wp-content\/uploads\/WhatsApp-Image-2023-04-07-at-15.11.40.jpeg","width":960,"height":641},{"@type":"BreadcrumbList","@id":"https:\/\/buletin.de\/bucuresti\/s-a-deschis-targul-de-paste-din-parcul-regele-mihai-i\/#breadcrumb","itemListElement":[{"@type":"ListItem","position":1,"name":"Acas\u0103","item":"https:\/\/buletin.de\/bucuresti\/"},{"@type":"ListItem","position":2,"name":"S-a deschis T\u00e2rgul de Pa\u0219te din Parcul Regele Mihai I"}]},{"@type":"WebSite","@id":"https:\/\/buletin.de\/bucuresti\/#website","url":"https:\/\/buletin.de\/bucuresti\/","name":"Buletin de Bucure\u0219ti","description":"\u0218tiri \u0219i investiga\u021bii esen\u021biale din capital\u0103","publisher":{"@id":"https:\/\/buletin.de\/bucuresti\/#organization"},"potentialAction":[{"@type":"SearchAction","target":{"@type":"EntryPoint","urlTemplate":"https:\/\/buletin.de\/bucuresti\/?s={search_term_string}"},"query-input":{"@type":"PropertyValueSpecification","valueRequired":true,"valueName":"search_term_string"}}],"inLanguage":"en-GB"},{"@type":"Organization","@id":"https:\/\/buletin.de\/bucuresti\/#organization","name":"Buletin de Bucure\u0219ti","url":"https:\/\/buletin.de\/bucuresti\/","logo":{"@type":"ImageObject","inLanguage":"en-GB","@id":"https:\/\/buletin.de\/bucuresti\/#\/schema\/logo\/image\/","url":"https:\/\/buletin.de\/bucuresti\/wp-content\/uploads\/logo-bdb-full-wide-vernil-transparent.png","contentUrl":"https:\/\/buletin.de\/bucuresti\/wp-content\/uploads\/logo-bdb-full-wide-vernil-transparent.png","width":1782,"height":626,"caption":"Buletin de Bucure\u0219ti"},"image":{"@id":"https:\/\/buletin.de\/bucuresti\/#\/schema\/logo\/image\/"},"sameAs":["https:\/\/www.facebook.com\/buletin.de.buc","https:\/\/www.instagram.com\/buletinde.bucuresti\/"]},{"@type":"Person","@id":"https:\/\/buletin.de\/bucuresti\/#\/schema\/person\/d369d7ddc775abece205795e0b804614","name":"Teodora Stroe","image":{"@type":"ImageObject","inLanguage":"en-GB","@id":"https:\/\/secure.gravatar.com\/avatar\/2560b4cd9f5f1bc100b123158e657d75584bd1c3e1d9c69285720b9457c1b78d?s=96&d=monsterid&r=gc104800242ba5f2d78dd5d7dc4df08b6","url":"https:\/\/secure.gravatar.com\/avatar\/2560b4cd9f5f1bc100b123158e657d75584bd1c3e1d9c69285720b9457c1b78d?s=96&d=monsterid&r=g","contentUrl":"https:\/\/secure.gravatar.com\/avatar\/2560b4cd9f5f1bc100b123158e657d75584bd1c3e1d9c69285720b9457c1b78d?s=96&d=monsterid&r=g","caption":"Teodora Stroe"},"url":"https:\/\/buletin.de\/bucuresti\/author\/simonacarlugea\/"}]}},"authors":[{"term_id":22579,"user_id":18,"is_guest":0,"slug":"simonacarlugea","display_name":"Teodora Stroe","avatar_url":"https:\/\/secure.gravatar.com\/avatar\/2560b4cd9f5f1bc100b123158e657d75584bd1c3e1d9c69285720b9457c1b78d?s=96&d=monsterid&r=g","0":null,"1":"","2":"","3":"","4":"","5":"","6":"","7":"","8":""}],"_links":{"self":[{"href":"https:\/\/buletin.de\/bucuresti\/wp-json\/wp\/v2\/posts\/57476","targetHints":{"allow":["GET"]}}],"collection":[{"href":"https:\/\/buletin.de\/bucuresti\/wp-json\/wp\/v2\/posts"}],"about":[{"href":"https:\/\/buletin.de\/bucuresti\/wp-json\/wp\/v2\/types\/post"}],"author":[{"embeddable":true,"href":"https:\/\/buletin.de\/bucuresti\/wp-json\/wp\/v2\/users\/18"}],"replies":[{"embeddable":true,"href":"https:\/\/buletin.de\/bucuresti\/wp-json\/wp\/v2\/comments?post=57476"}],"version-history":[{"count":1,"href":"https:\/\/buletin.de\/bucuresti\/wp-json\/wp\/v2\/posts\/57476\/revisions"}],"predecessor-version":[{"id":57477,"href":"https:\/\/buletin.de\/bucuresti\/wp-json\/wp\/v2\/posts\/57476\/revisions\/57477"}],"wp:featuredmedia":[{"embeddable":true,"href":"https:\/\/buletin.de\/bucuresti\/wp-json\/wp\/v2\/media\/57478"}],"wp:attachment":[{"href":"https:\/\/buletin.de\/bucuresti\/wp-json\/wp\/v2\/media?parent=57476"}],"wp:term":[{"taxonomy":"category","embeddable":true,"href":"https:\/\/buletin.de\/bucuresti\/wp-json\/wp\/v2\/categories?post=57476"},{"taxonomy":"post_tag","embeddable":true,"href":"https:\/\/buletin.de\/bucuresti\/wp-json\/wp\/v2\/tags?post=57476"},{"taxonomy":"author","embeddable":true,"href":"https:\/\/buletin.de\/bucuresti\/wp-json\/wp\/v2\/ppma_author?post=57476"}],"curies":[{"name":"wp","href":"https:\/\/api.w.org\/{rel}","templated":true}]}}