{"id":57457,"date":"2023-04-07T08:02:29","date_gmt":"2023-04-07T06:02:29","guid":{"rendered":"https:\/\/buletin.de\/bucuresti\/?p=57457"},"modified":"2023-04-07T08:02:30","modified_gmt":"2023-04-07T06:02:30","slug":"sectorul-2-peste-13-milioane-de-lei-pentru-remedierea-infiltratiilor-din-pasajele-pietonale-obor-si-colentina","status":"publish","type":"post","link":"https:\/\/buletin.de\/bucuresti\/sectorul-2-peste-13-milioane-de-lei-pentru-remedierea-infiltratiilor-din-pasajele-pietonale-obor-si-colentina\/","title":{"rendered":"Sectorul 2. Peste 13 milioane de lei pentru remedierea infiltra\u021biilor din pasajele pietonale Obor \u0219i Colentina"},"content":{"rendered":"\n<p class=\"has-pale-cyan-blue-background-color has-background\">Consilierii locali ai Sectorului 2 au votat un proiect de hot\u0103r\u00e2re ce prevede remedierea infiltra\u021biilor din pasajele pietonale Mo\u0219ilor \u0219i Colentina. Valoarea total\u0103 a proiectului, f\u0103r\u0103 TVA, dep\u0103\u0219e\u0219te 13 milioane de lei, iar lucr\u0103rile ar trebui s\u0103 fie finalizate \u00een 10 luni. Proiectul a fost aprobat cu 15 voturi \u201dpentru\u201d \u0219i 12 ab\u021bineri.<\/p>\n\n\n\n<p>Totu\u0219i, consilierul local Constantin Emilian Calot\u0103 (PSD) a sus\u021binut \u00een \u0219edin\u021ba de consiliu c\u0103 devizul lucr\u0103rilor este supraestimat la capitolul \u201ddiverse \u0219i neprev\u0103zute\u201d.<\/p>\n\n\n\n<p>\u201dAstea ajung la suma de peste 2,3 milioane de lei, fapt ce reprezint\u0103 mai mult din valoarea totala a proiectului, care e de 13 milioane. E o suma foarte mare \u00een acest capitol, valoarea de proiectare este supraestimat\u0103\u201d,&nbsp; a precizat Constantin Emilian Calot\u0103.<\/p>\n\n\n\n<p>Directorul general din prim\u0103rie, Alin Vasilic\u0103 Drug\u0103u, a fost de alt\u0103 p\u0103rere.<\/p>\n\n\n\n<p>\u201dSumele din devize reprezint\u0103 valori maximale. Mereu se vorbe\u015fte de sume exorbitante, dar acestea sunt valori maximale, care au fost verificate de speciali\u0219ti. Consiliul Local aprob\u0103 doar oportunitatea investi\u021biei. Ave\u021bi posibilitatea s\u0103 veni\u021bi la acea comisie tehnic\u0103 \u0219i s\u0103 modific\u0103m ori de c\u00e2te ori vre\u021bi documentele pe care le considera\u021bi inoportune\u201d, a declarat acesta.<\/p>\n\n\n\n<p>\u201dInvesti\u021bia este oportun\u0103 deoarece s-a constatat starea avansat\u0103 de degradare a construc\u021biilor, pere\u021bii interiori prezint\u0103 degrad\u0103ri semnificative ale finisajelor \u0219i urme de infiltra\u021bii la nivelul tavanului \u0219i pere\u021bilor, podelele sunt degradate, prezint\u0103 pl\u0103ci ceramice sparte\/desprinse iar sifoanele de pardoseal\u0103 sunt astupate\/colmatate indic\u00e2nd nefunc\u021bionalitatea acestora. Totodat\u0103, plafonul prezint\u0103 degrad\u0103ri ale finisajului \u0219i urme de infiltra\u021bii \u00een zona rosturilor de dilatare\u201d, se precizeaz\u0103 \u00een motivarea proiectului de hot\u0103r\u00e2re.<\/p>\n\n\n\n<p>Valoarea total\u0103 a proiectului este de 13.017.032,68 lei f\u0103r\u0103 TVA, respectiv 15.470.390,63 lei inclusiv TVA. Suprafa\u021ba lucr\u0103rilor va fi de 5.895 mp din care 4.500 mp suprateran \u0219i 1.395 mp subteran.<\/p>\n\n\n\n<p>\u201dInvesti\u021biile propuse nu au ca scop profitabilitatea, men\u021bionarea beneficiilor de natur\u0103 social\u0103 \u0219i s\u0103n\u0103tate public\u0103 fiind esen\u021bial\u0103 pentru descrierea impactului asupra comunit\u0103\u021bii beneficiare. Dup\u0103 finalizarea execu\u021biei lucr\u0103rilor se vor putea observa \u00eembun\u0103t\u0103\u021biri majore \u00een ceea ce prive\u0219te:<\/p>\n\n\n\n<ul class=\"wp-block-list\"><li>cre\u0219terea gradului de siguran\u021b\u0103 a exploat\u0103rii transportului public subteran;<\/li><li>diminuarea degrad\u0103rilor datorate infiltra\u021biilor;<\/li><li>refacerea aspectului estetic \u0219i func\u021bional;<\/li><li>punerea \u00een siguran\u021b\u0103 a pietonilor din pasaj.\u201d<\/li><\/ul>\n","protected":false},"excerpt":{"rendered":"<p>Consilierii locali ai Sectorului 2 au votat un proiect de hot\u0103r\u00e2re ce prevede remedierea infiltra\u021biilor din pasajele pietonale Mo\u0219ilor \u0219i Colentina. Valoarea total\u0103 a proiectului, f\u0103r\u0103 TVA, dep\u0103\u0219e\u0219te 13 milioane de lei, iar lucr\u0103rile ar trebui s\u0103 fie finalizate \u00een 10 luni. Proiectul a fost aprobat cu 15 voturi \u201dpentru\u201d \u0219i 12 ab\u021bineri. Totu\u0219i, consilierul [&hellip;]<\/p>\n","protected":false},"author":38,"featured_media":57458,"comment_status":"closed","ping_status":"open","sticky":false,"template":"","format":"standard","meta":{"_acf_changed":false,"inline_featured_image":false,"ngg_post_thumbnail":0,"footnotes":""},"categories":[62],"tags":[],"ppma_author":[22601],"class_list":["post-57457","post","type-post","status-publish","format-standard","has-post-thumbnail","hentry","category-stiri"],"acf":[],"yoast_head":"<!-- This site is optimized with the Yoast SEO Premium plugin v25.3 (Yoast SEO v27.4) - https:\/\/yoast.com\/product\/yoast-seo-premium-wordpress\/ -->\n<title>Sectorul 2. Peste 13 milioane de lei pentru remedierea infiltra\u021biilor din pasajele pietonale Obor \u0219i Colentina - Buletin de Bucure\u0219ti<\/title>\n<meta name=\"robots\" content=\"index, follow, max-snippet:-1, max-image-preview:large, max-video-preview:-1\" \/>\n<link rel=\"canonical\" href=\"https:\/\/buletin.de\/bucuresti\/sectorul-2-peste-13-milioane-de-lei-pentru-remedierea-infiltratiilor-din-pasajele-pietonale-obor-si-colentina\/\" \/>\n<meta property=\"og:locale\" content=\"en_GB\" \/>\n<meta property=\"og:type\" content=\"article\" \/>\n<meta property=\"og:title\" content=\"Sectorul 2. Peste 13 milioane de lei pentru remedierea infiltra\u021biilor din pasajele pietonale Obor \u0219i Colentina\" \/>\n<meta property=\"og:description\" content=\"Consilierii locali ai Sectorului 2 au votat un proiect de hot\u0103r\u00e2re ce prevede remedierea infiltra\u021biilor din pasajele pietonale Mo\u0219ilor \u0219i Colentina. Valoarea total\u0103 a proiectului, f\u0103r\u0103 TVA, dep\u0103\u0219e\u0219te 13 milioane de lei, iar lucr\u0103rile ar trebui s\u0103 fie finalizate \u00een 10 luni. Proiectul a fost aprobat cu 15 voturi \u201dpentru\u201d \u0219i 12 ab\u021bineri. Totu\u0219i, consilierul [&hellip;]\" \/>\n<meta property=\"og:url\" content=\"https:\/\/buletin.de\/bucuresti\/sectorul-2-peste-13-milioane-de-lei-pentru-remedierea-infiltratiilor-din-pasajele-pietonale-obor-si-colentina\/\" \/>\n<meta property=\"og:site_name\" content=\"Buletin de Bucure\u0219ti\" \/>\n<meta property=\"article:publisher\" content=\"https:\/\/www.facebook.com\/buletin.de.buc\" \/>\n<meta property=\"article:published_time\" content=\"2023-04-07T06:02:29+00:00\" \/>\n<meta property=\"article:modified_time\" content=\"2023-04-07T06:02:30+00:00\" \/>\n<meta property=\"og:image\" content=\"https:\/\/buletin.de\/bucuresti\/wp-content\/uploads\/primaria-sectorului-2.png\" \/>\n\t<meta property=\"og:image:width\" content=\"1228\" \/>\n\t<meta property=\"og:image:height\" content=\"691\" \/>\n\t<meta property=\"og:image:type\" content=\"image\/png\" \/>\n<meta name=\"author\" content=\"Anamaria Nedelcoff\" \/>\n<meta name=\"twitter:card\" content=\"summary_large_image\" \/>\n<meta name=\"twitter:label1\" content=\"Written by\" \/>\n\t<meta name=\"twitter:data1\" content=\"Anamaria Nedelcoff\" \/>\n\t<meta name=\"twitter:label2\" content=\"Estimated reading time\" \/>\n\t<meta name=\"twitter:data2\" content=\"2 minutes\" \/>\n<script type=\"application\/ld+json\" class=\"yoast-schema-graph\">{\"@context\":\"https:\\\/\\\/schema.org\",\"@graph\":[{\"@type\":\"Article\",\"@id\":\"https:\\\/\\\/buletin.de\\\/bucuresti\\\/sectorul-2-peste-13-milioane-de-lei-pentru-remedierea-infiltratiilor-din-pasajele-pietonale-obor-si-colentina\\\/#article\",\"isPartOf\":{\"@id\":\"https:\\\/\\\/buletin.de\\\/bucuresti\\\/sectorul-2-peste-13-milioane-de-lei-pentru-remedierea-infiltratiilor-din-pasajele-pietonale-obor-si-colentina\\\/\"},\"author\":{\"name\":\"Anamaria Nedelcoff\",\"@id\":\"https:\\\/\\\/buletin.de\\\/bucuresti\\\/#\\\/schema\\\/person\\\/bfa22994f12f5d3353b170aca494f1f9\"},\"headline\":\"Sectorul 2. Peste 13 milioane de lei pentru remedierea infiltra\u021biilor din pasajele pietonale Obor \u0219i Colentina\",\"datePublished\":\"2023-04-07T06:02:29+00:00\",\"dateModified\":\"2023-04-07T06:02:30+00:00\",\"mainEntityOfPage\":{\"@id\":\"https:\\\/\\\/buletin.de\\\/bucuresti\\\/sectorul-2-peste-13-milioane-de-lei-pentru-remedierea-infiltratiilor-din-pasajele-pietonale-obor-si-colentina\\\/\"},\"wordCount\":408,\"publisher\":{\"@id\":\"https:\\\/\\\/buletin.de\\\/bucuresti\\\/#organization\"},\"image\":{\"@id\":\"https:\\\/\\\/buletin.de\\\/bucuresti\\\/sectorul-2-peste-13-milioane-de-lei-pentru-remedierea-infiltratiilor-din-pasajele-pietonale-obor-si-colentina\\\/#primaryimage\"},\"thumbnailUrl\":\"https:\\\/\\\/buletin.de\\\/bucuresti\\\/wp-content\\\/uploads\\\/primaria-sectorului-2.png\",\"articleSection\":[\"\u0218tiri\"],\"inLanguage\":\"en-GB\",\"copyrightYear\":\"2023\",\"copyrightHolder\":{\"@id\":\"https:\\\/\\\/buletin.de\\\/bucuresti\\\/#organization\"}},{\"@type\":\"WebPage\",\"@id\":\"https:\\\/\\\/buletin.de\\\/bucuresti\\\/sectorul-2-peste-13-milioane-de-lei-pentru-remedierea-infiltratiilor-din-pasajele-pietonale-obor-si-colentina\\\/\",\"url\":\"https:\\\/\\\/buletin.de\\\/bucuresti\\\/sectorul-2-peste-13-milioane-de-lei-pentru-remedierea-infiltratiilor-din-pasajele-pietonale-obor-si-colentina\\\/\",\"name\":\"Sectorul 2. Peste 13 milioane de lei pentru remedierea infiltra\u021biilor din pasajele pietonale Obor \u0219i Colentina - Buletin de Bucure\u0219ti\",\"isPartOf\":{\"@id\":\"https:\\\/\\\/buletin.de\\\/bucuresti\\\/#website\"},\"primaryImageOfPage\":{\"@id\":\"https:\\\/\\\/buletin.de\\\/bucuresti\\\/sectorul-2-peste-13-milioane-de-lei-pentru-remedierea-infiltratiilor-din-pasajele-pietonale-obor-si-colentina\\\/#primaryimage\"},\"image\":{\"@id\":\"https:\\\/\\\/buletin.de\\\/bucuresti\\\/sectorul-2-peste-13-milioane-de-lei-pentru-remedierea-infiltratiilor-din-pasajele-pietonale-obor-si-colentina\\\/#primaryimage\"},\"thumbnailUrl\":\"https:\\\/\\\/buletin.de\\\/bucuresti\\\/wp-content\\\/uploads\\\/primaria-sectorului-2.png\",\"datePublished\":\"2023-04-07T06:02:29+00:00\",\"dateModified\":\"2023-04-07T06:02:30+00:00\",\"breadcrumb\":{\"@id\":\"https:\\\/\\\/buletin.de\\\/bucuresti\\\/sectorul-2-peste-13-milioane-de-lei-pentru-remedierea-infiltratiilor-din-pasajele-pietonale-obor-si-colentina\\\/#breadcrumb\"},\"inLanguage\":\"en-GB\",\"potentialAction\":[{\"@type\":\"ReadAction\",\"target\":[\"https:\\\/\\\/buletin.de\\\/bucuresti\\\/sectorul-2-peste-13-milioane-de-lei-pentru-remedierea-infiltratiilor-din-pasajele-pietonale-obor-si-colentina\\\/\"]}]},{\"@type\":\"ImageObject\",\"inLanguage\":\"en-GB\",\"@id\":\"https:\\\/\\\/buletin.de\\\/bucuresti\\\/sectorul-2-peste-13-milioane-de-lei-pentru-remedierea-infiltratiilor-din-pasajele-pietonale-obor-si-colentina\\\/#primaryimage\",\"url\":\"https:\\\/\\\/buletin.de\\\/bucuresti\\\/wp-content\\\/uploads\\\/primaria-sectorului-2.png\",\"contentUrl\":\"https:\\\/\\\/buletin.de\\\/bucuresti\\\/wp-content\\\/uploads\\\/primaria-sectorului-2.png\",\"width\":1228,\"height\":691,\"caption\":\"Ajutoare pentru persoanele afectate de calamit\u0103\u021bi naturale. FOTO: Arhiva\"},{\"@type\":\"BreadcrumbList\",\"@id\":\"https:\\\/\\\/buletin.de\\\/bucuresti\\\/sectorul-2-peste-13-milioane-de-lei-pentru-remedierea-infiltratiilor-din-pasajele-pietonale-obor-si-colentina\\\/#breadcrumb\",\"itemListElement\":[{\"@type\":\"ListItem\",\"position\":1,\"name\":\"Acas\u0103\",\"item\":\"https:\\\/\\\/buletin.de\\\/bucuresti\\\/\"},{\"@type\":\"ListItem\",\"position\":2,\"name\":\"Sectorul 2. Peste 13 milioane de lei pentru remedierea infiltra\u021biilor din pasajele pietonale Obor \u0219i Colentina\"}]},{\"@type\":\"WebSite\",\"@id\":\"https:\\\/\\\/buletin.de\\\/bucuresti\\\/#website\",\"url\":\"https:\\\/\\\/buletin.de\\\/bucuresti\\\/\",\"name\":\"Buletin de Bucure\u0219ti\",\"description\":\"\u0218tiri \u0219i investiga\u021bii esen\u021biale din capital\u0103\",\"publisher\":{\"@id\":\"https:\\\/\\\/buletin.de\\\/bucuresti\\\/#organization\"},\"potentialAction\":[{\"@type\":\"SearchAction\",\"target\":{\"@type\":\"EntryPoint\",\"urlTemplate\":\"https:\\\/\\\/buletin.de\\\/bucuresti\\\/?s={search_term_string}\"},\"query-input\":{\"@type\":\"PropertyValueSpecification\",\"valueRequired\":true,\"valueName\":\"search_term_string\"}}],\"inLanguage\":\"en-GB\"},{\"@type\":\"Organization\",\"@id\":\"https:\\\/\\\/buletin.de\\\/bucuresti\\\/#organization\",\"name\":\"Buletin de Bucure\u0219ti\",\"url\":\"https:\\\/\\\/buletin.de\\\/bucuresti\\\/\",\"logo\":{\"@type\":\"ImageObject\",\"inLanguage\":\"en-GB\",\"@id\":\"https:\\\/\\\/buletin.de\\\/bucuresti\\\/#\\\/schema\\\/logo\\\/image\\\/\",\"url\":\"https:\\\/\\\/buletin.de\\\/bucuresti\\\/wp-content\\\/uploads\\\/logo-bdb-full-wide-vernil-transparent.png\",\"contentUrl\":\"https:\\\/\\\/buletin.de\\\/bucuresti\\\/wp-content\\\/uploads\\\/logo-bdb-full-wide-vernil-transparent.png\",\"width\":1782,\"height\":626,\"caption\":\"Buletin de Bucure\u0219ti\"},\"image\":{\"@id\":\"https:\\\/\\\/buletin.de\\\/bucuresti\\\/#\\\/schema\\\/logo\\\/image\\\/\"},\"sameAs\":[\"https:\\\/\\\/www.facebook.com\\\/buletin.de.buc\",\"https:\\\/\\\/www.instagram.com\\\/buletinde.bucuresti\\\/\"]},{\"@type\":\"Person\",\"@id\":\"https:\\\/\\\/buletin.de\\\/bucuresti\\\/#\\\/schema\\\/person\\\/bfa22994f12f5d3353b170aca494f1f9\",\"name\":\"Anamaria Nedelcoff\",\"image\":{\"@type\":\"ImageObject\",\"inLanguage\":\"en-GB\",\"@id\":\"https:\\\/\\\/secure.gravatar.com\\\/avatar\\\/409df91a26b98006111557131cc35236962765b734317e1dcf94c6bc1d010629?s=96&d=monsterid&r=g9bc3ae6c8e1522e913d1a0debd6aec89\",\"url\":\"https:\\\/\\\/secure.gravatar.com\\\/avatar\\\/409df91a26b98006111557131cc35236962765b734317e1dcf94c6bc1d010629?s=96&d=monsterid&r=g\",\"contentUrl\":\"https:\\\/\\\/secure.gravatar.com\\\/avatar\\\/409df91a26b98006111557131cc35236962765b734317e1dcf94c6bc1d010629?s=96&d=monsterid&r=g\",\"caption\":\"Anamaria Nedelcoff\"},\"url\":\"https:\\\/\\\/buletin.de\\\/bucuresti\\\/author\\\/nedelcoff\\\/\"}]}<\/script>\n<!-- \/ Yoast SEO Premium plugin. -->","yoast_head_json":{"title":"Sectorul 2. Peste 13 milioane de lei pentru remedierea infiltra\u021biilor din pasajele pietonale Obor \u0219i Colentina - Buletin de Bucure\u0219ti","robots":{"index":"index","follow":"follow","max-snippet":"max-snippet:-1","max-image-preview":"max-image-preview:large","max-video-preview":"max-video-preview:-1"},"canonical":"https:\/\/buletin.de\/bucuresti\/sectorul-2-peste-13-milioane-de-lei-pentru-remedierea-infiltratiilor-din-pasajele-pietonale-obor-si-colentina\/","og_locale":"en_GB","og_type":"article","og_title":"Sectorul 2. Peste 13 milioane de lei pentru remedierea infiltra\u021biilor din pasajele pietonale Obor \u0219i Colentina","og_description":"Consilierii locali ai Sectorului 2 au votat un proiect de hot\u0103r\u00e2re ce prevede remedierea infiltra\u021biilor din pasajele pietonale Mo\u0219ilor \u0219i Colentina. Valoarea total\u0103 a proiectului, f\u0103r\u0103 TVA, dep\u0103\u0219e\u0219te 13 milioane de lei, iar lucr\u0103rile ar trebui s\u0103 fie finalizate \u00een 10 luni. Proiectul a fost aprobat cu 15 voturi \u201dpentru\u201d \u0219i 12 ab\u021bineri. Totu\u0219i, consilierul [&hellip;]","og_url":"https:\/\/buletin.de\/bucuresti\/sectorul-2-peste-13-milioane-de-lei-pentru-remedierea-infiltratiilor-din-pasajele-pietonale-obor-si-colentina\/","og_site_name":"Buletin de Bucure\u0219ti","article_publisher":"https:\/\/www.facebook.com\/buletin.de.buc","article_published_time":"2023-04-07T06:02:29+00:00","article_modified_time":"2023-04-07T06:02:30+00:00","og_image":[{"width":1228,"height":691,"url":"https:\/\/buletin.de\/bucuresti\/wp-content\/uploads\/primaria-sectorului-2.png","type":"image\/png"}],"author":"Anamaria Nedelcoff","twitter_card":"summary_large_image","twitter_misc":{"Written by":"Anamaria Nedelcoff","Estimated reading time":"2 minutes"},"schema":{"@context":"https:\/\/schema.org","@graph":[{"@type":"Article","@id":"https:\/\/buletin.de\/bucuresti\/sectorul-2-peste-13-milioane-de-lei-pentru-remedierea-infiltratiilor-din-pasajele-pietonale-obor-si-colentina\/#article","isPartOf":{"@id":"https:\/\/buletin.de\/bucuresti\/sectorul-2-peste-13-milioane-de-lei-pentru-remedierea-infiltratiilor-din-pasajele-pietonale-obor-si-colentina\/"},"author":{"name":"Anamaria Nedelcoff","@id":"https:\/\/buletin.de\/bucuresti\/#\/schema\/person\/bfa22994f12f5d3353b170aca494f1f9"},"headline":"Sectorul 2. Peste 13 milioane de lei pentru remedierea infiltra\u021biilor din pasajele pietonale Obor \u0219i Colentina","datePublished":"2023-04-07T06:02:29+00:00","dateModified":"2023-04-07T06:02:30+00:00","mainEntityOfPage":{"@id":"https:\/\/buletin.de\/bucuresti\/sectorul-2-peste-13-milioane-de-lei-pentru-remedierea-infiltratiilor-din-pasajele-pietonale-obor-si-colentina\/"},"wordCount":408,"publisher":{"@id":"https:\/\/buletin.de\/bucuresti\/#organization"},"image":{"@id":"https:\/\/buletin.de\/bucuresti\/sectorul-2-peste-13-milioane-de-lei-pentru-remedierea-infiltratiilor-din-pasajele-pietonale-obor-si-colentina\/#primaryimage"},"thumbnailUrl":"https:\/\/buletin.de\/bucuresti\/wp-content\/uploads\/primaria-sectorului-2.png","articleSection":["\u0218tiri"],"inLanguage":"en-GB","copyrightYear":"2023","copyrightHolder":{"@id":"https:\/\/buletin.de\/bucuresti\/#organization"}},{"@type":"WebPage","@id":"https:\/\/buletin.de\/bucuresti\/sectorul-2-peste-13-milioane-de-lei-pentru-remedierea-infiltratiilor-din-pasajele-pietonale-obor-si-colentina\/","url":"https:\/\/buletin.de\/bucuresti\/sectorul-2-peste-13-milioane-de-lei-pentru-remedierea-infiltratiilor-din-pasajele-pietonale-obor-si-colentina\/","name":"Sectorul 2. Peste 13 milioane de lei pentru remedierea infiltra\u021biilor din pasajele pietonale Obor \u0219i Colentina - Buletin de Bucure\u0219ti","isPartOf":{"@id":"https:\/\/buletin.de\/bucuresti\/#website"},"primaryImageOfPage":{"@id":"https:\/\/buletin.de\/bucuresti\/sectorul-2-peste-13-milioane-de-lei-pentru-remedierea-infiltratiilor-din-pasajele-pietonale-obor-si-colentina\/#primaryimage"},"image":{"@id":"https:\/\/buletin.de\/bucuresti\/sectorul-2-peste-13-milioane-de-lei-pentru-remedierea-infiltratiilor-din-pasajele-pietonale-obor-si-colentina\/#primaryimage"},"thumbnailUrl":"https:\/\/buletin.de\/bucuresti\/wp-content\/uploads\/primaria-sectorului-2.png","datePublished":"2023-04-07T06:02:29+00:00","dateModified":"2023-04-07T06:02:30+00:00","breadcrumb":{"@id":"https:\/\/buletin.de\/bucuresti\/sectorul-2-peste-13-milioane-de-lei-pentru-remedierea-infiltratiilor-din-pasajele-pietonale-obor-si-colentina\/#breadcrumb"},"inLanguage":"en-GB","potentialAction":[{"@type":"ReadAction","target":["https:\/\/buletin.de\/bucuresti\/sectorul-2-peste-13-milioane-de-lei-pentru-remedierea-infiltratiilor-din-pasajele-pietonale-obor-si-colentina\/"]}]},{"@type":"ImageObject","inLanguage":"en-GB","@id":"https:\/\/buletin.de\/bucuresti\/sectorul-2-peste-13-milioane-de-lei-pentru-remedierea-infiltratiilor-din-pasajele-pietonale-obor-si-colentina\/#primaryimage","url":"https:\/\/buletin.de\/bucuresti\/wp-content\/uploads\/primaria-sectorului-2.png","contentUrl":"https:\/\/buletin.de\/bucuresti\/wp-content\/uploads\/primaria-sectorului-2.png","width":1228,"height":691,"caption":"Ajutoare pentru persoanele afectate de calamit\u0103\u021bi naturale. FOTO: Arhiva"},{"@type":"BreadcrumbList","@id":"https:\/\/buletin.de\/bucuresti\/sectorul-2-peste-13-milioane-de-lei-pentru-remedierea-infiltratiilor-din-pasajele-pietonale-obor-si-colentina\/#breadcrumb","itemListElement":[{"@type":"ListItem","position":1,"name":"Acas\u0103","item":"https:\/\/buletin.de\/bucuresti\/"},{"@type":"ListItem","position":2,"name":"Sectorul 2. Peste 13 milioane de lei pentru remedierea infiltra\u021biilor din pasajele pietonale Obor \u0219i Colentina"}]},{"@type":"WebSite","@id":"https:\/\/buletin.de\/bucuresti\/#website","url":"https:\/\/buletin.de\/bucuresti\/","name":"Buletin de Bucure\u0219ti","description":"\u0218tiri \u0219i investiga\u021bii esen\u021biale din capital\u0103","publisher":{"@id":"https:\/\/buletin.de\/bucuresti\/#organization"},"potentialAction":[{"@type":"SearchAction","target":{"@type":"EntryPoint","urlTemplate":"https:\/\/buletin.de\/bucuresti\/?s={search_term_string}"},"query-input":{"@type":"PropertyValueSpecification","valueRequired":true,"valueName":"search_term_string"}}],"inLanguage":"en-GB"},{"@type":"Organization","@id":"https:\/\/buletin.de\/bucuresti\/#organization","name":"Buletin de Bucure\u0219ti","url":"https:\/\/buletin.de\/bucuresti\/","logo":{"@type":"ImageObject","inLanguage":"en-GB","@id":"https:\/\/buletin.de\/bucuresti\/#\/schema\/logo\/image\/","url":"https:\/\/buletin.de\/bucuresti\/wp-content\/uploads\/logo-bdb-full-wide-vernil-transparent.png","contentUrl":"https:\/\/buletin.de\/bucuresti\/wp-content\/uploads\/logo-bdb-full-wide-vernil-transparent.png","width":1782,"height":626,"caption":"Buletin de Bucure\u0219ti"},"image":{"@id":"https:\/\/buletin.de\/bucuresti\/#\/schema\/logo\/image\/"},"sameAs":["https:\/\/www.facebook.com\/buletin.de.buc","https:\/\/www.instagram.com\/buletinde.bucuresti\/"]},{"@type":"Person","@id":"https:\/\/buletin.de\/bucuresti\/#\/schema\/person\/bfa22994f12f5d3353b170aca494f1f9","name":"Anamaria Nedelcoff","image":{"@type":"ImageObject","inLanguage":"en-GB","@id":"https:\/\/secure.gravatar.com\/avatar\/409df91a26b98006111557131cc35236962765b734317e1dcf94c6bc1d010629?s=96&d=monsterid&r=g9bc3ae6c8e1522e913d1a0debd6aec89","url":"https:\/\/secure.gravatar.com\/avatar\/409df91a26b98006111557131cc35236962765b734317e1dcf94c6bc1d010629?s=96&d=monsterid&r=g","contentUrl":"https:\/\/secure.gravatar.com\/avatar\/409df91a26b98006111557131cc35236962765b734317e1dcf94c6bc1d010629?s=96&d=monsterid&r=g","caption":"Anamaria Nedelcoff"},"url":"https:\/\/buletin.de\/bucuresti\/author\/nedelcoff\/"}]}},"authors":[{"term_id":22601,"user_id":38,"is_guest":0,"slug":"nedelcoff","display_name":"Anamaria Nedelcoff","avatar_url":"https:\/\/secure.gravatar.com\/avatar\/409df91a26b98006111557131cc35236962765b734317e1dcf94c6bc1d010629?s=96&d=monsterid&r=g","0":null,"1":"","2":"","3":"","4":"","5":"","6":"","7":"","8":""}],"_links":{"self":[{"href":"https:\/\/buletin.de\/bucuresti\/wp-json\/wp\/v2\/posts\/57457","targetHints":{"allow":["GET"]}}],"collection":[{"href":"https:\/\/buletin.de\/bucuresti\/wp-json\/wp\/v2\/posts"}],"about":[{"href":"https:\/\/buletin.de\/bucuresti\/wp-json\/wp\/v2\/types\/post"}],"author":[{"embeddable":true,"href":"https:\/\/buletin.de\/bucuresti\/wp-json\/wp\/v2\/users\/38"}],"replies":[{"embeddable":true,"href":"https:\/\/buletin.de\/bucuresti\/wp-json\/wp\/v2\/comments?post=57457"}],"version-history":[{"count":1,"href":"https:\/\/buletin.de\/bucuresti\/wp-json\/wp\/v2\/posts\/57457\/revisions"}],"predecessor-version":[{"id":57459,"href":"https:\/\/buletin.de\/bucuresti\/wp-json\/wp\/v2\/posts\/57457\/revisions\/57459"}],"wp:featuredmedia":[{"embeddable":true,"href":"https:\/\/buletin.de\/bucuresti\/wp-json\/wp\/v2\/media\/57458"}],"wp:attachment":[{"href":"https:\/\/buletin.de\/bucuresti\/wp-json\/wp\/v2\/media?parent=57457"}],"wp:term":[{"taxonomy":"category","embeddable":true,"href":"https:\/\/buletin.de\/bucuresti\/wp-json\/wp\/v2\/categories?post=57457"},{"taxonomy":"post_tag","embeddable":true,"href":"https:\/\/buletin.de\/bucuresti\/wp-json\/wp\/v2\/tags?post=57457"},{"taxonomy":"author","embeddable":true,"href":"https:\/\/buletin.de\/bucuresti\/wp-json\/wp\/v2\/ppma_author?post=57457"}],"curies":[{"name":"wp","href":"https:\/\/api.w.org\/{rel}","templated":true}]}}