{"id":57433,"date":"2023-04-06T13:38:49","date_gmt":"2023-04-06T11:38:49","guid":{"rendered":"https:\/\/buletin.de\/bucuresti\/?p=57433"},"modified":"2023-04-06T13:38:50","modified_gmt":"2023-04-06T11:38:50","slug":"termenul-de-finalizare-al-pasajului-berceni-a-fost-amanat-va-fi-gata-in-mai-conform-cnair-si-dat-in-folosinta-in-iunie-conform-secretarului-de-stat-in-ministerul-transporturilor","status":"publish","type":"post","link":"https:\/\/buletin.de\/bucuresti\/termenul-de-finalizare-al-pasajului-berceni-a-fost-amanat-va-fi-gata-in-mai-conform-cnair-si-dat-in-folosinta-in-iunie-conform-secretarului-de-stat-in-ministerul-transporturilor\/","title":{"rendered":"Termenul de finalizare al pasajului Berceni a fost am\u00e2nat. Va fi gata \u00een mai, conform CNAIR, \u0219i dat \u00een folosin\u021b\u0103 \u00een iunie, conform Secretarului de stat \u00een Ministerul Transporturilor"},"content":{"rendered":"\n<p>Termenul de finalizare al lucr\u0103rilor de la Pasajul Berceni a fost mutat din aprilie \u00een mai, iar pe 15 iunie, \u201emaximum\u201d, va fi dat \u00een folosin\u021b\u0103, conform lui Irinel Ionel Scrio\u0219teanu. Contractul a fost \u00eencheiat \u00een martie 2019 iar lucr\u0103rile au \u00eenceput abia \u00een august 2020, termenul de finalizare ini\u021bial fiind deci la \u00eenceputul anului 2022.&nbsp;<\/p>\n\n\n\n<h2 class=\"wp-block-heading\">Ce s-a \u00eent\u00e2mplat la \u00eenceputul anului acesta<\/h2>\n\n\n\n<p>La sf\u00e2r\u0219itul lunii februarie Secretarul de stat \u00een Ministerul Transporturilor a vizitat \u0219antierul Pasajului Berceni \u0219i a declarat c\u0103 lucr\u0103rile vor fi terminate, <a href=\"https:\/\/buletin.de\/bucuresti\/secretar-de-stat-in-ministerul-transporturilor-pasajul-berceni-va-fi-gata-in-aprilie-2023\/\">\u201econform contractului\u201d<\/a>, \u00een aprilie 2023.&nbsp;<\/p>\n\n\n\n<p>\u00centre timp, constructorul Pasajului a demolat o ramp\u0103 de urcare dinspre Jilava proasp\u0103t construit\u0103 \u0219i a decopertat betonul pus, sp\u0103rg\u00e2ndul p\u00e2n\u0103 la arm\u0103tura metalic\u0103, conform <a href=\"https:\/\/economedia.ro\/explicatiile-cnair-dupa-ce-constructorul-a-frezat-cimentul-pe-inelul-si-rampele-pasajului-berceni-cote-ale-placii-de-suprabetonare-diferite-fata-de-ce-prevede-proiectul-situatie-neprevazuta-con.html#.ZA8-QHZBy3A\">Economedia<\/a>.&nbsp;<\/p>\n\n\n\n<p>Noul termen de finalizare transmis de CNAIR la solicitarea Buletin de Bucure\u0219ti este mai 2023.<\/p>\n\n\n\n<p>Rampa de urcare dinspre Jilava a fost demolat\u0103 deoarece terenul de sub ramp\u0103 ar fi avut nevoie de consolidare suplimentar\u0103. \u00cen ultima postare a sa pe pagina de Facebook, Scrio\u0219teanu a spus c\u0103 se afl\u0103 \u00een execu\u021bie \u201elucr\u0103ri de umpluturi din balast armat cu geogrile necesare stabiliz\u0103rii solului la rampa de urcare\u201d.&nbsp;<\/p>\n\n\n\n<p>Betonul turnat pe placa de suprabetonare a pasajului de la Berceni a fost frezat deoarece constructorul a constatat o situa\u021bie \u201eneprev\u0103zut\u0103\u201d care a rezultat \u00eentr-\u201eun consum de contrasageata mai mic dec\u00e2t cel anticipat \u00een breviarele de calcul\u201d, cote diferite fa\u021b\u0103 de ce prevede proiectul\u201d,a transmis Compania de Drumuri (CNAIR) la solicitarea Economedia.<\/p>\n\n\n\n<p>\u201e\u00cen urma turn\u0103rii placii de suprabetonare, at\u00e2t pentru inelul central c\u00e2t \u0219i pentru rampele pasajului, s-au \u00eenregistrat consumuri diferite ale contrasagetilor dec\u00e2t cele preconizate prin calcul, rezult\u00e2nd astfel, cote ale pl\u0103cii de suprabetonare diferite fa\u021b\u0103 de prevederile proiectului, fiind necesar\u0103 adaptarea liniei ro\u0219ii \u00een consecin\u021b\u0103. Situa\u021bia neprev\u0103zut\u0103 a fost depistat\u0103 ca urmare a m\u0103sur\u0103torilor topografice efectuate de c\u0103tre antreprenor. \u00cen acest sens, antreprenorul a decis frezarea cimentului\u201d, a r\u0103spuns compania de drumuri la solicitarea Economedia.&nbsp;<\/p>\n\n\n\n<p><\/p>\n\n\n\n<h2 class=\"wp-block-heading\">C\u00e2nd o s\u0103 fie gata<\/h2>\n\n\n\n<p>Despre termenul de finalizare am\u00e2nat, Scrio\u0219teanu a declarat c\u0103 a cerut constructorului ca pasajul s\u0103 poat\u0103 fi dat \u00een folosin\u021b\u0103 \u201ep\u00e2n\u0103 pe ??????? ?? ?????, inclusiv cu perioada de recep\u021bie a lucr\u0103rii, pasajul s\u0103 fie dat \u00een trafic!\u201d. Secretarul de stat a mai spus c\u0103 constructorul va suporta \u201epenalit\u0103\u021bile contractuale \u0219i legale pentru ne\u00eendeplinirea graficului conform contractului\u201d.&nbsp;<\/p>\n\n\n\n<p>De-a lungul lucr\u0103rilor au existat mai multe probleme care au dus la \u00eent\u00e2rzierea lucr\u0103rilor; enumerate de Scrio\u0219teanu acestea ar fi fost: \u201ecriza aprovizion\u0103rii cu materiale de anul trecut, volumul mare de ma\u0219ini din trafic care a creat dificult\u0103\u021bi \u00een \u0219antier, emiterea cu o \u00eent\u00e2rziere de 8 luni a documentelor de autorizare pe zona Bucure\u0219ti, re\u021belele de utilit\u0103\u021bi care se realizeaz\u0103 \u00een acest moment de c\u0103tre Apanova pentru legarea comunei Berceni la re\u021beaua de ap\u0103 \u0219i canalizare menajer\u0103 a Bucure\u0219tiului, dar \u0219i vremea ploioas\u0103 din ultima perioad\u0103 care nu a permis s\u0103 se execute lucr\u0103ri sensibile la temperaturi sub 10\u00b0C \u0219i umiditate crescut\u0103\u201d<\/p>\n\n\n\n<p>Cu toate acestea, Secretarul de stat a spus c\u0103 \u201enici mobilizarea antreprenorului nu a fost \u00een m\u0103sur\u0103\u201d s\u0103 se confrunte cu problemele ap\u0103rute.<\/p>\n\n\n\n<h2 class=\"wp-block-heading\">Despre Pasajul Berceni&nbsp;<\/h2>\n\n\n\n<p>Contractul \u00een valoare de 30,5 milioane euro, f\u0103r\u0103 TVA, pentru execu\u021bia lucr\u0103rilor a fost semnat \u00een 6 martie 2019, iar executorul contractului este ASOCIEREA TRAMECO SA &#8211; VAHOSTAV SK AS &#8211; CONSTRUCTII ERBASU SA &#8211; GRAFIC TENDS SRL, conform unui comunicat CNAIR.&nbsp;<\/p>\n\n\n\n<p>Termenul prev\u0103zut ini\u021bial era de \u201e30 luni, din care 6 luni pentru activitatea de proiectare \u0219i 24 luni pentru execu\u021bia lucr\u0103rilor\u201d.&nbsp;<\/p>\n\n\n\n<p>Pe 31 august 2022, \u00een urma unor sincope \u00een aprovizionare datorat\u0103 cre\u0219terii pre\u021burilor, Scrio\u0219teanu a spus c\u0103 a \u201esolicitat antreprenorului intensificarea activit\u0103\u021bilor \u00een \u0219antier \u00een vederea respect\u0103rii termenului asumat de c\u0103tre acesta\u201d.<\/p>\n\n\n\n<p>Pe 28 septembrie 2022 Scrio\u0219teanu a reasigurat faptul c\u0103 fac toate eforturile \u201eca darea \u00een trafic a pasajului s\u0103 nu dep\u0103\u015feasc\u0103 luna decembrie\u201d a anului 2022.<\/p>\n\n\n\n<p>Pe 21 noiembrie 2022, din cauza sincopelor anterior men\u021bionate \u0219i faptul c\u0103 \u201eanumite etape nu pot fi scurtate pe timp de iarn\u0103\u201d, termenul de finalizare a fost mutat \u00een aprilie 2023.<\/p>\n\n\n\n<p>Surs\u0103 fotografie: Facebook, Irinel Ionel Scriosteanu<\/p>\n","protected":false},"excerpt":{"rendered":"<p>Termenul de finalizare al lucr\u0103rilor de la Pasajul Berceni a fost mutat din aprilie \u00een mai, iar pe 15 iunie, \u201emaximum\u201d, va fi dat \u00een folosin\u021b\u0103, conform lui Irinel Ionel Scrio\u0219teanu. Contractul a fost \u00eencheiat \u00een martie 2019 iar lucr\u0103rile au \u00eenceput abia \u00een august 2020, termenul de finalizare ini\u021bial fiind deci la \u00eenceputul anului [&hellip;]<\/p>\n","protected":false},"author":47,"featured_media":57436,"comment_status":"closed","ping_status":"open","sticky":false,"template":"","format":"standard","meta":{"_acf_changed":false,"inline_featured_image":false,"ngg_post_thumbnail":0,"footnotes":""},"categories":[62],"tags":[],"ppma_author":[22580],"class_list":["post-57433","post","type-post","status-publish","format-standard","has-post-thumbnail","hentry","category-stiri"],"acf":[],"yoast_head":"<!-- This site is optimized with the Yoast SEO Premium plugin v25.3 (Yoast SEO v27.5) - https:\/\/yoast.com\/product\/yoast-seo-premium-wordpress\/ -->\n<title>Termenul de finalizare al pasajului Berceni a fost am\u00e2nat. Va fi gata \u00een mai, conform CNAIR, \u0219i dat \u00een folosin\u021b\u0103 \u00een iunie, conform Secretarului de stat \u00een Ministerul Transporturilor - Buletin de Bucure\u0219ti<\/title>\n<meta name=\"robots\" content=\"index, follow, max-snippet:-1, max-image-preview:large, max-video-preview:-1\" \/>\n<link rel=\"canonical\" href=\"https:\/\/buletin.de\/bucuresti\/termenul-de-finalizare-al-pasajului-berceni-a-fost-amanat-va-fi-gata-in-mai-conform-cnair-si-dat-in-folosinta-in-iunie-conform-secretarului-de-stat-in-ministerul-transporturilor\/\" \/>\n<meta property=\"og:locale\" content=\"en_GB\" \/>\n<meta property=\"og:type\" content=\"article\" \/>\n<meta property=\"og:title\" content=\"Termenul de finalizare al pasajului Berceni a fost am\u00e2nat. Va fi gata \u00een mai, conform CNAIR, \u0219i dat \u00een folosin\u021b\u0103 \u00een iunie, conform Secretarului de stat \u00een Ministerul Transporturilor\" \/>\n<meta property=\"og:description\" content=\"Termenul de finalizare al lucr\u0103rilor de la Pasajul Berceni a fost mutat din aprilie \u00een mai, iar pe 15 iunie, \u201emaximum\u201d, va fi dat \u00een folosin\u021b\u0103, conform lui Irinel Ionel Scrio\u0219teanu. Contractul a fost \u00eencheiat \u00een martie 2019 iar lucr\u0103rile au \u00eenceput abia \u00een august 2020, termenul de finalizare ini\u021bial fiind deci la \u00eenceputul anului [&hellip;]\" \/>\n<meta property=\"og:url\" content=\"https:\/\/buletin.de\/bucuresti\/termenul-de-finalizare-al-pasajului-berceni-a-fost-amanat-va-fi-gata-in-mai-conform-cnair-si-dat-in-folosinta-in-iunie-conform-secretarului-de-stat-in-ministerul-transporturilor\/\" \/>\n<meta property=\"og:site_name\" content=\"Buletin de Bucure\u0219ti\" \/>\n<meta property=\"article:publisher\" content=\"https:\/\/www.facebook.com\/buletin.de.buc\" \/>\n<meta property=\"article:published_time\" content=\"2023-04-06T11:38:49+00:00\" \/>\n<meta property=\"article:modified_time\" content=\"2023-04-06T11:38:50+00:00\" \/>\n<meta property=\"og:image\" content=\"https:\/\/buletin.de\/bucuresti\/wp-content\/uploads\/1803_muzeu_ro-2.jpg\" \/>\n\t<meta property=\"og:image:width\" content=\"1902\" \/>\n\t<meta property=\"og:image:height\" content=\"1170\" \/>\n\t<meta property=\"og:image:type\" content=\"image\/jpeg\" \/>\n<meta name=\"author\" content=\"Adina C\u0103p\u00eelnean\" \/>\n<meta name=\"twitter:card\" content=\"summary_large_image\" \/>\n<meta name=\"twitter:label1\" content=\"Written by\" \/>\n\t<meta name=\"twitter:data1\" content=\"Adina C\u0103p\u00eelnean\" \/>\n\t<meta name=\"twitter:label2\" content=\"Estimated reading time\" \/>\n\t<meta name=\"twitter:data2\" content=\"3 minutes\" \/>\n<script type=\"application\/ld+json\" class=\"yoast-schema-graph\">{\"@context\":\"https:\\\/\\\/schema.org\",\"@graph\":[{\"@type\":\"Article\",\"@id\":\"https:\\\/\\\/buletin.de\\\/bucuresti\\\/termenul-de-finalizare-al-pasajului-berceni-a-fost-amanat-va-fi-gata-in-mai-conform-cnair-si-dat-in-folosinta-in-iunie-conform-secretarului-de-stat-in-ministerul-transporturilor\\\/#article\",\"isPartOf\":{\"@id\":\"https:\\\/\\\/buletin.de\\\/bucuresti\\\/termenul-de-finalizare-al-pasajului-berceni-a-fost-amanat-va-fi-gata-in-mai-conform-cnair-si-dat-in-folosinta-in-iunie-conform-secretarului-de-stat-in-ministerul-transporturilor\\\/\"},\"author\":{\"name\":\"Adina C\u0103p\u00eelnean\",\"@id\":\"https:\\\/\\\/buletin.de\\\/bucuresti\\\/#\\\/schema\\\/person\\\/ab174cf6711728e4ee83d672acf9a912\"},\"headline\":\"Termenul de finalizare al pasajului Berceni a fost am\u00e2nat. Va fi gata \u00een mai, conform CNAIR, \u0219i dat \u00een folosin\u021b\u0103 \u00een iunie, conform Secretarului de stat \u00een Ministerul Transporturilor\",\"datePublished\":\"2023-04-06T11:38:49+00:00\",\"dateModified\":\"2023-04-06T11:38:50+00:00\",\"mainEntityOfPage\":{\"@id\":\"https:\\\/\\\/buletin.de\\\/bucuresti\\\/termenul-de-finalizare-al-pasajului-berceni-a-fost-amanat-va-fi-gata-in-mai-conform-cnair-si-dat-in-folosinta-in-iunie-conform-secretarului-de-stat-in-ministerul-transporturilor\\\/\"},\"wordCount\":751,\"publisher\":{\"@id\":\"https:\\\/\\\/buletin.de\\\/bucuresti\\\/#organization\"},\"image\":{\"@id\":\"https:\\\/\\\/buletin.de\\\/bucuresti\\\/termenul-de-finalizare-al-pasajului-berceni-a-fost-amanat-va-fi-gata-in-mai-conform-cnair-si-dat-in-folosinta-in-iunie-conform-secretarului-de-stat-in-ministerul-transporturilor\\\/#primaryimage\"},\"thumbnailUrl\":\"https:\\\/\\\/buletin.de\\\/bucuresti\\\/wp-content\\\/uploads\\\/1803_muzeu_ro-2.jpg\",\"articleSection\":[\"\u0218tiri\"],\"inLanguage\":\"en-GB\",\"copyrightYear\":\"2023\",\"copyrightHolder\":{\"@id\":\"https:\\\/\\\/buletin.de\\\/bucuresti\\\/#organization\"}},{\"@type\":\"WebPage\",\"@id\":\"https:\\\/\\\/buletin.de\\\/bucuresti\\\/termenul-de-finalizare-al-pasajului-berceni-a-fost-amanat-va-fi-gata-in-mai-conform-cnair-si-dat-in-folosinta-in-iunie-conform-secretarului-de-stat-in-ministerul-transporturilor\\\/\",\"url\":\"https:\\\/\\\/buletin.de\\\/bucuresti\\\/termenul-de-finalizare-al-pasajului-berceni-a-fost-amanat-va-fi-gata-in-mai-conform-cnair-si-dat-in-folosinta-in-iunie-conform-secretarului-de-stat-in-ministerul-transporturilor\\\/\",\"name\":\"Termenul de finalizare al pasajului Berceni a fost am\u00e2nat. Va fi gata \u00een mai, conform CNAIR, \u0219i dat \u00een folosin\u021b\u0103 \u00een iunie, conform Secretarului de stat \u00een Ministerul Transporturilor - Buletin de Bucure\u0219ti\",\"isPartOf\":{\"@id\":\"https:\\\/\\\/buletin.de\\\/bucuresti\\\/#website\"},\"primaryImageOfPage\":{\"@id\":\"https:\\\/\\\/buletin.de\\\/bucuresti\\\/termenul-de-finalizare-al-pasajului-berceni-a-fost-amanat-va-fi-gata-in-mai-conform-cnair-si-dat-in-folosinta-in-iunie-conform-secretarului-de-stat-in-ministerul-transporturilor\\\/#primaryimage\"},\"image\":{\"@id\":\"https:\\\/\\\/buletin.de\\\/bucuresti\\\/termenul-de-finalizare-al-pasajului-berceni-a-fost-amanat-va-fi-gata-in-mai-conform-cnair-si-dat-in-folosinta-in-iunie-conform-secretarului-de-stat-in-ministerul-transporturilor\\\/#primaryimage\"},\"thumbnailUrl\":\"https:\\\/\\\/buletin.de\\\/bucuresti\\\/wp-content\\\/uploads\\\/1803_muzeu_ro-2.jpg\",\"datePublished\":\"2023-04-06T11:38:49+00:00\",\"dateModified\":\"2023-04-06T11:38:50+00:00\",\"breadcrumb\":{\"@id\":\"https:\\\/\\\/buletin.de\\\/bucuresti\\\/termenul-de-finalizare-al-pasajului-berceni-a-fost-amanat-va-fi-gata-in-mai-conform-cnair-si-dat-in-folosinta-in-iunie-conform-secretarului-de-stat-in-ministerul-transporturilor\\\/#breadcrumb\"},\"inLanguage\":\"en-GB\",\"potentialAction\":[{\"@type\":\"ReadAction\",\"target\":[\"https:\\\/\\\/buletin.de\\\/bucuresti\\\/termenul-de-finalizare-al-pasajului-berceni-a-fost-amanat-va-fi-gata-in-mai-conform-cnair-si-dat-in-folosinta-in-iunie-conform-secretarului-de-stat-in-ministerul-transporturilor\\\/\"]}]},{\"@type\":\"ImageObject\",\"inLanguage\":\"en-GB\",\"@id\":\"https:\\\/\\\/buletin.de\\\/bucuresti\\\/termenul-de-finalizare-al-pasajului-berceni-a-fost-amanat-va-fi-gata-in-mai-conform-cnair-si-dat-in-folosinta-in-iunie-conform-secretarului-de-stat-in-ministerul-transporturilor\\\/#primaryimage\",\"url\":\"https:\\\/\\\/buletin.de\\\/bucuresti\\\/wp-content\\\/uploads\\\/1803_muzeu_ro-2.jpg\",\"contentUrl\":\"https:\\\/\\\/buletin.de\\\/bucuresti\\\/wp-content\\\/uploads\\\/1803_muzeu_ro-2.jpg\",\"width\":1902,\"height\":1170},{\"@type\":\"BreadcrumbList\",\"@id\":\"https:\\\/\\\/buletin.de\\\/bucuresti\\\/termenul-de-finalizare-al-pasajului-berceni-a-fost-amanat-va-fi-gata-in-mai-conform-cnair-si-dat-in-folosinta-in-iunie-conform-secretarului-de-stat-in-ministerul-transporturilor\\\/#breadcrumb\",\"itemListElement\":[{\"@type\":\"ListItem\",\"position\":1,\"name\":\"Acas\u0103\",\"item\":\"https:\\\/\\\/buletin.de\\\/bucuresti\\\/\"},{\"@type\":\"ListItem\",\"position\":2,\"name\":\"Termenul de finalizare al pasajului Berceni a fost am\u00e2nat. Va fi gata \u00een mai, conform CNAIR, \u0219i dat \u00een folosin\u021b\u0103 \u00een iunie, conform Secretarului de stat \u00een Ministerul Transporturilor\"}]},{\"@type\":\"WebSite\",\"@id\":\"https:\\\/\\\/buletin.de\\\/bucuresti\\\/#website\",\"url\":\"https:\\\/\\\/buletin.de\\\/bucuresti\\\/\",\"name\":\"Buletin de Bucure\u0219ti\",\"description\":\"\u0218tiri \u0219i investiga\u021bii esen\u021biale din capital\u0103\",\"publisher\":{\"@id\":\"https:\\\/\\\/buletin.de\\\/bucuresti\\\/#organization\"},\"potentialAction\":[{\"@type\":\"SearchAction\",\"target\":{\"@type\":\"EntryPoint\",\"urlTemplate\":\"https:\\\/\\\/buletin.de\\\/bucuresti\\\/?s={search_term_string}\"},\"query-input\":{\"@type\":\"PropertyValueSpecification\",\"valueRequired\":true,\"valueName\":\"search_term_string\"}}],\"inLanguage\":\"en-GB\"},{\"@type\":\"Organization\",\"@id\":\"https:\\\/\\\/buletin.de\\\/bucuresti\\\/#organization\",\"name\":\"Buletin de Bucure\u0219ti\",\"url\":\"https:\\\/\\\/buletin.de\\\/bucuresti\\\/\",\"logo\":{\"@type\":\"ImageObject\",\"inLanguage\":\"en-GB\",\"@id\":\"https:\\\/\\\/buletin.de\\\/bucuresti\\\/#\\\/schema\\\/logo\\\/image\\\/\",\"url\":\"https:\\\/\\\/buletin.de\\\/bucuresti\\\/wp-content\\\/uploads\\\/logo-bdb-full-wide-vernil-transparent.png\",\"contentUrl\":\"https:\\\/\\\/buletin.de\\\/bucuresti\\\/wp-content\\\/uploads\\\/logo-bdb-full-wide-vernil-transparent.png\",\"width\":1782,\"height\":626,\"caption\":\"Buletin de Bucure\u0219ti\"},\"image\":{\"@id\":\"https:\\\/\\\/buletin.de\\\/bucuresti\\\/#\\\/schema\\\/logo\\\/image\\\/\"},\"sameAs\":[\"https:\\\/\\\/www.facebook.com\\\/buletin.de.buc\",\"https:\\\/\\\/www.instagram.com\\\/buletinde.bucuresti\\\/\"]},{\"@type\":\"Person\",\"@id\":\"https:\\\/\\\/buletin.de\\\/bucuresti\\\/#\\\/schema\\\/person\\\/ab174cf6711728e4ee83d672acf9a912\",\"name\":\"Adina C\u0103p\u00eelnean\",\"image\":{\"@type\":\"ImageObject\",\"inLanguage\":\"en-GB\",\"@id\":\"https:\\\/\\\/secure.gravatar.com\\\/avatar\\\/4fe9675d6282fd7c1aa4e486a037d532d5728fc16a30360f293eb6126b2e73ad?s=96&d=monsterid&r=ge2b23868508aec3460d3c6a11d3b599a\",\"url\":\"https:\\\/\\\/secure.gravatar.com\\\/avatar\\\/4fe9675d6282fd7c1aa4e486a037d532d5728fc16a30360f293eb6126b2e73ad?s=96&d=monsterid&r=g\",\"contentUrl\":\"https:\\\/\\\/secure.gravatar.com\\\/avatar\\\/4fe9675d6282fd7c1aa4e486a037d532d5728fc16a30360f293eb6126b2e73ad?s=96&d=monsterid&r=g\",\"caption\":\"Adina C\u0103p\u00eelnean\"},\"url\":\"https:\\\/\\\/buletin.de\\\/bucuresti\\\/author\\\/adinacapilnean\\\/\"}]}<\/script>\n<!-- \/ Yoast SEO Premium plugin. -->","yoast_head_json":{"title":"Termenul de finalizare al pasajului Berceni a fost am\u00e2nat. Va fi gata \u00een mai, conform CNAIR, \u0219i dat \u00een folosin\u021b\u0103 \u00een iunie, conform Secretarului de stat \u00een Ministerul Transporturilor - Buletin de Bucure\u0219ti","robots":{"index":"index","follow":"follow","max-snippet":"max-snippet:-1","max-image-preview":"max-image-preview:large","max-video-preview":"max-video-preview:-1"},"canonical":"https:\/\/buletin.de\/bucuresti\/termenul-de-finalizare-al-pasajului-berceni-a-fost-amanat-va-fi-gata-in-mai-conform-cnair-si-dat-in-folosinta-in-iunie-conform-secretarului-de-stat-in-ministerul-transporturilor\/","og_locale":"en_GB","og_type":"article","og_title":"Termenul de finalizare al pasajului Berceni a fost am\u00e2nat. Va fi gata \u00een mai, conform CNAIR, \u0219i dat \u00een folosin\u021b\u0103 \u00een iunie, conform Secretarului de stat \u00een Ministerul Transporturilor","og_description":"Termenul de finalizare al lucr\u0103rilor de la Pasajul Berceni a fost mutat din aprilie \u00een mai, iar pe 15 iunie, \u201emaximum\u201d, va fi dat \u00een folosin\u021b\u0103, conform lui Irinel Ionel Scrio\u0219teanu. Contractul a fost \u00eencheiat \u00een martie 2019 iar lucr\u0103rile au \u00eenceput abia \u00een august 2020, termenul de finalizare ini\u021bial fiind deci la \u00eenceputul anului [&hellip;]","og_url":"https:\/\/buletin.de\/bucuresti\/termenul-de-finalizare-al-pasajului-berceni-a-fost-amanat-va-fi-gata-in-mai-conform-cnair-si-dat-in-folosinta-in-iunie-conform-secretarului-de-stat-in-ministerul-transporturilor\/","og_site_name":"Buletin de Bucure\u0219ti","article_publisher":"https:\/\/www.facebook.com\/buletin.de.buc","article_published_time":"2023-04-06T11:38:49+00:00","article_modified_time":"2023-04-06T11:38:50+00:00","og_image":[{"width":1902,"height":1170,"url":"https:\/\/buletin.de\/bucuresti\/wp-content\/uploads\/1803_muzeu_ro-2.jpg","type":"image\/jpeg"}],"author":"Adina C\u0103p\u00eelnean","twitter_card":"summary_large_image","twitter_misc":{"Written by":"Adina C\u0103p\u00eelnean","Estimated reading time":"3 minutes"},"schema":{"@context":"https:\/\/schema.org","@graph":[{"@type":"Article","@id":"https:\/\/buletin.de\/bucuresti\/termenul-de-finalizare-al-pasajului-berceni-a-fost-amanat-va-fi-gata-in-mai-conform-cnair-si-dat-in-folosinta-in-iunie-conform-secretarului-de-stat-in-ministerul-transporturilor\/#article","isPartOf":{"@id":"https:\/\/buletin.de\/bucuresti\/termenul-de-finalizare-al-pasajului-berceni-a-fost-amanat-va-fi-gata-in-mai-conform-cnair-si-dat-in-folosinta-in-iunie-conform-secretarului-de-stat-in-ministerul-transporturilor\/"},"author":{"name":"Adina C\u0103p\u00eelnean","@id":"https:\/\/buletin.de\/bucuresti\/#\/schema\/person\/ab174cf6711728e4ee83d672acf9a912"},"headline":"Termenul de finalizare al pasajului Berceni a fost am\u00e2nat. Va fi gata \u00een mai, conform CNAIR, \u0219i dat \u00een folosin\u021b\u0103 \u00een iunie, conform Secretarului de stat \u00een Ministerul Transporturilor","datePublished":"2023-04-06T11:38:49+00:00","dateModified":"2023-04-06T11:38:50+00:00","mainEntityOfPage":{"@id":"https:\/\/buletin.de\/bucuresti\/termenul-de-finalizare-al-pasajului-berceni-a-fost-amanat-va-fi-gata-in-mai-conform-cnair-si-dat-in-folosinta-in-iunie-conform-secretarului-de-stat-in-ministerul-transporturilor\/"},"wordCount":751,"publisher":{"@id":"https:\/\/buletin.de\/bucuresti\/#organization"},"image":{"@id":"https:\/\/buletin.de\/bucuresti\/termenul-de-finalizare-al-pasajului-berceni-a-fost-amanat-va-fi-gata-in-mai-conform-cnair-si-dat-in-folosinta-in-iunie-conform-secretarului-de-stat-in-ministerul-transporturilor\/#primaryimage"},"thumbnailUrl":"https:\/\/buletin.de\/bucuresti\/wp-content\/uploads\/1803_muzeu_ro-2.jpg","articleSection":["\u0218tiri"],"inLanguage":"en-GB","copyrightYear":"2023","copyrightHolder":{"@id":"https:\/\/buletin.de\/bucuresti\/#organization"}},{"@type":"WebPage","@id":"https:\/\/buletin.de\/bucuresti\/termenul-de-finalizare-al-pasajului-berceni-a-fost-amanat-va-fi-gata-in-mai-conform-cnair-si-dat-in-folosinta-in-iunie-conform-secretarului-de-stat-in-ministerul-transporturilor\/","url":"https:\/\/buletin.de\/bucuresti\/termenul-de-finalizare-al-pasajului-berceni-a-fost-amanat-va-fi-gata-in-mai-conform-cnair-si-dat-in-folosinta-in-iunie-conform-secretarului-de-stat-in-ministerul-transporturilor\/","name":"Termenul de finalizare al pasajului Berceni a fost am\u00e2nat. Va fi gata \u00een mai, conform CNAIR, \u0219i dat \u00een folosin\u021b\u0103 \u00een iunie, conform Secretarului de stat \u00een Ministerul Transporturilor - Buletin de Bucure\u0219ti","isPartOf":{"@id":"https:\/\/buletin.de\/bucuresti\/#website"},"primaryImageOfPage":{"@id":"https:\/\/buletin.de\/bucuresti\/termenul-de-finalizare-al-pasajului-berceni-a-fost-amanat-va-fi-gata-in-mai-conform-cnair-si-dat-in-folosinta-in-iunie-conform-secretarului-de-stat-in-ministerul-transporturilor\/#primaryimage"},"image":{"@id":"https:\/\/buletin.de\/bucuresti\/termenul-de-finalizare-al-pasajului-berceni-a-fost-amanat-va-fi-gata-in-mai-conform-cnair-si-dat-in-folosinta-in-iunie-conform-secretarului-de-stat-in-ministerul-transporturilor\/#primaryimage"},"thumbnailUrl":"https:\/\/buletin.de\/bucuresti\/wp-content\/uploads\/1803_muzeu_ro-2.jpg","datePublished":"2023-04-06T11:38:49+00:00","dateModified":"2023-04-06T11:38:50+00:00","breadcrumb":{"@id":"https:\/\/buletin.de\/bucuresti\/termenul-de-finalizare-al-pasajului-berceni-a-fost-amanat-va-fi-gata-in-mai-conform-cnair-si-dat-in-folosinta-in-iunie-conform-secretarului-de-stat-in-ministerul-transporturilor\/#breadcrumb"},"inLanguage":"en-GB","potentialAction":[{"@type":"ReadAction","target":["https:\/\/buletin.de\/bucuresti\/termenul-de-finalizare-al-pasajului-berceni-a-fost-amanat-va-fi-gata-in-mai-conform-cnair-si-dat-in-folosinta-in-iunie-conform-secretarului-de-stat-in-ministerul-transporturilor\/"]}]},{"@type":"ImageObject","inLanguage":"en-GB","@id":"https:\/\/buletin.de\/bucuresti\/termenul-de-finalizare-al-pasajului-berceni-a-fost-amanat-va-fi-gata-in-mai-conform-cnair-si-dat-in-folosinta-in-iunie-conform-secretarului-de-stat-in-ministerul-transporturilor\/#primaryimage","url":"https:\/\/buletin.de\/bucuresti\/wp-content\/uploads\/1803_muzeu_ro-2.jpg","contentUrl":"https:\/\/buletin.de\/bucuresti\/wp-content\/uploads\/1803_muzeu_ro-2.jpg","width":1902,"height":1170},{"@type":"BreadcrumbList","@id":"https:\/\/buletin.de\/bucuresti\/termenul-de-finalizare-al-pasajului-berceni-a-fost-amanat-va-fi-gata-in-mai-conform-cnair-si-dat-in-folosinta-in-iunie-conform-secretarului-de-stat-in-ministerul-transporturilor\/#breadcrumb","itemListElement":[{"@type":"ListItem","position":1,"name":"Acas\u0103","item":"https:\/\/buletin.de\/bucuresti\/"},{"@type":"ListItem","position":2,"name":"Termenul de finalizare al pasajului Berceni a fost am\u00e2nat. Va fi gata \u00een mai, conform CNAIR, \u0219i dat \u00een folosin\u021b\u0103 \u00een iunie, conform Secretarului de stat \u00een Ministerul Transporturilor"}]},{"@type":"WebSite","@id":"https:\/\/buletin.de\/bucuresti\/#website","url":"https:\/\/buletin.de\/bucuresti\/","name":"Buletin de Bucure\u0219ti","description":"\u0218tiri \u0219i investiga\u021bii esen\u021biale din capital\u0103","publisher":{"@id":"https:\/\/buletin.de\/bucuresti\/#organization"},"potentialAction":[{"@type":"SearchAction","target":{"@type":"EntryPoint","urlTemplate":"https:\/\/buletin.de\/bucuresti\/?s={search_term_string}"},"query-input":{"@type":"PropertyValueSpecification","valueRequired":true,"valueName":"search_term_string"}}],"inLanguage":"en-GB"},{"@type":"Organization","@id":"https:\/\/buletin.de\/bucuresti\/#organization","name":"Buletin de Bucure\u0219ti","url":"https:\/\/buletin.de\/bucuresti\/","logo":{"@type":"ImageObject","inLanguage":"en-GB","@id":"https:\/\/buletin.de\/bucuresti\/#\/schema\/logo\/image\/","url":"https:\/\/buletin.de\/bucuresti\/wp-content\/uploads\/logo-bdb-full-wide-vernil-transparent.png","contentUrl":"https:\/\/buletin.de\/bucuresti\/wp-content\/uploads\/logo-bdb-full-wide-vernil-transparent.png","width":1782,"height":626,"caption":"Buletin de Bucure\u0219ti"},"image":{"@id":"https:\/\/buletin.de\/bucuresti\/#\/schema\/logo\/image\/"},"sameAs":["https:\/\/www.facebook.com\/buletin.de.buc","https:\/\/www.instagram.com\/buletinde.bucuresti\/"]},{"@type":"Person","@id":"https:\/\/buletin.de\/bucuresti\/#\/schema\/person\/ab174cf6711728e4ee83d672acf9a912","name":"Adina C\u0103p\u00eelnean","image":{"@type":"ImageObject","inLanguage":"en-GB","@id":"https:\/\/secure.gravatar.com\/avatar\/4fe9675d6282fd7c1aa4e486a037d532d5728fc16a30360f293eb6126b2e73ad?s=96&d=monsterid&r=ge2b23868508aec3460d3c6a11d3b599a","url":"https:\/\/secure.gravatar.com\/avatar\/4fe9675d6282fd7c1aa4e486a037d532d5728fc16a30360f293eb6126b2e73ad?s=96&d=monsterid&r=g","contentUrl":"https:\/\/secure.gravatar.com\/avatar\/4fe9675d6282fd7c1aa4e486a037d532d5728fc16a30360f293eb6126b2e73ad?s=96&d=monsterid&r=g","caption":"Adina C\u0103p\u00eelnean"},"url":"https:\/\/buletin.de\/bucuresti\/author\/adinacapilnean\/"}]}},"authors":[{"term_id":22580,"user_id":47,"is_guest":0,"slug":"adinacapilnean","display_name":"Adina C\u0103p\u00eelnean","avatar_url":"https:\/\/secure.gravatar.com\/avatar\/4fe9675d6282fd7c1aa4e486a037d532d5728fc16a30360f293eb6126b2e73ad?s=96&d=monsterid&r=g","0":null,"1":"","2":"","3":"","4":"","5":"","6":"","7":"","8":""}],"_links":{"self":[{"href":"https:\/\/buletin.de\/bucuresti\/wp-json\/wp\/v2\/posts\/57433","targetHints":{"allow":["GET"]}}],"collection":[{"href":"https:\/\/buletin.de\/bucuresti\/wp-json\/wp\/v2\/posts"}],"about":[{"href":"https:\/\/buletin.de\/bucuresti\/wp-json\/wp\/v2\/types\/post"}],"author":[{"embeddable":true,"href":"https:\/\/buletin.de\/bucuresti\/wp-json\/wp\/v2\/users\/47"}],"replies":[{"embeddable":true,"href":"https:\/\/buletin.de\/bucuresti\/wp-json\/wp\/v2\/comments?post=57433"}],"version-history":[{"count":3,"href":"https:\/\/buletin.de\/bucuresti\/wp-json\/wp\/v2\/posts\/57433\/revisions"}],"predecessor-version":[{"id":57439,"href":"https:\/\/buletin.de\/bucuresti\/wp-json\/wp\/v2\/posts\/57433\/revisions\/57439"}],"wp:featuredmedia":[{"embeddable":true,"href":"https:\/\/buletin.de\/bucuresti\/wp-json\/wp\/v2\/media\/57436"}],"wp:attachment":[{"href":"https:\/\/buletin.de\/bucuresti\/wp-json\/wp\/v2\/media?parent=57433"}],"wp:term":[{"taxonomy":"category","embeddable":true,"href":"https:\/\/buletin.de\/bucuresti\/wp-json\/wp\/v2\/categories?post=57433"},{"taxonomy":"post_tag","embeddable":true,"href":"https:\/\/buletin.de\/bucuresti\/wp-json\/wp\/v2\/tags?post=57433"},{"taxonomy":"author","embeddable":true,"href":"https:\/\/buletin.de\/bucuresti\/wp-json\/wp\/v2\/ppma_author?post=57433"}],"curies":[{"name":"wp","href":"https:\/\/api.w.org\/{rel}","templated":true}]}}