{"id":57408,"date":"2023-04-06T09:53:50","date_gmt":"2023-04-06T07:53:50","guid":{"rendered":"https:\/\/buletin.de\/bucuresti\/?p=57408"},"modified":"2023-04-06T10:46:34","modified_gmt":"2023-04-06T08:46:34","slug":"procesiune-religioasa-de-florii-in-capitala-traficul-rutier-va-fi-restrictionat","status":"publish","type":"post","link":"https:\/\/buletin.de\/bucuresti\/procesiune-religioasa-de-florii-in-capitala-traficul-rutier-va-fi-restrictionat\/","title":{"rendered":"Procesiune religioas\u0103 de Florii \u00een Capital\u0103. Traficul rutier va fi restric\u021bionat"},"content":{"rendered":"\n<p><strong>Traficul rutier va fi restric\u021bionat \u00een Capital\u0103, s\u00e2mb\u0103t\u0103, 8 aprilie, \u00eentre orele 15.30-18.30, c\u00e2nd se va desf\u0103\u0219ura o procesiune religioas\u0103 cu ocazia s\u0103rb\u0103toririi Floriilor.<\/strong><\/p>\n\n\n\n<figure class=\"wp-block-image size-large\"><img fetchpriority=\"high\" decoding=\"async\" width=\"900\" height=\"600\" src=\"data:image\/gif;base64,R0lGODlhAQABAAAAACH5BAEKAAEALAAAAAABAAEAAAICTAEAOw==\" data-src=\"https:\/\/buletin.de\/bucuresti\/wp-content\/uploads\/337844349_153534947634585_4445545922625355442_n-1-900x600.jpg\" alt=\"\" class=\"wp-image-57410 lazyload\" data-sizes=\"auto\" data-srcset=\"https:\/\/buletin.de\/bucuresti\/wp-content\/uploads\/337844349_153534947634585_4445545922625355442_n-1-900x600.jpg 900w, https:\/\/buletin.de\/bucuresti\/wp-content\/uploads\/337844349_153534947634585_4445545922625355442_n-1-300x200.jpg 300w, https:\/\/buletin.de\/bucuresti\/wp-content\/uploads\/337844349_153534947634585_4445545922625355442_n-1-768x512.jpg 768w, https:\/\/buletin.de\/bucuresti\/wp-content\/uploads\/337844349_153534947634585_4445545922625355442_n-1-1536x1025.jpg 1536w, https:\/\/buletin.de\/bucuresti\/wp-content\/uploads\/337844349_153534947634585_4445545922625355442_n-1-1060x707.jpg 1060w, https:\/\/buletin.de\/bucuresti\/wp-content\/uploads\/337844349_153534947634585_4445545922625355442_n-1-550x367.jpg 550w, https:\/\/buletin.de\/bucuresti\/wp-content\/uploads\/337844349_153534947634585_4445545922625355442_n-1-750x500.jpg 750w, https:\/\/buletin.de\/bucuresti\/wp-content\/uploads\/337844349_153534947634585_4445545922625355442_n-1-1920x1281.jpg 1920w, https:\/\/buletin.de\/bucuresti\/wp-content\/uploads\/337844349_153534947634585_4445545922625355442_n-1-1619x1080.jpg 1619w, https:\/\/buletin.de\/bucuresti\/wp-content\/uploads\/337844349_153534947634585_4445545922625355442_n-1-600x400.jpg 600w, https:\/\/buletin.de\/bucuresti\/wp-content\/uploads\/337844349_153534947634585_4445545922625355442_n-1.jpg 2048w\" sizes=\"(max-width: 900px) 100vw, 900px\" \/><figcaption>Surs\u0103 foto: Facebook, M\u00e2n\u0103stirea Radu Vod\u0103<\/figcaption><\/figure>\n\n\n\n<p>Procesiunea religioas\u0103, organizat\u0103 de Mitropolia Munteniei \u0219i Dobrogei \u2013 Arhiepiscopia Bucure\u0219tilor, cu prilejul s\u0103rb\u0103toririi Floriilor, se va desf\u0103\u0219ura dup\u0103 urm\u0103torul program:<\/p>\n\n\n\n<ul class=\"wp-block-list\"><li>\u00eencep\u00e2nd cu ora <strong>15.30<\/strong>, adunarea participan\u021bilor \u00een zona <strong>M\u0103n\u0103stirii Radu Vod\u0103<\/strong>;<\/li><li>\u00eentre orele <strong>15:30 \u2013 18:30<\/strong>, procesiune religioas\u0103 pe traseul: <em>M\u00e2n\u0103stirea Radu Vod\u0103 (plecare orele 16.15) \u2013 Bd. M\u0103r\u0103\u0219e\u0219ti \u2013 Bd. Dimitrie Cantemir \u2013 Str. Bibescu Vod\u0103 \u2013 Calea \u0218erban Vod\u0103 \u2013 Catedrala Metropolitan\u0103 Sf. Spiridon Nou (sosire 16.45 \u2013 plecare orele 17.00) \u2013 Str. Principatelor Unite \u2013 Str. Ien\u0103chi\u021b\u0103 V\u0103c\u0103rescu \u2013 Str. Sf. Ecaterina \u2013 Paraclisul Universitar Sf. Ecaterina (sosire orele 17.15 &#8211; plecare 17.30) \u2013 Str. Bibescu Vod\u0103 \u2013 Colina Bucuriei \u2013 Catedrala Patriarhal\u0103 (sosire orele 17.45)<\/em>;<\/li><li>\u00eentre orele <strong>15:30 \u2013 18:30<\/strong>, slujb\u0103 la <strong>Catedrala Patriarhal\u0103<\/strong>.<\/li><\/ul>\n\n\n\n<p>Deplasarea participan\u021bilor se va face pe partea carosabil\u0103, ocazie cu care traficul rutier se va restric\u021biona pe traseu men\u021bionat mai sus, astfel:<\/p>\n\n\n\n<ul class=\"wp-block-list\"><li><strong>Str. Radu Vod\u0103<\/strong>, \u00eenchidere total\u0103 de la Bd. M\u0103r\u0103\u0219e\u0219ti;<\/li><li><strong>Bd. M\u0103r\u0103\u0219e\u0219ti<\/strong>, \u00eenchidere total\u0103 \u00eentre Bd. Dimitrie Cantemir \u0219i Pod M\u0103r\u0103\u0219e\u0219ti;<\/li><li><strong>Bd. Dimitrie Cantemir<\/strong>, \u00eenchidere total\u0103 \u00eentre Bd. M\u0103r\u0103\u0219e\u0219ti \u0219i Str. Bibescu Vod\u0103, pe sensul de mers c\u0103tre Pasajul Unirii;<\/li><li><strong>Str. Bibescu Vod\u0103<\/strong>, <strong>Calea \u0218erban Vod\u0103<\/strong>, <strong>Str. Principatele Unite<\/strong>, <strong>Str. Ien\u0103chi\u021b\u0103 V\u0103c\u0103rescu<\/strong>, <strong>Str. Sf. Ecaterina<\/strong>, \u00eenchidere total\u0103.<\/li><\/ul>\n\n\n\n<p>Poli\u021bi\u0219tii rutieri recomand\u0103 ca rut\u0103 ocolitoare Splaiul Unirii \u2013 Bd. Mircea Vod\u0103 \u2013 Bd. Unirii.<\/p>\n\n\n\n<p>Totodat\u0103, Brigada Rutier\u0103 a Capitalei solicit\u0103 conduc\u0103torilor de autovehicule:<\/p>\n\n\n\n<ul class=\"wp-block-list\"><li>s\u0103 nu opreasc\u0103 ori s\u0103 sta\u021bioneze dec\u00e2t \u00een locurile special amenajate;<\/li><li>s\u0103 respecte semnalele, indica\u021biile \u0219i dispozi\u021biile poli\u021bi\u0219tilor rutieri;<\/li><li>s\u0103 \u00ee\u0219i p\u0103streze calmul \u0219i s\u0103 nu claxoneze abuziv \u00een cazul \u00een care se afl\u0103 \u00een zone aglomerate;<\/li><li>s\u0103 evite s\u0103 circule, pe c\u00e2t posibil, \u00een perimetrul adiacent locului de desf\u0103\u0219urare a evenimentului;<\/li><li>s\u0103 reduc\u0103 viteza atunci c\u00e2nd trec pe l\u00e2ng\u0103 grupurile de credincio\u0219i \u0219i s\u0103 evite pe timpul deplas\u0103rii, manifest\u0103rile de natur\u0103 a pune \u00een pericol siguran\u021ba lor, dar \u0219i a celorlal\u021bi participan\u021bi la trafic.<\/li><\/ul>\n\n\n\n<p>Pietonilor le recomand\u0103 s\u0103 circule doar pe trotuare, traversarea str\u0103zii s\u0103 o realizeze doar prin locurile special amenajate \u0219i la culoarea verde a semaforului electric, dup\u0103 ce s-au asigurat temeinic, iar conduc\u0103torii de vehicule le-au \u00een\u021beles inten\u021bia de a traversa.<\/p>\n\n\n\n<p>Surs\u0103 foto cover: Facebook, M\u00e2n\u0103stirea Radu Vod\u0103<\/p>\n","protected":false},"excerpt":{"rendered":"<p>Traficul rutier va fi restric\u021bionat \u00een Capital\u0103, s\u00e2mb\u0103t\u0103, 8 aprilie, \u00eentre orele 15.30-18.30, c\u00e2nd se va desf\u0103\u0219ura o procesiune religioas\u0103 cu ocazia s\u0103rb\u0103toririi Floriilor. Procesiunea religioas\u0103, organizat\u0103 de Mitropolia Munteniei \u0219i Dobrogei \u2013 Arhiepiscopia Bucure\u0219tilor, cu prilejul s\u0103rb\u0103toririi Floriilor, se va desf\u0103\u0219ura dup\u0103 urm\u0103torul program: \u00eencep\u00e2nd cu ora 15.30, adunarea participan\u021bilor \u00een zona M\u0103n\u0103stirii Radu [&hellip;]<\/p>\n","protected":false},"author":46,"featured_media":57414,"comment_status":"closed","ping_status":"open","sticky":false,"template":"","format":"standard","meta":{"_acf_changed":false,"inline_featured_image":false,"ngg_post_thumbnail":0,"footnotes":""},"categories":[62],"tags":[855,5645,135,5097],"ppma_author":[22605],"class_list":["post-57408","post","type-post","status-publish","format-standard","has-post-thumbnail","hentry","category-stiri","tag-florii","tag-procesiunereligioasa","tag-restrictii","tag-traficrutier"],"acf":[],"yoast_head":"<!-- This site is optimized with the Yoast SEO Premium plugin v25.3 (Yoast SEO v27.5) - https:\/\/yoast.com\/product\/yoast-seo-premium-wordpress\/ -->\n<title>Procesiune religioas\u0103 de Florii \u00een Capital\u0103. Traficul rutier va fi restric\u021bionat - Buletin de Bucure\u0219ti<\/title>\n<meta name=\"robots\" content=\"index, follow, max-snippet:-1, max-image-preview:large, max-video-preview:-1\" \/>\n<link rel=\"canonical\" href=\"https:\/\/buletin.de\/bucuresti\/procesiune-religioasa-de-florii-in-capitala-traficul-rutier-va-fi-restrictionat\/\" \/>\n<meta property=\"og:locale\" content=\"en_GB\" \/>\n<meta property=\"og:type\" content=\"article\" \/>\n<meta property=\"og:title\" content=\"Procesiune religioas\u0103 de Florii \u00een Capital\u0103. Traficul rutier va fi restric\u021bionat\" \/>\n<meta property=\"og:description\" content=\"Traficul rutier va fi restric\u021bionat \u00een Capital\u0103, s\u00e2mb\u0103t\u0103, 8 aprilie, \u00eentre orele 15.30-18.30, c\u00e2nd se va desf\u0103\u0219ura o procesiune religioas\u0103 cu ocazia s\u0103rb\u0103toririi Floriilor. Procesiunea religioas\u0103, organizat\u0103 de Mitropolia Munteniei \u0219i Dobrogei \u2013 Arhiepiscopia Bucure\u0219tilor, cu prilejul s\u0103rb\u0103toririi Floriilor, se va desf\u0103\u0219ura dup\u0103 urm\u0103torul program: \u00eencep\u00e2nd cu ora 15.30, adunarea participan\u021bilor \u00een zona M\u0103n\u0103stirii Radu [&hellip;]\" \/>\n<meta property=\"og:url\" content=\"https:\/\/buletin.de\/bucuresti\/procesiune-religioasa-de-florii-in-capitala-traficul-rutier-va-fi-restrictionat\/\" \/>\n<meta property=\"og:site_name\" content=\"Buletin de Bucure\u0219ti\" \/>\n<meta property=\"article:publisher\" content=\"https:\/\/www.facebook.com\/buletin.de.buc\" \/>\n<meta property=\"article:published_time\" content=\"2023-04-06T07:53:50+00:00\" \/>\n<meta property=\"article:modified_time\" content=\"2023-04-06T08:46:34+00:00\" \/>\n<meta property=\"og:image\" content=\"https:\/\/buletin.de\/bucuresti\/wp-content\/uploads\/337124049_1244541113122548_7374662573374298133_n.jpg\" \/>\n\t<meta property=\"og:image:width\" content=\"2048\" \/>\n\t<meta property=\"og:image:height\" content=\"1536\" \/>\n\t<meta property=\"og:image:type\" content=\"image\/jpeg\" \/>\n<meta name=\"author\" content=\"Andreea Gelatu\" \/>\n<meta name=\"twitter:card\" content=\"summary_large_image\" \/>\n<meta name=\"twitter:label1\" content=\"Written by\" \/>\n\t<meta name=\"twitter:data1\" content=\"Andreea Gelatu\" \/>\n\t<meta name=\"twitter:label2\" content=\"Estimated reading time\" \/>\n\t<meta name=\"twitter:data2\" content=\"2 minutes\" \/>\n<script type=\"application\/ld+json\" class=\"yoast-schema-graph\">{\"@context\":\"https:\\\/\\\/schema.org\",\"@graph\":[{\"@type\":\"Article\",\"@id\":\"https:\\\/\\\/buletin.de\\\/bucuresti\\\/procesiune-religioasa-de-florii-in-capitala-traficul-rutier-va-fi-restrictionat\\\/#article\",\"isPartOf\":{\"@id\":\"https:\\\/\\\/buletin.de\\\/bucuresti\\\/procesiune-religioasa-de-florii-in-capitala-traficul-rutier-va-fi-restrictionat\\\/\"},\"author\":{\"name\":\"Andreea Gelatu\",\"@id\":\"https:\\\/\\\/buletin.de\\\/bucuresti\\\/#\\\/schema\\\/person\\\/87734700b2c7f8608881f7e93b8834de\"},\"headline\":\"Procesiune religioas\u0103 de Florii \u00een Capital\u0103. Traficul rutier va fi restric\u021bionat\",\"datePublished\":\"2023-04-06T07:53:50+00:00\",\"dateModified\":\"2023-04-06T08:46:34+00:00\",\"mainEntityOfPage\":{\"@id\":\"https:\\\/\\\/buletin.de\\\/bucuresti\\\/procesiune-religioasa-de-florii-in-capitala-traficul-rutier-va-fi-restrictionat\\\/\"},\"wordCount\":436,\"publisher\":{\"@id\":\"https:\\\/\\\/buletin.de\\\/bucuresti\\\/#organization\"},\"image\":{\"@id\":\"https:\\\/\\\/buletin.de\\\/bucuresti\\\/procesiune-religioasa-de-florii-in-capitala-traficul-rutier-va-fi-restrictionat\\\/#primaryimage\"},\"thumbnailUrl\":\"https:\\\/\\\/buletin.de\\\/bucuresti\\\/wp-content\\\/uploads\\\/337124049_1244541113122548_7374662573374298133_n.jpg\",\"keywords\":[\"florii\",\"procesiunereligioas\u0103\",\"restric\u021bii\",\"traficrutier\"],\"articleSection\":[\"\u0218tiri\"],\"inLanguage\":\"en-GB\",\"copyrightYear\":\"2023\",\"copyrightHolder\":{\"@id\":\"https:\\\/\\\/buletin.de\\\/bucuresti\\\/#organization\"}},{\"@type\":\"WebPage\",\"@id\":\"https:\\\/\\\/buletin.de\\\/bucuresti\\\/procesiune-religioasa-de-florii-in-capitala-traficul-rutier-va-fi-restrictionat\\\/\",\"url\":\"https:\\\/\\\/buletin.de\\\/bucuresti\\\/procesiune-religioasa-de-florii-in-capitala-traficul-rutier-va-fi-restrictionat\\\/\",\"name\":\"Procesiune religioas\u0103 de Florii \u00een Capital\u0103. Traficul rutier va fi restric\u021bionat - Buletin de Bucure\u0219ti\",\"isPartOf\":{\"@id\":\"https:\\\/\\\/buletin.de\\\/bucuresti\\\/#website\"},\"primaryImageOfPage\":{\"@id\":\"https:\\\/\\\/buletin.de\\\/bucuresti\\\/procesiune-religioasa-de-florii-in-capitala-traficul-rutier-va-fi-restrictionat\\\/#primaryimage\"},\"image\":{\"@id\":\"https:\\\/\\\/buletin.de\\\/bucuresti\\\/procesiune-religioasa-de-florii-in-capitala-traficul-rutier-va-fi-restrictionat\\\/#primaryimage\"},\"thumbnailUrl\":\"https:\\\/\\\/buletin.de\\\/bucuresti\\\/wp-content\\\/uploads\\\/337124049_1244541113122548_7374662573374298133_n.jpg\",\"datePublished\":\"2023-04-06T07:53:50+00:00\",\"dateModified\":\"2023-04-06T08:46:34+00:00\",\"breadcrumb\":{\"@id\":\"https:\\\/\\\/buletin.de\\\/bucuresti\\\/procesiune-religioasa-de-florii-in-capitala-traficul-rutier-va-fi-restrictionat\\\/#breadcrumb\"},\"inLanguage\":\"en-GB\",\"potentialAction\":[{\"@type\":\"ReadAction\",\"target\":[\"https:\\\/\\\/buletin.de\\\/bucuresti\\\/procesiune-religioasa-de-florii-in-capitala-traficul-rutier-va-fi-restrictionat\\\/\"]}]},{\"@type\":\"ImageObject\",\"inLanguage\":\"en-GB\",\"@id\":\"https:\\\/\\\/buletin.de\\\/bucuresti\\\/procesiune-religioasa-de-florii-in-capitala-traficul-rutier-va-fi-restrictionat\\\/#primaryimage\",\"url\":\"https:\\\/\\\/buletin.de\\\/bucuresti\\\/wp-content\\\/uploads\\\/337124049_1244541113122548_7374662573374298133_n.jpg\",\"contentUrl\":\"https:\\\/\\\/buletin.de\\\/bucuresti\\\/wp-content\\\/uploads\\\/337124049_1244541113122548_7374662573374298133_n.jpg\",\"width\":2048,\"height\":1536},{\"@type\":\"BreadcrumbList\",\"@id\":\"https:\\\/\\\/buletin.de\\\/bucuresti\\\/procesiune-religioasa-de-florii-in-capitala-traficul-rutier-va-fi-restrictionat\\\/#breadcrumb\",\"itemListElement\":[{\"@type\":\"ListItem\",\"position\":1,\"name\":\"Acas\u0103\",\"item\":\"https:\\\/\\\/buletin.de\\\/bucuresti\\\/\"},{\"@type\":\"ListItem\",\"position\":2,\"name\":\"Procesiune religioas\u0103 de Florii \u00een Capital\u0103. Traficul rutier va fi restric\u021bionat\"}]},{\"@type\":\"WebSite\",\"@id\":\"https:\\\/\\\/buletin.de\\\/bucuresti\\\/#website\",\"url\":\"https:\\\/\\\/buletin.de\\\/bucuresti\\\/\",\"name\":\"Buletin de Bucure\u0219ti\",\"description\":\"\u0218tiri \u0219i investiga\u021bii esen\u021biale din capital\u0103\",\"publisher\":{\"@id\":\"https:\\\/\\\/buletin.de\\\/bucuresti\\\/#organization\"},\"potentialAction\":[{\"@type\":\"SearchAction\",\"target\":{\"@type\":\"EntryPoint\",\"urlTemplate\":\"https:\\\/\\\/buletin.de\\\/bucuresti\\\/?s={search_term_string}\"},\"query-input\":{\"@type\":\"PropertyValueSpecification\",\"valueRequired\":true,\"valueName\":\"search_term_string\"}}],\"inLanguage\":\"en-GB\"},{\"@type\":\"Organization\",\"@id\":\"https:\\\/\\\/buletin.de\\\/bucuresti\\\/#organization\",\"name\":\"Buletin de Bucure\u0219ti\",\"url\":\"https:\\\/\\\/buletin.de\\\/bucuresti\\\/\",\"logo\":{\"@type\":\"ImageObject\",\"inLanguage\":\"en-GB\",\"@id\":\"https:\\\/\\\/buletin.de\\\/bucuresti\\\/#\\\/schema\\\/logo\\\/image\\\/\",\"url\":\"https:\\\/\\\/buletin.de\\\/bucuresti\\\/wp-content\\\/uploads\\\/logo-bdb-full-wide-vernil-transparent.png\",\"contentUrl\":\"https:\\\/\\\/buletin.de\\\/bucuresti\\\/wp-content\\\/uploads\\\/logo-bdb-full-wide-vernil-transparent.png\",\"width\":1782,\"height\":626,\"caption\":\"Buletin de Bucure\u0219ti\"},\"image\":{\"@id\":\"https:\\\/\\\/buletin.de\\\/bucuresti\\\/#\\\/schema\\\/logo\\\/image\\\/\"},\"sameAs\":[\"https:\\\/\\\/www.facebook.com\\\/buletin.de.buc\",\"https:\\\/\\\/www.instagram.com\\\/buletinde.bucuresti\\\/\"]},{\"@type\":\"Person\",\"@id\":\"https:\\\/\\\/buletin.de\\\/bucuresti\\\/#\\\/schema\\\/person\\\/87734700b2c7f8608881f7e93b8834de\",\"name\":\"Andreea Gelatu\",\"image\":{\"@type\":\"ImageObject\",\"inLanguage\":\"en-GB\",\"@id\":\"https:\\\/\\\/secure.gravatar.com\\\/avatar\\\/b716eca2f984b9b65bdd87118b4b909d940b619cbe6e8cb725fe11c1b1f4194f?s=96&d=monsterid&r=g9b5eff4996c6b842a29b3057a7b4746f\",\"url\":\"https:\\\/\\\/secure.gravatar.com\\\/avatar\\\/b716eca2f984b9b65bdd87118b4b909d940b619cbe6e8cb725fe11c1b1f4194f?s=96&d=monsterid&r=g\",\"contentUrl\":\"https:\\\/\\\/secure.gravatar.com\\\/avatar\\\/b716eca2f984b9b65bdd87118b4b909d940b619cbe6e8cb725fe11c1b1f4194f?s=96&d=monsterid&r=g\",\"caption\":\"Andreea Gelatu\"},\"url\":\"https:\\\/\\\/buletin.de\\\/bucuresti\\\/author\\\/andreeagelatu\\\/\"}]}<\/script>\n<!-- \/ Yoast SEO Premium plugin. -->","yoast_head_json":{"title":"Procesiune religioas\u0103 de Florii \u00een Capital\u0103. Traficul rutier va fi restric\u021bionat - Buletin de Bucure\u0219ti","robots":{"index":"index","follow":"follow","max-snippet":"max-snippet:-1","max-image-preview":"max-image-preview:large","max-video-preview":"max-video-preview:-1"},"canonical":"https:\/\/buletin.de\/bucuresti\/procesiune-religioasa-de-florii-in-capitala-traficul-rutier-va-fi-restrictionat\/","og_locale":"en_GB","og_type":"article","og_title":"Procesiune religioas\u0103 de Florii \u00een Capital\u0103. Traficul rutier va fi restric\u021bionat","og_description":"Traficul rutier va fi restric\u021bionat \u00een Capital\u0103, s\u00e2mb\u0103t\u0103, 8 aprilie, \u00eentre orele 15.30-18.30, c\u00e2nd se va desf\u0103\u0219ura o procesiune religioas\u0103 cu ocazia s\u0103rb\u0103toririi Floriilor. Procesiunea religioas\u0103, organizat\u0103 de Mitropolia Munteniei \u0219i Dobrogei \u2013 Arhiepiscopia Bucure\u0219tilor, cu prilejul s\u0103rb\u0103toririi Floriilor, se va desf\u0103\u0219ura dup\u0103 urm\u0103torul program: \u00eencep\u00e2nd cu ora 15.30, adunarea participan\u021bilor \u00een zona M\u0103n\u0103stirii Radu [&hellip;]","og_url":"https:\/\/buletin.de\/bucuresti\/procesiune-religioasa-de-florii-in-capitala-traficul-rutier-va-fi-restrictionat\/","og_site_name":"Buletin de Bucure\u0219ti","article_publisher":"https:\/\/www.facebook.com\/buletin.de.buc","article_published_time":"2023-04-06T07:53:50+00:00","article_modified_time":"2023-04-06T08:46:34+00:00","og_image":[{"width":2048,"height":1536,"url":"https:\/\/buletin.de\/bucuresti\/wp-content\/uploads\/337124049_1244541113122548_7374662573374298133_n.jpg","type":"image\/jpeg"}],"author":"Andreea Gelatu","twitter_card":"summary_large_image","twitter_misc":{"Written by":"Andreea Gelatu","Estimated reading time":"2 minutes"},"schema":{"@context":"https:\/\/schema.org","@graph":[{"@type":"Article","@id":"https:\/\/buletin.de\/bucuresti\/procesiune-religioasa-de-florii-in-capitala-traficul-rutier-va-fi-restrictionat\/#article","isPartOf":{"@id":"https:\/\/buletin.de\/bucuresti\/procesiune-religioasa-de-florii-in-capitala-traficul-rutier-va-fi-restrictionat\/"},"author":{"name":"Andreea Gelatu","@id":"https:\/\/buletin.de\/bucuresti\/#\/schema\/person\/87734700b2c7f8608881f7e93b8834de"},"headline":"Procesiune religioas\u0103 de Florii \u00een Capital\u0103. Traficul rutier va fi restric\u021bionat","datePublished":"2023-04-06T07:53:50+00:00","dateModified":"2023-04-06T08:46:34+00:00","mainEntityOfPage":{"@id":"https:\/\/buletin.de\/bucuresti\/procesiune-religioasa-de-florii-in-capitala-traficul-rutier-va-fi-restrictionat\/"},"wordCount":436,"publisher":{"@id":"https:\/\/buletin.de\/bucuresti\/#organization"},"image":{"@id":"https:\/\/buletin.de\/bucuresti\/procesiune-religioasa-de-florii-in-capitala-traficul-rutier-va-fi-restrictionat\/#primaryimage"},"thumbnailUrl":"https:\/\/buletin.de\/bucuresti\/wp-content\/uploads\/337124049_1244541113122548_7374662573374298133_n.jpg","keywords":["florii","procesiunereligioas\u0103","restric\u021bii","traficrutier"],"articleSection":["\u0218tiri"],"inLanguage":"en-GB","copyrightYear":"2023","copyrightHolder":{"@id":"https:\/\/buletin.de\/bucuresti\/#organization"}},{"@type":"WebPage","@id":"https:\/\/buletin.de\/bucuresti\/procesiune-religioasa-de-florii-in-capitala-traficul-rutier-va-fi-restrictionat\/","url":"https:\/\/buletin.de\/bucuresti\/procesiune-religioasa-de-florii-in-capitala-traficul-rutier-va-fi-restrictionat\/","name":"Procesiune religioas\u0103 de Florii \u00een Capital\u0103. Traficul rutier va fi restric\u021bionat - Buletin de Bucure\u0219ti","isPartOf":{"@id":"https:\/\/buletin.de\/bucuresti\/#website"},"primaryImageOfPage":{"@id":"https:\/\/buletin.de\/bucuresti\/procesiune-religioasa-de-florii-in-capitala-traficul-rutier-va-fi-restrictionat\/#primaryimage"},"image":{"@id":"https:\/\/buletin.de\/bucuresti\/procesiune-religioasa-de-florii-in-capitala-traficul-rutier-va-fi-restrictionat\/#primaryimage"},"thumbnailUrl":"https:\/\/buletin.de\/bucuresti\/wp-content\/uploads\/337124049_1244541113122548_7374662573374298133_n.jpg","datePublished":"2023-04-06T07:53:50+00:00","dateModified":"2023-04-06T08:46:34+00:00","breadcrumb":{"@id":"https:\/\/buletin.de\/bucuresti\/procesiune-religioasa-de-florii-in-capitala-traficul-rutier-va-fi-restrictionat\/#breadcrumb"},"inLanguage":"en-GB","potentialAction":[{"@type":"ReadAction","target":["https:\/\/buletin.de\/bucuresti\/procesiune-religioasa-de-florii-in-capitala-traficul-rutier-va-fi-restrictionat\/"]}]},{"@type":"ImageObject","inLanguage":"en-GB","@id":"https:\/\/buletin.de\/bucuresti\/procesiune-religioasa-de-florii-in-capitala-traficul-rutier-va-fi-restrictionat\/#primaryimage","url":"https:\/\/buletin.de\/bucuresti\/wp-content\/uploads\/337124049_1244541113122548_7374662573374298133_n.jpg","contentUrl":"https:\/\/buletin.de\/bucuresti\/wp-content\/uploads\/337124049_1244541113122548_7374662573374298133_n.jpg","width":2048,"height":1536},{"@type":"BreadcrumbList","@id":"https:\/\/buletin.de\/bucuresti\/procesiune-religioasa-de-florii-in-capitala-traficul-rutier-va-fi-restrictionat\/#breadcrumb","itemListElement":[{"@type":"ListItem","position":1,"name":"Acas\u0103","item":"https:\/\/buletin.de\/bucuresti\/"},{"@type":"ListItem","position":2,"name":"Procesiune religioas\u0103 de Florii \u00een Capital\u0103. Traficul rutier va fi restric\u021bionat"}]},{"@type":"WebSite","@id":"https:\/\/buletin.de\/bucuresti\/#website","url":"https:\/\/buletin.de\/bucuresti\/","name":"Buletin de Bucure\u0219ti","description":"\u0218tiri \u0219i investiga\u021bii esen\u021biale din capital\u0103","publisher":{"@id":"https:\/\/buletin.de\/bucuresti\/#organization"},"potentialAction":[{"@type":"SearchAction","target":{"@type":"EntryPoint","urlTemplate":"https:\/\/buletin.de\/bucuresti\/?s={search_term_string}"},"query-input":{"@type":"PropertyValueSpecification","valueRequired":true,"valueName":"search_term_string"}}],"inLanguage":"en-GB"},{"@type":"Organization","@id":"https:\/\/buletin.de\/bucuresti\/#organization","name":"Buletin de Bucure\u0219ti","url":"https:\/\/buletin.de\/bucuresti\/","logo":{"@type":"ImageObject","inLanguage":"en-GB","@id":"https:\/\/buletin.de\/bucuresti\/#\/schema\/logo\/image\/","url":"https:\/\/buletin.de\/bucuresti\/wp-content\/uploads\/logo-bdb-full-wide-vernil-transparent.png","contentUrl":"https:\/\/buletin.de\/bucuresti\/wp-content\/uploads\/logo-bdb-full-wide-vernil-transparent.png","width":1782,"height":626,"caption":"Buletin de Bucure\u0219ti"},"image":{"@id":"https:\/\/buletin.de\/bucuresti\/#\/schema\/logo\/image\/"},"sameAs":["https:\/\/www.facebook.com\/buletin.de.buc","https:\/\/www.instagram.com\/buletinde.bucuresti\/"]},{"@type":"Person","@id":"https:\/\/buletin.de\/bucuresti\/#\/schema\/person\/87734700b2c7f8608881f7e93b8834de","name":"Andreea Gelatu","image":{"@type":"ImageObject","inLanguage":"en-GB","@id":"https:\/\/secure.gravatar.com\/avatar\/b716eca2f984b9b65bdd87118b4b909d940b619cbe6e8cb725fe11c1b1f4194f?s=96&d=monsterid&r=g9b5eff4996c6b842a29b3057a7b4746f","url":"https:\/\/secure.gravatar.com\/avatar\/b716eca2f984b9b65bdd87118b4b909d940b619cbe6e8cb725fe11c1b1f4194f?s=96&d=monsterid&r=g","contentUrl":"https:\/\/secure.gravatar.com\/avatar\/b716eca2f984b9b65bdd87118b4b909d940b619cbe6e8cb725fe11c1b1f4194f?s=96&d=monsterid&r=g","caption":"Andreea Gelatu"},"url":"https:\/\/buletin.de\/bucuresti\/author\/andreeagelatu\/"}]}},"authors":[{"term_id":22605,"user_id":46,"is_guest":0,"slug":"andreeagelatu","display_name":"Andreea Gelatu","avatar_url":"https:\/\/secure.gravatar.com\/avatar\/b716eca2f984b9b65bdd87118b4b909d940b619cbe6e8cb725fe11c1b1f4194f?s=96&d=monsterid&r=g","0":null,"1":"","2":"","3":"","4":"","5":"","6":"","7":"","8":""}],"_links":{"self":[{"href":"https:\/\/buletin.de\/bucuresti\/wp-json\/wp\/v2\/posts\/57408","targetHints":{"allow":["GET"]}}],"collection":[{"href":"https:\/\/buletin.de\/bucuresti\/wp-json\/wp\/v2\/posts"}],"about":[{"href":"https:\/\/buletin.de\/bucuresti\/wp-json\/wp\/v2\/types\/post"}],"author":[{"embeddable":true,"href":"https:\/\/buletin.de\/bucuresti\/wp-json\/wp\/v2\/users\/46"}],"replies":[{"embeddable":true,"href":"https:\/\/buletin.de\/bucuresti\/wp-json\/wp\/v2\/comments?post=57408"}],"version-history":[{"count":5,"href":"https:\/\/buletin.de\/bucuresti\/wp-json\/wp\/v2\/posts\/57408\/revisions"}],"predecessor-version":[{"id":57420,"href":"https:\/\/buletin.de\/bucuresti\/wp-json\/wp\/v2\/posts\/57408\/revisions\/57420"}],"wp:featuredmedia":[{"embeddable":true,"href":"https:\/\/buletin.de\/bucuresti\/wp-json\/wp\/v2\/media\/57414"}],"wp:attachment":[{"href":"https:\/\/buletin.de\/bucuresti\/wp-json\/wp\/v2\/media?parent=57408"}],"wp:term":[{"taxonomy":"category","embeddable":true,"href":"https:\/\/buletin.de\/bucuresti\/wp-json\/wp\/v2\/categories?post=57408"},{"taxonomy":"post_tag","embeddable":true,"href":"https:\/\/buletin.de\/bucuresti\/wp-json\/wp\/v2\/tags?post=57408"},{"taxonomy":"author","embeddable":true,"href":"https:\/\/buletin.de\/bucuresti\/wp-json\/wp\/v2\/ppma_author?post=57408"}],"curies":[{"name":"wp","href":"https:\/\/api.w.org\/{rel}","templated":true}]}}