{"id":57399,"date":"2023-04-06T07:35:15","date_gmt":"2023-04-06T05:35:15","guid":{"rendered":"https:\/\/buletin.de\/bucuresti\/?p=57399"},"modified":"2023-04-06T12:47:45","modified_gmt":"2023-04-06T10:47:45","slug":"video-barbat-ridicat-de-mascati-in-timp-ce-era-live-pe-tik-tok-isi-teroriza-vecinii-si-se-filma","status":"publish","type":"post","link":"https:\/\/buletin.de\/bucuresti\/video-barbat-ridicat-de-mascati-in-timp-ce-era-live-pe-tik-tok-isi-teroriza-vecinii-si-se-filma\/","title":{"rendered":"VIDEO | B\u0103rbat ridicat de masca\u021bi \u00een timp ce era live pe Tik Tok. \u00ce\u0219i teroriza vecinii \u0219i se filma"},"content":{"rendered":"\n<p><strong>Update: Fa\u021b\u0103 de b\u0103rbat a fost dispus\u0103 m\u0103sura controlului judiciar.<\/strong><\/p>\n\n\n\n<p><strong>Poli\u021bi\u0219tii au re\u021binut un b\u0103rbat din sectorul 6 care, de aproape un an, \u00ee\u0219i teroriza vecinii doar ca s\u0103 fie vedet\u0103 pe Tik Tok. Arunca petarde, diverse obiecte \u0219i chiar electrocasnice de la balcon \u00een timp ce era live pe re\u021beaua social\u0103. S-a plimbat cu pantalonii \u00een vine \u00eentr-un supermarket tot \u00een c\u0103utarea celebrit\u0103\u021bii. <\/strong><\/p>\n\n\n\n<p>Totul a \u00eenceput \u00een luna mai, 2022. De la balconul apartamentului s\u0103u din str. Piscul Cr\u0103sani nr 8, sector 6, un b\u0103rbat a \u00eenceput s\u0103 arunce cu petarde \u00een timp ce f\u0103cea live-uri pe Tik Tok. A trecut apoi la diverse alte obiecte ba chiar electrocasnice care zburau de la balcon.<\/p>\n\n\n\n<p>Orice reclama\u021bie a vecinilor se termina cu amenin\u021b\u0103ri \u0219i chiar violen\u021be din partea b\u0103rbatului. Poli\u021bi\u0219tii spun c\u0103 pe 7 februarie 2023, i-a b\u0103tut cu pumnii \u0219i picioarele \u00een u\u0219\u0103 unei vecine pe care a amenin\u021bat-o apoi c\u0103 \u00eei tare urechile \u0219i g\u00e2tul.<\/p>\n\n\n\n<p>La sf\u00e2r\u0219itul lunii trecute, b\u0103rbatul s-a plimbat printr-un magazin cu pantalonii \u00een vine, cer\u00e2nd h\u00e2rtie igienic\u0103. Totul fiind live pe aceea\u0219i platform\u0103 social\u0103.<\/p>\n\n\n\n<p>\u0218i tot \u00een live era \u0219i pe 5 aprilie c\u00e2nd masca\u021bii au intrat \u00een apartamentul s\u0103u \u0219i l-au re\u021binut pentru 24 de ore.<\/p>\n\n\n\n<p><\/p>\n\n\n\n<figure class=\"wp-block-video\"><video controls src=\"https:\/\/buletin.de\/bucuresti\/wp-content\/uploads\/idiotul.mp4\"><\/video><\/figure>\n\n\n\n<p>Acuza\u021biile care i se aduc sunt s\u0103v\u00e2r\u015firea \u00een concurs a mai multor infrac\u0163iuni de tulburarea ordinii \u0219i lini\u0219tii publice, unele \u00een form\u0103 tip, iar altele \u00een form\u0103 continuat\u0103, precum \u0219i amenin\u021bare. <\/p>\n\n\n\n<p>Cercet\u0103rile sunt efectuate de Poli\u021bia Capitalei \u0219i Parchetul de pe l\u00e2ng\u0103 Judec\u0103toria Sector 6. B\u0103rbatul va fi prezentat la instan\u021b\u0103 cu propunere de arestare preventiv\u0103.<\/p>\n\n\n\n<p><\/p>\n\n\n\n<p>sursa foto cover captur\u0103 Tik Tok Golden Mask.2023<\/p>\n","protected":false},"excerpt":{"rendered":"<p>Update: Fa\u021b\u0103 de b\u0103rbat a fost dispus\u0103 m\u0103sura controlului judiciar. Poli\u021bi\u0219tii au re\u021binut un b\u0103rbat din sectorul 6 care, de aproape un an, \u00ee\u0219i teroriza vecinii doar ca s\u0103 fie vedet\u0103 pe Tik Tok. Arunca petarde, diverse obiecte \u0219i chiar electrocasnice de la balcon \u00een timp ce era live pe re\u021beaua social\u0103. S-a plimbat cu [&hellip;]<\/p>\n","protected":false},"author":18,"featured_media":57402,"comment_status":"closed","ping_status":"open","sticky":false,"template":"","format":"standard","meta":{"_acf_changed":false,"inline_featured_image":false,"ngg_post_thumbnail":0,"footnotes":""},"categories":[62],"tags":[],"ppma_author":[22579],"class_list":["post-57399","post","type-post","status-publish","format-standard","has-post-thumbnail","hentry","category-stiri"],"acf":[],"yoast_head":"<!-- This site is optimized with the Yoast SEO Premium plugin v25.3 (Yoast SEO v27.5) - https:\/\/yoast.com\/product\/yoast-seo-premium-wordpress\/ -->\n<title>VIDEO | B\u0103rbat ridicat de masca\u021bi \u00een timp ce era live pe Tik Tok. \u00ce\u0219i teroriza vecinii \u0219i se filma - Buletin de Bucure\u0219ti<\/title>\n<meta name=\"robots\" content=\"index, follow, max-snippet:-1, max-image-preview:large, max-video-preview:-1\" \/>\n<link rel=\"canonical\" href=\"https:\/\/buletin.de\/bucuresti\/video-barbat-ridicat-de-mascati-in-timp-ce-era-live-pe-tik-tok-isi-teroriza-vecinii-si-se-filma\/\" \/>\n<meta property=\"og:locale\" content=\"en_GB\" \/>\n<meta property=\"og:type\" content=\"article\" \/>\n<meta property=\"og:title\" content=\"VIDEO | B\u0103rbat ridicat de masca\u021bi \u00een timp ce era live pe Tik Tok. \u00ce\u0219i teroriza vecinii \u0219i se filma\" \/>\n<meta property=\"og:description\" content=\"Update: Fa\u021b\u0103 de b\u0103rbat a fost dispus\u0103 m\u0103sura controlului judiciar. Poli\u021bi\u0219tii au re\u021binut un b\u0103rbat din sectorul 6 care, de aproape un an, \u00ee\u0219i teroriza vecinii doar ca s\u0103 fie vedet\u0103 pe Tik Tok. Arunca petarde, diverse obiecte \u0219i chiar electrocasnice de la balcon \u00een timp ce era live pe re\u021beaua social\u0103. S-a plimbat cu [&hellip;]\" \/>\n<meta property=\"og:url\" content=\"https:\/\/buletin.de\/bucuresti\/video-barbat-ridicat-de-mascati-in-timp-ce-era-live-pe-tik-tok-isi-teroriza-vecinii-si-se-filma\/\" \/>\n<meta property=\"og:site_name\" content=\"Buletin de Bucure\u0219ti\" \/>\n<meta property=\"article:publisher\" content=\"https:\/\/www.facebook.com\/buletin.de.buc\" \/>\n<meta property=\"article:published_time\" content=\"2023-04-06T05:35:15+00:00\" \/>\n<meta property=\"article:modified_time\" content=\"2023-04-06T10:47:45+00:00\" \/>\n<meta property=\"og:image\" content=\"https:\/\/buletin.de\/bucuresti\/wp-content\/uploads\/idiotul.png\" \/>\n\t<meta property=\"og:image:width\" content=\"410\" \/>\n\t<meta property=\"og:image:height\" content=\"268\" \/>\n\t<meta property=\"og:image:type\" content=\"image\/png\" \/>\n<meta name=\"author\" content=\"Teodora Stroe\" \/>\n<meta name=\"twitter:card\" content=\"summary_large_image\" \/>\n<meta name=\"twitter:label1\" content=\"Written by\" \/>\n\t<meta name=\"twitter:data1\" content=\"Teodora Stroe\" \/>\n\t<meta name=\"twitter:label2\" content=\"Estimated reading time\" \/>\n\t<meta name=\"twitter:data2\" content=\"2 minutes\" \/>\n<script type=\"application\/ld+json\" class=\"yoast-schema-graph\">{\"@context\":\"https:\\\/\\\/schema.org\",\"@graph\":[{\"@type\":\"Article\",\"@id\":\"https:\\\/\\\/buletin.de\\\/bucuresti\\\/video-barbat-ridicat-de-mascati-in-timp-ce-era-live-pe-tik-tok-isi-teroriza-vecinii-si-se-filma\\\/#article\",\"isPartOf\":{\"@id\":\"https:\\\/\\\/buletin.de\\\/bucuresti\\\/video-barbat-ridicat-de-mascati-in-timp-ce-era-live-pe-tik-tok-isi-teroriza-vecinii-si-se-filma\\\/\"},\"author\":{\"name\":\"Teodora Stroe\",\"@id\":\"https:\\\/\\\/buletin.de\\\/bucuresti\\\/#\\\/schema\\\/person\\\/d369d7ddc775abece205795e0b804614\"},\"headline\":\"VIDEO | B\u0103rbat ridicat de masca\u021bi \u00een timp ce era live pe Tik Tok. \u00ce\u0219i teroriza vecinii \u0219i se filma\",\"datePublished\":\"2023-04-06T05:35:15+00:00\",\"dateModified\":\"2023-04-06T10:47:45+00:00\",\"mainEntityOfPage\":{\"@id\":\"https:\\\/\\\/buletin.de\\\/bucuresti\\\/video-barbat-ridicat-de-mascati-in-timp-ce-era-live-pe-tik-tok-isi-teroriza-vecinii-si-se-filma\\\/\"},\"wordCount\":323,\"publisher\":{\"@id\":\"https:\\\/\\\/buletin.de\\\/bucuresti\\\/#organization\"},\"image\":{\"@id\":\"https:\\\/\\\/buletin.de\\\/bucuresti\\\/video-barbat-ridicat-de-mascati-in-timp-ce-era-live-pe-tik-tok-isi-teroriza-vecinii-si-se-filma\\\/#primaryimage\"},\"thumbnailUrl\":\"https:\\\/\\\/buletin.de\\\/bucuresti\\\/wp-content\\\/uploads\\\/idiotul.png\",\"articleSection\":[\"\u0218tiri\"],\"inLanguage\":\"en-GB\",\"copyrightYear\":\"2023\",\"copyrightHolder\":{\"@id\":\"https:\\\/\\\/buletin.de\\\/bucuresti\\\/#organization\"}},{\"@type\":\"WebPage\",\"@id\":\"https:\\\/\\\/buletin.de\\\/bucuresti\\\/video-barbat-ridicat-de-mascati-in-timp-ce-era-live-pe-tik-tok-isi-teroriza-vecinii-si-se-filma\\\/\",\"url\":\"https:\\\/\\\/buletin.de\\\/bucuresti\\\/video-barbat-ridicat-de-mascati-in-timp-ce-era-live-pe-tik-tok-isi-teroriza-vecinii-si-se-filma\\\/\",\"name\":\"VIDEO | B\u0103rbat ridicat de masca\u021bi \u00een timp ce era live pe Tik Tok. \u00ce\u0219i teroriza vecinii \u0219i se filma - Buletin de Bucure\u0219ti\",\"isPartOf\":{\"@id\":\"https:\\\/\\\/buletin.de\\\/bucuresti\\\/#website\"},\"primaryImageOfPage\":{\"@id\":\"https:\\\/\\\/buletin.de\\\/bucuresti\\\/video-barbat-ridicat-de-mascati-in-timp-ce-era-live-pe-tik-tok-isi-teroriza-vecinii-si-se-filma\\\/#primaryimage\"},\"image\":{\"@id\":\"https:\\\/\\\/buletin.de\\\/bucuresti\\\/video-barbat-ridicat-de-mascati-in-timp-ce-era-live-pe-tik-tok-isi-teroriza-vecinii-si-se-filma\\\/#primaryimage\"},\"thumbnailUrl\":\"https:\\\/\\\/buletin.de\\\/bucuresti\\\/wp-content\\\/uploads\\\/idiotul.png\",\"datePublished\":\"2023-04-06T05:35:15+00:00\",\"dateModified\":\"2023-04-06T10:47:45+00:00\",\"breadcrumb\":{\"@id\":\"https:\\\/\\\/buletin.de\\\/bucuresti\\\/video-barbat-ridicat-de-mascati-in-timp-ce-era-live-pe-tik-tok-isi-teroriza-vecinii-si-se-filma\\\/#breadcrumb\"},\"inLanguage\":\"en-GB\",\"potentialAction\":[{\"@type\":\"ReadAction\",\"target\":[\"https:\\\/\\\/buletin.de\\\/bucuresti\\\/video-barbat-ridicat-de-mascati-in-timp-ce-era-live-pe-tik-tok-isi-teroriza-vecinii-si-se-filma\\\/\"]}]},{\"@type\":\"ImageObject\",\"inLanguage\":\"en-GB\",\"@id\":\"https:\\\/\\\/buletin.de\\\/bucuresti\\\/video-barbat-ridicat-de-mascati-in-timp-ce-era-live-pe-tik-tok-isi-teroriza-vecinii-si-se-filma\\\/#primaryimage\",\"url\":\"https:\\\/\\\/buletin.de\\\/bucuresti\\\/wp-content\\\/uploads\\\/idiotul.png\",\"contentUrl\":\"https:\\\/\\\/buletin.de\\\/bucuresti\\\/wp-content\\\/uploads\\\/idiotul.png\",\"width\":410,\"height\":268},{\"@type\":\"BreadcrumbList\",\"@id\":\"https:\\\/\\\/buletin.de\\\/bucuresti\\\/video-barbat-ridicat-de-mascati-in-timp-ce-era-live-pe-tik-tok-isi-teroriza-vecinii-si-se-filma\\\/#breadcrumb\",\"itemListElement\":[{\"@type\":\"ListItem\",\"position\":1,\"name\":\"Acas\u0103\",\"item\":\"https:\\\/\\\/buletin.de\\\/bucuresti\\\/\"},{\"@type\":\"ListItem\",\"position\":2,\"name\":\"VIDEO | B\u0103rbat ridicat de masca\u021bi \u00een timp ce era live pe Tik Tok. \u00ce\u0219i teroriza vecinii \u0219i se filma\"}]},{\"@type\":\"WebSite\",\"@id\":\"https:\\\/\\\/buletin.de\\\/bucuresti\\\/#website\",\"url\":\"https:\\\/\\\/buletin.de\\\/bucuresti\\\/\",\"name\":\"Buletin de Bucure\u0219ti\",\"description\":\"\u0218tiri \u0219i investiga\u021bii esen\u021biale din capital\u0103\",\"publisher\":{\"@id\":\"https:\\\/\\\/buletin.de\\\/bucuresti\\\/#organization\"},\"potentialAction\":[{\"@type\":\"SearchAction\",\"target\":{\"@type\":\"EntryPoint\",\"urlTemplate\":\"https:\\\/\\\/buletin.de\\\/bucuresti\\\/?s={search_term_string}\"},\"query-input\":{\"@type\":\"PropertyValueSpecification\",\"valueRequired\":true,\"valueName\":\"search_term_string\"}}],\"inLanguage\":\"en-GB\"},{\"@type\":\"Organization\",\"@id\":\"https:\\\/\\\/buletin.de\\\/bucuresti\\\/#organization\",\"name\":\"Buletin de Bucure\u0219ti\",\"url\":\"https:\\\/\\\/buletin.de\\\/bucuresti\\\/\",\"logo\":{\"@type\":\"ImageObject\",\"inLanguage\":\"en-GB\",\"@id\":\"https:\\\/\\\/buletin.de\\\/bucuresti\\\/#\\\/schema\\\/logo\\\/image\\\/\",\"url\":\"https:\\\/\\\/buletin.de\\\/bucuresti\\\/wp-content\\\/uploads\\\/logo-bdb-full-wide-vernil-transparent.png\",\"contentUrl\":\"https:\\\/\\\/buletin.de\\\/bucuresti\\\/wp-content\\\/uploads\\\/logo-bdb-full-wide-vernil-transparent.png\",\"width\":1782,\"height\":626,\"caption\":\"Buletin de Bucure\u0219ti\"},\"image\":{\"@id\":\"https:\\\/\\\/buletin.de\\\/bucuresti\\\/#\\\/schema\\\/logo\\\/image\\\/\"},\"sameAs\":[\"https:\\\/\\\/www.facebook.com\\\/buletin.de.buc\",\"https:\\\/\\\/www.instagram.com\\\/buletinde.bucuresti\\\/\"]},{\"@type\":\"Person\",\"@id\":\"https:\\\/\\\/buletin.de\\\/bucuresti\\\/#\\\/schema\\\/person\\\/d369d7ddc775abece205795e0b804614\",\"name\":\"Teodora Stroe\",\"image\":{\"@type\":\"ImageObject\",\"inLanguage\":\"en-GB\",\"@id\":\"https:\\\/\\\/secure.gravatar.com\\\/avatar\\\/2560b4cd9f5f1bc100b123158e657d75584bd1c3e1d9c69285720b9457c1b78d?s=96&d=monsterid&r=gc104800242ba5f2d78dd5d7dc4df08b6\",\"url\":\"https:\\\/\\\/secure.gravatar.com\\\/avatar\\\/2560b4cd9f5f1bc100b123158e657d75584bd1c3e1d9c69285720b9457c1b78d?s=96&d=monsterid&r=g\",\"contentUrl\":\"https:\\\/\\\/secure.gravatar.com\\\/avatar\\\/2560b4cd9f5f1bc100b123158e657d75584bd1c3e1d9c69285720b9457c1b78d?s=96&d=monsterid&r=g\",\"caption\":\"Teodora Stroe\"},\"url\":\"https:\\\/\\\/buletin.de\\\/bucuresti\\\/author\\\/simonacarlugea\\\/\"}]}<\/script>\n<!-- \/ Yoast SEO Premium plugin. -->","yoast_head_json":{"title":"VIDEO | B\u0103rbat ridicat de masca\u021bi \u00een timp ce era live pe Tik Tok. \u00ce\u0219i teroriza vecinii \u0219i se filma - Buletin de Bucure\u0219ti","robots":{"index":"index","follow":"follow","max-snippet":"max-snippet:-1","max-image-preview":"max-image-preview:large","max-video-preview":"max-video-preview:-1"},"canonical":"https:\/\/buletin.de\/bucuresti\/video-barbat-ridicat-de-mascati-in-timp-ce-era-live-pe-tik-tok-isi-teroriza-vecinii-si-se-filma\/","og_locale":"en_GB","og_type":"article","og_title":"VIDEO | B\u0103rbat ridicat de masca\u021bi \u00een timp ce era live pe Tik Tok. \u00ce\u0219i teroriza vecinii \u0219i se filma","og_description":"Update: Fa\u021b\u0103 de b\u0103rbat a fost dispus\u0103 m\u0103sura controlului judiciar. Poli\u021bi\u0219tii au re\u021binut un b\u0103rbat din sectorul 6 care, de aproape un an, \u00ee\u0219i teroriza vecinii doar ca s\u0103 fie vedet\u0103 pe Tik Tok. Arunca petarde, diverse obiecte \u0219i chiar electrocasnice de la balcon \u00een timp ce era live pe re\u021beaua social\u0103. S-a plimbat cu [&hellip;]","og_url":"https:\/\/buletin.de\/bucuresti\/video-barbat-ridicat-de-mascati-in-timp-ce-era-live-pe-tik-tok-isi-teroriza-vecinii-si-se-filma\/","og_site_name":"Buletin de Bucure\u0219ti","article_publisher":"https:\/\/www.facebook.com\/buletin.de.buc","article_published_time":"2023-04-06T05:35:15+00:00","article_modified_time":"2023-04-06T10:47:45+00:00","og_image":[{"width":410,"height":268,"url":"https:\/\/buletin.de\/bucuresti\/wp-content\/uploads\/idiotul.png","type":"image\/png"}],"author":"Teodora Stroe","twitter_card":"summary_large_image","twitter_misc":{"Written by":"Teodora Stroe","Estimated reading time":"2 minutes"},"schema":{"@context":"https:\/\/schema.org","@graph":[{"@type":"Article","@id":"https:\/\/buletin.de\/bucuresti\/video-barbat-ridicat-de-mascati-in-timp-ce-era-live-pe-tik-tok-isi-teroriza-vecinii-si-se-filma\/#article","isPartOf":{"@id":"https:\/\/buletin.de\/bucuresti\/video-barbat-ridicat-de-mascati-in-timp-ce-era-live-pe-tik-tok-isi-teroriza-vecinii-si-se-filma\/"},"author":{"name":"Teodora Stroe","@id":"https:\/\/buletin.de\/bucuresti\/#\/schema\/person\/d369d7ddc775abece205795e0b804614"},"headline":"VIDEO | B\u0103rbat ridicat de masca\u021bi \u00een timp ce era live pe Tik Tok. \u00ce\u0219i teroriza vecinii \u0219i se filma","datePublished":"2023-04-06T05:35:15+00:00","dateModified":"2023-04-06T10:47:45+00:00","mainEntityOfPage":{"@id":"https:\/\/buletin.de\/bucuresti\/video-barbat-ridicat-de-mascati-in-timp-ce-era-live-pe-tik-tok-isi-teroriza-vecinii-si-se-filma\/"},"wordCount":323,"publisher":{"@id":"https:\/\/buletin.de\/bucuresti\/#organization"},"image":{"@id":"https:\/\/buletin.de\/bucuresti\/video-barbat-ridicat-de-mascati-in-timp-ce-era-live-pe-tik-tok-isi-teroriza-vecinii-si-se-filma\/#primaryimage"},"thumbnailUrl":"https:\/\/buletin.de\/bucuresti\/wp-content\/uploads\/idiotul.png","articleSection":["\u0218tiri"],"inLanguage":"en-GB","copyrightYear":"2023","copyrightHolder":{"@id":"https:\/\/buletin.de\/bucuresti\/#organization"}},{"@type":"WebPage","@id":"https:\/\/buletin.de\/bucuresti\/video-barbat-ridicat-de-mascati-in-timp-ce-era-live-pe-tik-tok-isi-teroriza-vecinii-si-se-filma\/","url":"https:\/\/buletin.de\/bucuresti\/video-barbat-ridicat-de-mascati-in-timp-ce-era-live-pe-tik-tok-isi-teroriza-vecinii-si-se-filma\/","name":"VIDEO | B\u0103rbat ridicat de masca\u021bi \u00een timp ce era live pe Tik Tok. \u00ce\u0219i teroriza vecinii \u0219i se filma - Buletin de Bucure\u0219ti","isPartOf":{"@id":"https:\/\/buletin.de\/bucuresti\/#website"},"primaryImageOfPage":{"@id":"https:\/\/buletin.de\/bucuresti\/video-barbat-ridicat-de-mascati-in-timp-ce-era-live-pe-tik-tok-isi-teroriza-vecinii-si-se-filma\/#primaryimage"},"image":{"@id":"https:\/\/buletin.de\/bucuresti\/video-barbat-ridicat-de-mascati-in-timp-ce-era-live-pe-tik-tok-isi-teroriza-vecinii-si-se-filma\/#primaryimage"},"thumbnailUrl":"https:\/\/buletin.de\/bucuresti\/wp-content\/uploads\/idiotul.png","datePublished":"2023-04-06T05:35:15+00:00","dateModified":"2023-04-06T10:47:45+00:00","breadcrumb":{"@id":"https:\/\/buletin.de\/bucuresti\/video-barbat-ridicat-de-mascati-in-timp-ce-era-live-pe-tik-tok-isi-teroriza-vecinii-si-se-filma\/#breadcrumb"},"inLanguage":"en-GB","potentialAction":[{"@type":"ReadAction","target":["https:\/\/buletin.de\/bucuresti\/video-barbat-ridicat-de-mascati-in-timp-ce-era-live-pe-tik-tok-isi-teroriza-vecinii-si-se-filma\/"]}]},{"@type":"ImageObject","inLanguage":"en-GB","@id":"https:\/\/buletin.de\/bucuresti\/video-barbat-ridicat-de-mascati-in-timp-ce-era-live-pe-tik-tok-isi-teroriza-vecinii-si-se-filma\/#primaryimage","url":"https:\/\/buletin.de\/bucuresti\/wp-content\/uploads\/idiotul.png","contentUrl":"https:\/\/buletin.de\/bucuresti\/wp-content\/uploads\/idiotul.png","width":410,"height":268},{"@type":"BreadcrumbList","@id":"https:\/\/buletin.de\/bucuresti\/video-barbat-ridicat-de-mascati-in-timp-ce-era-live-pe-tik-tok-isi-teroriza-vecinii-si-se-filma\/#breadcrumb","itemListElement":[{"@type":"ListItem","position":1,"name":"Acas\u0103","item":"https:\/\/buletin.de\/bucuresti\/"},{"@type":"ListItem","position":2,"name":"VIDEO | B\u0103rbat ridicat de masca\u021bi \u00een timp ce era live pe Tik Tok. \u00ce\u0219i teroriza vecinii \u0219i se filma"}]},{"@type":"WebSite","@id":"https:\/\/buletin.de\/bucuresti\/#website","url":"https:\/\/buletin.de\/bucuresti\/","name":"Buletin de Bucure\u0219ti","description":"\u0218tiri \u0219i investiga\u021bii esen\u021biale din capital\u0103","publisher":{"@id":"https:\/\/buletin.de\/bucuresti\/#organization"},"potentialAction":[{"@type":"SearchAction","target":{"@type":"EntryPoint","urlTemplate":"https:\/\/buletin.de\/bucuresti\/?s={search_term_string}"},"query-input":{"@type":"PropertyValueSpecification","valueRequired":true,"valueName":"search_term_string"}}],"inLanguage":"en-GB"},{"@type":"Organization","@id":"https:\/\/buletin.de\/bucuresti\/#organization","name":"Buletin de Bucure\u0219ti","url":"https:\/\/buletin.de\/bucuresti\/","logo":{"@type":"ImageObject","inLanguage":"en-GB","@id":"https:\/\/buletin.de\/bucuresti\/#\/schema\/logo\/image\/","url":"https:\/\/buletin.de\/bucuresti\/wp-content\/uploads\/logo-bdb-full-wide-vernil-transparent.png","contentUrl":"https:\/\/buletin.de\/bucuresti\/wp-content\/uploads\/logo-bdb-full-wide-vernil-transparent.png","width":1782,"height":626,"caption":"Buletin de Bucure\u0219ti"},"image":{"@id":"https:\/\/buletin.de\/bucuresti\/#\/schema\/logo\/image\/"},"sameAs":["https:\/\/www.facebook.com\/buletin.de.buc","https:\/\/www.instagram.com\/buletinde.bucuresti\/"]},{"@type":"Person","@id":"https:\/\/buletin.de\/bucuresti\/#\/schema\/person\/d369d7ddc775abece205795e0b804614","name":"Teodora Stroe","image":{"@type":"ImageObject","inLanguage":"en-GB","@id":"https:\/\/secure.gravatar.com\/avatar\/2560b4cd9f5f1bc100b123158e657d75584bd1c3e1d9c69285720b9457c1b78d?s=96&d=monsterid&r=gc104800242ba5f2d78dd5d7dc4df08b6","url":"https:\/\/secure.gravatar.com\/avatar\/2560b4cd9f5f1bc100b123158e657d75584bd1c3e1d9c69285720b9457c1b78d?s=96&d=monsterid&r=g","contentUrl":"https:\/\/secure.gravatar.com\/avatar\/2560b4cd9f5f1bc100b123158e657d75584bd1c3e1d9c69285720b9457c1b78d?s=96&d=monsterid&r=g","caption":"Teodora Stroe"},"url":"https:\/\/buletin.de\/bucuresti\/author\/simonacarlugea\/"}]}},"authors":[{"term_id":22579,"user_id":18,"is_guest":0,"slug":"simonacarlugea","display_name":"Teodora Stroe","avatar_url":"https:\/\/secure.gravatar.com\/avatar\/2560b4cd9f5f1bc100b123158e657d75584bd1c3e1d9c69285720b9457c1b78d?s=96&d=monsterid&r=g","0":null,"1":"","2":"","3":"","4":"","5":"","6":"","7":"","8":""}],"_links":{"self":[{"href":"https:\/\/buletin.de\/bucuresti\/wp-json\/wp\/v2\/posts\/57399","targetHints":{"allow":["GET"]}}],"collection":[{"href":"https:\/\/buletin.de\/bucuresti\/wp-json\/wp\/v2\/posts"}],"about":[{"href":"https:\/\/buletin.de\/bucuresti\/wp-json\/wp\/v2\/types\/post"}],"author":[{"embeddable":true,"href":"https:\/\/buletin.de\/bucuresti\/wp-json\/wp\/v2\/users\/18"}],"replies":[{"embeddable":true,"href":"https:\/\/buletin.de\/bucuresti\/wp-json\/wp\/v2\/comments?post=57399"}],"version-history":[{"count":7,"href":"https:\/\/buletin.de\/bucuresti\/wp-json\/wp\/v2\/posts\/57399\/revisions"}],"predecessor-version":[{"id":57429,"href":"https:\/\/buletin.de\/bucuresti\/wp-json\/wp\/v2\/posts\/57399\/revisions\/57429"}],"wp:featuredmedia":[{"embeddable":true,"href":"https:\/\/buletin.de\/bucuresti\/wp-json\/wp\/v2\/media\/57402"}],"wp:attachment":[{"href":"https:\/\/buletin.de\/bucuresti\/wp-json\/wp\/v2\/media?parent=57399"}],"wp:term":[{"taxonomy":"category","embeddable":true,"href":"https:\/\/buletin.de\/bucuresti\/wp-json\/wp\/v2\/categories?post=57399"},{"taxonomy":"post_tag","embeddable":true,"href":"https:\/\/buletin.de\/bucuresti\/wp-json\/wp\/v2\/tags?post=57399"},{"taxonomy":"author","embeddable":true,"href":"https:\/\/buletin.de\/bucuresti\/wp-json\/wp\/v2\/ppma_author?post=57399"}],"curies":[{"name":"wp","href":"https:\/\/api.w.org\/{rel}","templated":true}]}}