{"id":57391,"date":"2023-04-05T18:46:48","date_gmt":"2023-04-05T16:46:48","guid":{"rendered":"https:\/\/buletin.de\/bucuresti\/?p=57391"},"modified":"2023-06-16T13:26:23","modified_gmt":"2023-06-16T11:26:23","slug":"aerlive-pe-mobil-platforma-pentru-monitorizarea-calitatii-aerului-din-capitala-a-fost-lansata-pe-appstore-si-googleplay","status":"publish","type":"post","link":"https:\/\/buletin.de\/bucuresti\/aerlive-pe-mobil-platforma-pentru-monitorizarea-calitatii-aerului-din-capitala-a-fost-lansata-pe-appstore-si-googleplay\/","title":{"rendered":"Aerlive, pe mobil: Platforma pentru monitorizarea calit\u0103\u021bii aerului din Capital\u0103 a fost lansat\u0103 pe AppStore \u0219i GooglePlay"},"content":{"rendered":"\n<p><strong>Prima platforma independent\u0103 pentru monitorizarea calit\u0103\u021bii aerului din Capital\u0103 are aplica\u021bie de mobil disponibil\u0103 at\u00e2t pentru telefoanele cu Android c\u00e2t \u0219i pentru cele cu iOS.<\/strong><\/p>\n\n\n\n<p>Cu peste 50 de senzori pentru m\u0103surarea calit\u0103\u021bii aerului integra\u021bi \u00een Bucure\u0219ti-Ilfov \u0219i 20 \u00een ora\u0219ul Cluj, aplica\u021bia Aerlive ofer\u0103 cet\u0103\u021benilor date orare privind nivelurile de poluan\u021bi: pulberi \u00een suspensie PM10 \u0219i PM2,5, \u00een cur\u00e2nd \u0219i date privind nivelurile NO2.<\/p>\n\n\n\n<p>De asemenea, aplica\u021bia are func\u021bia de a afi\u0219a date istorice, permi\u021b\u00e2nd astfel analize \u0219i compara\u021bii ale nivelurilor de poluare pe zile, s\u0103pt\u0103m\u00e2ni \u0219i luni.<\/p>\n\n\n\n<p>Aplica\u021bia a fost dezvoltat\u0103 at\u00e2t pentru iOS, c\u00e2t \u0219i pentru Android \u0219i poate fi desc\u0103rcat\u0103 gratuit din AppStore \u0219i GooglePlay.<\/p>\n\n\n\n<p>\u201c<em>Senzorii utiliza\u021bi pentru m\u0103surarea valorilor de pulberi \u00een suspensie sunt Nubo, pu\u0219i la dispozi\u021bie de Claritech \u0219i PurpleAir, platforma permi\u021b\u00e2nd integrarea mai multor tipuri de senzori \u0219i date. \u00cen 2023 integr\u0103m \u00eenc\u0103 56 de senzori, o parte \u00een parteneriat cu Prim\u0103ria Municipiului Bucure\u0219ti \u0219i o parte ca efort de dezvoltare a trei comunit\u0103\u021bi locale pentru identificarea \u0219i aplicarea unor solu\u021bii pentru o mai bun\u0103 calitate a aerului<\/em>\u201d, explic\u0103 Oana Neneciu, directorul executiv al Centrului pentru Politici Durabile Ecopolis.<\/p>\n\n\n\n<p>Noua aplica\u021bie va include, \u00een cur\u00e2nd, \u0219i o serie de senzori monta\u021bi \u00een Nord-Estul Capitalei, \u00een jude\u021bul Ilfov. Ora\u0219ele Otopeni, Voluntari \u0219i comunele Tunari \u0219i G\u0103neasa vor ap\u0103rea pe harta AerLive ca parte a proiectului &#8220;Ac\u0163iunea pentru aer curat&#8221;, cu sprijinul financiar Active Citizens Fund &#8211; Rom\u00e2nia, program finan\u0163at de Islanda, Liechtenstein \u015fi Norvegia, prin Granturile SEE 2014-2021.<\/p>\n\n\n\n<p>Pe l\u00e2ng\u0103 monitorizarea poluan\u021bilor, <a href=\"http:\/\/aerlive.ro\">aerlive.ro<\/a> \u0219i Ecopolis deruleaz\u0103 \u0219i campaniile publice cum ar fi <a href=\"http:\/\/aerars.ro\">aerars.ro<\/a>, privind arderile ilegale de de\u0219euri, \u0219i <a href=\"https:\/\/curat.aerlive.ro\/\">curat.aerlive.ro<\/a>, campanie de informare cu privire la efectele polu\u0103rii asupra s\u0103n\u0103t\u0103\u021bii.<\/p>\n\n\n\n<p><a href=\"http:\/\/aerlive.ro\">aerlive.ro<\/a> este o platform\u0103 de m\u0103surare a calit\u0103\u021bii aerului, ini\u021biat\u0103 de Centrul pentru Politici Durabile Ecopolis \u0219i dezvoltat\u0103 \u00eempreun\u0103 cu Funda\u021bia ETA2U \u00een 2019 \u0219i care ofer\u0103 date constante privind nivelurile de poluare din Bucure\u0219ti, Ilfov \u0219i Cluj.<\/p>\n\n\n\n<p>CITE\u0218TE \u0218I<\/p>\n\n\n\n<figure class=\"wp-block-embed is-type-wp-embed is-provider-buletin-de-bucure\u0219ti wp-block-embed-buletin-de-bucure\u0219ti\"><div class=\"wp-block-embed__wrapper\">\n<blockquote class=\"wp-embedded-content\" data-secret=\"SCrtxLKM62\"><a href=\"https:\/\/buletin.de\/bucuresti\/statiile-oficiale-de-monitorizare-a-calitatii-aerului-din-capitala-abandonate-de-ministerul-mediului-din-2022-reteaua-a-ramas-fara-filtre-iar-guvernul-nu-poate-raporta-datele-de-peste-iarna-catre-u\/\">Sta\u021biile oficiale de monitorizare a calit\u0103\u021bii aerului din Capital\u0103, abandonate de Ministerul Mediului. Din 2022, re\u021beaua a r\u0103mas f\u0103r\u0103 filtre iar Guvernul nu poate raporta datele de peste iarn\u0103 c\u0103tre Uniunea European\u0103<\/a><\/blockquote><iframe class=\"wp-embedded-content\" sandbox=\"allow-scripts\" security=\"restricted\" style=\"position: absolute; clip: rect(1px, 1px, 1px, 1px);\" title=\"&#8222;Sta\u021biile oficiale de monitorizare a calit\u0103\u021bii aerului din Capital\u0103, abandonate de Ministerul Mediului. Din 2022, re\u021beaua a r\u0103mas f\u0103r\u0103 filtre iar Guvernul nu poate raporta datele de peste iarn\u0103 c\u0103tre Uniunea European\u0103&#8221; &#8212; Buletin de Bucure\u0219ti\" src=\"https:\/\/buletin.de\/bucuresti\/statiile-oficiale-de-monitorizare-a-calitatii-aerului-din-capitala-abandonate-de-ministerul-mediului-din-2022-reteaua-a-ramas-fara-filtre-iar-guvernul-nu-poate-raporta-datele-de-peste-iarna-catre-u\/embed\/#?secret=med4ML0ovN#?secret=SCrtxLKM62\" data-secret=\"SCrtxLKM62\" width=\"600\" height=\"338\" frameborder=\"0\" marginwidth=\"0\" marginheight=\"0\" scrolling=\"no\"><\/iframe>\n<\/div><\/figure>\n","protected":false},"excerpt":{"rendered":"<p>Prima platforma independent\u0103 pentru monitorizarea calit\u0103\u021bii aerului din Capital\u0103 are aplica\u021bie de mobil disponibil\u0103 at\u00e2t pentru telefoanele cu Android c\u00e2t \u0219i pentru cele cu iOS. Cu peste 50 de senzori pentru m\u0103surarea calit\u0103\u021bii aerului integra\u021bi \u00een Bucure\u0219ti-Ilfov \u0219i 20 \u00een ora\u0219ul Cluj, aplica\u021bia Aerlive ofer\u0103 cet\u0103\u021benilor date orare privind nivelurile de poluan\u021bi: pulberi \u00een suspensie [&hellip;]<\/p>\n","protected":false},"author":10,"featured_media":57392,"comment_status":"closed","ping_status":"open","sticky":false,"template":"","format":"standard","meta":{"_acf_changed":false,"inline_featured_image":false,"ngg_post_thumbnail":0,"footnotes":""},"categories":[109],"tags":[466,1295,9,5644],"ppma_author":[22575],"class_list":["post-57391","post","type-post","status-publish","format-standard","has-post-thumbnail","hentry","category-mediu","tag-aerlive","tag-aplicatie","tag-bucuresti","tag-ecopolis"],"acf":[],"yoast_head":"<!-- This site is optimized with the Yoast SEO Premium plugin v25.3 (Yoast SEO v27.5) - https:\/\/yoast.com\/product\/yoast-seo-premium-wordpress\/ -->\n<title>Aerlive, pe mobil: Platforma pentru monitorizarea calit\u0103\u021bii aerului din Capital\u0103 a fost lansat\u0103 pe AppStore \u0219i GooglePlay - Buletin de Bucure\u0219ti<\/title>\n<meta name=\"robots\" content=\"index, follow, max-snippet:-1, max-image-preview:large, max-video-preview:-1\" \/>\n<link rel=\"canonical\" href=\"https:\/\/buletin.de\/bucuresti\/aerlive-pe-mobil-platforma-pentru-monitorizarea-calitatii-aerului-din-capitala-a-fost-lansata-pe-appstore-si-googleplay\/\" \/>\n<meta property=\"og:locale\" content=\"en_GB\" \/>\n<meta property=\"og:type\" content=\"article\" \/>\n<meta property=\"og:title\" content=\"Aerlive, pe mobil: Platforma pentru monitorizarea calit\u0103\u021bii aerului din Capital\u0103 a fost lansat\u0103 pe AppStore \u0219i GooglePlay\" \/>\n<meta property=\"og:description\" content=\"Prima platforma independent\u0103 pentru monitorizarea calit\u0103\u021bii aerului din Capital\u0103 are aplica\u021bie de mobil disponibil\u0103 at\u00e2t pentru telefoanele cu Android c\u00e2t \u0219i pentru cele cu iOS. Cu peste 50 de senzori pentru m\u0103surarea calit\u0103\u021bii aerului integra\u021bi \u00een Bucure\u0219ti-Ilfov \u0219i 20 \u00een ora\u0219ul Cluj, aplica\u021bia Aerlive ofer\u0103 cet\u0103\u021benilor date orare privind nivelurile de poluan\u021bi: pulberi \u00een suspensie [&hellip;]\" \/>\n<meta property=\"og:url\" content=\"https:\/\/buletin.de\/bucuresti\/aerlive-pe-mobil-platforma-pentru-monitorizarea-calitatii-aerului-din-capitala-a-fost-lansata-pe-appstore-si-googleplay\/\" \/>\n<meta property=\"og:site_name\" content=\"Buletin de Bucure\u0219ti\" \/>\n<meta property=\"article:publisher\" content=\"https:\/\/www.facebook.com\/buletin.de.buc\" \/>\n<meta property=\"article:published_time\" content=\"2023-04-05T16:46:48+00:00\" \/>\n<meta property=\"article:modified_time\" content=\"2023-06-16T11:26:23+00:00\" \/>\n<meta property=\"og:image\" content=\"https:\/\/buletin.de\/bucuresti\/wp-content\/uploads\/ecopolis-aplicatie.jpg\" \/>\n\t<meta property=\"og:image:width\" content=\"1400\" \/>\n\t<meta property=\"og:image:height\" content=\"622\" \/>\n\t<meta property=\"og:image:type\" content=\"image\/jpeg\" \/>\n<meta name=\"author\" content=\"C\u0103t\u0103lin Dosca\u0219\" \/>\n<meta name=\"twitter:card\" content=\"summary_large_image\" \/>\n<meta name=\"twitter:label1\" content=\"Written by\" \/>\n\t<meta name=\"twitter:data1\" content=\"C\u0103t\u0103lin Dosca\u0219\" \/>\n\t<meta name=\"twitter:label2\" content=\"Estimated reading time\" \/>\n\t<meta name=\"twitter:data2\" content=\"2 minutes\" \/>\n<script type=\"application\/ld+json\" class=\"yoast-schema-graph\">{\"@context\":\"https:\\\/\\\/schema.org\",\"@graph\":[{\"@type\":\"Article\",\"@id\":\"https:\\\/\\\/buletin.de\\\/bucuresti\\\/aerlive-pe-mobil-platforma-pentru-monitorizarea-calitatii-aerului-din-capitala-a-fost-lansata-pe-appstore-si-googleplay\\\/#article\",\"isPartOf\":{\"@id\":\"https:\\\/\\\/buletin.de\\\/bucuresti\\\/aerlive-pe-mobil-platforma-pentru-monitorizarea-calitatii-aerului-din-capitala-a-fost-lansata-pe-appstore-si-googleplay\\\/\"},\"author\":{\"name\":\"C\u0103t\u0103lin Dosca\u0219\",\"@id\":\"https:\\\/\\\/buletin.de\\\/bucuresti\\\/#\\\/schema\\\/person\\\/31117187ed4d0bdb0a4c7d6acc79d0f8\"},\"headline\":\"Aerlive, pe mobil: Platforma pentru monitorizarea calit\u0103\u021bii aerului din Capital\u0103 a fost lansat\u0103 pe AppStore \u0219i GooglePlay\",\"datePublished\":\"2023-04-05T16:46:48+00:00\",\"dateModified\":\"2023-06-16T11:26:23+00:00\",\"mainEntityOfPage\":{\"@id\":\"https:\\\/\\\/buletin.de\\\/bucuresti\\\/aerlive-pe-mobil-platforma-pentru-monitorizarea-calitatii-aerului-din-capitala-a-fost-lansata-pe-appstore-si-googleplay\\\/\"},\"wordCount\":400,\"publisher\":{\"@id\":\"https:\\\/\\\/buletin.de\\\/bucuresti\\\/#organization\"},\"image\":{\"@id\":\"https:\\\/\\\/buletin.de\\\/bucuresti\\\/aerlive-pe-mobil-platforma-pentru-monitorizarea-calitatii-aerului-din-capitala-a-fost-lansata-pe-appstore-si-googleplay\\\/#primaryimage\"},\"thumbnailUrl\":\"https:\\\/\\\/buletin.de\\\/bucuresti\\\/wp-content\\\/uploads\\\/ecopolis-aplicatie.jpg\",\"keywords\":[\"aerlive\",\"aplicatie\",\"bucuresti\",\"ecopolis\"],\"articleSection\":[\"Mediu\"],\"inLanguage\":\"en-GB\",\"copyrightYear\":\"2023\",\"copyrightHolder\":{\"@id\":\"https:\\\/\\\/buletin.de\\\/bucuresti\\\/#organization\"}},{\"@type\":\"WebPage\",\"@id\":\"https:\\\/\\\/buletin.de\\\/bucuresti\\\/aerlive-pe-mobil-platforma-pentru-monitorizarea-calitatii-aerului-din-capitala-a-fost-lansata-pe-appstore-si-googleplay\\\/\",\"url\":\"https:\\\/\\\/buletin.de\\\/bucuresti\\\/aerlive-pe-mobil-platforma-pentru-monitorizarea-calitatii-aerului-din-capitala-a-fost-lansata-pe-appstore-si-googleplay\\\/\",\"name\":\"Aerlive, pe mobil: Platforma pentru monitorizarea calit\u0103\u021bii aerului din Capital\u0103 a fost lansat\u0103 pe AppStore \u0219i GooglePlay - Buletin de Bucure\u0219ti\",\"isPartOf\":{\"@id\":\"https:\\\/\\\/buletin.de\\\/bucuresti\\\/#website\"},\"primaryImageOfPage\":{\"@id\":\"https:\\\/\\\/buletin.de\\\/bucuresti\\\/aerlive-pe-mobil-platforma-pentru-monitorizarea-calitatii-aerului-din-capitala-a-fost-lansata-pe-appstore-si-googleplay\\\/#primaryimage\"},\"image\":{\"@id\":\"https:\\\/\\\/buletin.de\\\/bucuresti\\\/aerlive-pe-mobil-platforma-pentru-monitorizarea-calitatii-aerului-din-capitala-a-fost-lansata-pe-appstore-si-googleplay\\\/#primaryimage\"},\"thumbnailUrl\":\"https:\\\/\\\/buletin.de\\\/bucuresti\\\/wp-content\\\/uploads\\\/ecopolis-aplicatie.jpg\",\"datePublished\":\"2023-04-05T16:46:48+00:00\",\"dateModified\":\"2023-06-16T11:26:23+00:00\",\"breadcrumb\":{\"@id\":\"https:\\\/\\\/buletin.de\\\/bucuresti\\\/aerlive-pe-mobil-platforma-pentru-monitorizarea-calitatii-aerului-din-capitala-a-fost-lansata-pe-appstore-si-googleplay\\\/#breadcrumb\"},\"inLanguage\":\"en-GB\",\"potentialAction\":[{\"@type\":\"ReadAction\",\"target\":[\"https:\\\/\\\/buletin.de\\\/bucuresti\\\/aerlive-pe-mobil-platforma-pentru-monitorizarea-calitatii-aerului-din-capitala-a-fost-lansata-pe-appstore-si-googleplay\\\/\"]}]},{\"@type\":\"ImageObject\",\"inLanguage\":\"en-GB\",\"@id\":\"https:\\\/\\\/buletin.de\\\/bucuresti\\\/aerlive-pe-mobil-platforma-pentru-monitorizarea-calitatii-aerului-din-capitala-a-fost-lansata-pe-appstore-si-googleplay\\\/#primaryimage\",\"url\":\"https:\\\/\\\/buletin.de\\\/bucuresti\\\/wp-content\\\/uploads\\\/ecopolis-aplicatie.jpg\",\"contentUrl\":\"https:\\\/\\\/buletin.de\\\/bucuresti\\\/wp-content\\\/uploads\\\/ecopolis-aplicatie.jpg\",\"width\":1400,\"height\":622},{\"@type\":\"BreadcrumbList\",\"@id\":\"https:\\\/\\\/buletin.de\\\/bucuresti\\\/aerlive-pe-mobil-platforma-pentru-monitorizarea-calitatii-aerului-din-capitala-a-fost-lansata-pe-appstore-si-googleplay\\\/#breadcrumb\",\"itemListElement\":[{\"@type\":\"ListItem\",\"position\":1,\"name\":\"Acas\u0103\",\"item\":\"https:\\\/\\\/buletin.de\\\/bucuresti\\\/\"},{\"@type\":\"ListItem\",\"position\":2,\"name\":\"Aerlive, pe mobil: Platforma pentru monitorizarea calit\u0103\u021bii aerului din Capital\u0103 a fost lansat\u0103 pe AppStore \u0219i GooglePlay\"}]},{\"@type\":\"WebSite\",\"@id\":\"https:\\\/\\\/buletin.de\\\/bucuresti\\\/#website\",\"url\":\"https:\\\/\\\/buletin.de\\\/bucuresti\\\/\",\"name\":\"Buletin de Bucure\u0219ti\",\"description\":\"\u0218tiri \u0219i investiga\u021bii esen\u021biale din capital\u0103\",\"publisher\":{\"@id\":\"https:\\\/\\\/buletin.de\\\/bucuresti\\\/#organization\"},\"potentialAction\":[{\"@type\":\"SearchAction\",\"target\":{\"@type\":\"EntryPoint\",\"urlTemplate\":\"https:\\\/\\\/buletin.de\\\/bucuresti\\\/?s={search_term_string}\"},\"query-input\":{\"@type\":\"PropertyValueSpecification\",\"valueRequired\":true,\"valueName\":\"search_term_string\"}}],\"inLanguage\":\"en-GB\"},{\"@type\":\"Organization\",\"@id\":\"https:\\\/\\\/buletin.de\\\/bucuresti\\\/#organization\",\"name\":\"Buletin de Bucure\u0219ti\",\"url\":\"https:\\\/\\\/buletin.de\\\/bucuresti\\\/\",\"logo\":{\"@type\":\"ImageObject\",\"inLanguage\":\"en-GB\",\"@id\":\"https:\\\/\\\/buletin.de\\\/bucuresti\\\/#\\\/schema\\\/logo\\\/image\\\/\",\"url\":\"https:\\\/\\\/buletin.de\\\/bucuresti\\\/wp-content\\\/uploads\\\/logo-bdb-full-wide-vernil-transparent.png\",\"contentUrl\":\"https:\\\/\\\/buletin.de\\\/bucuresti\\\/wp-content\\\/uploads\\\/logo-bdb-full-wide-vernil-transparent.png\",\"width\":1782,\"height\":626,\"caption\":\"Buletin de Bucure\u0219ti\"},\"image\":{\"@id\":\"https:\\\/\\\/buletin.de\\\/bucuresti\\\/#\\\/schema\\\/logo\\\/image\\\/\"},\"sameAs\":[\"https:\\\/\\\/www.facebook.com\\\/buletin.de.buc\",\"https:\\\/\\\/www.instagram.com\\\/buletinde.bucuresti\\\/\"]},{\"@type\":\"Person\",\"@id\":\"https:\\\/\\\/buletin.de\\\/bucuresti\\\/#\\\/schema\\\/person\\\/31117187ed4d0bdb0a4c7d6acc79d0f8\",\"name\":\"C\u0103t\u0103lin Dosca\u0219\",\"image\":{\"@type\":\"ImageObject\",\"inLanguage\":\"en-GB\",\"@id\":\"https:\\\/\\\/buletin.de\\\/bucuresti\\\/wp-content\\\/uploads\\\/Catalin-Doscas-e1732731064764-96x96.jpga93e2943bb3b1c1f9ead823df6e6317a\",\"url\":\"https:\\\/\\\/buletin.de\\\/bucuresti\\\/wp-content\\\/uploads\\\/Catalin-Doscas-e1732731064764-96x96.jpg\",\"contentUrl\":\"https:\\\/\\\/buletin.de\\\/bucuresti\\\/wp-content\\\/uploads\\\/Catalin-Doscas-e1732731064764-96x96.jpg\",\"caption\":\"C\u0103t\u0103lin Dosca\u0219\"},\"description\":\"Reporter \u0219i redactor-\u0219ef Buletin de Bucure\u0219ti. Lucreaz\u0103 \u00een mass-media de la v\u00e2rsta de 15 ani, c\u00e2nd a publicat primele articole \u00een presa local\u0103 din Tecuci. \u00cen Bucure\u0219ti a lucrat \u00een redac\u021bii radio ca reporter, redactor \u0219i prezentator (StudentFM, Na\u021bionalFM, Radio Total, Smart FM), unde a acoperit domeniile politic, economic, social \u0219i externe. Ulterior, a fost editor-coordonator al postului Realitatea FM. Experien\u021ba \u00een jurnalismul online a dob\u00e2ndit-o la portalul B365.ro, unde a fost editor. \u00cen 2012 s-a angajat \u00een televiziune. La Realitatea TV a fost, pe r\u00e2nd, reporter la sec\u021bia Social, reporter special la emisiunea de reportaje \u0219i anchete \u201eReporterii Realit\u0103\u021bii\u201d, dar \u0219i editor al jurnalelor de \u0219tiri. Ulterior, a f\u0103cut parte din sec\u021bia de Investiga\u021bii de la Digi24 \u0219i a lucrat la campania \u201eRom\u00e2nia furat\u0103\u201d. A revenit \u00een presa scris\u0103 \u00een 2017, ca reporter special, \u00een cadrul unui proiect de repozi\u021bionare a tabloidului Libertatea \u00een cotidian generalist. Este jurnalist Buletin de Bucure\u0219ti din 2019.\",\"url\":\"https:\\\/\\\/buletin.de\\\/bucuresti\\\/author\\\/catalin\\\/\"}]}<\/script>\n<!-- \/ Yoast SEO Premium plugin. -->","yoast_head_json":{"title":"Aerlive, pe mobil: Platforma pentru monitorizarea calit\u0103\u021bii aerului din Capital\u0103 a fost lansat\u0103 pe AppStore \u0219i GooglePlay - Buletin de Bucure\u0219ti","robots":{"index":"index","follow":"follow","max-snippet":"max-snippet:-1","max-image-preview":"max-image-preview:large","max-video-preview":"max-video-preview:-1"},"canonical":"https:\/\/buletin.de\/bucuresti\/aerlive-pe-mobil-platforma-pentru-monitorizarea-calitatii-aerului-din-capitala-a-fost-lansata-pe-appstore-si-googleplay\/","og_locale":"en_GB","og_type":"article","og_title":"Aerlive, pe mobil: Platforma pentru monitorizarea calit\u0103\u021bii aerului din Capital\u0103 a fost lansat\u0103 pe AppStore \u0219i GooglePlay","og_description":"Prima platforma independent\u0103 pentru monitorizarea calit\u0103\u021bii aerului din Capital\u0103 are aplica\u021bie de mobil disponibil\u0103 at\u00e2t pentru telefoanele cu Android c\u00e2t \u0219i pentru cele cu iOS. Cu peste 50 de senzori pentru m\u0103surarea calit\u0103\u021bii aerului integra\u021bi \u00een Bucure\u0219ti-Ilfov \u0219i 20 \u00een ora\u0219ul Cluj, aplica\u021bia Aerlive ofer\u0103 cet\u0103\u021benilor date orare privind nivelurile de poluan\u021bi: pulberi \u00een suspensie [&hellip;]","og_url":"https:\/\/buletin.de\/bucuresti\/aerlive-pe-mobil-platforma-pentru-monitorizarea-calitatii-aerului-din-capitala-a-fost-lansata-pe-appstore-si-googleplay\/","og_site_name":"Buletin de Bucure\u0219ti","article_publisher":"https:\/\/www.facebook.com\/buletin.de.buc","article_published_time":"2023-04-05T16:46:48+00:00","article_modified_time":"2023-06-16T11:26:23+00:00","og_image":[{"width":1400,"height":622,"url":"https:\/\/buletin.de\/bucuresti\/wp-content\/uploads\/ecopolis-aplicatie.jpg","type":"image\/jpeg"}],"author":"C\u0103t\u0103lin Dosca\u0219","twitter_card":"summary_large_image","twitter_misc":{"Written by":"C\u0103t\u0103lin Dosca\u0219","Estimated reading time":"2 minutes"},"schema":{"@context":"https:\/\/schema.org","@graph":[{"@type":"Article","@id":"https:\/\/buletin.de\/bucuresti\/aerlive-pe-mobil-platforma-pentru-monitorizarea-calitatii-aerului-din-capitala-a-fost-lansata-pe-appstore-si-googleplay\/#article","isPartOf":{"@id":"https:\/\/buletin.de\/bucuresti\/aerlive-pe-mobil-platforma-pentru-monitorizarea-calitatii-aerului-din-capitala-a-fost-lansata-pe-appstore-si-googleplay\/"},"author":{"name":"C\u0103t\u0103lin Dosca\u0219","@id":"https:\/\/buletin.de\/bucuresti\/#\/schema\/person\/31117187ed4d0bdb0a4c7d6acc79d0f8"},"headline":"Aerlive, pe mobil: Platforma pentru monitorizarea calit\u0103\u021bii aerului din Capital\u0103 a fost lansat\u0103 pe AppStore \u0219i GooglePlay","datePublished":"2023-04-05T16:46:48+00:00","dateModified":"2023-06-16T11:26:23+00:00","mainEntityOfPage":{"@id":"https:\/\/buletin.de\/bucuresti\/aerlive-pe-mobil-platforma-pentru-monitorizarea-calitatii-aerului-din-capitala-a-fost-lansata-pe-appstore-si-googleplay\/"},"wordCount":400,"publisher":{"@id":"https:\/\/buletin.de\/bucuresti\/#organization"},"image":{"@id":"https:\/\/buletin.de\/bucuresti\/aerlive-pe-mobil-platforma-pentru-monitorizarea-calitatii-aerului-din-capitala-a-fost-lansata-pe-appstore-si-googleplay\/#primaryimage"},"thumbnailUrl":"https:\/\/buletin.de\/bucuresti\/wp-content\/uploads\/ecopolis-aplicatie.jpg","keywords":["aerlive","aplicatie","bucuresti","ecopolis"],"articleSection":["Mediu"],"inLanguage":"en-GB","copyrightYear":"2023","copyrightHolder":{"@id":"https:\/\/buletin.de\/bucuresti\/#organization"}},{"@type":"WebPage","@id":"https:\/\/buletin.de\/bucuresti\/aerlive-pe-mobil-platforma-pentru-monitorizarea-calitatii-aerului-din-capitala-a-fost-lansata-pe-appstore-si-googleplay\/","url":"https:\/\/buletin.de\/bucuresti\/aerlive-pe-mobil-platforma-pentru-monitorizarea-calitatii-aerului-din-capitala-a-fost-lansata-pe-appstore-si-googleplay\/","name":"Aerlive, pe mobil: Platforma pentru monitorizarea calit\u0103\u021bii aerului din Capital\u0103 a fost lansat\u0103 pe AppStore \u0219i GooglePlay - Buletin de Bucure\u0219ti","isPartOf":{"@id":"https:\/\/buletin.de\/bucuresti\/#website"},"primaryImageOfPage":{"@id":"https:\/\/buletin.de\/bucuresti\/aerlive-pe-mobil-platforma-pentru-monitorizarea-calitatii-aerului-din-capitala-a-fost-lansata-pe-appstore-si-googleplay\/#primaryimage"},"image":{"@id":"https:\/\/buletin.de\/bucuresti\/aerlive-pe-mobil-platforma-pentru-monitorizarea-calitatii-aerului-din-capitala-a-fost-lansata-pe-appstore-si-googleplay\/#primaryimage"},"thumbnailUrl":"https:\/\/buletin.de\/bucuresti\/wp-content\/uploads\/ecopolis-aplicatie.jpg","datePublished":"2023-04-05T16:46:48+00:00","dateModified":"2023-06-16T11:26:23+00:00","breadcrumb":{"@id":"https:\/\/buletin.de\/bucuresti\/aerlive-pe-mobil-platforma-pentru-monitorizarea-calitatii-aerului-din-capitala-a-fost-lansata-pe-appstore-si-googleplay\/#breadcrumb"},"inLanguage":"en-GB","potentialAction":[{"@type":"ReadAction","target":["https:\/\/buletin.de\/bucuresti\/aerlive-pe-mobil-platforma-pentru-monitorizarea-calitatii-aerului-din-capitala-a-fost-lansata-pe-appstore-si-googleplay\/"]}]},{"@type":"ImageObject","inLanguage":"en-GB","@id":"https:\/\/buletin.de\/bucuresti\/aerlive-pe-mobil-platforma-pentru-monitorizarea-calitatii-aerului-din-capitala-a-fost-lansata-pe-appstore-si-googleplay\/#primaryimage","url":"https:\/\/buletin.de\/bucuresti\/wp-content\/uploads\/ecopolis-aplicatie.jpg","contentUrl":"https:\/\/buletin.de\/bucuresti\/wp-content\/uploads\/ecopolis-aplicatie.jpg","width":1400,"height":622},{"@type":"BreadcrumbList","@id":"https:\/\/buletin.de\/bucuresti\/aerlive-pe-mobil-platforma-pentru-monitorizarea-calitatii-aerului-din-capitala-a-fost-lansata-pe-appstore-si-googleplay\/#breadcrumb","itemListElement":[{"@type":"ListItem","position":1,"name":"Acas\u0103","item":"https:\/\/buletin.de\/bucuresti\/"},{"@type":"ListItem","position":2,"name":"Aerlive, pe mobil: Platforma pentru monitorizarea calit\u0103\u021bii aerului din Capital\u0103 a fost lansat\u0103 pe AppStore \u0219i GooglePlay"}]},{"@type":"WebSite","@id":"https:\/\/buletin.de\/bucuresti\/#website","url":"https:\/\/buletin.de\/bucuresti\/","name":"Buletin de Bucure\u0219ti","description":"\u0218tiri \u0219i investiga\u021bii esen\u021biale din capital\u0103","publisher":{"@id":"https:\/\/buletin.de\/bucuresti\/#organization"},"potentialAction":[{"@type":"SearchAction","target":{"@type":"EntryPoint","urlTemplate":"https:\/\/buletin.de\/bucuresti\/?s={search_term_string}"},"query-input":{"@type":"PropertyValueSpecification","valueRequired":true,"valueName":"search_term_string"}}],"inLanguage":"en-GB"},{"@type":"Organization","@id":"https:\/\/buletin.de\/bucuresti\/#organization","name":"Buletin de Bucure\u0219ti","url":"https:\/\/buletin.de\/bucuresti\/","logo":{"@type":"ImageObject","inLanguage":"en-GB","@id":"https:\/\/buletin.de\/bucuresti\/#\/schema\/logo\/image\/","url":"https:\/\/buletin.de\/bucuresti\/wp-content\/uploads\/logo-bdb-full-wide-vernil-transparent.png","contentUrl":"https:\/\/buletin.de\/bucuresti\/wp-content\/uploads\/logo-bdb-full-wide-vernil-transparent.png","width":1782,"height":626,"caption":"Buletin de Bucure\u0219ti"},"image":{"@id":"https:\/\/buletin.de\/bucuresti\/#\/schema\/logo\/image\/"},"sameAs":["https:\/\/www.facebook.com\/buletin.de.buc","https:\/\/www.instagram.com\/buletinde.bucuresti\/"]},{"@type":"Person","@id":"https:\/\/buletin.de\/bucuresti\/#\/schema\/person\/31117187ed4d0bdb0a4c7d6acc79d0f8","name":"C\u0103t\u0103lin Dosca\u0219","image":{"@type":"ImageObject","inLanguage":"en-GB","@id":"https:\/\/buletin.de\/bucuresti\/wp-content\/uploads\/Catalin-Doscas-e1732731064764-96x96.jpga93e2943bb3b1c1f9ead823df6e6317a","url":"https:\/\/buletin.de\/bucuresti\/wp-content\/uploads\/Catalin-Doscas-e1732731064764-96x96.jpg","contentUrl":"https:\/\/buletin.de\/bucuresti\/wp-content\/uploads\/Catalin-Doscas-e1732731064764-96x96.jpg","caption":"C\u0103t\u0103lin Dosca\u0219"},"description":"Reporter \u0219i redactor-\u0219ef Buletin de Bucure\u0219ti. Lucreaz\u0103 \u00een mass-media de la v\u00e2rsta de 15 ani, c\u00e2nd a publicat primele articole \u00een presa local\u0103 din Tecuci. \u00cen Bucure\u0219ti a lucrat \u00een redac\u021bii radio ca reporter, redactor \u0219i prezentator (StudentFM, Na\u021bionalFM, Radio Total, Smart FM), unde a acoperit domeniile politic, economic, social \u0219i externe. Ulterior, a fost editor-coordonator al postului Realitatea FM. Experien\u021ba \u00een jurnalismul online a dob\u00e2ndit-o la portalul B365.ro, unde a fost editor. \u00cen 2012 s-a angajat \u00een televiziune. La Realitatea TV a fost, pe r\u00e2nd, reporter la sec\u021bia Social, reporter special la emisiunea de reportaje \u0219i anchete \u201eReporterii Realit\u0103\u021bii\u201d, dar \u0219i editor al jurnalelor de \u0219tiri. Ulterior, a f\u0103cut parte din sec\u021bia de Investiga\u021bii de la Digi24 \u0219i a lucrat la campania \u201eRom\u00e2nia furat\u0103\u201d. A revenit \u00een presa scris\u0103 \u00een 2017, ca reporter special, \u00een cadrul unui proiect de repozi\u021bionare a tabloidului Libertatea \u00een cotidian generalist. Este jurnalist Buletin de Bucure\u0219ti din 2019.","url":"https:\/\/buletin.de\/bucuresti\/author\/catalin\/"}]}},"authors":[{"term_id":22575,"user_id":10,"is_guest":0,"slug":"catalin","display_name":"C\u0103t\u0103lin Dosca\u0219","avatar_url":"https:\/\/buletin.de\/bucuresti\/wp-content\/uploads\/Catalin-Doscas-e1732731064764-96x96.jpg","0":null,"1":"","2":"","3":"","4":"","5":"","6":"","7":"","8":""}],"_links":{"self":[{"href":"https:\/\/buletin.de\/bucuresti\/wp-json\/wp\/v2\/posts\/57391","targetHints":{"allow":["GET"]}}],"collection":[{"href":"https:\/\/buletin.de\/bucuresti\/wp-json\/wp\/v2\/posts"}],"about":[{"href":"https:\/\/buletin.de\/bucuresti\/wp-json\/wp\/v2\/types\/post"}],"author":[{"embeddable":true,"href":"https:\/\/buletin.de\/bucuresti\/wp-json\/wp\/v2\/users\/10"}],"replies":[{"embeddable":true,"href":"https:\/\/buletin.de\/bucuresti\/wp-json\/wp\/v2\/comments?post=57391"}],"version-history":[{"count":4,"href":"https:\/\/buletin.de\/bucuresti\/wp-json\/wp\/v2\/posts\/57391\/revisions"}],"predecessor-version":[{"id":59334,"href":"https:\/\/buletin.de\/bucuresti\/wp-json\/wp\/v2\/posts\/57391\/revisions\/59334"}],"wp:featuredmedia":[{"embeddable":true,"href":"https:\/\/buletin.de\/bucuresti\/wp-json\/wp\/v2\/media\/57392"}],"wp:attachment":[{"href":"https:\/\/buletin.de\/bucuresti\/wp-json\/wp\/v2\/media?parent=57391"}],"wp:term":[{"taxonomy":"category","embeddable":true,"href":"https:\/\/buletin.de\/bucuresti\/wp-json\/wp\/v2\/categories?post=57391"},{"taxonomy":"post_tag","embeddable":true,"href":"https:\/\/buletin.de\/bucuresti\/wp-json\/wp\/v2\/tags?post=57391"},{"taxonomy":"author","embeddable":true,"href":"https:\/\/buletin.de\/bucuresti\/wp-json\/wp\/v2\/ppma_author?post=57391"}],"curies":[{"name":"wp","href":"https:\/\/api.w.org\/{rel}","templated":true}]}}