{"id":57357,"date":"2023-04-05T10:47:40","date_gmt":"2023-04-05T08:47:40","guid":{"rendered":"https:\/\/buletin.de\/bucuresti\/?p=57357"},"modified":"2023-04-05T10:47:41","modified_gmt":"2023-04-05T08:47:41","slug":"proiectul-de-oug-care-anuleaza-programul-50-20-pe-ordinea-de-zi-a-sedintei-guvernului","status":"publish","type":"post","link":"https:\/\/buletin.de\/bucuresti\/proiectul-de-oug-care-anuleaza-programul-50-20-pe-ordinea-de-zi-a-sedintei-guvernului\/","title":{"rendered":"Proiectul de OUG care anuleaz\u0103 programul 50\/20, pe ordinea de zi a \u0219edin\u021bei Guvernului"},"content":{"rendered":"\n<p><strong>Proiectul de Ordonan\u021b\u0103 de Urgen\u021b\u0103 (OUG) care reglementeaz\u0103 ca refugia\u021bii ucraineni s\u0103 primeasc\u0103 2.000 de lei pe lun\u0103 pentru decontul hranei \u0219i caz\u0103rii a fost pus pe ordinea de zi a \u0219edin\u021bei Guvernului de miercuri, 5 aprilie. Practic, aceast\u0103 OUG anuleaz\u0103 \u0219i \u00eenlocuie\u0219te programul 50\/20 care oferea refugia\u021bilor ucraineni sau rom\u00e2nilor care-i g\u0103zduiau 50 de lei pentru cazare \u0219i 20 de lei pentru mas\u0103 pe zi. <\/strong><\/p>\n\n\n\n<p>Proiectul de OUG este primul proiect \u00eenscris pe ordinea de zi a \u0219edin\u021bei Guvernului, iar dup\u0103 votul de miercuri va intra direct \u00een vigoare. <\/p>\n\n\n\n<p>Dup\u0103 intrare \u00een vigoare Ordonan\u021ba va aduce schimb\u0103ri majore \u00een ceea ce prive\u0219te sprijinirea ucrainenilor din Rom\u00e2nia. Ace\u0219tia vor primi de la Inspectoratele Jude\u021bene de Urgen\u021b\u0103 o sum\u0103 de 2000 de lei pe lun\u0103 pentru a-\u0219i acoperi cazarea. Ini\u021bial suma se acord\u0103 pentru primele patru luni, dup\u0103 care dac\u0103 refugia\u021bii decid s\u0103 r\u0103m\u00e2n\u0103 \u00een \u021bar\u0103 pot primi acesast\u0103 sum\u0103 lunar, p\u00e2n\u0103 la final de 2023.&nbsp;<\/p>\n\n\n\n<p>De asemenea, ucrainenii care decid s\u0103 stea mai mult de patru luni \u00een Rom\u00e2nia \u0219i nu-\u0219i pot g\u0103si un loc de munc\u0103, beneficiaz\u0103 pe l\u00e2ng\u0103 suma de 2000 de lei pe lun\u0103 \u0219i de acces la serviciile \u015fi m\u0103surile prev\u0103zute de Legea nr.76\/2002 privind sistemul asigur\u0103rilor pentru \u015fomaj \u015fi stimularea ocup\u0103rii for\u0163ei de munc\u0103.<\/p>\n\n\n\n<p>Mai mult, Guvernul nu stabile\u0219te prin proiectul de OUG f\u0103cut public \u0219i condi\u021biile \u0219i mecanismul prin care vor fi acorda\u021bi ace\u0219ti bani. Aceste detalii vor fi stabilite printr-o Hot\u0103r\u00e2re de Guvern, care va fi emis\u0103 imediat ce ordonan\u021b\u0103 intr\u0103 \u00een vigoare&nbsp;<\/p>\n\n\n\n<p>Suma forfetar\u0103 de 2000 de lei pe lun\u0103 va fi virat\u0103 direct din bugetul Inspectoratelor Jude\u021bene pentru Situa\u021bii de Urgen\u021b\u0103, respectiv ISUBIF \u00een cazul Capitalei.<\/p>\n\n\n\n<p>Pentru lunile ianuarie \u0219i februarie 2023, nu au fost decontate cheltuielile refugia\u021bilor care au fost g\u0103zdui\u021bi de rom\u00e2ni \u0219i nici a celor care \u0219i-au luat chirie, a\u0219a cum s-a \u00eent\u00e2mplat \u00een 2022.&nbsp;<\/p>\n\n\n\n<p>Conform acestei OUG, persoanele care au g\u0103zduit \u0219i hr\u0103nit ucraineni \u00een lunile ianuarie \u0219i februarie (practic lunile de dinainte ca aceast\u0103 ordonan\u021b\u0103 s\u0103 intre \u00een vigoare) \u00ee\u0219i pot deconta cheltuielile dac\u0103 depun o cerere. Aceste cereri trebuie depuse \u00een termen de 30 de zile de c\u00e2nd intr\u0103 \u00een vigoare aceast\u0103 Ordonan\u021b\u0103 de Urgen\u021b\u0103.&nbsp;<\/p>\n\n\n\n<p>Pe 11 martie 2022, Guvernul Rom\u00e2niei a emis o hot\u0103r\u00e2re prin care a stabilit modalitatea prin care vor fi decontate cheltuielile de cazare \u0219i m\u00e2ncare, pentru persoanele fizice \u0219i juridice care g\u0103zduiesc refugia\u021bi ucraineni. Procedura era clar\u0103: persoanele care g\u0103zduiesc refugia\u021bi depun o cerere la prim\u0103ria de care apar\u021bin. Prim\u0103ria trimite la sf\u00e2r\u0219itul fiec\u0103rei luni situa\u021bia c\u0103tre ISU, dup\u0103 care ISU are 10 zile la dispozi\u021bie s\u0103 trimit\u0103 banii prim\u0103riilor. Acestea din urm\u0103 pot da banii \u00een m\u00e2n\u0103 sau \u00eei pot trimite pe card persoanelor care g\u0103zduiesc refugia\u021bi \u0219i care au depus cerere.<\/p>\n\n\n\n<p>Cu toate acestea, \u00een mai multe luni banii au fost deconta\u021bi cu \u00eent\u00e2rzieri de la c\u00e2teva zile, p\u00e2n\u0103 la o lun\u0103. Spre exemplu,<a href=\"https:\/\/buletin.de\/bucuresti\/intarzieri-la-decontul-pentru-hrana-si-cazarea-refugiatilor-banii-pentru-luna-noiembrie-ajung-abia-in-primele-zile-din-ianuarie\/\">&nbsp;banii pentru luna noiembrie 2022&nbsp;<\/a>trebuiau s\u0103 intre \u00een conturile refugia\u021bilor \u0219i a gazdelor acestora la final de decembrie, \u00eens\u0103 au fost vira\u021bi abia \u00een primele zile din ianuarie.<\/p>\n\n\n\n<p><strong>Surs\u0103 Cover:<\/strong>&nbsp;Inquam Photos \/ George C\u0103lin<\/p>\n\n\n\n<p><strong>CITE\u0218TE \u0218I:<\/strong><\/p>\n\n\n\n<ul class=\"wp-block-list\"><li><a href=\"https:\/\/buletin.de\/bucuresti\/guvernul-anuleaza-programul-50-20-ucrainenii-vor-primi-o-suma-fixa-de-2000-de-lei-pe-luna\/\">Guvernul anuleaz\u0103 programul 50\/20. Ucrainenii vor primi o sum\u0103 fix\u0103 de 2000 de lei pe lun\u0103<\/a><\/li><li><a href=\"https:\/\/buletin.de\/bucuresti\/intarzieri-la-decontul-pentru-hrana-si-cazarea-refugiatilor-banii-pentru-luna-noiembrie-ajung-abia-in-primele-zile-din-ianuarie\/\">\u00cent\u00e2rzieri la decontul pentru hrana \u0219i cazarea refugia\u021bilor. Banii pentru luna noiembrie ajung abia \u00een primele zile din ianuarie<\/a><\/li><li><a href=\"https:\/\/buletin.de\/bucuresti\/intarzieri-la-decontul-pentru-hrana-si-cazarea-refugiatilor-din-cauza-rectificarii-bugetului-de-stat\/\">\u00cent\u00e2rzieri la decontul pentru hrana \u0219i cazarea refugia\u021bilor din cauza rectific\u0103rii bugetului de stat<\/a><\/li><li><a href=\"https:\/\/buletin.de\/bucuresti\/numarul-refugiatilor-pentru-care-s-a-solicitat-decontarea-hranei-si-cazarii-a-crescut-in-mai-in-bucuresti-si-ilfov-sunt-100-de-cereri-in-plus\/\">Num\u0103rul refugia\u021bilor pentru care s-a solicitat decontarea hranei \u0219i caz\u0103rii a crescut \u00een mai. \u00cen Bucure\u0219ti \u0219i Ilfov sunt 100 de cereri \u00een plus<\/a><\/li><li><a href=\"https:\/\/buletin.de\/bucuresti\/banii-pe-mancarea-si-cazarea-refugitilor-ucraineni-intarzie-la-primarii-a-ajuns-doar-parte-din-sumele-cerute\/\">Banii pe m\u00e2ncarea \u0219i cazarea refugi\u021bilor ucraineni \u00eent\u00e2rzie. La prim\u0103rii a ajuns doar parte din sumele cerute<\/a><\/li><li><a href=\"https:\/\/buletin.de\/bucuresti\/isu-bucuresti-ilfov-nu-a-primit-banii-pentru-mancarea-refugiatilor-igsu-promite-ca-joi-vor-fi-virati-catre-inspectoratele-judetene\/\">ISU Bucure\u0219ti-Ilfov nu a primit banii pentru m\u00e2ncarea refugia\u021bilor. IGSU promite c\u0103 joi vor fi vira\u021bi c\u0103tre inspectoratele jude\u021bene<\/a><\/li><li><a href=\"https:\/\/buletin.de\/bucuresti\/cererile-depuse-de-bucuresteni-pentru-decontarea-hranei-refugiatilor-s-au-dublat-in-aprilie\/\">Cererile depuse de bucure\u0219teni pentru decontarea hranei refugia\u021bilor s-au dublat \u00een aprilie<\/a><\/li><\/ul>\n","protected":false},"excerpt":{"rendered":"<p>Proiectul de Ordonan\u021b\u0103 de Urgen\u021b\u0103 (OUG) care reglementeaz\u0103 ca refugia\u021bii ucraineni s\u0103 primeasc\u0103 2.000 de lei pe lun\u0103 pentru decontul hranei \u0219i caz\u0103rii a fost pus pe ordinea de zi a \u0219edin\u021bei Guvernului de miercuri, 5 aprilie. Practic, aceast\u0103 OUG anuleaz\u0103 \u0219i \u00eenlocuie\u0219te programul 50\/20 care oferea refugia\u021bilor ucraineni sau rom\u00e2nilor care-i g\u0103zduiau 50 de [&hellip;]<\/p>\n","protected":false},"author":17,"featured_media":42349,"comment_status":"closed","ping_status":"open","sticky":false,"template":"","format":"standard","meta":{"_acf_changed":false,"inline_featured_image":false,"ngg_post_thumbnail":0,"footnotes":""},"categories":[62],"tags":[],"ppma_author":[22576],"class_list":["post-57357","post","type-post","status-publish","format-standard","has-post-thumbnail","hentry","category-stiri"],"acf":[],"yoast_head":"<!-- This site is optimized with the Yoast SEO Premium plugin v25.3 (Yoast SEO v27.5) - https:\/\/yoast.com\/product\/yoast-seo-premium-wordpress\/ -->\n<title>Proiectul de OUG care anuleaz\u0103 programul 50\/20, pe ordinea de zi a \u0219edin\u021bei Guvernului - Buletin de Bucure\u0219ti<\/title>\n<meta name=\"robots\" content=\"index, follow, max-snippet:-1, max-image-preview:large, max-video-preview:-1\" \/>\n<link rel=\"canonical\" href=\"https:\/\/buletin.de\/bucuresti\/proiectul-de-oug-care-anuleaza-programul-50-20-pe-ordinea-de-zi-a-sedintei-guvernului\/\" \/>\n<meta property=\"og:locale\" content=\"en_GB\" \/>\n<meta property=\"og:type\" content=\"article\" \/>\n<meta property=\"og:title\" content=\"Proiectul de OUG care anuleaz\u0103 programul 50\/20, pe ordinea de zi a \u0219edin\u021bei Guvernului\" \/>\n<meta property=\"og:description\" content=\"Proiectul de Ordonan\u021b\u0103 de Urgen\u021b\u0103 (OUG) care reglementeaz\u0103 ca refugia\u021bii ucraineni s\u0103 primeasc\u0103 2.000 de lei pe lun\u0103 pentru decontul hranei \u0219i caz\u0103rii a fost pus pe ordinea de zi a \u0219edin\u021bei Guvernului de miercuri, 5 aprilie. Practic, aceast\u0103 OUG anuleaz\u0103 \u0219i \u00eenlocuie\u0219te programul 50\/20 care oferea refugia\u021bilor ucraineni sau rom\u00e2nilor care-i g\u0103zduiau 50 de [&hellip;]\" \/>\n<meta property=\"og:url\" content=\"https:\/\/buletin.de\/bucuresti\/proiectul-de-oug-care-anuleaza-programul-50-20-pe-ordinea-de-zi-a-sedintei-guvernului\/\" \/>\n<meta property=\"og:site_name\" content=\"Buletin de Bucure\u0219ti\" \/>\n<meta property=\"article:publisher\" content=\"https:\/\/www.facebook.com\/buletin.de.buc\" \/>\n<meta property=\"article:published_time\" content=\"2023-04-05T08:47:40+00:00\" \/>\n<meta property=\"article:modified_time\" content=\"2023-04-05T08:47:41+00:00\" \/>\n<meta property=\"og:image\" content=\"https:\/\/buletin.de\/bucuresti\/wp-content\/uploads\/WhatsApp-Image-2022-04-29-at-17.52.01.jpeg\" \/>\n\t<meta property=\"og:image:width\" content=\"1600\" \/>\n\t<meta property=\"og:image:height\" content=\"1066\" \/>\n\t<meta property=\"og:image:type\" content=\"image\/jpeg\" \/>\n<meta name=\"author\" content=\"Florin R\u00e2\u0219teiu\" \/>\n<meta name=\"twitter:card\" content=\"summary_large_image\" \/>\n<meta name=\"twitter:label1\" content=\"Written by\" \/>\n\t<meta name=\"twitter:data1\" content=\"Florin R\u00e2\u0219teiu\" \/>\n\t<meta name=\"twitter:label2\" content=\"Estimated reading time\" \/>\n\t<meta name=\"twitter:data2\" content=\"3 minutes\" \/>\n<script type=\"application\/ld+json\" class=\"yoast-schema-graph\">{\"@context\":\"https:\\\/\\\/schema.org\",\"@graph\":[{\"@type\":\"Article\",\"@id\":\"https:\\\/\\\/buletin.de\\\/bucuresti\\\/proiectul-de-oug-care-anuleaza-programul-50-20-pe-ordinea-de-zi-a-sedintei-guvernului\\\/#article\",\"isPartOf\":{\"@id\":\"https:\\\/\\\/buletin.de\\\/bucuresti\\\/proiectul-de-oug-care-anuleaza-programul-50-20-pe-ordinea-de-zi-a-sedintei-guvernului\\\/\"},\"author\":{\"name\":\"Florin R\u00e2\u0219teiu\",\"@id\":\"https:\\\/\\\/buletin.de\\\/bucuresti\\\/#\\\/schema\\\/person\\\/b0686d7a8b666c6afc78239777fd8a89\"},\"headline\":\"Proiectul de OUG care anuleaz\u0103 programul 50\\\/20, pe ordinea de zi a \u0219edin\u021bei Guvernului\",\"datePublished\":\"2023-04-05T08:47:40+00:00\",\"dateModified\":\"2023-04-05T08:47:41+00:00\",\"mainEntityOfPage\":{\"@id\":\"https:\\\/\\\/buletin.de\\\/bucuresti\\\/proiectul-de-oug-care-anuleaza-programul-50-20-pe-ordinea-de-zi-a-sedintei-guvernului\\\/\"},\"wordCount\":733,\"publisher\":{\"@id\":\"https:\\\/\\\/buletin.de\\\/bucuresti\\\/#organization\"},\"image\":{\"@id\":\"https:\\\/\\\/buletin.de\\\/bucuresti\\\/proiectul-de-oug-care-anuleaza-programul-50-20-pe-ordinea-de-zi-a-sedintei-guvernului\\\/#primaryimage\"},\"thumbnailUrl\":\"https:\\\/\\\/buletin.de\\\/bucuresti\\\/wp-content\\\/uploads\\\/WhatsApp-Image-2022-04-29-at-17.52.01.jpeg\",\"articleSection\":[\"\u0218tiri\"],\"inLanguage\":\"en-GB\",\"copyrightYear\":\"2023\",\"copyrightHolder\":{\"@id\":\"https:\\\/\\\/buletin.de\\\/bucuresti\\\/#organization\"}},{\"@type\":\"WebPage\",\"@id\":\"https:\\\/\\\/buletin.de\\\/bucuresti\\\/proiectul-de-oug-care-anuleaza-programul-50-20-pe-ordinea-de-zi-a-sedintei-guvernului\\\/\",\"url\":\"https:\\\/\\\/buletin.de\\\/bucuresti\\\/proiectul-de-oug-care-anuleaza-programul-50-20-pe-ordinea-de-zi-a-sedintei-guvernului\\\/\",\"name\":\"Proiectul de OUG care anuleaz\u0103 programul 50\\\/20, pe ordinea de zi a \u0219edin\u021bei Guvernului - Buletin de Bucure\u0219ti\",\"isPartOf\":{\"@id\":\"https:\\\/\\\/buletin.de\\\/bucuresti\\\/#website\"},\"primaryImageOfPage\":{\"@id\":\"https:\\\/\\\/buletin.de\\\/bucuresti\\\/proiectul-de-oug-care-anuleaza-programul-50-20-pe-ordinea-de-zi-a-sedintei-guvernului\\\/#primaryimage\"},\"image\":{\"@id\":\"https:\\\/\\\/buletin.de\\\/bucuresti\\\/proiectul-de-oug-care-anuleaza-programul-50-20-pe-ordinea-de-zi-a-sedintei-guvernului\\\/#primaryimage\"},\"thumbnailUrl\":\"https:\\\/\\\/buletin.de\\\/bucuresti\\\/wp-content\\\/uploads\\\/WhatsApp-Image-2022-04-29-at-17.52.01.jpeg\",\"datePublished\":\"2023-04-05T08:47:40+00:00\",\"dateModified\":\"2023-04-05T08:47:41+00:00\",\"breadcrumb\":{\"@id\":\"https:\\\/\\\/buletin.de\\\/bucuresti\\\/proiectul-de-oug-care-anuleaza-programul-50-20-pe-ordinea-de-zi-a-sedintei-guvernului\\\/#breadcrumb\"},\"inLanguage\":\"en-GB\",\"potentialAction\":[{\"@type\":\"ReadAction\",\"target\":[\"https:\\\/\\\/buletin.de\\\/bucuresti\\\/proiectul-de-oug-care-anuleaza-programul-50-20-pe-ordinea-de-zi-a-sedintei-guvernului\\\/\"]}]},{\"@type\":\"ImageObject\",\"inLanguage\":\"en-GB\",\"@id\":\"https:\\\/\\\/buletin.de\\\/bucuresti\\\/proiectul-de-oug-care-anuleaza-programul-50-20-pe-ordinea-de-zi-a-sedintei-guvernului\\\/#primaryimage\",\"url\":\"https:\\\/\\\/buletin.de\\\/bucuresti\\\/wp-content\\\/uploads\\\/WhatsApp-Image-2022-04-29-at-17.52.01.jpeg\",\"contentUrl\":\"https:\\\/\\\/buletin.de\\\/bucuresti\\\/wp-content\\\/uploads\\\/WhatsApp-Image-2022-04-29-at-17.52.01.jpeg\",\"width\":1600,\"height\":1066},{\"@type\":\"BreadcrumbList\",\"@id\":\"https:\\\/\\\/buletin.de\\\/bucuresti\\\/proiectul-de-oug-care-anuleaza-programul-50-20-pe-ordinea-de-zi-a-sedintei-guvernului\\\/#breadcrumb\",\"itemListElement\":[{\"@type\":\"ListItem\",\"position\":1,\"name\":\"Acas\u0103\",\"item\":\"https:\\\/\\\/buletin.de\\\/bucuresti\\\/\"},{\"@type\":\"ListItem\",\"position\":2,\"name\":\"Proiectul de OUG care anuleaz\u0103 programul 50\\\/20, pe ordinea de zi a \u0219edin\u021bei Guvernului\"}]},{\"@type\":\"WebSite\",\"@id\":\"https:\\\/\\\/buletin.de\\\/bucuresti\\\/#website\",\"url\":\"https:\\\/\\\/buletin.de\\\/bucuresti\\\/\",\"name\":\"Buletin de Bucure\u0219ti\",\"description\":\"\u0218tiri \u0219i investiga\u021bii esen\u021biale din capital\u0103\",\"publisher\":{\"@id\":\"https:\\\/\\\/buletin.de\\\/bucuresti\\\/#organization\"},\"potentialAction\":[{\"@type\":\"SearchAction\",\"target\":{\"@type\":\"EntryPoint\",\"urlTemplate\":\"https:\\\/\\\/buletin.de\\\/bucuresti\\\/?s={search_term_string}\"},\"query-input\":{\"@type\":\"PropertyValueSpecification\",\"valueRequired\":true,\"valueName\":\"search_term_string\"}}],\"inLanguage\":\"en-GB\"},{\"@type\":\"Organization\",\"@id\":\"https:\\\/\\\/buletin.de\\\/bucuresti\\\/#organization\",\"name\":\"Buletin de Bucure\u0219ti\",\"url\":\"https:\\\/\\\/buletin.de\\\/bucuresti\\\/\",\"logo\":{\"@type\":\"ImageObject\",\"inLanguage\":\"en-GB\",\"@id\":\"https:\\\/\\\/buletin.de\\\/bucuresti\\\/#\\\/schema\\\/logo\\\/image\\\/\",\"url\":\"https:\\\/\\\/buletin.de\\\/bucuresti\\\/wp-content\\\/uploads\\\/logo-bdb-full-wide-vernil-transparent.png\",\"contentUrl\":\"https:\\\/\\\/buletin.de\\\/bucuresti\\\/wp-content\\\/uploads\\\/logo-bdb-full-wide-vernil-transparent.png\",\"width\":1782,\"height\":626,\"caption\":\"Buletin de Bucure\u0219ti\"},\"image\":{\"@id\":\"https:\\\/\\\/buletin.de\\\/bucuresti\\\/#\\\/schema\\\/logo\\\/image\\\/\"},\"sameAs\":[\"https:\\\/\\\/www.facebook.com\\\/buletin.de.buc\",\"https:\\\/\\\/www.instagram.com\\\/buletinde.bucuresti\\\/\"]},{\"@type\":\"Person\",\"@id\":\"https:\\\/\\\/buletin.de\\\/bucuresti\\\/#\\\/schema\\\/person\\\/b0686d7a8b666c6afc78239777fd8a89\",\"name\":\"Florin R\u00e2\u0219teiu\",\"image\":{\"@type\":\"ImageObject\",\"inLanguage\":\"en-GB\",\"@id\":\"https:\\\/\\\/buletin.de\\\/bucuresti\\\/wp-content\\\/uploads\\\/Florin-Rasteiu-96x96.jpgf0a6fe28453aa12f0a60e4d0a2e3a78c\",\"url\":\"https:\\\/\\\/buletin.de\\\/bucuresti\\\/wp-content\\\/uploads\\\/Florin-Rasteiu-96x96.jpg\",\"contentUrl\":\"https:\\\/\\\/buletin.de\\\/bucuresti\\\/wp-content\\\/uploads\\\/Florin-Rasteiu-96x96.jpg\",\"caption\":\"Florin R\u00e2\u0219teiu\"},\"description\":\"Jurnalist de investiga\u021bie. Lucreaz\u0103 de aproape 6 ani la Buletin de Bucure\u0219ti, unde a publicat articole care scot la suprafa\u021b\u0103 corup\u021bia din Capital\u0103. Analizeaz\u0103 baze de date zilnic \u0219i scoate pove\u0219ti din exceluri pline de cifre. Pune reflectorul pe adev\u0103r cu fiecare ocazie. A c\u00e2\u0219tigat premiul I la categoria Pres\u0103 Local\u0103 \u00een 2025 \u0219i locul al II-lea la aceea\u0219i categorie \u00een 2024 \u00een cadrul Premiilor Superscrieri pentru jurnalism independent.\",\"url\":\"https:\\\/\\\/buletin.de\\\/bucuresti\\\/author\\\/florinrasteiu\\\/\"}]}<\/script>\n<!-- \/ Yoast SEO Premium plugin. -->","yoast_head_json":{"title":"Proiectul de OUG care anuleaz\u0103 programul 50\/20, pe ordinea de zi a \u0219edin\u021bei Guvernului - Buletin de Bucure\u0219ti","robots":{"index":"index","follow":"follow","max-snippet":"max-snippet:-1","max-image-preview":"max-image-preview:large","max-video-preview":"max-video-preview:-1"},"canonical":"https:\/\/buletin.de\/bucuresti\/proiectul-de-oug-care-anuleaza-programul-50-20-pe-ordinea-de-zi-a-sedintei-guvernului\/","og_locale":"en_GB","og_type":"article","og_title":"Proiectul de OUG care anuleaz\u0103 programul 50\/20, pe ordinea de zi a \u0219edin\u021bei Guvernului","og_description":"Proiectul de Ordonan\u021b\u0103 de Urgen\u021b\u0103 (OUG) care reglementeaz\u0103 ca refugia\u021bii ucraineni s\u0103 primeasc\u0103 2.000 de lei pe lun\u0103 pentru decontul hranei \u0219i caz\u0103rii a fost pus pe ordinea de zi a \u0219edin\u021bei Guvernului de miercuri, 5 aprilie. Practic, aceast\u0103 OUG anuleaz\u0103 \u0219i \u00eenlocuie\u0219te programul 50\/20 care oferea refugia\u021bilor ucraineni sau rom\u00e2nilor care-i g\u0103zduiau 50 de [&hellip;]","og_url":"https:\/\/buletin.de\/bucuresti\/proiectul-de-oug-care-anuleaza-programul-50-20-pe-ordinea-de-zi-a-sedintei-guvernului\/","og_site_name":"Buletin de Bucure\u0219ti","article_publisher":"https:\/\/www.facebook.com\/buletin.de.buc","article_published_time":"2023-04-05T08:47:40+00:00","article_modified_time":"2023-04-05T08:47:41+00:00","og_image":[{"width":1600,"height":1066,"url":"https:\/\/buletin.de\/bucuresti\/wp-content\/uploads\/WhatsApp-Image-2022-04-29-at-17.52.01.jpeg","type":"image\/jpeg"}],"author":"Florin R\u00e2\u0219teiu","twitter_card":"summary_large_image","twitter_misc":{"Written by":"Florin R\u00e2\u0219teiu","Estimated reading time":"3 minutes"},"schema":{"@context":"https:\/\/schema.org","@graph":[{"@type":"Article","@id":"https:\/\/buletin.de\/bucuresti\/proiectul-de-oug-care-anuleaza-programul-50-20-pe-ordinea-de-zi-a-sedintei-guvernului\/#article","isPartOf":{"@id":"https:\/\/buletin.de\/bucuresti\/proiectul-de-oug-care-anuleaza-programul-50-20-pe-ordinea-de-zi-a-sedintei-guvernului\/"},"author":{"name":"Florin R\u00e2\u0219teiu","@id":"https:\/\/buletin.de\/bucuresti\/#\/schema\/person\/b0686d7a8b666c6afc78239777fd8a89"},"headline":"Proiectul de OUG care anuleaz\u0103 programul 50\/20, pe ordinea de zi a \u0219edin\u021bei Guvernului","datePublished":"2023-04-05T08:47:40+00:00","dateModified":"2023-04-05T08:47:41+00:00","mainEntityOfPage":{"@id":"https:\/\/buletin.de\/bucuresti\/proiectul-de-oug-care-anuleaza-programul-50-20-pe-ordinea-de-zi-a-sedintei-guvernului\/"},"wordCount":733,"publisher":{"@id":"https:\/\/buletin.de\/bucuresti\/#organization"},"image":{"@id":"https:\/\/buletin.de\/bucuresti\/proiectul-de-oug-care-anuleaza-programul-50-20-pe-ordinea-de-zi-a-sedintei-guvernului\/#primaryimage"},"thumbnailUrl":"https:\/\/buletin.de\/bucuresti\/wp-content\/uploads\/WhatsApp-Image-2022-04-29-at-17.52.01.jpeg","articleSection":["\u0218tiri"],"inLanguage":"en-GB","copyrightYear":"2023","copyrightHolder":{"@id":"https:\/\/buletin.de\/bucuresti\/#organization"}},{"@type":"WebPage","@id":"https:\/\/buletin.de\/bucuresti\/proiectul-de-oug-care-anuleaza-programul-50-20-pe-ordinea-de-zi-a-sedintei-guvernului\/","url":"https:\/\/buletin.de\/bucuresti\/proiectul-de-oug-care-anuleaza-programul-50-20-pe-ordinea-de-zi-a-sedintei-guvernului\/","name":"Proiectul de OUG care anuleaz\u0103 programul 50\/20, pe ordinea de zi a \u0219edin\u021bei Guvernului - Buletin de Bucure\u0219ti","isPartOf":{"@id":"https:\/\/buletin.de\/bucuresti\/#website"},"primaryImageOfPage":{"@id":"https:\/\/buletin.de\/bucuresti\/proiectul-de-oug-care-anuleaza-programul-50-20-pe-ordinea-de-zi-a-sedintei-guvernului\/#primaryimage"},"image":{"@id":"https:\/\/buletin.de\/bucuresti\/proiectul-de-oug-care-anuleaza-programul-50-20-pe-ordinea-de-zi-a-sedintei-guvernului\/#primaryimage"},"thumbnailUrl":"https:\/\/buletin.de\/bucuresti\/wp-content\/uploads\/WhatsApp-Image-2022-04-29-at-17.52.01.jpeg","datePublished":"2023-04-05T08:47:40+00:00","dateModified":"2023-04-05T08:47:41+00:00","breadcrumb":{"@id":"https:\/\/buletin.de\/bucuresti\/proiectul-de-oug-care-anuleaza-programul-50-20-pe-ordinea-de-zi-a-sedintei-guvernului\/#breadcrumb"},"inLanguage":"en-GB","potentialAction":[{"@type":"ReadAction","target":["https:\/\/buletin.de\/bucuresti\/proiectul-de-oug-care-anuleaza-programul-50-20-pe-ordinea-de-zi-a-sedintei-guvernului\/"]}]},{"@type":"ImageObject","inLanguage":"en-GB","@id":"https:\/\/buletin.de\/bucuresti\/proiectul-de-oug-care-anuleaza-programul-50-20-pe-ordinea-de-zi-a-sedintei-guvernului\/#primaryimage","url":"https:\/\/buletin.de\/bucuresti\/wp-content\/uploads\/WhatsApp-Image-2022-04-29-at-17.52.01.jpeg","contentUrl":"https:\/\/buletin.de\/bucuresti\/wp-content\/uploads\/WhatsApp-Image-2022-04-29-at-17.52.01.jpeg","width":1600,"height":1066},{"@type":"BreadcrumbList","@id":"https:\/\/buletin.de\/bucuresti\/proiectul-de-oug-care-anuleaza-programul-50-20-pe-ordinea-de-zi-a-sedintei-guvernului\/#breadcrumb","itemListElement":[{"@type":"ListItem","position":1,"name":"Acas\u0103","item":"https:\/\/buletin.de\/bucuresti\/"},{"@type":"ListItem","position":2,"name":"Proiectul de OUG care anuleaz\u0103 programul 50\/20, pe ordinea de zi a \u0219edin\u021bei Guvernului"}]},{"@type":"WebSite","@id":"https:\/\/buletin.de\/bucuresti\/#website","url":"https:\/\/buletin.de\/bucuresti\/","name":"Buletin de Bucure\u0219ti","description":"\u0218tiri \u0219i investiga\u021bii esen\u021biale din capital\u0103","publisher":{"@id":"https:\/\/buletin.de\/bucuresti\/#organization"},"potentialAction":[{"@type":"SearchAction","target":{"@type":"EntryPoint","urlTemplate":"https:\/\/buletin.de\/bucuresti\/?s={search_term_string}"},"query-input":{"@type":"PropertyValueSpecification","valueRequired":true,"valueName":"search_term_string"}}],"inLanguage":"en-GB"},{"@type":"Organization","@id":"https:\/\/buletin.de\/bucuresti\/#organization","name":"Buletin de Bucure\u0219ti","url":"https:\/\/buletin.de\/bucuresti\/","logo":{"@type":"ImageObject","inLanguage":"en-GB","@id":"https:\/\/buletin.de\/bucuresti\/#\/schema\/logo\/image\/","url":"https:\/\/buletin.de\/bucuresti\/wp-content\/uploads\/logo-bdb-full-wide-vernil-transparent.png","contentUrl":"https:\/\/buletin.de\/bucuresti\/wp-content\/uploads\/logo-bdb-full-wide-vernil-transparent.png","width":1782,"height":626,"caption":"Buletin de Bucure\u0219ti"},"image":{"@id":"https:\/\/buletin.de\/bucuresti\/#\/schema\/logo\/image\/"},"sameAs":["https:\/\/www.facebook.com\/buletin.de.buc","https:\/\/www.instagram.com\/buletinde.bucuresti\/"]},{"@type":"Person","@id":"https:\/\/buletin.de\/bucuresti\/#\/schema\/person\/b0686d7a8b666c6afc78239777fd8a89","name":"Florin R\u00e2\u0219teiu","image":{"@type":"ImageObject","inLanguage":"en-GB","@id":"https:\/\/buletin.de\/bucuresti\/wp-content\/uploads\/Florin-Rasteiu-96x96.jpgf0a6fe28453aa12f0a60e4d0a2e3a78c","url":"https:\/\/buletin.de\/bucuresti\/wp-content\/uploads\/Florin-Rasteiu-96x96.jpg","contentUrl":"https:\/\/buletin.de\/bucuresti\/wp-content\/uploads\/Florin-Rasteiu-96x96.jpg","caption":"Florin R\u00e2\u0219teiu"},"description":"Jurnalist de investiga\u021bie. Lucreaz\u0103 de aproape 6 ani la Buletin de Bucure\u0219ti, unde a publicat articole care scot la suprafa\u021b\u0103 corup\u021bia din Capital\u0103. Analizeaz\u0103 baze de date zilnic \u0219i scoate pove\u0219ti din exceluri pline de cifre. Pune reflectorul pe adev\u0103r cu fiecare ocazie. A c\u00e2\u0219tigat premiul I la categoria Pres\u0103 Local\u0103 \u00een 2025 \u0219i locul al II-lea la aceea\u0219i categorie \u00een 2024 \u00een cadrul Premiilor Superscrieri pentru jurnalism independent.","url":"https:\/\/buletin.de\/bucuresti\/author\/florinrasteiu\/"}]}},"authors":[{"term_id":22576,"user_id":17,"is_guest":0,"slug":"florinrasteiu","display_name":"Florin R\u00e2\u0219teiu","avatar_url":"https:\/\/buletin.de\/bucuresti\/wp-content\/uploads\/Florin-Rasteiu-96x96.jpg","0":null,"1":"","2":"","3":"","4":"","5":"","6":"","7":"","8":""}],"_links":{"self":[{"href":"https:\/\/buletin.de\/bucuresti\/wp-json\/wp\/v2\/posts\/57357","targetHints":{"allow":["GET"]}}],"collection":[{"href":"https:\/\/buletin.de\/bucuresti\/wp-json\/wp\/v2\/posts"}],"about":[{"href":"https:\/\/buletin.de\/bucuresti\/wp-json\/wp\/v2\/types\/post"}],"author":[{"embeddable":true,"href":"https:\/\/buletin.de\/bucuresti\/wp-json\/wp\/v2\/users\/17"}],"replies":[{"embeddable":true,"href":"https:\/\/buletin.de\/bucuresti\/wp-json\/wp\/v2\/comments?post=57357"}],"version-history":[{"count":7,"href":"https:\/\/buletin.de\/bucuresti\/wp-json\/wp\/v2\/posts\/57357\/revisions"}],"predecessor-version":[{"id":57366,"href":"https:\/\/buletin.de\/bucuresti\/wp-json\/wp\/v2\/posts\/57357\/revisions\/57366"}],"wp:featuredmedia":[{"embeddable":true,"href":"https:\/\/buletin.de\/bucuresti\/wp-json\/wp\/v2\/media\/42349"}],"wp:attachment":[{"href":"https:\/\/buletin.de\/bucuresti\/wp-json\/wp\/v2\/media?parent=57357"}],"wp:term":[{"taxonomy":"category","embeddable":true,"href":"https:\/\/buletin.de\/bucuresti\/wp-json\/wp\/v2\/categories?post=57357"},{"taxonomy":"post_tag","embeddable":true,"href":"https:\/\/buletin.de\/bucuresti\/wp-json\/wp\/v2\/tags?post=57357"},{"taxonomy":"author","embeddable":true,"href":"https:\/\/buletin.de\/bucuresti\/wp-json\/wp\/v2\/ppma_author?post=57357"}],"curies":[{"name":"wp","href":"https:\/\/api.w.org\/{rel}","templated":true}]}}