{"id":57345,"date":"2023-04-05T12:44:47","date_gmt":"2023-04-05T10:44:47","guid":{"rendered":"https:\/\/buletin.de\/bucuresti\/?p=57345"},"modified":"2023-04-05T12:44:48","modified_gmt":"2023-04-05T10:44:48","slug":"spatiul-verde-din-fata-teatrului-national-bucuresti-va-fi-refacut","status":"publish","type":"post","link":"https:\/\/buletin.de\/bucuresti\/spatiul-verde-din-fata-teatrului-national-bucuresti-va-fi-refacut\/","title":{"rendered":"Spa\u021biul verde din fa\u021ba Teatrului Na\u021bional Bucure\u0219ti va fi ref\u0103cut"},"content":{"rendered":"\n<p><strong>Spa\u021biul verde \u0219i aleile din fa\u021ba Teatrului Na\u021bional Bucure\u0219ti vor fi ref\u0103cute. Lucr\u0103rile vor fi finalizate pe 1 iunie \u0219i vor costa 305.000 de lei.<\/strong><\/p>\n\n\n\n<figure class=\"wp-block-image size-full\"><img fetchpriority=\"high\" decoding=\"async\" width=\"800\" height=\"600\" src=\"data:image\/gif;base64,R0lGODlhAQABAAAAACH5BAEKAAEALAAAAAABAAEAAAICTAEAOw==\" data-src=\"https:\/\/buletin.de\/bucuresti\/wp-content\/uploads\/339795577_747209487005391_3984257928557170651_n.jpg\" alt=\"\" class=\"wp-image-57346 lazyload\" data-sizes=\"auto\" data-srcset=\"https:\/\/buletin.de\/bucuresti\/wp-content\/uploads\/339795577_747209487005391_3984257928557170651_n.jpg 800w, https:\/\/buletin.de\/bucuresti\/wp-content\/uploads\/339795577_747209487005391_3984257928557170651_n-300x225.jpg 300w, https:\/\/buletin.de\/bucuresti\/wp-content\/uploads\/339795577_747209487005391_3984257928557170651_n-768x576.jpg 768w, https:\/\/buletin.de\/bucuresti\/wp-content\/uploads\/339795577_747209487005391_3984257928557170651_n-550x413.jpg 550w, https:\/\/buletin.de\/bucuresti\/wp-content\/uploads\/339795577_747209487005391_3984257928557170651_n-667x500.jpg 667w, https:\/\/buletin.de\/bucuresti\/wp-content\/uploads\/339795577_747209487005391_3984257928557170651_n-600x450.jpg 600w\" sizes=\"(max-width: 800px) 100vw, 800px\" \/><figcaption>Surs\u0103 foto: Facebook, Horia Tomescu<\/figcaption><\/figure>\n\n\n\n<p>Viceprimarul Capitalei, Horia Tomescu, a anun\u021bat mar\u021bi, 4 aprilie, \u00eentr-o postare pe Facebook, c\u0103 spa\u021biul verde din fa\u021ba Teatrului Na\u021bional va fi ref\u0103cut. Lucr\u0103rile vizeaz\u0103 repararea aleilor, dar \u0219i instalarea unui mobilier urban nou. <\/p>\n\n\n\n<p>Administra\u0163ia Lacuri, Parcuri \u015fi Agrement Bucure\u015fti (ALPAB) a semnat cu Trustul de Cl\u0103diri Metropolitane (TCM) contractul de lucr\u0103ri pentru repara\u0163ii la aleile aferente spa\u0163iului verde din fa\u0163a Teatrului Na\u0163ional. Valoarea total\u0103 a contractului este de 305.000 de lei, iar lucr\u0103rile se estimeaz\u0103 a fi gata pe 1 iunie.<\/p>\n\n\n\n<p>\u201eContractul dintre Administra\u0163ia Lacuri, Parcuri \u015fi Agrement Bucure\u015fti \u0219i Trustul de Cl\u0103diri Metropolitane se focalizeaz\u0103 pe refacerea aleilor \u0219i sc\u0103rilor TNB. Vom g\u0103si solu\u021bii administrative \u0219i pentru repararea trotuarului din imediata apropiere a TNB, trotuar care este \u00een afara administr\u0103rii ALPAB. Ulterior, ALPAB va instala mobilier urban nou \u0219i va amenaja spa\u021biul verde existent\u201d, a declarat Horia Tomescu, viceprimarul Capitalei, pentru Buletin de Bucure\u0219ti.<\/p>\n\n\n\n<figure class=\"wp-block-image size-large\"><img decoding=\"async\" width=\"675\" height=\"900\" src=\"data:image\/gif;base64,R0lGODlhAQABAAAAACH5BAEKAAEALAAAAAABAAEAAAICTAEAOw==\" data-src=\"https:\/\/buletin.de\/bucuresti\/wp-content\/uploads\/339565965_246820047825823_1013552443689884591_n-675x900.jpg\" alt=\"\" class=\"wp-image-57347 lazyload\" data-sizes=\"auto\" data-srcset=\"https:\/\/buletin.de\/bucuresti\/wp-content\/uploads\/339565965_246820047825823_1013552443689884591_n-675x900.jpg 675w, https:\/\/buletin.de\/bucuresti\/wp-content\/uploads\/339565965_246820047825823_1013552443689884591_n-225x300.jpg 225w, https:\/\/buletin.de\/bucuresti\/wp-content\/uploads\/339565965_246820047825823_1013552443689884591_n-768x1024.jpg 768w, https:\/\/buletin.de\/bucuresti\/wp-content\/uploads\/339565965_246820047825823_1013552443689884591_n-1152x1536.jpg 1152w, https:\/\/buletin.de\/bucuresti\/wp-content\/uploads\/339565965_246820047825823_1013552443689884591_n-1060x1413.jpg 1060w, https:\/\/buletin.de\/bucuresti\/wp-content\/uploads\/339565965_246820047825823_1013552443689884591_n-550x733.jpg 550w, https:\/\/buletin.de\/bucuresti\/wp-content\/uploads\/339565965_246820047825823_1013552443689884591_n-375x500.jpg 375w, https:\/\/buletin.de\/bucuresti\/wp-content\/uploads\/339565965_246820047825823_1013552443689884591_n-810x1080.jpg 810w, https:\/\/buletin.de\/bucuresti\/wp-content\/uploads\/339565965_246820047825823_1013552443689884591_n-600x800.jpg 600w, https:\/\/buletin.de\/bucuresti\/wp-content\/uploads\/339565965_246820047825823_1013552443689884591_n.jpg 1200w\" sizes=\"(max-width: 675px) 100vw, 675px\" \/><figcaption>Surs\u0103 foto: Facebook, Horia Tomescu<\/figcaption><\/figure>\n\n\n\n<p><strong>Statuia lui I.C.Br\u0103tianu din Pia\u021ba Universit\u0103\u021bii<\/strong>, <strong>kilometrul zero al Capitalei<\/strong><\/p>\n\n\n\n<p>Monumentul dedicat lui Ion C. Br\u0103tianu <a href=\"https:\/\/buletin.de\/bucuresti\/la-un-an-de-la-centenar-statuia-aniversara-a-lui-ion-c-bratianu-a-fost-amplasata-in-piata-universitatii\/\">a fost amplasat \u00een Pia\u021ba Universit\u0103\u021bii<\/a> \u00een octombrie 2019, dup\u0103 ce a trecut printr-un lung \u0219ir de repara\u021bii. Statuia trebuia montat\u0103 \u00een Pia\u021ba Universit\u0103\u021bii \u00een anul 2018, c\u00e2nd Rom\u00e2nia a s\u0103rb\u0103torit 100 de ani de la Marea Unire.&nbsp;Ulterior, a fost \u00eenaintat\u0103 luna luna septembrie, c\u00e2nd au fost s\u0103rb\u0103tori\u021bi 560 de ani de atestare documentar\u0103 a Bucure\u0219tiului, \u00eens\u0103 \u0219i acest termen a fost nerespectat. <\/p>\n\n\n\n<p>Reconstruc\u0163ia statuii lui Ion C. Br\u0103tianu, inclusiv soclul, pe vechiul amplasament din rondul de la Universitate, din materiale ca cea original\u0103, bronz \u0219i granit, a costat 10 milioane de lei.<\/p>\n\n\n\n<figure class=\"wp-block-image size-large\"><img decoding=\"async\" width=\"900\" height=\"506\" src=\"data:image\/gif;base64,R0lGODlhAQABAAAAACH5BAEKAAEALAAAAAABAAEAAAICTAEAOw==\" data-src=\"https:\/\/buletin.de\/bucuresti\/wp-content\/uploads\/amplasare-statuie-ion-c-bratianu-universitate-bucuresti-3-1060x596-1-900x506.jpg\" alt=\"\" class=\"wp-image-57353 lazyload\" data-sizes=\"auto\" data-srcset=\"https:\/\/buletin.de\/bucuresti\/wp-content\/uploads\/amplasare-statuie-ion-c-bratianu-universitate-bucuresti-3-1060x596-1-900x506.jpg 900w, https:\/\/buletin.de\/bucuresti\/wp-content\/uploads\/amplasare-statuie-ion-c-bratianu-universitate-bucuresti-3-1060x596-1-300x169.jpg 300w, https:\/\/buletin.de\/bucuresti\/wp-content\/uploads\/amplasare-statuie-ion-c-bratianu-universitate-bucuresti-3-1060x596-1-768x432.jpg 768w, https:\/\/buletin.de\/bucuresti\/wp-content\/uploads\/amplasare-statuie-ion-c-bratianu-universitate-bucuresti-3-1060x596-1-550x309.jpg 550w, https:\/\/buletin.de\/bucuresti\/wp-content\/uploads\/amplasare-statuie-ion-c-bratianu-universitate-bucuresti-3-1060x596-1-889x500.jpg 889w, https:\/\/buletin.de\/bucuresti\/wp-content\/uploads\/amplasare-statuie-ion-c-bratianu-universitate-bucuresti-3-1060x596-1-600x337.jpg 600w, https:\/\/buletin.de\/bucuresti\/wp-content\/uploads\/amplasare-statuie-ion-c-bratianu-universitate-bucuresti-3-1060x596-1.jpg 1060w\" sizes=\"(max-width: 900px) 100vw, 900px\" \/><figcaption>Foto arhiv\u0103<\/figcaption><\/figure>\n\n\n\n<p>Vechea statuie a lui Ion C. Br\u0103tianu a fost inaugurat\u0103 pe 18 mai 1903 \u0219i nu a avut o via\u021b\u0103 prea lung\u0103. Ea a fost topit\u0103 la Uzinele Republica, \u00een 1948, dup\u0103 ce comuni\u0219tii au ajuns la putere.<\/p>\n\n\n\n<p>Monumentul impun\u0103tor se afla la intersec\u021bia Bulevardelor Col\u021bei (actualul I.C.Br\u0103tianu) cu Carol I, de\u0219i \u00eentre timp acolo a fost construit un pasaj pietonal subteran care face leg\u0103tura cu sta\u021bia de metrou Universitate.&nbsp;<\/p>\n\n\n\n<p>Contractul pentru statuia de peste 14 metri a fost atribuit \u00een mai 2017, c\u0103tre sculptorul Ionel Stoicescu, fiind \u0219i administratorul firmei SC EXORNO STUDIO SRL. A fost atribuit direct, fiind luat \u00een calcul pre\u021bul cel mai sc\u0103zut. <\/p>\n\n\n\n<p>Pentru suma de 10 milioane de lei f\u0103r\u0103 TVA, firma trebuia s\u0103 reconstruiasc\u0103 tot ansamblul a\u0219a cum a fost el, \u00een 30 de luni.<strong>&nbsp;<\/strong><\/p>\n","protected":false},"excerpt":{"rendered":"<p>Spa\u021biul verde \u0219i aleile din fa\u021ba Teatrului Na\u021bional Bucure\u0219ti vor fi ref\u0103cute. Lucr\u0103rile vor fi finalizate pe 1 iunie \u0219i vor costa 305.000 de lei. Viceprimarul Capitalei, Horia Tomescu, a anun\u021bat mar\u021bi, 4 aprilie, \u00eentr-o postare pe Facebook, c\u0103 spa\u021biul verde din fa\u021ba Teatrului Na\u021bional va fi ref\u0103cut. Lucr\u0103rile vizeaz\u0103 repararea aleilor, dar \u0219i instalarea [&hellip;]<\/p>\n","protected":false},"author":46,"featured_media":57349,"comment_status":"closed","ping_status":"open","sticky":false,"template":"","format":"standard","meta":{"_acf_changed":false,"inline_featured_image":false,"ngg_post_thumbnail":0,"footnotes":""},"categories":[62],"tags":[],"ppma_author":[22605],"class_list":["post-57345","post","type-post","status-publish","format-standard","has-post-thumbnail","hentry","category-stiri"],"acf":[],"yoast_head":"<!-- This site is optimized with the Yoast SEO Premium plugin v25.3 (Yoast SEO v27.5) - https:\/\/yoast.com\/product\/yoast-seo-premium-wordpress\/ -->\n<title>Spa\u021biul verde din fa\u021ba Teatrului Na\u021bional Bucure\u0219ti va fi ref\u0103cut - Buletin de Bucure\u0219ti<\/title>\n<meta name=\"robots\" content=\"index, follow, max-snippet:-1, max-image-preview:large, max-video-preview:-1\" \/>\n<link rel=\"canonical\" href=\"https:\/\/buletin.de\/bucuresti\/spatiul-verde-din-fata-teatrului-national-bucuresti-va-fi-refacut\/\" \/>\n<meta property=\"og:locale\" content=\"en_GB\" \/>\n<meta property=\"og:type\" content=\"article\" \/>\n<meta property=\"og:title\" content=\"Spa\u021biul verde din fa\u021ba Teatrului Na\u021bional Bucure\u0219ti va fi ref\u0103cut\" \/>\n<meta property=\"og:description\" content=\"Spa\u021biul verde \u0219i aleile din fa\u021ba Teatrului Na\u021bional Bucure\u0219ti vor fi ref\u0103cute. Lucr\u0103rile vor fi finalizate pe 1 iunie \u0219i vor costa 305.000 de lei. Viceprimarul Capitalei, Horia Tomescu, a anun\u021bat mar\u021bi, 4 aprilie, \u00eentr-o postare pe Facebook, c\u0103 spa\u021biul verde din fa\u021ba Teatrului Na\u021bional va fi ref\u0103cut. Lucr\u0103rile vizeaz\u0103 repararea aleilor, dar \u0219i instalarea [&hellip;]\" \/>\n<meta property=\"og:url\" content=\"https:\/\/buletin.de\/bucuresti\/spatiul-verde-din-fata-teatrului-national-bucuresti-va-fi-refacut\/\" \/>\n<meta property=\"og:site_name\" content=\"Buletin de Bucure\u0219ti\" \/>\n<meta property=\"article:publisher\" content=\"https:\/\/www.facebook.com\/buletin.de.buc\" \/>\n<meta property=\"article:published_time\" content=\"2023-04-05T10:44:47+00:00\" \/>\n<meta property=\"article:modified_time\" content=\"2023-04-05T10:44:48+00:00\" \/>\n<meta property=\"og:image\" content=\"https:\/\/buletin.de\/bucuresti\/wp-content\/uploads\/339936873_792233855161472_4377018239251548725_n.jpg\" \/>\n\t<meta property=\"og:image:width\" content=\"1219\" \/>\n\t<meta property=\"og:image:height\" content=\"914\" \/>\n\t<meta property=\"og:image:type\" content=\"image\/jpeg\" \/>\n<meta name=\"author\" content=\"Andreea Gelatu\" \/>\n<meta name=\"twitter:card\" content=\"summary_large_image\" \/>\n<meta name=\"twitter:label1\" content=\"Written by\" \/>\n\t<meta name=\"twitter:data1\" content=\"Andreea Gelatu\" \/>\n\t<meta name=\"twitter:label2\" content=\"Estimated reading time\" \/>\n\t<meta name=\"twitter:data2\" content=\"3 minutes\" \/>\n<script type=\"application\/ld+json\" class=\"yoast-schema-graph\">{\"@context\":\"https:\\\/\\\/schema.org\",\"@graph\":[{\"@type\":\"Article\",\"@id\":\"https:\\\/\\\/buletin.de\\\/bucuresti\\\/spatiul-verde-din-fata-teatrului-national-bucuresti-va-fi-refacut\\\/#article\",\"isPartOf\":{\"@id\":\"https:\\\/\\\/buletin.de\\\/bucuresti\\\/spatiul-verde-din-fata-teatrului-national-bucuresti-va-fi-refacut\\\/\"},\"author\":{\"name\":\"Andreea Gelatu\",\"@id\":\"https:\\\/\\\/buletin.de\\\/bucuresti\\\/#\\\/schema\\\/person\\\/87734700b2c7f8608881f7e93b8834de\"},\"headline\":\"Spa\u021biul verde din fa\u021ba Teatrului Na\u021bional Bucure\u0219ti va fi ref\u0103cut\",\"datePublished\":\"2023-04-05T10:44:47+00:00\",\"dateModified\":\"2023-04-05T10:44:48+00:00\",\"mainEntityOfPage\":{\"@id\":\"https:\\\/\\\/buletin.de\\\/bucuresti\\\/spatiul-verde-din-fata-teatrului-national-bucuresti-va-fi-refacut\\\/\"},\"wordCount\":494,\"publisher\":{\"@id\":\"https:\\\/\\\/buletin.de\\\/bucuresti\\\/#organization\"},\"image\":{\"@id\":\"https:\\\/\\\/buletin.de\\\/bucuresti\\\/spatiul-verde-din-fata-teatrului-national-bucuresti-va-fi-refacut\\\/#primaryimage\"},\"thumbnailUrl\":\"https:\\\/\\\/buletin.de\\\/bucuresti\\\/wp-content\\\/uploads\\\/339936873_792233855161472_4377018239251548725_n.jpg\",\"articleSection\":[\"\u0218tiri\"],\"inLanguage\":\"en-GB\",\"copyrightYear\":\"2023\",\"copyrightHolder\":{\"@id\":\"https:\\\/\\\/buletin.de\\\/bucuresti\\\/#organization\"}},{\"@type\":\"WebPage\",\"@id\":\"https:\\\/\\\/buletin.de\\\/bucuresti\\\/spatiul-verde-din-fata-teatrului-national-bucuresti-va-fi-refacut\\\/\",\"url\":\"https:\\\/\\\/buletin.de\\\/bucuresti\\\/spatiul-verde-din-fata-teatrului-national-bucuresti-va-fi-refacut\\\/\",\"name\":\"Spa\u021biul verde din fa\u021ba Teatrului Na\u021bional Bucure\u0219ti va fi ref\u0103cut - Buletin de Bucure\u0219ti\",\"isPartOf\":{\"@id\":\"https:\\\/\\\/buletin.de\\\/bucuresti\\\/#website\"},\"primaryImageOfPage\":{\"@id\":\"https:\\\/\\\/buletin.de\\\/bucuresti\\\/spatiul-verde-din-fata-teatrului-national-bucuresti-va-fi-refacut\\\/#primaryimage\"},\"image\":{\"@id\":\"https:\\\/\\\/buletin.de\\\/bucuresti\\\/spatiul-verde-din-fata-teatrului-national-bucuresti-va-fi-refacut\\\/#primaryimage\"},\"thumbnailUrl\":\"https:\\\/\\\/buletin.de\\\/bucuresti\\\/wp-content\\\/uploads\\\/339936873_792233855161472_4377018239251548725_n.jpg\",\"datePublished\":\"2023-04-05T10:44:47+00:00\",\"dateModified\":\"2023-04-05T10:44:48+00:00\",\"breadcrumb\":{\"@id\":\"https:\\\/\\\/buletin.de\\\/bucuresti\\\/spatiul-verde-din-fata-teatrului-national-bucuresti-va-fi-refacut\\\/#breadcrumb\"},\"inLanguage\":\"en-GB\",\"potentialAction\":[{\"@type\":\"ReadAction\",\"target\":[\"https:\\\/\\\/buletin.de\\\/bucuresti\\\/spatiul-verde-din-fata-teatrului-national-bucuresti-va-fi-refacut\\\/\"]}]},{\"@type\":\"ImageObject\",\"inLanguage\":\"en-GB\",\"@id\":\"https:\\\/\\\/buletin.de\\\/bucuresti\\\/spatiul-verde-din-fata-teatrului-national-bucuresti-va-fi-refacut\\\/#primaryimage\",\"url\":\"https:\\\/\\\/buletin.de\\\/bucuresti\\\/wp-content\\\/uploads\\\/339936873_792233855161472_4377018239251548725_n.jpg\",\"contentUrl\":\"https:\\\/\\\/buletin.de\\\/bucuresti\\\/wp-content\\\/uploads\\\/339936873_792233855161472_4377018239251548725_n.jpg\",\"width\":1219,\"height\":914},{\"@type\":\"BreadcrumbList\",\"@id\":\"https:\\\/\\\/buletin.de\\\/bucuresti\\\/spatiul-verde-din-fata-teatrului-national-bucuresti-va-fi-refacut\\\/#breadcrumb\",\"itemListElement\":[{\"@type\":\"ListItem\",\"position\":1,\"name\":\"Acas\u0103\",\"item\":\"https:\\\/\\\/buletin.de\\\/bucuresti\\\/\"},{\"@type\":\"ListItem\",\"position\":2,\"name\":\"Spa\u021biul verde din fa\u021ba Teatrului Na\u021bional Bucure\u0219ti va fi ref\u0103cut\"}]},{\"@type\":\"WebSite\",\"@id\":\"https:\\\/\\\/buletin.de\\\/bucuresti\\\/#website\",\"url\":\"https:\\\/\\\/buletin.de\\\/bucuresti\\\/\",\"name\":\"Buletin de Bucure\u0219ti\",\"description\":\"\u0218tiri \u0219i investiga\u021bii esen\u021biale din capital\u0103\",\"publisher\":{\"@id\":\"https:\\\/\\\/buletin.de\\\/bucuresti\\\/#organization\"},\"potentialAction\":[{\"@type\":\"SearchAction\",\"target\":{\"@type\":\"EntryPoint\",\"urlTemplate\":\"https:\\\/\\\/buletin.de\\\/bucuresti\\\/?s={search_term_string}\"},\"query-input\":{\"@type\":\"PropertyValueSpecification\",\"valueRequired\":true,\"valueName\":\"search_term_string\"}}],\"inLanguage\":\"en-GB\"},{\"@type\":\"Organization\",\"@id\":\"https:\\\/\\\/buletin.de\\\/bucuresti\\\/#organization\",\"name\":\"Buletin de Bucure\u0219ti\",\"url\":\"https:\\\/\\\/buletin.de\\\/bucuresti\\\/\",\"logo\":{\"@type\":\"ImageObject\",\"inLanguage\":\"en-GB\",\"@id\":\"https:\\\/\\\/buletin.de\\\/bucuresti\\\/#\\\/schema\\\/logo\\\/image\\\/\",\"url\":\"https:\\\/\\\/buletin.de\\\/bucuresti\\\/wp-content\\\/uploads\\\/logo-bdb-full-wide-vernil-transparent.png\",\"contentUrl\":\"https:\\\/\\\/buletin.de\\\/bucuresti\\\/wp-content\\\/uploads\\\/logo-bdb-full-wide-vernil-transparent.png\",\"width\":1782,\"height\":626,\"caption\":\"Buletin de Bucure\u0219ti\"},\"image\":{\"@id\":\"https:\\\/\\\/buletin.de\\\/bucuresti\\\/#\\\/schema\\\/logo\\\/image\\\/\"},\"sameAs\":[\"https:\\\/\\\/www.facebook.com\\\/buletin.de.buc\",\"https:\\\/\\\/www.instagram.com\\\/buletinde.bucuresti\\\/\"]},{\"@type\":\"Person\",\"@id\":\"https:\\\/\\\/buletin.de\\\/bucuresti\\\/#\\\/schema\\\/person\\\/87734700b2c7f8608881f7e93b8834de\",\"name\":\"Andreea Gelatu\",\"image\":{\"@type\":\"ImageObject\",\"inLanguage\":\"en-GB\",\"@id\":\"https:\\\/\\\/secure.gravatar.com\\\/avatar\\\/b716eca2f984b9b65bdd87118b4b909d940b619cbe6e8cb725fe11c1b1f4194f?s=96&d=monsterid&r=g9b5eff4996c6b842a29b3057a7b4746f\",\"url\":\"https:\\\/\\\/secure.gravatar.com\\\/avatar\\\/b716eca2f984b9b65bdd87118b4b909d940b619cbe6e8cb725fe11c1b1f4194f?s=96&d=monsterid&r=g\",\"contentUrl\":\"https:\\\/\\\/secure.gravatar.com\\\/avatar\\\/b716eca2f984b9b65bdd87118b4b909d940b619cbe6e8cb725fe11c1b1f4194f?s=96&d=monsterid&r=g\",\"caption\":\"Andreea Gelatu\"},\"url\":\"https:\\\/\\\/buletin.de\\\/bucuresti\\\/author\\\/andreeagelatu\\\/\"}]}<\/script>\n<!-- \/ Yoast SEO Premium plugin. -->","yoast_head_json":{"title":"Spa\u021biul verde din fa\u021ba Teatrului Na\u021bional Bucure\u0219ti va fi ref\u0103cut - Buletin de Bucure\u0219ti","robots":{"index":"index","follow":"follow","max-snippet":"max-snippet:-1","max-image-preview":"max-image-preview:large","max-video-preview":"max-video-preview:-1"},"canonical":"https:\/\/buletin.de\/bucuresti\/spatiul-verde-din-fata-teatrului-national-bucuresti-va-fi-refacut\/","og_locale":"en_GB","og_type":"article","og_title":"Spa\u021biul verde din fa\u021ba Teatrului Na\u021bional Bucure\u0219ti va fi ref\u0103cut","og_description":"Spa\u021biul verde \u0219i aleile din fa\u021ba Teatrului Na\u021bional Bucure\u0219ti vor fi ref\u0103cute. Lucr\u0103rile vor fi finalizate pe 1 iunie \u0219i vor costa 305.000 de lei. Viceprimarul Capitalei, Horia Tomescu, a anun\u021bat mar\u021bi, 4 aprilie, \u00eentr-o postare pe Facebook, c\u0103 spa\u021biul verde din fa\u021ba Teatrului Na\u021bional va fi ref\u0103cut. Lucr\u0103rile vizeaz\u0103 repararea aleilor, dar \u0219i instalarea [&hellip;]","og_url":"https:\/\/buletin.de\/bucuresti\/spatiul-verde-din-fata-teatrului-national-bucuresti-va-fi-refacut\/","og_site_name":"Buletin de Bucure\u0219ti","article_publisher":"https:\/\/www.facebook.com\/buletin.de.buc","article_published_time":"2023-04-05T10:44:47+00:00","article_modified_time":"2023-04-05T10:44:48+00:00","og_image":[{"width":1219,"height":914,"url":"https:\/\/buletin.de\/bucuresti\/wp-content\/uploads\/339936873_792233855161472_4377018239251548725_n.jpg","type":"image\/jpeg"}],"author":"Andreea Gelatu","twitter_card":"summary_large_image","twitter_misc":{"Written by":"Andreea Gelatu","Estimated reading time":"3 minutes"},"schema":{"@context":"https:\/\/schema.org","@graph":[{"@type":"Article","@id":"https:\/\/buletin.de\/bucuresti\/spatiul-verde-din-fata-teatrului-national-bucuresti-va-fi-refacut\/#article","isPartOf":{"@id":"https:\/\/buletin.de\/bucuresti\/spatiul-verde-din-fata-teatrului-national-bucuresti-va-fi-refacut\/"},"author":{"name":"Andreea Gelatu","@id":"https:\/\/buletin.de\/bucuresti\/#\/schema\/person\/87734700b2c7f8608881f7e93b8834de"},"headline":"Spa\u021biul verde din fa\u021ba Teatrului Na\u021bional Bucure\u0219ti va fi ref\u0103cut","datePublished":"2023-04-05T10:44:47+00:00","dateModified":"2023-04-05T10:44:48+00:00","mainEntityOfPage":{"@id":"https:\/\/buletin.de\/bucuresti\/spatiul-verde-din-fata-teatrului-national-bucuresti-va-fi-refacut\/"},"wordCount":494,"publisher":{"@id":"https:\/\/buletin.de\/bucuresti\/#organization"},"image":{"@id":"https:\/\/buletin.de\/bucuresti\/spatiul-verde-din-fata-teatrului-national-bucuresti-va-fi-refacut\/#primaryimage"},"thumbnailUrl":"https:\/\/buletin.de\/bucuresti\/wp-content\/uploads\/339936873_792233855161472_4377018239251548725_n.jpg","articleSection":["\u0218tiri"],"inLanguage":"en-GB","copyrightYear":"2023","copyrightHolder":{"@id":"https:\/\/buletin.de\/bucuresti\/#organization"}},{"@type":"WebPage","@id":"https:\/\/buletin.de\/bucuresti\/spatiul-verde-din-fata-teatrului-national-bucuresti-va-fi-refacut\/","url":"https:\/\/buletin.de\/bucuresti\/spatiul-verde-din-fata-teatrului-national-bucuresti-va-fi-refacut\/","name":"Spa\u021biul verde din fa\u021ba Teatrului Na\u021bional Bucure\u0219ti va fi ref\u0103cut - Buletin de Bucure\u0219ti","isPartOf":{"@id":"https:\/\/buletin.de\/bucuresti\/#website"},"primaryImageOfPage":{"@id":"https:\/\/buletin.de\/bucuresti\/spatiul-verde-din-fata-teatrului-national-bucuresti-va-fi-refacut\/#primaryimage"},"image":{"@id":"https:\/\/buletin.de\/bucuresti\/spatiul-verde-din-fata-teatrului-national-bucuresti-va-fi-refacut\/#primaryimage"},"thumbnailUrl":"https:\/\/buletin.de\/bucuresti\/wp-content\/uploads\/339936873_792233855161472_4377018239251548725_n.jpg","datePublished":"2023-04-05T10:44:47+00:00","dateModified":"2023-04-05T10:44:48+00:00","breadcrumb":{"@id":"https:\/\/buletin.de\/bucuresti\/spatiul-verde-din-fata-teatrului-national-bucuresti-va-fi-refacut\/#breadcrumb"},"inLanguage":"en-GB","potentialAction":[{"@type":"ReadAction","target":["https:\/\/buletin.de\/bucuresti\/spatiul-verde-din-fata-teatrului-national-bucuresti-va-fi-refacut\/"]}]},{"@type":"ImageObject","inLanguage":"en-GB","@id":"https:\/\/buletin.de\/bucuresti\/spatiul-verde-din-fata-teatrului-national-bucuresti-va-fi-refacut\/#primaryimage","url":"https:\/\/buletin.de\/bucuresti\/wp-content\/uploads\/339936873_792233855161472_4377018239251548725_n.jpg","contentUrl":"https:\/\/buletin.de\/bucuresti\/wp-content\/uploads\/339936873_792233855161472_4377018239251548725_n.jpg","width":1219,"height":914},{"@type":"BreadcrumbList","@id":"https:\/\/buletin.de\/bucuresti\/spatiul-verde-din-fata-teatrului-national-bucuresti-va-fi-refacut\/#breadcrumb","itemListElement":[{"@type":"ListItem","position":1,"name":"Acas\u0103","item":"https:\/\/buletin.de\/bucuresti\/"},{"@type":"ListItem","position":2,"name":"Spa\u021biul verde din fa\u021ba Teatrului Na\u021bional Bucure\u0219ti va fi ref\u0103cut"}]},{"@type":"WebSite","@id":"https:\/\/buletin.de\/bucuresti\/#website","url":"https:\/\/buletin.de\/bucuresti\/","name":"Buletin de Bucure\u0219ti","description":"\u0218tiri \u0219i investiga\u021bii esen\u021biale din capital\u0103","publisher":{"@id":"https:\/\/buletin.de\/bucuresti\/#organization"},"potentialAction":[{"@type":"SearchAction","target":{"@type":"EntryPoint","urlTemplate":"https:\/\/buletin.de\/bucuresti\/?s={search_term_string}"},"query-input":{"@type":"PropertyValueSpecification","valueRequired":true,"valueName":"search_term_string"}}],"inLanguage":"en-GB"},{"@type":"Organization","@id":"https:\/\/buletin.de\/bucuresti\/#organization","name":"Buletin de Bucure\u0219ti","url":"https:\/\/buletin.de\/bucuresti\/","logo":{"@type":"ImageObject","inLanguage":"en-GB","@id":"https:\/\/buletin.de\/bucuresti\/#\/schema\/logo\/image\/","url":"https:\/\/buletin.de\/bucuresti\/wp-content\/uploads\/logo-bdb-full-wide-vernil-transparent.png","contentUrl":"https:\/\/buletin.de\/bucuresti\/wp-content\/uploads\/logo-bdb-full-wide-vernil-transparent.png","width":1782,"height":626,"caption":"Buletin de Bucure\u0219ti"},"image":{"@id":"https:\/\/buletin.de\/bucuresti\/#\/schema\/logo\/image\/"},"sameAs":["https:\/\/www.facebook.com\/buletin.de.buc","https:\/\/www.instagram.com\/buletinde.bucuresti\/"]},{"@type":"Person","@id":"https:\/\/buletin.de\/bucuresti\/#\/schema\/person\/87734700b2c7f8608881f7e93b8834de","name":"Andreea Gelatu","image":{"@type":"ImageObject","inLanguage":"en-GB","@id":"https:\/\/secure.gravatar.com\/avatar\/b716eca2f984b9b65bdd87118b4b909d940b619cbe6e8cb725fe11c1b1f4194f?s=96&d=monsterid&r=g9b5eff4996c6b842a29b3057a7b4746f","url":"https:\/\/secure.gravatar.com\/avatar\/b716eca2f984b9b65bdd87118b4b909d940b619cbe6e8cb725fe11c1b1f4194f?s=96&d=monsterid&r=g","contentUrl":"https:\/\/secure.gravatar.com\/avatar\/b716eca2f984b9b65bdd87118b4b909d940b619cbe6e8cb725fe11c1b1f4194f?s=96&d=monsterid&r=g","caption":"Andreea Gelatu"},"url":"https:\/\/buletin.de\/bucuresti\/author\/andreeagelatu\/"}]}},"authors":[{"term_id":22605,"user_id":46,"is_guest":0,"slug":"andreeagelatu","display_name":"Andreea Gelatu","avatar_url":"https:\/\/secure.gravatar.com\/avatar\/b716eca2f984b9b65bdd87118b4b909d940b619cbe6e8cb725fe11c1b1f4194f?s=96&d=monsterid&r=g","0":null,"1":"","2":"","3":"","4":"","5":"","6":"","7":"","8":""}],"_links":{"self":[{"href":"https:\/\/buletin.de\/bucuresti\/wp-json\/wp\/v2\/posts\/57345","targetHints":{"allow":["GET"]}}],"collection":[{"href":"https:\/\/buletin.de\/bucuresti\/wp-json\/wp\/v2\/posts"}],"about":[{"href":"https:\/\/buletin.de\/bucuresti\/wp-json\/wp\/v2\/types\/post"}],"author":[{"embeddable":true,"href":"https:\/\/buletin.de\/bucuresti\/wp-json\/wp\/v2\/users\/46"}],"replies":[{"embeddable":true,"href":"https:\/\/buletin.de\/bucuresti\/wp-json\/wp\/v2\/comments?post=57345"}],"version-history":[{"count":8,"href":"https:\/\/buletin.de\/bucuresti\/wp-json\/wp\/v2\/posts\/57345\/revisions"}],"predecessor-version":[{"id":57368,"href":"https:\/\/buletin.de\/bucuresti\/wp-json\/wp\/v2\/posts\/57345\/revisions\/57368"}],"wp:featuredmedia":[{"embeddable":true,"href":"https:\/\/buletin.de\/bucuresti\/wp-json\/wp\/v2\/media\/57349"}],"wp:attachment":[{"href":"https:\/\/buletin.de\/bucuresti\/wp-json\/wp\/v2\/media?parent=57345"}],"wp:term":[{"taxonomy":"category","embeddable":true,"href":"https:\/\/buletin.de\/bucuresti\/wp-json\/wp\/v2\/categories?post=57345"},{"taxonomy":"post_tag","embeddable":true,"href":"https:\/\/buletin.de\/bucuresti\/wp-json\/wp\/v2\/tags?post=57345"},{"taxonomy":"author","embeddable":true,"href":"https:\/\/buletin.de\/bucuresti\/wp-json\/wp\/v2\/ppma_author?post=57345"}],"curies":[{"name":"wp","href":"https:\/\/api.w.org\/{rel}","templated":true}]}}