{"id":57336,"date":"2023-04-04T19:18:01","date_gmt":"2023-04-04T17:18:01","guid":{"rendered":"https:\/\/buletin.de\/bucuresti\/?p=57336"},"modified":"2023-04-04T19:30:08","modified_gmt":"2023-04-04T17:30:08","slug":"bucuresti%ef%bd%9clinia-41-de-tramvai-blocata-de-trei-ori-intr-o-zi","status":"publish","type":"post","link":"https:\/\/buletin.de\/bucuresti\/bucuresti%ef%bd%9clinia-41-de-tramvai-blocata-de-trei-ori-intr-o-zi\/","title":{"rendered":"Bucure\u0219ti\uff5cLinia 41,  blocat\u0103 de trei ori \u00eentr-o zi. Dou\u0103 tramvaie Imperio s-au defectat"},"content":{"rendered":"\n<p>Linia de tramvai 41 a fost blocat\u0103 de dou\u0103 ori mar\u021bi, 04 aprilie, din cauza unor defec\u021biuni ale noilor garnituri Imperio, \u0219i \u00eenc\u0103 o dat\u0103 deoarece a c\u0103zut un cablu de internet peste tramvai, conform informa\u021biilor transmise de STB.<\/p>\n\n\n\n<p>\u00cen zona cap\u0103tului de linie Ghencea a avut loc prima oprire \u00een trafic, \u00een jurul orei 6:30. Aceasta a fost minor\u0103, dur\u00e2nd numai 19 minute, \u0219i a fost cauzat\u0103 de un cablu de internet care a c\u0103zut peste tramvai.&nbsp;<\/p>\n\n\n\n<p>A doua blocare a liniei a avut loc pe la 17:15, la Pasajul Grant, pe sensul spre Ghencea. Cauza a fost o defec\u021biune a tramvaiului, conform informa\u021biilor oferite de STB&nbsp; pe pagina lor de Twitter, iar p\u00e2n\u0103 la reluarea circula\u021biei a fost nevoie de 43 de minute. Intervalul exact de nefunc\u021bionalitate a fost 17:16 &#8211; 17:59.<\/p>\n\n\n\n<p>Peste dou\u0103 ore, linia 41 a fost blocat\u0103 din nou, tot din cauza defec\u021biuniii unui tramvai. De data aceasta reluarea circula\u021biei a durat doar 32 de minute, intervalul exact de nefucn\u021bionalitate fiind 18:35 &#8211; 19:07. De data aceasta, blocajul a avut loc la ie\u0219irea din Pasajul Lujerului.&nbsp;<\/p>\n\n\n\n<p>Conform unor comentarii din spa\u021biul public, blocajele ar fi cauzat aglomerarea liniei de tramvai cu cele care veneau din urm\u0103, dar nu aveau cum s\u0103 le dep\u0103\u0219easc\u0103 pe cele blocate.<\/p>\n\n\n\n<p>Pentru preluarea fluxului c\u0103l\u0103torilor \u00een intervalele \u00een care linia 41 nu a func\u021bionat s-a format linia navet\u0103 641, cu traseul Ghencea &#8211; Pia\u021ba Presei.&nbsp;<\/p>\n\n\n\n<p>Tramvaiele Astra Imperio sunt tramvaiele proasp\u0103t puse \u00een func\u021biune \u00een Bucure\u0219ti, mai exact acestea au intrat \u00een circula\u021bie \u00een data de 10 decembrie. Asta dup\u0103 ce au stat \u00een depouri de cinci luni din <a href=\"https:\/\/buletin.de\/bucuresti\/axa-firea-turcia-in-razboiul-cu-astra-arad-programate-sa-circule-de-ziua-nationala-noile-tramvaie-imperio-stau-de-cinci-luni-in-depouri\/\">cauza unor semn\u0103turi ale membrilor comisie de recep\u021bie<\/a>.<\/p>\n\n\n\n<p>Contractul pentru cele 100 de tramvaie noi cu o lungime de 36 de metri a fost semnat \u00een mai 2021 pentru aproape 170 de milioane de euro, fonduri europene nerambursabile.<\/p>\n\n\n\n<figure class=\"wp-block-embed is-type-wp-embed is-provider-buletin-de-bucure\u0219ti wp-block-embed-buletin-de-bucure\u0219ti\"><div class=\"wp-block-embed__wrapper\">\n<blockquote class=\"wp-embedded-content\" data-secret=\"rEzDD8eVg7\"><a href=\"https:\/\/buletin.de\/bucuresti\/fum-alb-la-stb-tramavie-astra-imperio-vor-fi-puse-in-circulatie-in-week-end-comisia-de-receptie-a-semnat-procesele-verbale\/\">&#8222;Fum alb&#8221; la STB | Tramvaiele Astra Imperio vor fi puse \u00een circula\u021bie \u00een week-end. Comisia de recep\u021bie a semnat procesele verbale<\/a><\/blockquote><iframe class=\"wp-embedded-content\" sandbox=\"allow-scripts\" security=\"restricted\" style=\"position: absolute; clip: rect(1px, 1px, 1px, 1px);\" title=\"&#8222;&#8222;Fum alb&#8221; la STB | Tramvaiele Astra Imperio vor fi puse \u00een circula\u021bie \u00een week-end. Comisia de recep\u021bie a semnat procesele verbale&#8221; &#8212; Buletin de Bucure\u0219ti\" src=\"https:\/\/buletin.de\/bucuresti\/fum-alb-la-stb-tramavie-astra-imperio-vor-fi-puse-in-circulatie-in-week-end-comisia-de-receptie-a-semnat-procesele-verbale\/embed\/#?secret=qTcYMlQVe8#?secret=rEzDD8eVg7\" data-secret=\"rEzDD8eVg7\" width=\"600\" height=\"338\" frameborder=\"0\" marginwidth=\"0\" marginheight=\"0\" scrolling=\"no\"><\/iframe>\n<\/div><\/figure>\n\n\n\n<figure class=\"wp-block-embed is-type-wp-embed is-provider-buletin-de-bucure\u0219ti wp-block-embed-buletin-de-bucure\u0219ti\"><div class=\"wp-block-embed__wrapper\">\n<blockquote class=\"wp-embedded-content\" data-secret=\"6aHe0YV6mY\"><a href=\"https:\/\/buletin.de\/bucuresti\/exclusiv-noile-tramvaie-imperio-vin-la-pachet-cu-controlori-si-wi-fi-directorul-stb-adrian-crit-ne-dorim-ca-cetatenii-care-vor-utiliza-mijlocele-de-transport-in-comun-sa-fie-cei-fideli-c\/\">EXCLUSIV | Noile tramvaie Imperio vin la pachet cu controlori \u0219i Wi-Fi. Directorul STB, Adrian Cri\u021b: \u201cNe dorim ca cet\u0103\u021benii care vor utiliza noile mijlocele de transport s\u0103 fie cei fideli care \u00ee\u0219i achit\u0103 titlurile de c\u0103l\u0103torie\u201d<\/a><\/blockquote><iframe class=\"wp-embedded-content\" sandbox=\"allow-scripts\" security=\"restricted\" style=\"position: absolute; clip: rect(1px, 1px, 1px, 1px);\" title=\"&#8222;EXCLUSIV | Noile tramvaie Imperio vin la pachet cu controlori \u0219i Wi-Fi. Directorul STB, Adrian Cri\u021b: \u201cNe dorim ca cet\u0103\u021benii care vor utiliza noile mijlocele de transport s\u0103 fie cei fideli care \u00ee\u0219i achit\u0103 titlurile de c\u0103l\u0103torie\u201d&#8221; &#8212; Buletin de Bucure\u0219ti\" src=\"https:\/\/buletin.de\/bucuresti\/exclusiv-noile-tramvaie-imperio-vin-la-pachet-cu-controlori-si-wi-fi-directorul-stb-adrian-crit-ne-dorim-ca-cetatenii-care-vor-utiliza-mijlocele-de-transport-in-comun-sa-fie-cei-fideli-c\/embed\/#?secret=iVHBs6o2bn#?secret=6aHe0YV6mY\" data-secret=\"6aHe0YV6mY\" width=\"600\" height=\"338\" frameborder=\"0\" marginwidth=\"0\" marginheight=\"0\" scrolling=\"no\"><\/iframe>\n<\/div><\/figure>\n\n\n\n<figure class=\"wp-block-embed is-type-wp-embed is-provider-buletin-de-bucure\u0219ti wp-block-embed-buletin-de-bucure\u0219ti\"><div class=\"wp-block-embed__wrapper\">\n<blockquote class=\"wp-embedded-content\" data-secret=\"QunJM0pRWF\"><a href=\"https:\/\/buletin.de\/bucuresti\/axa-firea-turcia-in-razboiul-cu-astra-arad-programate-sa-circule-de-ziua-nationala-noile-tramvaie-imperio-stau-de-cinci-luni-in-depouri\/\">Axa Firea-Turcia \u00een \u201cr\u0103zboiul\u201d cu Astra Arad: Programate s\u0103 circule de Ziua Na\u021bional\u0103, noile tramvaie Imperio stau de cinci luni \u00een depouri<\/a><\/blockquote><iframe class=\"wp-embedded-content\" sandbox=\"allow-scripts\" security=\"restricted\" style=\"position: absolute; clip: rect(1px, 1px, 1px, 1px);\" title=\"&#8222;Axa Firea-Turcia \u00een \u201cr\u0103zboiul\u201d cu Astra Arad: Programate s\u0103 circule de Ziua Na\u021bional\u0103, noile tramvaie Imperio stau de cinci luni \u00een depouri&#8221; &#8212; Buletin de Bucure\u0219ti\" src=\"https:\/\/buletin.de\/bucuresti\/axa-firea-turcia-in-razboiul-cu-astra-arad-programate-sa-circule-de-ziua-nationala-noile-tramvaie-imperio-stau-de-cinci-luni-in-depouri\/embed\/#?secret=uvMpUpIh54#?secret=QunJM0pRWF\" data-secret=\"QunJM0pRWF\" width=\"600\" height=\"338\" frameborder=\"0\" marginwidth=\"0\" marginheight=\"0\" scrolling=\"no\"><\/iframe>\n<\/div><\/figure>\n","protected":false},"excerpt":{"rendered":"<p>Linia de tramvai 41 a fost blocat\u0103 de dou\u0103 ori mar\u021bi, 04 aprilie, din cauza unor defec\u021biuni ale noilor garnituri Imperio, \u0219i \u00eenc\u0103 o dat\u0103 deoarece a c\u0103zut un cablu de internet peste tramvai, conform informa\u021biilor transmise de STB. \u00cen zona cap\u0103tului de linie Ghencea a avut loc prima oprire \u00een trafic, \u00een jurul orei [&hellip;]<\/p>\n","protected":false},"author":47,"featured_media":49329,"comment_status":"closed","ping_status":"open","sticky":false,"template":"","format":"standard","meta":{"_acf_changed":false,"inline_featured_image":false,"ngg_post_thumbnail":0,"footnotes":""},"categories":[62],"tags":[],"ppma_author":[22580],"class_list":["post-57336","post","type-post","status-publish","format-standard","has-post-thumbnail","hentry","category-stiri"],"acf":[],"yoast_head":"<!-- This site is optimized with the Yoast SEO Premium plugin v25.3 (Yoast SEO v27.5) - https:\/\/yoast.com\/product\/yoast-seo-premium-wordpress\/ -->\n<title>Bucure\u0219ti\uff5cLinia 41, blocat\u0103 de trei ori \u00eentr-o zi. Dou\u0103 tramvaie Imperio s-au defectat - Buletin de Bucure\u0219ti<\/title>\n<meta name=\"robots\" content=\"index, follow, max-snippet:-1, max-image-preview:large, max-video-preview:-1\" \/>\n<link rel=\"canonical\" href=\"https:\/\/buletin.de\/bucuresti\/bucuresti\uff5clinia-41-de-tramvai-blocata-de-trei-ori-intr-o-zi\/\" \/>\n<meta property=\"og:locale\" content=\"en_GB\" \/>\n<meta property=\"og:type\" content=\"article\" \/>\n<meta property=\"og:title\" content=\"Bucure\u0219ti\uff5cLinia 41, blocat\u0103 de trei ori \u00eentr-o zi. Dou\u0103 tramvaie Imperio s-au defectat\" \/>\n<meta property=\"og:description\" content=\"Linia de tramvai 41 a fost blocat\u0103 de dou\u0103 ori mar\u021bi, 04 aprilie, din cauza unor defec\u021biuni ale noilor garnituri Imperio, \u0219i \u00eenc\u0103 o dat\u0103 deoarece a c\u0103zut un cablu de internet peste tramvai, conform informa\u021biilor transmise de STB. \u00cen zona cap\u0103tului de linie Ghencea a avut loc prima oprire \u00een trafic, \u00een jurul orei [&hellip;]\" \/>\n<meta property=\"og:url\" content=\"https:\/\/buletin.de\/bucuresti\/bucuresti\uff5clinia-41-de-tramvai-blocata-de-trei-ori-intr-o-zi\/\" \/>\n<meta property=\"og:site_name\" content=\"Buletin de Bucure\u0219ti\" \/>\n<meta property=\"article:publisher\" content=\"https:\/\/www.facebook.com\/buletin.de.buc\" \/>\n<meta property=\"article:published_time\" content=\"2023-04-04T17:18:01+00:00\" \/>\n<meta property=\"article:modified_time\" content=\"2023-04-04T17:30:08+00:00\" \/>\n<meta property=\"og:image\" content=\"https:\/\/buletin.de\/bucuresti\/wp-content\/uploads\/318975936_689388479204236_5458293876777201803_n.jpg\" \/>\n\t<meta property=\"og:image:width\" content=\"1600\" \/>\n\t<meta property=\"og:image:height\" content=\"1066\" \/>\n\t<meta property=\"og:image:type\" content=\"image\/jpeg\" \/>\n<meta name=\"author\" content=\"Adina C\u0103p\u00eelnean\" \/>\n<meta name=\"twitter:card\" content=\"summary_large_image\" \/>\n<meta name=\"twitter:label1\" content=\"Written by\" \/>\n\t<meta name=\"twitter:data1\" content=\"Adina C\u0103p\u00eelnean\" \/>\n\t<meta name=\"twitter:label2\" content=\"Estimated reading time\" \/>\n\t<meta name=\"twitter:data2\" content=\"2 minutes\" \/>\n<script type=\"application\/ld+json\" class=\"yoast-schema-graph\">{\"@context\":\"https:\\\/\\\/schema.org\",\"@graph\":[{\"@type\":\"Article\",\"@id\":\"https:\\\/\\\/buletin.de\\\/bucuresti\\\/bucuresti%ef%bd%9clinia-41-de-tramvai-blocata-de-trei-ori-intr-o-zi\\\/#article\",\"isPartOf\":{\"@id\":\"https:\\\/\\\/buletin.de\\\/bucuresti\\\/bucuresti%ef%bd%9clinia-41-de-tramvai-blocata-de-trei-ori-intr-o-zi\\\/\"},\"author\":{\"name\":\"Adina C\u0103p\u00eelnean\",\"@id\":\"https:\\\/\\\/buletin.de\\\/bucuresti\\\/#\\\/schema\\\/person\\\/ab174cf6711728e4ee83d672acf9a912\"},\"headline\":\"Bucure\u0219ti\uff5cLinia 41, blocat\u0103 de trei ori \u00eentr-o zi. Dou\u0103 tramvaie Imperio s-au defectat\",\"datePublished\":\"2023-04-04T17:18:01+00:00\",\"dateModified\":\"2023-04-04T17:30:08+00:00\",\"mainEntityOfPage\":{\"@id\":\"https:\\\/\\\/buletin.de\\\/bucuresti\\\/bucuresti%ef%bd%9clinia-41-de-tramvai-blocata-de-trei-ori-intr-o-zi\\\/\"},\"wordCount\":349,\"publisher\":{\"@id\":\"https:\\\/\\\/buletin.de\\\/bucuresti\\\/#organization\"},\"image\":{\"@id\":\"https:\\\/\\\/buletin.de\\\/bucuresti\\\/bucuresti%ef%bd%9clinia-41-de-tramvai-blocata-de-trei-ori-intr-o-zi\\\/#primaryimage\"},\"thumbnailUrl\":\"https:\\\/\\\/buletin.de\\\/bucuresti\\\/wp-content\\\/uploads\\\/318975936_689388479204236_5458293876777201803_n.jpg\",\"articleSection\":[\"\u0218tiri\"],\"inLanguage\":\"en-GB\",\"copyrightYear\":\"2023\",\"copyrightHolder\":{\"@id\":\"https:\\\/\\\/buletin.de\\\/bucuresti\\\/#organization\"}},{\"@type\":\"WebPage\",\"@id\":\"https:\\\/\\\/buletin.de\\\/bucuresti\\\/bucuresti%ef%bd%9clinia-41-de-tramvai-blocata-de-trei-ori-intr-o-zi\\\/\",\"url\":\"https:\\\/\\\/buletin.de\\\/bucuresti\\\/bucuresti%ef%bd%9clinia-41-de-tramvai-blocata-de-trei-ori-intr-o-zi\\\/\",\"name\":\"Bucure\u0219ti\uff5cLinia 41, blocat\u0103 de trei ori \u00eentr-o zi. Dou\u0103 tramvaie Imperio s-au defectat - Buletin de Bucure\u0219ti\",\"isPartOf\":{\"@id\":\"https:\\\/\\\/buletin.de\\\/bucuresti\\\/#website\"},\"primaryImageOfPage\":{\"@id\":\"https:\\\/\\\/buletin.de\\\/bucuresti\\\/bucuresti%ef%bd%9clinia-41-de-tramvai-blocata-de-trei-ori-intr-o-zi\\\/#primaryimage\"},\"image\":{\"@id\":\"https:\\\/\\\/buletin.de\\\/bucuresti\\\/bucuresti%ef%bd%9clinia-41-de-tramvai-blocata-de-trei-ori-intr-o-zi\\\/#primaryimage\"},\"thumbnailUrl\":\"https:\\\/\\\/buletin.de\\\/bucuresti\\\/wp-content\\\/uploads\\\/318975936_689388479204236_5458293876777201803_n.jpg\",\"datePublished\":\"2023-04-04T17:18:01+00:00\",\"dateModified\":\"2023-04-04T17:30:08+00:00\",\"breadcrumb\":{\"@id\":\"https:\\\/\\\/buletin.de\\\/bucuresti\\\/bucuresti%ef%bd%9clinia-41-de-tramvai-blocata-de-trei-ori-intr-o-zi\\\/#breadcrumb\"},\"inLanguage\":\"en-GB\",\"potentialAction\":[{\"@type\":\"ReadAction\",\"target\":[\"https:\\\/\\\/buletin.de\\\/bucuresti\\\/bucuresti%ef%bd%9clinia-41-de-tramvai-blocata-de-trei-ori-intr-o-zi\\\/\"]}]},{\"@type\":\"ImageObject\",\"inLanguage\":\"en-GB\",\"@id\":\"https:\\\/\\\/buletin.de\\\/bucuresti\\\/bucuresti%ef%bd%9clinia-41-de-tramvai-blocata-de-trei-ori-intr-o-zi\\\/#primaryimage\",\"url\":\"https:\\\/\\\/buletin.de\\\/bucuresti\\\/wp-content\\\/uploads\\\/318975936_689388479204236_5458293876777201803_n.jpg\",\"contentUrl\":\"https:\\\/\\\/buletin.de\\\/bucuresti\\\/wp-content\\\/uploads\\\/318975936_689388479204236_5458293876777201803_n.jpg\",\"width\":1600,\"height\":1066},{\"@type\":\"BreadcrumbList\",\"@id\":\"https:\\\/\\\/buletin.de\\\/bucuresti\\\/bucuresti%ef%bd%9clinia-41-de-tramvai-blocata-de-trei-ori-intr-o-zi\\\/#breadcrumb\",\"itemListElement\":[{\"@type\":\"ListItem\",\"position\":1,\"name\":\"Acas\u0103\",\"item\":\"https:\\\/\\\/buletin.de\\\/bucuresti\\\/\"},{\"@type\":\"ListItem\",\"position\":2,\"name\":\"Bucure\u0219ti\uff5cLinia 41, blocat\u0103 de trei ori \u00eentr-o zi. Dou\u0103 tramvaie Imperio s-au defectat\"}]},{\"@type\":\"WebSite\",\"@id\":\"https:\\\/\\\/buletin.de\\\/bucuresti\\\/#website\",\"url\":\"https:\\\/\\\/buletin.de\\\/bucuresti\\\/\",\"name\":\"Buletin de Bucure\u0219ti\",\"description\":\"\u0218tiri \u0219i investiga\u021bii esen\u021biale din capital\u0103\",\"publisher\":{\"@id\":\"https:\\\/\\\/buletin.de\\\/bucuresti\\\/#organization\"},\"potentialAction\":[{\"@type\":\"SearchAction\",\"target\":{\"@type\":\"EntryPoint\",\"urlTemplate\":\"https:\\\/\\\/buletin.de\\\/bucuresti\\\/?s={search_term_string}\"},\"query-input\":{\"@type\":\"PropertyValueSpecification\",\"valueRequired\":true,\"valueName\":\"search_term_string\"}}],\"inLanguage\":\"en-GB\"},{\"@type\":\"Organization\",\"@id\":\"https:\\\/\\\/buletin.de\\\/bucuresti\\\/#organization\",\"name\":\"Buletin de Bucure\u0219ti\",\"url\":\"https:\\\/\\\/buletin.de\\\/bucuresti\\\/\",\"logo\":{\"@type\":\"ImageObject\",\"inLanguage\":\"en-GB\",\"@id\":\"https:\\\/\\\/buletin.de\\\/bucuresti\\\/#\\\/schema\\\/logo\\\/image\\\/\",\"url\":\"https:\\\/\\\/buletin.de\\\/bucuresti\\\/wp-content\\\/uploads\\\/logo-bdb-full-wide-vernil-transparent.png\",\"contentUrl\":\"https:\\\/\\\/buletin.de\\\/bucuresti\\\/wp-content\\\/uploads\\\/logo-bdb-full-wide-vernil-transparent.png\",\"width\":1782,\"height\":626,\"caption\":\"Buletin de Bucure\u0219ti\"},\"image\":{\"@id\":\"https:\\\/\\\/buletin.de\\\/bucuresti\\\/#\\\/schema\\\/logo\\\/image\\\/\"},\"sameAs\":[\"https:\\\/\\\/www.facebook.com\\\/buletin.de.buc\",\"https:\\\/\\\/www.instagram.com\\\/buletinde.bucuresti\\\/\"]},{\"@type\":\"Person\",\"@id\":\"https:\\\/\\\/buletin.de\\\/bucuresti\\\/#\\\/schema\\\/person\\\/ab174cf6711728e4ee83d672acf9a912\",\"name\":\"Adina C\u0103p\u00eelnean\",\"image\":{\"@type\":\"ImageObject\",\"inLanguage\":\"en-GB\",\"@id\":\"https:\\\/\\\/secure.gravatar.com\\\/avatar\\\/4fe9675d6282fd7c1aa4e486a037d532d5728fc16a30360f293eb6126b2e73ad?s=96&d=monsterid&r=ge2b23868508aec3460d3c6a11d3b599a\",\"url\":\"https:\\\/\\\/secure.gravatar.com\\\/avatar\\\/4fe9675d6282fd7c1aa4e486a037d532d5728fc16a30360f293eb6126b2e73ad?s=96&d=monsterid&r=g\",\"contentUrl\":\"https:\\\/\\\/secure.gravatar.com\\\/avatar\\\/4fe9675d6282fd7c1aa4e486a037d532d5728fc16a30360f293eb6126b2e73ad?s=96&d=monsterid&r=g\",\"caption\":\"Adina C\u0103p\u00eelnean\"},\"url\":\"https:\\\/\\\/buletin.de\\\/bucuresti\\\/author\\\/adinacapilnean\\\/\"}]}<\/script>\n<!-- \/ Yoast SEO Premium plugin. -->","yoast_head_json":{"title":"Bucure\u0219ti\uff5cLinia 41, blocat\u0103 de trei ori \u00eentr-o zi. Dou\u0103 tramvaie Imperio s-au defectat - Buletin de Bucure\u0219ti","robots":{"index":"index","follow":"follow","max-snippet":"max-snippet:-1","max-image-preview":"max-image-preview:large","max-video-preview":"max-video-preview:-1"},"canonical":"https:\/\/buletin.de\/bucuresti\/bucuresti\uff5clinia-41-de-tramvai-blocata-de-trei-ori-intr-o-zi\/","og_locale":"en_GB","og_type":"article","og_title":"Bucure\u0219ti\uff5cLinia 41, blocat\u0103 de trei ori \u00eentr-o zi. Dou\u0103 tramvaie Imperio s-au defectat","og_description":"Linia de tramvai 41 a fost blocat\u0103 de dou\u0103 ori mar\u021bi, 04 aprilie, din cauza unor defec\u021biuni ale noilor garnituri Imperio, \u0219i \u00eenc\u0103 o dat\u0103 deoarece a c\u0103zut un cablu de internet peste tramvai, conform informa\u021biilor transmise de STB. \u00cen zona cap\u0103tului de linie Ghencea a avut loc prima oprire \u00een trafic, \u00een jurul orei [&hellip;]","og_url":"https:\/\/buletin.de\/bucuresti\/bucuresti\uff5clinia-41-de-tramvai-blocata-de-trei-ori-intr-o-zi\/","og_site_name":"Buletin de Bucure\u0219ti","article_publisher":"https:\/\/www.facebook.com\/buletin.de.buc","article_published_time":"2023-04-04T17:18:01+00:00","article_modified_time":"2023-04-04T17:30:08+00:00","og_image":[{"width":1600,"height":1066,"url":"https:\/\/buletin.de\/bucuresti\/wp-content\/uploads\/318975936_689388479204236_5458293876777201803_n.jpg","type":"image\/jpeg"}],"author":"Adina C\u0103p\u00eelnean","twitter_card":"summary_large_image","twitter_misc":{"Written by":"Adina C\u0103p\u00eelnean","Estimated reading time":"2 minutes"},"schema":{"@context":"https:\/\/schema.org","@graph":[{"@type":"Article","@id":"https:\/\/buletin.de\/bucuresti\/bucuresti%ef%bd%9clinia-41-de-tramvai-blocata-de-trei-ori-intr-o-zi\/#article","isPartOf":{"@id":"https:\/\/buletin.de\/bucuresti\/bucuresti%ef%bd%9clinia-41-de-tramvai-blocata-de-trei-ori-intr-o-zi\/"},"author":{"name":"Adina C\u0103p\u00eelnean","@id":"https:\/\/buletin.de\/bucuresti\/#\/schema\/person\/ab174cf6711728e4ee83d672acf9a912"},"headline":"Bucure\u0219ti\uff5cLinia 41, blocat\u0103 de trei ori \u00eentr-o zi. Dou\u0103 tramvaie Imperio s-au defectat","datePublished":"2023-04-04T17:18:01+00:00","dateModified":"2023-04-04T17:30:08+00:00","mainEntityOfPage":{"@id":"https:\/\/buletin.de\/bucuresti\/bucuresti%ef%bd%9clinia-41-de-tramvai-blocata-de-trei-ori-intr-o-zi\/"},"wordCount":349,"publisher":{"@id":"https:\/\/buletin.de\/bucuresti\/#organization"},"image":{"@id":"https:\/\/buletin.de\/bucuresti\/bucuresti%ef%bd%9clinia-41-de-tramvai-blocata-de-trei-ori-intr-o-zi\/#primaryimage"},"thumbnailUrl":"https:\/\/buletin.de\/bucuresti\/wp-content\/uploads\/318975936_689388479204236_5458293876777201803_n.jpg","articleSection":["\u0218tiri"],"inLanguage":"en-GB","copyrightYear":"2023","copyrightHolder":{"@id":"https:\/\/buletin.de\/bucuresti\/#organization"}},{"@type":"WebPage","@id":"https:\/\/buletin.de\/bucuresti\/bucuresti%ef%bd%9clinia-41-de-tramvai-blocata-de-trei-ori-intr-o-zi\/","url":"https:\/\/buletin.de\/bucuresti\/bucuresti%ef%bd%9clinia-41-de-tramvai-blocata-de-trei-ori-intr-o-zi\/","name":"Bucure\u0219ti\uff5cLinia 41, blocat\u0103 de trei ori \u00eentr-o zi. Dou\u0103 tramvaie Imperio s-au defectat - Buletin de Bucure\u0219ti","isPartOf":{"@id":"https:\/\/buletin.de\/bucuresti\/#website"},"primaryImageOfPage":{"@id":"https:\/\/buletin.de\/bucuresti\/bucuresti%ef%bd%9clinia-41-de-tramvai-blocata-de-trei-ori-intr-o-zi\/#primaryimage"},"image":{"@id":"https:\/\/buletin.de\/bucuresti\/bucuresti%ef%bd%9clinia-41-de-tramvai-blocata-de-trei-ori-intr-o-zi\/#primaryimage"},"thumbnailUrl":"https:\/\/buletin.de\/bucuresti\/wp-content\/uploads\/318975936_689388479204236_5458293876777201803_n.jpg","datePublished":"2023-04-04T17:18:01+00:00","dateModified":"2023-04-04T17:30:08+00:00","breadcrumb":{"@id":"https:\/\/buletin.de\/bucuresti\/bucuresti%ef%bd%9clinia-41-de-tramvai-blocata-de-trei-ori-intr-o-zi\/#breadcrumb"},"inLanguage":"en-GB","potentialAction":[{"@type":"ReadAction","target":["https:\/\/buletin.de\/bucuresti\/bucuresti%ef%bd%9clinia-41-de-tramvai-blocata-de-trei-ori-intr-o-zi\/"]}]},{"@type":"ImageObject","inLanguage":"en-GB","@id":"https:\/\/buletin.de\/bucuresti\/bucuresti%ef%bd%9clinia-41-de-tramvai-blocata-de-trei-ori-intr-o-zi\/#primaryimage","url":"https:\/\/buletin.de\/bucuresti\/wp-content\/uploads\/318975936_689388479204236_5458293876777201803_n.jpg","contentUrl":"https:\/\/buletin.de\/bucuresti\/wp-content\/uploads\/318975936_689388479204236_5458293876777201803_n.jpg","width":1600,"height":1066},{"@type":"BreadcrumbList","@id":"https:\/\/buletin.de\/bucuresti\/bucuresti%ef%bd%9clinia-41-de-tramvai-blocata-de-trei-ori-intr-o-zi\/#breadcrumb","itemListElement":[{"@type":"ListItem","position":1,"name":"Acas\u0103","item":"https:\/\/buletin.de\/bucuresti\/"},{"@type":"ListItem","position":2,"name":"Bucure\u0219ti\uff5cLinia 41, blocat\u0103 de trei ori \u00eentr-o zi. Dou\u0103 tramvaie Imperio s-au defectat"}]},{"@type":"WebSite","@id":"https:\/\/buletin.de\/bucuresti\/#website","url":"https:\/\/buletin.de\/bucuresti\/","name":"Buletin de Bucure\u0219ti","description":"\u0218tiri \u0219i investiga\u021bii esen\u021biale din capital\u0103","publisher":{"@id":"https:\/\/buletin.de\/bucuresti\/#organization"},"potentialAction":[{"@type":"SearchAction","target":{"@type":"EntryPoint","urlTemplate":"https:\/\/buletin.de\/bucuresti\/?s={search_term_string}"},"query-input":{"@type":"PropertyValueSpecification","valueRequired":true,"valueName":"search_term_string"}}],"inLanguage":"en-GB"},{"@type":"Organization","@id":"https:\/\/buletin.de\/bucuresti\/#organization","name":"Buletin de Bucure\u0219ti","url":"https:\/\/buletin.de\/bucuresti\/","logo":{"@type":"ImageObject","inLanguage":"en-GB","@id":"https:\/\/buletin.de\/bucuresti\/#\/schema\/logo\/image\/","url":"https:\/\/buletin.de\/bucuresti\/wp-content\/uploads\/logo-bdb-full-wide-vernil-transparent.png","contentUrl":"https:\/\/buletin.de\/bucuresti\/wp-content\/uploads\/logo-bdb-full-wide-vernil-transparent.png","width":1782,"height":626,"caption":"Buletin de Bucure\u0219ti"},"image":{"@id":"https:\/\/buletin.de\/bucuresti\/#\/schema\/logo\/image\/"},"sameAs":["https:\/\/www.facebook.com\/buletin.de.buc","https:\/\/www.instagram.com\/buletinde.bucuresti\/"]},{"@type":"Person","@id":"https:\/\/buletin.de\/bucuresti\/#\/schema\/person\/ab174cf6711728e4ee83d672acf9a912","name":"Adina C\u0103p\u00eelnean","image":{"@type":"ImageObject","inLanguage":"en-GB","@id":"https:\/\/secure.gravatar.com\/avatar\/4fe9675d6282fd7c1aa4e486a037d532d5728fc16a30360f293eb6126b2e73ad?s=96&d=monsterid&r=ge2b23868508aec3460d3c6a11d3b599a","url":"https:\/\/secure.gravatar.com\/avatar\/4fe9675d6282fd7c1aa4e486a037d532d5728fc16a30360f293eb6126b2e73ad?s=96&d=monsterid&r=g","contentUrl":"https:\/\/secure.gravatar.com\/avatar\/4fe9675d6282fd7c1aa4e486a037d532d5728fc16a30360f293eb6126b2e73ad?s=96&d=monsterid&r=g","caption":"Adina C\u0103p\u00eelnean"},"url":"https:\/\/buletin.de\/bucuresti\/author\/adinacapilnean\/"}]}},"authors":[{"term_id":22580,"user_id":47,"is_guest":0,"slug":"adinacapilnean","display_name":"Adina C\u0103p\u00eelnean","avatar_url":"https:\/\/secure.gravatar.com\/avatar\/4fe9675d6282fd7c1aa4e486a037d532d5728fc16a30360f293eb6126b2e73ad?s=96&d=monsterid&r=g","0":null,"1":"","2":"","3":"","4":"","5":"","6":"","7":"","8":""}],"_links":{"self":[{"href":"https:\/\/buletin.de\/bucuresti\/wp-json\/wp\/v2\/posts\/57336","targetHints":{"allow":["GET"]}}],"collection":[{"href":"https:\/\/buletin.de\/bucuresti\/wp-json\/wp\/v2\/posts"}],"about":[{"href":"https:\/\/buletin.de\/bucuresti\/wp-json\/wp\/v2\/types\/post"}],"author":[{"embeddable":true,"href":"https:\/\/buletin.de\/bucuresti\/wp-json\/wp\/v2\/users\/47"}],"replies":[{"embeddable":true,"href":"https:\/\/buletin.de\/bucuresti\/wp-json\/wp\/v2\/comments?post=57336"}],"version-history":[{"count":4,"href":"https:\/\/buletin.de\/bucuresti\/wp-json\/wp\/v2\/posts\/57336\/revisions"}],"predecessor-version":[{"id":57343,"href":"https:\/\/buletin.de\/bucuresti\/wp-json\/wp\/v2\/posts\/57336\/revisions\/57343"}],"wp:featuredmedia":[{"embeddable":true,"href":"https:\/\/buletin.de\/bucuresti\/wp-json\/wp\/v2\/media\/49329"}],"wp:attachment":[{"href":"https:\/\/buletin.de\/bucuresti\/wp-json\/wp\/v2\/media?parent=57336"}],"wp:term":[{"taxonomy":"category","embeddable":true,"href":"https:\/\/buletin.de\/bucuresti\/wp-json\/wp\/v2\/categories?post=57336"},{"taxonomy":"post_tag","embeddable":true,"href":"https:\/\/buletin.de\/bucuresti\/wp-json\/wp\/v2\/tags?post=57336"},{"taxonomy":"author","embeddable":true,"href":"https:\/\/buletin.de\/bucuresti\/wp-json\/wp\/v2\/ppma_author?post=57336"}],"curies":[{"name":"wp","href":"https:\/\/api.w.org\/{rel}","templated":true}]}}