{"id":57254,"date":"2023-04-03T13:53:59","date_gmt":"2023-04-03T11:53:59","guid":{"rendered":"https:\/\/buletin.de\/bucuresti\/?p=57254"},"modified":"2023-04-04T07:32:43","modified_gmt":"2023-04-04T05:32:43","slug":"inca-un-pas-pentru-teatrul-de-vara-din-parcul-bazilescu-s-a-semnat-certificatul-de-urbanism","status":"publish","type":"post","link":"https:\/\/buletin.de\/bucuresti\/inca-un-pas-pentru-teatrul-de-vara-din-parcul-bazilescu-s-a-semnat-certificatul-de-urbanism\/","title":{"rendered":"\u00cenc\u0103 un pas pentru Teatrul de Var\u0103 din Parcul Bazilescu. S-a semnat certificatul de urbanism"},"content":{"rendered":"\n<p class=\"has-pale-cyan-blue-background-color has-background\">Certificatul de urbanism pentru lucr\u0103rile de modernizare \u015fi reabilitare a Teatrului de Var\u0103 \u201eNicolae B\u0103lcescu\u201d din Parcul Bazilescu a fost semnat de primarul general al Capitalei.<\/p>\n\n\n\n<p>\u201ePrim\u0103ria Sectorului 1 se va ocupa de lucr\u0103rile pentru restaurarea cl\u0103dirii care se afl\u0103 \u00eentr-o stare avansat\u0103 de degradare, fiind scoas\u0103 din uz \u0219i abandonat\u0103. Printre obiectivele lucr\u0103rilor se num\u0103r\u0103: refacerea integral\u0103 a instala\u021biilor termice, electrice, eficientizarea energetic\u0103 a cl\u0103dirii, echiparea cu tehnic\u0103 pentru sus\u021binerea evenimentelor artistice, restaurarea obiectelor cu valoare istoric\u0103 \u0219i arhitectural\u0103\u201d, a precizat primarul general Nicu\u015for Dan pe pagina sa de Facebook.<\/p>\n\n\n\n<iframe src=\"https:\/\/www.facebook.com\/plugins\/post.php?href=https%3A%2F%2Fwww.facebook.com%2FNicusorDan.ro%2Fposts%2Fpfbid024bAvZDiug18V8f4QVLJA5GXA5hQPD55eqtT1aRJo49FztrcjaEauxoGPiBnWPv3Ll&amp;show_text=true&amp;width=500\" width=\"500\" height=\"538\" style=\"border:none;overflow:hidden\" scrolling=\"no\" frameborder=\"0\" allowfullscreen=\"true\" allow=\"autoplay; clipboard-write; encrypted-media; picture-in-picture; web-share\"><\/iframe>\n\n\n\n<p>Construit \u00een 1953, Teatrul de Var\u0103 din Parcul Bazilescu este una dintre multele cl\u0103diri l\u0103sate \u00een paragin\u0103 de statul rom\u00e2n de-a lungul a zeci de ani. Din cauza neglijen\u0163ei autorit\u0103\u0163ilor, cl\u0103direa a ajuns o ruin\u0103 ce s-ar putea pr\u0103bu\u015fi la prima furtun\u0103 mai serioas\u0103.<\/p>\n\n\n\n<p>\u00cen 2019, imobilul a intrat <a href=\"https:\/\/buletin.de\/bucuresti\/primaria-sectorului-1-incepe-reabilitarea-teatrului-de-vara-nicolae-balcescu-din-parcul-bazilescu\/\">\u00een administrarea Prim\u0103riei Sectorului 1<\/a> \u015fi tot la acea vreme s-au \u00eenceput discu\u0163iile legate de reabilitarea sa. \u00cen prag de campanie electoral\u0103, fostul edil Daniel Tudorache promitea o via\u0163\u0103 nou\u0103 pentru aceast\u0103 cl\u0103dire \u015fi sus\u0163inea c\u0103 are <a href=\"https:\/\/www.primariasector1.ro\/articole\/citeste\/comunicate-presa\/1755\/teatrul-de-vara-din-parcul-bazilescu-a-trecut-din-patrimoniul-ministerului-culturii-in-domeniul-public-al-municipiului-bucuresti\">\u015fi banii \u015fi dorin\u0163a.<\/a><\/p>\n\n\n\n<p>\u00cen februarie 2021, proiectul de reabilitare a fost scos de la naftalin\u0103. Costurile au fost reevaluate de actuala administra\u021bie la pu\u021bin peste 20 de milioane de euro \u0219i s-a trecut la urm\u0103torul pas.<\/p>\n\n\n\n<p>Tencuiala de pe coloanele impozante ale teatrului cade zilnic, iar cl\u0103direa a ajuns un pericol public pentru locuitorii din <em>Bucure\u0219tii Noi<\/em>, care trec prin parc. \u00cen partea st\u00e2ng\u0103 a cl\u0103dirii, pe unul dintre gardurile care ar trebui s\u0103 restric\u021bioneze accesul persoanelor, se afl\u0103 aceea\u0219i pancart\u0103 care \u00eenso\u021be\u0219te o bun\u0103 parte dintre monumentele istorice bucure\u0219tene, aflate \u00eentr-o stare sever\u0103 de degradare \u2013<strong>\u201eAten\u021bie! Pericol de Pr\u0103bu\u0219ire<\/strong><strong>\u201d<\/strong><strong>,<\/strong><strong> a <a href=\"https:\/\/buletin.de\/bucuresti\/reportaj-teatrul-de-vara-nicolae-balcescu-ruina-din-mijlocul-parcului-bazilescu\/\">scria Buletin de Bucure\u015fti anul trecut.<\/a><\/strong><a href=\"https:\/\/buletin.de\/bucuresti\/reportaj-teatrul-de-vara-nicolae-balcescu-ruina-din-mijlocul-parcului-bazilescu\/\"><\/a><\/p>\n","protected":false},"excerpt":{"rendered":"<p>Certificatul de urbanism pentru lucr\u0103rile de modernizare \u015fi reabilitare a Teatrului de Var\u0103 \u201eNicolae B\u0103lcescu\u201d din Parcul Bazilescu a fost semnat de primarul general al Capitalei. \u201ePrim\u0103ria Sectorului 1 se va ocupa de lucr\u0103rile pentru restaurarea cl\u0103dirii care se afl\u0103 \u00eentr-o stare avansat\u0103 de degradare, fiind scoas\u0103 din uz \u0219i abandonat\u0103. Printre obiectivele lucr\u0103rilor se [&hellip;]<\/p>\n","protected":false},"author":38,"featured_media":57255,"comment_status":"closed","ping_status":"open","sticky":false,"template":"","format":"standard","meta":{"_acf_changed":false,"inline_featured_image":false,"ngg_post_thumbnail":0,"footnotes":""},"categories":[3419,62],"tags":[],"ppma_author":[22601],"class_list":["post-57254","post","type-post","status-publish","format-standard","has-post-thumbnail","hentry","category-featured","category-stiri"],"acf":[],"yoast_head":"<!-- This site is optimized with the Yoast SEO Premium plugin v25.3 (Yoast SEO v27.4) - https:\/\/yoast.com\/product\/yoast-seo-premium-wordpress\/ -->\n<title>\u00cenc\u0103 un pas pentru Teatrul de Var\u0103 din Parcul Bazilescu. S-a semnat certificatul de urbanism - Buletin de Bucure\u0219ti<\/title>\n<meta name=\"robots\" content=\"index, follow, max-snippet:-1, max-image-preview:large, max-video-preview:-1\" \/>\n<link rel=\"canonical\" href=\"https:\/\/buletin.de\/bucuresti\/inca-un-pas-pentru-teatrul-de-vara-din-parcul-bazilescu-s-a-semnat-certificatul-de-urbanism\/\" \/>\n<meta property=\"og:locale\" content=\"en_GB\" \/>\n<meta property=\"og:type\" content=\"article\" \/>\n<meta property=\"og:title\" content=\"\u00cenc\u0103 un pas pentru Teatrul de Var\u0103 din Parcul Bazilescu. S-a semnat certificatul de urbanism\" \/>\n<meta property=\"og:description\" content=\"Certificatul de urbanism pentru lucr\u0103rile de modernizare \u015fi reabilitare a Teatrului de Var\u0103 \u201eNicolae B\u0103lcescu\u201d din Parcul Bazilescu a fost semnat de primarul general al Capitalei. \u201ePrim\u0103ria Sectorului 1 se va ocupa de lucr\u0103rile pentru restaurarea cl\u0103dirii care se afl\u0103 \u00eentr-o stare avansat\u0103 de degradare, fiind scoas\u0103 din uz \u0219i abandonat\u0103. Printre obiectivele lucr\u0103rilor se [&hellip;]\" \/>\n<meta property=\"og:url\" content=\"https:\/\/buletin.de\/bucuresti\/inca-un-pas-pentru-teatrul-de-vara-din-parcul-bazilescu-s-a-semnat-certificatul-de-urbanism\/\" \/>\n<meta property=\"og:site_name\" content=\"Buletin de Bucure\u0219ti\" \/>\n<meta property=\"article:publisher\" content=\"https:\/\/www.facebook.com\/buletin.de.buc\" \/>\n<meta property=\"article:published_time\" content=\"2023-04-03T11:53:59+00:00\" \/>\n<meta property=\"article:modified_time\" content=\"2023-04-04T05:32:43+00:00\" \/>\n<meta property=\"og:image\" content=\"https:\/\/buletin.de\/bucuresti\/wp-content\/uploads\/bazilescu-1.jpeg\" \/>\n\t<meta property=\"og:image:width\" content=\"900\" \/>\n\t<meta property=\"og:image:height\" content=\"503\" \/>\n\t<meta property=\"og:image:type\" content=\"image\/jpeg\" \/>\n<meta name=\"author\" content=\"Anamaria Nedelcoff\" \/>\n<meta name=\"twitter:card\" content=\"summary_large_image\" \/>\n<meta name=\"twitter:label1\" content=\"Written by\" \/>\n\t<meta name=\"twitter:data1\" content=\"Anamaria Nedelcoff\" \/>\n\t<meta name=\"twitter:label2\" content=\"Estimated reading time\" \/>\n\t<meta name=\"twitter:data2\" content=\"2 minutes\" \/>\n<script type=\"application\/ld+json\" class=\"yoast-schema-graph\">{\"@context\":\"https:\\\/\\\/schema.org\",\"@graph\":[{\"@type\":\"Article\",\"@id\":\"https:\\\/\\\/buletin.de\\\/bucuresti\\\/inca-un-pas-pentru-teatrul-de-vara-din-parcul-bazilescu-s-a-semnat-certificatul-de-urbanism\\\/#article\",\"isPartOf\":{\"@id\":\"https:\\\/\\\/buletin.de\\\/bucuresti\\\/inca-un-pas-pentru-teatrul-de-vara-din-parcul-bazilescu-s-a-semnat-certificatul-de-urbanism\\\/\"},\"author\":{\"name\":\"Anamaria Nedelcoff\",\"@id\":\"https:\\\/\\\/buletin.de\\\/bucuresti\\\/#\\\/schema\\\/person\\\/bfa22994f12f5d3353b170aca494f1f9\"},\"headline\":\"\u00cenc\u0103 un pas pentru Teatrul de Var\u0103 din Parcul Bazilescu. S-a semnat certificatul de urbanism\",\"datePublished\":\"2023-04-03T11:53:59+00:00\",\"dateModified\":\"2023-04-04T05:32:43+00:00\",\"mainEntityOfPage\":{\"@id\":\"https:\\\/\\\/buletin.de\\\/bucuresti\\\/inca-un-pas-pentru-teatrul-de-vara-din-parcul-bazilescu-s-a-semnat-certificatul-de-urbanism\\\/\"},\"wordCount\":334,\"publisher\":{\"@id\":\"https:\\\/\\\/buletin.de\\\/bucuresti\\\/#organization\"},\"image\":{\"@id\":\"https:\\\/\\\/buletin.de\\\/bucuresti\\\/inca-un-pas-pentru-teatrul-de-vara-din-parcul-bazilescu-s-a-semnat-certificatul-de-urbanism\\\/#primaryimage\"},\"thumbnailUrl\":\"https:\\\/\\\/buletin.de\\\/bucuresti\\\/wp-content\\\/uploads\\\/bazilescu-1.jpeg\",\"articleSection\":[\"Featured\",\"\u0218tiri\"],\"inLanguage\":\"en-GB\",\"copyrightYear\":\"2023\",\"copyrightHolder\":{\"@id\":\"https:\\\/\\\/buletin.de\\\/bucuresti\\\/#organization\"}},{\"@type\":\"WebPage\",\"@id\":\"https:\\\/\\\/buletin.de\\\/bucuresti\\\/inca-un-pas-pentru-teatrul-de-vara-din-parcul-bazilescu-s-a-semnat-certificatul-de-urbanism\\\/\",\"url\":\"https:\\\/\\\/buletin.de\\\/bucuresti\\\/inca-un-pas-pentru-teatrul-de-vara-din-parcul-bazilescu-s-a-semnat-certificatul-de-urbanism\\\/\",\"name\":\"\u00cenc\u0103 un pas pentru Teatrul de Var\u0103 din Parcul Bazilescu. S-a semnat certificatul de urbanism - Buletin de Bucure\u0219ti\",\"isPartOf\":{\"@id\":\"https:\\\/\\\/buletin.de\\\/bucuresti\\\/#website\"},\"primaryImageOfPage\":{\"@id\":\"https:\\\/\\\/buletin.de\\\/bucuresti\\\/inca-un-pas-pentru-teatrul-de-vara-din-parcul-bazilescu-s-a-semnat-certificatul-de-urbanism\\\/#primaryimage\"},\"image\":{\"@id\":\"https:\\\/\\\/buletin.de\\\/bucuresti\\\/inca-un-pas-pentru-teatrul-de-vara-din-parcul-bazilescu-s-a-semnat-certificatul-de-urbanism\\\/#primaryimage\"},\"thumbnailUrl\":\"https:\\\/\\\/buletin.de\\\/bucuresti\\\/wp-content\\\/uploads\\\/bazilescu-1.jpeg\",\"datePublished\":\"2023-04-03T11:53:59+00:00\",\"dateModified\":\"2023-04-04T05:32:43+00:00\",\"breadcrumb\":{\"@id\":\"https:\\\/\\\/buletin.de\\\/bucuresti\\\/inca-un-pas-pentru-teatrul-de-vara-din-parcul-bazilescu-s-a-semnat-certificatul-de-urbanism\\\/#breadcrumb\"},\"inLanguage\":\"en-GB\",\"potentialAction\":[{\"@type\":\"ReadAction\",\"target\":[\"https:\\\/\\\/buletin.de\\\/bucuresti\\\/inca-un-pas-pentru-teatrul-de-vara-din-parcul-bazilescu-s-a-semnat-certificatul-de-urbanism\\\/\"]}]},{\"@type\":\"ImageObject\",\"inLanguage\":\"en-GB\",\"@id\":\"https:\\\/\\\/buletin.de\\\/bucuresti\\\/inca-un-pas-pentru-teatrul-de-vara-din-parcul-bazilescu-s-a-semnat-certificatul-de-urbanism\\\/#primaryimage\",\"url\":\"https:\\\/\\\/buletin.de\\\/bucuresti\\\/wp-content\\\/uploads\\\/bazilescu-1.jpeg\",\"contentUrl\":\"https:\\\/\\\/buletin.de\\\/bucuresti\\\/wp-content\\\/uploads\\\/bazilescu-1.jpeg\",\"width\":900,\"height\":503},{\"@type\":\"BreadcrumbList\",\"@id\":\"https:\\\/\\\/buletin.de\\\/bucuresti\\\/inca-un-pas-pentru-teatrul-de-vara-din-parcul-bazilescu-s-a-semnat-certificatul-de-urbanism\\\/#breadcrumb\",\"itemListElement\":[{\"@type\":\"ListItem\",\"position\":1,\"name\":\"Acas\u0103\",\"item\":\"https:\\\/\\\/buletin.de\\\/bucuresti\\\/\"},{\"@type\":\"ListItem\",\"position\":2,\"name\":\"\u00cenc\u0103 un pas pentru Teatrul de Var\u0103 din Parcul Bazilescu. S-a semnat certificatul de urbanism\"}]},{\"@type\":\"WebSite\",\"@id\":\"https:\\\/\\\/buletin.de\\\/bucuresti\\\/#website\",\"url\":\"https:\\\/\\\/buletin.de\\\/bucuresti\\\/\",\"name\":\"Buletin de Bucure\u0219ti\",\"description\":\"\u0218tiri \u0219i investiga\u021bii esen\u021biale din capital\u0103\",\"publisher\":{\"@id\":\"https:\\\/\\\/buletin.de\\\/bucuresti\\\/#organization\"},\"potentialAction\":[{\"@type\":\"SearchAction\",\"target\":{\"@type\":\"EntryPoint\",\"urlTemplate\":\"https:\\\/\\\/buletin.de\\\/bucuresti\\\/?s={search_term_string}\"},\"query-input\":{\"@type\":\"PropertyValueSpecification\",\"valueRequired\":true,\"valueName\":\"search_term_string\"}}],\"inLanguage\":\"en-GB\"},{\"@type\":\"Organization\",\"@id\":\"https:\\\/\\\/buletin.de\\\/bucuresti\\\/#organization\",\"name\":\"Buletin de Bucure\u0219ti\",\"url\":\"https:\\\/\\\/buletin.de\\\/bucuresti\\\/\",\"logo\":{\"@type\":\"ImageObject\",\"inLanguage\":\"en-GB\",\"@id\":\"https:\\\/\\\/buletin.de\\\/bucuresti\\\/#\\\/schema\\\/logo\\\/image\\\/\",\"url\":\"https:\\\/\\\/buletin.de\\\/bucuresti\\\/wp-content\\\/uploads\\\/logo-bdb-full-wide-vernil-transparent.png\",\"contentUrl\":\"https:\\\/\\\/buletin.de\\\/bucuresti\\\/wp-content\\\/uploads\\\/logo-bdb-full-wide-vernil-transparent.png\",\"width\":1782,\"height\":626,\"caption\":\"Buletin de Bucure\u0219ti\"},\"image\":{\"@id\":\"https:\\\/\\\/buletin.de\\\/bucuresti\\\/#\\\/schema\\\/logo\\\/image\\\/\"},\"sameAs\":[\"https:\\\/\\\/www.facebook.com\\\/buletin.de.buc\",\"https:\\\/\\\/www.instagram.com\\\/buletinde.bucuresti\\\/\"]},{\"@type\":\"Person\",\"@id\":\"https:\\\/\\\/buletin.de\\\/bucuresti\\\/#\\\/schema\\\/person\\\/bfa22994f12f5d3353b170aca494f1f9\",\"name\":\"Anamaria Nedelcoff\",\"image\":{\"@type\":\"ImageObject\",\"inLanguage\":\"en-GB\",\"@id\":\"https:\\\/\\\/secure.gravatar.com\\\/avatar\\\/409df91a26b98006111557131cc35236962765b734317e1dcf94c6bc1d010629?s=96&d=monsterid&r=g9bc3ae6c8e1522e913d1a0debd6aec89\",\"url\":\"https:\\\/\\\/secure.gravatar.com\\\/avatar\\\/409df91a26b98006111557131cc35236962765b734317e1dcf94c6bc1d010629?s=96&d=monsterid&r=g\",\"contentUrl\":\"https:\\\/\\\/secure.gravatar.com\\\/avatar\\\/409df91a26b98006111557131cc35236962765b734317e1dcf94c6bc1d010629?s=96&d=monsterid&r=g\",\"caption\":\"Anamaria Nedelcoff\"},\"url\":\"https:\\\/\\\/buletin.de\\\/bucuresti\\\/author\\\/nedelcoff\\\/\"}]}<\/script>\n<!-- \/ Yoast SEO Premium plugin. -->","yoast_head_json":{"title":"\u00cenc\u0103 un pas pentru Teatrul de Var\u0103 din Parcul Bazilescu. S-a semnat certificatul de urbanism - Buletin de Bucure\u0219ti","robots":{"index":"index","follow":"follow","max-snippet":"max-snippet:-1","max-image-preview":"max-image-preview:large","max-video-preview":"max-video-preview:-1"},"canonical":"https:\/\/buletin.de\/bucuresti\/inca-un-pas-pentru-teatrul-de-vara-din-parcul-bazilescu-s-a-semnat-certificatul-de-urbanism\/","og_locale":"en_GB","og_type":"article","og_title":"\u00cenc\u0103 un pas pentru Teatrul de Var\u0103 din Parcul Bazilescu. S-a semnat certificatul de urbanism","og_description":"Certificatul de urbanism pentru lucr\u0103rile de modernizare \u015fi reabilitare a Teatrului de Var\u0103 \u201eNicolae B\u0103lcescu\u201d din Parcul Bazilescu a fost semnat de primarul general al Capitalei. \u201ePrim\u0103ria Sectorului 1 se va ocupa de lucr\u0103rile pentru restaurarea cl\u0103dirii care se afl\u0103 \u00eentr-o stare avansat\u0103 de degradare, fiind scoas\u0103 din uz \u0219i abandonat\u0103. Printre obiectivele lucr\u0103rilor se [&hellip;]","og_url":"https:\/\/buletin.de\/bucuresti\/inca-un-pas-pentru-teatrul-de-vara-din-parcul-bazilescu-s-a-semnat-certificatul-de-urbanism\/","og_site_name":"Buletin de Bucure\u0219ti","article_publisher":"https:\/\/www.facebook.com\/buletin.de.buc","article_published_time":"2023-04-03T11:53:59+00:00","article_modified_time":"2023-04-04T05:32:43+00:00","og_image":[{"width":900,"height":503,"url":"https:\/\/buletin.de\/bucuresti\/wp-content\/uploads\/bazilescu-1.jpeg","type":"image\/jpeg"}],"author":"Anamaria Nedelcoff","twitter_card":"summary_large_image","twitter_misc":{"Written by":"Anamaria Nedelcoff","Estimated reading time":"2 minutes"},"schema":{"@context":"https:\/\/schema.org","@graph":[{"@type":"Article","@id":"https:\/\/buletin.de\/bucuresti\/inca-un-pas-pentru-teatrul-de-vara-din-parcul-bazilescu-s-a-semnat-certificatul-de-urbanism\/#article","isPartOf":{"@id":"https:\/\/buletin.de\/bucuresti\/inca-un-pas-pentru-teatrul-de-vara-din-parcul-bazilescu-s-a-semnat-certificatul-de-urbanism\/"},"author":{"name":"Anamaria Nedelcoff","@id":"https:\/\/buletin.de\/bucuresti\/#\/schema\/person\/bfa22994f12f5d3353b170aca494f1f9"},"headline":"\u00cenc\u0103 un pas pentru Teatrul de Var\u0103 din Parcul Bazilescu. S-a semnat certificatul de urbanism","datePublished":"2023-04-03T11:53:59+00:00","dateModified":"2023-04-04T05:32:43+00:00","mainEntityOfPage":{"@id":"https:\/\/buletin.de\/bucuresti\/inca-un-pas-pentru-teatrul-de-vara-din-parcul-bazilescu-s-a-semnat-certificatul-de-urbanism\/"},"wordCount":334,"publisher":{"@id":"https:\/\/buletin.de\/bucuresti\/#organization"},"image":{"@id":"https:\/\/buletin.de\/bucuresti\/inca-un-pas-pentru-teatrul-de-vara-din-parcul-bazilescu-s-a-semnat-certificatul-de-urbanism\/#primaryimage"},"thumbnailUrl":"https:\/\/buletin.de\/bucuresti\/wp-content\/uploads\/bazilescu-1.jpeg","articleSection":["Featured","\u0218tiri"],"inLanguage":"en-GB","copyrightYear":"2023","copyrightHolder":{"@id":"https:\/\/buletin.de\/bucuresti\/#organization"}},{"@type":"WebPage","@id":"https:\/\/buletin.de\/bucuresti\/inca-un-pas-pentru-teatrul-de-vara-din-parcul-bazilescu-s-a-semnat-certificatul-de-urbanism\/","url":"https:\/\/buletin.de\/bucuresti\/inca-un-pas-pentru-teatrul-de-vara-din-parcul-bazilescu-s-a-semnat-certificatul-de-urbanism\/","name":"\u00cenc\u0103 un pas pentru Teatrul de Var\u0103 din Parcul Bazilescu. S-a semnat certificatul de urbanism - Buletin de Bucure\u0219ti","isPartOf":{"@id":"https:\/\/buletin.de\/bucuresti\/#website"},"primaryImageOfPage":{"@id":"https:\/\/buletin.de\/bucuresti\/inca-un-pas-pentru-teatrul-de-vara-din-parcul-bazilescu-s-a-semnat-certificatul-de-urbanism\/#primaryimage"},"image":{"@id":"https:\/\/buletin.de\/bucuresti\/inca-un-pas-pentru-teatrul-de-vara-din-parcul-bazilescu-s-a-semnat-certificatul-de-urbanism\/#primaryimage"},"thumbnailUrl":"https:\/\/buletin.de\/bucuresti\/wp-content\/uploads\/bazilescu-1.jpeg","datePublished":"2023-04-03T11:53:59+00:00","dateModified":"2023-04-04T05:32:43+00:00","breadcrumb":{"@id":"https:\/\/buletin.de\/bucuresti\/inca-un-pas-pentru-teatrul-de-vara-din-parcul-bazilescu-s-a-semnat-certificatul-de-urbanism\/#breadcrumb"},"inLanguage":"en-GB","potentialAction":[{"@type":"ReadAction","target":["https:\/\/buletin.de\/bucuresti\/inca-un-pas-pentru-teatrul-de-vara-din-parcul-bazilescu-s-a-semnat-certificatul-de-urbanism\/"]}]},{"@type":"ImageObject","inLanguage":"en-GB","@id":"https:\/\/buletin.de\/bucuresti\/inca-un-pas-pentru-teatrul-de-vara-din-parcul-bazilescu-s-a-semnat-certificatul-de-urbanism\/#primaryimage","url":"https:\/\/buletin.de\/bucuresti\/wp-content\/uploads\/bazilescu-1.jpeg","contentUrl":"https:\/\/buletin.de\/bucuresti\/wp-content\/uploads\/bazilescu-1.jpeg","width":900,"height":503},{"@type":"BreadcrumbList","@id":"https:\/\/buletin.de\/bucuresti\/inca-un-pas-pentru-teatrul-de-vara-din-parcul-bazilescu-s-a-semnat-certificatul-de-urbanism\/#breadcrumb","itemListElement":[{"@type":"ListItem","position":1,"name":"Acas\u0103","item":"https:\/\/buletin.de\/bucuresti\/"},{"@type":"ListItem","position":2,"name":"\u00cenc\u0103 un pas pentru Teatrul de Var\u0103 din Parcul Bazilescu. S-a semnat certificatul de urbanism"}]},{"@type":"WebSite","@id":"https:\/\/buletin.de\/bucuresti\/#website","url":"https:\/\/buletin.de\/bucuresti\/","name":"Buletin de Bucure\u0219ti","description":"\u0218tiri \u0219i investiga\u021bii esen\u021biale din capital\u0103","publisher":{"@id":"https:\/\/buletin.de\/bucuresti\/#organization"},"potentialAction":[{"@type":"SearchAction","target":{"@type":"EntryPoint","urlTemplate":"https:\/\/buletin.de\/bucuresti\/?s={search_term_string}"},"query-input":{"@type":"PropertyValueSpecification","valueRequired":true,"valueName":"search_term_string"}}],"inLanguage":"en-GB"},{"@type":"Organization","@id":"https:\/\/buletin.de\/bucuresti\/#organization","name":"Buletin de Bucure\u0219ti","url":"https:\/\/buletin.de\/bucuresti\/","logo":{"@type":"ImageObject","inLanguage":"en-GB","@id":"https:\/\/buletin.de\/bucuresti\/#\/schema\/logo\/image\/","url":"https:\/\/buletin.de\/bucuresti\/wp-content\/uploads\/logo-bdb-full-wide-vernil-transparent.png","contentUrl":"https:\/\/buletin.de\/bucuresti\/wp-content\/uploads\/logo-bdb-full-wide-vernil-transparent.png","width":1782,"height":626,"caption":"Buletin de Bucure\u0219ti"},"image":{"@id":"https:\/\/buletin.de\/bucuresti\/#\/schema\/logo\/image\/"},"sameAs":["https:\/\/www.facebook.com\/buletin.de.buc","https:\/\/www.instagram.com\/buletinde.bucuresti\/"]},{"@type":"Person","@id":"https:\/\/buletin.de\/bucuresti\/#\/schema\/person\/bfa22994f12f5d3353b170aca494f1f9","name":"Anamaria Nedelcoff","image":{"@type":"ImageObject","inLanguage":"en-GB","@id":"https:\/\/secure.gravatar.com\/avatar\/409df91a26b98006111557131cc35236962765b734317e1dcf94c6bc1d010629?s=96&d=monsterid&r=g9bc3ae6c8e1522e913d1a0debd6aec89","url":"https:\/\/secure.gravatar.com\/avatar\/409df91a26b98006111557131cc35236962765b734317e1dcf94c6bc1d010629?s=96&d=monsterid&r=g","contentUrl":"https:\/\/secure.gravatar.com\/avatar\/409df91a26b98006111557131cc35236962765b734317e1dcf94c6bc1d010629?s=96&d=monsterid&r=g","caption":"Anamaria Nedelcoff"},"url":"https:\/\/buletin.de\/bucuresti\/author\/nedelcoff\/"}]}},"authors":[{"term_id":22601,"user_id":38,"is_guest":0,"slug":"nedelcoff","display_name":"Anamaria Nedelcoff","avatar_url":"https:\/\/secure.gravatar.com\/avatar\/409df91a26b98006111557131cc35236962765b734317e1dcf94c6bc1d010629?s=96&d=monsterid&r=g","0":null,"1":"","2":"","3":"","4":"","5":"","6":"","7":"","8":""}],"_links":{"self":[{"href":"https:\/\/buletin.de\/bucuresti\/wp-json\/wp\/v2\/posts\/57254","targetHints":{"allow":["GET"]}}],"collection":[{"href":"https:\/\/buletin.de\/bucuresti\/wp-json\/wp\/v2\/posts"}],"about":[{"href":"https:\/\/buletin.de\/bucuresti\/wp-json\/wp\/v2\/types\/post"}],"author":[{"embeddable":true,"href":"https:\/\/buletin.de\/bucuresti\/wp-json\/wp\/v2\/users\/38"}],"replies":[{"embeddable":true,"href":"https:\/\/buletin.de\/bucuresti\/wp-json\/wp\/v2\/comments?post=57254"}],"version-history":[{"count":3,"href":"https:\/\/buletin.de\/bucuresti\/wp-json\/wp\/v2\/posts\/57254\/revisions"}],"predecessor-version":[{"id":57258,"href":"https:\/\/buletin.de\/bucuresti\/wp-json\/wp\/v2\/posts\/57254\/revisions\/57258"}],"wp:featuredmedia":[{"embeddable":true,"href":"https:\/\/buletin.de\/bucuresti\/wp-json\/wp\/v2\/media\/57255"}],"wp:attachment":[{"href":"https:\/\/buletin.de\/bucuresti\/wp-json\/wp\/v2\/media?parent=57254"}],"wp:term":[{"taxonomy":"category","embeddable":true,"href":"https:\/\/buletin.de\/bucuresti\/wp-json\/wp\/v2\/categories?post=57254"},{"taxonomy":"post_tag","embeddable":true,"href":"https:\/\/buletin.de\/bucuresti\/wp-json\/wp\/v2\/tags?post=57254"},{"taxonomy":"author","embeddable":true,"href":"https:\/\/buletin.de\/bucuresti\/wp-json\/wp\/v2\/ppma_author?post=57254"}],"curies":[{"name":"wp","href":"https:\/\/api.w.org\/{rel}","templated":true}]}}