{"id":5724,"date":"2020-04-09T15:53:43","date_gmt":"2020-04-09T12:53:43","guid":{"rendered":"https:\/\/buletin.de\/bucuresti\/?p=5724"},"modified":"2020-04-10T09:19:08","modified_gmt":"2020-04-10T06:19:08","slug":"doua-zone-cu-stufaris-care-ar-fi-urmat-sa-fie-incendiate-in-nord-vestul-capitalei-descoperite-de-echipe-de-voluntari-la-1-kilometru-de-focarul-din-peris-isu-proprietarii-de-terenuri-risca","status":"publish","type":"post","link":"https:\/\/buletin.de\/bucuresti\/doua-zone-cu-stufaris-care-ar-fi-urmat-sa-fie-incendiate-in-nord-vestul-capitalei-descoperite-de-echipe-de-voluntari-la-1-kilometru-de-focarul-din-peris-isu-proprietarii-de-terenuri-risca\/","title":{"rendered":"Dou\u0103 zone cu stuf\u0103ri\u0219 care ar fi urmat s\u0103 fie incendiate l\u00e2ng\u0103 Capital\u0103, descoperite de echipe de voluntari la 1 kilometru de focarul din Peri\u0219. ISU: \u201cProprietarii de terenuri risc\u0103 amenzi de p\u00e2n\u0103 la 10.000 de lei\u201d"},"content":{"rendered":"\n<p><strong>Mai mul\u021bi membri ai Asocia\u021biei Salvatorilor Voluntari 4&#215;4<\/strong> <strong>au fost solicita\u021bi azi-noapte de Prim\u0103ria din Crevedia s\u0103 identifice poten\u021biale arderi necontrolate, dincolo de <a href=\"https:\/\/buletin.de\/bucuresti\/poluarea-din-capitala-la-batalele-unei-ferme-de-porci-devalizata-de-apropiati-ai-lui-liviu-dragnea\/\">incendiul de la fostele bataluri ale Romsuintest din Peri\u0219.<\/a> Ace\u0219tia au descoperit \u00een schimb mai multe materiale inflamabile, preg\u0103tite, sus\u021bin voluntarii, pentru incinerat.&nbsp;<\/strong><\/p>\n\n\n\n<p>Voluntarii au cercetat c\u00e2mpurile, canalele Administra\u021biei Na\u021bionale de \u00cembun\u0103t\u0103\u021biri Funciare \u0219i p\u0103durile din Nord-Vestul Bucure\u0219tiului cu 20 de ma\u0219ini, \u00eemp\u0103r\u021bite \u00een patru echipaje, al\u0103turi de reprezentan\u021bii autorit\u0103\u021bii locale din comuna Crevedia, din jude\u021bul D\u00e2mbovi\u021ba.<\/p>\n\n\n\n<p> \u201c<em>Am fost solicita\u021bi s\u0103-i ajut\u0103m cu ma\u0219inile noastre \u00een identificarea unor poten\u021biale focare \u00een zon\u0103. \u00cen afar\u0103 de incendiul care era \u00een desf\u0103\u0219urare. noi am g\u0103sit cauciucuri \u0219i sc\u00e2nduri, \u00een dou\u0103 locuri, care din punctul nostru de vedere erau preg\u0103tite pentru a fi incendiate. <a href=\"https:\/\/buletin.de\/bucuresti\/video-capitala-si-nord-vestul-judetului-ilfov-poluate-intens-de-un-incendiu-de-vegetatie-de-la-o-fosta-ferma-de-porci-din-peris-au-ars-inclusiv-materii-fecale\/\">Le-am g\u0103sit undeva la 1 kilometru distan\u021b\u0103 de incendiul din Peri\u0219<\/a>, \u00een zona de Vest, c\u0103tre localitatea D\u00e2rza<\/em>\u201d, spune pentru Buletin din Bucure\u0219ti, Adrian Corbu, membru al Asociatiei Rescue 4X4 \u0219i locuitor al comunei Corbeanca.<\/p>\n\n\n\n<p>Imaginile surprinse de voluntari au ajuns la Poli\u021bie \u0219i reprezentan\u021bii Inspectoratului pentru Situa\u021bii de Urgen\u021b\u0103.&nbsp;<\/p>\n\n\n\n<p>\u201c<em>Dup\u0103 ce am notificat insitut\u021biile abilitate, am adunat toate materialele iar acum sunt depozitate \u00een curtea prim\u0103riei din Crevedia<\/em>\u201d, continu\u0103 acesta.<\/p>\n\n\n\n<p>Contactat de Buletin de Bucure\u0219ti, purt\u0103torul de cuv\u00e2nt al ISU Bucure\u0219ti-Ilfov, Bogdan Toma a explicat c\u0103 exist\u0103 mai multe norme de aplicare a legii pentru astfel de situa\u021bii.<\/p>\n\n\n\n<p>\u201c<em>\u00cen cazul&nbsp; \u00een care nu este identificat autorul incendiului, <a href=\"https:\/\/buletin.de\/bucuresti\/poluarea-din-capitala-la-batalele-unei-ferme-de-porci-devalizata-de-apropiati-ai-lui-liviu-dragnea\/\">proprietarul terenului poate fi amendat pentru c\u0103 nu \u0219i-a luat toate m\u0103surile de preven\u021bie pentru ap\u0103rarea \u00eempotriva incendiilor<\/a>. Aici e vorba inclusiv de utilizatorul sau administratorul terenului. Amenzile, \u00een func\u021bie de situa\u021bie, sunt cuprinse \u00eentre 5.000 \u0219i 10.000 de lei<\/em>\u201d, explic\u0103 acesta.<\/p>\n\n\n\n<figure class=\"wp-block-image size-large\"><img fetchpriority=\"high\" decoding=\"async\" width=\"900\" height=\"675\" src=\"data:image\/gif;base64,R0lGODlhAQABAAAAACH5BAEKAAEALAAAAAABAAEAAAICTAEAOw==\" data-src=\"https:\/\/buletin.de\/bucuresti\/wp-content\/uploads\/92269102_3201109206579992_5985291648601423872_n-1-900x675.jpg\" alt=\"\" class=\"wp-image-5725 lazyload\" data-sizes=\"auto\" data-srcset=\"https:\/\/buletin.de\/bucuresti\/wp-content\/uploads\/92269102_3201109206579992_5985291648601423872_n-1-900x675.jpg 900w, https:\/\/buletin.de\/bucuresti\/wp-content\/uploads\/92269102_3201109206579992_5985291648601423872_n-1-600x450.jpg 600w, https:\/\/buletin.de\/bucuresti\/wp-content\/uploads\/92269102_3201109206579992_5985291648601423872_n-1-300x225.jpg 300w, https:\/\/buletin.de\/bucuresti\/wp-content\/uploads\/92269102_3201109206579992_5985291648601423872_n-1-768x576.jpg 768w, https:\/\/buletin.de\/bucuresti\/wp-content\/uploads\/92269102_3201109206579992_5985291648601423872_n-1-550x413.jpg 550w, https:\/\/buletin.de\/bucuresti\/wp-content\/uploads\/92269102_3201109206579992_5985291648601423872_n-1-667x500.jpg 667w, https:\/\/buletin.de\/bucuresti\/wp-content\/uploads\/92269102_3201109206579992_5985291648601423872_n-1.jpg 960w\" sizes=\"(max-width: 900px) 100vw, 900px\" \/><figcaption>Membri Asocia\u021biei Rescue 4&#215;4 au cercetat azi-noapte zeci de hectare de terenuri. (Sursa: Adrian Corbu) <\/figcaption><\/figure>\n\n\n\n<p>Astfel de patrule nu sunt organizate de cur\u00e2nd. La nivel na\u021bional, Asocia\u021bia Salvatorilor Voluntari 4&#215;4, care a fost declarat\u0103 \u00een 2019 ca fiind de utilitate public\u0103, particip\u0103 constant al\u0103turi de reprezentan\u021bii ISU la diverse misiuni. Acum num\u0103r\u0103 peste 2000 de membri la nivel na\u021bional, posesori de autoturisme de teren, care r\u0103spund cererilor de urgen\u021b\u0103 \u00een func\u021bie de timpul pe care \u00eel au.<\/p>\n\n\n\n<p> \u201c<em><a href=\"https:\/\/www.rescue4x4.ro\/incidente\/2020\">Astfel de ac\u021biuni, precum cea de azi-noapte, sunt constante \u0219i avem \u0219i altele la fel de importante.<\/a> \u00cen aceast\u0103 perioad\u0103 ajut\u0103m, printre altele, \u0219i la distribu\u021bia c\u0103tre unit\u0103\u021bile sanitare a substan\u021belor dezinfectante. Spre exemplu, tot \u00een cursul zilei de ieri, am distribuit c\u0103tre sediile Serviciului de Ambulan\u021b\u0103 Bucure\u0219ti-Ilfov dezinfectan\u021bi \u00een recipiente de p\u00e2n\u0103 la 20 de litri. Noi nu ajut\u0103m \u00eens\u0103 doar cu transportul. C\u0103ut\u0103m \u00een permanen\u021b\u0103 donatori, pe l\u00e2ng\u0103 faptul c\u0103 \u0219i membrii no\u0219tri fac dona\u021bii personale \u00een aceast\u0103 perioad\u0103<\/em>\u201d, conchide vicepre\u0219edintele Asocia\u021biei Salvatorilor Voluntari 4&#215;4, Paul Dorneanu.<br><\/p>\n","protected":false},"excerpt":{"rendered":"<p>Mai mul\u021bi membri ai Asocia\u021biei Salvatorilor Voluntari 4&#215;4 au fost solicita\u021bi azi-noapte de Prim\u0103ria din Crevedia s\u0103 identifice poten\u021biale arderi necontrolate, dincolo de incendiul de la fostele bataluri ale Romsuintest din Peri\u0219. Ace\u0219tia au descoperit \u00een schimb mai multe materiale inflamabile, preg\u0103tite, sus\u021bin voluntarii, pentru incinerat.&nbsp; Voluntarii au cercetat c\u00e2mpurile, canalele Administra\u021biei Na\u021bionale de \u00cembun\u0103t\u0103\u021biri [&hellip;]<\/p>\n","protected":false},"author":10,"featured_media":5726,"comment_status":"closed","ping_status":"open","sticky":false,"template":"","format":"standard","meta":{"_acf_changed":false,"inline_featured_image":false,"ngg_post_thumbnail":0,"footnotes":""},"categories":[109],"tags":[841,842,341,840,487],"ppma_author":[22575],"class_list":["post-5724","post","type-post","status-publish","format-standard","has-post-thumbnail","hentry","category-mediu","tag-4x4-rescue","tag-asociatie","tag-incendiu","tag-isu","tag-voluntari"],"acf":[],"yoast_head":"<!-- This site is optimized with the Yoast SEO Premium plugin v25.3 (Yoast SEO v27.4) - https:\/\/yoast.com\/product\/yoast-seo-premium-wordpress\/ -->\n<title>Dou\u0103 zone cu stuf\u0103ri\u0219 care ar fi urmat s\u0103 fie incendiate l\u00e2ng\u0103 Capital\u0103, descoperite de echipe de voluntari la 1 kilometru de focarul din Peri\u0219. ISU: \u201cProprietarii de terenuri risc\u0103 amenzi de p\u00e2n\u0103 la 10.000 de lei\u201d - Buletin de Bucure\u0219ti<\/title>\n<meta name=\"robots\" content=\"index, follow, max-snippet:-1, max-image-preview:large, max-video-preview:-1\" \/>\n<link rel=\"canonical\" href=\"https:\/\/buletin.de\/bucuresti\/doua-zone-cu-stufaris-care-ar-fi-urmat-sa-fie-incendiate-in-nord-vestul-capitalei-descoperite-de-echipe-de-voluntari-la-1-kilometru-de-focarul-din-peris-isu-proprietarii-de-terenuri-risca\/\" \/>\n<meta property=\"og:locale\" content=\"en_GB\" \/>\n<meta property=\"og:type\" content=\"article\" \/>\n<meta property=\"og:title\" content=\"Dou\u0103 zone cu stuf\u0103ri\u0219 care ar fi urmat s\u0103 fie incendiate l\u00e2ng\u0103 Capital\u0103, descoperite de echipe de voluntari la 1 kilometru de focarul din Peri\u0219. ISU: \u201cProprietarii de terenuri risc\u0103 amenzi de p\u00e2n\u0103 la 10.000 de lei\u201d\" \/>\n<meta property=\"og:description\" content=\"Mai mul\u021bi membri ai Asocia\u021biei Salvatorilor Voluntari 4&#215;4 au fost solicita\u021bi azi-noapte de Prim\u0103ria din Crevedia s\u0103 identifice poten\u021biale arderi necontrolate, dincolo de incendiul de la fostele bataluri ale Romsuintest din Peri\u0219. Ace\u0219tia au descoperit \u00een schimb mai multe materiale inflamabile, preg\u0103tite, sus\u021bin voluntarii, pentru incinerat.&nbsp; Voluntarii au cercetat c\u00e2mpurile, canalele Administra\u021biei Na\u021bionale de \u00cembun\u0103t\u0103\u021biri [&hellip;]\" \/>\n<meta property=\"og:url\" content=\"https:\/\/buletin.de\/bucuresti\/doua-zone-cu-stufaris-care-ar-fi-urmat-sa-fie-incendiate-in-nord-vestul-capitalei-descoperite-de-echipe-de-voluntari-la-1-kilometru-de-focarul-din-peris-isu-proprietarii-de-terenuri-risca\/\" \/>\n<meta property=\"og:site_name\" content=\"Buletin de Bucure\u0219ti\" \/>\n<meta property=\"article:publisher\" content=\"https:\/\/www.facebook.com\/buletin.de.buc\" \/>\n<meta property=\"article:published_time\" content=\"2020-04-09T12:53:43+00:00\" \/>\n<meta property=\"article:modified_time\" content=\"2020-04-10T06:19:08+00:00\" \/>\n<meta property=\"og:image\" content=\"https:\/\/buletin.de\/bucuresti\/wp-content\/uploads\/BeFunky-collage-2-1-scaled.jpg\" \/>\n\t<meta property=\"og:image:width\" content=\"2560\" \/>\n\t<meta property=\"og:image:height\" content=\"1502\" \/>\n\t<meta property=\"og:image:type\" content=\"image\/jpeg\" \/>\n<meta name=\"author\" content=\"C\u0103t\u0103lin Dosca\u0219\" \/>\n<meta name=\"twitter:card\" content=\"summary_large_image\" \/>\n<meta name=\"twitter:label1\" content=\"Written by\" \/>\n\t<meta name=\"twitter:data1\" content=\"C\u0103t\u0103lin Dosca\u0219\" \/>\n\t<meta name=\"twitter:label2\" content=\"Estimated reading time\" \/>\n\t<meta name=\"twitter:data2\" content=\"3 minutes\" \/>\n<script type=\"application\/ld+json\" class=\"yoast-schema-graph\">{\"@context\":\"https:\\\/\\\/schema.org\",\"@graph\":[{\"@type\":\"Article\",\"@id\":\"https:\\\/\\\/buletin.de\\\/bucuresti\\\/doua-zone-cu-stufaris-care-ar-fi-urmat-sa-fie-incendiate-in-nord-vestul-capitalei-descoperite-de-echipe-de-voluntari-la-1-kilometru-de-focarul-din-peris-isu-proprietarii-de-terenuri-risca\\\/#article\",\"isPartOf\":{\"@id\":\"https:\\\/\\\/buletin.de\\\/bucuresti\\\/doua-zone-cu-stufaris-care-ar-fi-urmat-sa-fie-incendiate-in-nord-vestul-capitalei-descoperite-de-echipe-de-voluntari-la-1-kilometru-de-focarul-din-peris-isu-proprietarii-de-terenuri-risca\\\/\"},\"author\":{\"name\":\"C\u0103t\u0103lin Dosca\u0219\",\"@id\":\"https:\\\/\\\/buletin.de\\\/bucuresti\\\/#\\\/schema\\\/person\\\/31117187ed4d0bdb0a4c7d6acc79d0f8\"},\"headline\":\"Dou\u0103 zone cu stuf\u0103ri\u0219 care ar fi urmat s\u0103 fie incendiate l\u00e2ng\u0103 Capital\u0103, descoperite de echipe de voluntari la 1 kilometru de focarul din Peri\u0219. ISU: \u201cProprietarii de terenuri risc\u0103 amenzi de p\u00e2n\u0103 la 10.000 de lei\u201d\",\"datePublished\":\"2020-04-09T12:53:43+00:00\",\"dateModified\":\"2020-04-10T06:19:08+00:00\",\"mainEntityOfPage\":{\"@id\":\"https:\\\/\\\/buletin.de\\\/bucuresti\\\/doua-zone-cu-stufaris-care-ar-fi-urmat-sa-fie-incendiate-in-nord-vestul-capitalei-descoperite-de-echipe-de-voluntari-la-1-kilometru-de-focarul-din-peris-isu-proprietarii-de-terenuri-risca\\\/\"},\"wordCount\":554,\"publisher\":{\"@id\":\"https:\\\/\\\/buletin.de\\\/bucuresti\\\/#organization\"},\"image\":{\"@id\":\"https:\\\/\\\/buletin.de\\\/bucuresti\\\/doua-zone-cu-stufaris-care-ar-fi-urmat-sa-fie-incendiate-in-nord-vestul-capitalei-descoperite-de-echipe-de-voluntari-la-1-kilometru-de-focarul-din-peris-isu-proprietarii-de-terenuri-risca\\\/#primaryimage\"},\"thumbnailUrl\":\"https:\\\/\\\/buletin.de\\\/bucuresti\\\/wp-content\\\/uploads\\\/BeFunky-collage-2-1-scaled.jpg\",\"keywords\":[\"4x4 rescue\",\"asociatie\",\"incendiu\",\"isu\",\"voluntari\"],\"articleSection\":[\"Mediu\"],\"inLanguage\":\"en-GB\",\"copyrightYear\":\"2020\",\"copyrightHolder\":{\"@id\":\"https:\\\/\\\/buletin.de\\\/bucuresti\\\/#organization\"}},{\"@type\":\"WebPage\",\"@id\":\"https:\\\/\\\/buletin.de\\\/bucuresti\\\/doua-zone-cu-stufaris-care-ar-fi-urmat-sa-fie-incendiate-in-nord-vestul-capitalei-descoperite-de-echipe-de-voluntari-la-1-kilometru-de-focarul-din-peris-isu-proprietarii-de-terenuri-risca\\\/\",\"url\":\"https:\\\/\\\/buletin.de\\\/bucuresti\\\/doua-zone-cu-stufaris-care-ar-fi-urmat-sa-fie-incendiate-in-nord-vestul-capitalei-descoperite-de-echipe-de-voluntari-la-1-kilometru-de-focarul-din-peris-isu-proprietarii-de-terenuri-risca\\\/\",\"name\":\"Dou\u0103 zone cu stuf\u0103ri\u0219 care ar fi urmat s\u0103 fie incendiate l\u00e2ng\u0103 Capital\u0103, descoperite de echipe de voluntari la 1 kilometru de focarul din Peri\u0219. ISU: \u201cProprietarii de terenuri risc\u0103 amenzi de p\u00e2n\u0103 la 10.000 de lei\u201d - Buletin de Bucure\u0219ti\",\"isPartOf\":{\"@id\":\"https:\\\/\\\/buletin.de\\\/bucuresti\\\/#website\"},\"primaryImageOfPage\":{\"@id\":\"https:\\\/\\\/buletin.de\\\/bucuresti\\\/doua-zone-cu-stufaris-care-ar-fi-urmat-sa-fie-incendiate-in-nord-vestul-capitalei-descoperite-de-echipe-de-voluntari-la-1-kilometru-de-focarul-din-peris-isu-proprietarii-de-terenuri-risca\\\/#primaryimage\"},\"image\":{\"@id\":\"https:\\\/\\\/buletin.de\\\/bucuresti\\\/doua-zone-cu-stufaris-care-ar-fi-urmat-sa-fie-incendiate-in-nord-vestul-capitalei-descoperite-de-echipe-de-voluntari-la-1-kilometru-de-focarul-din-peris-isu-proprietarii-de-terenuri-risca\\\/#primaryimage\"},\"thumbnailUrl\":\"https:\\\/\\\/buletin.de\\\/bucuresti\\\/wp-content\\\/uploads\\\/BeFunky-collage-2-1-scaled.jpg\",\"datePublished\":\"2020-04-09T12:53:43+00:00\",\"dateModified\":\"2020-04-10T06:19:08+00:00\",\"breadcrumb\":{\"@id\":\"https:\\\/\\\/buletin.de\\\/bucuresti\\\/doua-zone-cu-stufaris-care-ar-fi-urmat-sa-fie-incendiate-in-nord-vestul-capitalei-descoperite-de-echipe-de-voluntari-la-1-kilometru-de-focarul-din-peris-isu-proprietarii-de-terenuri-risca\\\/#breadcrumb\"},\"inLanguage\":\"en-GB\",\"potentialAction\":[{\"@type\":\"ReadAction\",\"target\":[\"https:\\\/\\\/buletin.de\\\/bucuresti\\\/doua-zone-cu-stufaris-care-ar-fi-urmat-sa-fie-incendiate-in-nord-vestul-capitalei-descoperite-de-echipe-de-voluntari-la-1-kilometru-de-focarul-din-peris-isu-proprietarii-de-terenuri-risca\\\/\"]}]},{\"@type\":\"ImageObject\",\"inLanguage\":\"en-GB\",\"@id\":\"https:\\\/\\\/buletin.de\\\/bucuresti\\\/doua-zone-cu-stufaris-care-ar-fi-urmat-sa-fie-incendiate-in-nord-vestul-capitalei-descoperite-de-echipe-de-voluntari-la-1-kilometru-de-focarul-din-peris-isu-proprietarii-de-terenuri-risca\\\/#primaryimage\",\"url\":\"https:\\\/\\\/buletin.de\\\/bucuresti\\\/wp-content\\\/uploads\\\/BeFunky-collage-2-1-scaled.jpg\",\"contentUrl\":\"https:\\\/\\\/buletin.de\\\/bucuresti\\\/wp-content\\\/uploads\\\/BeFunky-collage-2-1-scaled.jpg\",\"width\":2560,\"height\":1502},{\"@type\":\"BreadcrumbList\",\"@id\":\"https:\\\/\\\/buletin.de\\\/bucuresti\\\/doua-zone-cu-stufaris-care-ar-fi-urmat-sa-fie-incendiate-in-nord-vestul-capitalei-descoperite-de-echipe-de-voluntari-la-1-kilometru-de-focarul-din-peris-isu-proprietarii-de-terenuri-risca\\\/#breadcrumb\",\"itemListElement\":[{\"@type\":\"ListItem\",\"position\":1,\"name\":\"Acas\u0103\",\"item\":\"https:\\\/\\\/buletin.de\\\/bucuresti\\\/\"},{\"@type\":\"ListItem\",\"position\":2,\"name\":\"Dou\u0103 zone cu stuf\u0103ri\u0219 care ar fi urmat s\u0103 fie incendiate l\u00e2ng\u0103 Capital\u0103, descoperite de echipe de voluntari la 1 kilometru de focarul din Peri\u0219. ISU: \u201cProprietarii de terenuri risc\u0103 amenzi de p\u00e2n\u0103 la 10.000 de lei\u201d\"}]},{\"@type\":\"WebSite\",\"@id\":\"https:\\\/\\\/buletin.de\\\/bucuresti\\\/#website\",\"url\":\"https:\\\/\\\/buletin.de\\\/bucuresti\\\/\",\"name\":\"Buletin de Bucure\u0219ti\",\"description\":\"\u0218tiri \u0219i investiga\u021bii esen\u021biale din capital\u0103\",\"publisher\":{\"@id\":\"https:\\\/\\\/buletin.de\\\/bucuresti\\\/#organization\"},\"potentialAction\":[{\"@type\":\"SearchAction\",\"target\":{\"@type\":\"EntryPoint\",\"urlTemplate\":\"https:\\\/\\\/buletin.de\\\/bucuresti\\\/?s={search_term_string}\"},\"query-input\":{\"@type\":\"PropertyValueSpecification\",\"valueRequired\":true,\"valueName\":\"search_term_string\"}}],\"inLanguage\":\"en-GB\"},{\"@type\":\"Organization\",\"@id\":\"https:\\\/\\\/buletin.de\\\/bucuresti\\\/#organization\",\"name\":\"Buletin de Bucure\u0219ti\",\"url\":\"https:\\\/\\\/buletin.de\\\/bucuresti\\\/\",\"logo\":{\"@type\":\"ImageObject\",\"inLanguage\":\"en-GB\",\"@id\":\"https:\\\/\\\/buletin.de\\\/bucuresti\\\/#\\\/schema\\\/logo\\\/image\\\/\",\"url\":\"https:\\\/\\\/buletin.de\\\/bucuresti\\\/wp-content\\\/uploads\\\/logo-bdb-full-wide-vernil-transparent.png\",\"contentUrl\":\"https:\\\/\\\/buletin.de\\\/bucuresti\\\/wp-content\\\/uploads\\\/logo-bdb-full-wide-vernil-transparent.png\",\"width\":1782,\"height\":626,\"caption\":\"Buletin de Bucure\u0219ti\"},\"image\":{\"@id\":\"https:\\\/\\\/buletin.de\\\/bucuresti\\\/#\\\/schema\\\/logo\\\/image\\\/\"},\"sameAs\":[\"https:\\\/\\\/www.facebook.com\\\/buletin.de.buc\",\"https:\\\/\\\/www.instagram.com\\\/buletinde.bucuresti\\\/\"]},{\"@type\":\"Person\",\"@id\":\"https:\\\/\\\/buletin.de\\\/bucuresti\\\/#\\\/schema\\\/person\\\/31117187ed4d0bdb0a4c7d6acc79d0f8\",\"name\":\"C\u0103t\u0103lin Dosca\u0219\",\"image\":{\"@type\":\"ImageObject\",\"inLanguage\":\"en-GB\",\"@id\":\"https:\\\/\\\/buletin.de\\\/bucuresti\\\/wp-content\\\/uploads\\\/Catalin-Doscas-e1732731064764-96x96.jpga93e2943bb3b1c1f9ead823df6e6317a\",\"url\":\"https:\\\/\\\/buletin.de\\\/bucuresti\\\/wp-content\\\/uploads\\\/Catalin-Doscas-e1732731064764-96x96.jpg\",\"contentUrl\":\"https:\\\/\\\/buletin.de\\\/bucuresti\\\/wp-content\\\/uploads\\\/Catalin-Doscas-e1732731064764-96x96.jpg\",\"caption\":\"C\u0103t\u0103lin Dosca\u0219\"},\"description\":\"Reporter \u0219i redactor-\u0219ef Buletin de Bucure\u0219ti. Lucreaz\u0103 \u00een mass-media de la v\u00e2rsta de 15 ani, c\u00e2nd a publicat primele articole \u00een presa local\u0103 din Tecuci. \u00cen Bucure\u0219ti a lucrat \u00een redac\u021bii radio ca reporter, redactor \u0219i prezentator (StudentFM, Na\u021bionalFM, Radio Total, Smart FM), unde a acoperit domeniile politic, economic, social \u0219i externe. Ulterior, a fost editor-coordonator al postului Realitatea FM. Experien\u021ba \u00een jurnalismul online a dob\u00e2ndit-o la portalul B365.ro, unde a fost editor. \u00cen 2012 s-a angajat \u00een televiziune. La Realitatea TV a fost, pe r\u00e2nd, reporter la sec\u021bia Social, reporter special la emisiunea de reportaje \u0219i anchete \u201eReporterii Realit\u0103\u021bii\u201d, dar \u0219i editor al jurnalelor de \u0219tiri. Ulterior, a f\u0103cut parte din sec\u021bia de Investiga\u021bii de la Digi24 \u0219i a lucrat la campania \u201eRom\u00e2nia furat\u0103\u201d. A revenit \u00een presa scris\u0103 \u00een 2017, ca reporter special, \u00een cadrul unui proiect de repozi\u021bionare a tabloidului Libertatea \u00een cotidian generalist. Este jurnalist Buletin de Bucure\u0219ti din 2019.\",\"url\":\"https:\\\/\\\/buletin.de\\\/bucuresti\\\/author\\\/catalin\\\/\"}]}<\/script>\n<!-- \/ Yoast SEO Premium plugin. -->","yoast_head_json":{"title":"Dou\u0103 zone cu stuf\u0103ri\u0219 care ar fi urmat s\u0103 fie incendiate l\u00e2ng\u0103 Capital\u0103, descoperite de echipe de voluntari la 1 kilometru de focarul din Peri\u0219. ISU: \u201cProprietarii de terenuri risc\u0103 amenzi de p\u00e2n\u0103 la 10.000 de lei\u201d - Buletin de Bucure\u0219ti","robots":{"index":"index","follow":"follow","max-snippet":"max-snippet:-1","max-image-preview":"max-image-preview:large","max-video-preview":"max-video-preview:-1"},"canonical":"https:\/\/buletin.de\/bucuresti\/doua-zone-cu-stufaris-care-ar-fi-urmat-sa-fie-incendiate-in-nord-vestul-capitalei-descoperite-de-echipe-de-voluntari-la-1-kilometru-de-focarul-din-peris-isu-proprietarii-de-terenuri-risca\/","og_locale":"en_GB","og_type":"article","og_title":"Dou\u0103 zone cu stuf\u0103ri\u0219 care ar fi urmat s\u0103 fie incendiate l\u00e2ng\u0103 Capital\u0103, descoperite de echipe de voluntari la 1 kilometru de focarul din Peri\u0219. ISU: \u201cProprietarii de terenuri risc\u0103 amenzi de p\u00e2n\u0103 la 10.000 de lei\u201d","og_description":"Mai mul\u021bi membri ai Asocia\u021biei Salvatorilor Voluntari 4&#215;4 au fost solicita\u021bi azi-noapte de Prim\u0103ria din Crevedia s\u0103 identifice poten\u021biale arderi necontrolate, dincolo de incendiul de la fostele bataluri ale Romsuintest din Peri\u0219. Ace\u0219tia au descoperit \u00een schimb mai multe materiale inflamabile, preg\u0103tite, sus\u021bin voluntarii, pentru incinerat.&nbsp; Voluntarii au cercetat c\u00e2mpurile, canalele Administra\u021biei Na\u021bionale de \u00cembun\u0103t\u0103\u021biri [&hellip;]","og_url":"https:\/\/buletin.de\/bucuresti\/doua-zone-cu-stufaris-care-ar-fi-urmat-sa-fie-incendiate-in-nord-vestul-capitalei-descoperite-de-echipe-de-voluntari-la-1-kilometru-de-focarul-din-peris-isu-proprietarii-de-terenuri-risca\/","og_site_name":"Buletin de Bucure\u0219ti","article_publisher":"https:\/\/www.facebook.com\/buletin.de.buc","article_published_time":"2020-04-09T12:53:43+00:00","article_modified_time":"2020-04-10T06:19:08+00:00","og_image":[{"width":2560,"height":1502,"url":"https:\/\/buletin.de\/bucuresti\/wp-content\/uploads\/BeFunky-collage-2-1-scaled.jpg","type":"image\/jpeg"}],"author":"C\u0103t\u0103lin Dosca\u0219","twitter_card":"summary_large_image","twitter_misc":{"Written by":"C\u0103t\u0103lin Dosca\u0219","Estimated reading time":"3 minutes"},"schema":{"@context":"https:\/\/schema.org","@graph":[{"@type":"Article","@id":"https:\/\/buletin.de\/bucuresti\/doua-zone-cu-stufaris-care-ar-fi-urmat-sa-fie-incendiate-in-nord-vestul-capitalei-descoperite-de-echipe-de-voluntari-la-1-kilometru-de-focarul-din-peris-isu-proprietarii-de-terenuri-risca\/#article","isPartOf":{"@id":"https:\/\/buletin.de\/bucuresti\/doua-zone-cu-stufaris-care-ar-fi-urmat-sa-fie-incendiate-in-nord-vestul-capitalei-descoperite-de-echipe-de-voluntari-la-1-kilometru-de-focarul-din-peris-isu-proprietarii-de-terenuri-risca\/"},"author":{"name":"C\u0103t\u0103lin Dosca\u0219","@id":"https:\/\/buletin.de\/bucuresti\/#\/schema\/person\/31117187ed4d0bdb0a4c7d6acc79d0f8"},"headline":"Dou\u0103 zone cu stuf\u0103ri\u0219 care ar fi urmat s\u0103 fie incendiate l\u00e2ng\u0103 Capital\u0103, descoperite de echipe de voluntari la 1 kilometru de focarul din Peri\u0219. ISU: \u201cProprietarii de terenuri risc\u0103 amenzi de p\u00e2n\u0103 la 10.000 de lei\u201d","datePublished":"2020-04-09T12:53:43+00:00","dateModified":"2020-04-10T06:19:08+00:00","mainEntityOfPage":{"@id":"https:\/\/buletin.de\/bucuresti\/doua-zone-cu-stufaris-care-ar-fi-urmat-sa-fie-incendiate-in-nord-vestul-capitalei-descoperite-de-echipe-de-voluntari-la-1-kilometru-de-focarul-din-peris-isu-proprietarii-de-terenuri-risca\/"},"wordCount":554,"publisher":{"@id":"https:\/\/buletin.de\/bucuresti\/#organization"},"image":{"@id":"https:\/\/buletin.de\/bucuresti\/doua-zone-cu-stufaris-care-ar-fi-urmat-sa-fie-incendiate-in-nord-vestul-capitalei-descoperite-de-echipe-de-voluntari-la-1-kilometru-de-focarul-din-peris-isu-proprietarii-de-terenuri-risca\/#primaryimage"},"thumbnailUrl":"https:\/\/buletin.de\/bucuresti\/wp-content\/uploads\/BeFunky-collage-2-1-scaled.jpg","keywords":["4x4 rescue","asociatie","incendiu","isu","voluntari"],"articleSection":["Mediu"],"inLanguage":"en-GB","copyrightYear":"2020","copyrightHolder":{"@id":"https:\/\/buletin.de\/bucuresti\/#organization"}},{"@type":"WebPage","@id":"https:\/\/buletin.de\/bucuresti\/doua-zone-cu-stufaris-care-ar-fi-urmat-sa-fie-incendiate-in-nord-vestul-capitalei-descoperite-de-echipe-de-voluntari-la-1-kilometru-de-focarul-din-peris-isu-proprietarii-de-terenuri-risca\/","url":"https:\/\/buletin.de\/bucuresti\/doua-zone-cu-stufaris-care-ar-fi-urmat-sa-fie-incendiate-in-nord-vestul-capitalei-descoperite-de-echipe-de-voluntari-la-1-kilometru-de-focarul-din-peris-isu-proprietarii-de-terenuri-risca\/","name":"Dou\u0103 zone cu stuf\u0103ri\u0219 care ar fi urmat s\u0103 fie incendiate l\u00e2ng\u0103 Capital\u0103, descoperite de echipe de voluntari la 1 kilometru de focarul din Peri\u0219. ISU: \u201cProprietarii de terenuri risc\u0103 amenzi de p\u00e2n\u0103 la 10.000 de lei\u201d - Buletin de Bucure\u0219ti","isPartOf":{"@id":"https:\/\/buletin.de\/bucuresti\/#website"},"primaryImageOfPage":{"@id":"https:\/\/buletin.de\/bucuresti\/doua-zone-cu-stufaris-care-ar-fi-urmat-sa-fie-incendiate-in-nord-vestul-capitalei-descoperite-de-echipe-de-voluntari-la-1-kilometru-de-focarul-din-peris-isu-proprietarii-de-terenuri-risca\/#primaryimage"},"image":{"@id":"https:\/\/buletin.de\/bucuresti\/doua-zone-cu-stufaris-care-ar-fi-urmat-sa-fie-incendiate-in-nord-vestul-capitalei-descoperite-de-echipe-de-voluntari-la-1-kilometru-de-focarul-din-peris-isu-proprietarii-de-terenuri-risca\/#primaryimage"},"thumbnailUrl":"https:\/\/buletin.de\/bucuresti\/wp-content\/uploads\/BeFunky-collage-2-1-scaled.jpg","datePublished":"2020-04-09T12:53:43+00:00","dateModified":"2020-04-10T06:19:08+00:00","breadcrumb":{"@id":"https:\/\/buletin.de\/bucuresti\/doua-zone-cu-stufaris-care-ar-fi-urmat-sa-fie-incendiate-in-nord-vestul-capitalei-descoperite-de-echipe-de-voluntari-la-1-kilometru-de-focarul-din-peris-isu-proprietarii-de-terenuri-risca\/#breadcrumb"},"inLanguage":"en-GB","potentialAction":[{"@type":"ReadAction","target":["https:\/\/buletin.de\/bucuresti\/doua-zone-cu-stufaris-care-ar-fi-urmat-sa-fie-incendiate-in-nord-vestul-capitalei-descoperite-de-echipe-de-voluntari-la-1-kilometru-de-focarul-din-peris-isu-proprietarii-de-terenuri-risca\/"]}]},{"@type":"ImageObject","inLanguage":"en-GB","@id":"https:\/\/buletin.de\/bucuresti\/doua-zone-cu-stufaris-care-ar-fi-urmat-sa-fie-incendiate-in-nord-vestul-capitalei-descoperite-de-echipe-de-voluntari-la-1-kilometru-de-focarul-din-peris-isu-proprietarii-de-terenuri-risca\/#primaryimage","url":"https:\/\/buletin.de\/bucuresti\/wp-content\/uploads\/BeFunky-collage-2-1-scaled.jpg","contentUrl":"https:\/\/buletin.de\/bucuresti\/wp-content\/uploads\/BeFunky-collage-2-1-scaled.jpg","width":2560,"height":1502},{"@type":"BreadcrumbList","@id":"https:\/\/buletin.de\/bucuresti\/doua-zone-cu-stufaris-care-ar-fi-urmat-sa-fie-incendiate-in-nord-vestul-capitalei-descoperite-de-echipe-de-voluntari-la-1-kilometru-de-focarul-din-peris-isu-proprietarii-de-terenuri-risca\/#breadcrumb","itemListElement":[{"@type":"ListItem","position":1,"name":"Acas\u0103","item":"https:\/\/buletin.de\/bucuresti\/"},{"@type":"ListItem","position":2,"name":"Dou\u0103 zone cu stuf\u0103ri\u0219 care ar fi urmat s\u0103 fie incendiate l\u00e2ng\u0103 Capital\u0103, descoperite de echipe de voluntari la 1 kilometru de focarul din Peri\u0219. ISU: \u201cProprietarii de terenuri risc\u0103 amenzi de p\u00e2n\u0103 la 10.000 de lei\u201d"}]},{"@type":"WebSite","@id":"https:\/\/buletin.de\/bucuresti\/#website","url":"https:\/\/buletin.de\/bucuresti\/","name":"Buletin de Bucure\u0219ti","description":"\u0218tiri \u0219i investiga\u021bii esen\u021biale din capital\u0103","publisher":{"@id":"https:\/\/buletin.de\/bucuresti\/#organization"},"potentialAction":[{"@type":"SearchAction","target":{"@type":"EntryPoint","urlTemplate":"https:\/\/buletin.de\/bucuresti\/?s={search_term_string}"},"query-input":{"@type":"PropertyValueSpecification","valueRequired":true,"valueName":"search_term_string"}}],"inLanguage":"en-GB"},{"@type":"Organization","@id":"https:\/\/buletin.de\/bucuresti\/#organization","name":"Buletin de Bucure\u0219ti","url":"https:\/\/buletin.de\/bucuresti\/","logo":{"@type":"ImageObject","inLanguage":"en-GB","@id":"https:\/\/buletin.de\/bucuresti\/#\/schema\/logo\/image\/","url":"https:\/\/buletin.de\/bucuresti\/wp-content\/uploads\/logo-bdb-full-wide-vernil-transparent.png","contentUrl":"https:\/\/buletin.de\/bucuresti\/wp-content\/uploads\/logo-bdb-full-wide-vernil-transparent.png","width":1782,"height":626,"caption":"Buletin de Bucure\u0219ti"},"image":{"@id":"https:\/\/buletin.de\/bucuresti\/#\/schema\/logo\/image\/"},"sameAs":["https:\/\/www.facebook.com\/buletin.de.buc","https:\/\/www.instagram.com\/buletinde.bucuresti\/"]},{"@type":"Person","@id":"https:\/\/buletin.de\/bucuresti\/#\/schema\/person\/31117187ed4d0bdb0a4c7d6acc79d0f8","name":"C\u0103t\u0103lin Dosca\u0219","image":{"@type":"ImageObject","inLanguage":"en-GB","@id":"https:\/\/buletin.de\/bucuresti\/wp-content\/uploads\/Catalin-Doscas-e1732731064764-96x96.jpga93e2943bb3b1c1f9ead823df6e6317a","url":"https:\/\/buletin.de\/bucuresti\/wp-content\/uploads\/Catalin-Doscas-e1732731064764-96x96.jpg","contentUrl":"https:\/\/buletin.de\/bucuresti\/wp-content\/uploads\/Catalin-Doscas-e1732731064764-96x96.jpg","caption":"C\u0103t\u0103lin Dosca\u0219"},"description":"Reporter \u0219i redactor-\u0219ef Buletin de Bucure\u0219ti. Lucreaz\u0103 \u00een mass-media de la v\u00e2rsta de 15 ani, c\u00e2nd a publicat primele articole \u00een presa local\u0103 din Tecuci. \u00cen Bucure\u0219ti a lucrat \u00een redac\u021bii radio ca reporter, redactor \u0219i prezentator (StudentFM, Na\u021bionalFM, Radio Total, Smart FM), unde a acoperit domeniile politic, economic, social \u0219i externe. Ulterior, a fost editor-coordonator al postului Realitatea FM. Experien\u021ba \u00een jurnalismul online a dob\u00e2ndit-o la portalul B365.ro, unde a fost editor. \u00cen 2012 s-a angajat \u00een televiziune. La Realitatea TV a fost, pe r\u00e2nd, reporter la sec\u021bia Social, reporter special la emisiunea de reportaje \u0219i anchete \u201eReporterii Realit\u0103\u021bii\u201d, dar \u0219i editor al jurnalelor de \u0219tiri. Ulterior, a f\u0103cut parte din sec\u021bia de Investiga\u021bii de la Digi24 \u0219i a lucrat la campania \u201eRom\u00e2nia furat\u0103\u201d. A revenit \u00een presa scris\u0103 \u00een 2017, ca reporter special, \u00een cadrul unui proiect de repozi\u021bionare a tabloidului Libertatea \u00een cotidian generalist. Este jurnalist Buletin de Bucure\u0219ti din 2019.","url":"https:\/\/buletin.de\/bucuresti\/author\/catalin\/"}]}},"authors":[{"term_id":22575,"user_id":10,"is_guest":0,"slug":"catalin","display_name":"C\u0103t\u0103lin Dosca\u0219","avatar_url":"https:\/\/buletin.de\/bucuresti\/wp-content\/uploads\/Catalin-Doscas-e1732731064764-96x96.jpg","0":null,"1":"","2":"","3":"","4":"","5":"","6":"","7":"","8":""}],"_links":{"self":[{"href":"https:\/\/buletin.de\/bucuresti\/wp-json\/wp\/v2\/posts\/5724","targetHints":{"allow":["GET"]}}],"collection":[{"href":"https:\/\/buletin.de\/bucuresti\/wp-json\/wp\/v2\/posts"}],"about":[{"href":"https:\/\/buletin.de\/bucuresti\/wp-json\/wp\/v2\/types\/post"}],"author":[{"embeddable":true,"href":"https:\/\/buletin.de\/bucuresti\/wp-json\/wp\/v2\/users\/10"}],"replies":[{"embeddable":true,"href":"https:\/\/buletin.de\/bucuresti\/wp-json\/wp\/v2\/comments?post=5724"}],"version-history":[{"count":10,"href":"https:\/\/buletin.de\/bucuresti\/wp-json\/wp\/v2\/posts\/5724\/revisions"}],"predecessor-version":[{"id":5774,"href":"https:\/\/buletin.de\/bucuresti\/wp-json\/wp\/v2\/posts\/5724\/revisions\/5774"}],"wp:featuredmedia":[{"embeddable":true,"href":"https:\/\/buletin.de\/bucuresti\/wp-json\/wp\/v2\/media\/5726"}],"wp:attachment":[{"href":"https:\/\/buletin.de\/bucuresti\/wp-json\/wp\/v2\/media?parent=5724"}],"wp:term":[{"taxonomy":"category","embeddable":true,"href":"https:\/\/buletin.de\/bucuresti\/wp-json\/wp\/v2\/categories?post=5724"},{"taxonomy":"post_tag","embeddable":true,"href":"https:\/\/buletin.de\/bucuresti\/wp-json\/wp\/v2\/tags?post=5724"},{"taxonomy":"author","embeddable":true,"href":"https:\/\/buletin.de\/bucuresti\/wp-json\/wp\/v2\/ppma_author?post=5724"}],"curies":[{"name":"wp","href":"https:\/\/api.w.org\/{rel}","templated":true}]}}