{"id":57178,"date":"2023-03-31T21:32:24","date_gmt":"2023-03-31T19:32:24","guid":{"rendered":"https:\/\/buletin.de\/bucuresti\/?p=57178"},"modified":"2023-04-01T08:16:52","modified_gmt":"2023-04-01T06:16:52","slug":"andrew-si-tristan-tate-vor-fi-eliberati-din-arest","status":"publish","type":"post","link":"https:\/\/buletin.de\/bucuresti\/andrew-si-tristan-tate-vor-fi-eliberati-din-arest\/","title":{"rendered":"Andrew \u0219i Tristan Tate vor fi elibera\u021bi din arest"},"content":{"rendered":"\n<p><\/p>\n\n\n\n<p>UPDATE<\/p>\n\n\n\n<p>Fra\u021bii Tate au p\u0103r\u0103sit arestul. Au fost a\u0219tepta\u021bi, la ie\u0219ire, de fani.<\/p>\n\n\n\n<figure class=\"wp-block-video\"><video height=\"216\" style=\"aspect-ratio: 480 \/ 216;\" width=\"480\" controls src=\"https:\/\/buletin.de\/bucuresti\/wp-content\/uploads\/trim.D53896B5-9A8B-4692-8DE7-26A9A36A299B.mov\"><\/video><\/figure>\n\n\n\n<p><strong>Curtea de Apel Bucure\u0219ti a decis ca Fra\u021bii Andrew \u0219i Tristan Tate s\u0103 fie elibera\u021bi din arest, vineri seara, conform unor surse judiciare. Magistra\u021bii au decis ca ace\u0219tia sa fie plasa\u021bi \u00een arest la domiciliu pentru 30 de zile. Eliberarea acestora vine dup\u0103 contesta\u0163iile formulate de c\u0103tre ei \u00eempotriva deciziei Tribunalului Bucure\u015fti din 22 martie prin care au fost aresta\u0163i preventiv. <\/strong><\/p>\n\n\n\n<p>De asemenea, magistra\u0163ii au hot\u0103r\u00e2t s\u0103 resping\u0103 propunerea de prelungire a duratei m\u0103surii arest\u0103rii preventive formulat\u0103 de DIICOT pentru cei patru.<\/p>\n\n\n\n<p>Conform informa\u021biilor din minuta \u0219edin\u021bei magistra\u021bilor, Fra\u021bii Tate se vor afla \u00een arest la domiciliu timp de 30 de zile, de pe 31 martie, p\u00e2n\u0103 pe 29 aprilie inclusiv. Decizia Cur\u021bii de Apel este definitiv\u0103. <\/p>\n\n\n\n<blockquote class=\"wp-block-quote is-layout-flow wp-block-quote-is-layout-flow\"><p>Pe durata m\u0103surii arestului la domiciliu inculpa\u0163ii Tate III Emory Andrew, Tate Tristan, Naghel Georgiana Manuela \u015fi Radu Alexandra Luana au obliga\u0163ia de a nu p\u0103r\u0103si imobilele \u00een care locuiesc, f\u0103r\u0103 permisiunea organului judiciar \u00een fa\u0163a c\u0103ruia se afl\u0103 cauza. Dispune punerea de \u00eendat\u0103 \u00een libertate a inculpa\u0163ilor Tate III Emory Andrew, Tate Tristan, Naghel Georgiana Manuela \u015fi Radu Alexandra Luana de sub puterea mandatelor de arestare preventiv\u0103 emise de judec\u00e2torul de camer\u0103 preliminar\u0103 din cadrul Tribunalului Bucuresti, dac\u00e3 nu sunt re\u0163inu\u0163i sau aresta\u0163i in alt\u0103 cauz\u0103<\/p><cite>se arat\u0103 \u00een minuta \u0219edin\u021bei CAB <\/cite><\/blockquote>\n\n\n\n<p>Fra\u0163ii Tate au fost re\u0163inu\u0163i, iar pe urm\u0103 aresta\u021bi, dup\u0103 ce \u00een 29 decembrie au avut loc cinci perchezi\u0163ii, \u00een Bucure\u015fti \u015fi jude\u0163ul Ilfov, la locuin\u0163ele de\u0163inute de ei, dar \u015fi de cele dou\u0103 complice ale lor. <\/p>\n\n\n\n<p>Curtea de Apel Bucure\u0219ti a decis luni, 27 februarie, ca fra\u021bii Tate&nbsp;<a href=\"https:\/\/buletin.de\/bucuresti\/fratii-tate-raman-in-arest-preventiv-decizia-curtii-de-apel-bucuresti-este-definitiva-2\/\">s\u0103 r\u0103m\u00e2n\u0103 \u00een arest preventiv<\/a>&nbsp;pentru \u00eenc\u0103 30 de zile. CAB a respins contesta\u021bia fra\u021bilor Tate, dup\u0103 ce, pe 21 februarie, Tribunalul Bucure\u0219ti a decis prelungirea arestului preventiv \u00een cazul acestora. Cele dou\u0103 inculpate, Georgiana Manuela Naghel \u015fi Alexandra-Luana Radu, au fost plasate \u0219i ele \u00een arest preventiv pentru 30 de zile, de la data de 28 februarie p\u00e2n\u0103 pe 29 martie, inclusiv. Pe 21 februarie, Tribunalul Bucure\u0219ti hot\u0103r\u00e2se \u00eenlocuirea cu arest la domiciliu pentru cele dou\u0103 inculpate. Decizia este definitiv\u0103.<\/p>\n\n\n\n<p><strong>Surs\u0103 Cover:<\/strong> Inquam Photos\/Octav Ganea<\/p>\n","protected":false},"excerpt":{"rendered":"<p>UPDATE Fra\u021bii Tate au p\u0103r\u0103sit arestul. Au fost a\u0219tepta\u021bi, la ie\u0219ire, de fani. Curtea de Apel Bucure\u0219ti a decis ca Fra\u021bii Andrew \u0219i Tristan Tate s\u0103 fie elibera\u021bi din arest, vineri seara, conform unor surse judiciare. Magistra\u021bii au decis ca ace\u0219tia sa fie plasa\u021bi \u00een arest la domiciliu pentru 30 de zile. Eliberarea acestora vine [&hellip;]<\/p>\n","protected":false},"author":17,"featured_media":51834,"comment_status":"closed","ping_status":"open","sticky":false,"template":"","format":"standard","meta":{"_acf_changed":false,"inline_featured_image":false,"ngg_post_thumbnail":0,"footnotes":""},"categories":[3419],"tags":[5065,5629,5067],"ppma_author":[22576],"class_list":["post-57178","post","type-post","status-publish","format-standard","has-post-thumbnail","hentry","category-featured","tag-andrew-tate","tag-arest-la-domiciliu","tag-tristan-tate"],"acf":[],"yoast_head":"<!-- This site is optimized with the Yoast SEO Premium plugin v25.3 (Yoast SEO v27.4) - https:\/\/yoast.com\/product\/yoast-seo-premium-wordpress\/ -->\n<title>Andrew \u0219i Tristan Tate vor fi elibera\u021bi din arest - Buletin de Bucure\u0219ti<\/title>\n<meta name=\"robots\" content=\"index, follow, max-snippet:-1, max-image-preview:large, max-video-preview:-1\" \/>\n<link rel=\"canonical\" href=\"https:\/\/buletin.de\/bucuresti\/andrew-si-tristan-tate-vor-fi-eliberati-din-arest\/\" \/>\n<meta property=\"og:locale\" content=\"en_GB\" \/>\n<meta property=\"og:type\" content=\"article\" \/>\n<meta property=\"og:title\" content=\"Andrew \u0219i Tristan Tate vor fi elibera\u021bi din arest\" \/>\n<meta property=\"og:description\" content=\"UPDATE Fra\u021bii Tate au p\u0103r\u0103sit arestul. Au fost a\u0219tepta\u021bi, la ie\u0219ire, de fani. Curtea de Apel Bucure\u0219ti a decis ca Fra\u021bii Andrew \u0219i Tristan Tate s\u0103 fie elibera\u021bi din arest, vineri seara, conform unor surse judiciare. Magistra\u021bii au decis ca ace\u0219tia sa fie plasa\u021bi \u00een arest la domiciliu pentru 30 de zile. Eliberarea acestora vine [&hellip;]\" \/>\n<meta property=\"og:url\" content=\"https:\/\/buletin.de\/bucuresti\/andrew-si-tristan-tate-vor-fi-eliberati-din-arest\/\" \/>\n<meta property=\"og:site_name\" content=\"Buletin de Bucure\u0219ti\" \/>\n<meta property=\"article:publisher\" content=\"https:\/\/www.facebook.com\/buletin.de.buc\" \/>\n<meta property=\"article:published_time\" content=\"2023-03-31T19:32:24+00:00\" \/>\n<meta property=\"article:modified_time\" content=\"2023-04-01T06:16:52+00:00\" \/>\n<meta property=\"og:image\" content=\"https:\/\/buletin.de\/bucuresti\/wp-content\/uploads\/ID211616_INQUAM_Photos_Octav_Ganea-1.jpg\" \/>\n\t<meta property=\"og:image:width\" content=\"2000\" \/>\n\t<meta property=\"og:image:height\" content=\"1125\" \/>\n\t<meta property=\"og:image:type\" content=\"image\/jpeg\" \/>\n<meta name=\"author\" content=\"Florin R\u00e2\u0219teiu\" \/>\n<meta name=\"twitter:card\" content=\"summary_large_image\" \/>\n<meta name=\"twitter:label1\" content=\"Written by\" \/>\n\t<meta name=\"twitter:data1\" content=\"Florin R\u00e2\u0219teiu\" \/>\n\t<meta name=\"twitter:label2\" content=\"Estimated reading time\" \/>\n\t<meta name=\"twitter:data2\" content=\"2 minutes\" \/>\n<script type=\"application\/ld+json\" class=\"yoast-schema-graph\">{\"@context\":\"https:\\\/\\\/schema.org\",\"@graph\":[{\"@type\":\"Article\",\"@id\":\"https:\\\/\\\/buletin.de\\\/bucuresti\\\/andrew-si-tristan-tate-vor-fi-eliberati-din-arest\\\/#article\",\"isPartOf\":{\"@id\":\"https:\\\/\\\/buletin.de\\\/bucuresti\\\/andrew-si-tristan-tate-vor-fi-eliberati-din-arest\\\/\"},\"author\":{\"name\":\"Florin R\u00e2\u0219teiu\",\"@id\":\"https:\\\/\\\/buletin.de\\\/bucuresti\\\/#\\\/schema\\\/person\\\/b0686d7a8b666c6afc78239777fd8a89\"},\"headline\":\"Andrew \u0219i Tristan Tate vor fi elibera\u021bi din arest\",\"datePublished\":\"2023-03-31T19:32:24+00:00\",\"dateModified\":\"2023-04-01T06:16:52+00:00\",\"mainEntityOfPage\":{\"@id\":\"https:\\\/\\\/buletin.de\\\/bucuresti\\\/andrew-si-tristan-tate-vor-fi-eliberati-din-arest\\\/\"},\"wordCount\":419,\"publisher\":{\"@id\":\"https:\\\/\\\/buletin.de\\\/bucuresti\\\/#organization\"},\"image\":{\"@id\":\"https:\\\/\\\/buletin.de\\\/bucuresti\\\/andrew-si-tristan-tate-vor-fi-eliberati-din-arest\\\/#primaryimage\"},\"thumbnailUrl\":\"https:\\\/\\\/buletin.de\\\/bucuresti\\\/wp-content\\\/uploads\\\/ID211616_INQUAM_Photos_Octav_Ganea-1.jpg\",\"keywords\":[\"Andrew tate\",\"arest la domiciliu\",\"Tristan tate\"],\"articleSection\":[\"Featured\"],\"inLanguage\":\"en-GB\",\"copyrightYear\":\"2023\",\"copyrightHolder\":{\"@id\":\"https:\\\/\\\/buletin.de\\\/bucuresti\\\/#organization\"}},{\"@type\":\"WebPage\",\"@id\":\"https:\\\/\\\/buletin.de\\\/bucuresti\\\/andrew-si-tristan-tate-vor-fi-eliberati-din-arest\\\/\",\"url\":\"https:\\\/\\\/buletin.de\\\/bucuresti\\\/andrew-si-tristan-tate-vor-fi-eliberati-din-arest\\\/\",\"name\":\"Andrew \u0219i Tristan Tate vor fi elibera\u021bi din arest - Buletin de Bucure\u0219ti\",\"isPartOf\":{\"@id\":\"https:\\\/\\\/buletin.de\\\/bucuresti\\\/#website\"},\"primaryImageOfPage\":{\"@id\":\"https:\\\/\\\/buletin.de\\\/bucuresti\\\/andrew-si-tristan-tate-vor-fi-eliberati-din-arest\\\/#primaryimage\"},\"image\":{\"@id\":\"https:\\\/\\\/buletin.de\\\/bucuresti\\\/andrew-si-tristan-tate-vor-fi-eliberati-din-arest\\\/#primaryimage\"},\"thumbnailUrl\":\"https:\\\/\\\/buletin.de\\\/bucuresti\\\/wp-content\\\/uploads\\\/ID211616_INQUAM_Photos_Octav_Ganea-1.jpg\",\"datePublished\":\"2023-03-31T19:32:24+00:00\",\"dateModified\":\"2023-04-01T06:16:52+00:00\",\"breadcrumb\":{\"@id\":\"https:\\\/\\\/buletin.de\\\/bucuresti\\\/andrew-si-tristan-tate-vor-fi-eliberati-din-arest\\\/#breadcrumb\"},\"inLanguage\":\"en-GB\",\"potentialAction\":[{\"@type\":\"ReadAction\",\"target\":[\"https:\\\/\\\/buletin.de\\\/bucuresti\\\/andrew-si-tristan-tate-vor-fi-eliberati-din-arest\\\/\"]}]},{\"@type\":\"ImageObject\",\"inLanguage\":\"en-GB\",\"@id\":\"https:\\\/\\\/buletin.de\\\/bucuresti\\\/andrew-si-tristan-tate-vor-fi-eliberati-din-arest\\\/#primaryimage\",\"url\":\"https:\\\/\\\/buletin.de\\\/bucuresti\\\/wp-content\\\/uploads\\\/ID211616_INQUAM_Photos_Octav_Ganea-1.jpg\",\"contentUrl\":\"https:\\\/\\\/buletin.de\\\/bucuresti\\\/wp-content\\\/uploads\\\/ID211616_INQUAM_Photos_Octav_Ganea-1.jpg\",\"width\":2000,\"height\":1125},{\"@type\":\"BreadcrumbList\",\"@id\":\"https:\\\/\\\/buletin.de\\\/bucuresti\\\/andrew-si-tristan-tate-vor-fi-eliberati-din-arest\\\/#breadcrumb\",\"itemListElement\":[{\"@type\":\"ListItem\",\"position\":1,\"name\":\"Acas\u0103\",\"item\":\"https:\\\/\\\/buletin.de\\\/bucuresti\\\/\"},{\"@type\":\"ListItem\",\"position\":2,\"name\":\"Andrew \u0219i Tristan Tate vor fi elibera\u021bi din arest\"}]},{\"@type\":\"WebSite\",\"@id\":\"https:\\\/\\\/buletin.de\\\/bucuresti\\\/#website\",\"url\":\"https:\\\/\\\/buletin.de\\\/bucuresti\\\/\",\"name\":\"Buletin de Bucure\u0219ti\",\"description\":\"\u0218tiri \u0219i investiga\u021bii esen\u021biale din capital\u0103\",\"publisher\":{\"@id\":\"https:\\\/\\\/buletin.de\\\/bucuresti\\\/#organization\"},\"potentialAction\":[{\"@type\":\"SearchAction\",\"target\":{\"@type\":\"EntryPoint\",\"urlTemplate\":\"https:\\\/\\\/buletin.de\\\/bucuresti\\\/?s={search_term_string}\"},\"query-input\":{\"@type\":\"PropertyValueSpecification\",\"valueRequired\":true,\"valueName\":\"search_term_string\"}}],\"inLanguage\":\"en-GB\"},{\"@type\":\"Organization\",\"@id\":\"https:\\\/\\\/buletin.de\\\/bucuresti\\\/#organization\",\"name\":\"Buletin de Bucure\u0219ti\",\"url\":\"https:\\\/\\\/buletin.de\\\/bucuresti\\\/\",\"logo\":{\"@type\":\"ImageObject\",\"inLanguage\":\"en-GB\",\"@id\":\"https:\\\/\\\/buletin.de\\\/bucuresti\\\/#\\\/schema\\\/logo\\\/image\\\/\",\"url\":\"https:\\\/\\\/buletin.de\\\/bucuresti\\\/wp-content\\\/uploads\\\/logo-bdb-full-wide-vernil-transparent.png\",\"contentUrl\":\"https:\\\/\\\/buletin.de\\\/bucuresti\\\/wp-content\\\/uploads\\\/logo-bdb-full-wide-vernil-transparent.png\",\"width\":1782,\"height\":626,\"caption\":\"Buletin de Bucure\u0219ti\"},\"image\":{\"@id\":\"https:\\\/\\\/buletin.de\\\/bucuresti\\\/#\\\/schema\\\/logo\\\/image\\\/\"},\"sameAs\":[\"https:\\\/\\\/www.facebook.com\\\/buletin.de.buc\",\"https:\\\/\\\/www.instagram.com\\\/buletinde.bucuresti\\\/\"]},{\"@type\":\"Person\",\"@id\":\"https:\\\/\\\/buletin.de\\\/bucuresti\\\/#\\\/schema\\\/person\\\/b0686d7a8b666c6afc78239777fd8a89\",\"name\":\"Florin R\u00e2\u0219teiu\",\"image\":{\"@type\":\"ImageObject\",\"inLanguage\":\"en-GB\",\"@id\":\"https:\\\/\\\/buletin.de\\\/bucuresti\\\/wp-content\\\/uploads\\\/Florin-Rasteiu-96x96.jpgf0a6fe28453aa12f0a60e4d0a2e3a78c\",\"url\":\"https:\\\/\\\/buletin.de\\\/bucuresti\\\/wp-content\\\/uploads\\\/Florin-Rasteiu-96x96.jpg\",\"contentUrl\":\"https:\\\/\\\/buletin.de\\\/bucuresti\\\/wp-content\\\/uploads\\\/Florin-Rasteiu-96x96.jpg\",\"caption\":\"Florin R\u00e2\u0219teiu\"},\"description\":\"Jurnalist de investiga\u021bie. Lucreaz\u0103 de aproape 6 ani la Buletin de Bucure\u0219ti, unde a publicat articole care scot la suprafa\u021b\u0103 corup\u021bia din Capital\u0103. Analizeaz\u0103 baze de date zilnic \u0219i scoate pove\u0219ti din exceluri pline de cifre. Pune reflectorul pe adev\u0103r cu fiecare ocazie. A c\u00e2\u0219tigat premiul I la categoria Pres\u0103 Local\u0103 \u00een 2025 \u0219i locul al II-lea la aceea\u0219i categorie \u00een 2024 \u00een cadrul Premiilor Superscrieri pentru jurnalism independent.\",\"url\":\"https:\\\/\\\/buletin.de\\\/bucuresti\\\/author\\\/florinrasteiu\\\/\"}]}<\/script>\n<!-- \/ Yoast SEO Premium plugin. -->","yoast_head_json":{"title":"Andrew \u0219i Tristan Tate vor fi elibera\u021bi din arest - Buletin de Bucure\u0219ti","robots":{"index":"index","follow":"follow","max-snippet":"max-snippet:-1","max-image-preview":"max-image-preview:large","max-video-preview":"max-video-preview:-1"},"canonical":"https:\/\/buletin.de\/bucuresti\/andrew-si-tristan-tate-vor-fi-eliberati-din-arest\/","og_locale":"en_GB","og_type":"article","og_title":"Andrew \u0219i Tristan Tate vor fi elibera\u021bi din arest","og_description":"UPDATE Fra\u021bii Tate au p\u0103r\u0103sit arestul. Au fost a\u0219tepta\u021bi, la ie\u0219ire, de fani. Curtea de Apel Bucure\u0219ti a decis ca Fra\u021bii Andrew \u0219i Tristan Tate s\u0103 fie elibera\u021bi din arest, vineri seara, conform unor surse judiciare. Magistra\u021bii au decis ca ace\u0219tia sa fie plasa\u021bi \u00een arest la domiciliu pentru 30 de zile. Eliberarea acestora vine [&hellip;]","og_url":"https:\/\/buletin.de\/bucuresti\/andrew-si-tristan-tate-vor-fi-eliberati-din-arest\/","og_site_name":"Buletin de Bucure\u0219ti","article_publisher":"https:\/\/www.facebook.com\/buletin.de.buc","article_published_time":"2023-03-31T19:32:24+00:00","article_modified_time":"2023-04-01T06:16:52+00:00","og_image":[{"width":2000,"height":1125,"url":"https:\/\/buletin.de\/bucuresti\/wp-content\/uploads\/ID211616_INQUAM_Photos_Octav_Ganea-1.jpg","type":"image\/jpeg"}],"author":"Florin R\u00e2\u0219teiu","twitter_card":"summary_large_image","twitter_misc":{"Written by":"Florin R\u00e2\u0219teiu","Estimated reading time":"2 minutes"},"schema":{"@context":"https:\/\/schema.org","@graph":[{"@type":"Article","@id":"https:\/\/buletin.de\/bucuresti\/andrew-si-tristan-tate-vor-fi-eliberati-din-arest\/#article","isPartOf":{"@id":"https:\/\/buletin.de\/bucuresti\/andrew-si-tristan-tate-vor-fi-eliberati-din-arest\/"},"author":{"name":"Florin R\u00e2\u0219teiu","@id":"https:\/\/buletin.de\/bucuresti\/#\/schema\/person\/b0686d7a8b666c6afc78239777fd8a89"},"headline":"Andrew \u0219i Tristan Tate vor fi elibera\u021bi din arest","datePublished":"2023-03-31T19:32:24+00:00","dateModified":"2023-04-01T06:16:52+00:00","mainEntityOfPage":{"@id":"https:\/\/buletin.de\/bucuresti\/andrew-si-tristan-tate-vor-fi-eliberati-din-arest\/"},"wordCount":419,"publisher":{"@id":"https:\/\/buletin.de\/bucuresti\/#organization"},"image":{"@id":"https:\/\/buletin.de\/bucuresti\/andrew-si-tristan-tate-vor-fi-eliberati-din-arest\/#primaryimage"},"thumbnailUrl":"https:\/\/buletin.de\/bucuresti\/wp-content\/uploads\/ID211616_INQUAM_Photos_Octav_Ganea-1.jpg","keywords":["Andrew tate","arest la domiciliu","Tristan tate"],"articleSection":["Featured"],"inLanguage":"en-GB","copyrightYear":"2023","copyrightHolder":{"@id":"https:\/\/buletin.de\/bucuresti\/#organization"}},{"@type":"WebPage","@id":"https:\/\/buletin.de\/bucuresti\/andrew-si-tristan-tate-vor-fi-eliberati-din-arest\/","url":"https:\/\/buletin.de\/bucuresti\/andrew-si-tristan-tate-vor-fi-eliberati-din-arest\/","name":"Andrew \u0219i Tristan Tate vor fi elibera\u021bi din arest - Buletin de Bucure\u0219ti","isPartOf":{"@id":"https:\/\/buletin.de\/bucuresti\/#website"},"primaryImageOfPage":{"@id":"https:\/\/buletin.de\/bucuresti\/andrew-si-tristan-tate-vor-fi-eliberati-din-arest\/#primaryimage"},"image":{"@id":"https:\/\/buletin.de\/bucuresti\/andrew-si-tristan-tate-vor-fi-eliberati-din-arest\/#primaryimage"},"thumbnailUrl":"https:\/\/buletin.de\/bucuresti\/wp-content\/uploads\/ID211616_INQUAM_Photos_Octav_Ganea-1.jpg","datePublished":"2023-03-31T19:32:24+00:00","dateModified":"2023-04-01T06:16:52+00:00","breadcrumb":{"@id":"https:\/\/buletin.de\/bucuresti\/andrew-si-tristan-tate-vor-fi-eliberati-din-arest\/#breadcrumb"},"inLanguage":"en-GB","potentialAction":[{"@type":"ReadAction","target":["https:\/\/buletin.de\/bucuresti\/andrew-si-tristan-tate-vor-fi-eliberati-din-arest\/"]}]},{"@type":"ImageObject","inLanguage":"en-GB","@id":"https:\/\/buletin.de\/bucuresti\/andrew-si-tristan-tate-vor-fi-eliberati-din-arest\/#primaryimage","url":"https:\/\/buletin.de\/bucuresti\/wp-content\/uploads\/ID211616_INQUAM_Photos_Octav_Ganea-1.jpg","contentUrl":"https:\/\/buletin.de\/bucuresti\/wp-content\/uploads\/ID211616_INQUAM_Photos_Octav_Ganea-1.jpg","width":2000,"height":1125},{"@type":"BreadcrumbList","@id":"https:\/\/buletin.de\/bucuresti\/andrew-si-tristan-tate-vor-fi-eliberati-din-arest\/#breadcrumb","itemListElement":[{"@type":"ListItem","position":1,"name":"Acas\u0103","item":"https:\/\/buletin.de\/bucuresti\/"},{"@type":"ListItem","position":2,"name":"Andrew \u0219i Tristan Tate vor fi elibera\u021bi din arest"}]},{"@type":"WebSite","@id":"https:\/\/buletin.de\/bucuresti\/#website","url":"https:\/\/buletin.de\/bucuresti\/","name":"Buletin de Bucure\u0219ti","description":"\u0218tiri \u0219i investiga\u021bii esen\u021biale din capital\u0103","publisher":{"@id":"https:\/\/buletin.de\/bucuresti\/#organization"},"potentialAction":[{"@type":"SearchAction","target":{"@type":"EntryPoint","urlTemplate":"https:\/\/buletin.de\/bucuresti\/?s={search_term_string}"},"query-input":{"@type":"PropertyValueSpecification","valueRequired":true,"valueName":"search_term_string"}}],"inLanguage":"en-GB"},{"@type":"Organization","@id":"https:\/\/buletin.de\/bucuresti\/#organization","name":"Buletin de Bucure\u0219ti","url":"https:\/\/buletin.de\/bucuresti\/","logo":{"@type":"ImageObject","inLanguage":"en-GB","@id":"https:\/\/buletin.de\/bucuresti\/#\/schema\/logo\/image\/","url":"https:\/\/buletin.de\/bucuresti\/wp-content\/uploads\/logo-bdb-full-wide-vernil-transparent.png","contentUrl":"https:\/\/buletin.de\/bucuresti\/wp-content\/uploads\/logo-bdb-full-wide-vernil-transparent.png","width":1782,"height":626,"caption":"Buletin de Bucure\u0219ti"},"image":{"@id":"https:\/\/buletin.de\/bucuresti\/#\/schema\/logo\/image\/"},"sameAs":["https:\/\/www.facebook.com\/buletin.de.buc","https:\/\/www.instagram.com\/buletinde.bucuresti\/"]},{"@type":"Person","@id":"https:\/\/buletin.de\/bucuresti\/#\/schema\/person\/b0686d7a8b666c6afc78239777fd8a89","name":"Florin R\u00e2\u0219teiu","image":{"@type":"ImageObject","inLanguage":"en-GB","@id":"https:\/\/buletin.de\/bucuresti\/wp-content\/uploads\/Florin-Rasteiu-96x96.jpgf0a6fe28453aa12f0a60e4d0a2e3a78c","url":"https:\/\/buletin.de\/bucuresti\/wp-content\/uploads\/Florin-Rasteiu-96x96.jpg","contentUrl":"https:\/\/buletin.de\/bucuresti\/wp-content\/uploads\/Florin-Rasteiu-96x96.jpg","caption":"Florin R\u00e2\u0219teiu"},"description":"Jurnalist de investiga\u021bie. Lucreaz\u0103 de aproape 6 ani la Buletin de Bucure\u0219ti, unde a publicat articole care scot la suprafa\u021b\u0103 corup\u021bia din Capital\u0103. Analizeaz\u0103 baze de date zilnic \u0219i scoate pove\u0219ti din exceluri pline de cifre. Pune reflectorul pe adev\u0103r cu fiecare ocazie. A c\u00e2\u0219tigat premiul I la categoria Pres\u0103 Local\u0103 \u00een 2025 \u0219i locul al II-lea la aceea\u0219i categorie \u00een 2024 \u00een cadrul Premiilor Superscrieri pentru jurnalism independent.","url":"https:\/\/buletin.de\/bucuresti\/author\/florinrasteiu\/"}]}},"authors":[{"term_id":22576,"user_id":17,"is_guest":0,"slug":"florinrasteiu","display_name":"Florin R\u00e2\u0219teiu","avatar_url":"https:\/\/buletin.de\/bucuresti\/wp-content\/uploads\/Florin-Rasteiu-96x96.jpg","0":null,"1":"","2":"","3":"","4":"","5":"","6":"","7":"","8":""}],"_links":{"self":[{"href":"https:\/\/buletin.de\/bucuresti\/wp-json\/wp\/v2\/posts\/57178","targetHints":{"allow":["GET"]}}],"collection":[{"href":"https:\/\/buletin.de\/bucuresti\/wp-json\/wp\/v2\/posts"}],"about":[{"href":"https:\/\/buletin.de\/bucuresti\/wp-json\/wp\/v2\/types\/post"}],"author":[{"embeddable":true,"href":"https:\/\/buletin.de\/bucuresti\/wp-json\/wp\/v2\/users\/17"}],"replies":[{"embeddable":true,"href":"https:\/\/buletin.de\/bucuresti\/wp-json\/wp\/v2\/comments?post=57178"}],"version-history":[{"count":5,"href":"https:\/\/buletin.de\/bucuresti\/wp-json\/wp\/v2\/posts\/57178\/revisions"}],"predecessor-version":[{"id":57185,"href":"https:\/\/buletin.de\/bucuresti\/wp-json\/wp\/v2\/posts\/57178\/revisions\/57185"}],"wp:featuredmedia":[{"embeddable":true,"href":"https:\/\/buletin.de\/bucuresti\/wp-json\/wp\/v2\/media\/51834"}],"wp:attachment":[{"href":"https:\/\/buletin.de\/bucuresti\/wp-json\/wp\/v2\/media?parent=57178"}],"wp:term":[{"taxonomy":"category","embeddable":true,"href":"https:\/\/buletin.de\/bucuresti\/wp-json\/wp\/v2\/categories?post=57178"},{"taxonomy":"post_tag","embeddable":true,"href":"https:\/\/buletin.de\/bucuresti\/wp-json\/wp\/v2\/tags?post=57178"},{"taxonomy":"author","embeddable":true,"href":"https:\/\/buletin.de\/bucuresti\/wp-json\/wp\/v2\/ppma_author?post=57178"}],"curies":[{"name":"wp","href":"https:\/\/api.w.org\/{rel}","templated":true}]}}