{"id":57128,"date":"2023-03-31T13:11:41","date_gmt":"2023-03-31T11:11:41","guid":{"rendered":"https:\/\/buletin.de\/bucuresti\/?p=57128"},"modified":"2023-03-31T13:11:42","modified_gmt":"2023-03-31T11:11:42","slug":"tanar-de-19-ani-dat-disparut-politia-solicita-sprijinul-cetatenilor","status":"publish","type":"post","link":"https:\/\/buletin.de\/bucuresti\/tanar-de-19-ani-dat-disparut-politia-solicita-sprijinul-cetatenilor\/","title":{"rendered":"T\u00e2n\u0103r de 19 ani, dat disp\u0103rut. Poli\u021bia solicit\u0103 sprijinul cet\u0103\u021benilor"},"content":{"rendered":"\n<p>Dronic Roman, un t\u00e2n\u0103r \u00een v\u00e2rst\u0103 de 19 ani, a fost dat disp\u0103rut. Pe 26 martie, a plecat de la domiciliul din Sectorul 3 \u0219i nu a mai revenit p\u00e2n\u0103 \u00een prezent. Poli\u021bia Capitalei solicit\u0103 sprijinul cet\u0103\u021benilor pentru depistarea lui. <\/p>\n\n\n\n<figure class=\"wp-block-image size-full\"><img fetchpriority=\"high\" decoding=\"async\" width=\"800\" height=\"600\" src=\"data:image\/gif;base64,R0lGODlhAQABAAAAACH5BAEKAAEALAAAAAABAAEAAAICTAEAOw==\" data-src=\"https:\/\/buletin.de\/bucuresti\/wp-content\/uploads\/big_dronic-1.jpeg\" alt=\"\" class=\"wp-image-57132 lazyload\" data-sizes=\"auto\" data-srcset=\"https:\/\/buletin.de\/bucuresti\/wp-content\/uploads\/big_dronic-1.jpeg 800w, https:\/\/buletin.de\/bucuresti\/wp-content\/uploads\/big_dronic-1-300x225.jpeg 300w, https:\/\/buletin.de\/bucuresti\/wp-content\/uploads\/big_dronic-1-768x576.jpeg 768w, https:\/\/buletin.de\/bucuresti\/wp-content\/uploads\/big_dronic-1-550x413.jpeg 550w, https:\/\/buletin.de\/bucuresti\/wp-content\/uploads\/big_dronic-1-667x500.jpeg 667w, https:\/\/buletin.de\/bucuresti\/wp-content\/uploads\/big_dronic-1-600x450.jpeg 600w\" sizes=\"(max-width: 800px) 100vw, 800px\" \/><\/figure>\n\n\n\n<p>T\u00e2n\u0103rul disp\u0103rut are urm\u0103toarele semnalmente:<\/p>\n\n\n\n<p>&#8211; \u00een\u0103l\u0163ime: 1,90 m, greutate 70 kg, fa\u021b\u0103 rotund\u0103, p\u0103r \u0219aten, ochi alba\u0219tri.<\/p>\n\n\n\n<p>&#8211; la data dispari\u021biei purta pantaloni negri, geac\u0103 neagr\u0103, \u0219apc\u0103 gri.<\/p>\n\n\n\n<p>Cei care l-au v\u0103zut sau pot oferi detalii sunt ruga\u0163i s\u0103 anun\u0163e Poli\u0163ia Capitalei, apel\u00e2nd num\u0103rul unic de urgen\u0163\u0103 112.<\/p>\n","protected":false},"excerpt":{"rendered":"<p>Dronic Roman, un t\u00e2n\u0103r \u00een v\u00e2rst\u0103 de 19 ani, a fost dat disp\u0103rut. Pe 26 martie, a plecat de la domiciliul din Sectorul 3 \u0219i nu a mai revenit p\u00e2n\u0103 \u00een prezent. Poli\u021bia Capitalei solicit\u0103 sprijinul cet\u0103\u021benilor pentru depistarea lui. T\u00e2n\u0103rul disp\u0103rut are urm\u0103toarele semnalmente: &#8211; \u00een\u0103l\u0163ime: 1,90 m, greutate 70 kg, fa\u021b\u0103 rotund\u0103, p\u0103r [&hellip;]<\/p>\n","protected":false},"author":46,"featured_media":57129,"comment_status":"closed","ping_status":"open","sticky":false,"template":"","format":"standard","meta":{"_acf_changed":false,"inline_featured_image":false,"ngg_post_thumbnail":0,"footnotes":""},"categories":[62],"tags":[],"ppma_author":[22605],"class_list":["post-57128","post","type-post","status-publish","format-standard","has-post-thumbnail","hentry","category-stiri"],"acf":[],"yoast_head":"<!-- This site is optimized with the Yoast SEO Premium plugin v25.3 (Yoast SEO v27.5) - https:\/\/yoast.com\/product\/yoast-seo-premium-wordpress\/ -->\n<title>T\u00e2n\u0103r de 19 ani, dat disp\u0103rut. Poli\u021bia solicit\u0103 sprijinul cet\u0103\u021benilor - Buletin de Bucure\u0219ti<\/title>\n<meta name=\"robots\" content=\"index, follow, max-snippet:-1, max-image-preview:large, max-video-preview:-1\" \/>\n<link rel=\"canonical\" href=\"https:\/\/buletin.de\/bucuresti\/tanar-de-19-ani-dat-disparut-politia-solicita-sprijinul-cetatenilor\/\" \/>\n<meta property=\"og:locale\" content=\"en_GB\" \/>\n<meta property=\"og:type\" content=\"article\" \/>\n<meta property=\"og:title\" content=\"T\u00e2n\u0103r de 19 ani, dat disp\u0103rut. Poli\u021bia solicit\u0103 sprijinul cet\u0103\u021benilor\" \/>\n<meta property=\"og:description\" content=\"Dronic Roman, un t\u00e2n\u0103r \u00een v\u00e2rst\u0103 de 19 ani, a fost dat disp\u0103rut. Pe 26 martie, a plecat de la domiciliul din Sectorul 3 \u0219i nu a mai revenit p\u00e2n\u0103 \u00een prezent. Poli\u021bia Capitalei solicit\u0103 sprijinul cet\u0103\u021benilor pentru depistarea lui. T\u00e2n\u0103rul disp\u0103rut are urm\u0103toarele semnalmente: &#8211; \u00een\u0103l\u0163ime: 1,90 m, greutate 70 kg, fa\u021b\u0103 rotund\u0103, p\u0103r [&hellip;]\" \/>\n<meta property=\"og:url\" content=\"https:\/\/buletin.de\/bucuresti\/tanar-de-19-ani-dat-disparut-politia-solicita-sprijinul-cetatenilor\/\" \/>\n<meta property=\"og:site_name\" content=\"Buletin de Bucure\u0219ti\" \/>\n<meta property=\"article:publisher\" content=\"https:\/\/www.facebook.com\/buletin.de.buc\" \/>\n<meta property=\"article:published_time\" content=\"2023-03-31T11:11:41+00:00\" \/>\n<meta property=\"article:modified_time\" content=\"2023-03-31T11:11:42+00:00\" \/>\n<meta property=\"og:image\" content=\"https:\/\/buletin.de\/bucuresti\/wp-content\/uploads\/big_dronic.jpeg\" \/>\n\t<meta property=\"og:image:width\" content=\"800\" \/>\n\t<meta property=\"og:image:height\" content=\"600\" \/>\n\t<meta property=\"og:image:type\" content=\"image\/jpeg\" \/>\n<meta name=\"author\" content=\"Andreea Gelatu\" \/>\n<meta name=\"twitter:card\" content=\"summary_large_image\" \/>\n<meta name=\"twitter:label1\" content=\"Written by\" \/>\n\t<meta name=\"twitter:data1\" content=\"Andreea Gelatu\" \/>\n\t<meta name=\"twitter:label2\" content=\"Estimated reading time\" \/>\n\t<meta name=\"twitter:data2\" content=\"1 minute\" \/>\n<script type=\"application\/ld+json\" class=\"yoast-schema-graph\">{\"@context\":\"https:\\\/\\\/schema.org\",\"@graph\":[{\"@type\":\"Article\",\"@id\":\"https:\\\/\\\/buletin.de\\\/bucuresti\\\/tanar-de-19-ani-dat-disparut-politia-solicita-sprijinul-cetatenilor\\\/#article\",\"isPartOf\":{\"@id\":\"https:\\\/\\\/buletin.de\\\/bucuresti\\\/tanar-de-19-ani-dat-disparut-politia-solicita-sprijinul-cetatenilor\\\/\"},\"author\":{\"name\":\"Andreea Gelatu\",\"@id\":\"https:\\\/\\\/buletin.de\\\/bucuresti\\\/#\\\/schema\\\/person\\\/87734700b2c7f8608881f7e93b8834de\"},\"headline\":\"T\u00e2n\u0103r de 19 ani, dat disp\u0103rut. Poli\u021bia solicit\u0103 sprijinul cet\u0103\u021benilor\",\"datePublished\":\"2023-03-31T11:11:41+00:00\",\"dateModified\":\"2023-03-31T11:11:42+00:00\",\"mainEntityOfPage\":{\"@id\":\"https:\\\/\\\/buletin.de\\\/bucuresti\\\/tanar-de-19-ani-dat-disparut-politia-solicita-sprijinul-cetatenilor\\\/\"},\"wordCount\":119,\"publisher\":{\"@id\":\"https:\\\/\\\/buletin.de\\\/bucuresti\\\/#organization\"},\"image\":{\"@id\":\"https:\\\/\\\/buletin.de\\\/bucuresti\\\/tanar-de-19-ani-dat-disparut-politia-solicita-sprijinul-cetatenilor\\\/#primaryimage\"},\"thumbnailUrl\":\"https:\\\/\\\/buletin.de\\\/bucuresti\\\/wp-content\\\/uploads\\\/big_dronic.jpeg\",\"articleSection\":[\"\u0218tiri\"],\"inLanguage\":\"en-GB\",\"copyrightYear\":\"2023\",\"copyrightHolder\":{\"@id\":\"https:\\\/\\\/buletin.de\\\/bucuresti\\\/#organization\"}},{\"@type\":\"WebPage\",\"@id\":\"https:\\\/\\\/buletin.de\\\/bucuresti\\\/tanar-de-19-ani-dat-disparut-politia-solicita-sprijinul-cetatenilor\\\/\",\"url\":\"https:\\\/\\\/buletin.de\\\/bucuresti\\\/tanar-de-19-ani-dat-disparut-politia-solicita-sprijinul-cetatenilor\\\/\",\"name\":\"T\u00e2n\u0103r de 19 ani, dat disp\u0103rut. Poli\u021bia solicit\u0103 sprijinul cet\u0103\u021benilor - Buletin de Bucure\u0219ti\",\"isPartOf\":{\"@id\":\"https:\\\/\\\/buletin.de\\\/bucuresti\\\/#website\"},\"primaryImageOfPage\":{\"@id\":\"https:\\\/\\\/buletin.de\\\/bucuresti\\\/tanar-de-19-ani-dat-disparut-politia-solicita-sprijinul-cetatenilor\\\/#primaryimage\"},\"image\":{\"@id\":\"https:\\\/\\\/buletin.de\\\/bucuresti\\\/tanar-de-19-ani-dat-disparut-politia-solicita-sprijinul-cetatenilor\\\/#primaryimage\"},\"thumbnailUrl\":\"https:\\\/\\\/buletin.de\\\/bucuresti\\\/wp-content\\\/uploads\\\/big_dronic.jpeg\",\"datePublished\":\"2023-03-31T11:11:41+00:00\",\"dateModified\":\"2023-03-31T11:11:42+00:00\",\"breadcrumb\":{\"@id\":\"https:\\\/\\\/buletin.de\\\/bucuresti\\\/tanar-de-19-ani-dat-disparut-politia-solicita-sprijinul-cetatenilor\\\/#breadcrumb\"},\"inLanguage\":\"en-GB\",\"potentialAction\":[{\"@type\":\"ReadAction\",\"target\":[\"https:\\\/\\\/buletin.de\\\/bucuresti\\\/tanar-de-19-ani-dat-disparut-politia-solicita-sprijinul-cetatenilor\\\/\"]}]},{\"@type\":\"ImageObject\",\"inLanguage\":\"en-GB\",\"@id\":\"https:\\\/\\\/buletin.de\\\/bucuresti\\\/tanar-de-19-ani-dat-disparut-politia-solicita-sprijinul-cetatenilor\\\/#primaryimage\",\"url\":\"https:\\\/\\\/buletin.de\\\/bucuresti\\\/wp-content\\\/uploads\\\/big_dronic.jpeg\",\"contentUrl\":\"https:\\\/\\\/buletin.de\\\/bucuresti\\\/wp-content\\\/uploads\\\/big_dronic.jpeg\",\"width\":800,\"height\":600},{\"@type\":\"BreadcrumbList\",\"@id\":\"https:\\\/\\\/buletin.de\\\/bucuresti\\\/tanar-de-19-ani-dat-disparut-politia-solicita-sprijinul-cetatenilor\\\/#breadcrumb\",\"itemListElement\":[{\"@type\":\"ListItem\",\"position\":1,\"name\":\"Acas\u0103\",\"item\":\"https:\\\/\\\/buletin.de\\\/bucuresti\\\/\"},{\"@type\":\"ListItem\",\"position\":2,\"name\":\"T\u00e2n\u0103r de 19 ani, dat disp\u0103rut. Poli\u021bia solicit\u0103 sprijinul cet\u0103\u021benilor\"}]},{\"@type\":\"WebSite\",\"@id\":\"https:\\\/\\\/buletin.de\\\/bucuresti\\\/#website\",\"url\":\"https:\\\/\\\/buletin.de\\\/bucuresti\\\/\",\"name\":\"Buletin de Bucure\u0219ti\",\"description\":\"\u0218tiri \u0219i investiga\u021bii esen\u021biale din capital\u0103\",\"publisher\":{\"@id\":\"https:\\\/\\\/buletin.de\\\/bucuresti\\\/#organization\"},\"potentialAction\":[{\"@type\":\"SearchAction\",\"target\":{\"@type\":\"EntryPoint\",\"urlTemplate\":\"https:\\\/\\\/buletin.de\\\/bucuresti\\\/?s={search_term_string}\"},\"query-input\":{\"@type\":\"PropertyValueSpecification\",\"valueRequired\":true,\"valueName\":\"search_term_string\"}}],\"inLanguage\":\"en-GB\"},{\"@type\":\"Organization\",\"@id\":\"https:\\\/\\\/buletin.de\\\/bucuresti\\\/#organization\",\"name\":\"Buletin de Bucure\u0219ti\",\"url\":\"https:\\\/\\\/buletin.de\\\/bucuresti\\\/\",\"logo\":{\"@type\":\"ImageObject\",\"inLanguage\":\"en-GB\",\"@id\":\"https:\\\/\\\/buletin.de\\\/bucuresti\\\/#\\\/schema\\\/logo\\\/image\\\/\",\"url\":\"https:\\\/\\\/buletin.de\\\/bucuresti\\\/wp-content\\\/uploads\\\/logo-bdb-full-wide-vernil-transparent.png\",\"contentUrl\":\"https:\\\/\\\/buletin.de\\\/bucuresti\\\/wp-content\\\/uploads\\\/logo-bdb-full-wide-vernil-transparent.png\",\"width\":1782,\"height\":626,\"caption\":\"Buletin de Bucure\u0219ti\"},\"image\":{\"@id\":\"https:\\\/\\\/buletin.de\\\/bucuresti\\\/#\\\/schema\\\/logo\\\/image\\\/\"},\"sameAs\":[\"https:\\\/\\\/www.facebook.com\\\/buletin.de.buc\",\"https:\\\/\\\/www.instagram.com\\\/buletinde.bucuresti\\\/\"]},{\"@type\":\"Person\",\"@id\":\"https:\\\/\\\/buletin.de\\\/bucuresti\\\/#\\\/schema\\\/person\\\/87734700b2c7f8608881f7e93b8834de\",\"name\":\"Andreea Gelatu\",\"image\":{\"@type\":\"ImageObject\",\"inLanguage\":\"en-GB\",\"@id\":\"https:\\\/\\\/secure.gravatar.com\\\/avatar\\\/b716eca2f984b9b65bdd87118b4b909d940b619cbe6e8cb725fe11c1b1f4194f?s=96&d=monsterid&r=g9b5eff4996c6b842a29b3057a7b4746f\",\"url\":\"https:\\\/\\\/secure.gravatar.com\\\/avatar\\\/b716eca2f984b9b65bdd87118b4b909d940b619cbe6e8cb725fe11c1b1f4194f?s=96&d=monsterid&r=g\",\"contentUrl\":\"https:\\\/\\\/secure.gravatar.com\\\/avatar\\\/b716eca2f984b9b65bdd87118b4b909d940b619cbe6e8cb725fe11c1b1f4194f?s=96&d=monsterid&r=g\",\"caption\":\"Andreea Gelatu\"},\"url\":\"https:\\\/\\\/buletin.de\\\/bucuresti\\\/author\\\/andreeagelatu\\\/\"}]}<\/script>\n<!-- \/ Yoast SEO Premium plugin. -->","yoast_head_json":{"title":"T\u00e2n\u0103r de 19 ani, dat disp\u0103rut. Poli\u021bia solicit\u0103 sprijinul cet\u0103\u021benilor - Buletin de Bucure\u0219ti","robots":{"index":"index","follow":"follow","max-snippet":"max-snippet:-1","max-image-preview":"max-image-preview:large","max-video-preview":"max-video-preview:-1"},"canonical":"https:\/\/buletin.de\/bucuresti\/tanar-de-19-ani-dat-disparut-politia-solicita-sprijinul-cetatenilor\/","og_locale":"en_GB","og_type":"article","og_title":"T\u00e2n\u0103r de 19 ani, dat disp\u0103rut. Poli\u021bia solicit\u0103 sprijinul cet\u0103\u021benilor","og_description":"Dronic Roman, un t\u00e2n\u0103r \u00een v\u00e2rst\u0103 de 19 ani, a fost dat disp\u0103rut. Pe 26 martie, a plecat de la domiciliul din Sectorul 3 \u0219i nu a mai revenit p\u00e2n\u0103 \u00een prezent. Poli\u021bia Capitalei solicit\u0103 sprijinul cet\u0103\u021benilor pentru depistarea lui. T\u00e2n\u0103rul disp\u0103rut are urm\u0103toarele semnalmente: &#8211; \u00een\u0103l\u0163ime: 1,90 m, greutate 70 kg, fa\u021b\u0103 rotund\u0103, p\u0103r [&hellip;]","og_url":"https:\/\/buletin.de\/bucuresti\/tanar-de-19-ani-dat-disparut-politia-solicita-sprijinul-cetatenilor\/","og_site_name":"Buletin de Bucure\u0219ti","article_publisher":"https:\/\/www.facebook.com\/buletin.de.buc","article_published_time":"2023-03-31T11:11:41+00:00","article_modified_time":"2023-03-31T11:11:42+00:00","og_image":[{"width":800,"height":600,"url":"https:\/\/buletin.de\/bucuresti\/wp-content\/uploads\/big_dronic.jpeg","type":"image\/jpeg"}],"author":"Andreea Gelatu","twitter_card":"summary_large_image","twitter_misc":{"Written by":"Andreea Gelatu","Estimated reading time":"1 minute"},"schema":{"@context":"https:\/\/schema.org","@graph":[{"@type":"Article","@id":"https:\/\/buletin.de\/bucuresti\/tanar-de-19-ani-dat-disparut-politia-solicita-sprijinul-cetatenilor\/#article","isPartOf":{"@id":"https:\/\/buletin.de\/bucuresti\/tanar-de-19-ani-dat-disparut-politia-solicita-sprijinul-cetatenilor\/"},"author":{"name":"Andreea Gelatu","@id":"https:\/\/buletin.de\/bucuresti\/#\/schema\/person\/87734700b2c7f8608881f7e93b8834de"},"headline":"T\u00e2n\u0103r de 19 ani, dat disp\u0103rut. Poli\u021bia solicit\u0103 sprijinul cet\u0103\u021benilor","datePublished":"2023-03-31T11:11:41+00:00","dateModified":"2023-03-31T11:11:42+00:00","mainEntityOfPage":{"@id":"https:\/\/buletin.de\/bucuresti\/tanar-de-19-ani-dat-disparut-politia-solicita-sprijinul-cetatenilor\/"},"wordCount":119,"publisher":{"@id":"https:\/\/buletin.de\/bucuresti\/#organization"},"image":{"@id":"https:\/\/buletin.de\/bucuresti\/tanar-de-19-ani-dat-disparut-politia-solicita-sprijinul-cetatenilor\/#primaryimage"},"thumbnailUrl":"https:\/\/buletin.de\/bucuresti\/wp-content\/uploads\/big_dronic.jpeg","articleSection":["\u0218tiri"],"inLanguage":"en-GB","copyrightYear":"2023","copyrightHolder":{"@id":"https:\/\/buletin.de\/bucuresti\/#organization"}},{"@type":"WebPage","@id":"https:\/\/buletin.de\/bucuresti\/tanar-de-19-ani-dat-disparut-politia-solicita-sprijinul-cetatenilor\/","url":"https:\/\/buletin.de\/bucuresti\/tanar-de-19-ani-dat-disparut-politia-solicita-sprijinul-cetatenilor\/","name":"T\u00e2n\u0103r de 19 ani, dat disp\u0103rut. Poli\u021bia solicit\u0103 sprijinul cet\u0103\u021benilor - Buletin de Bucure\u0219ti","isPartOf":{"@id":"https:\/\/buletin.de\/bucuresti\/#website"},"primaryImageOfPage":{"@id":"https:\/\/buletin.de\/bucuresti\/tanar-de-19-ani-dat-disparut-politia-solicita-sprijinul-cetatenilor\/#primaryimage"},"image":{"@id":"https:\/\/buletin.de\/bucuresti\/tanar-de-19-ani-dat-disparut-politia-solicita-sprijinul-cetatenilor\/#primaryimage"},"thumbnailUrl":"https:\/\/buletin.de\/bucuresti\/wp-content\/uploads\/big_dronic.jpeg","datePublished":"2023-03-31T11:11:41+00:00","dateModified":"2023-03-31T11:11:42+00:00","breadcrumb":{"@id":"https:\/\/buletin.de\/bucuresti\/tanar-de-19-ani-dat-disparut-politia-solicita-sprijinul-cetatenilor\/#breadcrumb"},"inLanguage":"en-GB","potentialAction":[{"@type":"ReadAction","target":["https:\/\/buletin.de\/bucuresti\/tanar-de-19-ani-dat-disparut-politia-solicita-sprijinul-cetatenilor\/"]}]},{"@type":"ImageObject","inLanguage":"en-GB","@id":"https:\/\/buletin.de\/bucuresti\/tanar-de-19-ani-dat-disparut-politia-solicita-sprijinul-cetatenilor\/#primaryimage","url":"https:\/\/buletin.de\/bucuresti\/wp-content\/uploads\/big_dronic.jpeg","contentUrl":"https:\/\/buletin.de\/bucuresti\/wp-content\/uploads\/big_dronic.jpeg","width":800,"height":600},{"@type":"BreadcrumbList","@id":"https:\/\/buletin.de\/bucuresti\/tanar-de-19-ani-dat-disparut-politia-solicita-sprijinul-cetatenilor\/#breadcrumb","itemListElement":[{"@type":"ListItem","position":1,"name":"Acas\u0103","item":"https:\/\/buletin.de\/bucuresti\/"},{"@type":"ListItem","position":2,"name":"T\u00e2n\u0103r de 19 ani, dat disp\u0103rut. Poli\u021bia solicit\u0103 sprijinul cet\u0103\u021benilor"}]},{"@type":"WebSite","@id":"https:\/\/buletin.de\/bucuresti\/#website","url":"https:\/\/buletin.de\/bucuresti\/","name":"Buletin de Bucure\u0219ti","description":"\u0218tiri \u0219i investiga\u021bii esen\u021biale din capital\u0103","publisher":{"@id":"https:\/\/buletin.de\/bucuresti\/#organization"},"potentialAction":[{"@type":"SearchAction","target":{"@type":"EntryPoint","urlTemplate":"https:\/\/buletin.de\/bucuresti\/?s={search_term_string}"},"query-input":{"@type":"PropertyValueSpecification","valueRequired":true,"valueName":"search_term_string"}}],"inLanguage":"en-GB"},{"@type":"Organization","@id":"https:\/\/buletin.de\/bucuresti\/#organization","name":"Buletin de Bucure\u0219ti","url":"https:\/\/buletin.de\/bucuresti\/","logo":{"@type":"ImageObject","inLanguage":"en-GB","@id":"https:\/\/buletin.de\/bucuresti\/#\/schema\/logo\/image\/","url":"https:\/\/buletin.de\/bucuresti\/wp-content\/uploads\/logo-bdb-full-wide-vernil-transparent.png","contentUrl":"https:\/\/buletin.de\/bucuresti\/wp-content\/uploads\/logo-bdb-full-wide-vernil-transparent.png","width":1782,"height":626,"caption":"Buletin de Bucure\u0219ti"},"image":{"@id":"https:\/\/buletin.de\/bucuresti\/#\/schema\/logo\/image\/"},"sameAs":["https:\/\/www.facebook.com\/buletin.de.buc","https:\/\/www.instagram.com\/buletinde.bucuresti\/"]},{"@type":"Person","@id":"https:\/\/buletin.de\/bucuresti\/#\/schema\/person\/87734700b2c7f8608881f7e93b8834de","name":"Andreea Gelatu","image":{"@type":"ImageObject","inLanguage":"en-GB","@id":"https:\/\/secure.gravatar.com\/avatar\/b716eca2f984b9b65bdd87118b4b909d940b619cbe6e8cb725fe11c1b1f4194f?s=96&d=monsterid&r=g9b5eff4996c6b842a29b3057a7b4746f","url":"https:\/\/secure.gravatar.com\/avatar\/b716eca2f984b9b65bdd87118b4b909d940b619cbe6e8cb725fe11c1b1f4194f?s=96&d=monsterid&r=g","contentUrl":"https:\/\/secure.gravatar.com\/avatar\/b716eca2f984b9b65bdd87118b4b909d940b619cbe6e8cb725fe11c1b1f4194f?s=96&d=monsterid&r=g","caption":"Andreea Gelatu"},"url":"https:\/\/buletin.de\/bucuresti\/author\/andreeagelatu\/"}]}},"authors":[{"term_id":22605,"user_id":46,"is_guest":0,"slug":"andreeagelatu","display_name":"Andreea Gelatu","avatar_url":"https:\/\/secure.gravatar.com\/avatar\/b716eca2f984b9b65bdd87118b4b909d940b619cbe6e8cb725fe11c1b1f4194f?s=96&d=monsterid&r=g","0":null,"1":"","2":"","3":"","4":"","5":"","6":"","7":"","8":""}],"_links":{"self":[{"href":"https:\/\/buletin.de\/bucuresti\/wp-json\/wp\/v2\/posts\/57128","targetHints":{"allow":["GET"]}}],"collection":[{"href":"https:\/\/buletin.de\/bucuresti\/wp-json\/wp\/v2\/posts"}],"about":[{"href":"https:\/\/buletin.de\/bucuresti\/wp-json\/wp\/v2\/types\/post"}],"author":[{"embeddable":true,"href":"https:\/\/buletin.de\/bucuresti\/wp-json\/wp\/v2\/users\/46"}],"replies":[{"embeddable":true,"href":"https:\/\/buletin.de\/bucuresti\/wp-json\/wp\/v2\/comments?post=57128"}],"version-history":[{"count":4,"href":"https:\/\/buletin.de\/bucuresti\/wp-json\/wp\/v2\/posts\/57128\/revisions"}],"predecessor-version":[{"id":57136,"href":"https:\/\/buletin.de\/bucuresti\/wp-json\/wp\/v2\/posts\/57128\/revisions\/57136"}],"wp:featuredmedia":[{"embeddable":true,"href":"https:\/\/buletin.de\/bucuresti\/wp-json\/wp\/v2\/media\/57129"}],"wp:attachment":[{"href":"https:\/\/buletin.de\/bucuresti\/wp-json\/wp\/v2\/media?parent=57128"}],"wp:term":[{"taxonomy":"category","embeddable":true,"href":"https:\/\/buletin.de\/bucuresti\/wp-json\/wp\/v2\/categories?post=57128"},{"taxonomy":"post_tag","embeddable":true,"href":"https:\/\/buletin.de\/bucuresti\/wp-json\/wp\/v2\/tags?post=57128"},{"taxonomy":"author","embeddable":true,"href":"https:\/\/buletin.de\/bucuresti\/wp-json\/wp\/v2\/ppma_author?post=57128"}],"curies":[{"name":"wp","href":"https:\/\/api.w.org\/{rel}","templated":true}]}}