{"id":57124,"date":"2023-03-31T13:31:20","date_gmt":"2023-03-31T11:31:20","guid":{"rendered":"https:\/\/buletin.de\/bucuresti\/?p=57124"},"modified":"2023-03-31T13:31:21","modified_gmt":"2023-03-31T11:31:21","slug":"podul-mare-din-cismigiu-a-fost-reabilitat","status":"publish","type":"post","link":"https:\/\/buletin.de\/bucuresti\/podul-mare-din-cismigiu-a-fost-reabilitat\/","title":{"rendered":"Podul Mare din Ci\u0219migiu a fost reabilitat"},"content":{"rendered":"\n<p><strong>Lucr\u0103rile de reabilitarea a Podului Mare din Ci\u0219migiu au fost finalizate, iar Trustul de Cl\u0103diri Metropolitane face ultimele finisaje, astfel \u00eenc\u00e2t s\u0103 poat\u0103 s\u0103 \u00eenceap\u0103 recep\u021bia la finalizarea lucr\u0103rilor. Podul este unul dintre simbolurile Gr\u0103dinii Ci\u0219migiu \u0219i p\u00e2n\u0103 acum nu a fost niciodat\u0103 reabilitat. <\/strong><\/p>\n\n\n\n<figure class=\"wp-block-gallery has-nested-images columns-default is-cropped wp-block-gallery-1 is-layout-flex wp-block-gallery-is-layout-flex\">\n<figure class=\"wp-block-image size-large\"><img fetchpriority=\"high\" decoding=\"async\" width=\"900\" height=\"407\" data-id=\"57125\" src=\"data:image\/gif;base64,R0lGODlhAQABAAAAACH5BAEKAAEALAAAAAABAAEAAAICTAEAOw==\" data-src=\"https:\/\/buletin.de\/bucuresti\/wp-content\/uploads\/338988393_186591494154618_5058199677714336567_n-900x407.jpeg\" alt=\"\" class=\"wp-image-57125 lazyload\" data-sizes=\"auto\" data-srcset=\"https:\/\/buletin.de\/bucuresti\/wp-content\/uploads\/338988393_186591494154618_5058199677714336567_n-900x407.jpeg 900w, https:\/\/buletin.de\/bucuresti\/wp-content\/uploads\/338988393_186591494154618_5058199677714336567_n-300x136.jpeg 300w, https:\/\/buletin.de\/bucuresti\/wp-content\/uploads\/338988393_186591494154618_5058199677714336567_n-768x347.jpeg 768w, https:\/\/buletin.de\/bucuresti\/wp-content\/uploads\/338988393_186591494154618_5058199677714336567_n-1060x479.jpeg 1060w, https:\/\/buletin.de\/bucuresti\/wp-content\/uploads\/338988393_186591494154618_5058199677714336567_n-550x249.jpeg 550w, https:\/\/buletin.de\/bucuresti\/wp-content\/uploads\/338988393_186591494154618_5058199677714336567_n-1106x500.jpeg 1106w, https:\/\/buletin.de\/bucuresti\/wp-content\/uploads\/338988393_186591494154618_5058199677714336567_n-600x271.jpeg 600w, https:\/\/buletin.de\/bucuresti\/wp-content\/uploads\/338988393_186591494154618_5058199677714336567_n.jpeg 1416w\" sizes=\"(max-width: 900px) 100vw, 900px\" \/><\/figure>\n\n\n\n<figure class=\"wp-block-image size-large\"><img decoding=\"async\" width=\"900\" height=\"405\" data-id=\"57126\" src=\"data:image\/gif;base64,R0lGODlhAQABAAAAACH5BAEKAAEALAAAAAABAAEAAAICTAEAOw==\" data-src=\"https:\/\/buletin.de\/bucuresti\/wp-content\/uploads\/338954706_963016741403096_2049872757316342348_n-900x405.jpeg\" alt=\"\" class=\"wp-image-57126 lazyload\" data-sizes=\"auto\" data-srcset=\"https:\/\/buletin.de\/bucuresti\/wp-content\/uploads\/338954706_963016741403096_2049872757316342348_n-900x405.jpeg 900w, https:\/\/buletin.de\/bucuresti\/wp-content\/uploads\/338954706_963016741403096_2049872757316342348_n-300x135.jpeg 300w, https:\/\/buletin.de\/bucuresti\/wp-content\/uploads\/338954706_963016741403096_2049872757316342348_n-768x346.jpeg 768w, https:\/\/buletin.de\/bucuresti\/wp-content\/uploads\/338954706_963016741403096_2049872757316342348_n-1060x477.jpeg 1060w, https:\/\/buletin.de\/bucuresti\/wp-content\/uploads\/338954706_963016741403096_2049872757316342348_n-550x248.jpeg 550w, https:\/\/buletin.de\/bucuresti\/wp-content\/uploads\/338954706_963016741403096_2049872757316342348_n-1111x500.jpeg 1111w, https:\/\/buletin.de\/bucuresti\/wp-content\/uploads\/338954706_963016741403096_2049872757316342348_n-600x270.jpeg 600w, https:\/\/buletin.de\/bucuresti\/wp-content\/uploads\/338954706_963016741403096_2049872757316342348_n.jpeg 1422w\" sizes=\"(max-width: 900px) 100vw, 900px\" \/><\/figure>\n\n\n\n<figure class=\"wp-block-image size-large\"><img decoding=\"async\" width=\"900\" height=\"407\" data-id=\"57127\" src=\"data:image\/gif;base64,R0lGODlhAQABAAAAACH5BAEKAAEALAAAAAABAAEAAAICTAEAOw==\" data-src=\"https:\/\/buletin.de\/bucuresti\/wp-content\/uploads\/338950150_6376550729076414_3495347038190893094_n-900x407.jpeg\" alt=\"\" class=\"wp-image-57127 lazyload\" data-sizes=\"auto\" data-srcset=\"https:\/\/buletin.de\/bucuresti\/wp-content\/uploads\/338950150_6376550729076414_3495347038190893094_n-900x407.jpeg 900w, https:\/\/buletin.de\/bucuresti\/wp-content\/uploads\/338950150_6376550729076414_3495347038190893094_n-300x136.jpeg 300w, https:\/\/buletin.de\/bucuresti\/wp-content\/uploads\/338950150_6376550729076414_3495347038190893094_n-768x347.jpeg 768w, https:\/\/buletin.de\/bucuresti\/wp-content\/uploads\/338950150_6376550729076414_3495347038190893094_n-1060x479.jpeg 1060w, https:\/\/buletin.de\/bucuresti\/wp-content\/uploads\/338950150_6376550729076414_3495347038190893094_n-550x249.jpeg 550w, https:\/\/buletin.de\/bucuresti\/wp-content\/uploads\/338950150_6376550729076414_3495347038190893094_n-1106x500.jpeg 1106w, https:\/\/buletin.de\/bucuresti\/wp-content\/uploads\/338950150_6376550729076414_3495347038190893094_n-600x271.jpeg 600w, https:\/\/buletin.de\/bucuresti\/wp-content\/uploads\/338950150_6376550729076414_3495347038190893094_n.jpeg 1416w\" sizes=\"(max-width: 900px) 100vw, 900px\" \/><\/figure>\n<figcaption class=\"blocks-gallery-caption\">Imagini cu Podul Mare din Ci\u0219migiu, reabilitat de c\u0103tre Prim\u0103ria Capitalei. Surs\u0103 Foto: Nicu\u0219or Dan <\/figcaption><\/figure>\n\n\n\n<p>Lucr\u0103rile de reabilitare \u0219i consolidare au \u00eenceput \u00een septembrie 2022, iar pentru ca ele s\u0103 se poat\u0103 desf\u0103\u0219ura conform planului Lacul din Ci\u0219migiu a fost golit. Trustul de Cl\u0103diri Metropolitane a avut la dispozi\u021bie opt luni s\u0103 termine lucr\u0103rile. <\/p>\n\n\n\n<p>Lucr\u0103rile au \u00eenceput dup\u0103 ce, \u00een august 2023, mai mul\u021bi bucure\u0219teni au cristicat actuala administra\u021bie pentru c\u0103 Parcul Ci\u0219imigiu nu a fost \u00eentre\u021binut a\u0219a cum ar fi trebuit. Ace\u0219tia semnalau edilului printre altele c\u0103 \u00een parc sunt prea multe gunoaie, vgeta\u021bia nu este \u00eentre\u021binut\u0103 \u0219i chiar faptul c\u0103 lacul a fost golit de ap\u0103.<\/p>\n\n\n\n<p>Ci\u0219migiu este cel mai vechi parc din Bucure\u0219ti. Gr\u0103dina istoric\u0103 are aproximativ 17 hectare \u0219i este \u00eenconjurat\u0103 de Bulevardul Regina Elisabeta \u0219i Bulevardul Schitu M\u0103gureanu. &nbsp;\u00cen Ci\u0219migiu a fost montat \u0219i primul chio\u0219c de ziare din Bucure\u0219ti, chiar la intrarea principal\u0103, acolo unde poate fi g\u0103sit \u0219i \u00een ziua de ast\u0103zi, \u00eens\u0103 \u00eentr-o form\u0103 ref\u0103cut\u0103. Mai multe informa\u021bii despre parc pute\u021bi g\u0103si&nbsp;<a href=\"https:\/\/www.cmpgb.ro\/page\/166\"><strong>AICI<\/strong><\/a>.<\/p>\n\n\n\n<p>Surs\u0103 Foto: Facebook, Nicu\u0219or Dan<\/p>\n","protected":false},"excerpt":{"rendered":"<p>Lucr\u0103rile de reabilitarea a Podului Mare din Ci\u0219migiu au fost finalizate, iar Trustul de Cl\u0103diri Metropolitane face ultimele finisaje, astfel \u00eenc\u00e2t s\u0103 poat\u0103 s\u0103 \u00eenceap\u0103 recep\u021bia la finalizarea lucr\u0103rilor. Podul este unul dintre simbolurile Gr\u0103dinii Ci\u0219migiu \u0219i p\u00e2n\u0103 acum nu a fost niciodat\u0103 reabilitat. Lucr\u0103rile de reabilitare \u0219i consolidare au \u00eenceput \u00een septembrie 2022, iar [&hellip;]<\/p>\n","protected":false},"author":17,"featured_media":57127,"comment_status":"closed","ping_status":"open","sticky":false,"template":"","format":"standard","meta":{"_acf_changed":false,"inline_featured_image":false,"ngg_post_thumbnail":0,"footnotes":""},"categories":[24],"tags":[],"ppma_author":[22576],"class_list":["post-57124","post","type-post","status-publish","format-standard","has-post-thumbnail","hentry","category-primarie"],"acf":[],"yoast_head":"<!-- This site is optimized with the Yoast SEO Premium plugin v25.3 (Yoast SEO v27.5) - https:\/\/yoast.com\/product\/yoast-seo-premium-wordpress\/ -->\n<title>Podul Mare din Ci\u0219migiu a fost reabilitat - Buletin de Bucure\u0219ti<\/title>\n<meta name=\"robots\" content=\"index, follow, max-snippet:-1, max-image-preview:large, max-video-preview:-1\" \/>\n<link rel=\"canonical\" href=\"https:\/\/buletin.de\/bucuresti\/podul-mare-din-cismigiu-a-fost-reabilitat\/\" \/>\n<meta property=\"og:locale\" content=\"en_GB\" \/>\n<meta property=\"og:type\" content=\"article\" \/>\n<meta property=\"og:title\" content=\"Podul Mare din Ci\u0219migiu a fost reabilitat\" \/>\n<meta property=\"og:description\" content=\"Lucr\u0103rile de reabilitarea a Podului Mare din Ci\u0219migiu au fost finalizate, iar Trustul de Cl\u0103diri Metropolitane face ultimele finisaje, astfel \u00eenc\u00e2t s\u0103 poat\u0103 s\u0103 \u00eenceap\u0103 recep\u021bia la finalizarea lucr\u0103rilor. Podul este unul dintre simbolurile Gr\u0103dinii Ci\u0219migiu \u0219i p\u00e2n\u0103 acum nu a fost niciodat\u0103 reabilitat. Lucr\u0103rile de reabilitare \u0219i consolidare au \u00eenceput \u00een septembrie 2022, iar [&hellip;]\" \/>\n<meta property=\"og:url\" content=\"https:\/\/buletin.de\/bucuresti\/podul-mare-din-cismigiu-a-fost-reabilitat\/\" \/>\n<meta property=\"og:site_name\" content=\"Buletin de Bucure\u0219ti\" \/>\n<meta property=\"article:publisher\" content=\"https:\/\/www.facebook.com\/buletin.de.buc\" \/>\n<meta property=\"article:published_time\" content=\"2023-03-31T11:31:20+00:00\" \/>\n<meta property=\"article:modified_time\" content=\"2023-03-31T11:31:21+00:00\" \/>\n<meta property=\"og:image\" content=\"https:\/\/buletin.de\/bucuresti\/wp-content\/uploads\/338950150_6376550729076414_3495347038190893094_n.jpeg\" \/>\n\t<meta property=\"og:image:width\" content=\"1416\" \/>\n\t<meta property=\"og:image:height\" content=\"640\" \/>\n\t<meta property=\"og:image:type\" content=\"image\/jpeg\" \/>\n<meta name=\"author\" content=\"Florin R\u00e2\u0219teiu\" \/>\n<meta name=\"twitter:card\" content=\"summary_large_image\" \/>\n<meta name=\"twitter:label1\" content=\"Written by\" \/>\n\t<meta name=\"twitter:data1\" content=\"Florin R\u00e2\u0219teiu\" \/>\n\t<meta name=\"twitter:label2\" content=\"Estimated reading time\" \/>\n\t<meta name=\"twitter:data2\" content=\"2 minutes\" \/>\n<script type=\"application\/ld+json\" class=\"yoast-schema-graph\">{\"@context\":\"https:\\\/\\\/schema.org\",\"@graph\":[{\"@type\":\"Article\",\"@id\":\"https:\\\/\\\/buletin.de\\\/bucuresti\\\/podul-mare-din-cismigiu-a-fost-reabilitat\\\/#article\",\"isPartOf\":{\"@id\":\"https:\\\/\\\/buletin.de\\\/bucuresti\\\/podul-mare-din-cismigiu-a-fost-reabilitat\\\/\"},\"author\":{\"name\":\"Florin R\u00e2\u0219teiu\",\"@id\":\"https:\\\/\\\/buletin.de\\\/bucuresti\\\/#\\\/schema\\\/person\\\/b0686d7a8b666c6afc78239777fd8a89\"},\"headline\":\"Podul Mare din Ci\u0219migiu a fost reabilitat\",\"datePublished\":\"2023-03-31T11:31:20+00:00\",\"dateModified\":\"2023-03-31T11:31:21+00:00\",\"mainEntityOfPage\":{\"@id\":\"https:\\\/\\\/buletin.de\\\/bucuresti\\\/podul-mare-din-cismigiu-a-fost-reabilitat\\\/\"},\"wordCount\":270,\"publisher\":{\"@id\":\"https:\\\/\\\/buletin.de\\\/bucuresti\\\/#organization\"},\"image\":{\"@id\":\"https:\\\/\\\/buletin.de\\\/bucuresti\\\/podul-mare-din-cismigiu-a-fost-reabilitat\\\/#primaryimage\"},\"thumbnailUrl\":\"https:\\\/\\\/buletin.de\\\/bucuresti\\\/wp-content\\\/uploads\\\/338950150_6376550729076414_3495347038190893094_n.jpeg\",\"articleSection\":[\"Prim\u0103rie\"],\"inLanguage\":\"en-GB\",\"copyrightYear\":\"2023\",\"copyrightHolder\":{\"@id\":\"https:\\\/\\\/buletin.de\\\/bucuresti\\\/#organization\"}},{\"@type\":\"WebPage\",\"@id\":\"https:\\\/\\\/buletin.de\\\/bucuresti\\\/podul-mare-din-cismigiu-a-fost-reabilitat\\\/\",\"url\":\"https:\\\/\\\/buletin.de\\\/bucuresti\\\/podul-mare-din-cismigiu-a-fost-reabilitat\\\/\",\"name\":\"Podul Mare din Ci\u0219migiu a fost reabilitat - Buletin de Bucure\u0219ti\",\"isPartOf\":{\"@id\":\"https:\\\/\\\/buletin.de\\\/bucuresti\\\/#website\"},\"primaryImageOfPage\":{\"@id\":\"https:\\\/\\\/buletin.de\\\/bucuresti\\\/podul-mare-din-cismigiu-a-fost-reabilitat\\\/#primaryimage\"},\"image\":{\"@id\":\"https:\\\/\\\/buletin.de\\\/bucuresti\\\/podul-mare-din-cismigiu-a-fost-reabilitat\\\/#primaryimage\"},\"thumbnailUrl\":\"https:\\\/\\\/buletin.de\\\/bucuresti\\\/wp-content\\\/uploads\\\/338950150_6376550729076414_3495347038190893094_n.jpeg\",\"datePublished\":\"2023-03-31T11:31:20+00:00\",\"dateModified\":\"2023-03-31T11:31:21+00:00\",\"breadcrumb\":{\"@id\":\"https:\\\/\\\/buletin.de\\\/bucuresti\\\/podul-mare-din-cismigiu-a-fost-reabilitat\\\/#breadcrumb\"},\"inLanguage\":\"en-GB\",\"potentialAction\":[{\"@type\":\"ReadAction\",\"target\":[\"https:\\\/\\\/buletin.de\\\/bucuresti\\\/podul-mare-din-cismigiu-a-fost-reabilitat\\\/\"]}]},{\"@type\":\"ImageObject\",\"inLanguage\":\"en-GB\",\"@id\":\"https:\\\/\\\/buletin.de\\\/bucuresti\\\/podul-mare-din-cismigiu-a-fost-reabilitat\\\/#primaryimage\",\"url\":\"https:\\\/\\\/buletin.de\\\/bucuresti\\\/wp-content\\\/uploads\\\/338950150_6376550729076414_3495347038190893094_n.jpeg\",\"contentUrl\":\"https:\\\/\\\/buletin.de\\\/bucuresti\\\/wp-content\\\/uploads\\\/338950150_6376550729076414_3495347038190893094_n.jpeg\",\"width\":1416,\"height\":640},{\"@type\":\"BreadcrumbList\",\"@id\":\"https:\\\/\\\/buletin.de\\\/bucuresti\\\/podul-mare-din-cismigiu-a-fost-reabilitat\\\/#breadcrumb\",\"itemListElement\":[{\"@type\":\"ListItem\",\"position\":1,\"name\":\"Acas\u0103\",\"item\":\"https:\\\/\\\/buletin.de\\\/bucuresti\\\/\"},{\"@type\":\"ListItem\",\"position\":2,\"name\":\"Podul Mare din Ci\u0219migiu a fost reabilitat\"}]},{\"@type\":\"WebSite\",\"@id\":\"https:\\\/\\\/buletin.de\\\/bucuresti\\\/#website\",\"url\":\"https:\\\/\\\/buletin.de\\\/bucuresti\\\/\",\"name\":\"Buletin de Bucure\u0219ti\",\"description\":\"\u0218tiri \u0219i investiga\u021bii esen\u021biale din capital\u0103\",\"publisher\":{\"@id\":\"https:\\\/\\\/buletin.de\\\/bucuresti\\\/#organization\"},\"potentialAction\":[{\"@type\":\"SearchAction\",\"target\":{\"@type\":\"EntryPoint\",\"urlTemplate\":\"https:\\\/\\\/buletin.de\\\/bucuresti\\\/?s={search_term_string}\"},\"query-input\":{\"@type\":\"PropertyValueSpecification\",\"valueRequired\":true,\"valueName\":\"search_term_string\"}}],\"inLanguage\":\"en-GB\"},{\"@type\":\"Organization\",\"@id\":\"https:\\\/\\\/buletin.de\\\/bucuresti\\\/#organization\",\"name\":\"Buletin de Bucure\u0219ti\",\"url\":\"https:\\\/\\\/buletin.de\\\/bucuresti\\\/\",\"logo\":{\"@type\":\"ImageObject\",\"inLanguage\":\"en-GB\",\"@id\":\"https:\\\/\\\/buletin.de\\\/bucuresti\\\/#\\\/schema\\\/logo\\\/image\\\/\",\"url\":\"https:\\\/\\\/buletin.de\\\/bucuresti\\\/wp-content\\\/uploads\\\/logo-bdb-full-wide-vernil-transparent.png\",\"contentUrl\":\"https:\\\/\\\/buletin.de\\\/bucuresti\\\/wp-content\\\/uploads\\\/logo-bdb-full-wide-vernil-transparent.png\",\"width\":1782,\"height\":626,\"caption\":\"Buletin de Bucure\u0219ti\"},\"image\":{\"@id\":\"https:\\\/\\\/buletin.de\\\/bucuresti\\\/#\\\/schema\\\/logo\\\/image\\\/\"},\"sameAs\":[\"https:\\\/\\\/www.facebook.com\\\/buletin.de.buc\",\"https:\\\/\\\/www.instagram.com\\\/buletinde.bucuresti\\\/\"]},{\"@type\":\"Person\",\"@id\":\"https:\\\/\\\/buletin.de\\\/bucuresti\\\/#\\\/schema\\\/person\\\/b0686d7a8b666c6afc78239777fd8a89\",\"name\":\"Florin R\u00e2\u0219teiu\",\"image\":{\"@type\":\"ImageObject\",\"inLanguage\":\"en-GB\",\"@id\":\"https:\\\/\\\/buletin.de\\\/bucuresti\\\/wp-content\\\/uploads\\\/Florin-Rasteiu-96x96.jpgf0a6fe28453aa12f0a60e4d0a2e3a78c\",\"url\":\"https:\\\/\\\/buletin.de\\\/bucuresti\\\/wp-content\\\/uploads\\\/Florin-Rasteiu-96x96.jpg\",\"contentUrl\":\"https:\\\/\\\/buletin.de\\\/bucuresti\\\/wp-content\\\/uploads\\\/Florin-Rasteiu-96x96.jpg\",\"caption\":\"Florin R\u00e2\u0219teiu\"},\"description\":\"Jurnalist de investiga\u021bie. Lucreaz\u0103 de aproape 6 ani la Buletin de Bucure\u0219ti, unde a publicat articole care scot la suprafa\u021b\u0103 corup\u021bia din Capital\u0103. Analizeaz\u0103 baze de date zilnic \u0219i scoate pove\u0219ti din exceluri pline de cifre. Pune reflectorul pe adev\u0103r cu fiecare ocazie. A c\u00e2\u0219tigat premiul I la categoria Pres\u0103 Local\u0103 \u00een 2025 \u0219i locul al II-lea la aceea\u0219i categorie \u00een 2024 \u00een cadrul Premiilor Superscrieri pentru jurnalism independent.\",\"url\":\"https:\\\/\\\/buletin.de\\\/bucuresti\\\/author\\\/florinrasteiu\\\/\"}]}<\/script>\n<!-- \/ Yoast SEO Premium plugin. -->","yoast_head_json":{"title":"Podul Mare din Ci\u0219migiu a fost reabilitat - Buletin de Bucure\u0219ti","robots":{"index":"index","follow":"follow","max-snippet":"max-snippet:-1","max-image-preview":"max-image-preview:large","max-video-preview":"max-video-preview:-1"},"canonical":"https:\/\/buletin.de\/bucuresti\/podul-mare-din-cismigiu-a-fost-reabilitat\/","og_locale":"en_GB","og_type":"article","og_title":"Podul Mare din Ci\u0219migiu a fost reabilitat","og_description":"Lucr\u0103rile de reabilitarea a Podului Mare din Ci\u0219migiu au fost finalizate, iar Trustul de Cl\u0103diri Metropolitane face ultimele finisaje, astfel \u00eenc\u00e2t s\u0103 poat\u0103 s\u0103 \u00eenceap\u0103 recep\u021bia la finalizarea lucr\u0103rilor. Podul este unul dintre simbolurile Gr\u0103dinii Ci\u0219migiu \u0219i p\u00e2n\u0103 acum nu a fost niciodat\u0103 reabilitat. Lucr\u0103rile de reabilitare \u0219i consolidare au \u00eenceput \u00een septembrie 2022, iar [&hellip;]","og_url":"https:\/\/buletin.de\/bucuresti\/podul-mare-din-cismigiu-a-fost-reabilitat\/","og_site_name":"Buletin de Bucure\u0219ti","article_publisher":"https:\/\/www.facebook.com\/buletin.de.buc","article_published_time":"2023-03-31T11:31:20+00:00","article_modified_time":"2023-03-31T11:31:21+00:00","og_image":[{"width":1416,"height":640,"url":"https:\/\/buletin.de\/bucuresti\/wp-content\/uploads\/338950150_6376550729076414_3495347038190893094_n.jpeg","type":"image\/jpeg"}],"author":"Florin R\u00e2\u0219teiu","twitter_card":"summary_large_image","twitter_misc":{"Written by":"Florin R\u00e2\u0219teiu","Estimated reading time":"2 minutes"},"schema":{"@context":"https:\/\/schema.org","@graph":[{"@type":"Article","@id":"https:\/\/buletin.de\/bucuresti\/podul-mare-din-cismigiu-a-fost-reabilitat\/#article","isPartOf":{"@id":"https:\/\/buletin.de\/bucuresti\/podul-mare-din-cismigiu-a-fost-reabilitat\/"},"author":{"name":"Florin R\u00e2\u0219teiu","@id":"https:\/\/buletin.de\/bucuresti\/#\/schema\/person\/b0686d7a8b666c6afc78239777fd8a89"},"headline":"Podul Mare din Ci\u0219migiu a fost reabilitat","datePublished":"2023-03-31T11:31:20+00:00","dateModified":"2023-03-31T11:31:21+00:00","mainEntityOfPage":{"@id":"https:\/\/buletin.de\/bucuresti\/podul-mare-din-cismigiu-a-fost-reabilitat\/"},"wordCount":270,"publisher":{"@id":"https:\/\/buletin.de\/bucuresti\/#organization"},"image":{"@id":"https:\/\/buletin.de\/bucuresti\/podul-mare-din-cismigiu-a-fost-reabilitat\/#primaryimage"},"thumbnailUrl":"https:\/\/buletin.de\/bucuresti\/wp-content\/uploads\/338950150_6376550729076414_3495347038190893094_n.jpeg","articleSection":["Prim\u0103rie"],"inLanguage":"en-GB","copyrightYear":"2023","copyrightHolder":{"@id":"https:\/\/buletin.de\/bucuresti\/#organization"}},{"@type":"WebPage","@id":"https:\/\/buletin.de\/bucuresti\/podul-mare-din-cismigiu-a-fost-reabilitat\/","url":"https:\/\/buletin.de\/bucuresti\/podul-mare-din-cismigiu-a-fost-reabilitat\/","name":"Podul Mare din Ci\u0219migiu a fost reabilitat - Buletin de Bucure\u0219ti","isPartOf":{"@id":"https:\/\/buletin.de\/bucuresti\/#website"},"primaryImageOfPage":{"@id":"https:\/\/buletin.de\/bucuresti\/podul-mare-din-cismigiu-a-fost-reabilitat\/#primaryimage"},"image":{"@id":"https:\/\/buletin.de\/bucuresti\/podul-mare-din-cismigiu-a-fost-reabilitat\/#primaryimage"},"thumbnailUrl":"https:\/\/buletin.de\/bucuresti\/wp-content\/uploads\/338950150_6376550729076414_3495347038190893094_n.jpeg","datePublished":"2023-03-31T11:31:20+00:00","dateModified":"2023-03-31T11:31:21+00:00","breadcrumb":{"@id":"https:\/\/buletin.de\/bucuresti\/podul-mare-din-cismigiu-a-fost-reabilitat\/#breadcrumb"},"inLanguage":"en-GB","potentialAction":[{"@type":"ReadAction","target":["https:\/\/buletin.de\/bucuresti\/podul-mare-din-cismigiu-a-fost-reabilitat\/"]}]},{"@type":"ImageObject","inLanguage":"en-GB","@id":"https:\/\/buletin.de\/bucuresti\/podul-mare-din-cismigiu-a-fost-reabilitat\/#primaryimage","url":"https:\/\/buletin.de\/bucuresti\/wp-content\/uploads\/338950150_6376550729076414_3495347038190893094_n.jpeg","contentUrl":"https:\/\/buletin.de\/bucuresti\/wp-content\/uploads\/338950150_6376550729076414_3495347038190893094_n.jpeg","width":1416,"height":640},{"@type":"BreadcrumbList","@id":"https:\/\/buletin.de\/bucuresti\/podul-mare-din-cismigiu-a-fost-reabilitat\/#breadcrumb","itemListElement":[{"@type":"ListItem","position":1,"name":"Acas\u0103","item":"https:\/\/buletin.de\/bucuresti\/"},{"@type":"ListItem","position":2,"name":"Podul Mare din Ci\u0219migiu a fost reabilitat"}]},{"@type":"WebSite","@id":"https:\/\/buletin.de\/bucuresti\/#website","url":"https:\/\/buletin.de\/bucuresti\/","name":"Buletin de Bucure\u0219ti","description":"\u0218tiri \u0219i investiga\u021bii esen\u021biale din capital\u0103","publisher":{"@id":"https:\/\/buletin.de\/bucuresti\/#organization"},"potentialAction":[{"@type":"SearchAction","target":{"@type":"EntryPoint","urlTemplate":"https:\/\/buletin.de\/bucuresti\/?s={search_term_string}"},"query-input":{"@type":"PropertyValueSpecification","valueRequired":true,"valueName":"search_term_string"}}],"inLanguage":"en-GB"},{"@type":"Organization","@id":"https:\/\/buletin.de\/bucuresti\/#organization","name":"Buletin de Bucure\u0219ti","url":"https:\/\/buletin.de\/bucuresti\/","logo":{"@type":"ImageObject","inLanguage":"en-GB","@id":"https:\/\/buletin.de\/bucuresti\/#\/schema\/logo\/image\/","url":"https:\/\/buletin.de\/bucuresti\/wp-content\/uploads\/logo-bdb-full-wide-vernil-transparent.png","contentUrl":"https:\/\/buletin.de\/bucuresti\/wp-content\/uploads\/logo-bdb-full-wide-vernil-transparent.png","width":1782,"height":626,"caption":"Buletin de Bucure\u0219ti"},"image":{"@id":"https:\/\/buletin.de\/bucuresti\/#\/schema\/logo\/image\/"},"sameAs":["https:\/\/www.facebook.com\/buletin.de.buc","https:\/\/www.instagram.com\/buletinde.bucuresti\/"]},{"@type":"Person","@id":"https:\/\/buletin.de\/bucuresti\/#\/schema\/person\/b0686d7a8b666c6afc78239777fd8a89","name":"Florin R\u00e2\u0219teiu","image":{"@type":"ImageObject","inLanguage":"en-GB","@id":"https:\/\/buletin.de\/bucuresti\/wp-content\/uploads\/Florin-Rasteiu-96x96.jpgf0a6fe28453aa12f0a60e4d0a2e3a78c","url":"https:\/\/buletin.de\/bucuresti\/wp-content\/uploads\/Florin-Rasteiu-96x96.jpg","contentUrl":"https:\/\/buletin.de\/bucuresti\/wp-content\/uploads\/Florin-Rasteiu-96x96.jpg","caption":"Florin R\u00e2\u0219teiu"},"description":"Jurnalist de investiga\u021bie. Lucreaz\u0103 de aproape 6 ani la Buletin de Bucure\u0219ti, unde a publicat articole care scot la suprafa\u021b\u0103 corup\u021bia din Capital\u0103. Analizeaz\u0103 baze de date zilnic \u0219i scoate pove\u0219ti din exceluri pline de cifre. Pune reflectorul pe adev\u0103r cu fiecare ocazie. A c\u00e2\u0219tigat premiul I la categoria Pres\u0103 Local\u0103 \u00een 2025 \u0219i locul al II-lea la aceea\u0219i categorie \u00een 2024 \u00een cadrul Premiilor Superscrieri pentru jurnalism independent.","url":"https:\/\/buletin.de\/bucuresti\/author\/florinrasteiu\/"}]}},"authors":[{"term_id":22576,"user_id":17,"is_guest":0,"slug":"florinrasteiu","display_name":"Florin R\u00e2\u0219teiu","avatar_url":"https:\/\/buletin.de\/bucuresti\/wp-content\/uploads\/Florin-Rasteiu-96x96.jpg","0":null,"1":"","2":"","3":"","4":"","5":"","6":"","7":"","8":""}],"_links":{"self":[{"href":"https:\/\/buletin.de\/bucuresti\/wp-json\/wp\/v2\/posts\/57124","targetHints":{"allow":["GET"]}}],"collection":[{"href":"https:\/\/buletin.de\/bucuresti\/wp-json\/wp\/v2\/posts"}],"about":[{"href":"https:\/\/buletin.de\/bucuresti\/wp-json\/wp\/v2\/types\/post"}],"author":[{"embeddable":true,"href":"https:\/\/buletin.de\/bucuresti\/wp-json\/wp\/v2\/users\/17"}],"replies":[{"embeddable":true,"href":"https:\/\/buletin.de\/bucuresti\/wp-json\/wp\/v2\/comments?post=57124"}],"version-history":[{"count":3,"href":"https:\/\/buletin.de\/bucuresti\/wp-json\/wp\/v2\/posts\/57124\/revisions"}],"predecessor-version":[{"id":57137,"href":"https:\/\/buletin.de\/bucuresti\/wp-json\/wp\/v2\/posts\/57124\/revisions\/57137"}],"wp:featuredmedia":[{"embeddable":true,"href":"https:\/\/buletin.de\/bucuresti\/wp-json\/wp\/v2\/media\/57127"}],"wp:attachment":[{"href":"https:\/\/buletin.de\/bucuresti\/wp-json\/wp\/v2\/media?parent=57124"}],"wp:term":[{"taxonomy":"category","embeddable":true,"href":"https:\/\/buletin.de\/bucuresti\/wp-json\/wp\/v2\/categories?post=57124"},{"taxonomy":"post_tag","embeddable":true,"href":"https:\/\/buletin.de\/bucuresti\/wp-json\/wp\/v2\/tags?post=57124"},{"taxonomy":"author","embeddable":true,"href":"https:\/\/buletin.de\/bucuresti\/wp-json\/wp\/v2\/ppma_author?post=57124"}],"curies":[{"name":"wp","href":"https:\/\/api.w.org\/{rel}","templated":true}]}}