{"id":5712,"date":"2020-04-09T09:19:32","date_gmt":"2020-04-09T06:19:32","guid":{"rendered":"https:\/\/buletin.de\/bucuresti\/?p=5712"},"modified":"2020-04-09T12:56:52","modified_gmt":"2020-04-09T09:56:52","slug":"live-text-coronavirus-bucuresti-9-aprilie-2020-ziua-44","status":"publish","type":"post","link":"https:\/\/buletin.de\/bucuresti\/live-text-coronavirus-bucuresti-9-aprilie-2020-ziua-44\/","title":{"rendered":"LIVE TEXT. Coronavirus &#8211; Bucure\u0219ti, 9 aprilie 2020, ziua 44"},"content":{"rendered":"\n<p><em>Num\u0103rul de pacien\u021bi confirma\u021bi cu Covid-19 pe teritoriul Rom\u00e2niei a trecut de 4.000 \u0219i cre\u0219te de la o zi la alta, \u00eentr-un ritm din ce \u00een ce mai accelerat. Rata r\u0103sp\u00e2ndirii \u0219i rata mortalit\u0103\u021bii cresc gradual, \u00een timp ce num\u0103rul de test\u0103ri difer\u0103 de la zi la zi. Rom\u00e2nia se afl\u0103 acum \u00een <a href=\"https:\/\/buletin.de\/bucuresti\/s-a-declarat-stare-de-urgenta-ce-inseamna\/\">stare de urgen\u021b\u0103<\/a>. Dup\u0103 2000 de cazuri, autorit\u0103\u021bile au declarat trecerea la scenariul 4 al pandemiei, ultimul.<br><br>Vezi mai jos cele mai recente informa\u021bii oficiale de ast\u0103zi. Toate nout\u0103\u021bile din zilele trecute le g\u0103se\u0219ti <a href=\"https:\/\/buletin.de\/bucuresti\/cv\/\">aici.<\/a><\/em> <\/p>\n\n\n\n<h3 class=\"has-vivid-cyan-blue-color has-text-color has-text-align-center wp-block-heading\"><strong>Iat\u0103 cifrele din spatele epidemiei de Coronavirus \u0219i actualiz\u0103ri zilnice \u2b07\ufe0f<\/strong>   <\/h3>\n\n\n\n<style>\n\n.full-width {\n  width: 100vw;\n  position: relative;\n  left: 50%;\n  right: 50%;\n  margin-left: -50vw;\n  margin-right: -50vw;\n}\n\n<\/style>\n\n\n\n<p><\/p>\n\n\n\n<div class=\"full-width\">\n<div class=\"infogram-embed\" data-id=\"27f09ce8-c508-413b-ac49-b60b01815be0\" data-type=\"interactive\" data-title=\"Livetext coronavirus\"><\/div><script>!function(e,i,n,s){var t=\"InfogramEmbeds\",d=e.getElementsByTagName(\"script\")[0];if(window[t]&&window[t].initialized)window[t].process&&window[t].process();else if(!e.getElementById(n)){var o=e.createElement(\"script\");o.async=1,o.id=n,o.src=\"https:\/\/e.infogram.com\/js\/dist\/embed-loader-min.js\",d.parentNode.insertBefore(o,d)}}(document,0,\"infogram-async\");<\/script>\n<\/div>\n<style>\nh2 {\nmargin-top: 150px;\nfont-size: 3em;\ntext-align: center;\n}\n<\/style>\n\n\n\n<h3 class=\"wp-block-heading\">Ora 13:00<\/h3>\n\n\n\n<p>Au fost \u00eenregistrate alte 441 de noi cazuri de \u00eemboln\u0103vire. Au fost confirmate 5.202 de cazuri de persoane infectate cu noul coronavirus. Dintre persoanele confirmate pozitiv, 647 au fost declarate vindecate \u0219i externate. \u00cen Capital\u0103 avem 659 de cazuri \u00een total. <br>P\u00e2n\u0103 acum, 229 persoane diagnosticate cu infec\u021bie cu COVID-19 au decedat. La ATI, \u00een acest moment, sunt interna\u021bi 178 de pacien\u021bi. <br>Poli\u021bi\u0219tii au depistat, \u00een ultimele de 24 de ore, 7.741 de persoane care nu au respectat m\u0103sura privind restric\u0163ionarea circula\u0163iei. Acestor persoane le-au fost aplicate sanc\u0163iuni contraven\u0163ionale, \u00een valoare de 16.647.253 de lei. <\/p>\n\n\n\n<h3 class=\"wp-block-heading\">Ora 10:45<\/h3>\n\n\n\n<p>Deces 228<\/p>\n\n\n\n<p>Femeie, 48 de ani din jude\u021bul Vrancea. <\/p>\n\n\n\n<p>Transportata intubat\u0103 la Spitalul Colentina Bucure\u0219ti (spital de suport) \u0219i <br>\nInternat\u0103 \u00een ATI, pe data de 31.03.2020. <br>\nConfirmat\u0103 pe 31.03.2020 la Spitalul Jude\u021bean Foc\u0219ani. <br>\nDecedat\u0103 pe 04.04.2020. <br>\nCondi\u021bii medicale pre-existente: Obezitate gradul II. <\/p>\n\n\n\n<p>Deces 229<\/p>\n\n\n\n<p>Femeie, 64 de ani din Bucure\u0219ti. <\/p>\n\n\n\n<p>Transferat\u0103 de la INBI Bal\u0219 la Spitalul Colentina Bucure\u0219ti (spital de suport) pe data de 30.03.2020. <br>\nConfirmata pe 31.03.2020<br>\nDecedat\u0103 pe 01.04.2020. <br>\nCondi\u021bii medicale pre-existente: Boal\u0103 cardiovascular\u0103, Boal\u0103 renal\u0103.<\/p>\n\n\n\n<h3 class=\"wp-block-heading\">Ora 9:55<\/h3>\n\n\n\n<p>\u00cencep\u00e2nd de m\u00e2ine, cet\u0103\u021benii din Prahova vor fi obliga\u021bi s\u0103 poarte masc\u0103 de protec\u021bie (sau alternative care s\u0103 acopere nasul \u0219i gura). Purtarea lor este obligatorie pentru persoanele care se afl\u0103 \u00een urm\u0103toarele situa\u021bii:<\/p>\n\n\n\n<p>\u2013&nbsp;&nbsp;&nbsp;&nbsp;&nbsp;&nbsp;&nbsp; se deplaseaz\u0103 pe raza jude\u021bului Prahova, \u00een special cu mijloace de transport \u00een comun;<\/p>\n\n\n\n<p>\u2013&nbsp;&nbsp;&nbsp;&nbsp;&nbsp;&nbsp;&nbsp; se afl\u0103 \u00een spa\u021bii publice (institu\u021bii publice, spa\u021bii comerciale, pie\u021be agroalimentare, g\u0103ri, autog\u0103ri etc.);<\/p>\n\n\n\n<p>\u2013&nbsp; &nbsp; &nbsp; \u00een cazul deplas\u0103rilor scurte, \u00een apropierea locuin\u021bei\/gospod\u0103riei, pentru nevoile animalelor de companie\/domestice, indiferent de loc \u2013 str\u0103zi, parcuri.<\/p>\n\n\n\n<p><\/p>\n\n\n\n<h3 class=\"wp-block-heading\">Ora 9:15<\/h3>\n\n\n\n<p>Deces 221<\/p>\n\n\n\n<p>B\u0103rbat, 88 de ani din Bucure\u0219ti. <br>\nInternat la Spitalul COVID-Colentina, \u00een data de 03.04.2020 (\u00een ATI), prin transfer de la Spitalul Universitar de Urgen\u021b\u0103 Bucure\u0219ti. <br>\nCondi\u021bii medicale pre-existente: diabet zaharat, HTA ischemica, neurologica cronica, neoplasm, Alzheimer. <br>\nConfirmat \u00een 03.04.2020. <br>\nDecedat pe 06.04.2020. <\/p>\n\n\n\n<p>Deces 222<\/p>\n\n\n\n<p>Femeie, 80 de ani din Bucure\u0219ti. <br>\nInternat\u0103 la Spitalul COVID- Colentina, \u00een data de 31.03.2020 (\u00een ATI); \u00een perioada 12-13.03.2020 a fost internat\u0103 \u00een Spitalul Universitar de Urgen\u021b\u0103 Bucure\u0219ti. <br>\nCondi\u021bii medicale pre-existente: diabet zaharat, boala hepatica, cardiovascular\u0103, renal\u0103. <br>\nConfirmat\u0103 \u00een 30.03.2020. <br>\nDecedat pe 02.04.2020. <\/p>\n\n\n\n<p>Deces 223<\/p>\n\n\n\n<p>B\u0103rbat, 81 de ani din jud. Bra\u0219ov. <br>\nInternat la Spitalul Clinic Jude\u021bean Bra\u0219ov, \u00een data de 30.03.2020, \u00een sec\u021bia ATI din 07.04.2020.<br>\nCondi\u021bii medicale pre-existente: diabet zaharat tip II, obezitate, Insuficien\u021b\u0103 mitral\u0103. <br>\nConfirmat\u0103 \u00een 08.04.2020. <br>\nDecedat pe 08.04.2020.<\/p>\n\n\n\n<p>Deces 224<\/p>\n\n\n\n<p>B\u0103rbat, 64 de ani din jude\u021bul Mure\u0219.<br>\nInternat la Spitalul Clinic Jude\u021bean Tg. Mure\u0219, \u00een data de 03.04.2020 (ATI).<br>\nCondi\u021bii medicale pre-existente: boal\u0103 cardiovascular\u0103, diabet zaharat, obezitate.<br>\nConfirmat \u00een 03.04.2020. <br>\nDecedat pe 08.04.2020. <\/p>\n\n\n\n<p>Deces 225<\/p>\n\n\n\n<p>B\u0103rbat, 66 de ani din jude\u021bul Mure\u0219. <br>\nInternat la Spitalul Clinic Jude\u021bean Tg. Mure\u0219, \u00een data de 06.04.2020.<br>\nCondi\u021bii medicale pre-existente: boal\u0103 renal\u0103.<br>\nConfirmat \u00een 07.04.2020. <br>\nDecedat pe 07.04.2020. <\/p>\n\n\n\n<p>Deces 226<\/p>\n\n\n\n<p>B\u0103rbat, 86 de ani din jude\u021bul Hunedoara. <br>\nInternat la Spitalul Municipal Hunedoara, \u00een data de 03.04.2020.Pacientul a fost transferat \u00een ATI \u00een 05.04.2020. <br>\nCondi\u021bii medicale pre-existente: HTA, demen\u021b\u0103, BPOC, imobilizat la pat. <br>\nConfirmat \u00een 08.04.2020. <br>\nDecedat pe 05.04.2020. <\/p>\n\n\n\n<p>Deces 227<\/p>\n\n\n\n<p>Femeie, 70 de ani din jude\u021bul Alba. <br>\nInternat\u0103 la Spitalul Jude\u021bean de Urgen\u021b\u0103 Alba Iulia, \u00een data de 07.04.2020. <br>\nCondi\u021bii medicale pre-existente: diabet zaharat tip II, HTA, nefropatie diabetic\u0103. <br>\nConfirmat\u0103 \u00een 08.04.2020. <br>\nDecedat pe 08.04.2020.<\/p>\n","protected":false},"excerpt":{"rendered":"<p>Num\u0103rul de pacien\u021bi confirma\u021bi cu Covid-19 pe teritoriul Rom\u00e2niei a trecut de 4.000 \u0219i cre\u0219te de la o zi la alta, \u00eentr-un ritm din ce \u00een ce mai accelerat. Rata r\u0103sp\u00e2ndirii \u0219i rata mortalit\u0103\u021bii cresc gradual, \u00een timp ce num\u0103rul de test\u0103ri difer\u0103 de la zi la zi. Rom\u00e2nia se afl\u0103 acum \u00een stare de [&hellip;]<\/p>\n","protected":false},"author":6,"featured_media":5713,"comment_status":"closed","ping_status":"open","sticky":false,"template":"","format":"standard","meta":{"_acf_changed":false,"inline_featured_image":false,"ngg_post_thumbnail":0,"footnotes":""},"categories":[4,62],"tags":[],"ppma_author":[22588],"class_list":["post-5712","post","type-post","status-publish","format-standard","has-post-thumbnail","hentry","category-sanatate","category-stiri"],"acf":[],"yoast_head":"<!-- This site is optimized with the Yoast SEO Premium plugin v25.3 (Yoast SEO v27.4) - https:\/\/yoast.com\/product\/yoast-seo-premium-wordpress\/ -->\n<title>LIVE TEXT. Coronavirus - Bucure\u0219ti, 9 aprilie 2020, ziua 44 - Buletin de Bucure\u0219ti<\/title>\n<meta name=\"robots\" content=\"index, follow, max-snippet:-1, max-image-preview:large, max-video-preview:-1\" \/>\n<link rel=\"canonical\" href=\"https:\/\/buletin.de\/bucuresti\/live-text-coronavirus-bucuresti-9-aprilie-2020-ziua-44\/\" \/>\n<meta property=\"og:locale\" content=\"en_GB\" \/>\n<meta property=\"og:type\" content=\"article\" \/>\n<meta property=\"og:title\" content=\"LIVE TEXT. Coronavirus - Bucure\u0219ti, 9 aprilie 2020, ziua 44\" \/>\n<meta property=\"og:description\" content=\"Num\u0103rul de pacien\u021bi confirma\u021bi cu Covid-19 pe teritoriul Rom\u00e2niei a trecut de 4.000 \u0219i cre\u0219te de la o zi la alta, \u00eentr-un ritm din ce \u00een ce mai accelerat. Rata r\u0103sp\u00e2ndirii \u0219i rata mortalit\u0103\u021bii cresc gradual, \u00een timp ce num\u0103rul de test\u0103ri difer\u0103 de la zi la zi. Rom\u00e2nia se afl\u0103 acum \u00een stare de [&hellip;]\" \/>\n<meta property=\"og:url\" content=\"https:\/\/buletin.de\/bucuresti\/live-text-coronavirus-bucuresti-9-aprilie-2020-ziua-44\/\" \/>\n<meta property=\"og:site_name\" content=\"Buletin de Bucure\u0219ti\" \/>\n<meta property=\"article:publisher\" content=\"https:\/\/www.facebook.com\/buletin.de.buc\" \/>\n<meta property=\"article:published_time\" content=\"2020-04-09T06:19:32+00:00\" \/>\n<meta property=\"article:modified_time\" content=\"2020-04-09T09:56:52+00:00\" \/>\n<meta property=\"og:image\" content=\"https:\/\/buletin.de\/bucuresti\/wp-content\/uploads\/Screenshot_29.png\" \/>\n\t<meta property=\"og:image:width\" content=\"1863\" \/>\n\t<meta property=\"og:image:height\" content=\"991\" \/>\n\t<meta property=\"og:image:type\" content=\"image\/png\" \/>\n<meta name=\"author\" content=\"Bianca Albu\" \/>\n<meta name=\"twitter:card\" content=\"summary_large_image\" \/>\n<meta name=\"twitter:label1\" content=\"Written by\" \/>\n\t<meta name=\"twitter:data1\" content=\"Bianca Albu\" \/>\n\t<meta name=\"twitter:label2\" content=\"Estimated reading time\" \/>\n\t<meta name=\"twitter:data2\" content=\"3 minutes\" \/>\n<script type=\"application\/ld+json\" class=\"yoast-schema-graph\">{\"@context\":\"https:\\\/\\\/schema.org\",\"@graph\":[{\"@type\":\"Article\",\"@id\":\"https:\\\/\\\/buletin.de\\\/bucuresti\\\/live-text-coronavirus-bucuresti-9-aprilie-2020-ziua-44\\\/#article\",\"isPartOf\":{\"@id\":\"https:\\\/\\\/buletin.de\\\/bucuresti\\\/live-text-coronavirus-bucuresti-9-aprilie-2020-ziua-44\\\/\"},\"author\":{\"name\":\"Bianca Albu\",\"@id\":\"https:\\\/\\\/buletin.de\\\/bucuresti\\\/#\\\/schema\\\/person\\\/295dc2228d2dc79294d636619468dc7f\"},\"headline\":\"LIVE TEXT. Coronavirus &#8211; Bucure\u0219ti, 9 aprilie 2020, ziua 44\",\"datePublished\":\"2020-04-09T06:19:32+00:00\",\"dateModified\":\"2020-04-09T09:56:52+00:00\",\"mainEntityOfPage\":{\"@id\":\"https:\\\/\\\/buletin.de\\\/bucuresti\\\/live-text-coronavirus-bucuresti-9-aprilie-2020-ziua-44\\\/\"},\"wordCount\":680,\"publisher\":{\"@id\":\"https:\\\/\\\/buletin.de\\\/bucuresti\\\/#organization\"},\"image\":{\"@id\":\"https:\\\/\\\/buletin.de\\\/bucuresti\\\/live-text-coronavirus-bucuresti-9-aprilie-2020-ziua-44\\\/#primaryimage\"},\"thumbnailUrl\":\"https:\\\/\\\/buletin.de\\\/bucuresti\\\/wp-content\\\/uploads\\\/Screenshot_29.png\",\"articleSection\":[\"S\u0103n\u0103tate\",\"\u0218tiri\"],\"inLanguage\":\"en-GB\",\"copyrightYear\":\"2020\",\"copyrightHolder\":{\"@id\":\"https:\\\/\\\/buletin.de\\\/bucuresti\\\/#organization\"}},{\"@type\":\"WebPage\",\"@id\":\"https:\\\/\\\/buletin.de\\\/bucuresti\\\/live-text-coronavirus-bucuresti-9-aprilie-2020-ziua-44\\\/\",\"url\":\"https:\\\/\\\/buletin.de\\\/bucuresti\\\/live-text-coronavirus-bucuresti-9-aprilie-2020-ziua-44\\\/\",\"name\":\"LIVE TEXT. Coronavirus - Bucure\u0219ti, 9 aprilie 2020, ziua 44 - Buletin de Bucure\u0219ti\",\"isPartOf\":{\"@id\":\"https:\\\/\\\/buletin.de\\\/bucuresti\\\/#website\"},\"primaryImageOfPage\":{\"@id\":\"https:\\\/\\\/buletin.de\\\/bucuresti\\\/live-text-coronavirus-bucuresti-9-aprilie-2020-ziua-44\\\/#primaryimage\"},\"image\":{\"@id\":\"https:\\\/\\\/buletin.de\\\/bucuresti\\\/live-text-coronavirus-bucuresti-9-aprilie-2020-ziua-44\\\/#primaryimage\"},\"thumbnailUrl\":\"https:\\\/\\\/buletin.de\\\/bucuresti\\\/wp-content\\\/uploads\\\/Screenshot_29.png\",\"datePublished\":\"2020-04-09T06:19:32+00:00\",\"dateModified\":\"2020-04-09T09:56:52+00:00\",\"breadcrumb\":{\"@id\":\"https:\\\/\\\/buletin.de\\\/bucuresti\\\/live-text-coronavirus-bucuresti-9-aprilie-2020-ziua-44\\\/#breadcrumb\"},\"inLanguage\":\"en-GB\",\"potentialAction\":[{\"@type\":\"ReadAction\",\"target\":[\"https:\\\/\\\/buletin.de\\\/bucuresti\\\/live-text-coronavirus-bucuresti-9-aprilie-2020-ziua-44\\\/\"]}]},{\"@type\":\"ImageObject\",\"inLanguage\":\"en-GB\",\"@id\":\"https:\\\/\\\/buletin.de\\\/bucuresti\\\/live-text-coronavirus-bucuresti-9-aprilie-2020-ziua-44\\\/#primaryimage\",\"url\":\"https:\\\/\\\/buletin.de\\\/bucuresti\\\/wp-content\\\/uploads\\\/Screenshot_29.png\",\"contentUrl\":\"https:\\\/\\\/buletin.de\\\/bucuresti\\\/wp-content\\\/uploads\\\/Screenshot_29.png\",\"width\":1863,\"height\":991},{\"@type\":\"BreadcrumbList\",\"@id\":\"https:\\\/\\\/buletin.de\\\/bucuresti\\\/live-text-coronavirus-bucuresti-9-aprilie-2020-ziua-44\\\/#breadcrumb\",\"itemListElement\":[{\"@type\":\"ListItem\",\"position\":1,\"name\":\"Acas\u0103\",\"item\":\"https:\\\/\\\/buletin.de\\\/bucuresti\\\/\"},{\"@type\":\"ListItem\",\"position\":2,\"name\":\"LIVE TEXT. Coronavirus &#8211; Bucure\u0219ti, 9 aprilie 2020, ziua 44\"}]},{\"@type\":\"WebSite\",\"@id\":\"https:\\\/\\\/buletin.de\\\/bucuresti\\\/#website\",\"url\":\"https:\\\/\\\/buletin.de\\\/bucuresti\\\/\",\"name\":\"Buletin de Bucure\u0219ti\",\"description\":\"\u0218tiri \u0219i investiga\u021bii esen\u021biale din capital\u0103\",\"publisher\":{\"@id\":\"https:\\\/\\\/buletin.de\\\/bucuresti\\\/#organization\"},\"potentialAction\":[{\"@type\":\"SearchAction\",\"target\":{\"@type\":\"EntryPoint\",\"urlTemplate\":\"https:\\\/\\\/buletin.de\\\/bucuresti\\\/?s={search_term_string}\"},\"query-input\":{\"@type\":\"PropertyValueSpecification\",\"valueRequired\":true,\"valueName\":\"search_term_string\"}}],\"inLanguage\":\"en-GB\"},{\"@type\":\"Organization\",\"@id\":\"https:\\\/\\\/buletin.de\\\/bucuresti\\\/#organization\",\"name\":\"Buletin de Bucure\u0219ti\",\"url\":\"https:\\\/\\\/buletin.de\\\/bucuresti\\\/\",\"logo\":{\"@type\":\"ImageObject\",\"inLanguage\":\"en-GB\",\"@id\":\"https:\\\/\\\/buletin.de\\\/bucuresti\\\/#\\\/schema\\\/logo\\\/image\\\/\",\"url\":\"https:\\\/\\\/buletin.de\\\/bucuresti\\\/wp-content\\\/uploads\\\/logo-bdb-full-wide-vernil-transparent.png\",\"contentUrl\":\"https:\\\/\\\/buletin.de\\\/bucuresti\\\/wp-content\\\/uploads\\\/logo-bdb-full-wide-vernil-transparent.png\",\"width\":1782,\"height\":626,\"caption\":\"Buletin de Bucure\u0219ti\"},\"image\":{\"@id\":\"https:\\\/\\\/buletin.de\\\/bucuresti\\\/#\\\/schema\\\/logo\\\/image\\\/\"},\"sameAs\":[\"https:\\\/\\\/www.facebook.com\\\/buletin.de.buc\",\"https:\\\/\\\/www.instagram.com\\\/buletinde.bucuresti\\\/\"]},{\"@type\":\"Person\",\"@id\":\"https:\\\/\\\/buletin.de\\\/bucuresti\\\/#\\\/schema\\\/person\\\/295dc2228d2dc79294d636619468dc7f\",\"name\":\"Bianca Albu\",\"image\":{\"@type\":\"ImageObject\",\"inLanguage\":\"en-GB\",\"@id\":\"https:\\\/\\\/secure.gravatar.com\\\/avatar\\\/3df2e34e20f529e6fd7be4311ee1f7c4ec4aa886971590baf6fa214b15743516?s=96&d=monsterid&r=gf541c715eeec409ce8101252a3c0d8a7\",\"url\":\"https:\\\/\\\/secure.gravatar.com\\\/avatar\\\/3df2e34e20f529e6fd7be4311ee1f7c4ec4aa886971590baf6fa214b15743516?s=96&d=monsterid&r=g\",\"contentUrl\":\"https:\\\/\\\/secure.gravatar.com\\\/avatar\\\/3df2e34e20f529e6fd7be4311ee1f7c4ec4aa886971590baf6fa214b15743516?s=96&d=monsterid&r=g\",\"caption\":\"Bianca Albu\"},\"description\":\"Reporter\",\"url\":\"https:\\\/\\\/buletin.de\\\/bucuresti\\\/author\\\/biancaalbu\\\/\"}]}<\/script>\n<!-- \/ Yoast SEO Premium plugin. -->","yoast_head_json":{"title":"LIVE TEXT. Coronavirus - Bucure\u0219ti, 9 aprilie 2020, ziua 44 - Buletin de Bucure\u0219ti","robots":{"index":"index","follow":"follow","max-snippet":"max-snippet:-1","max-image-preview":"max-image-preview:large","max-video-preview":"max-video-preview:-1"},"canonical":"https:\/\/buletin.de\/bucuresti\/live-text-coronavirus-bucuresti-9-aprilie-2020-ziua-44\/","og_locale":"en_GB","og_type":"article","og_title":"LIVE TEXT. Coronavirus - Bucure\u0219ti, 9 aprilie 2020, ziua 44","og_description":"Num\u0103rul de pacien\u021bi confirma\u021bi cu Covid-19 pe teritoriul Rom\u00e2niei a trecut de 4.000 \u0219i cre\u0219te de la o zi la alta, \u00eentr-un ritm din ce \u00een ce mai accelerat. Rata r\u0103sp\u00e2ndirii \u0219i rata mortalit\u0103\u021bii cresc gradual, \u00een timp ce num\u0103rul de test\u0103ri difer\u0103 de la zi la zi. Rom\u00e2nia se afl\u0103 acum \u00een stare de [&hellip;]","og_url":"https:\/\/buletin.de\/bucuresti\/live-text-coronavirus-bucuresti-9-aprilie-2020-ziua-44\/","og_site_name":"Buletin de Bucure\u0219ti","article_publisher":"https:\/\/www.facebook.com\/buletin.de.buc","article_published_time":"2020-04-09T06:19:32+00:00","article_modified_time":"2020-04-09T09:56:52+00:00","og_image":[{"width":1863,"height":991,"url":"https:\/\/buletin.de\/bucuresti\/wp-content\/uploads\/Screenshot_29.png","type":"image\/png"}],"author":"Bianca Albu","twitter_card":"summary_large_image","twitter_misc":{"Written by":"Bianca Albu","Estimated reading time":"3 minutes"},"schema":{"@context":"https:\/\/schema.org","@graph":[{"@type":"Article","@id":"https:\/\/buletin.de\/bucuresti\/live-text-coronavirus-bucuresti-9-aprilie-2020-ziua-44\/#article","isPartOf":{"@id":"https:\/\/buletin.de\/bucuresti\/live-text-coronavirus-bucuresti-9-aprilie-2020-ziua-44\/"},"author":{"name":"Bianca Albu","@id":"https:\/\/buletin.de\/bucuresti\/#\/schema\/person\/295dc2228d2dc79294d636619468dc7f"},"headline":"LIVE TEXT. Coronavirus &#8211; Bucure\u0219ti, 9 aprilie 2020, ziua 44","datePublished":"2020-04-09T06:19:32+00:00","dateModified":"2020-04-09T09:56:52+00:00","mainEntityOfPage":{"@id":"https:\/\/buletin.de\/bucuresti\/live-text-coronavirus-bucuresti-9-aprilie-2020-ziua-44\/"},"wordCount":680,"publisher":{"@id":"https:\/\/buletin.de\/bucuresti\/#organization"},"image":{"@id":"https:\/\/buletin.de\/bucuresti\/live-text-coronavirus-bucuresti-9-aprilie-2020-ziua-44\/#primaryimage"},"thumbnailUrl":"https:\/\/buletin.de\/bucuresti\/wp-content\/uploads\/Screenshot_29.png","articleSection":["S\u0103n\u0103tate","\u0218tiri"],"inLanguage":"en-GB","copyrightYear":"2020","copyrightHolder":{"@id":"https:\/\/buletin.de\/bucuresti\/#organization"}},{"@type":"WebPage","@id":"https:\/\/buletin.de\/bucuresti\/live-text-coronavirus-bucuresti-9-aprilie-2020-ziua-44\/","url":"https:\/\/buletin.de\/bucuresti\/live-text-coronavirus-bucuresti-9-aprilie-2020-ziua-44\/","name":"LIVE TEXT. Coronavirus - Bucure\u0219ti, 9 aprilie 2020, ziua 44 - Buletin de Bucure\u0219ti","isPartOf":{"@id":"https:\/\/buletin.de\/bucuresti\/#website"},"primaryImageOfPage":{"@id":"https:\/\/buletin.de\/bucuresti\/live-text-coronavirus-bucuresti-9-aprilie-2020-ziua-44\/#primaryimage"},"image":{"@id":"https:\/\/buletin.de\/bucuresti\/live-text-coronavirus-bucuresti-9-aprilie-2020-ziua-44\/#primaryimage"},"thumbnailUrl":"https:\/\/buletin.de\/bucuresti\/wp-content\/uploads\/Screenshot_29.png","datePublished":"2020-04-09T06:19:32+00:00","dateModified":"2020-04-09T09:56:52+00:00","breadcrumb":{"@id":"https:\/\/buletin.de\/bucuresti\/live-text-coronavirus-bucuresti-9-aprilie-2020-ziua-44\/#breadcrumb"},"inLanguage":"en-GB","potentialAction":[{"@type":"ReadAction","target":["https:\/\/buletin.de\/bucuresti\/live-text-coronavirus-bucuresti-9-aprilie-2020-ziua-44\/"]}]},{"@type":"ImageObject","inLanguage":"en-GB","@id":"https:\/\/buletin.de\/bucuresti\/live-text-coronavirus-bucuresti-9-aprilie-2020-ziua-44\/#primaryimage","url":"https:\/\/buletin.de\/bucuresti\/wp-content\/uploads\/Screenshot_29.png","contentUrl":"https:\/\/buletin.de\/bucuresti\/wp-content\/uploads\/Screenshot_29.png","width":1863,"height":991},{"@type":"BreadcrumbList","@id":"https:\/\/buletin.de\/bucuresti\/live-text-coronavirus-bucuresti-9-aprilie-2020-ziua-44\/#breadcrumb","itemListElement":[{"@type":"ListItem","position":1,"name":"Acas\u0103","item":"https:\/\/buletin.de\/bucuresti\/"},{"@type":"ListItem","position":2,"name":"LIVE TEXT. Coronavirus &#8211; Bucure\u0219ti, 9 aprilie 2020, ziua 44"}]},{"@type":"WebSite","@id":"https:\/\/buletin.de\/bucuresti\/#website","url":"https:\/\/buletin.de\/bucuresti\/","name":"Buletin de Bucure\u0219ti","description":"\u0218tiri \u0219i investiga\u021bii esen\u021biale din capital\u0103","publisher":{"@id":"https:\/\/buletin.de\/bucuresti\/#organization"},"potentialAction":[{"@type":"SearchAction","target":{"@type":"EntryPoint","urlTemplate":"https:\/\/buletin.de\/bucuresti\/?s={search_term_string}"},"query-input":{"@type":"PropertyValueSpecification","valueRequired":true,"valueName":"search_term_string"}}],"inLanguage":"en-GB"},{"@type":"Organization","@id":"https:\/\/buletin.de\/bucuresti\/#organization","name":"Buletin de Bucure\u0219ti","url":"https:\/\/buletin.de\/bucuresti\/","logo":{"@type":"ImageObject","inLanguage":"en-GB","@id":"https:\/\/buletin.de\/bucuresti\/#\/schema\/logo\/image\/","url":"https:\/\/buletin.de\/bucuresti\/wp-content\/uploads\/logo-bdb-full-wide-vernil-transparent.png","contentUrl":"https:\/\/buletin.de\/bucuresti\/wp-content\/uploads\/logo-bdb-full-wide-vernil-transparent.png","width":1782,"height":626,"caption":"Buletin de Bucure\u0219ti"},"image":{"@id":"https:\/\/buletin.de\/bucuresti\/#\/schema\/logo\/image\/"},"sameAs":["https:\/\/www.facebook.com\/buletin.de.buc","https:\/\/www.instagram.com\/buletinde.bucuresti\/"]},{"@type":"Person","@id":"https:\/\/buletin.de\/bucuresti\/#\/schema\/person\/295dc2228d2dc79294d636619468dc7f","name":"Bianca Albu","image":{"@type":"ImageObject","inLanguage":"en-GB","@id":"https:\/\/secure.gravatar.com\/avatar\/3df2e34e20f529e6fd7be4311ee1f7c4ec4aa886971590baf6fa214b15743516?s=96&d=monsterid&r=gf541c715eeec409ce8101252a3c0d8a7","url":"https:\/\/secure.gravatar.com\/avatar\/3df2e34e20f529e6fd7be4311ee1f7c4ec4aa886971590baf6fa214b15743516?s=96&d=monsterid&r=g","contentUrl":"https:\/\/secure.gravatar.com\/avatar\/3df2e34e20f529e6fd7be4311ee1f7c4ec4aa886971590baf6fa214b15743516?s=96&d=monsterid&r=g","caption":"Bianca Albu"},"description":"Reporter","url":"https:\/\/buletin.de\/bucuresti\/author\/biancaalbu\/"}]}},"authors":[{"term_id":22588,"user_id":6,"is_guest":0,"slug":"biancaalbu","display_name":"Bianca Albu","avatar_url":"https:\/\/secure.gravatar.com\/avatar\/3df2e34e20f529e6fd7be4311ee1f7c4ec4aa886971590baf6fa214b15743516?s=96&d=monsterid&r=g","0":null,"1":"","2":"","3":"","4":"","5":"","6":"","7":"","8":""}],"_links":{"self":[{"href":"https:\/\/buletin.de\/bucuresti\/wp-json\/wp\/v2\/posts\/5712","targetHints":{"allow":["GET"]}}],"collection":[{"href":"https:\/\/buletin.de\/bucuresti\/wp-json\/wp\/v2\/posts"}],"about":[{"href":"https:\/\/buletin.de\/bucuresti\/wp-json\/wp\/v2\/types\/post"}],"author":[{"embeddable":true,"href":"https:\/\/buletin.de\/bucuresti\/wp-json\/wp\/v2\/users\/6"}],"replies":[{"embeddable":true,"href":"https:\/\/buletin.de\/bucuresti\/wp-json\/wp\/v2\/comments?post=5712"}],"version-history":[{"count":4,"href":"https:\/\/buletin.de\/bucuresti\/wp-json\/wp\/v2\/posts\/5712\/revisions"}],"predecessor-version":[{"id":5721,"href":"https:\/\/buletin.de\/bucuresti\/wp-json\/wp\/v2\/posts\/5712\/revisions\/5721"}],"wp:featuredmedia":[{"embeddable":true,"href":"https:\/\/buletin.de\/bucuresti\/wp-json\/wp\/v2\/media\/5713"}],"wp:attachment":[{"href":"https:\/\/buletin.de\/bucuresti\/wp-json\/wp\/v2\/media?parent=5712"}],"wp:term":[{"taxonomy":"category","embeddable":true,"href":"https:\/\/buletin.de\/bucuresti\/wp-json\/wp\/v2\/categories?post=5712"},{"taxonomy":"post_tag","embeddable":true,"href":"https:\/\/buletin.de\/bucuresti\/wp-json\/wp\/v2\/tags?post=5712"},{"taxonomy":"author","embeddable":true,"href":"https:\/\/buletin.de\/bucuresti\/wp-json\/wp\/v2\/ppma_author?post=5712"}],"curies":[{"name":"wp","href":"https:\/\/api.w.org\/{rel}","templated":true}]}}