{"id":57020,"date":"2023-03-29T21:27:37","date_gmt":"2023-03-29T19:27:37","guid":{"rendered":"https:\/\/buletin.de\/bucuresti\/?p=57020"},"modified":"2023-03-29T21:27:57","modified_gmt":"2023-03-29T19:27:57","slug":"protest-in-piata-victoriei-dupa-ce-senatorii-au-votat-noua-ordonanta-13","status":"publish","type":"post","link":"https:\/\/buletin.de\/bucuresti\/protest-in-piata-victoriei-dupa-ce-senatorii-au-votat-noua-ordonanta-13\/","title":{"rendered":"Protest \u00een Pia\u021ba Victoriei, dup\u0103 ce senatorii au votat noua \u201cOrdonan\u021b\u0103 13\u201d"},"content":{"rendered":"\n<p>Sute de oameni s-au str\u00e2ns, miercuri seara, \u00een fa\u021ba Palatului Victoria pentru a protesta fa\u021b\u0103 de proiectul de modificare a codului penal \u00een privin\u021ba abuzului \u0219i neglijen\u021ba \u00een serviciu. Prin acest amendament, dac\u0103 un func\u021bionar public a f\u0103cut abuz \u00een serviciu \u0219i produce cu inten\u021bie un prejudiciu mai mic de 250.000 de lei, ac\u021biunea sa nu mai este considerat\u0103 infrac\u021biune.<\/p>\n\n\n\n<p>\u201eTo\u021bi pentru justi\u021bie\u201d sau \u201ePNL, PSD, aceea\u0219i mizerie\u201d au fost mesajele de pe pancartele celor aproximativ 200 de protestatari care au ie\u0219it \u00een strad\u0103 \u00een aceast\u0103 sear\u0103. Oamenii se opun amendamentului votat ast\u0103zi \u00een Senat de c\u0103tre PSD, PNL \u0219i UDMR, similar cu cel introdus \u00een 2017, prin OUG13.<\/p>\n\n\n\n<p>Proiectul va ajunge la Camera Deputa\u021bilor, unde va fi supus la vot. Dac\u0103 amendamentul va fi aprobat, legea merge spre aprobare la pre\u0219edintele Rom\u00e2niei, Klaus Iohannis. Acesta poate trimite o singur\u0103 dat\u0103 legea \u00eenapoi \u00een Parlament pentru a fi modificat\u0103, apoi este obligat s\u0103 o aprobe.<\/p>\n\n\n\n<p>PSD a \u00eencercat s\u0103 introduc\u0103 o lege similar\u0103 \u0219i \u00een 2017, c\u00e2nd la conducerea partidului se afla Liviu Dragnea, iar prim-ministru era Sorin Grindeanu. Atunci, sute de mii de oameni au ie\u0219it \u00een strad\u0103 s\u0103 protesteze.<\/p>\n\n\n\n<h2 class=\"wp-block-heading\">Ciuc\u0103 \u0219i Ciolacu sus\u021bin pragul propus de Ministerul Justi\u021biei<\/h2>\n\n\n\n<p>Pre\u0219edintele PSD, Marcel Ciolacu, a reac\u021bionat public la pragul de 250.000 de lei pentru incrimiarea abuzului \u00een serviciu, solicit\u00e2nd Ministerului Justi\u021biei \u201es\u0103 prezinte public o variant\u0103 de reglementare adecvat\u0103 pentru pragul valoric la abuzul \u00een serviciu, \u00een acord cu deciziile Cur\u021bii Constitu\u021bionale, cu recomand\u0103rile Comisiei de la Vene\u021bia \u0219i cu opiniile speciali\u0219tilor \u00een drept. (..) PSD r\u0103m\u00e2ne consecvent \u015fi va vota \u00een Camera Deputa\u0163ilor, care este for decizional, doar ceea ce recomand\u0103 profesioni\u015ftii din justi\u0163ie. Modificarea Codurilor Penale este jalon \u00een PNRR \u015fi trebuie s\u0103 ne asigur\u0103m c\u0103 aceast\u0103 reform\u0103 se va face cum trebuie\u201d, scrie pe Facebook Marcel Ciolacu.<\/p>\n\n\n\n<p>\u00centr-un comunicat de pres\u0103, Ministerul Justi\u0163iei a anun\u021bat c\u0103 va sus\u021bine adoptarea de c\u0103tre Camera Deputa\u021bilor a unui prag de 9.000 de lei. Ministerul Justi\u021biei consider\u0103 c\u0103 \u201enu exist\u0103 nicio referin\u0163\u0103 concret\u0103\u201d \u00een deciziile Cur\u0163ii Constitu\u0163ionale a Rom\u00e2niei sau \u00een avizele Comisiei de la Vene\u0163ia cu privire la valoarea economic\u0103 sau financiar\u0103 a unui prag valoric pentru infrac\u0163iunea de abuz \u00een serviciu.<\/p>\n\n\n\n<p>Nicolae Ciuc\u0103, prim-ministrul Rom\u00e2niei, a anun\u021bat public c\u0103 a decis sus\u021binerea propunerii Ministerului Justi\u021biei privind pragul de 9.000 de lei la infrac\u021biunea de abuz \u00een serviciu. \u201eL-am mandatat pe liderul grupului PNL de la Camera Deputa\u021bilor, Gabriel Andronache, s\u0103 depun\u0103 acest amendament \u00een numele Partidului Na\u021bional Liberal, \u00een vederea sus\u021binerii \u0219i adopt\u0103rii lui\u201d, a afirmat acesta pe pagina sa de Facebook.<\/p>\n","protected":false},"excerpt":{"rendered":"<p>Sute de oameni s-au str\u00e2ns, miercuri seara, \u00een fa\u021ba Palatului Victoria pentru a protesta fa\u021b\u0103 de proiectul de modificare a codului penal \u00een privin\u021ba abuzului \u0219i neglijen\u021ba \u00een serviciu. Prin acest amendament, dac\u0103 un func\u021bionar public a f\u0103cut abuz \u00een serviciu \u0219i produce cu inten\u021bie un prejudiciu mai mic de 250.000 de lei, ac\u021biunea sa [&hellip;]<\/p>\n","protected":false},"author":45,"featured_media":57021,"comment_status":"closed","ping_status":"open","sticky":false,"template":"","format":"standard","meta":{"_acf_changed":false,"inline_featured_image":false,"ngg_post_thumbnail":0,"footnotes":""},"categories":[62],"tags":[],"ppma_author":[22604],"class_list":["post-57020","post","type-post","status-publish","format-standard","has-post-thumbnail","hentry","category-stiri"],"acf":[],"yoast_head":"<!-- This site is optimized with the Yoast SEO Premium plugin v25.3 (Yoast SEO v27.5) - https:\/\/yoast.com\/product\/yoast-seo-premium-wordpress\/ -->\n<title>Protest \u00een Pia\u021ba Victoriei, dup\u0103 ce senatorii au votat noua \u201cOrdonan\u021b\u0103 13\u201d - Buletin de Bucure\u0219ti<\/title>\n<meta name=\"robots\" content=\"index, follow, max-snippet:-1, max-image-preview:large, max-video-preview:-1\" \/>\n<link rel=\"canonical\" href=\"https:\/\/buletin.de\/bucuresti\/protest-in-piata-victoriei-dupa-ce-senatorii-au-votat-noua-ordonanta-13\/\" \/>\n<meta property=\"og:locale\" content=\"en_GB\" \/>\n<meta property=\"og:type\" content=\"article\" \/>\n<meta property=\"og:title\" content=\"Protest \u00een Pia\u021ba Victoriei, dup\u0103 ce senatorii au votat noua \u201cOrdonan\u021b\u0103 13\u201d\" \/>\n<meta property=\"og:description\" content=\"Sute de oameni s-au str\u00e2ns, miercuri seara, \u00een fa\u021ba Palatului Victoria pentru a protesta fa\u021b\u0103 de proiectul de modificare a codului penal \u00een privin\u021ba abuzului \u0219i neglijen\u021ba \u00een serviciu. Prin acest amendament, dac\u0103 un func\u021bionar public a f\u0103cut abuz \u00een serviciu \u0219i produce cu inten\u021bie un prejudiciu mai mic de 250.000 de lei, ac\u021biunea sa [&hellip;]\" \/>\n<meta property=\"og:url\" content=\"https:\/\/buletin.de\/bucuresti\/protest-in-piata-victoriei-dupa-ce-senatorii-au-votat-noua-ordonanta-13\/\" \/>\n<meta property=\"og:site_name\" content=\"Buletin de Bucure\u0219ti\" \/>\n<meta property=\"article:publisher\" content=\"https:\/\/www.facebook.com\/buletin.de.buc\" \/>\n<meta property=\"article:published_time\" content=\"2023-03-29T19:27:37+00:00\" \/>\n<meta property=\"article:modified_time\" content=\"2023-03-29T19:27:57+00:00\" \/>\n<meta property=\"og:image\" content=\"https:\/\/buletin.de\/bucuresti\/wp-content\/uploads\/338971527_895091444924659_4014521186627105901_n.jpg\" \/>\n\t<meta property=\"og:image:width\" content=\"2048\" \/>\n\t<meta property=\"og:image:height\" content=\"1536\" \/>\n\t<meta property=\"og:image:type\" content=\"image\/jpeg\" \/>\n<meta name=\"author\" content=\"Teodora \u0218uta\" \/>\n<meta name=\"twitter:card\" content=\"summary_large_image\" \/>\n<meta name=\"twitter:label1\" content=\"Written by\" \/>\n\t<meta name=\"twitter:data1\" content=\"Teodora \u0218uta\" \/>\n\t<meta name=\"twitter:label2\" content=\"Estimated reading time\" \/>\n\t<meta name=\"twitter:data2\" content=\"2 minutes\" \/>\n<script type=\"application\/ld+json\" class=\"yoast-schema-graph\">{\"@context\":\"https:\\\/\\\/schema.org\",\"@graph\":[{\"@type\":\"Article\",\"@id\":\"https:\\\/\\\/buletin.de\\\/bucuresti\\\/protest-in-piata-victoriei-dupa-ce-senatorii-au-votat-noua-ordonanta-13\\\/#article\",\"isPartOf\":{\"@id\":\"https:\\\/\\\/buletin.de\\\/bucuresti\\\/protest-in-piata-victoriei-dupa-ce-senatorii-au-votat-noua-ordonanta-13\\\/\"},\"author\":{\"name\":\"Teodora \u0218uta\",\"@id\":\"https:\\\/\\\/buletin.de\\\/bucuresti\\\/#\\\/schema\\\/person\\\/5d54908fa90ab7ad3b2e88152efd6845\"},\"headline\":\"Protest \u00een Pia\u021ba Victoriei, dup\u0103 ce senatorii au votat noua \u201cOrdonan\u021b\u0103 13\u201d\",\"datePublished\":\"2023-03-29T19:27:37+00:00\",\"dateModified\":\"2023-03-29T19:27:57+00:00\",\"mainEntityOfPage\":{\"@id\":\"https:\\\/\\\/buletin.de\\\/bucuresti\\\/protest-in-piata-victoriei-dupa-ce-senatorii-au-votat-noua-ordonanta-13\\\/\"},\"wordCount\":484,\"publisher\":{\"@id\":\"https:\\\/\\\/buletin.de\\\/bucuresti\\\/#organization\"},\"image\":{\"@id\":\"https:\\\/\\\/buletin.de\\\/bucuresti\\\/protest-in-piata-victoriei-dupa-ce-senatorii-au-votat-noua-ordonanta-13\\\/#primaryimage\"},\"thumbnailUrl\":\"https:\\\/\\\/buletin.de\\\/bucuresti\\\/wp-content\\\/uploads\\\/338971527_895091444924659_4014521186627105901_n.jpg\",\"articleSection\":[\"\u0218tiri\"],\"inLanguage\":\"en-GB\",\"copyrightYear\":\"2023\",\"copyrightHolder\":{\"@id\":\"https:\\\/\\\/buletin.de\\\/bucuresti\\\/#organization\"}},{\"@type\":\"WebPage\",\"@id\":\"https:\\\/\\\/buletin.de\\\/bucuresti\\\/protest-in-piata-victoriei-dupa-ce-senatorii-au-votat-noua-ordonanta-13\\\/\",\"url\":\"https:\\\/\\\/buletin.de\\\/bucuresti\\\/protest-in-piata-victoriei-dupa-ce-senatorii-au-votat-noua-ordonanta-13\\\/\",\"name\":\"Protest \u00een Pia\u021ba Victoriei, dup\u0103 ce senatorii au votat noua \u201cOrdonan\u021b\u0103 13\u201d - Buletin de Bucure\u0219ti\",\"isPartOf\":{\"@id\":\"https:\\\/\\\/buletin.de\\\/bucuresti\\\/#website\"},\"primaryImageOfPage\":{\"@id\":\"https:\\\/\\\/buletin.de\\\/bucuresti\\\/protest-in-piata-victoriei-dupa-ce-senatorii-au-votat-noua-ordonanta-13\\\/#primaryimage\"},\"image\":{\"@id\":\"https:\\\/\\\/buletin.de\\\/bucuresti\\\/protest-in-piata-victoriei-dupa-ce-senatorii-au-votat-noua-ordonanta-13\\\/#primaryimage\"},\"thumbnailUrl\":\"https:\\\/\\\/buletin.de\\\/bucuresti\\\/wp-content\\\/uploads\\\/338971527_895091444924659_4014521186627105901_n.jpg\",\"datePublished\":\"2023-03-29T19:27:37+00:00\",\"dateModified\":\"2023-03-29T19:27:57+00:00\",\"breadcrumb\":{\"@id\":\"https:\\\/\\\/buletin.de\\\/bucuresti\\\/protest-in-piata-victoriei-dupa-ce-senatorii-au-votat-noua-ordonanta-13\\\/#breadcrumb\"},\"inLanguage\":\"en-GB\",\"potentialAction\":[{\"@type\":\"ReadAction\",\"target\":[\"https:\\\/\\\/buletin.de\\\/bucuresti\\\/protest-in-piata-victoriei-dupa-ce-senatorii-au-votat-noua-ordonanta-13\\\/\"]}]},{\"@type\":\"ImageObject\",\"inLanguage\":\"en-GB\",\"@id\":\"https:\\\/\\\/buletin.de\\\/bucuresti\\\/protest-in-piata-victoriei-dupa-ce-senatorii-au-votat-noua-ordonanta-13\\\/#primaryimage\",\"url\":\"https:\\\/\\\/buletin.de\\\/bucuresti\\\/wp-content\\\/uploads\\\/338971527_895091444924659_4014521186627105901_n.jpg\",\"contentUrl\":\"https:\\\/\\\/buletin.de\\\/bucuresti\\\/wp-content\\\/uploads\\\/338971527_895091444924659_4014521186627105901_n.jpg\",\"width\":2048,\"height\":1536},{\"@type\":\"BreadcrumbList\",\"@id\":\"https:\\\/\\\/buletin.de\\\/bucuresti\\\/protest-in-piata-victoriei-dupa-ce-senatorii-au-votat-noua-ordonanta-13\\\/#breadcrumb\",\"itemListElement\":[{\"@type\":\"ListItem\",\"position\":1,\"name\":\"Acas\u0103\",\"item\":\"https:\\\/\\\/buletin.de\\\/bucuresti\\\/\"},{\"@type\":\"ListItem\",\"position\":2,\"name\":\"Protest \u00een Pia\u021ba Victoriei, dup\u0103 ce senatorii au votat noua \u201cOrdonan\u021b\u0103 13\u201d\"}]},{\"@type\":\"WebSite\",\"@id\":\"https:\\\/\\\/buletin.de\\\/bucuresti\\\/#website\",\"url\":\"https:\\\/\\\/buletin.de\\\/bucuresti\\\/\",\"name\":\"Buletin de Bucure\u0219ti\",\"description\":\"\u0218tiri \u0219i investiga\u021bii esen\u021biale din capital\u0103\",\"publisher\":{\"@id\":\"https:\\\/\\\/buletin.de\\\/bucuresti\\\/#organization\"},\"potentialAction\":[{\"@type\":\"SearchAction\",\"target\":{\"@type\":\"EntryPoint\",\"urlTemplate\":\"https:\\\/\\\/buletin.de\\\/bucuresti\\\/?s={search_term_string}\"},\"query-input\":{\"@type\":\"PropertyValueSpecification\",\"valueRequired\":true,\"valueName\":\"search_term_string\"}}],\"inLanguage\":\"en-GB\"},{\"@type\":\"Organization\",\"@id\":\"https:\\\/\\\/buletin.de\\\/bucuresti\\\/#organization\",\"name\":\"Buletin de Bucure\u0219ti\",\"url\":\"https:\\\/\\\/buletin.de\\\/bucuresti\\\/\",\"logo\":{\"@type\":\"ImageObject\",\"inLanguage\":\"en-GB\",\"@id\":\"https:\\\/\\\/buletin.de\\\/bucuresti\\\/#\\\/schema\\\/logo\\\/image\\\/\",\"url\":\"https:\\\/\\\/buletin.de\\\/bucuresti\\\/wp-content\\\/uploads\\\/logo-bdb-full-wide-vernil-transparent.png\",\"contentUrl\":\"https:\\\/\\\/buletin.de\\\/bucuresti\\\/wp-content\\\/uploads\\\/logo-bdb-full-wide-vernil-transparent.png\",\"width\":1782,\"height\":626,\"caption\":\"Buletin de Bucure\u0219ti\"},\"image\":{\"@id\":\"https:\\\/\\\/buletin.de\\\/bucuresti\\\/#\\\/schema\\\/logo\\\/image\\\/\"},\"sameAs\":[\"https:\\\/\\\/www.facebook.com\\\/buletin.de.buc\",\"https:\\\/\\\/www.instagram.com\\\/buletinde.bucuresti\\\/\"]},{\"@type\":\"Person\",\"@id\":\"https:\\\/\\\/buletin.de\\\/bucuresti\\\/#\\\/schema\\\/person\\\/5d54908fa90ab7ad3b2e88152efd6845\",\"name\":\"Teodora \u0218uta\",\"image\":{\"@type\":\"ImageObject\",\"inLanguage\":\"en-GB\",\"@id\":\"https:\\\/\\\/secure.gravatar.com\\\/avatar\\\/0c709226af9845d97b126aa0aa80ab42778847ec3d11d741016b74a61174088d?s=96&d=monsterid&r=gf2e0c6a01d766272c6fa8af9e494be28\",\"url\":\"https:\\\/\\\/secure.gravatar.com\\\/avatar\\\/0c709226af9845d97b126aa0aa80ab42778847ec3d11d741016b74a61174088d?s=96&d=monsterid&r=g\",\"contentUrl\":\"https:\\\/\\\/secure.gravatar.com\\\/avatar\\\/0c709226af9845d97b126aa0aa80ab42778847ec3d11d741016b74a61174088d?s=96&d=monsterid&r=g\",\"caption\":\"Teodora \u0218uta\"},\"url\":\"https:\\\/\\\/buletin.de\\\/bucuresti\\\/author\\\/mariasuta\\\/\"}]}<\/script>\n<!-- \/ Yoast SEO Premium plugin. -->","yoast_head_json":{"title":"Protest \u00een Pia\u021ba Victoriei, dup\u0103 ce senatorii au votat noua \u201cOrdonan\u021b\u0103 13\u201d - Buletin de Bucure\u0219ti","robots":{"index":"index","follow":"follow","max-snippet":"max-snippet:-1","max-image-preview":"max-image-preview:large","max-video-preview":"max-video-preview:-1"},"canonical":"https:\/\/buletin.de\/bucuresti\/protest-in-piata-victoriei-dupa-ce-senatorii-au-votat-noua-ordonanta-13\/","og_locale":"en_GB","og_type":"article","og_title":"Protest \u00een Pia\u021ba Victoriei, dup\u0103 ce senatorii au votat noua \u201cOrdonan\u021b\u0103 13\u201d","og_description":"Sute de oameni s-au str\u00e2ns, miercuri seara, \u00een fa\u021ba Palatului Victoria pentru a protesta fa\u021b\u0103 de proiectul de modificare a codului penal \u00een privin\u021ba abuzului \u0219i neglijen\u021ba \u00een serviciu. Prin acest amendament, dac\u0103 un func\u021bionar public a f\u0103cut abuz \u00een serviciu \u0219i produce cu inten\u021bie un prejudiciu mai mic de 250.000 de lei, ac\u021biunea sa [&hellip;]","og_url":"https:\/\/buletin.de\/bucuresti\/protest-in-piata-victoriei-dupa-ce-senatorii-au-votat-noua-ordonanta-13\/","og_site_name":"Buletin de Bucure\u0219ti","article_publisher":"https:\/\/www.facebook.com\/buletin.de.buc","article_published_time":"2023-03-29T19:27:37+00:00","article_modified_time":"2023-03-29T19:27:57+00:00","og_image":[{"width":2048,"height":1536,"url":"https:\/\/buletin.de\/bucuresti\/wp-content\/uploads\/338971527_895091444924659_4014521186627105901_n.jpg","type":"image\/jpeg"}],"author":"Teodora \u0218uta","twitter_card":"summary_large_image","twitter_misc":{"Written by":"Teodora \u0218uta","Estimated reading time":"2 minutes"},"schema":{"@context":"https:\/\/schema.org","@graph":[{"@type":"Article","@id":"https:\/\/buletin.de\/bucuresti\/protest-in-piata-victoriei-dupa-ce-senatorii-au-votat-noua-ordonanta-13\/#article","isPartOf":{"@id":"https:\/\/buletin.de\/bucuresti\/protest-in-piata-victoriei-dupa-ce-senatorii-au-votat-noua-ordonanta-13\/"},"author":{"name":"Teodora \u0218uta","@id":"https:\/\/buletin.de\/bucuresti\/#\/schema\/person\/5d54908fa90ab7ad3b2e88152efd6845"},"headline":"Protest \u00een Pia\u021ba Victoriei, dup\u0103 ce senatorii au votat noua \u201cOrdonan\u021b\u0103 13\u201d","datePublished":"2023-03-29T19:27:37+00:00","dateModified":"2023-03-29T19:27:57+00:00","mainEntityOfPage":{"@id":"https:\/\/buletin.de\/bucuresti\/protest-in-piata-victoriei-dupa-ce-senatorii-au-votat-noua-ordonanta-13\/"},"wordCount":484,"publisher":{"@id":"https:\/\/buletin.de\/bucuresti\/#organization"},"image":{"@id":"https:\/\/buletin.de\/bucuresti\/protest-in-piata-victoriei-dupa-ce-senatorii-au-votat-noua-ordonanta-13\/#primaryimage"},"thumbnailUrl":"https:\/\/buletin.de\/bucuresti\/wp-content\/uploads\/338971527_895091444924659_4014521186627105901_n.jpg","articleSection":["\u0218tiri"],"inLanguage":"en-GB","copyrightYear":"2023","copyrightHolder":{"@id":"https:\/\/buletin.de\/bucuresti\/#organization"}},{"@type":"WebPage","@id":"https:\/\/buletin.de\/bucuresti\/protest-in-piata-victoriei-dupa-ce-senatorii-au-votat-noua-ordonanta-13\/","url":"https:\/\/buletin.de\/bucuresti\/protest-in-piata-victoriei-dupa-ce-senatorii-au-votat-noua-ordonanta-13\/","name":"Protest \u00een Pia\u021ba Victoriei, dup\u0103 ce senatorii au votat noua \u201cOrdonan\u021b\u0103 13\u201d - Buletin de Bucure\u0219ti","isPartOf":{"@id":"https:\/\/buletin.de\/bucuresti\/#website"},"primaryImageOfPage":{"@id":"https:\/\/buletin.de\/bucuresti\/protest-in-piata-victoriei-dupa-ce-senatorii-au-votat-noua-ordonanta-13\/#primaryimage"},"image":{"@id":"https:\/\/buletin.de\/bucuresti\/protest-in-piata-victoriei-dupa-ce-senatorii-au-votat-noua-ordonanta-13\/#primaryimage"},"thumbnailUrl":"https:\/\/buletin.de\/bucuresti\/wp-content\/uploads\/338971527_895091444924659_4014521186627105901_n.jpg","datePublished":"2023-03-29T19:27:37+00:00","dateModified":"2023-03-29T19:27:57+00:00","breadcrumb":{"@id":"https:\/\/buletin.de\/bucuresti\/protest-in-piata-victoriei-dupa-ce-senatorii-au-votat-noua-ordonanta-13\/#breadcrumb"},"inLanguage":"en-GB","potentialAction":[{"@type":"ReadAction","target":["https:\/\/buletin.de\/bucuresti\/protest-in-piata-victoriei-dupa-ce-senatorii-au-votat-noua-ordonanta-13\/"]}]},{"@type":"ImageObject","inLanguage":"en-GB","@id":"https:\/\/buletin.de\/bucuresti\/protest-in-piata-victoriei-dupa-ce-senatorii-au-votat-noua-ordonanta-13\/#primaryimage","url":"https:\/\/buletin.de\/bucuresti\/wp-content\/uploads\/338971527_895091444924659_4014521186627105901_n.jpg","contentUrl":"https:\/\/buletin.de\/bucuresti\/wp-content\/uploads\/338971527_895091444924659_4014521186627105901_n.jpg","width":2048,"height":1536},{"@type":"BreadcrumbList","@id":"https:\/\/buletin.de\/bucuresti\/protest-in-piata-victoriei-dupa-ce-senatorii-au-votat-noua-ordonanta-13\/#breadcrumb","itemListElement":[{"@type":"ListItem","position":1,"name":"Acas\u0103","item":"https:\/\/buletin.de\/bucuresti\/"},{"@type":"ListItem","position":2,"name":"Protest \u00een Pia\u021ba Victoriei, dup\u0103 ce senatorii au votat noua \u201cOrdonan\u021b\u0103 13\u201d"}]},{"@type":"WebSite","@id":"https:\/\/buletin.de\/bucuresti\/#website","url":"https:\/\/buletin.de\/bucuresti\/","name":"Buletin de Bucure\u0219ti","description":"\u0218tiri \u0219i investiga\u021bii esen\u021biale din capital\u0103","publisher":{"@id":"https:\/\/buletin.de\/bucuresti\/#organization"},"potentialAction":[{"@type":"SearchAction","target":{"@type":"EntryPoint","urlTemplate":"https:\/\/buletin.de\/bucuresti\/?s={search_term_string}"},"query-input":{"@type":"PropertyValueSpecification","valueRequired":true,"valueName":"search_term_string"}}],"inLanguage":"en-GB"},{"@type":"Organization","@id":"https:\/\/buletin.de\/bucuresti\/#organization","name":"Buletin de Bucure\u0219ti","url":"https:\/\/buletin.de\/bucuresti\/","logo":{"@type":"ImageObject","inLanguage":"en-GB","@id":"https:\/\/buletin.de\/bucuresti\/#\/schema\/logo\/image\/","url":"https:\/\/buletin.de\/bucuresti\/wp-content\/uploads\/logo-bdb-full-wide-vernil-transparent.png","contentUrl":"https:\/\/buletin.de\/bucuresti\/wp-content\/uploads\/logo-bdb-full-wide-vernil-transparent.png","width":1782,"height":626,"caption":"Buletin de Bucure\u0219ti"},"image":{"@id":"https:\/\/buletin.de\/bucuresti\/#\/schema\/logo\/image\/"},"sameAs":["https:\/\/www.facebook.com\/buletin.de.buc","https:\/\/www.instagram.com\/buletinde.bucuresti\/"]},{"@type":"Person","@id":"https:\/\/buletin.de\/bucuresti\/#\/schema\/person\/5d54908fa90ab7ad3b2e88152efd6845","name":"Teodora \u0218uta","image":{"@type":"ImageObject","inLanguage":"en-GB","@id":"https:\/\/secure.gravatar.com\/avatar\/0c709226af9845d97b126aa0aa80ab42778847ec3d11d741016b74a61174088d?s=96&d=monsterid&r=gf2e0c6a01d766272c6fa8af9e494be28","url":"https:\/\/secure.gravatar.com\/avatar\/0c709226af9845d97b126aa0aa80ab42778847ec3d11d741016b74a61174088d?s=96&d=monsterid&r=g","contentUrl":"https:\/\/secure.gravatar.com\/avatar\/0c709226af9845d97b126aa0aa80ab42778847ec3d11d741016b74a61174088d?s=96&d=monsterid&r=g","caption":"Teodora \u0218uta"},"url":"https:\/\/buletin.de\/bucuresti\/author\/mariasuta\/"}]}},"authors":[{"term_id":22604,"user_id":45,"is_guest":0,"slug":"mariasuta","display_name":"Teodora \u0218uta","avatar_url":"https:\/\/secure.gravatar.com\/avatar\/0c709226af9845d97b126aa0aa80ab42778847ec3d11d741016b74a61174088d?s=96&d=monsterid&r=g","0":null,"1":"","2":"","3":"","4":"","5":"","6":"","7":"","8":""}],"_links":{"self":[{"href":"https:\/\/buletin.de\/bucuresti\/wp-json\/wp\/v2\/posts\/57020","targetHints":{"allow":["GET"]}}],"collection":[{"href":"https:\/\/buletin.de\/bucuresti\/wp-json\/wp\/v2\/posts"}],"about":[{"href":"https:\/\/buletin.de\/bucuresti\/wp-json\/wp\/v2\/types\/post"}],"author":[{"embeddable":true,"href":"https:\/\/buletin.de\/bucuresti\/wp-json\/wp\/v2\/users\/45"}],"replies":[{"embeddable":true,"href":"https:\/\/buletin.de\/bucuresti\/wp-json\/wp\/v2\/comments?post=57020"}],"version-history":[{"count":5,"href":"https:\/\/buletin.de\/bucuresti\/wp-json\/wp\/v2\/posts\/57020\/revisions"}],"predecessor-version":[{"id":57028,"href":"https:\/\/buletin.de\/bucuresti\/wp-json\/wp\/v2\/posts\/57020\/revisions\/57028"}],"wp:featuredmedia":[{"embeddable":true,"href":"https:\/\/buletin.de\/bucuresti\/wp-json\/wp\/v2\/media\/57021"}],"wp:attachment":[{"href":"https:\/\/buletin.de\/bucuresti\/wp-json\/wp\/v2\/media?parent=57020"}],"wp:term":[{"taxonomy":"category","embeddable":true,"href":"https:\/\/buletin.de\/bucuresti\/wp-json\/wp\/v2\/categories?post=57020"},{"taxonomy":"post_tag","embeddable":true,"href":"https:\/\/buletin.de\/bucuresti\/wp-json\/wp\/v2\/tags?post=57020"},{"taxonomy":"author","embeddable":true,"href":"https:\/\/buletin.de\/bucuresti\/wp-json\/wp\/v2\/ppma_author?post=57020"}],"curies":[{"name":"wp","href":"https:\/\/api.w.org\/{rel}","templated":true}]}}