{"id":5687,"date":"2020-04-08T19:16:33","date_gmt":"2020-04-08T16:16:33","guid":{"rendered":"https:\/\/buletin.de\/bucuresti\/?p=5687"},"modified":"2020-04-08T19:16:33","modified_gmt":"2020-04-08T16:16:33","slug":"daruieste-viata-inca-un-spital-construit-de-oana-gheorghiu-si-carmen-uscatu","status":"publish","type":"post","link":"https:\/\/buletin.de\/bucuresti\/daruieste-viata-inca-un-spital-construit-de-oana-gheorghiu-si-carmen-uscatu\/","title":{"rendered":"D\u0103ruie\u0219te Via\u021b\u0103 | \u00ceNC\u0102 un spital construit de Oana Gheorghiu \u0219i Carmen Uscatu"},"content":{"rendered":"\n<div class=\"wp-block-group\"><div class=\"wp-block-group__inner-container is-layout-flow wp-block-group-is-layout-flow\">\n<h3 style=\"background-color: #fffaad; padding: 30px;\"><em>Am \u00eenceput rubrica <a href=\"https:\/\/buletin.de\/bucuresti\/tag\/buletin-de-vesti-bune\/\">#BuletindeVe\u0219tiBune<\/a>, o serie de interviuri cu cei care au ini\u021biative care sprijin\u0103 comunitatea \u00een timpul pandemiei Covid-19.  <\/em><\/h3>\n\n\n\n<div style=\"height:50px\" aria-hidden=\"true\" class=\"wp-block-spacer\"><\/div>\n<\/div><\/div>\n\n\n\n<p>V-a\u021bi imaginat vreodat\u0103 cum trec secundele pentru un pacient ventilat mecanic? Cum simte acel om trecerea timpului, \u0219tiind c\u0103 este la limita dintre via\u021b\u0103 \u0219i moarte? Chiar \u0219i aici, exist\u0103 o parte bun\u0103 a lucrurilor. Acel om <strong>are<\/strong> clipele necesare, gra\u021bie medicinei, ca organismul s\u0103 \u00ee\u0219i revin\u0103 \u0219i secundele s\u0103 se transforme \u00een ani de via\u021b\u0103. <\/p>\n\n\n\n<p>\u00cen acest moment, \u00een plin\u0103 pandemie, Rom\u00e2nia poate trata cam 2000 de oameni afla\u021bi \u00een stare grav\u0103. Nu exist\u0103 ventilatoare destule, cum nu exist\u0103 nici paturi destule \u00een spitalele rom\u00e2ne\u0219ti. Se caut\u0103 solu\u021bii pe ultima sut\u0103 de metri, dar sistemul medical \u0219i politic, infectate de zeci de ani de corup\u021bie, sunt dep\u0103\u0219ite.<\/p>\n\n\n\n<p>Aici intervine societatea civil\u0103. Oana Gheorghiu \u0219i Carmen Uscatu au luat ini\u021biativa \u0219i construiesc un spital modular \u00een curtea spitalului Elias, care va avea 50 de paturi, destinate exclusiv pacien\u021bilor care au ajuns \u00een stare grav\u0103 din cauza coronavirusului. Cincizeci de paturi pentru ca cincizeci de oameni s\u0103 aib\u0103 parte de secundele necesare care s\u0103 se adune \u0219i s\u0103 se transforme \u00een ani de via\u021b\u0103. <\/p>\n\n\n\n<p>Cele dou\u0103 fondatoare ale ONG-ului D\u0103ruie\u0219te Via\u021b\u0103 estimeaz\u0103 c\u0103 spitalul va fi gata la final de aprilie, \u00eenceput de mai, dar pere\u021bii nu sunt de ajuns. Ele sper\u0103 ca guvernan\u021bii s\u0103 se implice \u00een dotarea cl\u0103dirii, altfel povara va pica tot pe umerii societ\u0103\u021bii civile, iar Oana \u0219i Carmen se vor baza pe dona\u021bii \u0219i colabor\u0103ri cu mediul privat, nu pe Guvernul Rom\u00e2niei.<\/p>\n\n\n\n<iframe style=\"width: 100%; height: 430px;\" src=\"https:\/\/www.youtube.com\/embed\/kVcWt9ybcYY\" frameborder=\"0\" allow=\"accelerometer; autoplay; encrypted-media; gyroscope; picture-in-picture\" allowfullscreen><\/iframe>\n\n\n\n<p>Companiile pot face sponsoriz\u0103ri pentru proiect pe site-ul asocia\u021biei D\u0103ruie\u0219te Via\u021b\u0103, iar persoanele fizice pot da un SMS cu mesajul IMPREUNA, la 8826.&nbsp;<\/p>\n","protected":false},"excerpt":{"rendered":"<p>V-a\u021bi imaginat vreodat\u0103 cum trec secundele pentru un pacient ventilat mecanic? Cum simte acel om trecerea timpului, \u0219tiind c\u0103 este la limita dintre via\u021b\u0103 \u0219i moarte? Chiar \u0219i aici, exist\u0103 o parte bun\u0103 a lucrurilor. Acel om are clipele necesare, gra\u021bie medicinei, ca organismul s\u0103 \u00ee\u0219i revin\u0103 \u0219i secundele s\u0103 se transforme \u00een ani de [&hellip;]<\/p>\n","protected":false},"author":8,"featured_media":5688,"comment_status":"closed","ping_status":"open","sticky":false,"template":"","format":"standard","meta":{"_acf_changed":false,"inline_featured_image":false,"ngg_post_thumbnail":0,"footnotes":""},"categories":[169],"tags":[805,830,829,828,43,831,833,832],"ppma_author":[22586],"class_list":["post-5687","post","type-post","status-publish","format-standard","has-post-thumbnail","hentry","category-reportaj","tag-buletin-de-vesti-bune","tag-carmen-uscatu","tag-daruieste-viata","tag-noi-facem-un-spital","tag-oana-gheorghiu","tag-spital-coronavirus","tag-spital-in-curtea-elias","tag-spital-modular-covid"],"acf":[],"yoast_head":"<!-- This site is optimized with the Yoast SEO Premium plugin v25.3 (Yoast SEO v27.4) - https:\/\/yoast.com\/product\/yoast-seo-premium-wordpress\/ -->\n<title>D\u0103ruie\u0219te Via\u021b\u0103 | \u00ceNC\u0102 un spital construit de Oana Gheorghiu \u0219i Carmen Uscatu - Buletin de Bucure\u0219ti<\/title>\n<meta name=\"robots\" content=\"index, follow, max-snippet:-1, max-image-preview:large, max-video-preview:-1\" \/>\n<link rel=\"canonical\" href=\"https:\/\/buletin.de\/bucuresti\/daruieste-viata-inca-un-spital-construit-de-oana-gheorghiu-si-carmen-uscatu\/\" \/>\n<meta property=\"og:locale\" content=\"en_GB\" \/>\n<meta property=\"og:type\" content=\"article\" \/>\n<meta property=\"og:title\" content=\"D\u0103ruie\u0219te Via\u021b\u0103 | \u00ceNC\u0102 un spital construit de Oana Gheorghiu \u0219i Carmen Uscatu\" \/>\n<meta property=\"og:description\" content=\"V-a\u021bi imaginat vreodat\u0103 cum trec secundele pentru un pacient ventilat mecanic? Cum simte acel om trecerea timpului, \u0219tiind c\u0103 este la limita dintre via\u021b\u0103 \u0219i moarte? Chiar \u0219i aici, exist\u0103 o parte bun\u0103 a lucrurilor. Acel om are clipele necesare, gra\u021bie medicinei, ca organismul s\u0103 \u00ee\u0219i revin\u0103 \u0219i secundele s\u0103 se transforme \u00een ani de [&hellip;]\" \/>\n<meta property=\"og:url\" content=\"https:\/\/buletin.de\/bucuresti\/daruieste-viata-inca-un-spital-construit-de-oana-gheorghiu-si-carmen-uscatu\/\" \/>\n<meta property=\"og:site_name\" content=\"Buletin de Bucure\u0219ti\" \/>\n<meta property=\"article:publisher\" content=\"https:\/\/www.facebook.com\/buletin.de.buc\" \/>\n<meta property=\"article:published_time\" content=\"2020-04-08T16:16:33+00:00\" \/>\n<meta property=\"og:image\" content=\"https:\/\/buletin.de\/bucuresti\/wp-content\/uploads\/WhatsApp-Image-2020-04-08-at-11.17.48.jpeg\" \/>\n\t<meta property=\"og:image:width\" content=\"1600\" \/>\n\t<meta property=\"og:image:height\" content=\"900\" \/>\n\t<meta property=\"og:image:type\" content=\"image\/jpeg\" \/>\n<meta name=\"author\" content=\"Ionu\u021b Lepa\" \/>\n<meta name=\"twitter:card\" content=\"summary_large_image\" \/>\n<meta name=\"twitter:label1\" content=\"Written by\" \/>\n\t<meta name=\"twitter:data1\" content=\"Ionu\u021b Lepa\" \/>\n\t<meta name=\"twitter:label2\" content=\"Estimated reading time\" \/>\n\t<meta name=\"twitter:data2\" content=\"1 minute\" \/>\n<script type=\"application\/ld+json\" class=\"yoast-schema-graph\">{\"@context\":\"https:\\\/\\\/schema.org\",\"@graph\":[{\"@type\":\"Article\",\"@id\":\"https:\\\/\\\/buletin.de\\\/bucuresti\\\/daruieste-viata-inca-un-spital-construit-de-oana-gheorghiu-si-carmen-uscatu\\\/#article\",\"isPartOf\":{\"@id\":\"https:\\\/\\\/buletin.de\\\/bucuresti\\\/daruieste-viata-inca-un-spital-construit-de-oana-gheorghiu-si-carmen-uscatu\\\/\"},\"author\":{\"name\":\"Ionu\u021b Lepa\",\"@id\":\"https:\\\/\\\/buletin.de\\\/bucuresti\\\/#\\\/schema\\\/person\\\/5272b8a057b33890940b57b837fc4ce6\"},\"headline\":\"D\u0103ruie\u0219te Via\u021b\u0103 | \u00ceNC\u0102 un spital construit de Oana Gheorghiu \u0219i Carmen Uscatu\",\"datePublished\":\"2020-04-08T16:16:33+00:00\",\"mainEntityOfPage\":{\"@id\":\"https:\\\/\\\/buletin.de\\\/bucuresti\\\/daruieste-viata-inca-un-spital-construit-de-oana-gheorghiu-si-carmen-uscatu\\\/\"},\"wordCount\":295,\"publisher\":{\"@id\":\"https:\\\/\\\/buletin.de\\\/bucuresti\\\/#organization\"},\"image\":{\"@id\":\"https:\\\/\\\/buletin.de\\\/bucuresti\\\/daruieste-viata-inca-un-spital-construit-de-oana-gheorghiu-si-carmen-uscatu\\\/#primaryimage\"},\"thumbnailUrl\":\"https:\\\/\\\/buletin.de\\\/bucuresti\\\/wp-content\\\/uploads\\\/WhatsApp-Image-2020-04-08-at-11.17.48.jpeg\",\"keywords\":[\"Buletin de ve\u0219ti bune\",\"carmen uscatu\",\"daruieste viata\",\"noi facem un spital\",\"oana gheorghiu\",\"spital coronavirus\",\"spital in curtea elias\",\"spital modular covid\"],\"articleSection\":[\"Reportaj\"],\"inLanguage\":\"en-GB\",\"copyrightYear\":\"2020\",\"copyrightHolder\":{\"@id\":\"https:\\\/\\\/buletin.de\\\/bucuresti\\\/#organization\"}},{\"@type\":\"WebPage\",\"@id\":\"https:\\\/\\\/buletin.de\\\/bucuresti\\\/daruieste-viata-inca-un-spital-construit-de-oana-gheorghiu-si-carmen-uscatu\\\/\",\"url\":\"https:\\\/\\\/buletin.de\\\/bucuresti\\\/daruieste-viata-inca-un-spital-construit-de-oana-gheorghiu-si-carmen-uscatu\\\/\",\"name\":\"D\u0103ruie\u0219te Via\u021b\u0103 | \u00ceNC\u0102 un spital construit de Oana Gheorghiu \u0219i Carmen Uscatu - Buletin de Bucure\u0219ti\",\"isPartOf\":{\"@id\":\"https:\\\/\\\/buletin.de\\\/bucuresti\\\/#website\"},\"primaryImageOfPage\":{\"@id\":\"https:\\\/\\\/buletin.de\\\/bucuresti\\\/daruieste-viata-inca-un-spital-construit-de-oana-gheorghiu-si-carmen-uscatu\\\/#primaryimage\"},\"image\":{\"@id\":\"https:\\\/\\\/buletin.de\\\/bucuresti\\\/daruieste-viata-inca-un-spital-construit-de-oana-gheorghiu-si-carmen-uscatu\\\/#primaryimage\"},\"thumbnailUrl\":\"https:\\\/\\\/buletin.de\\\/bucuresti\\\/wp-content\\\/uploads\\\/WhatsApp-Image-2020-04-08-at-11.17.48.jpeg\",\"datePublished\":\"2020-04-08T16:16:33+00:00\",\"breadcrumb\":{\"@id\":\"https:\\\/\\\/buletin.de\\\/bucuresti\\\/daruieste-viata-inca-un-spital-construit-de-oana-gheorghiu-si-carmen-uscatu\\\/#breadcrumb\"},\"inLanguage\":\"en-GB\",\"potentialAction\":[{\"@type\":\"ReadAction\",\"target\":[\"https:\\\/\\\/buletin.de\\\/bucuresti\\\/daruieste-viata-inca-un-spital-construit-de-oana-gheorghiu-si-carmen-uscatu\\\/\"]}]},{\"@type\":\"ImageObject\",\"inLanguage\":\"en-GB\",\"@id\":\"https:\\\/\\\/buletin.de\\\/bucuresti\\\/daruieste-viata-inca-un-spital-construit-de-oana-gheorghiu-si-carmen-uscatu\\\/#primaryimage\",\"url\":\"https:\\\/\\\/buletin.de\\\/bucuresti\\\/wp-content\\\/uploads\\\/WhatsApp-Image-2020-04-08-at-11.17.48.jpeg\",\"contentUrl\":\"https:\\\/\\\/buletin.de\\\/bucuresti\\\/wp-content\\\/uploads\\\/WhatsApp-Image-2020-04-08-at-11.17.48.jpeg\",\"width\":1600,\"height\":900},{\"@type\":\"BreadcrumbList\",\"@id\":\"https:\\\/\\\/buletin.de\\\/bucuresti\\\/daruieste-viata-inca-un-spital-construit-de-oana-gheorghiu-si-carmen-uscatu\\\/#breadcrumb\",\"itemListElement\":[{\"@type\":\"ListItem\",\"position\":1,\"name\":\"Acas\u0103\",\"item\":\"https:\\\/\\\/buletin.de\\\/bucuresti\\\/\"},{\"@type\":\"ListItem\",\"position\":2,\"name\":\"D\u0103ruie\u0219te Via\u021b\u0103 | \u00ceNC\u0102 un spital construit de Oana Gheorghiu \u0219i Carmen Uscatu\"}]},{\"@type\":\"WebSite\",\"@id\":\"https:\\\/\\\/buletin.de\\\/bucuresti\\\/#website\",\"url\":\"https:\\\/\\\/buletin.de\\\/bucuresti\\\/\",\"name\":\"Buletin de Bucure\u0219ti\",\"description\":\"\u0218tiri \u0219i investiga\u021bii esen\u021biale din capital\u0103\",\"publisher\":{\"@id\":\"https:\\\/\\\/buletin.de\\\/bucuresti\\\/#organization\"},\"potentialAction\":[{\"@type\":\"SearchAction\",\"target\":{\"@type\":\"EntryPoint\",\"urlTemplate\":\"https:\\\/\\\/buletin.de\\\/bucuresti\\\/?s={search_term_string}\"},\"query-input\":{\"@type\":\"PropertyValueSpecification\",\"valueRequired\":true,\"valueName\":\"search_term_string\"}}],\"inLanguage\":\"en-GB\"},{\"@type\":\"Organization\",\"@id\":\"https:\\\/\\\/buletin.de\\\/bucuresti\\\/#organization\",\"name\":\"Buletin de Bucure\u0219ti\",\"url\":\"https:\\\/\\\/buletin.de\\\/bucuresti\\\/\",\"logo\":{\"@type\":\"ImageObject\",\"inLanguage\":\"en-GB\",\"@id\":\"https:\\\/\\\/buletin.de\\\/bucuresti\\\/#\\\/schema\\\/logo\\\/image\\\/\",\"url\":\"https:\\\/\\\/buletin.de\\\/bucuresti\\\/wp-content\\\/uploads\\\/logo-bdb-full-wide-vernil-transparent.png\",\"contentUrl\":\"https:\\\/\\\/buletin.de\\\/bucuresti\\\/wp-content\\\/uploads\\\/logo-bdb-full-wide-vernil-transparent.png\",\"width\":1782,\"height\":626,\"caption\":\"Buletin de Bucure\u0219ti\"},\"image\":{\"@id\":\"https:\\\/\\\/buletin.de\\\/bucuresti\\\/#\\\/schema\\\/logo\\\/image\\\/\"},\"sameAs\":[\"https:\\\/\\\/www.facebook.com\\\/buletin.de.buc\",\"https:\\\/\\\/www.instagram.com\\\/buletinde.bucuresti\\\/\"]},{\"@type\":\"Person\",\"@id\":\"https:\\\/\\\/buletin.de\\\/bucuresti\\\/#\\\/schema\\\/person\\\/5272b8a057b33890940b57b837fc4ce6\",\"name\":\"Ionu\u021b Lepa\",\"image\":{\"@type\":\"ImageObject\",\"inLanguage\":\"en-GB\",\"@id\":\"https:\\\/\\\/buletin.de\\\/bucuresti\\\/wp-content\\\/uploads\\\/Ionut-Lepa-96x96.jpg5c4e4d9e049808799a8821652d2410a4\",\"url\":\"https:\\\/\\\/buletin.de\\\/bucuresti\\\/wp-content\\\/uploads\\\/Ionut-Lepa-96x96.jpg\",\"contentUrl\":\"https:\\\/\\\/buletin.de\\\/bucuresti\\\/wp-content\\\/uploads\\\/Ionut-Lepa-96x96.jpg\",\"caption\":\"Ionu\u021b Lepa\"},\"url\":\"https:\\\/\\\/buletin.de\\\/bucuresti\\\/author\\\/ionutlepa\\\/\"}]}<\/script>\n<!-- \/ Yoast SEO Premium plugin. -->","yoast_head_json":{"title":"D\u0103ruie\u0219te Via\u021b\u0103 | \u00ceNC\u0102 un spital construit de Oana Gheorghiu \u0219i Carmen Uscatu - Buletin de Bucure\u0219ti","robots":{"index":"index","follow":"follow","max-snippet":"max-snippet:-1","max-image-preview":"max-image-preview:large","max-video-preview":"max-video-preview:-1"},"canonical":"https:\/\/buletin.de\/bucuresti\/daruieste-viata-inca-un-spital-construit-de-oana-gheorghiu-si-carmen-uscatu\/","og_locale":"en_GB","og_type":"article","og_title":"D\u0103ruie\u0219te Via\u021b\u0103 | \u00ceNC\u0102 un spital construit de Oana Gheorghiu \u0219i Carmen Uscatu","og_description":"V-a\u021bi imaginat vreodat\u0103 cum trec secundele pentru un pacient ventilat mecanic? Cum simte acel om trecerea timpului, \u0219tiind c\u0103 este la limita dintre via\u021b\u0103 \u0219i moarte? Chiar \u0219i aici, exist\u0103 o parte bun\u0103 a lucrurilor. Acel om are clipele necesare, gra\u021bie medicinei, ca organismul s\u0103 \u00ee\u0219i revin\u0103 \u0219i secundele s\u0103 se transforme \u00een ani de [&hellip;]","og_url":"https:\/\/buletin.de\/bucuresti\/daruieste-viata-inca-un-spital-construit-de-oana-gheorghiu-si-carmen-uscatu\/","og_site_name":"Buletin de Bucure\u0219ti","article_publisher":"https:\/\/www.facebook.com\/buletin.de.buc","article_published_time":"2020-04-08T16:16:33+00:00","og_image":[{"width":1600,"height":900,"url":"https:\/\/buletin.de\/bucuresti\/wp-content\/uploads\/WhatsApp-Image-2020-04-08-at-11.17.48.jpeg","type":"image\/jpeg"}],"author":"Ionu\u021b Lepa","twitter_card":"summary_large_image","twitter_misc":{"Written by":"Ionu\u021b Lepa","Estimated reading time":"1 minute"},"schema":{"@context":"https:\/\/schema.org","@graph":[{"@type":"Article","@id":"https:\/\/buletin.de\/bucuresti\/daruieste-viata-inca-un-spital-construit-de-oana-gheorghiu-si-carmen-uscatu\/#article","isPartOf":{"@id":"https:\/\/buletin.de\/bucuresti\/daruieste-viata-inca-un-spital-construit-de-oana-gheorghiu-si-carmen-uscatu\/"},"author":{"name":"Ionu\u021b Lepa","@id":"https:\/\/buletin.de\/bucuresti\/#\/schema\/person\/5272b8a057b33890940b57b837fc4ce6"},"headline":"D\u0103ruie\u0219te Via\u021b\u0103 | \u00ceNC\u0102 un spital construit de Oana Gheorghiu \u0219i Carmen Uscatu","datePublished":"2020-04-08T16:16:33+00:00","mainEntityOfPage":{"@id":"https:\/\/buletin.de\/bucuresti\/daruieste-viata-inca-un-spital-construit-de-oana-gheorghiu-si-carmen-uscatu\/"},"wordCount":295,"publisher":{"@id":"https:\/\/buletin.de\/bucuresti\/#organization"},"image":{"@id":"https:\/\/buletin.de\/bucuresti\/daruieste-viata-inca-un-spital-construit-de-oana-gheorghiu-si-carmen-uscatu\/#primaryimage"},"thumbnailUrl":"https:\/\/buletin.de\/bucuresti\/wp-content\/uploads\/WhatsApp-Image-2020-04-08-at-11.17.48.jpeg","keywords":["Buletin de ve\u0219ti bune","carmen uscatu","daruieste viata","noi facem un spital","oana gheorghiu","spital coronavirus","spital in curtea elias","spital modular covid"],"articleSection":["Reportaj"],"inLanguage":"en-GB","copyrightYear":"2020","copyrightHolder":{"@id":"https:\/\/buletin.de\/bucuresti\/#organization"}},{"@type":"WebPage","@id":"https:\/\/buletin.de\/bucuresti\/daruieste-viata-inca-un-spital-construit-de-oana-gheorghiu-si-carmen-uscatu\/","url":"https:\/\/buletin.de\/bucuresti\/daruieste-viata-inca-un-spital-construit-de-oana-gheorghiu-si-carmen-uscatu\/","name":"D\u0103ruie\u0219te Via\u021b\u0103 | \u00ceNC\u0102 un spital construit de Oana Gheorghiu \u0219i Carmen Uscatu - Buletin de Bucure\u0219ti","isPartOf":{"@id":"https:\/\/buletin.de\/bucuresti\/#website"},"primaryImageOfPage":{"@id":"https:\/\/buletin.de\/bucuresti\/daruieste-viata-inca-un-spital-construit-de-oana-gheorghiu-si-carmen-uscatu\/#primaryimage"},"image":{"@id":"https:\/\/buletin.de\/bucuresti\/daruieste-viata-inca-un-spital-construit-de-oana-gheorghiu-si-carmen-uscatu\/#primaryimage"},"thumbnailUrl":"https:\/\/buletin.de\/bucuresti\/wp-content\/uploads\/WhatsApp-Image-2020-04-08-at-11.17.48.jpeg","datePublished":"2020-04-08T16:16:33+00:00","breadcrumb":{"@id":"https:\/\/buletin.de\/bucuresti\/daruieste-viata-inca-un-spital-construit-de-oana-gheorghiu-si-carmen-uscatu\/#breadcrumb"},"inLanguage":"en-GB","potentialAction":[{"@type":"ReadAction","target":["https:\/\/buletin.de\/bucuresti\/daruieste-viata-inca-un-spital-construit-de-oana-gheorghiu-si-carmen-uscatu\/"]}]},{"@type":"ImageObject","inLanguage":"en-GB","@id":"https:\/\/buletin.de\/bucuresti\/daruieste-viata-inca-un-spital-construit-de-oana-gheorghiu-si-carmen-uscatu\/#primaryimage","url":"https:\/\/buletin.de\/bucuresti\/wp-content\/uploads\/WhatsApp-Image-2020-04-08-at-11.17.48.jpeg","contentUrl":"https:\/\/buletin.de\/bucuresti\/wp-content\/uploads\/WhatsApp-Image-2020-04-08-at-11.17.48.jpeg","width":1600,"height":900},{"@type":"BreadcrumbList","@id":"https:\/\/buletin.de\/bucuresti\/daruieste-viata-inca-un-spital-construit-de-oana-gheorghiu-si-carmen-uscatu\/#breadcrumb","itemListElement":[{"@type":"ListItem","position":1,"name":"Acas\u0103","item":"https:\/\/buletin.de\/bucuresti\/"},{"@type":"ListItem","position":2,"name":"D\u0103ruie\u0219te Via\u021b\u0103 | \u00ceNC\u0102 un spital construit de Oana Gheorghiu \u0219i Carmen Uscatu"}]},{"@type":"WebSite","@id":"https:\/\/buletin.de\/bucuresti\/#website","url":"https:\/\/buletin.de\/bucuresti\/","name":"Buletin de Bucure\u0219ti","description":"\u0218tiri \u0219i investiga\u021bii esen\u021biale din capital\u0103","publisher":{"@id":"https:\/\/buletin.de\/bucuresti\/#organization"},"potentialAction":[{"@type":"SearchAction","target":{"@type":"EntryPoint","urlTemplate":"https:\/\/buletin.de\/bucuresti\/?s={search_term_string}"},"query-input":{"@type":"PropertyValueSpecification","valueRequired":true,"valueName":"search_term_string"}}],"inLanguage":"en-GB"},{"@type":"Organization","@id":"https:\/\/buletin.de\/bucuresti\/#organization","name":"Buletin de Bucure\u0219ti","url":"https:\/\/buletin.de\/bucuresti\/","logo":{"@type":"ImageObject","inLanguage":"en-GB","@id":"https:\/\/buletin.de\/bucuresti\/#\/schema\/logo\/image\/","url":"https:\/\/buletin.de\/bucuresti\/wp-content\/uploads\/logo-bdb-full-wide-vernil-transparent.png","contentUrl":"https:\/\/buletin.de\/bucuresti\/wp-content\/uploads\/logo-bdb-full-wide-vernil-transparent.png","width":1782,"height":626,"caption":"Buletin de Bucure\u0219ti"},"image":{"@id":"https:\/\/buletin.de\/bucuresti\/#\/schema\/logo\/image\/"},"sameAs":["https:\/\/www.facebook.com\/buletin.de.buc","https:\/\/www.instagram.com\/buletinde.bucuresti\/"]},{"@type":"Person","@id":"https:\/\/buletin.de\/bucuresti\/#\/schema\/person\/5272b8a057b33890940b57b837fc4ce6","name":"Ionu\u021b Lepa","image":{"@type":"ImageObject","inLanguage":"en-GB","@id":"https:\/\/buletin.de\/bucuresti\/wp-content\/uploads\/Ionut-Lepa-96x96.jpg5c4e4d9e049808799a8821652d2410a4","url":"https:\/\/buletin.de\/bucuresti\/wp-content\/uploads\/Ionut-Lepa-96x96.jpg","contentUrl":"https:\/\/buletin.de\/bucuresti\/wp-content\/uploads\/Ionut-Lepa-96x96.jpg","caption":"Ionu\u021b Lepa"},"url":"https:\/\/buletin.de\/bucuresti\/author\/ionutlepa\/"}]}},"authors":[{"term_id":22586,"user_id":8,"is_guest":0,"slug":"ionutlepa","display_name":"Ionu\u021b Lepa","avatar_url":"https:\/\/buletin.de\/bucuresti\/wp-content\/uploads\/Ionut-Lepa-96x96.jpg","0":null,"1":"","2":"","3":"","4":"","5":"","6":"","7":"","8":""}],"_links":{"self":[{"href":"https:\/\/buletin.de\/bucuresti\/wp-json\/wp\/v2\/posts\/5687","targetHints":{"allow":["GET"]}}],"collection":[{"href":"https:\/\/buletin.de\/bucuresti\/wp-json\/wp\/v2\/posts"}],"about":[{"href":"https:\/\/buletin.de\/bucuresti\/wp-json\/wp\/v2\/types\/post"}],"author":[{"embeddable":true,"href":"https:\/\/buletin.de\/bucuresti\/wp-json\/wp\/v2\/users\/8"}],"replies":[{"embeddable":true,"href":"https:\/\/buletin.de\/bucuresti\/wp-json\/wp\/v2\/comments?post=5687"}],"version-history":[{"count":3,"href":"https:\/\/buletin.de\/bucuresti\/wp-json\/wp\/v2\/posts\/5687\/revisions"}],"predecessor-version":[{"id":5694,"href":"https:\/\/buletin.de\/bucuresti\/wp-json\/wp\/v2\/posts\/5687\/revisions\/5694"}],"wp:featuredmedia":[{"embeddable":true,"href":"https:\/\/buletin.de\/bucuresti\/wp-json\/wp\/v2\/media\/5688"}],"wp:attachment":[{"href":"https:\/\/buletin.de\/bucuresti\/wp-json\/wp\/v2\/media?parent=5687"}],"wp:term":[{"taxonomy":"category","embeddable":true,"href":"https:\/\/buletin.de\/bucuresti\/wp-json\/wp\/v2\/categories?post=5687"},{"taxonomy":"post_tag","embeddable":true,"href":"https:\/\/buletin.de\/bucuresti\/wp-json\/wp\/v2\/tags?post=5687"},{"taxonomy":"author","embeddable":true,"href":"https:\/\/buletin.de\/bucuresti\/wp-json\/wp\/v2\/ppma_author?post=5687"}],"curies":[{"name":"wp","href":"https:\/\/api.w.org\/{rel}","templated":true}]}}