{"id":56827,"date":"2023-03-27T12:43:08","date_gmt":"2023-03-27T10:43:08","guid":{"rendered":"https:\/\/buletin.de\/bucuresti\/?p=56827"},"modified":"2023-03-27T12:43:09","modified_gmt":"2023-03-27T10:43:09","slug":"misiune-smurd-de-salvare-a-unui-nou-nascut-in-varsta-de-doar-o-ora","status":"publish","type":"post","link":"https:\/\/buletin.de\/bucuresti\/misiune-smurd-de-salvare-a-unui-nou-nascut-in-varsta-de-doar-o-ora\/","title":{"rendered":"Misiune SMURD de salvare a unui nou-n\u0103scut \u00een v\u00e2rst\u0103 de doar o or\u0103"},"content":{"rendered":"\n<p><strong>Un echipaj SMURD apar\u021bin\u00e2nd Inspectoratului pentru Situa\u021bii de Urgen\u021b\u0103 Bucure\u0219ti-Ilfov a fost solicitat pentru o misiune de salvare a unui nou-n\u0103scut \u00een v\u00e2rst\u0103 de doar o or\u0103, ast\u0103zi, 27 martie, la ora 12:00<\/strong>.<\/p>\n\n\n\n<p>Nou-n\u0103scutul este o feti\u021b\u0103 care sufer\u0103 de o malforma\u021bie cardiac\u0103 \u0219i este intubat\u0103. Aceasta a fost preluat\u0103 de la Spitalul Polizu de c\u0103tre Unitatea de Terapie Intensiv\u0103 Mobil\u0103 nou-n\u0103scu\u021bi \u0219i transportat\u0103 la Spitalul Grigore Alexandrescu pentru investiga\u021bii medicale de specialitate.<\/p>\n\n\n\n<figure class=\"wp-block-image size-large\"><img fetchpriority=\"high\" decoding=\"async\" width=\"900\" height=\"675\" src=\"data:image\/gif;base64,R0lGODlhAQABAAAAACH5BAEKAAEALAAAAAABAAEAAAICTAEAOw==\" data-src=\"https:\/\/buletin.de\/bucuresti\/wp-content\/uploads\/337555765_176468055238667_58785755981509121_n-1-900x675.jpg\" alt=\"\" class=\"wp-image-56829 lazyload\" data-sizes=\"auto\" data-srcset=\"https:\/\/buletin.de\/bucuresti\/wp-content\/uploads\/337555765_176468055238667_58785755981509121_n-1-900x675.jpg 900w, https:\/\/buletin.de\/bucuresti\/wp-content\/uploads\/337555765_176468055238667_58785755981509121_n-1-300x225.jpg 300w, https:\/\/buletin.de\/bucuresti\/wp-content\/uploads\/337555765_176468055238667_58785755981509121_n-1-768x576.jpg 768w, https:\/\/buletin.de\/bucuresti\/wp-content\/uploads\/337555765_176468055238667_58785755981509121_n-1-550x413.jpg 550w, https:\/\/buletin.de\/bucuresti\/wp-content\/uploads\/337555765_176468055238667_58785755981509121_n-1-667x500.jpg 667w, https:\/\/buletin.de\/bucuresti\/wp-content\/uploads\/337555765_176468055238667_58785755981509121_n-1-600x450.jpg 600w, https:\/\/buletin.de\/bucuresti\/wp-content\/uploads\/337555765_176468055238667_58785755981509121_n-1.jpg 1024w\" sizes=\"(max-width: 900px) 100vw, 900px\" \/><figcaption>Surs\u0103 foto: Facebook, Departamentul pentru Situa\u021bii de Urgen\u021b\u0103<\/figcaption><\/figure>\n\n\n\n<p>Echipajul SMURD este format dintr-un medic, un asistent \u0219i un paramedic, echip\u0103 instruit\u0103 \u0219i preg\u0103tit\u0103 s\u0103 gestioneze situa\u021bii de urgen\u021b\u0103 \u0219i s\u0103 ofere asisten\u021b\u0103 medical\u0103 de \u00eenalt\u0103 calitate \u00een timpul transportului pacientului.<\/p>\n\n\n<p><iframe src=\"https:\/\/www.facebook.com\/plugins\/post.php?href=https%3A%2F%2Fwww.facebook.com%2Fdepartamenturgente%2Fposts%2Fpfbid03666etCqSfkbhKh4UYrLpqs5PVXbX8KsgBz857ejmK6fnUzFVvusznGJrUa6BUaZwl&amp;show_text=true&amp;width=500\" width=\"500\" height=\"607\" style=\"border:none;overflow:hidden\" scrolling=\"no\" frameborder=\"0\" allowfullscreen=\"true\" allow=\"autoplay; clipboard-write; encrypted-media; picture-in-picture; web-share\"><\/iframe><\/p>\n\n\n\n<p>O alt\u0103 misiune de salvare a unui nou-n\u0103scut a avut loc pe 23 martie. Misiunea de salvare a presupus preluarea unui nou-n\u0103scut prematur, \u00een v\u00e2rst\u0103 de trei luni, de la sec\u021bia de neonatologie a Spitalului Clinic Jude\u021bean de Urgen\u021b\u0103 Constan\u021ba \u0219i transportarea, pe cale aerian\u0103, cu un elicopter SMURD al Inspectoratului General de Avia\u021bie al MAI, la Bucure\u0219ti.<\/p>\n\n\n\n<figure class=\"wp-block-image size-large\"><img decoding=\"async\" width=\"900\" height=\"405\" src=\"data:image\/gif;base64,R0lGODlhAQABAAAAACH5BAEKAAEALAAAAAABAAEAAAICTAEAOw==\" data-src=\"https:\/\/buletin.de\/bucuresti\/wp-content\/uploads\/337543426_1270923897103721_1274602512956751969_n-900x405.jpg\" alt=\"\" class=\"wp-image-56834 lazyload\" data-sizes=\"auto\" data-srcset=\"https:\/\/buletin.de\/bucuresti\/wp-content\/uploads\/337543426_1270923897103721_1274602512956751969_n-900x405.jpg 900w, https:\/\/buletin.de\/bucuresti\/wp-content\/uploads\/337543426_1270923897103721_1274602512956751969_n-300x135.jpg 300w, https:\/\/buletin.de\/bucuresti\/wp-content\/uploads\/337543426_1270923897103721_1274602512956751969_n-768x346.jpg 768w, https:\/\/buletin.de\/bucuresti\/wp-content\/uploads\/337543426_1270923897103721_1274602512956751969_n-1536x691.jpg 1536w, https:\/\/buletin.de\/bucuresti\/wp-content\/uploads\/337543426_1270923897103721_1274602512956751969_n-1060x477.jpg 1060w, https:\/\/buletin.de\/bucuresti\/wp-content\/uploads\/337543426_1270923897103721_1274602512956751969_n-550x248.jpg 550w, https:\/\/buletin.de\/bucuresti\/wp-content\/uploads\/337543426_1270923897103721_1274602512956751969_n-1111x500.jpg 1111w, https:\/\/buletin.de\/bucuresti\/wp-content\/uploads\/337543426_1270923897103721_1274602512956751969_n-600x270.jpg 600w, https:\/\/buletin.de\/bucuresti\/wp-content\/uploads\/337543426_1270923897103721_1274602512956751969_n.jpg 1600w\" sizes=\"(max-width: 900px) 100vw, 900px\" \/><figcaption>Surs\u0103 foto: Facebook, Departamentul pentru Situa\u021bii de Urgen\u021b\u0103<\/figcaption><\/figure>\n\n\n\n<p>Bebelu\u0219ul a fost preluat de Unitatea de Terapie Intensiv\u0103 Mobil\u0103 Nou-N\u0103scu\u021bi a Inspectoratului pentru Situa\u021bii de Urgen\u021b\u0103 Bucure\u0219ti-Ilfov \u00eencadrat\u0103 cu o echip\u0103 medical\u0103 format\u0103 din doi medici, asistent medical \u0219i doi paramedici-pompieri \u0219i transportat la Spitalul Clinic de Urgen\u021b\u0103 pentru copii \u201eMaria Sklodowska Curie\u201d Bucure\u0219ti pentru continuarea investiga\u021biilor medicale.<\/p>\n\n\n<p><iframe src=\"https:\/\/www.facebook.com\/plugins\/post.php?href=https%3A%2F%2Fwww.facebook.com%2Fdepartamenturgente%2Fposts%2Fpfbid035tJZYKKnQMUJSTSnCpfDuoFwDfT8WWUMioEPxv1aDZrFchyUCKyhWwrdC6JeviWbl&amp;show_text=true&amp;width=500\" width=\"500\" height=\"773\" style=\"border:none;overflow:hidden\" scrolling=\"no\" frameborder=\"0\" allowfullscreen=\"true\" allow=\"autoplay; clipboard-write; encrypted-media; picture-in-picture; web-share\"><\/iframe><\/p>\n","protected":false},"excerpt":{"rendered":"<p>Un echipaj SMURD apar\u021bin\u00e2nd Inspectoratului pentru Situa\u021bii de Urgen\u021b\u0103 Bucure\u0219ti-Ilfov a fost solicitat pentru o misiune de salvare a unui nou-n\u0103scut \u00een v\u00e2rst\u0103 de doar o or\u0103, ast\u0103zi, 27 martie, la ora 12:00. Nou-n\u0103scutul este o feti\u021b\u0103 care sufer\u0103 de o malforma\u021bie cardiac\u0103 \u0219i este intubat\u0103. Aceasta a fost preluat\u0103 de la Spitalul Polizu de [&hellip;]<\/p>\n","protected":false},"author":46,"featured_media":56828,"comment_status":"closed","ping_status":"open","sticky":false,"template":"","format":"standard","meta":{"_acf_changed":false,"inline_featured_image":false,"ngg_post_thumbnail":0,"footnotes":""},"categories":[62],"tags":[],"ppma_author":[22605],"class_list":["post-56827","post","type-post","status-publish","format-standard","has-post-thumbnail","hentry","category-stiri"],"acf":[],"yoast_head":"<!-- This site is optimized with the Yoast SEO Premium plugin v25.3 (Yoast SEO v27.5) - https:\/\/yoast.com\/product\/yoast-seo-premium-wordpress\/ -->\n<title>Misiune SMURD de salvare a unui nou-n\u0103scut \u00een v\u00e2rst\u0103 de doar o or\u0103 - Buletin de Bucure\u0219ti<\/title>\n<meta name=\"robots\" content=\"index, follow, max-snippet:-1, max-image-preview:large, max-video-preview:-1\" \/>\n<link rel=\"canonical\" href=\"https:\/\/buletin.de\/bucuresti\/misiune-smurd-de-salvare-a-unui-nou-nascut-in-varsta-de-doar-o-ora\/\" \/>\n<meta property=\"og:locale\" content=\"en_GB\" \/>\n<meta property=\"og:type\" content=\"article\" \/>\n<meta property=\"og:title\" content=\"Misiune SMURD de salvare a unui nou-n\u0103scut \u00een v\u00e2rst\u0103 de doar o or\u0103\" \/>\n<meta property=\"og:description\" content=\"Un echipaj SMURD apar\u021bin\u00e2nd Inspectoratului pentru Situa\u021bii de Urgen\u021b\u0103 Bucure\u0219ti-Ilfov a fost solicitat pentru o misiune de salvare a unui nou-n\u0103scut \u00een v\u00e2rst\u0103 de doar o or\u0103, ast\u0103zi, 27 martie, la ora 12:00. Nou-n\u0103scutul este o feti\u021b\u0103 care sufer\u0103 de o malforma\u021bie cardiac\u0103 \u0219i este intubat\u0103. Aceasta a fost preluat\u0103 de la Spitalul Polizu de [&hellip;]\" \/>\n<meta property=\"og:url\" content=\"https:\/\/buletin.de\/bucuresti\/misiune-smurd-de-salvare-a-unui-nou-nascut-in-varsta-de-doar-o-ora\/\" \/>\n<meta property=\"og:site_name\" content=\"Buletin de Bucure\u0219ti\" \/>\n<meta property=\"article:publisher\" content=\"https:\/\/www.facebook.com\/buletin.de.buc\" \/>\n<meta property=\"article:published_time\" content=\"2023-03-27T10:43:08+00:00\" \/>\n<meta property=\"article:modified_time\" content=\"2023-03-27T10:43:09+00:00\" \/>\n<meta property=\"og:image\" content=\"https:\/\/buletin.de\/bucuresti\/wp-content\/uploads\/337555765_176468055238667_58785755981509121_n.jpg\" \/>\n\t<meta property=\"og:image:width\" content=\"1024\" \/>\n\t<meta property=\"og:image:height\" content=\"768\" \/>\n\t<meta property=\"og:image:type\" content=\"image\/jpeg\" \/>\n<meta name=\"author\" content=\"Andreea Gelatu\" \/>\n<meta name=\"twitter:card\" content=\"summary_large_image\" \/>\n<meta name=\"twitter:label1\" content=\"Written by\" \/>\n\t<meta name=\"twitter:data1\" content=\"Andreea Gelatu\" \/>\n\t<meta name=\"twitter:label2\" content=\"Estimated reading time\" \/>\n\t<meta name=\"twitter:data2\" content=\"2 minutes\" \/>\n<script type=\"application\/ld+json\" class=\"yoast-schema-graph\">{\"@context\":\"https:\\\/\\\/schema.org\",\"@graph\":[{\"@type\":\"Article\",\"@id\":\"https:\\\/\\\/buletin.de\\\/bucuresti\\\/misiune-smurd-de-salvare-a-unui-nou-nascut-in-varsta-de-doar-o-ora\\\/#article\",\"isPartOf\":{\"@id\":\"https:\\\/\\\/buletin.de\\\/bucuresti\\\/misiune-smurd-de-salvare-a-unui-nou-nascut-in-varsta-de-doar-o-ora\\\/\"},\"author\":{\"name\":\"Andreea Gelatu\",\"@id\":\"https:\\\/\\\/buletin.de\\\/bucuresti\\\/#\\\/schema\\\/person\\\/87734700b2c7f8608881f7e93b8834de\"},\"headline\":\"Misiune SMURD de salvare a unui nou-n\u0103scut \u00een v\u00e2rst\u0103 de doar o or\u0103\",\"datePublished\":\"2023-03-27T10:43:08+00:00\",\"dateModified\":\"2023-03-27T10:43:09+00:00\",\"mainEntityOfPage\":{\"@id\":\"https:\\\/\\\/buletin.de\\\/bucuresti\\\/misiune-smurd-de-salvare-a-unui-nou-nascut-in-varsta-de-doar-o-ora\\\/\"},\"wordCount\":272,\"publisher\":{\"@id\":\"https:\\\/\\\/buletin.de\\\/bucuresti\\\/#organization\"},\"image\":{\"@id\":\"https:\\\/\\\/buletin.de\\\/bucuresti\\\/misiune-smurd-de-salvare-a-unui-nou-nascut-in-varsta-de-doar-o-ora\\\/#primaryimage\"},\"thumbnailUrl\":\"https:\\\/\\\/buletin.de\\\/bucuresti\\\/wp-content\\\/uploads\\\/337555765_176468055238667_58785755981509121_n.jpg\",\"articleSection\":[\"\u0218tiri\"],\"inLanguage\":\"en-GB\",\"copyrightYear\":\"2023\",\"copyrightHolder\":{\"@id\":\"https:\\\/\\\/buletin.de\\\/bucuresti\\\/#organization\"}},{\"@type\":\"WebPage\",\"@id\":\"https:\\\/\\\/buletin.de\\\/bucuresti\\\/misiune-smurd-de-salvare-a-unui-nou-nascut-in-varsta-de-doar-o-ora\\\/\",\"url\":\"https:\\\/\\\/buletin.de\\\/bucuresti\\\/misiune-smurd-de-salvare-a-unui-nou-nascut-in-varsta-de-doar-o-ora\\\/\",\"name\":\"Misiune SMURD de salvare a unui nou-n\u0103scut \u00een v\u00e2rst\u0103 de doar o or\u0103 - Buletin de Bucure\u0219ti\",\"isPartOf\":{\"@id\":\"https:\\\/\\\/buletin.de\\\/bucuresti\\\/#website\"},\"primaryImageOfPage\":{\"@id\":\"https:\\\/\\\/buletin.de\\\/bucuresti\\\/misiune-smurd-de-salvare-a-unui-nou-nascut-in-varsta-de-doar-o-ora\\\/#primaryimage\"},\"image\":{\"@id\":\"https:\\\/\\\/buletin.de\\\/bucuresti\\\/misiune-smurd-de-salvare-a-unui-nou-nascut-in-varsta-de-doar-o-ora\\\/#primaryimage\"},\"thumbnailUrl\":\"https:\\\/\\\/buletin.de\\\/bucuresti\\\/wp-content\\\/uploads\\\/337555765_176468055238667_58785755981509121_n.jpg\",\"datePublished\":\"2023-03-27T10:43:08+00:00\",\"dateModified\":\"2023-03-27T10:43:09+00:00\",\"breadcrumb\":{\"@id\":\"https:\\\/\\\/buletin.de\\\/bucuresti\\\/misiune-smurd-de-salvare-a-unui-nou-nascut-in-varsta-de-doar-o-ora\\\/#breadcrumb\"},\"inLanguage\":\"en-GB\",\"potentialAction\":[{\"@type\":\"ReadAction\",\"target\":[\"https:\\\/\\\/buletin.de\\\/bucuresti\\\/misiune-smurd-de-salvare-a-unui-nou-nascut-in-varsta-de-doar-o-ora\\\/\"]}]},{\"@type\":\"ImageObject\",\"inLanguage\":\"en-GB\",\"@id\":\"https:\\\/\\\/buletin.de\\\/bucuresti\\\/misiune-smurd-de-salvare-a-unui-nou-nascut-in-varsta-de-doar-o-ora\\\/#primaryimage\",\"url\":\"https:\\\/\\\/buletin.de\\\/bucuresti\\\/wp-content\\\/uploads\\\/337555765_176468055238667_58785755981509121_n.jpg\",\"contentUrl\":\"https:\\\/\\\/buletin.de\\\/bucuresti\\\/wp-content\\\/uploads\\\/337555765_176468055238667_58785755981509121_n.jpg\",\"width\":1024,\"height\":768},{\"@type\":\"BreadcrumbList\",\"@id\":\"https:\\\/\\\/buletin.de\\\/bucuresti\\\/misiune-smurd-de-salvare-a-unui-nou-nascut-in-varsta-de-doar-o-ora\\\/#breadcrumb\",\"itemListElement\":[{\"@type\":\"ListItem\",\"position\":1,\"name\":\"Acas\u0103\",\"item\":\"https:\\\/\\\/buletin.de\\\/bucuresti\\\/\"},{\"@type\":\"ListItem\",\"position\":2,\"name\":\"Misiune SMURD de salvare a unui nou-n\u0103scut \u00een v\u00e2rst\u0103 de doar o or\u0103\"}]},{\"@type\":\"WebSite\",\"@id\":\"https:\\\/\\\/buletin.de\\\/bucuresti\\\/#website\",\"url\":\"https:\\\/\\\/buletin.de\\\/bucuresti\\\/\",\"name\":\"Buletin de Bucure\u0219ti\",\"description\":\"\u0218tiri \u0219i investiga\u021bii esen\u021biale din capital\u0103\",\"publisher\":{\"@id\":\"https:\\\/\\\/buletin.de\\\/bucuresti\\\/#organization\"},\"potentialAction\":[{\"@type\":\"SearchAction\",\"target\":{\"@type\":\"EntryPoint\",\"urlTemplate\":\"https:\\\/\\\/buletin.de\\\/bucuresti\\\/?s={search_term_string}\"},\"query-input\":{\"@type\":\"PropertyValueSpecification\",\"valueRequired\":true,\"valueName\":\"search_term_string\"}}],\"inLanguage\":\"en-GB\"},{\"@type\":\"Organization\",\"@id\":\"https:\\\/\\\/buletin.de\\\/bucuresti\\\/#organization\",\"name\":\"Buletin de Bucure\u0219ti\",\"url\":\"https:\\\/\\\/buletin.de\\\/bucuresti\\\/\",\"logo\":{\"@type\":\"ImageObject\",\"inLanguage\":\"en-GB\",\"@id\":\"https:\\\/\\\/buletin.de\\\/bucuresti\\\/#\\\/schema\\\/logo\\\/image\\\/\",\"url\":\"https:\\\/\\\/buletin.de\\\/bucuresti\\\/wp-content\\\/uploads\\\/logo-bdb-full-wide-vernil-transparent.png\",\"contentUrl\":\"https:\\\/\\\/buletin.de\\\/bucuresti\\\/wp-content\\\/uploads\\\/logo-bdb-full-wide-vernil-transparent.png\",\"width\":1782,\"height\":626,\"caption\":\"Buletin de Bucure\u0219ti\"},\"image\":{\"@id\":\"https:\\\/\\\/buletin.de\\\/bucuresti\\\/#\\\/schema\\\/logo\\\/image\\\/\"},\"sameAs\":[\"https:\\\/\\\/www.facebook.com\\\/buletin.de.buc\",\"https:\\\/\\\/www.instagram.com\\\/buletinde.bucuresti\\\/\"]},{\"@type\":\"Person\",\"@id\":\"https:\\\/\\\/buletin.de\\\/bucuresti\\\/#\\\/schema\\\/person\\\/87734700b2c7f8608881f7e93b8834de\",\"name\":\"Andreea Gelatu\",\"image\":{\"@type\":\"ImageObject\",\"inLanguage\":\"en-GB\",\"@id\":\"https:\\\/\\\/secure.gravatar.com\\\/avatar\\\/b716eca2f984b9b65bdd87118b4b909d940b619cbe6e8cb725fe11c1b1f4194f?s=96&d=monsterid&r=g9b5eff4996c6b842a29b3057a7b4746f\",\"url\":\"https:\\\/\\\/secure.gravatar.com\\\/avatar\\\/b716eca2f984b9b65bdd87118b4b909d940b619cbe6e8cb725fe11c1b1f4194f?s=96&d=monsterid&r=g\",\"contentUrl\":\"https:\\\/\\\/secure.gravatar.com\\\/avatar\\\/b716eca2f984b9b65bdd87118b4b909d940b619cbe6e8cb725fe11c1b1f4194f?s=96&d=monsterid&r=g\",\"caption\":\"Andreea Gelatu\"},\"url\":\"https:\\\/\\\/buletin.de\\\/bucuresti\\\/author\\\/andreeagelatu\\\/\"}]}<\/script>\n<!-- \/ Yoast SEO Premium plugin. -->","yoast_head_json":{"title":"Misiune SMURD de salvare a unui nou-n\u0103scut \u00een v\u00e2rst\u0103 de doar o or\u0103 - Buletin de Bucure\u0219ti","robots":{"index":"index","follow":"follow","max-snippet":"max-snippet:-1","max-image-preview":"max-image-preview:large","max-video-preview":"max-video-preview:-1"},"canonical":"https:\/\/buletin.de\/bucuresti\/misiune-smurd-de-salvare-a-unui-nou-nascut-in-varsta-de-doar-o-ora\/","og_locale":"en_GB","og_type":"article","og_title":"Misiune SMURD de salvare a unui nou-n\u0103scut \u00een v\u00e2rst\u0103 de doar o or\u0103","og_description":"Un echipaj SMURD apar\u021bin\u00e2nd Inspectoratului pentru Situa\u021bii de Urgen\u021b\u0103 Bucure\u0219ti-Ilfov a fost solicitat pentru o misiune de salvare a unui nou-n\u0103scut \u00een v\u00e2rst\u0103 de doar o or\u0103, ast\u0103zi, 27 martie, la ora 12:00. Nou-n\u0103scutul este o feti\u021b\u0103 care sufer\u0103 de o malforma\u021bie cardiac\u0103 \u0219i este intubat\u0103. Aceasta a fost preluat\u0103 de la Spitalul Polizu de [&hellip;]","og_url":"https:\/\/buletin.de\/bucuresti\/misiune-smurd-de-salvare-a-unui-nou-nascut-in-varsta-de-doar-o-ora\/","og_site_name":"Buletin de Bucure\u0219ti","article_publisher":"https:\/\/www.facebook.com\/buletin.de.buc","article_published_time":"2023-03-27T10:43:08+00:00","article_modified_time":"2023-03-27T10:43:09+00:00","og_image":[{"width":1024,"height":768,"url":"https:\/\/buletin.de\/bucuresti\/wp-content\/uploads\/337555765_176468055238667_58785755981509121_n.jpg","type":"image\/jpeg"}],"author":"Andreea Gelatu","twitter_card":"summary_large_image","twitter_misc":{"Written by":"Andreea Gelatu","Estimated reading time":"2 minutes"},"schema":{"@context":"https:\/\/schema.org","@graph":[{"@type":"Article","@id":"https:\/\/buletin.de\/bucuresti\/misiune-smurd-de-salvare-a-unui-nou-nascut-in-varsta-de-doar-o-ora\/#article","isPartOf":{"@id":"https:\/\/buletin.de\/bucuresti\/misiune-smurd-de-salvare-a-unui-nou-nascut-in-varsta-de-doar-o-ora\/"},"author":{"name":"Andreea Gelatu","@id":"https:\/\/buletin.de\/bucuresti\/#\/schema\/person\/87734700b2c7f8608881f7e93b8834de"},"headline":"Misiune SMURD de salvare a unui nou-n\u0103scut \u00een v\u00e2rst\u0103 de doar o or\u0103","datePublished":"2023-03-27T10:43:08+00:00","dateModified":"2023-03-27T10:43:09+00:00","mainEntityOfPage":{"@id":"https:\/\/buletin.de\/bucuresti\/misiune-smurd-de-salvare-a-unui-nou-nascut-in-varsta-de-doar-o-ora\/"},"wordCount":272,"publisher":{"@id":"https:\/\/buletin.de\/bucuresti\/#organization"},"image":{"@id":"https:\/\/buletin.de\/bucuresti\/misiune-smurd-de-salvare-a-unui-nou-nascut-in-varsta-de-doar-o-ora\/#primaryimage"},"thumbnailUrl":"https:\/\/buletin.de\/bucuresti\/wp-content\/uploads\/337555765_176468055238667_58785755981509121_n.jpg","articleSection":["\u0218tiri"],"inLanguage":"en-GB","copyrightYear":"2023","copyrightHolder":{"@id":"https:\/\/buletin.de\/bucuresti\/#organization"}},{"@type":"WebPage","@id":"https:\/\/buletin.de\/bucuresti\/misiune-smurd-de-salvare-a-unui-nou-nascut-in-varsta-de-doar-o-ora\/","url":"https:\/\/buletin.de\/bucuresti\/misiune-smurd-de-salvare-a-unui-nou-nascut-in-varsta-de-doar-o-ora\/","name":"Misiune SMURD de salvare a unui nou-n\u0103scut \u00een v\u00e2rst\u0103 de doar o or\u0103 - Buletin de Bucure\u0219ti","isPartOf":{"@id":"https:\/\/buletin.de\/bucuresti\/#website"},"primaryImageOfPage":{"@id":"https:\/\/buletin.de\/bucuresti\/misiune-smurd-de-salvare-a-unui-nou-nascut-in-varsta-de-doar-o-ora\/#primaryimage"},"image":{"@id":"https:\/\/buletin.de\/bucuresti\/misiune-smurd-de-salvare-a-unui-nou-nascut-in-varsta-de-doar-o-ora\/#primaryimage"},"thumbnailUrl":"https:\/\/buletin.de\/bucuresti\/wp-content\/uploads\/337555765_176468055238667_58785755981509121_n.jpg","datePublished":"2023-03-27T10:43:08+00:00","dateModified":"2023-03-27T10:43:09+00:00","breadcrumb":{"@id":"https:\/\/buletin.de\/bucuresti\/misiune-smurd-de-salvare-a-unui-nou-nascut-in-varsta-de-doar-o-ora\/#breadcrumb"},"inLanguage":"en-GB","potentialAction":[{"@type":"ReadAction","target":["https:\/\/buletin.de\/bucuresti\/misiune-smurd-de-salvare-a-unui-nou-nascut-in-varsta-de-doar-o-ora\/"]}]},{"@type":"ImageObject","inLanguage":"en-GB","@id":"https:\/\/buletin.de\/bucuresti\/misiune-smurd-de-salvare-a-unui-nou-nascut-in-varsta-de-doar-o-ora\/#primaryimage","url":"https:\/\/buletin.de\/bucuresti\/wp-content\/uploads\/337555765_176468055238667_58785755981509121_n.jpg","contentUrl":"https:\/\/buletin.de\/bucuresti\/wp-content\/uploads\/337555765_176468055238667_58785755981509121_n.jpg","width":1024,"height":768},{"@type":"BreadcrumbList","@id":"https:\/\/buletin.de\/bucuresti\/misiune-smurd-de-salvare-a-unui-nou-nascut-in-varsta-de-doar-o-ora\/#breadcrumb","itemListElement":[{"@type":"ListItem","position":1,"name":"Acas\u0103","item":"https:\/\/buletin.de\/bucuresti\/"},{"@type":"ListItem","position":2,"name":"Misiune SMURD de salvare a unui nou-n\u0103scut \u00een v\u00e2rst\u0103 de doar o or\u0103"}]},{"@type":"WebSite","@id":"https:\/\/buletin.de\/bucuresti\/#website","url":"https:\/\/buletin.de\/bucuresti\/","name":"Buletin de Bucure\u0219ti","description":"\u0218tiri \u0219i investiga\u021bii esen\u021biale din capital\u0103","publisher":{"@id":"https:\/\/buletin.de\/bucuresti\/#organization"},"potentialAction":[{"@type":"SearchAction","target":{"@type":"EntryPoint","urlTemplate":"https:\/\/buletin.de\/bucuresti\/?s={search_term_string}"},"query-input":{"@type":"PropertyValueSpecification","valueRequired":true,"valueName":"search_term_string"}}],"inLanguage":"en-GB"},{"@type":"Organization","@id":"https:\/\/buletin.de\/bucuresti\/#organization","name":"Buletin de Bucure\u0219ti","url":"https:\/\/buletin.de\/bucuresti\/","logo":{"@type":"ImageObject","inLanguage":"en-GB","@id":"https:\/\/buletin.de\/bucuresti\/#\/schema\/logo\/image\/","url":"https:\/\/buletin.de\/bucuresti\/wp-content\/uploads\/logo-bdb-full-wide-vernil-transparent.png","contentUrl":"https:\/\/buletin.de\/bucuresti\/wp-content\/uploads\/logo-bdb-full-wide-vernil-transparent.png","width":1782,"height":626,"caption":"Buletin de Bucure\u0219ti"},"image":{"@id":"https:\/\/buletin.de\/bucuresti\/#\/schema\/logo\/image\/"},"sameAs":["https:\/\/www.facebook.com\/buletin.de.buc","https:\/\/www.instagram.com\/buletinde.bucuresti\/"]},{"@type":"Person","@id":"https:\/\/buletin.de\/bucuresti\/#\/schema\/person\/87734700b2c7f8608881f7e93b8834de","name":"Andreea Gelatu","image":{"@type":"ImageObject","inLanguage":"en-GB","@id":"https:\/\/secure.gravatar.com\/avatar\/b716eca2f984b9b65bdd87118b4b909d940b619cbe6e8cb725fe11c1b1f4194f?s=96&d=monsterid&r=g9b5eff4996c6b842a29b3057a7b4746f","url":"https:\/\/secure.gravatar.com\/avatar\/b716eca2f984b9b65bdd87118b4b909d940b619cbe6e8cb725fe11c1b1f4194f?s=96&d=monsterid&r=g","contentUrl":"https:\/\/secure.gravatar.com\/avatar\/b716eca2f984b9b65bdd87118b4b909d940b619cbe6e8cb725fe11c1b1f4194f?s=96&d=monsterid&r=g","caption":"Andreea Gelatu"},"url":"https:\/\/buletin.de\/bucuresti\/author\/andreeagelatu\/"}]}},"authors":[{"term_id":22605,"user_id":46,"is_guest":0,"slug":"andreeagelatu","display_name":"Andreea Gelatu","avatar_url":"https:\/\/secure.gravatar.com\/avatar\/b716eca2f984b9b65bdd87118b4b909d940b619cbe6e8cb725fe11c1b1f4194f?s=96&d=monsterid&r=g","0":null,"1":"","2":"","3":"","4":"","5":"","6":"","7":"","8":""}],"_links":{"self":[{"href":"https:\/\/buletin.de\/bucuresti\/wp-json\/wp\/v2\/posts\/56827","targetHints":{"allow":["GET"]}}],"collection":[{"href":"https:\/\/buletin.de\/bucuresti\/wp-json\/wp\/v2\/posts"}],"about":[{"href":"https:\/\/buletin.de\/bucuresti\/wp-json\/wp\/v2\/types\/post"}],"author":[{"embeddable":true,"href":"https:\/\/buletin.de\/bucuresti\/wp-json\/wp\/v2\/users\/46"}],"replies":[{"embeddable":true,"href":"https:\/\/buletin.de\/bucuresti\/wp-json\/wp\/v2\/comments?post=56827"}],"version-history":[{"count":4,"href":"https:\/\/buletin.de\/bucuresti\/wp-json\/wp\/v2\/posts\/56827\/revisions"}],"predecessor-version":[{"id":56837,"href":"https:\/\/buletin.de\/bucuresti\/wp-json\/wp\/v2\/posts\/56827\/revisions\/56837"}],"wp:featuredmedia":[{"embeddable":true,"href":"https:\/\/buletin.de\/bucuresti\/wp-json\/wp\/v2\/media\/56828"}],"wp:attachment":[{"href":"https:\/\/buletin.de\/bucuresti\/wp-json\/wp\/v2\/media?parent=56827"}],"wp:term":[{"taxonomy":"category","embeddable":true,"href":"https:\/\/buletin.de\/bucuresti\/wp-json\/wp\/v2\/categories?post=56827"},{"taxonomy":"post_tag","embeddable":true,"href":"https:\/\/buletin.de\/bucuresti\/wp-json\/wp\/v2\/tags?post=56827"},{"taxonomy":"author","embeddable":true,"href":"https:\/\/buletin.de\/bucuresti\/wp-json\/wp\/v2\/ppma_author?post=56827"}],"curies":[{"name":"wp","href":"https:\/\/api.w.org\/{rel}","templated":true}]}}