{"id":56805,"date":"2023-03-27T10:18:21","date_gmt":"2023-03-27T08:18:21","guid":{"rendered":"https:\/\/buletin.de\/bucuresti\/?p=56805"},"modified":"2023-03-27T10:23:25","modified_gmt":"2023-03-27T08:23:25","slug":"modificari-de-trasee-stb-pentru-meciul-de-fotbal-romania-belarus-maine-28-martie","status":"publish","type":"post","link":"https:\/\/buletin.de\/bucuresti\/modificari-de-trasee-stb-pentru-meciul-de-fotbal-romania-belarus-maine-28-martie\/","title":{"rendered":"Modific\u0103ri de trasee STB pentru meciul de fotbal Rom\u00e2nia &#8211; Belarus, m\u00e2ine, 28 martie"},"content":{"rendered":"\n<p><strong>Liniile STB 86, 90 \u0218I 143 vor circula pe trasee modificate, \u00een zona Arena Na\u021bional\u0103, m\u00e2ine, 28 martie, cu ocazia desf\u0103\u0219ur\u0103rii meciului de fotbal Rom\u00e2nia &#8211; Belarus din preliminariile EURO 2024. <\/strong><\/p>\n\n\n\n<p>Meciul de fotbal dintre cele dou\u0103 echipe va \u00eencepe la ora 21:45.<\/p>\n\n\n\n<figure class=\"wp-block-image size-large\"><img fetchpriority=\"high\" decoding=\"async\" width=\"900\" height=\"679\" src=\"data:image\/gif;base64,R0lGODlhAQABAAAAACH5BAEKAAEALAAAAAABAAEAAAICTAEAOw==\" data-src=\"https:\/\/buletin.de\/bucuresti\/wp-content\/uploads\/336722228_1176202133091214_4050779414920324279_n-1-900x679.jpg\" alt=\"\" class=\"wp-image-56807 lazyload\" data-sizes=\"auto\" data-srcset=\"https:\/\/buletin.de\/bucuresti\/wp-content\/uploads\/336722228_1176202133091214_4050779414920324279_n-1-900x679.jpg 900w, https:\/\/buletin.de\/bucuresti\/wp-content\/uploads\/336722228_1176202133091214_4050779414920324279_n-1-300x226.jpg 300w, https:\/\/buletin.de\/bucuresti\/wp-content\/uploads\/336722228_1176202133091214_4050779414920324279_n-1-768x579.jpg 768w, https:\/\/buletin.de\/bucuresti\/wp-content\/uploads\/336722228_1176202133091214_4050779414920324279_n-1-1060x799.jpg 1060w, https:\/\/buletin.de\/bucuresti\/wp-content\/uploads\/336722228_1176202133091214_4050779414920324279_n-1-550x415.jpg 550w, https:\/\/buletin.de\/bucuresti\/wp-content\/uploads\/336722228_1176202133091214_4050779414920324279_n-1-663x500.jpg 663w, https:\/\/buletin.de\/bucuresti\/wp-content\/uploads\/336722228_1176202133091214_4050779414920324279_n-1-600x452.jpg 600w, https:\/\/buletin.de\/bucuresti\/wp-content\/uploads\/336722228_1176202133091214_4050779414920324279_n-1.jpg 1146w\" sizes=\"(max-width: 900px) 100vw, 900px\" \/><figcaption>Surs\u0103 foto: Facebook, STB<\/figcaption><\/figure>\n\n\n\n<p>Circula\u021bia rutier\u0103 va fi restric\u021bionat\u0103, \u00eencep\u00e2nd cu ora 15.00, m\u00e2ine, 28 martie, \u00een Capital\u0103, pe Bd. Pierre de Coubertin, pe tronsonul cuprins \u00eentre Str. Vatra Luminoas\u00e3 \u0219i rondul de la intrarea \u00een stadionul Arena Na\u021bional\u0103, av\u00e2nd \u00een vedere desf\u0103\u0219urarea meciului de fotbal Rom\u00e2nia \u2013 Belarus din preliminariile EURO 2024.  <\/p>\n\n\n\n<p><strong>Liniile<\/strong>&nbsp;<strong>STB 86<\/strong>,&nbsp;<strong>90<\/strong>&nbsp;\u0219i&nbsp;<strong>143<\/strong>&nbsp;vor circula pe trasee modificate, sub coordonarea agen\u021bilor de la Brigada Rutier\u0103 p\u00e2n\u0103 la ridicarea restric\u021biilor de circula\u021bie, astfel:<\/p>\n\n\n\n<p><strong>Linia de troleibuz 86<\/strong>&nbsp;va func\u021biona pe traseul de baz\u0103 \u00eentre terminalul \u201eDridu\u201d \u0219i intersec\u021bia Str. Vatra Luminoas\u0103\/Str. Tony Bulandra, apoi pe un traseu modificat pe ambele sensuri, pe Str. Tony Bulandra, p\u00e2n\u0103 la Depoul Vatra Luminoas\u0103.<\/p>\n\n\n\n<p><strong>Linia de troleibuz 90<\/strong>&nbsp;va func\u021biona pe traseul de baz\u0103 \u00eentre terminalul \u201eMircea Vulc\u0103nescu\u201d \u0219i intersec\u021bia Str. Vatra Luminoas\u0103\/Str. Tony Bulandra, apoi pe un traseu modificat pe ambele sensuri, pe Str. Tony Bulandra, p\u00e2n\u0103 la Depoul Vatra Luminoas\u0103.<\/p>\n\n\n\n<p><strong>Linia de autobuz 143<\/strong>&nbsp;va func\u021biona pe traseul de baz\u0103 \u00eentre terminalul \u201eBucur Obor\u201d \u0219i intersec\u021bia Bd. Pierre de Coubertin\/Str. Vatra Luminoas\u0103, apoi pe un traseu modificat, pe Str. Vatra Luminoas\u0103, Str. Tony Bulandra, p\u00e2n\u0103 la Depoul Vatra Luminoas\u0103.<\/p>\n","protected":false},"excerpt":{"rendered":"<p>Liniile STB 86, 90 \u0218I 143 vor circula pe trasee modificate, \u00een zona Arena Na\u021bional\u0103, m\u00e2ine, 28 martie, cu ocazia desf\u0103\u0219ur\u0103rii meciului de fotbal Rom\u00e2nia &#8211; Belarus din preliminariile EURO 2024. Meciul de fotbal dintre cele dou\u0103 echipe va \u00eencepe la ora 21:45. Circula\u021bia rutier\u0103 va fi restric\u021bionat\u0103, \u00eencep\u00e2nd cu ora 15.00, m\u00e2ine, 28 martie, [&hellip;]<\/p>\n","protected":false},"author":46,"featured_media":56806,"comment_status":"closed","ping_status":"open","sticky":false,"template":"","format":"standard","meta":{"_acf_changed":false,"inline_featured_image":false,"ngg_post_thumbnail":0,"footnotes":""},"categories":[62,650],"tags":[],"ppma_author":[22605],"class_list":["post-56805","post","type-post","status-publish","format-standard","has-post-thumbnail","hentry","category-stiri","category-transport"],"acf":[],"yoast_head":"<!-- This site is optimized with the Yoast SEO Premium plugin v25.3 (Yoast SEO v27.5) - https:\/\/yoast.com\/product\/yoast-seo-premium-wordpress\/ -->\n<title>Modific\u0103ri de trasee STB pentru meciul de fotbal Rom\u00e2nia - Belarus, m\u00e2ine, 28 martie - Buletin de Bucure\u0219ti<\/title>\n<meta name=\"robots\" content=\"index, follow, max-snippet:-1, max-image-preview:large, max-video-preview:-1\" \/>\n<link rel=\"canonical\" href=\"https:\/\/buletin.de\/bucuresti\/modificari-de-trasee-stb-pentru-meciul-de-fotbal-romania-belarus-maine-28-martie\/\" \/>\n<meta property=\"og:locale\" content=\"en_GB\" \/>\n<meta property=\"og:type\" content=\"article\" \/>\n<meta property=\"og:title\" content=\"Modific\u0103ri de trasee STB pentru meciul de fotbal Rom\u00e2nia - Belarus, m\u00e2ine, 28 martie\" \/>\n<meta property=\"og:description\" content=\"Liniile STB 86, 90 \u0218I 143 vor circula pe trasee modificate, \u00een zona Arena Na\u021bional\u0103, m\u00e2ine, 28 martie, cu ocazia desf\u0103\u0219ur\u0103rii meciului de fotbal Rom\u00e2nia &#8211; Belarus din preliminariile EURO 2024. Meciul de fotbal dintre cele dou\u0103 echipe va \u00eencepe la ora 21:45. Circula\u021bia rutier\u0103 va fi restric\u021bionat\u0103, \u00eencep\u00e2nd cu ora 15.00, m\u00e2ine, 28 martie, [&hellip;]\" \/>\n<meta property=\"og:url\" content=\"https:\/\/buletin.de\/bucuresti\/modificari-de-trasee-stb-pentru-meciul-de-fotbal-romania-belarus-maine-28-martie\/\" \/>\n<meta property=\"og:site_name\" content=\"Buletin de Bucure\u0219ti\" \/>\n<meta property=\"article:publisher\" content=\"https:\/\/www.facebook.com\/buletin.de.buc\" \/>\n<meta property=\"article:published_time\" content=\"2023-03-27T08:18:21+00:00\" \/>\n<meta property=\"article:modified_time\" content=\"2023-03-27T08:23:25+00:00\" \/>\n<meta property=\"og:image\" content=\"https:\/\/buletin.de\/bucuresti\/wp-content\/uploads\/336722228_1176202133091214_4050779414920324279_n.jpg\" \/>\n\t<meta property=\"og:image:width\" content=\"1146\" \/>\n\t<meta property=\"og:image:height\" content=\"864\" \/>\n\t<meta property=\"og:image:type\" content=\"image\/jpeg\" \/>\n<meta name=\"author\" content=\"Andreea Gelatu\" \/>\n<meta name=\"twitter:card\" content=\"summary_large_image\" \/>\n<meta name=\"twitter:label1\" content=\"Written by\" \/>\n\t<meta name=\"twitter:data1\" content=\"Andreea Gelatu\" \/>\n\t<meta name=\"twitter:label2\" content=\"Estimated reading time\" \/>\n\t<meta name=\"twitter:data2\" content=\"2 minutes\" \/>\n<script type=\"application\/ld+json\" class=\"yoast-schema-graph\">{\"@context\":\"https:\\\/\\\/schema.org\",\"@graph\":[{\"@type\":\"Article\",\"@id\":\"https:\\\/\\\/buletin.de\\\/bucuresti\\\/modificari-de-trasee-stb-pentru-meciul-de-fotbal-romania-belarus-maine-28-martie\\\/#article\",\"isPartOf\":{\"@id\":\"https:\\\/\\\/buletin.de\\\/bucuresti\\\/modificari-de-trasee-stb-pentru-meciul-de-fotbal-romania-belarus-maine-28-martie\\\/\"},\"author\":{\"name\":\"Andreea Gelatu\",\"@id\":\"https:\\\/\\\/buletin.de\\\/bucuresti\\\/#\\\/schema\\\/person\\\/87734700b2c7f8608881f7e93b8834de\"},\"headline\":\"Modific\u0103ri de trasee STB pentru meciul de fotbal Rom\u00e2nia &#8211; Belarus, m\u00e2ine, 28 martie\",\"datePublished\":\"2023-03-27T08:18:21+00:00\",\"dateModified\":\"2023-03-27T08:23:25+00:00\",\"mainEntityOfPage\":{\"@id\":\"https:\\\/\\\/buletin.de\\\/bucuresti\\\/modificari-de-trasee-stb-pentru-meciul-de-fotbal-romania-belarus-maine-28-martie\\\/\"},\"wordCount\":273,\"publisher\":{\"@id\":\"https:\\\/\\\/buletin.de\\\/bucuresti\\\/#organization\"},\"image\":{\"@id\":\"https:\\\/\\\/buletin.de\\\/bucuresti\\\/modificari-de-trasee-stb-pentru-meciul-de-fotbal-romania-belarus-maine-28-martie\\\/#primaryimage\"},\"thumbnailUrl\":\"https:\\\/\\\/buletin.de\\\/bucuresti\\\/wp-content\\\/uploads\\\/336722228_1176202133091214_4050779414920324279_n.jpg\",\"articleSection\":[\"\u0218tiri\",\"Transport\"],\"inLanguage\":\"en-GB\",\"copyrightYear\":\"2023\",\"copyrightHolder\":{\"@id\":\"https:\\\/\\\/buletin.de\\\/bucuresti\\\/#organization\"}},{\"@type\":\"WebPage\",\"@id\":\"https:\\\/\\\/buletin.de\\\/bucuresti\\\/modificari-de-trasee-stb-pentru-meciul-de-fotbal-romania-belarus-maine-28-martie\\\/\",\"url\":\"https:\\\/\\\/buletin.de\\\/bucuresti\\\/modificari-de-trasee-stb-pentru-meciul-de-fotbal-romania-belarus-maine-28-martie\\\/\",\"name\":\"Modific\u0103ri de trasee STB pentru meciul de fotbal Rom\u00e2nia - Belarus, m\u00e2ine, 28 martie - Buletin de Bucure\u0219ti\",\"isPartOf\":{\"@id\":\"https:\\\/\\\/buletin.de\\\/bucuresti\\\/#website\"},\"primaryImageOfPage\":{\"@id\":\"https:\\\/\\\/buletin.de\\\/bucuresti\\\/modificari-de-trasee-stb-pentru-meciul-de-fotbal-romania-belarus-maine-28-martie\\\/#primaryimage\"},\"image\":{\"@id\":\"https:\\\/\\\/buletin.de\\\/bucuresti\\\/modificari-de-trasee-stb-pentru-meciul-de-fotbal-romania-belarus-maine-28-martie\\\/#primaryimage\"},\"thumbnailUrl\":\"https:\\\/\\\/buletin.de\\\/bucuresti\\\/wp-content\\\/uploads\\\/336722228_1176202133091214_4050779414920324279_n.jpg\",\"datePublished\":\"2023-03-27T08:18:21+00:00\",\"dateModified\":\"2023-03-27T08:23:25+00:00\",\"breadcrumb\":{\"@id\":\"https:\\\/\\\/buletin.de\\\/bucuresti\\\/modificari-de-trasee-stb-pentru-meciul-de-fotbal-romania-belarus-maine-28-martie\\\/#breadcrumb\"},\"inLanguage\":\"en-GB\",\"potentialAction\":[{\"@type\":\"ReadAction\",\"target\":[\"https:\\\/\\\/buletin.de\\\/bucuresti\\\/modificari-de-trasee-stb-pentru-meciul-de-fotbal-romania-belarus-maine-28-martie\\\/\"]}]},{\"@type\":\"ImageObject\",\"inLanguage\":\"en-GB\",\"@id\":\"https:\\\/\\\/buletin.de\\\/bucuresti\\\/modificari-de-trasee-stb-pentru-meciul-de-fotbal-romania-belarus-maine-28-martie\\\/#primaryimage\",\"url\":\"https:\\\/\\\/buletin.de\\\/bucuresti\\\/wp-content\\\/uploads\\\/336722228_1176202133091214_4050779414920324279_n.jpg\",\"contentUrl\":\"https:\\\/\\\/buletin.de\\\/bucuresti\\\/wp-content\\\/uploads\\\/336722228_1176202133091214_4050779414920324279_n.jpg\",\"width\":1146,\"height\":864},{\"@type\":\"BreadcrumbList\",\"@id\":\"https:\\\/\\\/buletin.de\\\/bucuresti\\\/modificari-de-trasee-stb-pentru-meciul-de-fotbal-romania-belarus-maine-28-martie\\\/#breadcrumb\",\"itemListElement\":[{\"@type\":\"ListItem\",\"position\":1,\"name\":\"Acas\u0103\",\"item\":\"https:\\\/\\\/buletin.de\\\/bucuresti\\\/\"},{\"@type\":\"ListItem\",\"position\":2,\"name\":\"Modific\u0103ri de trasee STB pentru meciul de fotbal Rom\u00e2nia &#8211; Belarus, m\u00e2ine, 28 martie\"}]},{\"@type\":\"WebSite\",\"@id\":\"https:\\\/\\\/buletin.de\\\/bucuresti\\\/#website\",\"url\":\"https:\\\/\\\/buletin.de\\\/bucuresti\\\/\",\"name\":\"Buletin de Bucure\u0219ti\",\"description\":\"\u0218tiri \u0219i investiga\u021bii esen\u021biale din capital\u0103\",\"publisher\":{\"@id\":\"https:\\\/\\\/buletin.de\\\/bucuresti\\\/#organization\"},\"potentialAction\":[{\"@type\":\"SearchAction\",\"target\":{\"@type\":\"EntryPoint\",\"urlTemplate\":\"https:\\\/\\\/buletin.de\\\/bucuresti\\\/?s={search_term_string}\"},\"query-input\":{\"@type\":\"PropertyValueSpecification\",\"valueRequired\":true,\"valueName\":\"search_term_string\"}}],\"inLanguage\":\"en-GB\"},{\"@type\":\"Organization\",\"@id\":\"https:\\\/\\\/buletin.de\\\/bucuresti\\\/#organization\",\"name\":\"Buletin de Bucure\u0219ti\",\"url\":\"https:\\\/\\\/buletin.de\\\/bucuresti\\\/\",\"logo\":{\"@type\":\"ImageObject\",\"inLanguage\":\"en-GB\",\"@id\":\"https:\\\/\\\/buletin.de\\\/bucuresti\\\/#\\\/schema\\\/logo\\\/image\\\/\",\"url\":\"https:\\\/\\\/buletin.de\\\/bucuresti\\\/wp-content\\\/uploads\\\/logo-bdb-full-wide-vernil-transparent.png\",\"contentUrl\":\"https:\\\/\\\/buletin.de\\\/bucuresti\\\/wp-content\\\/uploads\\\/logo-bdb-full-wide-vernil-transparent.png\",\"width\":1782,\"height\":626,\"caption\":\"Buletin de Bucure\u0219ti\"},\"image\":{\"@id\":\"https:\\\/\\\/buletin.de\\\/bucuresti\\\/#\\\/schema\\\/logo\\\/image\\\/\"},\"sameAs\":[\"https:\\\/\\\/www.facebook.com\\\/buletin.de.buc\",\"https:\\\/\\\/www.instagram.com\\\/buletinde.bucuresti\\\/\"]},{\"@type\":\"Person\",\"@id\":\"https:\\\/\\\/buletin.de\\\/bucuresti\\\/#\\\/schema\\\/person\\\/87734700b2c7f8608881f7e93b8834de\",\"name\":\"Andreea Gelatu\",\"image\":{\"@type\":\"ImageObject\",\"inLanguage\":\"en-GB\",\"@id\":\"https:\\\/\\\/secure.gravatar.com\\\/avatar\\\/b716eca2f984b9b65bdd87118b4b909d940b619cbe6e8cb725fe11c1b1f4194f?s=96&d=monsterid&r=g9b5eff4996c6b842a29b3057a7b4746f\",\"url\":\"https:\\\/\\\/secure.gravatar.com\\\/avatar\\\/b716eca2f984b9b65bdd87118b4b909d940b619cbe6e8cb725fe11c1b1f4194f?s=96&d=monsterid&r=g\",\"contentUrl\":\"https:\\\/\\\/secure.gravatar.com\\\/avatar\\\/b716eca2f984b9b65bdd87118b4b909d940b619cbe6e8cb725fe11c1b1f4194f?s=96&d=monsterid&r=g\",\"caption\":\"Andreea Gelatu\"},\"url\":\"https:\\\/\\\/buletin.de\\\/bucuresti\\\/author\\\/andreeagelatu\\\/\"}]}<\/script>\n<!-- \/ Yoast SEO Premium plugin. -->","yoast_head_json":{"title":"Modific\u0103ri de trasee STB pentru meciul de fotbal Rom\u00e2nia - Belarus, m\u00e2ine, 28 martie - Buletin de Bucure\u0219ti","robots":{"index":"index","follow":"follow","max-snippet":"max-snippet:-1","max-image-preview":"max-image-preview:large","max-video-preview":"max-video-preview:-1"},"canonical":"https:\/\/buletin.de\/bucuresti\/modificari-de-trasee-stb-pentru-meciul-de-fotbal-romania-belarus-maine-28-martie\/","og_locale":"en_GB","og_type":"article","og_title":"Modific\u0103ri de trasee STB pentru meciul de fotbal Rom\u00e2nia - Belarus, m\u00e2ine, 28 martie","og_description":"Liniile STB 86, 90 \u0218I 143 vor circula pe trasee modificate, \u00een zona Arena Na\u021bional\u0103, m\u00e2ine, 28 martie, cu ocazia desf\u0103\u0219ur\u0103rii meciului de fotbal Rom\u00e2nia &#8211; Belarus din preliminariile EURO 2024. Meciul de fotbal dintre cele dou\u0103 echipe va \u00eencepe la ora 21:45. Circula\u021bia rutier\u0103 va fi restric\u021bionat\u0103, \u00eencep\u00e2nd cu ora 15.00, m\u00e2ine, 28 martie, [&hellip;]","og_url":"https:\/\/buletin.de\/bucuresti\/modificari-de-trasee-stb-pentru-meciul-de-fotbal-romania-belarus-maine-28-martie\/","og_site_name":"Buletin de Bucure\u0219ti","article_publisher":"https:\/\/www.facebook.com\/buletin.de.buc","article_published_time":"2023-03-27T08:18:21+00:00","article_modified_time":"2023-03-27T08:23:25+00:00","og_image":[{"width":1146,"height":864,"url":"https:\/\/buletin.de\/bucuresti\/wp-content\/uploads\/336722228_1176202133091214_4050779414920324279_n.jpg","type":"image\/jpeg"}],"author":"Andreea Gelatu","twitter_card":"summary_large_image","twitter_misc":{"Written by":"Andreea Gelatu","Estimated reading time":"2 minutes"},"schema":{"@context":"https:\/\/schema.org","@graph":[{"@type":"Article","@id":"https:\/\/buletin.de\/bucuresti\/modificari-de-trasee-stb-pentru-meciul-de-fotbal-romania-belarus-maine-28-martie\/#article","isPartOf":{"@id":"https:\/\/buletin.de\/bucuresti\/modificari-de-trasee-stb-pentru-meciul-de-fotbal-romania-belarus-maine-28-martie\/"},"author":{"name":"Andreea Gelatu","@id":"https:\/\/buletin.de\/bucuresti\/#\/schema\/person\/87734700b2c7f8608881f7e93b8834de"},"headline":"Modific\u0103ri de trasee STB pentru meciul de fotbal Rom\u00e2nia &#8211; Belarus, m\u00e2ine, 28 martie","datePublished":"2023-03-27T08:18:21+00:00","dateModified":"2023-03-27T08:23:25+00:00","mainEntityOfPage":{"@id":"https:\/\/buletin.de\/bucuresti\/modificari-de-trasee-stb-pentru-meciul-de-fotbal-romania-belarus-maine-28-martie\/"},"wordCount":273,"publisher":{"@id":"https:\/\/buletin.de\/bucuresti\/#organization"},"image":{"@id":"https:\/\/buletin.de\/bucuresti\/modificari-de-trasee-stb-pentru-meciul-de-fotbal-romania-belarus-maine-28-martie\/#primaryimage"},"thumbnailUrl":"https:\/\/buletin.de\/bucuresti\/wp-content\/uploads\/336722228_1176202133091214_4050779414920324279_n.jpg","articleSection":["\u0218tiri","Transport"],"inLanguage":"en-GB","copyrightYear":"2023","copyrightHolder":{"@id":"https:\/\/buletin.de\/bucuresti\/#organization"}},{"@type":"WebPage","@id":"https:\/\/buletin.de\/bucuresti\/modificari-de-trasee-stb-pentru-meciul-de-fotbal-romania-belarus-maine-28-martie\/","url":"https:\/\/buletin.de\/bucuresti\/modificari-de-trasee-stb-pentru-meciul-de-fotbal-romania-belarus-maine-28-martie\/","name":"Modific\u0103ri de trasee STB pentru meciul de fotbal Rom\u00e2nia - Belarus, m\u00e2ine, 28 martie - Buletin de Bucure\u0219ti","isPartOf":{"@id":"https:\/\/buletin.de\/bucuresti\/#website"},"primaryImageOfPage":{"@id":"https:\/\/buletin.de\/bucuresti\/modificari-de-trasee-stb-pentru-meciul-de-fotbal-romania-belarus-maine-28-martie\/#primaryimage"},"image":{"@id":"https:\/\/buletin.de\/bucuresti\/modificari-de-trasee-stb-pentru-meciul-de-fotbal-romania-belarus-maine-28-martie\/#primaryimage"},"thumbnailUrl":"https:\/\/buletin.de\/bucuresti\/wp-content\/uploads\/336722228_1176202133091214_4050779414920324279_n.jpg","datePublished":"2023-03-27T08:18:21+00:00","dateModified":"2023-03-27T08:23:25+00:00","breadcrumb":{"@id":"https:\/\/buletin.de\/bucuresti\/modificari-de-trasee-stb-pentru-meciul-de-fotbal-romania-belarus-maine-28-martie\/#breadcrumb"},"inLanguage":"en-GB","potentialAction":[{"@type":"ReadAction","target":["https:\/\/buletin.de\/bucuresti\/modificari-de-trasee-stb-pentru-meciul-de-fotbal-romania-belarus-maine-28-martie\/"]}]},{"@type":"ImageObject","inLanguage":"en-GB","@id":"https:\/\/buletin.de\/bucuresti\/modificari-de-trasee-stb-pentru-meciul-de-fotbal-romania-belarus-maine-28-martie\/#primaryimage","url":"https:\/\/buletin.de\/bucuresti\/wp-content\/uploads\/336722228_1176202133091214_4050779414920324279_n.jpg","contentUrl":"https:\/\/buletin.de\/bucuresti\/wp-content\/uploads\/336722228_1176202133091214_4050779414920324279_n.jpg","width":1146,"height":864},{"@type":"BreadcrumbList","@id":"https:\/\/buletin.de\/bucuresti\/modificari-de-trasee-stb-pentru-meciul-de-fotbal-romania-belarus-maine-28-martie\/#breadcrumb","itemListElement":[{"@type":"ListItem","position":1,"name":"Acas\u0103","item":"https:\/\/buletin.de\/bucuresti\/"},{"@type":"ListItem","position":2,"name":"Modific\u0103ri de trasee STB pentru meciul de fotbal Rom\u00e2nia &#8211; Belarus, m\u00e2ine, 28 martie"}]},{"@type":"WebSite","@id":"https:\/\/buletin.de\/bucuresti\/#website","url":"https:\/\/buletin.de\/bucuresti\/","name":"Buletin de Bucure\u0219ti","description":"\u0218tiri \u0219i investiga\u021bii esen\u021biale din capital\u0103","publisher":{"@id":"https:\/\/buletin.de\/bucuresti\/#organization"},"potentialAction":[{"@type":"SearchAction","target":{"@type":"EntryPoint","urlTemplate":"https:\/\/buletin.de\/bucuresti\/?s={search_term_string}"},"query-input":{"@type":"PropertyValueSpecification","valueRequired":true,"valueName":"search_term_string"}}],"inLanguage":"en-GB"},{"@type":"Organization","@id":"https:\/\/buletin.de\/bucuresti\/#organization","name":"Buletin de Bucure\u0219ti","url":"https:\/\/buletin.de\/bucuresti\/","logo":{"@type":"ImageObject","inLanguage":"en-GB","@id":"https:\/\/buletin.de\/bucuresti\/#\/schema\/logo\/image\/","url":"https:\/\/buletin.de\/bucuresti\/wp-content\/uploads\/logo-bdb-full-wide-vernil-transparent.png","contentUrl":"https:\/\/buletin.de\/bucuresti\/wp-content\/uploads\/logo-bdb-full-wide-vernil-transparent.png","width":1782,"height":626,"caption":"Buletin de Bucure\u0219ti"},"image":{"@id":"https:\/\/buletin.de\/bucuresti\/#\/schema\/logo\/image\/"},"sameAs":["https:\/\/www.facebook.com\/buletin.de.buc","https:\/\/www.instagram.com\/buletinde.bucuresti\/"]},{"@type":"Person","@id":"https:\/\/buletin.de\/bucuresti\/#\/schema\/person\/87734700b2c7f8608881f7e93b8834de","name":"Andreea Gelatu","image":{"@type":"ImageObject","inLanguage":"en-GB","@id":"https:\/\/secure.gravatar.com\/avatar\/b716eca2f984b9b65bdd87118b4b909d940b619cbe6e8cb725fe11c1b1f4194f?s=96&d=monsterid&r=g9b5eff4996c6b842a29b3057a7b4746f","url":"https:\/\/secure.gravatar.com\/avatar\/b716eca2f984b9b65bdd87118b4b909d940b619cbe6e8cb725fe11c1b1f4194f?s=96&d=monsterid&r=g","contentUrl":"https:\/\/secure.gravatar.com\/avatar\/b716eca2f984b9b65bdd87118b4b909d940b619cbe6e8cb725fe11c1b1f4194f?s=96&d=monsterid&r=g","caption":"Andreea Gelatu"},"url":"https:\/\/buletin.de\/bucuresti\/author\/andreeagelatu\/"}]}},"authors":[{"term_id":22605,"user_id":46,"is_guest":0,"slug":"andreeagelatu","display_name":"Andreea Gelatu","avatar_url":"https:\/\/secure.gravatar.com\/avatar\/b716eca2f984b9b65bdd87118b4b909d940b619cbe6e8cb725fe11c1b1f4194f?s=96&d=monsterid&r=g","0":null,"1":"","2":"","3":"","4":"","5":"","6":"","7":"","8":""}],"_links":{"self":[{"href":"https:\/\/buletin.de\/bucuresti\/wp-json\/wp\/v2\/posts\/56805","targetHints":{"allow":["GET"]}}],"collection":[{"href":"https:\/\/buletin.de\/bucuresti\/wp-json\/wp\/v2\/posts"}],"about":[{"href":"https:\/\/buletin.de\/bucuresti\/wp-json\/wp\/v2\/types\/post"}],"author":[{"embeddable":true,"href":"https:\/\/buletin.de\/bucuresti\/wp-json\/wp\/v2\/users\/46"}],"replies":[{"embeddable":true,"href":"https:\/\/buletin.de\/bucuresti\/wp-json\/wp\/v2\/comments?post=56805"}],"version-history":[{"count":3,"href":"https:\/\/buletin.de\/bucuresti\/wp-json\/wp\/v2\/posts\/56805\/revisions"}],"predecessor-version":[{"id":56810,"href":"https:\/\/buletin.de\/bucuresti\/wp-json\/wp\/v2\/posts\/56805\/revisions\/56810"}],"wp:featuredmedia":[{"embeddable":true,"href":"https:\/\/buletin.de\/bucuresti\/wp-json\/wp\/v2\/media\/56806"}],"wp:attachment":[{"href":"https:\/\/buletin.de\/bucuresti\/wp-json\/wp\/v2\/media?parent=56805"}],"wp:term":[{"taxonomy":"category","embeddable":true,"href":"https:\/\/buletin.de\/bucuresti\/wp-json\/wp\/v2\/categories?post=56805"},{"taxonomy":"post_tag","embeddable":true,"href":"https:\/\/buletin.de\/bucuresti\/wp-json\/wp\/v2\/tags?post=56805"},{"taxonomy":"author","embeddable":true,"href":"https:\/\/buletin.de\/bucuresti\/wp-json\/wp\/v2\/ppma_author?post=56805"}],"curies":[{"name":"wp","href":"https:\/\/api.w.org\/{rel}","templated":true}]}}