{"id":56746,"date":"2023-03-25T19:52:35","date_gmt":"2023-03-25T17:52:35","guid":{"rendered":"https:\/\/buletin.de\/bucuresti\/?p=56746"},"modified":"2023-03-25T20:45:09","modified_gmt":"2023-03-25T18:45:09","slug":"protest-in-piata-victoriei-fata-de-initiativa-bor-care-ar-permite-discriminarea-in-scoli","status":"publish","type":"post","link":"https:\/\/buletin.de\/bucuresti\/protest-in-piata-victoriei-fata-de-initiativa-bor-care-ar-permite-discriminarea-in-scoli\/","title":{"rendered":"Protest, \u00een\u00a0Pia\u021ba Victoriei, fa\u021b\u0103 de ini\u021biativa BOR\u00a0care ar\u00a0permite discriminarea\u00a0\u00een \u0219coli"},"content":{"rendered":"\n<p>Nou\u0103 organiza\u021bii non-guvernamentale au protestat, s\u00e2mb\u0103t\u0103, \u00een Pia\u021ba Victoriei, ca r\u0103spuns la scrisoarea \u00eenaintat\u0103 de BOR \u0219i alte 12 Biserici din Rom\u00e2nia c\u0103tre Ministerul Educa\u021biei, prin care se cere eliminarea din textul noii legi a Educa\u021biei a cuvintelor \u201cdiversitate\u201d \u0219i \u201corientare sexual\u0103\u201d.<\/p>\n\n\n\n<p>\u201cPrincipiile care fundamenteaz\u0103 sistemul de \u00eenv\u0103\u021b\u0103m\u00e2nt rom\u00e2nesc ar trebui s\u0103 fie acestea: incluziune, diversitate, respect pentru toat\u0103 lumea. Este inadmisibil ca prin Legile Educa\u021biei s\u0103 spunem c\u0103 este permis s\u0103 discriminezi pe cineva\u201d, spune Florina Presad\u0103, reprezentant al organiza\u021biei ACCEPT.<\/p>\n\n\n\n<p>\u00cen proiectul legii Educa\u021biei, printre valorile care stau la baza sistemului de \u00eenv\u0103\u021b\u0103m\u00e2nt preuniversitar este men\u021bionat\u0103 \u00eentr-un articol diversitatea, pe care profesorii sunt obliga\u021bi s\u0103 o promoveze ca resurs\u0103 de \u00eenv\u0103\u021bare. \u00cen cel\u0103lalt articol contestat de c\u0103tre cultele religioase se spune c\u0103 este interzis\u0103 discriminarea elevilor \u00een func\u021bie de sex, etnie, ras\u0103, religie \u0219i orientare sexual\u0103. \u00cen scrisoarea cultelor se cere eliminarea termenilor \u201cdiversitate\u201d \u0219i \u201corientare sexual\u0103\u201d pentru c\u0103 arpromova \u201cideologia de gen\u201d, care ar influen\u021ba negativ copiii \u0219i tinerii.<\/p>\n\n\n\n<p>\u201cDin ceea ce s-a comunicat \u00een spa\u021biul public, s-a pus egal \u00eentre orientare sexual\u0103, diversitate \u0219i ceva ce nu exist\u0103 \u00een acest moment \u2013 ideologie de gen, exist\u0103 oameni care au o anumit\u0103 orientare sexual\u0103 sau o anumit\u0103 identitate de gen, oameni care au acelea\u0219i drepturi \u0219i aceea\u0219i nevoie de a le fi respectat\u0103 demnitatea ca \u0219i noi. Nu exist\u0103 ideologie de gen, deviere sau anomalie, exist\u0103 persoane care au drepturi, drepturi pe care trebuie s\u0103 le respect\u0103m \u00eencep\u00e2nd cu \u0219coala\u201d, a mai spus Florina Presad\u0103.<\/p>\n\n\n\n<p>Organizatorii protestului consider\u0103 c\u0103 scrisoarea celor 13 culte religioase este un atac la adresa drepturilor minorit\u0103\u021bilor. Vlad Vi\u0219ki, reprezentant al asocia\u021biei MozaiQ spune c\u0103 modificarea articolelor respective ar \u00eenc\u0103lca drepturi constitu\u021bionale: \u201cO astfel de ini\u021biativ\u0103 ar \u00eenc\u0103lca mai multe articole din Constitu\u021bie cu privirela egalitatea \u00een drepturi pentru to\u021bi cet\u0103\u021benii, precum \u0219i dreptul la \u00eenv\u0103\u021b\u0103tur\u0103 pentru to\u021bi tinerii din Rom\u00e2nia. Mai mult, Rom\u00e2nia a semnat o serie de tratate interna\u021bionale, printre care Tratatul de Aderare la Uniunea European\u0103, Conven\u021bia European\u0103 a Drepturilor Omului, care la r\u00e2ndul lor interzicdiscriminarea. A scoate aceste cuvinte \u0219i aceste expresii din Legile Educa\u021biei ar pune \u00een pericol dreptul la \u00eenv\u0103\u021b\u0103tur\u0103 al tinerilor din Rom\u00e2nia.\u201d<\/p>\n\n\n\n<figure class=\"wp-block-image size-large\"><img fetchpriority=\"high\" decoding=\"async\" width=\"675\" height=\"900\" src=\"data:image\/gif;base64,R0lGODlhAQABAAAAACH5BAEKAAEALAAAAAABAAEAAAICTAEAOw==\" data-src=\"https:\/\/buletin.de\/bucuresti\/wp-content\/uploads\/AEC17AB5-0033-4915-94C9-73266CC9FF86-675x900.jpeg\" alt=\"\" class=\"wp-image-56748 lazyload\" data-sizes=\"auto\" data-srcset=\"https:\/\/buletin.de\/bucuresti\/wp-content\/uploads\/AEC17AB5-0033-4915-94C9-73266CC9FF86-675x900.jpeg 675w, https:\/\/buletin.de\/bucuresti\/wp-content\/uploads\/AEC17AB5-0033-4915-94C9-73266CC9FF86-225x300.jpeg 225w, https:\/\/buletin.de\/bucuresti\/wp-content\/uploads\/AEC17AB5-0033-4915-94C9-73266CC9FF86-550x733.jpeg 550w, https:\/\/buletin.de\/bucuresti\/wp-content\/uploads\/AEC17AB5-0033-4915-94C9-73266CC9FF86-375x500.jpeg 375w, https:\/\/buletin.de\/bucuresti\/wp-content\/uploads\/AEC17AB5-0033-4915-94C9-73266CC9FF86-600x800.jpeg 600w, https:\/\/buletin.de\/bucuresti\/wp-content\/uploads\/AEC17AB5-0033-4915-94C9-73266CC9FF86.jpeg 768w\" sizes=\"(max-width: 675px) 100vw, 675px\" \/><\/figure>\n\n\n\n<figure class=\"wp-block-image size-large\"><img decoding=\"async\" width=\"675\" height=\"900\" src=\"data:image\/gif;base64,R0lGODlhAQABAAAAACH5BAEKAAEALAAAAAABAAEAAAICTAEAOw==\" data-src=\"https:\/\/buletin.de\/bucuresti\/wp-content\/uploads\/E8D7D05B-528F-4E39-AD68-D9349BA16CF2-675x900.jpeg\" alt=\"\" class=\"wp-image-56750 lazyload\" data-sizes=\"auto\" data-srcset=\"https:\/\/buletin.de\/bucuresti\/wp-content\/uploads\/E8D7D05B-528F-4E39-AD68-D9349BA16CF2-675x900.jpeg 675w, https:\/\/buletin.de\/bucuresti\/wp-content\/uploads\/E8D7D05B-528F-4E39-AD68-D9349BA16CF2-225x300.jpeg 225w, https:\/\/buletin.de\/bucuresti\/wp-content\/uploads\/E8D7D05B-528F-4E39-AD68-D9349BA16CF2-550x733.jpeg 550w, https:\/\/buletin.de\/bucuresti\/wp-content\/uploads\/E8D7D05B-528F-4E39-AD68-D9349BA16CF2-375x500.jpeg 375w, https:\/\/buletin.de\/bucuresti\/wp-content\/uploads\/E8D7D05B-528F-4E39-AD68-D9349BA16CF2-600x800.jpeg 600w, https:\/\/buletin.de\/bucuresti\/wp-content\/uploads\/E8D7D05B-528F-4E39-AD68-D9349BA16CF2.jpeg 768w\" sizes=\"(max-width: 675px) 100vw, 675px\" \/><\/figure>\n\n\n\n<p><\/p>\n\n\n\n<p>\u00cen timp ce purt\u0103torul de cuv\u00e2nt al BOR, Vasile B\u0103nescu, a declarat c\u0103 obligativitatea promov\u0103rii\u201cdiversit\u0103\u021bii sexuale\u201d \u00een \u0219coal\u0103 este \u201cabuziv\u0103 \u0219i nociv\u0103\u201d, asocia\u021bia Accept a invitat BOR s\u0103 vin\u0103 s\u0103 \u00eeiviziteze la centrul asocia\u021biei pe tinerii din comunitatea LGBT:<\/p>\n\n\n\n<p>\u201cLans\u0103m o invita\u021bie cultelor religioase \u0219i mai ales BOR s\u0103 vin\u0103 s\u0103 cunoasc\u0103 tinerii LGBT s\u0103 vad\u0103 ce efect au asupra lor, asupra familiilor lor, discursul urii, discursul care \u00eei transform\u0103 \u00eentr-o \u021bint\u0103 a urii pe ace\u0219ti tineri.\u201d<\/p>\n\n\n\n<p>Antonella, activist\u0103 independent\u0103 \u0219i femeie transgender de etnie rrom\u0103, spune c\u0103 modific\u0103rile propuse de BOR \u0219i celelalte culte ar \u00eenr\u0103ut\u0103\u021bi fenomenul de bullying, oricum prezent \u00een \u0219coli: \u201cBiserica \u00eencearc\u0103 din ce \u00een cemai mult s\u0103 atace orice minoritate, s\u0103 reduc\u0103 la t\u0103cereorice discu\u021bie despre educa\u021bie sexual\u0103 \u0219i orice sintagm\u0103con\u021bine cuv\u00e2ntul sex. Nu ai cum s\u0103 nu discriminezi persoanele rrome, persoanele cu dizabilit\u0103\u021bi, dar s\u0103 discriminezi persoanele LGBT. \u00cen Rom\u00e2nia exist\u0103 deja bullying la adresa persoanelor LGBT \u00een \u0219coli, \u0219i atunci dac\u0103 Biserica, care are o putere politic\u0103, propune s\u0103 scot\u0103 sintagma \u201corientare sexual\u0103\u201d din lege, propune un atac asupra copiilor din aceast\u0103 \u021bar\u0103.\u201d<\/p>\n\n\n\n<p>Printre solicit\u0103rile publice adresate Ministerului Educa\u021biei de c\u0103tre organizatorii \u0219i participan\u021bii de la protestul de s\u00e2mb\u0103t\u0103 s-au num\u0103rat:&nbsp;<\/p>\n\n\n\n<ul class=\"wp-block-list\"><li>men\u021binerea principiilor diversit\u0103\u021bii \u0219i nediscrimin\u0103rii \u00een noile legi ale educa\u021biei<\/li><li>promovarea principiilor democratice \u0219i a drepturilor omului<\/li><li>independen\u021ba sistemului de \u00eenv\u0103\u021b\u0103m\u00e2nt fa\u021b\u0103 de prozelitismul religios<\/li><li>respectarea dreptului la informa\u021bii \u0219i a libert\u0103\u021bii de exprimare a tinerilor \u00een sistemul de \u00eenv\u0103\u021b\u0103m\u00e2nt \u00een acord cu conven\u021biile \u0219i tratatele europene \u0219iinterna\u021bionale la care Rom\u00e2nia este parte<\/li><li>interzicerea cenzurii \u00een spa\u021biul educa\u021bional<\/li><li>&nbsp;protec\u021bie pentru elevi \u00een fa\u021ba oric\u0103rui tip de abuz<\/li><li>cre\u0219terea accesului la ore de educa\u021bie sexual\u0103 pentru tineri<\/li><\/ul>\n\n\n\n<p>Protestul s-a desf\u0103\u0219urat f\u0103r\u0103 incidente, participan\u021bii au scandat pa\u0219nic lozinci precum \u201cTineri educa\u021bi, nu discrimina\u021bi\u201d, \u201cDrepturi egale pentru fiecare\u201d \u0219i\u201cRom\u00e2nia educat\u0103, nicidecum discriminat\u0103\u201d.<\/p>\n\n\n\n<p>ONG-urile care au fost prezente sunt: Asocia\u021biaACCEPT, Asocia\u021bia E-Romnja, Asocia\u021bia Mame pentruMame, Asocia\u021bia MozaiQ, Asocia\u021bia Supra, CentrulFILIA, Centrul Euroregional pentru Ini\u021biative Publice, Consiliul Na\u021bional al Elevilor \u0219i Federa\u021bia P\u0103rin\u021bilor \u0219 iApar\u021bin\u0103torilor Legali din Rom\u00e2nia.<\/p>\n\n\n\n<p><\/p>\n\n\n\n<p>Articol scris de Ioana Ciobanu<\/p>\n","protected":false},"excerpt":{"rendered":"<p>Nou\u0103 organiza\u021bii non-guvernamentale au protestat, s\u00e2mb\u0103t\u0103, \u00een Pia\u021ba Victoriei, ca r\u0103spuns la scrisoarea \u00eenaintat\u0103 de BOR \u0219i alte 12 Biserici din Rom\u00e2nia c\u0103tre Ministerul Educa\u021biei, prin care se cere eliminarea din textul noii legi a Educa\u021biei a cuvintelor \u201cdiversitate\u201d \u0219i \u201corientare sexual\u0103\u201d. \u201cPrincipiile care fundamenteaz\u0103 sistemul de \u00eenv\u0103\u021b\u0103m\u00e2nt rom\u00e2nesc ar trebui s\u0103 fie acestea: incluziune, [&hellip;]<\/p>\n","protected":false},"author":1,"featured_media":56751,"comment_status":"closed","ping_status":"open","sticky":false,"template":"","format":"standard","meta":{"_acf_changed":false,"inline_featured_image":false,"ngg_post_thumbnail":0,"footnotes":""},"categories":[62],"tags":[],"ppma_author":[22583],"class_list":["post-56746","post","type-post","status-publish","format-standard","has-post-thumbnail","hentry","category-stiri"],"acf":[],"yoast_head":"<!-- This site is optimized with the Yoast SEO Premium plugin v25.3 (Yoast SEO v27.5) - https:\/\/yoast.com\/product\/yoast-seo-premium-wordpress\/ -->\n<title>Protest, \u00een\u00a0Pia\u021ba Victoriei, fa\u021b\u0103 de ini\u021biativa BOR\u00a0care ar\u00a0permite discriminarea\u00a0\u00een \u0219coli - Buletin de Bucure\u0219ti<\/title>\n<meta name=\"robots\" content=\"index, follow, max-snippet:-1, max-image-preview:large, max-video-preview:-1\" \/>\n<link rel=\"canonical\" href=\"https:\/\/buletin.de\/bucuresti\/protest-in-piata-victoriei-fata-de-initiativa-bor-care-ar-permite-discriminarea-in-scoli\/\" \/>\n<meta property=\"og:locale\" content=\"en_GB\" \/>\n<meta property=\"og:type\" content=\"article\" \/>\n<meta property=\"og:title\" content=\"Protest, \u00een\u00a0Pia\u021ba Victoriei, fa\u021b\u0103 de ini\u021biativa BOR\u00a0care ar\u00a0permite discriminarea\u00a0\u00een \u0219coli\" \/>\n<meta property=\"og:description\" content=\"Nou\u0103 organiza\u021bii non-guvernamentale au protestat, s\u00e2mb\u0103t\u0103, \u00een Pia\u021ba Victoriei, ca r\u0103spuns la scrisoarea \u00eenaintat\u0103 de BOR \u0219i alte 12 Biserici din Rom\u00e2nia c\u0103tre Ministerul Educa\u021biei, prin care se cere eliminarea din textul noii legi a Educa\u021biei a cuvintelor \u201cdiversitate\u201d \u0219i \u201corientare sexual\u0103\u201d. \u201cPrincipiile care fundamenteaz\u0103 sistemul de \u00eenv\u0103\u021b\u0103m\u00e2nt rom\u00e2nesc ar trebui s\u0103 fie acestea: incluziune, [&hellip;]\" \/>\n<meta property=\"og:url\" content=\"https:\/\/buletin.de\/bucuresti\/protest-in-piata-victoriei-fata-de-initiativa-bor-care-ar-permite-discriminarea-in-scoli\/\" \/>\n<meta property=\"og:site_name\" content=\"Buletin de Bucure\u0219ti\" \/>\n<meta property=\"article:publisher\" content=\"https:\/\/www.facebook.com\/buletin.de.buc\" \/>\n<meta property=\"article:published_time\" content=\"2023-03-25T17:52:35+00:00\" \/>\n<meta property=\"article:modified_time\" content=\"2023-03-25T18:45:09+00:00\" \/>\n<meta property=\"og:image\" content=\"https:\/\/buletin.de\/bucuresti\/wp-content\/uploads\/3745A97D-0861-48C4-8CD8-EA12B0ADED6A.jpeg\" \/>\n\t<meta property=\"og:image:width\" content=\"1024\" \/>\n\t<meta property=\"og:image:height\" content=\"768\" \/>\n\t<meta property=\"og:image:type\" content=\"image\/jpeg\" \/>\n<meta name=\"author\" content=\"Redac\u021bia Buletin de Bucure\u0219ti\" \/>\n<meta name=\"twitter:card\" content=\"summary_large_image\" \/>\n<meta name=\"twitter:label1\" content=\"Written by\" \/>\n\t<meta name=\"twitter:data1\" content=\"Redac\u021bia Buletin de Bucure\u0219ti\" \/>\n\t<meta name=\"twitter:label2\" content=\"Estimated reading time\" \/>\n\t<meta name=\"twitter:data2\" content=\"4 minutes\" \/>\n<script type=\"application\/ld+json\" class=\"yoast-schema-graph\">{\"@context\":\"https:\\\/\\\/schema.org\",\"@graph\":[{\"@type\":\"Article\",\"@id\":\"https:\\\/\\\/buletin.de\\\/bucuresti\\\/protest-in-piata-victoriei-fata-de-initiativa-bor-care-ar-permite-discriminarea-in-scoli\\\/#article\",\"isPartOf\":{\"@id\":\"https:\\\/\\\/buletin.de\\\/bucuresti\\\/protest-in-piata-victoriei-fata-de-initiativa-bor-care-ar-permite-discriminarea-in-scoli\\\/\"},\"author\":{\"name\":\"Redac\u021bia Buletin de Bucure\u0219ti\",\"@id\":\"https:\\\/\\\/buletin.de\\\/bucuresti\\\/#\\\/schema\\\/person\\\/2bbcf854e5f2419a13804af574d06ab1\"},\"headline\":\"Protest, \u00een\u00a0Pia\u021ba Victoriei, fa\u021b\u0103 de ini\u021biativa BOR\u00a0care ar\u00a0permite discriminarea\u00a0\u00een \u0219coli\",\"datePublished\":\"2023-03-25T17:52:35+00:00\",\"dateModified\":\"2023-03-25T18:45:09+00:00\",\"mainEntityOfPage\":{\"@id\":\"https:\\\/\\\/buletin.de\\\/bucuresti\\\/protest-in-piata-victoriei-fata-de-initiativa-bor-care-ar-permite-discriminarea-in-scoli\\\/\"},\"wordCount\":827,\"publisher\":{\"@id\":\"https:\\\/\\\/buletin.de\\\/bucuresti\\\/#organization\"},\"image\":{\"@id\":\"https:\\\/\\\/buletin.de\\\/bucuresti\\\/protest-in-piata-victoriei-fata-de-initiativa-bor-care-ar-permite-discriminarea-in-scoli\\\/#primaryimage\"},\"thumbnailUrl\":\"https:\\\/\\\/buletin.de\\\/bucuresti\\\/wp-content\\\/uploads\\\/3745A97D-0861-48C4-8CD8-EA12B0ADED6A.jpeg\",\"articleSection\":[\"\u0218tiri\"],\"inLanguage\":\"en-GB\",\"copyrightYear\":\"2023\",\"copyrightHolder\":{\"@id\":\"https:\\\/\\\/buletin.de\\\/bucuresti\\\/#organization\"}},{\"@type\":\"WebPage\",\"@id\":\"https:\\\/\\\/buletin.de\\\/bucuresti\\\/protest-in-piata-victoriei-fata-de-initiativa-bor-care-ar-permite-discriminarea-in-scoli\\\/\",\"url\":\"https:\\\/\\\/buletin.de\\\/bucuresti\\\/protest-in-piata-victoriei-fata-de-initiativa-bor-care-ar-permite-discriminarea-in-scoli\\\/\",\"name\":\"Protest, \u00een\u00a0Pia\u021ba Victoriei, fa\u021b\u0103 de ini\u021biativa BOR\u00a0care ar\u00a0permite discriminarea\u00a0\u00een \u0219coli - Buletin de Bucure\u0219ti\",\"isPartOf\":{\"@id\":\"https:\\\/\\\/buletin.de\\\/bucuresti\\\/#website\"},\"primaryImageOfPage\":{\"@id\":\"https:\\\/\\\/buletin.de\\\/bucuresti\\\/protest-in-piata-victoriei-fata-de-initiativa-bor-care-ar-permite-discriminarea-in-scoli\\\/#primaryimage\"},\"image\":{\"@id\":\"https:\\\/\\\/buletin.de\\\/bucuresti\\\/protest-in-piata-victoriei-fata-de-initiativa-bor-care-ar-permite-discriminarea-in-scoli\\\/#primaryimage\"},\"thumbnailUrl\":\"https:\\\/\\\/buletin.de\\\/bucuresti\\\/wp-content\\\/uploads\\\/3745A97D-0861-48C4-8CD8-EA12B0ADED6A.jpeg\",\"datePublished\":\"2023-03-25T17:52:35+00:00\",\"dateModified\":\"2023-03-25T18:45:09+00:00\",\"breadcrumb\":{\"@id\":\"https:\\\/\\\/buletin.de\\\/bucuresti\\\/protest-in-piata-victoriei-fata-de-initiativa-bor-care-ar-permite-discriminarea-in-scoli\\\/#breadcrumb\"},\"inLanguage\":\"en-GB\",\"potentialAction\":[{\"@type\":\"ReadAction\",\"target\":[\"https:\\\/\\\/buletin.de\\\/bucuresti\\\/protest-in-piata-victoriei-fata-de-initiativa-bor-care-ar-permite-discriminarea-in-scoli\\\/\"]}]},{\"@type\":\"ImageObject\",\"inLanguage\":\"en-GB\",\"@id\":\"https:\\\/\\\/buletin.de\\\/bucuresti\\\/protest-in-piata-victoriei-fata-de-initiativa-bor-care-ar-permite-discriminarea-in-scoli\\\/#primaryimage\",\"url\":\"https:\\\/\\\/buletin.de\\\/bucuresti\\\/wp-content\\\/uploads\\\/3745A97D-0861-48C4-8CD8-EA12B0ADED6A.jpeg\",\"contentUrl\":\"https:\\\/\\\/buletin.de\\\/bucuresti\\\/wp-content\\\/uploads\\\/3745A97D-0861-48C4-8CD8-EA12B0ADED6A.jpeg\",\"width\":1024,\"height\":768},{\"@type\":\"BreadcrumbList\",\"@id\":\"https:\\\/\\\/buletin.de\\\/bucuresti\\\/protest-in-piata-victoriei-fata-de-initiativa-bor-care-ar-permite-discriminarea-in-scoli\\\/#breadcrumb\",\"itemListElement\":[{\"@type\":\"ListItem\",\"position\":1,\"name\":\"Acas\u0103\",\"item\":\"https:\\\/\\\/buletin.de\\\/bucuresti\\\/\"},{\"@type\":\"ListItem\",\"position\":2,\"name\":\"Protest, \u00een\u00a0Pia\u021ba Victoriei, fa\u021b\u0103 de ini\u021biativa BOR\u00a0care ar\u00a0permite discriminarea\u00a0\u00een \u0219coli\"}]},{\"@type\":\"WebSite\",\"@id\":\"https:\\\/\\\/buletin.de\\\/bucuresti\\\/#website\",\"url\":\"https:\\\/\\\/buletin.de\\\/bucuresti\\\/\",\"name\":\"Buletin de Bucure\u0219ti\",\"description\":\"\u0218tiri \u0219i investiga\u021bii esen\u021biale din capital\u0103\",\"publisher\":{\"@id\":\"https:\\\/\\\/buletin.de\\\/bucuresti\\\/#organization\"},\"potentialAction\":[{\"@type\":\"SearchAction\",\"target\":{\"@type\":\"EntryPoint\",\"urlTemplate\":\"https:\\\/\\\/buletin.de\\\/bucuresti\\\/?s={search_term_string}\"},\"query-input\":{\"@type\":\"PropertyValueSpecification\",\"valueRequired\":true,\"valueName\":\"search_term_string\"}}],\"inLanguage\":\"en-GB\"},{\"@type\":\"Organization\",\"@id\":\"https:\\\/\\\/buletin.de\\\/bucuresti\\\/#organization\",\"name\":\"Buletin de Bucure\u0219ti\",\"url\":\"https:\\\/\\\/buletin.de\\\/bucuresti\\\/\",\"logo\":{\"@type\":\"ImageObject\",\"inLanguage\":\"en-GB\",\"@id\":\"https:\\\/\\\/buletin.de\\\/bucuresti\\\/#\\\/schema\\\/logo\\\/image\\\/\",\"url\":\"https:\\\/\\\/buletin.de\\\/bucuresti\\\/wp-content\\\/uploads\\\/logo-bdb-full-wide-vernil-transparent.png\",\"contentUrl\":\"https:\\\/\\\/buletin.de\\\/bucuresti\\\/wp-content\\\/uploads\\\/logo-bdb-full-wide-vernil-transparent.png\",\"width\":1782,\"height\":626,\"caption\":\"Buletin de Bucure\u0219ti\"},\"image\":{\"@id\":\"https:\\\/\\\/buletin.de\\\/bucuresti\\\/#\\\/schema\\\/logo\\\/image\\\/\"},\"sameAs\":[\"https:\\\/\\\/www.facebook.com\\\/buletin.de.buc\",\"https:\\\/\\\/www.instagram.com\\\/buletinde.bucuresti\\\/\"]},{\"@type\":\"Person\",\"@id\":\"https:\\\/\\\/buletin.de\\\/bucuresti\\\/#\\\/schema\\\/person\\\/2bbcf854e5f2419a13804af574d06ab1\",\"name\":\"Redac\u021bia Buletin de Bucure\u0219ti\",\"image\":{\"@type\":\"ImageObject\",\"inLanguage\":\"en-GB\",\"@id\":\"https:\\\/\\\/secure.gravatar.com\\\/avatar\\\/18c5342381ed1a08620e6280424e3e5efc958618f5d67c522c9e44c1bc6f9226?s=96&d=monsterid&r=g60c7cd0ad92c68c049fcd4bb3504d609\",\"url\":\"https:\\\/\\\/secure.gravatar.com\\\/avatar\\\/18c5342381ed1a08620e6280424e3e5efc958618f5d67c522c9e44c1bc6f9226?s=96&d=monsterid&r=g\",\"contentUrl\":\"https:\\\/\\\/secure.gravatar.com\\\/avatar\\\/18c5342381ed1a08620e6280424e3e5efc958618f5d67c522c9e44c1bc6f9226?s=96&d=monsterid&r=g\",\"caption\":\"Redac\u021bia Buletin de Bucure\u0219ti\"},\"description\":\"Buletin de Bucure\u0219ti exist\u0103 din vara anului 2019.\",\"url\":\"https:\\\/\\\/buletin.de\\\/bucuresti\\\/author\\\/adminbuletin\\\/\"}]}<\/script>\n<!-- \/ Yoast SEO Premium plugin. -->","yoast_head_json":{"title":"Protest, \u00een\u00a0Pia\u021ba Victoriei, fa\u021b\u0103 de ini\u021biativa BOR\u00a0care ar\u00a0permite discriminarea\u00a0\u00een \u0219coli - Buletin de Bucure\u0219ti","robots":{"index":"index","follow":"follow","max-snippet":"max-snippet:-1","max-image-preview":"max-image-preview:large","max-video-preview":"max-video-preview:-1"},"canonical":"https:\/\/buletin.de\/bucuresti\/protest-in-piata-victoriei-fata-de-initiativa-bor-care-ar-permite-discriminarea-in-scoli\/","og_locale":"en_GB","og_type":"article","og_title":"Protest, \u00een\u00a0Pia\u021ba Victoriei, fa\u021b\u0103 de ini\u021biativa BOR\u00a0care ar\u00a0permite discriminarea\u00a0\u00een \u0219coli","og_description":"Nou\u0103 organiza\u021bii non-guvernamentale au protestat, s\u00e2mb\u0103t\u0103, \u00een Pia\u021ba Victoriei, ca r\u0103spuns la scrisoarea \u00eenaintat\u0103 de BOR \u0219i alte 12 Biserici din Rom\u00e2nia c\u0103tre Ministerul Educa\u021biei, prin care se cere eliminarea din textul noii legi a Educa\u021biei a cuvintelor \u201cdiversitate\u201d \u0219i \u201corientare sexual\u0103\u201d. \u201cPrincipiile care fundamenteaz\u0103 sistemul de \u00eenv\u0103\u021b\u0103m\u00e2nt rom\u00e2nesc ar trebui s\u0103 fie acestea: incluziune, [&hellip;]","og_url":"https:\/\/buletin.de\/bucuresti\/protest-in-piata-victoriei-fata-de-initiativa-bor-care-ar-permite-discriminarea-in-scoli\/","og_site_name":"Buletin de Bucure\u0219ti","article_publisher":"https:\/\/www.facebook.com\/buletin.de.buc","article_published_time":"2023-03-25T17:52:35+00:00","article_modified_time":"2023-03-25T18:45:09+00:00","og_image":[{"width":1024,"height":768,"url":"https:\/\/buletin.de\/bucuresti\/wp-content\/uploads\/3745A97D-0861-48C4-8CD8-EA12B0ADED6A.jpeg","type":"image\/jpeg"}],"author":"Redac\u021bia Buletin de Bucure\u0219ti","twitter_card":"summary_large_image","twitter_misc":{"Written by":"Redac\u021bia Buletin de Bucure\u0219ti","Estimated reading time":"4 minutes"},"schema":{"@context":"https:\/\/schema.org","@graph":[{"@type":"Article","@id":"https:\/\/buletin.de\/bucuresti\/protest-in-piata-victoriei-fata-de-initiativa-bor-care-ar-permite-discriminarea-in-scoli\/#article","isPartOf":{"@id":"https:\/\/buletin.de\/bucuresti\/protest-in-piata-victoriei-fata-de-initiativa-bor-care-ar-permite-discriminarea-in-scoli\/"},"author":{"name":"Redac\u021bia Buletin de Bucure\u0219ti","@id":"https:\/\/buletin.de\/bucuresti\/#\/schema\/person\/2bbcf854e5f2419a13804af574d06ab1"},"headline":"Protest, \u00een\u00a0Pia\u021ba Victoriei, fa\u021b\u0103 de ini\u021biativa BOR\u00a0care ar\u00a0permite discriminarea\u00a0\u00een \u0219coli","datePublished":"2023-03-25T17:52:35+00:00","dateModified":"2023-03-25T18:45:09+00:00","mainEntityOfPage":{"@id":"https:\/\/buletin.de\/bucuresti\/protest-in-piata-victoriei-fata-de-initiativa-bor-care-ar-permite-discriminarea-in-scoli\/"},"wordCount":827,"publisher":{"@id":"https:\/\/buletin.de\/bucuresti\/#organization"},"image":{"@id":"https:\/\/buletin.de\/bucuresti\/protest-in-piata-victoriei-fata-de-initiativa-bor-care-ar-permite-discriminarea-in-scoli\/#primaryimage"},"thumbnailUrl":"https:\/\/buletin.de\/bucuresti\/wp-content\/uploads\/3745A97D-0861-48C4-8CD8-EA12B0ADED6A.jpeg","articleSection":["\u0218tiri"],"inLanguage":"en-GB","copyrightYear":"2023","copyrightHolder":{"@id":"https:\/\/buletin.de\/bucuresti\/#organization"}},{"@type":"WebPage","@id":"https:\/\/buletin.de\/bucuresti\/protest-in-piata-victoriei-fata-de-initiativa-bor-care-ar-permite-discriminarea-in-scoli\/","url":"https:\/\/buletin.de\/bucuresti\/protest-in-piata-victoriei-fata-de-initiativa-bor-care-ar-permite-discriminarea-in-scoli\/","name":"Protest, \u00een\u00a0Pia\u021ba Victoriei, fa\u021b\u0103 de ini\u021biativa BOR\u00a0care ar\u00a0permite discriminarea\u00a0\u00een \u0219coli - Buletin de Bucure\u0219ti","isPartOf":{"@id":"https:\/\/buletin.de\/bucuresti\/#website"},"primaryImageOfPage":{"@id":"https:\/\/buletin.de\/bucuresti\/protest-in-piata-victoriei-fata-de-initiativa-bor-care-ar-permite-discriminarea-in-scoli\/#primaryimage"},"image":{"@id":"https:\/\/buletin.de\/bucuresti\/protest-in-piata-victoriei-fata-de-initiativa-bor-care-ar-permite-discriminarea-in-scoli\/#primaryimage"},"thumbnailUrl":"https:\/\/buletin.de\/bucuresti\/wp-content\/uploads\/3745A97D-0861-48C4-8CD8-EA12B0ADED6A.jpeg","datePublished":"2023-03-25T17:52:35+00:00","dateModified":"2023-03-25T18:45:09+00:00","breadcrumb":{"@id":"https:\/\/buletin.de\/bucuresti\/protest-in-piata-victoriei-fata-de-initiativa-bor-care-ar-permite-discriminarea-in-scoli\/#breadcrumb"},"inLanguage":"en-GB","potentialAction":[{"@type":"ReadAction","target":["https:\/\/buletin.de\/bucuresti\/protest-in-piata-victoriei-fata-de-initiativa-bor-care-ar-permite-discriminarea-in-scoli\/"]}]},{"@type":"ImageObject","inLanguage":"en-GB","@id":"https:\/\/buletin.de\/bucuresti\/protest-in-piata-victoriei-fata-de-initiativa-bor-care-ar-permite-discriminarea-in-scoli\/#primaryimage","url":"https:\/\/buletin.de\/bucuresti\/wp-content\/uploads\/3745A97D-0861-48C4-8CD8-EA12B0ADED6A.jpeg","contentUrl":"https:\/\/buletin.de\/bucuresti\/wp-content\/uploads\/3745A97D-0861-48C4-8CD8-EA12B0ADED6A.jpeg","width":1024,"height":768},{"@type":"BreadcrumbList","@id":"https:\/\/buletin.de\/bucuresti\/protest-in-piata-victoriei-fata-de-initiativa-bor-care-ar-permite-discriminarea-in-scoli\/#breadcrumb","itemListElement":[{"@type":"ListItem","position":1,"name":"Acas\u0103","item":"https:\/\/buletin.de\/bucuresti\/"},{"@type":"ListItem","position":2,"name":"Protest, \u00een\u00a0Pia\u021ba Victoriei, fa\u021b\u0103 de ini\u021biativa BOR\u00a0care ar\u00a0permite discriminarea\u00a0\u00een \u0219coli"}]},{"@type":"WebSite","@id":"https:\/\/buletin.de\/bucuresti\/#website","url":"https:\/\/buletin.de\/bucuresti\/","name":"Buletin de Bucure\u0219ti","description":"\u0218tiri \u0219i investiga\u021bii esen\u021biale din capital\u0103","publisher":{"@id":"https:\/\/buletin.de\/bucuresti\/#organization"},"potentialAction":[{"@type":"SearchAction","target":{"@type":"EntryPoint","urlTemplate":"https:\/\/buletin.de\/bucuresti\/?s={search_term_string}"},"query-input":{"@type":"PropertyValueSpecification","valueRequired":true,"valueName":"search_term_string"}}],"inLanguage":"en-GB"},{"@type":"Organization","@id":"https:\/\/buletin.de\/bucuresti\/#organization","name":"Buletin de Bucure\u0219ti","url":"https:\/\/buletin.de\/bucuresti\/","logo":{"@type":"ImageObject","inLanguage":"en-GB","@id":"https:\/\/buletin.de\/bucuresti\/#\/schema\/logo\/image\/","url":"https:\/\/buletin.de\/bucuresti\/wp-content\/uploads\/logo-bdb-full-wide-vernil-transparent.png","contentUrl":"https:\/\/buletin.de\/bucuresti\/wp-content\/uploads\/logo-bdb-full-wide-vernil-transparent.png","width":1782,"height":626,"caption":"Buletin de Bucure\u0219ti"},"image":{"@id":"https:\/\/buletin.de\/bucuresti\/#\/schema\/logo\/image\/"},"sameAs":["https:\/\/www.facebook.com\/buletin.de.buc","https:\/\/www.instagram.com\/buletinde.bucuresti\/"]},{"@type":"Person","@id":"https:\/\/buletin.de\/bucuresti\/#\/schema\/person\/2bbcf854e5f2419a13804af574d06ab1","name":"Redac\u021bia Buletin de Bucure\u0219ti","image":{"@type":"ImageObject","inLanguage":"en-GB","@id":"https:\/\/secure.gravatar.com\/avatar\/18c5342381ed1a08620e6280424e3e5efc958618f5d67c522c9e44c1bc6f9226?s=96&d=monsterid&r=g60c7cd0ad92c68c049fcd4bb3504d609","url":"https:\/\/secure.gravatar.com\/avatar\/18c5342381ed1a08620e6280424e3e5efc958618f5d67c522c9e44c1bc6f9226?s=96&d=monsterid&r=g","contentUrl":"https:\/\/secure.gravatar.com\/avatar\/18c5342381ed1a08620e6280424e3e5efc958618f5d67c522c9e44c1bc6f9226?s=96&d=monsterid&r=g","caption":"Redac\u021bia Buletin de Bucure\u0219ti"},"description":"Buletin de Bucure\u0219ti exist\u0103 din vara anului 2019.","url":"https:\/\/buletin.de\/bucuresti\/author\/adminbuletin\/"}]}},"authors":[{"term_id":22583,"user_id":1,"is_guest":0,"slug":"adminbuletin","display_name":"Redac\u021bia Buletin de Bucure\u0219ti","avatar_url":"https:\/\/secure.gravatar.com\/avatar\/18c5342381ed1a08620e6280424e3e5efc958618f5d67c522c9e44c1bc6f9226?s=96&d=monsterid&r=g","0":null,"1":"","2":"","3":"","4":"","5":"","6":"","7":"","8":""}],"_links":{"self":[{"href":"https:\/\/buletin.de\/bucuresti\/wp-json\/wp\/v2\/posts\/56746","targetHints":{"allow":["GET"]}}],"collection":[{"href":"https:\/\/buletin.de\/bucuresti\/wp-json\/wp\/v2\/posts"}],"about":[{"href":"https:\/\/buletin.de\/bucuresti\/wp-json\/wp\/v2\/types\/post"}],"author":[{"embeddable":true,"href":"https:\/\/buletin.de\/bucuresti\/wp-json\/wp\/v2\/users\/1"}],"replies":[{"embeddable":true,"href":"https:\/\/buletin.de\/bucuresti\/wp-json\/wp\/v2\/comments?post=56746"}],"version-history":[{"count":3,"href":"https:\/\/buletin.de\/bucuresti\/wp-json\/wp\/v2\/posts\/56746\/revisions"}],"predecessor-version":[{"id":56772,"href":"https:\/\/buletin.de\/bucuresti\/wp-json\/wp\/v2\/posts\/56746\/revisions\/56772"}],"wp:featuredmedia":[{"embeddable":true,"href":"https:\/\/buletin.de\/bucuresti\/wp-json\/wp\/v2\/media\/56751"}],"wp:attachment":[{"href":"https:\/\/buletin.de\/bucuresti\/wp-json\/wp\/v2\/media?parent=56746"}],"wp:term":[{"taxonomy":"category","embeddable":true,"href":"https:\/\/buletin.de\/bucuresti\/wp-json\/wp\/v2\/categories?post=56746"},{"taxonomy":"post_tag","embeddable":true,"href":"https:\/\/buletin.de\/bucuresti\/wp-json\/wp\/v2\/tags?post=56746"},{"taxonomy":"author","embeddable":true,"href":"https:\/\/buletin.de\/bucuresti\/wp-json\/wp\/v2\/ppma_author?post=56746"}],"curies":[{"name":"wp","href":"https:\/\/api.w.org\/{rel}","templated":true}]}}