{"id":56739,"date":"2023-03-25T12:18:35","date_gmt":"2023-03-25T10:18:35","guid":{"rendered":"https:\/\/buletin.de\/bucuresti\/?p=56739"},"modified":"2023-03-25T12:18:35","modified_gmt":"2023-03-25T10:18:35","slug":"targ-de-paste-in-parcul-regele-mihai-i-in-perioada-07-17-aprilie","status":"publish","type":"post","link":"https:\/\/buletin.de\/bucuresti\/targ-de-paste-in-parcul-regele-mihai-i-in-perioada-07-17-aprilie\/","title":{"rendered":"T\u00e2rg de Pa\u0219te \u00een Parcul Regele Mihai I, \u00een perioada 07-17 aprilie"},"content":{"rendered":"\n<p>Prim\u0103ria Capitalei \u0219i CREART (Centrul de Crea\u021bie, Art\u0103 \u0219i Tradi\u021bie al Municipiului Bucure\u0219ti), organizeaz\u0103 \u00een perioada 07-17 aprilie 2023, \u00een Parcul Regele Mihai I, T\u00e2rgul de Pa\u0219te \u201eTradi\u021bii \u0219i Flori de S\u0103rb\u0103tori\u201d.<\/p>\n\n\n\n<p>Timp de 11 zile, t\u00e2rgul va g\u0103zdui crea\u021bii autentice rom\u00e2ne\u0219ti. Produc\u0103tori \u0219i me\u0219te\u0219ugari din toate col\u021burile \u021b\u0103rii \u00ee\u0219i vor expune produsele tradi\u021bionale \u0219i obiectele me\u0219te\u0219ug\u0103re\u0219ti.<\/p>\n\n\n\n<p>\u00cen cadrul t\u00e2rgului vor fi organizate demonstra\u021bii de \u00eencondeiere a ou\u0103lor de Pa\u0219te, unde me\u0219terii populari \u00ee\u0219i vor dezv\u0103lui secretele tehnicilor folosite. De asemenea, vor fi organizate \u0219i ateliere de realizare a unor obiecte \u0219i decora\u021biuni.<\/p>\n\n\n\n<p>Organizatorii au preg\u0103tit ateliere \u0219i pentru copii. Astfel, cei mici sunt a\u0219tepta\u021bi \u00een parcul Regele Mihai I pentru a realiza decora\u021biuni tematice pentru S\u0103rb\u0103torile Pascale. Accesul este liber, iar t\u00e2rgul este amplasat pe aleile principale, \u00eentre intrarea Charles de Gaulle \u0219i Expo Flora.<\/p>\n","protected":false},"excerpt":{"rendered":"<p>Prim\u0103ria Capitalei \u0219i CREART (Centrul de Crea\u021bie, Art\u0103 \u0219i Tradi\u021bie al Municipiului Bucure\u0219ti), organizeaz\u0103 \u00een perioada 07-17 aprilie 2023, \u00een Parcul Regele Mihai I, T\u00e2rgul de Pa\u0219te \u201eTradi\u021bii \u0219i Flori de S\u0103rb\u0103tori\u201d. Timp de 11 zile, t\u00e2rgul va g\u0103zdui crea\u021bii autentice rom\u00e2ne\u0219ti. Produc\u0103tori \u0219i me\u0219te\u0219ugari din toate col\u021burile \u021b\u0103rii \u00ee\u0219i vor expune produsele tradi\u021bionale \u0219i [&hellip;]<\/p>\n","protected":false},"author":45,"featured_media":56740,"comment_status":"closed","ping_status":"open","sticky":false,"template":"","format":"standard","meta":{"_acf_changed":false,"inline_featured_image":false,"ngg_post_thumbnail":0,"footnotes":""},"categories":[62],"tags":[],"ppma_author":[22604],"class_list":["post-56739","post","type-post","status-publish","format-standard","has-post-thumbnail","hentry","category-stiri"],"acf":[],"yoast_head":"<!-- This site is optimized with the Yoast SEO Premium plugin v25.3 (Yoast SEO v27.5) - https:\/\/yoast.com\/product\/yoast-seo-premium-wordpress\/ -->\n<title>T\u00e2rg de Pa\u0219te \u00een Parcul Regele Mihai I, \u00een perioada 07-17 aprilie - Buletin de Bucure\u0219ti<\/title>\n<meta name=\"robots\" content=\"index, follow, max-snippet:-1, max-image-preview:large, max-video-preview:-1\" \/>\n<link rel=\"canonical\" href=\"https:\/\/buletin.de\/bucuresti\/targ-de-paste-in-parcul-regele-mihai-i-in-perioada-07-17-aprilie\/\" \/>\n<meta property=\"og:locale\" content=\"en_GB\" \/>\n<meta property=\"og:type\" content=\"article\" \/>\n<meta property=\"og:title\" content=\"T\u00e2rg de Pa\u0219te \u00een Parcul Regele Mihai I, \u00een perioada 07-17 aprilie\" \/>\n<meta property=\"og:description\" content=\"Prim\u0103ria Capitalei \u0219i CREART (Centrul de Crea\u021bie, Art\u0103 \u0219i Tradi\u021bie al Municipiului Bucure\u0219ti), organizeaz\u0103 \u00een perioada 07-17 aprilie 2023, \u00een Parcul Regele Mihai I, T\u00e2rgul de Pa\u0219te \u201eTradi\u021bii \u0219i Flori de S\u0103rb\u0103tori\u201d. Timp de 11 zile, t\u00e2rgul va g\u0103zdui crea\u021bii autentice rom\u00e2ne\u0219ti. Produc\u0103tori \u0219i me\u0219te\u0219ugari din toate col\u021burile \u021b\u0103rii \u00ee\u0219i vor expune produsele tradi\u021bionale \u0219i [&hellip;]\" \/>\n<meta property=\"og:url\" content=\"https:\/\/buletin.de\/bucuresti\/targ-de-paste-in-parcul-regele-mihai-i-in-perioada-07-17-aprilie\/\" \/>\n<meta property=\"og:site_name\" content=\"Buletin de Bucure\u0219ti\" \/>\n<meta property=\"article:publisher\" content=\"https:\/\/www.facebook.com\/buletin.de.buc\" \/>\n<meta property=\"article:published_time\" content=\"2023-03-25T10:18:35+00:00\" \/>\n<meta property=\"og:image\" content=\"https:\/\/buletin.de\/bucuresti\/wp-content\/uploads\/336914906_776934580617032_7653787696194254582_n.jpg\" \/>\n\t<meta property=\"og:image:width\" content=\"1024\" \/>\n\t<meta property=\"og:image:height\" content=\"1024\" \/>\n\t<meta property=\"og:image:type\" content=\"image\/jpeg\" \/>\n<meta name=\"author\" content=\"Teodora \u0218uta\" \/>\n<meta name=\"twitter:card\" content=\"summary_large_image\" \/>\n<meta name=\"twitter:label1\" content=\"Written by\" \/>\n\t<meta name=\"twitter:data1\" content=\"Teodora \u0218uta\" \/>\n\t<meta name=\"twitter:label2\" content=\"Estimated reading time\" \/>\n\t<meta name=\"twitter:data2\" content=\"1 minute\" \/>\n<script type=\"application\/ld+json\" class=\"yoast-schema-graph\">{\"@context\":\"https:\\\/\\\/schema.org\",\"@graph\":[{\"@type\":\"Article\",\"@id\":\"https:\\\/\\\/buletin.de\\\/bucuresti\\\/targ-de-paste-in-parcul-regele-mihai-i-in-perioada-07-17-aprilie\\\/#article\",\"isPartOf\":{\"@id\":\"https:\\\/\\\/buletin.de\\\/bucuresti\\\/targ-de-paste-in-parcul-regele-mihai-i-in-perioada-07-17-aprilie\\\/\"},\"author\":{\"name\":\"Teodora \u0218uta\",\"@id\":\"https:\\\/\\\/buletin.de\\\/bucuresti\\\/#\\\/schema\\\/person\\\/5d54908fa90ab7ad3b2e88152efd6845\"},\"headline\":\"T\u00e2rg de Pa\u0219te \u00een Parcul Regele Mihai I, \u00een perioada 07-17 aprilie\",\"datePublished\":\"2023-03-25T10:18:35+00:00\",\"mainEntityOfPage\":{\"@id\":\"https:\\\/\\\/buletin.de\\\/bucuresti\\\/targ-de-paste-in-parcul-regele-mihai-i-in-perioada-07-17-aprilie\\\/\"},\"wordCount\":185,\"publisher\":{\"@id\":\"https:\\\/\\\/buletin.de\\\/bucuresti\\\/#organization\"},\"image\":{\"@id\":\"https:\\\/\\\/buletin.de\\\/bucuresti\\\/targ-de-paste-in-parcul-regele-mihai-i-in-perioada-07-17-aprilie\\\/#primaryimage\"},\"thumbnailUrl\":\"https:\\\/\\\/buletin.de\\\/bucuresti\\\/wp-content\\\/uploads\\\/336914906_776934580617032_7653787696194254582_n.jpg\",\"articleSection\":[\"\u0218tiri\"],\"inLanguage\":\"en-GB\",\"copyrightYear\":\"2023\",\"copyrightHolder\":{\"@id\":\"https:\\\/\\\/buletin.de\\\/bucuresti\\\/#organization\"}},{\"@type\":\"WebPage\",\"@id\":\"https:\\\/\\\/buletin.de\\\/bucuresti\\\/targ-de-paste-in-parcul-regele-mihai-i-in-perioada-07-17-aprilie\\\/\",\"url\":\"https:\\\/\\\/buletin.de\\\/bucuresti\\\/targ-de-paste-in-parcul-regele-mihai-i-in-perioada-07-17-aprilie\\\/\",\"name\":\"T\u00e2rg de Pa\u0219te \u00een Parcul Regele Mihai I, \u00een perioada 07-17 aprilie - Buletin de Bucure\u0219ti\",\"isPartOf\":{\"@id\":\"https:\\\/\\\/buletin.de\\\/bucuresti\\\/#website\"},\"primaryImageOfPage\":{\"@id\":\"https:\\\/\\\/buletin.de\\\/bucuresti\\\/targ-de-paste-in-parcul-regele-mihai-i-in-perioada-07-17-aprilie\\\/#primaryimage\"},\"image\":{\"@id\":\"https:\\\/\\\/buletin.de\\\/bucuresti\\\/targ-de-paste-in-parcul-regele-mihai-i-in-perioada-07-17-aprilie\\\/#primaryimage\"},\"thumbnailUrl\":\"https:\\\/\\\/buletin.de\\\/bucuresti\\\/wp-content\\\/uploads\\\/336914906_776934580617032_7653787696194254582_n.jpg\",\"datePublished\":\"2023-03-25T10:18:35+00:00\",\"breadcrumb\":{\"@id\":\"https:\\\/\\\/buletin.de\\\/bucuresti\\\/targ-de-paste-in-parcul-regele-mihai-i-in-perioada-07-17-aprilie\\\/#breadcrumb\"},\"inLanguage\":\"en-GB\",\"potentialAction\":[{\"@type\":\"ReadAction\",\"target\":[\"https:\\\/\\\/buletin.de\\\/bucuresti\\\/targ-de-paste-in-parcul-regele-mihai-i-in-perioada-07-17-aprilie\\\/\"]}]},{\"@type\":\"ImageObject\",\"inLanguage\":\"en-GB\",\"@id\":\"https:\\\/\\\/buletin.de\\\/bucuresti\\\/targ-de-paste-in-parcul-regele-mihai-i-in-perioada-07-17-aprilie\\\/#primaryimage\",\"url\":\"https:\\\/\\\/buletin.de\\\/bucuresti\\\/wp-content\\\/uploads\\\/336914906_776934580617032_7653787696194254582_n.jpg\",\"contentUrl\":\"https:\\\/\\\/buletin.de\\\/bucuresti\\\/wp-content\\\/uploads\\\/336914906_776934580617032_7653787696194254582_n.jpg\",\"width\":1024,\"height\":1024},{\"@type\":\"BreadcrumbList\",\"@id\":\"https:\\\/\\\/buletin.de\\\/bucuresti\\\/targ-de-paste-in-parcul-regele-mihai-i-in-perioada-07-17-aprilie\\\/#breadcrumb\",\"itemListElement\":[{\"@type\":\"ListItem\",\"position\":1,\"name\":\"Acas\u0103\",\"item\":\"https:\\\/\\\/buletin.de\\\/bucuresti\\\/\"},{\"@type\":\"ListItem\",\"position\":2,\"name\":\"T\u00e2rg de Pa\u0219te \u00een Parcul Regele Mihai I, \u00een perioada 07-17 aprilie\"}]},{\"@type\":\"WebSite\",\"@id\":\"https:\\\/\\\/buletin.de\\\/bucuresti\\\/#website\",\"url\":\"https:\\\/\\\/buletin.de\\\/bucuresti\\\/\",\"name\":\"Buletin de Bucure\u0219ti\",\"description\":\"\u0218tiri \u0219i investiga\u021bii esen\u021biale din capital\u0103\",\"publisher\":{\"@id\":\"https:\\\/\\\/buletin.de\\\/bucuresti\\\/#organization\"},\"potentialAction\":[{\"@type\":\"SearchAction\",\"target\":{\"@type\":\"EntryPoint\",\"urlTemplate\":\"https:\\\/\\\/buletin.de\\\/bucuresti\\\/?s={search_term_string}\"},\"query-input\":{\"@type\":\"PropertyValueSpecification\",\"valueRequired\":true,\"valueName\":\"search_term_string\"}}],\"inLanguage\":\"en-GB\"},{\"@type\":\"Organization\",\"@id\":\"https:\\\/\\\/buletin.de\\\/bucuresti\\\/#organization\",\"name\":\"Buletin de Bucure\u0219ti\",\"url\":\"https:\\\/\\\/buletin.de\\\/bucuresti\\\/\",\"logo\":{\"@type\":\"ImageObject\",\"inLanguage\":\"en-GB\",\"@id\":\"https:\\\/\\\/buletin.de\\\/bucuresti\\\/#\\\/schema\\\/logo\\\/image\\\/\",\"url\":\"https:\\\/\\\/buletin.de\\\/bucuresti\\\/wp-content\\\/uploads\\\/logo-bdb-full-wide-vernil-transparent.png\",\"contentUrl\":\"https:\\\/\\\/buletin.de\\\/bucuresti\\\/wp-content\\\/uploads\\\/logo-bdb-full-wide-vernil-transparent.png\",\"width\":1782,\"height\":626,\"caption\":\"Buletin de Bucure\u0219ti\"},\"image\":{\"@id\":\"https:\\\/\\\/buletin.de\\\/bucuresti\\\/#\\\/schema\\\/logo\\\/image\\\/\"},\"sameAs\":[\"https:\\\/\\\/www.facebook.com\\\/buletin.de.buc\",\"https:\\\/\\\/www.instagram.com\\\/buletinde.bucuresti\\\/\"]},{\"@type\":\"Person\",\"@id\":\"https:\\\/\\\/buletin.de\\\/bucuresti\\\/#\\\/schema\\\/person\\\/5d54908fa90ab7ad3b2e88152efd6845\",\"name\":\"Teodora \u0218uta\",\"image\":{\"@type\":\"ImageObject\",\"inLanguage\":\"en-GB\",\"@id\":\"https:\\\/\\\/secure.gravatar.com\\\/avatar\\\/0c709226af9845d97b126aa0aa80ab42778847ec3d11d741016b74a61174088d?s=96&d=monsterid&r=gf2e0c6a01d766272c6fa8af9e494be28\",\"url\":\"https:\\\/\\\/secure.gravatar.com\\\/avatar\\\/0c709226af9845d97b126aa0aa80ab42778847ec3d11d741016b74a61174088d?s=96&d=monsterid&r=g\",\"contentUrl\":\"https:\\\/\\\/secure.gravatar.com\\\/avatar\\\/0c709226af9845d97b126aa0aa80ab42778847ec3d11d741016b74a61174088d?s=96&d=monsterid&r=g\",\"caption\":\"Teodora \u0218uta\"},\"url\":\"https:\\\/\\\/buletin.de\\\/bucuresti\\\/author\\\/mariasuta\\\/\"}]}<\/script>\n<!-- \/ Yoast SEO Premium plugin. -->","yoast_head_json":{"title":"T\u00e2rg de Pa\u0219te \u00een Parcul Regele Mihai I, \u00een perioada 07-17 aprilie - Buletin de Bucure\u0219ti","robots":{"index":"index","follow":"follow","max-snippet":"max-snippet:-1","max-image-preview":"max-image-preview:large","max-video-preview":"max-video-preview:-1"},"canonical":"https:\/\/buletin.de\/bucuresti\/targ-de-paste-in-parcul-regele-mihai-i-in-perioada-07-17-aprilie\/","og_locale":"en_GB","og_type":"article","og_title":"T\u00e2rg de Pa\u0219te \u00een Parcul Regele Mihai I, \u00een perioada 07-17 aprilie","og_description":"Prim\u0103ria Capitalei \u0219i CREART (Centrul de Crea\u021bie, Art\u0103 \u0219i Tradi\u021bie al Municipiului Bucure\u0219ti), organizeaz\u0103 \u00een perioada 07-17 aprilie 2023, \u00een Parcul Regele Mihai I, T\u00e2rgul de Pa\u0219te \u201eTradi\u021bii \u0219i Flori de S\u0103rb\u0103tori\u201d. Timp de 11 zile, t\u00e2rgul va g\u0103zdui crea\u021bii autentice rom\u00e2ne\u0219ti. Produc\u0103tori \u0219i me\u0219te\u0219ugari din toate col\u021burile \u021b\u0103rii \u00ee\u0219i vor expune produsele tradi\u021bionale \u0219i [&hellip;]","og_url":"https:\/\/buletin.de\/bucuresti\/targ-de-paste-in-parcul-regele-mihai-i-in-perioada-07-17-aprilie\/","og_site_name":"Buletin de Bucure\u0219ti","article_publisher":"https:\/\/www.facebook.com\/buletin.de.buc","article_published_time":"2023-03-25T10:18:35+00:00","og_image":[{"width":1024,"height":1024,"url":"https:\/\/buletin.de\/bucuresti\/wp-content\/uploads\/336914906_776934580617032_7653787696194254582_n.jpg","type":"image\/jpeg"}],"author":"Teodora \u0218uta","twitter_card":"summary_large_image","twitter_misc":{"Written by":"Teodora \u0218uta","Estimated reading time":"1 minute"},"schema":{"@context":"https:\/\/schema.org","@graph":[{"@type":"Article","@id":"https:\/\/buletin.de\/bucuresti\/targ-de-paste-in-parcul-regele-mihai-i-in-perioada-07-17-aprilie\/#article","isPartOf":{"@id":"https:\/\/buletin.de\/bucuresti\/targ-de-paste-in-parcul-regele-mihai-i-in-perioada-07-17-aprilie\/"},"author":{"name":"Teodora \u0218uta","@id":"https:\/\/buletin.de\/bucuresti\/#\/schema\/person\/5d54908fa90ab7ad3b2e88152efd6845"},"headline":"T\u00e2rg de Pa\u0219te \u00een Parcul Regele Mihai I, \u00een perioada 07-17 aprilie","datePublished":"2023-03-25T10:18:35+00:00","mainEntityOfPage":{"@id":"https:\/\/buletin.de\/bucuresti\/targ-de-paste-in-parcul-regele-mihai-i-in-perioada-07-17-aprilie\/"},"wordCount":185,"publisher":{"@id":"https:\/\/buletin.de\/bucuresti\/#organization"},"image":{"@id":"https:\/\/buletin.de\/bucuresti\/targ-de-paste-in-parcul-regele-mihai-i-in-perioada-07-17-aprilie\/#primaryimage"},"thumbnailUrl":"https:\/\/buletin.de\/bucuresti\/wp-content\/uploads\/336914906_776934580617032_7653787696194254582_n.jpg","articleSection":["\u0218tiri"],"inLanguage":"en-GB","copyrightYear":"2023","copyrightHolder":{"@id":"https:\/\/buletin.de\/bucuresti\/#organization"}},{"@type":"WebPage","@id":"https:\/\/buletin.de\/bucuresti\/targ-de-paste-in-parcul-regele-mihai-i-in-perioada-07-17-aprilie\/","url":"https:\/\/buletin.de\/bucuresti\/targ-de-paste-in-parcul-regele-mihai-i-in-perioada-07-17-aprilie\/","name":"T\u00e2rg de Pa\u0219te \u00een Parcul Regele Mihai I, \u00een perioada 07-17 aprilie - Buletin de Bucure\u0219ti","isPartOf":{"@id":"https:\/\/buletin.de\/bucuresti\/#website"},"primaryImageOfPage":{"@id":"https:\/\/buletin.de\/bucuresti\/targ-de-paste-in-parcul-regele-mihai-i-in-perioada-07-17-aprilie\/#primaryimage"},"image":{"@id":"https:\/\/buletin.de\/bucuresti\/targ-de-paste-in-parcul-regele-mihai-i-in-perioada-07-17-aprilie\/#primaryimage"},"thumbnailUrl":"https:\/\/buletin.de\/bucuresti\/wp-content\/uploads\/336914906_776934580617032_7653787696194254582_n.jpg","datePublished":"2023-03-25T10:18:35+00:00","breadcrumb":{"@id":"https:\/\/buletin.de\/bucuresti\/targ-de-paste-in-parcul-regele-mihai-i-in-perioada-07-17-aprilie\/#breadcrumb"},"inLanguage":"en-GB","potentialAction":[{"@type":"ReadAction","target":["https:\/\/buletin.de\/bucuresti\/targ-de-paste-in-parcul-regele-mihai-i-in-perioada-07-17-aprilie\/"]}]},{"@type":"ImageObject","inLanguage":"en-GB","@id":"https:\/\/buletin.de\/bucuresti\/targ-de-paste-in-parcul-regele-mihai-i-in-perioada-07-17-aprilie\/#primaryimage","url":"https:\/\/buletin.de\/bucuresti\/wp-content\/uploads\/336914906_776934580617032_7653787696194254582_n.jpg","contentUrl":"https:\/\/buletin.de\/bucuresti\/wp-content\/uploads\/336914906_776934580617032_7653787696194254582_n.jpg","width":1024,"height":1024},{"@type":"BreadcrumbList","@id":"https:\/\/buletin.de\/bucuresti\/targ-de-paste-in-parcul-regele-mihai-i-in-perioada-07-17-aprilie\/#breadcrumb","itemListElement":[{"@type":"ListItem","position":1,"name":"Acas\u0103","item":"https:\/\/buletin.de\/bucuresti\/"},{"@type":"ListItem","position":2,"name":"T\u00e2rg de Pa\u0219te \u00een Parcul Regele Mihai I, \u00een perioada 07-17 aprilie"}]},{"@type":"WebSite","@id":"https:\/\/buletin.de\/bucuresti\/#website","url":"https:\/\/buletin.de\/bucuresti\/","name":"Buletin de Bucure\u0219ti","description":"\u0218tiri \u0219i investiga\u021bii esen\u021biale din capital\u0103","publisher":{"@id":"https:\/\/buletin.de\/bucuresti\/#organization"},"potentialAction":[{"@type":"SearchAction","target":{"@type":"EntryPoint","urlTemplate":"https:\/\/buletin.de\/bucuresti\/?s={search_term_string}"},"query-input":{"@type":"PropertyValueSpecification","valueRequired":true,"valueName":"search_term_string"}}],"inLanguage":"en-GB"},{"@type":"Organization","@id":"https:\/\/buletin.de\/bucuresti\/#organization","name":"Buletin de Bucure\u0219ti","url":"https:\/\/buletin.de\/bucuresti\/","logo":{"@type":"ImageObject","inLanguage":"en-GB","@id":"https:\/\/buletin.de\/bucuresti\/#\/schema\/logo\/image\/","url":"https:\/\/buletin.de\/bucuresti\/wp-content\/uploads\/logo-bdb-full-wide-vernil-transparent.png","contentUrl":"https:\/\/buletin.de\/bucuresti\/wp-content\/uploads\/logo-bdb-full-wide-vernil-transparent.png","width":1782,"height":626,"caption":"Buletin de Bucure\u0219ti"},"image":{"@id":"https:\/\/buletin.de\/bucuresti\/#\/schema\/logo\/image\/"},"sameAs":["https:\/\/www.facebook.com\/buletin.de.buc","https:\/\/www.instagram.com\/buletinde.bucuresti\/"]},{"@type":"Person","@id":"https:\/\/buletin.de\/bucuresti\/#\/schema\/person\/5d54908fa90ab7ad3b2e88152efd6845","name":"Teodora \u0218uta","image":{"@type":"ImageObject","inLanguage":"en-GB","@id":"https:\/\/secure.gravatar.com\/avatar\/0c709226af9845d97b126aa0aa80ab42778847ec3d11d741016b74a61174088d?s=96&d=monsterid&r=gf2e0c6a01d766272c6fa8af9e494be28","url":"https:\/\/secure.gravatar.com\/avatar\/0c709226af9845d97b126aa0aa80ab42778847ec3d11d741016b74a61174088d?s=96&d=monsterid&r=g","contentUrl":"https:\/\/secure.gravatar.com\/avatar\/0c709226af9845d97b126aa0aa80ab42778847ec3d11d741016b74a61174088d?s=96&d=monsterid&r=g","caption":"Teodora \u0218uta"},"url":"https:\/\/buletin.de\/bucuresti\/author\/mariasuta\/"}]}},"authors":[{"term_id":22604,"user_id":45,"is_guest":0,"slug":"mariasuta","display_name":"Teodora \u0218uta","avatar_url":"https:\/\/secure.gravatar.com\/avatar\/0c709226af9845d97b126aa0aa80ab42778847ec3d11d741016b74a61174088d?s=96&d=monsterid&r=g","0":null,"1":"","2":"","3":"","4":"","5":"","6":"","7":"","8":""}],"_links":{"self":[{"href":"https:\/\/buletin.de\/bucuresti\/wp-json\/wp\/v2\/posts\/56739","targetHints":{"allow":["GET"]}}],"collection":[{"href":"https:\/\/buletin.de\/bucuresti\/wp-json\/wp\/v2\/posts"}],"about":[{"href":"https:\/\/buletin.de\/bucuresti\/wp-json\/wp\/v2\/types\/post"}],"author":[{"embeddable":true,"href":"https:\/\/buletin.de\/bucuresti\/wp-json\/wp\/v2\/users\/45"}],"replies":[{"embeddable":true,"href":"https:\/\/buletin.de\/bucuresti\/wp-json\/wp\/v2\/comments?post=56739"}],"version-history":[{"count":2,"href":"https:\/\/buletin.de\/bucuresti\/wp-json\/wp\/v2\/posts\/56739\/revisions"}],"predecessor-version":[{"id":56744,"href":"https:\/\/buletin.de\/bucuresti\/wp-json\/wp\/v2\/posts\/56739\/revisions\/56744"}],"wp:featuredmedia":[{"embeddable":true,"href":"https:\/\/buletin.de\/bucuresti\/wp-json\/wp\/v2\/media\/56740"}],"wp:attachment":[{"href":"https:\/\/buletin.de\/bucuresti\/wp-json\/wp\/v2\/media?parent=56739"}],"wp:term":[{"taxonomy":"category","embeddable":true,"href":"https:\/\/buletin.de\/bucuresti\/wp-json\/wp\/v2\/categories?post=56739"},{"taxonomy":"post_tag","embeddable":true,"href":"https:\/\/buletin.de\/bucuresti\/wp-json\/wp\/v2\/tags?post=56739"},{"taxonomy":"author","embeddable":true,"href":"https:\/\/buletin.de\/bucuresti\/wp-json\/wp\/v2\/ppma_author?post=56739"}],"curies":[{"name":"wp","href":"https:\/\/api.w.org\/{rel}","templated":true}]}}