{"id":56463,"date":"2023-03-22T08:31:55","date_gmt":"2023-03-22T06:31:55","guid":{"rendered":"https:\/\/buletin.de\/bucuresti\/?p=56463"},"modified":"2023-03-22T08:31:56","modified_gmt":"2023-03-22T06:31:56","slug":"linia-21-revine-pe-traseul-de-baza-de-la-1-aprilie","status":"publish","type":"post","link":"https:\/\/buletin.de\/bucuresti\/linia-21-revine-pe-traseul-de-baza-de-la-1-aprilie\/","title":{"rendered":"Linia 21 revine pe traseul de baz\u0103, de la 1 aprilie"},"content":{"rendered":"\n<p><strong>Linia de tramvai&nbsp;21&nbsp;va reveni, de s\u00e2mb\u0103t\u0103, 1 aprilie, pe traseul de baz\u0103, cuprins \u00eentre terminalele \u201ePia\u0163a Sf. Gheorghe\u201d \u015fi \u201ePasaj Colentina\u201d, ca urmare a \u00eendeplinirii condi\u0163iilor necesare pentru reluarea circula\u0163iei tramvaielor \u00een intersec\u0163ia \u015eos. Colentina\/Str. Doamna Ghica.<\/strong><\/p>\n\n\n\n<figure class=\"wp-block-image size-large\"><img fetchpriority=\"high\" decoding=\"async\" width=\"900\" height=\"514\" src=\"data:image\/gif;base64,R0lGODlhAQABAAAAACH5BAEKAAEALAAAAAABAAEAAAICTAEAOw==\" data-src=\"https:\/\/buletin.de\/bucuresti\/wp-content\/uploads\/336797989_1666727997180280_2162804336160411873_n-1-900x514.jpg\" alt=\"\" class=\"wp-image-56465 lazyload\" data-sizes=\"auto\" data-srcset=\"https:\/\/buletin.de\/bucuresti\/wp-content\/uploads\/336797989_1666727997180280_2162804336160411873_n-1-900x514.jpg 900w, https:\/\/buletin.de\/bucuresti\/wp-content\/uploads\/336797989_1666727997180280_2162804336160411873_n-1-300x171.jpg 300w, https:\/\/buletin.de\/bucuresti\/wp-content\/uploads\/336797989_1666727997180280_2162804336160411873_n-1-768x439.jpg 768w, https:\/\/buletin.de\/bucuresti\/wp-content\/uploads\/336797989_1666727997180280_2162804336160411873_n-1-1536x877.jpg 1536w, https:\/\/buletin.de\/bucuresti\/wp-content\/uploads\/336797989_1666727997180280_2162804336160411873_n-1-1060x605.jpg 1060w, https:\/\/buletin.de\/bucuresti\/wp-content\/uploads\/336797989_1666727997180280_2162804336160411873_n-1-550x314.jpg 550w, https:\/\/buletin.de\/bucuresti\/wp-content\/uploads\/336797989_1666727997180280_2162804336160411873_n-1-876x500.jpg 876w, https:\/\/buletin.de\/bucuresti\/wp-content\/uploads\/336797989_1666727997180280_2162804336160411873_n-1-600x343.jpg 600w, https:\/\/buletin.de\/bucuresti\/wp-content\/uploads\/336797989_1666727997180280_2162804336160411873_n-1.jpg 1613w\" sizes=\"(max-width: 900px) 100vw, 900px\" \/><figcaption>Surs\u0103 foto: Facebook, STB<\/figcaption><\/figure>\n\n\n\n<p>De la aceea\u015fi dat\u0103,&nbsp;<strong>linia navet\u0103 de autobuz 621<\/strong>, care a asigurat preluarea fluxurilor de c\u0103l\u0103tori pe \u0218os. Colentina, pe tronsonul cuprins \u00eentre rondul \u201eBucur Obor\u201d \u0219i \u201ePasaj Colentina\u201d, pe durata modific\u0103rii traseului liniei 21,&nbsp;<strong>va fi suspendat\u0103<\/strong>, informeaz\u0103 STB.<\/p>\n","protected":false},"excerpt":{"rendered":"<p>Linia de tramvai&nbsp;21&nbsp;va reveni, de s\u00e2mb\u0103t\u0103, 1 aprilie, pe traseul de baz\u0103, cuprins \u00eentre terminalele \u201ePia\u0163a Sf. Gheorghe\u201d \u015fi \u201ePasaj Colentina\u201d, ca urmare a \u00eendeplinirii condi\u0163iilor necesare pentru reluarea circula\u0163iei tramvaielor \u00een intersec\u0163ia \u015eos. Colentina\/Str. Doamna Ghica. De la aceea\u015fi dat\u0103,&nbsp;linia navet\u0103 de autobuz 621, care a asigurat preluarea fluxurilor de c\u0103l\u0103tori pe \u0218os. Colentina, [&hellip;]<\/p>\n","protected":false},"author":46,"featured_media":56464,"comment_status":"closed","ping_status":"open","sticky":false,"template":"","format":"standard","meta":{"_acf_changed":false,"inline_featured_image":false,"ngg_post_thumbnail":0,"footnotes":""},"categories":[650],"tags":[],"ppma_author":[22605],"class_list":["post-56463","post","type-post","status-publish","format-standard","has-post-thumbnail","hentry","category-transport"],"acf":[],"yoast_head":"<!-- This site is optimized with the Yoast SEO Premium plugin v25.3 (Yoast SEO v27.5) - https:\/\/yoast.com\/product\/yoast-seo-premium-wordpress\/ -->\n<title>Linia 21 revine pe traseul de baz\u0103, de la 1 aprilie - Buletin de Bucure\u0219ti<\/title>\n<meta name=\"robots\" content=\"index, follow, max-snippet:-1, max-image-preview:large, max-video-preview:-1\" \/>\n<link rel=\"canonical\" href=\"https:\/\/buletin.de\/bucuresti\/linia-21-revine-pe-traseul-de-baza-de-la-1-aprilie\/\" \/>\n<meta property=\"og:locale\" content=\"en_GB\" \/>\n<meta property=\"og:type\" content=\"article\" \/>\n<meta property=\"og:title\" content=\"Linia 21 revine pe traseul de baz\u0103, de la 1 aprilie\" \/>\n<meta property=\"og:description\" content=\"Linia de tramvai&nbsp;21&nbsp;va reveni, de s\u00e2mb\u0103t\u0103, 1 aprilie, pe traseul de baz\u0103, cuprins \u00eentre terminalele \u201ePia\u0163a Sf. Gheorghe\u201d \u015fi \u201ePasaj Colentina\u201d, ca urmare a \u00eendeplinirii condi\u0163iilor necesare pentru reluarea circula\u0163iei tramvaielor \u00een intersec\u0163ia \u015eos. Colentina\/Str. Doamna Ghica. De la aceea\u015fi dat\u0103,&nbsp;linia navet\u0103 de autobuz 621, care a asigurat preluarea fluxurilor de c\u0103l\u0103tori pe \u0218os. Colentina, [&hellip;]\" \/>\n<meta property=\"og:url\" content=\"https:\/\/buletin.de\/bucuresti\/linia-21-revine-pe-traseul-de-baza-de-la-1-aprilie\/\" \/>\n<meta property=\"og:site_name\" content=\"Buletin de Bucure\u0219ti\" \/>\n<meta property=\"article:publisher\" content=\"https:\/\/www.facebook.com\/buletin.de.buc\" \/>\n<meta property=\"article:published_time\" content=\"2023-03-22T06:31:55+00:00\" \/>\n<meta property=\"article:modified_time\" content=\"2023-03-22T06:31:56+00:00\" \/>\n<meta property=\"og:image\" content=\"https:\/\/buletin.de\/bucuresti\/wp-content\/uploads\/336797989_1666727997180280_2162804336160411873_n.jpg\" \/>\n\t<meta property=\"og:image:width\" content=\"1613\" \/>\n\t<meta property=\"og:image:height\" content=\"921\" \/>\n\t<meta property=\"og:image:type\" content=\"image\/jpeg\" \/>\n<meta name=\"author\" content=\"Andreea Gelatu\" \/>\n<meta name=\"twitter:card\" content=\"summary_large_image\" \/>\n<meta name=\"twitter:label1\" content=\"Written by\" \/>\n\t<meta name=\"twitter:data1\" content=\"Andreea Gelatu\" \/>\n\t<meta name=\"twitter:label2\" content=\"Estimated reading time\" \/>\n\t<meta name=\"twitter:data2\" content=\"1 minute\" \/>\n<script type=\"application\/ld+json\" class=\"yoast-schema-graph\">{\"@context\":\"https:\\\/\\\/schema.org\",\"@graph\":[{\"@type\":\"Article\",\"@id\":\"https:\\\/\\\/buletin.de\\\/bucuresti\\\/linia-21-revine-pe-traseul-de-baza-de-la-1-aprilie\\\/#article\",\"isPartOf\":{\"@id\":\"https:\\\/\\\/buletin.de\\\/bucuresti\\\/linia-21-revine-pe-traseul-de-baza-de-la-1-aprilie\\\/\"},\"author\":{\"name\":\"Andreea Gelatu\",\"@id\":\"https:\\\/\\\/buletin.de\\\/bucuresti\\\/#\\\/schema\\\/person\\\/87734700b2c7f8608881f7e93b8834de\"},\"headline\":\"Linia 21 revine pe traseul de baz\u0103, de la 1 aprilie\",\"datePublished\":\"2023-03-22T06:31:55+00:00\",\"dateModified\":\"2023-03-22T06:31:56+00:00\",\"mainEntityOfPage\":{\"@id\":\"https:\\\/\\\/buletin.de\\\/bucuresti\\\/linia-21-revine-pe-traseul-de-baza-de-la-1-aprilie\\\/\"},\"wordCount\":103,\"publisher\":{\"@id\":\"https:\\\/\\\/buletin.de\\\/bucuresti\\\/#organization\"},\"image\":{\"@id\":\"https:\\\/\\\/buletin.de\\\/bucuresti\\\/linia-21-revine-pe-traseul-de-baza-de-la-1-aprilie\\\/#primaryimage\"},\"thumbnailUrl\":\"https:\\\/\\\/buletin.de\\\/bucuresti\\\/wp-content\\\/uploads\\\/336797989_1666727997180280_2162804336160411873_n.jpg\",\"articleSection\":[\"Transport\"],\"inLanguage\":\"en-GB\",\"copyrightYear\":\"2023\",\"copyrightHolder\":{\"@id\":\"https:\\\/\\\/buletin.de\\\/bucuresti\\\/#organization\"}},{\"@type\":\"WebPage\",\"@id\":\"https:\\\/\\\/buletin.de\\\/bucuresti\\\/linia-21-revine-pe-traseul-de-baza-de-la-1-aprilie\\\/\",\"url\":\"https:\\\/\\\/buletin.de\\\/bucuresti\\\/linia-21-revine-pe-traseul-de-baza-de-la-1-aprilie\\\/\",\"name\":\"Linia 21 revine pe traseul de baz\u0103, de la 1 aprilie - Buletin de Bucure\u0219ti\",\"isPartOf\":{\"@id\":\"https:\\\/\\\/buletin.de\\\/bucuresti\\\/#website\"},\"primaryImageOfPage\":{\"@id\":\"https:\\\/\\\/buletin.de\\\/bucuresti\\\/linia-21-revine-pe-traseul-de-baza-de-la-1-aprilie\\\/#primaryimage\"},\"image\":{\"@id\":\"https:\\\/\\\/buletin.de\\\/bucuresti\\\/linia-21-revine-pe-traseul-de-baza-de-la-1-aprilie\\\/#primaryimage\"},\"thumbnailUrl\":\"https:\\\/\\\/buletin.de\\\/bucuresti\\\/wp-content\\\/uploads\\\/336797989_1666727997180280_2162804336160411873_n.jpg\",\"datePublished\":\"2023-03-22T06:31:55+00:00\",\"dateModified\":\"2023-03-22T06:31:56+00:00\",\"breadcrumb\":{\"@id\":\"https:\\\/\\\/buletin.de\\\/bucuresti\\\/linia-21-revine-pe-traseul-de-baza-de-la-1-aprilie\\\/#breadcrumb\"},\"inLanguage\":\"en-GB\",\"potentialAction\":[{\"@type\":\"ReadAction\",\"target\":[\"https:\\\/\\\/buletin.de\\\/bucuresti\\\/linia-21-revine-pe-traseul-de-baza-de-la-1-aprilie\\\/\"]}]},{\"@type\":\"ImageObject\",\"inLanguage\":\"en-GB\",\"@id\":\"https:\\\/\\\/buletin.de\\\/bucuresti\\\/linia-21-revine-pe-traseul-de-baza-de-la-1-aprilie\\\/#primaryimage\",\"url\":\"https:\\\/\\\/buletin.de\\\/bucuresti\\\/wp-content\\\/uploads\\\/336797989_1666727997180280_2162804336160411873_n.jpg\",\"contentUrl\":\"https:\\\/\\\/buletin.de\\\/bucuresti\\\/wp-content\\\/uploads\\\/336797989_1666727997180280_2162804336160411873_n.jpg\",\"width\":1613,\"height\":921},{\"@type\":\"BreadcrumbList\",\"@id\":\"https:\\\/\\\/buletin.de\\\/bucuresti\\\/linia-21-revine-pe-traseul-de-baza-de-la-1-aprilie\\\/#breadcrumb\",\"itemListElement\":[{\"@type\":\"ListItem\",\"position\":1,\"name\":\"Acas\u0103\",\"item\":\"https:\\\/\\\/buletin.de\\\/bucuresti\\\/\"},{\"@type\":\"ListItem\",\"position\":2,\"name\":\"Linia 21 revine pe traseul de baz\u0103, de la 1 aprilie\"}]},{\"@type\":\"WebSite\",\"@id\":\"https:\\\/\\\/buletin.de\\\/bucuresti\\\/#website\",\"url\":\"https:\\\/\\\/buletin.de\\\/bucuresti\\\/\",\"name\":\"Buletin de Bucure\u0219ti\",\"description\":\"\u0218tiri \u0219i investiga\u021bii esen\u021biale din capital\u0103\",\"publisher\":{\"@id\":\"https:\\\/\\\/buletin.de\\\/bucuresti\\\/#organization\"},\"potentialAction\":[{\"@type\":\"SearchAction\",\"target\":{\"@type\":\"EntryPoint\",\"urlTemplate\":\"https:\\\/\\\/buletin.de\\\/bucuresti\\\/?s={search_term_string}\"},\"query-input\":{\"@type\":\"PropertyValueSpecification\",\"valueRequired\":true,\"valueName\":\"search_term_string\"}}],\"inLanguage\":\"en-GB\"},{\"@type\":\"Organization\",\"@id\":\"https:\\\/\\\/buletin.de\\\/bucuresti\\\/#organization\",\"name\":\"Buletin de Bucure\u0219ti\",\"url\":\"https:\\\/\\\/buletin.de\\\/bucuresti\\\/\",\"logo\":{\"@type\":\"ImageObject\",\"inLanguage\":\"en-GB\",\"@id\":\"https:\\\/\\\/buletin.de\\\/bucuresti\\\/#\\\/schema\\\/logo\\\/image\\\/\",\"url\":\"https:\\\/\\\/buletin.de\\\/bucuresti\\\/wp-content\\\/uploads\\\/logo-bdb-full-wide-vernil-transparent.png\",\"contentUrl\":\"https:\\\/\\\/buletin.de\\\/bucuresti\\\/wp-content\\\/uploads\\\/logo-bdb-full-wide-vernil-transparent.png\",\"width\":1782,\"height\":626,\"caption\":\"Buletin de Bucure\u0219ti\"},\"image\":{\"@id\":\"https:\\\/\\\/buletin.de\\\/bucuresti\\\/#\\\/schema\\\/logo\\\/image\\\/\"},\"sameAs\":[\"https:\\\/\\\/www.facebook.com\\\/buletin.de.buc\",\"https:\\\/\\\/www.instagram.com\\\/buletinde.bucuresti\\\/\"]},{\"@type\":\"Person\",\"@id\":\"https:\\\/\\\/buletin.de\\\/bucuresti\\\/#\\\/schema\\\/person\\\/87734700b2c7f8608881f7e93b8834de\",\"name\":\"Andreea Gelatu\",\"image\":{\"@type\":\"ImageObject\",\"inLanguage\":\"en-GB\",\"@id\":\"https:\\\/\\\/secure.gravatar.com\\\/avatar\\\/b716eca2f984b9b65bdd87118b4b909d940b619cbe6e8cb725fe11c1b1f4194f?s=96&d=monsterid&r=g9b5eff4996c6b842a29b3057a7b4746f\",\"url\":\"https:\\\/\\\/secure.gravatar.com\\\/avatar\\\/b716eca2f984b9b65bdd87118b4b909d940b619cbe6e8cb725fe11c1b1f4194f?s=96&d=monsterid&r=g\",\"contentUrl\":\"https:\\\/\\\/secure.gravatar.com\\\/avatar\\\/b716eca2f984b9b65bdd87118b4b909d940b619cbe6e8cb725fe11c1b1f4194f?s=96&d=monsterid&r=g\",\"caption\":\"Andreea Gelatu\"},\"url\":\"https:\\\/\\\/buletin.de\\\/bucuresti\\\/author\\\/andreeagelatu\\\/\"}]}<\/script>\n<!-- \/ Yoast SEO Premium plugin. -->","yoast_head_json":{"title":"Linia 21 revine pe traseul de baz\u0103, de la 1 aprilie - Buletin de Bucure\u0219ti","robots":{"index":"index","follow":"follow","max-snippet":"max-snippet:-1","max-image-preview":"max-image-preview:large","max-video-preview":"max-video-preview:-1"},"canonical":"https:\/\/buletin.de\/bucuresti\/linia-21-revine-pe-traseul-de-baza-de-la-1-aprilie\/","og_locale":"en_GB","og_type":"article","og_title":"Linia 21 revine pe traseul de baz\u0103, de la 1 aprilie","og_description":"Linia de tramvai&nbsp;21&nbsp;va reveni, de s\u00e2mb\u0103t\u0103, 1 aprilie, pe traseul de baz\u0103, cuprins \u00eentre terminalele \u201ePia\u0163a Sf. Gheorghe\u201d \u015fi \u201ePasaj Colentina\u201d, ca urmare a \u00eendeplinirii condi\u0163iilor necesare pentru reluarea circula\u0163iei tramvaielor \u00een intersec\u0163ia \u015eos. Colentina\/Str. Doamna Ghica. De la aceea\u015fi dat\u0103,&nbsp;linia navet\u0103 de autobuz 621, care a asigurat preluarea fluxurilor de c\u0103l\u0103tori pe \u0218os. Colentina, [&hellip;]","og_url":"https:\/\/buletin.de\/bucuresti\/linia-21-revine-pe-traseul-de-baza-de-la-1-aprilie\/","og_site_name":"Buletin de Bucure\u0219ti","article_publisher":"https:\/\/www.facebook.com\/buletin.de.buc","article_published_time":"2023-03-22T06:31:55+00:00","article_modified_time":"2023-03-22T06:31:56+00:00","og_image":[{"width":1613,"height":921,"url":"https:\/\/buletin.de\/bucuresti\/wp-content\/uploads\/336797989_1666727997180280_2162804336160411873_n.jpg","type":"image\/jpeg"}],"author":"Andreea Gelatu","twitter_card":"summary_large_image","twitter_misc":{"Written by":"Andreea Gelatu","Estimated reading time":"1 minute"},"schema":{"@context":"https:\/\/schema.org","@graph":[{"@type":"Article","@id":"https:\/\/buletin.de\/bucuresti\/linia-21-revine-pe-traseul-de-baza-de-la-1-aprilie\/#article","isPartOf":{"@id":"https:\/\/buletin.de\/bucuresti\/linia-21-revine-pe-traseul-de-baza-de-la-1-aprilie\/"},"author":{"name":"Andreea Gelatu","@id":"https:\/\/buletin.de\/bucuresti\/#\/schema\/person\/87734700b2c7f8608881f7e93b8834de"},"headline":"Linia 21 revine pe traseul de baz\u0103, de la 1 aprilie","datePublished":"2023-03-22T06:31:55+00:00","dateModified":"2023-03-22T06:31:56+00:00","mainEntityOfPage":{"@id":"https:\/\/buletin.de\/bucuresti\/linia-21-revine-pe-traseul-de-baza-de-la-1-aprilie\/"},"wordCount":103,"publisher":{"@id":"https:\/\/buletin.de\/bucuresti\/#organization"},"image":{"@id":"https:\/\/buletin.de\/bucuresti\/linia-21-revine-pe-traseul-de-baza-de-la-1-aprilie\/#primaryimage"},"thumbnailUrl":"https:\/\/buletin.de\/bucuresti\/wp-content\/uploads\/336797989_1666727997180280_2162804336160411873_n.jpg","articleSection":["Transport"],"inLanguage":"en-GB","copyrightYear":"2023","copyrightHolder":{"@id":"https:\/\/buletin.de\/bucuresti\/#organization"}},{"@type":"WebPage","@id":"https:\/\/buletin.de\/bucuresti\/linia-21-revine-pe-traseul-de-baza-de-la-1-aprilie\/","url":"https:\/\/buletin.de\/bucuresti\/linia-21-revine-pe-traseul-de-baza-de-la-1-aprilie\/","name":"Linia 21 revine pe traseul de baz\u0103, de la 1 aprilie - Buletin de Bucure\u0219ti","isPartOf":{"@id":"https:\/\/buletin.de\/bucuresti\/#website"},"primaryImageOfPage":{"@id":"https:\/\/buletin.de\/bucuresti\/linia-21-revine-pe-traseul-de-baza-de-la-1-aprilie\/#primaryimage"},"image":{"@id":"https:\/\/buletin.de\/bucuresti\/linia-21-revine-pe-traseul-de-baza-de-la-1-aprilie\/#primaryimage"},"thumbnailUrl":"https:\/\/buletin.de\/bucuresti\/wp-content\/uploads\/336797989_1666727997180280_2162804336160411873_n.jpg","datePublished":"2023-03-22T06:31:55+00:00","dateModified":"2023-03-22T06:31:56+00:00","breadcrumb":{"@id":"https:\/\/buletin.de\/bucuresti\/linia-21-revine-pe-traseul-de-baza-de-la-1-aprilie\/#breadcrumb"},"inLanguage":"en-GB","potentialAction":[{"@type":"ReadAction","target":["https:\/\/buletin.de\/bucuresti\/linia-21-revine-pe-traseul-de-baza-de-la-1-aprilie\/"]}]},{"@type":"ImageObject","inLanguage":"en-GB","@id":"https:\/\/buletin.de\/bucuresti\/linia-21-revine-pe-traseul-de-baza-de-la-1-aprilie\/#primaryimage","url":"https:\/\/buletin.de\/bucuresti\/wp-content\/uploads\/336797989_1666727997180280_2162804336160411873_n.jpg","contentUrl":"https:\/\/buletin.de\/bucuresti\/wp-content\/uploads\/336797989_1666727997180280_2162804336160411873_n.jpg","width":1613,"height":921},{"@type":"BreadcrumbList","@id":"https:\/\/buletin.de\/bucuresti\/linia-21-revine-pe-traseul-de-baza-de-la-1-aprilie\/#breadcrumb","itemListElement":[{"@type":"ListItem","position":1,"name":"Acas\u0103","item":"https:\/\/buletin.de\/bucuresti\/"},{"@type":"ListItem","position":2,"name":"Linia 21 revine pe traseul de baz\u0103, de la 1 aprilie"}]},{"@type":"WebSite","@id":"https:\/\/buletin.de\/bucuresti\/#website","url":"https:\/\/buletin.de\/bucuresti\/","name":"Buletin de Bucure\u0219ti","description":"\u0218tiri \u0219i investiga\u021bii esen\u021biale din capital\u0103","publisher":{"@id":"https:\/\/buletin.de\/bucuresti\/#organization"},"potentialAction":[{"@type":"SearchAction","target":{"@type":"EntryPoint","urlTemplate":"https:\/\/buletin.de\/bucuresti\/?s={search_term_string}"},"query-input":{"@type":"PropertyValueSpecification","valueRequired":true,"valueName":"search_term_string"}}],"inLanguage":"en-GB"},{"@type":"Organization","@id":"https:\/\/buletin.de\/bucuresti\/#organization","name":"Buletin de Bucure\u0219ti","url":"https:\/\/buletin.de\/bucuresti\/","logo":{"@type":"ImageObject","inLanguage":"en-GB","@id":"https:\/\/buletin.de\/bucuresti\/#\/schema\/logo\/image\/","url":"https:\/\/buletin.de\/bucuresti\/wp-content\/uploads\/logo-bdb-full-wide-vernil-transparent.png","contentUrl":"https:\/\/buletin.de\/bucuresti\/wp-content\/uploads\/logo-bdb-full-wide-vernil-transparent.png","width":1782,"height":626,"caption":"Buletin de Bucure\u0219ti"},"image":{"@id":"https:\/\/buletin.de\/bucuresti\/#\/schema\/logo\/image\/"},"sameAs":["https:\/\/www.facebook.com\/buletin.de.buc","https:\/\/www.instagram.com\/buletinde.bucuresti\/"]},{"@type":"Person","@id":"https:\/\/buletin.de\/bucuresti\/#\/schema\/person\/87734700b2c7f8608881f7e93b8834de","name":"Andreea Gelatu","image":{"@type":"ImageObject","inLanguage":"en-GB","@id":"https:\/\/secure.gravatar.com\/avatar\/b716eca2f984b9b65bdd87118b4b909d940b619cbe6e8cb725fe11c1b1f4194f?s=96&d=monsterid&r=g9b5eff4996c6b842a29b3057a7b4746f","url":"https:\/\/secure.gravatar.com\/avatar\/b716eca2f984b9b65bdd87118b4b909d940b619cbe6e8cb725fe11c1b1f4194f?s=96&d=monsterid&r=g","contentUrl":"https:\/\/secure.gravatar.com\/avatar\/b716eca2f984b9b65bdd87118b4b909d940b619cbe6e8cb725fe11c1b1f4194f?s=96&d=monsterid&r=g","caption":"Andreea Gelatu"},"url":"https:\/\/buletin.de\/bucuresti\/author\/andreeagelatu\/"}]}},"authors":[{"term_id":22605,"user_id":46,"is_guest":0,"slug":"andreeagelatu","display_name":"Andreea Gelatu","avatar_url":"https:\/\/secure.gravatar.com\/avatar\/b716eca2f984b9b65bdd87118b4b909d940b619cbe6e8cb725fe11c1b1f4194f?s=96&d=monsterid&r=g","0":null,"1":"","2":"","3":"","4":"","5":"","6":"","7":"","8":""}],"_links":{"self":[{"href":"https:\/\/buletin.de\/bucuresti\/wp-json\/wp\/v2\/posts\/56463","targetHints":{"allow":["GET"]}}],"collection":[{"href":"https:\/\/buletin.de\/bucuresti\/wp-json\/wp\/v2\/posts"}],"about":[{"href":"https:\/\/buletin.de\/bucuresti\/wp-json\/wp\/v2\/types\/post"}],"author":[{"embeddable":true,"href":"https:\/\/buletin.de\/bucuresti\/wp-json\/wp\/v2\/users\/46"}],"replies":[{"embeddable":true,"href":"https:\/\/buletin.de\/bucuresti\/wp-json\/wp\/v2\/comments?post=56463"}],"version-history":[{"count":2,"href":"https:\/\/buletin.de\/bucuresti\/wp-json\/wp\/v2\/posts\/56463\/revisions"}],"predecessor-version":[{"id":56467,"href":"https:\/\/buletin.de\/bucuresti\/wp-json\/wp\/v2\/posts\/56463\/revisions\/56467"}],"wp:featuredmedia":[{"embeddable":true,"href":"https:\/\/buletin.de\/bucuresti\/wp-json\/wp\/v2\/media\/56464"}],"wp:attachment":[{"href":"https:\/\/buletin.de\/bucuresti\/wp-json\/wp\/v2\/media?parent=56463"}],"wp:term":[{"taxonomy":"category","embeddable":true,"href":"https:\/\/buletin.de\/bucuresti\/wp-json\/wp\/v2\/categories?post=56463"},{"taxonomy":"post_tag","embeddable":true,"href":"https:\/\/buletin.de\/bucuresti\/wp-json\/wp\/v2\/tags?post=56463"},{"taxonomy":"author","embeddable":true,"href":"https:\/\/buletin.de\/bucuresti\/wp-json\/wp\/v2\/ppma_author?post=56463"}],"curies":[{"name":"wp","href":"https:\/\/api.w.org\/{rel}","templated":true}]}}