{"id":56454,"date":"2023-03-21T19:35:34","date_gmt":"2023-03-21T17:35:34","guid":{"rendered":"https:\/\/buletin.de\/bucuresti\/?p=56454"},"modified":"2025-01-22T01:44:26","modified_gmt":"2025-01-21T22:44:26","slug":"a-fost-lansata-licitatia-pentru-modernizarea-dn1a-pe-sectorul-dintre-centura-bucuresti-si-soseaua-chitila-mogosoaia","status":"publish","type":"post","link":"https:\/\/buletin.de\/bucuresti\/a-fost-lansata-licitatia-pentru-modernizarea-dn1a-pe-sectorul-dintre-centura-bucuresti-si-soseaua-chitila-mogosoaia\/","title":{"rendered":"<strong>A fost lansat\u0103&nbsp;<\/strong><strong>licita\u021bia pentru modernizarea DN1A, pe sectorul dintre Centura Bucure\u0219ti \u0219i \u0219oseaua Chitila-Mogo\u0219oaia<\/strong>"},"content":{"rendered":"\n<p><strong>A \u00eenceput procedura de licita\u021bie pentru execu\u021bia lucr\u0103rilor de modernizare pe DN1A, anun\u021b\u0103 secretarul de stat \u00een Ministerul Transporturilor,&nbsp;Irinel&nbsp;Ionel Scrio\u0219teanu, pe pagina sa de Facebook.&nbsp;Proiectul const\u0103 \u00een l\u0103rgirea la 4 benzi a sectorului de drum cuprins \u00eentre Centura Bucure\u0219ti \u0219i intersec\u021bia \u0219oseaua Chitila-Parc Mogo\u0219oaia.<\/strong><\/p>\n\n\n\n<p>Durata pentru proiectarea \u0219i execu\u021bia lucr\u0103rilor este de 12 luni din care, 2 luni perioada de proiectare \u0219i 10 luni perioada de execu\u021bie a lucr\u0103rilor.&nbsp;Proiectul este finan\u021bat&nbsp;din fonduri europene nerambursabile,&nbsp;prin Programul Opera\u021bional Infrastructur\u0103&nbsp;Mare (POIM).&nbsp;Printre obiective se num\u0103r\u0103:<\/p>\n\n\n\n<p>\u2022&nbsp;L\u0103rgirea benzii de circula\u021bie cu 3,5 m pe o lungime de 1,28 km<\/p>\n\n\n\n<p>\u2022&nbsp;Amenajarea de trotuare cu o l\u0103\u021bime de 2,5 m<\/p>\n\n\n\n<p>\u2022&nbsp;Amenajarea unei zone verzi<\/p>\n\n\n\n<p>\u2022&nbsp;Amenajarea unui pasaj pietonal subteran amplasat vis-a-vis de intrarea \u00een Parcul Mogo\u0219oaia, dotat cu sc\u0103ri fixe, sc\u0103ri rulante \u0219i un lift la fiecare acces<\/p>\n\n\n\n<p>\u2022&nbsp;Amenajarea unui pasaj suprateran dotat cu 2 lifturi \u0219i 2 sc\u0103ri fixe, \u00een vecin\u0103tatea c\u0103ruia va fi amplasat\u0103 o sta\u021bie de transport \u00een comun<\/p>\n\n\n\n<p>\u2022&nbsp;Amenajarea a 3 intersec\u021bii (DN1A cu DNCB, DN1A cu \u0218os. Chitila, DN1A cu Strada Valea Parcului)<\/p>\n\n\n\n<p>\u2022&nbsp;Lucr\u0103ri de colectare \u0219i a evacuare a apelor pluvialeVor fi realizate lucr\u0103ri de colectare \u0219i evacuare a apelor pluviale, va fi o re\u021bea nou\u0103 de canalizare pluvial\u0103 cu o lungime total\u0103 de 1250 m, un sistem de rigole carosabile pe ambele p\u0103r\u021bi ale drumului, dar \u015fi un bazin de colectare a apelor, prev\u0103zut cu grup de pompare \u0219i conduct\u0103 de refulare., lucr\u0103ri de consolidare, lucr\u0103ri pentru siguran\u021ba circula\u021biei \u0219i amenaj\u0103ri peisagistice pentru spa\u021biile verzi<\/p>\n\n\n\n<p>Scrio\u0219teanu men\u021bioneaz\u0103 \u00een postare c\u0103 \u201eprocedura de atribuire pentru execu\u021bia lucr\u0103rilor se va derula concomitent cu realizarea procedurilor de exproprieri\u201d. Potrivit unui document anexat hot\u0103r\u00e2rii de Guvern privind aprobarea demar\u0103rii lucr\u0103rilor,&nbsp;suprafa\u021ba estimat\u0103 pentru exproprieri&nbsp;este de aproximativ 41.465 mp, din care 39.259 mp constituie domeniul public \u0219i 2.206 mp propriet\u0103\u021bi.<\/p>\n\n\n\n<p>Lucr\u0103rile la Centura Bucure\u0219ti au fost am\u00e2nate \u00een trecut datorit\u0103 procedurilor de expropriere. Sec\u021biunea dintre A1 (Chiajna) \u0219i DN7 (Chitila) trebuia s\u0103 fie deschis\u0103 circula\u0163iei la 4 benzi \u00een 2016, \u00eens\u0103 din cauza unor probleme nerezolvate cu exproprierile, lucr\u0103rile au fost blocate timp de aproape un an deoarece unii proprietari au refuzat s\u0103 elibereze amplasamentele, iar evacuarea \u015fi demolarea imobilelor a \u00eent\u00e2rziat semnificativ finalizarea proiectului.<\/p>\n\n\n\n<p>\u00centr-un final,&nbsp;fostul ministru R\u0103zvan Cuc&nbsp;a inaugurat&nbsp;tronsonul dintre A1 \u015fi DN7 l\u0103rgit la 4 benzi&nbsp;\u00een august 2017, dar f\u0103r\u0103 elemente de siguran\u0163\u0103 \u015fi f\u0103r\u0103 strat de uzur\u0103 (stratul final de asfalt).&nbsp;Proiectul&nbsp;a fost demarat \u00een decembrie 2011.<\/p>\n\n\n\n<figure class=\"wp-block-image size-large\"><img fetchpriority=\"high\" decoding=\"async\" width=\"900\" height=\"529\" src=\"data:image\/gif;base64,R0lGODlhAQABAAAAACH5BAEKAAEALAAAAAABAAEAAAICTAEAOw==\" data-src=\"https:\/\/buletin.de\/bucuresti\/wp-content\/uploads\/EEE14DEE-3DD4-4B2F-926D-025A58BDF754-900x529.jpeg\" alt=\"\" class=\"wp-image-56456 lazyload\" data-sizes=\"auto\" data-srcset=\"https:\/\/buletin.de\/bucuresti\/wp-content\/uploads\/EEE14DEE-3DD4-4B2F-926D-025A58BDF754-900x529.jpeg 900w, https:\/\/buletin.de\/bucuresti\/wp-content\/uploads\/EEE14DEE-3DD4-4B2F-926D-025A58BDF754-300x176.jpeg 300w, https:\/\/buletin.de\/bucuresti\/wp-content\/uploads\/EEE14DEE-3DD4-4B2F-926D-025A58BDF754-768x452.jpeg 768w, https:\/\/buletin.de\/bucuresti\/wp-content\/uploads\/EEE14DEE-3DD4-4B2F-926D-025A58BDF754-1060x623.jpeg 1060w, https:\/\/buletin.de\/bucuresti\/wp-content\/uploads\/EEE14DEE-3DD4-4B2F-926D-025A58BDF754-550x323.jpeg 550w, https:\/\/buletin.de\/bucuresti\/wp-content\/uploads\/EEE14DEE-3DD4-4B2F-926D-025A58BDF754-850x500.jpeg 850w, https:\/\/buletin.de\/bucuresti\/wp-content\/uploads\/EEE14DEE-3DD4-4B2F-926D-025A58BDF754-600x353.jpeg 600w, https:\/\/buletin.de\/bucuresti\/wp-content\/uploads\/EEE14DEE-3DD4-4B2F-926D-025A58BDF754.jpeg 1080w\" sizes=\"(max-width: 900px) 100vw, 900px\" \/><\/figure>\n\n\n\n<figure class=\"wp-block-image size-large\"><img decoding=\"async\" width=\"900\" height=\"528\" src=\"data:image\/gif;base64,R0lGODlhAQABAAAAACH5BAEKAAEALAAAAAABAAEAAAICTAEAOw==\" data-src=\"https:\/\/buletin.de\/bucuresti\/wp-content\/uploads\/E8CC6077-B646-4AC8-B9D9-29D03F42F11C-900x528.jpeg\" alt=\"\" class=\"wp-image-56457 lazyload\" data-sizes=\"auto\" data-srcset=\"https:\/\/buletin.de\/bucuresti\/wp-content\/uploads\/E8CC6077-B646-4AC8-B9D9-29D03F42F11C-900x528.jpeg 900w, https:\/\/buletin.de\/bucuresti\/wp-content\/uploads\/E8CC6077-B646-4AC8-B9D9-29D03F42F11C-300x176.jpeg 300w, https:\/\/buletin.de\/bucuresti\/wp-content\/uploads\/E8CC6077-B646-4AC8-B9D9-29D03F42F11C-768x450.jpeg 768w, https:\/\/buletin.de\/bucuresti\/wp-content\/uploads\/E8CC6077-B646-4AC8-B9D9-29D03F42F11C-1060x621.jpeg 1060w, https:\/\/buletin.de\/bucuresti\/wp-content\/uploads\/E8CC6077-B646-4AC8-B9D9-29D03F42F11C-550x322.jpeg 550w, https:\/\/buletin.de\/bucuresti\/wp-content\/uploads\/E8CC6077-B646-4AC8-B9D9-29D03F42F11C-853x500.jpeg 853w, https:\/\/buletin.de\/bucuresti\/wp-content\/uploads\/E8CC6077-B646-4AC8-B9D9-29D03F42F11C-600x352.jpeg 600w, https:\/\/buletin.de\/bucuresti\/wp-content\/uploads\/E8CC6077-B646-4AC8-B9D9-29D03F42F11C.jpeg 1080w\" sizes=\"(max-width: 900px) 100vw, 900px\" \/><\/figure>\n\n\n\n<p>Proiectul pentru modernizarea DN1A pe sectorul \u0219oseaua Chitila-Mogo\u0219oaia a fost demarat \u00een decembrie 2021. Directorul&nbsp;CNAIR a&nbsp;anun\u021bat luni c\u0103 a&nbsp;trimis spre validare documenta\u0163ia necesar\u0103. Documenta\u021bia&nbsp;a fost realizat\u0103&nbsp;de&nbsp;c\u0103tre compania Consitrans,&nbsp;singura&nbsp;ce a depus&nbsp;ofert\u0103 la licita\u0163ia pentru realizarea studiului de fezabilitate.<\/p>\n\n\n\n<p>Consitrans&nbsp;SRL&nbsp;s-a ocupat cu&nbsp;proiectarea&nbsp;Autostr\u0103zii Sibiu-Or\u0103\u015ftie, care s-a pr\u0103bu\u015fit la scurt timp dup\u0103 inaugurare, \u00een septembrie 2015. Anchetele efectuate de exper\u0163ii CNAIR \u015fi Corpul de Control al Ministerului Transporturilor ar\u0103tau c\u0103 \u201eat\u00e2t inginerul FIDIC Consitrans, c\u00e2t \u015fi inginerul FIDIC DRDP nu \u015fi-au \u00eendeplinit corespunz\u0103tor obliga\u0163iile prev\u0103zute de serviciile de supervizare\u201d.<\/p>\n\n\n\n<p>\u00cen cazul moderniz\u0103rii DN1A prin l\u0103rgirea la 4 benzi, valoarea estimat\u0103&nbsp;a contractului a fost&nbsp;\u00eentre 292.079,45&nbsp;\u0219i 344.275,71 lei f\u0103r\u0103 TVA.<\/p>\n\n\n\n<p>Fostul&nbsp;ministru al Transporturilor,&nbsp;C\u0103t\u0103lin Drul\u0103, critica \u00een 2021&nbsp;proiectele de l\u0103rgire a drumurilor na\u021bionale la patru benzi.&nbsp;\u201eNu mai putem avea in Rom\u00e2nia solu\u021bii de anii \u201950 \u2013 \u201960&nbsp;\u00een anul 2021. Pentru rutele aglomerate, drumurile na\u021bionale aglomerate, solu\u021bia nu mai este s\u0103&nbsp;l\u0103rgim aceste drumuri la patru benzi, prin mijlocul satelor. Se poate construi mai ieftin&nbsp;\u0219i mai rapid f\u0103c\u00e2nd drumuri expres&nbsp;\u00een afara localit\u0103\u021bilor.&nbsp;\u0218i aici m\u0103&nbsp;refer mai ales&nbsp;\u00een zona de&nbsp;\u0219es. Uita\u021bi-v\u0103&nbsp;la drumurile care sunt la patru benzi, spre Giurgiu, sau&nbsp;\u00een alte p\u0103r\u021bi, unde sunt treceri de pietoni, sunt limite de vitez\u0103, giratorii, satele respective sunt rupte&nbsp;\u00een dou\u0103&nbsp;\u0219i nu se mai poate traversa. Chiar pe Bucure\u0219ti \u2013 T\u00e2rgovi\u0219te, la Chitila, cu parapete de beton pe mijloc. Uita\u021bi-v\u0103&nbsp;\u0219i la Pite\u0219ti \u2013 C\u00e2mpulung \u2013 Bra\u0219ov, proiect similar pe documenta\u021bie proast\u0103, nu e gata, va fi reziliat&nbsp;\u0219i relicitat. Dac\u0103&nbsp;ne uit\u0103m la Deva \u2013 Oradea, abia dup\u0103&nbsp;10 ani&nbsp;\u0219i nenum\u0103rate rezilieri&nbsp;\u0219i relicit\u0103ri, va fi gata anul acesta\u201d, declara Drul\u0103&nbsp;in ianuarie 2021.<\/p>\n\n\n\n<p>Actualul ministru al Transporturilor, Sorin Grindeanu, a transmis \u00eentr-un comunicat de pres\u0103 la \u00eenceputul anului trecut c\u0103 va \u00eenfiin\u021ba&nbsp;Registrul unic al utilajelor \u0219i echipamentelor, un mecanism de verificare ce va&nbsp;asigura o c\u00e2t mai mare transparen\u021b\u0103 \u00een cazul licita\u021biilor privind realizarea de investi\u021bii \u00een infrastructur\u0103.<\/p>\n\n\n\n<p>\u201eRegistrul unic va fi o baz\u0103 de date electronic\u0103 care cuprinde informa\u021biile necesare pentru identificarea utilajelor \u0219i echipamentelor de care pot dispune operatorii economici care desf\u0103\u0219oar\u0103 activit\u0103\u021bi \u00een domeniul proiectelor de infrastructur\u0103 de interes na\u021bional, \u00een vederea particip\u0103rii la procedurile de achizi\u021bii publice.\u201d&nbsp;<\/p>\n\n\n\n<p>Registrul unic al utilajelor \u0219i echipamentelor&nbsp;ar trebui&nbsp;s\u0103 devin\u0103 accesibil publicului, pe cale electronic\u0103, \u00een termen de 30 de zile de la data opera\u021bionaliz\u0103rii.&nbsp;Ini\u021biativa se afl\u0103&nbsp;\u00een transparen\u021b\u0103 decizional\u0103 din 15 iulie 2022, iar de atunci nu s-a mai auzit nimic de ea.<\/p>\n\n\n\n<p>Articol scris de Ioana Ciobanu<\/p>\n\n\n\n<p>sursa foto Facebook Ionel Scrio\u0219teanu<\/p>\n\n\n\n<p><\/p>\n\n\n\n<p><\/p>\n\n\n\n<p><\/p>\n","protected":false},"excerpt":{"rendered":"<p>A \u00eenceput procedura de licita\u021bie pentru execu\u021bia lucr\u0103rilor de modernizare pe DN1A, anun\u021b\u0103 secretarul de stat \u00een Ministerul Transporturilor,&nbsp;Irinel&nbsp;Ionel Scrio\u0219teanu, pe pagina sa de Facebook.&nbsp;Proiectul const\u0103 \u00een l\u0103rgirea la 4 benzi a sectorului de drum cuprins \u00eentre Centura Bucure\u0219ti \u0219i intersec\u021bia \u0219oseaua Chitila-Parc Mogo\u0219oaia. Durata pentru proiectarea \u0219i execu\u021bia lucr\u0103rilor este de 12 luni din [&hellip;]<\/p>\n","protected":false},"author":1,"featured_media":56458,"comment_status":"closed","ping_status":"open","sticky":false,"template":"","format":"standard","meta":{"_acf_changed":false,"inline_featured_image":false,"ngg_post_thumbnail":0,"footnotes":""},"categories":[62],"tags":[1480,990,3563],"ppma_author":[22583],"class_list":["post-56454","post","type-post","status-publish","format-standard","has-post-thumbnail","hentry","category-stiri","tag-ionel-scriosteanu","tag-licitatie","tag-mogosoaia-2"],"acf":[],"yoast_head":"<!-- This site is optimized with the Yoast SEO Premium plugin v25.3 (Yoast SEO v27.4) - https:\/\/yoast.com\/product\/yoast-seo-premium-wordpress\/ -->\n<title>A fost lansat\u0103&nbsp;licita\u021bia pentru modernizarea DN1A, pe sectorul dintre Centura Bucure\u0219ti \u0219i \u0219oseaua Chitila-Mogo\u0219oaia - Buletin de Bucure\u0219ti<\/title>\n<meta name=\"robots\" content=\"index, follow, max-snippet:-1, max-image-preview:large, max-video-preview:-1\" \/>\n<link rel=\"canonical\" href=\"https:\/\/buletin.de\/bucuresti\/a-fost-lansata-licitatia-pentru-modernizarea-dn1a-pe-sectorul-dintre-centura-bucuresti-si-soseaua-chitila-mogosoaia\/\" \/>\n<meta property=\"og:locale\" content=\"en_GB\" \/>\n<meta property=\"og:type\" content=\"article\" \/>\n<meta property=\"og:title\" content=\"A fost lansat\u0103&nbsp;licita\u021bia pentru modernizarea DN1A, pe sectorul dintre Centura Bucure\u0219ti \u0219i \u0219oseaua Chitila-Mogo\u0219oaia\" \/>\n<meta property=\"og:description\" content=\"A \u00eenceput procedura de licita\u021bie pentru execu\u021bia lucr\u0103rilor de modernizare pe DN1A, anun\u021b\u0103 secretarul de stat \u00een Ministerul Transporturilor,&nbsp;Irinel&nbsp;Ionel Scrio\u0219teanu, pe pagina sa de Facebook.&nbsp;Proiectul const\u0103 \u00een l\u0103rgirea la 4 benzi a sectorului de drum cuprins \u00eentre Centura Bucure\u0219ti \u0219i intersec\u021bia \u0219oseaua Chitila-Parc Mogo\u0219oaia. Durata pentru proiectarea \u0219i execu\u021bia lucr\u0103rilor este de 12 luni din [&hellip;]\" \/>\n<meta property=\"og:url\" content=\"https:\/\/buletin.de\/bucuresti\/a-fost-lansata-licitatia-pentru-modernizarea-dn1a-pe-sectorul-dintre-centura-bucuresti-si-soseaua-chitila-mogosoaia\/\" \/>\n<meta property=\"og:site_name\" content=\"Buletin de Bucure\u0219ti\" \/>\n<meta property=\"article:publisher\" content=\"https:\/\/www.facebook.com\/buletin.de.buc\" \/>\n<meta property=\"article:published_time\" content=\"2023-03-21T17:35:34+00:00\" \/>\n<meta property=\"article:modified_time\" content=\"2025-01-21T22:44:26+00:00\" \/>\n<meta property=\"og:image\" content=\"https:\/\/buletin.de\/bucuresti\/wp-content\/uploads\/B5A6E263-849F-4CE8-BF36-B49131FA6141.jpeg\" \/>\n\t<meta property=\"og:image:width\" content=\"1080\" \/>\n\t<meta property=\"og:image:height\" content=\"635\" \/>\n\t<meta property=\"og:image:type\" content=\"image\/jpeg\" \/>\n<meta name=\"author\" content=\"Redac\u021bia Buletin de Bucure\u0219ti\" \/>\n<meta name=\"twitter:card\" content=\"summary_large_image\" \/>\n<meta name=\"twitter:label1\" content=\"Written by\" \/>\n\t<meta name=\"twitter:data1\" content=\"Redac\u021bia Buletin de Bucure\u0219ti\" \/>\n\t<meta name=\"twitter:label2\" content=\"Estimated reading time\" \/>\n\t<meta name=\"twitter:data2\" content=\"5 minutes\" \/>\n<script type=\"application\/ld+json\" class=\"yoast-schema-graph\">{\"@context\":\"https:\\\/\\\/schema.org\",\"@graph\":[{\"@type\":\"Article\",\"@id\":\"https:\\\/\\\/buletin.de\\\/bucuresti\\\/a-fost-lansata-licitatia-pentru-modernizarea-dn1a-pe-sectorul-dintre-centura-bucuresti-si-soseaua-chitila-mogosoaia\\\/#article\",\"isPartOf\":{\"@id\":\"https:\\\/\\\/buletin.de\\\/bucuresti\\\/a-fost-lansata-licitatia-pentru-modernizarea-dn1a-pe-sectorul-dintre-centura-bucuresti-si-soseaua-chitila-mogosoaia\\\/\"},\"author\":{\"name\":\"Redac\u021bia Buletin de Bucure\u0219ti\",\"@id\":\"https:\\\/\\\/buletin.de\\\/bucuresti\\\/#\\\/schema\\\/person\\\/2bbcf854e5f2419a13804af574d06ab1\"},\"headline\":\"A fost lansat\u0103&nbsp;licita\u021bia pentru modernizarea DN1A, pe sectorul dintre Centura Bucure\u0219ti \u0219i \u0219oseaua Chitila-Mogo\u0219oaia\",\"datePublished\":\"2023-03-21T17:35:34+00:00\",\"dateModified\":\"2025-01-21T22:44:26+00:00\",\"mainEntityOfPage\":{\"@id\":\"https:\\\/\\\/buletin.de\\\/bucuresti\\\/a-fost-lansata-licitatia-pentru-modernizarea-dn1a-pe-sectorul-dintre-centura-bucuresti-si-soseaua-chitila-mogosoaia\\\/\"},\"wordCount\":1023,\"publisher\":{\"@id\":\"https:\\\/\\\/buletin.de\\\/bucuresti\\\/#organization\"},\"image\":{\"@id\":\"https:\\\/\\\/buletin.de\\\/bucuresti\\\/a-fost-lansata-licitatia-pentru-modernizarea-dn1a-pe-sectorul-dintre-centura-bucuresti-si-soseaua-chitila-mogosoaia\\\/#primaryimage\"},\"thumbnailUrl\":\"https:\\\/\\\/buletin.de\\\/bucuresti\\\/wp-content\\\/uploads\\\/B5A6E263-849F-4CE8-BF36-B49131FA6141.jpeg\",\"keywords\":[\"ionel scriosteanu\",\"licitatie\",\"mogosoaia\"],\"articleSection\":[\"\u0218tiri\"],\"inLanguage\":\"en-GB\",\"copyrightYear\":\"2023\",\"copyrightHolder\":{\"@id\":\"https:\\\/\\\/buletin.de\\\/bucuresti\\\/#organization\"}},{\"@type\":\"WebPage\",\"@id\":\"https:\\\/\\\/buletin.de\\\/bucuresti\\\/a-fost-lansata-licitatia-pentru-modernizarea-dn1a-pe-sectorul-dintre-centura-bucuresti-si-soseaua-chitila-mogosoaia\\\/\",\"url\":\"https:\\\/\\\/buletin.de\\\/bucuresti\\\/a-fost-lansata-licitatia-pentru-modernizarea-dn1a-pe-sectorul-dintre-centura-bucuresti-si-soseaua-chitila-mogosoaia\\\/\",\"name\":\"A fost lansat\u0103&nbsp;licita\u021bia pentru modernizarea DN1A, pe sectorul dintre Centura Bucure\u0219ti \u0219i \u0219oseaua Chitila-Mogo\u0219oaia - Buletin de Bucure\u0219ti\",\"isPartOf\":{\"@id\":\"https:\\\/\\\/buletin.de\\\/bucuresti\\\/#website\"},\"primaryImageOfPage\":{\"@id\":\"https:\\\/\\\/buletin.de\\\/bucuresti\\\/a-fost-lansata-licitatia-pentru-modernizarea-dn1a-pe-sectorul-dintre-centura-bucuresti-si-soseaua-chitila-mogosoaia\\\/#primaryimage\"},\"image\":{\"@id\":\"https:\\\/\\\/buletin.de\\\/bucuresti\\\/a-fost-lansata-licitatia-pentru-modernizarea-dn1a-pe-sectorul-dintre-centura-bucuresti-si-soseaua-chitila-mogosoaia\\\/#primaryimage\"},\"thumbnailUrl\":\"https:\\\/\\\/buletin.de\\\/bucuresti\\\/wp-content\\\/uploads\\\/B5A6E263-849F-4CE8-BF36-B49131FA6141.jpeg\",\"datePublished\":\"2023-03-21T17:35:34+00:00\",\"dateModified\":\"2025-01-21T22:44:26+00:00\",\"breadcrumb\":{\"@id\":\"https:\\\/\\\/buletin.de\\\/bucuresti\\\/a-fost-lansata-licitatia-pentru-modernizarea-dn1a-pe-sectorul-dintre-centura-bucuresti-si-soseaua-chitila-mogosoaia\\\/#breadcrumb\"},\"inLanguage\":\"en-GB\",\"potentialAction\":[{\"@type\":\"ReadAction\",\"target\":[\"https:\\\/\\\/buletin.de\\\/bucuresti\\\/a-fost-lansata-licitatia-pentru-modernizarea-dn1a-pe-sectorul-dintre-centura-bucuresti-si-soseaua-chitila-mogosoaia\\\/\"]}]},{\"@type\":\"ImageObject\",\"inLanguage\":\"en-GB\",\"@id\":\"https:\\\/\\\/buletin.de\\\/bucuresti\\\/a-fost-lansata-licitatia-pentru-modernizarea-dn1a-pe-sectorul-dintre-centura-bucuresti-si-soseaua-chitila-mogosoaia\\\/#primaryimage\",\"url\":\"https:\\\/\\\/buletin.de\\\/bucuresti\\\/wp-content\\\/uploads\\\/B5A6E263-849F-4CE8-BF36-B49131FA6141.jpeg\",\"contentUrl\":\"https:\\\/\\\/buletin.de\\\/bucuresti\\\/wp-content\\\/uploads\\\/B5A6E263-849F-4CE8-BF36-B49131FA6141.jpeg\",\"width\":1080,\"height\":635},{\"@type\":\"BreadcrumbList\",\"@id\":\"https:\\\/\\\/buletin.de\\\/bucuresti\\\/a-fost-lansata-licitatia-pentru-modernizarea-dn1a-pe-sectorul-dintre-centura-bucuresti-si-soseaua-chitila-mogosoaia\\\/#breadcrumb\",\"itemListElement\":[{\"@type\":\"ListItem\",\"position\":1,\"name\":\"Acas\u0103\",\"item\":\"https:\\\/\\\/buletin.de\\\/bucuresti\\\/\"},{\"@type\":\"ListItem\",\"position\":2,\"name\":\"A fost lansat\u0103&nbsp;licita\u021bia pentru modernizarea DN1A, pe sectorul dintre Centura Bucure\u0219ti \u0219i \u0219oseaua Chitila-Mogo\u0219oaia\"}]},{\"@type\":\"WebSite\",\"@id\":\"https:\\\/\\\/buletin.de\\\/bucuresti\\\/#website\",\"url\":\"https:\\\/\\\/buletin.de\\\/bucuresti\\\/\",\"name\":\"Buletin de Bucure\u0219ti\",\"description\":\"\u0218tiri \u0219i investiga\u021bii esen\u021biale din capital\u0103\",\"publisher\":{\"@id\":\"https:\\\/\\\/buletin.de\\\/bucuresti\\\/#organization\"},\"potentialAction\":[{\"@type\":\"SearchAction\",\"target\":{\"@type\":\"EntryPoint\",\"urlTemplate\":\"https:\\\/\\\/buletin.de\\\/bucuresti\\\/?s={search_term_string}\"},\"query-input\":{\"@type\":\"PropertyValueSpecification\",\"valueRequired\":true,\"valueName\":\"search_term_string\"}}],\"inLanguage\":\"en-GB\"},{\"@type\":\"Organization\",\"@id\":\"https:\\\/\\\/buletin.de\\\/bucuresti\\\/#organization\",\"name\":\"Buletin de Bucure\u0219ti\",\"url\":\"https:\\\/\\\/buletin.de\\\/bucuresti\\\/\",\"logo\":{\"@type\":\"ImageObject\",\"inLanguage\":\"en-GB\",\"@id\":\"https:\\\/\\\/buletin.de\\\/bucuresti\\\/#\\\/schema\\\/logo\\\/image\\\/\",\"url\":\"https:\\\/\\\/buletin.de\\\/bucuresti\\\/wp-content\\\/uploads\\\/logo-bdb-full-wide-vernil-transparent.png\",\"contentUrl\":\"https:\\\/\\\/buletin.de\\\/bucuresti\\\/wp-content\\\/uploads\\\/logo-bdb-full-wide-vernil-transparent.png\",\"width\":1782,\"height\":626,\"caption\":\"Buletin de Bucure\u0219ti\"},\"image\":{\"@id\":\"https:\\\/\\\/buletin.de\\\/bucuresti\\\/#\\\/schema\\\/logo\\\/image\\\/\"},\"sameAs\":[\"https:\\\/\\\/www.facebook.com\\\/buletin.de.buc\",\"https:\\\/\\\/www.instagram.com\\\/buletinde.bucuresti\\\/\"]},{\"@type\":\"Person\",\"@id\":\"https:\\\/\\\/buletin.de\\\/bucuresti\\\/#\\\/schema\\\/person\\\/2bbcf854e5f2419a13804af574d06ab1\",\"name\":\"Redac\u021bia Buletin de Bucure\u0219ti\",\"image\":{\"@type\":\"ImageObject\",\"inLanguage\":\"en-GB\",\"@id\":\"https:\\\/\\\/secure.gravatar.com\\\/avatar\\\/18c5342381ed1a08620e6280424e3e5efc958618f5d67c522c9e44c1bc6f9226?s=96&d=monsterid&r=g60c7cd0ad92c68c049fcd4bb3504d609\",\"url\":\"https:\\\/\\\/secure.gravatar.com\\\/avatar\\\/18c5342381ed1a08620e6280424e3e5efc958618f5d67c522c9e44c1bc6f9226?s=96&d=monsterid&r=g\",\"contentUrl\":\"https:\\\/\\\/secure.gravatar.com\\\/avatar\\\/18c5342381ed1a08620e6280424e3e5efc958618f5d67c522c9e44c1bc6f9226?s=96&d=monsterid&r=g\",\"caption\":\"Redac\u021bia Buletin de Bucure\u0219ti\"},\"description\":\"Buletin de Bucure\u0219ti exist\u0103 din vara anului 2019.\",\"url\":\"https:\\\/\\\/buletin.de\\\/bucuresti\\\/author\\\/adminbuletin\\\/\"}]}<\/script>\n<!-- \/ Yoast SEO Premium plugin. -->","yoast_head_json":{"title":"A fost lansat\u0103&nbsp;licita\u021bia pentru modernizarea DN1A, pe sectorul dintre Centura Bucure\u0219ti \u0219i \u0219oseaua Chitila-Mogo\u0219oaia - Buletin de Bucure\u0219ti","robots":{"index":"index","follow":"follow","max-snippet":"max-snippet:-1","max-image-preview":"max-image-preview:large","max-video-preview":"max-video-preview:-1"},"canonical":"https:\/\/buletin.de\/bucuresti\/a-fost-lansata-licitatia-pentru-modernizarea-dn1a-pe-sectorul-dintre-centura-bucuresti-si-soseaua-chitila-mogosoaia\/","og_locale":"en_GB","og_type":"article","og_title":"A fost lansat\u0103&nbsp;licita\u021bia pentru modernizarea DN1A, pe sectorul dintre Centura Bucure\u0219ti \u0219i \u0219oseaua Chitila-Mogo\u0219oaia","og_description":"A \u00eenceput procedura de licita\u021bie pentru execu\u021bia lucr\u0103rilor de modernizare pe DN1A, anun\u021b\u0103 secretarul de stat \u00een Ministerul Transporturilor,&nbsp;Irinel&nbsp;Ionel Scrio\u0219teanu, pe pagina sa de Facebook.&nbsp;Proiectul const\u0103 \u00een l\u0103rgirea la 4 benzi a sectorului de drum cuprins \u00eentre Centura Bucure\u0219ti \u0219i intersec\u021bia \u0219oseaua Chitila-Parc Mogo\u0219oaia. Durata pentru proiectarea \u0219i execu\u021bia lucr\u0103rilor este de 12 luni din [&hellip;]","og_url":"https:\/\/buletin.de\/bucuresti\/a-fost-lansata-licitatia-pentru-modernizarea-dn1a-pe-sectorul-dintre-centura-bucuresti-si-soseaua-chitila-mogosoaia\/","og_site_name":"Buletin de Bucure\u0219ti","article_publisher":"https:\/\/www.facebook.com\/buletin.de.buc","article_published_time":"2023-03-21T17:35:34+00:00","article_modified_time":"2025-01-21T22:44:26+00:00","og_image":[{"width":1080,"height":635,"url":"https:\/\/buletin.de\/bucuresti\/wp-content\/uploads\/B5A6E263-849F-4CE8-BF36-B49131FA6141.jpeg","type":"image\/jpeg"}],"author":"Redac\u021bia Buletin de Bucure\u0219ti","twitter_card":"summary_large_image","twitter_misc":{"Written by":"Redac\u021bia Buletin de Bucure\u0219ti","Estimated reading time":"5 minutes"},"schema":{"@context":"https:\/\/schema.org","@graph":[{"@type":"Article","@id":"https:\/\/buletin.de\/bucuresti\/a-fost-lansata-licitatia-pentru-modernizarea-dn1a-pe-sectorul-dintre-centura-bucuresti-si-soseaua-chitila-mogosoaia\/#article","isPartOf":{"@id":"https:\/\/buletin.de\/bucuresti\/a-fost-lansata-licitatia-pentru-modernizarea-dn1a-pe-sectorul-dintre-centura-bucuresti-si-soseaua-chitila-mogosoaia\/"},"author":{"name":"Redac\u021bia Buletin de Bucure\u0219ti","@id":"https:\/\/buletin.de\/bucuresti\/#\/schema\/person\/2bbcf854e5f2419a13804af574d06ab1"},"headline":"A fost lansat\u0103&nbsp;licita\u021bia pentru modernizarea DN1A, pe sectorul dintre Centura Bucure\u0219ti \u0219i \u0219oseaua Chitila-Mogo\u0219oaia","datePublished":"2023-03-21T17:35:34+00:00","dateModified":"2025-01-21T22:44:26+00:00","mainEntityOfPage":{"@id":"https:\/\/buletin.de\/bucuresti\/a-fost-lansata-licitatia-pentru-modernizarea-dn1a-pe-sectorul-dintre-centura-bucuresti-si-soseaua-chitila-mogosoaia\/"},"wordCount":1023,"publisher":{"@id":"https:\/\/buletin.de\/bucuresti\/#organization"},"image":{"@id":"https:\/\/buletin.de\/bucuresti\/a-fost-lansata-licitatia-pentru-modernizarea-dn1a-pe-sectorul-dintre-centura-bucuresti-si-soseaua-chitila-mogosoaia\/#primaryimage"},"thumbnailUrl":"https:\/\/buletin.de\/bucuresti\/wp-content\/uploads\/B5A6E263-849F-4CE8-BF36-B49131FA6141.jpeg","keywords":["ionel scriosteanu","licitatie","mogosoaia"],"articleSection":["\u0218tiri"],"inLanguage":"en-GB","copyrightYear":"2023","copyrightHolder":{"@id":"https:\/\/buletin.de\/bucuresti\/#organization"}},{"@type":"WebPage","@id":"https:\/\/buletin.de\/bucuresti\/a-fost-lansata-licitatia-pentru-modernizarea-dn1a-pe-sectorul-dintre-centura-bucuresti-si-soseaua-chitila-mogosoaia\/","url":"https:\/\/buletin.de\/bucuresti\/a-fost-lansata-licitatia-pentru-modernizarea-dn1a-pe-sectorul-dintre-centura-bucuresti-si-soseaua-chitila-mogosoaia\/","name":"A fost lansat\u0103&nbsp;licita\u021bia pentru modernizarea DN1A, pe sectorul dintre Centura Bucure\u0219ti \u0219i \u0219oseaua Chitila-Mogo\u0219oaia - Buletin de Bucure\u0219ti","isPartOf":{"@id":"https:\/\/buletin.de\/bucuresti\/#website"},"primaryImageOfPage":{"@id":"https:\/\/buletin.de\/bucuresti\/a-fost-lansata-licitatia-pentru-modernizarea-dn1a-pe-sectorul-dintre-centura-bucuresti-si-soseaua-chitila-mogosoaia\/#primaryimage"},"image":{"@id":"https:\/\/buletin.de\/bucuresti\/a-fost-lansata-licitatia-pentru-modernizarea-dn1a-pe-sectorul-dintre-centura-bucuresti-si-soseaua-chitila-mogosoaia\/#primaryimage"},"thumbnailUrl":"https:\/\/buletin.de\/bucuresti\/wp-content\/uploads\/B5A6E263-849F-4CE8-BF36-B49131FA6141.jpeg","datePublished":"2023-03-21T17:35:34+00:00","dateModified":"2025-01-21T22:44:26+00:00","breadcrumb":{"@id":"https:\/\/buletin.de\/bucuresti\/a-fost-lansata-licitatia-pentru-modernizarea-dn1a-pe-sectorul-dintre-centura-bucuresti-si-soseaua-chitila-mogosoaia\/#breadcrumb"},"inLanguage":"en-GB","potentialAction":[{"@type":"ReadAction","target":["https:\/\/buletin.de\/bucuresti\/a-fost-lansata-licitatia-pentru-modernizarea-dn1a-pe-sectorul-dintre-centura-bucuresti-si-soseaua-chitila-mogosoaia\/"]}]},{"@type":"ImageObject","inLanguage":"en-GB","@id":"https:\/\/buletin.de\/bucuresti\/a-fost-lansata-licitatia-pentru-modernizarea-dn1a-pe-sectorul-dintre-centura-bucuresti-si-soseaua-chitila-mogosoaia\/#primaryimage","url":"https:\/\/buletin.de\/bucuresti\/wp-content\/uploads\/B5A6E263-849F-4CE8-BF36-B49131FA6141.jpeg","contentUrl":"https:\/\/buletin.de\/bucuresti\/wp-content\/uploads\/B5A6E263-849F-4CE8-BF36-B49131FA6141.jpeg","width":1080,"height":635},{"@type":"BreadcrumbList","@id":"https:\/\/buletin.de\/bucuresti\/a-fost-lansata-licitatia-pentru-modernizarea-dn1a-pe-sectorul-dintre-centura-bucuresti-si-soseaua-chitila-mogosoaia\/#breadcrumb","itemListElement":[{"@type":"ListItem","position":1,"name":"Acas\u0103","item":"https:\/\/buletin.de\/bucuresti\/"},{"@type":"ListItem","position":2,"name":"A fost lansat\u0103&nbsp;licita\u021bia pentru modernizarea DN1A, pe sectorul dintre Centura Bucure\u0219ti \u0219i \u0219oseaua Chitila-Mogo\u0219oaia"}]},{"@type":"WebSite","@id":"https:\/\/buletin.de\/bucuresti\/#website","url":"https:\/\/buletin.de\/bucuresti\/","name":"Buletin de Bucure\u0219ti","description":"\u0218tiri \u0219i investiga\u021bii esen\u021biale din capital\u0103","publisher":{"@id":"https:\/\/buletin.de\/bucuresti\/#organization"},"potentialAction":[{"@type":"SearchAction","target":{"@type":"EntryPoint","urlTemplate":"https:\/\/buletin.de\/bucuresti\/?s={search_term_string}"},"query-input":{"@type":"PropertyValueSpecification","valueRequired":true,"valueName":"search_term_string"}}],"inLanguage":"en-GB"},{"@type":"Organization","@id":"https:\/\/buletin.de\/bucuresti\/#organization","name":"Buletin de Bucure\u0219ti","url":"https:\/\/buletin.de\/bucuresti\/","logo":{"@type":"ImageObject","inLanguage":"en-GB","@id":"https:\/\/buletin.de\/bucuresti\/#\/schema\/logo\/image\/","url":"https:\/\/buletin.de\/bucuresti\/wp-content\/uploads\/logo-bdb-full-wide-vernil-transparent.png","contentUrl":"https:\/\/buletin.de\/bucuresti\/wp-content\/uploads\/logo-bdb-full-wide-vernil-transparent.png","width":1782,"height":626,"caption":"Buletin de Bucure\u0219ti"},"image":{"@id":"https:\/\/buletin.de\/bucuresti\/#\/schema\/logo\/image\/"},"sameAs":["https:\/\/www.facebook.com\/buletin.de.buc","https:\/\/www.instagram.com\/buletinde.bucuresti\/"]},{"@type":"Person","@id":"https:\/\/buletin.de\/bucuresti\/#\/schema\/person\/2bbcf854e5f2419a13804af574d06ab1","name":"Redac\u021bia Buletin de Bucure\u0219ti","image":{"@type":"ImageObject","inLanguage":"en-GB","@id":"https:\/\/secure.gravatar.com\/avatar\/18c5342381ed1a08620e6280424e3e5efc958618f5d67c522c9e44c1bc6f9226?s=96&d=monsterid&r=g60c7cd0ad92c68c049fcd4bb3504d609","url":"https:\/\/secure.gravatar.com\/avatar\/18c5342381ed1a08620e6280424e3e5efc958618f5d67c522c9e44c1bc6f9226?s=96&d=monsterid&r=g","contentUrl":"https:\/\/secure.gravatar.com\/avatar\/18c5342381ed1a08620e6280424e3e5efc958618f5d67c522c9e44c1bc6f9226?s=96&d=monsterid&r=g","caption":"Redac\u021bia Buletin de Bucure\u0219ti"},"description":"Buletin de Bucure\u0219ti exist\u0103 din vara anului 2019.","url":"https:\/\/buletin.de\/bucuresti\/author\/adminbuletin\/"}]}},"authors":[{"term_id":22583,"user_id":1,"is_guest":0,"slug":"adminbuletin","display_name":"Redac\u021bia Buletin de Bucure\u0219ti","avatar_url":"https:\/\/secure.gravatar.com\/avatar\/18c5342381ed1a08620e6280424e3e5efc958618f5d67c522c9e44c1bc6f9226?s=96&d=monsterid&r=g","0":null,"1":"","2":"","3":"","4":"","5":"","6":"","7":"","8":""}],"_links":{"self":[{"href":"https:\/\/buletin.de\/bucuresti\/wp-json\/wp\/v2\/posts\/56454","targetHints":{"allow":["GET"]}}],"collection":[{"href":"https:\/\/buletin.de\/bucuresti\/wp-json\/wp\/v2\/posts"}],"about":[{"href":"https:\/\/buletin.de\/bucuresti\/wp-json\/wp\/v2\/types\/post"}],"author":[{"embeddable":true,"href":"https:\/\/buletin.de\/bucuresti\/wp-json\/wp\/v2\/users\/1"}],"replies":[{"embeddable":true,"href":"https:\/\/buletin.de\/bucuresti\/wp-json\/wp\/v2\/comments?post=56454"}],"version-history":[{"count":5,"href":"https:\/\/buletin.de\/bucuresti\/wp-json\/wp\/v2\/posts\/56454\/revisions"}],"predecessor-version":[{"id":115172,"href":"https:\/\/buletin.de\/bucuresti\/wp-json\/wp\/v2\/posts\/56454\/revisions\/115172"}],"wp:featuredmedia":[{"embeddable":true,"href":"https:\/\/buletin.de\/bucuresti\/wp-json\/wp\/v2\/media\/56458"}],"wp:attachment":[{"href":"https:\/\/buletin.de\/bucuresti\/wp-json\/wp\/v2\/media?parent=56454"}],"wp:term":[{"taxonomy":"category","embeddable":true,"href":"https:\/\/buletin.de\/bucuresti\/wp-json\/wp\/v2\/categories?post=56454"},{"taxonomy":"post_tag","embeddable":true,"href":"https:\/\/buletin.de\/bucuresti\/wp-json\/wp\/v2\/tags?post=56454"},{"taxonomy":"author","embeddable":true,"href":"https:\/\/buletin.de\/bucuresti\/wp-json\/wp\/v2\/ppma_author?post=56454"}],"curies":[{"name":"wp","href":"https:\/\/api.w.org\/{rel}","templated":true}]}}