{"id":56447,"date":"2023-03-21T17:50:42","date_gmt":"2023-03-21T15:50:42","guid":{"rendered":"https:\/\/buletin.de\/bucuresti\/?p=56447"},"modified":"2023-03-22T08:21:41","modified_gmt":"2023-03-22T06:21:41","slug":"dosarul-drogurilor-la-liceu-procurorii-cer-arest-preventiv-pentru-7-persoane","status":"publish","type":"post","link":"https:\/\/buletin.de\/bucuresti\/dosarul-drogurilor-la-liceu-procurorii-cer-arest-preventiv-pentru-7-persoane\/","title":{"rendered":"Dosarul drogurilor la liceu. Procurorii cer arest preventiv pentru 7 persoane"},"content":{"rendered":"\n<p>Update: Dou\u0103 persoane au fost arestate preventiv.<\/p>\n\n\n\n<p>Procurorii vin cu noi informa\u021bii \u00een dosarul re\u021belei de trafican\u021bi  ce comercializa droguri \u00een liceele din Capital\u0103. Pentru 7 persoane, re\u021binute pentru 24 de ore, au cerut instan\u021bei arest preventiv iar alte trei, \u00eentre care un minor, sunt \u00een control judiciar pentru 60 de zile.  Acuza\u021biile aduse sunt de constituirea unui grup infrac\u021bional organizat, trafic de droguri de risc \u0219i mare risc \u0219i de\u021binere de droguri de risc \u0219i de mare risc. <\/p>\n\n\n\n<p>\u00cen urma perchezi\u021biilor domiciliare efectuate au fost identificate \u0219i ridicate cantit\u0103\u021bile de aproximativ 300 de grame de canabis, 2 grame de cocain\u0103, 5 grame de ketamin\u0103 \u0219i comprimate din categoria benzodiazepinelor, 5 m\u0103run\u021bitoare mecanice, 4 c\u00e2ntare electronice de mare precizie, mai multe telefoane mobile cu cartele SIM \u0219i&nbsp; suma de 4.700 de lei, despre care exist\u0103 b\u0103nuiala rezonabil\u0103 c\u0103 ar proveni din activit\u0103\u021bi de trafic de droguri. Anterior, \u00een acela\u0219i dosar, mai fuseser\u0103 ridicate 300 de grame de canabis \u0219i 10 grame de cocain\u0103.<\/p>\n\n\n\n<p>Procurorii anun\u021b\u0103 c\u0103 \u00een cauz\u0103 se efectueaz\u0103 cercet\u0103ri \u0219i cu privire la alte 7 persoane, care au dob\u00e2ndit calitatea de suspect. \u00cen cursul acestei zile, 21.03.2023, a fost sesizat judec\u0103torul de drepturi \u0219i libert\u0103\u021bi din cadrul Tribunalului Bucure\u0219ti cu propunere de arestare preventiv\u0103 pentru o perioad\u0103 de 30 de zile a celor 7 inculpa\u021bi re\u021binu\u021bi de procurori.<br><\/p>\n\n\n\n<figure class=\"wp-block-video\"><video controls src=\"https:\/\/buletin.de\/bucuresti\/wp-content\/uploads\/Video21479.mp4\"><\/video><\/figure>\n","protected":false},"excerpt":{"rendered":"<p>Update: Dou\u0103 persoane au fost arestate preventiv. Procurorii vin cu noi informa\u021bii \u00een dosarul re\u021belei de trafican\u021bi ce comercializa droguri \u00een liceele din Capital\u0103. Pentru 7 persoane, re\u021binute pentru 24 de ore, au cerut instan\u021bei arest preventiv iar alte trei, \u00eentre care un minor, sunt \u00een control judiciar pentru 60 de zile. Acuza\u021biile aduse sunt [&hellip;]<\/p>\n","protected":false},"author":18,"featured_media":56329,"comment_status":"closed","ping_status":"open","sticky":false,"template":"","format":"standard","meta":{"_acf_changed":false,"inline_featured_image":false,"ngg_post_thumbnail":0,"footnotes":""},"categories":[3419,62],"tags":[4662,9,5597,5598],"ppma_author":[22579],"class_list":["post-56447","post","type-post","status-publish","format-standard","has-post-thumbnail","hentry","category-featured","category-stiri","tag-arest","tag-bucuresti","tag-dosarul-drogurilor","tag-inculpati"],"acf":[],"yoast_head":"<!-- This site is optimized with the Yoast SEO Premium plugin v25.3 (Yoast SEO v27.4) - https:\/\/yoast.com\/product\/yoast-seo-premium-wordpress\/ -->\n<title>Dosarul drogurilor la liceu. Procurorii cer arest preventiv pentru 7 persoane - Buletin de Bucure\u0219ti<\/title>\n<meta name=\"robots\" content=\"index, follow, max-snippet:-1, max-image-preview:large, max-video-preview:-1\" \/>\n<link rel=\"canonical\" href=\"https:\/\/buletin.de\/bucuresti\/dosarul-drogurilor-la-liceu-procurorii-cer-arest-preventiv-pentru-7-persoane\/\" \/>\n<meta property=\"og:locale\" content=\"en_GB\" \/>\n<meta property=\"og:type\" content=\"article\" \/>\n<meta property=\"og:title\" content=\"Dosarul drogurilor la liceu. Procurorii cer arest preventiv pentru 7 persoane\" \/>\n<meta property=\"og:description\" content=\"Update: Dou\u0103 persoane au fost arestate preventiv. Procurorii vin cu noi informa\u021bii \u00een dosarul re\u021belei de trafican\u021bi ce comercializa droguri \u00een liceele din Capital\u0103. Pentru 7 persoane, re\u021binute pentru 24 de ore, au cerut instan\u021bei arest preventiv iar alte trei, \u00eentre care un minor, sunt \u00een control judiciar pentru 60 de zile. Acuza\u021biile aduse sunt [&hellip;]\" \/>\n<meta property=\"og:url\" content=\"https:\/\/buletin.de\/bucuresti\/dosarul-drogurilor-la-liceu-procurorii-cer-arest-preventiv-pentru-7-persoane\/\" \/>\n<meta property=\"og:site_name\" content=\"Buletin de Bucure\u0219ti\" \/>\n<meta property=\"article:publisher\" content=\"https:\/\/www.facebook.com\/buletin.de.buc\" \/>\n<meta property=\"article:published_time\" content=\"2023-03-21T15:50:42+00:00\" \/>\n<meta property=\"article:modified_time\" content=\"2023-03-22T06:21:41+00:00\" \/>\n<meta property=\"og:image\" content=\"https:\/\/buletin.de\/bucuresti\/wp-content\/uploads\/WhatsApp-Image-2023-03-20-at-10.04.50-1.jpeg\" \/>\n\t<meta property=\"og:image:width\" content=\"1600\" \/>\n\t<meta property=\"og:image:height\" content=\"738\" \/>\n\t<meta property=\"og:image:type\" content=\"image\/jpeg\" \/>\n<meta name=\"author\" content=\"Teodora Stroe\" \/>\n<meta name=\"twitter:card\" content=\"summary_large_image\" \/>\n<meta name=\"twitter:label1\" content=\"Written by\" \/>\n\t<meta name=\"twitter:data1\" content=\"Teodora Stroe\" \/>\n\t<meta name=\"twitter:label2\" content=\"Estimated reading time\" \/>\n\t<meta name=\"twitter:data2\" content=\"1 minute\" \/>\n<script type=\"application\/ld+json\" class=\"yoast-schema-graph\">{\"@context\":\"https:\\\/\\\/schema.org\",\"@graph\":[{\"@type\":\"Article\",\"@id\":\"https:\\\/\\\/buletin.de\\\/bucuresti\\\/dosarul-drogurilor-la-liceu-procurorii-cer-arest-preventiv-pentru-7-persoane\\\/#article\",\"isPartOf\":{\"@id\":\"https:\\\/\\\/buletin.de\\\/bucuresti\\\/dosarul-drogurilor-la-liceu-procurorii-cer-arest-preventiv-pentru-7-persoane\\\/\"},\"author\":{\"name\":\"Teodora Stroe\",\"@id\":\"https:\\\/\\\/buletin.de\\\/bucuresti\\\/#\\\/schema\\\/person\\\/d369d7ddc775abece205795e0b804614\"},\"headline\":\"Dosarul drogurilor la liceu. Procurorii cer arest preventiv pentru 7 persoane\",\"datePublished\":\"2023-03-21T15:50:42+00:00\",\"dateModified\":\"2023-03-22T06:21:41+00:00\",\"mainEntityOfPage\":{\"@id\":\"https:\\\/\\\/buletin.de\\\/bucuresti\\\/dosarul-drogurilor-la-liceu-procurorii-cer-arest-preventiv-pentru-7-persoane\\\/\"},\"wordCount\":240,\"publisher\":{\"@id\":\"https:\\\/\\\/buletin.de\\\/bucuresti\\\/#organization\"},\"image\":{\"@id\":\"https:\\\/\\\/buletin.de\\\/bucuresti\\\/dosarul-drogurilor-la-liceu-procurorii-cer-arest-preventiv-pentru-7-persoane\\\/#primaryimage\"},\"thumbnailUrl\":\"https:\\\/\\\/buletin.de\\\/bucuresti\\\/wp-content\\\/uploads\\\/WhatsApp-Image-2023-03-20-at-10.04.50-1.jpeg\",\"keywords\":[\"arest\",\"bucuresti\",\"dosarul drogurilor\",\"inculpati\"],\"articleSection\":[\"Featured\",\"\u0218tiri\"],\"inLanguage\":\"en-GB\",\"copyrightYear\":\"2023\",\"copyrightHolder\":{\"@id\":\"https:\\\/\\\/buletin.de\\\/bucuresti\\\/#organization\"}},{\"@type\":\"WebPage\",\"@id\":\"https:\\\/\\\/buletin.de\\\/bucuresti\\\/dosarul-drogurilor-la-liceu-procurorii-cer-arest-preventiv-pentru-7-persoane\\\/\",\"url\":\"https:\\\/\\\/buletin.de\\\/bucuresti\\\/dosarul-drogurilor-la-liceu-procurorii-cer-arest-preventiv-pentru-7-persoane\\\/\",\"name\":\"Dosarul drogurilor la liceu. Procurorii cer arest preventiv pentru 7 persoane - Buletin de Bucure\u0219ti\",\"isPartOf\":{\"@id\":\"https:\\\/\\\/buletin.de\\\/bucuresti\\\/#website\"},\"primaryImageOfPage\":{\"@id\":\"https:\\\/\\\/buletin.de\\\/bucuresti\\\/dosarul-drogurilor-la-liceu-procurorii-cer-arest-preventiv-pentru-7-persoane\\\/#primaryimage\"},\"image\":{\"@id\":\"https:\\\/\\\/buletin.de\\\/bucuresti\\\/dosarul-drogurilor-la-liceu-procurorii-cer-arest-preventiv-pentru-7-persoane\\\/#primaryimage\"},\"thumbnailUrl\":\"https:\\\/\\\/buletin.de\\\/bucuresti\\\/wp-content\\\/uploads\\\/WhatsApp-Image-2023-03-20-at-10.04.50-1.jpeg\",\"datePublished\":\"2023-03-21T15:50:42+00:00\",\"dateModified\":\"2023-03-22T06:21:41+00:00\",\"breadcrumb\":{\"@id\":\"https:\\\/\\\/buletin.de\\\/bucuresti\\\/dosarul-drogurilor-la-liceu-procurorii-cer-arest-preventiv-pentru-7-persoane\\\/#breadcrumb\"},\"inLanguage\":\"en-GB\",\"potentialAction\":[{\"@type\":\"ReadAction\",\"target\":[\"https:\\\/\\\/buletin.de\\\/bucuresti\\\/dosarul-drogurilor-la-liceu-procurorii-cer-arest-preventiv-pentru-7-persoane\\\/\"]}]},{\"@type\":\"ImageObject\",\"inLanguage\":\"en-GB\",\"@id\":\"https:\\\/\\\/buletin.de\\\/bucuresti\\\/dosarul-drogurilor-la-liceu-procurorii-cer-arest-preventiv-pentru-7-persoane\\\/#primaryimage\",\"url\":\"https:\\\/\\\/buletin.de\\\/bucuresti\\\/wp-content\\\/uploads\\\/WhatsApp-Image-2023-03-20-at-10.04.50-1.jpeg\",\"contentUrl\":\"https:\\\/\\\/buletin.de\\\/bucuresti\\\/wp-content\\\/uploads\\\/WhatsApp-Image-2023-03-20-at-10.04.50-1.jpeg\",\"width\":1600,\"height\":738},{\"@type\":\"BreadcrumbList\",\"@id\":\"https:\\\/\\\/buletin.de\\\/bucuresti\\\/dosarul-drogurilor-la-liceu-procurorii-cer-arest-preventiv-pentru-7-persoane\\\/#breadcrumb\",\"itemListElement\":[{\"@type\":\"ListItem\",\"position\":1,\"name\":\"Acas\u0103\",\"item\":\"https:\\\/\\\/buletin.de\\\/bucuresti\\\/\"},{\"@type\":\"ListItem\",\"position\":2,\"name\":\"Dosarul drogurilor la liceu. Procurorii cer arest preventiv pentru 7 persoane\"}]},{\"@type\":\"WebSite\",\"@id\":\"https:\\\/\\\/buletin.de\\\/bucuresti\\\/#website\",\"url\":\"https:\\\/\\\/buletin.de\\\/bucuresti\\\/\",\"name\":\"Buletin de Bucure\u0219ti\",\"description\":\"\u0218tiri \u0219i investiga\u021bii esen\u021biale din capital\u0103\",\"publisher\":{\"@id\":\"https:\\\/\\\/buletin.de\\\/bucuresti\\\/#organization\"},\"potentialAction\":[{\"@type\":\"SearchAction\",\"target\":{\"@type\":\"EntryPoint\",\"urlTemplate\":\"https:\\\/\\\/buletin.de\\\/bucuresti\\\/?s={search_term_string}\"},\"query-input\":{\"@type\":\"PropertyValueSpecification\",\"valueRequired\":true,\"valueName\":\"search_term_string\"}}],\"inLanguage\":\"en-GB\"},{\"@type\":\"Organization\",\"@id\":\"https:\\\/\\\/buletin.de\\\/bucuresti\\\/#organization\",\"name\":\"Buletin de Bucure\u0219ti\",\"url\":\"https:\\\/\\\/buletin.de\\\/bucuresti\\\/\",\"logo\":{\"@type\":\"ImageObject\",\"inLanguage\":\"en-GB\",\"@id\":\"https:\\\/\\\/buletin.de\\\/bucuresti\\\/#\\\/schema\\\/logo\\\/image\\\/\",\"url\":\"https:\\\/\\\/buletin.de\\\/bucuresti\\\/wp-content\\\/uploads\\\/logo-bdb-full-wide-vernil-transparent.png\",\"contentUrl\":\"https:\\\/\\\/buletin.de\\\/bucuresti\\\/wp-content\\\/uploads\\\/logo-bdb-full-wide-vernil-transparent.png\",\"width\":1782,\"height\":626,\"caption\":\"Buletin de Bucure\u0219ti\"},\"image\":{\"@id\":\"https:\\\/\\\/buletin.de\\\/bucuresti\\\/#\\\/schema\\\/logo\\\/image\\\/\"},\"sameAs\":[\"https:\\\/\\\/www.facebook.com\\\/buletin.de.buc\",\"https:\\\/\\\/www.instagram.com\\\/buletinde.bucuresti\\\/\"]},{\"@type\":\"Person\",\"@id\":\"https:\\\/\\\/buletin.de\\\/bucuresti\\\/#\\\/schema\\\/person\\\/d369d7ddc775abece205795e0b804614\",\"name\":\"Teodora Stroe\",\"image\":{\"@type\":\"ImageObject\",\"inLanguage\":\"en-GB\",\"@id\":\"https:\\\/\\\/secure.gravatar.com\\\/avatar\\\/2560b4cd9f5f1bc100b123158e657d75584bd1c3e1d9c69285720b9457c1b78d?s=96&d=monsterid&r=gc104800242ba5f2d78dd5d7dc4df08b6\",\"url\":\"https:\\\/\\\/secure.gravatar.com\\\/avatar\\\/2560b4cd9f5f1bc100b123158e657d75584bd1c3e1d9c69285720b9457c1b78d?s=96&d=monsterid&r=g\",\"contentUrl\":\"https:\\\/\\\/secure.gravatar.com\\\/avatar\\\/2560b4cd9f5f1bc100b123158e657d75584bd1c3e1d9c69285720b9457c1b78d?s=96&d=monsterid&r=g\",\"caption\":\"Teodora Stroe\"},\"url\":\"https:\\\/\\\/buletin.de\\\/bucuresti\\\/author\\\/simonacarlugea\\\/\"}]}<\/script>\n<!-- \/ Yoast SEO Premium plugin. -->","yoast_head_json":{"title":"Dosarul drogurilor la liceu. Procurorii cer arest preventiv pentru 7 persoane - Buletin de Bucure\u0219ti","robots":{"index":"index","follow":"follow","max-snippet":"max-snippet:-1","max-image-preview":"max-image-preview:large","max-video-preview":"max-video-preview:-1"},"canonical":"https:\/\/buletin.de\/bucuresti\/dosarul-drogurilor-la-liceu-procurorii-cer-arest-preventiv-pentru-7-persoane\/","og_locale":"en_GB","og_type":"article","og_title":"Dosarul drogurilor la liceu. Procurorii cer arest preventiv pentru 7 persoane","og_description":"Update: Dou\u0103 persoane au fost arestate preventiv. Procurorii vin cu noi informa\u021bii \u00een dosarul re\u021belei de trafican\u021bi ce comercializa droguri \u00een liceele din Capital\u0103. Pentru 7 persoane, re\u021binute pentru 24 de ore, au cerut instan\u021bei arest preventiv iar alte trei, \u00eentre care un minor, sunt \u00een control judiciar pentru 60 de zile. Acuza\u021biile aduse sunt [&hellip;]","og_url":"https:\/\/buletin.de\/bucuresti\/dosarul-drogurilor-la-liceu-procurorii-cer-arest-preventiv-pentru-7-persoane\/","og_site_name":"Buletin de Bucure\u0219ti","article_publisher":"https:\/\/www.facebook.com\/buletin.de.buc","article_published_time":"2023-03-21T15:50:42+00:00","article_modified_time":"2023-03-22T06:21:41+00:00","og_image":[{"width":1600,"height":738,"url":"https:\/\/buletin.de\/bucuresti\/wp-content\/uploads\/WhatsApp-Image-2023-03-20-at-10.04.50-1.jpeg","type":"image\/jpeg"}],"author":"Teodora Stroe","twitter_card":"summary_large_image","twitter_misc":{"Written by":"Teodora Stroe","Estimated reading time":"1 minute"},"schema":{"@context":"https:\/\/schema.org","@graph":[{"@type":"Article","@id":"https:\/\/buletin.de\/bucuresti\/dosarul-drogurilor-la-liceu-procurorii-cer-arest-preventiv-pentru-7-persoane\/#article","isPartOf":{"@id":"https:\/\/buletin.de\/bucuresti\/dosarul-drogurilor-la-liceu-procurorii-cer-arest-preventiv-pentru-7-persoane\/"},"author":{"name":"Teodora Stroe","@id":"https:\/\/buletin.de\/bucuresti\/#\/schema\/person\/d369d7ddc775abece205795e0b804614"},"headline":"Dosarul drogurilor la liceu. Procurorii cer arest preventiv pentru 7 persoane","datePublished":"2023-03-21T15:50:42+00:00","dateModified":"2023-03-22T06:21:41+00:00","mainEntityOfPage":{"@id":"https:\/\/buletin.de\/bucuresti\/dosarul-drogurilor-la-liceu-procurorii-cer-arest-preventiv-pentru-7-persoane\/"},"wordCount":240,"publisher":{"@id":"https:\/\/buletin.de\/bucuresti\/#organization"},"image":{"@id":"https:\/\/buletin.de\/bucuresti\/dosarul-drogurilor-la-liceu-procurorii-cer-arest-preventiv-pentru-7-persoane\/#primaryimage"},"thumbnailUrl":"https:\/\/buletin.de\/bucuresti\/wp-content\/uploads\/WhatsApp-Image-2023-03-20-at-10.04.50-1.jpeg","keywords":["arest","bucuresti","dosarul drogurilor","inculpati"],"articleSection":["Featured","\u0218tiri"],"inLanguage":"en-GB","copyrightYear":"2023","copyrightHolder":{"@id":"https:\/\/buletin.de\/bucuresti\/#organization"}},{"@type":"WebPage","@id":"https:\/\/buletin.de\/bucuresti\/dosarul-drogurilor-la-liceu-procurorii-cer-arest-preventiv-pentru-7-persoane\/","url":"https:\/\/buletin.de\/bucuresti\/dosarul-drogurilor-la-liceu-procurorii-cer-arest-preventiv-pentru-7-persoane\/","name":"Dosarul drogurilor la liceu. Procurorii cer arest preventiv pentru 7 persoane - Buletin de Bucure\u0219ti","isPartOf":{"@id":"https:\/\/buletin.de\/bucuresti\/#website"},"primaryImageOfPage":{"@id":"https:\/\/buletin.de\/bucuresti\/dosarul-drogurilor-la-liceu-procurorii-cer-arest-preventiv-pentru-7-persoane\/#primaryimage"},"image":{"@id":"https:\/\/buletin.de\/bucuresti\/dosarul-drogurilor-la-liceu-procurorii-cer-arest-preventiv-pentru-7-persoane\/#primaryimage"},"thumbnailUrl":"https:\/\/buletin.de\/bucuresti\/wp-content\/uploads\/WhatsApp-Image-2023-03-20-at-10.04.50-1.jpeg","datePublished":"2023-03-21T15:50:42+00:00","dateModified":"2023-03-22T06:21:41+00:00","breadcrumb":{"@id":"https:\/\/buletin.de\/bucuresti\/dosarul-drogurilor-la-liceu-procurorii-cer-arest-preventiv-pentru-7-persoane\/#breadcrumb"},"inLanguage":"en-GB","potentialAction":[{"@type":"ReadAction","target":["https:\/\/buletin.de\/bucuresti\/dosarul-drogurilor-la-liceu-procurorii-cer-arest-preventiv-pentru-7-persoane\/"]}]},{"@type":"ImageObject","inLanguage":"en-GB","@id":"https:\/\/buletin.de\/bucuresti\/dosarul-drogurilor-la-liceu-procurorii-cer-arest-preventiv-pentru-7-persoane\/#primaryimage","url":"https:\/\/buletin.de\/bucuresti\/wp-content\/uploads\/WhatsApp-Image-2023-03-20-at-10.04.50-1.jpeg","contentUrl":"https:\/\/buletin.de\/bucuresti\/wp-content\/uploads\/WhatsApp-Image-2023-03-20-at-10.04.50-1.jpeg","width":1600,"height":738},{"@type":"BreadcrumbList","@id":"https:\/\/buletin.de\/bucuresti\/dosarul-drogurilor-la-liceu-procurorii-cer-arest-preventiv-pentru-7-persoane\/#breadcrumb","itemListElement":[{"@type":"ListItem","position":1,"name":"Acas\u0103","item":"https:\/\/buletin.de\/bucuresti\/"},{"@type":"ListItem","position":2,"name":"Dosarul drogurilor la liceu. Procurorii cer arest preventiv pentru 7 persoane"}]},{"@type":"WebSite","@id":"https:\/\/buletin.de\/bucuresti\/#website","url":"https:\/\/buletin.de\/bucuresti\/","name":"Buletin de Bucure\u0219ti","description":"\u0218tiri \u0219i investiga\u021bii esen\u021biale din capital\u0103","publisher":{"@id":"https:\/\/buletin.de\/bucuresti\/#organization"},"potentialAction":[{"@type":"SearchAction","target":{"@type":"EntryPoint","urlTemplate":"https:\/\/buletin.de\/bucuresti\/?s={search_term_string}"},"query-input":{"@type":"PropertyValueSpecification","valueRequired":true,"valueName":"search_term_string"}}],"inLanguage":"en-GB"},{"@type":"Organization","@id":"https:\/\/buletin.de\/bucuresti\/#organization","name":"Buletin de Bucure\u0219ti","url":"https:\/\/buletin.de\/bucuresti\/","logo":{"@type":"ImageObject","inLanguage":"en-GB","@id":"https:\/\/buletin.de\/bucuresti\/#\/schema\/logo\/image\/","url":"https:\/\/buletin.de\/bucuresti\/wp-content\/uploads\/logo-bdb-full-wide-vernil-transparent.png","contentUrl":"https:\/\/buletin.de\/bucuresti\/wp-content\/uploads\/logo-bdb-full-wide-vernil-transparent.png","width":1782,"height":626,"caption":"Buletin de Bucure\u0219ti"},"image":{"@id":"https:\/\/buletin.de\/bucuresti\/#\/schema\/logo\/image\/"},"sameAs":["https:\/\/www.facebook.com\/buletin.de.buc","https:\/\/www.instagram.com\/buletinde.bucuresti\/"]},{"@type":"Person","@id":"https:\/\/buletin.de\/bucuresti\/#\/schema\/person\/d369d7ddc775abece205795e0b804614","name":"Teodora Stroe","image":{"@type":"ImageObject","inLanguage":"en-GB","@id":"https:\/\/secure.gravatar.com\/avatar\/2560b4cd9f5f1bc100b123158e657d75584bd1c3e1d9c69285720b9457c1b78d?s=96&d=monsterid&r=gc104800242ba5f2d78dd5d7dc4df08b6","url":"https:\/\/secure.gravatar.com\/avatar\/2560b4cd9f5f1bc100b123158e657d75584bd1c3e1d9c69285720b9457c1b78d?s=96&d=monsterid&r=g","contentUrl":"https:\/\/secure.gravatar.com\/avatar\/2560b4cd9f5f1bc100b123158e657d75584bd1c3e1d9c69285720b9457c1b78d?s=96&d=monsterid&r=g","caption":"Teodora Stroe"},"url":"https:\/\/buletin.de\/bucuresti\/author\/simonacarlugea\/"}]}},"authors":[{"term_id":22579,"user_id":18,"is_guest":0,"slug":"simonacarlugea","display_name":"Teodora Stroe","avatar_url":"https:\/\/secure.gravatar.com\/avatar\/2560b4cd9f5f1bc100b123158e657d75584bd1c3e1d9c69285720b9457c1b78d?s=96&d=monsterid&r=g","0":null,"1":"","2":"","3":"","4":"","5":"","6":"","7":"","8":""}],"_links":{"self":[{"href":"https:\/\/buletin.de\/bucuresti\/wp-json\/wp\/v2\/posts\/56447","targetHints":{"allow":["GET"]}}],"collection":[{"href":"https:\/\/buletin.de\/bucuresti\/wp-json\/wp\/v2\/posts"}],"about":[{"href":"https:\/\/buletin.de\/bucuresti\/wp-json\/wp\/v2\/types\/post"}],"author":[{"embeddable":true,"href":"https:\/\/buletin.de\/bucuresti\/wp-json\/wp\/v2\/users\/18"}],"replies":[{"embeddable":true,"href":"https:\/\/buletin.de\/bucuresti\/wp-json\/wp\/v2\/comments?post=56447"}],"version-history":[{"count":3,"href":"https:\/\/buletin.de\/bucuresti\/wp-json\/wp\/v2\/posts\/56447\/revisions"}],"predecessor-version":[{"id":56462,"href":"https:\/\/buletin.de\/bucuresti\/wp-json\/wp\/v2\/posts\/56447\/revisions\/56462"}],"wp:featuredmedia":[{"embeddable":true,"href":"https:\/\/buletin.de\/bucuresti\/wp-json\/wp\/v2\/media\/56329"}],"wp:attachment":[{"href":"https:\/\/buletin.de\/bucuresti\/wp-json\/wp\/v2\/media?parent=56447"}],"wp:term":[{"taxonomy":"category","embeddable":true,"href":"https:\/\/buletin.de\/bucuresti\/wp-json\/wp\/v2\/categories?post=56447"},{"taxonomy":"post_tag","embeddable":true,"href":"https:\/\/buletin.de\/bucuresti\/wp-json\/wp\/v2\/tags?post=56447"},{"taxonomy":"author","embeddable":true,"href":"https:\/\/buletin.de\/bucuresti\/wp-json\/wp\/v2\/ppma_author?post=56447"}],"curies":[{"name":"wp","href":"https:\/\/api.w.org\/{rel}","templated":true}]}}