{"id":56408,"date":"2023-03-21T14:06:49","date_gmt":"2023-03-21T12:06:49","guid":{"rendered":"https:\/\/buletin.de\/bucuresti\/?p=56408"},"modified":"2023-03-31T18:50:01","modified_gmt":"2023-03-31T16:50:01","slug":"sofia-si-zlata-micile-patinatoare-ucrainence-care-incearca-sa-gaseasca-drumul-spre-succes-la-otopeni","status":"publish","type":"post","link":"https:\/\/buletin.de\/bucuresti\/sofia-si-zlata-micile-patinatoare-ucrainence-care-incearca-sa-gaseasca-drumul-spre-succes-la-otopeni\/","title":{"rendered":"Sofia \u0219i Zlata, micile patinatoare ucrainence care \u00eencearc\u0103 s\u0103 g\u0103seasc\u0103 drumul spre succes la Otopeni"},"content":{"rendered":"\n<p><strong>Mii de copii din Ucraina au l\u0103sat \u00een urm\u0103 cu un an familii, prieteni, profesori \u0219i au g\u0103sit \u00een capitala Rom\u00e2niei o nou\u0103 via\u021b\u0103. F\u0103r\u0103 s\u0103 \u0219tie limba, speria\u021bi \u0219i debusola\u021bi, ei \u00eencearc\u0103 s\u0103 s\u0103-\u0219i g\u0103seasc\u0103 drumul \u00een via\u021b\u0103 departe de cas\u0103. Buletin de Bucure\u0219ti va prezenta \u00een \u0219ase episoade nevoile copiilor ucraineni \u00een Bucure\u0219ti, ora\u0219ul cu cea mai mare densitate de refugia\u021bi din Rom\u00e2nia.&nbsp;<\/strong><\/p>\n\n\n\n<figure class=\"wp-block-gallery has-nested-images columns-default is-cropped wp-block-gallery-1 is-layout-flex wp-block-gallery-is-layout-flex\">\n<figure class=\"wp-block-image size-full\"><img fetchpriority=\"high\" decoding=\"async\" width=\"779\" height=\"510\" data-id=\"56409\" src=\"data:image\/gif;base64,R0lGODlhAQABAAAAACH5BAEKAAEALAAAAAABAAEAAAICTAEAOw==\" data-src=\"https:\/\/buletin.de\/bucuresti\/wp-content\/uploads\/Screen-Shot-2023-03-21-at-1.21.54-PM.png\" alt=\"\" class=\"wp-image-56409 lazyload\" data-sizes=\"auto\" data-srcset=\"https:\/\/buletin.de\/bucuresti\/wp-content\/uploads\/Screen-Shot-2023-03-21-at-1.21.54-PM.png 779w, https:\/\/buletin.de\/bucuresti\/wp-content\/uploads\/Screen-Shot-2023-03-21-at-1.21.54-PM-300x196.png 300w, https:\/\/buletin.de\/bucuresti\/wp-content\/uploads\/Screen-Shot-2023-03-21-at-1.21.54-PM-768x503.png 768w, https:\/\/buletin.de\/bucuresti\/wp-content\/uploads\/Screen-Shot-2023-03-21-at-1.21.54-PM-550x360.png 550w, https:\/\/buletin.de\/bucuresti\/wp-content\/uploads\/Screen-Shot-2023-03-21-at-1.21.54-PM-764x500.png 764w, https:\/\/buletin.de\/bucuresti\/wp-content\/uploads\/Screen-Shot-2023-03-21-at-1.21.54-PM-600x393.png 600w\" sizes=\"(max-width: 779px) 100vw, 779px\" \/><\/figure>\n\n\n\n<figure class=\"wp-block-image size-full\"><img decoding=\"async\" width=\"769\" height=\"511\" data-id=\"56410\" src=\"data:image\/gif;base64,R0lGODlhAQABAAAAACH5BAEKAAEALAAAAAABAAEAAAICTAEAOw==\" data-src=\"https:\/\/buletin.de\/bucuresti\/wp-content\/uploads\/Screen-Shot-2023-03-21-at-1.21.28-PM.png\" alt=\"\" class=\"wp-image-56410 lazyload\" data-sizes=\"auto\" data-srcset=\"https:\/\/buletin.de\/bucuresti\/wp-content\/uploads\/Screen-Shot-2023-03-21-at-1.21.28-PM.png 769w, https:\/\/buletin.de\/bucuresti\/wp-content\/uploads\/Screen-Shot-2023-03-21-at-1.21.28-PM-300x199.png 300w, https:\/\/buletin.de\/bucuresti\/wp-content\/uploads\/Screen-Shot-2023-03-21-at-1.21.28-PM-550x365.png 550w, https:\/\/buletin.de\/bucuresti\/wp-content\/uploads\/Screen-Shot-2023-03-21-at-1.21.28-PM-752x500.png 752w, https:\/\/buletin.de\/bucuresti\/wp-content\/uploads\/Screen-Shot-2023-03-21-at-1.21.28-PM-600x399.png 600w\" sizes=\"(max-width: 769px) 100vw, 769px\" \/><\/figure>\n<\/figure>\n\n\n\n<p>Sofiia \u0219i Zlata au \u00eemplinit 11 ani pe 9 martie. Sunt dou\u0103 ucrainence din Odesa, campioane la patinaj artistic. Au ajuns s\u0103 fac\u0103 sport la recomandarea medicului de familie. C\u00e2nd au \u00eemplinit 2 ani, pentru c\u0103 f\u0103ceau pneumonie \u0219i sinuzit\u0103 foarte des, medicul le-a recomandat s\u0103 stea mai mult pe ghea\u021b\u0103, s\u0103 li se \u00eent\u0103reasc\u0103 sistemul imunitar. Ini\u021bial, tat\u0103l lor, care cochetase \u0219i el cu sportul, a fost \u00eempotriv\u0103. Considera c\u0103 patinajul artistic este un sport foarte traumatizant. La 5 ani au ajuns pentru prima dat\u0103 la un patinoar pentru distrac\u021bie.<\/p>\n\n\n\n<p>Dup\u0103 primele 10-15 minute, instructorii de patinaj care le luaser\u0103 \u00een primire pe fete au venit la p\u0103rin\u021bi \u0219i i-au \u00eengtrebat dac\u0103 au mai patinat \u00eenainte, pentru c\u0103, chiar \u0219i pe ni\u0219te patine \u00eenchiriate, neperformante, \u0219i-au p\u0103strat bine echilibrul \u0219i au \u00eenceput s\u0103 patineze imediat.&nbsp;<\/p>\n\n\n\n<p>Tat\u0103l gemenelor a fost at\u00e2t de flatat de evaluare \u00eenc\u00e2t le-a permis s\u0103 se \u00eenscrie la patinaj artistic.<\/p>\n\n\n\n<p>Sofiia \u0219i Zlata \u0219i-au \u00eenceput oficial antrenamentele \u00een octombrie 2017, c\u00e2nd aveau pu\u021bin peste 5 ani \u0219i jum\u0103tate, ceea ce, spune mama lor,&nbsp; este destul de t\u00e2rziu pentru patinajul artistic. Primele lec\u021bii le-au luat \u00een ora\u0219ul lor natal, Odesa.<\/p>\n\n\n\n<p>\u201e\u00cen primul lor an, noi, ca familie, nu am acordat prea mult\u0103 aten\u021bie patinajului lor, deoarece sora mai mic\u0103 a gemenelor, Vasylisa, era \u00eenc\u0103 un copil mic\u201d, \u00ee\u0219i aminte\u0219te mama lor, Maryia.&nbsp;<\/p>\n\n\n\n<figure class=\"wp-block-image size-full\"><img decoding=\"async\" width=\"771\" height=\"515\" src=\"data:image\/gif;base64,R0lGODlhAQABAAAAACH5BAEKAAEALAAAAAABAAEAAAICTAEAOw==\" data-src=\"https:\/\/buletin.de\/bucuresti\/wp-content\/uploads\/Screen-Shot-2023-03-21-at-1.21.05-PM.png\" alt=\"\" class=\"wp-image-56411 lazyload\" data-sizes=\"auto\" data-srcset=\"https:\/\/buletin.de\/bucuresti\/wp-content\/uploads\/Screen-Shot-2023-03-21-at-1.21.05-PM.png 771w, https:\/\/buletin.de\/bucuresti\/wp-content\/uploads\/Screen-Shot-2023-03-21-at-1.21.05-PM-300x200.png 300w, https:\/\/buletin.de\/bucuresti\/wp-content\/uploads\/Screen-Shot-2023-03-21-at-1.21.05-PM-768x513.png 768w, https:\/\/buletin.de\/bucuresti\/wp-content\/uploads\/Screen-Shot-2023-03-21-at-1.21.05-PM-550x367.png 550w, https:\/\/buletin.de\/bucuresti\/wp-content\/uploads\/Screen-Shot-2023-03-21-at-1.21.05-PM-749x500.png 749w, https:\/\/buletin.de\/bucuresti\/wp-content\/uploads\/Screen-Shot-2023-03-21-at-1.21.05-PM-600x401.png 600w\" sizes=\"(max-width: 771px) 100vw, 771px\" \/><\/figure>\n\n\n\n<p>\u00cen luna mai anul urm\u0103tor, fetele au trecut primele teste de patinaj artistic \u0219i s-au clasat \u00een fruntea grupului lor \u0219i asta f\u0103r\u0103 s\u0103 ia lec\u021bii individuale sau f\u0103r\u0103 s\u0103 aib\u0103 preg\u0103tirea suplimentar\u0103 pe care au avut-o al\u021bi colegi.&nbsp;<\/p>\n\n\n\n<p>\u201eAtunci a fost momentul \u00een care primul lor antrenor a decis de fapt s\u0103 m\u0103 \u00eent\u00e2lneasc\u0103 oficial \u0219i s\u0103 aib\u0103 o discu\u021bie pentru a m\u0103 convinge s\u0103 iau patinajul artistic mai \u00een serios. Eram foarte sceptic\u0103, deoarece suma de bani necesar\u0103 pentru a cre\u0219te un patinator artistic, ca s\u0103 nu mai vorbim de doi, era astronomic\u0103\u201d, poveste\u0219te Mariya.&nbsp;<\/p>\n\n\n\n<p>Pe lista unui patinator profesionist intr\u0103: tabere, lec\u021bii individuale cu diferi\u021bi speciali\u0219ti, preg\u0103tire fizic\u0103 special\u0103, antrenamente de s\u0103rituri \u00een afara patinoarului, acroba\u021bii, stretching, coregrafie clasic\u0103, dans modern.<\/p>\n\n\n\n<p>\u201eAm decis s\u0103 \u00eemi asum riscul, chiar dac\u0103 familia mea era \u00eempotriv\u0103. Sportul este considerat o sfer\u0103 foarte riscant\u0103 care, \u00een mentalitatea post-sovietic\u0103, \u00eenseamn\u0103 c\u0103 nu exist\u0103 niciun viitor \u0219i niciun c\u00e2\u0219tig din el dup\u0103 20 de ani. Iar sportul profesionist interfereaz\u0103 foarte mult cu studiile \u0219colare clasice\u201d, explic\u0103 mama fetelor.&nbsp;<\/p>\n\n\n\n<p>Nu a existat niciun sprijin nici din partea \u0219colii pentru copii. Copiii erau h\u0103r\u021bui\u021bi la \u0219coal\u0103 pentru c\u0103 lipseau de la lec\u021bii \u0219i pentru c\u0103 f\u0103ceau ceva diferit. A \u00eencercat s\u0103 \u00eei \u021bin\u0103 c\u00e2t mai mult timp \u00eentr-o \u0219coala clasic\u0103, dar \u00een perioada Covid a fost nevoit\u0103 s\u0103 le mute,&nbsp;<\/p>\n\n\n\n<p>\u201eNu au fost dispu\u0219i s\u0103 le ofere un program flexibil, la care, prin lege, sportivii au dreptul. A\u0219a c\u0103, \u00een familie, am luat decizia de a trece la o \u0219coal\u0103 privat\u0103 online, pentru a nu pierde nici la educa\u021bie, nici la sport\u201d, explic\u0103 mama lor.&nbsp;<\/p>\n\n\n\n<figure class=\"wp-block-image size-full\"><img loading=\"lazy\" decoding=\"async\" width=\"421\" height=\"594\" src=\"data:image\/gif;base64,R0lGODlhAQABAAAAACH5BAEKAAEALAAAAAABAAEAAAICTAEAOw==\" data-src=\"https:\/\/buletin.de\/bucuresti\/wp-content\/uploads\/Screen-Shot-2023-03-21-at-1.20.45-PM.png\" alt=\"\" class=\"wp-image-56412 lazyload\" data-sizes=\"auto\" data-srcset=\"https:\/\/buletin.de\/bucuresti\/wp-content\/uploads\/Screen-Shot-2023-03-21-at-1.20.45-PM.png 421w, https:\/\/buletin.de\/bucuresti\/wp-content\/uploads\/Screen-Shot-2023-03-21-at-1.20.45-PM-213x300.png 213w, https:\/\/buletin.de\/bucuresti\/wp-content\/uploads\/Screen-Shot-2023-03-21-at-1.20.45-PM-354x500.png 354w\" sizes=\"(max-width: 421px) 100vw, 421px\" \/><\/figure>\n\n\n\n<p>Dup\u0103 primul lor sezon de concurs, s-au clasat pe locurile 1 \u0219i 4 la nivel na\u021bional \u00eentr-o categorie \u00een care copiii erau cu p\u00e2n\u0103 la 2 ani mai mari. Al doilea sezon &#8211; s-au clasat \u00een primii 20 de patinatori artistici de v\u00e2rsta lor \u0219i ar fi trebuit s\u0103 ajung\u0103 \u00een final\u0103.<\/p>\n\n\n\n<h2 class=\"wp-block-heading\"><strong>R\u0103zboiul, Rom\u00e2nia, Bucure\u0219ti&nbsp;<\/strong><\/h2>\n\n\n\n<p>Atunci a venit r\u0103zboiul. Fetele, mama \u0219i tat\u0103l lor erau chiar \u00een Rom\u00e2nia, la prima competi\u021bie interna\u021bional\u0103 pentru copii la o categorie mai mare dec\u00e2t a lor. S-au \u00eentors to\u021bi cinci de urgen\u021b\u0103 acas\u0103, pentru c\u0103 cel mai mic copil r\u0103ms\u0103sese acolo. Au \u00een\u021beles perfect consecin\u021bele ac\u021biunilor lor.&nbsp;<\/p>\n\n\n\n<p>&nbsp;Dup\u0103 o perioad\u0103 de timp \u00een Odesa, au mers \u00een vest, la ceilal\u021bi bunici ai lor.&nbsp;<\/p>\n\n\n\n<p>\u201eAceasta a fost prima noastr\u0103 experien\u021b\u0103 cu trenurile de evacuare, un lucru pe care \u00eemi doresc ca nimeni s\u0103 nu-l experimenteze vreodat\u0103\u201d, explic\u0103 mama fetelor.<\/p>\n\n\n\n<p>\u00cen vestul \u021b\u0103rii au r\u0103mas c\u00e2teva s\u0103pt\u0103m\u00e2ni, apoi au decis s\u0103 mearg\u0103 \u00een Rom\u00e2nia.<\/p>\n\n\n\n<p>\u201eAceast\u0103 decizie a fost luat\u0103 doar din cauza patinajului artistic, pentru a le permite s\u0103 \u00ee\u0219i continue preg\u0103tirea \u0219i visul. Un patinator artistic poate face multe, dar la un moment dat &#8211; ghea\u021ba ESTE necesar\u0103 pentru a se antrena. Antrenorul nostru a plecat la Gala\u021bi \u00een martie \u0219i a spus c\u0103 directorul ne va permite s\u0103 ne antren\u0103m acolo gratuit\u201d, mai explic\u0103 mama fetelor,&nbsp;<\/p>\n\n\n\n<figure class=\"wp-block-image size-full\"><img loading=\"lazy\" decoding=\"async\" width=\"774\" height=\"509\" src=\"data:image\/gif;base64,R0lGODlhAQABAAAAACH5BAEKAAEALAAAAAABAAEAAAICTAEAOw==\" data-src=\"https:\/\/buletin.de\/bucuresti\/wp-content\/uploads\/Screen-Shot-2023-03-21-at-1.21.10-PM.png\" alt=\"\" class=\"wp-image-56414 lazyload\" data-sizes=\"auto\" data-srcset=\"https:\/\/buletin.de\/bucuresti\/wp-content\/uploads\/Screen-Shot-2023-03-21-at-1.21.10-PM.png 774w, https:\/\/buletin.de\/bucuresti\/wp-content\/uploads\/Screen-Shot-2023-03-21-at-1.21.10-PM-300x197.png 300w, https:\/\/buletin.de\/bucuresti\/wp-content\/uploads\/Screen-Shot-2023-03-21-at-1.21.10-PM-768x505.png 768w, https:\/\/buletin.de\/bucuresti\/wp-content\/uploads\/Screen-Shot-2023-03-21-at-1.21.10-PM-550x362.png 550w, https:\/\/buletin.de\/bucuresti\/wp-content\/uploads\/Screen-Shot-2023-03-21-at-1.21.10-PM-760x500.png 760w, https:\/\/buletin.de\/bucuresti\/wp-content\/uploads\/Screen-Shot-2023-03-21-at-1.21.10-PM-600x395.png 600w\" sizes=\"(max-width: 774px) 100vw, 774px\" \/><\/figure>\n\n\n\n<p>Nu cuno\u0219tea pe nimeni \u00een Gala\u021bi \u0219i chiar \u0219i \u00een ziua \u00een care a trecut gran\u021bia cu 3 copii nu avea nicio idee unde va dormi \u00een acea zi.&nbsp;<\/p>\n\n\n\n<p>\u201eCel mai \u00eengrozitor lucru \u00een primele luni de r\u0103zboi a fost grani\u021ba cu Ucraina. At\u00e2t de multe femei \u0219i at\u00e2t de mul\u021bi copii, \u0219i to\u021bi erau \u00een mare parte t\u0103cu\u021bi. T\u0103cerea nu este normal\u0103 pentru copii. \u0218i copiii mei au devenit mai t\u0103cu\u021bi odat\u0103 cu r\u0103zboiul. \u0218i chiar \u0219i cu doar o lun\u0103 de stat \u00een Ucraina \u00een timpul r\u0103zboiului &#8211; \u00ee\u0219i f\u0103cuser\u0103 un obicei de a respecta regula celor 2 pere\u021bi \u00een timpul alertelor aeriene\u201d, \u00ee\u0219i aminte\u0219te Maria drumul.&nbsp;<\/p>\n\n\n\n<p>A ajuns la Gala\u021bi 26 martie cu ma\u0219ina, f\u0103r\u0103 prea mul\u021bi bani \u0219i doar cu c\u00e2t \u00eencapea \u00eentr-o ma\u0219in\u0103 mic\u0103. Nu \u0219tiau ce \u00eei a\u0219teapt\u0103 \u00een Rom\u00e2nia, dar, pentru a face mai u\u0219oar\u0103 experien\u021ba, s-a asociat cu o alt\u0103 familie din grupul de patinaj artistic pentru a g\u0103si \u00eempreun\u0103 o cazare.&nbsp;<\/p>\n\n\n\n<p>\u201eAm fost extrem de noroco\u0219i de fiecare dat\u0103 s\u0103 \u00eent\u00e2lnim cei mai amabili \u0219i mai sinceri \u0219i mai ajut\u0103tori cet\u0103\u021beni rom\u00e2ni, care cu compasiunea lor ne-au ajutat \u00een tot ceea ce au putut, chiar \u0219i atunci c\u00e2nd noi nu ne d\u0103deam seama c\u0103 de fapt aveam nevoie de acest ajutor.&nbsp;<\/p>\n\n\n\n<p>Dar au fost provoc\u0103ri peste provoc\u0103ri. P\u0103r\u0103sirea casei noastre, faptul c\u0103 a trebuit s\u0103 ne schimb\u0103m obiceiurile alimentare din cauza dificult\u0103\u021bilor financiare, \u00eembr\u0103c\u0103minte limitat\u0103, o limb\u0103 nou\u0103, lipsa intimit\u0103\u021bii, lipsa familiei pe care copiii mei o iubeau at\u00e2t de mult \u0219i o mam\u0103 care era o epav\u0103. S-au certat \u0219i au pl\u00e2ns mult la \u00eenceput. Singurul sentiment de normalitate pe care puteam s\u0103 li-l dau este \u00eentoarcerea la antrenamentele pe ghea\u021b\u0103, lipsa alertelor de aer \u0219i o pizza pe care am luat-o din primii bani c\u00e2\u0219tiga\u021bi \u00een Rom\u00e2nia\u201d<\/p>\n\n\n\n<p>Dup\u0103 prima lun\u0103 la Gala\u021bi, s-au mutat \u00een Bucure\u0219ti pentru c\u0103 patinoarul de acolo se \u00eenchisese iar sezonul de la Bucure\u0219ti era mai lung. Plus o ofert\u0103 de munc\u0103 pe care mama copiilor o primise \u00een Capital\u0103 de la la o organiza\u021bie de ajutor umanitar.&nbsp;<\/p>\n\n\n\n<p>\u00cen Bucure\u0219ti au participat la o emisiune TV care avea leg\u0103tur\u0103 cu patinajul pe ghea\u021b\u0103 \u0219i a\u0219a fetele au ajuns la Otopeni, s\u0103 se antreneze.&nbsp;<\/p>\n\n\n\n<p>\u201e\u00cen Rom\u00e2nia, condi\u021biile pentru patinajul artistic sunt chiar mai dificile dec\u00e2t \u00een Ucraina. Accentul este pus pe hochei \u0219i nu exist\u0103 suficient timp disponibil care s\u0103 fie programat pentru patinajul artistic. De asemenea, la Otopeni, chiar dac\u0103 patinoarul este minunat, dup\u0103 ce mi-am calculat costurile \u0219i am primit \u0219i o reducere, copilul meu mai mic a \u00eencetat s\u0103 mai fac\u0103 patinaj artistic, pentru c\u0103 mi-ar fi fost imposibil s\u0103 mi-l permit\u201d, explic\u0103 Maria.&nbsp;<\/p>\n\n\n\n<p>Gemenele se trezesc la 6 \u0219i la 7:30 sunt deja pe ghea\u021b\u0103 dup\u0103 o \u00eenc\u0103lzire. \u00cen afar\u0103 de antrenamentul pe ghea\u021b\u0103, au nevoie de antrenament \u00een afara ghe\u021bii \u0219i de antrenament specializat pentru s\u0103rituri, precum \u0219i de coregrafie clasic\u0103. Ele improvizeaz\u0103.<\/p>\n\n\n\n<p>\u201eC\u00e2nd este relativ cald &#8211; copiii \u00ee\u0219i fac antrenamentul \u00een parcul Her\u0103str\u0103u, sau fac exerci\u021bii de s\u0103rituri \u00een holul casei \u00een care locuim. Este tot ce putem face mai bine, pentru c\u0103 \u00eenchirierea unui spa\u021biu la o sal\u0103 de sport este destul de costisitoare. \u00cen timpul verii, vecinii no\u0219tri ie\u0219eau \u0219i le d\u0103deau de m\u00e2ncare copiilor, care mereu fie alergau, fie s\u0103reau sau s\u0103reau pentru exerci\u021biile lor din afara ghe\u021bii. Cred c\u0103 au fost pu\u021bin \u0219oca\u021bi, \u00eentr-adev\u0103r\u201d, \u00ee\u0219i aminte\u0219te Maria.&nbsp;<\/p>\n\n\n\n<figure class=\"wp-block-image size-full\"><img loading=\"lazy\" decoding=\"async\" width=\"770\" height=\"506\" src=\"data:image\/gif;base64,R0lGODlhAQABAAAAACH5BAEKAAEALAAAAAABAAEAAAICTAEAOw==\" data-src=\"https:\/\/buletin.de\/bucuresti\/wp-content\/uploads\/Screen-Shot-2023-03-21-at-1.21.17-PM.png\" alt=\"\" class=\"wp-image-56415 lazyload\" data-sizes=\"auto\" data-srcset=\"https:\/\/buletin.de\/bucuresti\/wp-content\/uploads\/Screen-Shot-2023-03-21-at-1.21.17-PM.png 770w, https:\/\/buletin.de\/bucuresti\/wp-content\/uploads\/Screen-Shot-2023-03-21-at-1.21.17-PM-300x197.png 300w, https:\/\/buletin.de\/bucuresti\/wp-content\/uploads\/Screen-Shot-2023-03-21-at-1.21.17-PM-768x505.png 768w, https:\/\/buletin.de\/bucuresti\/wp-content\/uploads\/Screen-Shot-2023-03-21-at-1.21.17-PM-550x362.png 550w, https:\/\/buletin.de\/bucuresti\/wp-content\/uploads\/Screen-Shot-2023-03-21-at-1.21.17-PM-761x500.png 761w, https:\/\/buletin.de\/bucuresti\/wp-content\/uploads\/Screen-Shot-2023-03-21-at-1.21.17-PM-600x394.png 600w\" sizes=\"(max-width: 770px) 100vw, 770px\" \/><\/figure>\n\n\n\n<p>Dar nu e suficient ca s\u0103 performeze &#8211;&nbsp; au nevoie de coregrafie clasic\u0103 la bar\u0103, de dans contemporan sau de o sal\u0103 de sport bine echipat\u0103 pentru a-\u0219i construi fizicul sau de un spinner special pentru a-\u0219i antrena echilibru. Ar mai avea nevoie s\u0103 cunoasc\u0103 \u0219i alte tipuri de antrenament f\u0103cute de al\u021bi antrenori.&nbsp;<\/p>\n\n\n\n<p>\u201e\u00cen Ucraina puteam s\u0103 m\u0103 bazez pe afacerea mea \u0219i s\u0103-mi fac ni\u0219te planuri, dar \u00een momentul de fa\u021b\u0103 simt c\u0103 mi s-a luat pre\u0219ul de sub picioare \u00een cel mai important moment, c\u00e2nd ar trebui s\u0103 se fac o investi\u021bie pentru a-i face s\u0103 se ridice la un nivel mai \u00eenalt. Fac tot ce pot, dar fizic nu pot s\u0103 lucrez mai mult de 2 joburi \u0219i ceva freelance. Am ajuns la o limit\u0103, dar nu sunt preg\u0103tit\u0103 pentru ca copiii mei, care au parcurs un drum at\u00e2t de lung, s\u0103 renun\u021be la talentul \u0219i visele lor doar din cauza unui moment nepotrivit \u0219i a unui r\u0103zboi\u201d<\/p>\n\n\n\n<p>P\u00e2n\u0103 c\u00e2nd toate acestea vor fi o realitate, Maria \u0219i-a propus s\u0103 ajung\u0103 cu ele m\u0103car \u00een Slovenia, \u00een aprilie unde ar putea s\u0103 le dea din nou speran\u021ba c\u0103 \u00eentr-o zi&nbsp; Sofiia\/Zlata Korolchuk vor fi mari campioane.&nbsp;<\/p>\n\n\n\n<p><strong>Acest material a fost realizat \u00een cadrul proiectului \u201eEduca\u021bia media &#8211; instrument pentru cre\u0219terea abilit\u0103\u021bilor de participare civic\u0103 a adolescen\u021bilor (faza 2) &#8211; Sprijinirea comunit\u0103\u021bilor pentru a fi mai bine protejate de infodemie&#8221;, implementat de Centrul pentru Jurnalism Independent (CJI), cu sprijinul UNICEF. Opiniile exprimate \u00een acest articol apar\u021bin autorilor \u0219i nu reflect\u0103 neap\u0103rat pozi\u021bia CJI \u0219i UNICEF.<\/strong><\/p>\n","protected":false},"excerpt":{"rendered":"<p>Mii de copii din Ucraina au l\u0103sat \u00een urm\u0103 cu un an familii, prieteni, profesori \u0219i au g\u0103sit \u00een capitala Rom\u00e2niei o nou\u0103 via\u021b\u0103. F\u0103r\u0103 s\u0103 \u0219tie limba, speria\u021bi \u0219i debusola\u021bi, ei \u00eencearc\u0103 s\u0103 s\u0103-\u0219i g\u0103seasc\u0103 drumul \u00een via\u021b\u0103 departe de cas\u0103. Buletin de Bucure\u0219ti va prezenta \u00een \u0219ase episoade nevoile copiilor ucraineni \u00een Bucure\u0219ti, [&hellip;]<\/p>\n","protected":false},"author":2,"featured_media":56421,"comment_status":"closed","ping_status":"open","sticky":false,"template":"","format":"standard","meta":{"_acf_changed":false,"inline_featured_image":false,"ngg_post_thumbnail":0,"footnotes":""},"categories":[3419],"tags":[750,5594,3495,4003,5595],"ppma_author":[22584],"class_list":["post-56408","post","type-post","status-publish","format-standard","has-post-thumbnail","hentry","category-featured","tag-otopeni","tag-patinaj-artistic","tag-sofia","tag-ucraina","tag-zlata"],"acf":[],"yoast_head":"<!-- This site is optimized with the Yoast SEO Premium plugin v25.3 (Yoast SEO v27.4) - https:\/\/yoast.com\/product\/yoast-seo-premium-wordpress\/ -->\n<title>Sofia \u0219i Zlata, micile patinatoare ucrainence care \u00eencearc\u0103 s\u0103 g\u0103seasc\u0103 drumul spre succes la Otopeni - Buletin de Bucure\u0219ti<\/title>\n<meta name=\"robots\" content=\"index, follow, max-snippet:-1, max-image-preview:large, max-video-preview:-1\" \/>\n<link rel=\"canonical\" href=\"https:\/\/buletin.de\/bucuresti\/sofia-si-zlata-micile-patinatoare-ucrainence-care-incearca-sa-gaseasca-drumul-spre-succes-la-otopeni\/\" \/>\n<meta property=\"og:locale\" content=\"en_GB\" \/>\n<meta property=\"og:type\" content=\"article\" \/>\n<meta property=\"og:title\" content=\"Sofia \u0219i Zlata, micile patinatoare ucrainence care \u00eencearc\u0103 s\u0103 g\u0103seasc\u0103 drumul spre succes la Otopeni\" \/>\n<meta property=\"og:description\" content=\"Mii de copii din Ucraina au l\u0103sat \u00een urm\u0103 cu un an familii, prieteni, profesori \u0219i au g\u0103sit \u00een capitala Rom\u00e2niei o nou\u0103 via\u021b\u0103. F\u0103r\u0103 s\u0103 \u0219tie limba, speria\u021bi \u0219i debusola\u021bi, ei \u00eencearc\u0103 s\u0103 s\u0103-\u0219i g\u0103seasc\u0103 drumul \u00een via\u021b\u0103 departe de cas\u0103. Buletin de Bucure\u0219ti va prezenta \u00een \u0219ase episoade nevoile copiilor ucraineni \u00een Bucure\u0219ti, [&hellip;]\" \/>\n<meta property=\"og:url\" content=\"https:\/\/buletin.de\/bucuresti\/sofia-si-zlata-micile-patinatoare-ucrainence-care-incearca-sa-gaseasca-drumul-spre-succes-la-otopeni\/\" \/>\n<meta property=\"og:site_name\" content=\"Buletin de Bucure\u0219ti\" \/>\n<meta property=\"article:publisher\" content=\"https:\/\/www.facebook.com\/buletin.de.buc\" \/>\n<meta property=\"article:published_time\" content=\"2023-03-21T12:06:49+00:00\" \/>\n<meta property=\"article:modified_time\" content=\"2023-03-31T16:50:01+00:00\" \/>\n<meta property=\"og:image\" content=\"https:\/\/buletin.de\/bucuresti\/wp-content\/uploads\/BeFunky-collage-35.png\" \/>\n\t<meta property=\"og:image:width\" content=\"2000\" \/>\n\t<meta property=\"og:image:height\" content=\"804\" \/>\n\t<meta property=\"og:image:type\" content=\"image\/png\" \/>\n<meta name=\"author\" content=\"Oana Despa\" \/>\n<meta name=\"twitter:card\" content=\"summary_large_image\" \/>\n<meta name=\"twitter:label1\" content=\"Written by\" \/>\n\t<meta name=\"twitter:data1\" content=\"Oana Despa\" \/>\n\t<meta name=\"twitter:label2\" content=\"Estimated reading time\" \/>\n\t<meta name=\"twitter:data2\" content=\"9 minutes\" \/>\n<script type=\"application\/ld+json\" class=\"yoast-schema-graph\">{\"@context\":\"https:\\\/\\\/schema.org\",\"@graph\":[{\"@type\":\"Article\",\"@id\":\"https:\\\/\\\/buletin.de\\\/bucuresti\\\/sofia-si-zlata-micile-patinatoare-ucrainence-care-incearca-sa-gaseasca-drumul-spre-succes-la-otopeni\\\/#article\",\"isPartOf\":{\"@id\":\"https:\\\/\\\/buletin.de\\\/bucuresti\\\/sofia-si-zlata-micile-patinatoare-ucrainence-care-incearca-sa-gaseasca-drumul-spre-succes-la-otopeni\\\/\"},\"author\":{\"name\":\"Oana Despa\",\"@id\":\"https:\\\/\\\/buletin.de\\\/bucuresti\\\/#\\\/schema\\\/person\\\/f02780e5e00039cf0bc1d929798d0239\"},\"headline\":\"Sofia \u0219i Zlata, micile patinatoare ucrainence care \u00eencearc\u0103 s\u0103 g\u0103seasc\u0103 drumul spre succes la Otopeni\",\"datePublished\":\"2023-03-21T12:06:49+00:00\",\"dateModified\":\"2023-03-31T16:50:01+00:00\",\"mainEntityOfPage\":{\"@id\":\"https:\\\/\\\/buletin.de\\\/bucuresti\\\/sofia-si-zlata-micile-patinatoare-ucrainence-care-incearca-sa-gaseasca-drumul-spre-succes-la-otopeni\\\/\"},\"wordCount\":1824,\"publisher\":{\"@id\":\"https:\\\/\\\/buletin.de\\\/bucuresti\\\/#organization\"},\"image\":{\"@id\":\"https:\\\/\\\/buletin.de\\\/bucuresti\\\/sofia-si-zlata-micile-patinatoare-ucrainence-care-incearca-sa-gaseasca-drumul-spre-succes-la-otopeni\\\/#primaryimage\"},\"thumbnailUrl\":\"https:\\\/\\\/buletin.de\\\/bucuresti\\\/wp-content\\\/uploads\\\/BeFunky-collage-35.png\",\"keywords\":[\"otopeni\",\"Patinaj artistic\",\"Sofia\",\"ucraina\",\"Zlata\"],\"articleSection\":[\"Featured\"],\"inLanguage\":\"en-GB\",\"copyrightYear\":\"2023\",\"copyrightHolder\":{\"@id\":\"https:\\\/\\\/buletin.de\\\/bucuresti\\\/#organization\"}},{\"@type\":\"WebPage\",\"@id\":\"https:\\\/\\\/buletin.de\\\/bucuresti\\\/sofia-si-zlata-micile-patinatoare-ucrainence-care-incearca-sa-gaseasca-drumul-spre-succes-la-otopeni\\\/\",\"url\":\"https:\\\/\\\/buletin.de\\\/bucuresti\\\/sofia-si-zlata-micile-patinatoare-ucrainence-care-incearca-sa-gaseasca-drumul-spre-succes-la-otopeni\\\/\",\"name\":\"Sofia \u0219i Zlata, micile patinatoare ucrainence care \u00eencearc\u0103 s\u0103 g\u0103seasc\u0103 drumul spre succes la Otopeni - Buletin de Bucure\u0219ti\",\"isPartOf\":{\"@id\":\"https:\\\/\\\/buletin.de\\\/bucuresti\\\/#website\"},\"primaryImageOfPage\":{\"@id\":\"https:\\\/\\\/buletin.de\\\/bucuresti\\\/sofia-si-zlata-micile-patinatoare-ucrainence-care-incearca-sa-gaseasca-drumul-spre-succes-la-otopeni\\\/#primaryimage\"},\"image\":{\"@id\":\"https:\\\/\\\/buletin.de\\\/bucuresti\\\/sofia-si-zlata-micile-patinatoare-ucrainence-care-incearca-sa-gaseasca-drumul-spre-succes-la-otopeni\\\/#primaryimage\"},\"thumbnailUrl\":\"https:\\\/\\\/buletin.de\\\/bucuresti\\\/wp-content\\\/uploads\\\/BeFunky-collage-35.png\",\"datePublished\":\"2023-03-21T12:06:49+00:00\",\"dateModified\":\"2023-03-31T16:50:01+00:00\",\"breadcrumb\":{\"@id\":\"https:\\\/\\\/buletin.de\\\/bucuresti\\\/sofia-si-zlata-micile-patinatoare-ucrainence-care-incearca-sa-gaseasca-drumul-spre-succes-la-otopeni\\\/#breadcrumb\"},\"inLanguage\":\"en-GB\",\"potentialAction\":[{\"@type\":\"ReadAction\",\"target\":[\"https:\\\/\\\/buletin.de\\\/bucuresti\\\/sofia-si-zlata-micile-patinatoare-ucrainence-care-incearca-sa-gaseasca-drumul-spre-succes-la-otopeni\\\/\"]}]},{\"@type\":\"ImageObject\",\"inLanguage\":\"en-GB\",\"@id\":\"https:\\\/\\\/buletin.de\\\/bucuresti\\\/sofia-si-zlata-micile-patinatoare-ucrainence-care-incearca-sa-gaseasca-drumul-spre-succes-la-otopeni\\\/#primaryimage\",\"url\":\"https:\\\/\\\/buletin.de\\\/bucuresti\\\/wp-content\\\/uploads\\\/BeFunky-collage-35.png\",\"contentUrl\":\"https:\\\/\\\/buletin.de\\\/bucuresti\\\/wp-content\\\/uploads\\\/BeFunky-collage-35.png\",\"width\":2000,\"height\":804},{\"@type\":\"BreadcrumbList\",\"@id\":\"https:\\\/\\\/buletin.de\\\/bucuresti\\\/sofia-si-zlata-micile-patinatoare-ucrainence-care-incearca-sa-gaseasca-drumul-spre-succes-la-otopeni\\\/#breadcrumb\",\"itemListElement\":[{\"@type\":\"ListItem\",\"position\":1,\"name\":\"Acas\u0103\",\"item\":\"https:\\\/\\\/buletin.de\\\/bucuresti\\\/\"},{\"@type\":\"ListItem\",\"position\":2,\"name\":\"Sofia \u0219i Zlata, micile patinatoare ucrainence care \u00eencearc\u0103 s\u0103 g\u0103seasc\u0103 drumul spre succes la Otopeni\"}]},{\"@type\":\"WebSite\",\"@id\":\"https:\\\/\\\/buletin.de\\\/bucuresti\\\/#website\",\"url\":\"https:\\\/\\\/buletin.de\\\/bucuresti\\\/\",\"name\":\"Buletin de Bucure\u0219ti\",\"description\":\"\u0218tiri \u0219i investiga\u021bii esen\u021biale din capital\u0103\",\"publisher\":{\"@id\":\"https:\\\/\\\/buletin.de\\\/bucuresti\\\/#organization\"},\"potentialAction\":[{\"@type\":\"SearchAction\",\"target\":{\"@type\":\"EntryPoint\",\"urlTemplate\":\"https:\\\/\\\/buletin.de\\\/bucuresti\\\/?s={search_term_string}\"},\"query-input\":{\"@type\":\"PropertyValueSpecification\",\"valueRequired\":true,\"valueName\":\"search_term_string\"}}],\"inLanguage\":\"en-GB\"},{\"@type\":\"Organization\",\"@id\":\"https:\\\/\\\/buletin.de\\\/bucuresti\\\/#organization\",\"name\":\"Buletin de Bucure\u0219ti\",\"url\":\"https:\\\/\\\/buletin.de\\\/bucuresti\\\/\",\"logo\":{\"@type\":\"ImageObject\",\"inLanguage\":\"en-GB\",\"@id\":\"https:\\\/\\\/buletin.de\\\/bucuresti\\\/#\\\/schema\\\/logo\\\/image\\\/\",\"url\":\"https:\\\/\\\/buletin.de\\\/bucuresti\\\/wp-content\\\/uploads\\\/logo-bdb-full-wide-vernil-transparent.png\",\"contentUrl\":\"https:\\\/\\\/buletin.de\\\/bucuresti\\\/wp-content\\\/uploads\\\/logo-bdb-full-wide-vernil-transparent.png\",\"width\":1782,\"height\":626,\"caption\":\"Buletin de Bucure\u0219ti\"},\"image\":{\"@id\":\"https:\\\/\\\/buletin.de\\\/bucuresti\\\/#\\\/schema\\\/logo\\\/image\\\/\"},\"sameAs\":[\"https:\\\/\\\/www.facebook.com\\\/buletin.de.buc\",\"https:\\\/\\\/www.instagram.com\\\/buletinde.bucuresti\\\/\"]},{\"@type\":\"Person\",\"@id\":\"https:\\\/\\\/buletin.de\\\/bucuresti\\\/#\\\/schema\\\/person\\\/f02780e5e00039cf0bc1d929798d0239\",\"name\":\"Oana Despa\",\"image\":{\"@type\":\"ImageObject\",\"inLanguage\":\"en-GB\",\"@id\":\"https:\\\/\\\/secure.gravatar.com\\\/avatar\\\/315d42f2ee19dcce5c47d87713af9f3ec85494d7026ca420f44668b51324357e?s=96&d=monsterid&r=g9679e8786333bebe875735ec1e7b81f0\",\"url\":\"https:\\\/\\\/secure.gravatar.com\\\/avatar\\\/315d42f2ee19dcce5c47d87713af9f3ec85494d7026ca420f44668b51324357e?s=96&d=monsterid&r=g\",\"contentUrl\":\"https:\\\/\\\/secure.gravatar.com\\\/avatar\\\/315d42f2ee19dcce5c47d87713af9f3ec85494d7026ca420f44668b51324357e?s=96&d=monsterid&r=g\",\"caption\":\"Oana Despa\"},\"description\":\"Editor\",\"url\":\"https:\\\/\\\/buletin.de\\\/bucuresti\\\/author\\\/oanadespa\\\/\"}]}<\/script>\n<!-- \/ Yoast SEO Premium plugin. -->","yoast_head_json":{"title":"Sofia \u0219i Zlata, micile patinatoare ucrainence care \u00eencearc\u0103 s\u0103 g\u0103seasc\u0103 drumul spre succes la Otopeni - Buletin de Bucure\u0219ti","robots":{"index":"index","follow":"follow","max-snippet":"max-snippet:-1","max-image-preview":"max-image-preview:large","max-video-preview":"max-video-preview:-1"},"canonical":"https:\/\/buletin.de\/bucuresti\/sofia-si-zlata-micile-patinatoare-ucrainence-care-incearca-sa-gaseasca-drumul-spre-succes-la-otopeni\/","og_locale":"en_GB","og_type":"article","og_title":"Sofia \u0219i Zlata, micile patinatoare ucrainence care \u00eencearc\u0103 s\u0103 g\u0103seasc\u0103 drumul spre succes la Otopeni","og_description":"Mii de copii din Ucraina au l\u0103sat \u00een urm\u0103 cu un an familii, prieteni, profesori \u0219i au g\u0103sit \u00een capitala Rom\u00e2niei o nou\u0103 via\u021b\u0103. F\u0103r\u0103 s\u0103 \u0219tie limba, speria\u021bi \u0219i debusola\u021bi, ei \u00eencearc\u0103 s\u0103 s\u0103-\u0219i g\u0103seasc\u0103 drumul \u00een via\u021b\u0103 departe de cas\u0103. Buletin de Bucure\u0219ti va prezenta \u00een \u0219ase episoade nevoile copiilor ucraineni \u00een Bucure\u0219ti, [&hellip;]","og_url":"https:\/\/buletin.de\/bucuresti\/sofia-si-zlata-micile-patinatoare-ucrainence-care-incearca-sa-gaseasca-drumul-spre-succes-la-otopeni\/","og_site_name":"Buletin de Bucure\u0219ti","article_publisher":"https:\/\/www.facebook.com\/buletin.de.buc","article_published_time":"2023-03-21T12:06:49+00:00","article_modified_time":"2023-03-31T16:50:01+00:00","og_image":[{"width":2000,"height":804,"url":"https:\/\/buletin.de\/bucuresti\/wp-content\/uploads\/BeFunky-collage-35.png","type":"image\/png"}],"author":"Oana Despa","twitter_card":"summary_large_image","twitter_misc":{"Written by":"Oana Despa","Estimated reading time":"9 minutes"},"schema":{"@context":"https:\/\/schema.org","@graph":[{"@type":"Article","@id":"https:\/\/buletin.de\/bucuresti\/sofia-si-zlata-micile-patinatoare-ucrainence-care-incearca-sa-gaseasca-drumul-spre-succes-la-otopeni\/#article","isPartOf":{"@id":"https:\/\/buletin.de\/bucuresti\/sofia-si-zlata-micile-patinatoare-ucrainence-care-incearca-sa-gaseasca-drumul-spre-succes-la-otopeni\/"},"author":{"name":"Oana Despa","@id":"https:\/\/buletin.de\/bucuresti\/#\/schema\/person\/f02780e5e00039cf0bc1d929798d0239"},"headline":"Sofia \u0219i Zlata, micile patinatoare ucrainence care \u00eencearc\u0103 s\u0103 g\u0103seasc\u0103 drumul spre succes la Otopeni","datePublished":"2023-03-21T12:06:49+00:00","dateModified":"2023-03-31T16:50:01+00:00","mainEntityOfPage":{"@id":"https:\/\/buletin.de\/bucuresti\/sofia-si-zlata-micile-patinatoare-ucrainence-care-incearca-sa-gaseasca-drumul-spre-succes-la-otopeni\/"},"wordCount":1824,"publisher":{"@id":"https:\/\/buletin.de\/bucuresti\/#organization"},"image":{"@id":"https:\/\/buletin.de\/bucuresti\/sofia-si-zlata-micile-patinatoare-ucrainence-care-incearca-sa-gaseasca-drumul-spre-succes-la-otopeni\/#primaryimage"},"thumbnailUrl":"https:\/\/buletin.de\/bucuresti\/wp-content\/uploads\/BeFunky-collage-35.png","keywords":["otopeni","Patinaj artistic","Sofia","ucraina","Zlata"],"articleSection":["Featured"],"inLanguage":"en-GB","copyrightYear":"2023","copyrightHolder":{"@id":"https:\/\/buletin.de\/bucuresti\/#organization"}},{"@type":"WebPage","@id":"https:\/\/buletin.de\/bucuresti\/sofia-si-zlata-micile-patinatoare-ucrainence-care-incearca-sa-gaseasca-drumul-spre-succes-la-otopeni\/","url":"https:\/\/buletin.de\/bucuresti\/sofia-si-zlata-micile-patinatoare-ucrainence-care-incearca-sa-gaseasca-drumul-spre-succes-la-otopeni\/","name":"Sofia \u0219i Zlata, micile patinatoare ucrainence care \u00eencearc\u0103 s\u0103 g\u0103seasc\u0103 drumul spre succes la Otopeni - Buletin de Bucure\u0219ti","isPartOf":{"@id":"https:\/\/buletin.de\/bucuresti\/#website"},"primaryImageOfPage":{"@id":"https:\/\/buletin.de\/bucuresti\/sofia-si-zlata-micile-patinatoare-ucrainence-care-incearca-sa-gaseasca-drumul-spre-succes-la-otopeni\/#primaryimage"},"image":{"@id":"https:\/\/buletin.de\/bucuresti\/sofia-si-zlata-micile-patinatoare-ucrainence-care-incearca-sa-gaseasca-drumul-spre-succes-la-otopeni\/#primaryimage"},"thumbnailUrl":"https:\/\/buletin.de\/bucuresti\/wp-content\/uploads\/BeFunky-collage-35.png","datePublished":"2023-03-21T12:06:49+00:00","dateModified":"2023-03-31T16:50:01+00:00","breadcrumb":{"@id":"https:\/\/buletin.de\/bucuresti\/sofia-si-zlata-micile-patinatoare-ucrainence-care-incearca-sa-gaseasca-drumul-spre-succes-la-otopeni\/#breadcrumb"},"inLanguage":"en-GB","potentialAction":[{"@type":"ReadAction","target":["https:\/\/buletin.de\/bucuresti\/sofia-si-zlata-micile-patinatoare-ucrainence-care-incearca-sa-gaseasca-drumul-spre-succes-la-otopeni\/"]}]},{"@type":"ImageObject","inLanguage":"en-GB","@id":"https:\/\/buletin.de\/bucuresti\/sofia-si-zlata-micile-patinatoare-ucrainence-care-incearca-sa-gaseasca-drumul-spre-succes-la-otopeni\/#primaryimage","url":"https:\/\/buletin.de\/bucuresti\/wp-content\/uploads\/BeFunky-collage-35.png","contentUrl":"https:\/\/buletin.de\/bucuresti\/wp-content\/uploads\/BeFunky-collage-35.png","width":2000,"height":804},{"@type":"BreadcrumbList","@id":"https:\/\/buletin.de\/bucuresti\/sofia-si-zlata-micile-patinatoare-ucrainence-care-incearca-sa-gaseasca-drumul-spre-succes-la-otopeni\/#breadcrumb","itemListElement":[{"@type":"ListItem","position":1,"name":"Acas\u0103","item":"https:\/\/buletin.de\/bucuresti\/"},{"@type":"ListItem","position":2,"name":"Sofia \u0219i Zlata, micile patinatoare ucrainence care \u00eencearc\u0103 s\u0103 g\u0103seasc\u0103 drumul spre succes la Otopeni"}]},{"@type":"WebSite","@id":"https:\/\/buletin.de\/bucuresti\/#website","url":"https:\/\/buletin.de\/bucuresti\/","name":"Buletin de Bucure\u0219ti","description":"\u0218tiri \u0219i investiga\u021bii esen\u021biale din capital\u0103","publisher":{"@id":"https:\/\/buletin.de\/bucuresti\/#organization"},"potentialAction":[{"@type":"SearchAction","target":{"@type":"EntryPoint","urlTemplate":"https:\/\/buletin.de\/bucuresti\/?s={search_term_string}"},"query-input":{"@type":"PropertyValueSpecification","valueRequired":true,"valueName":"search_term_string"}}],"inLanguage":"en-GB"},{"@type":"Organization","@id":"https:\/\/buletin.de\/bucuresti\/#organization","name":"Buletin de Bucure\u0219ti","url":"https:\/\/buletin.de\/bucuresti\/","logo":{"@type":"ImageObject","inLanguage":"en-GB","@id":"https:\/\/buletin.de\/bucuresti\/#\/schema\/logo\/image\/","url":"https:\/\/buletin.de\/bucuresti\/wp-content\/uploads\/logo-bdb-full-wide-vernil-transparent.png","contentUrl":"https:\/\/buletin.de\/bucuresti\/wp-content\/uploads\/logo-bdb-full-wide-vernil-transparent.png","width":1782,"height":626,"caption":"Buletin de Bucure\u0219ti"},"image":{"@id":"https:\/\/buletin.de\/bucuresti\/#\/schema\/logo\/image\/"},"sameAs":["https:\/\/www.facebook.com\/buletin.de.buc","https:\/\/www.instagram.com\/buletinde.bucuresti\/"]},{"@type":"Person","@id":"https:\/\/buletin.de\/bucuresti\/#\/schema\/person\/f02780e5e00039cf0bc1d929798d0239","name":"Oana Despa","image":{"@type":"ImageObject","inLanguage":"en-GB","@id":"https:\/\/secure.gravatar.com\/avatar\/315d42f2ee19dcce5c47d87713af9f3ec85494d7026ca420f44668b51324357e?s=96&d=monsterid&r=g9679e8786333bebe875735ec1e7b81f0","url":"https:\/\/secure.gravatar.com\/avatar\/315d42f2ee19dcce5c47d87713af9f3ec85494d7026ca420f44668b51324357e?s=96&d=monsterid&r=g","contentUrl":"https:\/\/secure.gravatar.com\/avatar\/315d42f2ee19dcce5c47d87713af9f3ec85494d7026ca420f44668b51324357e?s=96&d=monsterid&r=g","caption":"Oana Despa"},"description":"Editor","url":"https:\/\/buletin.de\/bucuresti\/author\/oanadespa\/"}]}},"authors":[{"term_id":22584,"user_id":2,"is_guest":0,"slug":"oanadespa","display_name":"Oana Despa","avatar_url":"https:\/\/secure.gravatar.com\/avatar\/315d42f2ee19dcce5c47d87713af9f3ec85494d7026ca420f44668b51324357e?s=96&d=monsterid&r=g","0":null,"1":"","2":"","3":"","4":"","5":"","6":"","7":"","8":""}],"_links":{"self":[{"href":"https:\/\/buletin.de\/bucuresti\/wp-json\/wp\/v2\/posts\/56408","targetHints":{"allow":["GET"]}}],"collection":[{"href":"https:\/\/buletin.de\/bucuresti\/wp-json\/wp\/v2\/posts"}],"about":[{"href":"https:\/\/buletin.de\/bucuresti\/wp-json\/wp\/v2\/types\/post"}],"author":[{"embeddable":true,"href":"https:\/\/buletin.de\/bucuresti\/wp-json\/wp\/v2\/users\/2"}],"replies":[{"embeddable":true,"href":"https:\/\/buletin.de\/bucuresti\/wp-json\/wp\/v2\/comments?post=56408"}],"version-history":[{"count":4,"href":"https:\/\/buletin.de\/bucuresti\/wp-json\/wp\/v2\/posts\/56408\/revisions"}],"predecessor-version":[{"id":57172,"href":"https:\/\/buletin.de\/bucuresti\/wp-json\/wp\/v2\/posts\/56408\/revisions\/57172"}],"wp:featuredmedia":[{"embeddable":true,"href":"https:\/\/buletin.de\/bucuresti\/wp-json\/wp\/v2\/media\/56421"}],"wp:attachment":[{"href":"https:\/\/buletin.de\/bucuresti\/wp-json\/wp\/v2\/media?parent=56408"}],"wp:term":[{"taxonomy":"category","embeddable":true,"href":"https:\/\/buletin.de\/bucuresti\/wp-json\/wp\/v2\/categories?post=56408"},{"taxonomy":"post_tag","embeddable":true,"href":"https:\/\/buletin.de\/bucuresti\/wp-json\/wp\/v2\/tags?post=56408"},{"taxonomy":"author","embeddable":true,"href":"https:\/\/buletin.de\/bucuresti\/wp-json\/wp\/v2\/ppma_author?post=56408"}],"curies":[{"name":"wp","href":"https:\/\/api.w.org\/{rel}","templated":true}]}}