{"id":56393,"date":"2023-03-21T08:51:38","date_gmt":"2023-03-21T06:51:38","guid":{"rendered":"https:\/\/buletin.de\/bucuresti\/?p=56393"},"modified":"2023-03-21T08:51:38","modified_gmt":"2023-03-21T06:51:38","slug":"dosarul-drogurilor-distribuite-in-licee-sapte-tineri-au-fost-retinuti-doi-sunt-in-control-judiciar","status":"publish","type":"post","link":"https:\/\/buletin.de\/bucuresti\/dosarul-drogurilor-distribuite-in-licee-sapte-tineri-au-fost-retinuti-doi-sunt-in-control-judiciar\/","title":{"rendered":"Dosarul drogurilor distribuite \u00een licee. \u0218apte tineri au fost re\u021binu\u021bi, doi sunt \u00een control judiciar"},"content":{"rendered":"\n<p>Dup\u0103 ore de audieri, procurorii au decis s\u0103 re\u021bin\u0103 \u0219apte dintre tinerii acuza\u021bi de trafic de droguri, inclusiv \u00een liceele din Capital\u0103. Al\u021bi doi sunt \u00een control judiciar. Cercet\u0103rile continu\u0103 dup\u0103 ce, pe 20 martie, procurorii DIICOT au descins la 23 de loca\u021bii din Capital\u0103 \u00een c\u0103utarea trafican\u021bilor de stupefiante.<\/p>\n\n\n\n<p>\u00cen urma perchezi\u021biilor, 20 de persoane au fost conduse la audieri. Procurorii spun c\u0103 suspec\u021bii au v\u00e2rste \u00eentre 17 \u0219i 26 de ani \u0219i c\u0103 tranzac\u021biile cu stupefiante se f\u0103ceau, de multe ori, chiar \u00een casele acestora. <\/p>\n\n\n\n<p>La descinderi, anchetatorii au g\u0103sit mai multe tipuri de stupfiante, canabis, cocaina \u0219i\u00a0 ketamin\u0103\u00a0 precum \u0219i\u00a0 comprimate de Xanax. Re\u021beaua comercializa stupefiantele \u00een liceele din Capital\u0103.<\/p>\n\n\n\n<p><a href=\"https:\/\/buletin.de\/bucuresti\/inspectoratul-scolar-al-municipiului-bucuresti-nu-stie-nimic-despre-traficul-de-droguri-din-scoli\/\">Inspectoratul \u0218colar Bucure\u0219ti <\/a>a declarat, pentru Buletin de Bucure\u0219ti, c\u0103 nu a avut niciodat\u0103 sesiz\u0103ri legate de traficul de droguri \u00een liceele din Capital\u0103 \u0219i c\u0103 a aflat de re\u021beaua destructurat\u0103 de DIICOT din pres\u0103. <\/p>\n\n\n\n<p>Potrivit unor surse Digi24, este cel mai mare dosar care vizeaz\u0103 elevi \u0219i studen\u021bi implica\u021bi \u00eentr-o re\u021bea care face trafic de droguri \u00een unit\u0103\u021bi de \u00eenv\u0103\u021b\u0103m\u00e2nt.<\/p>\n\n\n\n<p><\/p>\n\n\n\n<figure class=\"wp-block-embed is-type-wp-embed is-provider-buletin-de-bucure\u0219ti wp-block-embed-buletin-de-bucure\u0219ti\"><div class=\"wp-block-embed__wrapper\">\n<blockquote class=\"wp-embedded-content\" data-secret=\"YAtzXDjJsX\"><a href=\"https:\/\/buletin.de\/bucuresti\/video-perchezitii-la-o-retea-care-distribuia-droguri-inclusiv-in-liceele-din-bucuresti\/\">Video | Perchezi\u021bii la o re\u021bea care distribuia droguri \u00eenclusiv \u00een liceele din Bucure\u0219ti<\/a><\/blockquote><iframe class=\"wp-embedded-content\" sandbox=\"allow-scripts\" security=\"restricted\" style=\"position: absolute; clip: rect(1px, 1px, 1px, 1px);\" title=\"&#8222;Video | Perchezi\u021bii la o re\u021bea care distribuia droguri \u00eenclusiv \u00een liceele din Bucure\u0219ti&#8221; &#8212; Buletin de Bucure\u0219ti\" src=\"https:\/\/buletin.de\/bucuresti\/video-perchezitii-la-o-retea-care-distribuia-droguri-inclusiv-in-liceele-din-bucuresti\/embed\/#?secret=elQe1JFqqK#?secret=YAtzXDjJsX\" data-secret=\"YAtzXDjJsX\" width=\"600\" height=\"338\" frameborder=\"0\" marginwidth=\"0\" marginheight=\"0\" scrolling=\"no\"><\/iframe>\n<\/div><\/figure>\n\n\n\n<p><\/p>\n","protected":false},"excerpt":{"rendered":"<p>Dup\u0103 ore de audieri, procurorii au decis s\u0103 re\u021bin\u0103 \u0219apte dintre tinerii acuza\u021bi de trafic de droguri, inclusiv \u00een liceele din Capital\u0103. Al\u021bi doi sunt \u00een control judiciar. Cercet\u0103rile continu\u0103 dup\u0103 ce, pe 20 martie, procurorii DIICOT au descins la 23 de loca\u021bii din Capital\u0103 \u00een c\u0103utarea trafican\u021bilor de stupefiante. \u00cen urma perchezi\u021biilor, 20 de [&hellip;]<\/p>\n","protected":false},"author":18,"featured_media":56395,"comment_status":"closed","ping_status":"open","sticky":false,"template":"","format":"standard","meta":{"_acf_changed":false,"inline_featured_image":false,"ngg_post_thumbnail":0,"footnotes":""},"categories":[3419,62],"tags":[9,4598,480],"ppma_author":[22579],"class_list":["post-56393","post","type-post","status-publish","format-standard","has-post-thumbnail","hentry","category-featured","category-stiri","tag-bucuresti","tag-droguri","tag-elevi"],"acf":[],"yoast_head":"<!-- This site is optimized with the Yoast SEO Premium plugin v25.3 (Yoast SEO v27.4) - https:\/\/yoast.com\/product\/yoast-seo-premium-wordpress\/ -->\n<title>Dosarul drogurilor distribuite \u00een licee. \u0218apte tineri au fost re\u021binu\u021bi, doi sunt \u00een control judiciar - Buletin de Bucure\u0219ti<\/title>\n<meta name=\"robots\" content=\"index, follow, max-snippet:-1, max-image-preview:large, max-video-preview:-1\" \/>\n<link rel=\"canonical\" href=\"https:\/\/buletin.de\/bucuresti\/dosarul-drogurilor-distribuite-in-licee-sapte-tineri-au-fost-retinuti-doi-sunt-in-control-judiciar\/\" \/>\n<meta property=\"og:locale\" content=\"en_GB\" \/>\n<meta property=\"og:type\" content=\"article\" \/>\n<meta property=\"og:title\" content=\"Dosarul drogurilor distribuite \u00een licee. \u0218apte tineri au fost re\u021binu\u021bi, doi sunt \u00een control judiciar\" \/>\n<meta property=\"og:description\" content=\"Dup\u0103 ore de audieri, procurorii au decis s\u0103 re\u021bin\u0103 \u0219apte dintre tinerii acuza\u021bi de trafic de droguri, inclusiv \u00een liceele din Capital\u0103. Al\u021bi doi sunt \u00een control judiciar. Cercet\u0103rile continu\u0103 dup\u0103 ce, pe 20 martie, procurorii DIICOT au descins la 23 de loca\u021bii din Capital\u0103 \u00een c\u0103utarea trafican\u021bilor de stupefiante. \u00cen urma perchezi\u021biilor, 20 de [&hellip;]\" \/>\n<meta property=\"og:url\" content=\"https:\/\/buletin.de\/bucuresti\/dosarul-drogurilor-distribuite-in-licee-sapte-tineri-au-fost-retinuti-doi-sunt-in-control-judiciar\/\" \/>\n<meta property=\"og:site_name\" content=\"Buletin de Bucure\u0219ti\" \/>\n<meta property=\"article:publisher\" content=\"https:\/\/www.facebook.com\/buletin.de.buc\" \/>\n<meta property=\"article:published_time\" content=\"2023-03-21T06:51:38+00:00\" \/>\n<meta property=\"og:image\" content=\"https:\/\/buletin.de\/bucuresti\/wp-content\/uploads\/WhatsApp-Image-2023-03-20-at-10.25.41-3.jpeg\" \/>\n\t<meta property=\"og:image:width\" content=\"994\" \/>\n\t<meta property=\"og:image:height\" content=\"1034\" \/>\n\t<meta property=\"og:image:type\" content=\"image\/jpeg\" \/>\n<meta name=\"author\" content=\"Teodora Stroe\" \/>\n<meta name=\"twitter:card\" content=\"summary_large_image\" \/>\n<meta name=\"twitter:label1\" content=\"Written by\" \/>\n\t<meta name=\"twitter:data1\" content=\"Teodora Stroe\" \/>\n\t<meta name=\"twitter:label2\" content=\"Estimated reading time\" \/>\n\t<meta name=\"twitter:data2\" content=\"1 minute\" \/>\n<script type=\"application\/ld+json\" class=\"yoast-schema-graph\">{\"@context\":\"https:\\\/\\\/schema.org\",\"@graph\":[{\"@type\":\"Article\",\"@id\":\"https:\\\/\\\/buletin.de\\\/bucuresti\\\/dosarul-drogurilor-distribuite-in-licee-sapte-tineri-au-fost-retinuti-doi-sunt-in-control-judiciar\\\/#article\",\"isPartOf\":{\"@id\":\"https:\\\/\\\/buletin.de\\\/bucuresti\\\/dosarul-drogurilor-distribuite-in-licee-sapte-tineri-au-fost-retinuti-doi-sunt-in-control-judiciar\\\/\"},\"author\":{\"name\":\"Teodora Stroe\",\"@id\":\"https:\\\/\\\/buletin.de\\\/bucuresti\\\/#\\\/schema\\\/person\\\/d369d7ddc775abece205795e0b804614\"},\"headline\":\"Dosarul drogurilor distribuite \u00een licee. \u0218apte tineri au fost re\u021binu\u021bi, doi sunt \u00een control judiciar\",\"datePublished\":\"2023-03-21T06:51:38+00:00\",\"mainEntityOfPage\":{\"@id\":\"https:\\\/\\\/buletin.de\\\/bucuresti\\\/dosarul-drogurilor-distribuite-in-licee-sapte-tineri-au-fost-retinuti-doi-sunt-in-control-judiciar\\\/\"},\"wordCount\":215,\"publisher\":{\"@id\":\"https:\\\/\\\/buletin.de\\\/bucuresti\\\/#organization\"},\"image\":{\"@id\":\"https:\\\/\\\/buletin.de\\\/bucuresti\\\/dosarul-drogurilor-distribuite-in-licee-sapte-tineri-au-fost-retinuti-doi-sunt-in-control-judiciar\\\/#primaryimage\"},\"thumbnailUrl\":\"https:\\\/\\\/buletin.de\\\/bucuresti\\\/wp-content\\\/uploads\\\/WhatsApp-Image-2023-03-20-at-10.25.41-3.jpeg\",\"keywords\":[\"bucuresti\",\"droguri\",\"elevi\"],\"articleSection\":[\"Featured\",\"\u0218tiri\"],\"inLanguage\":\"en-GB\",\"copyrightYear\":\"2023\",\"copyrightHolder\":{\"@id\":\"https:\\\/\\\/buletin.de\\\/bucuresti\\\/#organization\"}},{\"@type\":\"WebPage\",\"@id\":\"https:\\\/\\\/buletin.de\\\/bucuresti\\\/dosarul-drogurilor-distribuite-in-licee-sapte-tineri-au-fost-retinuti-doi-sunt-in-control-judiciar\\\/\",\"url\":\"https:\\\/\\\/buletin.de\\\/bucuresti\\\/dosarul-drogurilor-distribuite-in-licee-sapte-tineri-au-fost-retinuti-doi-sunt-in-control-judiciar\\\/\",\"name\":\"Dosarul drogurilor distribuite \u00een licee. \u0218apte tineri au fost re\u021binu\u021bi, doi sunt \u00een control judiciar - Buletin de Bucure\u0219ti\",\"isPartOf\":{\"@id\":\"https:\\\/\\\/buletin.de\\\/bucuresti\\\/#website\"},\"primaryImageOfPage\":{\"@id\":\"https:\\\/\\\/buletin.de\\\/bucuresti\\\/dosarul-drogurilor-distribuite-in-licee-sapte-tineri-au-fost-retinuti-doi-sunt-in-control-judiciar\\\/#primaryimage\"},\"image\":{\"@id\":\"https:\\\/\\\/buletin.de\\\/bucuresti\\\/dosarul-drogurilor-distribuite-in-licee-sapte-tineri-au-fost-retinuti-doi-sunt-in-control-judiciar\\\/#primaryimage\"},\"thumbnailUrl\":\"https:\\\/\\\/buletin.de\\\/bucuresti\\\/wp-content\\\/uploads\\\/WhatsApp-Image-2023-03-20-at-10.25.41-3.jpeg\",\"datePublished\":\"2023-03-21T06:51:38+00:00\",\"breadcrumb\":{\"@id\":\"https:\\\/\\\/buletin.de\\\/bucuresti\\\/dosarul-drogurilor-distribuite-in-licee-sapte-tineri-au-fost-retinuti-doi-sunt-in-control-judiciar\\\/#breadcrumb\"},\"inLanguage\":\"en-GB\",\"potentialAction\":[{\"@type\":\"ReadAction\",\"target\":[\"https:\\\/\\\/buletin.de\\\/bucuresti\\\/dosarul-drogurilor-distribuite-in-licee-sapte-tineri-au-fost-retinuti-doi-sunt-in-control-judiciar\\\/\"]}]},{\"@type\":\"ImageObject\",\"inLanguage\":\"en-GB\",\"@id\":\"https:\\\/\\\/buletin.de\\\/bucuresti\\\/dosarul-drogurilor-distribuite-in-licee-sapte-tineri-au-fost-retinuti-doi-sunt-in-control-judiciar\\\/#primaryimage\",\"url\":\"https:\\\/\\\/buletin.de\\\/bucuresti\\\/wp-content\\\/uploads\\\/WhatsApp-Image-2023-03-20-at-10.25.41-3.jpeg\",\"contentUrl\":\"https:\\\/\\\/buletin.de\\\/bucuresti\\\/wp-content\\\/uploads\\\/WhatsApp-Image-2023-03-20-at-10.25.41-3.jpeg\",\"width\":994,\"height\":1034},{\"@type\":\"BreadcrumbList\",\"@id\":\"https:\\\/\\\/buletin.de\\\/bucuresti\\\/dosarul-drogurilor-distribuite-in-licee-sapte-tineri-au-fost-retinuti-doi-sunt-in-control-judiciar\\\/#breadcrumb\",\"itemListElement\":[{\"@type\":\"ListItem\",\"position\":1,\"name\":\"Acas\u0103\",\"item\":\"https:\\\/\\\/buletin.de\\\/bucuresti\\\/\"},{\"@type\":\"ListItem\",\"position\":2,\"name\":\"Dosarul drogurilor distribuite \u00een licee. \u0218apte tineri au fost re\u021binu\u021bi, doi sunt \u00een control judiciar\"}]},{\"@type\":\"WebSite\",\"@id\":\"https:\\\/\\\/buletin.de\\\/bucuresti\\\/#website\",\"url\":\"https:\\\/\\\/buletin.de\\\/bucuresti\\\/\",\"name\":\"Buletin de Bucure\u0219ti\",\"description\":\"\u0218tiri \u0219i investiga\u021bii esen\u021biale din capital\u0103\",\"publisher\":{\"@id\":\"https:\\\/\\\/buletin.de\\\/bucuresti\\\/#organization\"},\"potentialAction\":[{\"@type\":\"SearchAction\",\"target\":{\"@type\":\"EntryPoint\",\"urlTemplate\":\"https:\\\/\\\/buletin.de\\\/bucuresti\\\/?s={search_term_string}\"},\"query-input\":{\"@type\":\"PropertyValueSpecification\",\"valueRequired\":true,\"valueName\":\"search_term_string\"}}],\"inLanguage\":\"en-GB\"},{\"@type\":\"Organization\",\"@id\":\"https:\\\/\\\/buletin.de\\\/bucuresti\\\/#organization\",\"name\":\"Buletin de Bucure\u0219ti\",\"url\":\"https:\\\/\\\/buletin.de\\\/bucuresti\\\/\",\"logo\":{\"@type\":\"ImageObject\",\"inLanguage\":\"en-GB\",\"@id\":\"https:\\\/\\\/buletin.de\\\/bucuresti\\\/#\\\/schema\\\/logo\\\/image\\\/\",\"url\":\"https:\\\/\\\/buletin.de\\\/bucuresti\\\/wp-content\\\/uploads\\\/logo-bdb-full-wide-vernil-transparent.png\",\"contentUrl\":\"https:\\\/\\\/buletin.de\\\/bucuresti\\\/wp-content\\\/uploads\\\/logo-bdb-full-wide-vernil-transparent.png\",\"width\":1782,\"height\":626,\"caption\":\"Buletin de Bucure\u0219ti\"},\"image\":{\"@id\":\"https:\\\/\\\/buletin.de\\\/bucuresti\\\/#\\\/schema\\\/logo\\\/image\\\/\"},\"sameAs\":[\"https:\\\/\\\/www.facebook.com\\\/buletin.de.buc\",\"https:\\\/\\\/www.instagram.com\\\/buletinde.bucuresti\\\/\"]},{\"@type\":\"Person\",\"@id\":\"https:\\\/\\\/buletin.de\\\/bucuresti\\\/#\\\/schema\\\/person\\\/d369d7ddc775abece205795e0b804614\",\"name\":\"Teodora Stroe\",\"image\":{\"@type\":\"ImageObject\",\"inLanguage\":\"en-GB\",\"@id\":\"https:\\\/\\\/secure.gravatar.com\\\/avatar\\\/2560b4cd9f5f1bc100b123158e657d75584bd1c3e1d9c69285720b9457c1b78d?s=96&d=monsterid&r=gc104800242ba5f2d78dd5d7dc4df08b6\",\"url\":\"https:\\\/\\\/secure.gravatar.com\\\/avatar\\\/2560b4cd9f5f1bc100b123158e657d75584bd1c3e1d9c69285720b9457c1b78d?s=96&d=monsterid&r=g\",\"contentUrl\":\"https:\\\/\\\/secure.gravatar.com\\\/avatar\\\/2560b4cd9f5f1bc100b123158e657d75584bd1c3e1d9c69285720b9457c1b78d?s=96&d=monsterid&r=g\",\"caption\":\"Teodora Stroe\"},\"url\":\"https:\\\/\\\/buletin.de\\\/bucuresti\\\/author\\\/simonacarlugea\\\/\"}]}<\/script>\n<!-- \/ Yoast SEO Premium plugin. -->","yoast_head_json":{"title":"Dosarul drogurilor distribuite \u00een licee. \u0218apte tineri au fost re\u021binu\u021bi, doi sunt \u00een control judiciar - Buletin de Bucure\u0219ti","robots":{"index":"index","follow":"follow","max-snippet":"max-snippet:-1","max-image-preview":"max-image-preview:large","max-video-preview":"max-video-preview:-1"},"canonical":"https:\/\/buletin.de\/bucuresti\/dosarul-drogurilor-distribuite-in-licee-sapte-tineri-au-fost-retinuti-doi-sunt-in-control-judiciar\/","og_locale":"en_GB","og_type":"article","og_title":"Dosarul drogurilor distribuite \u00een licee. \u0218apte tineri au fost re\u021binu\u021bi, doi sunt \u00een control judiciar","og_description":"Dup\u0103 ore de audieri, procurorii au decis s\u0103 re\u021bin\u0103 \u0219apte dintre tinerii acuza\u021bi de trafic de droguri, inclusiv \u00een liceele din Capital\u0103. Al\u021bi doi sunt \u00een control judiciar. Cercet\u0103rile continu\u0103 dup\u0103 ce, pe 20 martie, procurorii DIICOT au descins la 23 de loca\u021bii din Capital\u0103 \u00een c\u0103utarea trafican\u021bilor de stupefiante. \u00cen urma perchezi\u021biilor, 20 de [&hellip;]","og_url":"https:\/\/buletin.de\/bucuresti\/dosarul-drogurilor-distribuite-in-licee-sapte-tineri-au-fost-retinuti-doi-sunt-in-control-judiciar\/","og_site_name":"Buletin de Bucure\u0219ti","article_publisher":"https:\/\/www.facebook.com\/buletin.de.buc","article_published_time":"2023-03-21T06:51:38+00:00","og_image":[{"width":994,"height":1034,"url":"https:\/\/buletin.de\/bucuresti\/wp-content\/uploads\/WhatsApp-Image-2023-03-20-at-10.25.41-3.jpeg","type":"image\/jpeg"}],"author":"Teodora Stroe","twitter_card":"summary_large_image","twitter_misc":{"Written by":"Teodora Stroe","Estimated reading time":"1 minute"},"schema":{"@context":"https:\/\/schema.org","@graph":[{"@type":"Article","@id":"https:\/\/buletin.de\/bucuresti\/dosarul-drogurilor-distribuite-in-licee-sapte-tineri-au-fost-retinuti-doi-sunt-in-control-judiciar\/#article","isPartOf":{"@id":"https:\/\/buletin.de\/bucuresti\/dosarul-drogurilor-distribuite-in-licee-sapte-tineri-au-fost-retinuti-doi-sunt-in-control-judiciar\/"},"author":{"name":"Teodora Stroe","@id":"https:\/\/buletin.de\/bucuresti\/#\/schema\/person\/d369d7ddc775abece205795e0b804614"},"headline":"Dosarul drogurilor distribuite \u00een licee. \u0218apte tineri au fost re\u021binu\u021bi, doi sunt \u00een control judiciar","datePublished":"2023-03-21T06:51:38+00:00","mainEntityOfPage":{"@id":"https:\/\/buletin.de\/bucuresti\/dosarul-drogurilor-distribuite-in-licee-sapte-tineri-au-fost-retinuti-doi-sunt-in-control-judiciar\/"},"wordCount":215,"publisher":{"@id":"https:\/\/buletin.de\/bucuresti\/#organization"},"image":{"@id":"https:\/\/buletin.de\/bucuresti\/dosarul-drogurilor-distribuite-in-licee-sapte-tineri-au-fost-retinuti-doi-sunt-in-control-judiciar\/#primaryimage"},"thumbnailUrl":"https:\/\/buletin.de\/bucuresti\/wp-content\/uploads\/WhatsApp-Image-2023-03-20-at-10.25.41-3.jpeg","keywords":["bucuresti","droguri","elevi"],"articleSection":["Featured","\u0218tiri"],"inLanguage":"en-GB","copyrightYear":"2023","copyrightHolder":{"@id":"https:\/\/buletin.de\/bucuresti\/#organization"}},{"@type":"WebPage","@id":"https:\/\/buletin.de\/bucuresti\/dosarul-drogurilor-distribuite-in-licee-sapte-tineri-au-fost-retinuti-doi-sunt-in-control-judiciar\/","url":"https:\/\/buletin.de\/bucuresti\/dosarul-drogurilor-distribuite-in-licee-sapte-tineri-au-fost-retinuti-doi-sunt-in-control-judiciar\/","name":"Dosarul drogurilor distribuite \u00een licee. \u0218apte tineri au fost re\u021binu\u021bi, doi sunt \u00een control judiciar - Buletin de Bucure\u0219ti","isPartOf":{"@id":"https:\/\/buletin.de\/bucuresti\/#website"},"primaryImageOfPage":{"@id":"https:\/\/buletin.de\/bucuresti\/dosarul-drogurilor-distribuite-in-licee-sapte-tineri-au-fost-retinuti-doi-sunt-in-control-judiciar\/#primaryimage"},"image":{"@id":"https:\/\/buletin.de\/bucuresti\/dosarul-drogurilor-distribuite-in-licee-sapte-tineri-au-fost-retinuti-doi-sunt-in-control-judiciar\/#primaryimage"},"thumbnailUrl":"https:\/\/buletin.de\/bucuresti\/wp-content\/uploads\/WhatsApp-Image-2023-03-20-at-10.25.41-3.jpeg","datePublished":"2023-03-21T06:51:38+00:00","breadcrumb":{"@id":"https:\/\/buletin.de\/bucuresti\/dosarul-drogurilor-distribuite-in-licee-sapte-tineri-au-fost-retinuti-doi-sunt-in-control-judiciar\/#breadcrumb"},"inLanguage":"en-GB","potentialAction":[{"@type":"ReadAction","target":["https:\/\/buletin.de\/bucuresti\/dosarul-drogurilor-distribuite-in-licee-sapte-tineri-au-fost-retinuti-doi-sunt-in-control-judiciar\/"]}]},{"@type":"ImageObject","inLanguage":"en-GB","@id":"https:\/\/buletin.de\/bucuresti\/dosarul-drogurilor-distribuite-in-licee-sapte-tineri-au-fost-retinuti-doi-sunt-in-control-judiciar\/#primaryimage","url":"https:\/\/buletin.de\/bucuresti\/wp-content\/uploads\/WhatsApp-Image-2023-03-20-at-10.25.41-3.jpeg","contentUrl":"https:\/\/buletin.de\/bucuresti\/wp-content\/uploads\/WhatsApp-Image-2023-03-20-at-10.25.41-3.jpeg","width":994,"height":1034},{"@type":"BreadcrumbList","@id":"https:\/\/buletin.de\/bucuresti\/dosarul-drogurilor-distribuite-in-licee-sapte-tineri-au-fost-retinuti-doi-sunt-in-control-judiciar\/#breadcrumb","itemListElement":[{"@type":"ListItem","position":1,"name":"Acas\u0103","item":"https:\/\/buletin.de\/bucuresti\/"},{"@type":"ListItem","position":2,"name":"Dosarul drogurilor distribuite \u00een licee. \u0218apte tineri au fost re\u021binu\u021bi, doi sunt \u00een control judiciar"}]},{"@type":"WebSite","@id":"https:\/\/buletin.de\/bucuresti\/#website","url":"https:\/\/buletin.de\/bucuresti\/","name":"Buletin de Bucure\u0219ti","description":"\u0218tiri \u0219i investiga\u021bii esen\u021biale din capital\u0103","publisher":{"@id":"https:\/\/buletin.de\/bucuresti\/#organization"},"potentialAction":[{"@type":"SearchAction","target":{"@type":"EntryPoint","urlTemplate":"https:\/\/buletin.de\/bucuresti\/?s={search_term_string}"},"query-input":{"@type":"PropertyValueSpecification","valueRequired":true,"valueName":"search_term_string"}}],"inLanguage":"en-GB"},{"@type":"Organization","@id":"https:\/\/buletin.de\/bucuresti\/#organization","name":"Buletin de Bucure\u0219ti","url":"https:\/\/buletin.de\/bucuresti\/","logo":{"@type":"ImageObject","inLanguage":"en-GB","@id":"https:\/\/buletin.de\/bucuresti\/#\/schema\/logo\/image\/","url":"https:\/\/buletin.de\/bucuresti\/wp-content\/uploads\/logo-bdb-full-wide-vernil-transparent.png","contentUrl":"https:\/\/buletin.de\/bucuresti\/wp-content\/uploads\/logo-bdb-full-wide-vernil-transparent.png","width":1782,"height":626,"caption":"Buletin de Bucure\u0219ti"},"image":{"@id":"https:\/\/buletin.de\/bucuresti\/#\/schema\/logo\/image\/"},"sameAs":["https:\/\/www.facebook.com\/buletin.de.buc","https:\/\/www.instagram.com\/buletinde.bucuresti\/"]},{"@type":"Person","@id":"https:\/\/buletin.de\/bucuresti\/#\/schema\/person\/d369d7ddc775abece205795e0b804614","name":"Teodora Stroe","image":{"@type":"ImageObject","inLanguage":"en-GB","@id":"https:\/\/secure.gravatar.com\/avatar\/2560b4cd9f5f1bc100b123158e657d75584bd1c3e1d9c69285720b9457c1b78d?s=96&d=monsterid&r=gc104800242ba5f2d78dd5d7dc4df08b6","url":"https:\/\/secure.gravatar.com\/avatar\/2560b4cd9f5f1bc100b123158e657d75584bd1c3e1d9c69285720b9457c1b78d?s=96&d=monsterid&r=g","contentUrl":"https:\/\/secure.gravatar.com\/avatar\/2560b4cd9f5f1bc100b123158e657d75584bd1c3e1d9c69285720b9457c1b78d?s=96&d=monsterid&r=g","caption":"Teodora Stroe"},"url":"https:\/\/buletin.de\/bucuresti\/author\/simonacarlugea\/"}]}},"authors":[{"term_id":22579,"user_id":18,"is_guest":0,"slug":"simonacarlugea","display_name":"Teodora Stroe","avatar_url":"https:\/\/secure.gravatar.com\/avatar\/2560b4cd9f5f1bc100b123158e657d75584bd1c3e1d9c69285720b9457c1b78d?s=96&d=monsterid&r=g","0":null,"1":"","2":"","3":"","4":"","5":"","6":"","7":"","8":""}],"_links":{"self":[{"href":"https:\/\/buletin.de\/bucuresti\/wp-json\/wp\/v2\/posts\/56393","targetHints":{"allow":["GET"]}}],"collection":[{"href":"https:\/\/buletin.de\/bucuresti\/wp-json\/wp\/v2\/posts"}],"about":[{"href":"https:\/\/buletin.de\/bucuresti\/wp-json\/wp\/v2\/types\/post"}],"author":[{"embeddable":true,"href":"https:\/\/buletin.de\/bucuresti\/wp-json\/wp\/v2\/users\/18"}],"replies":[{"embeddable":true,"href":"https:\/\/buletin.de\/bucuresti\/wp-json\/wp\/v2\/comments?post=56393"}],"version-history":[{"count":1,"href":"https:\/\/buletin.de\/bucuresti\/wp-json\/wp\/v2\/posts\/56393\/revisions"}],"predecessor-version":[{"id":56394,"href":"https:\/\/buletin.de\/bucuresti\/wp-json\/wp\/v2\/posts\/56393\/revisions\/56394"}],"wp:featuredmedia":[{"embeddable":true,"href":"https:\/\/buletin.de\/bucuresti\/wp-json\/wp\/v2\/media\/56395"}],"wp:attachment":[{"href":"https:\/\/buletin.de\/bucuresti\/wp-json\/wp\/v2\/media?parent=56393"}],"wp:term":[{"taxonomy":"category","embeddable":true,"href":"https:\/\/buletin.de\/bucuresti\/wp-json\/wp\/v2\/categories?post=56393"},{"taxonomy":"post_tag","embeddable":true,"href":"https:\/\/buletin.de\/bucuresti\/wp-json\/wp\/v2\/tags?post=56393"},{"taxonomy":"author","embeddable":true,"href":"https:\/\/buletin.de\/bucuresti\/wp-json\/wp\/v2\/ppma_author?post=56393"}],"curies":[{"name":"wp","href":"https:\/\/api.w.org\/{rel}","templated":true}]}}