{"id":56327,"date":"2023-03-20T11:35:23","date_gmt":"2023-03-20T09:35:23","guid":{"rendered":"https:\/\/buletin.de\/bucuresti\/?p=56327"},"modified":"2023-03-20T11:35:24","modified_gmt":"2023-03-20T09:35:24","slug":"video-perchezitii-la-o-retea-care-distribuia-droguri-inclusiv-in-liceele-din-bucuresti","status":"publish","type":"post","link":"https:\/\/buletin.de\/bucuresti\/video-perchezitii-la-o-retea-care-distribuia-droguri-inclusiv-in-liceele-din-bucuresti\/","title":{"rendered":"Video | Perchezi\u021bii la o re\u021bea care distribuia droguri \u00eenclusiv \u00een liceele din Bucure\u0219ti"},"content":{"rendered":"\n<p><strong>Poli\u021bi\u0219tii Capitalei, \u00eempreun\u0103 cu procurorii DIICOT, au descins ast\u0103zi, 20 martie, la mai multe locuin\u021be \u00eentr-un dosar de trafic de droguri de mare risc \u0219i trafic de droguri de risc. Suspec\u021bii sunt acuza\u021bi c\u0103 ar fi comercializat droguri de risc \u0219i de mare risc consumatorilor, inclusiv c\u0103tre elevi din licee din Bucure\u0219ti. Peste 20 de persoane au fost duse la audieri.<\/strong><\/p>\n\n\n\n<figure class=\"wp-block-video\"><video height=\"1080\" style=\"aspect-ratio: 1920 \/ 1080;\" width=\"1920\" controls src=\"https:\/\/buletin.de\/bucuresti\/wp-content\/uploads\/Video123.mp4\"><\/video><\/figure>\n\n\n\n<p>Poli\u021bi\u0219tii Brig\u0103zii de Combatere a Criminalit\u0103\u021bii Organizate Bucure\u0219ti, \u00eempreun\u0103 cu procurorii Direc\u021biei de Investigare a Infrac\u021biunilor de Criminalitate Organizat\u0103 \u0219i Terorism \u2013 Structura Central\u0103, efectueaz\u0103 23 de perchezi\u0163ii domiciliare Bucure\u0219ti. Ancheta vizeaz\u0103 infrac\u021biuni de constituire a unui grup infrac\u0163ional organizat, trafic de droguri de mare risc \u0219i trafic de droguri de risc.<\/p>\n\n\n\n<p>Din anul 2022, membrii grupului ar fi comercializat droguri de risc \u0219i de mare risc consumatorilor, inclusiv c\u0103tre elevi din licee din Bucure\u0219ti.<\/p>\n\n\n\n<figure class=\"wp-block-image size-large\"><img fetchpriority=\"high\" decoding=\"async\" width=\"865\" height=\"900\" src=\"data:image\/gif;base64,R0lGODlhAQABAAAAACH5BAEKAAEALAAAAAABAAEAAAICTAEAOw==\" data-src=\"https:\/\/buletin.de\/bucuresti\/wp-content\/uploads\/WhatsApp-Image-2023-03-20-at-10.04.02-865x900.jpeg\" alt=\"\" class=\"wp-image-56338 lazyload\" data-sizes=\"auto\" data-srcset=\"https:\/\/buletin.de\/bucuresti\/wp-content\/uploads\/WhatsApp-Image-2023-03-20-at-10.04.02-865x900.jpeg 865w, https:\/\/buletin.de\/bucuresti\/wp-content\/uploads\/WhatsApp-Image-2023-03-20-at-10.04.02-288x300.jpeg 288w, https:\/\/buletin.de\/bucuresti\/wp-content\/uploads\/WhatsApp-Image-2023-03-20-at-10.04.02-768x799.jpeg 768w, https:\/\/buletin.de\/bucuresti\/wp-content\/uploads\/WhatsApp-Image-2023-03-20-at-10.04.02-550x572.jpeg 550w, https:\/\/buletin.de\/bucuresti\/wp-content\/uploads\/WhatsApp-Image-2023-03-20-at-10.04.02-481x500.jpeg 481w, https:\/\/buletin.de\/bucuresti\/wp-content\/uploads\/WhatsApp-Image-2023-03-20-at-10.04.02-600x624.jpeg 600w, https:\/\/buletin.de\/bucuresti\/wp-content\/uploads\/WhatsApp-Image-2023-03-20-at-10.04.02.jpeg 994w\" sizes=\"(max-width: 865px) 100vw, 865px\" \/><\/figure>\n\n\n\n<p>Pe parcursul perchezi\u021biilor domiciliare, au fost g\u0103site cantit\u0103\u021bi de cannabis, cocain\u0103 \u0219i ketamin\u0103,&nbsp;precum \u0219i&nbsp;comprimate de medicamente.&nbsp;Peste 20 de persoane urmeaz\u0103 s\u0103 fie conduse pentru audieri la sediul D.I.I.C.O.T. &#8211; Structura Central\u0103.<\/p>\n\n\n\n<figure class=\"wp-block-image size-large\"><img decoding=\"async\" width=\"900\" height=\"506\" src=\"data:image\/gif;base64,R0lGODlhAQABAAAAACH5BAEKAAEALAAAAAABAAEAAAICTAEAOw==\" data-src=\"https:\/\/buletin.de\/bucuresti\/wp-content\/uploads\/WhatsApp-Image-2023-03-20-at-10.02.21-900x506.jpeg\" alt=\"\" class=\"wp-image-56340 lazyload\" data-sizes=\"auto\" data-srcset=\"https:\/\/buletin.de\/bucuresti\/wp-content\/uploads\/WhatsApp-Image-2023-03-20-at-10.02.21-900x506.jpeg 900w, https:\/\/buletin.de\/bucuresti\/wp-content\/uploads\/WhatsApp-Image-2023-03-20-at-10.02.21-300x169.jpeg 300w, https:\/\/buletin.de\/bucuresti\/wp-content\/uploads\/WhatsApp-Image-2023-03-20-at-10.02.21-768x432.jpeg 768w, https:\/\/buletin.de\/bucuresti\/wp-content\/uploads\/WhatsApp-Image-2023-03-20-at-10.02.21-1536x864.jpeg 1536w, https:\/\/buletin.de\/bucuresti\/wp-content\/uploads\/WhatsApp-Image-2023-03-20-at-10.02.21-1060x596.jpeg 1060w, https:\/\/buletin.de\/bucuresti\/wp-content\/uploads\/WhatsApp-Image-2023-03-20-at-10.02.21-550x309.jpeg 550w, https:\/\/buletin.de\/bucuresti\/wp-content\/uploads\/WhatsApp-Image-2023-03-20-at-10.02.21-889x500.jpeg 889w, https:\/\/buletin.de\/bucuresti\/wp-content\/uploads\/WhatsApp-Image-2023-03-20-at-10.02.21-600x338.jpeg 600w, https:\/\/buletin.de\/bucuresti\/wp-content\/uploads\/WhatsApp-Image-2023-03-20-at-10.02.21.jpeg 1600w\" sizes=\"(max-width: 900px) 100vw, 900px\" \/><\/figure>\n\n\n\n<p>Ac\u0163iunea a beneficiat de sprijinul Brig\u0103zii Speciale de Interven\u021bie a Jandarmeriei&nbsp;,,Vlad&nbsp;\u021aepe\u0219\u201d. Suportul de specialitate a fost asigurat Direc\u021bia Opera\u021biuni Speciale din cadrul Poli\u021biei Rom\u00e2ne.<\/p>\n\n\n\n<p><a href=\"https:\/\/apis.mail.yahoo.com\/ws\/v3\/mailboxes\/@.id==VjN-_jG4ffawUx8LMaqrRgeMHqqU9Dq6Sd3_w8qCzDzV0Qhk3sYXTatIa5ZGt5SqGuvjBmBxuc2UTjmHlmQVvjcwMQ\/messages\/@.id==AAd7nY0BH7vgZBgdogzZEGc9RzU\/content\/parts\/@.id%20in%20%5B'2','3','4','5','6','7'%5D\/refresh?appid=YMailNorrin&amp;ymreqid=0ada4f7a-dd17-f935-1c95-c1001a018100\"><\/a><\/p>\n","protected":false},"excerpt":{"rendered":"<p>Poli\u021bi\u0219tii Capitalei, \u00eempreun\u0103 cu procurorii DIICOT, au descins ast\u0103zi, 20 martie, la mai multe locuin\u021be \u00eentr-un dosar de trafic de droguri de mare risc \u0219i trafic de droguri de risc. Suspec\u021bii sunt acuza\u021bi c\u0103 ar fi comercializat droguri de risc \u0219i de mare risc consumatorilor, inclusiv c\u0103tre elevi din licee din Bucure\u0219ti. Peste 20 de [&hellip;]<\/p>\n","protected":false},"author":46,"featured_media":56329,"comment_status":"closed","ping_status":"open","sticky":false,"template":"","format":"standard","meta":{"_acf_changed":false,"inline_featured_image":false,"ngg_post_thumbnail":0,"footnotes":""},"categories":[62],"tags":[],"ppma_author":[22605],"class_list":["post-56327","post","type-post","status-publish","format-standard","has-post-thumbnail","hentry","category-stiri"],"acf":[],"yoast_head":"<!-- This site is optimized with the Yoast SEO Premium plugin v25.3 (Yoast SEO v27.4) - https:\/\/yoast.com\/product\/yoast-seo-premium-wordpress\/ -->\n<title>Video | Perchezi\u021bii la o re\u021bea care distribuia droguri \u00eenclusiv \u00een liceele din Bucure\u0219ti - Buletin de Bucure\u0219ti<\/title>\n<meta name=\"robots\" content=\"index, follow, max-snippet:-1, max-image-preview:large, max-video-preview:-1\" \/>\n<link rel=\"canonical\" href=\"https:\/\/buletin.de\/bucuresti\/video-perchezitii-la-o-retea-care-distribuia-droguri-inclusiv-in-liceele-din-bucuresti\/\" \/>\n<meta property=\"og:locale\" content=\"en_GB\" \/>\n<meta property=\"og:type\" content=\"article\" \/>\n<meta property=\"og:title\" content=\"Video | Perchezi\u021bii la o re\u021bea care distribuia droguri \u00eenclusiv \u00een liceele din Bucure\u0219ti\" \/>\n<meta property=\"og:description\" content=\"Poli\u021bi\u0219tii Capitalei, \u00eempreun\u0103 cu procurorii DIICOT, au descins ast\u0103zi, 20 martie, la mai multe locuin\u021be \u00eentr-un dosar de trafic de droguri de mare risc \u0219i trafic de droguri de risc. Suspec\u021bii sunt acuza\u021bi c\u0103 ar fi comercializat droguri de risc \u0219i de mare risc consumatorilor, inclusiv c\u0103tre elevi din licee din Bucure\u0219ti. Peste 20 de [&hellip;]\" \/>\n<meta property=\"og:url\" content=\"https:\/\/buletin.de\/bucuresti\/video-perchezitii-la-o-retea-care-distribuia-droguri-inclusiv-in-liceele-din-bucuresti\/\" \/>\n<meta property=\"og:site_name\" content=\"Buletin de Bucure\u0219ti\" \/>\n<meta property=\"article:publisher\" content=\"https:\/\/www.facebook.com\/buletin.de.buc\" \/>\n<meta property=\"article:published_time\" content=\"2023-03-20T09:35:23+00:00\" \/>\n<meta property=\"article:modified_time\" content=\"2023-03-20T09:35:24+00:00\" \/>\n<meta property=\"og:image\" content=\"https:\/\/buletin.de\/bucuresti\/wp-content\/uploads\/WhatsApp-Image-2023-03-20-at-10.04.50-1.jpeg\" \/>\n\t<meta property=\"og:image:width\" content=\"1600\" \/>\n\t<meta property=\"og:image:height\" content=\"738\" \/>\n\t<meta property=\"og:image:type\" content=\"image\/jpeg\" \/>\n<meta name=\"author\" content=\"Andreea Gelatu\" \/>\n<meta name=\"twitter:card\" content=\"summary_large_image\" \/>\n<meta name=\"twitter:label1\" content=\"Written by\" \/>\n\t<meta name=\"twitter:data1\" content=\"Andreea Gelatu\" \/>\n\t<meta name=\"twitter:label2\" content=\"Estimated reading time\" \/>\n\t<meta name=\"twitter:data2\" content=\"2 minutes\" \/>\n<script type=\"application\/ld+json\" class=\"yoast-schema-graph\">{\"@context\":\"https:\\\/\\\/schema.org\",\"@graph\":[{\"@type\":\"Article\",\"@id\":\"https:\\\/\\\/buletin.de\\\/bucuresti\\\/video-perchezitii-la-o-retea-care-distribuia-droguri-inclusiv-in-liceele-din-bucuresti\\\/#article\",\"isPartOf\":{\"@id\":\"https:\\\/\\\/buletin.de\\\/bucuresti\\\/video-perchezitii-la-o-retea-care-distribuia-droguri-inclusiv-in-liceele-din-bucuresti\\\/\"},\"author\":{\"name\":\"Andreea Gelatu\",\"@id\":\"https:\\\/\\\/buletin.de\\\/bucuresti\\\/#\\\/schema\\\/person\\\/87734700b2c7f8608881f7e93b8834de\"},\"headline\":\"Video | Perchezi\u021bii la o re\u021bea care distribuia droguri \u00eenclusiv \u00een liceele din Bucure\u0219ti\",\"datePublished\":\"2023-03-20T09:35:23+00:00\",\"dateModified\":\"2023-03-20T09:35:24+00:00\",\"mainEntityOfPage\":{\"@id\":\"https:\\\/\\\/buletin.de\\\/bucuresti\\\/video-perchezitii-la-o-retea-care-distribuia-droguri-inclusiv-in-liceele-din-bucuresti\\\/\"},\"wordCount\":247,\"publisher\":{\"@id\":\"https:\\\/\\\/buletin.de\\\/bucuresti\\\/#organization\"},\"image\":{\"@id\":\"https:\\\/\\\/buletin.de\\\/bucuresti\\\/video-perchezitii-la-o-retea-care-distribuia-droguri-inclusiv-in-liceele-din-bucuresti\\\/#primaryimage\"},\"thumbnailUrl\":\"https:\\\/\\\/buletin.de\\\/bucuresti\\\/wp-content\\\/uploads\\\/WhatsApp-Image-2023-03-20-at-10.04.50-1.jpeg\",\"articleSection\":[\"\u0218tiri\"],\"inLanguage\":\"en-GB\",\"copyrightYear\":\"2023\",\"copyrightHolder\":{\"@id\":\"https:\\\/\\\/buletin.de\\\/bucuresti\\\/#organization\"}},{\"@type\":\"WebPage\",\"@id\":\"https:\\\/\\\/buletin.de\\\/bucuresti\\\/video-perchezitii-la-o-retea-care-distribuia-droguri-inclusiv-in-liceele-din-bucuresti\\\/\",\"url\":\"https:\\\/\\\/buletin.de\\\/bucuresti\\\/video-perchezitii-la-o-retea-care-distribuia-droguri-inclusiv-in-liceele-din-bucuresti\\\/\",\"name\":\"Video | Perchezi\u021bii la o re\u021bea care distribuia droguri \u00eenclusiv \u00een liceele din Bucure\u0219ti - Buletin de Bucure\u0219ti\",\"isPartOf\":{\"@id\":\"https:\\\/\\\/buletin.de\\\/bucuresti\\\/#website\"},\"primaryImageOfPage\":{\"@id\":\"https:\\\/\\\/buletin.de\\\/bucuresti\\\/video-perchezitii-la-o-retea-care-distribuia-droguri-inclusiv-in-liceele-din-bucuresti\\\/#primaryimage\"},\"image\":{\"@id\":\"https:\\\/\\\/buletin.de\\\/bucuresti\\\/video-perchezitii-la-o-retea-care-distribuia-droguri-inclusiv-in-liceele-din-bucuresti\\\/#primaryimage\"},\"thumbnailUrl\":\"https:\\\/\\\/buletin.de\\\/bucuresti\\\/wp-content\\\/uploads\\\/WhatsApp-Image-2023-03-20-at-10.04.50-1.jpeg\",\"datePublished\":\"2023-03-20T09:35:23+00:00\",\"dateModified\":\"2023-03-20T09:35:24+00:00\",\"breadcrumb\":{\"@id\":\"https:\\\/\\\/buletin.de\\\/bucuresti\\\/video-perchezitii-la-o-retea-care-distribuia-droguri-inclusiv-in-liceele-din-bucuresti\\\/#breadcrumb\"},\"inLanguage\":\"en-GB\",\"potentialAction\":[{\"@type\":\"ReadAction\",\"target\":[\"https:\\\/\\\/buletin.de\\\/bucuresti\\\/video-perchezitii-la-o-retea-care-distribuia-droguri-inclusiv-in-liceele-din-bucuresti\\\/\"]}]},{\"@type\":\"ImageObject\",\"inLanguage\":\"en-GB\",\"@id\":\"https:\\\/\\\/buletin.de\\\/bucuresti\\\/video-perchezitii-la-o-retea-care-distribuia-droguri-inclusiv-in-liceele-din-bucuresti\\\/#primaryimage\",\"url\":\"https:\\\/\\\/buletin.de\\\/bucuresti\\\/wp-content\\\/uploads\\\/WhatsApp-Image-2023-03-20-at-10.04.50-1.jpeg\",\"contentUrl\":\"https:\\\/\\\/buletin.de\\\/bucuresti\\\/wp-content\\\/uploads\\\/WhatsApp-Image-2023-03-20-at-10.04.50-1.jpeg\",\"width\":1600,\"height\":738},{\"@type\":\"BreadcrumbList\",\"@id\":\"https:\\\/\\\/buletin.de\\\/bucuresti\\\/video-perchezitii-la-o-retea-care-distribuia-droguri-inclusiv-in-liceele-din-bucuresti\\\/#breadcrumb\",\"itemListElement\":[{\"@type\":\"ListItem\",\"position\":1,\"name\":\"Acas\u0103\",\"item\":\"https:\\\/\\\/buletin.de\\\/bucuresti\\\/\"},{\"@type\":\"ListItem\",\"position\":2,\"name\":\"Video | Perchezi\u021bii la o re\u021bea care distribuia droguri \u00eenclusiv \u00een liceele din Bucure\u0219ti\"}]},{\"@type\":\"WebSite\",\"@id\":\"https:\\\/\\\/buletin.de\\\/bucuresti\\\/#website\",\"url\":\"https:\\\/\\\/buletin.de\\\/bucuresti\\\/\",\"name\":\"Buletin de Bucure\u0219ti\",\"description\":\"\u0218tiri \u0219i investiga\u021bii esen\u021biale din capital\u0103\",\"publisher\":{\"@id\":\"https:\\\/\\\/buletin.de\\\/bucuresti\\\/#organization\"},\"potentialAction\":[{\"@type\":\"SearchAction\",\"target\":{\"@type\":\"EntryPoint\",\"urlTemplate\":\"https:\\\/\\\/buletin.de\\\/bucuresti\\\/?s={search_term_string}\"},\"query-input\":{\"@type\":\"PropertyValueSpecification\",\"valueRequired\":true,\"valueName\":\"search_term_string\"}}],\"inLanguage\":\"en-GB\"},{\"@type\":\"Organization\",\"@id\":\"https:\\\/\\\/buletin.de\\\/bucuresti\\\/#organization\",\"name\":\"Buletin de Bucure\u0219ti\",\"url\":\"https:\\\/\\\/buletin.de\\\/bucuresti\\\/\",\"logo\":{\"@type\":\"ImageObject\",\"inLanguage\":\"en-GB\",\"@id\":\"https:\\\/\\\/buletin.de\\\/bucuresti\\\/#\\\/schema\\\/logo\\\/image\\\/\",\"url\":\"https:\\\/\\\/buletin.de\\\/bucuresti\\\/wp-content\\\/uploads\\\/logo-bdb-full-wide-vernil-transparent.png\",\"contentUrl\":\"https:\\\/\\\/buletin.de\\\/bucuresti\\\/wp-content\\\/uploads\\\/logo-bdb-full-wide-vernil-transparent.png\",\"width\":1782,\"height\":626,\"caption\":\"Buletin de Bucure\u0219ti\"},\"image\":{\"@id\":\"https:\\\/\\\/buletin.de\\\/bucuresti\\\/#\\\/schema\\\/logo\\\/image\\\/\"},\"sameAs\":[\"https:\\\/\\\/www.facebook.com\\\/buletin.de.buc\",\"https:\\\/\\\/www.instagram.com\\\/buletinde.bucuresti\\\/\"]},{\"@type\":\"Person\",\"@id\":\"https:\\\/\\\/buletin.de\\\/bucuresti\\\/#\\\/schema\\\/person\\\/87734700b2c7f8608881f7e93b8834de\",\"name\":\"Andreea Gelatu\",\"image\":{\"@type\":\"ImageObject\",\"inLanguage\":\"en-GB\",\"@id\":\"https:\\\/\\\/secure.gravatar.com\\\/avatar\\\/b716eca2f984b9b65bdd87118b4b909d940b619cbe6e8cb725fe11c1b1f4194f?s=96&d=monsterid&r=g9b5eff4996c6b842a29b3057a7b4746f\",\"url\":\"https:\\\/\\\/secure.gravatar.com\\\/avatar\\\/b716eca2f984b9b65bdd87118b4b909d940b619cbe6e8cb725fe11c1b1f4194f?s=96&d=monsterid&r=g\",\"contentUrl\":\"https:\\\/\\\/secure.gravatar.com\\\/avatar\\\/b716eca2f984b9b65bdd87118b4b909d940b619cbe6e8cb725fe11c1b1f4194f?s=96&d=monsterid&r=g\",\"caption\":\"Andreea Gelatu\"},\"url\":\"https:\\\/\\\/buletin.de\\\/bucuresti\\\/author\\\/andreeagelatu\\\/\"}]}<\/script>\n<!-- \/ Yoast SEO Premium plugin. -->","yoast_head_json":{"title":"Video | Perchezi\u021bii la o re\u021bea care distribuia droguri \u00eenclusiv \u00een liceele din Bucure\u0219ti - Buletin de Bucure\u0219ti","robots":{"index":"index","follow":"follow","max-snippet":"max-snippet:-1","max-image-preview":"max-image-preview:large","max-video-preview":"max-video-preview:-1"},"canonical":"https:\/\/buletin.de\/bucuresti\/video-perchezitii-la-o-retea-care-distribuia-droguri-inclusiv-in-liceele-din-bucuresti\/","og_locale":"en_GB","og_type":"article","og_title":"Video | Perchezi\u021bii la o re\u021bea care distribuia droguri \u00eenclusiv \u00een liceele din Bucure\u0219ti","og_description":"Poli\u021bi\u0219tii Capitalei, \u00eempreun\u0103 cu procurorii DIICOT, au descins ast\u0103zi, 20 martie, la mai multe locuin\u021be \u00eentr-un dosar de trafic de droguri de mare risc \u0219i trafic de droguri de risc. Suspec\u021bii sunt acuza\u021bi c\u0103 ar fi comercializat droguri de risc \u0219i de mare risc consumatorilor, inclusiv c\u0103tre elevi din licee din Bucure\u0219ti. Peste 20 de [&hellip;]","og_url":"https:\/\/buletin.de\/bucuresti\/video-perchezitii-la-o-retea-care-distribuia-droguri-inclusiv-in-liceele-din-bucuresti\/","og_site_name":"Buletin de Bucure\u0219ti","article_publisher":"https:\/\/www.facebook.com\/buletin.de.buc","article_published_time":"2023-03-20T09:35:23+00:00","article_modified_time":"2023-03-20T09:35:24+00:00","og_image":[{"width":1600,"height":738,"url":"https:\/\/buletin.de\/bucuresti\/wp-content\/uploads\/WhatsApp-Image-2023-03-20-at-10.04.50-1.jpeg","type":"image\/jpeg"}],"author":"Andreea Gelatu","twitter_card":"summary_large_image","twitter_misc":{"Written by":"Andreea Gelatu","Estimated reading time":"2 minutes"},"schema":{"@context":"https:\/\/schema.org","@graph":[{"@type":"Article","@id":"https:\/\/buletin.de\/bucuresti\/video-perchezitii-la-o-retea-care-distribuia-droguri-inclusiv-in-liceele-din-bucuresti\/#article","isPartOf":{"@id":"https:\/\/buletin.de\/bucuresti\/video-perchezitii-la-o-retea-care-distribuia-droguri-inclusiv-in-liceele-din-bucuresti\/"},"author":{"name":"Andreea Gelatu","@id":"https:\/\/buletin.de\/bucuresti\/#\/schema\/person\/87734700b2c7f8608881f7e93b8834de"},"headline":"Video | Perchezi\u021bii la o re\u021bea care distribuia droguri \u00eenclusiv \u00een liceele din Bucure\u0219ti","datePublished":"2023-03-20T09:35:23+00:00","dateModified":"2023-03-20T09:35:24+00:00","mainEntityOfPage":{"@id":"https:\/\/buletin.de\/bucuresti\/video-perchezitii-la-o-retea-care-distribuia-droguri-inclusiv-in-liceele-din-bucuresti\/"},"wordCount":247,"publisher":{"@id":"https:\/\/buletin.de\/bucuresti\/#organization"},"image":{"@id":"https:\/\/buletin.de\/bucuresti\/video-perchezitii-la-o-retea-care-distribuia-droguri-inclusiv-in-liceele-din-bucuresti\/#primaryimage"},"thumbnailUrl":"https:\/\/buletin.de\/bucuresti\/wp-content\/uploads\/WhatsApp-Image-2023-03-20-at-10.04.50-1.jpeg","articleSection":["\u0218tiri"],"inLanguage":"en-GB","copyrightYear":"2023","copyrightHolder":{"@id":"https:\/\/buletin.de\/bucuresti\/#organization"}},{"@type":"WebPage","@id":"https:\/\/buletin.de\/bucuresti\/video-perchezitii-la-o-retea-care-distribuia-droguri-inclusiv-in-liceele-din-bucuresti\/","url":"https:\/\/buletin.de\/bucuresti\/video-perchezitii-la-o-retea-care-distribuia-droguri-inclusiv-in-liceele-din-bucuresti\/","name":"Video | Perchezi\u021bii la o re\u021bea care distribuia droguri \u00eenclusiv \u00een liceele din Bucure\u0219ti - Buletin de Bucure\u0219ti","isPartOf":{"@id":"https:\/\/buletin.de\/bucuresti\/#website"},"primaryImageOfPage":{"@id":"https:\/\/buletin.de\/bucuresti\/video-perchezitii-la-o-retea-care-distribuia-droguri-inclusiv-in-liceele-din-bucuresti\/#primaryimage"},"image":{"@id":"https:\/\/buletin.de\/bucuresti\/video-perchezitii-la-o-retea-care-distribuia-droguri-inclusiv-in-liceele-din-bucuresti\/#primaryimage"},"thumbnailUrl":"https:\/\/buletin.de\/bucuresti\/wp-content\/uploads\/WhatsApp-Image-2023-03-20-at-10.04.50-1.jpeg","datePublished":"2023-03-20T09:35:23+00:00","dateModified":"2023-03-20T09:35:24+00:00","breadcrumb":{"@id":"https:\/\/buletin.de\/bucuresti\/video-perchezitii-la-o-retea-care-distribuia-droguri-inclusiv-in-liceele-din-bucuresti\/#breadcrumb"},"inLanguage":"en-GB","potentialAction":[{"@type":"ReadAction","target":["https:\/\/buletin.de\/bucuresti\/video-perchezitii-la-o-retea-care-distribuia-droguri-inclusiv-in-liceele-din-bucuresti\/"]}]},{"@type":"ImageObject","inLanguage":"en-GB","@id":"https:\/\/buletin.de\/bucuresti\/video-perchezitii-la-o-retea-care-distribuia-droguri-inclusiv-in-liceele-din-bucuresti\/#primaryimage","url":"https:\/\/buletin.de\/bucuresti\/wp-content\/uploads\/WhatsApp-Image-2023-03-20-at-10.04.50-1.jpeg","contentUrl":"https:\/\/buletin.de\/bucuresti\/wp-content\/uploads\/WhatsApp-Image-2023-03-20-at-10.04.50-1.jpeg","width":1600,"height":738},{"@type":"BreadcrumbList","@id":"https:\/\/buletin.de\/bucuresti\/video-perchezitii-la-o-retea-care-distribuia-droguri-inclusiv-in-liceele-din-bucuresti\/#breadcrumb","itemListElement":[{"@type":"ListItem","position":1,"name":"Acas\u0103","item":"https:\/\/buletin.de\/bucuresti\/"},{"@type":"ListItem","position":2,"name":"Video | Perchezi\u021bii la o re\u021bea care distribuia droguri \u00eenclusiv \u00een liceele din Bucure\u0219ti"}]},{"@type":"WebSite","@id":"https:\/\/buletin.de\/bucuresti\/#website","url":"https:\/\/buletin.de\/bucuresti\/","name":"Buletin de Bucure\u0219ti","description":"\u0218tiri \u0219i investiga\u021bii esen\u021biale din capital\u0103","publisher":{"@id":"https:\/\/buletin.de\/bucuresti\/#organization"},"potentialAction":[{"@type":"SearchAction","target":{"@type":"EntryPoint","urlTemplate":"https:\/\/buletin.de\/bucuresti\/?s={search_term_string}"},"query-input":{"@type":"PropertyValueSpecification","valueRequired":true,"valueName":"search_term_string"}}],"inLanguage":"en-GB"},{"@type":"Organization","@id":"https:\/\/buletin.de\/bucuresti\/#organization","name":"Buletin de Bucure\u0219ti","url":"https:\/\/buletin.de\/bucuresti\/","logo":{"@type":"ImageObject","inLanguage":"en-GB","@id":"https:\/\/buletin.de\/bucuresti\/#\/schema\/logo\/image\/","url":"https:\/\/buletin.de\/bucuresti\/wp-content\/uploads\/logo-bdb-full-wide-vernil-transparent.png","contentUrl":"https:\/\/buletin.de\/bucuresti\/wp-content\/uploads\/logo-bdb-full-wide-vernil-transparent.png","width":1782,"height":626,"caption":"Buletin de Bucure\u0219ti"},"image":{"@id":"https:\/\/buletin.de\/bucuresti\/#\/schema\/logo\/image\/"},"sameAs":["https:\/\/www.facebook.com\/buletin.de.buc","https:\/\/www.instagram.com\/buletinde.bucuresti\/"]},{"@type":"Person","@id":"https:\/\/buletin.de\/bucuresti\/#\/schema\/person\/87734700b2c7f8608881f7e93b8834de","name":"Andreea Gelatu","image":{"@type":"ImageObject","inLanguage":"en-GB","@id":"https:\/\/secure.gravatar.com\/avatar\/b716eca2f984b9b65bdd87118b4b909d940b619cbe6e8cb725fe11c1b1f4194f?s=96&d=monsterid&r=g9b5eff4996c6b842a29b3057a7b4746f","url":"https:\/\/secure.gravatar.com\/avatar\/b716eca2f984b9b65bdd87118b4b909d940b619cbe6e8cb725fe11c1b1f4194f?s=96&d=monsterid&r=g","contentUrl":"https:\/\/secure.gravatar.com\/avatar\/b716eca2f984b9b65bdd87118b4b909d940b619cbe6e8cb725fe11c1b1f4194f?s=96&d=monsterid&r=g","caption":"Andreea Gelatu"},"url":"https:\/\/buletin.de\/bucuresti\/author\/andreeagelatu\/"}]}},"authors":[{"term_id":22605,"user_id":46,"is_guest":0,"slug":"andreeagelatu","display_name":"Andreea Gelatu","avatar_url":"https:\/\/secure.gravatar.com\/avatar\/b716eca2f984b9b65bdd87118b4b909d940b619cbe6e8cb725fe11c1b1f4194f?s=96&d=monsterid&r=g","0":null,"1":"","2":"","3":"","4":"","5":"","6":"","7":"","8":""}],"_links":{"self":[{"href":"https:\/\/buletin.de\/bucuresti\/wp-json\/wp\/v2\/posts\/56327","targetHints":{"allow":["GET"]}}],"collection":[{"href":"https:\/\/buletin.de\/bucuresti\/wp-json\/wp\/v2\/posts"}],"about":[{"href":"https:\/\/buletin.de\/bucuresti\/wp-json\/wp\/v2\/types\/post"}],"author":[{"embeddable":true,"href":"https:\/\/buletin.de\/bucuresti\/wp-json\/wp\/v2\/users\/46"}],"replies":[{"embeddable":true,"href":"https:\/\/buletin.de\/bucuresti\/wp-json\/wp\/v2\/comments?post=56327"}],"version-history":[{"count":3,"href":"https:\/\/buletin.de\/bucuresti\/wp-json\/wp\/v2\/posts\/56327\/revisions"}],"predecessor-version":[{"id":56345,"href":"https:\/\/buletin.de\/bucuresti\/wp-json\/wp\/v2\/posts\/56327\/revisions\/56345"}],"wp:featuredmedia":[{"embeddable":true,"href":"https:\/\/buletin.de\/bucuresti\/wp-json\/wp\/v2\/media\/56329"}],"wp:attachment":[{"href":"https:\/\/buletin.de\/bucuresti\/wp-json\/wp\/v2\/media?parent=56327"}],"wp:term":[{"taxonomy":"category","embeddable":true,"href":"https:\/\/buletin.de\/bucuresti\/wp-json\/wp\/v2\/categories?post=56327"},{"taxonomy":"post_tag","embeddable":true,"href":"https:\/\/buletin.de\/bucuresti\/wp-json\/wp\/v2\/tags?post=56327"},{"taxonomy":"author","embeddable":true,"href":"https:\/\/buletin.de\/bucuresti\/wp-json\/wp\/v2\/ppma_author?post=56327"}],"curies":[{"name":"wp","href":"https:\/\/api.w.org\/{rel}","templated":true}]}}