{"id":56295,"date":"2023-03-20T08:51:04","date_gmt":"2023-03-20T06:51:04","guid":{"rendered":"https:\/\/buletin.de\/bucuresti\/?p=56295"},"modified":"2023-03-20T08:56:10","modified_gmt":"2023-03-20T06:56:10","slug":"video-circulatia-rutiera-blocata-in-capitala-in-mai-multe-zone-din-cauza-unor-accidente-rutiere","status":"publish","type":"post","link":"https:\/\/buletin.de\/bucuresti\/video-circulatia-rutiera-blocata-in-capitala-in-mai-multe-zone-din-cauza-unor-accidente-rutiere\/","title":{"rendered":"Video | Circula\u021bia rutier\u0103, blocat\u0103 \u00een Capital\u0103, \u00een mai multe zone din cauza unor accidente rutiere"},"content":{"rendered":"\n<p>\u00cenceput de s\u0103pt\u0103m\u00e2n\u0103 cu ghinion pe str\u0103zile din Bucure\u0219ti. Traficul rutier este blocat \u00een mai multe zone din cauza unor accidente rutiere care au avut loc \u00een aceast\u0103 diminea\u021b\u0103, luni, 20 martie.<\/p>\n\n\n\n<figure class=\"wp-block-video\"><video height=\"212\" style=\"aspect-ratio: 180 \/ 212;\" width=\"180\" controls src=\"https:\/\/buletin.de\/bucuresti\/wp-content\/uploads\/336050177_6868769179804798_3344371778360328374_n.mp4\"><\/video><\/figure>\n\n\n\n<p><strong>Un accident rutier a avut loc \u00een aceast\u0103 diminea\u021b\u0103, 20 martie. \u00een intersec\u021bia Calea 13 Septembrie\/Panduri, \u00eentre dou\u0103 ma\u0219ini. \u00cen urma impactului, una dintre ma\u0219ini s-a r\u0103sturnat. O persoan\u0103, femeie, \u00een v\u00e2rst\u0103 de 40 de ani, pasager\u0103 \u00een ma\u0219ina marca BMW, a fost transportat\u0103 la spital pentru \u00eengrijiri de specialitate. \u0218oferii au fost testa\u021bi cu aparatul alcooltest. Nu consumaser\u0103 alcool.<\/strong><\/p>\n\n\n\n<figure class=\"wp-block-image size-full\"><img fetchpriority=\"high\" decoding=\"async\" width=\"805\" height=\"637\" src=\"data:image\/gif;base64,R0lGODlhAQABAAAAACH5BAEKAAEALAAAAAABAAEAAAICTAEAOw==\" data-src=\"https:\/\/buletin.de\/bucuresti\/wp-content\/uploads\/Captura-7.jpg\" alt=\"\" class=\"wp-image-56298 lazyload\" data-sizes=\"auto\" data-srcset=\"https:\/\/buletin.de\/bucuresti\/wp-content\/uploads\/Captura-7.jpg 805w, https:\/\/buletin.de\/bucuresti\/wp-content\/uploads\/Captura-7-300x237.jpg 300w, https:\/\/buletin.de\/bucuresti\/wp-content\/uploads\/Captura-7-768x608.jpg 768w, https:\/\/buletin.de\/bucuresti\/wp-content\/uploads\/Captura-7-550x435.jpg 550w, https:\/\/buletin.de\/bucuresti\/wp-content\/uploads\/Captura-7-632x500.jpg 632w, https:\/\/buletin.de\/bucuresti\/wp-content\/uploads\/Captura-7-600x475.jpg 600w\" sizes=\"(max-width: 805px) 100vw, 805px\" \/><figcaption>Imagini Info Trafic Rom\u00e2nia<\/figcaption><\/figure>\n\n\n\n<p>Se efectueaz\u0103 cercet\u0103ri pentru stabilirea cauzelor \u0219i \u00eemprejur\u0103rilor producerii evenimentului rutier. Traficul este restric\u021bionat pe durata cercet\u0103rii la fa\u021ba locului.<\/p>\n\n\n\n<p><strong>Un alt accident rutier a avut loc \u00een aceast\u0103 diminea\u021b\u0103, 20 martie, pe \u0218oseaua Fundeni. <\/strong><\/p>\n\n\n\n<figure class=\"wp-block-image size-full\"><img decoding=\"async\" width=\"670\" height=\"490\" src=\"data:image\/gif;base64,R0lGODlhAQABAAAAACH5BAEKAAEALAAAAAABAAEAAAICTAEAOw==\" data-src=\"https:\/\/buletin.de\/bucuresti\/wp-content\/uploads\/Captura-8.jpg\" alt=\"\" class=\"wp-image-56299 lazyload\" data-sizes=\"auto\" data-srcset=\"https:\/\/buletin.de\/bucuresti\/wp-content\/uploads\/Captura-8.jpg 670w, https:\/\/buletin.de\/bucuresti\/wp-content\/uploads\/Captura-8-300x219.jpg 300w, https:\/\/buletin.de\/bucuresti\/wp-content\/uploads\/Captura-8-550x402.jpg 550w, https:\/\/buletin.de\/bucuresti\/wp-content\/uploads\/Captura-8-600x439.jpg 600w\" sizes=\"(max-width: 670px) 100vw, 670px\" \/><\/figure>\n\n\n\n<p>Din primele informa\u021bii, dou\u0103 autoturisme au fost implicate \u00eentr-un accident rutier \u00een zona podului de pe \u0219oseaua Fundeni, potrivit Info Trafic Rom\u00e2nia.<\/p>\n\n\n\n<figure class=\"wp-block-image size-large\"><img decoding=\"async\" width=\"900\" height=\"857\" src=\"data:image\/gif;base64,R0lGODlhAQABAAAAACH5BAEKAAEALAAAAAABAAEAAAICTAEAOw==\" data-src=\"https:\/\/buletin.de\/bucuresti\/wp-content\/uploads\/337241394_957975802000629_3376451834459339440_n-900x857.jpg\" alt=\"\" class=\"wp-image-56300 lazyload\" data-sizes=\"auto\" data-srcset=\"https:\/\/buletin.de\/bucuresti\/wp-content\/uploads\/337241394_957975802000629_3376451834459339440_n-900x857.jpg 900w, https:\/\/buletin.de\/bucuresti\/wp-content\/uploads\/337241394_957975802000629_3376451834459339440_n-300x286.jpg 300w, https:\/\/buletin.de\/bucuresti\/wp-content\/uploads\/337241394_957975802000629_3376451834459339440_n-768x731.jpg 768w, https:\/\/buletin.de\/bucuresti\/wp-content\/uploads\/337241394_957975802000629_3376451834459339440_n-1060x1009.jpg 1060w, https:\/\/buletin.de\/bucuresti\/wp-content\/uploads\/337241394_957975802000629_3376451834459339440_n-550x524.jpg 550w, https:\/\/buletin.de\/bucuresti\/wp-content\/uploads\/337241394_957975802000629_3376451834459339440_n-525x500.jpg 525w, https:\/\/buletin.de\/bucuresti\/wp-content\/uploads\/337241394_957975802000629_3376451834459339440_n-1134x1080.jpg 1134w, https:\/\/buletin.de\/bucuresti\/wp-content\/uploads\/337241394_957975802000629_3376451834459339440_n-600x571.jpg 600w, https:\/\/buletin.de\/bucuresti\/wp-content\/uploads\/337241394_957975802000629_3376451834459339440_n.jpg 1152w\" sizes=\"(max-width: 900px) 100vw, 900px\" \/><\/figure>\n\n\n\n<p>Traficul rutier este \u00eengreunat \u00een ambele sensuri de mers.<\/p>\n\n\n\n<p>Surs\u0103 foto: Info Trafic Rom\u00e2nia<\/p>\n","protected":false},"excerpt":{"rendered":"<p>\u00cenceput de s\u0103pt\u0103m\u00e2n\u0103 cu ghinion pe str\u0103zile din Bucure\u0219ti. Traficul rutier este blocat \u00een mai multe zone din cauza unor accidente rutiere care au avut loc \u00een aceast\u0103 diminea\u021b\u0103, luni, 20 martie. Un accident rutier a avut loc \u00een aceast\u0103 diminea\u021b\u0103, 20 martie. \u00een intersec\u021bia Calea 13 Septembrie\/Panduri, \u00eentre dou\u0103 ma\u0219ini. \u00cen urma impactului, una [&hellip;]<\/p>\n","protected":false},"author":46,"featured_media":56304,"comment_status":"closed","ping_status":"open","sticky":false,"template":"","format":"standard","meta":{"_acf_changed":false,"inline_featured_image":false,"ngg_post_thumbnail":0,"footnotes":""},"categories":[62],"tags":[],"ppma_author":[22605],"class_list":["post-56295","post","type-post","status-publish","format-standard","has-post-thumbnail","hentry","category-stiri"],"acf":[],"yoast_head":"<!-- This site is optimized with the Yoast SEO Premium plugin v25.3 (Yoast SEO v27.4) - https:\/\/yoast.com\/product\/yoast-seo-premium-wordpress\/ -->\n<title>Video | Circula\u021bia rutier\u0103, blocat\u0103 \u00een Capital\u0103, \u00een mai multe zone din cauza unor accidente rutiere - Buletin de Bucure\u0219ti<\/title>\n<meta name=\"robots\" content=\"index, follow, max-snippet:-1, max-image-preview:large, max-video-preview:-1\" \/>\n<link rel=\"canonical\" href=\"https:\/\/buletin.de\/bucuresti\/video-circulatia-rutiera-blocata-in-capitala-in-mai-multe-zone-din-cauza-unor-accidente-rutiere\/\" \/>\n<meta property=\"og:locale\" content=\"en_GB\" \/>\n<meta property=\"og:type\" content=\"article\" \/>\n<meta property=\"og:title\" content=\"Video | Circula\u021bia rutier\u0103, blocat\u0103 \u00een Capital\u0103, \u00een mai multe zone din cauza unor accidente rutiere\" \/>\n<meta property=\"og:description\" content=\"\u00cenceput de s\u0103pt\u0103m\u00e2n\u0103 cu ghinion pe str\u0103zile din Bucure\u0219ti. Traficul rutier este blocat \u00een mai multe zone din cauza unor accidente rutiere care au avut loc \u00een aceast\u0103 diminea\u021b\u0103, luni, 20 martie. Un accident rutier a avut loc \u00een aceast\u0103 diminea\u021b\u0103, 20 martie. \u00een intersec\u021bia Calea 13 Septembrie\/Panduri, \u00eentre dou\u0103 ma\u0219ini. \u00cen urma impactului, una [&hellip;]\" \/>\n<meta property=\"og:url\" content=\"https:\/\/buletin.de\/bucuresti\/video-circulatia-rutiera-blocata-in-capitala-in-mai-multe-zone-din-cauza-unor-accidente-rutiere\/\" \/>\n<meta property=\"og:site_name\" content=\"Buletin de Bucure\u0219ti\" \/>\n<meta property=\"article:publisher\" content=\"https:\/\/www.facebook.com\/buletin.de.buc\" \/>\n<meta property=\"article:published_time\" content=\"2023-03-20T06:51:04+00:00\" \/>\n<meta property=\"article:modified_time\" content=\"2023-03-20T06:56:10+00:00\" \/>\n<meta property=\"og:image\" content=\"https:\/\/buletin.de\/bucuresti\/wp-content\/uploads\/337241394_957975802000629_3376451834459339440_n-1.jpg\" \/>\n\t<meta property=\"og:image:width\" content=\"1152\" \/>\n\t<meta property=\"og:image:height\" content=\"1097\" \/>\n\t<meta property=\"og:image:type\" content=\"image\/jpeg\" \/>\n<meta name=\"author\" content=\"Andreea Gelatu\" \/>\n<meta name=\"twitter:card\" content=\"summary_large_image\" \/>\n<meta name=\"twitter:label1\" content=\"Written by\" \/>\n\t<meta name=\"twitter:data1\" content=\"Andreea Gelatu\" \/>\n\t<meta name=\"twitter:label2\" content=\"Estimated reading time\" \/>\n\t<meta name=\"twitter:data2\" content=\"2 minutes\" \/>\n<script type=\"application\/ld+json\" class=\"yoast-schema-graph\">{\"@context\":\"https:\\\/\\\/schema.org\",\"@graph\":[{\"@type\":\"Article\",\"@id\":\"https:\\\/\\\/buletin.de\\\/bucuresti\\\/video-circulatia-rutiera-blocata-in-capitala-in-mai-multe-zone-din-cauza-unor-accidente-rutiere\\\/#article\",\"isPartOf\":{\"@id\":\"https:\\\/\\\/buletin.de\\\/bucuresti\\\/video-circulatia-rutiera-blocata-in-capitala-in-mai-multe-zone-din-cauza-unor-accidente-rutiere\\\/\"},\"author\":{\"name\":\"Andreea Gelatu\",\"@id\":\"https:\\\/\\\/buletin.de\\\/bucuresti\\\/#\\\/schema\\\/person\\\/87734700b2c7f8608881f7e93b8834de\"},\"headline\":\"Video | Circula\u021bia rutier\u0103, blocat\u0103 \u00een Capital\u0103, \u00een mai multe zone din cauza unor accidente rutiere\",\"datePublished\":\"2023-03-20T06:51:04+00:00\",\"dateModified\":\"2023-03-20T06:56:10+00:00\",\"mainEntityOfPage\":{\"@id\":\"https:\\\/\\\/buletin.de\\\/bucuresti\\\/video-circulatia-rutiera-blocata-in-capitala-in-mai-multe-zone-din-cauza-unor-accidente-rutiere\\\/\"},\"wordCount\":200,\"publisher\":{\"@id\":\"https:\\\/\\\/buletin.de\\\/bucuresti\\\/#organization\"},\"image\":{\"@id\":\"https:\\\/\\\/buletin.de\\\/bucuresti\\\/video-circulatia-rutiera-blocata-in-capitala-in-mai-multe-zone-din-cauza-unor-accidente-rutiere\\\/#primaryimage\"},\"thumbnailUrl\":\"https:\\\/\\\/buletin.de\\\/bucuresti\\\/wp-content\\\/uploads\\\/337241394_957975802000629_3376451834459339440_n-1.jpg\",\"articleSection\":[\"\u0218tiri\"],\"inLanguage\":\"en-GB\",\"copyrightYear\":\"2023\",\"copyrightHolder\":{\"@id\":\"https:\\\/\\\/buletin.de\\\/bucuresti\\\/#organization\"}},{\"@type\":\"WebPage\",\"@id\":\"https:\\\/\\\/buletin.de\\\/bucuresti\\\/video-circulatia-rutiera-blocata-in-capitala-in-mai-multe-zone-din-cauza-unor-accidente-rutiere\\\/\",\"url\":\"https:\\\/\\\/buletin.de\\\/bucuresti\\\/video-circulatia-rutiera-blocata-in-capitala-in-mai-multe-zone-din-cauza-unor-accidente-rutiere\\\/\",\"name\":\"Video | Circula\u021bia rutier\u0103, blocat\u0103 \u00een Capital\u0103, \u00een mai multe zone din cauza unor accidente rutiere - Buletin de Bucure\u0219ti\",\"isPartOf\":{\"@id\":\"https:\\\/\\\/buletin.de\\\/bucuresti\\\/#website\"},\"primaryImageOfPage\":{\"@id\":\"https:\\\/\\\/buletin.de\\\/bucuresti\\\/video-circulatia-rutiera-blocata-in-capitala-in-mai-multe-zone-din-cauza-unor-accidente-rutiere\\\/#primaryimage\"},\"image\":{\"@id\":\"https:\\\/\\\/buletin.de\\\/bucuresti\\\/video-circulatia-rutiera-blocata-in-capitala-in-mai-multe-zone-din-cauza-unor-accidente-rutiere\\\/#primaryimage\"},\"thumbnailUrl\":\"https:\\\/\\\/buletin.de\\\/bucuresti\\\/wp-content\\\/uploads\\\/337241394_957975802000629_3376451834459339440_n-1.jpg\",\"datePublished\":\"2023-03-20T06:51:04+00:00\",\"dateModified\":\"2023-03-20T06:56:10+00:00\",\"breadcrumb\":{\"@id\":\"https:\\\/\\\/buletin.de\\\/bucuresti\\\/video-circulatia-rutiera-blocata-in-capitala-in-mai-multe-zone-din-cauza-unor-accidente-rutiere\\\/#breadcrumb\"},\"inLanguage\":\"en-GB\",\"potentialAction\":[{\"@type\":\"ReadAction\",\"target\":[\"https:\\\/\\\/buletin.de\\\/bucuresti\\\/video-circulatia-rutiera-blocata-in-capitala-in-mai-multe-zone-din-cauza-unor-accidente-rutiere\\\/\"]}]},{\"@type\":\"ImageObject\",\"inLanguage\":\"en-GB\",\"@id\":\"https:\\\/\\\/buletin.de\\\/bucuresti\\\/video-circulatia-rutiera-blocata-in-capitala-in-mai-multe-zone-din-cauza-unor-accidente-rutiere\\\/#primaryimage\",\"url\":\"https:\\\/\\\/buletin.de\\\/bucuresti\\\/wp-content\\\/uploads\\\/337241394_957975802000629_3376451834459339440_n-1.jpg\",\"contentUrl\":\"https:\\\/\\\/buletin.de\\\/bucuresti\\\/wp-content\\\/uploads\\\/337241394_957975802000629_3376451834459339440_n-1.jpg\",\"width\":1152,\"height\":1097},{\"@type\":\"BreadcrumbList\",\"@id\":\"https:\\\/\\\/buletin.de\\\/bucuresti\\\/video-circulatia-rutiera-blocata-in-capitala-in-mai-multe-zone-din-cauza-unor-accidente-rutiere\\\/#breadcrumb\",\"itemListElement\":[{\"@type\":\"ListItem\",\"position\":1,\"name\":\"Acas\u0103\",\"item\":\"https:\\\/\\\/buletin.de\\\/bucuresti\\\/\"},{\"@type\":\"ListItem\",\"position\":2,\"name\":\"Video | Circula\u021bia rutier\u0103, blocat\u0103 \u00een Capital\u0103, \u00een mai multe zone din cauza unor accidente rutiere\"}]},{\"@type\":\"WebSite\",\"@id\":\"https:\\\/\\\/buletin.de\\\/bucuresti\\\/#website\",\"url\":\"https:\\\/\\\/buletin.de\\\/bucuresti\\\/\",\"name\":\"Buletin de Bucure\u0219ti\",\"description\":\"\u0218tiri \u0219i investiga\u021bii esen\u021biale din capital\u0103\",\"publisher\":{\"@id\":\"https:\\\/\\\/buletin.de\\\/bucuresti\\\/#organization\"},\"potentialAction\":[{\"@type\":\"SearchAction\",\"target\":{\"@type\":\"EntryPoint\",\"urlTemplate\":\"https:\\\/\\\/buletin.de\\\/bucuresti\\\/?s={search_term_string}\"},\"query-input\":{\"@type\":\"PropertyValueSpecification\",\"valueRequired\":true,\"valueName\":\"search_term_string\"}}],\"inLanguage\":\"en-GB\"},{\"@type\":\"Organization\",\"@id\":\"https:\\\/\\\/buletin.de\\\/bucuresti\\\/#organization\",\"name\":\"Buletin de Bucure\u0219ti\",\"url\":\"https:\\\/\\\/buletin.de\\\/bucuresti\\\/\",\"logo\":{\"@type\":\"ImageObject\",\"inLanguage\":\"en-GB\",\"@id\":\"https:\\\/\\\/buletin.de\\\/bucuresti\\\/#\\\/schema\\\/logo\\\/image\\\/\",\"url\":\"https:\\\/\\\/buletin.de\\\/bucuresti\\\/wp-content\\\/uploads\\\/logo-bdb-full-wide-vernil-transparent.png\",\"contentUrl\":\"https:\\\/\\\/buletin.de\\\/bucuresti\\\/wp-content\\\/uploads\\\/logo-bdb-full-wide-vernil-transparent.png\",\"width\":1782,\"height\":626,\"caption\":\"Buletin de Bucure\u0219ti\"},\"image\":{\"@id\":\"https:\\\/\\\/buletin.de\\\/bucuresti\\\/#\\\/schema\\\/logo\\\/image\\\/\"},\"sameAs\":[\"https:\\\/\\\/www.facebook.com\\\/buletin.de.buc\",\"https:\\\/\\\/www.instagram.com\\\/buletinde.bucuresti\\\/\"]},{\"@type\":\"Person\",\"@id\":\"https:\\\/\\\/buletin.de\\\/bucuresti\\\/#\\\/schema\\\/person\\\/87734700b2c7f8608881f7e93b8834de\",\"name\":\"Andreea Gelatu\",\"image\":{\"@type\":\"ImageObject\",\"inLanguage\":\"en-GB\",\"@id\":\"https:\\\/\\\/secure.gravatar.com\\\/avatar\\\/b716eca2f984b9b65bdd87118b4b909d940b619cbe6e8cb725fe11c1b1f4194f?s=96&d=monsterid&r=g9b5eff4996c6b842a29b3057a7b4746f\",\"url\":\"https:\\\/\\\/secure.gravatar.com\\\/avatar\\\/b716eca2f984b9b65bdd87118b4b909d940b619cbe6e8cb725fe11c1b1f4194f?s=96&d=monsterid&r=g\",\"contentUrl\":\"https:\\\/\\\/secure.gravatar.com\\\/avatar\\\/b716eca2f984b9b65bdd87118b4b909d940b619cbe6e8cb725fe11c1b1f4194f?s=96&d=monsterid&r=g\",\"caption\":\"Andreea Gelatu\"},\"url\":\"https:\\\/\\\/buletin.de\\\/bucuresti\\\/author\\\/andreeagelatu\\\/\"}]}<\/script>\n<!-- \/ Yoast SEO Premium plugin. -->","yoast_head_json":{"title":"Video | Circula\u021bia rutier\u0103, blocat\u0103 \u00een Capital\u0103, \u00een mai multe zone din cauza unor accidente rutiere - Buletin de Bucure\u0219ti","robots":{"index":"index","follow":"follow","max-snippet":"max-snippet:-1","max-image-preview":"max-image-preview:large","max-video-preview":"max-video-preview:-1"},"canonical":"https:\/\/buletin.de\/bucuresti\/video-circulatia-rutiera-blocata-in-capitala-in-mai-multe-zone-din-cauza-unor-accidente-rutiere\/","og_locale":"en_GB","og_type":"article","og_title":"Video | Circula\u021bia rutier\u0103, blocat\u0103 \u00een Capital\u0103, \u00een mai multe zone din cauza unor accidente rutiere","og_description":"\u00cenceput de s\u0103pt\u0103m\u00e2n\u0103 cu ghinion pe str\u0103zile din Bucure\u0219ti. Traficul rutier este blocat \u00een mai multe zone din cauza unor accidente rutiere care au avut loc \u00een aceast\u0103 diminea\u021b\u0103, luni, 20 martie. Un accident rutier a avut loc \u00een aceast\u0103 diminea\u021b\u0103, 20 martie. \u00een intersec\u021bia Calea 13 Septembrie\/Panduri, \u00eentre dou\u0103 ma\u0219ini. \u00cen urma impactului, una [&hellip;]","og_url":"https:\/\/buletin.de\/bucuresti\/video-circulatia-rutiera-blocata-in-capitala-in-mai-multe-zone-din-cauza-unor-accidente-rutiere\/","og_site_name":"Buletin de Bucure\u0219ti","article_publisher":"https:\/\/www.facebook.com\/buletin.de.buc","article_published_time":"2023-03-20T06:51:04+00:00","article_modified_time":"2023-03-20T06:56:10+00:00","og_image":[{"width":1152,"height":1097,"url":"https:\/\/buletin.de\/bucuresti\/wp-content\/uploads\/337241394_957975802000629_3376451834459339440_n-1.jpg","type":"image\/jpeg"}],"author":"Andreea Gelatu","twitter_card":"summary_large_image","twitter_misc":{"Written by":"Andreea Gelatu","Estimated reading time":"2 minutes"},"schema":{"@context":"https:\/\/schema.org","@graph":[{"@type":"Article","@id":"https:\/\/buletin.de\/bucuresti\/video-circulatia-rutiera-blocata-in-capitala-in-mai-multe-zone-din-cauza-unor-accidente-rutiere\/#article","isPartOf":{"@id":"https:\/\/buletin.de\/bucuresti\/video-circulatia-rutiera-blocata-in-capitala-in-mai-multe-zone-din-cauza-unor-accidente-rutiere\/"},"author":{"name":"Andreea Gelatu","@id":"https:\/\/buletin.de\/bucuresti\/#\/schema\/person\/87734700b2c7f8608881f7e93b8834de"},"headline":"Video | Circula\u021bia rutier\u0103, blocat\u0103 \u00een Capital\u0103, \u00een mai multe zone din cauza unor accidente rutiere","datePublished":"2023-03-20T06:51:04+00:00","dateModified":"2023-03-20T06:56:10+00:00","mainEntityOfPage":{"@id":"https:\/\/buletin.de\/bucuresti\/video-circulatia-rutiera-blocata-in-capitala-in-mai-multe-zone-din-cauza-unor-accidente-rutiere\/"},"wordCount":200,"publisher":{"@id":"https:\/\/buletin.de\/bucuresti\/#organization"},"image":{"@id":"https:\/\/buletin.de\/bucuresti\/video-circulatia-rutiera-blocata-in-capitala-in-mai-multe-zone-din-cauza-unor-accidente-rutiere\/#primaryimage"},"thumbnailUrl":"https:\/\/buletin.de\/bucuresti\/wp-content\/uploads\/337241394_957975802000629_3376451834459339440_n-1.jpg","articleSection":["\u0218tiri"],"inLanguage":"en-GB","copyrightYear":"2023","copyrightHolder":{"@id":"https:\/\/buletin.de\/bucuresti\/#organization"}},{"@type":"WebPage","@id":"https:\/\/buletin.de\/bucuresti\/video-circulatia-rutiera-blocata-in-capitala-in-mai-multe-zone-din-cauza-unor-accidente-rutiere\/","url":"https:\/\/buletin.de\/bucuresti\/video-circulatia-rutiera-blocata-in-capitala-in-mai-multe-zone-din-cauza-unor-accidente-rutiere\/","name":"Video | Circula\u021bia rutier\u0103, blocat\u0103 \u00een Capital\u0103, \u00een mai multe zone din cauza unor accidente rutiere - Buletin de Bucure\u0219ti","isPartOf":{"@id":"https:\/\/buletin.de\/bucuresti\/#website"},"primaryImageOfPage":{"@id":"https:\/\/buletin.de\/bucuresti\/video-circulatia-rutiera-blocata-in-capitala-in-mai-multe-zone-din-cauza-unor-accidente-rutiere\/#primaryimage"},"image":{"@id":"https:\/\/buletin.de\/bucuresti\/video-circulatia-rutiera-blocata-in-capitala-in-mai-multe-zone-din-cauza-unor-accidente-rutiere\/#primaryimage"},"thumbnailUrl":"https:\/\/buletin.de\/bucuresti\/wp-content\/uploads\/337241394_957975802000629_3376451834459339440_n-1.jpg","datePublished":"2023-03-20T06:51:04+00:00","dateModified":"2023-03-20T06:56:10+00:00","breadcrumb":{"@id":"https:\/\/buletin.de\/bucuresti\/video-circulatia-rutiera-blocata-in-capitala-in-mai-multe-zone-din-cauza-unor-accidente-rutiere\/#breadcrumb"},"inLanguage":"en-GB","potentialAction":[{"@type":"ReadAction","target":["https:\/\/buletin.de\/bucuresti\/video-circulatia-rutiera-blocata-in-capitala-in-mai-multe-zone-din-cauza-unor-accidente-rutiere\/"]}]},{"@type":"ImageObject","inLanguage":"en-GB","@id":"https:\/\/buletin.de\/bucuresti\/video-circulatia-rutiera-blocata-in-capitala-in-mai-multe-zone-din-cauza-unor-accidente-rutiere\/#primaryimage","url":"https:\/\/buletin.de\/bucuresti\/wp-content\/uploads\/337241394_957975802000629_3376451834459339440_n-1.jpg","contentUrl":"https:\/\/buletin.de\/bucuresti\/wp-content\/uploads\/337241394_957975802000629_3376451834459339440_n-1.jpg","width":1152,"height":1097},{"@type":"BreadcrumbList","@id":"https:\/\/buletin.de\/bucuresti\/video-circulatia-rutiera-blocata-in-capitala-in-mai-multe-zone-din-cauza-unor-accidente-rutiere\/#breadcrumb","itemListElement":[{"@type":"ListItem","position":1,"name":"Acas\u0103","item":"https:\/\/buletin.de\/bucuresti\/"},{"@type":"ListItem","position":2,"name":"Video | Circula\u021bia rutier\u0103, blocat\u0103 \u00een Capital\u0103, \u00een mai multe zone din cauza unor accidente rutiere"}]},{"@type":"WebSite","@id":"https:\/\/buletin.de\/bucuresti\/#website","url":"https:\/\/buletin.de\/bucuresti\/","name":"Buletin de Bucure\u0219ti","description":"\u0218tiri \u0219i investiga\u021bii esen\u021biale din capital\u0103","publisher":{"@id":"https:\/\/buletin.de\/bucuresti\/#organization"},"potentialAction":[{"@type":"SearchAction","target":{"@type":"EntryPoint","urlTemplate":"https:\/\/buletin.de\/bucuresti\/?s={search_term_string}"},"query-input":{"@type":"PropertyValueSpecification","valueRequired":true,"valueName":"search_term_string"}}],"inLanguage":"en-GB"},{"@type":"Organization","@id":"https:\/\/buletin.de\/bucuresti\/#organization","name":"Buletin de Bucure\u0219ti","url":"https:\/\/buletin.de\/bucuresti\/","logo":{"@type":"ImageObject","inLanguage":"en-GB","@id":"https:\/\/buletin.de\/bucuresti\/#\/schema\/logo\/image\/","url":"https:\/\/buletin.de\/bucuresti\/wp-content\/uploads\/logo-bdb-full-wide-vernil-transparent.png","contentUrl":"https:\/\/buletin.de\/bucuresti\/wp-content\/uploads\/logo-bdb-full-wide-vernil-transparent.png","width":1782,"height":626,"caption":"Buletin de Bucure\u0219ti"},"image":{"@id":"https:\/\/buletin.de\/bucuresti\/#\/schema\/logo\/image\/"},"sameAs":["https:\/\/www.facebook.com\/buletin.de.buc","https:\/\/www.instagram.com\/buletinde.bucuresti\/"]},{"@type":"Person","@id":"https:\/\/buletin.de\/bucuresti\/#\/schema\/person\/87734700b2c7f8608881f7e93b8834de","name":"Andreea Gelatu","image":{"@type":"ImageObject","inLanguage":"en-GB","@id":"https:\/\/secure.gravatar.com\/avatar\/b716eca2f984b9b65bdd87118b4b909d940b619cbe6e8cb725fe11c1b1f4194f?s=96&d=monsterid&r=g9b5eff4996c6b842a29b3057a7b4746f","url":"https:\/\/secure.gravatar.com\/avatar\/b716eca2f984b9b65bdd87118b4b909d940b619cbe6e8cb725fe11c1b1f4194f?s=96&d=monsterid&r=g","contentUrl":"https:\/\/secure.gravatar.com\/avatar\/b716eca2f984b9b65bdd87118b4b909d940b619cbe6e8cb725fe11c1b1f4194f?s=96&d=monsterid&r=g","caption":"Andreea Gelatu"},"url":"https:\/\/buletin.de\/bucuresti\/author\/andreeagelatu\/"}]}},"authors":[{"term_id":22605,"user_id":46,"is_guest":0,"slug":"andreeagelatu","display_name":"Andreea Gelatu","avatar_url":"https:\/\/secure.gravatar.com\/avatar\/b716eca2f984b9b65bdd87118b4b909d940b619cbe6e8cb725fe11c1b1f4194f?s=96&d=monsterid&r=g","0":null,"1":"","2":"","3":"","4":"","5":"","6":"","7":"","8":""}],"_links":{"self":[{"href":"https:\/\/buletin.de\/bucuresti\/wp-json\/wp\/v2\/posts\/56295","targetHints":{"allow":["GET"]}}],"collection":[{"href":"https:\/\/buletin.de\/bucuresti\/wp-json\/wp\/v2\/posts"}],"about":[{"href":"https:\/\/buletin.de\/bucuresti\/wp-json\/wp\/v2\/types\/post"}],"author":[{"embeddable":true,"href":"https:\/\/buletin.de\/bucuresti\/wp-json\/wp\/v2\/users\/46"}],"replies":[{"embeddable":true,"href":"https:\/\/buletin.de\/bucuresti\/wp-json\/wp\/v2\/comments?post=56295"}],"version-history":[{"count":5,"href":"https:\/\/buletin.de\/bucuresti\/wp-json\/wp\/v2\/posts\/56295\/revisions"}],"predecessor-version":[{"id":56307,"href":"https:\/\/buletin.de\/bucuresti\/wp-json\/wp\/v2\/posts\/56295\/revisions\/56307"}],"wp:featuredmedia":[{"embeddable":true,"href":"https:\/\/buletin.de\/bucuresti\/wp-json\/wp\/v2\/media\/56304"}],"wp:attachment":[{"href":"https:\/\/buletin.de\/bucuresti\/wp-json\/wp\/v2\/media?parent=56295"}],"wp:term":[{"taxonomy":"category","embeddable":true,"href":"https:\/\/buletin.de\/bucuresti\/wp-json\/wp\/v2\/categories?post=56295"},{"taxonomy":"post_tag","embeddable":true,"href":"https:\/\/buletin.de\/bucuresti\/wp-json\/wp\/v2\/tags?post=56295"},{"taxonomy":"author","embeddable":true,"href":"https:\/\/buletin.de\/bucuresti\/wp-json\/wp\/v2\/ppma_author?post=56295"}],"curies":[{"name":"wp","href":"https:\/\/api.w.org\/{rel}","templated":true}]}}