{"id":56292,"date":"2023-03-19T16:05:53","date_gmt":"2023-03-19T14:05:53","guid":{"rendered":"https:\/\/buletin.de\/bucuresti\/?p=56292"},"modified":"2023-03-19T18:16:09","modified_gmt":"2023-03-19T16:16:09","slug":"centrul-pentru-seniori-din-sectorul-6-isi-suplimenteaza-locurile","status":"publish","type":"post","link":"https:\/\/buletin.de\/bucuresti\/centrul-pentru-seniori-din-sectorul-6-isi-suplimenteaza-locurile\/","title":{"rendered":"Centrul pentru seniori din Sectorul 6 \u00ee\u0219i suplimenteaz\u0103 locurile"},"content":{"rendered":"\n<p>Prim\u0103ria Sectorului 6 a anun\u021bat c\u0103 centrul pentru seniori din Bd. 1 Mai, nr. 15, extinde num\u0103rul de locuri cu 50%. Pe l\u00e2ng\u0103 persoanele \u00eenscrise deja la centru, \u00een ultima perioad\u0103 num\u0103rul \u00eenscrierilor a crescut la 500.<\/p>\n\n\n\n<p>\u00cen cadrul centrelor pentru seniori, membrii pot petrece timp de calitate juc\u00e2nd \u0219ah sau remi, f\u0103c\u00e2nd activit\u0103\u021bi sportive \u0219i de voluntariat \u0219i urm\u00e2nd cursuri de pictur\u0103 \u0219i fotografie. \u00cen plus, DGASPC Sector 6 organizeaz\u0103 cursuri de yoga, de utilizare a calculatorului, mi\u0219care \u00een aer liber, corul seniorilor.<\/p>\n\n\n\n<p>Zilnic, 100 de persoane v\u00e2rstnice pot participa simultan la activit\u0103\u021bi la Centrul din 1 Mai. La cel situat \u00een Bd. Timi\u0219oara 73, accesul este de 50 de seniori pe serie. Programul Clubului Seniorilor este de luni p\u00e2n\u0103 joi, \u00een intervalul orar 9.00 \u2013 16.00, iar vineri de de la 9.00 la 14.00.<\/p>\n\n\n\n<p>Actele necesare pentru \u00eenscriere sunt: cerere scris\u0103, copie act de identitate, copie talon pensie, adeverin\u021b\u0103 medical\u0103 (tip medic familie) \u0219i consim\u021b\u0103m\u00e2nt privind prelucrarea datelor cu caracter personal. \u00censcrierile se pot face online, dar \u0219i fizic la cele dou\u0103 sedii ale Clubului Seniorilor, conform programului.<\/p>\n\n\n\n<p>Pentru a r\u0103spunde num\u0103rului mare de solicit\u0103ri, Prim\u0103ria Sectorului 6 a decis s\u0103 mai deschid\u0103 un centru pentru seniori \u00een cartierul Militari, pe \u0218os. Virtu\u021bii 148, \u00een locul fostului centru de Taxe \u0219i Impozite.<\/p>\n\n\n\n<p>Pentru informa\u021bii suplimentare privind \u00eenscrierile, pute\u021bi accesa pagina web www.asistentasociala6.ro, sau pute\u021bi solicita la adresa clubulseniorilor6@dgaspc6.com sau num\u0103rul de telefon 021.9970.<br><br>Surs\u0103 foto: Pagina de Facebook Prim\u0103ria Sectorului 6<\/p>\n","protected":false},"excerpt":{"rendered":"<p>Prim\u0103ria Sectorului 6 a anun\u021bat c\u0103 centrul pentru seniori din Bd. 1 Mai, nr. 15, extinde num\u0103rul de locuri cu 50%. Pe l\u00e2ng\u0103 persoanele \u00eenscrise deja la centru, \u00een ultima perioad\u0103 num\u0103rul \u00eenscrierilor a crescut la 500. \u00cen cadrul centrelor pentru seniori, membrii pot petrece timp de calitate juc\u00e2nd \u0219ah sau remi, f\u0103c\u00e2nd activit\u0103\u021bi sportive [&hellip;]<\/p>\n","protected":false},"author":45,"featured_media":56293,"comment_status":"closed","ping_status":"open","sticky":false,"template":"","format":"standard","meta":{"_acf_changed":false,"inline_featured_image":false,"ngg_post_thumbnail":0,"footnotes":""},"categories":[62],"tags":[],"ppma_author":[22604],"class_list":["post-56292","post","type-post","status-publish","format-standard","has-post-thumbnail","hentry","category-stiri"],"acf":[],"yoast_head":"<!-- This site is optimized with the Yoast SEO Premium plugin v25.3 (Yoast SEO v27.4) - https:\/\/yoast.com\/product\/yoast-seo-premium-wordpress\/ -->\n<title>Centrul pentru seniori din Sectorul 6 \u00ee\u0219i suplimenteaz\u0103 locurile - Buletin de Bucure\u0219ti<\/title>\n<meta name=\"robots\" content=\"index, follow, max-snippet:-1, max-image-preview:large, max-video-preview:-1\" \/>\n<link rel=\"canonical\" href=\"https:\/\/buletin.de\/bucuresti\/centrul-pentru-seniori-din-sectorul-6-isi-suplimenteaza-locurile\/\" \/>\n<meta property=\"og:locale\" content=\"en_GB\" \/>\n<meta property=\"og:type\" content=\"article\" \/>\n<meta property=\"og:title\" content=\"Centrul pentru seniori din Sectorul 6 \u00ee\u0219i suplimenteaz\u0103 locurile\" \/>\n<meta property=\"og:description\" content=\"Prim\u0103ria Sectorului 6 a anun\u021bat c\u0103 centrul pentru seniori din Bd. 1 Mai, nr. 15, extinde num\u0103rul de locuri cu 50%. Pe l\u00e2ng\u0103 persoanele \u00eenscrise deja la centru, \u00een ultima perioad\u0103 num\u0103rul \u00eenscrierilor a crescut la 500. \u00cen cadrul centrelor pentru seniori, membrii pot petrece timp de calitate juc\u00e2nd \u0219ah sau remi, f\u0103c\u00e2nd activit\u0103\u021bi sportive [&hellip;]\" \/>\n<meta property=\"og:url\" content=\"https:\/\/buletin.de\/bucuresti\/centrul-pentru-seniori-din-sectorul-6-isi-suplimenteaza-locurile\/\" \/>\n<meta property=\"og:site_name\" content=\"Buletin de Bucure\u0219ti\" \/>\n<meta property=\"article:publisher\" content=\"https:\/\/www.facebook.com\/buletin.de.buc\" \/>\n<meta property=\"article:published_time\" content=\"2023-03-19T14:05:53+00:00\" \/>\n<meta property=\"article:modified_time\" content=\"2023-03-19T16:16:09+00:00\" \/>\n<meta property=\"og:image\" content=\"https:\/\/buletin.de\/bucuresti\/wp-content\/uploads\/337026768_899398447958037_5022049652542841251_n.jpg\" \/>\n\t<meta property=\"og:image:width\" content=\"1024\" \/>\n\t<meta property=\"og:image:height\" content=\"768\" \/>\n\t<meta property=\"og:image:type\" content=\"image\/jpeg\" \/>\n<meta name=\"author\" content=\"Teodora \u0218uta\" \/>\n<meta name=\"twitter:card\" content=\"summary_large_image\" \/>\n<meta name=\"twitter:label1\" content=\"Written by\" \/>\n\t<meta name=\"twitter:data1\" content=\"Teodora \u0218uta\" \/>\n\t<meta name=\"twitter:label2\" content=\"Estimated reading time\" \/>\n\t<meta name=\"twitter:data2\" content=\"2 minutes\" \/>\n<script type=\"application\/ld+json\" class=\"yoast-schema-graph\">{\"@context\":\"https:\\\/\\\/schema.org\",\"@graph\":[{\"@type\":\"Article\",\"@id\":\"https:\\\/\\\/buletin.de\\\/bucuresti\\\/centrul-pentru-seniori-din-sectorul-6-isi-suplimenteaza-locurile\\\/#article\",\"isPartOf\":{\"@id\":\"https:\\\/\\\/buletin.de\\\/bucuresti\\\/centrul-pentru-seniori-din-sectorul-6-isi-suplimenteaza-locurile\\\/\"},\"author\":{\"name\":\"Teodora \u0218uta\",\"@id\":\"https:\\\/\\\/buletin.de\\\/bucuresti\\\/#\\\/schema\\\/person\\\/5d54908fa90ab7ad3b2e88152efd6845\"},\"headline\":\"Centrul pentru seniori din Sectorul 6 \u00ee\u0219i suplimenteaz\u0103 locurile\",\"datePublished\":\"2023-03-19T14:05:53+00:00\",\"dateModified\":\"2023-03-19T16:16:09+00:00\",\"mainEntityOfPage\":{\"@id\":\"https:\\\/\\\/buletin.de\\\/bucuresti\\\/centrul-pentru-seniori-din-sectorul-6-isi-suplimenteaza-locurile\\\/\"},\"wordCount\":263,\"publisher\":{\"@id\":\"https:\\\/\\\/buletin.de\\\/bucuresti\\\/#organization\"},\"image\":{\"@id\":\"https:\\\/\\\/buletin.de\\\/bucuresti\\\/centrul-pentru-seniori-din-sectorul-6-isi-suplimenteaza-locurile\\\/#primaryimage\"},\"thumbnailUrl\":\"https:\\\/\\\/buletin.de\\\/bucuresti\\\/wp-content\\\/uploads\\\/337026768_899398447958037_5022049652542841251_n.jpg\",\"articleSection\":[\"\u0218tiri\"],\"inLanguage\":\"en-GB\",\"copyrightYear\":\"2023\",\"copyrightHolder\":{\"@id\":\"https:\\\/\\\/buletin.de\\\/bucuresti\\\/#organization\"}},{\"@type\":\"WebPage\",\"@id\":\"https:\\\/\\\/buletin.de\\\/bucuresti\\\/centrul-pentru-seniori-din-sectorul-6-isi-suplimenteaza-locurile\\\/\",\"url\":\"https:\\\/\\\/buletin.de\\\/bucuresti\\\/centrul-pentru-seniori-din-sectorul-6-isi-suplimenteaza-locurile\\\/\",\"name\":\"Centrul pentru seniori din Sectorul 6 \u00ee\u0219i suplimenteaz\u0103 locurile - Buletin de Bucure\u0219ti\",\"isPartOf\":{\"@id\":\"https:\\\/\\\/buletin.de\\\/bucuresti\\\/#website\"},\"primaryImageOfPage\":{\"@id\":\"https:\\\/\\\/buletin.de\\\/bucuresti\\\/centrul-pentru-seniori-din-sectorul-6-isi-suplimenteaza-locurile\\\/#primaryimage\"},\"image\":{\"@id\":\"https:\\\/\\\/buletin.de\\\/bucuresti\\\/centrul-pentru-seniori-din-sectorul-6-isi-suplimenteaza-locurile\\\/#primaryimage\"},\"thumbnailUrl\":\"https:\\\/\\\/buletin.de\\\/bucuresti\\\/wp-content\\\/uploads\\\/337026768_899398447958037_5022049652542841251_n.jpg\",\"datePublished\":\"2023-03-19T14:05:53+00:00\",\"dateModified\":\"2023-03-19T16:16:09+00:00\",\"breadcrumb\":{\"@id\":\"https:\\\/\\\/buletin.de\\\/bucuresti\\\/centrul-pentru-seniori-din-sectorul-6-isi-suplimenteaza-locurile\\\/#breadcrumb\"},\"inLanguage\":\"en-GB\",\"potentialAction\":[{\"@type\":\"ReadAction\",\"target\":[\"https:\\\/\\\/buletin.de\\\/bucuresti\\\/centrul-pentru-seniori-din-sectorul-6-isi-suplimenteaza-locurile\\\/\"]}]},{\"@type\":\"ImageObject\",\"inLanguage\":\"en-GB\",\"@id\":\"https:\\\/\\\/buletin.de\\\/bucuresti\\\/centrul-pentru-seniori-din-sectorul-6-isi-suplimenteaza-locurile\\\/#primaryimage\",\"url\":\"https:\\\/\\\/buletin.de\\\/bucuresti\\\/wp-content\\\/uploads\\\/337026768_899398447958037_5022049652542841251_n.jpg\",\"contentUrl\":\"https:\\\/\\\/buletin.de\\\/bucuresti\\\/wp-content\\\/uploads\\\/337026768_899398447958037_5022049652542841251_n.jpg\",\"width\":1024,\"height\":768},{\"@type\":\"BreadcrumbList\",\"@id\":\"https:\\\/\\\/buletin.de\\\/bucuresti\\\/centrul-pentru-seniori-din-sectorul-6-isi-suplimenteaza-locurile\\\/#breadcrumb\",\"itemListElement\":[{\"@type\":\"ListItem\",\"position\":1,\"name\":\"Acas\u0103\",\"item\":\"https:\\\/\\\/buletin.de\\\/bucuresti\\\/\"},{\"@type\":\"ListItem\",\"position\":2,\"name\":\"Centrul pentru seniori din Sectorul 6 \u00ee\u0219i suplimenteaz\u0103 locurile\"}]},{\"@type\":\"WebSite\",\"@id\":\"https:\\\/\\\/buletin.de\\\/bucuresti\\\/#website\",\"url\":\"https:\\\/\\\/buletin.de\\\/bucuresti\\\/\",\"name\":\"Buletin de Bucure\u0219ti\",\"description\":\"\u0218tiri \u0219i investiga\u021bii esen\u021biale din capital\u0103\",\"publisher\":{\"@id\":\"https:\\\/\\\/buletin.de\\\/bucuresti\\\/#organization\"},\"potentialAction\":[{\"@type\":\"SearchAction\",\"target\":{\"@type\":\"EntryPoint\",\"urlTemplate\":\"https:\\\/\\\/buletin.de\\\/bucuresti\\\/?s={search_term_string}\"},\"query-input\":{\"@type\":\"PropertyValueSpecification\",\"valueRequired\":true,\"valueName\":\"search_term_string\"}}],\"inLanguage\":\"en-GB\"},{\"@type\":\"Organization\",\"@id\":\"https:\\\/\\\/buletin.de\\\/bucuresti\\\/#organization\",\"name\":\"Buletin de Bucure\u0219ti\",\"url\":\"https:\\\/\\\/buletin.de\\\/bucuresti\\\/\",\"logo\":{\"@type\":\"ImageObject\",\"inLanguage\":\"en-GB\",\"@id\":\"https:\\\/\\\/buletin.de\\\/bucuresti\\\/#\\\/schema\\\/logo\\\/image\\\/\",\"url\":\"https:\\\/\\\/buletin.de\\\/bucuresti\\\/wp-content\\\/uploads\\\/logo-bdb-full-wide-vernil-transparent.png\",\"contentUrl\":\"https:\\\/\\\/buletin.de\\\/bucuresti\\\/wp-content\\\/uploads\\\/logo-bdb-full-wide-vernil-transparent.png\",\"width\":1782,\"height\":626,\"caption\":\"Buletin de Bucure\u0219ti\"},\"image\":{\"@id\":\"https:\\\/\\\/buletin.de\\\/bucuresti\\\/#\\\/schema\\\/logo\\\/image\\\/\"},\"sameAs\":[\"https:\\\/\\\/www.facebook.com\\\/buletin.de.buc\",\"https:\\\/\\\/www.instagram.com\\\/buletinde.bucuresti\\\/\"]},{\"@type\":\"Person\",\"@id\":\"https:\\\/\\\/buletin.de\\\/bucuresti\\\/#\\\/schema\\\/person\\\/5d54908fa90ab7ad3b2e88152efd6845\",\"name\":\"Teodora \u0218uta\",\"image\":{\"@type\":\"ImageObject\",\"inLanguage\":\"en-GB\",\"@id\":\"https:\\\/\\\/secure.gravatar.com\\\/avatar\\\/0c709226af9845d97b126aa0aa80ab42778847ec3d11d741016b74a61174088d?s=96&d=monsterid&r=gf2e0c6a01d766272c6fa8af9e494be28\",\"url\":\"https:\\\/\\\/secure.gravatar.com\\\/avatar\\\/0c709226af9845d97b126aa0aa80ab42778847ec3d11d741016b74a61174088d?s=96&d=monsterid&r=g\",\"contentUrl\":\"https:\\\/\\\/secure.gravatar.com\\\/avatar\\\/0c709226af9845d97b126aa0aa80ab42778847ec3d11d741016b74a61174088d?s=96&d=monsterid&r=g\",\"caption\":\"Teodora \u0218uta\"},\"url\":\"https:\\\/\\\/buletin.de\\\/bucuresti\\\/author\\\/mariasuta\\\/\"}]}<\/script>\n<!-- \/ Yoast SEO Premium plugin. -->","yoast_head_json":{"title":"Centrul pentru seniori din Sectorul 6 \u00ee\u0219i suplimenteaz\u0103 locurile - Buletin de Bucure\u0219ti","robots":{"index":"index","follow":"follow","max-snippet":"max-snippet:-1","max-image-preview":"max-image-preview:large","max-video-preview":"max-video-preview:-1"},"canonical":"https:\/\/buletin.de\/bucuresti\/centrul-pentru-seniori-din-sectorul-6-isi-suplimenteaza-locurile\/","og_locale":"en_GB","og_type":"article","og_title":"Centrul pentru seniori din Sectorul 6 \u00ee\u0219i suplimenteaz\u0103 locurile","og_description":"Prim\u0103ria Sectorului 6 a anun\u021bat c\u0103 centrul pentru seniori din Bd. 1 Mai, nr. 15, extinde num\u0103rul de locuri cu 50%. Pe l\u00e2ng\u0103 persoanele \u00eenscrise deja la centru, \u00een ultima perioad\u0103 num\u0103rul \u00eenscrierilor a crescut la 500. \u00cen cadrul centrelor pentru seniori, membrii pot petrece timp de calitate juc\u00e2nd \u0219ah sau remi, f\u0103c\u00e2nd activit\u0103\u021bi sportive [&hellip;]","og_url":"https:\/\/buletin.de\/bucuresti\/centrul-pentru-seniori-din-sectorul-6-isi-suplimenteaza-locurile\/","og_site_name":"Buletin de Bucure\u0219ti","article_publisher":"https:\/\/www.facebook.com\/buletin.de.buc","article_published_time":"2023-03-19T14:05:53+00:00","article_modified_time":"2023-03-19T16:16:09+00:00","og_image":[{"width":1024,"height":768,"url":"https:\/\/buletin.de\/bucuresti\/wp-content\/uploads\/337026768_899398447958037_5022049652542841251_n.jpg","type":"image\/jpeg"}],"author":"Teodora \u0218uta","twitter_card":"summary_large_image","twitter_misc":{"Written by":"Teodora \u0218uta","Estimated reading time":"2 minutes"},"schema":{"@context":"https:\/\/schema.org","@graph":[{"@type":"Article","@id":"https:\/\/buletin.de\/bucuresti\/centrul-pentru-seniori-din-sectorul-6-isi-suplimenteaza-locurile\/#article","isPartOf":{"@id":"https:\/\/buletin.de\/bucuresti\/centrul-pentru-seniori-din-sectorul-6-isi-suplimenteaza-locurile\/"},"author":{"name":"Teodora \u0218uta","@id":"https:\/\/buletin.de\/bucuresti\/#\/schema\/person\/5d54908fa90ab7ad3b2e88152efd6845"},"headline":"Centrul pentru seniori din Sectorul 6 \u00ee\u0219i suplimenteaz\u0103 locurile","datePublished":"2023-03-19T14:05:53+00:00","dateModified":"2023-03-19T16:16:09+00:00","mainEntityOfPage":{"@id":"https:\/\/buletin.de\/bucuresti\/centrul-pentru-seniori-din-sectorul-6-isi-suplimenteaza-locurile\/"},"wordCount":263,"publisher":{"@id":"https:\/\/buletin.de\/bucuresti\/#organization"},"image":{"@id":"https:\/\/buletin.de\/bucuresti\/centrul-pentru-seniori-din-sectorul-6-isi-suplimenteaza-locurile\/#primaryimage"},"thumbnailUrl":"https:\/\/buletin.de\/bucuresti\/wp-content\/uploads\/337026768_899398447958037_5022049652542841251_n.jpg","articleSection":["\u0218tiri"],"inLanguage":"en-GB","copyrightYear":"2023","copyrightHolder":{"@id":"https:\/\/buletin.de\/bucuresti\/#organization"}},{"@type":"WebPage","@id":"https:\/\/buletin.de\/bucuresti\/centrul-pentru-seniori-din-sectorul-6-isi-suplimenteaza-locurile\/","url":"https:\/\/buletin.de\/bucuresti\/centrul-pentru-seniori-din-sectorul-6-isi-suplimenteaza-locurile\/","name":"Centrul pentru seniori din Sectorul 6 \u00ee\u0219i suplimenteaz\u0103 locurile - Buletin de Bucure\u0219ti","isPartOf":{"@id":"https:\/\/buletin.de\/bucuresti\/#website"},"primaryImageOfPage":{"@id":"https:\/\/buletin.de\/bucuresti\/centrul-pentru-seniori-din-sectorul-6-isi-suplimenteaza-locurile\/#primaryimage"},"image":{"@id":"https:\/\/buletin.de\/bucuresti\/centrul-pentru-seniori-din-sectorul-6-isi-suplimenteaza-locurile\/#primaryimage"},"thumbnailUrl":"https:\/\/buletin.de\/bucuresti\/wp-content\/uploads\/337026768_899398447958037_5022049652542841251_n.jpg","datePublished":"2023-03-19T14:05:53+00:00","dateModified":"2023-03-19T16:16:09+00:00","breadcrumb":{"@id":"https:\/\/buletin.de\/bucuresti\/centrul-pentru-seniori-din-sectorul-6-isi-suplimenteaza-locurile\/#breadcrumb"},"inLanguage":"en-GB","potentialAction":[{"@type":"ReadAction","target":["https:\/\/buletin.de\/bucuresti\/centrul-pentru-seniori-din-sectorul-6-isi-suplimenteaza-locurile\/"]}]},{"@type":"ImageObject","inLanguage":"en-GB","@id":"https:\/\/buletin.de\/bucuresti\/centrul-pentru-seniori-din-sectorul-6-isi-suplimenteaza-locurile\/#primaryimage","url":"https:\/\/buletin.de\/bucuresti\/wp-content\/uploads\/337026768_899398447958037_5022049652542841251_n.jpg","contentUrl":"https:\/\/buletin.de\/bucuresti\/wp-content\/uploads\/337026768_899398447958037_5022049652542841251_n.jpg","width":1024,"height":768},{"@type":"BreadcrumbList","@id":"https:\/\/buletin.de\/bucuresti\/centrul-pentru-seniori-din-sectorul-6-isi-suplimenteaza-locurile\/#breadcrumb","itemListElement":[{"@type":"ListItem","position":1,"name":"Acas\u0103","item":"https:\/\/buletin.de\/bucuresti\/"},{"@type":"ListItem","position":2,"name":"Centrul pentru seniori din Sectorul 6 \u00ee\u0219i suplimenteaz\u0103 locurile"}]},{"@type":"WebSite","@id":"https:\/\/buletin.de\/bucuresti\/#website","url":"https:\/\/buletin.de\/bucuresti\/","name":"Buletin de Bucure\u0219ti","description":"\u0218tiri \u0219i investiga\u021bii esen\u021biale din capital\u0103","publisher":{"@id":"https:\/\/buletin.de\/bucuresti\/#organization"},"potentialAction":[{"@type":"SearchAction","target":{"@type":"EntryPoint","urlTemplate":"https:\/\/buletin.de\/bucuresti\/?s={search_term_string}"},"query-input":{"@type":"PropertyValueSpecification","valueRequired":true,"valueName":"search_term_string"}}],"inLanguage":"en-GB"},{"@type":"Organization","@id":"https:\/\/buletin.de\/bucuresti\/#organization","name":"Buletin de Bucure\u0219ti","url":"https:\/\/buletin.de\/bucuresti\/","logo":{"@type":"ImageObject","inLanguage":"en-GB","@id":"https:\/\/buletin.de\/bucuresti\/#\/schema\/logo\/image\/","url":"https:\/\/buletin.de\/bucuresti\/wp-content\/uploads\/logo-bdb-full-wide-vernil-transparent.png","contentUrl":"https:\/\/buletin.de\/bucuresti\/wp-content\/uploads\/logo-bdb-full-wide-vernil-transparent.png","width":1782,"height":626,"caption":"Buletin de Bucure\u0219ti"},"image":{"@id":"https:\/\/buletin.de\/bucuresti\/#\/schema\/logo\/image\/"},"sameAs":["https:\/\/www.facebook.com\/buletin.de.buc","https:\/\/www.instagram.com\/buletinde.bucuresti\/"]},{"@type":"Person","@id":"https:\/\/buletin.de\/bucuresti\/#\/schema\/person\/5d54908fa90ab7ad3b2e88152efd6845","name":"Teodora \u0218uta","image":{"@type":"ImageObject","inLanguage":"en-GB","@id":"https:\/\/secure.gravatar.com\/avatar\/0c709226af9845d97b126aa0aa80ab42778847ec3d11d741016b74a61174088d?s=96&d=monsterid&r=gf2e0c6a01d766272c6fa8af9e494be28","url":"https:\/\/secure.gravatar.com\/avatar\/0c709226af9845d97b126aa0aa80ab42778847ec3d11d741016b74a61174088d?s=96&d=monsterid&r=g","contentUrl":"https:\/\/secure.gravatar.com\/avatar\/0c709226af9845d97b126aa0aa80ab42778847ec3d11d741016b74a61174088d?s=96&d=monsterid&r=g","caption":"Teodora \u0218uta"},"url":"https:\/\/buletin.de\/bucuresti\/author\/mariasuta\/"}]}},"authors":[{"term_id":22604,"user_id":45,"is_guest":0,"slug":"mariasuta","display_name":"Teodora \u0218uta","avatar_url":"https:\/\/secure.gravatar.com\/avatar\/0c709226af9845d97b126aa0aa80ab42778847ec3d11d741016b74a61174088d?s=96&d=monsterid&r=g","0":null,"1":"","2":"","3":"","4":"","5":"","6":"","7":"","8":""}],"_links":{"self":[{"href":"https:\/\/buletin.de\/bucuresti\/wp-json\/wp\/v2\/posts\/56292","targetHints":{"allow":["GET"]}}],"collection":[{"href":"https:\/\/buletin.de\/bucuresti\/wp-json\/wp\/v2\/posts"}],"about":[{"href":"https:\/\/buletin.de\/bucuresti\/wp-json\/wp\/v2\/types\/post"}],"author":[{"embeddable":true,"href":"https:\/\/buletin.de\/bucuresti\/wp-json\/wp\/v2\/users\/45"}],"replies":[{"embeddable":true,"href":"https:\/\/buletin.de\/bucuresti\/wp-json\/wp\/v2\/comments?post=56292"}],"version-history":[{"count":1,"href":"https:\/\/buletin.de\/bucuresti\/wp-json\/wp\/v2\/posts\/56292\/revisions"}],"predecessor-version":[{"id":56294,"href":"https:\/\/buletin.de\/bucuresti\/wp-json\/wp\/v2\/posts\/56292\/revisions\/56294"}],"wp:featuredmedia":[{"embeddable":true,"href":"https:\/\/buletin.de\/bucuresti\/wp-json\/wp\/v2\/media\/56293"}],"wp:attachment":[{"href":"https:\/\/buletin.de\/bucuresti\/wp-json\/wp\/v2\/media?parent=56292"}],"wp:term":[{"taxonomy":"category","embeddable":true,"href":"https:\/\/buletin.de\/bucuresti\/wp-json\/wp\/v2\/categories?post=56292"},{"taxonomy":"post_tag","embeddable":true,"href":"https:\/\/buletin.de\/bucuresti\/wp-json\/wp\/v2\/tags?post=56292"},{"taxonomy":"author","embeddable":true,"href":"https:\/\/buletin.de\/bucuresti\/wp-json\/wp\/v2\/ppma_author?post=56292"}],"curies":[{"name":"wp","href":"https:\/\/api.w.org\/{rel}","templated":true}]}}