{"id":56149,"date":"2023-03-16T20:26:15","date_gmt":"2023-03-16T18:26:15","guid":{"rendered":"https:\/\/buletin.de\/bucuresti\/?p=56149"},"modified":"2023-03-16T20:27:55","modified_gmt":"2023-03-16T18:27:55","slug":"25-de-milioane-de-lei-pentru-modernizarea-iluminatului-public-din-capitala","status":"publish","type":"post","link":"https:\/\/buletin.de\/bucuresti\/25-de-milioane-de-lei-pentru-modernizarea-iluminatului-public-din-capitala\/","title":{"rendered":"25 de milioane de lei pentru modernizarea iluminatului public din Capital\u0103"},"content":{"rendered":"\n<p>Prim\u0103ria Bucure\u0219ti a ob\u021binut finan\u021bare de la Administra\u021bia Fondului de Mediu pentru modernizarea sistemului de iluminat public din Capital\u0103. Finan\u021barea de 25 de miloane de lei, neramburabil\u0103, va acoperi costurile de implementare a unui sistem nou de gestiune si a folosirii tehnologiei LED. <\/p>\n\n\n\n<p>&#8220;Vom pl\u0103ti facturi mai mici la energia electric\u0103 consumat\u0103 pentru iluminatul stradal&#8221;, sus\u021bine primarul general care, pe pagina sa de Facebook, a anun\u021bat proiectul.<\/p>\n\n\n\n<p>Iluminatul stradal va fi modernizat pe 15 artere, : Drumul Taberei, Bra\u0219ov, Virtu\u021bii, Cr\u00e2nga\u0219i, Turda, Averescu, M\u0103r\u0103\u0219ti, Sibiu, Drumul S\u0103rii, 1 Mai, Camil Ressu, Theodor Pallady, Ion Mihalache, Calea Grivi\u021bei si Bd. Bucure\u0219tii Noi. <\/p>\n\n\n\n<p>Proiectul presupune eficientizarea \u0219i modernizarea sistemului  prin implementarea sistemului de telegestiune \u0219i utilizarea aparatelor cu tehnologie LED pe urm\u0103toarele 15 artere: Drumul Taberei, Bra\u0219ov, Virtu\u021bii, Cr\u00e2nga\u0219i, Turda, Averescu, M\u0103r\u0103\u0219ti, Sibiu, Drumul S\u0103rii, 1 Mai, Camil Ressu, Theodor Pallady, Ion Mihalache, Calea Grivi\u021bei si Bd. Bucure\u0219tii Noi.<\/p>\n\n\n\n<p>Prim\u0103ria Capitalei a depus proiecte la AFM \u0219i pentru alte 34 de artere, modernizare ce ar urma s\u0103 coste 50 de milioane de lei.<\/p>\n\n\n\n<p>&#8220;Prin investi\u021biile realizate cu aceste finan\u021b\u0103ri nerambursabile, vom \u00eenlocui 10% din iluminatul public din Bucure\u0219ti \u2013 aproape 13.000 de corpuri de iluminat, ceea ce presupune \u0219i reducerea cheltuielilor cu iluminatul public cu peste 10 milioane lei&#8221;, a explicat edilul general de ce este important\u0103 aceast\u0103 investi\u021bie. <\/p>\n\n\n\n<p>Modernizarea sistemului de iluminat va contribui la cre\u0219terea siguran\u021bei cet\u0103\u021benilor \u0219i a traficului auto pe timpul nop\u021bii.<\/p>\n\n\n\n<p>\u00cen bugetul pe 2023, PMB a prev\u0103zut 128 de milioane de lei pentru iluminarul public.<\/p>\n\n\n\n<p><\/p>\n\n\n\n<p>sursa foto cover Facebook Nicu\u0219or Dan<\/p>\n","protected":false},"excerpt":{"rendered":"<p>Prim\u0103ria Bucure\u0219ti a ob\u021binut finan\u021bare de la Administra\u021bia Fondului de Mediu pentru modernizarea sistemului de iluminat public din Capital\u0103. Finan\u021barea de 25 de miloane de lei, neramburabil\u0103, va acoperi costurile de implementare a unui sistem nou de gestiune si a folosirii tehnologiei LED. &#8220;Vom pl\u0103ti facturi mai mici la energia electric\u0103 consumat\u0103 pentru iluminatul stradal&#8221;, [&hellip;]<\/p>\n","protected":false},"author":18,"featured_media":56150,"comment_status":"closed","ping_status":"open","sticky":false,"template":"","format":"standard","meta":{"_acf_changed":false,"inline_featured_image":false,"ngg_post_thumbnail":0,"footnotes":""},"categories":[3419,62],"tags":[9,1289,5574],"ppma_author":[22579],"class_list":["post-56149","post","type-post","status-publish","format-standard","has-post-thumbnail","hentry","category-featured","category-stiri","tag-bucuresti","tag-iluminat","tag-sistem"],"acf":[],"yoast_head":"<!-- This site is optimized with the Yoast SEO Premium plugin v25.3 (Yoast SEO v27.4) - https:\/\/yoast.com\/product\/yoast-seo-premium-wordpress\/ -->\n<title>25 de milioane de lei pentru modernizarea iluminatului public din Capital\u0103 - Buletin de Bucure\u0219ti<\/title>\n<meta name=\"robots\" content=\"index, follow, max-snippet:-1, max-image-preview:large, max-video-preview:-1\" \/>\n<link rel=\"canonical\" href=\"https:\/\/buletin.de\/bucuresti\/25-de-milioane-de-lei-pentru-modernizarea-iluminatului-public-din-capitala\/\" \/>\n<meta property=\"og:locale\" content=\"en_GB\" \/>\n<meta property=\"og:type\" content=\"article\" \/>\n<meta property=\"og:title\" content=\"25 de milioane de lei pentru modernizarea iluminatului public din Capital\u0103\" \/>\n<meta property=\"og:description\" content=\"Prim\u0103ria Bucure\u0219ti a ob\u021binut finan\u021bare de la Administra\u021bia Fondului de Mediu pentru modernizarea sistemului de iluminat public din Capital\u0103. Finan\u021barea de 25 de miloane de lei, neramburabil\u0103, va acoperi costurile de implementare a unui sistem nou de gestiune si a folosirii tehnologiei LED. &#8220;Vom pl\u0103ti facturi mai mici la energia electric\u0103 consumat\u0103 pentru iluminatul stradal&#8221;, [&hellip;]\" \/>\n<meta property=\"og:url\" content=\"https:\/\/buletin.de\/bucuresti\/25-de-milioane-de-lei-pentru-modernizarea-iluminatului-public-din-capitala\/\" \/>\n<meta property=\"og:site_name\" content=\"Buletin de Bucure\u0219ti\" \/>\n<meta property=\"article:publisher\" content=\"https:\/\/www.facebook.com\/buletin.de.buc\" \/>\n<meta property=\"article:published_time\" content=\"2023-03-16T18:26:15+00:00\" \/>\n<meta property=\"article:modified_time\" content=\"2023-03-16T18:27:55+00:00\" \/>\n<meta property=\"og:image\" content=\"https:\/\/buletin.de\/bucuresti\/wp-content\/uploads\/336646867_230053532869926_1731344930154472785_n.jpg\" \/>\n\t<meta property=\"og:image:width\" content=\"1600\" \/>\n\t<meta property=\"og:image:height\" content=\"944\" \/>\n\t<meta property=\"og:image:type\" content=\"image\/jpeg\" \/>\n<meta name=\"author\" content=\"Teodora Stroe\" \/>\n<meta name=\"twitter:card\" content=\"summary_large_image\" \/>\n<meta name=\"twitter:label1\" content=\"Written by\" \/>\n\t<meta name=\"twitter:data1\" content=\"Teodora Stroe\" \/>\n\t<meta name=\"twitter:label2\" content=\"Estimated reading time\" \/>\n\t<meta name=\"twitter:data2\" content=\"2 minutes\" \/>\n<script type=\"application\/ld+json\" class=\"yoast-schema-graph\">{\"@context\":\"https:\\\/\\\/schema.org\",\"@graph\":[{\"@type\":\"Article\",\"@id\":\"https:\\\/\\\/buletin.de\\\/bucuresti\\\/25-de-milioane-de-lei-pentru-modernizarea-iluminatului-public-din-capitala\\\/#article\",\"isPartOf\":{\"@id\":\"https:\\\/\\\/buletin.de\\\/bucuresti\\\/25-de-milioane-de-lei-pentru-modernizarea-iluminatului-public-din-capitala\\\/\"},\"author\":{\"name\":\"Teodora Stroe\",\"@id\":\"https:\\\/\\\/buletin.de\\\/bucuresti\\\/#\\\/schema\\\/person\\\/d369d7ddc775abece205795e0b804614\"},\"headline\":\"25 de milioane de lei pentru modernizarea iluminatului public din Capital\u0103\",\"datePublished\":\"2023-03-16T18:26:15+00:00\",\"dateModified\":\"2023-03-16T18:27:55+00:00\",\"mainEntityOfPage\":{\"@id\":\"https:\\\/\\\/buletin.de\\\/bucuresti\\\/25-de-milioane-de-lei-pentru-modernizarea-iluminatului-public-din-capitala\\\/\"},\"wordCount\":290,\"publisher\":{\"@id\":\"https:\\\/\\\/buletin.de\\\/bucuresti\\\/#organization\"},\"image\":{\"@id\":\"https:\\\/\\\/buletin.de\\\/bucuresti\\\/25-de-milioane-de-lei-pentru-modernizarea-iluminatului-public-din-capitala\\\/#primaryimage\"},\"thumbnailUrl\":\"https:\\\/\\\/buletin.de\\\/bucuresti\\\/wp-content\\\/uploads\\\/336646867_230053532869926_1731344930154472785_n.jpg\",\"keywords\":[\"bucuresti\",\"iluminat\",\"sistem\"],\"articleSection\":[\"Featured\",\"\u0218tiri\"],\"inLanguage\":\"en-GB\",\"copyrightYear\":\"2023\",\"copyrightHolder\":{\"@id\":\"https:\\\/\\\/buletin.de\\\/bucuresti\\\/#organization\"}},{\"@type\":\"WebPage\",\"@id\":\"https:\\\/\\\/buletin.de\\\/bucuresti\\\/25-de-milioane-de-lei-pentru-modernizarea-iluminatului-public-din-capitala\\\/\",\"url\":\"https:\\\/\\\/buletin.de\\\/bucuresti\\\/25-de-milioane-de-lei-pentru-modernizarea-iluminatului-public-din-capitala\\\/\",\"name\":\"25 de milioane de lei pentru modernizarea iluminatului public din Capital\u0103 - Buletin de Bucure\u0219ti\",\"isPartOf\":{\"@id\":\"https:\\\/\\\/buletin.de\\\/bucuresti\\\/#website\"},\"primaryImageOfPage\":{\"@id\":\"https:\\\/\\\/buletin.de\\\/bucuresti\\\/25-de-milioane-de-lei-pentru-modernizarea-iluminatului-public-din-capitala\\\/#primaryimage\"},\"image\":{\"@id\":\"https:\\\/\\\/buletin.de\\\/bucuresti\\\/25-de-milioane-de-lei-pentru-modernizarea-iluminatului-public-din-capitala\\\/#primaryimage\"},\"thumbnailUrl\":\"https:\\\/\\\/buletin.de\\\/bucuresti\\\/wp-content\\\/uploads\\\/336646867_230053532869926_1731344930154472785_n.jpg\",\"datePublished\":\"2023-03-16T18:26:15+00:00\",\"dateModified\":\"2023-03-16T18:27:55+00:00\",\"breadcrumb\":{\"@id\":\"https:\\\/\\\/buletin.de\\\/bucuresti\\\/25-de-milioane-de-lei-pentru-modernizarea-iluminatului-public-din-capitala\\\/#breadcrumb\"},\"inLanguage\":\"en-GB\",\"potentialAction\":[{\"@type\":\"ReadAction\",\"target\":[\"https:\\\/\\\/buletin.de\\\/bucuresti\\\/25-de-milioane-de-lei-pentru-modernizarea-iluminatului-public-din-capitala\\\/\"]}]},{\"@type\":\"ImageObject\",\"inLanguage\":\"en-GB\",\"@id\":\"https:\\\/\\\/buletin.de\\\/bucuresti\\\/25-de-milioane-de-lei-pentru-modernizarea-iluminatului-public-din-capitala\\\/#primaryimage\",\"url\":\"https:\\\/\\\/buletin.de\\\/bucuresti\\\/wp-content\\\/uploads\\\/336646867_230053532869926_1731344930154472785_n.jpg\",\"contentUrl\":\"https:\\\/\\\/buletin.de\\\/bucuresti\\\/wp-content\\\/uploads\\\/336646867_230053532869926_1731344930154472785_n.jpg\",\"width\":1600,\"height\":944},{\"@type\":\"BreadcrumbList\",\"@id\":\"https:\\\/\\\/buletin.de\\\/bucuresti\\\/25-de-milioane-de-lei-pentru-modernizarea-iluminatului-public-din-capitala\\\/#breadcrumb\",\"itemListElement\":[{\"@type\":\"ListItem\",\"position\":1,\"name\":\"Acas\u0103\",\"item\":\"https:\\\/\\\/buletin.de\\\/bucuresti\\\/\"},{\"@type\":\"ListItem\",\"position\":2,\"name\":\"25 de milioane de lei pentru modernizarea iluminatului public din Capital\u0103\"}]},{\"@type\":\"WebSite\",\"@id\":\"https:\\\/\\\/buletin.de\\\/bucuresti\\\/#website\",\"url\":\"https:\\\/\\\/buletin.de\\\/bucuresti\\\/\",\"name\":\"Buletin de Bucure\u0219ti\",\"description\":\"\u0218tiri \u0219i investiga\u021bii esen\u021biale din capital\u0103\",\"publisher\":{\"@id\":\"https:\\\/\\\/buletin.de\\\/bucuresti\\\/#organization\"},\"potentialAction\":[{\"@type\":\"SearchAction\",\"target\":{\"@type\":\"EntryPoint\",\"urlTemplate\":\"https:\\\/\\\/buletin.de\\\/bucuresti\\\/?s={search_term_string}\"},\"query-input\":{\"@type\":\"PropertyValueSpecification\",\"valueRequired\":true,\"valueName\":\"search_term_string\"}}],\"inLanguage\":\"en-GB\"},{\"@type\":\"Organization\",\"@id\":\"https:\\\/\\\/buletin.de\\\/bucuresti\\\/#organization\",\"name\":\"Buletin de Bucure\u0219ti\",\"url\":\"https:\\\/\\\/buletin.de\\\/bucuresti\\\/\",\"logo\":{\"@type\":\"ImageObject\",\"inLanguage\":\"en-GB\",\"@id\":\"https:\\\/\\\/buletin.de\\\/bucuresti\\\/#\\\/schema\\\/logo\\\/image\\\/\",\"url\":\"https:\\\/\\\/buletin.de\\\/bucuresti\\\/wp-content\\\/uploads\\\/logo-bdb-full-wide-vernil-transparent.png\",\"contentUrl\":\"https:\\\/\\\/buletin.de\\\/bucuresti\\\/wp-content\\\/uploads\\\/logo-bdb-full-wide-vernil-transparent.png\",\"width\":1782,\"height\":626,\"caption\":\"Buletin de Bucure\u0219ti\"},\"image\":{\"@id\":\"https:\\\/\\\/buletin.de\\\/bucuresti\\\/#\\\/schema\\\/logo\\\/image\\\/\"},\"sameAs\":[\"https:\\\/\\\/www.facebook.com\\\/buletin.de.buc\",\"https:\\\/\\\/www.instagram.com\\\/buletinde.bucuresti\\\/\"]},{\"@type\":\"Person\",\"@id\":\"https:\\\/\\\/buletin.de\\\/bucuresti\\\/#\\\/schema\\\/person\\\/d369d7ddc775abece205795e0b804614\",\"name\":\"Teodora Stroe\",\"image\":{\"@type\":\"ImageObject\",\"inLanguage\":\"en-GB\",\"@id\":\"https:\\\/\\\/secure.gravatar.com\\\/avatar\\\/2560b4cd9f5f1bc100b123158e657d75584bd1c3e1d9c69285720b9457c1b78d?s=96&d=monsterid&r=gc104800242ba5f2d78dd5d7dc4df08b6\",\"url\":\"https:\\\/\\\/secure.gravatar.com\\\/avatar\\\/2560b4cd9f5f1bc100b123158e657d75584bd1c3e1d9c69285720b9457c1b78d?s=96&d=monsterid&r=g\",\"contentUrl\":\"https:\\\/\\\/secure.gravatar.com\\\/avatar\\\/2560b4cd9f5f1bc100b123158e657d75584bd1c3e1d9c69285720b9457c1b78d?s=96&d=monsterid&r=g\",\"caption\":\"Teodora Stroe\"},\"url\":\"https:\\\/\\\/buletin.de\\\/bucuresti\\\/author\\\/simonacarlugea\\\/\"}]}<\/script>\n<!-- \/ Yoast SEO Premium plugin. -->","yoast_head_json":{"title":"25 de milioane de lei pentru modernizarea iluminatului public din Capital\u0103 - Buletin de Bucure\u0219ti","robots":{"index":"index","follow":"follow","max-snippet":"max-snippet:-1","max-image-preview":"max-image-preview:large","max-video-preview":"max-video-preview:-1"},"canonical":"https:\/\/buletin.de\/bucuresti\/25-de-milioane-de-lei-pentru-modernizarea-iluminatului-public-din-capitala\/","og_locale":"en_GB","og_type":"article","og_title":"25 de milioane de lei pentru modernizarea iluminatului public din Capital\u0103","og_description":"Prim\u0103ria Bucure\u0219ti a ob\u021binut finan\u021bare de la Administra\u021bia Fondului de Mediu pentru modernizarea sistemului de iluminat public din Capital\u0103. Finan\u021barea de 25 de miloane de lei, neramburabil\u0103, va acoperi costurile de implementare a unui sistem nou de gestiune si a folosirii tehnologiei LED. &#8220;Vom pl\u0103ti facturi mai mici la energia electric\u0103 consumat\u0103 pentru iluminatul stradal&#8221;, [&hellip;]","og_url":"https:\/\/buletin.de\/bucuresti\/25-de-milioane-de-lei-pentru-modernizarea-iluminatului-public-din-capitala\/","og_site_name":"Buletin de Bucure\u0219ti","article_publisher":"https:\/\/www.facebook.com\/buletin.de.buc","article_published_time":"2023-03-16T18:26:15+00:00","article_modified_time":"2023-03-16T18:27:55+00:00","og_image":[{"width":1600,"height":944,"url":"https:\/\/buletin.de\/bucuresti\/wp-content\/uploads\/336646867_230053532869926_1731344930154472785_n.jpg","type":"image\/jpeg"}],"author":"Teodora Stroe","twitter_card":"summary_large_image","twitter_misc":{"Written by":"Teodora Stroe","Estimated reading time":"2 minutes"},"schema":{"@context":"https:\/\/schema.org","@graph":[{"@type":"Article","@id":"https:\/\/buletin.de\/bucuresti\/25-de-milioane-de-lei-pentru-modernizarea-iluminatului-public-din-capitala\/#article","isPartOf":{"@id":"https:\/\/buletin.de\/bucuresti\/25-de-milioane-de-lei-pentru-modernizarea-iluminatului-public-din-capitala\/"},"author":{"name":"Teodora Stroe","@id":"https:\/\/buletin.de\/bucuresti\/#\/schema\/person\/d369d7ddc775abece205795e0b804614"},"headline":"25 de milioane de lei pentru modernizarea iluminatului public din Capital\u0103","datePublished":"2023-03-16T18:26:15+00:00","dateModified":"2023-03-16T18:27:55+00:00","mainEntityOfPage":{"@id":"https:\/\/buletin.de\/bucuresti\/25-de-milioane-de-lei-pentru-modernizarea-iluminatului-public-din-capitala\/"},"wordCount":290,"publisher":{"@id":"https:\/\/buletin.de\/bucuresti\/#organization"},"image":{"@id":"https:\/\/buletin.de\/bucuresti\/25-de-milioane-de-lei-pentru-modernizarea-iluminatului-public-din-capitala\/#primaryimage"},"thumbnailUrl":"https:\/\/buletin.de\/bucuresti\/wp-content\/uploads\/336646867_230053532869926_1731344930154472785_n.jpg","keywords":["bucuresti","iluminat","sistem"],"articleSection":["Featured","\u0218tiri"],"inLanguage":"en-GB","copyrightYear":"2023","copyrightHolder":{"@id":"https:\/\/buletin.de\/bucuresti\/#organization"}},{"@type":"WebPage","@id":"https:\/\/buletin.de\/bucuresti\/25-de-milioane-de-lei-pentru-modernizarea-iluminatului-public-din-capitala\/","url":"https:\/\/buletin.de\/bucuresti\/25-de-milioane-de-lei-pentru-modernizarea-iluminatului-public-din-capitala\/","name":"25 de milioane de lei pentru modernizarea iluminatului public din Capital\u0103 - Buletin de Bucure\u0219ti","isPartOf":{"@id":"https:\/\/buletin.de\/bucuresti\/#website"},"primaryImageOfPage":{"@id":"https:\/\/buletin.de\/bucuresti\/25-de-milioane-de-lei-pentru-modernizarea-iluminatului-public-din-capitala\/#primaryimage"},"image":{"@id":"https:\/\/buletin.de\/bucuresti\/25-de-milioane-de-lei-pentru-modernizarea-iluminatului-public-din-capitala\/#primaryimage"},"thumbnailUrl":"https:\/\/buletin.de\/bucuresti\/wp-content\/uploads\/336646867_230053532869926_1731344930154472785_n.jpg","datePublished":"2023-03-16T18:26:15+00:00","dateModified":"2023-03-16T18:27:55+00:00","breadcrumb":{"@id":"https:\/\/buletin.de\/bucuresti\/25-de-milioane-de-lei-pentru-modernizarea-iluminatului-public-din-capitala\/#breadcrumb"},"inLanguage":"en-GB","potentialAction":[{"@type":"ReadAction","target":["https:\/\/buletin.de\/bucuresti\/25-de-milioane-de-lei-pentru-modernizarea-iluminatului-public-din-capitala\/"]}]},{"@type":"ImageObject","inLanguage":"en-GB","@id":"https:\/\/buletin.de\/bucuresti\/25-de-milioane-de-lei-pentru-modernizarea-iluminatului-public-din-capitala\/#primaryimage","url":"https:\/\/buletin.de\/bucuresti\/wp-content\/uploads\/336646867_230053532869926_1731344930154472785_n.jpg","contentUrl":"https:\/\/buletin.de\/bucuresti\/wp-content\/uploads\/336646867_230053532869926_1731344930154472785_n.jpg","width":1600,"height":944},{"@type":"BreadcrumbList","@id":"https:\/\/buletin.de\/bucuresti\/25-de-milioane-de-lei-pentru-modernizarea-iluminatului-public-din-capitala\/#breadcrumb","itemListElement":[{"@type":"ListItem","position":1,"name":"Acas\u0103","item":"https:\/\/buletin.de\/bucuresti\/"},{"@type":"ListItem","position":2,"name":"25 de milioane de lei pentru modernizarea iluminatului public din Capital\u0103"}]},{"@type":"WebSite","@id":"https:\/\/buletin.de\/bucuresti\/#website","url":"https:\/\/buletin.de\/bucuresti\/","name":"Buletin de Bucure\u0219ti","description":"\u0218tiri \u0219i investiga\u021bii esen\u021biale din capital\u0103","publisher":{"@id":"https:\/\/buletin.de\/bucuresti\/#organization"},"potentialAction":[{"@type":"SearchAction","target":{"@type":"EntryPoint","urlTemplate":"https:\/\/buletin.de\/bucuresti\/?s={search_term_string}"},"query-input":{"@type":"PropertyValueSpecification","valueRequired":true,"valueName":"search_term_string"}}],"inLanguage":"en-GB"},{"@type":"Organization","@id":"https:\/\/buletin.de\/bucuresti\/#organization","name":"Buletin de Bucure\u0219ti","url":"https:\/\/buletin.de\/bucuresti\/","logo":{"@type":"ImageObject","inLanguage":"en-GB","@id":"https:\/\/buletin.de\/bucuresti\/#\/schema\/logo\/image\/","url":"https:\/\/buletin.de\/bucuresti\/wp-content\/uploads\/logo-bdb-full-wide-vernil-transparent.png","contentUrl":"https:\/\/buletin.de\/bucuresti\/wp-content\/uploads\/logo-bdb-full-wide-vernil-transparent.png","width":1782,"height":626,"caption":"Buletin de Bucure\u0219ti"},"image":{"@id":"https:\/\/buletin.de\/bucuresti\/#\/schema\/logo\/image\/"},"sameAs":["https:\/\/www.facebook.com\/buletin.de.buc","https:\/\/www.instagram.com\/buletinde.bucuresti\/"]},{"@type":"Person","@id":"https:\/\/buletin.de\/bucuresti\/#\/schema\/person\/d369d7ddc775abece205795e0b804614","name":"Teodora Stroe","image":{"@type":"ImageObject","inLanguage":"en-GB","@id":"https:\/\/secure.gravatar.com\/avatar\/2560b4cd9f5f1bc100b123158e657d75584bd1c3e1d9c69285720b9457c1b78d?s=96&d=monsterid&r=gc104800242ba5f2d78dd5d7dc4df08b6","url":"https:\/\/secure.gravatar.com\/avatar\/2560b4cd9f5f1bc100b123158e657d75584bd1c3e1d9c69285720b9457c1b78d?s=96&d=monsterid&r=g","contentUrl":"https:\/\/secure.gravatar.com\/avatar\/2560b4cd9f5f1bc100b123158e657d75584bd1c3e1d9c69285720b9457c1b78d?s=96&d=monsterid&r=g","caption":"Teodora Stroe"},"url":"https:\/\/buletin.de\/bucuresti\/author\/simonacarlugea\/"}]}},"authors":[{"term_id":22579,"user_id":18,"is_guest":0,"slug":"simonacarlugea","display_name":"Teodora Stroe","avatar_url":"https:\/\/secure.gravatar.com\/avatar\/2560b4cd9f5f1bc100b123158e657d75584bd1c3e1d9c69285720b9457c1b78d?s=96&d=monsterid&r=g","0":null,"1":"","2":"","3":"","4":"","5":"","6":"","7":"","8":""}],"_links":{"self":[{"href":"https:\/\/buletin.de\/bucuresti\/wp-json\/wp\/v2\/posts\/56149","targetHints":{"allow":["GET"]}}],"collection":[{"href":"https:\/\/buletin.de\/bucuresti\/wp-json\/wp\/v2\/posts"}],"about":[{"href":"https:\/\/buletin.de\/bucuresti\/wp-json\/wp\/v2\/types\/post"}],"author":[{"embeddable":true,"href":"https:\/\/buletin.de\/bucuresti\/wp-json\/wp\/v2\/users\/18"}],"replies":[{"embeddable":true,"href":"https:\/\/buletin.de\/bucuresti\/wp-json\/wp\/v2\/comments?post=56149"}],"version-history":[{"count":3,"href":"https:\/\/buletin.de\/bucuresti\/wp-json\/wp\/v2\/posts\/56149\/revisions"}],"predecessor-version":[{"id":56153,"href":"https:\/\/buletin.de\/bucuresti\/wp-json\/wp\/v2\/posts\/56149\/revisions\/56153"}],"wp:featuredmedia":[{"embeddable":true,"href":"https:\/\/buletin.de\/bucuresti\/wp-json\/wp\/v2\/media\/56150"}],"wp:attachment":[{"href":"https:\/\/buletin.de\/bucuresti\/wp-json\/wp\/v2\/media?parent=56149"}],"wp:term":[{"taxonomy":"category","embeddable":true,"href":"https:\/\/buletin.de\/bucuresti\/wp-json\/wp\/v2\/categories?post=56149"},{"taxonomy":"post_tag","embeddable":true,"href":"https:\/\/buletin.de\/bucuresti\/wp-json\/wp\/v2\/tags?post=56149"},{"taxonomy":"author","embeddable":true,"href":"https:\/\/buletin.de\/bucuresti\/wp-json\/wp\/v2\/ppma_author?post=56149"}],"curies":[{"name":"wp","href":"https:\/\/api.w.org\/{rel}","templated":true}]}}