{"id":55989,"date":"2023-03-14T15:25:15","date_gmt":"2023-03-14T13:25:15","guid":{"rendered":"https:\/\/buletin.de\/bucuresti\/?p=55989"},"modified":"2023-03-14T15:26:32","modified_gmt":"2023-03-14T13:26:32","slug":"negoita-vrea-sa-construiasca-un-pod-nou-peste-dambovita-pe-splaiul-unirii-investitia-ar-urma-sa-coste-85-milioane-de-lei","status":"publish","type":"post","link":"https:\/\/buletin.de\/bucuresti\/negoita-vrea-sa-construiasca-un-pod-nou-peste-dambovita-pe-splaiul-unirii-investitia-ar-urma-sa-coste-85-milioane-de-lei\/","title":{"rendered":"Negoi\u021b\u0103 vrea s\u0103 construiasc\u0103 un pod nou peste D\u00e2mbovi\u021ba, pe Splaiul Unirii. Investi\u021bia ar urma s\u0103 coste 8,5 milioane de lei"},"content":{"rendered":"\n<p><strong>Primarul Sectorului 3, Robert Negoi\u021b\u0103, le propune consilierilor locali s\u0103 bugeteze 8,5 milioane de lei pentru construirea unui nou pod peste D\u00e2mbovi\u021ba, \u00een zona Drumul Lunca Priporului. Noul pod ar urma s\u0103 fac\u0103 leg\u0103tura \u00eentre cartierele Ozana \/ Pallady \u0219i Pope\u0219ti Leordeni. Ar fi al doilea pod construit de administra\u021bia sectorului 3 dup\u0103 cel din continuarea str\u0103zii Nicolae Teclu.<\/strong><\/p>\n\n\n\n<p>Necesitatea construirii unui nou pod peste D\u00e2mbovi\u021ba este justificat\u0103 prin traficul tot mai mare pe arterele de pe Splaiul Unirii, dup\u0103 cum se arat\u0103 \u00een referatul de aprobare a proiectului de hot\u0103r\u00e2re care a ajuns pe masa ale\u0219ilor locali. <\/p>\n\n\n\n<p>&#8220;<em>Referindu-ne la podul construit peste r\u00e2ul D\u00e2mbovi\u021ba, \u00een dreptul str. Nicolae Teclu, preciz\u0103m c\u0103 acesta preia circula\u021bia de pe Splaiul Unirii dar \u0219i circula\u021bia din ora\u0219ul Pope\u0219ti-Leordeni direc\u021bion\u00e2nd-o spre Bd. Theodor Pallady \u0219i spre ie\u0219irea din Bucure\u0219ti pe Autostrada A2.<\/em><\/p>\n\n\n\n<p><em>Av\u00e2nd \u00een vedere c\u0103 dup\u0103 darea \u00een folosin\u021b\u0103 a acestui pod, circula\u021bia pe Splaiul Unirii a \u00eenceput s\u0103 se aglomereze \u0219i, \u00een continuarea programului de dezvoltare a infrastructurii rutiere derulat pe raza sectorului 3, propunem un proiect noum mult mai amplu, de creare a unei leg\u0103turi rutiere \u00eentre cartierele Ozana\/Pallady \u0219i zona Pope\u0219ti Leordeni, care presupune construirea unui pod rutier peste r\u00e2ul D\u00e2mbovi\u021ba, \u00een dreptul str\u0103zii Drumul Lunca Priporului&#8221;<\/em> &#8211; extras proiect de hot\u0103r\u00e2re.<\/p>\n\n\n\n<p class=\"has-cyan-bluish-gray-background-color has-background\">Viitorul pod ar urma s\u0103 aib\u0103 o l\u0103\u021bime de 41 m, format\u0103 din band\u0103 carosabil\u0103, trei benzi pe sens, cu l\u0103\u021bimea total\u0103 de 34.40m, un singur trotuar de 4.30m l\u0103\u021bime util\u0103, din care 2.00m sunt rezerva\u021bi pentru pistele de bicicli\u021bti, iar desp\u0103r\u021bitea \u00eentre sensuri, respectiv trotuar \u0219i carosabil se va realiza prin intermediul unor jardiniere de beton. Termenul de realizare ar urma s\u0103 fie de 6 luni, iar investi\u021bia total\u0103 va costa 8,463 milioane de lei, din care 7 milioane construc\u021bii montaj.<\/p>\n\n\n\n<p>Pentru viitoarea construc\u021bie exist\u0103 deja un Certificat de urbanism emis la sf\u00e2r\u0219itul lui februarie. <\/p>\n\n\n\n<p>Proiectul va intra \u00een dezbaterea CL S3 pe 16 martie, c\u00e2nd e programat\u0103 viitoarea \u0219edin\u021b\u0103.<\/p>\n","protected":false},"excerpt":{"rendered":"<p>Primarul Sectorului 3, Robert Negoi\u021b\u0103, le propune consilierilor locali s\u0103 bugeteze 8,5 milioane de lei pentru construirea unui nou pod peste D\u00e2mbovi\u021ba, \u00een zona Drumul Lunca Priporului. Noul pod ar urma s\u0103 fac\u0103 leg\u0103tura \u00eentre cartierele Ozana \/ Pallady \u0219i Pope\u0219ti Leordeni. Ar fi al doilea pod construit de administra\u021bia sectorului 3 dup\u0103 cel din [&hellip;]<\/p>\n","protected":false},"author":18,"featured_media":55994,"comment_status":"closed","ping_status":"open","sticky":false,"template":"","format":"standard","meta":{"_acf_changed":false,"inline_featured_image":false,"ngg_post_thumbnail":0,"footnotes":""},"categories":[62],"tags":[1283,1391,5570,1802,440],"ppma_author":[22579],"class_list":["post-55989","post","type-post","status-publish","format-standard","has-post-thumbnail","hentry","category-stiri","tag-dambovita","tag-negoita","tag-pod","tag-popesti-leordeni","tag-sector-3"],"acf":[],"yoast_head":"<!-- This site is optimized with the Yoast SEO Premium plugin v25.3 (Yoast SEO v27.5) - https:\/\/yoast.com\/product\/yoast-seo-premium-wordpress\/ -->\n<title>Negoi\u021b\u0103 vrea s\u0103 construiasc\u0103 un pod nou peste D\u00e2mbovi\u021ba, pe Splaiul Unirii. Investi\u021bia ar urma s\u0103 coste 8,5 milioane de lei - Buletin de Bucure\u0219ti<\/title>\n<meta name=\"robots\" content=\"index, follow, max-snippet:-1, max-image-preview:large, max-video-preview:-1\" \/>\n<link rel=\"canonical\" href=\"https:\/\/buletin.de\/bucuresti\/negoita-vrea-sa-construiasca-un-pod-nou-peste-dambovita-pe-splaiul-unirii-investitia-ar-urma-sa-coste-85-milioane-de-lei\/\" \/>\n<meta property=\"og:locale\" content=\"en_GB\" \/>\n<meta property=\"og:type\" content=\"article\" \/>\n<meta property=\"og:title\" content=\"Negoi\u021b\u0103 vrea s\u0103 construiasc\u0103 un pod nou peste D\u00e2mbovi\u021ba, pe Splaiul Unirii. Investi\u021bia ar urma s\u0103 coste 8,5 milioane de lei\" \/>\n<meta property=\"og:description\" content=\"Primarul Sectorului 3, Robert Negoi\u021b\u0103, le propune consilierilor locali s\u0103 bugeteze 8,5 milioane de lei pentru construirea unui nou pod peste D\u00e2mbovi\u021ba, \u00een zona Drumul Lunca Priporului. Noul pod ar urma s\u0103 fac\u0103 leg\u0103tura \u00eentre cartierele Ozana \/ Pallady \u0219i Pope\u0219ti Leordeni. Ar fi al doilea pod construit de administra\u021bia sectorului 3 dup\u0103 cel din [&hellip;]\" \/>\n<meta property=\"og:url\" content=\"https:\/\/buletin.de\/bucuresti\/negoita-vrea-sa-construiasca-un-pod-nou-peste-dambovita-pe-splaiul-unirii-investitia-ar-urma-sa-coste-85-milioane-de-lei\/\" \/>\n<meta property=\"og:site_name\" content=\"Buletin de Bucure\u0219ti\" \/>\n<meta property=\"article:publisher\" content=\"https:\/\/www.facebook.com\/buletin.de.buc\" \/>\n<meta property=\"article:published_time\" content=\"2023-03-14T13:25:15+00:00\" \/>\n<meta property=\"article:modified_time\" content=\"2023-03-14T13:26:32+00:00\" \/>\n<meta property=\"og:image\" content=\"https:\/\/buletin.de\/bucuresti\/wp-content\/uploads\/pod-negoitA.png\" \/>\n\t<meta property=\"og:image:width\" content=\"888\" \/>\n\t<meta property=\"og:image:height\" content=\"484\" \/>\n\t<meta property=\"og:image:type\" content=\"image\/png\" \/>\n<meta name=\"author\" content=\"Teodora Stroe\" \/>\n<meta name=\"twitter:card\" content=\"summary_large_image\" \/>\n<meta name=\"twitter:label1\" content=\"Written by\" \/>\n\t<meta name=\"twitter:data1\" content=\"Teodora Stroe\" \/>\n\t<meta name=\"twitter:label2\" content=\"Estimated reading time\" \/>\n\t<meta name=\"twitter:data2\" content=\"2 minutes\" \/>\n<script type=\"application\/ld+json\" class=\"yoast-schema-graph\">{\"@context\":\"https:\\\/\\\/schema.org\",\"@graph\":[{\"@type\":\"Article\",\"@id\":\"https:\\\/\\\/buletin.de\\\/bucuresti\\\/negoita-vrea-sa-construiasca-un-pod-nou-peste-dambovita-pe-splaiul-unirii-investitia-ar-urma-sa-coste-85-milioane-de-lei\\\/#article\",\"isPartOf\":{\"@id\":\"https:\\\/\\\/buletin.de\\\/bucuresti\\\/negoita-vrea-sa-construiasca-un-pod-nou-peste-dambovita-pe-splaiul-unirii-investitia-ar-urma-sa-coste-85-milioane-de-lei\\\/\"},\"author\":{\"name\":\"Teodora Stroe\",\"@id\":\"https:\\\/\\\/buletin.de\\\/bucuresti\\\/#\\\/schema\\\/person\\\/d369d7ddc775abece205795e0b804614\"},\"headline\":\"Negoi\u021b\u0103 vrea s\u0103 construiasc\u0103 un pod nou peste D\u00e2mbovi\u021ba, pe Splaiul Unirii. Investi\u021bia ar urma s\u0103 coste 8,5 milioane de lei\",\"datePublished\":\"2023-03-14T13:25:15+00:00\",\"dateModified\":\"2023-03-14T13:26:32+00:00\",\"mainEntityOfPage\":{\"@id\":\"https:\\\/\\\/buletin.de\\\/bucuresti\\\/negoita-vrea-sa-construiasca-un-pod-nou-peste-dambovita-pe-splaiul-unirii-investitia-ar-urma-sa-coste-85-milioane-de-lei\\\/\"},\"wordCount\":383,\"publisher\":{\"@id\":\"https:\\\/\\\/buletin.de\\\/bucuresti\\\/#organization\"},\"image\":{\"@id\":\"https:\\\/\\\/buletin.de\\\/bucuresti\\\/negoita-vrea-sa-construiasca-un-pod-nou-peste-dambovita-pe-splaiul-unirii-investitia-ar-urma-sa-coste-85-milioane-de-lei\\\/#primaryimage\"},\"thumbnailUrl\":\"https:\\\/\\\/buletin.de\\\/bucuresti\\\/wp-content\\\/uploads\\\/pod-negoitA.png\",\"keywords\":[\"dambovita\",\"negoita\",\"pod\",\"popesti leordeni\",\"Sector 3\"],\"articleSection\":[\"\u0218tiri\"],\"inLanguage\":\"en-GB\",\"copyrightYear\":\"2023\",\"copyrightHolder\":{\"@id\":\"https:\\\/\\\/buletin.de\\\/bucuresti\\\/#organization\"}},{\"@type\":\"WebPage\",\"@id\":\"https:\\\/\\\/buletin.de\\\/bucuresti\\\/negoita-vrea-sa-construiasca-un-pod-nou-peste-dambovita-pe-splaiul-unirii-investitia-ar-urma-sa-coste-85-milioane-de-lei\\\/\",\"url\":\"https:\\\/\\\/buletin.de\\\/bucuresti\\\/negoita-vrea-sa-construiasca-un-pod-nou-peste-dambovita-pe-splaiul-unirii-investitia-ar-urma-sa-coste-85-milioane-de-lei\\\/\",\"name\":\"Negoi\u021b\u0103 vrea s\u0103 construiasc\u0103 un pod nou peste D\u00e2mbovi\u021ba, pe Splaiul Unirii. Investi\u021bia ar urma s\u0103 coste 8,5 milioane de lei - Buletin de Bucure\u0219ti\",\"isPartOf\":{\"@id\":\"https:\\\/\\\/buletin.de\\\/bucuresti\\\/#website\"},\"primaryImageOfPage\":{\"@id\":\"https:\\\/\\\/buletin.de\\\/bucuresti\\\/negoita-vrea-sa-construiasca-un-pod-nou-peste-dambovita-pe-splaiul-unirii-investitia-ar-urma-sa-coste-85-milioane-de-lei\\\/#primaryimage\"},\"image\":{\"@id\":\"https:\\\/\\\/buletin.de\\\/bucuresti\\\/negoita-vrea-sa-construiasca-un-pod-nou-peste-dambovita-pe-splaiul-unirii-investitia-ar-urma-sa-coste-85-milioane-de-lei\\\/#primaryimage\"},\"thumbnailUrl\":\"https:\\\/\\\/buletin.de\\\/bucuresti\\\/wp-content\\\/uploads\\\/pod-negoitA.png\",\"datePublished\":\"2023-03-14T13:25:15+00:00\",\"dateModified\":\"2023-03-14T13:26:32+00:00\",\"breadcrumb\":{\"@id\":\"https:\\\/\\\/buletin.de\\\/bucuresti\\\/negoita-vrea-sa-construiasca-un-pod-nou-peste-dambovita-pe-splaiul-unirii-investitia-ar-urma-sa-coste-85-milioane-de-lei\\\/#breadcrumb\"},\"inLanguage\":\"en-GB\",\"potentialAction\":[{\"@type\":\"ReadAction\",\"target\":[\"https:\\\/\\\/buletin.de\\\/bucuresti\\\/negoita-vrea-sa-construiasca-un-pod-nou-peste-dambovita-pe-splaiul-unirii-investitia-ar-urma-sa-coste-85-milioane-de-lei\\\/\"]}]},{\"@type\":\"ImageObject\",\"inLanguage\":\"en-GB\",\"@id\":\"https:\\\/\\\/buletin.de\\\/bucuresti\\\/negoita-vrea-sa-construiasca-un-pod-nou-peste-dambovita-pe-splaiul-unirii-investitia-ar-urma-sa-coste-85-milioane-de-lei\\\/#primaryimage\",\"url\":\"https:\\\/\\\/buletin.de\\\/bucuresti\\\/wp-content\\\/uploads\\\/pod-negoitA.png\",\"contentUrl\":\"https:\\\/\\\/buletin.de\\\/bucuresti\\\/wp-content\\\/uploads\\\/pod-negoitA.png\",\"width\":888,\"height\":484},{\"@type\":\"BreadcrumbList\",\"@id\":\"https:\\\/\\\/buletin.de\\\/bucuresti\\\/negoita-vrea-sa-construiasca-un-pod-nou-peste-dambovita-pe-splaiul-unirii-investitia-ar-urma-sa-coste-85-milioane-de-lei\\\/#breadcrumb\",\"itemListElement\":[{\"@type\":\"ListItem\",\"position\":1,\"name\":\"Acas\u0103\",\"item\":\"https:\\\/\\\/buletin.de\\\/bucuresti\\\/\"},{\"@type\":\"ListItem\",\"position\":2,\"name\":\"Negoi\u021b\u0103 vrea s\u0103 construiasc\u0103 un pod nou peste D\u00e2mbovi\u021ba, pe Splaiul Unirii. Investi\u021bia ar urma s\u0103 coste 8,5 milioane de lei\"}]},{\"@type\":\"WebSite\",\"@id\":\"https:\\\/\\\/buletin.de\\\/bucuresti\\\/#website\",\"url\":\"https:\\\/\\\/buletin.de\\\/bucuresti\\\/\",\"name\":\"Buletin de Bucure\u0219ti\",\"description\":\"\u0218tiri \u0219i investiga\u021bii esen\u021biale din capital\u0103\",\"publisher\":{\"@id\":\"https:\\\/\\\/buletin.de\\\/bucuresti\\\/#organization\"},\"potentialAction\":[{\"@type\":\"SearchAction\",\"target\":{\"@type\":\"EntryPoint\",\"urlTemplate\":\"https:\\\/\\\/buletin.de\\\/bucuresti\\\/?s={search_term_string}\"},\"query-input\":{\"@type\":\"PropertyValueSpecification\",\"valueRequired\":true,\"valueName\":\"search_term_string\"}}],\"inLanguage\":\"en-GB\"},{\"@type\":\"Organization\",\"@id\":\"https:\\\/\\\/buletin.de\\\/bucuresti\\\/#organization\",\"name\":\"Buletin de Bucure\u0219ti\",\"url\":\"https:\\\/\\\/buletin.de\\\/bucuresti\\\/\",\"logo\":{\"@type\":\"ImageObject\",\"inLanguage\":\"en-GB\",\"@id\":\"https:\\\/\\\/buletin.de\\\/bucuresti\\\/#\\\/schema\\\/logo\\\/image\\\/\",\"url\":\"https:\\\/\\\/buletin.de\\\/bucuresti\\\/wp-content\\\/uploads\\\/logo-bdb-full-wide-vernil-transparent.png\",\"contentUrl\":\"https:\\\/\\\/buletin.de\\\/bucuresti\\\/wp-content\\\/uploads\\\/logo-bdb-full-wide-vernil-transparent.png\",\"width\":1782,\"height\":626,\"caption\":\"Buletin de Bucure\u0219ti\"},\"image\":{\"@id\":\"https:\\\/\\\/buletin.de\\\/bucuresti\\\/#\\\/schema\\\/logo\\\/image\\\/\"},\"sameAs\":[\"https:\\\/\\\/www.facebook.com\\\/buletin.de.buc\",\"https:\\\/\\\/www.instagram.com\\\/buletinde.bucuresti\\\/\"]},{\"@type\":\"Person\",\"@id\":\"https:\\\/\\\/buletin.de\\\/bucuresti\\\/#\\\/schema\\\/person\\\/d369d7ddc775abece205795e0b804614\",\"name\":\"Teodora Stroe\",\"image\":{\"@type\":\"ImageObject\",\"inLanguage\":\"en-GB\",\"@id\":\"https:\\\/\\\/secure.gravatar.com\\\/avatar\\\/2560b4cd9f5f1bc100b123158e657d75584bd1c3e1d9c69285720b9457c1b78d?s=96&d=monsterid&r=gc104800242ba5f2d78dd5d7dc4df08b6\",\"url\":\"https:\\\/\\\/secure.gravatar.com\\\/avatar\\\/2560b4cd9f5f1bc100b123158e657d75584bd1c3e1d9c69285720b9457c1b78d?s=96&d=monsterid&r=g\",\"contentUrl\":\"https:\\\/\\\/secure.gravatar.com\\\/avatar\\\/2560b4cd9f5f1bc100b123158e657d75584bd1c3e1d9c69285720b9457c1b78d?s=96&d=monsterid&r=g\",\"caption\":\"Teodora Stroe\"},\"url\":\"https:\\\/\\\/buletin.de\\\/bucuresti\\\/author\\\/simonacarlugea\\\/\"}]}<\/script>\n<!-- \/ Yoast SEO Premium plugin. -->","yoast_head_json":{"title":"Negoi\u021b\u0103 vrea s\u0103 construiasc\u0103 un pod nou peste D\u00e2mbovi\u021ba, pe Splaiul Unirii. Investi\u021bia ar urma s\u0103 coste 8,5 milioane de lei - Buletin de Bucure\u0219ti","robots":{"index":"index","follow":"follow","max-snippet":"max-snippet:-1","max-image-preview":"max-image-preview:large","max-video-preview":"max-video-preview:-1"},"canonical":"https:\/\/buletin.de\/bucuresti\/negoita-vrea-sa-construiasca-un-pod-nou-peste-dambovita-pe-splaiul-unirii-investitia-ar-urma-sa-coste-85-milioane-de-lei\/","og_locale":"en_GB","og_type":"article","og_title":"Negoi\u021b\u0103 vrea s\u0103 construiasc\u0103 un pod nou peste D\u00e2mbovi\u021ba, pe Splaiul Unirii. Investi\u021bia ar urma s\u0103 coste 8,5 milioane de lei","og_description":"Primarul Sectorului 3, Robert Negoi\u021b\u0103, le propune consilierilor locali s\u0103 bugeteze 8,5 milioane de lei pentru construirea unui nou pod peste D\u00e2mbovi\u021ba, \u00een zona Drumul Lunca Priporului. Noul pod ar urma s\u0103 fac\u0103 leg\u0103tura \u00eentre cartierele Ozana \/ Pallady \u0219i Pope\u0219ti Leordeni. Ar fi al doilea pod construit de administra\u021bia sectorului 3 dup\u0103 cel din [&hellip;]","og_url":"https:\/\/buletin.de\/bucuresti\/negoita-vrea-sa-construiasca-un-pod-nou-peste-dambovita-pe-splaiul-unirii-investitia-ar-urma-sa-coste-85-milioane-de-lei\/","og_site_name":"Buletin de Bucure\u0219ti","article_publisher":"https:\/\/www.facebook.com\/buletin.de.buc","article_published_time":"2023-03-14T13:25:15+00:00","article_modified_time":"2023-03-14T13:26:32+00:00","og_image":[{"width":888,"height":484,"url":"https:\/\/buletin.de\/bucuresti\/wp-content\/uploads\/pod-negoitA.png","type":"image\/png"}],"author":"Teodora Stroe","twitter_card":"summary_large_image","twitter_misc":{"Written by":"Teodora Stroe","Estimated reading time":"2 minutes"},"schema":{"@context":"https:\/\/schema.org","@graph":[{"@type":"Article","@id":"https:\/\/buletin.de\/bucuresti\/negoita-vrea-sa-construiasca-un-pod-nou-peste-dambovita-pe-splaiul-unirii-investitia-ar-urma-sa-coste-85-milioane-de-lei\/#article","isPartOf":{"@id":"https:\/\/buletin.de\/bucuresti\/negoita-vrea-sa-construiasca-un-pod-nou-peste-dambovita-pe-splaiul-unirii-investitia-ar-urma-sa-coste-85-milioane-de-lei\/"},"author":{"name":"Teodora Stroe","@id":"https:\/\/buletin.de\/bucuresti\/#\/schema\/person\/d369d7ddc775abece205795e0b804614"},"headline":"Negoi\u021b\u0103 vrea s\u0103 construiasc\u0103 un pod nou peste D\u00e2mbovi\u021ba, pe Splaiul Unirii. Investi\u021bia ar urma s\u0103 coste 8,5 milioane de lei","datePublished":"2023-03-14T13:25:15+00:00","dateModified":"2023-03-14T13:26:32+00:00","mainEntityOfPage":{"@id":"https:\/\/buletin.de\/bucuresti\/negoita-vrea-sa-construiasca-un-pod-nou-peste-dambovita-pe-splaiul-unirii-investitia-ar-urma-sa-coste-85-milioane-de-lei\/"},"wordCount":383,"publisher":{"@id":"https:\/\/buletin.de\/bucuresti\/#organization"},"image":{"@id":"https:\/\/buletin.de\/bucuresti\/negoita-vrea-sa-construiasca-un-pod-nou-peste-dambovita-pe-splaiul-unirii-investitia-ar-urma-sa-coste-85-milioane-de-lei\/#primaryimage"},"thumbnailUrl":"https:\/\/buletin.de\/bucuresti\/wp-content\/uploads\/pod-negoitA.png","keywords":["dambovita","negoita","pod","popesti leordeni","Sector 3"],"articleSection":["\u0218tiri"],"inLanguage":"en-GB","copyrightYear":"2023","copyrightHolder":{"@id":"https:\/\/buletin.de\/bucuresti\/#organization"}},{"@type":"WebPage","@id":"https:\/\/buletin.de\/bucuresti\/negoita-vrea-sa-construiasca-un-pod-nou-peste-dambovita-pe-splaiul-unirii-investitia-ar-urma-sa-coste-85-milioane-de-lei\/","url":"https:\/\/buletin.de\/bucuresti\/negoita-vrea-sa-construiasca-un-pod-nou-peste-dambovita-pe-splaiul-unirii-investitia-ar-urma-sa-coste-85-milioane-de-lei\/","name":"Negoi\u021b\u0103 vrea s\u0103 construiasc\u0103 un pod nou peste D\u00e2mbovi\u021ba, pe Splaiul Unirii. Investi\u021bia ar urma s\u0103 coste 8,5 milioane de lei - Buletin de Bucure\u0219ti","isPartOf":{"@id":"https:\/\/buletin.de\/bucuresti\/#website"},"primaryImageOfPage":{"@id":"https:\/\/buletin.de\/bucuresti\/negoita-vrea-sa-construiasca-un-pod-nou-peste-dambovita-pe-splaiul-unirii-investitia-ar-urma-sa-coste-85-milioane-de-lei\/#primaryimage"},"image":{"@id":"https:\/\/buletin.de\/bucuresti\/negoita-vrea-sa-construiasca-un-pod-nou-peste-dambovita-pe-splaiul-unirii-investitia-ar-urma-sa-coste-85-milioane-de-lei\/#primaryimage"},"thumbnailUrl":"https:\/\/buletin.de\/bucuresti\/wp-content\/uploads\/pod-negoitA.png","datePublished":"2023-03-14T13:25:15+00:00","dateModified":"2023-03-14T13:26:32+00:00","breadcrumb":{"@id":"https:\/\/buletin.de\/bucuresti\/negoita-vrea-sa-construiasca-un-pod-nou-peste-dambovita-pe-splaiul-unirii-investitia-ar-urma-sa-coste-85-milioane-de-lei\/#breadcrumb"},"inLanguage":"en-GB","potentialAction":[{"@type":"ReadAction","target":["https:\/\/buletin.de\/bucuresti\/negoita-vrea-sa-construiasca-un-pod-nou-peste-dambovita-pe-splaiul-unirii-investitia-ar-urma-sa-coste-85-milioane-de-lei\/"]}]},{"@type":"ImageObject","inLanguage":"en-GB","@id":"https:\/\/buletin.de\/bucuresti\/negoita-vrea-sa-construiasca-un-pod-nou-peste-dambovita-pe-splaiul-unirii-investitia-ar-urma-sa-coste-85-milioane-de-lei\/#primaryimage","url":"https:\/\/buletin.de\/bucuresti\/wp-content\/uploads\/pod-negoitA.png","contentUrl":"https:\/\/buletin.de\/bucuresti\/wp-content\/uploads\/pod-negoitA.png","width":888,"height":484},{"@type":"BreadcrumbList","@id":"https:\/\/buletin.de\/bucuresti\/negoita-vrea-sa-construiasca-un-pod-nou-peste-dambovita-pe-splaiul-unirii-investitia-ar-urma-sa-coste-85-milioane-de-lei\/#breadcrumb","itemListElement":[{"@type":"ListItem","position":1,"name":"Acas\u0103","item":"https:\/\/buletin.de\/bucuresti\/"},{"@type":"ListItem","position":2,"name":"Negoi\u021b\u0103 vrea s\u0103 construiasc\u0103 un pod nou peste D\u00e2mbovi\u021ba, pe Splaiul Unirii. Investi\u021bia ar urma s\u0103 coste 8,5 milioane de lei"}]},{"@type":"WebSite","@id":"https:\/\/buletin.de\/bucuresti\/#website","url":"https:\/\/buletin.de\/bucuresti\/","name":"Buletin de Bucure\u0219ti","description":"\u0218tiri \u0219i investiga\u021bii esen\u021biale din capital\u0103","publisher":{"@id":"https:\/\/buletin.de\/bucuresti\/#organization"},"potentialAction":[{"@type":"SearchAction","target":{"@type":"EntryPoint","urlTemplate":"https:\/\/buletin.de\/bucuresti\/?s={search_term_string}"},"query-input":{"@type":"PropertyValueSpecification","valueRequired":true,"valueName":"search_term_string"}}],"inLanguage":"en-GB"},{"@type":"Organization","@id":"https:\/\/buletin.de\/bucuresti\/#organization","name":"Buletin de Bucure\u0219ti","url":"https:\/\/buletin.de\/bucuresti\/","logo":{"@type":"ImageObject","inLanguage":"en-GB","@id":"https:\/\/buletin.de\/bucuresti\/#\/schema\/logo\/image\/","url":"https:\/\/buletin.de\/bucuresti\/wp-content\/uploads\/logo-bdb-full-wide-vernil-transparent.png","contentUrl":"https:\/\/buletin.de\/bucuresti\/wp-content\/uploads\/logo-bdb-full-wide-vernil-transparent.png","width":1782,"height":626,"caption":"Buletin de Bucure\u0219ti"},"image":{"@id":"https:\/\/buletin.de\/bucuresti\/#\/schema\/logo\/image\/"},"sameAs":["https:\/\/www.facebook.com\/buletin.de.buc","https:\/\/www.instagram.com\/buletinde.bucuresti\/"]},{"@type":"Person","@id":"https:\/\/buletin.de\/bucuresti\/#\/schema\/person\/d369d7ddc775abece205795e0b804614","name":"Teodora Stroe","image":{"@type":"ImageObject","inLanguage":"en-GB","@id":"https:\/\/secure.gravatar.com\/avatar\/2560b4cd9f5f1bc100b123158e657d75584bd1c3e1d9c69285720b9457c1b78d?s=96&d=monsterid&r=gc104800242ba5f2d78dd5d7dc4df08b6","url":"https:\/\/secure.gravatar.com\/avatar\/2560b4cd9f5f1bc100b123158e657d75584bd1c3e1d9c69285720b9457c1b78d?s=96&d=monsterid&r=g","contentUrl":"https:\/\/secure.gravatar.com\/avatar\/2560b4cd9f5f1bc100b123158e657d75584bd1c3e1d9c69285720b9457c1b78d?s=96&d=monsterid&r=g","caption":"Teodora Stroe"},"url":"https:\/\/buletin.de\/bucuresti\/author\/simonacarlugea\/"}]}},"authors":[{"term_id":22579,"user_id":18,"is_guest":0,"slug":"simonacarlugea","display_name":"Teodora Stroe","avatar_url":"https:\/\/secure.gravatar.com\/avatar\/2560b4cd9f5f1bc100b123158e657d75584bd1c3e1d9c69285720b9457c1b78d?s=96&d=monsterid&r=g","0":null,"1":"","2":"","3":"","4":"","5":"","6":"","7":"","8":""}],"_links":{"self":[{"href":"https:\/\/buletin.de\/bucuresti\/wp-json\/wp\/v2\/posts\/55989","targetHints":{"allow":["GET"]}}],"collection":[{"href":"https:\/\/buletin.de\/bucuresti\/wp-json\/wp\/v2\/posts"}],"about":[{"href":"https:\/\/buletin.de\/bucuresti\/wp-json\/wp\/v2\/types\/post"}],"author":[{"embeddable":true,"href":"https:\/\/buletin.de\/bucuresti\/wp-json\/wp\/v2\/users\/18"}],"replies":[{"embeddable":true,"href":"https:\/\/buletin.de\/bucuresti\/wp-json\/wp\/v2\/comments?post=55989"}],"version-history":[{"count":3,"href":"https:\/\/buletin.de\/bucuresti\/wp-json\/wp\/v2\/posts\/55989\/revisions"}],"predecessor-version":[{"id":55995,"href":"https:\/\/buletin.de\/bucuresti\/wp-json\/wp\/v2\/posts\/55989\/revisions\/55995"}],"wp:featuredmedia":[{"embeddable":true,"href":"https:\/\/buletin.de\/bucuresti\/wp-json\/wp\/v2\/media\/55994"}],"wp:attachment":[{"href":"https:\/\/buletin.de\/bucuresti\/wp-json\/wp\/v2\/media?parent=55989"}],"wp:term":[{"taxonomy":"category","embeddable":true,"href":"https:\/\/buletin.de\/bucuresti\/wp-json\/wp\/v2\/categories?post=55989"},{"taxonomy":"post_tag","embeddable":true,"href":"https:\/\/buletin.de\/bucuresti\/wp-json\/wp\/v2\/tags?post=55989"},{"taxonomy":"author","embeddable":true,"href":"https:\/\/buletin.de\/bucuresti\/wp-json\/wp\/v2\/ppma_author?post=55989"}],"curies":[{"name":"wp","href":"https:\/\/api.w.org\/{rel}","templated":true}]}}