{"id":55974,"date":"2023-03-14T12:54:46","date_gmt":"2023-03-14T10:54:46","guid":{"rendered":"https:\/\/buletin.de\/bucuresti\/?p=55974"},"modified":"2023-03-14T12:54:47","modified_gmt":"2023-03-14T10:54:47","slug":"ilfov-bataie-in-strada-la-sintesti-politia-a-dat-amenzi","status":"publish","type":"post","link":"https:\/\/buletin.de\/bucuresti\/ilfov-bataie-in-strada-la-sintesti-politia-a-dat-amenzi\/","title":{"rendered":"Ilfov | B\u0103taie \u00een strad\u0103 la Sinte\u0219ti. Poli\u021bia a dat amenzi"},"content":{"rendered":"\n<p><strong>A fost b\u0103taie \u00een strad\u0103, \u00een seara zilei de 13 martie, la Sinte\u0219ti &#8211; Ilfov. Mai multe persoane au trecut de la injurii la pumni \u0219i topoare \u0219i s-au lini\u0219tit abia dup\u0103 interven\u021bia Poli\u021biei. 4 dintre cei implica\u021bi \u00een scandal au fost du\u0219i la audieri \u0219i au primit<\/strong>, <strong>fiecare, c\u00e2te 2.000 de lei<\/strong> <strong>amend\u0103.<\/strong><\/p>\n\n\n\n<p>Poli\u021bi\u0219tii din Pope\u0219ti Leordeni au fost sesiza\u021bi, ieri, 13 martie, \u00een jurul orei 19.30, c\u0103 pe \u0219oseaua Principal\u0103 din Sinte\u0219ti a izbucnit un scandal, iar persoanele implicate folosesc topoare. Mai multe echipaje de poli\u021bie, din Pope\u0219ti Leordeni, M\u0103gurele, Pantelimon, poli\u021bi\u0219ti de la Serviciul de Ac\u021biuni Speciale Ilfov \u0219i jandarmi au intervenit imediat. <\/p>\n\n\n\n<p>4 persoane implicate \u00een scandal au fost duse la sediul poli\u021biei din Pope\u0219ti Leordeni \u0219i amendate cu 2000 de lei, fiecare. Una dintre persoanele audiate, o femeie, a declarat c\u0103 a fost amenin\u021bat\u0103 \u0219i lovit\u0103 \u00een timpul alterca\u021biei \u0219i c\u0103 i-a fost furat \u0219i telefonul mobil. <\/p>\n\n\n\n<p>Poli\u021bi\u0219tii au deschis dosar de urm\u0103rire penal\u0103, \u00een care se efectueaz\u0103 cercet\u0103ri, sub aspectul s\u0103v\u00e2r\u0219irii infrac\u021biunii de amenin\u021bare, lovire sau alte violen\u021be \u0219i furt.<\/p>\n","protected":false},"excerpt":{"rendered":"<p>A fost b\u0103taie \u00een strad\u0103, \u00een seara zilei de 13 martie, la Sinte\u0219ti &#8211; Ilfov. Mai multe persoane au trecut de la injurii la pumni \u0219i topoare \u0219i s-au lini\u0219tit abia dup\u0103 interven\u021bia Poli\u021biei. 4 dintre cei implica\u021bi \u00een scandal au fost du\u0219i la audieri \u0219i au primit, fiecare, c\u00e2te 2.000 de lei amend\u0103. Poli\u021bi\u0219tii [&hellip;]<\/p>\n","protected":false},"author":46,"featured_media":55978,"comment_status":"closed","ping_status":"open","sticky":false,"template":"","format":"standard","meta":{"_acf_changed":false,"inline_featured_image":false,"ngg_post_thumbnail":0,"footnotes":""},"categories":[62],"tags":[],"ppma_author":[22605],"class_list":["post-55974","post","type-post","status-publish","format-standard","has-post-thumbnail","hentry","category-stiri"],"acf":[],"yoast_head":"<!-- This site is optimized with the Yoast SEO Premium plugin v25.3 (Yoast SEO v27.5) - https:\/\/yoast.com\/product\/yoast-seo-premium-wordpress\/ -->\n<title>Ilfov | B\u0103taie \u00een strad\u0103 la Sinte\u0219ti. Poli\u021bia a dat amenzi - Buletin de Bucure\u0219ti<\/title>\n<meta name=\"robots\" content=\"index, follow, max-snippet:-1, max-image-preview:large, max-video-preview:-1\" \/>\n<link rel=\"canonical\" href=\"https:\/\/buletin.de\/bucuresti\/ilfov-bataie-in-strada-la-sintesti-politia-a-dat-amenzi\/\" \/>\n<meta property=\"og:locale\" content=\"en_GB\" \/>\n<meta property=\"og:type\" content=\"article\" \/>\n<meta property=\"og:title\" content=\"Ilfov | B\u0103taie \u00een strad\u0103 la Sinte\u0219ti. Poli\u021bia a dat amenzi\" \/>\n<meta property=\"og:description\" content=\"A fost b\u0103taie \u00een strad\u0103, \u00een seara zilei de 13 martie, la Sinte\u0219ti &#8211; Ilfov. Mai multe persoane au trecut de la injurii la pumni \u0219i topoare \u0219i s-au lini\u0219tit abia dup\u0103 interven\u021bia Poli\u021biei. 4 dintre cei implica\u021bi \u00een scandal au fost du\u0219i la audieri \u0219i au primit, fiecare, c\u00e2te 2.000 de lei amend\u0103. Poli\u021bi\u0219tii [&hellip;]\" \/>\n<meta property=\"og:url\" content=\"https:\/\/buletin.de\/bucuresti\/ilfov-bataie-in-strada-la-sintesti-politia-a-dat-amenzi\/\" \/>\n<meta property=\"og:site_name\" content=\"Buletin de Bucure\u0219ti\" \/>\n<meta property=\"article:publisher\" content=\"https:\/\/www.facebook.com\/buletin.de.buc\" \/>\n<meta property=\"article:published_time\" content=\"2023-03-14T10:54:46+00:00\" \/>\n<meta property=\"article:modified_time\" content=\"2023-03-14T10:54:47+00:00\" \/>\n<meta property=\"og:image\" content=\"https:\/\/buletin.de\/bucuresti\/wp-content\/uploads\/siassssss-1.jpeg\" \/>\n\t<meta property=\"og:image:width\" content=\"380\" \/>\n\t<meta property=\"og:image:height\" content=\"214\" \/>\n\t<meta property=\"og:image:type\" content=\"image\/jpeg\" \/>\n<meta name=\"author\" content=\"Andreea Gelatu\" \/>\n<meta name=\"twitter:card\" content=\"summary_large_image\" \/>\n<meta name=\"twitter:label1\" content=\"Written by\" \/>\n\t<meta name=\"twitter:data1\" content=\"Andreea Gelatu\" \/>\n\t<meta name=\"twitter:label2\" content=\"Estimated reading time\" \/>\n\t<meta name=\"twitter:data2\" content=\"1 minute\" \/>\n<script type=\"application\/ld+json\" class=\"yoast-schema-graph\">{\"@context\":\"https:\\\/\\\/schema.org\",\"@graph\":[{\"@type\":\"Article\",\"@id\":\"https:\\\/\\\/buletin.de\\\/bucuresti\\\/ilfov-bataie-in-strada-la-sintesti-politia-a-dat-amenzi\\\/#article\",\"isPartOf\":{\"@id\":\"https:\\\/\\\/buletin.de\\\/bucuresti\\\/ilfov-bataie-in-strada-la-sintesti-politia-a-dat-amenzi\\\/\"},\"author\":{\"name\":\"Andreea Gelatu\",\"@id\":\"https:\\\/\\\/buletin.de\\\/bucuresti\\\/#\\\/schema\\\/person\\\/87734700b2c7f8608881f7e93b8834de\"},\"headline\":\"Ilfov | B\u0103taie \u00een strad\u0103 la Sinte\u0219ti. Poli\u021bia a dat amenzi\",\"datePublished\":\"2023-03-14T10:54:46+00:00\",\"dateModified\":\"2023-03-14T10:54:47+00:00\",\"mainEntityOfPage\":{\"@id\":\"https:\\\/\\\/buletin.de\\\/bucuresti\\\/ilfov-bataie-in-strada-la-sintesti-politia-a-dat-amenzi\\\/\"},\"wordCount\":215,\"publisher\":{\"@id\":\"https:\\\/\\\/buletin.de\\\/bucuresti\\\/#organization\"},\"image\":{\"@id\":\"https:\\\/\\\/buletin.de\\\/bucuresti\\\/ilfov-bataie-in-strada-la-sintesti-politia-a-dat-amenzi\\\/#primaryimage\"},\"thumbnailUrl\":\"https:\\\/\\\/buletin.de\\\/bucuresti\\\/wp-content\\\/uploads\\\/siassssss-1.jpeg\",\"articleSection\":[\"\u0218tiri\"],\"inLanguage\":\"en-GB\",\"copyrightYear\":\"2023\",\"copyrightHolder\":{\"@id\":\"https:\\\/\\\/buletin.de\\\/bucuresti\\\/#organization\"}},{\"@type\":\"WebPage\",\"@id\":\"https:\\\/\\\/buletin.de\\\/bucuresti\\\/ilfov-bataie-in-strada-la-sintesti-politia-a-dat-amenzi\\\/\",\"url\":\"https:\\\/\\\/buletin.de\\\/bucuresti\\\/ilfov-bataie-in-strada-la-sintesti-politia-a-dat-amenzi\\\/\",\"name\":\"Ilfov | B\u0103taie \u00een strad\u0103 la Sinte\u0219ti. Poli\u021bia a dat amenzi - Buletin de Bucure\u0219ti\",\"isPartOf\":{\"@id\":\"https:\\\/\\\/buletin.de\\\/bucuresti\\\/#website\"},\"primaryImageOfPage\":{\"@id\":\"https:\\\/\\\/buletin.de\\\/bucuresti\\\/ilfov-bataie-in-strada-la-sintesti-politia-a-dat-amenzi\\\/#primaryimage\"},\"image\":{\"@id\":\"https:\\\/\\\/buletin.de\\\/bucuresti\\\/ilfov-bataie-in-strada-la-sintesti-politia-a-dat-amenzi\\\/#primaryimage\"},\"thumbnailUrl\":\"https:\\\/\\\/buletin.de\\\/bucuresti\\\/wp-content\\\/uploads\\\/siassssss-1.jpeg\",\"datePublished\":\"2023-03-14T10:54:46+00:00\",\"dateModified\":\"2023-03-14T10:54:47+00:00\",\"breadcrumb\":{\"@id\":\"https:\\\/\\\/buletin.de\\\/bucuresti\\\/ilfov-bataie-in-strada-la-sintesti-politia-a-dat-amenzi\\\/#breadcrumb\"},\"inLanguage\":\"en-GB\",\"potentialAction\":[{\"@type\":\"ReadAction\",\"target\":[\"https:\\\/\\\/buletin.de\\\/bucuresti\\\/ilfov-bataie-in-strada-la-sintesti-politia-a-dat-amenzi\\\/\"]}]},{\"@type\":\"ImageObject\",\"inLanguage\":\"en-GB\",\"@id\":\"https:\\\/\\\/buletin.de\\\/bucuresti\\\/ilfov-bataie-in-strada-la-sintesti-politia-a-dat-amenzi\\\/#primaryimage\",\"url\":\"https:\\\/\\\/buletin.de\\\/bucuresti\\\/wp-content\\\/uploads\\\/siassssss-1.jpeg\",\"contentUrl\":\"https:\\\/\\\/buletin.de\\\/bucuresti\\\/wp-content\\\/uploads\\\/siassssss-1.jpeg\",\"width\":380,\"height\":214},{\"@type\":\"BreadcrumbList\",\"@id\":\"https:\\\/\\\/buletin.de\\\/bucuresti\\\/ilfov-bataie-in-strada-la-sintesti-politia-a-dat-amenzi\\\/#breadcrumb\",\"itemListElement\":[{\"@type\":\"ListItem\",\"position\":1,\"name\":\"Acas\u0103\",\"item\":\"https:\\\/\\\/buletin.de\\\/bucuresti\\\/\"},{\"@type\":\"ListItem\",\"position\":2,\"name\":\"Ilfov | B\u0103taie \u00een strad\u0103 la Sinte\u0219ti. Poli\u021bia a dat amenzi\"}]},{\"@type\":\"WebSite\",\"@id\":\"https:\\\/\\\/buletin.de\\\/bucuresti\\\/#website\",\"url\":\"https:\\\/\\\/buletin.de\\\/bucuresti\\\/\",\"name\":\"Buletin de Bucure\u0219ti\",\"description\":\"\u0218tiri \u0219i investiga\u021bii esen\u021biale din capital\u0103\",\"publisher\":{\"@id\":\"https:\\\/\\\/buletin.de\\\/bucuresti\\\/#organization\"},\"potentialAction\":[{\"@type\":\"SearchAction\",\"target\":{\"@type\":\"EntryPoint\",\"urlTemplate\":\"https:\\\/\\\/buletin.de\\\/bucuresti\\\/?s={search_term_string}\"},\"query-input\":{\"@type\":\"PropertyValueSpecification\",\"valueRequired\":true,\"valueName\":\"search_term_string\"}}],\"inLanguage\":\"en-GB\"},{\"@type\":\"Organization\",\"@id\":\"https:\\\/\\\/buletin.de\\\/bucuresti\\\/#organization\",\"name\":\"Buletin de Bucure\u0219ti\",\"url\":\"https:\\\/\\\/buletin.de\\\/bucuresti\\\/\",\"logo\":{\"@type\":\"ImageObject\",\"inLanguage\":\"en-GB\",\"@id\":\"https:\\\/\\\/buletin.de\\\/bucuresti\\\/#\\\/schema\\\/logo\\\/image\\\/\",\"url\":\"https:\\\/\\\/buletin.de\\\/bucuresti\\\/wp-content\\\/uploads\\\/logo-bdb-full-wide-vernil-transparent.png\",\"contentUrl\":\"https:\\\/\\\/buletin.de\\\/bucuresti\\\/wp-content\\\/uploads\\\/logo-bdb-full-wide-vernil-transparent.png\",\"width\":1782,\"height\":626,\"caption\":\"Buletin de Bucure\u0219ti\"},\"image\":{\"@id\":\"https:\\\/\\\/buletin.de\\\/bucuresti\\\/#\\\/schema\\\/logo\\\/image\\\/\"},\"sameAs\":[\"https:\\\/\\\/www.facebook.com\\\/buletin.de.buc\",\"https:\\\/\\\/www.instagram.com\\\/buletinde.bucuresti\\\/\"]},{\"@type\":\"Person\",\"@id\":\"https:\\\/\\\/buletin.de\\\/bucuresti\\\/#\\\/schema\\\/person\\\/87734700b2c7f8608881f7e93b8834de\",\"name\":\"Andreea Gelatu\",\"image\":{\"@type\":\"ImageObject\",\"inLanguage\":\"en-GB\",\"@id\":\"https:\\\/\\\/secure.gravatar.com\\\/avatar\\\/b716eca2f984b9b65bdd87118b4b909d940b619cbe6e8cb725fe11c1b1f4194f?s=96&d=monsterid&r=g9b5eff4996c6b842a29b3057a7b4746f\",\"url\":\"https:\\\/\\\/secure.gravatar.com\\\/avatar\\\/b716eca2f984b9b65bdd87118b4b909d940b619cbe6e8cb725fe11c1b1f4194f?s=96&d=monsterid&r=g\",\"contentUrl\":\"https:\\\/\\\/secure.gravatar.com\\\/avatar\\\/b716eca2f984b9b65bdd87118b4b909d940b619cbe6e8cb725fe11c1b1f4194f?s=96&d=monsterid&r=g\",\"caption\":\"Andreea Gelatu\"},\"url\":\"https:\\\/\\\/buletin.de\\\/bucuresti\\\/author\\\/andreeagelatu\\\/\"}]}<\/script>\n<!-- \/ Yoast SEO Premium plugin. -->","yoast_head_json":{"title":"Ilfov | B\u0103taie \u00een strad\u0103 la Sinte\u0219ti. Poli\u021bia a dat amenzi - Buletin de Bucure\u0219ti","robots":{"index":"index","follow":"follow","max-snippet":"max-snippet:-1","max-image-preview":"max-image-preview:large","max-video-preview":"max-video-preview:-1"},"canonical":"https:\/\/buletin.de\/bucuresti\/ilfov-bataie-in-strada-la-sintesti-politia-a-dat-amenzi\/","og_locale":"en_GB","og_type":"article","og_title":"Ilfov | B\u0103taie \u00een strad\u0103 la Sinte\u0219ti. Poli\u021bia a dat amenzi","og_description":"A fost b\u0103taie \u00een strad\u0103, \u00een seara zilei de 13 martie, la Sinte\u0219ti &#8211; Ilfov. Mai multe persoane au trecut de la injurii la pumni \u0219i topoare \u0219i s-au lini\u0219tit abia dup\u0103 interven\u021bia Poli\u021biei. 4 dintre cei implica\u021bi \u00een scandal au fost du\u0219i la audieri \u0219i au primit, fiecare, c\u00e2te 2.000 de lei amend\u0103. Poli\u021bi\u0219tii [&hellip;]","og_url":"https:\/\/buletin.de\/bucuresti\/ilfov-bataie-in-strada-la-sintesti-politia-a-dat-amenzi\/","og_site_name":"Buletin de Bucure\u0219ti","article_publisher":"https:\/\/www.facebook.com\/buletin.de.buc","article_published_time":"2023-03-14T10:54:46+00:00","article_modified_time":"2023-03-14T10:54:47+00:00","og_image":[{"width":380,"height":214,"url":"https:\/\/buletin.de\/bucuresti\/wp-content\/uploads\/siassssss-1.jpeg","type":"image\/jpeg"}],"author":"Andreea Gelatu","twitter_card":"summary_large_image","twitter_misc":{"Written by":"Andreea Gelatu","Estimated reading time":"1 minute"},"schema":{"@context":"https:\/\/schema.org","@graph":[{"@type":"Article","@id":"https:\/\/buletin.de\/bucuresti\/ilfov-bataie-in-strada-la-sintesti-politia-a-dat-amenzi\/#article","isPartOf":{"@id":"https:\/\/buletin.de\/bucuresti\/ilfov-bataie-in-strada-la-sintesti-politia-a-dat-amenzi\/"},"author":{"name":"Andreea Gelatu","@id":"https:\/\/buletin.de\/bucuresti\/#\/schema\/person\/87734700b2c7f8608881f7e93b8834de"},"headline":"Ilfov | B\u0103taie \u00een strad\u0103 la Sinte\u0219ti. Poli\u021bia a dat amenzi","datePublished":"2023-03-14T10:54:46+00:00","dateModified":"2023-03-14T10:54:47+00:00","mainEntityOfPage":{"@id":"https:\/\/buletin.de\/bucuresti\/ilfov-bataie-in-strada-la-sintesti-politia-a-dat-amenzi\/"},"wordCount":215,"publisher":{"@id":"https:\/\/buletin.de\/bucuresti\/#organization"},"image":{"@id":"https:\/\/buletin.de\/bucuresti\/ilfov-bataie-in-strada-la-sintesti-politia-a-dat-amenzi\/#primaryimage"},"thumbnailUrl":"https:\/\/buletin.de\/bucuresti\/wp-content\/uploads\/siassssss-1.jpeg","articleSection":["\u0218tiri"],"inLanguage":"en-GB","copyrightYear":"2023","copyrightHolder":{"@id":"https:\/\/buletin.de\/bucuresti\/#organization"}},{"@type":"WebPage","@id":"https:\/\/buletin.de\/bucuresti\/ilfov-bataie-in-strada-la-sintesti-politia-a-dat-amenzi\/","url":"https:\/\/buletin.de\/bucuresti\/ilfov-bataie-in-strada-la-sintesti-politia-a-dat-amenzi\/","name":"Ilfov | B\u0103taie \u00een strad\u0103 la Sinte\u0219ti. Poli\u021bia a dat amenzi - Buletin de Bucure\u0219ti","isPartOf":{"@id":"https:\/\/buletin.de\/bucuresti\/#website"},"primaryImageOfPage":{"@id":"https:\/\/buletin.de\/bucuresti\/ilfov-bataie-in-strada-la-sintesti-politia-a-dat-amenzi\/#primaryimage"},"image":{"@id":"https:\/\/buletin.de\/bucuresti\/ilfov-bataie-in-strada-la-sintesti-politia-a-dat-amenzi\/#primaryimage"},"thumbnailUrl":"https:\/\/buletin.de\/bucuresti\/wp-content\/uploads\/siassssss-1.jpeg","datePublished":"2023-03-14T10:54:46+00:00","dateModified":"2023-03-14T10:54:47+00:00","breadcrumb":{"@id":"https:\/\/buletin.de\/bucuresti\/ilfov-bataie-in-strada-la-sintesti-politia-a-dat-amenzi\/#breadcrumb"},"inLanguage":"en-GB","potentialAction":[{"@type":"ReadAction","target":["https:\/\/buletin.de\/bucuresti\/ilfov-bataie-in-strada-la-sintesti-politia-a-dat-amenzi\/"]}]},{"@type":"ImageObject","inLanguage":"en-GB","@id":"https:\/\/buletin.de\/bucuresti\/ilfov-bataie-in-strada-la-sintesti-politia-a-dat-amenzi\/#primaryimage","url":"https:\/\/buletin.de\/bucuresti\/wp-content\/uploads\/siassssss-1.jpeg","contentUrl":"https:\/\/buletin.de\/bucuresti\/wp-content\/uploads\/siassssss-1.jpeg","width":380,"height":214},{"@type":"BreadcrumbList","@id":"https:\/\/buletin.de\/bucuresti\/ilfov-bataie-in-strada-la-sintesti-politia-a-dat-amenzi\/#breadcrumb","itemListElement":[{"@type":"ListItem","position":1,"name":"Acas\u0103","item":"https:\/\/buletin.de\/bucuresti\/"},{"@type":"ListItem","position":2,"name":"Ilfov | B\u0103taie \u00een strad\u0103 la Sinte\u0219ti. Poli\u021bia a dat amenzi"}]},{"@type":"WebSite","@id":"https:\/\/buletin.de\/bucuresti\/#website","url":"https:\/\/buletin.de\/bucuresti\/","name":"Buletin de Bucure\u0219ti","description":"\u0218tiri \u0219i investiga\u021bii esen\u021biale din capital\u0103","publisher":{"@id":"https:\/\/buletin.de\/bucuresti\/#organization"},"potentialAction":[{"@type":"SearchAction","target":{"@type":"EntryPoint","urlTemplate":"https:\/\/buletin.de\/bucuresti\/?s={search_term_string}"},"query-input":{"@type":"PropertyValueSpecification","valueRequired":true,"valueName":"search_term_string"}}],"inLanguage":"en-GB"},{"@type":"Organization","@id":"https:\/\/buletin.de\/bucuresti\/#organization","name":"Buletin de Bucure\u0219ti","url":"https:\/\/buletin.de\/bucuresti\/","logo":{"@type":"ImageObject","inLanguage":"en-GB","@id":"https:\/\/buletin.de\/bucuresti\/#\/schema\/logo\/image\/","url":"https:\/\/buletin.de\/bucuresti\/wp-content\/uploads\/logo-bdb-full-wide-vernil-transparent.png","contentUrl":"https:\/\/buletin.de\/bucuresti\/wp-content\/uploads\/logo-bdb-full-wide-vernil-transparent.png","width":1782,"height":626,"caption":"Buletin de Bucure\u0219ti"},"image":{"@id":"https:\/\/buletin.de\/bucuresti\/#\/schema\/logo\/image\/"},"sameAs":["https:\/\/www.facebook.com\/buletin.de.buc","https:\/\/www.instagram.com\/buletinde.bucuresti\/"]},{"@type":"Person","@id":"https:\/\/buletin.de\/bucuresti\/#\/schema\/person\/87734700b2c7f8608881f7e93b8834de","name":"Andreea Gelatu","image":{"@type":"ImageObject","inLanguage":"en-GB","@id":"https:\/\/secure.gravatar.com\/avatar\/b716eca2f984b9b65bdd87118b4b909d940b619cbe6e8cb725fe11c1b1f4194f?s=96&d=monsterid&r=g9b5eff4996c6b842a29b3057a7b4746f","url":"https:\/\/secure.gravatar.com\/avatar\/b716eca2f984b9b65bdd87118b4b909d940b619cbe6e8cb725fe11c1b1f4194f?s=96&d=monsterid&r=g","contentUrl":"https:\/\/secure.gravatar.com\/avatar\/b716eca2f984b9b65bdd87118b4b909d940b619cbe6e8cb725fe11c1b1f4194f?s=96&d=monsterid&r=g","caption":"Andreea Gelatu"},"url":"https:\/\/buletin.de\/bucuresti\/author\/andreeagelatu\/"}]}},"authors":[{"term_id":22605,"user_id":46,"is_guest":0,"slug":"andreeagelatu","display_name":"Andreea Gelatu","avatar_url":"https:\/\/secure.gravatar.com\/avatar\/b716eca2f984b9b65bdd87118b4b909d940b619cbe6e8cb725fe11c1b1f4194f?s=96&d=monsterid&r=g","0":null,"1":"","2":"","3":"","4":"","5":"","6":"","7":"","8":""}],"_links":{"self":[{"href":"https:\/\/buletin.de\/bucuresti\/wp-json\/wp\/v2\/posts\/55974","targetHints":{"allow":["GET"]}}],"collection":[{"href":"https:\/\/buletin.de\/bucuresti\/wp-json\/wp\/v2\/posts"}],"about":[{"href":"https:\/\/buletin.de\/bucuresti\/wp-json\/wp\/v2\/types\/post"}],"author":[{"embeddable":true,"href":"https:\/\/buletin.de\/bucuresti\/wp-json\/wp\/v2\/users\/46"}],"replies":[{"embeddable":true,"href":"https:\/\/buletin.de\/bucuresti\/wp-json\/wp\/v2\/comments?post=55974"}],"version-history":[{"count":5,"href":"https:\/\/buletin.de\/bucuresti\/wp-json\/wp\/v2\/posts\/55974\/revisions"}],"predecessor-version":[{"id":55982,"href":"https:\/\/buletin.de\/bucuresti\/wp-json\/wp\/v2\/posts\/55974\/revisions\/55982"}],"wp:featuredmedia":[{"embeddable":true,"href":"https:\/\/buletin.de\/bucuresti\/wp-json\/wp\/v2\/media\/55978"}],"wp:attachment":[{"href":"https:\/\/buletin.de\/bucuresti\/wp-json\/wp\/v2\/media?parent=55974"}],"wp:term":[{"taxonomy":"category","embeddable":true,"href":"https:\/\/buletin.de\/bucuresti\/wp-json\/wp\/v2\/categories?post=55974"},{"taxonomy":"post_tag","embeddable":true,"href":"https:\/\/buletin.de\/bucuresti\/wp-json\/wp\/v2\/tags?post=55974"},{"taxonomy":"author","embeddable":true,"href":"https:\/\/buletin.de\/bucuresti\/wp-json\/wp\/v2\/ppma_author?post=55974"}],"curies":[{"name":"wp","href":"https:\/\/api.w.org\/{rel}","templated":true}]}}