{"id":55963,"date":"2023-03-14T12:00:39","date_gmt":"2023-03-14T10:00:39","guid":{"rendered":"https:\/\/buletin.de\/bucuresti\/?p=55963"},"modified":"2023-03-14T13:04:55","modified_gmt":"2023-03-14T11:04:55","slug":"bnr-evacuat-cladirea-s-a-umplut-de-fum","status":"publish","type":"post","link":"https:\/\/buletin.de\/bucuresti\/bnr-evacuat-cladirea-s-a-umplut-de-fum\/","title":{"rendered":"Cl\u0103direa BNR, evacuat\u0103. Imobilul s-a umplut de fum"},"content":{"rendered":"\n<p>Actualizare: \u00cen urma verific\u0103rilor nu au fost identificate alte probleme. O parte din personalul cl\u0103dirii a fost evacuat iar aproximativ 200 de persoane au ie\u0219it singure.<\/p>\n\n\n\n<p>Cl\u0103direa BNR este evacuat\u0103, \u00een acest moment, din cauza unui fum gros care a umplut cl\u0103direa. Din primele informa\u021bii, dup\u0103 o pan\u0103 de curent, generatoarele de curent ale sediului BNR au intrat \u00een func\u021biune \u0219i au scos fum. ISU a intervenit rapid \u0219i face verific\u0103ri.<\/p>\n\n\n\n<figure class=\"wp-block-image size-large\"><img fetchpriority=\"high\" decoding=\"async\" width=\"816\" height=\"900\" src=\"data:image\/gif;base64,R0lGODlhAQABAAAAACH5BAEKAAEALAAAAAABAAEAAAICTAEAOw==\" data-src=\"https:\/\/buletin.de\/bucuresti\/wp-content\/uploads\/IMG-20230314-WA0004-816x900.jpg\" alt=\"\" class=\"wp-image-55985 lazyload\" data-sizes=\"auto\" data-srcset=\"https:\/\/buletin.de\/bucuresti\/wp-content\/uploads\/IMG-20230314-WA0004-816x900.jpg 816w, https:\/\/buletin.de\/bucuresti\/wp-content\/uploads\/IMG-20230314-WA0004-272x300.jpg 272w, https:\/\/buletin.de\/bucuresti\/wp-content\/uploads\/IMG-20230314-WA0004-768x847.jpg 768w, https:\/\/buletin.de\/bucuresti\/wp-content\/uploads\/IMG-20230314-WA0004-1060x1169.jpg 1060w, https:\/\/buletin.de\/bucuresti\/wp-content\/uploads\/IMG-20230314-WA0004-550x607.jpg 550w, https:\/\/buletin.de\/bucuresti\/wp-content\/uploads\/IMG-20230314-WA0004-453x500.jpg 453w, https:\/\/buletin.de\/bucuresti\/wp-content\/uploads\/IMG-20230314-WA0004-979x1080.jpg 979w, https:\/\/buletin.de\/bucuresti\/wp-content\/uploads\/IMG-20230314-WA0004-600x662.jpg 600w, https:\/\/buletin.de\/bucuresti\/wp-content\/uploads\/IMG-20230314-WA0004.jpg 1080w\" sizes=\"(max-width: 816px) 100vw, 816px\" \/><figcaption>Imagini amator<\/figcaption><\/figure>\n\n\n\n<p><\/p>\n\n\n\n<p><\/p>\n\n\n\n<p><\/p>\n\n\n\n<p><\/p>\n","protected":false},"excerpt":{"rendered":"<p>Actualizare: \u00cen urma verific\u0103rilor nu au fost identificate alte probleme. O parte din personalul cl\u0103dirii a fost evacuat iar aproximativ 200 de persoane au ie\u0219it singure. Cl\u0103direa BNR este evacuat\u0103, \u00een acest moment, din cauza unui fum gros care a umplut cl\u0103direa. Din primele informa\u021bii, dup\u0103 o pan\u0103 de curent, generatoarele de curent ale sediului [&hellip;]<\/p>\n","protected":false},"author":47,"featured_media":55966,"comment_status":"closed","ping_status":"open","sticky":false,"template":"","format":"standard","meta":{"_acf_changed":false,"inline_featured_image":false,"ngg_post_thumbnail":0,"footnotes":""},"categories":[62],"tags":[],"ppma_author":[22580],"class_list":["post-55963","post","type-post","status-publish","format-standard","has-post-thumbnail","hentry","category-stiri"],"acf":[],"yoast_head":"<!-- This site is optimized with the Yoast SEO Premium plugin v25.3 (Yoast SEO v27.5) - https:\/\/yoast.com\/product\/yoast-seo-premium-wordpress\/ -->\n<title>Cl\u0103direa BNR, evacuat\u0103. Imobilul s-a umplut de fum - Buletin de Bucure\u0219ti<\/title>\n<meta name=\"robots\" content=\"index, follow, max-snippet:-1, max-image-preview:large, max-video-preview:-1\" \/>\n<link rel=\"canonical\" href=\"https:\/\/buletin.de\/bucuresti\/bnr-evacuat-cladirea-s-a-umplut-de-fum\/\" \/>\n<meta property=\"og:locale\" content=\"en_GB\" \/>\n<meta property=\"og:type\" content=\"article\" \/>\n<meta property=\"og:title\" content=\"Cl\u0103direa BNR, evacuat\u0103. Imobilul s-a umplut de fum\" \/>\n<meta property=\"og:description\" content=\"Actualizare: \u00cen urma verific\u0103rilor nu au fost identificate alte probleme. O parte din personalul cl\u0103dirii a fost evacuat iar aproximativ 200 de persoane au ie\u0219it singure. Cl\u0103direa BNR este evacuat\u0103, \u00een acest moment, din cauza unui fum gros care a umplut cl\u0103direa. Din primele informa\u021bii, dup\u0103 o pan\u0103 de curent, generatoarele de curent ale sediului [&hellip;]\" \/>\n<meta property=\"og:url\" content=\"https:\/\/buletin.de\/bucuresti\/bnr-evacuat-cladirea-s-a-umplut-de-fum\/\" \/>\n<meta property=\"og:site_name\" content=\"Buletin de Bucure\u0219ti\" \/>\n<meta property=\"article:publisher\" content=\"https:\/\/www.facebook.com\/buletin.de.buc\" \/>\n<meta property=\"article:published_time\" content=\"2023-03-14T10:00:39+00:00\" \/>\n<meta property=\"article:modified_time\" content=\"2023-03-14T11:04:55+00:00\" \/>\n<meta property=\"og:image\" content=\"https:\/\/buletin.de\/bucuresti\/wp-content\/uploads\/plot1.jpg\" \/>\n\t<meta property=\"og:image:width\" content=\"600\" \/>\n\t<meta property=\"og:image:height\" content=\"300\" \/>\n\t<meta property=\"og:image:type\" content=\"image\/jpeg\" \/>\n<meta name=\"author\" content=\"Adina C\u0103p\u00eelnean\" \/>\n<meta name=\"twitter:card\" content=\"summary_large_image\" \/>\n<meta name=\"twitter:label1\" content=\"Written by\" \/>\n\t<meta name=\"twitter:data1\" content=\"Adina C\u0103p\u00eelnean\" \/>\n\t<meta name=\"twitter:label2\" content=\"Estimated reading time\" \/>\n\t<meta name=\"twitter:data2\" content=\"1 minute\" \/>\n<script type=\"application\/ld+json\" class=\"yoast-schema-graph\">{\"@context\":\"https:\\\/\\\/schema.org\",\"@graph\":[{\"@type\":\"Article\",\"@id\":\"https:\\\/\\\/buletin.de\\\/bucuresti\\\/bnr-evacuat-cladirea-s-a-umplut-de-fum\\\/#article\",\"isPartOf\":{\"@id\":\"https:\\\/\\\/buletin.de\\\/bucuresti\\\/bnr-evacuat-cladirea-s-a-umplut-de-fum\\\/\"},\"author\":{\"name\":\"Adina C\u0103p\u00eelnean\",\"@id\":\"https:\\\/\\\/buletin.de\\\/bucuresti\\\/#\\\/schema\\\/person\\\/ab174cf6711728e4ee83d672acf9a912\"},\"headline\":\"Cl\u0103direa BNR, evacuat\u0103. Imobilul s-a umplut de fum\",\"datePublished\":\"2023-03-14T10:00:39+00:00\",\"dateModified\":\"2023-03-14T11:04:55+00:00\",\"mainEntityOfPage\":{\"@id\":\"https:\\\/\\\/buletin.de\\\/bucuresti\\\/bnr-evacuat-cladirea-s-a-umplut-de-fum\\\/\"},\"wordCount\":89,\"publisher\":{\"@id\":\"https:\\\/\\\/buletin.de\\\/bucuresti\\\/#organization\"},\"image\":{\"@id\":\"https:\\\/\\\/buletin.de\\\/bucuresti\\\/bnr-evacuat-cladirea-s-a-umplut-de-fum\\\/#primaryimage\"},\"thumbnailUrl\":\"https:\\\/\\\/buletin.de\\\/bucuresti\\\/wp-content\\\/uploads\\\/plot1.jpg\",\"articleSection\":[\"\u0218tiri\"],\"inLanguage\":\"en-GB\",\"copyrightYear\":\"2023\",\"copyrightHolder\":{\"@id\":\"https:\\\/\\\/buletin.de\\\/bucuresti\\\/#organization\"}},{\"@type\":\"WebPage\",\"@id\":\"https:\\\/\\\/buletin.de\\\/bucuresti\\\/bnr-evacuat-cladirea-s-a-umplut-de-fum\\\/\",\"url\":\"https:\\\/\\\/buletin.de\\\/bucuresti\\\/bnr-evacuat-cladirea-s-a-umplut-de-fum\\\/\",\"name\":\"Cl\u0103direa BNR, evacuat\u0103. Imobilul s-a umplut de fum - Buletin de Bucure\u0219ti\",\"isPartOf\":{\"@id\":\"https:\\\/\\\/buletin.de\\\/bucuresti\\\/#website\"},\"primaryImageOfPage\":{\"@id\":\"https:\\\/\\\/buletin.de\\\/bucuresti\\\/bnr-evacuat-cladirea-s-a-umplut-de-fum\\\/#primaryimage\"},\"image\":{\"@id\":\"https:\\\/\\\/buletin.de\\\/bucuresti\\\/bnr-evacuat-cladirea-s-a-umplut-de-fum\\\/#primaryimage\"},\"thumbnailUrl\":\"https:\\\/\\\/buletin.de\\\/bucuresti\\\/wp-content\\\/uploads\\\/plot1.jpg\",\"datePublished\":\"2023-03-14T10:00:39+00:00\",\"dateModified\":\"2023-03-14T11:04:55+00:00\",\"breadcrumb\":{\"@id\":\"https:\\\/\\\/buletin.de\\\/bucuresti\\\/bnr-evacuat-cladirea-s-a-umplut-de-fum\\\/#breadcrumb\"},\"inLanguage\":\"en-GB\",\"potentialAction\":[{\"@type\":\"ReadAction\",\"target\":[\"https:\\\/\\\/buletin.de\\\/bucuresti\\\/bnr-evacuat-cladirea-s-a-umplut-de-fum\\\/\"]}]},{\"@type\":\"ImageObject\",\"inLanguage\":\"en-GB\",\"@id\":\"https:\\\/\\\/buletin.de\\\/bucuresti\\\/bnr-evacuat-cladirea-s-a-umplut-de-fum\\\/#primaryimage\",\"url\":\"https:\\\/\\\/buletin.de\\\/bucuresti\\\/wp-content\\\/uploads\\\/plot1.jpg\",\"contentUrl\":\"https:\\\/\\\/buletin.de\\\/bucuresti\\\/wp-content\\\/uploads\\\/plot1.jpg\",\"width\":600,\"height\":300},{\"@type\":\"BreadcrumbList\",\"@id\":\"https:\\\/\\\/buletin.de\\\/bucuresti\\\/bnr-evacuat-cladirea-s-a-umplut-de-fum\\\/#breadcrumb\",\"itemListElement\":[{\"@type\":\"ListItem\",\"position\":1,\"name\":\"Acas\u0103\",\"item\":\"https:\\\/\\\/buletin.de\\\/bucuresti\\\/\"},{\"@type\":\"ListItem\",\"position\":2,\"name\":\"Cl\u0103direa BNR, evacuat\u0103. Imobilul s-a umplut de fum\"}]},{\"@type\":\"WebSite\",\"@id\":\"https:\\\/\\\/buletin.de\\\/bucuresti\\\/#website\",\"url\":\"https:\\\/\\\/buletin.de\\\/bucuresti\\\/\",\"name\":\"Buletin de Bucure\u0219ti\",\"description\":\"\u0218tiri \u0219i investiga\u021bii esen\u021biale din capital\u0103\",\"publisher\":{\"@id\":\"https:\\\/\\\/buletin.de\\\/bucuresti\\\/#organization\"},\"potentialAction\":[{\"@type\":\"SearchAction\",\"target\":{\"@type\":\"EntryPoint\",\"urlTemplate\":\"https:\\\/\\\/buletin.de\\\/bucuresti\\\/?s={search_term_string}\"},\"query-input\":{\"@type\":\"PropertyValueSpecification\",\"valueRequired\":true,\"valueName\":\"search_term_string\"}}],\"inLanguage\":\"en-GB\"},{\"@type\":\"Organization\",\"@id\":\"https:\\\/\\\/buletin.de\\\/bucuresti\\\/#organization\",\"name\":\"Buletin de Bucure\u0219ti\",\"url\":\"https:\\\/\\\/buletin.de\\\/bucuresti\\\/\",\"logo\":{\"@type\":\"ImageObject\",\"inLanguage\":\"en-GB\",\"@id\":\"https:\\\/\\\/buletin.de\\\/bucuresti\\\/#\\\/schema\\\/logo\\\/image\\\/\",\"url\":\"https:\\\/\\\/buletin.de\\\/bucuresti\\\/wp-content\\\/uploads\\\/logo-bdb-full-wide-vernil-transparent.png\",\"contentUrl\":\"https:\\\/\\\/buletin.de\\\/bucuresti\\\/wp-content\\\/uploads\\\/logo-bdb-full-wide-vernil-transparent.png\",\"width\":1782,\"height\":626,\"caption\":\"Buletin de Bucure\u0219ti\"},\"image\":{\"@id\":\"https:\\\/\\\/buletin.de\\\/bucuresti\\\/#\\\/schema\\\/logo\\\/image\\\/\"},\"sameAs\":[\"https:\\\/\\\/www.facebook.com\\\/buletin.de.buc\",\"https:\\\/\\\/www.instagram.com\\\/buletinde.bucuresti\\\/\"]},{\"@type\":\"Person\",\"@id\":\"https:\\\/\\\/buletin.de\\\/bucuresti\\\/#\\\/schema\\\/person\\\/ab174cf6711728e4ee83d672acf9a912\",\"name\":\"Adina C\u0103p\u00eelnean\",\"image\":{\"@type\":\"ImageObject\",\"inLanguage\":\"en-GB\",\"@id\":\"https:\\\/\\\/secure.gravatar.com\\\/avatar\\\/4fe9675d6282fd7c1aa4e486a037d532d5728fc16a30360f293eb6126b2e73ad?s=96&d=monsterid&r=ge2b23868508aec3460d3c6a11d3b599a\",\"url\":\"https:\\\/\\\/secure.gravatar.com\\\/avatar\\\/4fe9675d6282fd7c1aa4e486a037d532d5728fc16a30360f293eb6126b2e73ad?s=96&d=monsterid&r=g\",\"contentUrl\":\"https:\\\/\\\/secure.gravatar.com\\\/avatar\\\/4fe9675d6282fd7c1aa4e486a037d532d5728fc16a30360f293eb6126b2e73ad?s=96&d=monsterid&r=g\",\"caption\":\"Adina C\u0103p\u00eelnean\"},\"url\":\"https:\\\/\\\/buletin.de\\\/bucuresti\\\/author\\\/adinacapilnean\\\/\"}]}<\/script>\n<!-- \/ Yoast SEO Premium plugin. -->","yoast_head_json":{"title":"Cl\u0103direa BNR, evacuat\u0103. Imobilul s-a umplut de fum - Buletin de Bucure\u0219ti","robots":{"index":"index","follow":"follow","max-snippet":"max-snippet:-1","max-image-preview":"max-image-preview:large","max-video-preview":"max-video-preview:-1"},"canonical":"https:\/\/buletin.de\/bucuresti\/bnr-evacuat-cladirea-s-a-umplut-de-fum\/","og_locale":"en_GB","og_type":"article","og_title":"Cl\u0103direa BNR, evacuat\u0103. Imobilul s-a umplut de fum","og_description":"Actualizare: \u00cen urma verific\u0103rilor nu au fost identificate alte probleme. O parte din personalul cl\u0103dirii a fost evacuat iar aproximativ 200 de persoane au ie\u0219it singure. Cl\u0103direa BNR este evacuat\u0103, \u00een acest moment, din cauza unui fum gros care a umplut cl\u0103direa. Din primele informa\u021bii, dup\u0103 o pan\u0103 de curent, generatoarele de curent ale sediului [&hellip;]","og_url":"https:\/\/buletin.de\/bucuresti\/bnr-evacuat-cladirea-s-a-umplut-de-fum\/","og_site_name":"Buletin de Bucure\u0219ti","article_publisher":"https:\/\/www.facebook.com\/buletin.de.buc","article_published_time":"2023-03-14T10:00:39+00:00","article_modified_time":"2023-03-14T11:04:55+00:00","og_image":[{"width":600,"height":300,"url":"https:\/\/buletin.de\/bucuresti\/wp-content\/uploads\/plot1.jpg","type":"image\/jpeg"}],"author":"Adina C\u0103p\u00eelnean","twitter_card":"summary_large_image","twitter_misc":{"Written by":"Adina C\u0103p\u00eelnean","Estimated reading time":"1 minute"},"schema":{"@context":"https:\/\/schema.org","@graph":[{"@type":"Article","@id":"https:\/\/buletin.de\/bucuresti\/bnr-evacuat-cladirea-s-a-umplut-de-fum\/#article","isPartOf":{"@id":"https:\/\/buletin.de\/bucuresti\/bnr-evacuat-cladirea-s-a-umplut-de-fum\/"},"author":{"name":"Adina C\u0103p\u00eelnean","@id":"https:\/\/buletin.de\/bucuresti\/#\/schema\/person\/ab174cf6711728e4ee83d672acf9a912"},"headline":"Cl\u0103direa BNR, evacuat\u0103. Imobilul s-a umplut de fum","datePublished":"2023-03-14T10:00:39+00:00","dateModified":"2023-03-14T11:04:55+00:00","mainEntityOfPage":{"@id":"https:\/\/buletin.de\/bucuresti\/bnr-evacuat-cladirea-s-a-umplut-de-fum\/"},"wordCount":89,"publisher":{"@id":"https:\/\/buletin.de\/bucuresti\/#organization"},"image":{"@id":"https:\/\/buletin.de\/bucuresti\/bnr-evacuat-cladirea-s-a-umplut-de-fum\/#primaryimage"},"thumbnailUrl":"https:\/\/buletin.de\/bucuresti\/wp-content\/uploads\/plot1.jpg","articleSection":["\u0218tiri"],"inLanguage":"en-GB","copyrightYear":"2023","copyrightHolder":{"@id":"https:\/\/buletin.de\/bucuresti\/#organization"}},{"@type":"WebPage","@id":"https:\/\/buletin.de\/bucuresti\/bnr-evacuat-cladirea-s-a-umplut-de-fum\/","url":"https:\/\/buletin.de\/bucuresti\/bnr-evacuat-cladirea-s-a-umplut-de-fum\/","name":"Cl\u0103direa BNR, evacuat\u0103. Imobilul s-a umplut de fum - Buletin de Bucure\u0219ti","isPartOf":{"@id":"https:\/\/buletin.de\/bucuresti\/#website"},"primaryImageOfPage":{"@id":"https:\/\/buletin.de\/bucuresti\/bnr-evacuat-cladirea-s-a-umplut-de-fum\/#primaryimage"},"image":{"@id":"https:\/\/buletin.de\/bucuresti\/bnr-evacuat-cladirea-s-a-umplut-de-fum\/#primaryimage"},"thumbnailUrl":"https:\/\/buletin.de\/bucuresti\/wp-content\/uploads\/plot1.jpg","datePublished":"2023-03-14T10:00:39+00:00","dateModified":"2023-03-14T11:04:55+00:00","breadcrumb":{"@id":"https:\/\/buletin.de\/bucuresti\/bnr-evacuat-cladirea-s-a-umplut-de-fum\/#breadcrumb"},"inLanguage":"en-GB","potentialAction":[{"@type":"ReadAction","target":["https:\/\/buletin.de\/bucuresti\/bnr-evacuat-cladirea-s-a-umplut-de-fum\/"]}]},{"@type":"ImageObject","inLanguage":"en-GB","@id":"https:\/\/buletin.de\/bucuresti\/bnr-evacuat-cladirea-s-a-umplut-de-fum\/#primaryimage","url":"https:\/\/buletin.de\/bucuresti\/wp-content\/uploads\/plot1.jpg","contentUrl":"https:\/\/buletin.de\/bucuresti\/wp-content\/uploads\/plot1.jpg","width":600,"height":300},{"@type":"BreadcrumbList","@id":"https:\/\/buletin.de\/bucuresti\/bnr-evacuat-cladirea-s-a-umplut-de-fum\/#breadcrumb","itemListElement":[{"@type":"ListItem","position":1,"name":"Acas\u0103","item":"https:\/\/buletin.de\/bucuresti\/"},{"@type":"ListItem","position":2,"name":"Cl\u0103direa BNR, evacuat\u0103. Imobilul s-a umplut de fum"}]},{"@type":"WebSite","@id":"https:\/\/buletin.de\/bucuresti\/#website","url":"https:\/\/buletin.de\/bucuresti\/","name":"Buletin de Bucure\u0219ti","description":"\u0218tiri \u0219i investiga\u021bii esen\u021biale din capital\u0103","publisher":{"@id":"https:\/\/buletin.de\/bucuresti\/#organization"},"potentialAction":[{"@type":"SearchAction","target":{"@type":"EntryPoint","urlTemplate":"https:\/\/buletin.de\/bucuresti\/?s={search_term_string}"},"query-input":{"@type":"PropertyValueSpecification","valueRequired":true,"valueName":"search_term_string"}}],"inLanguage":"en-GB"},{"@type":"Organization","@id":"https:\/\/buletin.de\/bucuresti\/#organization","name":"Buletin de Bucure\u0219ti","url":"https:\/\/buletin.de\/bucuresti\/","logo":{"@type":"ImageObject","inLanguage":"en-GB","@id":"https:\/\/buletin.de\/bucuresti\/#\/schema\/logo\/image\/","url":"https:\/\/buletin.de\/bucuresti\/wp-content\/uploads\/logo-bdb-full-wide-vernil-transparent.png","contentUrl":"https:\/\/buletin.de\/bucuresti\/wp-content\/uploads\/logo-bdb-full-wide-vernil-transparent.png","width":1782,"height":626,"caption":"Buletin de Bucure\u0219ti"},"image":{"@id":"https:\/\/buletin.de\/bucuresti\/#\/schema\/logo\/image\/"},"sameAs":["https:\/\/www.facebook.com\/buletin.de.buc","https:\/\/www.instagram.com\/buletinde.bucuresti\/"]},{"@type":"Person","@id":"https:\/\/buletin.de\/bucuresti\/#\/schema\/person\/ab174cf6711728e4ee83d672acf9a912","name":"Adina C\u0103p\u00eelnean","image":{"@type":"ImageObject","inLanguage":"en-GB","@id":"https:\/\/secure.gravatar.com\/avatar\/4fe9675d6282fd7c1aa4e486a037d532d5728fc16a30360f293eb6126b2e73ad?s=96&d=monsterid&r=ge2b23868508aec3460d3c6a11d3b599a","url":"https:\/\/secure.gravatar.com\/avatar\/4fe9675d6282fd7c1aa4e486a037d532d5728fc16a30360f293eb6126b2e73ad?s=96&d=monsterid&r=g","contentUrl":"https:\/\/secure.gravatar.com\/avatar\/4fe9675d6282fd7c1aa4e486a037d532d5728fc16a30360f293eb6126b2e73ad?s=96&d=monsterid&r=g","caption":"Adina C\u0103p\u00eelnean"},"url":"https:\/\/buletin.de\/bucuresti\/author\/adinacapilnean\/"}]}},"authors":[{"term_id":22580,"user_id":47,"is_guest":0,"slug":"adinacapilnean","display_name":"Adina C\u0103p\u00eelnean","avatar_url":"https:\/\/secure.gravatar.com\/avatar\/4fe9675d6282fd7c1aa4e486a037d532d5728fc16a30360f293eb6126b2e73ad?s=96&d=monsterid&r=g","0":null,"1":"","2":"","3":"","4":"","5":"","6":"","7":"","8":""}],"_links":{"self":[{"href":"https:\/\/buletin.de\/bucuresti\/wp-json\/wp\/v2\/posts\/55963","targetHints":{"allow":["GET"]}}],"collection":[{"href":"https:\/\/buletin.de\/bucuresti\/wp-json\/wp\/v2\/posts"}],"about":[{"href":"https:\/\/buletin.de\/bucuresti\/wp-json\/wp\/v2\/types\/post"}],"author":[{"embeddable":true,"href":"https:\/\/buletin.de\/bucuresti\/wp-json\/wp\/v2\/users\/47"}],"replies":[{"embeddable":true,"href":"https:\/\/buletin.de\/bucuresti\/wp-json\/wp\/v2\/comments?post=55963"}],"version-history":[{"count":8,"href":"https:\/\/buletin.de\/bucuresti\/wp-json\/wp\/v2\/posts\/55963\/revisions"}],"predecessor-version":[{"id":55986,"href":"https:\/\/buletin.de\/bucuresti\/wp-json\/wp\/v2\/posts\/55963\/revisions\/55986"}],"wp:featuredmedia":[{"embeddable":true,"href":"https:\/\/buletin.de\/bucuresti\/wp-json\/wp\/v2\/media\/55966"}],"wp:attachment":[{"href":"https:\/\/buletin.de\/bucuresti\/wp-json\/wp\/v2\/media?parent=55963"}],"wp:term":[{"taxonomy":"category","embeddable":true,"href":"https:\/\/buletin.de\/bucuresti\/wp-json\/wp\/v2\/categories?post=55963"},{"taxonomy":"post_tag","embeddable":true,"href":"https:\/\/buletin.de\/bucuresti\/wp-json\/wp\/v2\/tags?post=55963"},{"taxonomy":"author","embeddable":true,"href":"https:\/\/buletin.de\/bucuresti\/wp-json\/wp\/v2\/ppma_author?post=55963"}],"curies":[{"name":"wp","href":"https:\/\/api.w.org\/{rel}","templated":true}]}}