{"id":55950,"date":"2023-03-14T11:46:20","date_gmt":"2023-03-14T09:46:20","guid":{"rendered":"https:\/\/buletin.de\/bucuresti\/?p=55950"},"modified":"2023-03-14T11:46:20","modified_gmt":"2023-03-14T09:46:20","slug":"video-proprietarul-unui-radio-pirat-saltat-de-politisti","status":"publish","type":"post","link":"https:\/\/buletin.de\/bucuresti\/video-proprietarul-unui-radio-pirat-saltat-de-politisti\/","title":{"rendered":"Video | Proprietarul unui radio pirat, s\u0103ltat de poli\u021bi\u0219ti"},"content":{"rendered":"\n<p><strong>Un b\u0103rbat din Sectorul 4 acuzat c\u0103 emite ilegal programe radio a fost ridicat de poli\u021bi\u0219ti. Postul pirat emitea muzic\u0103, dar avea \u0219i programe \u00een care de\u021bin\u0103torul intra \u00een leg\u0103tur\u0103 direct\u0103 cu ascult\u0103torii. Poli\u021bi\u0219tii au f\u0103cut perchezi\u021bii domiciliare ast\u0103zi, 14 martie, iar b\u0103rbatul a fost dus la audieri.<\/strong><\/p>\n\n\n\n<figure class=\"wp-block-video\"><video height=\"352\" style=\"aspect-ratio: 640 \/ 352;\" width=\"640\" controls src=\"https:\/\/buletin.de\/bucuresti\/wp-content\/uploads\/WhatsApp-Video-2023-03-14-at-10.29.19.mp4\"><\/video><\/figure>\n\n\n\n<p>Anchetatorii sus\u021bin c\u0103, \u00een perioada 2021-2023, suspectul ar fi emis, de la locuin\u021ba sa, cu ajutorul unor dispozitive artizanale de emisie-recep\u021bie, programe radio pe frecven\u021ba 107,8 MHz. Postul de radio pirat avea \u0219i mai multe nume: Radio Fun, Radio Hit Fm \u0219i Radio Power. <\/p>\n\n\n\n<p>Pe l\u00e2ng\u0103 muzic\u0103, programele aveau \u0219i tronsoane dedicate ascult\u0103torilor \u00een care suspectul intra \u00een leg\u0103tur\u0103 cu ace\u0219tia. Antena de emisie era montat\u0103 chiar pe terasa blocului unde locuia b\u0103rbatul. <\/p>\n\n\n\n<p>Poli\u021bi\u0219tii Capitalei &#8211; Serviciul de Investigare a Criminalit\u0103\u021bii Economice &#8211; Sector 4, sub coordonarea Parchetului de pe l\u00e2ng\u0103 Judec\u0103toria Sectorului 4, au f\u0103cut perchezi\u021bii domiciliare la dou\u0103 adrese. Anchetatorii au ridicat aparatura folosit\u0103 pentru radioul pirat. <\/p>\n\n\n\n<p>Cercet\u0103rile vizeaz\u0103 s\u0103v\u00e2r\u0219irea infrac\u021biunii de transmisie a serviciilor de radiodifuziune f\u0103r\u0103 licen\u021b\u0103 de emisie sau licen\u021b\u0103 de utilizare a frecven\u021belor radio \u00een sistem digital terestru, \u00een form\u0103 continuat\u0103.<\/p>\n\n\n\n<figure class=\"wp-block-image size-full is-resized\"><img fetchpriority=\"high\" decoding=\"async\" src=\"data:image\/gif;base64,R0lGODlhAQABAAAAACH5BAEKAAEALAAAAAABAAEAAAICTAEAOw==\" data-src=\"https:\/\/buletin.de\/bucuresti\/wp-content\/uploads\/Captura-5.jpg\" alt=\"\" class=\"wp-image-55953 lazyload\" width=\"833\" height=\"128\" data-sizes=\"auto\" data-srcset=\"https:\/\/buletin.de\/bucuresti\/wp-content\/uploads\/Captura-5.jpg 833w, https:\/\/buletin.de\/bucuresti\/wp-content\/uploads\/Captura-5-300x46.jpg 300w, https:\/\/buletin.de\/bucuresti\/wp-content\/uploads\/Captura-5-768x118.jpg 768w, https:\/\/buletin.de\/bucuresti\/wp-content\/uploads\/Captura-5-550x85.jpg 550w, https:\/\/buletin.de\/bucuresti\/wp-content\/uploads\/Captura-5-600x92.jpg 600w\" sizes=\"(max-width: 833px) 100vw, 833px\" \/><figcaption>Art. 96 din Legea Audiovizualului nr. 504\/2002<\/figcaption><\/figure>\n\n\n\n<p>B\u0103rbatul b\u0103nuit a fost condus la audieri pentru continuarea verific\u0103rilor. <\/p>\n","protected":false},"excerpt":{"rendered":"<p>Un b\u0103rbat din Sectorul 4 acuzat c\u0103 emite ilegal programe radio a fost ridicat de poli\u021bi\u0219ti. Postul pirat emitea muzic\u0103, dar avea \u0219i programe \u00een care de\u021bin\u0103torul intra \u00een leg\u0103tur\u0103 direct\u0103 cu ascult\u0103torii. Poli\u021bi\u0219tii au f\u0103cut perchezi\u021bii domiciliare ast\u0103zi, 14 martie, iar b\u0103rbatul a fost dus la audieri. Anchetatorii sus\u021bin c\u0103, \u00een perioada 2021-2023, suspectul [&hellip;]<\/p>\n","protected":false},"author":46,"featured_media":55951,"comment_status":"closed","ping_status":"open","sticky":false,"template":"","format":"standard","meta":{"_acf_changed":false,"inline_featured_image":false,"ngg_post_thumbnail":0,"footnotes":""},"categories":[62],"tags":[],"ppma_author":[22605],"class_list":["post-55950","post","type-post","status-publish","format-standard","has-post-thumbnail","hentry","category-stiri"],"acf":[],"yoast_head":"<!-- This site is optimized with the Yoast SEO Premium plugin v25.3 (Yoast SEO v27.5) - https:\/\/yoast.com\/product\/yoast-seo-premium-wordpress\/ -->\n<title>Video | Proprietarul unui radio pirat, s\u0103ltat de poli\u021bi\u0219ti - Buletin de Bucure\u0219ti<\/title>\n<meta name=\"robots\" content=\"index, follow, max-snippet:-1, max-image-preview:large, max-video-preview:-1\" \/>\n<link rel=\"canonical\" href=\"https:\/\/buletin.de\/bucuresti\/video-proprietarul-unui-radio-pirat-saltat-de-politisti\/\" \/>\n<meta property=\"og:locale\" content=\"en_GB\" \/>\n<meta property=\"og:type\" content=\"article\" \/>\n<meta property=\"og:title\" content=\"Video | Proprietarul unui radio pirat, s\u0103ltat de poli\u021bi\u0219ti\" \/>\n<meta property=\"og:description\" content=\"Un b\u0103rbat din Sectorul 4 acuzat c\u0103 emite ilegal programe radio a fost ridicat de poli\u021bi\u0219ti. Postul pirat emitea muzic\u0103, dar avea \u0219i programe \u00een care de\u021bin\u0103torul intra \u00een leg\u0103tur\u0103 direct\u0103 cu ascult\u0103torii. Poli\u021bi\u0219tii au f\u0103cut perchezi\u021bii domiciliare ast\u0103zi, 14 martie, iar b\u0103rbatul a fost dus la audieri. Anchetatorii sus\u021bin c\u0103, \u00een perioada 2021-2023, suspectul [&hellip;]\" \/>\n<meta property=\"og:url\" content=\"https:\/\/buletin.de\/bucuresti\/video-proprietarul-unui-radio-pirat-saltat-de-politisti\/\" \/>\n<meta property=\"og:site_name\" content=\"Buletin de Bucure\u0219ti\" \/>\n<meta property=\"article:publisher\" content=\"https:\/\/www.facebook.com\/buletin.de.buc\" \/>\n<meta property=\"article:published_time\" content=\"2023-03-14T09:46:20+00:00\" \/>\n<meta property=\"og:image\" content=\"https:\/\/buletin.de\/bucuresti\/wp-content\/uploads\/Radio.png\" \/>\n\t<meta property=\"og:image:width\" content=\"640\" \/>\n\t<meta property=\"og:image:height\" content=\"426\" \/>\n\t<meta property=\"og:image:type\" content=\"image\/png\" \/>\n<meta name=\"author\" content=\"Andreea Gelatu\" \/>\n<meta name=\"twitter:card\" content=\"summary_large_image\" \/>\n<meta name=\"twitter:label1\" content=\"Written by\" \/>\n\t<meta name=\"twitter:data1\" content=\"Andreea Gelatu\" \/>\n\t<meta name=\"twitter:label2\" content=\"Estimated reading time\" \/>\n\t<meta name=\"twitter:data2\" content=\"2 minutes\" \/>\n<script type=\"application\/ld+json\" class=\"yoast-schema-graph\">{\"@context\":\"https:\\\/\\\/schema.org\",\"@graph\":[{\"@type\":\"Article\",\"@id\":\"https:\\\/\\\/buletin.de\\\/bucuresti\\\/video-proprietarul-unui-radio-pirat-saltat-de-politisti\\\/#article\",\"isPartOf\":{\"@id\":\"https:\\\/\\\/buletin.de\\\/bucuresti\\\/video-proprietarul-unui-radio-pirat-saltat-de-politisti\\\/\"},\"author\":{\"name\":\"Andreea Gelatu\",\"@id\":\"https:\\\/\\\/buletin.de\\\/bucuresti\\\/#\\\/schema\\\/person\\\/87734700b2c7f8608881f7e93b8834de\"},\"headline\":\"Video | Proprietarul unui radio pirat, s\u0103ltat de poli\u021bi\u0219ti\",\"datePublished\":\"2023-03-14T09:46:20+00:00\",\"mainEntityOfPage\":{\"@id\":\"https:\\\/\\\/buletin.de\\\/bucuresti\\\/video-proprietarul-unui-radio-pirat-saltat-de-politisti\\\/\"},\"wordCount\":245,\"publisher\":{\"@id\":\"https:\\\/\\\/buletin.de\\\/bucuresti\\\/#organization\"},\"image\":{\"@id\":\"https:\\\/\\\/buletin.de\\\/bucuresti\\\/video-proprietarul-unui-radio-pirat-saltat-de-politisti\\\/#primaryimage\"},\"thumbnailUrl\":\"https:\\\/\\\/buletin.de\\\/bucuresti\\\/wp-content\\\/uploads\\\/Radio.png\",\"articleSection\":[\"\u0218tiri\"],\"inLanguage\":\"en-GB\",\"copyrightYear\":\"2023\",\"copyrightHolder\":{\"@id\":\"https:\\\/\\\/buletin.de\\\/bucuresti\\\/#organization\"}},{\"@type\":\"WebPage\",\"@id\":\"https:\\\/\\\/buletin.de\\\/bucuresti\\\/video-proprietarul-unui-radio-pirat-saltat-de-politisti\\\/\",\"url\":\"https:\\\/\\\/buletin.de\\\/bucuresti\\\/video-proprietarul-unui-radio-pirat-saltat-de-politisti\\\/\",\"name\":\"Video | Proprietarul unui radio pirat, s\u0103ltat de poli\u021bi\u0219ti - Buletin de Bucure\u0219ti\",\"isPartOf\":{\"@id\":\"https:\\\/\\\/buletin.de\\\/bucuresti\\\/#website\"},\"primaryImageOfPage\":{\"@id\":\"https:\\\/\\\/buletin.de\\\/bucuresti\\\/video-proprietarul-unui-radio-pirat-saltat-de-politisti\\\/#primaryimage\"},\"image\":{\"@id\":\"https:\\\/\\\/buletin.de\\\/bucuresti\\\/video-proprietarul-unui-radio-pirat-saltat-de-politisti\\\/#primaryimage\"},\"thumbnailUrl\":\"https:\\\/\\\/buletin.de\\\/bucuresti\\\/wp-content\\\/uploads\\\/Radio.png\",\"datePublished\":\"2023-03-14T09:46:20+00:00\",\"breadcrumb\":{\"@id\":\"https:\\\/\\\/buletin.de\\\/bucuresti\\\/video-proprietarul-unui-radio-pirat-saltat-de-politisti\\\/#breadcrumb\"},\"inLanguage\":\"en-GB\",\"potentialAction\":[{\"@type\":\"ReadAction\",\"target\":[\"https:\\\/\\\/buletin.de\\\/bucuresti\\\/video-proprietarul-unui-radio-pirat-saltat-de-politisti\\\/\"]}]},{\"@type\":\"ImageObject\",\"inLanguage\":\"en-GB\",\"@id\":\"https:\\\/\\\/buletin.de\\\/bucuresti\\\/video-proprietarul-unui-radio-pirat-saltat-de-politisti\\\/#primaryimage\",\"url\":\"https:\\\/\\\/buletin.de\\\/bucuresti\\\/wp-content\\\/uploads\\\/Radio.png\",\"contentUrl\":\"https:\\\/\\\/buletin.de\\\/bucuresti\\\/wp-content\\\/uploads\\\/Radio.png\",\"width\":640,\"height\":426},{\"@type\":\"BreadcrumbList\",\"@id\":\"https:\\\/\\\/buletin.de\\\/bucuresti\\\/video-proprietarul-unui-radio-pirat-saltat-de-politisti\\\/#breadcrumb\",\"itemListElement\":[{\"@type\":\"ListItem\",\"position\":1,\"name\":\"Acas\u0103\",\"item\":\"https:\\\/\\\/buletin.de\\\/bucuresti\\\/\"},{\"@type\":\"ListItem\",\"position\":2,\"name\":\"Video | Proprietarul unui radio pirat, s\u0103ltat de poli\u021bi\u0219ti\"}]},{\"@type\":\"WebSite\",\"@id\":\"https:\\\/\\\/buletin.de\\\/bucuresti\\\/#website\",\"url\":\"https:\\\/\\\/buletin.de\\\/bucuresti\\\/\",\"name\":\"Buletin de Bucure\u0219ti\",\"description\":\"\u0218tiri \u0219i investiga\u021bii esen\u021biale din capital\u0103\",\"publisher\":{\"@id\":\"https:\\\/\\\/buletin.de\\\/bucuresti\\\/#organization\"},\"potentialAction\":[{\"@type\":\"SearchAction\",\"target\":{\"@type\":\"EntryPoint\",\"urlTemplate\":\"https:\\\/\\\/buletin.de\\\/bucuresti\\\/?s={search_term_string}\"},\"query-input\":{\"@type\":\"PropertyValueSpecification\",\"valueRequired\":true,\"valueName\":\"search_term_string\"}}],\"inLanguage\":\"en-GB\"},{\"@type\":\"Organization\",\"@id\":\"https:\\\/\\\/buletin.de\\\/bucuresti\\\/#organization\",\"name\":\"Buletin de Bucure\u0219ti\",\"url\":\"https:\\\/\\\/buletin.de\\\/bucuresti\\\/\",\"logo\":{\"@type\":\"ImageObject\",\"inLanguage\":\"en-GB\",\"@id\":\"https:\\\/\\\/buletin.de\\\/bucuresti\\\/#\\\/schema\\\/logo\\\/image\\\/\",\"url\":\"https:\\\/\\\/buletin.de\\\/bucuresti\\\/wp-content\\\/uploads\\\/logo-bdb-full-wide-vernil-transparent.png\",\"contentUrl\":\"https:\\\/\\\/buletin.de\\\/bucuresti\\\/wp-content\\\/uploads\\\/logo-bdb-full-wide-vernil-transparent.png\",\"width\":1782,\"height\":626,\"caption\":\"Buletin de Bucure\u0219ti\"},\"image\":{\"@id\":\"https:\\\/\\\/buletin.de\\\/bucuresti\\\/#\\\/schema\\\/logo\\\/image\\\/\"},\"sameAs\":[\"https:\\\/\\\/www.facebook.com\\\/buletin.de.buc\",\"https:\\\/\\\/www.instagram.com\\\/buletinde.bucuresti\\\/\"]},{\"@type\":\"Person\",\"@id\":\"https:\\\/\\\/buletin.de\\\/bucuresti\\\/#\\\/schema\\\/person\\\/87734700b2c7f8608881f7e93b8834de\",\"name\":\"Andreea Gelatu\",\"image\":{\"@type\":\"ImageObject\",\"inLanguage\":\"en-GB\",\"@id\":\"https:\\\/\\\/secure.gravatar.com\\\/avatar\\\/b716eca2f984b9b65bdd87118b4b909d940b619cbe6e8cb725fe11c1b1f4194f?s=96&d=monsterid&r=g9b5eff4996c6b842a29b3057a7b4746f\",\"url\":\"https:\\\/\\\/secure.gravatar.com\\\/avatar\\\/b716eca2f984b9b65bdd87118b4b909d940b619cbe6e8cb725fe11c1b1f4194f?s=96&d=monsterid&r=g\",\"contentUrl\":\"https:\\\/\\\/secure.gravatar.com\\\/avatar\\\/b716eca2f984b9b65bdd87118b4b909d940b619cbe6e8cb725fe11c1b1f4194f?s=96&d=monsterid&r=g\",\"caption\":\"Andreea Gelatu\"},\"url\":\"https:\\\/\\\/buletin.de\\\/bucuresti\\\/author\\\/andreeagelatu\\\/\"}]}<\/script>\n<!-- \/ Yoast SEO Premium plugin. -->","yoast_head_json":{"title":"Video | Proprietarul unui radio pirat, s\u0103ltat de poli\u021bi\u0219ti - Buletin de Bucure\u0219ti","robots":{"index":"index","follow":"follow","max-snippet":"max-snippet:-1","max-image-preview":"max-image-preview:large","max-video-preview":"max-video-preview:-1"},"canonical":"https:\/\/buletin.de\/bucuresti\/video-proprietarul-unui-radio-pirat-saltat-de-politisti\/","og_locale":"en_GB","og_type":"article","og_title":"Video | Proprietarul unui radio pirat, s\u0103ltat de poli\u021bi\u0219ti","og_description":"Un b\u0103rbat din Sectorul 4 acuzat c\u0103 emite ilegal programe radio a fost ridicat de poli\u021bi\u0219ti. Postul pirat emitea muzic\u0103, dar avea \u0219i programe \u00een care de\u021bin\u0103torul intra \u00een leg\u0103tur\u0103 direct\u0103 cu ascult\u0103torii. Poli\u021bi\u0219tii au f\u0103cut perchezi\u021bii domiciliare ast\u0103zi, 14 martie, iar b\u0103rbatul a fost dus la audieri. Anchetatorii sus\u021bin c\u0103, \u00een perioada 2021-2023, suspectul [&hellip;]","og_url":"https:\/\/buletin.de\/bucuresti\/video-proprietarul-unui-radio-pirat-saltat-de-politisti\/","og_site_name":"Buletin de Bucure\u0219ti","article_publisher":"https:\/\/www.facebook.com\/buletin.de.buc","article_published_time":"2023-03-14T09:46:20+00:00","og_image":[{"width":640,"height":426,"url":"https:\/\/buletin.de\/bucuresti\/wp-content\/uploads\/Radio.png","type":"image\/png"}],"author":"Andreea Gelatu","twitter_card":"summary_large_image","twitter_misc":{"Written by":"Andreea Gelatu","Estimated reading time":"2 minutes"},"schema":{"@context":"https:\/\/schema.org","@graph":[{"@type":"Article","@id":"https:\/\/buletin.de\/bucuresti\/video-proprietarul-unui-radio-pirat-saltat-de-politisti\/#article","isPartOf":{"@id":"https:\/\/buletin.de\/bucuresti\/video-proprietarul-unui-radio-pirat-saltat-de-politisti\/"},"author":{"name":"Andreea Gelatu","@id":"https:\/\/buletin.de\/bucuresti\/#\/schema\/person\/87734700b2c7f8608881f7e93b8834de"},"headline":"Video | Proprietarul unui radio pirat, s\u0103ltat de poli\u021bi\u0219ti","datePublished":"2023-03-14T09:46:20+00:00","mainEntityOfPage":{"@id":"https:\/\/buletin.de\/bucuresti\/video-proprietarul-unui-radio-pirat-saltat-de-politisti\/"},"wordCount":245,"publisher":{"@id":"https:\/\/buletin.de\/bucuresti\/#organization"},"image":{"@id":"https:\/\/buletin.de\/bucuresti\/video-proprietarul-unui-radio-pirat-saltat-de-politisti\/#primaryimage"},"thumbnailUrl":"https:\/\/buletin.de\/bucuresti\/wp-content\/uploads\/Radio.png","articleSection":["\u0218tiri"],"inLanguage":"en-GB","copyrightYear":"2023","copyrightHolder":{"@id":"https:\/\/buletin.de\/bucuresti\/#organization"}},{"@type":"WebPage","@id":"https:\/\/buletin.de\/bucuresti\/video-proprietarul-unui-radio-pirat-saltat-de-politisti\/","url":"https:\/\/buletin.de\/bucuresti\/video-proprietarul-unui-radio-pirat-saltat-de-politisti\/","name":"Video | Proprietarul unui radio pirat, s\u0103ltat de poli\u021bi\u0219ti - Buletin de Bucure\u0219ti","isPartOf":{"@id":"https:\/\/buletin.de\/bucuresti\/#website"},"primaryImageOfPage":{"@id":"https:\/\/buletin.de\/bucuresti\/video-proprietarul-unui-radio-pirat-saltat-de-politisti\/#primaryimage"},"image":{"@id":"https:\/\/buletin.de\/bucuresti\/video-proprietarul-unui-radio-pirat-saltat-de-politisti\/#primaryimage"},"thumbnailUrl":"https:\/\/buletin.de\/bucuresti\/wp-content\/uploads\/Radio.png","datePublished":"2023-03-14T09:46:20+00:00","breadcrumb":{"@id":"https:\/\/buletin.de\/bucuresti\/video-proprietarul-unui-radio-pirat-saltat-de-politisti\/#breadcrumb"},"inLanguage":"en-GB","potentialAction":[{"@type":"ReadAction","target":["https:\/\/buletin.de\/bucuresti\/video-proprietarul-unui-radio-pirat-saltat-de-politisti\/"]}]},{"@type":"ImageObject","inLanguage":"en-GB","@id":"https:\/\/buletin.de\/bucuresti\/video-proprietarul-unui-radio-pirat-saltat-de-politisti\/#primaryimage","url":"https:\/\/buletin.de\/bucuresti\/wp-content\/uploads\/Radio.png","contentUrl":"https:\/\/buletin.de\/bucuresti\/wp-content\/uploads\/Radio.png","width":640,"height":426},{"@type":"BreadcrumbList","@id":"https:\/\/buletin.de\/bucuresti\/video-proprietarul-unui-radio-pirat-saltat-de-politisti\/#breadcrumb","itemListElement":[{"@type":"ListItem","position":1,"name":"Acas\u0103","item":"https:\/\/buletin.de\/bucuresti\/"},{"@type":"ListItem","position":2,"name":"Video | Proprietarul unui radio pirat, s\u0103ltat de poli\u021bi\u0219ti"}]},{"@type":"WebSite","@id":"https:\/\/buletin.de\/bucuresti\/#website","url":"https:\/\/buletin.de\/bucuresti\/","name":"Buletin de Bucure\u0219ti","description":"\u0218tiri \u0219i investiga\u021bii esen\u021biale din capital\u0103","publisher":{"@id":"https:\/\/buletin.de\/bucuresti\/#organization"},"potentialAction":[{"@type":"SearchAction","target":{"@type":"EntryPoint","urlTemplate":"https:\/\/buletin.de\/bucuresti\/?s={search_term_string}"},"query-input":{"@type":"PropertyValueSpecification","valueRequired":true,"valueName":"search_term_string"}}],"inLanguage":"en-GB"},{"@type":"Organization","@id":"https:\/\/buletin.de\/bucuresti\/#organization","name":"Buletin de Bucure\u0219ti","url":"https:\/\/buletin.de\/bucuresti\/","logo":{"@type":"ImageObject","inLanguage":"en-GB","@id":"https:\/\/buletin.de\/bucuresti\/#\/schema\/logo\/image\/","url":"https:\/\/buletin.de\/bucuresti\/wp-content\/uploads\/logo-bdb-full-wide-vernil-transparent.png","contentUrl":"https:\/\/buletin.de\/bucuresti\/wp-content\/uploads\/logo-bdb-full-wide-vernil-transparent.png","width":1782,"height":626,"caption":"Buletin de Bucure\u0219ti"},"image":{"@id":"https:\/\/buletin.de\/bucuresti\/#\/schema\/logo\/image\/"},"sameAs":["https:\/\/www.facebook.com\/buletin.de.buc","https:\/\/www.instagram.com\/buletinde.bucuresti\/"]},{"@type":"Person","@id":"https:\/\/buletin.de\/bucuresti\/#\/schema\/person\/87734700b2c7f8608881f7e93b8834de","name":"Andreea Gelatu","image":{"@type":"ImageObject","inLanguage":"en-GB","@id":"https:\/\/secure.gravatar.com\/avatar\/b716eca2f984b9b65bdd87118b4b909d940b619cbe6e8cb725fe11c1b1f4194f?s=96&d=monsterid&r=g9b5eff4996c6b842a29b3057a7b4746f","url":"https:\/\/secure.gravatar.com\/avatar\/b716eca2f984b9b65bdd87118b4b909d940b619cbe6e8cb725fe11c1b1f4194f?s=96&d=monsterid&r=g","contentUrl":"https:\/\/secure.gravatar.com\/avatar\/b716eca2f984b9b65bdd87118b4b909d940b619cbe6e8cb725fe11c1b1f4194f?s=96&d=monsterid&r=g","caption":"Andreea Gelatu"},"url":"https:\/\/buletin.de\/bucuresti\/author\/andreeagelatu\/"}]}},"authors":[{"term_id":22605,"user_id":46,"is_guest":0,"slug":"andreeagelatu","display_name":"Andreea Gelatu","avatar_url":"https:\/\/secure.gravatar.com\/avatar\/b716eca2f984b9b65bdd87118b4b909d940b619cbe6e8cb725fe11c1b1f4194f?s=96&d=monsterid&r=g","0":null,"1":"","2":"","3":"","4":"","5":"","6":"","7":"","8":""}],"_links":{"self":[{"href":"https:\/\/buletin.de\/bucuresti\/wp-json\/wp\/v2\/posts\/55950","targetHints":{"allow":["GET"]}}],"collection":[{"href":"https:\/\/buletin.de\/bucuresti\/wp-json\/wp\/v2\/posts"}],"about":[{"href":"https:\/\/buletin.de\/bucuresti\/wp-json\/wp\/v2\/types\/post"}],"author":[{"embeddable":true,"href":"https:\/\/buletin.de\/bucuresti\/wp-json\/wp\/v2\/users\/46"}],"replies":[{"embeddable":true,"href":"https:\/\/buletin.de\/bucuresti\/wp-json\/wp\/v2\/comments?post=55950"}],"version-history":[{"count":5,"href":"https:\/\/buletin.de\/bucuresti\/wp-json\/wp\/v2\/posts\/55950\/revisions"}],"predecessor-version":[{"id":55962,"href":"https:\/\/buletin.de\/bucuresti\/wp-json\/wp\/v2\/posts\/55950\/revisions\/55962"}],"wp:featuredmedia":[{"embeddable":true,"href":"https:\/\/buletin.de\/bucuresti\/wp-json\/wp\/v2\/media\/55951"}],"wp:attachment":[{"href":"https:\/\/buletin.de\/bucuresti\/wp-json\/wp\/v2\/media?parent=55950"}],"wp:term":[{"taxonomy":"category","embeddable":true,"href":"https:\/\/buletin.de\/bucuresti\/wp-json\/wp\/v2\/categories?post=55950"},{"taxonomy":"post_tag","embeddable":true,"href":"https:\/\/buletin.de\/bucuresti\/wp-json\/wp\/v2\/tags?post=55950"},{"taxonomy":"author","embeddable":true,"href":"https:\/\/buletin.de\/bucuresti\/wp-json\/wp\/v2\/ppma_author?post=55950"}],"curies":[{"name":"wp","href":"https:\/\/api.w.org\/{rel}","templated":true}]}}